{"id":43397,"date":"2020-12-18T11:13:11","date_gmt":"2020-12-18T10:13:11","guid":{"rendered":"https:\/\/conversesacatalunya.cat\/?p=43397"},"modified":"2020-12-18T12:30:40","modified_gmt":"2020-12-18T11:30:40","slug":"seducidos-por-la-muerte","status":"publish","type":"post","link":"https:\/\/conversesacatalunya.cat\/es\/seducidos-por-la-muerte\/","title":{"rendered":"Seducidos por la muerte"},"content":{"rendered":"<p><em>Seducidos por la muerte<\/em> es el t\u00edtulo de un libro muy recomendable para leer y que, como se recoge en el pr\u00f3logo a la edici\u00f3n del a\u00f1o 2020, supone <strong>un material imprescindible para formarse un criterio sobre la eutanasia<\/strong> teniendo en cuenta la experiencia real de otros pa\u00edses donde la eutanasia est\u00e1 legalizada, sobre todo en Holanda, y que cuenta con las reflexiones tanto del personal sanitario como de pacientes y familiares de \u00e9stos ante esta realidad de esta pr\u00e1ctica que supone poner fin a la vida de alguien,\u00a0 desmontado falsos argumentos que se sostienen\u00a0 en este momento por parte de la sociedad espa\u00f1ola, cuando se est\u00e1 tramitando la ley de la eutanasia.<\/p>\n<p>El t\u00edtulo de este libro refleja muy bien el atractivo que presenta para parte de nuestra sociedad la existencia de un derecho a morir, porque sin lugar a duda esta ley supondr\u00e1 provocar la muerte m\u00e9dicamente asistida, lo que <strong>conllevar\u00e1 una cobertura jur\u00eddica a la asistencia m\u00e9dica a aquellas personas que soliciten se termine con su vida y cumplan con los requisitos que se fijen en la ley<\/strong>.<\/p>\n<p>Esta ley en cuanto se apruebe supondr\u00e1 para sus partidarios, que <strong>Espa\u00f1a pasar\u00e1 a ser el quinto pa\u00eds del mundo con la legislaci\u00f3n m\u00e1s avanzada en esta materia tras Holanda, B\u00e9lgica, Luxemburgo y Canad\u00e1,<\/strong> formando parte de las prestaciones p\u00fablicas de nuestro sistema sanitario, en un no querer asumir\u00a0 que la vida humana no es un bien a disposici\u00f3n de nadie.<\/p>\n<p>Para la otra parte de nuestra sociedad, Espa\u00f1a pasar\u00e1 a formar parte de los pa\u00edses a la cabeza en apostar por la cultura de la muerte, que <strong>opta por invertir en muerte en lugar de invertir en cuidados paliativos de calidad para todos<\/strong>, evidentemente de mayor coste econ\u00f3mico que aliviar\u00edan el sufrimiento hasta el momento de la muerte natural.<\/p>\n<p>La seducci\u00f3n y la ca\u00eda en la misma es clara: primero legislamos para matar, despu\u00e9s ya veremos c\u00f3mo y cu\u00e1ndo legislamos sobre medicina paliativa.<\/p>\n<span class='bctt-click-to-tweet'><span class='bctt-ctt-text'><a href='https:\/\/twitter.com\/intent\/tweet?url=https%3A%2F%2Fconversesacatalunya.cat%2Fes%2Fseducidos-por-la-muerte%2F&#038;text=El%20t%C3%ADtulo%20de%20este%20libro%20refleja%20muy%20bien%20el%20atractivo%20que%20presenta%20para%20parte%20de%20nuestra%20sociedad%20la%20existencia%20de%20un%20derecho%20a%20morir&#038;via=conversesacat&#038;related=conversesacat' target='_blank'rel=\"noopener noreferrer\">El t\u00edtulo de este libro refleja muy bien el atractivo que presenta para parte de nuestra sociedad la existencia de un derecho a morir <\/a><\/span><a href='https:\/\/twitter.com\/intent\/tweet?url=https%3A%2F%2Fconversesacatalunya.cat%2Fes%2Fseducidos-por-la-muerte%2F&#038;text=El%20t%C3%ADtulo%20de%20este%20libro%20refleja%20muy%20bien%20el%20atractivo%20que%20presenta%20para%20parte%20de%20nuestra%20sociedad%20la%20existencia%20de%20un%20derecho%20a%20morir&#038;via=conversesacat&#038;related=conversesacat' target='_blank' class='bctt-ctt-btn'rel=\"noopener noreferrer\">Compartir en X<\/a><\/span>\n<div id=\"polls-84\" class=\"wp-polls\">\n\t<form id=\"polls_form_84\" class=\"wp-polls-form\" action=\"\/index.php\" method=\"post\">\n\t\t<p style=\"display: none;\"><input type=\"hidden\" id=\"poll_84_nonce\" name=\"wp-polls-nonce\" value=\"c21175f3cd\" \/><\/p>\n\t\t<p style=\"display: none;\"><input type=\"hidden\" name=\"poll_id\" value=\"84\" \/><\/p>\n\t\t<p style=\"text-align: center\"><strong>Els Punts Claus de Converses a Catalunya sempre van rotant. Voldries que quedessin fixes en pantalla els tres punts claus que es publiquen cada dia?<\/strong><\/p><div id=\"polls-84-ans\" class=\"wp-polls-ans\"><ul class=\"wp-polls-ul\">\n\t\t<li><input type=\"radio\" id=\"poll-answer-190\" name=\"poll_84\" value=\"190\" \/> <label for=\"poll-answer-190\">Si<\/label><\/li>\n\t\t<li><input type=\"radio\" id=\"poll-answer-191\" name=\"poll_84\" value=\"191\" \/> <label for=\"poll-answer-191\">No<\/label><\/li>\n\t\t<li><input type=\"radio\" id=\"poll-answer-192\" name=\"poll_84\" value=\"192\" \/> <label for=\"poll-answer-192\">M'\u00e9s indiferent<\/label><\/li>\n\t\t<\/ul><p style=\"text-align: center\"><input type=\"button\" name=\"vote\" value=\"   Vota   \" class=\"Buttons\" onclick=\"poll_vote(84);\" \/><\/p><p style=\"text-align: center\"><a href=\"#ViewPollResults\" onclick=\"poll_result(84); return false;\" title=\"View Results Of This Poll\">Mira els resultats<\/a><\/p><\/div>\n\t<\/form>\n<\/div>\n<div id=\"polls-84-loading\" class=\"wp-polls-loading\"><img decoding=\"async\" data-src=\"https:\/\/conversesacatalunya.cat\/wp-content\/plugins\/wp-polls\/images\/loading.gif\" width=\"16\" height=\"16\" alt=\"Cargando ...\" title=\"Cargando ...\" class=\"wp-polls-image lazyload\" src=\"data:image\/svg+xml;base64,PHN2ZyB3aWR0aD0iMSIgaGVpZ2h0PSIxIiB4bWxucz0iaHR0cDovL3d3dy53My5vcmcvMjAwMC9zdmciPjwvc3ZnPg==\" style=\"--smush-placeholder-width: 16px; --smush-placeholder-aspect-ratio: 16\/16;\" \/>&nbsp;Cargando ...<\/div>\n\n","protected":false},"excerpt":{"rendered":"<p>Seducidos por la muerte es el t\u00edtulo de un libro muy recomendable para leer y que, como se recoge en el pr\u00f3logo a la edici\u00f3n del a\u00f1o 2020, supone un material imprescindible para formarse un criterio sobre la eutanasia teniendo en cuenta la experiencia real de otros pa\u00edses donde la eutanasia est\u00e1 legalizada, sobre todo en Holanda, y que cuenta con las reflexiones tanto del personal sanitario como de pacientes y familiares de \u00e9stos ante esta realidad de esta pr\u00e1ctica que supone poner fin a la vida de alguien,\u00a0 desmontado falsos argumentos que se sostienen\u00a0 en este momento por parte de la sociedad espa\u00f1ola, cuando se est\u00e1 tramitando la ley de la eutanasia. El t\u00edtulo de este libro refleja muy bien el atractivo que presenta para parte de nuestra sociedad la existencia de un derecho a morir, porque sin lugar a duda esta ley supondr\u00e1 provocar la muerte m\u00e9dicamente asistida, lo que conllevar\u00e1 una cobertura jur\u00eddica a la asistencia m\u00e9dica a aquellas personas que soliciten se termine con su vida y cumplan con los requisitos que se fijen en la ley. Esta ley en cuanto se apruebe supondr\u00e1 para sus partidarios, que Espa\u00f1a pasar\u00e1 a ser el quinto pa\u00eds del mundo con la legislaci\u00f3n m\u00e1s avanzada en esta materia tras Holanda, B\u00e9lgica, Luxemburgo y Canad\u00e1, formando parte de las prestaciones p\u00fablicas de nuestro sistema sanitario, en un no querer asumir\u00a0 que la vida humana no es un bien a disposici\u00f3n de nadie. Para la otra parte de nuestra sociedad, Espa\u00f1a pasar\u00e1 a formar parte de los pa\u00edses a la cabeza en apostar por la cultura de la muerte, que opta por invertir en muerte en lugar de invertir en cuidados paliativos de calidad para todos, evidentemente de mayor coste econ\u00f3mico que aliviar\u00edan el sufrimiento hasta el momento de la muerte natural. La seducci\u00f3n y la ca\u00eda en la misma es clara: primero legislamos para matar, despu\u00e9s ya veremos c\u00f3mo y cu\u00e1ndo legislamos sobre medicina paliativa.<\/p>\n","protected":false},"author":37,"featured_media":43399,"comment_status":"open","ping_status":"open","sticky":false,"template":"","format":"standard","meta":{"_FSMCFIC_featured_image_caption":"","_FSMCFIC_featured_image_nocaption":"","_FSMCFIC_featured_image_hide":"","footnotes":""},"categories":[804],"tags":[2622,1581],"class_list":["post-43397","post","type-post","status-publish","format-standard","has-post-thumbnail","hentry","category-opinem-es","tag-derecho-a-decidir","tag-eutanasia-es"],"yoast_head":"<!-- This site is optimized with the Yoast SEO plugin v26.8 - https:\/\/yoast.com\/product\/yoast-seo-wordpress\/ -->\n<title>Seducidos por la muerte - Converses a Catalunya<\/title>\n<meta name=\"robots\" content=\"noindex, nofollow\" \/>\n<meta property=\"og:locale\" content=\"es_ES\" \/>\n<meta property=\"og:type\" content=\"article\" \/>\n<meta property=\"og:title\" content=\"Seducidos por la muerte - Converses a Catalunya\" \/>\n<meta property=\"og:description\" content=\"Seducidos por la muerte es el t\u00edtulo de un libro muy recomendable para leer y que, como se recoge en el pr\u00f3logo a la edici\u00f3n del a\u00f1o 2020, supone un material imprescindible para formarse un criterio sobre la eutanasia teniendo en cuenta la experiencia real de otros pa\u00edses donde la eutanasia est\u00e1 legalizada, sobre todo en Holanda, y que cuenta con las reflexiones tanto del personal sanitario como de pacientes y familiares de \u00e9stos ante esta realidad de esta pr\u00e1ctica que supone poner fin a la vida de alguien,\u00a0 desmontado falsos argumentos que se sostienen\u00a0 en este momento por parte de la sociedad espa\u00f1ola, cuando se est\u00e1 tramitando la ley de la eutanasia. El t\u00edtulo de este libro refleja muy bien el atractivo que presenta para parte de nuestra sociedad la existencia de un derecho a morir, porque sin lugar a duda esta ley supondr\u00e1 provocar la muerte m\u00e9dicamente asistida, lo que conllevar\u00e1 una cobertura jur\u00eddica a la asistencia m\u00e9dica a aquellas personas que soliciten se termine con su vida y cumplan con los requisitos que se fijen en la ley. Esta ley en cuanto se apruebe supondr\u00e1 para sus partidarios, que Espa\u00f1a pasar\u00e1 a ser el quinto pa\u00eds del mundo con la legislaci\u00f3n m\u00e1s avanzada en esta materia tras Holanda, B\u00e9lgica, Luxemburgo y Canad\u00e1, formando parte de las prestaciones p\u00fablicas de nuestro sistema sanitario, en un no querer asumir\u00a0 que la vida humana no es un bien a disposici\u00f3n de nadie. Para la otra parte de nuestra sociedad, Espa\u00f1a pasar\u00e1 a formar parte de los pa\u00edses a la cabeza en apostar por la cultura de la muerte, que opta por invertir en muerte en lugar de invertir en cuidados paliativos de calidad para todos, evidentemente de mayor coste econ\u00f3mico que aliviar\u00edan el sufrimiento hasta el momento de la muerte natural. La seducci\u00f3n y la ca\u00eda en la misma es clara: primero legislamos para matar, despu\u00e9s ya veremos c\u00f3mo y cu\u00e1ndo legislamos sobre medicina paliativa.\" \/>\n<meta property=\"og:url\" content=\"https:\/\/conversesacatalunya.cat\/es\/seducidos-por-la-muerte\/\" \/>\n<meta property=\"og:site_name\" content=\"Converses a Catalunya\" \/>\n<meta property=\"article:published_time\" content=\"2020-12-18T10:13:11+00:00\" \/>\n<meta property=\"article:modified_time\" content=\"2020-12-18T11:30:40+00:00\" \/>\n<meta property=\"og:image\" content=\"https:\/\/conversesacatalunya.cat\/wp-content\/uploads\/2020\/12\/derecho-a-morir.jpg\" \/>\n\t<meta property=\"og:image:width\" content=\"620\" \/>\n\t<meta property=\"og:image:height\" content=\"368\" \/>\n\t<meta property=\"og:image:type\" content=\"image\/jpeg\" \/>\n<meta name=\"author\" content=\"Grupo Are\u00f3pago\" \/>\n<meta name=\"twitter:card\" content=\"summary_large_image\" \/>\n<meta name=\"twitter:label1\" content=\"Escrito por\" \/>\n\t<meta name=\"twitter:data1\" content=\"Grupo Are\u00f3pago\" \/>\n\t<meta name=\"twitter:label2\" content=\"Tiempo de lectura\" \/>\n\t<meta name=\"twitter:data2\" content=\"2 minutos\" \/>\n<script type=\"application\/ld+json\" class=\"yoast-schema-graph\">{\"@context\":\"https:\/\/schema.org\",\"@graph\":[{\"@type\":\"Article\",\"@id\":\"https:\/\/conversesacatalunya.cat\/es\/seducidos-por-la-muerte\/#article\",\"isPartOf\":{\"@id\":\"https:\/\/conversesacatalunya.cat\/es\/seducidos-por-la-muerte\/\"},\"author\":{\"name\":\"Grupo Are\u00f3pago\",\"@id\":\"https:\/\/conversesacatalunya.cat\/#\/schema\/person\/1d194d61c951d01e076c5fbdb94140ac\"},\"headline\":\"Seducidos por la muerte\",\"datePublished\":\"2020-12-18T10:13:11+00:00\",\"dateModified\":\"2020-12-18T11:30:40+00:00\",\"mainEntityOfPage\":{\"@id\":\"https:\/\/conversesacatalunya.cat\/es\/seducidos-por-la-muerte\/\"},\"wordCount\":386,\"commentCount\":0,\"image\":{\"@id\":\"https:\/\/conversesacatalunya.cat\/es\/seducidos-por-la-muerte\/#primaryimage\"},\"thumbnailUrl\":\"https:\/\/conversesacatalunya.cat\/wp-content\/uploads\/2020\/12\/derecho-a-morir.jpg\",\"keywords\":[\"Derecho a decidir\",\"Eutan\u00e0sia\"],\"articleSection\":[\"Opinem (ES)\"],\"inLanguage\":\"es\",\"potentialAction\":[{\"@type\":\"CommentAction\",\"name\":\"Comment\",\"target\":[\"https:\/\/conversesacatalunya.cat\/es\/seducidos-por-la-muerte\/#respond\"]}]},{\"@type\":\"WebPage\",\"@id\":\"https:\/\/conversesacatalunya.cat\/es\/seducidos-por-la-muerte\/\",\"url\":\"https:\/\/conversesacatalunya.cat\/es\/seducidos-por-la-muerte\/\",\"name\":\"Seducidos por la muerte - Converses a Catalunya\",\"isPartOf\":{\"@id\":\"https:\/\/conversesacatalunya.cat\/#website\"},\"primaryImageOfPage\":{\"@id\":\"https:\/\/conversesacatalunya.cat\/es\/seducidos-por-la-muerte\/#primaryimage\"},\"image\":{\"@id\":\"https:\/\/conversesacatalunya.cat\/es\/seducidos-por-la-muerte\/#primaryimage\"},\"thumbnailUrl\":\"https:\/\/conversesacatalunya.cat\/wp-content\/uploads\/2020\/12\/derecho-a-morir.jpg\",\"datePublished\":\"2020-12-18T10:13:11+00:00\",\"dateModified\":\"2020-12-18T11:30:40+00:00\",\"author\":{\"@id\":\"https:\/\/conversesacatalunya.cat\/#\/schema\/person\/1d194d61c951d01e076c5fbdb94140ac\"},\"breadcrumb\":{\"@id\":\"https:\/\/conversesacatalunya.cat\/es\/seducidos-por-la-muerte\/#breadcrumb\"},\"inLanguage\":\"es\",\"potentialAction\":[{\"@type\":\"ReadAction\",\"target\":[\"https:\/\/conversesacatalunya.cat\/es\/seducidos-por-la-muerte\/\"]}]},{\"@type\":\"ImageObject\",\"inLanguage\":\"es\",\"@id\":\"https:\/\/conversesacatalunya.cat\/es\/seducidos-por-la-muerte\/#primaryimage\",\"url\":\"https:\/\/conversesacatalunya.cat\/wp-content\/uploads\/2020\/12\/derecho-a-morir.jpg\",\"contentUrl\":\"https:\/\/conversesacatalunya.cat\/wp-content\/uploads\/2020\/12\/derecho-a-morir.jpg\",\"width\":620,\"height\":368,\"caption\":\"derecho a morir\"},{\"@type\":\"BreadcrumbList\",\"@id\":\"https:\/\/conversesacatalunya.cat\/es\/seducidos-por-la-muerte\/#breadcrumb\",\"itemListElement\":[{\"@type\":\"ListItem\",\"position\":1,\"name\":\"Inici\",\"item\":\"https:\/\/conversesacatalunya.cat\/es\/\"},{\"@type\":\"ListItem\",\"position\":2,\"name\":\"Seducidos por la muerte\"}]},{\"@type\":\"WebSite\",\"@id\":\"https:\/\/conversesacatalunya.cat\/#website\",\"url\":\"https:\/\/conversesacatalunya.cat\/\",\"name\":\"Converses a Catalunya\",\"description\":\"\",\"potentialAction\":[{\"@type\":\"SearchAction\",\"target\":{\"@type\":\"EntryPoint\",\"urlTemplate\":\"https:\/\/conversesacatalunya.cat\/?s={search_term_string}\"},\"query-input\":{\"@type\":\"PropertyValueSpecification\",\"valueRequired\":true,\"valueName\":\"search_term_string\"}}],\"inLanguage\":\"es\"},{\"@type\":\"Person\",\"@id\":\"https:\/\/conversesacatalunya.cat\/#\/schema\/person\/1d194d61c951d01e076c5fbdb94140ac\",\"name\":\"Grupo Are\u00f3pago\",\"image\":{\"@type\":\"ImageObject\",\"inLanguage\":\"es\",\"@id\":\"https:\/\/conversesacatalunya.cat\/#\/schema\/person\/image\/\",\"url\":\"https:\/\/conversesacatalunya.cat\/wp-content\/litespeed\/avatar\/ac3a7e39f4e8c98c3093cb7bfd60fb06.jpg?ver=1777384627\",\"contentUrl\":\"https:\/\/conversesacatalunya.cat\/wp-content\/litespeed\/avatar\/ac3a7e39f4e8c98c3093cb7bfd60fb06.jpg?ver=1777384627\",\"caption\":\"Grupo Are\u00f3pago\"},\"url\":\"https:\/\/conversesacatalunya.cat\/es\/author\/grupo-areopago\/\"}]}<\/script>\n<!-- \/ Yoast SEO plugin. -->","yoast_head_json":{"title":"Seducidos por la muerte - Converses a Catalunya","robots":{"index":"noindex","follow":"nofollow"},"og_locale":"es_ES","og_type":"article","og_title":"Seducidos por la muerte - Converses a Catalunya","og_description":"Seducidos por la muerte es el t\u00edtulo de un libro muy recomendable para leer y que, como se recoge en el pr\u00f3logo a la edici\u00f3n del a\u00f1o 2020, supone un material imprescindible para formarse un criterio sobre la eutanasia teniendo en cuenta la experiencia real de otros pa\u00edses donde la eutanasia est\u00e1 legalizada, sobre todo en Holanda, y que cuenta con las reflexiones tanto del personal sanitario como de pacientes y familiares de \u00e9stos ante esta realidad de esta pr\u00e1ctica que supone poner fin a la vida de alguien,\u00a0 desmontado falsos argumentos que se sostienen\u00a0 en este momento por parte de la sociedad espa\u00f1ola, cuando se est\u00e1 tramitando la ley de la eutanasia. El t\u00edtulo de este libro refleja muy bien el atractivo que presenta para parte de nuestra sociedad la existencia de un derecho a morir, porque sin lugar a duda esta ley supondr\u00e1 provocar la muerte m\u00e9dicamente asistida, lo que conllevar\u00e1 una cobertura jur\u00eddica a la asistencia m\u00e9dica a aquellas personas que soliciten se termine con su vida y cumplan con los requisitos que se fijen en la ley. Esta ley en cuanto se apruebe supondr\u00e1 para sus partidarios, que Espa\u00f1a pasar\u00e1 a ser el quinto pa\u00eds del mundo con la legislaci\u00f3n m\u00e1s avanzada en esta materia tras Holanda, B\u00e9lgica, Luxemburgo y Canad\u00e1, formando parte de las prestaciones p\u00fablicas de nuestro sistema sanitario, en un no querer asumir\u00a0 que la vida humana no es un bien a disposici\u00f3n de nadie. Para la otra parte de nuestra sociedad, Espa\u00f1a pasar\u00e1 a formar parte de los pa\u00edses a la cabeza en apostar por la cultura de la muerte, que opta por invertir en muerte en lugar de invertir en cuidados paliativos de calidad para todos, evidentemente de mayor coste econ\u00f3mico que aliviar\u00edan el sufrimiento hasta el momento de la muerte natural. La seducci\u00f3n y la ca\u00eda en la misma es clara: primero legislamos para matar, despu\u00e9s ya veremos c\u00f3mo y cu\u00e1ndo legislamos sobre medicina paliativa.","og_url":"https:\/\/conversesacatalunya.cat\/es\/seducidos-por-la-muerte\/","og_site_name":"Converses a Catalunya","article_published_time":"2020-12-18T10:13:11+00:00","article_modified_time":"2020-12-18T11:30:40+00:00","og_image":[{"width":620,"height":368,"url":"https:\/\/conversesacatalunya.cat\/wp-content\/uploads\/2020\/12\/derecho-a-morir.jpg","type":"image\/jpeg"}],"author":"Grupo Are\u00f3pago","twitter_card":"summary_large_image","twitter_misc":{"Escrito por":"Grupo Are\u00f3pago","Tiempo de lectura":"2 minutos"},"schema":{"@context":"https:\/\/schema.org","@graph":[{"@type":"Article","@id":"https:\/\/conversesacatalunya.cat\/es\/seducidos-por-la-muerte\/#article","isPartOf":{"@id":"https:\/\/conversesacatalunya.cat\/es\/seducidos-por-la-muerte\/"},"author":{"name":"Grupo Are\u00f3pago","@id":"https:\/\/conversesacatalunya.cat\/#\/schema\/person\/1d194d61c951d01e076c5fbdb94140ac"},"headline":"Seducidos por la muerte","datePublished":"2020-12-18T10:13:11+00:00","dateModified":"2020-12-18T11:30:40+00:00","mainEntityOfPage":{"@id":"https:\/\/conversesacatalunya.cat\/es\/seducidos-por-la-muerte\/"},"wordCount":386,"commentCount":0,"image":{"@id":"https:\/\/conversesacatalunya.cat\/es\/seducidos-por-la-muerte\/#primaryimage"},"thumbnailUrl":"https:\/\/conversesacatalunya.cat\/wp-content\/uploads\/2020\/12\/derecho-a-morir.jpg","keywords":["Derecho a decidir","Eutan\u00e0sia"],"articleSection":["Opinem (ES)"],"inLanguage":"es","potentialAction":[{"@type":"CommentAction","name":"Comment","target":["https:\/\/conversesacatalunya.cat\/es\/seducidos-por-la-muerte\/#respond"]}]},{"@type":"WebPage","@id":"https:\/\/conversesacatalunya.cat\/es\/seducidos-por-la-muerte\/","url":"https:\/\/conversesacatalunya.cat\/es\/seducidos-por-la-muerte\/","name":"Seducidos por la muerte - Converses a Catalunya","isPartOf":{"@id":"https:\/\/conversesacatalunya.cat\/#website"},"primaryImageOfPage":{"@id":"https:\/\/conversesacatalunya.cat\/es\/seducidos-por-la-muerte\/#primaryimage"},"image":{"@id":"https:\/\/conversesacatalunya.cat\/es\/seducidos-por-la-muerte\/#primaryimage"},"thumbnailUrl":"https:\/\/conversesacatalunya.cat\/wp-content\/uploads\/2020\/12\/derecho-a-morir.jpg","datePublished":"2020-12-18T10:13:11+00:00","dateModified":"2020-12-18T11:30:40+00:00","author":{"@id":"https:\/\/conversesacatalunya.cat\/#\/schema\/person\/1d194d61c951d01e076c5fbdb94140ac"},"breadcrumb":{"@id":"https:\/\/conversesacatalunya.cat\/es\/seducidos-por-la-muerte\/#breadcrumb"},"inLanguage":"es","potentialAction":[{"@type":"ReadAction","target":["https:\/\/conversesacatalunya.cat\/es\/seducidos-por-la-muerte\/"]}]},{"@type":"ImageObject","inLanguage":"es","@id":"https:\/\/conversesacatalunya.cat\/es\/seducidos-por-la-muerte\/#primaryimage","url":"https:\/\/conversesacatalunya.cat\/wp-content\/uploads\/2020\/12\/derecho-a-morir.jpg","contentUrl":"https:\/\/conversesacatalunya.cat\/wp-content\/uploads\/2020\/12\/derecho-a-morir.jpg","width":620,"height":368,"caption":"derecho a morir"},{"@type":"BreadcrumbList","@id":"https:\/\/conversesacatalunya.cat\/es\/seducidos-por-la-muerte\/#breadcrumb","itemListElement":[{"@type":"ListItem","position":1,"name":"Inici","item":"https:\/\/conversesacatalunya.cat\/es\/"},{"@type":"ListItem","position":2,"name":"Seducidos por la muerte"}]},{"@type":"WebSite","@id":"https:\/\/conversesacatalunya.cat\/#website","url":"https:\/\/conversesacatalunya.cat\/","name":"Converses a Catalunya","description":"","potentialAction":[{"@type":"SearchAction","target":{"@type":"EntryPoint","urlTemplate":"https:\/\/conversesacatalunya.cat\/?s={search_term_string}"},"query-input":{"@type":"PropertyValueSpecification","valueRequired":true,"valueName":"search_term_string"}}],"inLanguage":"es"},{"@type":"Person","@id":"https:\/\/conversesacatalunya.cat\/#\/schema\/person\/1d194d61c951d01e076c5fbdb94140ac","name":"Grupo Are\u00f3pago","image":{"@type":"ImageObject","inLanguage":"es","@id":"https:\/\/conversesacatalunya.cat\/#\/schema\/person\/image\/","url":"https:\/\/conversesacatalunya.cat\/wp-content\/litespeed\/avatar\/ac3a7e39f4e8c98c3093cb7bfd60fb06.jpg?ver=1777384627","contentUrl":"https:\/\/conversesacatalunya.cat\/wp-content\/litespeed\/avatar\/ac3a7e39f4e8c98c3093cb7bfd60fb06.jpg?ver=1777384627","caption":"Grupo Are\u00f3pago"},"url":"https:\/\/conversesacatalunya.cat\/es\/author\/grupo-areopago\/"}]}},"wps_subtitle":"Espa\u00f1a pasar\u00e1 a ser el quinto pa\u00eds del mundo con la legislaci\u00f3n m\u00e1s avanzada en esta materia tras Holanda, B\u00e9lgica, Luxemburgo y Canad\u00e1","_links":{"self":[{"href":"https:\/\/conversesacatalunya.cat\/es\/wp-json\/wp\/v2\/posts\/43397","targetHints":{"allow":["GET"]}}],"collection":[{"href":"https:\/\/conversesacatalunya.cat\/es\/wp-json\/wp\/v2\/posts"}],"about":[{"href":"https:\/\/conversesacatalunya.cat\/es\/wp-json\/wp\/v2\/types\/post"}],"author":[{"embeddable":true,"href":"https:\/\/conversesacatalunya.cat\/es\/wp-json\/wp\/v2\/users\/37"}],"replies":[{"embeddable":true,"href":"https:\/\/conversesacatalunya.cat\/es\/wp-json\/wp\/v2\/comments?post=43397"}],"version-history":[{"count":2,"href":"https:\/\/conversesacatalunya.cat\/es\/wp-json\/wp\/v2\/posts\/43397\/revisions"}],"predecessor-version":[{"id":43401,"href":"https:\/\/conversesacatalunya.cat\/es\/wp-json\/wp\/v2\/posts\/43397\/revisions\/43401"}],"wp:featuredmedia":[{"embeddable":true,"href":"https:\/\/conversesacatalunya.cat\/es\/wp-json\/wp\/v2\/media\/43399"}],"wp:attachment":[{"href":"https:\/\/conversesacatalunya.cat\/es\/wp-json\/wp\/v2\/media?parent=43397"}],"wp:term":[{"taxonomy":"category","embeddable":true,"href":"https:\/\/conversesacatalunya.cat\/es\/wp-json\/wp\/v2\/categories?post=43397"},{"taxonomy":"post_tag","embeddable":true,"href":"https:\/\/conversesacatalunya.cat\/es\/wp-json\/wp\/v2\/tags?post=43397"}],"curies":[{"name":"wp","href":"https:\/\/api.w.org\/{rel}","templated":true}]}}