{"id":43380,"date":"2020-12-17T16:20:12","date_gmt":"2020-12-17T15:20:12","guid":{"rendered":"https:\/\/conversesacatalunya.cat\/la-vacuna-covid-una-esperanca-raonable-pero-no-cega\/"},"modified":"2020-12-17T16:44:46","modified_gmt":"2020-12-17T15:44:46","slug":"la-vacuna-covid-una-esperanza-razonable-pero-no-ciega","status":"publish","type":"post","link":"https:\/\/conversesacatalunya.cat\/es\/la-vacuna-covid-una-esperanza-razonable-pero-no-ciega\/","title":{"rendered":"La vacuna Covid: una esperanza razonable, pero no ciega"},"content":{"rendered":"<p><span>Cada vez que se aflojan las restricciones, la Covid-19 se dispara. Lo estamos viendo ahora y eso hace que la previsi\u00f3n para la Navidad no sea nada buena. Hay adem\u00e1s el temor creciente a <\/span><strong><span>una tercera ola<\/span><\/strong><span> que afecte a\u00fan m\u00e1s al sistema hospitalario con una capacidad insuficiente por la presencia de enfermos de la actual ola. A pesar de este hecho, resulta llamativa la circunstancia de que Espa\u00f1a, a diferencia de otros pa\u00edses, no haya puesto en marcha ninguna comisi\u00f3n independiente para examinar los errores cometidos que dan lugar a esta reiteraci\u00f3n de la epidemia. Que ahora las cifras espa\u00f1olas no sean las peores de Europa no es un consuelo, porque s\u00f3lo significa que estamos en un punto diferente de la curva en forma de dientes de sierra en la que se mueve la Covid-19.<\/span><\/p>\n<p><span>Hemos conocido la segunda encuesta de seroprevalencia y en base a ella se puede constatar que la inmunidad en general a\u00fan es baja. En Catalu\u00f1a, en Lleida, Barcelona y Girona las cifras se mueven\u00a0<\/span><strong><span>entre el 11,4 y el 12,4%<\/span><\/strong><span>\u00a0de personas inmunizadas, mientras que en Tarragona la magnitud es mucho m\u00e1s baja, s\u00f3lo\u00a0<\/span><strong><span>del 5,6%. Madrid con el 18,6% y<\/span><\/strong><span> de hecho las dos Castillas, especialmente Castilla-La Mancha, son los territorios que presentan un mayor \u00edndice de personas que han pasado la enfermedad y su organismo presenta anticuerpos. Todo ello se\u00f1ala una cifra muy baja para frenar la Covid-19. Se calcula que la inmunidad colectiva se alcanza como m\u00ednimo a <\/span><strong><span>partir del 60% <\/span><\/strong><span>de la poblaci\u00f3n que re\u00fana esta condici\u00f3n, y con mucha m\u00e1s certeza a partir del 70%.\u00a0Estamos, por tanto, lejos de esta cifra.\u00a0El gobierno S\u00e1nchez que, como los otros de Europa, ha anunciado que a principios de enero comenzar\u00eda la vacunaci\u00f3n, prev\u00e9 que al llegar el verano se habr\u00e1n vacunado\u00a0<\/span><strong><span>21 millones de personas<\/span><\/strong><span>\u00a0.\u00a0No est\u00e1 nada claro que esta cifra sea fruto de un c\u00e1lculo basado en la log\u00edstica porque m\u00e1s bien parece un objetivo a alcanzar de car\u00e1cter estrat\u00e9gico, porque 21 millones de personas a\u00f1adidas al nivel de inmunidad actual situar\u00eda a la poblaci\u00f3n espa\u00f1ola entorno a aquel 60% necesario para frenar la propagaci\u00f3n. Ya veremos.<\/span><\/p>\n<p><span>En todo caso, la entrada en juego de la vacuna puede operar una transformaci\u00f3n absolutamente necesaria para reparar la situaci\u00f3n de la econom\u00eda, a pesar de que voces esc\u00e9pticas consideran que su introducci\u00f3n, en todo caso, servir\u00e1 para salvar la Navidad &#8230; del a\u00f1o que viene.<\/span><\/p>\n<p><span>La vacuna es la gran esperanza, pero hay que asumir sus imponderables, sobre todo el hecho de la velocidad con que ha sido conseguida, que conlleva que empecemos a utilizarla a pesar de la existencia de importantes interrogantes:<\/span><\/p>\n<p><span>El primero de ellos es saber si\u00a0<\/span><strong><span>evitan la transmisi\u00f3n del virus por parte de la persona vacunada<\/span><\/strong><span>. Una cosa es que una persona haya quedado inmunizada y no sufra los efectos de la enfermedad, y otra que el virus desaparezca de su organismo suficientemente r\u00e1pido como para que no pueda contagiar a otras personas. Son dos condiciones necesarias. Si las dos no se dan, los efectos de la vacuna ser\u00e1n limitados. Proteger\u00e1, pero no evitar\u00e1 todos los contagios.<\/span><\/p>\n<p><span>Un segundo punto decisivo es que se\u00a0<\/span><strong><span>desconoce la duraci\u00f3n de la protecci\u00f3n<\/span><\/strong><span>. Es l\u00f3gico, todo ha ido tan deprisa que es imposible decir que la vacuna puede proteger un a\u00f1o o seis meses, o lo que sea. Si esta fuera inicialmente corta, nos encontrar\u00edamos con el hecho de unas vacunas caras pero que tienen una duraci\u00f3n limitada en el tiempo. Saber qu\u00e9 funcionar\u00e1n mejor o peor en este sentido ahora s\u00f3lo lo podremos llegar a averiguar a trav\u00e9s de la pr\u00e1ctica.<\/span><\/p>\n<p><span>Hay todav\u00eda un tercer factor no poco importante que es el\u00a0<\/span><strong><span>de la reacci\u00f3n a largo plazo<\/span><\/strong><span>.\u00a0Interesa especialmente si puede tener alg\u00fan efecto o no en la respuesta inmune del organismo, porque se sabe que precisamente uno de los problemas de la Covid-19 es que provoca una tormenta inmunitaria grave al excitar las citoquinas, y que es uno de los factores de mortalidad de la pandemia. Previsiblemente, este sea un riesgo muy limitado, pero se ha de observar. Los expertos recuerdan los efectos de la\u00a0<\/span><strong><span>vacuna de Sanofi contra el dengue<\/span><\/strong><span>.\u00a0Una vez inyectada proteg\u00eda contra esta epidemia a las personas que se infectaban por primera vez, pero en algunas de las que recib\u00edan una segunda infecci\u00f3n el resultado era el de provocar una enfermedad grave. Hay que recordar que esto se produc\u00eda en una fecha tan cercana como el <\/span><strong><span>2017.<\/span><\/strong><\/p>\n<p><span>Es bueno que haya varias opciones de vacuna porque ser\u00e1 la \u00fanica manera de verificar cu\u00e1les funcionan mejor y sobre qu\u00e9 tipo de poblaci\u00f3n. Por esta raz\u00f3n no se entiende la oposici\u00f3n de la UE a la\u00a0<\/span><strong><span>vacuna rusa Sputnik-5<\/span><\/strong><span>\u00a0que parece funcionar muy bien (Hungr\u00eda la ha preferido a las europeas), y que tiene un coste mucho m\u00e1s bajo. Deber\u00eda ser una llamada de atenci\u00f3n y merecer\u00eda una atenci\u00f3n de las autoridades europeas para que la empresa brit\u00e1nica\u00a0<\/span><strong><span>AstraZeneca<\/span><\/strong><span>\u00a0que desarrolla la vacuna junto con la Universidad\u00a0<\/span><strong><span>de Oxford<\/span><\/strong><span>\u00a0y que est\u00e1 dentro del cat\u00e1logo de las vacunas adquiridas por la UE,\u00a0<\/span><strong><span>ha establecido un acuerdo con Rusia<\/span><\/strong><span>\u00a0para mejorar la eficacia de la vacuna brit\u00e1nica y superar alguno de los cuestionamientos de sus resultados. Consideran que \u00ab<\/span><em><span>la utilizaci\u00f3n de dos vectores diferentes en las dos inyecciones vacunales tendr\u00e1 una eficacia mayor que utilizar el mismo vector en las dos dosis\u00bb<\/span><\/em><span>.\u00a0Sea como sea, la vacuna rusa est\u00e1 aqu\u00ed y su precio de menos de 10 d\u00f3lares es hasta tres veces inferior al de las vacunas que podemos utilizar, y adem\u00e1s puede ser liofilizada, lo que ofrece una gran ventaja log\u00edstica y elimina la necesidad de transporte a temperaturas muy bajas.<\/span><\/p>\n<p><span>La posici\u00f3n contra todo lo que hace Rusia desde la UE sobrepasa ya los l\u00edmites de lo razonable y entra peligrosamente en el terreno del sectarismo ideol\u00f3gico, que en este caso juega contra el inter\u00e9s de la salud p\u00fablica de los ciudadanos europeos.<\/span><\/p>\n<p style=\"text-align: center;\">M\u00e1s informaci\u00f3n sobre el coronavirus en <a href=\"https:\/\/conversesacatalunya.cat\/es\/coronavirus\/\" target=\"_blank\" rel=\"noopener noreferrer\"><strong>ESPECIAL CORONAVIRUS<\/strong><\/a><\/p>\n","protected":false},"excerpt":{"rendered":"<p>Cada vez que se aflojan las restricciones, la Covid-19 se dispara. Lo estamos viendo ahora y eso hace que la previsi\u00f3n para la Navidad no sea nada buena. Hay adem\u00e1s el temor creciente a una tercera ola que afecte a\u00fan m\u00e1s al sistema hospitalario con una capacidad insuficiente por la presencia de enfermos de la actual ola. A pesar de este hecho, resulta llamativa la circunstancia de que Espa\u00f1a, a diferencia de otros pa\u00edses, no haya puesto en marcha ninguna comisi\u00f3n independiente para examinar los errores cometidos que dan lugar a esta reiteraci\u00f3n de la epidemia. Que ahora las cifras espa\u00f1olas no sean las peores de Europa no es un consuelo, porque s\u00f3lo significa que estamos en un punto diferente de la curva en forma de dientes de sierra en la que se mueve la Covid-19. Hemos conocido la segunda encuesta de seroprevalencia y en base a ella se puede constatar que la inmunidad en general a\u00fan es baja. En Catalu\u00f1a, en Lleida, Barcelona y Girona las cifras se mueven\u00a0entre el 11,4 y el 12,4%\u00a0de personas inmunizadas, mientras que en Tarragona la magnitud es mucho m\u00e1s baja, s\u00f3lo\u00a0del 5,6%. Madrid con el 18,6% y de hecho las dos Castillas, especialmente Castilla-La Mancha, son los territorios que presentan un mayor \u00edndice de personas que han pasado la enfermedad y su organismo presenta anticuerpos. Todo ello se\u00f1ala una cifra muy baja para frenar la Covid-19. Se calcula que la inmunidad colectiva se alcanza como m\u00ednimo a partir del 60% de la poblaci\u00f3n que re\u00fana esta condici\u00f3n, y con mucha m\u00e1s certeza a partir del 70%.\u00a0Estamos, por tanto, lejos de esta cifra.\u00a0El gobierno S\u00e1nchez que, como los otros de Europa, ha anunciado que a principios de enero comenzar\u00eda la vacunaci\u00f3n, prev\u00e9 que al llegar el verano se habr\u00e1n vacunado\u00a021 millones de personas\u00a0.\u00a0No est\u00e1 nada claro que esta cifra sea fruto de un c\u00e1lculo basado en la log\u00edstica porque m\u00e1s bien parece un objetivo a alcanzar de car\u00e1cter estrat\u00e9gico, porque 21 millones de personas a\u00f1adidas al nivel de inmunidad actual situar\u00eda a la poblaci\u00f3n espa\u00f1ola entorno a aquel 60% necesario para frenar la propagaci\u00f3n. Ya veremos. En todo caso, la entrada en juego de la vacuna puede operar una transformaci\u00f3n absolutamente necesaria para reparar la situaci\u00f3n de la econom\u00eda, a pesar de que voces esc\u00e9pticas consideran que su introducci\u00f3n, en todo caso, servir\u00e1 para salvar la Navidad &#8230; del a\u00f1o que viene. La vacuna es la gran esperanza, pero hay que asumir sus imponderables, sobre todo el hecho de la velocidad con que ha sido conseguida, que conlleva que empecemos a utilizarla a pesar de la existencia de importantes interrogantes: El primero de ellos es saber si\u00a0evitan la transmisi\u00f3n del virus por parte de la persona vacunada. Una cosa es que una persona haya quedado inmunizada y no sufra los efectos de la enfermedad, y otra que el virus desaparezca de su organismo suficientemente r\u00e1pido como para que no pueda contagiar a otras personas. Son dos condiciones necesarias. Si las dos no se dan, los efectos de la vacuna ser\u00e1n limitados. Proteger\u00e1, pero no evitar\u00e1 todos los contagios. Un segundo punto decisivo es que se\u00a0desconoce la duraci\u00f3n de la protecci\u00f3n. Es l\u00f3gico, todo ha ido tan deprisa que es imposible decir que la vacuna puede proteger un a\u00f1o o seis meses, o lo que sea. Si esta fuera inicialmente corta, nos encontrar\u00edamos con el hecho de unas vacunas caras pero que tienen una duraci\u00f3n limitada en el tiempo. Saber qu\u00e9 funcionar\u00e1n mejor o peor en este sentido ahora s\u00f3lo lo podremos llegar a averiguar a trav\u00e9s de la pr\u00e1ctica. Hay todav\u00eda un tercer factor no poco importante que es el\u00a0de la reacci\u00f3n a largo plazo.\u00a0Interesa especialmente si puede tener alg\u00fan efecto o no en la respuesta inmune del organismo, porque se sabe que precisamente uno de los problemas de la Covid-19 es que provoca una tormenta inmunitaria grave al excitar las citoquinas, y que es uno de los factores de mortalidad de la pandemia. Previsiblemente, este sea un riesgo muy limitado, pero se ha de observar. Los expertos recuerdan los efectos de la\u00a0vacuna de Sanofi contra el dengue.\u00a0Una vez inyectada proteg\u00eda contra esta epidemia a las personas que se infectaban por primera vez, pero en algunas de las que recib\u00edan una segunda infecci\u00f3n el resultado era el de provocar una enfermedad grave. Hay que recordar que esto se produc\u00eda en una fecha tan cercana como el 2017. Es bueno que haya varias opciones de vacuna porque ser\u00e1 la \u00fanica manera de verificar cu\u00e1les funcionan mejor y sobre qu\u00e9 tipo de poblaci\u00f3n. Por esta raz\u00f3n no se entiende la oposici\u00f3n de la UE a la\u00a0vacuna rusa Sputnik-5\u00a0que parece funcionar muy bien (Hungr\u00eda la ha preferido a las europeas), y que tiene un coste mucho m\u00e1s bajo. Deber\u00eda ser una llamada de atenci\u00f3n y merecer\u00eda una atenci\u00f3n de las autoridades europeas para que la empresa brit\u00e1nica\u00a0AstraZeneca\u00a0que desarrolla la vacuna junto con la Universidad\u00a0de Oxford\u00a0y que est\u00e1 dentro del cat\u00e1logo de las vacunas adquiridas por la UE,\u00a0ha establecido un acuerdo con Rusia\u00a0para mejorar la eficacia de la vacuna brit\u00e1nica y superar alguno de los cuestionamientos de sus resultados. Consideran que \u00abla utilizaci\u00f3n de dos vectores diferentes en las dos inyecciones vacunales tendr\u00e1 una eficacia mayor que utilizar el mismo vector en las dos dosis\u00bb.\u00a0Sea como sea, la vacuna rusa est\u00e1 aqu\u00ed y su precio de menos de 10 d\u00f3lares es hasta tres veces inferior al de las vacunas que podemos utilizar, y adem\u00e1s puede ser liofilizada, lo que ofrece una gran ventaja log\u00edstica y elimina la necesidad de transporte a temperaturas muy bajas. La posici\u00f3n contra todo lo que hace Rusia desde la UE sobrepasa ya los l\u00edmites de lo razonable y entra peligrosamente en el terreno del sectarismo ideol\u00f3gico, que en este caso juega contra el inter\u00e9s de la salud p\u00fablica de los ciudadanos europeos. M\u00e1s informaci\u00f3n sobre el coronavirus en ESPECIAL CORONAVIRUS<\/p>\n","protected":false},"author":2,"featured_media":43373,"comment_status":"open","ping_status":"open","sticky":false,"template":"","format":"standard","meta":{"_FSMCFIC_featured_image_caption":"","_FSMCFIC_featured_image_nocaption":"","_FSMCFIC_featured_image_hide":"","footnotes":""},"categories":[1772,806],"tags":[1504,3317],"class_list":["post-43380","post","type-post","status-publish","format-standard","has-post-thumbnail","hentry","category-especial-coronavirus-es","category-punts-claus-del-dia-es","tag-coronavirus-es","tag-vacuna-covid-es"],"yoast_head":"<!-- This site is optimized with the Yoast SEO plugin v26.8 - https:\/\/yoast.com\/product\/yoast-seo-wordpress\/ -->\n<title>La vacuna Covid: una esperanza razonable, pero no ciega - Converses a Catalunya<\/title>\n<meta name=\"robots\" content=\"index, follow, max-snippet:-1, max-image-preview:large, max-video-preview:-1\" \/>\n<link rel=\"canonical\" href=\"https:\/\/conversesacatalunya.cat\/es\/la-vacuna-covid-una-esperanza-razonable-pero-no-ciega\/\" \/>\n<meta property=\"og:locale\" content=\"es_ES\" \/>\n<meta property=\"og:type\" content=\"article\" \/>\n<meta property=\"og:title\" content=\"La vacuna Covid: una esperanza razonable, pero no ciega - Converses a Catalunya\" \/>\n<meta property=\"og:description\" content=\"Cada vez que se aflojan las restricciones, la Covid-19 se dispara. Lo estamos viendo ahora y eso hace que la previsi\u00f3n para la Navidad no sea nada buena. Hay adem\u00e1s el temor creciente a una tercera ola que afecte a\u00fan m\u00e1s al sistema hospitalario con una capacidad insuficiente por la presencia de enfermos de la actual ola. A pesar de este hecho, resulta llamativa la circunstancia de que Espa\u00f1a, a diferencia de otros pa\u00edses, no haya puesto en marcha ninguna comisi\u00f3n independiente para examinar los errores cometidos que dan lugar a esta reiteraci\u00f3n de la epidemia. Que ahora las cifras espa\u00f1olas no sean las peores de Europa no es un consuelo, porque s\u00f3lo significa que estamos en un punto diferente de la curva en forma de dientes de sierra en la que se mueve la Covid-19. Hemos conocido la segunda encuesta de seroprevalencia y en base a ella se puede constatar que la inmunidad en general a\u00fan es baja. En Catalu\u00f1a, en Lleida, Barcelona y Girona las cifras se mueven\u00a0entre el 11,4 y el 12,4%\u00a0de personas inmunizadas, mientras que en Tarragona la magnitud es mucho m\u00e1s baja, s\u00f3lo\u00a0del 5,6%. Madrid con el 18,6% y de hecho las dos Castillas, especialmente Castilla-La Mancha, son los territorios que presentan un mayor \u00edndice de personas que han pasado la enfermedad y su organismo presenta anticuerpos. Todo ello se\u00f1ala una cifra muy baja para frenar la Covid-19. Se calcula que la inmunidad colectiva se alcanza como m\u00ednimo a partir del 60% de la poblaci\u00f3n que re\u00fana esta condici\u00f3n, y con mucha m\u00e1s certeza a partir del 70%.\u00a0Estamos, por tanto, lejos de esta cifra.\u00a0El gobierno S\u00e1nchez que, como los otros de Europa, ha anunciado que a principios de enero comenzar\u00eda la vacunaci\u00f3n, prev\u00e9 que al llegar el verano se habr\u00e1n vacunado\u00a021 millones de personas\u00a0.\u00a0No est\u00e1 nada claro que esta cifra sea fruto de un c\u00e1lculo basado en la log\u00edstica porque m\u00e1s bien parece un objetivo a alcanzar de car\u00e1cter estrat\u00e9gico, porque 21 millones de personas a\u00f1adidas al nivel de inmunidad actual situar\u00eda a la poblaci\u00f3n espa\u00f1ola entorno a aquel 60% necesario para frenar la propagaci\u00f3n. Ya veremos. En todo caso, la entrada en juego de la vacuna puede operar una transformaci\u00f3n absolutamente necesaria para reparar la situaci\u00f3n de la econom\u00eda, a pesar de que voces esc\u00e9pticas consideran que su introducci\u00f3n, en todo caso, servir\u00e1 para salvar la Navidad &#8230; del a\u00f1o que viene. La vacuna es la gran esperanza, pero hay que asumir sus imponderables, sobre todo el hecho de la velocidad con que ha sido conseguida, que conlleva que empecemos a utilizarla a pesar de la existencia de importantes interrogantes: El primero de ellos es saber si\u00a0evitan la transmisi\u00f3n del virus por parte de la persona vacunada. Una cosa es que una persona haya quedado inmunizada y no sufra los efectos de la enfermedad, y otra que el virus desaparezca de su organismo suficientemente r\u00e1pido como para que no pueda contagiar a otras personas. Son dos condiciones necesarias. Si las dos no se dan, los efectos de la vacuna ser\u00e1n limitados. Proteger\u00e1, pero no evitar\u00e1 todos los contagios. Un segundo punto decisivo es que se\u00a0desconoce la duraci\u00f3n de la protecci\u00f3n. Es l\u00f3gico, todo ha ido tan deprisa que es imposible decir que la vacuna puede proteger un a\u00f1o o seis meses, o lo que sea. Si esta fuera inicialmente corta, nos encontrar\u00edamos con el hecho de unas vacunas caras pero que tienen una duraci\u00f3n limitada en el tiempo. Saber qu\u00e9 funcionar\u00e1n mejor o peor en este sentido ahora s\u00f3lo lo podremos llegar a averiguar a trav\u00e9s de la pr\u00e1ctica. Hay todav\u00eda un tercer factor no poco importante que es el\u00a0de la reacci\u00f3n a largo plazo.\u00a0Interesa especialmente si puede tener alg\u00fan efecto o no en la respuesta inmune del organismo, porque se sabe que precisamente uno de los problemas de la Covid-19 es que provoca una tormenta inmunitaria grave al excitar las citoquinas, y que es uno de los factores de mortalidad de la pandemia. Previsiblemente, este sea un riesgo muy limitado, pero se ha de observar. Los expertos recuerdan los efectos de la\u00a0vacuna de Sanofi contra el dengue.\u00a0Una vez inyectada proteg\u00eda contra esta epidemia a las personas que se infectaban por primera vez, pero en algunas de las que recib\u00edan una segunda infecci\u00f3n el resultado era el de provocar una enfermedad grave. Hay que recordar que esto se produc\u00eda en una fecha tan cercana como el 2017. Es bueno que haya varias opciones de vacuna porque ser\u00e1 la \u00fanica manera de verificar cu\u00e1les funcionan mejor y sobre qu\u00e9 tipo de poblaci\u00f3n. Por esta raz\u00f3n no se entiende la oposici\u00f3n de la UE a la\u00a0vacuna rusa Sputnik-5\u00a0que parece funcionar muy bien (Hungr\u00eda la ha preferido a las europeas), y que tiene un coste mucho m\u00e1s bajo. Deber\u00eda ser una llamada de atenci\u00f3n y merecer\u00eda una atenci\u00f3n de las autoridades europeas para que la empresa brit\u00e1nica\u00a0AstraZeneca\u00a0que desarrolla la vacuna junto con la Universidad\u00a0de Oxford\u00a0y que est\u00e1 dentro del cat\u00e1logo de las vacunas adquiridas por la UE,\u00a0ha establecido un acuerdo con Rusia\u00a0para mejorar la eficacia de la vacuna brit\u00e1nica y superar alguno de los cuestionamientos de sus resultados. Consideran que \u00abla utilizaci\u00f3n de dos vectores diferentes en las dos inyecciones vacunales tendr\u00e1 una eficacia mayor que utilizar el mismo vector en las dos dosis\u00bb.\u00a0Sea como sea, la vacuna rusa est\u00e1 aqu\u00ed y su precio de menos de 10 d\u00f3lares es hasta tres veces inferior al de las vacunas que podemos utilizar, y adem\u00e1s puede ser liofilizada, lo que ofrece una gran ventaja log\u00edstica y elimina la necesidad de transporte a temperaturas muy bajas. La posici\u00f3n contra todo lo que hace Rusia desde la UE sobrepasa ya los l\u00edmites de lo razonable y entra peligrosamente en el terreno del sectarismo ideol\u00f3gico, que en este caso juega contra el inter\u00e9s de la salud p\u00fablica de los ciudadanos europeos. M\u00e1s informaci\u00f3n sobre el coronavirus en ESPECIAL CORONAVIRUS\" \/>\n<meta property=\"og:url\" content=\"https:\/\/conversesacatalunya.cat\/es\/la-vacuna-covid-una-esperanza-razonable-pero-no-ciega\/\" \/>\n<meta property=\"og:site_name\" content=\"Converses a Catalunya\" \/>\n<meta property=\"article:published_time\" content=\"2020-12-17T15:20:12+00:00\" \/>\n<meta property=\"article:modified_time\" content=\"2020-12-17T15:44:46+00:00\" \/>\n<meta property=\"og:image\" content=\"https:\/\/conversesacatalunya.cat\/wp-content\/uploads\/2020\/12\/Vacuna-covid.jpg\" \/>\n\t<meta property=\"og:image:width\" content=\"496\" \/>\n\t<meta property=\"og:image:height\" content=\"331\" \/>\n\t<meta property=\"og:image:type\" content=\"image\/jpeg\" \/>\n<meta name=\"author\" content=\"conversesacatalunya\" \/>\n<meta name=\"twitter:card\" content=\"summary_large_image\" \/>\n<meta name=\"twitter:label1\" content=\"Escrito por\" \/>\n\t<meta name=\"twitter:data1\" content=\"conversesacatalunya\" \/>\n\t<meta name=\"twitter:label2\" content=\"Tiempo de lectura\" \/>\n\t<meta name=\"twitter:data2\" content=\"5 minutos\" \/>\n<script type=\"application\/ld+json\" class=\"yoast-schema-graph\">{\"@context\":\"https:\/\/schema.org\",\"@graph\":[{\"@type\":\"Article\",\"@id\":\"https:\/\/conversesacatalunya.cat\/es\/la-vacuna-covid-una-esperanza-razonable-pero-no-ciega\/#article\",\"isPartOf\":{\"@id\":\"https:\/\/conversesacatalunya.cat\/es\/la-vacuna-covid-una-esperanza-razonable-pero-no-ciega\/\"},\"author\":{\"name\":\"conversesacatalunya\",\"@id\":\"https:\/\/conversesacatalunya.cat\/#\/schema\/person\/7e24d1e54a2785373ddcb275eae5ed99\"},\"headline\":\"La vacuna Covid: una esperanza razonable, pero no ciega\",\"datePublished\":\"2020-12-17T15:20:12+00:00\",\"dateModified\":\"2020-12-17T15:44:46+00:00\",\"mainEntityOfPage\":{\"@id\":\"https:\/\/conversesacatalunya.cat\/es\/la-vacuna-covid-una-esperanza-razonable-pero-no-ciega\/\"},\"wordCount\":1080,\"commentCount\":0,\"image\":{\"@id\":\"https:\/\/conversesacatalunya.cat\/es\/la-vacuna-covid-una-esperanza-razonable-pero-no-ciega\/#primaryimage\"},\"thumbnailUrl\":\"https:\/\/conversesacatalunya.cat\/wp-content\/uploads\/2020\/12\/Vacuna-covid.jpg\",\"keywords\":[\"coronavirus\",\"vacuna covid\"],\"articleSection\":[\"Especial Coronavirus (ES)\",\"Punts clau del dia (ES)\"],\"inLanguage\":\"es\",\"potentialAction\":[{\"@type\":\"CommentAction\",\"name\":\"Comment\",\"target\":[\"https:\/\/conversesacatalunya.cat\/es\/la-vacuna-covid-una-esperanza-razonable-pero-no-ciega\/#respond\"]}]},{\"@type\":\"WebPage\",\"@id\":\"https:\/\/conversesacatalunya.cat\/es\/la-vacuna-covid-una-esperanza-razonable-pero-no-ciega\/\",\"url\":\"https:\/\/conversesacatalunya.cat\/es\/la-vacuna-covid-una-esperanza-razonable-pero-no-ciega\/\",\"name\":\"La vacuna Covid: una esperanza razonable, pero no ciega - Converses a Catalunya\",\"isPartOf\":{\"@id\":\"https:\/\/conversesacatalunya.cat\/#website\"},\"primaryImageOfPage\":{\"@id\":\"https:\/\/conversesacatalunya.cat\/es\/la-vacuna-covid-una-esperanza-razonable-pero-no-ciega\/#primaryimage\"},\"image\":{\"@id\":\"https:\/\/conversesacatalunya.cat\/es\/la-vacuna-covid-una-esperanza-razonable-pero-no-ciega\/#primaryimage\"},\"thumbnailUrl\":\"https:\/\/conversesacatalunya.cat\/wp-content\/uploads\/2020\/12\/Vacuna-covid.jpg\",\"datePublished\":\"2020-12-17T15:20:12+00:00\",\"dateModified\":\"2020-12-17T15:44:46+00:00\",\"author\":{\"@id\":\"https:\/\/conversesacatalunya.cat\/#\/schema\/person\/7e24d1e54a2785373ddcb275eae5ed99\"},\"breadcrumb\":{\"@id\":\"https:\/\/conversesacatalunya.cat\/es\/la-vacuna-covid-una-esperanza-razonable-pero-no-ciega\/#breadcrumb\"},\"inLanguage\":\"es\",\"potentialAction\":[{\"@type\":\"ReadAction\",\"target\":[\"https:\/\/conversesacatalunya.cat\/es\/la-vacuna-covid-una-esperanza-razonable-pero-no-ciega\/\"]}]},{\"@type\":\"ImageObject\",\"inLanguage\":\"es\",\"@id\":\"https:\/\/conversesacatalunya.cat\/es\/la-vacuna-covid-una-esperanza-razonable-pero-no-ciega\/#primaryimage\",\"url\":\"https:\/\/conversesacatalunya.cat\/wp-content\/uploads\/2020\/12\/Vacuna-covid.jpg\",\"contentUrl\":\"https:\/\/conversesacatalunya.cat\/wp-content\/uploads\/2020\/12\/Vacuna-covid.jpg\",\"width\":496,\"height\":331,\"caption\":\"vacuna covid\"},{\"@type\":\"BreadcrumbList\",\"@id\":\"https:\/\/conversesacatalunya.cat\/es\/la-vacuna-covid-una-esperanza-razonable-pero-no-ciega\/#breadcrumb\",\"itemListElement\":[{\"@type\":\"ListItem\",\"position\":1,\"name\":\"Inici\",\"item\":\"https:\/\/conversesacatalunya.cat\/es\/\"},{\"@type\":\"ListItem\",\"position\":2,\"name\":\"La vacuna Covid: una esperanza razonable, pero no ciega\"}]},{\"@type\":\"WebSite\",\"@id\":\"https:\/\/conversesacatalunya.cat\/#website\",\"url\":\"https:\/\/conversesacatalunya.cat\/\",\"name\":\"Converses a Catalunya\",\"description\":\"\",\"potentialAction\":[{\"@type\":\"SearchAction\",\"target\":{\"@type\":\"EntryPoint\",\"urlTemplate\":\"https:\/\/conversesacatalunya.cat\/?s={search_term_string}\"},\"query-input\":{\"@type\":\"PropertyValueSpecification\",\"valueRequired\":true,\"valueName\":\"search_term_string\"}}],\"inLanguage\":\"es\"},{\"@type\":\"Person\",\"@id\":\"https:\/\/conversesacatalunya.cat\/#\/schema\/person\/7e24d1e54a2785373ddcb275eae5ed99\",\"name\":\"conversesacatalunya\",\"image\":{\"@type\":\"ImageObject\",\"inLanguage\":\"es\",\"@id\":\"https:\/\/conversesacatalunya.cat\/#\/schema\/person\/image\/\",\"url\":\"https:\/\/conversesacatalunya.cat\/wp-content\/litespeed\/avatar\/febdfeeec89d950f01c748045a981dd2.jpg?ver=1777314535\",\"contentUrl\":\"https:\/\/conversesacatalunya.cat\/wp-content\/litespeed\/avatar\/febdfeeec89d950f01c748045a981dd2.jpg?ver=1777314535\",\"caption\":\"conversesacatalunya\"},\"url\":\"https:\/\/conversesacatalunya.cat\/es\/author\/carme_catala\/\"}]}<\/script>\n<!-- \/ Yoast SEO plugin. -->","yoast_head_json":{"title":"La vacuna Covid: una esperanza razonable, pero no ciega - Converses a Catalunya","robots":{"index":"index","follow":"follow","max-snippet":"max-snippet:-1","max-image-preview":"max-image-preview:large","max-video-preview":"max-video-preview:-1"},"canonical":"https:\/\/conversesacatalunya.cat\/es\/la-vacuna-covid-una-esperanza-razonable-pero-no-ciega\/","og_locale":"es_ES","og_type":"article","og_title":"La vacuna Covid: una esperanza razonable, pero no ciega - Converses a Catalunya","og_description":"Cada vez que se aflojan las restricciones, la Covid-19 se dispara. Lo estamos viendo ahora y eso hace que la previsi\u00f3n para la Navidad no sea nada buena. Hay adem\u00e1s el temor creciente a una tercera ola que afecte a\u00fan m\u00e1s al sistema hospitalario con una capacidad insuficiente por la presencia de enfermos de la actual ola. A pesar de este hecho, resulta llamativa la circunstancia de que Espa\u00f1a, a diferencia de otros pa\u00edses, no haya puesto en marcha ninguna comisi\u00f3n independiente para examinar los errores cometidos que dan lugar a esta reiteraci\u00f3n de la epidemia. Que ahora las cifras espa\u00f1olas no sean las peores de Europa no es un consuelo, porque s\u00f3lo significa que estamos en un punto diferente de la curva en forma de dientes de sierra en la que se mueve la Covid-19. Hemos conocido la segunda encuesta de seroprevalencia y en base a ella se puede constatar que la inmunidad en general a\u00fan es baja. En Catalu\u00f1a, en Lleida, Barcelona y Girona las cifras se mueven\u00a0entre el 11,4 y el 12,4%\u00a0de personas inmunizadas, mientras que en Tarragona la magnitud es mucho m\u00e1s baja, s\u00f3lo\u00a0del 5,6%. Madrid con el 18,6% y de hecho las dos Castillas, especialmente Castilla-La Mancha, son los territorios que presentan un mayor \u00edndice de personas que han pasado la enfermedad y su organismo presenta anticuerpos. Todo ello se\u00f1ala una cifra muy baja para frenar la Covid-19. Se calcula que la inmunidad colectiva se alcanza como m\u00ednimo a partir del 60% de la poblaci\u00f3n que re\u00fana esta condici\u00f3n, y con mucha m\u00e1s certeza a partir del 70%.\u00a0Estamos, por tanto, lejos de esta cifra.\u00a0El gobierno S\u00e1nchez que, como los otros de Europa, ha anunciado que a principios de enero comenzar\u00eda la vacunaci\u00f3n, prev\u00e9 que al llegar el verano se habr\u00e1n vacunado\u00a021 millones de personas\u00a0.\u00a0No est\u00e1 nada claro que esta cifra sea fruto de un c\u00e1lculo basado en la log\u00edstica porque m\u00e1s bien parece un objetivo a alcanzar de car\u00e1cter estrat\u00e9gico, porque 21 millones de personas a\u00f1adidas al nivel de inmunidad actual situar\u00eda a la poblaci\u00f3n espa\u00f1ola entorno a aquel 60% necesario para frenar la propagaci\u00f3n. Ya veremos. En todo caso, la entrada en juego de la vacuna puede operar una transformaci\u00f3n absolutamente necesaria para reparar la situaci\u00f3n de la econom\u00eda, a pesar de que voces esc\u00e9pticas consideran que su introducci\u00f3n, en todo caso, servir\u00e1 para salvar la Navidad &#8230; del a\u00f1o que viene. La vacuna es la gran esperanza, pero hay que asumir sus imponderables, sobre todo el hecho de la velocidad con que ha sido conseguida, que conlleva que empecemos a utilizarla a pesar de la existencia de importantes interrogantes: El primero de ellos es saber si\u00a0evitan la transmisi\u00f3n del virus por parte de la persona vacunada. Una cosa es que una persona haya quedado inmunizada y no sufra los efectos de la enfermedad, y otra que el virus desaparezca de su organismo suficientemente r\u00e1pido como para que no pueda contagiar a otras personas. Son dos condiciones necesarias. Si las dos no se dan, los efectos de la vacuna ser\u00e1n limitados. Proteger\u00e1, pero no evitar\u00e1 todos los contagios. Un segundo punto decisivo es que se\u00a0desconoce la duraci\u00f3n de la protecci\u00f3n. Es l\u00f3gico, todo ha ido tan deprisa que es imposible decir que la vacuna puede proteger un a\u00f1o o seis meses, o lo que sea. Si esta fuera inicialmente corta, nos encontrar\u00edamos con el hecho de unas vacunas caras pero que tienen una duraci\u00f3n limitada en el tiempo. Saber qu\u00e9 funcionar\u00e1n mejor o peor en este sentido ahora s\u00f3lo lo podremos llegar a averiguar a trav\u00e9s de la pr\u00e1ctica. Hay todav\u00eda un tercer factor no poco importante que es el\u00a0de la reacci\u00f3n a largo plazo.\u00a0Interesa especialmente si puede tener alg\u00fan efecto o no en la respuesta inmune del organismo, porque se sabe que precisamente uno de los problemas de la Covid-19 es que provoca una tormenta inmunitaria grave al excitar las citoquinas, y que es uno de los factores de mortalidad de la pandemia. Previsiblemente, este sea un riesgo muy limitado, pero se ha de observar. Los expertos recuerdan los efectos de la\u00a0vacuna de Sanofi contra el dengue.\u00a0Una vez inyectada proteg\u00eda contra esta epidemia a las personas que se infectaban por primera vez, pero en algunas de las que recib\u00edan una segunda infecci\u00f3n el resultado era el de provocar una enfermedad grave. Hay que recordar que esto se produc\u00eda en una fecha tan cercana como el 2017. Es bueno que haya varias opciones de vacuna porque ser\u00e1 la \u00fanica manera de verificar cu\u00e1les funcionan mejor y sobre qu\u00e9 tipo de poblaci\u00f3n. Por esta raz\u00f3n no se entiende la oposici\u00f3n de la UE a la\u00a0vacuna rusa Sputnik-5\u00a0que parece funcionar muy bien (Hungr\u00eda la ha preferido a las europeas), y que tiene un coste mucho m\u00e1s bajo. Deber\u00eda ser una llamada de atenci\u00f3n y merecer\u00eda una atenci\u00f3n de las autoridades europeas para que la empresa brit\u00e1nica\u00a0AstraZeneca\u00a0que desarrolla la vacuna junto con la Universidad\u00a0de Oxford\u00a0y que est\u00e1 dentro del cat\u00e1logo de las vacunas adquiridas por la UE,\u00a0ha establecido un acuerdo con Rusia\u00a0para mejorar la eficacia de la vacuna brit\u00e1nica y superar alguno de los cuestionamientos de sus resultados. Consideran que \u00abla utilizaci\u00f3n de dos vectores diferentes en las dos inyecciones vacunales tendr\u00e1 una eficacia mayor que utilizar el mismo vector en las dos dosis\u00bb.\u00a0Sea como sea, la vacuna rusa est\u00e1 aqu\u00ed y su precio de menos de 10 d\u00f3lares es hasta tres veces inferior al de las vacunas que podemos utilizar, y adem\u00e1s puede ser liofilizada, lo que ofrece una gran ventaja log\u00edstica y elimina la necesidad de transporte a temperaturas muy bajas. La posici\u00f3n contra todo lo que hace Rusia desde la UE sobrepasa ya los l\u00edmites de lo razonable y entra peligrosamente en el terreno del sectarismo ideol\u00f3gico, que en este caso juega contra el inter\u00e9s de la salud p\u00fablica de los ciudadanos europeos. M\u00e1s informaci\u00f3n sobre el coronavirus en ESPECIAL CORONAVIRUS","og_url":"https:\/\/conversesacatalunya.cat\/es\/la-vacuna-covid-una-esperanza-razonable-pero-no-ciega\/","og_site_name":"Converses a Catalunya","article_published_time":"2020-12-17T15:20:12+00:00","article_modified_time":"2020-12-17T15:44:46+00:00","og_image":[{"width":496,"height":331,"url":"https:\/\/conversesacatalunya.cat\/wp-content\/uploads\/2020\/12\/Vacuna-covid.jpg","type":"image\/jpeg"}],"author":"conversesacatalunya","twitter_card":"summary_large_image","twitter_misc":{"Escrito por":"conversesacatalunya","Tiempo de lectura":"5 minutos"},"schema":{"@context":"https:\/\/schema.org","@graph":[{"@type":"Article","@id":"https:\/\/conversesacatalunya.cat\/es\/la-vacuna-covid-una-esperanza-razonable-pero-no-ciega\/#article","isPartOf":{"@id":"https:\/\/conversesacatalunya.cat\/es\/la-vacuna-covid-una-esperanza-razonable-pero-no-ciega\/"},"author":{"name":"conversesacatalunya","@id":"https:\/\/conversesacatalunya.cat\/#\/schema\/person\/7e24d1e54a2785373ddcb275eae5ed99"},"headline":"La vacuna Covid: una esperanza razonable, pero no ciega","datePublished":"2020-12-17T15:20:12+00:00","dateModified":"2020-12-17T15:44:46+00:00","mainEntityOfPage":{"@id":"https:\/\/conversesacatalunya.cat\/es\/la-vacuna-covid-una-esperanza-razonable-pero-no-ciega\/"},"wordCount":1080,"commentCount":0,"image":{"@id":"https:\/\/conversesacatalunya.cat\/es\/la-vacuna-covid-una-esperanza-razonable-pero-no-ciega\/#primaryimage"},"thumbnailUrl":"https:\/\/conversesacatalunya.cat\/wp-content\/uploads\/2020\/12\/Vacuna-covid.jpg","keywords":["coronavirus","vacuna covid"],"articleSection":["Especial Coronavirus (ES)","Punts clau del dia (ES)"],"inLanguage":"es","potentialAction":[{"@type":"CommentAction","name":"Comment","target":["https:\/\/conversesacatalunya.cat\/es\/la-vacuna-covid-una-esperanza-razonable-pero-no-ciega\/#respond"]}]},{"@type":"WebPage","@id":"https:\/\/conversesacatalunya.cat\/es\/la-vacuna-covid-una-esperanza-razonable-pero-no-ciega\/","url":"https:\/\/conversesacatalunya.cat\/es\/la-vacuna-covid-una-esperanza-razonable-pero-no-ciega\/","name":"La vacuna Covid: una esperanza razonable, pero no ciega - Converses a Catalunya","isPartOf":{"@id":"https:\/\/conversesacatalunya.cat\/#website"},"primaryImageOfPage":{"@id":"https:\/\/conversesacatalunya.cat\/es\/la-vacuna-covid-una-esperanza-razonable-pero-no-ciega\/#primaryimage"},"image":{"@id":"https:\/\/conversesacatalunya.cat\/es\/la-vacuna-covid-una-esperanza-razonable-pero-no-ciega\/#primaryimage"},"thumbnailUrl":"https:\/\/conversesacatalunya.cat\/wp-content\/uploads\/2020\/12\/Vacuna-covid.jpg","datePublished":"2020-12-17T15:20:12+00:00","dateModified":"2020-12-17T15:44:46+00:00","author":{"@id":"https:\/\/conversesacatalunya.cat\/#\/schema\/person\/7e24d1e54a2785373ddcb275eae5ed99"},"breadcrumb":{"@id":"https:\/\/conversesacatalunya.cat\/es\/la-vacuna-covid-una-esperanza-razonable-pero-no-ciega\/#breadcrumb"},"inLanguage":"es","potentialAction":[{"@type":"ReadAction","target":["https:\/\/conversesacatalunya.cat\/es\/la-vacuna-covid-una-esperanza-razonable-pero-no-ciega\/"]}]},{"@type":"ImageObject","inLanguage":"es","@id":"https:\/\/conversesacatalunya.cat\/es\/la-vacuna-covid-una-esperanza-razonable-pero-no-ciega\/#primaryimage","url":"https:\/\/conversesacatalunya.cat\/wp-content\/uploads\/2020\/12\/Vacuna-covid.jpg","contentUrl":"https:\/\/conversesacatalunya.cat\/wp-content\/uploads\/2020\/12\/Vacuna-covid.jpg","width":496,"height":331,"caption":"vacuna covid"},{"@type":"BreadcrumbList","@id":"https:\/\/conversesacatalunya.cat\/es\/la-vacuna-covid-una-esperanza-razonable-pero-no-ciega\/#breadcrumb","itemListElement":[{"@type":"ListItem","position":1,"name":"Inici","item":"https:\/\/conversesacatalunya.cat\/es\/"},{"@type":"ListItem","position":2,"name":"La vacuna Covid: una esperanza razonable, pero no ciega"}]},{"@type":"WebSite","@id":"https:\/\/conversesacatalunya.cat\/#website","url":"https:\/\/conversesacatalunya.cat\/","name":"Converses a Catalunya","description":"","potentialAction":[{"@type":"SearchAction","target":{"@type":"EntryPoint","urlTemplate":"https:\/\/conversesacatalunya.cat\/?s={search_term_string}"},"query-input":{"@type":"PropertyValueSpecification","valueRequired":true,"valueName":"search_term_string"}}],"inLanguage":"es"},{"@type":"Person","@id":"https:\/\/conversesacatalunya.cat\/#\/schema\/person\/7e24d1e54a2785373ddcb275eae5ed99","name":"conversesacatalunya","image":{"@type":"ImageObject","inLanguage":"es","@id":"https:\/\/conversesacatalunya.cat\/#\/schema\/person\/image\/","url":"https:\/\/conversesacatalunya.cat\/wp-content\/litespeed\/avatar\/febdfeeec89d950f01c748045a981dd2.jpg?ver=1777314535","contentUrl":"https:\/\/conversesacatalunya.cat\/wp-content\/litespeed\/avatar\/febdfeeec89d950f01c748045a981dd2.jpg?ver=1777314535","caption":"conversesacatalunya"},"url":"https:\/\/conversesacatalunya.cat\/es\/author\/carme_catala\/"}]}},"wps_subtitle":"","_links":{"self":[{"href":"https:\/\/conversesacatalunya.cat\/es\/wp-json\/wp\/v2\/posts\/43380","targetHints":{"allow":["GET"]}}],"collection":[{"href":"https:\/\/conversesacatalunya.cat\/es\/wp-json\/wp\/v2\/posts"}],"about":[{"href":"https:\/\/conversesacatalunya.cat\/es\/wp-json\/wp\/v2\/types\/post"}],"author":[{"embeddable":true,"href":"https:\/\/conversesacatalunya.cat\/es\/wp-json\/wp\/v2\/users\/2"}],"replies":[{"embeddable":true,"href":"https:\/\/conversesacatalunya.cat\/es\/wp-json\/wp\/v2\/comments?post=43380"}],"version-history":[{"count":2,"href":"https:\/\/conversesacatalunya.cat\/es\/wp-json\/wp\/v2\/posts\/43380\/revisions"}],"predecessor-version":[{"id":43382,"href":"https:\/\/conversesacatalunya.cat\/es\/wp-json\/wp\/v2\/posts\/43380\/revisions\/43382"}],"wp:featuredmedia":[{"embeddable":true,"href":"https:\/\/conversesacatalunya.cat\/es\/wp-json\/wp\/v2\/media\/43373"}],"wp:attachment":[{"href":"https:\/\/conversesacatalunya.cat\/es\/wp-json\/wp\/v2\/media?parent=43380"}],"wp:term":[{"taxonomy":"category","embeddable":true,"href":"https:\/\/conversesacatalunya.cat\/es\/wp-json\/wp\/v2\/categories?post=43380"},{"taxonomy":"post_tag","embeddable":true,"href":"https:\/\/conversesacatalunya.cat\/es\/wp-json\/wp\/v2\/tags?post=43380"}],"curies":[{"name":"wp","href":"https:\/\/api.w.org\/{rel}","templated":true}]}}