{"id":43316,"date":"2020-12-16T11:47:43","date_gmt":"2020-12-16T10:47:43","guid":{"rendered":"https:\/\/conversesacatalunya.cat\/per-que-corea-del-sud-es-lonzena-potencia-economica-del-mon\/"},"modified":"2020-12-16T15:30:10","modified_gmt":"2020-12-16T14:30:10","slug":"por-que-corea-del-sur-es-la-undecima-potencia-economica-del-mundo","status":"publish","type":"post","link":"https:\/\/conversesacatalunya.cat\/es\/por-que-corea-del-sur-es-la-undecima-potencia-economica-del-mundo\/","title":{"rendered":"\u00bfPor qu\u00e9 Corea del Sur es la und\u00e9cima potencia econ\u00f3mica del mundo?"},"content":{"rendered":"<p><span><span class=\"\">Corea del Sur, Corea antes de la guerra civil, era un pa\u00eds atrasado, agr\u00edcola, estresado por la ocupaci\u00f3n japonesa, primero, y por la guerra civil y divisi\u00f3n del pa\u00eds, despu\u00e9s, que a pesar de todos estos inconvenientes se ha convertido en una potencia econ\u00f3mica mundial, la und\u00e9cima, que dispone de grandes empresas en sectores como los del autom\u00f3vil pero tambi\u00e9n en tecnolog\u00edas de la comunicaci\u00f3n y de la inform\u00e1tica. Hoy en d\u00eda demuestra su eficiencia con un nivel de control de la pandemia envidiable, s\u00f3lo ha tenido\u00a0<\/span><\/span><strong><span><span class=\"\">529 muertos<\/span><\/span><\/strong><span><span class=\"\">\u00a0para una poblaci\u00f3n total\u00a0<\/span><\/span><strong><span><span class=\"\">de 51 millones de habitan<\/span><\/span><\/strong><strong><span><span class=\"\">tes<\/span><\/span><\/strong><span><span class=\"\">. Si lo comparamos con los\u00a0<\/span><\/span><strong><span><span class=\"\">70.000 muertos y una poblaci\u00f3n espa\u00f1ola de 47 millones de habitantes, son<\/span><\/span><\/strong><span><span class=\"\">\u00a0la cara y la cruz del estado de la cuesti\u00f3n.<\/span><\/span><\/p>\n<p><span>Una de las razones fundamentales de la gran transformaci\u00f3n coreana es la importancia que\u00a0<\/span><strong><span>le han dado a los estudios<\/span><\/strong><span>.\u00a0Hasta un nivel tan extremo que seguramente no es generalizable, pero s\u00ed es imitable su preocupaci\u00f3n.\u00a0El examen para ingresar en la universidad y acceder en funci\u00f3n de la nota obtenida, se\u00f1ala una dura carrera meritocr\u00e1tica que fuerza a las familias a preparar a sus hijos pr\u00e1cticamente desde la primaria.<\/span><\/p>\n<p><span>Y si las condiciones que aplica Corea no son asumibles en una sociedad como la nuestra, s\u00ed lo es <\/span><strong><span>subrayar la importancia de haber implicado a la familia<\/span><\/strong><span> en la educaci\u00f3n de ni\u00f1os y j\u00f3venes, no s\u00f3lo con dedicaci\u00f3n, sino tambi\u00e9n con apoyo econ\u00f3mico. La dedicaci\u00f3n es importante como pone de manifiesto la excelente calificaci\u00f3n de los hijos de los inmigrantes coreanos en EEUU que superan en acceso a la universidad a los mismos nativos americanos. La clave est\u00e1 en la implicaci\u00f3n en la educaci\u00f3n de sus hijos, sobre todo de las madres, porque los padres trabajan muchas y muchas horas como inmigrados que son. Y tambi\u00e9n el esfuerzo econ\u00f3mico.<\/span><\/p>\n<p><span><span class=\"goog-text-highlight\">En Corea el a\u00f1o 2016, las familias <\/span><\/span><strong><span><span class=\"goog-text-highlight\">gastaban 16.000 millones de euros en reforzar los estudios de sus hijos<\/span><\/span><\/strong><span><span class=\"goog-text-highlight\">\u00a0con clases extraescolares y tutor\u00edas.\u00a0<\/span>En Espa\u00f1a, que acaba\u00a0<\/span><a href=\"https:\/\/conversesacatalunya.cat\/es\/la-nueva-ley-deducacion-lomloe-una-analisi-profunda\/\" target=\"_blank\" rel=\"noopener noreferrer\"><span>de aprobar una ley de educaci\u00f3n<\/span><\/a><span>, la familia no sale por ning\u00fan lado.\u00a0No existe, y la ministra Cela\u00e1 tiene un especial cuidado en rechazar sus derechos educativos y en imponer la supremac\u00eda de un estado que, hasta ahora, ha fracasado estrepitosamente en la educaci\u00f3n, como muestran todas las estad\u00edsticas.<\/span><\/p>\n","protected":false},"excerpt":{"rendered":"<p>Corea del Sur, Corea antes de la guerra civil, era un pa\u00eds atrasado, agr\u00edcola, estresado por la ocupaci\u00f3n japonesa, primero, y por la guerra civil y divisi\u00f3n del pa\u00eds, despu\u00e9s, que a pesar de todos estos inconvenientes se ha convertido en una potencia econ\u00f3mica mundial, la und\u00e9cima, que dispone de grandes empresas en sectores como los del autom\u00f3vil pero tambi\u00e9n en tecnolog\u00edas de la comunicaci\u00f3n y de la inform\u00e1tica. Hoy en d\u00eda demuestra su eficiencia con un nivel de control de la pandemia envidiable, s\u00f3lo ha tenido\u00a0529 muertos\u00a0para una poblaci\u00f3n total\u00a0de 51 millones de habitantes. Si lo comparamos con los\u00a070.000 muertos y una poblaci\u00f3n espa\u00f1ola de 47 millones de habitantes, son\u00a0la cara y la cruz del estado de la cuesti\u00f3n. Una de las razones fundamentales de la gran transformaci\u00f3n coreana es la importancia que\u00a0le han dado a los estudios.\u00a0Hasta un nivel tan extremo que seguramente no es generalizable, pero s\u00ed es imitable su preocupaci\u00f3n.\u00a0El examen para ingresar en la universidad y acceder en funci\u00f3n de la nota obtenida, se\u00f1ala una dura carrera meritocr\u00e1tica que fuerza a las familias a preparar a sus hijos pr\u00e1cticamente desde la primaria. Y si las condiciones que aplica Corea no son asumibles en una sociedad como la nuestra, s\u00ed lo es subrayar la importancia de haber implicado a la familia en la educaci\u00f3n de ni\u00f1os y j\u00f3venes, no s\u00f3lo con dedicaci\u00f3n, sino tambi\u00e9n con apoyo econ\u00f3mico. La dedicaci\u00f3n es importante como pone de manifiesto la excelente calificaci\u00f3n de los hijos de los inmigrantes coreanos en EEUU que superan en acceso a la universidad a los mismos nativos americanos. La clave est\u00e1 en la implicaci\u00f3n en la educaci\u00f3n de sus hijos, sobre todo de las madres, porque los padres trabajan muchas y muchas horas como inmigrados que son. Y tambi\u00e9n el esfuerzo econ\u00f3mico. En Corea el a\u00f1o 2016, las familias gastaban 16.000 millones de euros en reforzar los estudios de sus hijos\u00a0con clases extraescolares y tutor\u00edas.\u00a0En Espa\u00f1a, que acaba\u00a0de aprobar una ley de educaci\u00f3n, la familia no sale por ning\u00fan lado.\u00a0No existe, y la ministra Cela\u00e1 tiene un especial cuidado en rechazar sus derechos educativos y en imponer la supremac\u00eda de un estado que, hasta ahora, ha fracasado estrepitosamente en la educaci\u00f3n, como muestran todas las estad\u00edsticas.<\/p>\n","protected":false},"author":2,"featured_media":43298,"comment_status":"open","ping_status":"open","sticky":false,"template":"","format":"standard","meta":{"_FSMCFIC_featured_image_caption":"","_FSMCFIC_featured_image_nocaption":"","_FSMCFIC_featured_image_hide":"","footnotes":""},"categories":[806],"tags":[2262,3239,2599],"class_list":["post-43316","post","type-post","status-publish","format-standard","has-post-thumbnail","hentry","category-punts-claus-del-dia-es","tag-corea-del-sud-es","tag-ley-de-educacion","tag-llei-densenyament-es"],"yoast_head":"<!-- This site is optimized with the Yoast SEO plugin v26.8 - https:\/\/yoast.com\/product\/yoast-seo-wordpress\/ -->\n<title>\u00bfPor qu\u00e9 Corea del Sur es la und\u00e9cima potencia econ\u00f3mica del mundo? - Converses a Catalunya<\/title>\n<meta name=\"robots\" content=\"index, follow, max-snippet:-1, max-image-preview:large, max-video-preview:-1\" \/>\n<link rel=\"canonical\" href=\"https:\/\/conversesacatalunya.cat\/es\/por-que-corea-del-sur-es-la-undecima-potencia-economica-del-mundo\/\" \/>\n<meta property=\"og:locale\" content=\"es_ES\" \/>\n<meta property=\"og:type\" content=\"article\" \/>\n<meta property=\"og:title\" content=\"\u00bfPor qu\u00e9 Corea del Sur es la und\u00e9cima potencia econ\u00f3mica del mundo? - Converses a Catalunya\" \/>\n<meta property=\"og:description\" content=\"Corea del Sur, Corea antes de la guerra civil, era un pa\u00eds atrasado, agr\u00edcola, estresado por la ocupaci\u00f3n japonesa, primero, y por la guerra civil y divisi\u00f3n del pa\u00eds, despu\u00e9s, que a pesar de todos estos inconvenientes se ha convertido en una potencia econ\u00f3mica mundial, la und\u00e9cima, que dispone de grandes empresas en sectores como los del autom\u00f3vil pero tambi\u00e9n en tecnolog\u00edas de la comunicaci\u00f3n y de la inform\u00e1tica. Hoy en d\u00eda demuestra su eficiencia con un nivel de control de la pandemia envidiable, s\u00f3lo ha tenido\u00a0529 muertos\u00a0para una poblaci\u00f3n total\u00a0de 51 millones de habitantes. Si lo comparamos con los\u00a070.000 muertos y una poblaci\u00f3n espa\u00f1ola de 47 millones de habitantes, son\u00a0la cara y la cruz del estado de la cuesti\u00f3n. Una de las razones fundamentales de la gran transformaci\u00f3n coreana es la importancia que\u00a0le han dado a los estudios.\u00a0Hasta un nivel tan extremo que seguramente no es generalizable, pero s\u00ed es imitable su preocupaci\u00f3n.\u00a0El examen para ingresar en la universidad y acceder en funci\u00f3n de la nota obtenida, se\u00f1ala una dura carrera meritocr\u00e1tica que fuerza a las familias a preparar a sus hijos pr\u00e1cticamente desde la primaria. Y si las condiciones que aplica Corea no son asumibles en una sociedad como la nuestra, s\u00ed lo es subrayar la importancia de haber implicado a la familia en la educaci\u00f3n de ni\u00f1os y j\u00f3venes, no s\u00f3lo con dedicaci\u00f3n, sino tambi\u00e9n con apoyo econ\u00f3mico. La dedicaci\u00f3n es importante como pone de manifiesto la excelente calificaci\u00f3n de los hijos de los inmigrantes coreanos en EEUU que superan en acceso a la universidad a los mismos nativos americanos. La clave est\u00e1 en la implicaci\u00f3n en la educaci\u00f3n de sus hijos, sobre todo de las madres, porque los padres trabajan muchas y muchas horas como inmigrados que son. Y tambi\u00e9n el esfuerzo econ\u00f3mico. En Corea el a\u00f1o 2016, las familias gastaban 16.000 millones de euros en reforzar los estudios de sus hijos\u00a0con clases extraescolares y tutor\u00edas.\u00a0En Espa\u00f1a, que acaba\u00a0de aprobar una ley de educaci\u00f3n, la familia no sale por ning\u00fan lado.\u00a0No existe, y la ministra Cela\u00e1 tiene un especial cuidado en rechazar sus derechos educativos y en imponer la supremac\u00eda de un estado que, hasta ahora, ha fracasado estrepitosamente en la educaci\u00f3n, como muestran todas las estad\u00edsticas.\" \/>\n<meta property=\"og:url\" content=\"https:\/\/conversesacatalunya.cat\/es\/por-que-corea-del-sur-es-la-undecima-potencia-economica-del-mundo\/\" \/>\n<meta property=\"og:site_name\" content=\"Converses a Catalunya\" \/>\n<meta property=\"article:published_time\" content=\"2020-12-16T10:47:43+00:00\" \/>\n<meta property=\"article:modified_time\" content=\"2020-12-16T14:30:10+00:00\" \/>\n<meta property=\"og:image\" content=\"https:\/\/conversesacatalunya.cat\/wp-content\/uploads\/2020\/12\/corea-del-sur.jpg\" \/>\n\t<meta property=\"og:image:width\" content=\"1000\" \/>\n\t<meta property=\"og:image:height\" content=\"541\" \/>\n\t<meta property=\"og:image:type\" content=\"image\/jpeg\" \/>\n<meta name=\"author\" content=\"conversesacatalunya\" \/>\n<meta name=\"twitter:card\" content=\"summary_large_image\" \/>\n<meta name=\"twitter:label1\" content=\"Escrito por\" \/>\n\t<meta name=\"twitter:data1\" content=\"conversesacatalunya\" \/>\n\t<meta name=\"twitter:label2\" content=\"Tiempo de lectura\" \/>\n\t<meta name=\"twitter:data2\" content=\"2 minutos\" \/>\n<script type=\"application\/ld+json\" class=\"yoast-schema-graph\">{\"@context\":\"https:\/\/schema.org\",\"@graph\":[{\"@type\":\"Article\",\"@id\":\"https:\/\/conversesacatalunya.cat\/es\/por-que-corea-del-sur-es-la-undecima-potencia-economica-del-mundo\/#article\",\"isPartOf\":{\"@id\":\"https:\/\/conversesacatalunya.cat\/es\/por-que-corea-del-sur-es-la-undecima-potencia-economica-del-mundo\/\"},\"author\":{\"name\":\"conversesacatalunya\",\"@id\":\"https:\/\/conversesacatalunya.cat\/#\/schema\/person\/7e24d1e54a2785373ddcb275eae5ed99\"},\"headline\":\"\u00bfPor qu\u00e9 Corea del Sur es la und\u00e9cima potencia econ\u00f3mica del mundo?\",\"datePublished\":\"2020-12-16T10:47:43+00:00\",\"dateModified\":\"2020-12-16T14:30:10+00:00\",\"mainEntityOfPage\":{\"@id\":\"https:\/\/conversesacatalunya.cat\/es\/por-que-corea-del-sur-es-la-undecima-potencia-economica-del-mundo\/\"},\"wordCount\":438,\"commentCount\":0,\"image\":{\"@id\":\"https:\/\/conversesacatalunya.cat\/es\/por-que-corea-del-sur-es-la-undecima-potencia-economica-del-mundo\/#primaryimage\"},\"thumbnailUrl\":\"https:\/\/conversesacatalunya.cat\/wp-content\/uploads\/2020\/12\/corea-del-sur.jpg\",\"keywords\":[\"Corea del Sud\",\"Ley de educaci\u00f3n\",\"Llei d&#8217;ensenyament\"],\"articleSection\":[\"Punts clau del dia (ES)\"],\"inLanguage\":\"es\",\"potentialAction\":[{\"@type\":\"CommentAction\",\"name\":\"Comment\",\"target\":[\"https:\/\/conversesacatalunya.cat\/es\/por-que-corea-del-sur-es-la-undecima-potencia-economica-del-mundo\/#respond\"]}]},{\"@type\":\"WebPage\",\"@id\":\"https:\/\/conversesacatalunya.cat\/es\/por-que-corea-del-sur-es-la-undecima-potencia-economica-del-mundo\/\",\"url\":\"https:\/\/conversesacatalunya.cat\/es\/por-que-corea-del-sur-es-la-undecima-potencia-economica-del-mundo\/\",\"name\":\"\u00bfPor qu\u00e9 Corea del Sur es la und\u00e9cima potencia econ\u00f3mica del mundo? - Converses a Catalunya\",\"isPartOf\":{\"@id\":\"https:\/\/conversesacatalunya.cat\/#website\"},\"primaryImageOfPage\":{\"@id\":\"https:\/\/conversesacatalunya.cat\/es\/por-que-corea-del-sur-es-la-undecima-potencia-economica-del-mundo\/#primaryimage\"},\"image\":{\"@id\":\"https:\/\/conversesacatalunya.cat\/es\/por-que-corea-del-sur-es-la-undecima-potencia-economica-del-mundo\/#primaryimage\"},\"thumbnailUrl\":\"https:\/\/conversesacatalunya.cat\/wp-content\/uploads\/2020\/12\/corea-del-sur.jpg\",\"datePublished\":\"2020-12-16T10:47:43+00:00\",\"dateModified\":\"2020-12-16T14:30:10+00:00\",\"author\":{\"@id\":\"https:\/\/conversesacatalunya.cat\/#\/schema\/person\/7e24d1e54a2785373ddcb275eae5ed99\"},\"breadcrumb\":{\"@id\":\"https:\/\/conversesacatalunya.cat\/es\/por-que-corea-del-sur-es-la-undecima-potencia-economica-del-mundo\/#breadcrumb\"},\"inLanguage\":\"es\",\"potentialAction\":[{\"@type\":\"ReadAction\",\"target\":[\"https:\/\/conversesacatalunya.cat\/es\/por-que-corea-del-sur-es-la-undecima-potencia-economica-del-mundo\/\"]}]},{\"@type\":\"ImageObject\",\"inLanguage\":\"es\",\"@id\":\"https:\/\/conversesacatalunya.cat\/es\/por-que-corea-del-sur-es-la-undecima-potencia-economica-del-mundo\/#primaryimage\",\"url\":\"https:\/\/conversesacatalunya.cat\/wp-content\/uploads\/2020\/12\/corea-del-sur.jpg\",\"contentUrl\":\"https:\/\/conversesacatalunya.cat\/wp-content\/uploads\/2020\/12\/corea-del-sur.jpg\",\"width\":1000,\"height\":541,\"caption\":\"corea\"},{\"@type\":\"BreadcrumbList\",\"@id\":\"https:\/\/conversesacatalunya.cat\/es\/por-que-corea-del-sur-es-la-undecima-potencia-economica-del-mundo\/#breadcrumb\",\"itemListElement\":[{\"@type\":\"ListItem\",\"position\":1,\"name\":\"Inici\",\"item\":\"https:\/\/conversesacatalunya.cat\/es\/\"},{\"@type\":\"ListItem\",\"position\":2,\"name\":\"\u00bfPor qu\u00e9 Corea del Sur es la und\u00e9cima potencia econ\u00f3mica del mundo?\"}]},{\"@type\":\"WebSite\",\"@id\":\"https:\/\/conversesacatalunya.cat\/#website\",\"url\":\"https:\/\/conversesacatalunya.cat\/\",\"name\":\"Converses a Catalunya\",\"description\":\"\",\"potentialAction\":[{\"@type\":\"SearchAction\",\"target\":{\"@type\":\"EntryPoint\",\"urlTemplate\":\"https:\/\/conversesacatalunya.cat\/?s={search_term_string}\"},\"query-input\":{\"@type\":\"PropertyValueSpecification\",\"valueRequired\":true,\"valueName\":\"search_term_string\"}}],\"inLanguage\":\"es\"},{\"@type\":\"Person\",\"@id\":\"https:\/\/conversesacatalunya.cat\/#\/schema\/person\/7e24d1e54a2785373ddcb275eae5ed99\",\"name\":\"conversesacatalunya\",\"image\":{\"@type\":\"ImageObject\",\"inLanguage\":\"es\",\"@id\":\"https:\/\/conversesacatalunya.cat\/#\/schema\/person\/image\/\",\"url\":\"https:\/\/conversesacatalunya.cat\/wp-content\/litespeed\/avatar\/febdfeeec89d950f01c748045a981dd2.jpg?ver=1777314535\",\"contentUrl\":\"https:\/\/conversesacatalunya.cat\/wp-content\/litespeed\/avatar\/febdfeeec89d950f01c748045a981dd2.jpg?ver=1777314535\",\"caption\":\"conversesacatalunya\"},\"url\":\"https:\/\/conversesacatalunya.cat\/es\/author\/carme_catala\/\"}]}<\/script>\n<!-- \/ Yoast SEO plugin. -->","yoast_head_json":{"title":"\u00bfPor qu\u00e9 Corea del Sur es la und\u00e9cima potencia econ\u00f3mica del mundo? - Converses a Catalunya","robots":{"index":"index","follow":"follow","max-snippet":"max-snippet:-1","max-image-preview":"max-image-preview:large","max-video-preview":"max-video-preview:-1"},"canonical":"https:\/\/conversesacatalunya.cat\/es\/por-que-corea-del-sur-es-la-undecima-potencia-economica-del-mundo\/","og_locale":"es_ES","og_type":"article","og_title":"\u00bfPor qu\u00e9 Corea del Sur es la und\u00e9cima potencia econ\u00f3mica del mundo? - Converses a Catalunya","og_description":"Corea del Sur, Corea antes de la guerra civil, era un pa\u00eds atrasado, agr\u00edcola, estresado por la ocupaci\u00f3n japonesa, primero, y por la guerra civil y divisi\u00f3n del pa\u00eds, despu\u00e9s, que a pesar de todos estos inconvenientes se ha convertido en una potencia econ\u00f3mica mundial, la und\u00e9cima, que dispone de grandes empresas en sectores como los del autom\u00f3vil pero tambi\u00e9n en tecnolog\u00edas de la comunicaci\u00f3n y de la inform\u00e1tica. Hoy en d\u00eda demuestra su eficiencia con un nivel de control de la pandemia envidiable, s\u00f3lo ha tenido\u00a0529 muertos\u00a0para una poblaci\u00f3n total\u00a0de 51 millones de habitantes. Si lo comparamos con los\u00a070.000 muertos y una poblaci\u00f3n espa\u00f1ola de 47 millones de habitantes, son\u00a0la cara y la cruz del estado de la cuesti\u00f3n. Una de las razones fundamentales de la gran transformaci\u00f3n coreana es la importancia que\u00a0le han dado a los estudios.\u00a0Hasta un nivel tan extremo que seguramente no es generalizable, pero s\u00ed es imitable su preocupaci\u00f3n.\u00a0El examen para ingresar en la universidad y acceder en funci\u00f3n de la nota obtenida, se\u00f1ala una dura carrera meritocr\u00e1tica que fuerza a las familias a preparar a sus hijos pr\u00e1cticamente desde la primaria. Y si las condiciones que aplica Corea no son asumibles en una sociedad como la nuestra, s\u00ed lo es subrayar la importancia de haber implicado a la familia en la educaci\u00f3n de ni\u00f1os y j\u00f3venes, no s\u00f3lo con dedicaci\u00f3n, sino tambi\u00e9n con apoyo econ\u00f3mico. La dedicaci\u00f3n es importante como pone de manifiesto la excelente calificaci\u00f3n de los hijos de los inmigrantes coreanos en EEUU que superan en acceso a la universidad a los mismos nativos americanos. La clave est\u00e1 en la implicaci\u00f3n en la educaci\u00f3n de sus hijos, sobre todo de las madres, porque los padres trabajan muchas y muchas horas como inmigrados que son. Y tambi\u00e9n el esfuerzo econ\u00f3mico. En Corea el a\u00f1o 2016, las familias gastaban 16.000 millones de euros en reforzar los estudios de sus hijos\u00a0con clases extraescolares y tutor\u00edas.\u00a0En Espa\u00f1a, que acaba\u00a0de aprobar una ley de educaci\u00f3n, la familia no sale por ning\u00fan lado.\u00a0No existe, y la ministra Cela\u00e1 tiene un especial cuidado en rechazar sus derechos educativos y en imponer la supremac\u00eda de un estado que, hasta ahora, ha fracasado estrepitosamente en la educaci\u00f3n, como muestran todas las estad\u00edsticas.","og_url":"https:\/\/conversesacatalunya.cat\/es\/por-que-corea-del-sur-es-la-undecima-potencia-economica-del-mundo\/","og_site_name":"Converses a Catalunya","article_published_time":"2020-12-16T10:47:43+00:00","article_modified_time":"2020-12-16T14:30:10+00:00","og_image":[{"width":1000,"height":541,"url":"https:\/\/conversesacatalunya.cat\/wp-content\/uploads\/2020\/12\/corea-del-sur.jpg","type":"image\/jpeg"}],"author":"conversesacatalunya","twitter_card":"summary_large_image","twitter_misc":{"Escrito por":"conversesacatalunya","Tiempo de lectura":"2 minutos"},"schema":{"@context":"https:\/\/schema.org","@graph":[{"@type":"Article","@id":"https:\/\/conversesacatalunya.cat\/es\/por-que-corea-del-sur-es-la-undecima-potencia-economica-del-mundo\/#article","isPartOf":{"@id":"https:\/\/conversesacatalunya.cat\/es\/por-que-corea-del-sur-es-la-undecima-potencia-economica-del-mundo\/"},"author":{"name":"conversesacatalunya","@id":"https:\/\/conversesacatalunya.cat\/#\/schema\/person\/7e24d1e54a2785373ddcb275eae5ed99"},"headline":"\u00bfPor qu\u00e9 Corea del Sur es la und\u00e9cima potencia econ\u00f3mica del mundo?","datePublished":"2020-12-16T10:47:43+00:00","dateModified":"2020-12-16T14:30:10+00:00","mainEntityOfPage":{"@id":"https:\/\/conversesacatalunya.cat\/es\/por-que-corea-del-sur-es-la-undecima-potencia-economica-del-mundo\/"},"wordCount":438,"commentCount":0,"image":{"@id":"https:\/\/conversesacatalunya.cat\/es\/por-que-corea-del-sur-es-la-undecima-potencia-economica-del-mundo\/#primaryimage"},"thumbnailUrl":"https:\/\/conversesacatalunya.cat\/wp-content\/uploads\/2020\/12\/corea-del-sur.jpg","keywords":["Corea del Sud","Ley de educaci\u00f3n","Llei d&#8217;ensenyament"],"articleSection":["Punts clau del dia (ES)"],"inLanguage":"es","potentialAction":[{"@type":"CommentAction","name":"Comment","target":["https:\/\/conversesacatalunya.cat\/es\/por-que-corea-del-sur-es-la-undecima-potencia-economica-del-mundo\/#respond"]}]},{"@type":"WebPage","@id":"https:\/\/conversesacatalunya.cat\/es\/por-que-corea-del-sur-es-la-undecima-potencia-economica-del-mundo\/","url":"https:\/\/conversesacatalunya.cat\/es\/por-que-corea-del-sur-es-la-undecima-potencia-economica-del-mundo\/","name":"\u00bfPor qu\u00e9 Corea del Sur es la und\u00e9cima potencia econ\u00f3mica del mundo? - Converses a Catalunya","isPartOf":{"@id":"https:\/\/conversesacatalunya.cat\/#website"},"primaryImageOfPage":{"@id":"https:\/\/conversesacatalunya.cat\/es\/por-que-corea-del-sur-es-la-undecima-potencia-economica-del-mundo\/#primaryimage"},"image":{"@id":"https:\/\/conversesacatalunya.cat\/es\/por-que-corea-del-sur-es-la-undecima-potencia-economica-del-mundo\/#primaryimage"},"thumbnailUrl":"https:\/\/conversesacatalunya.cat\/wp-content\/uploads\/2020\/12\/corea-del-sur.jpg","datePublished":"2020-12-16T10:47:43+00:00","dateModified":"2020-12-16T14:30:10+00:00","author":{"@id":"https:\/\/conversesacatalunya.cat\/#\/schema\/person\/7e24d1e54a2785373ddcb275eae5ed99"},"breadcrumb":{"@id":"https:\/\/conversesacatalunya.cat\/es\/por-que-corea-del-sur-es-la-undecima-potencia-economica-del-mundo\/#breadcrumb"},"inLanguage":"es","potentialAction":[{"@type":"ReadAction","target":["https:\/\/conversesacatalunya.cat\/es\/por-que-corea-del-sur-es-la-undecima-potencia-economica-del-mundo\/"]}]},{"@type":"ImageObject","inLanguage":"es","@id":"https:\/\/conversesacatalunya.cat\/es\/por-que-corea-del-sur-es-la-undecima-potencia-economica-del-mundo\/#primaryimage","url":"https:\/\/conversesacatalunya.cat\/wp-content\/uploads\/2020\/12\/corea-del-sur.jpg","contentUrl":"https:\/\/conversesacatalunya.cat\/wp-content\/uploads\/2020\/12\/corea-del-sur.jpg","width":1000,"height":541,"caption":"corea"},{"@type":"BreadcrumbList","@id":"https:\/\/conversesacatalunya.cat\/es\/por-que-corea-del-sur-es-la-undecima-potencia-economica-del-mundo\/#breadcrumb","itemListElement":[{"@type":"ListItem","position":1,"name":"Inici","item":"https:\/\/conversesacatalunya.cat\/es\/"},{"@type":"ListItem","position":2,"name":"\u00bfPor qu\u00e9 Corea del Sur es la und\u00e9cima potencia econ\u00f3mica del mundo?"}]},{"@type":"WebSite","@id":"https:\/\/conversesacatalunya.cat\/#website","url":"https:\/\/conversesacatalunya.cat\/","name":"Converses a Catalunya","description":"","potentialAction":[{"@type":"SearchAction","target":{"@type":"EntryPoint","urlTemplate":"https:\/\/conversesacatalunya.cat\/?s={search_term_string}"},"query-input":{"@type":"PropertyValueSpecification","valueRequired":true,"valueName":"search_term_string"}}],"inLanguage":"es"},{"@type":"Person","@id":"https:\/\/conversesacatalunya.cat\/#\/schema\/person\/7e24d1e54a2785373ddcb275eae5ed99","name":"conversesacatalunya","image":{"@type":"ImageObject","inLanguage":"es","@id":"https:\/\/conversesacatalunya.cat\/#\/schema\/person\/image\/","url":"https:\/\/conversesacatalunya.cat\/wp-content\/litespeed\/avatar\/febdfeeec89d950f01c748045a981dd2.jpg?ver=1777314535","contentUrl":"https:\/\/conversesacatalunya.cat\/wp-content\/litespeed\/avatar\/febdfeeec89d950f01c748045a981dd2.jpg?ver=1777314535","caption":"conversesacatalunya"},"url":"https:\/\/conversesacatalunya.cat\/es\/author\/carme_catala\/"}]}},"wps_subtitle":"","_links":{"self":[{"href":"https:\/\/conversesacatalunya.cat\/es\/wp-json\/wp\/v2\/posts\/43316","targetHints":{"allow":["GET"]}}],"collection":[{"href":"https:\/\/conversesacatalunya.cat\/es\/wp-json\/wp\/v2\/posts"}],"about":[{"href":"https:\/\/conversesacatalunya.cat\/es\/wp-json\/wp\/v2\/types\/post"}],"author":[{"embeddable":true,"href":"https:\/\/conversesacatalunya.cat\/es\/wp-json\/wp\/v2\/users\/2"}],"replies":[{"embeddable":true,"href":"https:\/\/conversesacatalunya.cat\/es\/wp-json\/wp\/v2\/comments?post=43316"}],"version-history":[{"count":2,"href":"https:\/\/conversesacatalunya.cat\/es\/wp-json\/wp\/v2\/posts\/43316\/revisions"}],"predecessor-version":[{"id":43318,"href":"https:\/\/conversesacatalunya.cat\/es\/wp-json\/wp\/v2\/posts\/43316\/revisions\/43318"}],"wp:featuredmedia":[{"embeddable":true,"href":"https:\/\/conversesacatalunya.cat\/es\/wp-json\/wp\/v2\/media\/43298"}],"wp:attachment":[{"href":"https:\/\/conversesacatalunya.cat\/es\/wp-json\/wp\/v2\/media?parent=43316"}],"wp:term":[{"taxonomy":"category","embeddable":true,"href":"https:\/\/conversesacatalunya.cat\/es\/wp-json\/wp\/v2\/categories?post=43316"},{"taxonomy":"post_tag","embeddable":true,"href":"https:\/\/conversesacatalunya.cat\/es\/wp-json\/wp\/v2\/tags?post=43316"}],"curies":[{"name":"wp","href":"https:\/\/api.w.org\/{rel}","templated":true}]}}