{"id":43311,"date":"2020-12-16T13:38:57","date_gmt":"2020-12-16T12:38:57","guid":{"rendered":"https:\/\/conversesacatalunya.cat\/?p=43311"},"modified":"2020-12-16T13:38:57","modified_gmt":"2020-12-16T12:38:57","slug":"la-crisis-del-sistema-educativo-espanol-y-la-ley-celaa-y-ii","status":"publish","type":"post","link":"https:\/\/conversesacatalunya.cat\/es\/la-crisis-del-sistema-educativo-espanol-y-la-ley-celaa-y-ii\/","title":{"rendered":"La crisis del sistema educativo espa\u00f1ol y la ley Cela\u00e1 (y II)"},"content":{"rendered":"<p>Apuntaba en el\u00a0<a href=\"https:\/\/conversesacatalunya.cat\/es\/ley-celaa-sistema-educativo\/\" target=\"_blank\" rel=\"noopener noreferrer\">art\u00edculo precedente<\/a>\u00a0un sucinto diagn\u00f3stico de la cr\u00edtica situaci\u00f3n de la ense\u00f1anza en Espa\u00f1a, y lo inadecuado de la reciente ley Cela\u00e1 para abordarla.<\/p>\n<p>Una de las grandes razones para que as\u00ed sea, radica en el\u00a0<strong>olvido de la familia<\/strong>, ha pesar de ser el agente decisivo para alcanzar un buen rendimiento escolar, dado que hasta un 60% del resultado dependen de ella, no tanto porque imparta instrucci\u00f3n, que tambi\u00e9n lo hace, sino porque forma en las virtudes necesarias para que la instrucci\u00f3n escolar fructifique. Se trata del capital social localizado en cada familia, que se traduce en capital humano. Sabemos todo esto desde hace un mont\u00f3n de a\u00f1os, desde finales de los ochenta, con los estudios de\u00a0<a href=\"https:\/\/www.econ.msu.ru\/cmt2\/lib\/c\/477\/File\/Social%20Capital%20in%20the%20Creation%20of%20Human%20Capital.pdf\" target=\"_blank\" rel=\"noopener noreferrer\"><b>James\u00a0<\/b><b>S. Coleman<\/b><\/a> (Versi\u00f3n espa\u00f1ola; <em>Capital social y capital humano<\/em>. Zona Abierta. 94\/95, 2001) y tambi\u00e9n\u00a0<a href=\"https:\/\/www.amazon.com\/Public-Private-High-Schools-Communities\/dp\/0465067670\" target=\"_blank\" rel=\"noopener noreferrer\">aqu\u00ed<\/a><\/p>\n<p>Sobre esta materia. Disponemos en nuestro pa\u00eds de un excelente trabajo del soci\u00f3logo\u00a0<strong>Javier Elzo<\/strong>\u00a0<a href=\"http:\/\/www.edu21.cat\/files\/continguts\/504.pdf\" target=\"_blank\" rel=\"noopener noreferrer\"><em>Models Familiars a Catalunya 2009<\/em><\/a>. Los distintos resultados observados y los perfiles socioecon\u00f3micos de cada familia le permiten establecer cuatro tipos. El grupo que denomina \u201c<strong>familia progresista<\/strong>\u201d agrupa en el caso de Catalu\u00f1a al 23% del total. Es el que presenta un nivel de renta m\u00e1s elevado, y en consonancia con este dato un m\u00e1s alto nivel de estudios. A pesar de ello, sus resultados se asemejan a los de la denominada \u201c<strong>familia conflictiva\u201d<\/strong>\u00a0(15% del total), la que revela una mayor frecuencia de hijos con actitudes antisociales, y que se caracteriza por detentar el menor nivel de ingresos y formaci\u00f3n. En contrapartida las que obtienen mejores resultados se encuentran en la banda media de los ingresos. Se trata de la que clasifica como \u201c<strong>familia conservadora\u201d<\/strong>\u00a0(30,5%), y la \u201c<strong>familia convivencial\u201d<\/strong>\u00a0(32%). El resultado coincide en se\u00f1alar, una vez m\u00e1s que, junto con la renta y el nivel socioecon\u00f3mico, que son variables explicativas fundamentales, se requiere de un determinado capital social para alcanzar una socializaci\u00f3n positiva de los hijos, condici\u00f3n b\u00e1sica para un buen rendimiento escolar.<\/p>\n<h3><strong>La ley Cela\u00e1<\/strong><\/h3>\n<p>La nueva ley aprobada como todas las precedentes sin consenso, pero con el\u00a0<strong>menor margen a favor de todas ellas<\/strong>, solo por un voto, no solo no da respuesta a los problemas de fondo, como el bajo rendimiento escolar, la ausencia de motivaciones y capacidad de esfuerzo, el fracaso en matem\u00e1ticas, ciencias y comprensi\u00f3n lectora, el abandono escolar temprano, sino que ha cometido el irremediable error de\u00a0<strong>menospreciar el papel de los padres<\/strong>. Ha reducido todav\u00eda m\u00e1s sus capacidades educadoras al negar en la pr\u00e1ctica el derecho constitucional a la educaci\u00f3n moral y religiosa de sus hijos, cuando precisamente este tipo de educaci\u00f3n configura el n\u00facleo duro del\u00a0<strong>capital social;\u00a0<\/strong><a href=\"https:\/\/www.forumlibertas.com\/hemeroteca\/por-que-necesitamos-el-capital-moral\/\" target=\"_blank\" rel=\"noopener noreferrer\"><strong>el capital moral<\/strong><\/a>. Es necesario recordar lo que escribi\u00f3 Fred<strong>\u00a0Hirsch<\/strong>\u00a0en\u00a0<a href=\"https:\/\/www.hup.harvard.edu\/catalog.php?isbn=9780674497900\" target=\"_blank\" rel=\"noopener noreferrer\"><em>The Social Limits to Growth<\/em><\/a><em>.<\/em>\u00a0\u201c<em>El agotamiento del capital moral puede ser m\u00e1s costoso que el agotamiento del capital f\u00edsico<\/em>\u201c.<\/p>\n<p>La ley ningunea un\u00a0<strong>derecho humano fundamental<\/strong>\u00a0(art, 26.3): \u00a0<em>\u201cLos padres tendr\u00e1n derecho preferente a escoger el tipo de educaci\u00f3n que habr\u00e1 de darse a sus hijos\u201d<\/em>, en relaci\u00f3n al art\u00edculo 10.2 de la \u00a0Constituci\u00f3n y el art\u00edculo 27, que en sus 10 puntos expresa \u00a0el pacto educativo en Espa\u00f1a con tres pilares: derecho a la educaci\u00f3n, libertad de ense\u00f1anza y derecho de los padres, adem\u00e1s de los art\u00edculos \u00a027.1 (libertad de ense\u00f1anza), 27.6\u00a0<em>(<\/em>libertad de creaci\u00f3n de centros docentes<em>),\u00a0<\/em>y el art. 14 (Igualdad ante la ley). La libertad no consiste en una \u00fanica escuela estatal regida por funcionarios del estado. Esto es una obviedad.<\/p>\n<p>La ley, como informaba este peri\u00f3dico, en un buen an\u00e1lisis de sus principales contenidos \u201crecoge<strong><em>\u00a0las aspiraciones generales de la izquierda progresista<\/em>\u201d<\/strong>. Lo cual es un problema por partida doble. Primero porque lo que se trata de recoger son los problemas de nuestra educaci\u00f3n, y no el\u00a0<em>a priori<\/em>\u00a0de una ideolog\u00eda, y m\u00e1s todav\u00eda, cuando -segundo problema- la mayor\u00eda de las fracasadas leyes educativas de este pa\u00eds, empezando por la LOGSE, han sido hechas por la izquierda, no s\u00e9 si progresista o no.<\/p>\n<p>Se ha hecho una ley, no a favor de la educaci\u00f3n, sino contra los derechos de los padres, la escuela concertada a la que asfixia econ\u00f3micamente, y la diferenciada present\u00e1ndola como lo que no es, a menos que la UNESCO se equivoque, dado que la<em>\u00a0\u00a0<\/em><em>\u00a0<\/em><em>Convenci\u00f3n de la UNESCO relativa a la lucha contra las discriminaciones en materia de ense\u00f1anza del 14 de diciembre de 1960, aceptada por Espa\u00f1a el 20 de agosto de 1969<strong>,\u00a0<\/strong><\/em><em>ratificado en 1999 por el Comit\u00e9 de Derechos Econ\u00f3micos, Sociales y Culturales de la ONU,\u00a0<\/em>establece en su art. 2\u00ba de\u00a0<em>\u00a0<\/em>que no existe discriminaci\u00f3n en \u201c<em>los\u00a0<\/em><em>centros de ense\u00f1anza separados para los alumnos de sexo masculino y para los de sexo femenino, siempre que estos sistemas o centros ofrezcan facilidades equivalentes de acceso a la ense\u00f1anza, dispongan de un personal docente igualmente calificado, de locales escolares y de un equipo de igual calidad, y permitan seguir los mismos programas de estudio o programas equivalentes<\/em><em>.\u201d<\/em><\/p>\n<p>Rematemos la cuesti\u00f3n: \u00a0\u00faltimo\u00a0<strong>informe de la OCDE<\/strong>\u00a0sobre 63 paises, publicado pocos d\u00edas despu\u00e9s de la aprobaci\u00f3n de la ley, confirma una vez mas la crisis de la educaci\u00f3n p\u00fablica espa\u00f1ola. En este caso en los alumnos de primaria. Espa\u00f1a se sit\u00faa por debajo de la media en matem\u00e1ticas, 527 por 502 punto y en ciencias, 526 por 504. Nada de todo esto lo resolver\u00e1 la nueva ley.\u00a0 Las \u201c<em>aspiraciones generales de la izquierda progresista<\/em>\u201d habr\u00e1n quedado satisfechas a expensas de la educaci\u00f3n.<\/p>\n<span class='bctt-click-to-tweet'><span class='bctt-ctt-text'><a href='https:\/\/twitter.com\/intent\/tweet?url=https%3A%2F%2Fconversesacatalunya.cat%2Fes%2Fla-crisis-del-sistema-educativo-espanol-y-la-ley-celaa-y-ii%2F&#038;text=La%20nueva%20ley%20Cela%C3%A1%20aprobada%20por%20un%20solo%20voto%2C%20no%20solo%20no%20da%20respuesta%20a%20los%20problemas%20de%20fondo%2C%20como%20el%20bajo%20rendimiento%20escolar&#038;via=conversesacat&#038;related=conversesacat' target='_blank'rel=\"noopener noreferrer\">La nueva ley Cela\u00e1 aprobada por un solo voto, no solo no da respuesta a los problemas de fondo, como el bajo rendimiento escolar <\/a><\/span><a href='https:\/\/twitter.com\/intent\/tweet?url=https%3A%2F%2Fconversesacatalunya.cat%2Fes%2Fla-crisis-del-sistema-educativo-espanol-y-la-ley-celaa-y-ii%2F&#038;text=La%20nueva%20ley%20Cela%C3%A1%20aprobada%20por%20un%20solo%20voto%2C%20no%20solo%20no%20da%20respuesta%20a%20los%20problemas%20de%20fondo%2C%20como%20el%20bajo%20rendimiento%20escolar&#038;via=conversesacat&#038;related=conversesacat' target='_blank' class='bctt-ctt-btn'rel=\"noopener noreferrer\">Compartir en X<\/a><\/span>\n","protected":false},"excerpt":{"rendered":"<p>Apuntaba en el\u00a0art\u00edculo precedente\u00a0un sucinto diagn\u00f3stico de la cr\u00edtica situaci\u00f3n de la ense\u00f1anza en Espa\u00f1a, y lo inadecuado de la reciente ley Cela\u00e1 para abordarla. Una de las grandes razones para que as\u00ed sea, radica en el\u00a0olvido de la familia, ha pesar de ser el agente decisivo para alcanzar un buen rendimiento escolar, dado que hasta un 60% del resultado dependen de ella, no tanto porque imparta instrucci\u00f3n, que tambi\u00e9n lo hace, sino porque forma en las virtudes necesarias para que la instrucci\u00f3n escolar fructifique. Se trata del capital social localizado en cada familia, que se traduce en capital humano. Sabemos todo esto desde hace un mont\u00f3n de a\u00f1os, desde finales de los ochenta, con los estudios de\u00a0James\u00a0S. Coleman (Versi\u00f3n espa\u00f1ola; Capital social y capital humano. Zona Abierta. 94\/95, 2001) y tambi\u00e9n\u00a0aqu\u00ed Sobre esta materia. Disponemos en nuestro pa\u00eds de un excelente trabajo del soci\u00f3logo\u00a0Javier Elzo\u00a0Models Familiars a Catalunya 2009. Los distintos resultados observados y los perfiles socioecon\u00f3micos de cada familia le permiten establecer cuatro tipos. El grupo que denomina \u201cfamilia progresista\u201d agrupa en el caso de Catalu\u00f1a al 23% del total. Es el que presenta un nivel de renta m\u00e1s elevado, y en consonancia con este dato un m\u00e1s alto nivel de estudios. A pesar de ello, sus resultados se asemejan a los de la denominada \u201cfamilia conflictiva\u201d\u00a0(15% del total), la que revela una mayor frecuencia de hijos con actitudes antisociales, y que se caracteriza por detentar el menor nivel de ingresos y formaci\u00f3n. En contrapartida las que obtienen mejores resultados se encuentran en la banda media de los ingresos. Se trata de la que clasifica como \u201cfamilia conservadora\u201d\u00a0(30,5%), y la \u201cfamilia convivencial\u201d\u00a0(32%). El resultado coincide en se\u00f1alar, una vez m\u00e1s que, junto con la renta y el nivel socioecon\u00f3mico, que son variables explicativas fundamentales, se requiere de un determinado capital social para alcanzar una socializaci\u00f3n positiva de los hijos, condici\u00f3n b\u00e1sica para un buen rendimiento escolar. La ley Cela\u00e1 La nueva ley aprobada como todas las precedentes sin consenso, pero con el\u00a0menor margen a favor de todas ellas, solo por un voto, no solo no da respuesta a los problemas de fondo, como el bajo rendimiento escolar, la ausencia de motivaciones y capacidad de esfuerzo, el fracaso en matem\u00e1ticas, ciencias y comprensi\u00f3n lectora, el abandono escolar temprano, sino que ha cometido el irremediable error de\u00a0menospreciar el papel de los padres. Ha reducido todav\u00eda m\u00e1s sus capacidades educadoras al negar en la pr\u00e1ctica el derecho constitucional a la educaci\u00f3n moral y religiosa de sus hijos, cuando precisamente este tipo de educaci\u00f3n configura el n\u00facleo duro del\u00a0capital social;\u00a0el capital moral. Es necesario recordar lo que escribi\u00f3 Fred\u00a0Hirsch\u00a0en\u00a0The Social Limits to Growth.\u00a0\u201cEl agotamiento del capital moral puede ser m\u00e1s costoso que el agotamiento del capital f\u00edsico\u201c. La ley ningunea un\u00a0derecho humano fundamental\u00a0(art, 26.3): \u00a0\u201cLos padres tendr\u00e1n derecho preferente a escoger el tipo de educaci\u00f3n que habr\u00e1 de darse a sus hijos\u201d, en relaci\u00f3n al art\u00edculo 10.2 de la \u00a0Constituci\u00f3n y el art\u00edculo 27, que en sus 10 puntos expresa \u00a0el pacto educativo en Espa\u00f1a con tres pilares: derecho a la educaci\u00f3n, libertad de ense\u00f1anza y derecho de los padres, adem\u00e1s de los art\u00edculos \u00a027.1 (libertad de ense\u00f1anza), 27.6\u00a0(libertad de creaci\u00f3n de centros docentes),\u00a0y el art. 14 (Igualdad ante la ley). La libertad no consiste en una \u00fanica escuela estatal regida por funcionarios del estado. Esto es una obviedad. La ley, como informaba este peri\u00f3dico, en un buen an\u00e1lisis de sus principales contenidos \u201crecoge\u00a0las aspiraciones generales de la izquierda progresista\u201d. Lo cual es un problema por partida doble. Primero porque lo que se trata de recoger son los problemas de nuestra educaci\u00f3n, y no el\u00a0a priori\u00a0de una ideolog\u00eda, y m\u00e1s todav\u00eda, cuando -segundo problema- la mayor\u00eda de las fracasadas leyes educativas de este pa\u00eds, empezando por la LOGSE, han sido hechas por la izquierda, no s\u00e9 si progresista o no. Se ha hecho una ley, no a favor de la educaci\u00f3n, sino contra los derechos de los padres, la escuela concertada a la que asfixia econ\u00f3micamente, y la diferenciada present\u00e1ndola como lo que no es, a menos que la UNESCO se equivoque, dado que la\u00a0\u00a0\u00a0Convenci\u00f3n de la UNESCO relativa a la lucha contra las discriminaciones en materia de ense\u00f1anza del 14 de diciembre de 1960, aceptada por Espa\u00f1a el 20 de agosto de 1969,\u00a0ratificado en 1999 por el Comit\u00e9 de Derechos Econ\u00f3micos, Sociales y Culturales de la ONU,\u00a0establece en su art. 2\u00ba de\u00a0\u00a0que no existe discriminaci\u00f3n en \u201clos\u00a0centros de ense\u00f1anza separados para los alumnos de sexo masculino y para los de sexo femenino, siempre que estos sistemas o centros ofrezcan facilidades equivalentes de acceso a la ense\u00f1anza, dispongan de un personal docente igualmente calificado, de locales escolares y de un equipo de igual calidad, y permitan seguir los mismos programas de estudio o programas equivalentes.\u201d Rematemos la cuesti\u00f3n: \u00a0\u00faltimo\u00a0informe de la OCDE\u00a0sobre 63 paises, publicado pocos d\u00edas despu\u00e9s de la aprobaci\u00f3n de la ley, confirma una vez mas la crisis de la educaci\u00f3n p\u00fablica espa\u00f1ola. En este caso en los alumnos de primaria. Espa\u00f1a se sit\u00faa por debajo de la media en matem\u00e1ticas, 527 por 502 punto y en ciencias, 526 por 504. Nada de todo esto lo resolver\u00e1 la nueva ley.\u00a0 Las \u201caspiraciones generales de la izquierda progresista\u201d habr\u00e1n quedado satisfechas a expensas de la educaci\u00f3n.<\/p>\n","protected":false},"author":19,"featured_media":43312,"comment_status":"open","ping_status":"open","sticky":false,"template":"","format":"standard","meta":{"_FSMCFIC_featured_image_caption":"","_FSMCFIC_featured_image_nocaption":"","_FSMCFIC_featured_image_hide":"","footnotes":""},"categories":[796],"tags":[924,3239],"class_list":["post-43311","post","type-post","status-publish","format-standard","has-post-thumbnail","hentry","category-el-blog-de-josep-miro-i-ardevol-es","tag-celaa-es","tag-ley-de-educacion"],"yoast_head":"<!-- This site is optimized with the Yoast SEO plugin v26.8 - https:\/\/yoast.com\/product\/yoast-seo-wordpress\/ -->\n<title>La crisis del sistema educativo espa\u00f1ol y la ley Cela\u00e1 (y II) - Converses a Catalunya<\/title>\n<meta name=\"description\" content=\"La nueva ley Cela\u00e1 aprobada por un solo voto, no solo no da respuesta a los problemas de fondo, como el bajo rendimiento escolar\" \/>\n<meta name=\"robots\" content=\"index, follow, max-snippet:-1, max-image-preview:large, max-video-preview:-1\" \/>\n<link rel=\"canonical\" href=\"https:\/\/conversesacatalunya.cat\/es\/la-crisis-del-sistema-educativo-espanol-y-la-ley-celaa-y-ii\/\" \/>\n<meta property=\"og:locale\" content=\"es_ES\" \/>\n<meta property=\"og:type\" content=\"article\" \/>\n<meta property=\"og:title\" content=\"La crisis del sistema educativo espa\u00f1ol y la ley Cela\u00e1 (y II) - Converses a Catalunya\" \/>\n<meta property=\"og:description\" content=\"La nueva ley Cela\u00e1 aprobada por un solo voto, no solo no da respuesta a los problemas de fondo, como el bajo rendimiento escolar\" \/>\n<meta property=\"og:url\" content=\"https:\/\/conversesacatalunya.cat\/es\/la-crisis-del-sistema-educativo-espanol-y-la-ley-celaa-y-ii\/\" \/>\n<meta property=\"og:site_name\" content=\"Converses a Catalunya\" \/>\n<meta property=\"article:published_time\" content=\"2020-12-16T12:38:57+00:00\" \/>\n<meta property=\"og:image\" content=\"https:\/\/conversesacatalunya.cat\/wp-content\/uploads\/2020\/12\/isabel-celaa-030320-1.jpg\" \/>\n\t<meta property=\"og:image:width\" content=\"1280\" \/>\n\t<meta property=\"og:image:height\" content=\"720\" \/>\n\t<meta property=\"og:image:type\" content=\"image\/jpeg\" \/>\n<meta name=\"author\" content=\"Josep Mir\u00f3 i Ard\u00e8vol\" \/>\n<meta name=\"twitter:card\" content=\"summary_large_image\" \/>\n<meta name=\"twitter:label1\" content=\"Escrito por\" \/>\n\t<meta name=\"twitter:data1\" content=\"Josep Mir\u00f3 i Ard\u00e8vol\" \/>\n\t<meta name=\"twitter:label2\" content=\"Tiempo de lectura\" \/>\n\t<meta name=\"twitter:data2\" content=\"5 minutos\" \/>\n<script type=\"application\/ld+json\" class=\"yoast-schema-graph\">{\"@context\":\"https:\/\/schema.org\",\"@graph\":[{\"@type\":\"Article\",\"@id\":\"https:\/\/conversesacatalunya.cat\/es\/la-crisis-del-sistema-educativo-espanol-y-la-ley-celaa-y-ii\/#article\",\"isPartOf\":{\"@id\":\"https:\/\/conversesacatalunya.cat\/es\/la-crisis-del-sistema-educativo-espanol-y-la-ley-celaa-y-ii\/\"},\"author\":{\"name\":\"Josep Mir\u00f3 i Ard\u00e8vol\",\"@id\":\"https:\/\/conversesacatalunya.cat\/#\/schema\/person\/a9598a6786ba7d3d1c5e0de477b79370\"},\"headline\":\"La crisis del sistema educativo espa\u00f1ol y la ley Cela\u00e1 (y II)\",\"datePublished\":\"2020-12-16T12:38:57+00:00\",\"mainEntityOfPage\":{\"@id\":\"https:\/\/conversesacatalunya.cat\/es\/la-crisis-del-sistema-educativo-espanol-y-la-ley-celaa-y-ii\/\"},\"wordCount\":1003,\"commentCount\":0,\"image\":{\"@id\":\"https:\/\/conversesacatalunya.cat\/es\/la-crisis-del-sistema-educativo-espanol-y-la-ley-celaa-y-ii\/#primaryimage\"},\"thumbnailUrl\":\"https:\/\/conversesacatalunya.cat\/wp-content\/uploads\/2020\/12\/isabel-celaa-030320-1.jpg\",\"keywords\":[\"Cela\u00e0\",\"Ley de educaci\u00f3n\"],\"articleSection\":[\"El Blog de Josep Mir\u00f3 i Ard\u00e8vol (ES)\"],\"inLanguage\":\"es\",\"potentialAction\":[{\"@type\":\"CommentAction\",\"name\":\"Comment\",\"target\":[\"https:\/\/conversesacatalunya.cat\/es\/la-crisis-del-sistema-educativo-espanol-y-la-ley-celaa-y-ii\/#respond\"]}]},{\"@type\":\"WebPage\",\"@id\":\"https:\/\/conversesacatalunya.cat\/es\/la-crisis-del-sistema-educativo-espanol-y-la-ley-celaa-y-ii\/\",\"url\":\"https:\/\/conversesacatalunya.cat\/es\/la-crisis-del-sistema-educativo-espanol-y-la-ley-celaa-y-ii\/\",\"name\":\"La crisis del sistema educativo espa\u00f1ol y la ley Cela\u00e1 (y II) - Converses a Catalunya\",\"isPartOf\":{\"@id\":\"https:\/\/conversesacatalunya.cat\/#website\"},\"primaryImageOfPage\":{\"@id\":\"https:\/\/conversesacatalunya.cat\/es\/la-crisis-del-sistema-educativo-espanol-y-la-ley-celaa-y-ii\/#primaryimage\"},\"image\":{\"@id\":\"https:\/\/conversesacatalunya.cat\/es\/la-crisis-del-sistema-educativo-espanol-y-la-ley-celaa-y-ii\/#primaryimage\"},\"thumbnailUrl\":\"https:\/\/conversesacatalunya.cat\/wp-content\/uploads\/2020\/12\/isabel-celaa-030320-1.jpg\",\"datePublished\":\"2020-12-16T12:38:57+00:00\",\"author\":{\"@id\":\"https:\/\/conversesacatalunya.cat\/#\/schema\/person\/a9598a6786ba7d3d1c5e0de477b79370\"},\"description\":\"La nueva ley Cela\u00e1 aprobada por un solo voto, no solo no da respuesta a los problemas de fondo, como el bajo rendimiento escolar\",\"breadcrumb\":{\"@id\":\"https:\/\/conversesacatalunya.cat\/es\/la-crisis-del-sistema-educativo-espanol-y-la-ley-celaa-y-ii\/#breadcrumb\"},\"inLanguage\":\"es\",\"potentialAction\":[{\"@type\":\"ReadAction\",\"target\":[\"https:\/\/conversesacatalunya.cat\/es\/la-crisis-del-sistema-educativo-espanol-y-la-ley-celaa-y-ii\/\"]}]},{\"@type\":\"ImageObject\",\"inLanguage\":\"es\",\"@id\":\"https:\/\/conversesacatalunya.cat\/es\/la-crisis-del-sistema-educativo-espanol-y-la-ley-celaa-y-ii\/#primaryimage\",\"url\":\"https:\/\/conversesacatalunya.cat\/wp-content\/uploads\/2020\/12\/isabel-celaa-030320-1.jpg\",\"contentUrl\":\"https:\/\/conversesacatalunya.cat\/wp-content\/uploads\/2020\/12\/isabel-celaa-030320-1.jpg\",\"width\":1280,\"height\":720,\"caption\":\"ley cela\u00e1\"},{\"@type\":\"BreadcrumbList\",\"@id\":\"https:\/\/conversesacatalunya.cat\/es\/la-crisis-del-sistema-educativo-espanol-y-la-ley-celaa-y-ii\/#breadcrumb\",\"itemListElement\":[{\"@type\":\"ListItem\",\"position\":1,\"name\":\"Inici\",\"item\":\"https:\/\/conversesacatalunya.cat\/es\/\"},{\"@type\":\"ListItem\",\"position\":2,\"name\":\"La crisis del sistema educativo espa\u00f1ol y la ley Cela\u00e1 (y II)\"}]},{\"@type\":\"WebSite\",\"@id\":\"https:\/\/conversesacatalunya.cat\/#website\",\"url\":\"https:\/\/conversesacatalunya.cat\/\",\"name\":\"Converses a Catalunya\",\"description\":\"\",\"potentialAction\":[{\"@type\":\"SearchAction\",\"target\":{\"@type\":\"EntryPoint\",\"urlTemplate\":\"https:\/\/conversesacatalunya.cat\/?s={search_term_string}\"},\"query-input\":{\"@type\":\"PropertyValueSpecification\",\"valueRequired\":true,\"valueName\":\"search_term_string\"}}],\"inLanguage\":\"es\"},{\"@type\":\"Person\",\"@id\":\"https:\/\/conversesacatalunya.cat\/#\/schema\/person\/a9598a6786ba7d3d1c5e0de477b79370\",\"name\":\"Josep Mir\u00f3 i Ard\u00e8vol\",\"image\":{\"@type\":\"ImageObject\",\"inLanguage\":\"es\",\"@id\":\"https:\/\/conversesacatalunya.cat\/#\/schema\/person\/image\/\",\"url\":\"https:\/\/conversesacatalunya.cat\/wp-content\/litespeed\/avatar\/c37e3dc881857483d6694cdf98fdedea.jpg?ver=1777270381\",\"contentUrl\":\"https:\/\/conversesacatalunya.cat\/wp-content\/litespeed\/avatar\/c37e3dc881857483d6694cdf98fdedea.jpg?ver=1777270381\",\"caption\":\"Josep Mir\u00f3 i Ard\u00e8vol\"},\"url\":\"https:\/\/conversesacatalunya.cat\/es\/author\/josep-miro-i-ardevol\/\"}]}<\/script>\n<!-- \/ Yoast SEO plugin. -->","yoast_head_json":{"title":"La crisis del sistema educativo espa\u00f1ol y la ley Cela\u00e1 (y II) - Converses a Catalunya","description":"La nueva ley Cela\u00e1 aprobada por un solo voto, no solo no da respuesta a los problemas de fondo, como el bajo rendimiento escolar","robots":{"index":"index","follow":"follow","max-snippet":"max-snippet:-1","max-image-preview":"max-image-preview:large","max-video-preview":"max-video-preview:-1"},"canonical":"https:\/\/conversesacatalunya.cat\/es\/la-crisis-del-sistema-educativo-espanol-y-la-ley-celaa-y-ii\/","og_locale":"es_ES","og_type":"article","og_title":"La crisis del sistema educativo espa\u00f1ol y la ley Cela\u00e1 (y II) - Converses a Catalunya","og_description":"La nueva ley Cela\u00e1 aprobada por un solo voto, no solo no da respuesta a los problemas de fondo, como el bajo rendimiento escolar","og_url":"https:\/\/conversesacatalunya.cat\/es\/la-crisis-del-sistema-educativo-espanol-y-la-ley-celaa-y-ii\/","og_site_name":"Converses a Catalunya","article_published_time":"2020-12-16T12:38:57+00:00","og_image":[{"width":1280,"height":720,"url":"https:\/\/conversesacatalunya.cat\/wp-content\/uploads\/2020\/12\/isabel-celaa-030320-1.jpg","type":"image\/jpeg"}],"author":"Josep Mir\u00f3 i Ard\u00e8vol","twitter_card":"summary_large_image","twitter_misc":{"Escrito por":"Josep Mir\u00f3 i Ard\u00e8vol","Tiempo de lectura":"5 minutos"},"schema":{"@context":"https:\/\/schema.org","@graph":[{"@type":"Article","@id":"https:\/\/conversesacatalunya.cat\/es\/la-crisis-del-sistema-educativo-espanol-y-la-ley-celaa-y-ii\/#article","isPartOf":{"@id":"https:\/\/conversesacatalunya.cat\/es\/la-crisis-del-sistema-educativo-espanol-y-la-ley-celaa-y-ii\/"},"author":{"name":"Josep Mir\u00f3 i Ard\u00e8vol","@id":"https:\/\/conversesacatalunya.cat\/#\/schema\/person\/a9598a6786ba7d3d1c5e0de477b79370"},"headline":"La crisis del sistema educativo espa\u00f1ol y la ley Cela\u00e1 (y II)","datePublished":"2020-12-16T12:38:57+00:00","mainEntityOfPage":{"@id":"https:\/\/conversesacatalunya.cat\/es\/la-crisis-del-sistema-educativo-espanol-y-la-ley-celaa-y-ii\/"},"wordCount":1003,"commentCount":0,"image":{"@id":"https:\/\/conversesacatalunya.cat\/es\/la-crisis-del-sistema-educativo-espanol-y-la-ley-celaa-y-ii\/#primaryimage"},"thumbnailUrl":"https:\/\/conversesacatalunya.cat\/wp-content\/uploads\/2020\/12\/isabel-celaa-030320-1.jpg","keywords":["Cela\u00e0","Ley de educaci\u00f3n"],"articleSection":["El Blog de Josep Mir\u00f3 i Ard\u00e8vol (ES)"],"inLanguage":"es","potentialAction":[{"@type":"CommentAction","name":"Comment","target":["https:\/\/conversesacatalunya.cat\/es\/la-crisis-del-sistema-educativo-espanol-y-la-ley-celaa-y-ii\/#respond"]}]},{"@type":"WebPage","@id":"https:\/\/conversesacatalunya.cat\/es\/la-crisis-del-sistema-educativo-espanol-y-la-ley-celaa-y-ii\/","url":"https:\/\/conversesacatalunya.cat\/es\/la-crisis-del-sistema-educativo-espanol-y-la-ley-celaa-y-ii\/","name":"La crisis del sistema educativo espa\u00f1ol y la ley Cela\u00e1 (y II) - Converses a Catalunya","isPartOf":{"@id":"https:\/\/conversesacatalunya.cat\/#website"},"primaryImageOfPage":{"@id":"https:\/\/conversesacatalunya.cat\/es\/la-crisis-del-sistema-educativo-espanol-y-la-ley-celaa-y-ii\/#primaryimage"},"image":{"@id":"https:\/\/conversesacatalunya.cat\/es\/la-crisis-del-sistema-educativo-espanol-y-la-ley-celaa-y-ii\/#primaryimage"},"thumbnailUrl":"https:\/\/conversesacatalunya.cat\/wp-content\/uploads\/2020\/12\/isabel-celaa-030320-1.jpg","datePublished":"2020-12-16T12:38:57+00:00","author":{"@id":"https:\/\/conversesacatalunya.cat\/#\/schema\/person\/a9598a6786ba7d3d1c5e0de477b79370"},"description":"La nueva ley Cela\u00e1 aprobada por un solo voto, no solo no da respuesta a los problemas de fondo, como el bajo rendimiento escolar","breadcrumb":{"@id":"https:\/\/conversesacatalunya.cat\/es\/la-crisis-del-sistema-educativo-espanol-y-la-ley-celaa-y-ii\/#breadcrumb"},"inLanguage":"es","potentialAction":[{"@type":"ReadAction","target":["https:\/\/conversesacatalunya.cat\/es\/la-crisis-del-sistema-educativo-espanol-y-la-ley-celaa-y-ii\/"]}]},{"@type":"ImageObject","inLanguage":"es","@id":"https:\/\/conversesacatalunya.cat\/es\/la-crisis-del-sistema-educativo-espanol-y-la-ley-celaa-y-ii\/#primaryimage","url":"https:\/\/conversesacatalunya.cat\/wp-content\/uploads\/2020\/12\/isabel-celaa-030320-1.jpg","contentUrl":"https:\/\/conversesacatalunya.cat\/wp-content\/uploads\/2020\/12\/isabel-celaa-030320-1.jpg","width":1280,"height":720,"caption":"ley cela\u00e1"},{"@type":"BreadcrumbList","@id":"https:\/\/conversesacatalunya.cat\/es\/la-crisis-del-sistema-educativo-espanol-y-la-ley-celaa-y-ii\/#breadcrumb","itemListElement":[{"@type":"ListItem","position":1,"name":"Inici","item":"https:\/\/conversesacatalunya.cat\/es\/"},{"@type":"ListItem","position":2,"name":"La crisis del sistema educativo espa\u00f1ol y la ley Cela\u00e1 (y II)"}]},{"@type":"WebSite","@id":"https:\/\/conversesacatalunya.cat\/#website","url":"https:\/\/conversesacatalunya.cat\/","name":"Converses a Catalunya","description":"","potentialAction":[{"@type":"SearchAction","target":{"@type":"EntryPoint","urlTemplate":"https:\/\/conversesacatalunya.cat\/?s={search_term_string}"},"query-input":{"@type":"PropertyValueSpecification","valueRequired":true,"valueName":"search_term_string"}}],"inLanguage":"es"},{"@type":"Person","@id":"https:\/\/conversesacatalunya.cat\/#\/schema\/person\/a9598a6786ba7d3d1c5e0de477b79370","name":"Josep Mir\u00f3 i Ard\u00e8vol","image":{"@type":"ImageObject","inLanguage":"es","@id":"https:\/\/conversesacatalunya.cat\/#\/schema\/person\/image\/","url":"https:\/\/conversesacatalunya.cat\/wp-content\/litespeed\/avatar\/c37e3dc881857483d6694cdf98fdedea.jpg?ver=1777270381","contentUrl":"https:\/\/conversesacatalunya.cat\/wp-content\/litespeed\/avatar\/c37e3dc881857483d6694cdf98fdedea.jpg?ver=1777270381","caption":"Josep Mir\u00f3 i Ard\u00e8vol"},"url":"https:\/\/conversesacatalunya.cat\/es\/author\/josep-miro-i-ardevol\/"}]}},"wps_subtitle":"La nueva ley aprobada por un solo voto, no solo no da respuesta a los problemas de fondo, como el bajo rendimiento escolar","_links":{"self":[{"href":"https:\/\/conversesacatalunya.cat\/es\/wp-json\/wp\/v2\/posts\/43311","targetHints":{"allow":["GET"]}}],"collection":[{"href":"https:\/\/conversesacatalunya.cat\/es\/wp-json\/wp\/v2\/posts"}],"about":[{"href":"https:\/\/conversesacatalunya.cat\/es\/wp-json\/wp\/v2\/types\/post"}],"author":[{"embeddable":true,"href":"https:\/\/conversesacatalunya.cat\/es\/wp-json\/wp\/v2\/users\/19"}],"replies":[{"embeddable":true,"href":"https:\/\/conversesacatalunya.cat\/es\/wp-json\/wp\/v2\/comments?post=43311"}],"version-history":[{"count":1,"href":"https:\/\/conversesacatalunya.cat\/es\/wp-json\/wp\/v2\/posts\/43311\/revisions"}],"predecessor-version":[{"id":43314,"href":"https:\/\/conversesacatalunya.cat\/es\/wp-json\/wp\/v2\/posts\/43311\/revisions\/43314"}],"wp:featuredmedia":[{"embeddable":true,"href":"https:\/\/conversesacatalunya.cat\/es\/wp-json\/wp\/v2\/media\/43312"}],"wp:attachment":[{"href":"https:\/\/conversesacatalunya.cat\/es\/wp-json\/wp\/v2\/media?parent=43311"}],"wp:term":[{"taxonomy":"category","embeddable":true,"href":"https:\/\/conversesacatalunya.cat\/es\/wp-json\/wp\/v2\/categories?post=43311"},{"taxonomy":"post_tag","embeddable":true,"href":"https:\/\/conversesacatalunya.cat\/es\/wp-json\/wp\/v2\/tags?post=43311"}],"curies":[{"name":"wp","href":"https:\/\/api.w.org\/{rel}","templated":true}]}}