{"id":43270,"date":"2020-12-15T13:33:26","date_gmt":"2020-12-15T12:33:26","guid":{"rendered":"https:\/\/conversesacatalunya.cat\/nou-judici-a-otegi-totes-les-dades-de-lafer\/"},"modified":"2020-12-15T17:16:01","modified_gmt":"2020-12-15T16:16:01","slug":"nuevo-juicio-a-otegi-todos-los-datos-del-asunto","status":"publish","type":"post","link":"https:\/\/conversesacatalunya.cat\/es\/nuevo-juicio-a-otegi-todos-los-datos-del-asunto\/","title":{"rendered":"Nuevo juicio a Otegi. Todos los datos del asunto"},"content":{"rendered":"<p><span><span class=\"\">Ha estallado como una bomba la decisi\u00f3n del Supremo de ordenar\u00a0<\/span><\/span><strong><span><span class=\"\">repetir el juicio a Otegi<\/span><\/span><\/strong><span><span class=\"\">.\u00a0<\/span>No es para menos, \u00e9l y la formaci\u00f3n que lidera,\u00a0<\/span><strong><span>Bildu,<\/span><\/strong><span> son una pieza b\u00e1sica en la recusaci\u00f3n de <\/span><strong><span>S\u00e1nchez<\/span><\/strong><span>\u00a0al gobierno.\u00a0Y por esta raz\u00f3n el PSOE tiene abierto un frente externo e interno de cr\u00edtica para todos aquellos que consideran que, Otegi en particular y esta formaci\u00f3n en general, no han condenado expl\u00edcitamente los cr\u00edmenes <\/span><strong><span>de ETA.<\/span><\/strong><\/p>\n<p><span>El juicio significar\u00e1 poner en primer t\u00e9rmino aspectos de las actividades pol\u00edticas de Otegi y el hecho de si intent\u00f3 reorganizar o no la prohibida Batasuna.<\/span><\/p>\n<p><span>Como siempre, las opiniones se dividen en dos campos totalmente contrapuestos: los que consideran que esto es una operaci\u00f3n de los jueces para torpedear al gobierno, y los que creen que es una necesidad jur\u00eddica que tiene evidentemente consecuencias pol\u00edticas.<\/span><\/p>\n<p><span>Los hechos son estos: Otegi fue condenado\u00a0<\/span><strong><span>y cumpli\u00f3 6 a\u00f1os y medio<\/span><\/strong><span>\u00a0de prisi\u00f3n como organizador de la formaci\u00f3n pol\u00edtica favorable a ETA, pero posteriormente el Tribunal de Estrasburgo consider\u00f3 que este juicio no hab\u00eda sido justo, dando la raz\u00f3n a Otegi que acusaba al tribunal de falta de imparcialidad. Acatada la sentencia del\u00a0<\/span><strong><span>Tribunal Europeo de Derechos Humanos<\/span><\/strong><span>, Otegi quedaba como si nada hubiera pasado desde el punto de vista de su responsabilidad, con 6 a\u00f1os y medio de condena completa encima, eso s\u00ed.<\/span><\/p>\n<p><span>La raz\u00f3n fundamental para considerar que el tribunal no fue imparcial fue causada por la magistrada que lo presid\u00eda, <\/span><strong><span>\u00c1ngela Murillo<\/span><\/strong><span>, que con algunos de sus comentarios pod\u00eda prejuzgar que no encarar\u00eda la cuesti\u00f3n con la imparcialidad de un juez. Y eso fue suficientemente evidente para que el Tribunal de Estrasburgo diera la raz\u00f3n a Otegi.<\/span><\/p>\n<p><span>Ahora, la\u00a0<\/span><strong><span>Sala segunda del Tribunal Supremo<\/span><\/strong><span> ha ordenado repetir el caso asumiendo el criterio de la fiscal\u00eda que es quien lo ha pedido, bajo la l\u00f3gica de que los hechos juzgados no pueden quedar impunes por un defecto de forma, como es la no imparcialidad de la presidenta, y que por tanto es necesario hacer un nuevo juicio con todos los pormenores. La Sala segunda se fundamenta tambi\u00e9n en el <\/span><strong><span>protocolo 7 del Convenio Europeo<\/span><\/strong><span> que contempla supuestos como \u00e9ste, de repetici\u00f3n, cuando hay un defecto formal en el juicio.<\/span><\/p>\n<p><span>Las consecuencias para Otegi de la sentencia ser\u00edan nulas o en todo caso favorables porque como ha cumplido 6 a\u00f1os y medio, en caso de ser condenado, la pena ya estar\u00eda cumplida y si el Tribunal le absolviera, entonces podr\u00eda ejercer el derecho a la indemnizaci\u00f3n correspondiente y que a\u00fan pondr\u00eda m\u00e1s en la picota la sentencia inicial.<\/span><\/p>\n<p><span>\u00bfQu\u00e9 podemos deducir de todo esto? Que si Otegi mantuviera la situaci\u00f3n de meses atr\u00e1s, cuando Bildu y \u00e9l eran fuerzas de oposici\u00f3n, el juicio les habr\u00eda resultado favorable para poder airear todo el discurso pol\u00edtico cr\u00edtico con la justicia espa\u00f1ola, sabiendo que no tendr\u00eda consecuencias penales y que incluso podr\u00eda sacar algo favorable. En todo caso tendr\u00eda en sus manos un altavoz. Pero ahora su posici\u00f3n ha cambiado. Forma parte del \u00bb <\/span><strong><span>bloque del estado\u00bb y el juicio forzosamente les incomoda<\/span><\/strong><span>. Por tanto, no es el hecho de que aquel se produzca, sino el cambio de posici\u00f3n pol\u00edtica que se ha producido, que determina el punto de vista sobre la actitud del Supremo.<\/span><\/p>\n<p><span>Aunque hay un hecho a\u00f1adido, el pasado d\u00eda\u00a0<\/span><strong><span>14 de diciembre<\/span><\/strong><span>\u00a0el ex diputado de UCD y diplom\u00e1tico\u00a0<\/span><strong><span>Javier Rup\u00e9rez<\/span><\/strong><span> firmaba un art\u00edculo \u00abUna pistola Browning FN\u00bb en el que literalmente informaba que el comando que intent\u00f3 secuestrar a Gabriel Cisneros, tambi\u00e9n diputado de la UCD, que intent\u00f3 escapar y que fue gravemente herido por el grupo de ETA, era el \u00abcomando calimotxo\u00bb y estaba formado por Lu\u00eds Mar\u00eda Alcorta Maguregui (\u00abbigotes\u00bb), Jos\u00e9 Mar\u00eda Ostolaza Pagoaga (\u00abbarbas\u00bb) y <\/span><strong><span>Arnaldo Otegi\u00a0<\/span><\/strong><strong><span>Mondrag\u00f3n<\/span><\/strong><span> (\u00abel gordo\u00bb) que en concreto \u00abutilizaba una pistola Browning FN de 9 mm. Parabellum\u00bb. Estas declaraciones formaban parte de la instrucci\u00f3n, y correspond\u00edan a la declaraci\u00f3n de una de las personas que hab\u00edan participado en el asunto, de ciudadan\u00eda francesa, <\/span><strong><span>Fran\u00e7oise Maruhenda<\/span><\/strong><span>, que fue detenida y procesada y cumpli\u00f3 condena en prisi\u00f3n.\u00a0Este asunto, grave y lejano en el tiempo, pero no tanto como para que los protagonistas no sigan presentes, recuerda que Otegi fue un miembro activo de la misma ETA antes que dirigente pol\u00edtico.\u00a0El pasado es el pasado, pero siempre tiene consecuencias sobre el futuro.<\/span><\/p>\n","protected":false},"excerpt":{"rendered":"<p>Ha estallado como una bomba la decisi\u00f3n del Supremo de ordenar\u00a0repetir el juicio a Otegi.\u00a0No es para menos, \u00e9l y la formaci\u00f3n que lidera,\u00a0Bildu, son una pieza b\u00e1sica en la recusaci\u00f3n de S\u00e1nchez\u00a0al gobierno.\u00a0Y por esta raz\u00f3n el PSOE tiene abierto un frente externo e interno de cr\u00edtica para todos aquellos que consideran que, Otegi en particular y esta formaci\u00f3n en general, no han condenado expl\u00edcitamente los cr\u00edmenes de ETA. El juicio significar\u00e1 poner en primer t\u00e9rmino aspectos de las actividades pol\u00edticas de Otegi y el hecho de si intent\u00f3 reorganizar o no la prohibida Batasuna. Como siempre, las opiniones se dividen en dos campos totalmente contrapuestos: los que consideran que esto es una operaci\u00f3n de los jueces para torpedear al gobierno, y los que creen que es una necesidad jur\u00eddica que tiene evidentemente consecuencias pol\u00edticas. Los hechos son estos: Otegi fue condenado\u00a0y cumpli\u00f3 6 a\u00f1os y medio\u00a0de prisi\u00f3n como organizador de la formaci\u00f3n pol\u00edtica favorable a ETA, pero posteriormente el Tribunal de Estrasburgo consider\u00f3 que este juicio no hab\u00eda sido justo, dando la raz\u00f3n a Otegi que acusaba al tribunal de falta de imparcialidad. Acatada la sentencia del\u00a0Tribunal Europeo de Derechos Humanos, Otegi quedaba como si nada hubiera pasado desde el punto de vista de su responsabilidad, con 6 a\u00f1os y medio de condena completa encima, eso s\u00ed. La raz\u00f3n fundamental para considerar que el tribunal no fue imparcial fue causada por la magistrada que lo presid\u00eda, \u00c1ngela Murillo, que con algunos de sus comentarios pod\u00eda prejuzgar que no encarar\u00eda la cuesti\u00f3n con la imparcialidad de un juez. Y eso fue suficientemente evidente para que el Tribunal de Estrasburgo diera la raz\u00f3n a Otegi. Ahora, la\u00a0Sala segunda del Tribunal Supremo ha ordenado repetir el caso asumiendo el criterio de la fiscal\u00eda que es quien lo ha pedido, bajo la l\u00f3gica de que los hechos juzgados no pueden quedar impunes por un defecto de forma, como es la no imparcialidad de la presidenta, y que por tanto es necesario hacer un nuevo juicio con todos los pormenores. La Sala segunda se fundamenta tambi\u00e9n en el protocolo 7 del Convenio Europeo que contempla supuestos como \u00e9ste, de repetici\u00f3n, cuando hay un defecto formal en el juicio. Las consecuencias para Otegi de la sentencia ser\u00edan nulas o en todo caso favorables porque como ha cumplido 6 a\u00f1os y medio, en caso de ser condenado, la pena ya estar\u00eda cumplida y si el Tribunal le absolviera, entonces podr\u00eda ejercer el derecho a la indemnizaci\u00f3n correspondiente y que a\u00fan pondr\u00eda m\u00e1s en la picota la sentencia inicial. \u00bfQu\u00e9 podemos deducir de todo esto? Que si Otegi mantuviera la situaci\u00f3n de meses atr\u00e1s, cuando Bildu y \u00e9l eran fuerzas de oposici\u00f3n, el juicio les habr\u00eda resultado favorable para poder airear todo el discurso pol\u00edtico cr\u00edtico con la justicia espa\u00f1ola, sabiendo que no tendr\u00eda consecuencias penales y que incluso podr\u00eda sacar algo favorable. En todo caso tendr\u00eda en sus manos un altavoz. Pero ahora su posici\u00f3n ha cambiado. Forma parte del \u00bb bloque del estado\u00bb y el juicio forzosamente les incomoda. Por tanto, no es el hecho de que aquel se produzca, sino el cambio de posici\u00f3n pol\u00edtica que se ha producido, que determina el punto de vista sobre la actitud del Supremo. Aunque hay un hecho a\u00f1adido, el pasado d\u00eda\u00a014 de diciembre\u00a0el ex diputado de UCD y diplom\u00e1tico\u00a0Javier Rup\u00e9rez firmaba un art\u00edculo \u00abUna pistola Browning FN\u00bb en el que literalmente informaba que el comando que intent\u00f3 secuestrar a Gabriel Cisneros, tambi\u00e9n diputado de la UCD, que intent\u00f3 escapar y que fue gravemente herido por el grupo de ETA, era el \u00abcomando calimotxo\u00bb y estaba formado por Lu\u00eds Mar\u00eda Alcorta Maguregui (\u00abbigotes\u00bb), Jos\u00e9 Mar\u00eda Ostolaza Pagoaga (\u00abbarbas\u00bb) y Arnaldo Otegi\u00a0Mondrag\u00f3n (\u00abel gordo\u00bb) que en concreto \u00abutilizaba una pistola Browning FN de 9 mm. Parabellum\u00bb. Estas declaraciones formaban parte de la instrucci\u00f3n, y correspond\u00edan a la declaraci\u00f3n de una de las personas que hab\u00edan participado en el asunto, de ciudadan\u00eda francesa, Fran\u00e7oise Maruhenda, que fue detenida y procesada y cumpli\u00f3 condena en prisi\u00f3n.\u00a0Este asunto, grave y lejano en el tiempo, pero no tanto como para que los protagonistas no sigan presentes, recuerda que Otegi fue un miembro activo de la misma ETA antes que dirigente pol\u00edtico.\u00a0El pasado es el pasado, pero siempre tiene consecuencias sobre el futuro.<\/p>\n","protected":false},"author":2,"featured_media":43267,"comment_status":"open","ping_status":"open","sticky":false,"template":"","format":"standard","meta":{"_FSMCFIC_featured_image_caption":"","_FSMCFIC_featured_image_nocaption":"","_FSMCFIC_featured_image_hide":"","footnotes":""},"categories":[806],"tags":[],"class_list":["post-43270","post","type-post","status-publish","format-standard","has-post-thumbnail","hentry","category-punts-claus-del-dia-es"],"yoast_head":"<!-- This site is optimized with the Yoast SEO plugin v26.8 - https:\/\/yoast.com\/product\/yoast-seo-wordpress\/ -->\n<title>Nuevo juicio a Otegi. Todos los datos del asunto - Converses a Catalunya<\/title>\n<meta name=\"robots\" content=\"index, follow, max-snippet:-1, max-image-preview:large, max-video-preview:-1\" \/>\n<link rel=\"canonical\" href=\"https:\/\/conversesacatalunya.cat\/es\/nuevo-juicio-a-otegi-todos-los-datos-del-asunto\/\" \/>\n<meta property=\"og:locale\" content=\"es_ES\" \/>\n<meta property=\"og:type\" content=\"article\" \/>\n<meta property=\"og:title\" content=\"Nuevo juicio a Otegi. Todos los datos del asunto - Converses a Catalunya\" \/>\n<meta property=\"og:description\" content=\"Ha estallado como una bomba la decisi\u00f3n del Supremo de ordenar\u00a0repetir el juicio a Otegi.\u00a0No es para menos, \u00e9l y la formaci\u00f3n que lidera,\u00a0Bildu, son una pieza b\u00e1sica en la recusaci\u00f3n de S\u00e1nchez\u00a0al gobierno.\u00a0Y por esta raz\u00f3n el PSOE tiene abierto un frente externo e interno de cr\u00edtica para todos aquellos que consideran que, Otegi en particular y esta formaci\u00f3n en general, no han condenado expl\u00edcitamente los cr\u00edmenes de ETA. El juicio significar\u00e1 poner en primer t\u00e9rmino aspectos de las actividades pol\u00edticas de Otegi y el hecho de si intent\u00f3 reorganizar o no la prohibida Batasuna. Como siempre, las opiniones se dividen en dos campos totalmente contrapuestos: los que consideran que esto es una operaci\u00f3n de los jueces para torpedear al gobierno, y los que creen que es una necesidad jur\u00eddica que tiene evidentemente consecuencias pol\u00edticas. Los hechos son estos: Otegi fue condenado\u00a0y cumpli\u00f3 6 a\u00f1os y medio\u00a0de prisi\u00f3n como organizador de la formaci\u00f3n pol\u00edtica favorable a ETA, pero posteriormente el Tribunal de Estrasburgo consider\u00f3 que este juicio no hab\u00eda sido justo, dando la raz\u00f3n a Otegi que acusaba al tribunal de falta de imparcialidad. Acatada la sentencia del\u00a0Tribunal Europeo de Derechos Humanos, Otegi quedaba como si nada hubiera pasado desde el punto de vista de su responsabilidad, con 6 a\u00f1os y medio de condena completa encima, eso s\u00ed. La raz\u00f3n fundamental para considerar que el tribunal no fue imparcial fue causada por la magistrada que lo presid\u00eda, \u00c1ngela Murillo, que con algunos de sus comentarios pod\u00eda prejuzgar que no encarar\u00eda la cuesti\u00f3n con la imparcialidad de un juez. Y eso fue suficientemente evidente para que el Tribunal de Estrasburgo diera la raz\u00f3n a Otegi. Ahora, la\u00a0Sala segunda del Tribunal Supremo ha ordenado repetir el caso asumiendo el criterio de la fiscal\u00eda que es quien lo ha pedido, bajo la l\u00f3gica de que los hechos juzgados no pueden quedar impunes por un defecto de forma, como es la no imparcialidad de la presidenta, y que por tanto es necesario hacer un nuevo juicio con todos los pormenores. La Sala segunda se fundamenta tambi\u00e9n en el protocolo 7 del Convenio Europeo que contempla supuestos como \u00e9ste, de repetici\u00f3n, cuando hay un defecto formal en el juicio. Las consecuencias para Otegi de la sentencia ser\u00edan nulas o en todo caso favorables porque como ha cumplido 6 a\u00f1os y medio, en caso de ser condenado, la pena ya estar\u00eda cumplida y si el Tribunal le absolviera, entonces podr\u00eda ejercer el derecho a la indemnizaci\u00f3n correspondiente y que a\u00fan pondr\u00eda m\u00e1s en la picota la sentencia inicial. \u00bfQu\u00e9 podemos deducir de todo esto? Que si Otegi mantuviera la situaci\u00f3n de meses atr\u00e1s, cuando Bildu y \u00e9l eran fuerzas de oposici\u00f3n, el juicio les habr\u00eda resultado favorable para poder airear todo el discurso pol\u00edtico cr\u00edtico con la justicia espa\u00f1ola, sabiendo que no tendr\u00eda consecuencias penales y que incluso podr\u00eda sacar algo favorable. En todo caso tendr\u00eda en sus manos un altavoz. Pero ahora su posici\u00f3n ha cambiado. Forma parte del \u00bb bloque del estado\u00bb y el juicio forzosamente les incomoda. Por tanto, no es el hecho de que aquel se produzca, sino el cambio de posici\u00f3n pol\u00edtica que se ha producido, que determina el punto de vista sobre la actitud del Supremo. Aunque hay un hecho a\u00f1adido, el pasado d\u00eda\u00a014 de diciembre\u00a0el ex diputado de UCD y diplom\u00e1tico\u00a0Javier Rup\u00e9rez firmaba un art\u00edculo \u00abUna pistola Browning FN\u00bb en el que literalmente informaba que el comando que intent\u00f3 secuestrar a Gabriel Cisneros, tambi\u00e9n diputado de la UCD, que intent\u00f3 escapar y que fue gravemente herido por el grupo de ETA, era el \u00abcomando calimotxo\u00bb y estaba formado por Lu\u00eds Mar\u00eda Alcorta Maguregui (\u00abbigotes\u00bb), Jos\u00e9 Mar\u00eda Ostolaza Pagoaga (\u00abbarbas\u00bb) y Arnaldo Otegi\u00a0Mondrag\u00f3n (\u00abel gordo\u00bb) que en concreto \u00abutilizaba una pistola Browning FN de 9 mm. Parabellum\u00bb. Estas declaraciones formaban parte de la instrucci\u00f3n, y correspond\u00edan a la declaraci\u00f3n de una de las personas que hab\u00edan participado en el asunto, de ciudadan\u00eda francesa, Fran\u00e7oise Maruhenda, que fue detenida y procesada y cumpli\u00f3 condena en prisi\u00f3n.\u00a0Este asunto, grave y lejano en el tiempo, pero no tanto como para que los protagonistas no sigan presentes, recuerda que Otegi fue un miembro activo de la misma ETA antes que dirigente pol\u00edtico.\u00a0El pasado es el pasado, pero siempre tiene consecuencias sobre el futuro.\" \/>\n<meta property=\"og:url\" content=\"https:\/\/conversesacatalunya.cat\/es\/nuevo-juicio-a-otegi-todos-los-datos-del-asunto\/\" \/>\n<meta property=\"og:site_name\" content=\"Converses a Catalunya\" \/>\n<meta property=\"article:published_time\" content=\"2020-12-15T12:33:26+00:00\" \/>\n<meta property=\"article:modified_time\" content=\"2020-12-15T16:16:01+00:00\" \/>\n<meta property=\"og:image\" content=\"https:\/\/conversesacatalunya.cat\/wp-content\/uploads\/2020\/12\/el-supremo-ordena-juzgar-de-nuevo-a-otegi-por-el-caso-bateragune.jpg\" \/>\n\t<meta property=\"og:image:width\" content=\"1200\" \/>\n\t<meta property=\"og:image:height\" content=\"900\" \/>\n\t<meta property=\"og:image:type\" content=\"image\/jpeg\" \/>\n<meta name=\"author\" content=\"conversesacatalunya\" \/>\n<meta name=\"twitter:card\" content=\"summary_large_image\" \/>\n<meta name=\"twitter:label1\" content=\"Escrito por\" \/>\n\t<meta name=\"twitter:data1\" content=\"conversesacatalunya\" \/>\n\t<meta name=\"twitter:label2\" content=\"Tiempo de lectura\" \/>\n\t<meta name=\"twitter:data2\" content=\"4 minutos\" \/>\n<script type=\"application\/ld+json\" class=\"yoast-schema-graph\">{\"@context\":\"https:\/\/schema.org\",\"@graph\":[{\"@type\":\"Article\",\"@id\":\"https:\/\/conversesacatalunya.cat\/es\/nuevo-juicio-a-otegi-todos-los-datos-del-asunto\/#article\",\"isPartOf\":{\"@id\":\"https:\/\/conversesacatalunya.cat\/es\/nuevo-juicio-a-otegi-todos-los-datos-del-asunto\/\"},\"author\":{\"name\":\"conversesacatalunya\",\"@id\":\"https:\/\/conversesacatalunya.cat\/#\/schema\/person\/7e24d1e54a2785373ddcb275eae5ed99\"},\"headline\":\"Nuevo juicio a Otegi. Todos los datos del asunto\",\"datePublished\":\"2020-12-15T12:33:26+00:00\",\"dateModified\":\"2020-12-15T16:16:01+00:00\",\"mainEntityOfPage\":{\"@id\":\"https:\/\/conversesacatalunya.cat\/es\/nuevo-juicio-a-otegi-todos-los-datos-del-asunto\/\"},\"wordCount\":798,\"commentCount\":0,\"image\":{\"@id\":\"https:\/\/conversesacatalunya.cat\/es\/nuevo-juicio-a-otegi-todos-los-datos-del-asunto\/#primaryimage\"},\"thumbnailUrl\":\"https:\/\/conversesacatalunya.cat\/wp-content\/uploads\/2020\/12\/el-supremo-ordena-juzgar-de-nuevo-a-otegi-por-el-caso-bateragune.jpg\",\"articleSection\":[\"Punts clau del dia (ES)\"],\"inLanguage\":\"es\",\"potentialAction\":[{\"@type\":\"CommentAction\",\"name\":\"Comment\",\"target\":[\"https:\/\/conversesacatalunya.cat\/es\/nuevo-juicio-a-otegi-todos-los-datos-del-asunto\/#respond\"]}]},{\"@type\":\"WebPage\",\"@id\":\"https:\/\/conversesacatalunya.cat\/es\/nuevo-juicio-a-otegi-todos-los-datos-del-asunto\/\",\"url\":\"https:\/\/conversesacatalunya.cat\/es\/nuevo-juicio-a-otegi-todos-los-datos-del-asunto\/\",\"name\":\"Nuevo juicio a Otegi. Todos los datos del asunto - Converses a Catalunya\",\"isPartOf\":{\"@id\":\"https:\/\/conversesacatalunya.cat\/#website\"},\"primaryImageOfPage\":{\"@id\":\"https:\/\/conversesacatalunya.cat\/es\/nuevo-juicio-a-otegi-todos-los-datos-del-asunto\/#primaryimage\"},\"image\":{\"@id\":\"https:\/\/conversesacatalunya.cat\/es\/nuevo-juicio-a-otegi-todos-los-datos-del-asunto\/#primaryimage\"},\"thumbnailUrl\":\"https:\/\/conversesacatalunya.cat\/wp-content\/uploads\/2020\/12\/el-supremo-ordena-juzgar-de-nuevo-a-otegi-por-el-caso-bateragune.jpg\",\"datePublished\":\"2020-12-15T12:33:26+00:00\",\"dateModified\":\"2020-12-15T16:16:01+00:00\",\"author\":{\"@id\":\"https:\/\/conversesacatalunya.cat\/#\/schema\/person\/7e24d1e54a2785373ddcb275eae5ed99\"},\"breadcrumb\":{\"@id\":\"https:\/\/conversesacatalunya.cat\/es\/nuevo-juicio-a-otegi-todos-los-datos-del-asunto\/#breadcrumb\"},\"inLanguage\":\"es\",\"potentialAction\":[{\"@type\":\"ReadAction\",\"target\":[\"https:\/\/conversesacatalunya.cat\/es\/nuevo-juicio-a-otegi-todos-los-datos-del-asunto\/\"]}]},{\"@type\":\"ImageObject\",\"inLanguage\":\"es\",\"@id\":\"https:\/\/conversesacatalunya.cat\/es\/nuevo-juicio-a-otegi-todos-los-datos-del-asunto\/#primaryimage\",\"url\":\"https:\/\/conversesacatalunya.cat\/wp-content\/uploads\/2020\/12\/el-supremo-ordena-juzgar-de-nuevo-a-otegi-por-el-caso-bateragune.jpg\",\"contentUrl\":\"https:\/\/conversesacatalunya.cat\/wp-content\/uploads\/2020\/12\/el-supremo-ordena-juzgar-de-nuevo-a-otegi-por-el-caso-bateragune.jpg\",\"width\":1200,\"height\":900,\"caption\":\"Judici Otegi\"},{\"@type\":\"BreadcrumbList\",\"@id\":\"https:\/\/conversesacatalunya.cat\/es\/nuevo-juicio-a-otegi-todos-los-datos-del-asunto\/#breadcrumb\",\"itemListElement\":[{\"@type\":\"ListItem\",\"position\":1,\"name\":\"Inici\",\"item\":\"https:\/\/conversesacatalunya.cat\/es\/\"},{\"@type\":\"ListItem\",\"position\":2,\"name\":\"Nuevo juicio a Otegi. Todos los datos del asunto\"}]},{\"@type\":\"WebSite\",\"@id\":\"https:\/\/conversesacatalunya.cat\/#website\",\"url\":\"https:\/\/conversesacatalunya.cat\/\",\"name\":\"Converses a Catalunya\",\"description\":\"\",\"potentialAction\":[{\"@type\":\"SearchAction\",\"target\":{\"@type\":\"EntryPoint\",\"urlTemplate\":\"https:\/\/conversesacatalunya.cat\/?s={search_term_string}\"},\"query-input\":{\"@type\":\"PropertyValueSpecification\",\"valueRequired\":true,\"valueName\":\"search_term_string\"}}],\"inLanguage\":\"es\"},{\"@type\":\"Person\",\"@id\":\"https:\/\/conversesacatalunya.cat\/#\/schema\/person\/7e24d1e54a2785373ddcb275eae5ed99\",\"name\":\"conversesacatalunya\",\"image\":{\"@type\":\"ImageObject\",\"inLanguage\":\"es\",\"@id\":\"https:\/\/conversesacatalunya.cat\/#\/schema\/person\/image\/\",\"url\":\"https:\/\/conversesacatalunya.cat\/wp-content\/litespeed\/avatar\/febdfeeec89d950f01c748045a981dd2.jpg?ver=1777314535\",\"contentUrl\":\"https:\/\/conversesacatalunya.cat\/wp-content\/litespeed\/avatar\/febdfeeec89d950f01c748045a981dd2.jpg?ver=1777314535\",\"caption\":\"conversesacatalunya\"},\"url\":\"https:\/\/conversesacatalunya.cat\/es\/author\/carme_catala\/\"}]}<\/script>\n<!-- \/ Yoast SEO plugin. -->","yoast_head_json":{"title":"Nuevo juicio a Otegi. Todos los datos del asunto - Converses a Catalunya","robots":{"index":"index","follow":"follow","max-snippet":"max-snippet:-1","max-image-preview":"max-image-preview:large","max-video-preview":"max-video-preview:-1"},"canonical":"https:\/\/conversesacatalunya.cat\/es\/nuevo-juicio-a-otegi-todos-los-datos-del-asunto\/","og_locale":"es_ES","og_type":"article","og_title":"Nuevo juicio a Otegi. Todos los datos del asunto - Converses a Catalunya","og_description":"Ha estallado como una bomba la decisi\u00f3n del Supremo de ordenar\u00a0repetir el juicio a Otegi.\u00a0No es para menos, \u00e9l y la formaci\u00f3n que lidera,\u00a0Bildu, son una pieza b\u00e1sica en la recusaci\u00f3n de S\u00e1nchez\u00a0al gobierno.\u00a0Y por esta raz\u00f3n el PSOE tiene abierto un frente externo e interno de cr\u00edtica para todos aquellos que consideran que, Otegi en particular y esta formaci\u00f3n en general, no han condenado expl\u00edcitamente los cr\u00edmenes de ETA. El juicio significar\u00e1 poner en primer t\u00e9rmino aspectos de las actividades pol\u00edticas de Otegi y el hecho de si intent\u00f3 reorganizar o no la prohibida Batasuna. Como siempre, las opiniones se dividen en dos campos totalmente contrapuestos: los que consideran que esto es una operaci\u00f3n de los jueces para torpedear al gobierno, y los que creen que es una necesidad jur\u00eddica que tiene evidentemente consecuencias pol\u00edticas. Los hechos son estos: Otegi fue condenado\u00a0y cumpli\u00f3 6 a\u00f1os y medio\u00a0de prisi\u00f3n como organizador de la formaci\u00f3n pol\u00edtica favorable a ETA, pero posteriormente el Tribunal de Estrasburgo consider\u00f3 que este juicio no hab\u00eda sido justo, dando la raz\u00f3n a Otegi que acusaba al tribunal de falta de imparcialidad. Acatada la sentencia del\u00a0Tribunal Europeo de Derechos Humanos, Otegi quedaba como si nada hubiera pasado desde el punto de vista de su responsabilidad, con 6 a\u00f1os y medio de condena completa encima, eso s\u00ed. La raz\u00f3n fundamental para considerar que el tribunal no fue imparcial fue causada por la magistrada que lo presid\u00eda, \u00c1ngela Murillo, que con algunos de sus comentarios pod\u00eda prejuzgar que no encarar\u00eda la cuesti\u00f3n con la imparcialidad de un juez. Y eso fue suficientemente evidente para que el Tribunal de Estrasburgo diera la raz\u00f3n a Otegi. Ahora, la\u00a0Sala segunda del Tribunal Supremo ha ordenado repetir el caso asumiendo el criterio de la fiscal\u00eda que es quien lo ha pedido, bajo la l\u00f3gica de que los hechos juzgados no pueden quedar impunes por un defecto de forma, como es la no imparcialidad de la presidenta, y que por tanto es necesario hacer un nuevo juicio con todos los pormenores. La Sala segunda se fundamenta tambi\u00e9n en el protocolo 7 del Convenio Europeo que contempla supuestos como \u00e9ste, de repetici\u00f3n, cuando hay un defecto formal en el juicio. Las consecuencias para Otegi de la sentencia ser\u00edan nulas o en todo caso favorables porque como ha cumplido 6 a\u00f1os y medio, en caso de ser condenado, la pena ya estar\u00eda cumplida y si el Tribunal le absolviera, entonces podr\u00eda ejercer el derecho a la indemnizaci\u00f3n correspondiente y que a\u00fan pondr\u00eda m\u00e1s en la picota la sentencia inicial. \u00bfQu\u00e9 podemos deducir de todo esto? Que si Otegi mantuviera la situaci\u00f3n de meses atr\u00e1s, cuando Bildu y \u00e9l eran fuerzas de oposici\u00f3n, el juicio les habr\u00eda resultado favorable para poder airear todo el discurso pol\u00edtico cr\u00edtico con la justicia espa\u00f1ola, sabiendo que no tendr\u00eda consecuencias penales y que incluso podr\u00eda sacar algo favorable. En todo caso tendr\u00eda en sus manos un altavoz. Pero ahora su posici\u00f3n ha cambiado. Forma parte del \u00bb bloque del estado\u00bb y el juicio forzosamente les incomoda. Por tanto, no es el hecho de que aquel se produzca, sino el cambio de posici\u00f3n pol\u00edtica que se ha producido, que determina el punto de vista sobre la actitud del Supremo. Aunque hay un hecho a\u00f1adido, el pasado d\u00eda\u00a014 de diciembre\u00a0el ex diputado de UCD y diplom\u00e1tico\u00a0Javier Rup\u00e9rez firmaba un art\u00edculo \u00abUna pistola Browning FN\u00bb en el que literalmente informaba que el comando que intent\u00f3 secuestrar a Gabriel Cisneros, tambi\u00e9n diputado de la UCD, que intent\u00f3 escapar y que fue gravemente herido por el grupo de ETA, era el \u00abcomando calimotxo\u00bb y estaba formado por Lu\u00eds Mar\u00eda Alcorta Maguregui (\u00abbigotes\u00bb), Jos\u00e9 Mar\u00eda Ostolaza Pagoaga (\u00abbarbas\u00bb) y Arnaldo Otegi\u00a0Mondrag\u00f3n (\u00abel gordo\u00bb) que en concreto \u00abutilizaba una pistola Browning FN de 9 mm. Parabellum\u00bb. Estas declaraciones formaban parte de la instrucci\u00f3n, y correspond\u00edan a la declaraci\u00f3n de una de las personas que hab\u00edan participado en el asunto, de ciudadan\u00eda francesa, Fran\u00e7oise Maruhenda, que fue detenida y procesada y cumpli\u00f3 condena en prisi\u00f3n.\u00a0Este asunto, grave y lejano en el tiempo, pero no tanto como para que los protagonistas no sigan presentes, recuerda que Otegi fue un miembro activo de la misma ETA antes que dirigente pol\u00edtico.\u00a0El pasado es el pasado, pero siempre tiene consecuencias sobre el futuro.","og_url":"https:\/\/conversesacatalunya.cat\/es\/nuevo-juicio-a-otegi-todos-los-datos-del-asunto\/","og_site_name":"Converses a Catalunya","article_published_time":"2020-12-15T12:33:26+00:00","article_modified_time":"2020-12-15T16:16:01+00:00","og_image":[{"width":1200,"height":900,"url":"https:\/\/conversesacatalunya.cat\/wp-content\/uploads\/2020\/12\/el-supremo-ordena-juzgar-de-nuevo-a-otegi-por-el-caso-bateragune.jpg","type":"image\/jpeg"}],"author":"conversesacatalunya","twitter_card":"summary_large_image","twitter_misc":{"Escrito por":"conversesacatalunya","Tiempo de lectura":"4 minutos"},"schema":{"@context":"https:\/\/schema.org","@graph":[{"@type":"Article","@id":"https:\/\/conversesacatalunya.cat\/es\/nuevo-juicio-a-otegi-todos-los-datos-del-asunto\/#article","isPartOf":{"@id":"https:\/\/conversesacatalunya.cat\/es\/nuevo-juicio-a-otegi-todos-los-datos-del-asunto\/"},"author":{"name":"conversesacatalunya","@id":"https:\/\/conversesacatalunya.cat\/#\/schema\/person\/7e24d1e54a2785373ddcb275eae5ed99"},"headline":"Nuevo juicio a Otegi. Todos los datos del asunto","datePublished":"2020-12-15T12:33:26+00:00","dateModified":"2020-12-15T16:16:01+00:00","mainEntityOfPage":{"@id":"https:\/\/conversesacatalunya.cat\/es\/nuevo-juicio-a-otegi-todos-los-datos-del-asunto\/"},"wordCount":798,"commentCount":0,"image":{"@id":"https:\/\/conversesacatalunya.cat\/es\/nuevo-juicio-a-otegi-todos-los-datos-del-asunto\/#primaryimage"},"thumbnailUrl":"https:\/\/conversesacatalunya.cat\/wp-content\/uploads\/2020\/12\/el-supremo-ordena-juzgar-de-nuevo-a-otegi-por-el-caso-bateragune.jpg","articleSection":["Punts clau del dia (ES)"],"inLanguage":"es","potentialAction":[{"@type":"CommentAction","name":"Comment","target":["https:\/\/conversesacatalunya.cat\/es\/nuevo-juicio-a-otegi-todos-los-datos-del-asunto\/#respond"]}]},{"@type":"WebPage","@id":"https:\/\/conversesacatalunya.cat\/es\/nuevo-juicio-a-otegi-todos-los-datos-del-asunto\/","url":"https:\/\/conversesacatalunya.cat\/es\/nuevo-juicio-a-otegi-todos-los-datos-del-asunto\/","name":"Nuevo juicio a Otegi. Todos los datos del asunto - Converses a Catalunya","isPartOf":{"@id":"https:\/\/conversesacatalunya.cat\/#website"},"primaryImageOfPage":{"@id":"https:\/\/conversesacatalunya.cat\/es\/nuevo-juicio-a-otegi-todos-los-datos-del-asunto\/#primaryimage"},"image":{"@id":"https:\/\/conversesacatalunya.cat\/es\/nuevo-juicio-a-otegi-todos-los-datos-del-asunto\/#primaryimage"},"thumbnailUrl":"https:\/\/conversesacatalunya.cat\/wp-content\/uploads\/2020\/12\/el-supremo-ordena-juzgar-de-nuevo-a-otegi-por-el-caso-bateragune.jpg","datePublished":"2020-12-15T12:33:26+00:00","dateModified":"2020-12-15T16:16:01+00:00","author":{"@id":"https:\/\/conversesacatalunya.cat\/#\/schema\/person\/7e24d1e54a2785373ddcb275eae5ed99"},"breadcrumb":{"@id":"https:\/\/conversesacatalunya.cat\/es\/nuevo-juicio-a-otegi-todos-los-datos-del-asunto\/#breadcrumb"},"inLanguage":"es","potentialAction":[{"@type":"ReadAction","target":["https:\/\/conversesacatalunya.cat\/es\/nuevo-juicio-a-otegi-todos-los-datos-del-asunto\/"]}]},{"@type":"ImageObject","inLanguage":"es","@id":"https:\/\/conversesacatalunya.cat\/es\/nuevo-juicio-a-otegi-todos-los-datos-del-asunto\/#primaryimage","url":"https:\/\/conversesacatalunya.cat\/wp-content\/uploads\/2020\/12\/el-supremo-ordena-juzgar-de-nuevo-a-otegi-por-el-caso-bateragune.jpg","contentUrl":"https:\/\/conversesacatalunya.cat\/wp-content\/uploads\/2020\/12\/el-supremo-ordena-juzgar-de-nuevo-a-otegi-por-el-caso-bateragune.jpg","width":1200,"height":900,"caption":"Judici Otegi"},{"@type":"BreadcrumbList","@id":"https:\/\/conversesacatalunya.cat\/es\/nuevo-juicio-a-otegi-todos-los-datos-del-asunto\/#breadcrumb","itemListElement":[{"@type":"ListItem","position":1,"name":"Inici","item":"https:\/\/conversesacatalunya.cat\/es\/"},{"@type":"ListItem","position":2,"name":"Nuevo juicio a Otegi. Todos los datos del asunto"}]},{"@type":"WebSite","@id":"https:\/\/conversesacatalunya.cat\/#website","url":"https:\/\/conversesacatalunya.cat\/","name":"Converses a Catalunya","description":"","potentialAction":[{"@type":"SearchAction","target":{"@type":"EntryPoint","urlTemplate":"https:\/\/conversesacatalunya.cat\/?s={search_term_string}"},"query-input":{"@type":"PropertyValueSpecification","valueRequired":true,"valueName":"search_term_string"}}],"inLanguage":"es"},{"@type":"Person","@id":"https:\/\/conversesacatalunya.cat\/#\/schema\/person\/7e24d1e54a2785373ddcb275eae5ed99","name":"conversesacatalunya","image":{"@type":"ImageObject","inLanguage":"es","@id":"https:\/\/conversesacatalunya.cat\/#\/schema\/person\/image\/","url":"https:\/\/conversesacatalunya.cat\/wp-content\/litespeed\/avatar\/febdfeeec89d950f01c748045a981dd2.jpg?ver=1777314535","contentUrl":"https:\/\/conversesacatalunya.cat\/wp-content\/litespeed\/avatar\/febdfeeec89d950f01c748045a981dd2.jpg?ver=1777314535","caption":"conversesacatalunya"},"url":"https:\/\/conversesacatalunya.cat\/es\/author\/carme_catala\/"}]}},"wps_subtitle":"","_links":{"self":[{"href":"https:\/\/conversesacatalunya.cat\/es\/wp-json\/wp\/v2\/posts\/43270","targetHints":{"allow":["GET"]}}],"collection":[{"href":"https:\/\/conversesacatalunya.cat\/es\/wp-json\/wp\/v2\/posts"}],"about":[{"href":"https:\/\/conversesacatalunya.cat\/es\/wp-json\/wp\/v2\/types\/post"}],"author":[{"embeddable":true,"href":"https:\/\/conversesacatalunya.cat\/es\/wp-json\/wp\/v2\/users\/2"}],"replies":[{"embeddable":true,"href":"https:\/\/conversesacatalunya.cat\/es\/wp-json\/wp\/v2\/comments?post=43270"}],"version-history":[{"count":2,"href":"https:\/\/conversesacatalunya.cat\/es\/wp-json\/wp\/v2\/posts\/43270\/revisions"}],"predecessor-version":[{"id":43272,"href":"https:\/\/conversesacatalunya.cat\/es\/wp-json\/wp\/v2\/posts\/43270\/revisions\/43272"}],"wp:featuredmedia":[{"embeddable":true,"href":"https:\/\/conversesacatalunya.cat\/es\/wp-json\/wp\/v2\/media\/43267"}],"wp:attachment":[{"href":"https:\/\/conversesacatalunya.cat\/es\/wp-json\/wp\/v2\/media?parent=43270"}],"wp:term":[{"taxonomy":"category","embeddable":true,"href":"https:\/\/conversesacatalunya.cat\/es\/wp-json\/wp\/v2\/categories?post=43270"},{"taxonomy":"post_tag","embeddable":true,"href":"https:\/\/conversesacatalunya.cat\/es\/wp-json\/wp\/v2\/tags?post=43270"}],"curies":[{"name":"wp","href":"https:\/\/api.w.org\/{rel}","templated":true}]}}