{"id":43226,"date":"2020-12-14T16:24:22","date_gmt":"2020-12-14T15:24:22","guid":{"rendered":"https:\/\/conversesacatalunya.cat\/?p=43226"},"modified":"2020-12-14T16:24:22","modified_gmt":"2020-12-14T15:24:22","slug":"oriol-junqueras-el-papel-lo-aguanta-todo","status":"publish","type":"post","link":"https:\/\/conversesacatalunya.cat\/es\/oriol-junqueras-el-papel-lo-aguanta-todo\/","title":{"rendered":"Oriol Junqueras: el papel lo aguanta todo"},"content":{"rendered":"<p><span>Oriol Junqueras ha dado cumplida r\u00e9plica este domingo, con un art\u00edculo a toda p\u00e1gina en La Vanguardia, al anterior publicado en el mismo diario y firmado por Carles Puigdemont.\u00a0Es, o quiere ser, una enmienda a toda plana en la tesis del ex presidente de la Generalitat y en la v\u00eda independentista unilateral.\u00a0<\/span><strong><span>El problema es, como siempre, la realidad<\/span><\/strong><span>, porque el papel evidentemente lo aguanta todo, pero los hechos rechazan lo que no encaja con \u00e9l.<\/span><\/p>\n<p><span>En su intento de conciliar un independentismo encarnizado con haberse convertido en un partido del\u00a0<\/span><strong><span>bloque de Espa\u00f1a<\/span><\/strong><span>, Junqueras recurre a la historia de ERC presentando que su aspiraci\u00f3n a la rep\u00fablica catalana ha estado siempre presente en el ideario del partido. No est\u00e1 bien en un historiador como \u00e9l estirar hasta este extremo el hilo del pasado. La ERC de antes de la guerra civil era <\/span><strong><span>republicana en nombre de una rep\u00fablica espa\u00f1ola federal<\/span><\/strong><span>. Los que eran republicanos independentistas era un partido diferente,\u00a0<\/span><strong><span>Estat Catal\u00e0,<\/span><\/strong><span> con el que fueron coligados a las elecciones al Parlamento de Catalu\u00f1a y que dio la presidencia de la Generalitat a Francesc Maci\u00e0, fundador de Estat Catal\u00e0. Tampoco era republicano independentista la ERC del exilio ni la reconstituida por <\/span><strong><span>Heribert Barrera<\/span><\/strong><span>, sino que se manten\u00eda fiel a su ideario hist\u00f3rico.\u00a0Tuvo que producirse una ruptura interna provocada por la entrada masiva de la gente de\u00a0<\/span><strong><span>La Crida<\/span><\/strong><span>\u00a0encabezada por\u00a0<\/span><strong><span>\u00c1ngel Colom,<\/span><\/strong><span> que echaron a los republicanos de toda la vida, para que ERC se transformara en un partido independentista. Y eso ya era\u00a0<\/span><strong><span>en los a\u00f1os 80<\/span><\/strong><span>.<\/span><\/p>\n<p><span>En su art\u00edculo Junqueras denuncia el <\/span><strong><span>agravio fiscal cr\u00f3nico e inaceptable<\/span><\/strong><span>. L\u00e1stima que la denuncia no venga acompa\u00f1a de hechos, porque ahora, al negociar el presupuesto del estado, era una ocasi\u00f3n de oro para poner sobre la mesa este\u00a0<\/span><strong><span>d\u00e9ficit fisca<\/span><\/strong><span>\u00a0. Y en lugar de eso lo que han hecho Aragon\u00e9s y Rufi\u00e1n, se supone que con su visto bueno, ha sido plantear una LOAPA fiscal! para detraer capacidad a\u00a0<\/span><strong><span>la autonom\u00eda de Madrid<\/span><\/strong><span>, que quiere decir a todas las autonom\u00edas de r\u00e9gimen general, y por tanto a Catalu\u00f1a. Es sin exagerar una propuesta que m\u00e1s bien responde a la l\u00f3gica de Vox, pero impensable en un partido catalanista. Menos hablar de agravios hist\u00f3ricos y m\u00e1s aprovechar la ocasi\u00f3n cuando se negocia.<\/span><\/p>\n<p><span>Ahora Junqueras hace\u00a0<\/span><strong><span>bandera del di\u00e1logo<\/span><\/strong><span> con el estado y ya advierte de que no dar\u00e1 frutos inmediatos. La pregunta es \u00bfpor qu\u00e9 ahora es esta la consigna y no lo fue antes <\/span><strong><span>del refer\u00e9ndum, cuando \u00e9l y Marta Rovira empujaron a Puigdemont a convocarlo<\/span><\/strong><span>\u00a0en contra de su criterio? Esto tambi\u00e9n merece una explicaci\u00f3n, porque aquella decisi\u00f3n nos ha llevado a a\u00f1os y a\u00f1os de esterilidad, y Junqueras est\u00e1 en el origen del problema.<\/span><\/p>\n<p><span>Junqueras mantiene la tesis de que las limitaciones democr\u00e1ticas del estado hacen aumentar las filas del independentismo. Hay que decir que esto ha sido cierto hasta que ha quedado congelado.\u00a0<\/span><strong><span>Hace a\u00f1os que esta opci\u00f3n no se mueve de lugar<\/span><\/strong><span> y que la tesis de ampliar la base no se confirma. Ni siquiera intervenciones policiales posteriores al 1 de octubre, ni con las duras penas a las que \u00e9l y todos sus compa\u00f1eros han sido condenados. No hay m\u00e1s gente que vote independencia y en todo caso lo que puede variar es el resultado final en porcentaje y en funci\u00f3n de la participaci\u00f3n.<\/span><\/p>\n<p><span>El prop\u00f3sito de Junqueras es\u00a0<\/span><strong><span>forzar al estado a aceptar el derecho a la autodeterminaci\u00f3n y la amnist\u00eda<\/span><\/strong><span>. El problema es que estas reivindicaciones no se han puesto sobre la mesa en un momento tan propicio como el actual, cuando ni siquiera han conseguido asentar la Mesa de Negociaci\u00f3n. Es dif\u00edcil prever el futuro, pero parece improbable que una coyuntura tan favorable en la que ERC, Bildu y UP forman una alianza que traba fuertemente al gobierno, pueda reproducirse en el futuro.<\/span><\/p>\n<p><span><span class=\"goog-text-highlight\">Y llega el momento de la verdad, y \u00bf<\/span><\/span><strong><span><span class=\"goog-text-highlight\">qu\u00e9 pasa si esta negociaci\u00f3n no tiene resultado<\/span><\/span><\/strong><span><span class=\"goog-text-highlight\">, y entonces vamos donde est\u00e1bamos? Junqueras afirma que en este caso \u00ab<\/span><\/span><strong><span><span class=\"goog-text-highlight\">desembocar\u00e1 en una actuaci\u00f3n unilateral del independentismo<\/span><\/span><\/strong><span><span class=\"goog-text-highlight\">\u00ab. Para no abandonar esta bandera, Junqueras lo que nos dice, es que si el estado no le hace caso para aceptar la autodeterminaci\u00f3n, ir\u00e1n por la v\u00eda unilateral. No es demasiado diferente de lo que dice Puigdemont. Hay una cuesti\u00f3n de estrategia, porque Puigdemont ya da por hecho que no hay posibilidades de que Espa\u00f1a acepte el ejercicio de la autodeterminaci\u00f3n, que exigir\u00eda\u00a0<\/span><\/span><strong><span><span class=\"goog-text-highlight\">una reforma constitucional y un refer\u00e9ndum a escala espa\u00f1ola<\/span><\/span><\/strong><span><span class=\"goog-text-highlight\">\u00a0que parece del todo imposible.<\/span><\/span><\/p>\n<p><span>En realidad lo que hace Junqueras, o lo intenta, es situar\u00a0<\/span><em><span>at calendas graecas<\/span><\/em><span>\u00a0la cuesti\u00f3n de la independencia y situarse en el plano de\u00a0<\/span><strong><span>la negociaci\u00f3n permanente con Madrid y el muy convergente\u00a0<\/span><a href=\"https:\/\/conversesacatalunya.cat\/es\/erc-descubre-el-pajaro-en-mano\/\" target=\"_blank\" rel=\"noopener noreferrer\"><span>p\u00e1jaro en mano<\/span><\/a><span>.\u00a0<\/span><\/strong><span>Esto se hace a\u00fan m\u00e1s evidente si se considera la afirmaci\u00f3n de que ERC quiere \u00abliderar un proyecto que incluya tambi\u00e9n a los no independentistas\u00bb, que abre la puerta al futuro pacto con Iglesias y Colau y el posible apoyo parlamentario del PSC. Abandonar expl\u00edcitamente la v\u00eda independentista tiene un coste demasiado alto.\u00a0Adormecer la base independentista con la literatura a la que tan aficionado es Junqueras basada en que el papel lo aguanta todo, es la salida m\u00e1s rentable.<\/span><\/p>\n","protected":false},"excerpt":{"rendered":"<p>Oriol Junqueras ha dado cumplida r\u00e9plica este domingo, con un art\u00edculo a toda p\u00e1gina en La Vanguardia, al anterior publicado en el mismo diario y firmado por Carles Puigdemont.\u00a0Es, o quiere ser, una enmienda a toda plana en la tesis del ex presidente de la Generalitat y en la v\u00eda independentista unilateral.\u00a0El problema es, como siempre, la realidad, porque el papel evidentemente lo aguanta todo, pero los hechos rechazan lo que no encaja con \u00e9l. En su intento de conciliar un independentismo encarnizado con haberse convertido en un partido del\u00a0bloque de Espa\u00f1a, Junqueras recurre a la historia de ERC presentando que su aspiraci\u00f3n a la rep\u00fablica catalana ha estado siempre presente en el ideario del partido. No est\u00e1 bien en un historiador como \u00e9l estirar hasta este extremo el hilo del pasado. La ERC de antes de la guerra civil era republicana en nombre de una rep\u00fablica espa\u00f1ola federal. Los que eran republicanos independentistas era un partido diferente,\u00a0Estat Catal\u00e0, con el que fueron coligados a las elecciones al Parlamento de Catalu\u00f1a y que dio la presidencia de la Generalitat a Francesc Maci\u00e0, fundador de Estat Catal\u00e0. Tampoco era republicano independentista la ERC del exilio ni la reconstituida por Heribert Barrera, sino que se manten\u00eda fiel a su ideario hist\u00f3rico.\u00a0Tuvo que producirse una ruptura interna provocada por la entrada masiva de la gente de\u00a0La Crida\u00a0encabezada por\u00a0\u00c1ngel Colom, que echaron a los republicanos de toda la vida, para que ERC se transformara en un partido independentista. Y eso ya era\u00a0en los a\u00f1os 80. En su art\u00edculo Junqueras denuncia el agravio fiscal cr\u00f3nico e inaceptable. L\u00e1stima que la denuncia no venga acompa\u00f1a de hechos, porque ahora, al negociar el presupuesto del estado, era una ocasi\u00f3n de oro para poner sobre la mesa este\u00a0d\u00e9ficit fisca\u00a0. Y en lugar de eso lo que han hecho Aragon\u00e9s y Rufi\u00e1n, se supone que con su visto bueno, ha sido plantear una LOAPA fiscal! para detraer capacidad a\u00a0la autonom\u00eda de Madrid, que quiere decir a todas las autonom\u00edas de r\u00e9gimen general, y por tanto a Catalu\u00f1a. Es sin exagerar una propuesta que m\u00e1s bien responde a la l\u00f3gica de Vox, pero impensable en un partido catalanista. Menos hablar de agravios hist\u00f3ricos y m\u00e1s aprovechar la ocasi\u00f3n cuando se negocia. Ahora Junqueras hace\u00a0bandera del di\u00e1logo con el estado y ya advierte de que no dar\u00e1 frutos inmediatos. La pregunta es \u00bfpor qu\u00e9 ahora es esta la consigna y no lo fue antes del refer\u00e9ndum, cuando \u00e9l y Marta Rovira empujaron a Puigdemont a convocarlo\u00a0en contra de su criterio? Esto tambi\u00e9n merece una explicaci\u00f3n, porque aquella decisi\u00f3n nos ha llevado a a\u00f1os y a\u00f1os de esterilidad, y Junqueras est\u00e1 en el origen del problema. Junqueras mantiene la tesis de que las limitaciones democr\u00e1ticas del estado hacen aumentar las filas del independentismo. Hay que decir que esto ha sido cierto hasta que ha quedado congelado.\u00a0Hace a\u00f1os que esta opci\u00f3n no se mueve de lugar y que la tesis de ampliar la base no se confirma. Ni siquiera intervenciones policiales posteriores al 1 de octubre, ni con las duras penas a las que \u00e9l y todos sus compa\u00f1eros han sido condenados. No hay m\u00e1s gente que vote independencia y en todo caso lo que puede variar es el resultado final en porcentaje y en funci\u00f3n de la participaci\u00f3n. El prop\u00f3sito de Junqueras es\u00a0forzar al estado a aceptar el derecho a la autodeterminaci\u00f3n y la amnist\u00eda. El problema es que estas reivindicaciones no se han puesto sobre la mesa en un momento tan propicio como el actual, cuando ni siquiera han conseguido asentar la Mesa de Negociaci\u00f3n. Es dif\u00edcil prever el futuro, pero parece improbable que una coyuntura tan favorable en la que ERC, Bildu y UP forman una alianza que traba fuertemente al gobierno, pueda reproducirse en el futuro. Y llega el momento de la verdad, y \u00bfqu\u00e9 pasa si esta negociaci\u00f3n no tiene resultado, y entonces vamos donde est\u00e1bamos? Junqueras afirma que en este caso \u00abdesembocar\u00e1 en una actuaci\u00f3n unilateral del independentismo\u00ab. Para no abandonar esta bandera, Junqueras lo que nos dice, es que si el estado no le hace caso para aceptar la autodeterminaci\u00f3n, ir\u00e1n por la v\u00eda unilateral. No es demasiado diferente de lo que dice Puigdemont. Hay una cuesti\u00f3n de estrategia, porque Puigdemont ya da por hecho que no hay posibilidades de que Espa\u00f1a acepte el ejercicio de la autodeterminaci\u00f3n, que exigir\u00eda\u00a0una reforma constitucional y un refer\u00e9ndum a escala espa\u00f1ola\u00a0que parece del todo imposible. En realidad lo que hace Junqueras, o lo intenta, es situar\u00a0at calendas graecas\u00a0la cuesti\u00f3n de la independencia y situarse en el plano de\u00a0la negociaci\u00f3n permanente con Madrid y el muy convergente\u00a0p\u00e1jaro en mano.\u00a0Esto se hace a\u00fan m\u00e1s evidente si se considera la afirmaci\u00f3n de que ERC quiere \u00abliderar un proyecto que incluya tambi\u00e9n a los no independentistas\u00bb, que abre la puerta al futuro pacto con Iglesias y Colau y el posible apoyo parlamentario del PSC. Abandonar expl\u00edcitamente la v\u00eda independentista tiene un coste demasiado alto.\u00a0Adormecer la base independentista con la literatura a la que tan aficionado es Junqueras basada en que el papel lo aguanta todo, es la salida m\u00e1s rentable.<\/p>\n","protected":false},"author":2,"featured_media":43227,"comment_status":"open","ping_status":"open","sticky":false,"template":"","format":"standard","meta":{"_FSMCFIC_featured_image_caption":"","_FSMCFIC_featured_image_nocaption":"","_FSMCFIC_featured_image_hide":"","footnotes":""},"categories":[806],"tags":[1108,1131],"class_list":["post-43226","post","type-post","status-publish","format-standard","has-post-thumbnail","hentry","category-punts-claus-del-dia-es","tag-erc-es","tag-oriol-junqueras-es"],"yoast_head":"<!-- This site is optimized with the Yoast SEO plugin v26.8 - https:\/\/yoast.com\/product\/yoast-seo-wordpress\/ -->\n<title>Oriol Junqueras: el papel lo aguanta todo - Converses a Catalunya<\/title>\n<meta name=\"description\" content=\"Lo que hace Junqueras es situar la cuesti\u00f3n de la independencia y situarse en el plano de la negociaci\u00f3n permanente con Madrid\" \/>\n<meta name=\"robots\" content=\"index, follow, max-snippet:-1, max-image-preview:large, max-video-preview:-1\" \/>\n<link rel=\"canonical\" href=\"https:\/\/conversesacatalunya.cat\/es\/oriol-junqueras-el-papel-lo-aguanta-todo\/\" \/>\n<meta property=\"og:locale\" content=\"es_ES\" \/>\n<meta property=\"og:type\" content=\"article\" \/>\n<meta property=\"og:title\" content=\"Oriol Junqueras: el papel lo aguanta todo - Converses a Catalunya\" \/>\n<meta property=\"og:description\" content=\"Lo que hace Junqueras es situar la cuesti\u00f3n de la independencia y situarse en el plano de la negociaci\u00f3n permanente con Madrid\" \/>\n<meta property=\"og:url\" content=\"https:\/\/conversesacatalunya.cat\/es\/oriol-junqueras-el-papel-lo-aguanta-todo\/\" \/>\n<meta property=\"og:site_name\" content=\"Converses a Catalunya\" \/>\n<meta property=\"article:published_time\" content=\"2020-12-14T15:24:22+00:00\" \/>\n<meta property=\"og:image\" content=\"https:\/\/conversesacatalunya.cat\/wp-content\/uploads\/2020\/12\/oriol-junqueras.jpg\" \/>\n\t<meta property=\"og:image:width\" content=\"1706\" \/>\n\t<meta property=\"og:image:height\" content=\"960\" \/>\n\t<meta property=\"og:image:type\" content=\"image\/jpeg\" \/>\n<meta name=\"author\" content=\"conversesacatalunya\" \/>\n<meta name=\"twitter:card\" content=\"summary_large_image\" \/>\n<meta name=\"twitter:label1\" content=\"Escrito por\" \/>\n\t<meta name=\"twitter:data1\" content=\"conversesacatalunya\" \/>\n\t<meta name=\"twitter:label2\" content=\"Tiempo de lectura\" \/>\n\t<meta name=\"twitter:data2\" content=\"5 minutos\" \/>\n<script type=\"application\/ld+json\" class=\"yoast-schema-graph\">{\"@context\":\"https:\/\/schema.org\",\"@graph\":[{\"@type\":\"Article\",\"@id\":\"https:\/\/conversesacatalunya.cat\/es\/oriol-junqueras-el-papel-lo-aguanta-todo\/#article\",\"isPartOf\":{\"@id\":\"https:\/\/conversesacatalunya.cat\/es\/oriol-junqueras-el-papel-lo-aguanta-todo\/\"},\"author\":{\"name\":\"conversesacatalunya\",\"@id\":\"https:\/\/conversesacatalunya.cat\/#\/schema\/person\/7e24d1e54a2785373ddcb275eae5ed99\"},\"headline\":\"Oriol Junqueras: el papel lo aguanta todo\",\"datePublished\":\"2020-12-14T15:24:22+00:00\",\"mainEntityOfPage\":{\"@id\":\"https:\/\/conversesacatalunya.cat\/es\/oriol-junqueras-el-papel-lo-aguanta-todo\/\"},\"wordCount\":946,\"commentCount\":0,\"image\":{\"@id\":\"https:\/\/conversesacatalunya.cat\/es\/oriol-junqueras-el-papel-lo-aguanta-todo\/#primaryimage\"},\"thumbnailUrl\":\"https:\/\/conversesacatalunya.cat\/wp-content\/uploads\/2020\/12\/oriol-junqueras.jpg\",\"keywords\":[\"ERC\",\"Oriol Junqueras\"],\"articleSection\":[\"Punts clau del dia (ES)\"],\"inLanguage\":\"es\",\"potentialAction\":[{\"@type\":\"CommentAction\",\"name\":\"Comment\",\"target\":[\"https:\/\/conversesacatalunya.cat\/es\/oriol-junqueras-el-papel-lo-aguanta-todo\/#respond\"]}]},{\"@type\":\"WebPage\",\"@id\":\"https:\/\/conversesacatalunya.cat\/es\/oriol-junqueras-el-papel-lo-aguanta-todo\/\",\"url\":\"https:\/\/conversesacatalunya.cat\/es\/oriol-junqueras-el-papel-lo-aguanta-todo\/\",\"name\":\"Oriol Junqueras: el papel lo aguanta todo - Converses a Catalunya\",\"isPartOf\":{\"@id\":\"https:\/\/conversesacatalunya.cat\/#website\"},\"primaryImageOfPage\":{\"@id\":\"https:\/\/conversesacatalunya.cat\/es\/oriol-junqueras-el-papel-lo-aguanta-todo\/#primaryimage\"},\"image\":{\"@id\":\"https:\/\/conversesacatalunya.cat\/es\/oriol-junqueras-el-papel-lo-aguanta-todo\/#primaryimage\"},\"thumbnailUrl\":\"https:\/\/conversesacatalunya.cat\/wp-content\/uploads\/2020\/12\/oriol-junqueras.jpg\",\"datePublished\":\"2020-12-14T15:24:22+00:00\",\"author\":{\"@id\":\"https:\/\/conversesacatalunya.cat\/#\/schema\/person\/7e24d1e54a2785373ddcb275eae5ed99\"},\"description\":\"Lo que hace Junqueras es situar la cuesti\u00f3n de la independencia y situarse en el plano de la negociaci\u00f3n permanente con Madrid\",\"breadcrumb\":{\"@id\":\"https:\/\/conversesacatalunya.cat\/es\/oriol-junqueras-el-papel-lo-aguanta-todo\/#breadcrumb\"},\"inLanguage\":\"es\",\"potentialAction\":[{\"@type\":\"ReadAction\",\"target\":[\"https:\/\/conversesacatalunya.cat\/es\/oriol-junqueras-el-papel-lo-aguanta-todo\/\"]}]},{\"@type\":\"ImageObject\",\"inLanguage\":\"es\",\"@id\":\"https:\/\/conversesacatalunya.cat\/es\/oriol-junqueras-el-papel-lo-aguanta-todo\/#primaryimage\",\"url\":\"https:\/\/conversesacatalunya.cat\/wp-content\/uploads\/2020\/12\/oriol-junqueras.jpg\",\"contentUrl\":\"https:\/\/conversesacatalunya.cat\/wp-content\/uploads\/2020\/12\/oriol-junqueras.jpg\",\"width\":1706,\"height\":960,\"caption\":\"Junqueras\"},{\"@type\":\"BreadcrumbList\",\"@id\":\"https:\/\/conversesacatalunya.cat\/es\/oriol-junqueras-el-papel-lo-aguanta-todo\/#breadcrumb\",\"itemListElement\":[{\"@type\":\"ListItem\",\"position\":1,\"name\":\"Inici\",\"item\":\"https:\/\/conversesacatalunya.cat\/es\/\"},{\"@type\":\"ListItem\",\"position\":2,\"name\":\"Oriol Junqueras: el papel lo aguanta todo\"}]},{\"@type\":\"WebSite\",\"@id\":\"https:\/\/conversesacatalunya.cat\/#website\",\"url\":\"https:\/\/conversesacatalunya.cat\/\",\"name\":\"Converses a Catalunya\",\"description\":\"\",\"potentialAction\":[{\"@type\":\"SearchAction\",\"target\":{\"@type\":\"EntryPoint\",\"urlTemplate\":\"https:\/\/conversesacatalunya.cat\/?s={search_term_string}\"},\"query-input\":{\"@type\":\"PropertyValueSpecification\",\"valueRequired\":true,\"valueName\":\"search_term_string\"}}],\"inLanguage\":\"es\"},{\"@type\":\"Person\",\"@id\":\"https:\/\/conversesacatalunya.cat\/#\/schema\/person\/7e24d1e54a2785373ddcb275eae5ed99\",\"name\":\"conversesacatalunya\",\"image\":{\"@type\":\"ImageObject\",\"inLanguage\":\"es\",\"@id\":\"https:\/\/conversesacatalunya.cat\/#\/schema\/person\/image\/\",\"url\":\"https:\/\/conversesacatalunya.cat\/wp-content\/litespeed\/avatar\/febdfeeec89d950f01c748045a981dd2.jpg?ver=1777314535\",\"contentUrl\":\"https:\/\/conversesacatalunya.cat\/wp-content\/litespeed\/avatar\/febdfeeec89d950f01c748045a981dd2.jpg?ver=1777314535\",\"caption\":\"conversesacatalunya\"},\"url\":\"https:\/\/conversesacatalunya.cat\/es\/author\/carme_catala\/\"}]}<\/script>\n<!-- \/ Yoast SEO plugin. -->","yoast_head_json":{"title":"Oriol Junqueras: el papel lo aguanta todo - Converses a Catalunya","description":"Lo que hace Junqueras es situar la cuesti\u00f3n de la independencia y situarse en el plano de la negociaci\u00f3n permanente con Madrid","robots":{"index":"index","follow":"follow","max-snippet":"max-snippet:-1","max-image-preview":"max-image-preview:large","max-video-preview":"max-video-preview:-1"},"canonical":"https:\/\/conversesacatalunya.cat\/es\/oriol-junqueras-el-papel-lo-aguanta-todo\/","og_locale":"es_ES","og_type":"article","og_title":"Oriol Junqueras: el papel lo aguanta todo - Converses a Catalunya","og_description":"Lo que hace Junqueras es situar la cuesti\u00f3n de la independencia y situarse en el plano de la negociaci\u00f3n permanente con Madrid","og_url":"https:\/\/conversesacatalunya.cat\/es\/oriol-junqueras-el-papel-lo-aguanta-todo\/","og_site_name":"Converses a Catalunya","article_published_time":"2020-12-14T15:24:22+00:00","og_image":[{"width":1706,"height":960,"url":"https:\/\/conversesacatalunya.cat\/wp-content\/uploads\/2020\/12\/oriol-junqueras.jpg","type":"image\/jpeg"}],"author":"conversesacatalunya","twitter_card":"summary_large_image","twitter_misc":{"Escrito por":"conversesacatalunya","Tiempo de lectura":"5 minutos"},"schema":{"@context":"https:\/\/schema.org","@graph":[{"@type":"Article","@id":"https:\/\/conversesacatalunya.cat\/es\/oriol-junqueras-el-papel-lo-aguanta-todo\/#article","isPartOf":{"@id":"https:\/\/conversesacatalunya.cat\/es\/oriol-junqueras-el-papel-lo-aguanta-todo\/"},"author":{"name":"conversesacatalunya","@id":"https:\/\/conversesacatalunya.cat\/#\/schema\/person\/7e24d1e54a2785373ddcb275eae5ed99"},"headline":"Oriol Junqueras: el papel lo aguanta todo","datePublished":"2020-12-14T15:24:22+00:00","mainEntityOfPage":{"@id":"https:\/\/conversesacatalunya.cat\/es\/oriol-junqueras-el-papel-lo-aguanta-todo\/"},"wordCount":946,"commentCount":0,"image":{"@id":"https:\/\/conversesacatalunya.cat\/es\/oriol-junqueras-el-papel-lo-aguanta-todo\/#primaryimage"},"thumbnailUrl":"https:\/\/conversesacatalunya.cat\/wp-content\/uploads\/2020\/12\/oriol-junqueras.jpg","keywords":["ERC","Oriol Junqueras"],"articleSection":["Punts clau del dia (ES)"],"inLanguage":"es","potentialAction":[{"@type":"CommentAction","name":"Comment","target":["https:\/\/conversesacatalunya.cat\/es\/oriol-junqueras-el-papel-lo-aguanta-todo\/#respond"]}]},{"@type":"WebPage","@id":"https:\/\/conversesacatalunya.cat\/es\/oriol-junqueras-el-papel-lo-aguanta-todo\/","url":"https:\/\/conversesacatalunya.cat\/es\/oriol-junqueras-el-papel-lo-aguanta-todo\/","name":"Oriol Junqueras: el papel lo aguanta todo - Converses a Catalunya","isPartOf":{"@id":"https:\/\/conversesacatalunya.cat\/#website"},"primaryImageOfPage":{"@id":"https:\/\/conversesacatalunya.cat\/es\/oriol-junqueras-el-papel-lo-aguanta-todo\/#primaryimage"},"image":{"@id":"https:\/\/conversesacatalunya.cat\/es\/oriol-junqueras-el-papel-lo-aguanta-todo\/#primaryimage"},"thumbnailUrl":"https:\/\/conversesacatalunya.cat\/wp-content\/uploads\/2020\/12\/oriol-junqueras.jpg","datePublished":"2020-12-14T15:24:22+00:00","author":{"@id":"https:\/\/conversesacatalunya.cat\/#\/schema\/person\/7e24d1e54a2785373ddcb275eae5ed99"},"description":"Lo que hace Junqueras es situar la cuesti\u00f3n de la independencia y situarse en el plano de la negociaci\u00f3n permanente con Madrid","breadcrumb":{"@id":"https:\/\/conversesacatalunya.cat\/es\/oriol-junqueras-el-papel-lo-aguanta-todo\/#breadcrumb"},"inLanguage":"es","potentialAction":[{"@type":"ReadAction","target":["https:\/\/conversesacatalunya.cat\/es\/oriol-junqueras-el-papel-lo-aguanta-todo\/"]}]},{"@type":"ImageObject","inLanguage":"es","@id":"https:\/\/conversesacatalunya.cat\/es\/oriol-junqueras-el-papel-lo-aguanta-todo\/#primaryimage","url":"https:\/\/conversesacatalunya.cat\/wp-content\/uploads\/2020\/12\/oriol-junqueras.jpg","contentUrl":"https:\/\/conversesacatalunya.cat\/wp-content\/uploads\/2020\/12\/oriol-junqueras.jpg","width":1706,"height":960,"caption":"Junqueras"},{"@type":"BreadcrumbList","@id":"https:\/\/conversesacatalunya.cat\/es\/oriol-junqueras-el-papel-lo-aguanta-todo\/#breadcrumb","itemListElement":[{"@type":"ListItem","position":1,"name":"Inici","item":"https:\/\/conversesacatalunya.cat\/es\/"},{"@type":"ListItem","position":2,"name":"Oriol Junqueras: el papel lo aguanta todo"}]},{"@type":"WebSite","@id":"https:\/\/conversesacatalunya.cat\/#website","url":"https:\/\/conversesacatalunya.cat\/","name":"Converses a Catalunya","description":"","potentialAction":[{"@type":"SearchAction","target":{"@type":"EntryPoint","urlTemplate":"https:\/\/conversesacatalunya.cat\/?s={search_term_string}"},"query-input":{"@type":"PropertyValueSpecification","valueRequired":true,"valueName":"search_term_string"}}],"inLanguage":"es"},{"@type":"Person","@id":"https:\/\/conversesacatalunya.cat\/#\/schema\/person\/7e24d1e54a2785373ddcb275eae5ed99","name":"conversesacatalunya","image":{"@type":"ImageObject","inLanguage":"es","@id":"https:\/\/conversesacatalunya.cat\/#\/schema\/person\/image\/","url":"https:\/\/conversesacatalunya.cat\/wp-content\/litespeed\/avatar\/febdfeeec89d950f01c748045a981dd2.jpg?ver=1777314535","contentUrl":"https:\/\/conversesacatalunya.cat\/wp-content\/litespeed\/avatar\/febdfeeec89d950f01c748045a981dd2.jpg?ver=1777314535","caption":"conversesacatalunya"},"url":"https:\/\/conversesacatalunya.cat\/es\/author\/carme_catala\/"}]}},"wps_subtitle":"Lo que hace Junqueras es situar 'at calendas graecas' la cuesti\u00f3n de la independencia y situarse en el plano de la negociaci\u00f3n permanente con Madrid","_links":{"self":[{"href":"https:\/\/conversesacatalunya.cat\/es\/wp-json\/wp\/v2\/posts\/43226","targetHints":{"allow":["GET"]}}],"collection":[{"href":"https:\/\/conversesacatalunya.cat\/es\/wp-json\/wp\/v2\/posts"}],"about":[{"href":"https:\/\/conversesacatalunya.cat\/es\/wp-json\/wp\/v2\/types\/post"}],"author":[{"embeddable":true,"href":"https:\/\/conversesacatalunya.cat\/es\/wp-json\/wp\/v2\/users\/2"}],"replies":[{"embeddable":true,"href":"https:\/\/conversesacatalunya.cat\/es\/wp-json\/wp\/v2\/comments?post=43226"}],"version-history":[{"count":1,"href":"https:\/\/conversesacatalunya.cat\/es\/wp-json\/wp\/v2\/posts\/43226\/revisions"}],"predecessor-version":[{"id":43229,"href":"https:\/\/conversesacatalunya.cat\/es\/wp-json\/wp\/v2\/posts\/43226\/revisions\/43229"}],"wp:featuredmedia":[{"embeddable":true,"href":"https:\/\/conversesacatalunya.cat\/es\/wp-json\/wp\/v2\/media\/43227"}],"wp:attachment":[{"href":"https:\/\/conversesacatalunya.cat\/es\/wp-json\/wp\/v2\/media?parent=43226"}],"wp:term":[{"taxonomy":"category","embeddable":true,"href":"https:\/\/conversesacatalunya.cat\/es\/wp-json\/wp\/v2\/categories?post=43226"},{"taxonomy":"post_tag","embeddable":true,"href":"https:\/\/conversesacatalunya.cat\/es\/wp-json\/wp\/v2\/tags?post=43226"}],"curies":[{"name":"wp","href":"https:\/\/api.w.org\/{rel}","templated":true}]}}