{"id":43223,"date":"2020-12-14T12:40:06","date_gmt":"2020-12-14T11:40:06","guid":{"rendered":"https:\/\/conversesacatalunya.cat\/de-la-celebracio-de-laquarius-a-la-nau-cremada\/"},"modified":"2020-12-14T16:12:08","modified_gmt":"2020-12-14T15:12:08","slug":"de-la-celebracio-de-laquarius-a-la-nau-cremada","status":"publish","type":"post","link":"https:\/\/conversesacatalunya.cat\/es\/de-la-celebracio-de-laquarius-a-la-nau-cremada\/","title":{"rendered":"De la celebraci\u00f3n del Aquarius a la nave quemada"},"content":{"rendered":"<p><span>\u00bfQui\u00e9n no recuerda aquella celebraci\u00f3n de la llegada de refugiados e inmigrantes en la nave <\/span><strong><span>Aquarius<\/span><\/strong><span>\u00a0que fue emblema del partido socialista?\u00a0De aquella fotograf\u00eda, que se la llev\u00f3 el viento, hemos llegado a la triste realidad de la <\/span><strong><span>nave industrial que se quem\u00f3 en Badalona<\/span><\/strong><span>\u00a0produciendo la tragedia de tres muertos, numerosos heridos, y pertenencias y documentos personales destruidos.\u00a0Era un asentamiento que, con oscilaciones de su n\u00famero de residentes y que ahora superaban el centenar, hac\u00eda unos diez a\u00f1os que exist\u00eda.<\/span><\/p>\n<p><span>Durante este periodo han gobernado en <\/span><strong><span>Badalona todos los colores pol\u00edticos:<\/span><\/strong><span> socialistas, la amplia coalici\u00f3n de Dolores Sabater en la que participaban desde la CUP y Podemos, pasando por ERC y Albiol, el actual alcalde, en el per\u00edodo 2011- 2015. Ahora lo es s\u00f3lo desde el mes de mayo. Tambi\u00e9n durante este plazo la\u00a0<\/span><strong><span>Generalitat<\/span><\/strong><span>, que, sobre todo con ERC, tiene un discurso de pedir que vengan refugiados, no ha hecho absolutamente nada para garantizar la seguridad de estas personas. Con un asentamiento de esta naturaleza se pueden hacer dos cosas: vaciarlo por razones de seguridad y salubridad, m\u00e1s en fase de pandemia, lo que obliga a encontrar lugar para las personas que viven, o, yendo al otro extremo, crear en su interior las m\u00ednimas condiciones de habitabilidad. Lo que no se puede hacer es simplemente ignorarlo dejando durante 10 a\u00f1os en manos de organizaciones que atienden las emergencias a hacerse cargo de la situaci\u00f3n o descargando el peso en las ONGs, porque esta es una cuesti\u00f3n que ata\u00f1e a los gobiernos.<\/span><\/p>\n<p><span>E<\/span><span>s sorprendente c\u00f3mo a pesar de la importancia de la inmigraci\u00f3n y del conflicto que ha planteado en Europa, no forme parte de la agenda pol\u00edtica su tratamiento con propuestas concretas.\u00a0Contrasta este hecho con lo que suced\u00eda\u00a0<\/span><strong><span>en Catalu\u00f1a durante los a\u00f1os 60 y 70 del siglo pasado<\/span><\/strong><span> donde a pesar del franquismo y la falta de instituciones propias, se produjo un gran debate sobre la inmigraci\u00f3n y lo que hab\u00eda que hacer. El libro de Candel <\/span><strong><em><span>Los otros catalanes<\/span><\/em><\/strong><span>\u00a0se convirti\u00f3 en un\u00a0<\/span><em><span>best seller,<\/span><\/em><span>\u00a0y\u00a0<\/span><strong><span>Jordi Pujol<\/span><\/strong><span>\u00a0ya desde los a\u00f1os 60 dedic\u00f3 numerosas reflexiones escritas y libros publicados.<\/span><\/p>\n<p><span>El vac\u00edo de hoy, que va desde declaraciones grandilocuentes sin traducci\u00f3n pr\u00e1ctica a la nada, es una llamada de atenci\u00f3n sobre la incapacidad de la clase pol\u00edtica catalana de asumir realmente los retos que la sociedad tiene planteados. Un buen ejemplo de este hecho, en el mismo PSOE, es que de dicha recepci\u00f3n del Aquarius ha pasado, a la hora de gobernar, a mantener intocados los <\/span><strong><span>CIES<\/span><\/strong><span><span class=\"goog-text-highlight\">y maquillar la valla de Ceuta y Melilla con \u00abconcertinas\u00bb a base de situarla unos metros m\u00e1s all\u00e1, formalmente en territorio marroqu\u00ed. Pura hipocres\u00eda. Tambi\u00e9n ha sido escandalosa la situaci\u00f3n en Canarias. El gobierno no ha comenzado a actuar hasta que las p\u00e1ginas de los peri\u00f3dicos han ido llenas y se ha hablado de la Lampedusa espa\u00f1ola. Incluso, a pesar del esc\u00e1ndalo, hay un transporte semiclandestino de inmigrantes de Canarias a la pen\u00ednsula, que el mismo gobierno niega.<\/span><\/span><\/p>\n<p><span>Volviendo a la realidad aqu\u00ed, hay que recordar que el caso de Badalona no es \u00fanico.\u00a0En\u00a0<\/span><strong><span>la ciudad de Barcelona, gobernada por Ada Colau<\/span><\/strong><span> , cualquier d\u00eda de este invierno se puede producir un accidente similar para 400 personas que viven en <\/span><strong><span>70 asentamientos irregulares<\/span><\/strong><span>\u00a0que se extienden por la ciudad, sobre todo en el distrito de Sant Mart\u00ed.\u00a0Hay que recordar que en 2015 hab\u00eda 412 personas en esta situaci\u00f3n, es decir, ha pasado un quinquenio, el quinquenio Colau, y nada ha cambiado.<\/span><\/p>\n","protected":false},"excerpt":{"rendered":"<p>\u00bfQui\u00e9n no recuerda aquella celebraci\u00f3n de la llegada de refugiados e inmigrantes en la nave Aquarius\u00a0que fue emblema del partido socialista?\u00a0De aquella fotograf\u00eda, que se la llev\u00f3 el viento, hemos llegado a la triste realidad de la nave industrial que se quem\u00f3 en Badalona\u00a0produciendo la tragedia de tres muertos, numerosos heridos, y pertenencias y documentos personales destruidos.\u00a0Era un asentamiento que, con oscilaciones de su n\u00famero de residentes y que ahora superaban el centenar, hac\u00eda unos diez a\u00f1os que exist\u00eda. Durante este periodo han gobernado en Badalona todos los colores pol\u00edticos: socialistas, la amplia coalici\u00f3n de Dolores Sabater en la que participaban desde la CUP y Podemos, pasando por ERC y Albiol, el actual alcalde, en el per\u00edodo 2011- 2015. Ahora lo es s\u00f3lo desde el mes de mayo. Tambi\u00e9n durante este plazo la\u00a0Generalitat, que, sobre todo con ERC, tiene un discurso de pedir que vengan refugiados, no ha hecho absolutamente nada para garantizar la seguridad de estas personas. Con un asentamiento de esta naturaleza se pueden hacer dos cosas: vaciarlo por razones de seguridad y salubridad, m\u00e1s en fase de pandemia, lo que obliga a encontrar lugar para las personas que viven, o, yendo al otro extremo, crear en su interior las m\u00ednimas condiciones de habitabilidad. Lo que no se puede hacer es simplemente ignorarlo dejando durante 10 a\u00f1os en manos de organizaciones que atienden las emergencias a hacerse cargo de la situaci\u00f3n o descargando el peso en las ONGs, porque esta es una cuesti\u00f3n que ata\u00f1e a los gobiernos. Es sorprendente c\u00f3mo a pesar de la importancia de la inmigraci\u00f3n y del conflicto que ha planteado en Europa, no forme parte de la agenda pol\u00edtica su tratamiento con propuestas concretas.\u00a0Contrasta este hecho con lo que suced\u00eda\u00a0en Catalu\u00f1a durante los a\u00f1os 60 y 70 del siglo pasado donde a pesar del franquismo y la falta de instituciones propias, se produjo un gran debate sobre la inmigraci\u00f3n y lo que hab\u00eda que hacer. El libro de Candel Los otros catalanes\u00a0se convirti\u00f3 en un\u00a0best seller,\u00a0y\u00a0Jordi Pujol\u00a0ya desde los a\u00f1os 60 dedic\u00f3 numerosas reflexiones escritas y libros publicados. El vac\u00edo de hoy, que va desde declaraciones grandilocuentes sin traducci\u00f3n pr\u00e1ctica a la nada, es una llamada de atenci\u00f3n sobre la incapacidad de la clase pol\u00edtica catalana de asumir realmente los retos que la sociedad tiene planteados. Un buen ejemplo de este hecho, en el mismo PSOE, es que de dicha recepci\u00f3n del Aquarius ha pasado, a la hora de gobernar, a mantener intocados los CIESy maquillar la valla de Ceuta y Melilla con \u00abconcertinas\u00bb a base de situarla unos metros m\u00e1s all\u00e1, formalmente en territorio marroqu\u00ed. Pura hipocres\u00eda. Tambi\u00e9n ha sido escandalosa la situaci\u00f3n en Canarias. El gobierno no ha comenzado a actuar hasta que las p\u00e1ginas de los peri\u00f3dicos han ido llenas y se ha hablado de la Lampedusa espa\u00f1ola. Incluso, a pesar del esc\u00e1ndalo, hay un transporte semiclandestino de inmigrantes de Canarias a la pen\u00ednsula, que el mismo gobierno niega. Volviendo a la realidad aqu\u00ed, hay que recordar que el caso de Badalona no es \u00fanico.\u00a0En\u00a0la ciudad de Barcelona, gobernada por Ada Colau , cualquier d\u00eda de este invierno se puede producir un accidente similar para 400 personas que viven en 70 asentamientos irregulares\u00a0que se extienden por la ciudad, sobre todo en el distrito de Sant Mart\u00ed.\u00a0Hay que recordar que en 2015 hab\u00eda 412 personas en esta situaci\u00f3n, es decir, ha pasado un quinquenio, el quinquenio Colau, y nada ha cambiado.<\/p>\n","protected":false},"author":2,"featured_media":43218,"comment_status":"open","ping_status":"open","sticky":false,"template":"","format":"standard","meta":{"_FSMCFIC_featured_image_caption":"","_FSMCFIC_featured_image_nocaption":"","_FSMCFIC_featured_image_hide":"","footnotes":""},"categories":[806],"tags":[2223,1678],"class_list":["post-43223","post","type-post","status-publish","format-standard","has-post-thumbnail","hentry","category-punts-claus-del-dia-es","tag-badalona","tag-inmigracion"],"yoast_head":"<!-- This site is optimized with the Yoast SEO plugin v26.8 - https:\/\/yoast.com\/product\/yoast-seo-wordpress\/ -->\n<title>De la celebraci\u00f3n del Aquarius a la nave quemada - Converses a Catalunya<\/title>\n<meta name=\"robots\" content=\"index, follow, max-snippet:-1, max-image-preview:large, max-video-preview:-1\" \/>\n<link rel=\"canonical\" href=\"https:\/\/conversesacatalunya.cat\/es\/de-la-celebracio-de-laquarius-a-la-nau-cremada\/\" \/>\n<meta property=\"og:locale\" content=\"es_ES\" \/>\n<meta property=\"og:type\" content=\"article\" \/>\n<meta property=\"og:title\" content=\"De la celebraci\u00f3n del Aquarius a la nave quemada - Converses a Catalunya\" \/>\n<meta property=\"og:description\" content=\"\u00bfQui\u00e9n no recuerda aquella celebraci\u00f3n de la llegada de refugiados e inmigrantes en la nave Aquarius\u00a0que fue emblema del partido socialista?\u00a0De aquella fotograf\u00eda, que se la llev\u00f3 el viento, hemos llegado a la triste realidad de la nave industrial que se quem\u00f3 en Badalona\u00a0produciendo la tragedia de tres muertos, numerosos heridos, y pertenencias y documentos personales destruidos.\u00a0Era un asentamiento que, con oscilaciones de su n\u00famero de residentes y que ahora superaban el centenar, hac\u00eda unos diez a\u00f1os que exist\u00eda. Durante este periodo han gobernado en Badalona todos los colores pol\u00edticos: socialistas, la amplia coalici\u00f3n de Dolores Sabater en la que participaban desde la CUP y Podemos, pasando por ERC y Albiol, el actual alcalde, en el per\u00edodo 2011- 2015. Ahora lo es s\u00f3lo desde el mes de mayo. Tambi\u00e9n durante este plazo la\u00a0Generalitat, que, sobre todo con ERC, tiene un discurso de pedir que vengan refugiados, no ha hecho absolutamente nada para garantizar la seguridad de estas personas. Con un asentamiento de esta naturaleza se pueden hacer dos cosas: vaciarlo por razones de seguridad y salubridad, m\u00e1s en fase de pandemia, lo que obliga a encontrar lugar para las personas que viven, o, yendo al otro extremo, crear en su interior las m\u00ednimas condiciones de habitabilidad. Lo que no se puede hacer es simplemente ignorarlo dejando durante 10 a\u00f1os en manos de organizaciones que atienden las emergencias a hacerse cargo de la situaci\u00f3n o descargando el peso en las ONGs, porque esta es una cuesti\u00f3n que ata\u00f1e a los gobiernos. Es sorprendente c\u00f3mo a pesar de la importancia de la inmigraci\u00f3n y del conflicto que ha planteado en Europa, no forme parte de la agenda pol\u00edtica su tratamiento con propuestas concretas.\u00a0Contrasta este hecho con lo que suced\u00eda\u00a0en Catalu\u00f1a durante los a\u00f1os 60 y 70 del siglo pasado donde a pesar del franquismo y la falta de instituciones propias, se produjo un gran debate sobre la inmigraci\u00f3n y lo que hab\u00eda que hacer. El libro de Candel Los otros catalanes\u00a0se convirti\u00f3 en un\u00a0best seller,\u00a0y\u00a0Jordi Pujol\u00a0ya desde los a\u00f1os 60 dedic\u00f3 numerosas reflexiones escritas y libros publicados. El vac\u00edo de hoy, que va desde declaraciones grandilocuentes sin traducci\u00f3n pr\u00e1ctica a la nada, es una llamada de atenci\u00f3n sobre la incapacidad de la clase pol\u00edtica catalana de asumir realmente los retos que la sociedad tiene planteados. Un buen ejemplo de este hecho, en el mismo PSOE, es que de dicha recepci\u00f3n del Aquarius ha pasado, a la hora de gobernar, a mantener intocados los CIESy maquillar la valla de Ceuta y Melilla con \u00abconcertinas\u00bb a base de situarla unos metros m\u00e1s all\u00e1, formalmente en territorio marroqu\u00ed. Pura hipocres\u00eda. Tambi\u00e9n ha sido escandalosa la situaci\u00f3n en Canarias. El gobierno no ha comenzado a actuar hasta que las p\u00e1ginas de los peri\u00f3dicos han ido llenas y se ha hablado de la Lampedusa espa\u00f1ola. Incluso, a pesar del esc\u00e1ndalo, hay un transporte semiclandestino de inmigrantes de Canarias a la pen\u00ednsula, que el mismo gobierno niega. Volviendo a la realidad aqu\u00ed, hay que recordar que el caso de Badalona no es \u00fanico.\u00a0En\u00a0la ciudad de Barcelona, gobernada por Ada Colau , cualquier d\u00eda de este invierno se puede producir un accidente similar para 400 personas que viven en 70 asentamientos irregulares\u00a0que se extienden por la ciudad, sobre todo en el distrito de Sant Mart\u00ed.\u00a0Hay que recordar que en 2015 hab\u00eda 412 personas en esta situaci\u00f3n, es decir, ha pasado un quinquenio, el quinquenio Colau, y nada ha cambiado.\" \/>\n<meta property=\"og:url\" content=\"https:\/\/conversesacatalunya.cat\/es\/de-la-celebracio-de-laquarius-a-la-nau-cremada\/\" \/>\n<meta property=\"og:site_name\" content=\"Converses a Catalunya\" \/>\n<meta property=\"article:published_time\" content=\"2020-12-14T11:40:06+00:00\" \/>\n<meta property=\"article:modified_time\" content=\"2020-12-14T15:12:08+00:00\" \/>\n<meta property=\"og:image\" content=\"https:\/\/conversesacatalunya.cat\/wp-content\/uploads\/2020\/12\/nau-cremada.jpeg\" \/>\n\t<meta property=\"og:image:width\" content=\"953\" \/>\n\t<meta property=\"og:image:height\" content=\"542\" \/>\n\t<meta property=\"og:image:type\" content=\"image\/jpeg\" \/>\n<meta name=\"author\" content=\"conversesacatalunya\" \/>\n<meta name=\"twitter:card\" content=\"summary_large_image\" \/>\n<meta name=\"twitter:label1\" content=\"Escrito por\" \/>\n\t<meta name=\"twitter:data1\" content=\"conversesacatalunya\" \/>\n\t<meta name=\"twitter:label2\" content=\"Tiempo de lectura\" \/>\n\t<meta name=\"twitter:data2\" content=\"3 minutos\" \/>\n<script type=\"application\/ld+json\" class=\"yoast-schema-graph\">{\"@context\":\"https:\/\/schema.org\",\"@graph\":[{\"@type\":\"Article\",\"@id\":\"https:\/\/conversesacatalunya.cat\/es\/de-la-celebracio-de-laquarius-a-la-nau-cremada\/#article\",\"isPartOf\":{\"@id\":\"https:\/\/conversesacatalunya.cat\/es\/de-la-celebracio-de-laquarius-a-la-nau-cremada\/\"},\"author\":{\"name\":\"conversesacatalunya\",\"@id\":\"https:\/\/conversesacatalunya.cat\/#\/schema\/person\/7e24d1e54a2785373ddcb275eae5ed99\"},\"headline\":\"De la celebraci\u00f3n del Aquarius a la nave quemada\",\"datePublished\":\"2020-12-14T11:40:06+00:00\",\"dateModified\":\"2020-12-14T15:12:08+00:00\",\"mainEntityOfPage\":{\"@id\":\"https:\/\/conversesacatalunya.cat\/es\/de-la-celebracio-de-laquarius-a-la-nau-cremada\/\"},\"wordCount\":633,\"commentCount\":0,\"image\":{\"@id\":\"https:\/\/conversesacatalunya.cat\/es\/de-la-celebracio-de-laquarius-a-la-nau-cremada\/#primaryimage\"},\"thumbnailUrl\":\"https:\/\/conversesacatalunya.cat\/wp-content\/uploads\/2020\/12\/nau-cremada.jpeg\",\"keywords\":[\"Badalona\",\"inmigraci\u00f3n\"],\"articleSection\":[\"Punts clau del dia (ES)\"],\"inLanguage\":\"es\",\"potentialAction\":[{\"@type\":\"CommentAction\",\"name\":\"Comment\",\"target\":[\"https:\/\/conversesacatalunya.cat\/es\/de-la-celebracio-de-laquarius-a-la-nau-cremada\/#respond\"]}]},{\"@type\":\"WebPage\",\"@id\":\"https:\/\/conversesacatalunya.cat\/es\/de-la-celebracio-de-laquarius-a-la-nau-cremada\/\",\"url\":\"https:\/\/conversesacatalunya.cat\/es\/de-la-celebracio-de-laquarius-a-la-nau-cremada\/\",\"name\":\"De la celebraci\u00f3n del Aquarius a la nave quemada - Converses a Catalunya\",\"isPartOf\":{\"@id\":\"https:\/\/conversesacatalunya.cat\/#website\"},\"primaryImageOfPage\":{\"@id\":\"https:\/\/conversesacatalunya.cat\/es\/de-la-celebracio-de-laquarius-a-la-nau-cremada\/#primaryimage\"},\"image\":{\"@id\":\"https:\/\/conversesacatalunya.cat\/es\/de-la-celebracio-de-laquarius-a-la-nau-cremada\/#primaryimage\"},\"thumbnailUrl\":\"https:\/\/conversesacatalunya.cat\/wp-content\/uploads\/2020\/12\/nau-cremada.jpeg\",\"datePublished\":\"2020-12-14T11:40:06+00:00\",\"dateModified\":\"2020-12-14T15:12:08+00:00\",\"author\":{\"@id\":\"https:\/\/conversesacatalunya.cat\/#\/schema\/person\/7e24d1e54a2785373ddcb275eae5ed99\"},\"breadcrumb\":{\"@id\":\"https:\/\/conversesacatalunya.cat\/es\/de-la-celebracio-de-laquarius-a-la-nau-cremada\/#breadcrumb\"},\"inLanguage\":\"es\",\"potentialAction\":[{\"@type\":\"ReadAction\",\"target\":[\"https:\/\/conversesacatalunya.cat\/es\/de-la-celebracio-de-laquarius-a-la-nau-cremada\/\"]}]},{\"@type\":\"ImageObject\",\"inLanguage\":\"es\",\"@id\":\"https:\/\/conversesacatalunya.cat\/es\/de-la-celebracio-de-laquarius-a-la-nau-cremada\/#primaryimage\",\"url\":\"https:\/\/conversesacatalunya.cat\/wp-content\/uploads\/2020\/12\/nau-cremada.jpeg\",\"contentUrl\":\"https:\/\/conversesacatalunya.cat\/wp-content\/uploads\/2020\/12\/nau-cremada.jpeg\",\"width\":953,\"height\":542,\"caption\":\"immigrants\"},{\"@type\":\"BreadcrumbList\",\"@id\":\"https:\/\/conversesacatalunya.cat\/es\/de-la-celebracio-de-laquarius-a-la-nau-cremada\/#breadcrumb\",\"itemListElement\":[{\"@type\":\"ListItem\",\"position\":1,\"name\":\"Inici\",\"item\":\"https:\/\/conversesacatalunya.cat\/es\/\"},{\"@type\":\"ListItem\",\"position\":2,\"name\":\"De la celebraci\u00f3n del Aquarius a la nave quemada\"}]},{\"@type\":\"WebSite\",\"@id\":\"https:\/\/conversesacatalunya.cat\/#website\",\"url\":\"https:\/\/conversesacatalunya.cat\/\",\"name\":\"Converses a Catalunya\",\"description\":\"\",\"potentialAction\":[{\"@type\":\"SearchAction\",\"target\":{\"@type\":\"EntryPoint\",\"urlTemplate\":\"https:\/\/conversesacatalunya.cat\/?s={search_term_string}\"},\"query-input\":{\"@type\":\"PropertyValueSpecification\",\"valueRequired\":true,\"valueName\":\"search_term_string\"}}],\"inLanguage\":\"es\"},{\"@type\":\"Person\",\"@id\":\"https:\/\/conversesacatalunya.cat\/#\/schema\/person\/7e24d1e54a2785373ddcb275eae5ed99\",\"name\":\"conversesacatalunya\",\"image\":{\"@type\":\"ImageObject\",\"inLanguage\":\"es\",\"@id\":\"https:\/\/conversesacatalunya.cat\/#\/schema\/person\/image\/\",\"url\":\"https:\/\/conversesacatalunya.cat\/wp-content\/litespeed\/avatar\/febdfeeec89d950f01c748045a981dd2.jpg?ver=1777314535\",\"contentUrl\":\"https:\/\/conversesacatalunya.cat\/wp-content\/litespeed\/avatar\/febdfeeec89d950f01c748045a981dd2.jpg?ver=1777314535\",\"caption\":\"conversesacatalunya\"},\"url\":\"https:\/\/conversesacatalunya.cat\/es\/author\/carme_catala\/\"}]}<\/script>\n<!-- \/ Yoast SEO plugin. -->","yoast_head_json":{"title":"De la celebraci\u00f3n del Aquarius a la nave quemada - Converses a Catalunya","robots":{"index":"index","follow":"follow","max-snippet":"max-snippet:-1","max-image-preview":"max-image-preview:large","max-video-preview":"max-video-preview:-1"},"canonical":"https:\/\/conversesacatalunya.cat\/es\/de-la-celebracio-de-laquarius-a-la-nau-cremada\/","og_locale":"es_ES","og_type":"article","og_title":"De la celebraci\u00f3n del Aquarius a la nave quemada - Converses a Catalunya","og_description":"\u00bfQui\u00e9n no recuerda aquella celebraci\u00f3n de la llegada de refugiados e inmigrantes en la nave Aquarius\u00a0que fue emblema del partido socialista?\u00a0De aquella fotograf\u00eda, que se la llev\u00f3 el viento, hemos llegado a la triste realidad de la nave industrial que se quem\u00f3 en Badalona\u00a0produciendo la tragedia de tres muertos, numerosos heridos, y pertenencias y documentos personales destruidos.\u00a0Era un asentamiento que, con oscilaciones de su n\u00famero de residentes y que ahora superaban el centenar, hac\u00eda unos diez a\u00f1os que exist\u00eda. Durante este periodo han gobernado en Badalona todos los colores pol\u00edticos: socialistas, la amplia coalici\u00f3n de Dolores Sabater en la que participaban desde la CUP y Podemos, pasando por ERC y Albiol, el actual alcalde, en el per\u00edodo 2011- 2015. Ahora lo es s\u00f3lo desde el mes de mayo. Tambi\u00e9n durante este plazo la\u00a0Generalitat, que, sobre todo con ERC, tiene un discurso de pedir que vengan refugiados, no ha hecho absolutamente nada para garantizar la seguridad de estas personas. Con un asentamiento de esta naturaleza se pueden hacer dos cosas: vaciarlo por razones de seguridad y salubridad, m\u00e1s en fase de pandemia, lo que obliga a encontrar lugar para las personas que viven, o, yendo al otro extremo, crear en su interior las m\u00ednimas condiciones de habitabilidad. Lo que no se puede hacer es simplemente ignorarlo dejando durante 10 a\u00f1os en manos de organizaciones que atienden las emergencias a hacerse cargo de la situaci\u00f3n o descargando el peso en las ONGs, porque esta es una cuesti\u00f3n que ata\u00f1e a los gobiernos. Es sorprendente c\u00f3mo a pesar de la importancia de la inmigraci\u00f3n y del conflicto que ha planteado en Europa, no forme parte de la agenda pol\u00edtica su tratamiento con propuestas concretas.\u00a0Contrasta este hecho con lo que suced\u00eda\u00a0en Catalu\u00f1a durante los a\u00f1os 60 y 70 del siglo pasado donde a pesar del franquismo y la falta de instituciones propias, se produjo un gran debate sobre la inmigraci\u00f3n y lo que hab\u00eda que hacer. El libro de Candel Los otros catalanes\u00a0se convirti\u00f3 en un\u00a0best seller,\u00a0y\u00a0Jordi Pujol\u00a0ya desde los a\u00f1os 60 dedic\u00f3 numerosas reflexiones escritas y libros publicados. El vac\u00edo de hoy, que va desde declaraciones grandilocuentes sin traducci\u00f3n pr\u00e1ctica a la nada, es una llamada de atenci\u00f3n sobre la incapacidad de la clase pol\u00edtica catalana de asumir realmente los retos que la sociedad tiene planteados. Un buen ejemplo de este hecho, en el mismo PSOE, es que de dicha recepci\u00f3n del Aquarius ha pasado, a la hora de gobernar, a mantener intocados los CIESy maquillar la valla de Ceuta y Melilla con \u00abconcertinas\u00bb a base de situarla unos metros m\u00e1s all\u00e1, formalmente en territorio marroqu\u00ed. Pura hipocres\u00eda. Tambi\u00e9n ha sido escandalosa la situaci\u00f3n en Canarias. El gobierno no ha comenzado a actuar hasta que las p\u00e1ginas de los peri\u00f3dicos han ido llenas y se ha hablado de la Lampedusa espa\u00f1ola. Incluso, a pesar del esc\u00e1ndalo, hay un transporte semiclandestino de inmigrantes de Canarias a la pen\u00ednsula, que el mismo gobierno niega. Volviendo a la realidad aqu\u00ed, hay que recordar que el caso de Badalona no es \u00fanico.\u00a0En\u00a0la ciudad de Barcelona, gobernada por Ada Colau , cualquier d\u00eda de este invierno se puede producir un accidente similar para 400 personas que viven en 70 asentamientos irregulares\u00a0que se extienden por la ciudad, sobre todo en el distrito de Sant Mart\u00ed.\u00a0Hay que recordar que en 2015 hab\u00eda 412 personas en esta situaci\u00f3n, es decir, ha pasado un quinquenio, el quinquenio Colau, y nada ha cambiado.","og_url":"https:\/\/conversesacatalunya.cat\/es\/de-la-celebracio-de-laquarius-a-la-nau-cremada\/","og_site_name":"Converses a Catalunya","article_published_time":"2020-12-14T11:40:06+00:00","article_modified_time":"2020-12-14T15:12:08+00:00","og_image":[{"width":953,"height":542,"url":"https:\/\/conversesacatalunya.cat\/wp-content\/uploads\/2020\/12\/nau-cremada.jpeg","type":"image\/jpeg"}],"author":"conversesacatalunya","twitter_card":"summary_large_image","twitter_misc":{"Escrito por":"conversesacatalunya","Tiempo de lectura":"3 minutos"},"schema":{"@context":"https:\/\/schema.org","@graph":[{"@type":"Article","@id":"https:\/\/conversesacatalunya.cat\/es\/de-la-celebracio-de-laquarius-a-la-nau-cremada\/#article","isPartOf":{"@id":"https:\/\/conversesacatalunya.cat\/es\/de-la-celebracio-de-laquarius-a-la-nau-cremada\/"},"author":{"name":"conversesacatalunya","@id":"https:\/\/conversesacatalunya.cat\/#\/schema\/person\/7e24d1e54a2785373ddcb275eae5ed99"},"headline":"De la celebraci\u00f3n del Aquarius a la nave quemada","datePublished":"2020-12-14T11:40:06+00:00","dateModified":"2020-12-14T15:12:08+00:00","mainEntityOfPage":{"@id":"https:\/\/conversesacatalunya.cat\/es\/de-la-celebracio-de-laquarius-a-la-nau-cremada\/"},"wordCount":633,"commentCount":0,"image":{"@id":"https:\/\/conversesacatalunya.cat\/es\/de-la-celebracio-de-laquarius-a-la-nau-cremada\/#primaryimage"},"thumbnailUrl":"https:\/\/conversesacatalunya.cat\/wp-content\/uploads\/2020\/12\/nau-cremada.jpeg","keywords":["Badalona","inmigraci\u00f3n"],"articleSection":["Punts clau del dia (ES)"],"inLanguage":"es","potentialAction":[{"@type":"CommentAction","name":"Comment","target":["https:\/\/conversesacatalunya.cat\/es\/de-la-celebracio-de-laquarius-a-la-nau-cremada\/#respond"]}]},{"@type":"WebPage","@id":"https:\/\/conversesacatalunya.cat\/es\/de-la-celebracio-de-laquarius-a-la-nau-cremada\/","url":"https:\/\/conversesacatalunya.cat\/es\/de-la-celebracio-de-laquarius-a-la-nau-cremada\/","name":"De la celebraci\u00f3n del Aquarius a la nave quemada - Converses a Catalunya","isPartOf":{"@id":"https:\/\/conversesacatalunya.cat\/#website"},"primaryImageOfPage":{"@id":"https:\/\/conversesacatalunya.cat\/es\/de-la-celebracio-de-laquarius-a-la-nau-cremada\/#primaryimage"},"image":{"@id":"https:\/\/conversesacatalunya.cat\/es\/de-la-celebracio-de-laquarius-a-la-nau-cremada\/#primaryimage"},"thumbnailUrl":"https:\/\/conversesacatalunya.cat\/wp-content\/uploads\/2020\/12\/nau-cremada.jpeg","datePublished":"2020-12-14T11:40:06+00:00","dateModified":"2020-12-14T15:12:08+00:00","author":{"@id":"https:\/\/conversesacatalunya.cat\/#\/schema\/person\/7e24d1e54a2785373ddcb275eae5ed99"},"breadcrumb":{"@id":"https:\/\/conversesacatalunya.cat\/es\/de-la-celebracio-de-laquarius-a-la-nau-cremada\/#breadcrumb"},"inLanguage":"es","potentialAction":[{"@type":"ReadAction","target":["https:\/\/conversesacatalunya.cat\/es\/de-la-celebracio-de-laquarius-a-la-nau-cremada\/"]}]},{"@type":"ImageObject","inLanguage":"es","@id":"https:\/\/conversesacatalunya.cat\/es\/de-la-celebracio-de-laquarius-a-la-nau-cremada\/#primaryimage","url":"https:\/\/conversesacatalunya.cat\/wp-content\/uploads\/2020\/12\/nau-cremada.jpeg","contentUrl":"https:\/\/conversesacatalunya.cat\/wp-content\/uploads\/2020\/12\/nau-cremada.jpeg","width":953,"height":542,"caption":"immigrants"},{"@type":"BreadcrumbList","@id":"https:\/\/conversesacatalunya.cat\/es\/de-la-celebracio-de-laquarius-a-la-nau-cremada\/#breadcrumb","itemListElement":[{"@type":"ListItem","position":1,"name":"Inici","item":"https:\/\/conversesacatalunya.cat\/es\/"},{"@type":"ListItem","position":2,"name":"De la celebraci\u00f3n del Aquarius a la nave quemada"}]},{"@type":"WebSite","@id":"https:\/\/conversesacatalunya.cat\/#website","url":"https:\/\/conversesacatalunya.cat\/","name":"Converses a Catalunya","description":"","potentialAction":[{"@type":"SearchAction","target":{"@type":"EntryPoint","urlTemplate":"https:\/\/conversesacatalunya.cat\/?s={search_term_string}"},"query-input":{"@type":"PropertyValueSpecification","valueRequired":true,"valueName":"search_term_string"}}],"inLanguage":"es"},{"@type":"Person","@id":"https:\/\/conversesacatalunya.cat\/#\/schema\/person\/7e24d1e54a2785373ddcb275eae5ed99","name":"conversesacatalunya","image":{"@type":"ImageObject","inLanguage":"es","@id":"https:\/\/conversesacatalunya.cat\/#\/schema\/person\/image\/","url":"https:\/\/conversesacatalunya.cat\/wp-content\/litespeed\/avatar\/febdfeeec89d950f01c748045a981dd2.jpg?ver=1777314535","contentUrl":"https:\/\/conversesacatalunya.cat\/wp-content\/litespeed\/avatar\/febdfeeec89d950f01c748045a981dd2.jpg?ver=1777314535","caption":"conversesacatalunya"},"url":"https:\/\/conversesacatalunya.cat\/es\/author\/carme_catala\/"}]}},"wps_subtitle":"","_links":{"self":[{"href":"https:\/\/conversesacatalunya.cat\/es\/wp-json\/wp\/v2\/posts\/43223","targetHints":{"allow":["GET"]}}],"collection":[{"href":"https:\/\/conversesacatalunya.cat\/es\/wp-json\/wp\/v2\/posts"}],"about":[{"href":"https:\/\/conversesacatalunya.cat\/es\/wp-json\/wp\/v2\/types\/post"}],"author":[{"embeddable":true,"href":"https:\/\/conversesacatalunya.cat\/es\/wp-json\/wp\/v2\/users\/2"}],"replies":[{"embeddable":true,"href":"https:\/\/conversesacatalunya.cat\/es\/wp-json\/wp\/v2\/comments?post=43223"}],"version-history":[{"count":2,"href":"https:\/\/conversesacatalunya.cat\/es\/wp-json\/wp\/v2\/posts\/43223\/revisions"}],"predecessor-version":[{"id":43225,"href":"https:\/\/conversesacatalunya.cat\/es\/wp-json\/wp\/v2\/posts\/43223\/revisions\/43225"}],"wp:featuredmedia":[{"embeddable":true,"href":"https:\/\/conversesacatalunya.cat\/es\/wp-json\/wp\/v2\/media\/43218"}],"wp:attachment":[{"href":"https:\/\/conversesacatalunya.cat\/es\/wp-json\/wp\/v2\/media?parent=43223"}],"wp:term":[{"taxonomy":"category","embeddable":true,"href":"https:\/\/conversesacatalunya.cat\/es\/wp-json\/wp\/v2\/categories?post=43223"},{"taxonomy":"post_tag","embeddable":true,"href":"https:\/\/conversesacatalunya.cat\/es\/wp-json\/wp\/v2\/tags?post=43223"}],"curies":[{"name":"wp","href":"https:\/\/api.w.org\/{rel}","templated":true}]}}