{"id":43212,"date":"2020-12-15T09:20:38","date_gmt":"2020-12-15T08:20:38","guid":{"rendered":"https:\/\/conversesacatalunya.cat\/?p=43212"},"modified":"2020-12-14T16:27:09","modified_gmt":"2020-12-14T15:27:09","slug":"banco-de-espana-pronostica-tres-anos-mas-de-recuperacion","status":"publish","type":"post","link":"https:\/\/conversesacatalunya.cat\/es\/banco-de-espana-pronostica-tres-anos-mas-de-recuperacion\/","title":{"rendered":"El Banco de Espa\u00f1a pronostica tres a\u00f1os m\u00e1s hasta la recuperaci\u00f3n"},"content":{"rendered":"<p>A pesar de mejorar la previsi\u00f3n, el Banco de Espa\u00f1a calcula que <strong>faltan tres a\u00f1os m\u00e1s de recuperaci\u00f3n econ\u00f3mica<\/strong>. El organismo acota la ca\u00edda del PIB para 2020 entre el 10,7% y el 11,7% y prev\u00e9 una recuperaci\u00f3n entre el 4,2% y el 8,6% para el pr\u00f3ximo a\u00f1o seg\u00fan como evolucione la distribuci\u00f3n de la vacuna. Sin embargo, en su an\u00e1lisis de la econom\u00eda anticipa que <strong>parte del tejido productivo del pa\u00eds no sobrevivir\u00e1 a la pandemia<\/strong>, pese a los apoyos desplegados, y alerta de un aumento del riesgo de fen\u00f3menos de hist\u00e9resis en el mercado de trabajo, con un aumento del paro de larga duraci\u00f3n.<\/p>\n<p>El organismo ha planteado tres escenarios alternativos teniendo en cuenta la eficacia de las vacunas y la estabilizaci\u00f3n de la situaci\u00f3n sanitaria para la recuperaci\u00f3n de los pr\u00f3ximos a\u00f1os. \u00abLos anuncios de la disponibilidad inminente de varias vacunas tienden a atenuar la incertidumbre a medida que avanza el horizonte de proyecci\u00f3n, sin embargo, esta solo se ha disipado en parte, dada la relativa indeterminaci\u00f3n del plazo necesario para lograr la inmunizaci\u00f3n del conjunto de la poblaci\u00f3n\u00bb, explican los economistas de la instituci\u00f3n.<\/p>\n<p>Bajo cualquiera de los tres escenarios considerados sobre la evoluci\u00f3n de la pandemia, la fuerte contracci\u00f3n del PIB en 2020<strong> ir\u00eda seguida de una recuperaci\u00f3n relativamente intensa en los tres a\u00f1os posteriores<\/strong>, aunque la crisis dejar\u00eda efectos persistentes sobre los niveles de actividad. El repunte del producto de la econom\u00eda en 2021 ser\u00eda de un 6,8% en el escenario central, cifra que se elevar\u00eda hasta el 8,6% en el escenario m\u00e1s favorable y se reducir\u00eda hasta el 4,2% en el m\u00e1s adverso. \u00abUna parte sustancial de estas diferencias se explica por los distintos plazos de vacunaci\u00f3n de la poblaci\u00f3n que, entre otras consecuencias, dan lugar a un ritmo dispar de recuperaci\u00f3n de las actividades que conllevan m\u00e1s interacci\u00f3n social y, en particular, las relacionadas con el turismo\u00bb, se\u00f1alan.<\/p>\n<p>El da\u00f1o puede tener un fuerte impacto en el empleo. \u00abNo se puede descartar el riesgo de que, a pesar de la contundencia de las medidas aplicadas, tanto en t\u00e9rminos de los esquemas de mantenimiento del empleo a corto plazo como de provisi\u00f3n de liquidez a las empresas, se registren fen\u00f3menos de hist\u00e9resis en el mercado de trabajo\u00bb. El escenario suave asume que las medidas ser\u00e1n efectivas para evitar la materializaci\u00f3n de este riesgo, a diferencia de los otros dos escenarios. En el severo, la p\u00e9rdida de puestos de trabajo tendr\u00eda un car\u00e1cter m\u00e1s persistente, particularmente en los sectores m\u00e1s expuestos al distanciamiento social y entre los grupos de trabajadores m\u00e1s vulnerables en particular, aquellos con un contrato temporal. La hist\u00e9resis significa que el paro seguir\u00e1 subiendo pese a que haya una recuperaci\u00f3n econ\u00f3mica.<\/p>\n<p>En este sentido, el catedr\u00e1tico de Econom\u00eda Aplicada de la Aut\u00f3noma de Barcelona Josep Oliver destaca<strong> la elevada incertidumbre acerca de la duraci\u00f3n de la crisis<\/strong>, que depender\u00e1 de la evoluci\u00f3n de la emergencia sanitaria; el hecho de que el dinero europeo del fondo SURE para financiar los expedientes de regulaci\u00f3n de empleo (ERTE) vaya a durar, en su opini\u00f3n, solo hasta abril o mayo; y que no se puede esperar que el resto de fondos europeos para la reestructuraci\u00f3n del tejido productivo se emplee en otro tipo de ayudas.<\/p>\n<p>Adem\u00e1s, sus datos reflejan que hay dos colectivos notablemente m\u00e1s da\u00f1ados por la crisis de la pandemia: los j\u00f3venes y las pymes. Entre los primeros destaca que entre febrero y octubre de este a\u00f1o las p\u00e9rdidas de afiliados se concentran pr\u00e1cticamente en su totalidad en los m\u00e1s j\u00f3venes en t\u00e9rminos netos. De esta forma, frente a la contracci\u00f3n del -4,9% de la afiliaci\u00f3n de los menores de 35 a\u00f1os (-233.000 afiliados menos), la reducci\u00f3n de aquellos con 35 y m\u00e1s es pr\u00e1cticamente nula (-26.000 en total).<\/p>\n<p>Esto deja, seg\u00fan llam\u00f3 la atenci\u00f3n Oliver, la existencia de 1,5 millones de j\u00f3venes parados, de los que solo 300.000 tienen estudios superiores, por lo que apunt\u00f3 que el Gobierno deber\u00eda destinar parte de los fondos europeos a un gran programa de recualificaci\u00f3n de este colectivo. Por el lado de las pymes, mostr\u00f3 su preocupaci\u00f3n por los datos del Fondo Monetario Internacional (FMI) de octubre que indican que la falta de liquidez hace que el 40% del empleo de las pymes del sector de alojamientos y comidas est\u00e9 en riesgo; o el 31% del trabajo de las peque\u00f1as empresas del ocio o el 17% del comercio.<\/p>\n<span class='bctt-click-to-tweet'><span class='bctt-ctt-text'><a href='https:\/\/twitter.com\/intent\/tweet?url=https%3A%2F%2Fconversesacatalunya.cat%2Fes%2Fbanco-de-espana-pronostica-tres-anos-mas-de-recuperacion%2F&#038;text=Los%20anuncios%20de%20la%20disponibilidad%20inminente%20de%20varias%20vacunas%20tienden%20a%20atenuar%20la%20incertidumbre%20a%20medida%20que%20avanza%20el%20horizonte%20de%20proyecci%C3%B3n&#038;via=conversesacat&#038;related=conversesacat' target='_blank'rel=\"noopener noreferrer\">Los anuncios de la disponibilidad inminente de varias vacunas tienden a atenuar la incertidumbre a medida que avanza el horizonte de proyecci\u00f3n <\/a><\/span><a href='https:\/\/twitter.com\/intent\/tweet?url=https%3A%2F%2Fconversesacatalunya.cat%2Fes%2Fbanco-de-espana-pronostica-tres-anos-mas-de-recuperacion%2F&#038;text=Los%20anuncios%20de%20la%20disponibilidad%20inminente%20de%20varias%20vacunas%20tienden%20a%20atenuar%20la%20incertidumbre%20a%20medida%20que%20avanza%20el%20horizonte%20de%20proyecci%C3%B3n&#038;via=conversesacat&#038;related=conversesacat' target='_blank' class='bctt-ctt-btn'rel=\"noopener noreferrer\">Compartir en X<\/a><\/span>\n","protected":false},"excerpt":{"rendered":"<p>A pesar de mejorar la previsi\u00f3n, el Banco de Espa\u00f1a calcula que faltan tres a\u00f1os m\u00e1s de recuperaci\u00f3n econ\u00f3mica. El organismo acota la ca\u00edda del PIB para 2020 entre el 10,7% y el 11,7% y prev\u00e9 una recuperaci\u00f3n entre el 4,2% y el 8,6% para el pr\u00f3ximo a\u00f1o seg\u00fan como evolucione la distribuci\u00f3n de la vacuna. Sin embargo, en su an\u00e1lisis de la econom\u00eda anticipa que parte del tejido productivo del pa\u00eds no sobrevivir\u00e1 a la pandemia, pese a los apoyos desplegados, y alerta de un aumento del riesgo de fen\u00f3menos de hist\u00e9resis en el mercado de trabajo, con un aumento del paro de larga duraci\u00f3n. El organismo ha planteado tres escenarios alternativos teniendo en cuenta la eficacia de las vacunas y la estabilizaci\u00f3n de la situaci\u00f3n sanitaria para la recuperaci\u00f3n de los pr\u00f3ximos a\u00f1os. \u00abLos anuncios de la disponibilidad inminente de varias vacunas tienden a atenuar la incertidumbre a medida que avanza el horizonte de proyecci\u00f3n, sin embargo, esta solo se ha disipado en parte, dada la relativa indeterminaci\u00f3n del plazo necesario para lograr la inmunizaci\u00f3n del conjunto de la poblaci\u00f3n\u00bb, explican los economistas de la instituci\u00f3n. Bajo cualquiera de los tres escenarios considerados sobre la evoluci\u00f3n de la pandemia, la fuerte contracci\u00f3n del PIB en 2020 ir\u00eda seguida de una recuperaci\u00f3n relativamente intensa en los tres a\u00f1os posteriores, aunque la crisis dejar\u00eda efectos persistentes sobre los niveles de actividad. El repunte del producto de la econom\u00eda en 2021 ser\u00eda de un 6,8% en el escenario central, cifra que se elevar\u00eda hasta el 8,6% en el escenario m\u00e1s favorable y se reducir\u00eda hasta el 4,2% en el m\u00e1s adverso. \u00abUna parte sustancial de estas diferencias se explica por los distintos plazos de vacunaci\u00f3n de la poblaci\u00f3n que, entre otras consecuencias, dan lugar a un ritmo dispar de recuperaci\u00f3n de las actividades que conllevan m\u00e1s interacci\u00f3n social y, en particular, las relacionadas con el turismo\u00bb, se\u00f1alan. El da\u00f1o puede tener un fuerte impacto en el empleo. \u00abNo se puede descartar el riesgo de que, a pesar de la contundencia de las medidas aplicadas, tanto en t\u00e9rminos de los esquemas de mantenimiento del empleo a corto plazo como de provisi\u00f3n de liquidez a las empresas, se registren fen\u00f3menos de hist\u00e9resis en el mercado de trabajo\u00bb. El escenario suave asume que las medidas ser\u00e1n efectivas para evitar la materializaci\u00f3n de este riesgo, a diferencia de los otros dos escenarios. En el severo, la p\u00e9rdida de puestos de trabajo tendr\u00eda un car\u00e1cter m\u00e1s persistente, particularmente en los sectores m\u00e1s expuestos al distanciamiento social y entre los grupos de trabajadores m\u00e1s vulnerables en particular, aquellos con un contrato temporal. La hist\u00e9resis significa que el paro seguir\u00e1 subiendo pese a que haya una recuperaci\u00f3n econ\u00f3mica. En este sentido, el catedr\u00e1tico de Econom\u00eda Aplicada de la Aut\u00f3noma de Barcelona Josep Oliver destaca la elevada incertidumbre acerca de la duraci\u00f3n de la crisis, que depender\u00e1 de la evoluci\u00f3n de la emergencia sanitaria; el hecho de que el dinero europeo del fondo SURE para financiar los expedientes de regulaci\u00f3n de empleo (ERTE) vaya a durar, en su opini\u00f3n, solo hasta abril o mayo; y que no se puede esperar que el resto de fondos europeos para la reestructuraci\u00f3n del tejido productivo se emplee en otro tipo de ayudas. Adem\u00e1s, sus datos reflejan que hay dos colectivos notablemente m\u00e1s da\u00f1ados por la crisis de la pandemia: los j\u00f3venes y las pymes. Entre los primeros destaca que entre febrero y octubre de este a\u00f1o las p\u00e9rdidas de afiliados se concentran pr\u00e1cticamente en su totalidad en los m\u00e1s j\u00f3venes en t\u00e9rminos netos. De esta forma, frente a la contracci\u00f3n del -4,9% de la afiliaci\u00f3n de los menores de 35 a\u00f1os (-233.000 afiliados menos), la reducci\u00f3n de aquellos con 35 y m\u00e1s es pr\u00e1cticamente nula (-26.000 en total). Esto deja, seg\u00fan llam\u00f3 la atenci\u00f3n Oliver, la existencia de 1,5 millones de j\u00f3venes parados, de los que solo 300.000 tienen estudios superiores, por lo que apunt\u00f3 que el Gobierno deber\u00eda destinar parte de los fondos europeos a un gran programa de recualificaci\u00f3n de este colectivo. Por el lado de las pymes, mostr\u00f3 su preocupaci\u00f3n por los datos del Fondo Monetario Internacional (FMI) de octubre que indican que la falta de liquidez hace que el 40% del empleo de las pymes del sector de alojamientos y comidas est\u00e9 en riesgo; o el 31% del trabajo de las peque\u00f1as empresas del ocio o el 17% del comercio.<\/p>\n","protected":false},"author":20,"featured_media":43204,"comment_status":"open","ping_status":"open","sticky":false,"template":"","format":"standard","meta":{"_FSMCFIC_featured_image_caption":"","_FSMCFIC_featured_image_nocaption":"","_FSMCFIC_featured_image_hide":"","footnotes":""},"categories":[1772,806],"tags":[218,2359,1504,3006,3098],"class_list":["post-43212","post","type-post","status-publish","format-standard","has-post-thumbnail","hentry","category-especial-coronavirus-es","category-punts-claus-del-dia-es","tag-banc-despanya","tag-banc-despanya-es-2","tag-coronavirus-es","tag-crisis-coronavirus","tag-recuperacio-es"],"yoast_head":"<!-- This site is optimized with the Yoast SEO plugin v26.8 - https:\/\/yoast.com\/product\/yoast-seo-wordpress\/ -->\n<title>El Banco de Espa\u00f1a pronostica tres a\u00f1os m\u00e1s hasta la recuperaci\u00f3n -<\/title>\n<meta name=\"description\" content=\"A\u00fan con las previsiones mejoradas respecto a los \u00faltimos an\u00e1lisis, el Banco de Espa\u00f1a calcula que a\u00fan faltan tres a\u00f1os para alcanzar\" \/>\n<meta name=\"robots\" content=\"index, follow, max-snippet:-1, max-image-preview:large, max-video-preview:-1\" \/>\n<link rel=\"canonical\" href=\"https:\/\/conversesacatalunya.cat\/es\/banco-de-espana-pronostica-tres-anos-mas-de-recuperacion\/\" \/>\n<meta property=\"og:locale\" content=\"es_ES\" \/>\n<meta property=\"og:type\" content=\"article\" \/>\n<meta property=\"og:title\" content=\"El Banco de Espa\u00f1a pronostica tres a\u00f1os m\u00e1s hasta la recuperaci\u00f3n -\" \/>\n<meta property=\"og:description\" content=\"A\u00fan con las previsiones mejoradas respecto a los \u00faltimos an\u00e1lisis, el Banco de Espa\u00f1a calcula que a\u00fan faltan tres a\u00f1os para alcanzar\" \/>\n<meta property=\"og:url\" content=\"https:\/\/conversesacatalunya.cat\/es\/banco-de-espana-pronostica-tres-anos-mas-de-recuperacion\/\" \/>\n<meta property=\"og:site_name\" content=\"Converses a Catalunya\" \/>\n<meta property=\"article:published_time\" content=\"2020-12-15T08:20:38+00:00\" \/>\n<meta property=\"og:image\" content=\"https:\/\/conversesacatalunya.cat\/wp-content\/uploads\/2020\/12\/Capture-4-1024x679.png\" \/>\n\t<meta property=\"og:image:width\" content=\"1024\" \/>\n\t<meta property=\"og:image:height\" content=\"679\" \/>\n\t<meta property=\"og:image:type\" content=\"image\/png\" \/>\n<meta name=\"author\" content=\"conversesacatalunya\" \/>\n<meta name=\"twitter:card\" content=\"summary_large_image\" \/>\n<meta name=\"twitter:label1\" content=\"Escrito por\" \/>\n\t<meta name=\"twitter:data1\" content=\"conversesacatalunya\" \/>\n\t<meta name=\"twitter:label2\" content=\"Tiempo de lectura\" \/>\n\t<meta name=\"twitter:data2\" content=\"4 minutos\" \/>\n<script type=\"application\/ld+json\" class=\"yoast-schema-graph\">{\"@context\":\"https:\/\/schema.org\",\"@graph\":[{\"@type\":\"Article\",\"@id\":\"https:\/\/conversesacatalunya.cat\/es\/banco-de-espana-pronostica-tres-anos-mas-de-recuperacion\/#article\",\"isPartOf\":{\"@id\":\"https:\/\/conversesacatalunya.cat\/es\/banco-de-espana-pronostica-tres-anos-mas-de-recuperacion\/\"},\"author\":{\"name\":\"conversesacatalunya\",\"@id\":\"https:\/\/conversesacatalunya.cat\/#\/schema\/person\/a7a9496a363cd9847daf7cd659d92e64\"},\"headline\":\"El Banco de Espa\u00f1a pronostica tres a\u00f1os m\u00e1s hasta la recuperaci\u00f3n\",\"datePublished\":\"2020-12-15T08:20:38+00:00\",\"mainEntityOfPage\":{\"@id\":\"https:\/\/conversesacatalunya.cat\/es\/banco-de-espana-pronostica-tres-anos-mas-de-recuperacion\/\"},\"wordCount\":850,\"commentCount\":0,\"image\":{\"@id\":\"https:\/\/conversesacatalunya.cat\/es\/banco-de-espana-pronostica-tres-anos-mas-de-recuperacion\/#primaryimage\"},\"thumbnailUrl\":\"https:\/\/conversesacatalunya.cat\/wp-content\/uploads\/2020\/12\/Capture-4.png\",\"keywords\":[\"Banc d'Espanya\",\"Banc d'Espanya\",\"coronavirus\",\"crisis coronavirus\",\"recuperaci\u00f3\"],\"articleSection\":[\"Especial Coronavirus (ES)\",\"Punts clau del dia (ES)\"],\"inLanguage\":\"es\",\"potentialAction\":[{\"@type\":\"CommentAction\",\"name\":\"Comment\",\"target\":[\"https:\/\/conversesacatalunya.cat\/es\/banco-de-espana-pronostica-tres-anos-mas-de-recuperacion\/#respond\"]}]},{\"@type\":\"WebPage\",\"@id\":\"https:\/\/conversesacatalunya.cat\/es\/banco-de-espana-pronostica-tres-anos-mas-de-recuperacion\/\",\"url\":\"https:\/\/conversesacatalunya.cat\/es\/banco-de-espana-pronostica-tres-anos-mas-de-recuperacion\/\",\"name\":\"El Banco de Espa\u00f1a pronostica tres a\u00f1os m\u00e1s hasta la recuperaci\u00f3n -\",\"isPartOf\":{\"@id\":\"https:\/\/conversesacatalunya.cat\/#website\"},\"primaryImageOfPage\":{\"@id\":\"https:\/\/conversesacatalunya.cat\/es\/banco-de-espana-pronostica-tres-anos-mas-de-recuperacion\/#primaryimage\"},\"image\":{\"@id\":\"https:\/\/conversesacatalunya.cat\/es\/banco-de-espana-pronostica-tres-anos-mas-de-recuperacion\/#primaryimage\"},\"thumbnailUrl\":\"https:\/\/conversesacatalunya.cat\/wp-content\/uploads\/2020\/12\/Capture-4.png\",\"datePublished\":\"2020-12-15T08:20:38+00:00\",\"author\":{\"@id\":\"https:\/\/conversesacatalunya.cat\/#\/schema\/person\/a7a9496a363cd9847daf7cd659d92e64\"},\"description\":\"A\u00fan con las previsiones mejoradas respecto a los \u00faltimos an\u00e1lisis, el Banco de Espa\u00f1a calcula que a\u00fan faltan tres a\u00f1os para alcanzar\",\"breadcrumb\":{\"@id\":\"https:\/\/conversesacatalunya.cat\/es\/banco-de-espana-pronostica-tres-anos-mas-de-recuperacion\/#breadcrumb\"},\"inLanguage\":\"es\",\"potentialAction\":[{\"@type\":\"ReadAction\",\"target\":[\"https:\/\/conversesacatalunya.cat\/es\/banco-de-espana-pronostica-tres-anos-mas-de-recuperacion\/\"]}]},{\"@type\":\"ImageObject\",\"inLanguage\":\"es\",\"@id\":\"https:\/\/conversesacatalunya.cat\/es\/banco-de-espana-pronostica-tres-anos-mas-de-recuperacion\/#primaryimage\",\"url\":\"https:\/\/conversesacatalunya.cat\/wp-content\/uploads\/2020\/12\/Capture-4.png\",\"contentUrl\":\"https:\/\/conversesacatalunya.cat\/wp-content\/uploads\/2020\/12\/Capture-4.png\",\"width\":1122,\"height\":744,\"caption\":\"Recuperaci\u00f3\"},{\"@type\":\"BreadcrumbList\",\"@id\":\"https:\/\/conversesacatalunya.cat\/es\/banco-de-espana-pronostica-tres-anos-mas-de-recuperacion\/#breadcrumb\",\"itemListElement\":[{\"@type\":\"ListItem\",\"position\":1,\"name\":\"Inici\",\"item\":\"https:\/\/conversesacatalunya.cat\/es\/\"},{\"@type\":\"ListItem\",\"position\":2,\"name\":\"El Banco de Espa\u00f1a pronostica tres a\u00f1os m\u00e1s hasta la recuperaci\u00f3n\"}]},{\"@type\":\"WebSite\",\"@id\":\"https:\/\/conversesacatalunya.cat\/#website\",\"url\":\"https:\/\/conversesacatalunya.cat\/\",\"name\":\"Converses a Catalunya\",\"description\":\"\",\"potentialAction\":[{\"@type\":\"SearchAction\",\"target\":{\"@type\":\"EntryPoint\",\"urlTemplate\":\"https:\/\/conversesacatalunya.cat\/?s={search_term_string}\"},\"query-input\":{\"@type\":\"PropertyValueSpecification\",\"valueRequired\":true,\"valueName\":\"search_term_string\"}}],\"inLanguage\":\"es\"},{\"@type\":\"Person\",\"@id\":\"https:\/\/conversesacatalunya.cat\/#\/schema\/person\/a7a9496a363cd9847daf7cd659d92e64\",\"name\":\"conversesacatalunya\",\"image\":{\"@type\":\"ImageObject\",\"inLanguage\":\"es\",\"@id\":\"https:\/\/conversesacatalunya.cat\/#\/schema\/person\/image\/\",\"url\":\"https:\/\/conversesacatalunya.cat\/wp-content\/litespeed\/avatar\/ff91582b44ff9c880dc9c5ac2f5c7e89.jpg?ver=1777372947\",\"contentUrl\":\"https:\/\/conversesacatalunya.cat\/wp-content\/litespeed\/avatar\/ff91582b44ff9c880dc9c5ac2f5c7e89.jpg?ver=1777372947\",\"caption\":\"conversesacatalunya\"},\"url\":\"https:\/\/conversesacatalunya.cat\/es\/author\/francisco_garcia\/\"}]}<\/script>\n<!-- \/ Yoast SEO plugin. -->","yoast_head_json":{"title":"El Banco de Espa\u00f1a pronostica tres a\u00f1os m\u00e1s hasta la recuperaci\u00f3n -","description":"A\u00fan con las previsiones mejoradas respecto a los \u00faltimos an\u00e1lisis, el Banco de Espa\u00f1a calcula que a\u00fan faltan tres a\u00f1os para alcanzar","robots":{"index":"index","follow":"follow","max-snippet":"max-snippet:-1","max-image-preview":"max-image-preview:large","max-video-preview":"max-video-preview:-1"},"canonical":"https:\/\/conversesacatalunya.cat\/es\/banco-de-espana-pronostica-tres-anos-mas-de-recuperacion\/","og_locale":"es_ES","og_type":"article","og_title":"El Banco de Espa\u00f1a pronostica tres a\u00f1os m\u00e1s hasta la recuperaci\u00f3n -","og_description":"A\u00fan con las previsiones mejoradas respecto a los \u00faltimos an\u00e1lisis, el Banco de Espa\u00f1a calcula que a\u00fan faltan tres a\u00f1os para alcanzar","og_url":"https:\/\/conversesacatalunya.cat\/es\/banco-de-espana-pronostica-tres-anos-mas-de-recuperacion\/","og_site_name":"Converses a Catalunya","article_published_time":"2020-12-15T08:20:38+00:00","og_image":[{"width":1024,"height":679,"url":"https:\/\/conversesacatalunya.cat\/wp-content\/uploads\/2020\/12\/Capture-4-1024x679.png","type":"image\/png"}],"author":"conversesacatalunya","twitter_card":"summary_large_image","twitter_misc":{"Escrito por":"conversesacatalunya","Tiempo de lectura":"4 minutos"},"schema":{"@context":"https:\/\/schema.org","@graph":[{"@type":"Article","@id":"https:\/\/conversesacatalunya.cat\/es\/banco-de-espana-pronostica-tres-anos-mas-de-recuperacion\/#article","isPartOf":{"@id":"https:\/\/conversesacatalunya.cat\/es\/banco-de-espana-pronostica-tres-anos-mas-de-recuperacion\/"},"author":{"name":"conversesacatalunya","@id":"https:\/\/conversesacatalunya.cat\/#\/schema\/person\/a7a9496a363cd9847daf7cd659d92e64"},"headline":"El Banco de Espa\u00f1a pronostica tres a\u00f1os m\u00e1s hasta la recuperaci\u00f3n","datePublished":"2020-12-15T08:20:38+00:00","mainEntityOfPage":{"@id":"https:\/\/conversesacatalunya.cat\/es\/banco-de-espana-pronostica-tres-anos-mas-de-recuperacion\/"},"wordCount":850,"commentCount":0,"image":{"@id":"https:\/\/conversesacatalunya.cat\/es\/banco-de-espana-pronostica-tres-anos-mas-de-recuperacion\/#primaryimage"},"thumbnailUrl":"https:\/\/conversesacatalunya.cat\/wp-content\/uploads\/2020\/12\/Capture-4.png","keywords":["Banc d'Espanya","Banc d'Espanya","coronavirus","crisis coronavirus","recuperaci\u00f3"],"articleSection":["Especial Coronavirus (ES)","Punts clau del dia (ES)"],"inLanguage":"es","potentialAction":[{"@type":"CommentAction","name":"Comment","target":["https:\/\/conversesacatalunya.cat\/es\/banco-de-espana-pronostica-tres-anos-mas-de-recuperacion\/#respond"]}]},{"@type":"WebPage","@id":"https:\/\/conversesacatalunya.cat\/es\/banco-de-espana-pronostica-tres-anos-mas-de-recuperacion\/","url":"https:\/\/conversesacatalunya.cat\/es\/banco-de-espana-pronostica-tres-anos-mas-de-recuperacion\/","name":"El Banco de Espa\u00f1a pronostica tres a\u00f1os m\u00e1s hasta la recuperaci\u00f3n -","isPartOf":{"@id":"https:\/\/conversesacatalunya.cat\/#website"},"primaryImageOfPage":{"@id":"https:\/\/conversesacatalunya.cat\/es\/banco-de-espana-pronostica-tres-anos-mas-de-recuperacion\/#primaryimage"},"image":{"@id":"https:\/\/conversesacatalunya.cat\/es\/banco-de-espana-pronostica-tres-anos-mas-de-recuperacion\/#primaryimage"},"thumbnailUrl":"https:\/\/conversesacatalunya.cat\/wp-content\/uploads\/2020\/12\/Capture-4.png","datePublished":"2020-12-15T08:20:38+00:00","author":{"@id":"https:\/\/conversesacatalunya.cat\/#\/schema\/person\/a7a9496a363cd9847daf7cd659d92e64"},"description":"A\u00fan con las previsiones mejoradas respecto a los \u00faltimos an\u00e1lisis, el Banco de Espa\u00f1a calcula que a\u00fan faltan tres a\u00f1os para alcanzar","breadcrumb":{"@id":"https:\/\/conversesacatalunya.cat\/es\/banco-de-espana-pronostica-tres-anos-mas-de-recuperacion\/#breadcrumb"},"inLanguage":"es","potentialAction":[{"@type":"ReadAction","target":["https:\/\/conversesacatalunya.cat\/es\/banco-de-espana-pronostica-tres-anos-mas-de-recuperacion\/"]}]},{"@type":"ImageObject","inLanguage":"es","@id":"https:\/\/conversesacatalunya.cat\/es\/banco-de-espana-pronostica-tres-anos-mas-de-recuperacion\/#primaryimage","url":"https:\/\/conversesacatalunya.cat\/wp-content\/uploads\/2020\/12\/Capture-4.png","contentUrl":"https:\/\/conversesacatalunya.cat\/wp-content\/uploads\/2020\/12\/Capture-4.png","width":1122,"height":744,"caption":"Recuperaci\u00f3"},{"@type":"BreadcrumbList","@id":"https:\/\/conversesacatalunya.cat\/es\/banco-de-espana-pronostica-tres-anos-mas-de-recuperacion\/#breadcrumb","itemListElement":[{"@type":"ListItem","position":1,"name":"Inici","item":"https:\/\/conversesacatalunya.cat\/es\/"},{"@type":"ListItem","position":2,"name":"El Banco de Espa\u00f1a pronostica tres a\u00f1os m\u00e1s hasta la recuperaci\u00f3n"}]},{"@type":"WebSite","@id":"https:\/\/conversesacatalunya.cat\/#website","url":"https:\/\/conversesacatalunya.cat\/","name":"Converses a Catalunya","description":"","potentialAction":[{"@type":"SearchAction","target":{"@type":"EntryPoint","urlTemplate":"https:\/\/conversesacatalunya.cat\/?s={search_term_string}"},"query-input":{"@type":"PropertyValueSpecification","valueRequired":true,"valueName":"search_term_string"}}],"inLanguage":"es"},{"@type":"Person","@id":"https:\/\/conversesacatalunya.cat\/#\/schema\/person\/a7a9496a363cd9847daf7cd659d92e64","name":"conversesacatalunya","image":{"@type":"ImageObject","inLanguage":"es","@id":"https:\/\/conversesacatalunya.cat\/#\/schema\/person\/image\/","url":"https:\/\/conversesacatalunya.cat\/wp-content\/litespeed\/avatar\/ff91582b44ff9c880dc9c5ac2f5c7e89.jpg?ver=1777372947","contentUrl":"https:\/\/conversesacatalunya.cat\/wp-content\/litespeed\/avatar\/ff91582b44ff9c880dc9c5ac2f5c7e89.jpg?ver=1777372947","caption":"conversesacatalunya"},"url":"https:\/\/conversesacatalunya.cat\/es\/author\/francisco_garcia\/"}]}},"wps_subtitle":"A\u00fan con las previsiones mejoradas respecto a los \u00faltimos an\u00e1lisis, el Banco de Espa\u00f1a calcula que a\u00fan faltan tres a\u00f1os para alcanzar la recuperaci\u00f3n econ\u00f3mica","_links":{"self":[{"href":"https:\/\/conversesacatalunya.cat\/es\/wp-json\/wp\/v2\/posts\/43212","targetHints":{"allow":["GET"]}}],"collection":[{"href":"https:\/\/conversesacatalunya.cat\/es\/wp-json\/wp\/v2\/posts"}],"about":[{"href":"https:\/\/conversesacatalunya.cat\/es\/wp-json\/wp\/v2\/types\/post"}],"author":[{"embeddable":true,"href":"https:\/\/conversesacatalunya.cat\/es\/wp-json\/wp\/v2\/users\/20"}],"replies":[{"embeddable":true,"href":"https:\/\/conversesacatalunya.cat\/es\/wp-json\/wp\/v2\/comments?post=43212"}],"version-history":[{"count":3,"href":"https:\/\/conversesacatalunya.cat\/es\/wp-json\/wp\/v2\/posts\/43212\/revisions"}],"predecessor-version":[{"id":43231,"href":"https:\/\/conversesacatalunya.cat\/es\/wp-json\/wp\/v2\/posts\/43212\/revisions\/43231"}],"wp:featuredmedia":[{"embeddable":true,"href":"https:\/\/conversesacatalunya.cat\/es\/wp-json\/wp\/v2\/media\/43204"}],"wp:attachment":[{"href":"https:\/\/conversesacatalunya.cat\/es\/wp-json\/wp\/v2\/media?parent=43212"}],"wp:term":[{"taxonomy":"category","embeddable":true,"href":"https:\/\/conversesacatalunya.cat\/es\/wp-json\/wp\/v2\/categories?post=43212"},{"taxonomy":"post_tag","embeddable":true,"href":"https:\/\/conversesacatalunya.cat\/es\/wp-json\/wp\/v2\/tags?post=43212"}],"curies":[{"name":"wp","href":"https:\/\/api.w.org\/{rel}","templated":true}]}}