{"id":43187,"date":"2020-12-11T12:49:07","date_gmt":"2020-12-11T11:49:07","guid":{"rendered":"https:\/\/conversesacatalunya.cat\/vacunes-la-tragedia-de-badalona-i-leutanasia-assenyalen-un-rerefons-preocupant\/"},"modified":"2020-12-11T13:44:36","modified_gmt":"2020-12-11T12:44:36","slug":"vacunas-la-tragedia-de-badalona-y-la-eutanasia-senalan-un-trasfondo-preocupante","status":"publish","type":"post","link":"https:\/\/conversesacatalunya.cat\/es\/vacunas-la-tragedia-de-badalona-y-la-eutanasia-senalan-un-trasfondo-preocupante\/","title":{"rendered":"Vacunas, la tragedia de Badalona y la eutanasia se\u00f1alan un trasfondo preocupante"},"content":{"rendered":"<p><span><span class=\"\">Son tres hechos absolutamente independientes que poco se parecen, pero que tienen un\u00a0<\/span><\/span><strong><span><span class=\"\">trasfondo com\u00fan<\/span><\/span><\/strong><span><span class=\"\">\u00a0en la forma como los poderes p\u00fablicos y la sociedad, que lo asume, encaran grandes retos de nuestra realidad cotidiana.<\/span><\/span><\/p>\n<p><span>El ministro\u00a0<\/span><strong><span>Illa<\/span><\/strong><span>\u00a0ya ha anunciado que\u00a0<\/span><strong><span>el 11 de enero estar\u00edan las primeras personas vacunadas<\/span><\/strong><span>\u00a0y que, seg\u00fan afirm\u00f3 el propio\u00a0<\/span><strong><span>presidente del gobierno<\/span><\/strong><span>, al llegar a <\/span><strong><span>junio entre 15 y 20 millones de personas<\/span><\/strong><span> se habr\u00edan vacunado. Parece una buena noticia, pero no lo es porque deviene muy atrevida de acuerdo con los criterios de los mismos expertos en medicina preventiva y epidemiolog\u00eda. Consideran preocupante que se hagan este tipo de anuncios que levantan muchas expectativas que, si despu\u00e9s fracasan, destruir\u00e1n a\u00fan m\u00e1s la confianza de una sociedad muy estresada. S\u00f3lo hay que recordar el aparatoso anuncio de la \u00abnueva normalidad\u00bb, hoy olvidada, que <\/span><strong><span>hizo S\u00e1nchez<\/span><\/strong><span> el pasado verano y c\u00f3mo ha terminado.<\/span><\/p>\n<p><span>Las objeciones son fundamentalmente dos. Se establecen compromisos num\u00e9ricos cuando ni siquiera se ha hecho p\u00fablico el\u00a0<\/span><strong><span>plan detallado de vacunaci\u00f3n<\/span><\/strong><span> que permite cumplirlos. La segunda objeci\u00f3n tambi\u00e9n es importante, y en el sentido de considerar que una cosa es que el 10 de enero se disponga de las primeras dosis de vacuna y otra bien diferente que a partir del d\u00eda siguiente se pueda empezar a vacuna de manera ininterrumpida. Para demostrar la incertidumbre acuden al caso\u00a0<\/span><strong><span>de la vacuna de la gripe<\/span><\/strong><span>, un procedimiento muy estandarizado y que hace a\u00f1os que se aplica, pero que los mismos expertos consideran que cada a\u00f1o tienen una incertidumbre sobre las fechas concretas de comienzo. Se adelantan, se retrasan y es muy dif\u00edcil hablar de fechas exactas. Lo l\u00f3gico es que el gobierno <\/span><strong><span>hubiera presentado un plan de vacunaci\u00f3n,<\/span><\/strong><span> y a partir de esta s\u00f3lida base pudiera con prudencia establecer algunas previsiones. Una vez m\u00e1s se ha optado por el brindis al sol con el agravante de que llueve sobre mojado, porque este es un gobierno que, a pesar de que es p\u00fablico, notorio y oficial a trav\u00e9s del INE la mortalidad de la pandemia (<\/span><strong><span>m\u00e1s de 70.000 personas),<\/span><\/strong><span>\u00a0se aferra desesperadamente a dar unas cifras gubernamentales que son un 40% inferiores.<\/span><\/p>\n<p><strong><span>El incendio de la nave de Badalona es a la vez un hecho tr\u00e1gico y escandaloso<\/span><\/strong><span>. Es un esc\u00e1ndalo que se remonta a una d\u00e9cada, si bien ha sido en los \u00faltimos a\u00f1os cuando el problema se ha acentuado. Una gran nave abandonada donde viv\u00edan m\u00e1s de cien inmigrantes sin condiciones, sin servicios sanitarios, luz, agua, y que ahora ha ocasionado una tragedia con muertos y heridos. Hay que a\u00f1adir adem\u00e1s que en este periodo y en la \u00e9poca m\u00e1s \u00e1lgida, han sido los partidos que se autocalifican de \u00abprogres\u00bb, PSC, Comunes, la CUP, los que han detentado el gobierno de Badalona. \u00bfC\u00f3mo es posible asumir una realidad como \u00e9sta durante tantos a\u00f1os, sin actuar? La pregunta, sin embargo, no se limita ni siquiera al municipio, sino que <\/span><strong><span>se extiende a la Generalitat<\/span><\/strong><span>. Muchas declaraciones pidiendo que vengan refugiados, muchas palabras de solidaridad, pero cuando se trata de actuar sobre el concreto el resultado salta a la vista. Tampoco se pod\u00eda reducir el problema, como se produce en la visi\u00f3n de\u00a0<\/span><strong><span>la actual alcalde<\/span><\/strong><span> a una cuesti\u00f3n de seguridad ciudadana, a pesar de que en determinados aspectos tenga raz\u00f3n. En todo caso, lo que manifiesta es una gran hipocres\u00eda de aquellos que gobiernan y han gobernado con cantos a la solidaridad y a la apertura absoluta a la inmigraci\u00f3n y que, cuando llega la hora de la verdad, dejan a la gente a los pies de los leones. Es ni m\u00e1s ni menos lo que est\u00e1 haciendo el <\/span><strong><span>gobierno de S\u00e1nchez e Iglesias<\/span><\/strong><span> con el problema de los inmigrantes que llegan a Canarias y su traslado \u00abclandestino\u00bb a la pen\u00ednsula.<\/span><\/p>\n<p><span>La tercera cuesti\u00f3n\u00a0<\/span><strong><span>se refiere a la eutanasia<\/span><\/strong><span>.\u00a0La ley ha sido aprobada s\u00f3lo con la oposici\u00f3n del PP, Vox, Navarra Suma.\u00a0Incluso\u00a0<\/span><strong><span>Cs,<\/span><\/strong><span>\u00a0que antepon\u00eda el criterio razonable que primero deb\u00eda existir un plan de cuidados paliativos, se ha precipitado a enrolarse en el bando ganador, olvid\u00e1ndose de su propuesta sobre los paliativos.<\/span><\/p>\n<p><span>Al margen de opiniones personales a favor y en contra, tres grandes cuestiones objetivas son patentes:<\/span><\/p>\n<ol>\n<li><span>\u00bfPor qu\u00e9 el gobierno y las fuerzas que lo apoyan se han negado en redondo a introducir en la ley <\/span><strong><span>el necesario plan de cuidados paliativos<\/span><\/strong><span> cuando es p\u00fablico y notorio que unas 80.000 personas al a\u00f1o que necesitar\u00edan esta atenci\u00f3n mueren sin poder acceder porque los recursos de Espa\u00f1a est\u00e1n a la cola de Europa, de acuerdo con\u00a0<\/span><a href=\"https:\/\/www.bioeticaweb.com\/eapc-atlas-de-cuidados-paliativos-en-europa-2019\/\" target=\"_blank\" rel=\"noopener noreferrer\"><strong><span>el Atlas de Cuidados Paliativos de 2019<\/span><\/strong><\/a><span>?\u00a0Tener que elegir entre morir sufriendo o que venga el m\u00e9dico y te mate, no es una opci\u00f3n humana aceptable.<\/span><\/li>\n<li><span>\u00bfPor qu\u00e9 se ha\u00a0<\/span><strong><span>precipitado tanto la aprobaci\u00f3n de la ley,<\/span><\/strong><span>\u00a0evitando el necesario debate y comparecencias?\u00a0El hecho por ejemplo que no haya sido consultada la Comisi\u00f3n de Bio\u00e9tica de Espa\u00f1a es grave, como lo es que no haya habido la consulta perceptiva al Consejo de Estado.<\/span><\/li>\n<li><span>\u00bfPor qu\u00e9, si la eutanasia es tan buena soluci\u00f3n, son tan pocos los pa\u00edses que la aplican? En Europa s\u00f3lo los\u00a0<\/span><strong><span>tres pa\u00edses del Benelux<\/span><\/strong><span>.\u00a0Portugal, que inici\u00f3 el proceso, que a\u00fan no ha conseguido aprobarla.<\/span><\/li>\n<\/ol>\n<p><span><span class=\"goog-text-highlight\">Una reflexi\u00f3n fr\u00eda sobre el hecho de la ley nos se\u00f1ala que se nos ofrece como gran soluci\u00f3n para el sufrimiento humano en la tercera d\u00e9cada del siglo XXI, la misma medida veterinaria que se utiliza desde tiempo inmemorial con los animales que sufren: matarlos para evitar el sufrimiento. <\/span>No est\u00e1 nada claro que este sea un paso en el progreso de la humanidad.<\/span><\/p>\n","protected":false},"excerpt":{"rendered":"<p>Son tres hechos absolutamente independientes que poco se parecen, pero que tienen un\u00a0trasfondo com\u00fan\u00a0en la forma como los poderes p\u00fablicos y la sociedad, que lo asume, encaran grandes retos de nuestra realidad cotidiana. El ministro\u00a0Illa\u00a0ya ha anunciado que\u00a0el 11 de enero estar\u00edan las primeras personas vacunadas\u00a0y que, seg\u00fan afirm\u00f3 el propio\u00a0presidente del gobierno, al llegar a junio entre 15 y 20 millones de personas se habr\u00edan vacunado. Parece una buena noticia, pero no lo es porque deviene muy atrevida de acuerdo con los criterios de los mismos expertos en medicina preventiva y epidemiolog\u00eda. Consideran preocupante que se hagan este tipo de anuncios que levantan muchas expectativas que, si despu\u00e9s fracasan, destruir\u00e1n a\u00fan m\u00e1s la confianza de una sociedad muy estresada. S\u00f3lo hay que recordar el aparatoso anuncio de la \u00abnueva normalidad\u00bb, hoy olvidada, que hizo S\u00e1nchez el pasado verano y c\u00f3mo ha terminado. Las objeciones son fundamentalmente dos. Se establecen compromisos num\u00e9ricos cuando ni siquiera se ha hecho p\u00fablico el\u00a0plan detallado de vacunaci\u00f3n que permite cumplirlos. La segunda objeci\u00f3n tambi\u00e9n es importante, y en el sentido de considerar que una cosa es que el 10 de enero se disponga de las primeras dosis de vacuna y otra bien diferente que a partir del d\u00eda siguiente se pueda empezar a vacuna de manera ininterrumpida. Para demostrar la incertidumbre acuden al caso\u00a0de la vacuna de la gripe, un procedimiento muy estandarizado y que hace a\u00f1os que se aplica, pero que los mismos expertos consideran que cada a\u00f1o tienen una incertidumbre sobre las fechas concretas de comienzo. Se adelantan, se retrasan y es muy dif\u00edcil hablar de fechas exactas. Lo l\u00f3gico es que el gobierno hubiera presentado un plan de vacunaci\u00f3n, y a partir de esta s\u00f3lida base pudiera con prudencia establecer algunas previsiones. Una vez m\u00e1s se ha optado por el brindis al sol con el agravante de que llueve sobre mojado, porque este es un gobierno que, a pesar de que es p\u00fablico, notorio y oficial a trav\u00e9s del INE la mortalidad de la pandemia (m\u00e1s de 70.000 personas),\u00a0se aferra desesperadamente a dar unas cifras gubernamentales que son un 40% inferiores. El incendio de la nave de Badalona es a la vez un hecho tr\u00e1gico y escandaloso. Es un esc\u00e1ndalo que se remonta a una d\u00e9cada, si bien ha sido en los \u00faltimos a\u00f1os cuando el problema se ha acentuado. Una gran nave abandonada donde viv\u00edan m\u00e1s de cien inmigrantes sin condiciones, sin servicios sanitarios, luz, agua, y que ahora ha ocasionado una tragedia con muertos y heridos. Hay que a\u00f1adir adem\u00e1s que en este periodo y en la \u00e9poca m\u00e1s \u00e1lgida, han sido los partidos que se autocalifican de \u00abprogres\u00bb, PSC, Comunes, la CUP, los que han detentado el gobierno de Badalona. \u00bfC\u00f3mo es posible asumir una realidad como \u00e9sta durante tantos a\u00f1os, sin actuar? La pregunta, sin embargo, no se limita ni siquiera al municipio, sino que se extiende a la Generalitat. Muchas declaraciones pidiendo que vengan refugiados, muchas palabras de solidaridad, pero cuando se trata de actuar sobre el concreto el resultado salta a la vista. Tampoco se pod\u00eda reducir el problema, como se produce en la visi\u00f3n de\u00a0la actual alcalde a una cuesti\u00f3n de seguridad ciudadana, a pesar de que en determinados aspectos tenga raz\u00f3n. En todo caso, lo que manifiesta es una gran hipocres\u00eda de aquellos que gobiernan y han gobernado con cantos a la solidaridad y a la apertura absoluta a la inmigraci\u00f3n y que, cuando llega la hora de la verdad, dejan a la gente a los pies de los leones. Es ni m\u00e1s ni menos lo que est\u00e1 haciendo el gobierno de S\u00e1nchez e Iglesias con el problema de los inmigrantes que llegan a Canarias y su traslado \u00abclandestino\u00bb a la pen\u00ednsula. La tercera cuesti\u00f3n\u00a0se refiere a la eutanasia.\u00a0La ley ha sido aprobada s\u00f3lo con la oposici\u00f3n del PP, Vox, Navarra Suma.\u00a0Incluso\u00a0Cs,\u00a0que antepon\u00eda el criterio razonable que primero deb\u00eda existir un plan de cuidados paliativos, se ha precipitado a enrolarse en el bando ganador, olvid\u00e1ndose de su propuesta sobre los paliativos. Al margen de opiniones personales a favor y en contra, tres grandes cuestiones objetivas son patentes: \u00bfPor qu\u00e9 el gobierno y las fuerzas que lo apoyan se han negado en redondo a introducir en la ley el necesario plan de cuidados paliativos cuando es p\u00fablico y notorio que unas 80.000 personas al a\u00f1o que necesitar\u00edan esta atenci\u00f3n mueren sin poder acceder porque los recursos de Espa\u00f1a est\u00e1n a la cola de Europa, de acuerdo con\u00a0el Atlas de Cuidados Paliativos de 2019?\u00a0Tener que elegir entre morir sufriendo o que venga el m\u00e9dico y te mate, no es una opci\u00f3n humana aceptable. \u00bfPor qu\u00e9 se ha\u00a0precipitado tanto la aprobaci\u00f3n de la ley,\u00a0evitando el necesario debate y comparecencias?\u00a0El hecho por ejemplo que no haya sido consultada la Comisi\u00f3n de Bio\u00e9tica de Espa\u00f1a es grave, como lo es que no haya habido la consulta perceptiva al Consejo de Estado. \u00bfPor qu\u00e9, si la eutanasia es tan buena soluci\u00f3n, son tan pocos los pa\u00edses que la aplican? En Europa s\u00f3lo los\u00a0tres pa\u00edses del Benelux.\u00a0Portugal, que inici\u00f3 el proceso, que a\u00fan no ha conseguido aprobarla. Una reflexi\u00f3n fr\u00eda sobre el hecho de la ley nos se\u00f1ala que se nos ofrece como gran soluci\u00f3n para el sufrimiento humano en la tercera d\u00e9cada del siglo XXI, la misma medida veterinaria que se utiliza desde tiempo inmemorial con los animales que sufren: matarlos para evitar el sufrimiento. No est\u00e1 nada claro que este sea un paso en el progreso de la humanidad.<\/p>\n","protected":false},"author":2,"featured_media":43172,"comment_status":"open","ping_status":"open","sticky":false,"template":"","format":"standard","meta":{"_FSMCFIC_featured_image_caption":"","_FSMCFIC_featured_image_nocaption":"","_FSMCFIC_featured_image_hide":"","footnotes":""},"categories":[806],"tags":[],"class_list":["post-43187","post","type-post","status-publish","format-standard","has-post-thumbnail","hentry","category-punts-claus-del-dia-es"],"yoast_head":"<!-- This site is optimized with the Yoast SEO plugin v26.8 - https:\/\/yoast.com\/product\/yoast-seo-wordpress\/ -->\n<title>Vacunas, la tragedia de Badalona y la eutanasia se\u00f1alan un trasfondo preocupante - Converses a Catalunya<\/title>\n<meta name=\"robots\" content=\"index, follow, max-snippet:-1, max-image-preview:large, max-video-preview:-1\" \/>\n<link rel=\"canonical\" href=\"https:\/\/conversesacatalunya.cat\/es\/vacunas-la-tragedia-de-badalona-y-la-eutanasia-senalan-un-trasfondo-preocupante\/\" \/>\n<meta property=\"og:locale\" content=\"es_ES\" \/>\n<meta property=\"og:type\" content=\"article\" \/>\n<meta property=\"og:title\" content=\"Vacunas, la tragedia de Badalona y la eutanasia se\u00f1alan un trasfondo preocupante - Converses a Catalunya\" \/>\n<meta property=\"og:description\" content=\"Son tres hechos absolutamente independientes que poco se parecen, pero que tienen un\u00a0trasfondo com\u00fan\u00a0en la forma como los poderes p\u00fablicos y la sociedad, que lo asume, encaran grandes retos de nuestra realidad cotidiana. El ministro\u00a0Illa\u00a0ya ha anunciado que\u00a0el 11 de enero estar\u00edan las primeras personas vacunadas\u00a0y que, seg\u00fan afirm\u00f3 el propio\u00a0presidente del gobierno, al llegar a junio entre 15 y 20 millones de personas se habr\u00edan vacunado. Parece una buena noticia, pero no lo es porque deviene muy atrevida de acuerdo con los criterios de los mismos expertos en medicina preventiva y epidemiolog\u00eda. Consideran preocupante que se hagan este tipo de anuncios que levantan muchas expectativas que, si despu\u00e9s fracasan, destruir\u00e1n a\u00fan m\u00e1s la confianza de una sociedad muy estresada. S\u00f3lo hay que recordar el aparatoso anuncio de la \u00abnueva normalidad\u00bb, hoy olvidada, que hizo S\u00e1nchez el pasado verano y c\u00f3mo ha terminado. Las objeciones son fundamentalmente dos. Se establecen compromisos num\u00e9ricos cuando ni siquiera se ha hecho p\u00fablico el\u00a0plan detallado de vacunaci\u00f3n que permite cumplirlos. La segunda objeci\u00f3n tambi\u00e9n es importante, y en el sentido de considerar que una cosa es que el 10 de enero se disponga de las primeras dosis de vacuna y otra bien diferente que a partir del d\u00eda siguiente se pueda empezar a vacuna de manera ininterrumpida. Para demostrar la incertidumbre acuden al caso\u00a0de la vacuna de la gripe, un procedimiento muy estandarizado y que hace a\u00f1os que se aplica, pero que los mismos expertos consideran que cada a\u00f1o tienen una incertidumbre sobre las fechas concretas de comienzo. Se adelantan, se retrasan y es muy dif\u00edcil hablar de fechas exactas. Lo l\u00f3gico es que el gobierno hubiera presentado un plan de vacunaci\u00f3n, y a partir de esta s\u00f3lida base pudiera con prudencia establecer algunas previsiones. Una vez m\u00e1s se ha optado por el brindis al sol con el agravante de que llueve sobre mojado, porque este es un gobierno que, a pesar de que es p\u00fablico, notorio y oficial a trav\u00e9s del INE la mortalidad de la pandemia (m\u00e1s de 70.000 personas),\u00a0se aferra desesperadamente a dar unas cifras gubernamentales que son un 40% inferiores. El incendio de la nave de Badalona es a la vez un hecho tr\u00e1gico y escandaloso. Es un esc\u00e1ndalo que se remonta a una d\u00e9cada, si bien ha sido en los \u00faltimos a\u00f1os cuando el problema se ha acentuado. Una gran nave abandonada donde viv\u00edan m\u00e1s de cien inmigrantes sin condiciones, sin servicios sanitarios, luz, agua, y que ahora ha ocasionado una tragedia con muertos y heridos. Hay que a\u00f1adir adem\u00e1s que en este periodo y en la \u00e9poca m\u00e1s \u00e1lgida, han sido los partidos que se autocalifican de \u00abprogres\u00bb, PSC, Comunes, la CUP, los que han detentado el gobierno de Badalona. \u00bfC\u00f3mo es posible asumir una realidad como \u00e9sta durante tantos a\u00f1os, sin actuar? La pregunta, sin embargo, no se limita ni siquiera al municipio, sino que se extiende a la Generalitat. Muchas declaraciones pidiendo que vengan refugiados, muchas palabras de solidaridad, pero cuando se trata de actuar sobre el concreto el resultado salta a la vista. Tampoco se pod\u00eda reducir el problema, como se produce en la visi\u00f3n de\u00a0la actual alcalde a una cuesti\u00f3n de seguridad ciudadana, a pesar de que en determinados aspectos tenga raz\u00f3n. En todo caso, lo que manifiesta es una gran hipocres\u00eda de aquellos que gobiernan y han gobernado con cantos a la solidaridad y a la apertura absoluta a la inmigraci\u00f3n y que, cuando llega la hora de la verdad, dejan a la gente a los pies de los leones. Es ni m\u00e1s ni menos lo que est\u00e1 haciendo el gobierno de S\u00e1nchez e Iglesias con el problema de los inmigrantes que llegan a Canarias y su traslado \u00abclandestino\u00bb a la pen\u00ednsula. La tercera cuesti\u00f3n\u00a0se refiere a la eutanasia.\u00a0La ley ha sido aprobada s\u00f3lo con la oposici\u00f3n del PP, Vox, Navarra Suma.\u00a0Incluso\u00a0Cs,\u00a0que antepon\u00eda el criterio razonable que primero deb\u00eda existir un plan de cuidados paliativos, se ha precipitado a enrolarse en el bando ganador, olvid\u00e1ndose de su propuesta sobre los paliativos. Al margen de opiniones personales a favor y en contra, tres grandes cuestiones objetivas son patentes: \u00bfPor qu\u00e9 el gobierno y las fuerzas que lo apoyan se han negado en redondo a introducir en la ley el necesario plan de cuidados paliativos cuando es p\u00fablico y notorio que unas 80.000 personas al a\u00f1o que necesitar\u00edan esta atenci\u00f3n mueren sin poder acceder porque los recursos de Espa\u00f1a est\u00e1n a la cola de Europa, de acuerdo con\u00a0el Atlas de Cuidados Paliativos de 2019?\u00a0Tener que elegir entre morir sufriendo o que venga el m\u00e9dico y te mate, no es una opci\u00f3n humana aceptable. \u00bfPor qu\u00e9 se ha\u00a0precipitado tanto la aprobaci\u00f3n de la ley,\u00a0evitando el necesario debate y comparecencias?\u00a0El hecho por ejemplo que no haya sido consultada la Comisi\u00f3n de Bio\u00e9tica de Espa\u00f1a es grave, como lo es que no haya habido la consulta perceptiva al Consejo de Estado. \u00bfPor qu\u00e9, si la eutanasia es tan buena soluci\u00f3n, son tan pocos los pa\u00edses que la aplican? En Europa s\u00f3lo los\u00a0tres pa\u00edses del Benelux.\u00a0Portugal, que inici\u00f3 el proceso, que a\u00fan no ha conseguido aprobarla. Una reflexi\u00f3n fr\u00eda sobre el hecho de la ley nos se\u00f1ala que se nos ofrece como gran soluci\u00f3n para el sufrimiento humano en la tercera d\u00e9cada del siglo XXI, la misma medida veterinaria que se utiliza desde tiempo inmemorial con los animales que sufren: matarlos para evitar el sufrimiento. No est\u00e1 nada claro que este sea un paso en el progreso de la humanidad.\" \/>\n<meta property=\"og:url\" content=\"https:\/\/conversesacatalunya.cat\/es\/vacunas-la-tragedia-de-badalona-y-la-eutanasia-senalan-un-trasfondo-preocupante\/\" \/>\n<meta property=\"og:site_name\" content=\"Converses a Catalunya\" \/>\n<meta property=\"article:published_time\" content=\"2020-12-11T11:49:07+00:00\" \/>\n<meta property=\"article:modified_time\" content=\"2020-12-11T12:44:36+00:00\" \/>\n<meta property=\"og:image\" content=\"https:\/\/conversesacatalunya.cat\/wp-content\/uploads\/2020\/12\/vacuna-coronavrus-andalucia-kyS-620x349@abc.jpg\" \/>\n\t<meta property=\"og:image:width\" content=\"620\" \/>\n\t<meta property=\"og:image:height\" content=\"349\" \/>\n\t<meta property=\"og:image:type\" content=\"image\/jpeg\" \/>\n<meta name=\"author\" content=\"conversesacatalunya\" \/>\n<meta name=\"twitter:card\" content=\"summary_large_image\" \/>\n<meta name=\"twitter:label1\" content=\"Escrito por\" \/>\n\t<meta name=\"twitter:data1\" content=\"conversesacatalunya\" \/>\n\t<meta name=\"twitter:label2\" content=\"Tiempo de lectura\" \/>\n\t<meta name=\"twitter:data2\" content=\"5 minutos\" \/>\n<script type=\"application\/ld+json\" class=\"yoast-schema-graph\">{\"@context\":\"https:\/\/schema.org\",\"@graph\":[{\"@type\":\"Article\",\"@id\":\"https:\/\/conversesacatalunya.cat\/es\/vacunas-la-tragedia-de-badalona-y-la-eutanasia-senalan-un-trasfondo-preocupante\/#article\",\"isPartOf\":{\"@id\":\"https:\/\/conversesacatalunya.cat\/es\/vacunas-la-tragedia-de-badalona-y-la-eutanasia-senalan-un-trasfondo-preocupante\/\"},\"author\":{\"name\":\"conversesacatalunya\",\"@id\":\"https:\/\/conversesacatalunya.cat\/#\/schema\/person\/7e24d1e54a2785373ddcb275eae5ed99\"},\"headline\":\"Vacunas, la tragedia de Badalona y la eutanasia se\u00f1alan un trasfondo preocupante\",\"datePublished\":\"2020-12-11T11:49:07+00:00\",\"dateModified\":\"2020-12-11T12:44:36+00:00\",\"mainEntityOfPage\":{\"@id\":\"https:\/\/conversesacatalunya.cat\/es\/vacunas-la-tragedia-de-badalona-y-la-eutanasia-senalan-un-trasfondo-preocupante\/\"},\"wordCount\":1016,\"commentCount\":0,\"image\":{\"@id\":\"https:\/\/conversesacatalunya.cat\/es\/vacunas-la-tragedia-de-badalona-y-la-eutanasia-senalan-un-trasfondo-preocupante\/#primaryimage\"},\"thumbnailUrl\":\"https:\/\/conversesacatalunya.cat\/wp-content\/uploads\/2020\/12\/vacuna-coronavrus-andalucia-kyS-620x349@abc.jpg\",\"articleSection\":[\"Punts clau del dia (ES)\"],\"inLanguage\":\"es\",\"potentialAction\":[{\"@type\":\"CommentAction\",\"name\":\"Comment\",\"target\":[\"https:\/\/conversesacatalunya.cat\/es\/vacunas-la-tragedia-de-badalona-y-la-eutanasia-senalan-un-trasfondo-preocupante\/#respond\"]}]},{\"@type\":\"WebPage\",\"@id\":\"https:\/\/conversesacatalunya.cat\/es\/vacunas-la-tragedia-de-badalona-y-la-eutanasia-senalan-un-trasfondo-preocupante\/\",\"url\":\"https:\/\/conversesacatalunya.cat\/es\/vacunas-la-tragedia-de-badalona-y-la-eutanasia-senalan-un-trasfondo-preocupante\/\",\"name\":\"Vacunas, la tragedia de Badalona y la eutanasia se\u00f1alan un trasfondo preocupante - Converses a Catalunya\",\"isPartOf\":{\"@id\":\"https:\/\/conversesacatalunya.cat\/#website\"},\"primaryImageOfPage\":{\"@id\":\"https:\/\/conversesacatalunya.cat\/es\/vacunas-la-tragedia-de-badalona-y-la-eutanasia-senalan-un-trasfondo-preocupante\/#primaryimage\"},\"image\":{\"@id\":\"https:\/\/conversesacatalunya.cat\/es\/vacunas-la-tragedia-de-badalona-y-la-eutanasia-senalan-un-trasfondo-preocupante\/#primaryimage\"},\"thumbnailUrl\":\"https:\/\/conversesacatalunya.cat\/wp-content\/uploads\/2020\/12\/vacuna-coronavrus-andalucia-kyS-620x349@abc.jpg\",\"datePublished\":\"2020-12-11T11:49:07+00:00\",\"dateModified\":\"2020-12-11T12:44:36+00:00\",\"author\":{\"@id\":\"https:\/\/conversesacatalunya.cat\/#\/schema\/person\/7e24d1e54a2785373ddcb275eae5ed99\"},\"breadcrumb\":{\"@id\":\"https:\/\/conversesacatalunya.cat\/es\/vacunas-la-tragedia-de-badalona-y-la-eutanasia-senalan-un-trasfondo-preocupante\/#breadcrumb\"},\"inLanguage\":\"es\",\"potentialAction\":[{\"@type\":\"ReadAction\",\"target\":[\"https:\/\/conversesacatalunya.cat\/es\/vacunas-la-tragedia-de-badalona-y-la-eutanasia-senalan-un-trasfondo-preocupante\/\"]}]},{\"@type\":\"ImageObject\",\"inLanguage\":\"es\",\"@id\":\"https:\/\/conversesacatalunya.cat\/es\/vacunas-la-tragedia-de-badalona-y-la-eutanasia-senalan-un-trasfondo-preocupante\/#primaryimage\",\"url\":\"https:\/\/conversesacatalunya.cat\/wp-content\/uploads\/2020\/12\/vacuna-coronavrus-andalucia-kyS-620x349@abc.jpg\",\"contentUrl\":\"https:\/\/conversesacatalunya.cat\/wp-content\/uploads\/2020\/12\/vacuna-coronavrus-andalucia-kyS-620x349@abc.jpg\",\"width\":620,\"height\":349},{\"@type\":\"BreadcrumbList\",\"@id\":\"https:\/\/conversesacatalunya.cat\/es\/vacunas-la-tragedia-de-badalona-y-la-eutanasia-senalan-un-trasfondo-preocupante\/#breadcrumb\",\"itemListElement\":[{\"@type\":\"ListItem\",\"position\":1,\"name\":\"Inici\",\"item\":\"https:\/\/conversesacatalunya.cat\/es\/\"},{\"@type\":\"ListItem\",\"position\":2,\"name\":\"Vacunas, la tragedia de Badalona y la eutanasia se\u00f1alan un trasfondo preocupante\"}]},{\"@type\":\"WebSite\",\"@id\":\"https:\/\/conversesacatalunya.cat\/#website\",\"url\":\"https:\/\/conversesacatalunya.cat\/\",\"name\":\"Converses a Catalunya\",\"description\":\"\",\"potentialAction\":[{\"@type\":\"SearchAction\",\"target\":{\"@type\":\"EntryPoint\",\"urlTemplate\":\"https:\/\/conversesacatalunya.cat\/?s={search_term_string}\"},\"query-input\":{\"@type\":\"PropertyValueSpecification\",\"valueRequired\":true,\"valueName\":\"search_term_string\"}}],\"inLanguage\":\"es\"},{\"@type\":\"Person\",\"@id\":\"https:\/\/conversesacatalunya.cat\/#\/schema\/person\/7e24d1e54a2785373ddcb275eae5ed99\",\"name\":\"conversesacatalunya\",\"image\":{\"@type\":\"ImageObject\",\"inLanguage\":\"es\",\"@id\":\"https:\/\/conversesacatalunya.cat\/#\/schema\/person\/image\/\",\"url\":\"https:\/\/conversesacatalunya.cat\/wp-content\/litespeed\/avatar\/febdfeeec89d950f01c748045a981dd2.jpg?ver=1777314535\",\"contentUrl\":\"https:\/\/conversesacatalunya.cat\/wp-content\/litespeed\/avatar\/febdfeeec89d950f01c748045a981dd2.jpg?ver=1777314535\",\"caption\":\"conversesacatalunya\"},\"url\":\"https:\/\/conversesacatalunya.cat\/es\/author\/carme_catala\/\"}]}<\/script>\n<!-- \/ Yoast SEO plugin. -->","yoast_head_json":{"title":"Vacunas, la tragedia de Badalona y la eutanasia se\u00f1alan un trasfondo preocupante - Converses a Catalunya","robots":{"index":"index","follow":"follow","max-snippet":"max-snippet:-1","max-image-preview":"max-image-preview:large","max-video-preview":"max-video-preview:-1"},"canonical":"https:\/\/conversesacatalunya.cat\/es\/vacunas-la-tragedia-de-badalona-y-la-eutanasia-senalan-un-trasfondo-preocupante\/","og_locale":"es_ES","og_type":"article","og_title":"Vacunas, la tragedia de Badalona y la eutanasia se\u00f1alan un trasfondo preocupante - Converses a Catalunya","og_description":"Son tres hechos absolutamente independientes que poco se parecen, pero que tienen un\u00a0trasfondo com\u00fan\u00a0en la forma como los poderes p\u00fablicos y la sociedad, que lo asume, encaran grandes retos de nuestra realidad cotidiana. El ministro\u00a0Illa\u00a0ya ha anunciado que\u00a0el 11 de enero estar\u00edan las primeras personas vacunadas\u00a0y que, seg\u00fan afirm\u00f3 el propio\u00a0presidente del gobierno, al llegar a junio entre 15 y 20 millones de personas se habr\u00edan vacunado. Parece una buena noticia, pero no lo es porque deviene muy atrevida de acuerdo con los criterios de los mismos expertos en medicina preventiva y epidemiolog\u00eda. Consideran preocupante que se hagan este tipo de anuncios que levantan muchas expectativas que, si despu\u00e9s fracasan, destruir\u00e1n a\u00fan m\u00e1s la confianza de una sociedad muy estresada. S\u00f3lo hay que recordar el aparatoso anuncio de la \u00abnueva normalidad\u00bb, hoy olvidada, que hizo S\u00e1nchez el pasado verano y c\u00f3mo ha terminado. Las objeciones son fundamentalmente dos. Se establecen compromisos num\u00e9ricos cuando ni siquiera se ha hecho p\u00fablico el\u00a0plan detallado de vacunaci\u00f3n que permite cumplirlos. La segunda objeci\u00f3n tambi\u00e9n es importante, y en el sentido de considerar que una cosa es que el 10 de enero se disponga de las primeras dosis de vacuna y otra bien diferente que a partir del d\u00eda siguiente se pueda empezar a vacuna de manera ininterrumpida. Para demostrar la incertidumbre acuden al caso\u00a0de la vacuna de la gripe, un procedimiento muy estandarizado y que hace a\u00f1os que se aplica, pero que los mismos expertos consideran que cada a\u00f1o tienen una incertidumbre sobre las fechas concretas de comienzo. Se adelantan, se retrasan y es muy dif\u00edcil hablar de fechas exactas. Lo l\u00f3gico es que el gobierno hubiera presentado un plan de vacunaci\u00f3n, y a partir de esta s\u00f3lida base pudiera con prudencia establecer algunas previsiones. Una vez m\u00e1s se ha optado por el brindis al sol con el agravante de que llueve sobre mojado, porque este es un gobierno que, a pesar de que es p\u00fablico, notorio y oficial a trav\u00e9s del INE la mortalidad de la pandemia (m\u00e1s de 70.000 personas),\u00a0se aferra desesperadamente a dar unas cifras gubernamentales que son un 40% inferiores. El incendio de la nave de Badalona es a la vez un hecho tr\u00e1gico y escandaloso. Es un esc\u00e1ndalo que se remonta a una d\u00e9cada, si bien ha sido en los \u00faltimos a\u00f1os cuando el problema se ha acentuado. Una gran nave abandonada donde viv\u00edan m\u00e1s de cien inmigrantes sin condiciones, sin servicios sanitarios, luz, agua, y que ahora ha ocasionado una tragedia con muertos y heridos. Hay que a\u00f1adir adem\u00e1s que en este periodo y en la \u00e9poca m\u00e1s \u00e1lgida, han sido los partidos que se autocalifican de \u00abprogres\u00bb, PSC, Comunes, la CUP, los que han detentado el gobierno de Badalona. \u00bfC\u00f3mo es posible asumir una realidad como \u00e9sta durante tantos a\u00f1os, sin actuar? La pregunta, sin embargo, no se limita ni siquiera al municipio, sino que se extiende a la Generalitat. Muchas declaraciones pidiendo que vengan refugiados, muchas palabras de solidaridad, pero cuando se trata de actuar sobre el concreto el resultado salta a la vista. Tampoco se pod\u00eda reducir el problema, como se produce en la visi\u00f3n de\u00a0la actual alcalde a una cuesti\u00f3n de seguridad ciudadana, a pesar de que en determinados aspectos tenga raz\u00f3n. En todo caso, lo que manifiesta es una gran hipocres\u00eda de aquellos que gobiernan y han gobernado con cantos a la solidaridad y a la apertura absoluta a la inmigraci\u00f3n y que, cuando llega la hora de la verdad, dejan a la gente a los pies de los leones. Es ni m\u00e1s ni menos lo que est\u00e1 haciendo el gobierno de S\u00e1nchez e Iglesias con el problema de los inmigrantes que llegan a Canarias y su traslado \u00abclandestino\u00bb a la pen\u00ednsula. La tercera cuesti\u00f3n\u00a0se refiere a la eutanasia.\u00a0La ley ha sido aprobada s\u00f3lo con la oposici\u00f3n del PP, Vox, Navarra Suma.\u00a0Incluso\u00a0Cs,\u00a0que antepon\u00eda el criterio razonable que primero deb\u00eda existir un plan de cuidados paliativos, se ha precipitado a enrolarse en el bando ganador, olvid\u00e1ndose de su propuesta sobre los paliativos. Al margen de opiniones personales a favor y en contra, tres grandes cuestiones objetivas son patentes: \u00bfPor qu\u00e9 el gobierno y las fuerzas que lo apoyan se han negado en redondo a introducir en la ley el necesario plan de cuidados paliativos cuando es p\u00fablico y notorio que unas 80.000 personas al a\u00f1o que necesitar\u00edan esta atenci\u00f3n mueren sin poder acceder porque los recursos de Espa\u00f1a est\u00e1n a la cola de Europa, de acuerdo con\u00a0el Atlas de Cuidados Paliativos de 2019?\u00a0Tener que elegir entre morir sufriendo o que venga el m\u00e9dico y te mate, no es una opci\u00f3n humana aceptable. \u00bfPor qu\u00e9 se ha\u00a0precipitado tanto la aprobaci\u00f3n de la ley,\u00a0evitando el necesario debate y comparecencias?\u00a0El hecho por ejemplo que no haya sido consultada la Comisi\u00f3n de Bio\u00e9tica de Espa\u00f1a es grave, como lo es que no haya habido la consulta perceptiva al Consejo de Estado. \u00bfPor qu\u00e9, si la eutanasia es tan buena soluci\u00f3n, son tan pocos los pa\u00edses que la aplican? En Europa s\u00f3lo los\u00a0tres pa\u00edses del Benelux.\u00a0Portugal, que inici\u00f3 el proceso, que a\u00fan no ha conseguido aprobarla. Una reflexi\u00f3n fr\u00eda sobre el hecho de la ley nos se\u00f1ala que se nos ofrece como gran soluci\u00f3n para el sufrimiento humano en la tercera d\u00e9cada del siglo XXI, la misma medida veterinaria que se utiliza desde tiempo inmemorial con los animales que sufren: matarlos para evitar el sufrimiento. No est\u00e1 nada claro que este sea un paso en el progreso de la humanidad.","og_url":"https:\/\/conversesacatalunya.cat\/es\/vacunas-la-tragedia-de-badalona-y-la-eutanasia-senalan-un-trasfondo-preocupante\/","og_site_name":"Converses a Catalunya","article_published_time":"2020-12-11T11:49:07+00:00","article_modified_time":"2020-12-11T12:44:36+00:00","og_image":[{"width":620,"height":349,"url":"https:\/\/conversesacatalunya.cat\/wp-content\/uploads\/2020\/12\/vacuna-coronavrus-andalucia-kyS-620x349@abc.jpg","type":"image\/jpeg"}],"author":"conversesacatalunya","twitter_card":"summary_large_image","twitter_misc":{"Escrito por":"conversesacatalunya","Tiempo de lectura":"5 minutos"},"schema":{"@context":"https:\/\/schema.org","@graph":[{"@type":"Article","@id":"https:\/\/conversesacatalunya.cat\/es\/vacunas-la-tragedia-de-badalona-y-la-eutanasia-senalan-un-trasfondo-preocupante\/#article","isPartOf":{"@id":"https:\/\/conversesacatalunya.cat\/es\/vacunas-la-tragedia-de-badalona-y-la-eutanasia-senalan-un-trasfondo-preocupante\/"},"author":{"name":"conversesacatalunya","@id":"https:\/\/conversesacatalunya.cat\/#\/schema\/person\/7e24d1e54a2785373ddcb275eae5ed99"},"headline":"Vacunas, la tragedia de Badalona y la eutanasia se\u00f1alan un trasfondo preocupante","datePublished":"2020-12-11T11:49:07+00:00","dateModified":"2020-12-11T12:44:36+00:00","mainEntityOfPage":{"@id":"https:\/\/conversesacatalunya.cat\/es\/vacunas-la-tragedia-de-badalona-y-la-eutanasia-senalan-un-trasfondo-preocupante\/"},"wordCount":1016,"commentCount":0,"image":{"@id":"https:\/\/conversesacatalunya.cat\/es\/vacunas-la-tragedia-de-badalona-y-la-eutanasia-senalan-un-trasfondo-preocupante\/#primaryimage"},"thumbnailUrl":"https:\/\/conversesacatalunya.cat\/wp-content\/uploads\/2020\/12\/vacuna-coronavrus-andalucia-kyS-620x349@abc.jpg","articleSection":["Punts clau del dia (ES)"],"inLanguage":"es","potentialAction":[{"@type":"CommentAction","name":"Comment","target":["https:\/\/conversesacatalunya.cat\/es\/vacunas-la-tragedia-de-badalona-y-la-eutanasia-senalan-un-trasfondo-preocupante\/#respond"]}]},{"@type":"WebPage","@id":"https:\/\/conversesacatalunya.cat\/es\/vacunas-la-tragedia-de-badalona-y-la-eutanasia-senalan-un-trasfondo-preocupante\/","url":"https:\/\/conversesacatalunya.cat\/es\/vacunas-la-tragedia-de-badalona-y-la-eutanasia-senalan-un-trasfondo-preocupante\/","name":"Vacunas, la tragedia de Badalona y la eutanasia se\u00f1alan un trasfondo preocupante - Converses a Catalunya","isPartOf":{"@id":"https:\/\/conversesacatalunya.cat\/#website"},"primaryImageOfPage":{"@id":"https:\/\/conversesacatalunya.cat\/es\/vacunas-la-tragedia-de-badalona-y-la-eutanasia-senalan-un-trasfondo-preocupante\/#primaryimage"},"image":{"@id":"https:\/\/conversesacatalunya.cat\/es\/vacunas-la-tragedia-de-badalona-y-la-eutanasia-senalan-un-trasfondo-preocupante\/#primaryimage"},"thumbnailUrl":"https:\/\/conversesacatalunya.cat\/wp-content\/uploads\/2020\/12\/vacuna-coronavrus-andalucia-kyS-620x349@abc.jpg","datePublished":"2020-12-11T11:49:07+00:00","dateModified":"2020-12-11T12:44:36+00:00","author":{"@id":"https:\/\/conversesacatalunya.cat\/#\/schema\/person\/7e24d1e54a2785373ddcb275eae5ed99"},"breadcrumb":{"@id":"https:\/\/conversesacatalunya.cat\/es\/vacunas-la-tragedia-de-badalona-y-la-eutanasia-senalan-un-trasfondo-preocupante\/#breadcrumb"},"inLanguage":"es","potentialAction":[{"@type":"ReadAction","target":["https:\/\/conversesacatalunya.cat\/es\/vacunas-la-tragedia-de-badalona-y-la-eutanasia-senalan-un-trasfondo-preocupante\/"]}]},{"@type":"ImageObject","inLanguage":"es","@id":"https:\/\/conversesacatalunya.cat\/es\/vacunas-la-tragedia-de-badalona-y-la-eutanasia-senalan-un-trasfondo-preocupante\/#primaryimage","url":"https:\/\/conversesacatalunya.cat\/wp-content\/uploads\/2020\/12\/vacuna-coronavrus-andalucia-kyS-620x349@abc.jpg","contentUrl":"https:\/\/conversesacatalunya.cat\/wp-content\/uploads\/2020\/12\/vacuna-coronavrus-andalucia-kyS-620x349@abc.jpg","width":620,"height":349},{"@type":"BreadcrumbList","@id":"https:\/\/conversesacatalunya.cat\/es\/vacunas-la-tragedia-de-badalona-y-la-eutanasia-senalan-un-trasfondo-preocupante\/#breadcrumb","itemListElement":[{"@type":"ListItem","position":1,"name":"Inici","item":"https:\/\/conversesacatalunya.cat\/es\/"},{"@type":"ListItem","position":2,"name":"Vacunas, la tragedia de Badalona y la eutanasia se\u00f1alan un trasfondo preocupante"}]},{"@type":"WebSite","@id":"https:\/\/conversesacatalunya.cat\/#website","url":"https:\/\/conversesacatalunya.cat\/","name":"Converses a Catalunya","description":"","potentialAction":[{"@type":"SearchAction","target":{"@type":"EntryPoint","urlTemplate":"https:\/\/conversesacatalunya.cat\/?s={search_term_string}"},"query-input":{"@type":"PropertyValueSpecification","valueRequired":true,"valueName":"search_term_string"}}],"inLanguage":"es"},{"@type":"Person","@id":"https:\/\/conversesacatalunya.cat\/#\/schema\/person\/7e24d1e54a2785373ddcb275eae5ed99","name":"conversesacatalunya","image":{"@type":"ImageObject","inLanguage":"es","@id":"https:\/\/conversesacatalunya.cat\/#\/schema\/person\/image\/","url":"https:\/\/conversesacatalunya.cat\/wp-content\/litespeed\/avatar\/febdfeeec89d950f01c748045a981dd2.jpg?ver=1777314535","contentUrl":"https:\/\/conversesacatalunya.cat\/wp-content\/litespeed\/avatar\/febdfeeec89d950f01c748045a981dd2.jpg?ver=1777314535","caption":"conversesacatalunya"},"url":"https:\/\/conversesacatalunya.cat\/es\/author\/carme_catala\/"}]}},"wps_subtitle":"","_links":{"self":[{"href":"https:\/\/conversesacatalunya.cat\/es\/wp-json\/wp\/v2\/posts\/43187","targetHints":{"allow":["GET"]}}],"collection":[{"href":"https:\/\/conversesacatalunya.cat\/es\/wp-json\/wp\/v2\/posts"}],"about":[{"href":"https:\/\/conversesacatalunya.cat\/es\/wp-json\/wp\/v2\/types\/post"}],"author":[{"embeddable":true,"href":"https:\/\/conversesacatalunya.cat\/es\/wp-json\/wp\/v2\/users\/2"}],"replies":[{"embeddable":true,"href":"https:\/\/conversesacatalunya.cat\/es\/wp-json\/wp\/v2\/comments?post=43187"}],"version-history":[{"count":2,"href":"https:\/\/conversesacatalunya.cat\/es\/wp-json\/wp\/v2\/posts\/43187\/revisions"}],"predecessor-version":[{"id":43189,"href":"https:\/\/conversesacatalunya.cat\/es\/wp-json\/wp\/v2\/posts\/43187\/revisions\/43189"}],"wp:featuredmedia":[{"embeddable":true,"href":"https:\/\/conversesacatalunya.cat\/es\/wp-json\/wp\/v2\/media\/43172"}],"wp:attachment":[{"href":"https:\/\/conversesacatalunya.cat\/es\/wp-json\/wp\/v2\/media?parent=43187"}],"wp:term":[{"taxonomy":"category","embeddable":true,"href":"https:\/\/conversesacatalunya.cat\/es\/wp-json\/wp\/v2\/categories?post=43187"},{"taxonomy":"post_tag","embeddable":true,"href":"https:\/\/conversesacatalunya.cat\/es\/wp-json\/wp\/v2\/tags?post=43187"}],"curies":[{"name":"wp","href":"https:\/\/api.w.org\/{rel}","templated":true}]}}