{"id":43093,"date":"2020-12-07T12:04:48","date_gmt":"2020-12-07T11:04:48","guid":{"rendered":"https:\/\/conversesacatalunya.cat\/el-problema-no-es-nomes-madrid-sino-que-catalunya-perd-pistonada-en-relacio-amb-les-altres-ccaa\/"},"modified":"2020-12-07T13:48:30","modified_gmt":"2020-12-07T12:48:30","slug":"el-problema-no-es-solo-madrid-sino-que-cataluna-pierde-fuelle-en-relacion-con-las-otras-ccaa","status":"publish","type":"post","link":"https:\/\/conversesacatalunya.cat\/es\/el-problema-no-es-solo-madrid-sino-que-cataluna-pierde-fuelle-en-relacion-con-las-otras-ccaa\/","title":{"rendered":"El problema no es s\u00f3lo Madrid, sino que Catalu\u00f1a pierde fuelle en relaci\u00f3n con las otras CCAA"},"content":{"rendered":"<p><span>Evidentemente, Madrid destaca y mucho entre el conjunto de las autonom\u00edas.\u00a0Lo hace por las ventajas de la capitalidad, la falta de una pol\u00edtica regional reequilibradora y el centralismo de las infraestructuras, y tambi\u00e9n porque ha sabido jugar bien, a diferencia de Catalu\u00f1a, todas sus bazas. Pero el problema no es \u00fanicamente este, la visi\u00f3n hist\u00f3rica de una Espa\u00f1a con dos centros poderosos, Madrid y Barcelona, \u200b\u200bha quedado desvanecida no s\u00f3lo por el predominio de Madrid, sino por la preponderancia de otras autonom\u00edas.<\/span><\/p>\n<p><span>Lo podemos observar desde el observatorio que nos da uno de los mejores mapas de situaci\u00f3n,\u00a0<\/span><strong><span>el \u00cdndice Regional de Competitividad<\/span><\/strong><span>\u00a0europeo que ya hemos mencionado en\u00a0<\/span><a href=\"https:\/\/conversesacatalunya.cat\/es\/cataluna-madrid-se-ha-ido-pero-el-problema-no-son-los-impuestos\/\" target=\"_blank\" rel=\"noopener noreferrer\"><span>otras ocasiones<\/span><\/a><span> .<\/span><\/p>\n<p><span>Globalmente en este \u00edndice\u00a0<\/span><strong><span>Catalu\u00f1a no ocupa la segunda posici\u00f3n<\/span><\/strong><span>\u00a0, sino la tercera y muy cerca de quien detenta el cuarto lugar. Concretamos esto. Catalu\u00f1a\u00a0<\/span><strong><span>con 53,45 puntos sobre 100<\/span><\/strong><span> est\u00e1 a 17,4 puntos porcentuales de Madrid, que es mucho, y a 10,2 del Pa\u00eds Vasco. En contrapartida, la comunidad que nos sigue, Navarra, est\u00e1 s\u00f3lo a 1,5 puntos de diferencia. Estamos a <\/span><strong><span>10 puntos por encima de la media espa\u00f1ola<\/span><\/strong><span>, pero el Pa\u00eds Vasco est\u00e1 a 20 y Madrid est\u00e1 a 27, que en t\u00e9rminos relativos se\u00f1ala unas diferencias extraordinarias. Estamos en el podio de los tres primeros, pero a distancia de los dos ganadores.<\/span><\/p>\n<p><span>Si del \u00edndice global pasamos a los <\/span><strong><span>tres sub\u00edndices<\/span><\/strong><span>\u00a0que estructuran el conjunto de datos de la competitividad de las regiones de Europa, en cuanto\u00a0<\/span><strong><span>a lo b\u00e1sico<\/span><\/strong><span> Madrid ocupa la primera posici\u00f3n con 68,32 puntos. Catalu\u00f1a le va <\/span><strong><span>detr\u00e1s pero en casi 7 puntos de distancia<\/span><\/strong><span>, 61,55, seguida muy de cerca de Castilla y Le\u00f3n 59,34 y el Pa\u00eds Vasco 57,66.\u00a0<\/span><strong><span>El sub\u00edndice que valora los datos de la eficiencia<\/span><\/strong><span> es en el que nos situamos m\u00e1s atrasados, en e<\/span><strong><span>l cuarto lugar<\/span><\/strong><span> y a casi 20 puntos de distancia de Madrid. Finalmente, en materia <\/span><strong><span>de innovaci\u00f3n <\/span><\/strong><span>volvemos a estar en tercer lugar a 12 puntos de distancia de Madrid, pero a menos de 1 del Pa\u00eds Vasco.\u00a0Como pone de manifiesto esta rese\u00f1a, ni siquiera el segundo lugar est\u00e1 bien asegurado y la distancia de Madrid es muy grande.<\/span><\/p>\n<p><span>A escala europea nos movemos en posiciones mediocres entre el 50% y el 60%, de los niveles m\u00e1ximos y nuestro objetivo ser\u00eda situarnos en\u00a0<\/span><strong><span>el 75% de las regiones<\/span><\/strong><span>\u00a0realmente punteras.<\/span><\/p>\n<p><span>Del conjunto de variables que definen el \u00edndice, y a escala espa\u00f1ola, ocupamos una buena posici\u00f3n relativa en salud y, sorprendentemente, en infraestructuras donde ocupamos el segundo lugar, as\u00ed como en satisfacci\u00f3n en materia de negocios. Pero tenemos unos\u00a0<\/span><strong><span>puntos d\u00e9biles muy graves, en tecnolog\u00eda, eficiencia, educaci\u00f3n superior y sobre todo aprendizaje permanente,<\/span><\/strong><span>\u00a0donde retrocedemos al sexto y s\u00e9ptimo lugar en el marco espa\u00f1ol.<\/span><\/p>\n<p><span><span class=\"goog-text-highlight\">Pero, sin duda, el punto m\u00e1s d\u00e9bil de todos es el de las\u00a0<\/span><\/span><strong><span><span class=\"goog-text-highlight\">instituciones.<\/span><\/span><\/strong><span><span class=\"goog-text-highlight\">\u00a0En este cap\u00edtulo no es Madrid quien ocupa el primer lugar, que cae a una posici\u00f3n francamente mediocre, el und\u00e9cimo con 41,72 puntos. El primer lugar corresponde al Pa\u00eds Vasco con 52,51 puntos. En t\u00e9rminos de puntuaci\u00f3n no es un resultado brillante, y expresa el mal funcionamiento en general de las administraciones en Espa\u00f1a, pero en t\u00e9rminos relativos es suficiente para consagrarse como l\u00edder.\u00a0<\/span><\/span><strong><span><span class=\"goog-text-highlight\">La media de Espa\u00f1a est\u00e1 en 40,4 puntos<\/span><\/span><\/strong><span><span class=\"goog-text-highlight\">. Pues bien, Catalu\u00f1a presenta a\u00fan una posici\u00f3n peor, ocupa\u00a0<\/span><\/span><strong><span><span class=\"goog-text-highlight\">el decimoquinto lugar con 39,62 puntos. <\/span><\/span><\/strong><span>Nuestra administraci\u00f3n es absolutamente mediocre tirando a mala.\u00a0Podemos constatar as\u00ed de manera objetiva como la impresi\u00f3n de muchos ciudadanos de que la administraci\u00f3n catalana ha degenerado en el tiempo y es francamente deficiente se ve claramente confirmada.<\/span><\/p>\n<div id=\"polls-83\" class=\"wp-polls\">\n\t<form id=\"polls_form_83\" class=\"wp-polls-form\" action=\"\/index.php\" method=\"post\">\n\t\t<p style=\"display: none;\"><input type=\"hidden\" id=\"poll_83_nonce\" name=\"wp-polls-nonce\" value=\"4a7370343a\" \/><\/p>\n\t\t<p style=\"display: none;\"><input type=\"hidden\" name=\"poll_id\" value=\"83\" \/><\/p>\n\t\t<p style=\"text-align: center\"><strong>Hi ha un parad\u00eds fiscal<\/strong><\/p><div id=\"polls-83-ans\" class=\"wp-polls-ans\"><ul class=\"wp-polls-ul\">\n\t\t<li><input type=\"radio\" id=\"poll-answer-186\" name=\"poll_83\" value=\"186\" \/> <label for=\"poll-answer-186\">A la Comunitat de Madrid<\/label><\/li>\n\t\t<li><input type=\"radio\" id=\"poll-answer-187\" name=\"poll_83\" value=\"187\" \/> <label for=\"poll-answer-187\">Al Pa\u00eds Basc<\/label><\/li>\n\t\t<li><input type=\"radio\" id=\"poll-answer-188\" name=\"poll_83\" value=\"188\" \/> <label for=\"poll-answer-188\">A les dues Comunitats<\/label><\/li>\n\t\t<li><input type=\"radio\" id=\"poll-answer-189\" name=\"poll_83\" value=\"189\" \/> <label for=\"poll-answer-189\">A cap de les dues Comunitats<\/label><\/li>\n\t\t<\/ul><p style=\"text-align: center\"><input type=\"button\" name=\"vote\" value=\"   Vota   \" class=\"Buttons\" onclick=\"poll_vote(83);\" \/><\/p><p style=\"text-align: center\"><a href=\"#ViewPollResults\" onclick=\"poll_result(83); return false;\" title=\"View Results Of This Poll\">Mira els resultats<\/a><\/p><\/div>\n\t<\/form>\n<\/div>\n<div id=\"polls-83-loading\" class=\"wp-polls-loading\"><img decoding=\"async\" data-src=\"https:\/\/conversesacatalunya.cat\/wp-content\/plugins\/wp-polls\/images\/loading.gif\" width=\"16\" height=\"16\" alt=\"Cargando ...\" title=\"Cargando ...\" class=\"wp-polls-image lazyload\" src=\"data:image\/svg+xml;base64,PHN2ZyB3aWR0aD0iMSIgaGVpZ2h0PSIxIiB4bWxucz0iaHR0cDovL3d3dy53My5vcmcvMjAwMC9zdmciPjwvc3ZnPg==\" style=\"--smush-placeholder-width: 16px; --smush-placeholder-aspect-ratio: 16\/16;\" \/>&nbsp;Cargando ...<\/div>\n\n","protected":false},"excerpt":{"rendered":"<p>Evidentemente, Madrid destaca y mucho entre el conjunto de las autonom\u00edas.\u00a0Lo hace por las ventajas de la capitalidad, la falta de una pol\u00edtica regional reequilibradora y el centralismo de las infraestructuras, y tambi\u00e9n porque ha sabido jugar bien, a diferencia de Catalu\u00f1a, todas sus bazas. Pero el problema no es \u00fanicamente este, la visi\u00f3n hist\u00f3rica de una Espa\u00f1a con dos centros poderosos, Madrid y Barcelona, \u200b\u200bha quedado desvanecida no s\u00f3lo por el predominio de Madrid, sino por la preponderancia de otras autonom\u00edas. Lo podemos observar desde el observatorio que nos da uno de los mejores mapas de situaci\u00f3n,\u00a0el \u00cdndice Regional de Competitividad\u00a0europeo que ya hemos mencionado en\u00a0otras ocasiones . Globalmente en este \u00edndice\u00a0Catalu\u00f1a no ocupa la segunda posici\u00f3n\u00a0, sino la tercera y muy cerca de quien detenta el cuarto lugar. Concretamos esto. Catalu\u00f1a\u00a0con 53,45 puntos sobre 100 est\u00e1 a 17,4 puntos porcentuales de Madrid, que es mucho, y a 10,2 del Pa\u00eds Vasco. En contrapartida, la comunidad que nos sigue, Navarra, est\u00e1 s\u00f3lo a 1,5 puntos de diferencia. Estamos a 10 puntos por encima de la media espa\u00f1ola, pero el Pa\u00eds Vasco est\u00e1 a 20 y Madrid est\u00e1 a 27, que en t\u00e9rminos relativos se\u00f1ala unas diferencias extraordinarias. Estamos en el podio de los tres primeros, pero a distancia de los dos ganadores. Si del \u00edndice global pasamos a los tres sub\u00edndices\u00a0que estructuran el conjunto de datos de la competitividad de las regiones de Europa, en cuanto\u00a0a lo b\u00e1sico Madrid ocupa la primera posici\u00f3n con 68,32 puntos. Catalu\u00f1a le va detr\u00e1s pero en casi 7 puntos de distancia, 61,55, seguida muy de cerca de Castilla y Le\u00f3n 59,34 y el Pa\u00eds Vasco 57,66.\u00a0El sub\u00edndice que valora los datos de la eficiencia es en el que nos situamos m\u00e1s atrasados, en el cuarto lugar y a casi 20 puntos de distancia de Madrid. Finalmente, en materia de innovaci\u00f3n volvemos a estar en tercer lugar a 12 puntos de distancia de Madrid, pero a menos de 1 del Pa\u00eds Vasco.\u00a0Como pone de manifiesto esta rese\u00f1a, ni siquiera el segundo lugar est\u00e1 bien asegurado y la distancia de Madrid es muy grande. A escala europea nos movemos en posiciones mediocres entre el 50% y el 60%, de los niveles m\u00e1ximos y nuestro objetivo ser\u00eda situarnos en\u00a0el 75% de las regiones\u00a0realmente punteras. Del conjunto de variables que definen el \u00edndice, y a escala espa\u00f1ola, ocupamos una buena posici\u00f3n relativa en salud y, sorprendentemente, en infraestructuras donde ocupamos el segundo lugar, as\u00ed como en satisfacci\u00f3n en materia de negocios. Pero tenemos unos\u00a0puntos d\u00e9biles muy graves, en tecnolog\u00eda, eficiencia, educaci\u00f3n superior y sobre todo aprendizaje permanente,\u00a0donde retrocedemos al sexto y s\u00e9ptimo lugar en el marco espa\u00f1ol. Pero, sin duda, el punto m\u00e1s d\u00e9bil de todos es el de las\u00a0instituciones.\u00a0En este cap\u00edtulo no es Madrid quien ocupa el primer lugar, que cae a una posici\u00f3n francamente mediocre, el und\u00e9cimo con 41,72 puntos. El primer lugar corresponde al Pa\u00eds Vasco con 52,51 puntos. En t\u00e9rminos de puntuaci\u00f3n no es un resultado brillante, y expresa el mal funcionamiento en general de las administraciones en Espa\u00f1a, pero en t\u00e9rminos relativos es suficiente para consagrarse como l\u00edder.\u00a0La media de Espa\u00f1a est\u00e1 en 40,4 puntos. Pues bien, Catalu\u00f1a presenta a\u00fan una posici\u00f3n peor, ocupa\u00a0el decimoquinto lugar con 39,62 puntos. Nuestra administraci\u00f3n es absolutamente mediocre tirando a mala.\u00a0Podemos constatar as\u00ed de manera objetiva como la impresi\u00f3n de muchos ciudadanos de que la administraci\u00f3n catalana ha degenerado en el tiempo y es francamente deficiente se ve claramente confirmada.<\/p>\n","protected":false},"author":2,"featured_media":43072,"comment_status":"open","ping_status":"open","sticky":false,"template":"","format":"standard","meta":{"_FSMCFIC_featured_image_caption":"","_FSMCFIC_featured_image_nocaption":"","_FSMCFIC_featured_image_hide":"","footnotes":""},"categories":[806],"tags":[2493],"class_list":["post-43093","post","type-post","status-publish","format-standard","has-post-thumbnail","hentry","category-punts-claus-del-dia-es","tag-competitividad"],"yoast_head":"<!-- This site is optimized with the Yoast SEO plugin v26.8 - https:\/\/yoast.com\/product\/yoast-seo-wordpress\/ -->\n<title>El problema no es s\u00f3lo Madrid, sino que Catalu\u00f1a pierde fuelle en relaci\u00f3n con las otras CCAA - Converses a Catalunya<\/title>\n<meta name=\"robots\" content=\"index, follow, max-snippet:-1, max-image-preview:large, max-video-preview:-1\" \/>\n<link rel=\"canonical\" href=\"https:\/\/conversesacatalunya.cat\/es\/el-problema-no-es-solo-madrid-sino-que-cataluna-pierde-fuelle-en-relacion-con-las-otras-ccaa\/\" \/>\n<meta property=\"og:locale\" content=\"es_ES\" \/>\n<meta property=\"og:type\" content=\"article\" \/>\n<meta property=\"og:title\" content=\"El problema no es s\u00f3lo Madrid, sino que Catalu\u00f1a pierde fuelle en relaci\u00f3n con las otras CCAA - Converses a Catalunya\" \/>\n<meta property=\"og:description\" content=\"Evidentemente, Madrid destaca y mucho entre el conjunto de las autonom\u00edas.\u00a0Lo hace por las ventajas de la capitalidad, la falta de una pol\u00edtica regional reequilibradora y el centralismo de las infraestructuras, y tambi\u00e9n porque ha sabido jugar bien, a diferencia de Catalu\u00f1a, todas sus bazas. Pero el problema no es \u00fanicamente este, la visi\u00f3n hist\u00f3rica de una Espa\u00f1a con dos centros poderosos, Madrid y Barcelona, \u200b\u200bha quedado desvanecida no s\u00f3lo por el predominio de Madrid, sino por la preponderancia de otras autonom\u00edas. Lo podemos observar desde el observatorio que nos da uno de los mejores mapas de situaci\u00f3n,\u00a0el \u00cdndice Regional de Competitividad\u00a0europeo que ya hemos mencionado en\u00a0otras ocasiones . Globalmente en este \u00edndice\u00a0Catalu\u00f1a no ocupa la segunda posici\u00f3n\u00a0, sino la tercera y muy cerca de quien detenta el cuarto lugar. Concretamos esto. Catalu\u00f1a\u00a0con 53,45 puntos sobre 100 est\u00e1 a 17,4 puntos porcentuales de Madrid, que es mucho, y a 10,2 del Pa\u00eds Vasco. En contrapartida, la comunidad que nos sigue, Navarra, est\u00e1 s\u00f3lo a 1,5 puntos de diferencia. Estamos a 10 puntos por encima de la media espa\u00f1ola, pero el Pa\u00eds Vasco est\u00e1 a 20 y Madrid est\u00e1 a 27, que en t\u00e9rminos relativos se\u00f1ala unas diferencias extraordinarias. Estamos en el podio de los tres primeros, pero a distancia de los dos ganadores. Si del \u00edndice global pasamos a los tres sub\u00edndices\u00a0que estructuran el conjunto de datos de la competitividad de las regiones de Europa, en cuanto\u00a0a lo b\u00e1sico Madrid ocupa la primera posici\u00f3n con 68,32 puntos. Catalu\u00f1a le va detr\u00e1s pero en casi 7 puntos de distancia, 61,55, seguida muy de cerca de Castilla y Le\u00f3n 59,34 y el Pa\u00eds Vasco 57,66.\u00a0El sub\u00edndice que valora los datos de la eficiencia es en el que nos situamos m\u00e1s atrasados, en el cuarto lugar y a casi 20 puntos de distancia de Madrid. Finalmente, en materia de innovaci\u00f3n volvemos a estar en tercer lugar a 12 puntos de distancia de Madrid, pero a menos de 1 del Pa\u00eds Vasco.\u00a0Como pone de manifiesto esta rese\u00f1a, ni siquiera el segundo lugar est\u00e1 bien asegurado y la distancia de Madrid es muy grande. A escala europea nos movemos en posiciones mediocres entre el 50% y el 60%, de los niveles m\u00e1ximos y nuestro objetivo ser\u00eda situarnos en\u00a0el 75% de las regiones\u00a0realmente punteras. Del conjunto de variables que definen el \u00edndice, y a escala espa\u00f1ola, ocupamos una buena posici\u00f3n relativa en salud y, sorprendentemente, en infraestructuras donde ocupamos el segundo lugar, as\u00ed como en satisfacci\u00f3n en materia de negocios. Pero tenemos unos\u00a0puntos d\u00e9biles muy graves, en tecnolog\u00eda, eficiencia, educaci\u00f3n superior y sobre todo aprendizaje permanente,\u00a0donde retrocedemos al sexto y s\u00e9ptimo lugar en el marco espa\u00f1ol. Pero, sin duda, el punto m\u00e1s d\u00e9bil de todos es el de las\u00a0instituciones.\u00a0En este cap\u00edtulo no es Madrid quien ocupa el primer lugar, que cae a una posici\u00f3n francamente mediocre, el und\u00e9cimo con 41,72 puntos. El primer lugar corresponde al Pa\u00eds Vasco con 52,51 puntos. En t\u00e9rminos de puntuaci\u00f3n no es un resultado brillante, y expresa el mal funcionamiento en general de las administraciones en Espa\u00f1a, pero en t\u00e9rminos relativos es suficiente para consagrarse como l\u00edder.\u00a0La media de Espa\u00f1a est\u00e1 en 40,4 puntos. Pues bien, Catalu\u00f1a presenta a\u00fan una posici\u00f3n peor, ocupa\u00a0el decimoquinto lugar con 39,62 puntos. Nuestra administraci\u00f3n es absolutamente mediocre tirando a mala.\u00a0Podemos constatar as\u00ed de manera objetiva como la impresi\u00f3n de muchos ciudadanos de que la administraci\u00f3n catalana ha degenerado en el tiempo y es francamente deficiente se ve claramente confirmada.\" \/>\n<meta property=\"og:url\" content=\"https:\/\/conversesacatalunya.cat\/es\/el-problema-no-es-solo-madrid-sino-que-cataluna-pierde-fuelle-en-relacion-con-las-otras-ccaa\/\" \/>\n<meta property=\"og:site_name\" content=\"Converses a Catalunya\" \/>\n<meta property=\"article:published_time\" content=\"2020-12-07T11:04:48+00:00\" \/>\n<meta property=\"article:modified_time\" content=\"2020-12-07T12:48:30+00:00\" \/>\n<meta property=\"og:image\" content=\"https:\/\/conversesacatalunya.cat\/wp-content\/uploads\/2020\/12\/plaza-cataluna.jpg\" \/>\n\t<meta property=\"og:image:width\" content=\"940\" \/>\n\t<meta property=\"og:image:height\" content=\"625\" \/>\n\t<meta property=\"og:image:type\" content=\"image\/jpeg\" \/>\n<meta name=\"author\" content=\"conversesacatalunya\" \/>\n<meta name=\"twitter:card\" content=\"summary_large_image\" \/>\n<meta name=\"twitter:label1\" content=\"Escrito por\" \/>\n\t<meta name=\"twitter:data1\" content=\"conversesacatalunya\" \/>\n\t<meta name=\"twitter:label2\" content=\"Tiempo de lectura\" \/>\n\t<meta name=\"twitter:data2\" content=\"3 minutos\" \/>\n<script type=\"application\/ld+json\" class=\"yoast-schema-graph\">{\"@context\":\"https:\/\/schema.org\",\"@graph\":[{\"@type\":\"Article\",\"@id\":\"https:\/\/conversesacatalunya.cat\/es\/el-problema-no-es-solo-madrid-sino-que-cataluna-pierde-fuelle-en-relacion-con-las-otras-ccaa\/#article\",\"isPartOf\":{\"@id\":\"https:\/\/conversesacatalunya.cat\/es\/el-problema-no-es-solo-madrid-sino-que-cataluna-pierde-fuelle-en-relacion-con-las-otras-ccaa\/\"},\"author\":{\"name\":\"conversesacatalunya\",\"@id\":\"https:\/\/conversesacatalunya.cat\/#\/schema\/person\/7e24d1e54a2785373ddcb275eae5ed99\"},\"headline\":\"El problema no es s\u00f3lo Madrid, sino que Catalu\u00f1a pierde fuelle en relaci\u00f3n con las otras CCAA\",\"datePublished\":\"2020-12-07T11:04:48+00:00\",\"dateModified\":\"2020-12-07T12:48:30+00:00\",\"mainEntityOfPage\":{\"@id\":\"https:\/\/conversesacatalunya.cat\/es\/el-problema-no-es-solo-madrid-sino-que-cataluna-pierde-fuelle-en-relacion-con-las-otras-ccaa\/\"},\"wordCount\":651,\"commentCount\":0,\"image\":{\"@id\":\"https:\/\/conversesacatalunya.cat\/es\/el-problema-no-es-solo-madrid-sino-que-cataluna-pierde-fuelle-en-relacion-con-las-otras-ccaa\/#primaryimage\"},\"thumbnailUrl\":\"https:\/\/conversesacatalunya.cat\/wp-content\/uploads\/2020\/12\/plaza-cataluna.jpg\",\"keywords\":[\"competitividad\"],\"articleSection\":[\"Punts clau del dia (ES)\"],\"inLanguage\":\"es\",\"potentialAction\":[{\"@type\":\"CommentAction\",\"name\":\"Comment\",\"target\":[\"https:\/\/conversesacatalunya.cat\/es\/el-problema-no-es-solo-madrid-sino-que-cataluna-pierde-fuelle-en-relacion-con-las-otras-ccaa\/#respond\"]}]},{\"@type\":\"WebPage\",\"@id\":\"https:\/\/conversesacatalunya.cat\/es\/el-problema-no-es-solo-madrid-sino-que-cataluna-pierde-fuelle-en-relacion-con-las-otras-ccaa\/\",\"url\":\"https:\/\/conversesacatalunya.cat\/es\/el-problema-no-es-solo-madrid-sino-que-cataluna-pierde-fuelle-en-relacion-con-las-otras-ccaa\/\",\"name\":\"El problema no es s\u00f3lo Madrid, sino que Catalu\u00f1a pierde fuelle en relaci\u00f3n con las otras CCAA - Converses a Catalunya\",\"isPartOf\":{\"@id\":\"https:\/\/conversesacatalunya.cat\/#website\"},\"primaryImageOfPage\":{\"@id\":\"https:\/\/conversesacatalunya.cat\/es\/el-problema-no-es-solo-madrid-sino-que-cataluna-pierde-fuelle-en-relacion-con-las-otras-ccaa\/#primaryimage\"},\"image\":{\"@id\":\"https:\/\/conversesacatalunya.cat\/es\/el-problema-no-es-solo-madrid-sino-que-cataluna-pierde-fuelle-en-relacion-con-las-otras-ccaa\/#primaryimage\"},\"thumbnailUrl\":\"https:\/\/conversesacatalunya.cat\/wp-content\/uploads\/2020\/12\/plaza-cataluna.jpg\",\"datePublished\":\"2020-12-07T11:04:48+00:00\",\"dateModified\":\"2020-12-07T12:48:30+00:00\",\"author\":{\"@id\":\"https:\/\/conversesacatalunya.cat\/#\/schema\/person\/7e24d1e54a2785373ddcb275eae5ed99\"},\"breadcrumb\":{\"@id\":\"https:\/\/conversesacatalunya.cat\/es\/el-problema-no-es-solo-madrid-sino-que-cataluna-pierde-fuelle-en-relacion-con-las-otras-ccaa\/#breadcrumb\"},\"inLanguage\":\"es\",\"potentialAction\":[{\"@type\":\"ReadAction\",\"target\":[\"https:\/\/conversesacatalunya.cat\/es\/el-problema-no-es-solo-madrid-sino-que-cataluna-pierde-fuelle-en-relacion-con-las-otras-ccaa\/\"]}]},{\"@type\":\"ImageObject\",\"inLanguage\":\"es\",\"@id\":\"https:\/\/conversesacatalunya.cat\/es\/el-problema-no-es-solo-madrid-sino-que-cataluna-pierde-fuelle-en-relacion-con-las-otras-ccaa\/#primaryimage\",\"url\":\"https:\/\/conversesacatalunya.cat\/wp-content\/uploads\/2020\/12\/plaza-cataluna.jpg\",\"contentUrl\":\"https:\/\/conversesacatalunya.cat\/wp-content\/uploads\/2020\/12\/plaza-cataluna.jpg\",\"width\":940,\"height\":625,\"caption\":\"Catalunya\"},{\"@type\":\"BreadcrumbList\",\"@id\":\"https:\/\/conversesacatalunya.cat\/es\/el-problema-no-es-solo-madrid-sino-que-cataluna-pierde-fuelle-en-relacion-con-las-otras-ccaa\/#breadcrumb\",\"itemListElement\":[{\"@type\":\"ListItem\",\"position\":1,\"name\":\"Inici\",\"item\":\"https:\/\/conversesacatalunya.cat\/es\/\"},{\"@type\":\"ListItem\",\"position\":2,\"name\":\"El problema no es s\u00f3lo Madrid, sino que Catalu\u00f1a pierde fuelle en relaci\u00f3n con las otras CCAA\"}]},{\"@type\":\"WebSite\",\"@id\":\"https:\/\/conversesacatalunya.cat\/#website\",\"url\":\"https:\/\/conversesacatalunya.cat\/\",\"name\":\"Converses a Catalunya\",\"description\":\"\",\"potentialAction\":[{\"@type\":\"SearchAction\",\"target\":{\"@type\":\"EntryPoint\",\"urlTemplate\":\"https:\/\/conversesacatalunya.cat\/?s={search_term_string}\"},\"query-input\":{\"@type\":\"PropertyValueSpecification\",\"valueRequired\":true,\"valueName\":\"search_term_string\"}}],\"inLanguage\":\"es\"},{\"@type\":\"Person\",\"@id\":\"https:\/\/conversesacatalunya.cat\/#\/schema\/person\/7e24d1e54a2785373ddcb275eae5ed99\",\"name\":\"conversesacatalunya\",\"image\":{\"@type\":\"ImageObject\",\"inLanguage\":\"es\",\"@id\":\"https:\/\/conversesacatalunya.cat\/#\/schema\/person\/image\/\",\"url\":\"https:\/\/conversesacatalunya.cat\/wp-content\/litespeed\/avatar\/febdfeeec89d950f01c748045a981dd2.jpg?ver=1777314535\",\"contentUrl\":\"https:\/\/conversesacatalunya.cat\/wp-content\/litespeed\/avatar\/febdfeeec89d950f01c748045a981dd2.jpg?ver=1777314535\",\"caption\":\"conversesacatalunya\"},\"url\":\"https:\/\/conversesacatalunya.cat\/es\/author\/carme_catala\/\"}]}<\/script>\n<!-- \/ Yoast SEO plugin. -->","yoast_head_json":{"title":"El problema no es s\u00f3lo Madrid, sino que Catalu\u00f1a pierde fuelle en relaci\u00f3n con las otras CCAA - Converses a Catalunya","robots":{"index":"index","follow":"follow","max-snippet":"max-snippet:-1","max-image-preview":"max-image-preview:large","max-video-preview":"max-video-preview:-1"},"canonical":"https:\/\/conversesacatalunya.cat\/es\/el-problema-no-es-solo-madrid-sino-que-cataluna-pierde-fuelle-en-relacion-con-las-otras-ccaa\/","og_locale":"es_ES","og_type":"article","og_title":"El problema no es s\u00f3lo Madrid, sino que Catalu\u00f1a pierde fuelle en relaci\u00f3n con las otras CCAA - Converses a Catalunya","og_description":"Evidentemente, Madrid destaca y mucho entre el conjunto de las autonom\u00edas.\u00a0Lo hace por las ventajas de la capitalidad, la falta de una pol\u00edtica regional reequilibradora y el centralismo de las infraestructuras, y tambi\u00e9n porque ha sabido jugar bien, a diferencia de Catalu\u00f1a, todas sus bazas. Pero el problema no es \u00fanicamente este, la visi\u00f3n hist\u00f3rica de una Espa\u00f1a con dos centros poderosos, Madrid y Barcelona, \u200b\u200bha quedado desvanecida no s\u00f3lo por el predominio de Madrid, sino por la preponderancia de otras autonom\u00edas. Lo podemos observar desde el observatorio que nos da uno de los mejores mapas de situaci\u00f3n,\u00a0el \u00cdndice Regional de Competitividad\u00a0europeo que ya hemos mencionado en\u00a0otras ocasiones . Globalmente en este \u00edndice\u00a0Catalu\u00f1a no ocupa la segunda posici\u00f3n\u00a0, sino la tercera y muy cerca de quien detenta el cuarto lugar. Concretamos esto. Catalu\u00f1a\u00a0con 53,45 puntos sobre 100 est\u00e1 a 17,4 puntos porcentuales de Madrid, que es mucho, y a 10,2 del Pa\u00eds Vasco. En contrapartida, la comunidad que nos sigue, Navarra, est\u00e1 s\u00f3lo a 1,5 puntos de diferencia. Estamos a 10 puntos por encima de la media espa\u00f1ola, pero el Pa\u00eds Vasco est\u00e1 a 20 y Madrid est\u00e1 a 27, que en t\u00e9rminos relativos se\u00f1ala unas diferencias extraordinarias. Estamos en el podio de los tres primeros, pero a distancia de los dos ganadores. Si del \u00edndice global pasamos a los tres sub\u00edndices\u00a0que estructuran el conjunto de datos de la competitividad de las regiones de Europa, en cuanto\u00a0a lo b\u00e1sico Madrid ocupa la primera posici\u00f3n con 68,32 puntos. Catalu\u00f1a le va detr\u00e1s pero en casi 7 puntos de distancia, 61,55, seguida muy de cerca de Castilla y Le\u00f3n 59,34 y el Pa\u00eds Vasco 57,66.\u00a0El sub\u00edndice que valora los datos de la eficiencia es en el que nos situamos m\u00e1s atrasados, en el cuarto lugar y a casi 20 puntos de distancia de Madrid. Finalmente, en materia de innovaci\u00f3n volvemos a estar en tercer lugar a 12 puntos de distancia de Madrid, pero a menos de 1 del Pa\u00eds Vasco.\u00a0Como pone de manifiesto esta rese\u00f1a, ni siquiera el segundo lugar est\u00e1 bien asegurado y la distancia de Madrid es muy grande. A escala europea nos movemos en posiciones mediocres entre el 50% y el 60%, de los niveles m\u00e1ximos y nuestro objetivo ser\u00eda situarnos en\u00a0el 75% de las regiones\u00a0realmente punteras. Del conjunto de variables que definen el \u00edndice, y a escala espa\u00f1ola, ocupamos una buena posici\u00f3n relativa en salud y, sorprendentemente, en infraestructuras donde ocupamos el segundo lugar, as\u00ed como en satisfacci\u00f3n en materia de negocios. Pero tenemos unos\u00a0puntos d\u00e9biles muy graves, en tecnolog\u00eda, eficiencia, educaci\u00f3n superior y sobre todo aprendizaje permanente,\u00a0donde retrocedemos al sexto y s\u00e9ptimo lugar en el marco espa\u00f1ol. Pero, sin duda, el punto m\u00e1s d\u00e9bil de todos es el de las\u00a0instituciones.\u00a0En este cap\u00edtulo no es Madrid quien ocupa el primer lugar, que cae a una posici\u00f3n francamente mediocre, el und\u00e9cimo con 41,72 puntos. El primer lugar corresponde al Pa\u00eds Vasco con 52,51 puntos. En t\u00e9rminos de puntuaci\u00f3n no es un resultado brillante, y expresa el mal funcionamiento en general de las administraciones en Espa\u00f1a, pero en t\u00e9rminos relativos es suficiente para consagrarse como l\u00edder.\u00a0La media de Espa\u00f1a est\u00e1 en 40,4 puntos. Pues bien, Catalu\u00f1a presenta a\u00fan una posici\u00f3n peor, ocupa\u00a0el decimoquinto lugar con 39,62 puntos. Nuestra administraci\u00f3n es absolutamente mediocre tirando a mala.\u00a0Podemos constatar as\u00ed de manera objetiva como la impresi\u00f3n de muchos ciudadanos de que la administraci\u00f3n catalana ha degenerado en el tiempo y es francamente deficiente se ve claramente confirmada.","og_url":"https:\/\/conversesacatalunya.cat\/es\/el-problema-no-es-solo-madrid-sino-que-cataluna-pierde-fuelle-en-relacion-con-las-otras-ccaa\/","og_site_name":"Converses a Catalunya","article_published_time":"2020-12-07T11:04:48+00:00","article_modified_time":"2020-12-07T12:48:30+00:00","og_image":[{"width":940,"height":625,"url":"https:\/\/conversesacatalunya.cat\/wp-content\/uploads\/2020\/12\/plaza-cataluna.jpg","type":"image\/jpeg"}],"author":"conversesacatalunya","twitter_card":"summary_large_image","twitter_misc":{"Escrito por":"conversesacatalunya","Tiempo de lectura":"3 minutos"},"schema":{"@context":"https:\/\/schema.org","@graph":[{"@type":"Article","@id":"https:\/\/conversesacatalunya.cat\/es\/el-problema-no-es-solo-madrid-sino-que-cataluna-pierde-fuelle-en-relacion-con-las-otras-ccaa\/#article","isPartOf":{"@id":"https:\/\/conversesacatalunya.cat\/es\/el-problema-no-es-solo-madrid-sino-que-cataluna-pierde-fuelle-en-relacion-con-las-otras-ccaa\/"},"author":{"name":"conversesacatalunya","@id":"https:\/\/conversesacatalunya.cat\/#\/schema\/person\/7e24d1e54a2785373ddcb275eae5ed99"},"headline":"El problema no es s\u00f3lo Madrid, sino que Catalu\u00f1a pierde fuelle en relaci\u00f3n con las otras CCAA","datePublished":"2020-12-07T11:04:48+00:00","dateModified":"2020-12-07T12:48:30+00:00","mainEntityOfPage":{"@id":"https:\/\/conversesacatalunya.cat\/es\/el-problema-no-es-solo-madrid-sino-que-cataluna-pierde-fuelle-en-relacion-con-las-otras-ccaa\/"},"wordCount":651,"commentCount":0,"image":{"@id":"https:\/\/conversesacatalunya.cat\/es\/el-problema-no-es-solo-madrid-sino-que-cataluna-pierde-fuelle-en-relacion-con-las-otras-ccaa\/#primaryimage"},"thumbnailUrl":"https:\/\/conversesacatalunya.cat\/wp-content\/uploads\/2020\/12\/plaza-cataluna.jpg","keywords":["competitividad"],"articleSection":["Punts clau del dia (ES)"],"inLanguage":"es","potentialAction":[{"@type":"CommentAction","name":"Comment","target":["https:\/\/conversesacatalunya.cat\/es\/el-problema-no-es-solo-madrid-sino-que-cataluna-pierde-fuelle-en-relacion-con-las-otras-ccaa\/#respond"]}]},{"@type":"WebPage","@id":"https:\/\/conversesacatalunya.cat\/es\/el-problema-no-es-solo-madrid-sino-que-cataluna-pierde-fuelle-en-relacion-con-las-otras-ccaa\/","url":"https:\/\/conversesacatalunya.cat\/es\/el-problema-no-es-solo-madrid-sino-que-cataluna-pierde-fuelle-en-relacion-con-las-otras-ccaa\/","name":"El problema no es s\u00f3lo Madrid, sino que Catalu\u00f1a pierde fuelle en relaci\u00f3n con las otras CCAA - Converses a Catalunya","isPartOf":{"@id":"https:\/\/conversesacatalunya.cat\/#website"},"primaryImageOfPage":{"@id":"https:\/\/conversesacatalunya.cat\/es\/el-problema-no-es-solo-madrid-sino-que-cataluna-pierde-fuelle-en-relacion-con-las-otras-ccaa\/#primaryimage"},"image":{"@id":"https:\/\/conversesacatalunya.cat\/es\/el-problema-no-es-solo-madrid-sino-que-cataluna-pierde-fuelle-en-relacion-con-las-otras-ccaa\/#primaryimage"},"thumbnailUrl":"https:\/\/conversesacatalunya.cat\/wp-content\/uploads\/2020\/12\/plaza-cataluna.jpg","datePublished":"2020-12-07T11:04:48+00:00","dateModified":"2020-12-07T12:48:30+00:00","author":{"@id":"https:\/\/conversesacatalunya.cat\/#\/schema\/person\/7e24d1e54a2785373ddcb275eae5ed99"},"breadcrumb":{"@id":"https:\/\/conversesacatalunya.cat\/es\/el-problema-no-es-solo-madrid-sino-que-cataluna-pierde-fuelle-en-relacion-con-las-otras-ccaa\/#breadcrumb"},"inLanguage":"es","potentialAction":[{"@type":"ReadAction","target":["https:\/\/conversesacatalunya.cat\/es\/el-problema-no-es-solo-madrid-sino-que-cataluna-pierde-fuelle-en-relacion-con-las-otras-ccaa\/"]}]},{"@type":"ImageObject","inLanguage":"es","@id":"https:\/\/conversesacatalunya.cat\/es\/el-problema-no-es-solo-madrid-sino-que-cataluna-pierde-fuelle-en-relacion-con-las-otras-ccaa\/#primaryimage","url":"https:\/\/conversesacatalunya.cat\/wp-content\/uploads\/2020\/12\/plaza-cataluna.jpg","contentUrl":"https:\/\/conversesacatalunya.cat\/wp-content\/uploads\/2020\/12\/plaza-cataluna.jpg","width":940,"height":625,"caption":"Catalunya"},{"@type":"BreadcrumbList","@id":"https:\/\/conversesacatalunya.cat\/es\/el-problema-no-es-solo-madrid-sino-que-cataluna-pierde-fuelle-en-relacion-con-las-otras-ccaa\/#breadcrumb","itemListElement":[{"@type":"ListItem","position":1,"name":"Inici","item":"https:\/\/conversesacatalunya.cat\/es\/"},{"@type":"ListItem","position":2,"name":"El problema no es s\u00f3lo Madrid, sino que Catalu\u00f1a pierde fuelle en relaci\u00f3n con las otras CCAA"}]},{"@type":"WebSite","@id":"https:\/\/conversesacatalunya.cat\/#website","url":"https:\/\/conversesacatalunya.cat\/","name":"Converses a Catalunya","description":"","potentialAction":[{"@type":"SearchAction","target":{"@type":"EntryPoint","urlTemplate":"https:\/\/conversesacatalunya.cat\/?s={search_term_string}"},"query-input":{"@type":"PropertyValueSpecification","valueRequired":true,"valueName":"search_term_string"}}],"inLanguage":"es"},{"@type":"Person","@id":"https:\/\/conversesacatalunya.cat\/#\/schema\/person\/7e24d1e54a2785373ddcb275eae5ed99","name":"conversesacatalunya","image":{"@type":"ImageObject","inLanguage":"es","@id":"https:\/\/conversesacatalunya.cat\/#\/schema\/person\/image\/","url":"https:\/\/conversesacatalunya.cat\/wp-content\/litespeed\/avatar\/febdfeeec89d950f01c748045a981dd2.jpg?ver=1777314535","contentUrl":"https:\/\/conversesacatalunya.cat\/wp-content\/litespeed\/avatar\/febdfeeec89d950f01c748045a981dd2.jpg?ver=1777314535","caption":"conversesacatalunya"},"url":"https:\/\/conversesacatalunya.cat\/es\/author\/carme_catala\/"}]}},"wps_subtitle":"","_links":{"self":[{"href":"https:\/\/conversesacatalunya.cat\/es\/wp-json\/wp\/v2\/posts\/43093","targetHints":{"allow":["GET"]}}],"collection":[{"href":"https:\/\/conversesacatalunya.cat\/es\/wp-json\/wp\/v2\/posts"}],"about":[{"href":"https:\/\/conversesacatalunya.cat\/es\/wp-json\/wp\/v2\/types\/post"}],"author":[{"embeddable":true,"href":"https:\/\/conversesacatalunya.cat\/es\/wp-json\/wp\/v2\/users\/2"}],"replies":[{"embeddable":true,"href":"https:\/\/conversesacatalunya.cat\/es\/wp-json\/wp\/v2\/comments?post=43093"}],"version-history":[{"count":2,"href":"https:\/\/conversesacatalunya.cat\/es\/wp-json\/wp\/v2\/posts\/43093\/revisions"}],"predecessor-version":[{"id":43095,"href":"https:\/\/conversesacatalunya.cat\/es\/wp-json\/wp\/v2\/posts\/43093\/revisions\/43095"}],"wp:featuredmedia":[{"embeddable":true,"href":"https:\/\/conversesacatalunya.cat\/es\/wp-json\/wp\/v2\/media\/43072"}],"wp:attachment":[{"href":"https:\/\/conversesacatalunya.cat\/es\/wp-json\/wp\/v2\/media?parent=43093"}],"wp:term":[{"taxonomy":"category","embeddable":true,"href":"https:\/\/conversesacatalunya.cat\/es\/wp-json\/wp\/v2\/categories?post=43093"},{"taxonomy":"post_tag","embeddable":true,"href":"https:\/\/conversesacatalunya.cat\/es\/wp-json\/wp\/v2\/tags?post=43093"}],"curies":[{"name":"wp","href":"https:\/\/api.w.org\/{rel}","templated":true}]}}