{"id":43025,"date":"2020-12-04T13:01:19","date_gmt":"2020-12-04T12:01:19","guid":{"rendered":"https:\/\/conversesacatalunya.cat\/les-dades-de-latur-poden-induir-a-una-valoracio-equivocada-les-causes\/"},"modified":"2020-12-04T13:49:05","modified_gmt":"2020-12-04T12:49:05","slug":"los-datos-del-paro-pueden-inducir-a-una-valoracion-equivocada-las-causas","status":"publish","type":"post","link":"https:\/\/conversesacatalunya.cat\/es\/los-datos-del-paro-pueden-inducir-a-una-valoracion-equivocada-las-causas\/","title":{"rendered":"Los datos del paro pueden inducir a una valoraci\u00f3n equivocada: las causas"},"content":{"rendered":"<p><span>El pasado mes de noviembre los empleados que realmente trabajaron fueron inferiores a los de los meses de octubre y a pesar de este hecho la <\/span><strong><span>afiliaci\u00f3n ha crecido en 32.000 cotizantes,<\/span><\/strong><span>\u00a0y al mismo tiempo el paro lo ha hecho en 25.000 hasta llegar a\u00a0<\/span><strong><span>3,8 millones de parados y anotar la mayor subida desde 2012<\/span><\/strong><span>.<\/span><\/p>\n<p><span>De esta manera se han encadenado 8 meses consecutivos de aumentos\u00a0<\/span><strong><span>interanuales <\/span><\/strong><span>de desempleo superiores al 20%. Un hecho que deber\u00edamos remontarnos a 2010, en plena crisis econ\u00f3mica, para encontrar una equiparaci\u00f3n. Y es que con los datos sobre las cotizaciones de la Seguridad Social no se tienen en cuenta los efectos de los ERTE, es decir las personas que han dejado de trabajar que cobran una parte de su salario y que contin\u00faan dadas de alta en la Seguridad social. Son trabajadores inactivos que en el registros estad\u00edsticos aparecen como cotizantes, y este hecho es el que puede desvirtuar la realidad. Sus salarios son pagados b\u00e1sicamente por el estado y mientras esta situaci\u00f3n contin\u00fae dispondremos de una cifra de afiliaci\u00f3n y de ocupados superior a la que realmente est\u00e1 trabajando. Y no es una cifra peque\u00f1a, es pr\u00e1cticamente 747.000 personas.<\/span><\/p>\n<p><span>Es evidente que una parte de estos ERTE se transformar\u00e1n en EROS, es decir en expedientes de regulaci\u00f3n de empleo, pasar\u00e1n a engrosar el paro en funci\u00f3n de la magnitud que tenga esta variable. Es evidente que el escenario ser\u00e1 muy diferente. Cu\u00e1ntas de las empresas y aut\u00f3nomos que tienen trabajadores en el ERTE volver\u00e1n a la actividad? Esta es la cuesti\u00f3n, la gran inc\u00f3gnita para los meses que vienen y su resoluci\u00f3n choca con dos exigencias hasta cierto punto contradictorias. De una parte que el estado contin\u00fae financiando estas personas, de otra que esta financiaci\u00f3n m\u00e1s el sistema de cr\u00e9ditos a la empresa, no de lugar a la proliferaci\u00f3n de empresas \u00abzombies\u00bb; aquellas que realmente est\u00e1n en p\u00e9rdidas irrecuperables, que no tienen viabilidad y que se mantienen por la respiraci\u00f3n artificial que les inyectan los recursos del estado.<\/span><\/p>\n<p><span>Esta incertidumbre sobre el futuro tiene su expresi\u00f3n en las previsiones sobre el PIB del \u00faltimo trimestre del a\u00f1o.\u00a0El gobierno sostiene a trav\u00e9s de la vicepresidenta Nadia Calvi\u00f1o que el signo ser\u00e1 positivo.\u00a0<span class=\"goog-text-highlight\">Coincide con esta apreciaci\u00f3n el BBVA Research, pero discrepan de \u00e9l FUNCAS, que mantiene una estimaci\u00f3n negativa del 5% as\u00ed como CaixaBank Research que tambi\u00e9n considera que habr\u00e1 un resultado negativo.\u00a0<\/span>La respuesta la tendremos aqu\u00ed no demasiado semanas y podremos constatar si el descenso de este a\u00f1o ha sido terrible o simplemente mala.<\/span><\/p>\n<div id=\"polls-83\" class=\"wp-polls\">\n\t<form id=\"polls_form_83\" class=\"wp-polls-form\" action=\"\/index.php\" method=\"post\">\n\t\t<p style=\"display: none;\"><input type=\"hidden\" id=\"poll_83_nonce\" name=\"wp-polls-nonce\" value=\"b2620b38df\" \/><\/p>\n\t\t<p style=\"display: none;\"><input type=\"hidden\" name=\"poll_id\" value=\"83\" \/><\/p>\n\t\t<p style=\"text-align: center\"><strong>Hi ha un parad\u00eds fiscal<\/strong><\/p><div id=\"polls-83-ans\" class=\"wp-polls-ans\"><ul class=\"wp-polls-ul\">\n\t\t<li><input type=\"radio\" id=\"poll-answer-186\" name=\"poll_83\" value=\"186\" \/> <label for=\"poll-answer-186\">A la Comunitat de Madrid<\/label><\/li>\n\t\t<li><input type=\"radio\" id=\"poll-answer-187\" name=\"poll_83\" value=\"187\" \/> <label for=\"poll-answer-187\">Al Pa\u00eds Basc<\/label><\/li>\n\t\t<li><input type=\"radio\" id=\"poll-answer-188\" name=\"poll_83\" value=\"188\" \/> <label for=\"poll-answer-188\">A les dues Comunitats<\/label><\/li>\n\t\t<li><input type=\"radio\" id=\"poll-answer-189\" name=\"poll_83\" value=\"189\" \/> <label for=\"poll-answer-189\">A cap de les dues Comunitats<\/label><\/li>\n\t\t<\/ul><p style=\"text-align: center\"><input type=\"button\" name=\"vote\" value=\"   Vota   \" class=\"Buttons\" onclick=\"poll_vote(83);\" \/><\/p><p style=\"text-align: center\"><a href=\"#ViewPollResults\" onclick=\"poll_result(83); return false;\" title=\"View Results Of This Poll\">Mira els resultats<\/a><\/p><\/div>\n\t<\/form>\n<\/div>\n<div id=\"polls-83-loading\" class=\"wp-polls-loading\"><img decoding=\"async\" data-src=\"https:\/\/conversesacatalunya.cat\/wp-content\/plugins\/wp-polls\/images\/loading.gif\" width=\"16\" height=\"16\" alt=\"Cargando ...\" title=\"Cargando ...\" class=\"wp-polls-image lazyload\" src=\"data:image\/svg+xml;base64,PHN2ZyB3aWR0aD0iMSIgaGVpZ2h0PSIxIiB4bWxucz0iaHR0cDovL3d3dy53My5vcmcvMjAwMC9zdmciPjwvc3ZnPg==\" style=\"--smush-placeholder-width: 16px; --smush-placeholder-aspect-ratio: 16\/16;\" \/>&nbsp;Cargando ...<\/div>\n\n","protected":false},"excerpt":{"rendered":"<p>El pasado mes de noviembre los empleados que realmente trabajaron fueron inferiores a los de los meses de octubre y a pesar de este hecho la afiliaci\u00f3n ha crecido en 32.000 cotizantes,\u00a0y al mismo tiempo el paro lo ha hecho en 25.000 hasta llegar a\u00a03,8 millones de parados y anotar la mayor subida desde 2012. De esta manera se han encadenado 8 meses consecutivos de aumentos\u00a0interanuales de desempleo superiores al 20%. Un hecho que deber\u00edamos remontarnos a 2010, en plena crisis econ\u00f3mica, para encontrar una equiparaci\u00f3n. Y es que con los datos sobre las cotizaciones de la Seguridad Social no se tienen en cuenta los efectos de los ERTE, es decir las personas que han dejado de trabajar que cobran una parte de su salario y que contin\u00faan dadas de alta en la Seguridad social. Son trabajadores inactivos que en el registros estad\u00edsticos aparecen como cotizantes, y este hecho es el que puede desvirtuar la realidad. Sus salarios son pagados b\u00e1sicamente por el estado y mientras esta situaci\u00f3n contin\u00fae dispondremos de una cifra de afiliaci\u00f3n y de ocupados superior a la que realmente est\u00e1 trabajando. Y no es una cifra peque\u00f1a, es pr\u00e1cticamente 747.000 personas. Es evidente que una parte de estos ERTE se transformar\u00e1n en EROS, es decir en expedientes de regulaci\u00f3n de empleo, pasar\u00e1n a engrosar el paro en funci\u00f3n de la magnitud que tenga esta variable. Es evidente que el escenario ser\u00e1 muy diferente. Cu\u00e1ntas de las empresas y aut\u00f3nomos que tienen trabajadores en el ERTE volver\u00e1n a la actividad? Esta es la cuesti\u00f3n, la gran inc\u00f3gnita para los meses que vienen y su resoluci\u00f3n choca con dos exigencias hasta cierto punto contradictorias. De una parte que el estado contin\u00fae financiando estas personas, de otra que esta financiaci\u00f3n m\u00e1s el sistema de cr\u00e9ditos a la empresa, no de lugar a la proliferaci\u00f3n de empresas \u00abzombies\u00bb; aquellas que realmente est\u00e1n en p\u00e9rdidas irrecuperables, que no tienen viabilidad y que se mantienen por la respiraci\u00f3n artificial que les inyectan los recursos del estado. Esta incertidumbre sobre el futuro tiene su expresi\u00f3n en las previsiones sobre el PIB del \u00faltimo trimestre del a\u00f1o.\u00a0El gobierno sostiene a trav\u00e9s de la vicepresidenta Nadia Calvi\u00f1o que el signo ser\u00e1 positivo.\u00a0Coincide con esta apreciaci\u00f3n el BBVA Research, pero discrepan de \u00e9l FUNCAS, que mantiene una estimaci\u00f3n negativa del 5% as\u00ed como CaixaBank Research que tambi\u00e9n considera que habr\u00e1 un resultado negativo.\u00a0La respuesta la tendremos aqu\u00ed no demasiado semanas y podremos constatar si el descenso de este a\u00f1o ha sido terrible o simplemente mala.<\/p>\n","protected":false},"author":2,"featured_media":43022,"comment_status":"open","ping_status":"open","sticky":false,"template":"","format":"standard","meta":{"_FSMCFIC_featured_image_caption":"","_FSMCFIC_featured_image_nocaption":"","_FSMCFIC_featured_image_hide":"","footnotes":""},"categories":[1772,806],"tags":[3006,2258,1579],"class_list":["post-43025","post","type-post","status-publish","format-standard","has-post-thumbnail","hentry","category-especial-coronavirus-es","category-punts-claus-del-dia-es","tag-crisis-coronavirus","tag-erte","tag-paro"],"yoast_head":"<!-- This site is optimized with the Yoast SEO plugin v26.8 - https:\/\/yoast.com\/product\/yoast-seo-wordpress\/ -->\n<title>Los datos del paro pueden inducir a una valoraci\u00f3n equivocada: las causas - Converses a Catalunya<\/title>\n<meta name=\"robots\" content=\"index, follow, max-snippet:-1, max-image-preview:large, max-video-preview:-1\" \/>\n<link rel=\"canonical\" href=\"https:\/\/conversesacatalunya.cat\/es\/los-datos-del-paro-pueden-inducir-a-una-valoracion-equivocada-las-causas\/\" \/>\n<meta property=\"og:locale\" content=\"es_ES\" \/>\n<meta property=\"og:type\" content=\"article\" \/>\n<meta property=\"og:title\" content=\"Los datos del paro pueden inducir a una valoraci\u00f3n equivocada: las causas - Converses a Catalunya\" \/>\n<meta property=\"og:description\" content=\"El pasado mes de noviembre los empleados que realmente trabajaron fueron inferiores a los de los meses de octubre y a pesar de este hecho la afiliaci\u00f3n ha crecido en 32.000 cotizantes,\u00a0y al mismo tiempo el paro lo ha hecho en 25.000 hasta llegar a\u00a03,8 millones de parados y anotar la mayor subida desde 2012. De esta manera se han encadenado 8 meses consecutivos de aumentos\u00a0interanuales de desempleo superiores al 20%. Un hecho que deber\u00edamos remontarnos a 2010, en plena crisis econ\u00f3mica, para encontrar una equiparaci\u00f3n. Y es que con los datos sobre las cotizaciones de la Seguridad Social no se tienen en cuenta los efectos de los ERTE, es decir las personas que han dejado de trabajar que cobran una parte de su salario y que contin\u00faan dadas de alta en la Seguridad social. Son trabajadores inactivos que en el registros estad\u00edsticos aparecen como cotizantes, y este hecho es el que puede desvirtuar la realidad. Sus salarios son pagados b\u00e1sicamente por el estado y mientras esta situaci\u00f3n contin\u00fae dispondremos de una cifra de afiliaci\u00f3n y de ocupados superior a la que realmente est\u00e1 trabajando. Y no es una cifra peque\u00f1a, es pr\u00e1cticamente 747.000 personas. Es evidente que una parte de estos ERTE se transformar\u00e1n en EROS, es decir en expedientes de regulaci\u00f3n de empleo, pasar\u00e1n a engrosar el paro en funci\u00f3n de la magnitud que tenga esta variable. Es evidente que el escenario ser\u00e1 muy diferente. Cu\u00e1ntas de las empresas y aut\u00f3nomos que tienen trabajadores en el ERTE volver\u00e1n a la actividad? Esta es la cuesti\u00f3n, la gran inc\u00f3gnita para los meses que vienen y su resoluci\u00f3n choca con dos exigencias hasta cierto punto contradictorias. De una parte que el estado contin\u00fae financiando estas personas, de otra que esta financiaci\u00f3n m\u00e1s el sistema de cr\u00e9ditos a la empresa, no de lugar a la proliferaci\u00f3n de empresas \u00abzombies\u00bb; aquellas que realmente est\u00e1n en p\u00e9rdidas irrecuperables, que no tienen viabilidad y que se mantienen por la respiraci\u00f3n artificial que les inyectan los recursos del estado. Esta incertidumbre sobre el futuro tiene su expresi\u00f3n en las previsiones sobre el PIB del \u00faltimo trimestre del a\u00f1o.\u00a0El gobierno sostiene a trav\u00e9s de la vicepresidenta Nadia Calvi\u00f1o que el signo ser\u00e1 positivo.\u00a0Coincide con esta apreciaci\u00f3n el BBVA Research, pero discrepan de \u00e9l FUNCAS, que mantiene una estimaci\u00f3n negativa del 5% as\u00ed como CaixaBank Research que tambi\u00e9n considera que habr\u00e1 un resultado negativo.\u00a0La respuesta la tendremos aqu\u00ed no demasiado semanas y podremos constatar si el descenso de este a\u00f1o ha sido terrible o simplemente mala.\" \/>\n<meta property=\"og:url\" content=\"https:\/\/conversesacatalunya.cat\/es\/los-datos-del-paro-pueden-inducir-a-una-valoracion-equivocada-las-causas\/\" \/>\n<meta property=\"og:site_name\" content=\"Converses a Catalunya\" \/>\n<meta property=\"article:published_time\" content=\"2020-12-04T12:01:19+00:00\" \/>\n<meta property=\"article:modified_time\" content=\"2020-12-04T12:49:05+00:00\" \/>\n<meta property=\"og:image\" content=\"https:\/\/conversesacatalunya.cat\/wp-content\/uploads\/2020\/12\/atur.jpg\" \/>\n\t<meta property=\"og:image:width\" content=\"720\" \/>\n\t<meta property=\"og:image:height\" content=\"445\" \/>\n\t<meta property=\"og:image:type\" content=\"image\/jpeg\" \/>\n<meta name=\"author\" content=\"conversesacatalunya\" \/>\n<meta name=\"twitter:card\" content=\"summary_large_image\" \/>\n<meta name=\"twitter:label1\" content=\"Escrito por\" \/>\n\t<meta name=\"twitter:data1\" content=\"conversesacatalunya\" \/>\n\t<meta name=\"twitter:label2\" content=\"Tiempo de lectura\" \/>\n\t<meta name=\"twitter:data2\" content=\"2 minutos\" \/>\n<script type=\"application\/ld+json\" class=\"yoast-schema-graph\">{\"@context\":\"https:\/\/schema.org\",\"@graph\":[{\"@type\":\"Article\",\"@id\":\"https:\/\/conversesacatalunya.cat\/es\/los-datos-del-paro-pueden-inducir-a-una-valoracion-equivocada-las-causas\/#article\",\"isPartOf\":{\"@id\":\"https:\/\/conversesacatalunya.cat\/es\/los-datos-del-paro-pueden-inducir-a-una-valoracion-equivocada-las-causas\/\"},\"author\":{\"name\":\"conversesacatalunya\",\"@id\":\"https:\/\/conversesacatalunya.cat\/#\/schema\/person\/7e24d1e54a2785373ddcb275eae5ed99\"},\"headline\":\"Los datos del paro pueden inducir a una valoraci\u00f3n equivocada: las causas\",\"datePublished\":\"2020-12-04T12:01:19+00:00\",\"dateModified\":\"2020-12-04T12:49:05+00:00\",\"mainEntityOfPage\":{\"@id\":\"https:\/\/conversesacatalunya.cat\/es\/los-datos-del-paro-pueden-inducir-a-una-valoracion-equivocada-las-causas\/\"},\"wordCount\":469,\"commentCount\":0,\"image\":{\"@id\":\"https:\/\/conversesacatalunya.cat\/es\/los-datos-del-paro-pueden-inducir-a-una-valoracion-equivocada-las-causas\/#primaryimage\"},\"thumbnailUrl\":\"https:\/\/conversesacatalunya.cat\/wp-content\/uploads\/2020\/12\/atur.jpg\",\"keywords\":[\"crisis coronavirus\",\"ERTE\",\"Paro\"],\"articleSection\":[\"Especial Coronavirus (ES)\",\"Punts clau del dia (ES)\"],\"inLanguage\":\"es\",\"potentialAction\":[{\"@type\":\"CommentAction\",\"name\":\"Comment\",\"target\":[\"https:\/\/conversesacatalunya.cat\/es\/los-datos-del-paro-pueden-inducir-a-una-valoracion-equivocada-las-causas\/#respond\"]}]},{\"@type\":\"WebPage\",\"@id\":\"https:\/\/conversesacatalunya.cat\/es\/los-datos-del-paro-pueden-inducir-a-una-valoracion-equivocada-las-causas\/\",\"url\":\"https:\/\/conversesacatalunya.cat\/es\/los-datos-del-paro-pueden-inducir-a-una-valoracion-equivocada-las-causas\/\",\"name\":\"Los datos del paro pueden inducir a una valoraci\u00f3n equivocada: las causas - Converses a Catalunya\",\"isPartOf\":{\"@id\":\"https:\/\/conversesacatalunya.cat\/#website\"},\"primaryImageOfPage\":{\"@id\":\"https:\/\/conversesacatalunya.cat\/es\/los-datos-del-paro-pueden-inducir-a-una-valoracion-equivocada-las-causas\/#primaryimage\"},\"image\":{\"@id\":\"https:\/\/conversesacatalunya.cat\/es\/los-datos-del-paro-pueden-inducir-a-una-valoracion-equivocada-las-causas\/#primaryimage\"},\"thumbnailUrl\":\"https:\/\/conversesacatalunya.cat\/wp-content\/uploads\/2020\/12\/atur.jpg\",\"datePublished\":\"2020-12-04T12:01:19+00:00\",\"dateModified\":\"2020-12-04T12:49:05+00:00\",\"author\":{\"@id\":\"https:\/\/conversesacatalunya.cat\/#\/schema\/person\/7e24d1e54a2785373ddcb275eae5ed99\"},\"breadcrumb\":{\"@id\":\"https:\/\/conversesacatalunya.cat\/es\/los-datos-del-paro-pueden-inducir-a-una-valoracion-equivocada-las-causas\/#breadcrumb\"},\"inLanguage\":\"es\",\"potentialAction\":[{\"@type\":\"ReadAction\",\"target\":[\"https:\/\/conversesacatalunya.cat\/es\/los-datos-del-paro-pueden-inducir-a-una-valoracion-equivocada-las-causas\/\"]}]},{\"@type\":\"ImageObject\",\"inLanguage\":\"es\",\"@id\":\"https:\/\/conversesacatalunya.cat\/es\/los-datos-del-paro-pueden-inducir-a-una-valoracion-equivocada-las-causas\/#primaryimage\",\"url\":\"https:\/\/conversesacatalunya.cat\/wp-content\/uploads\/2020\/12\/atur.jpg\",\"contentUrl\":\"https:\/\/conversesacatalunya.cat\/wp-content\/uploads\/2020\/12\/atur.jpg\",\"width\":720,\"height\":445,\"caption\":\"atur\"},{\"@type\":\"BreadcrumbList\",\"@id\":\"https:\/\/conversesacatalunya.cat\/es\/los-datos-del-paro-pueden-inducir-a-una-valoracion-equivocada-las-causas\/#breadcrumb\",\"itemListElement\":[{\"@type\":\"ListItem\",\"position\":1,\"name\":\"Inici\",\"item\":\"https:\/\/conversesacatalunya.cat\/es\/\"},{\"@type\":\"ListItem\",\"position\":2,\"name\":\"Los datos del paro pueden inducir a una valoraci\u00f3n equivocada: las causas\"}]},{\"@type\":\"WebSite\",\"@id\":\"https:\/\/conversesacatalunya.cat\/#website\",\"url\":\"https:\/\/conversesacatalunya.cat\/\",\"name\":\"Converses a Catalunya\",\"description\":\"\",\"potentialAction\":[{\"@type\":\"SearchAction\",\"target\":{\"@type\":\"EntryPoint\",\"urlTemplate\":\"https:\/\/conversesacatalunya.cat\/?s={search_term_string}\"},\"query-input\":{\"@type\":\"PropertyValueSpecification\",\"valueRequired\":true,\"valueName\":\"search_term_string\"}}],\"inLanguage\":\"es\"},{\"@type\":\"Person\",\"@id\":\"https:\/\/conversesacatalunya.cat\/#\/schema\/person\/7e24d1e54a2785373ddcb275eae5ed99\",\"name\":\"conversesacatalunya\",\"image\":{\"@type\":\"ImageObject\",\"inLanguage\":\"es\",\"@id\":\"https:\/\/conversesacatalunya.cat\/#\/schema\/person\/image\/\",\"url\":\"https:\/\/conversesacatalunya.cat\/wp-content\/litespeed\/avatar\/febdfeeec89d950f01c748045a981dd2.jpg?ver=1777314535\",\"contentUrl\":\"https:\/\/conversesacatalunya.cat\/wp-content\/litespeed\/avatar\/febdfeeec89d950f01c748045a981dd2.jpg?ver=1777314535\",\"caption\":\"conversesacatalunya\"},\"url\":\"https:\/\/conversesacatalunya.cat\/es\/author\/carme_catala\/\"}]}<\/script>\n<!-- \/ Yoast SEO plugin. -->","yoast_head_json":{"title":"Los datos del paro pueden inducir a una valoraci\u00f3n equivocada: las causas - Converses a Catalunya","robots":{"index":"index","follow":"follow","max-snippet":"max-snippet:-1","max-image-preview":"max-image-preview:large","max-video-preview":"max-video-preview:-1"},"canonical":"https:\/\/conversesacatalunya.cat\/es\/los-datos-del-paro-pueden-inducir-a-una-valoracion-equivocada-las-causas\/","og_locale":"es_ES","og_type":"article","og_title":"Los datos del paro pueden inducir a una valoraci\u00f3n equivocada: las causas - Converses a Catalunya","og_description":"El pasado mes de noviembre los empleados que realmente trabajaron fueron inferiores a los de los meses de octubre y a pesar de este hecho la afiliaci\u00f3n ha crecido en 32.000 cotizantes,\u00a0y al mismo tiempo el paro lo ha hecho en 25.000 hasta llegar a\u00a03,8 millones de parados y anotar la mayor subida desde 2012. De esta manera se han encadenado 8 meses consecutivos de aumentos\u00a0interanuales de desempleo superiores al 20%. Un hecho que deber\u00edamos remontarnos a 2010, en plena crisis econ\u00f3mica, para encontrar una equiparaci\u00f3n. Y es que con los datos sobre las cotizaciones de la Seguridad Social no se tienen en cuenta los efectos de los ERTE, es decir las personas que han dejado de trabajar que cobran una parte de su salario y que contin\u00faan dadas de alta en la Seguridad social. Son trabajadores inactivos que en el registros estad\u00edsticos aparecen como cotizantes, y este hecho es el que puede desvirtuar la realidad. Sus salarios son pagados b\u00e1sicamente por el estado y mientras esta situaci\u00f3n contin\u00fae dispondremos de una cifra de afiliaci\u00f3n y de ocupados superior a la que realmente est\u00e1 trabajando. Y no es una cifra peque\u00f1a, es pr\u00e1cticamente 747.000 personas. Es evidente que una parte de estos ERTE se transformar\u00e1n en EROS, es decir en expedientes de regulaci\u00f3n de empleo, pasar\u00e1n a engrosar el paro en funci\u00f3n de la magnitud que tenga esta variable. Es evidente que el escenario ser\u00e1 muy diferente. Cu\u00e1ntas de las empresas y aut\u00f3nomos que tienen trabajadores en el ERTE volver\u00e1n a la actividad? Esta es la cuesti\u00f3n, la gran inc\u00f3gnita para los meses que vienen y su resoluci\u00f3n choca con dos exigencias hasta cierto punto contradictorias. De una parte que el estado contin\u00fae financiando estas personas, de otra que esta financiaci\u00f3n m\u00e1s el sistema de cr\u00e9ditos a la empresa, no de lugar a la proliferaci\u00f3n de empresas \u00abzombies\u00bb; aquellas que realmente est\u00e1n en p\u00e9rdidas irrecuperables, que no tienen viabilidad y que se mantienen por la respiraci\u00f3n artificial que les inyectan los recursos del estado. Esta incertidumbre sobre el futuro tiene su expresi\u00f3n en las previsiones sobre el PIB del \u00faltimo trimestre del a\u00f1o.\u00a0El gobierno sostiene a trav\u00e9s de la vicepresidenta Nadia Calvi\u00f1o que el signo ser\u00e1 positivo.\u00a0Coincide con esta apreciaci\u00f3n el BBVA Research, pero discrepan de \u00e9l FUNCAS, que mantiene una estimaci\u00f3n negativa del 5% as\u00ed como CaixaBank Research que tambi\u00e9n considera que habr\u00e1 un resultado negativo.\u00a0La respuesta la tendremos aqu\u00ed no demasiado semanas y podremos constatar si el descenso de este a\u00f1o ha sido terrible o simplemente mala.","og_url":"https:\/\/conversesacatalunya.cat\/es\/los-datos-del-paro-pueden-inducir-a-una-valoracion-equivocada-las-causas\/","og_site_name":"Converses a Catalunya","article_published_time":"2020-12-04T12:01:19+00:00","article_modified_time":"2020-12-04T12:49:05+00:00","og_image":[{"width":720,"height":445,"url":"https:\/\/conversesacatalunya.cat\/wp-content\/uploads\/2020\/12\/atur.jpg","type":"image\/jpeg"}],"author":"conversesacatalunya","twitter_card":"summary_large_image","twitter_misc":{"Escrito por":"conversesacatalunya","Tiempo de lectura":"2 minutos"},"schema":{"@context":"https:\/\/schema.org","@graph":[{"@type":"Article","@id":"https:\/\/conversesacatalunya.cat\/es\/los-datos-del-paro-pueden-inducir-a-una-valoracion-equivocada-las-causas\/#article","isPartOf":{"@id":"https:\/\/conversesacatalunya.cat\/es\/los-datos-del-paro-pueden-inducir-a-una-valoracion-equivocada-las-causas\/"},"author":{"name":"conversesacatalunya","@id":"https:\/\/conversesacatalunya.cat\/#\/schema\/person\/7e24d1e54a2785373ddcb275eae5ed99"},"headline":"Los datos del paro pueden inducir a una valoraci\u00f3n equivocada: las causas","datePublished":"2020-12-04T12:01:19+00:00","dateModified":"2020-12-04T12:49:05+00:00","mainEntityOfPage":{"@id":"https:\/\/conversesacatalunya.cat\/es\/los-datos-del-paro-pueden-inducir-a-una-valoracion-equivocada-las-causas\/"},"wordCount":469,"commentCount":0,"image":{"@id":"https:\/\/conversesacatalunya.cat\/es\/los-datos-del-paro-pueden-inducir-a-una-valoracion-equivocada-las-causas\/#primaryimage"},"thumbnailUrl":"https:\/\/conversesacatalunya.cat\/wp-content\/uploads\/2020\/12\/atur.jpg","keywords":["crisis coronavirus","ERTE","Paro"],"articleSection":["Especial Coronavirus (ES)","Punts clau del dia (ES)"],"inLanguage":"es","potentialAction":[{"@type":"CommentAction","name":"Comment","target":["https:\/\/conversesacatalunya.cat\/es\/los-datos-del-paro-pueden-inducir-a-una-valoracion-equivocada-las-causas\/#respond"]}]},{"@type":"WebPage","@id":"https:\/\/conversesacatalunya.cat\/es\/los-datos-del-paro-pueden-inducir-a-una-valoracion-equivocada-las-causas\/","url":"https:\/\/conversesacatalunya.cat\/es\/los-datos-del-paro-pueden-inducir-a-una-valoracion-equivocada-las-causas\/","name":"Los datos del paro pueden inducir a una valoraci\u00f3n equivocada: las causas - Converses a Catalunya","isPartOf":{"@id":"https:\/\/conversesacatalunya.cat\/#website"},"primaryImageOfPage":{"@id":"https:\/\/conversesacatalunya.cat\/es\/los-datos-del-paro-pueden-inducir-a-una-valoracion-equivocada-las-causas\/#primaryimage"},"image":{"@id":"https:\/\/conversesacatalunya.cat\/es\/los-datos-del-paro-pueden-inducir-a-una-valoracion-equivocada-las-causas\/#primaryimage"},"thumbnailUrl":"https:\/\/conversesacatalunya.cat\/wp-content\/uploads\/2020\/12\/atur.jpg","datePublished":"2020-12-04T12:01:19+00:00","dateModified":"2020-12-04T12:49:05+00:00","author":{"@id":"https:\/\/conversesacatalunya.cat\/#\/schema\/person\/7e24d1e54a2785373ddcb275eae5ed99"},"breadcrumb":{"@id":"https:\/\/conversesacatalunya.cat\/es\/los-datos-del-paro-pueden-inducir-a-una-valoracion-equivocada-las-causas\/#breadcrumb"},"inLanguage":"es","potentialAction":[{"@type":"ReadAction","target":["https:\/\/conversesacatalunya.cat\/es\/los-datos-del-paro-pueden-inducir-a-una-valoracion-equivocada-las-causas\/"]}]},{"@type":"ImageObject","inLanguage":"es","@id":"https:\/\/conversesacatalunya.cat\/es\/los-datos-del-paro-pueden-inducir-a-una-valoracion-equivocada-las-causas\/#primaryimage","url":"https:\/\/conversesacatalunya.cat\/wp-content\/uploads\/2020\/12\/atur.jpg","contentUrl":"https:\/\/conversesacatalunya.cat\/wp-content\/uploads\/2020\/12\/atur.jpg","width":720,"height":445,"caption":"atur"},{"@type":"BreadcrumbList","@id":"https:\/\/conversesacatalunya.cat\/es\/los-datos-del-paro-pueden-inducir-a-una-valoracion-equivocada-las-causas\/#breadcrumb","itemListElement":[{"@type":"ListItem","position":1,"name":"Inici","item":"https:\/\/conversesacatalunya.cat\/es\/"},{"@type":"ListItem","position":2,"name":"Los datos del paro pueden inducir a una valoraci\u00f3n equivocada: las causas"}]},{"@type":"WebSite","@id":"https:\/\/conversesacatalunya.cat\/#website","url":"https:\/\/conversesacatalunya.cat\/","name":"Converses a Catalunya","description":"","potentialAction":[{"@type":"SearchAction","target":{"@type":"EntryPoint","urlTemplate":"https:\/\/conversesacatalunya.cat\/?s={search_term_string}"},"query-input":{"@type":"PropertyValueSpecification","valueRequired":true,"valueName":"search_term_string"}}],"inLanguage":"es"},{"@type":"Person","@id":"https:\/\/conversesacatalunya.cat\/#\/schema\/person\/7e24d1e54a2785373ddcb275eae5ed99","name":"conversesacatalunya","image":{"@type":"ImageObject","inLanguage":"es","@id":"https:\/\/conversesacatalunya.cat\/#\/schema\/person\/image\/","url":"https:\/\/conversesacatalunya.cat\/wp-content\/litespeed\/avatar\/febdfeeec89d950f01c748045a981dd2.jpg?ver=1777314535","contentUrl":"https:\/\/conversesacatalunya.cat\/wp-content\/litespeed\/avatar\/febdfeeec89d950f01c748045a981dd2.jpg?ver=1777314535","caption":"conversesacatalunya"},"url":"https:\/\/conversesacatalunya.cat\/es\/author\/carme_catala\/"}]}},"wps_subtitle":"","_links":{"self":[{"href":"https:\/\/conversesacatalunya.cat\/es\/wp-json\/wp\/v2\/posts\/43025","targetHints":{"allow":["GET"]}}],"collection":[{"href":"https:\/\/conversesacatalunya.cat\/es\/wp-json\/wp\/v2\/posts"}],"about":[{"href":"https:\/\/conversesacatalunya.cat\/es\/wp-json\/wp\/v2\/types\/post"}],"author":[{"embeddable":true,"href":"https:\/\/conversesacatalunya.cat\/es\/wp-json\/wp\/v2\/users\/2"}],"replies":[{"embeddable":true,"href":"https:\/\/conversesacatalunya.cat\/es\/wp-json\/wp\/v2\/comments?post=43025"}],"version-history":[{"count":2,"href":"https:\/\/conversesacatalunya.cat\/es\/wp-json\/wp\/v2\/posts\/43025\/revisions"}],"predecessor-version":[{"id":43027,"href":"https:\/\/conversesacatalunya.cat\/es\/wp-json\/wp\/v2\/posts\/43025\/revisions\/43027"}],"wp:featuredmedia":[{"embeddable":true,"href":"https:\/\/conversesacatalunya.cat\/es\/wp-json\/wp\/v2\/media\/43022"}],"wp:attachment":[{"href":"https:\/\/conversesacatalunya.cat\/es\/wp-json\/wp\/v2\/media?parent=43025"}],"wp:term":[{"taxonomy":"category","embeddable":true,"href":"https:\/\/conversesacatalunya.cat\/es\/wp-json\/wp\/v2\/categories?post=43025"},{"taxonomy":"post_tag","embeddable":true,"href":"https:\/\/conversesacatalunya.cat\/es\/wp-json\/wp\/v2\/tags?post=43025"}],"curies":[{"name":"wp","href":"https:\/\/api.w.org\/{rel}","templated":true}]}}