{"id":43016,"date":"2020-12-04T12:17:47","date_gmt":"2020-12-04T11:17:47","guid":{"rendered":"https:\/\/conversesacatalunya.cat\/presidencia-joe-biden\/"},"modified":"2020-12-04T12:30:02","modified_gmt":"2020-12-04T11:30:02","slug":"presidencia-joe-biden","status":"publish","type":"post","link":"https:\/\/conversesacatalunya.cat\/es\/presidencia-joe-biden\/","title":{"rendered":"\u00bfC\u00f3mo ser\u00e1 la presidencia de Joe Biden?"},"content":{"rendered":"<p align=\"justify\"><span><span class=\"\">Con Joe Biden vuelven a la Casa Blanca una serie de viejos conocidos, y conocedores, de la administraci\u00f3n federal estadounidense.<\/span><\/span><\/p>\n<p align=\"justify\"><span>Buena parte de los nombramientos que Biden ha hecho hasta ahora <\/span><a href=\"https:\/\/www.france24.com\/es\/ee-uu-y-canad%25C3%25A1\/20201123-biden-diplomacia-antony-blinken-clima-john-kerry&amp;usg=ALkJrhjaKCKn3Fuex8bhv-mroCj2pA6TbQ\" target=\"_blank\" rel=\"noopener noreferrer\"><span>se inscriben plenamente<\/span><\/a><span> dentro de las l\u00edneas de la pol\u00edtica de los Estados Unidos desde el fin de la Segunda Guerra Mundial.<\/span><\/p>\n<p align=\"justify\"><span>En este sentido, la presidencia de Biden ser\u00e1 mucho m\u00e1s cl\u00e1sica que la de Donald Trump.\u00a0Otra forma de presentar las cosas ser\u00eda afirmar que el <em>status quo<\/em> que la Administraci\u00f3n Trump intent\u00f3 romper volver\u00e1, al menos en parte. Parad\u00f3jicamente, Biden podr\u00eda terminar siendo m\u00e1s conservador que su predecesor republicano.<\/span><\/p>\n<h3><b><span>Econom\u00eda y sociedad<\/span><\/b><\/h3>\n<p align=\"justify\"><span>En materia econ\u00f3mica y social, la presidencia de Biden seguir\u00e1 los pasos de Barack Obama.\u00a0De hecho, varios observadores han destacado la\u00a0<\/span><b><span>dificultad en que se encuentra Biden para deshacerse de la sombra de Obam<\/span><\/b><strong><span>a<\/span><\/strong><span>\u00a0despu\u00e9s de haber sido su vicepresidente durante ocho a\u00f1os.<\/span><\/p>\n<p align=\"justify\"><span>En el campo puramente econ\u00f3mico, Biden seguir\u00e1 una pol\u00edtica t\u00edpicamente dem\u00f3crata, que\u00a0<\/span><b><span>traducida a los est\u00e1ndares europeos ser\u00eda de centro<\/span><\/b><span>. Intentar\u00e1 regular un poco m\u00e1s el sector financiero, particularmente los cuatro principales bancos estadounidenses, pero\u00a0<\/span><b><span>sin afectar seriamente\u00a0<\/span><\/b><b><span>al funcionamiento de <\/span><\/b><b><span>Wall Street<\/span><\/b><span>, actualmente en pleno\u00a0<\/span><a href=\"https:\/\/conversesacatalunya.cat\/es\/noviembre-de-2020-la-bolsa\/\" target=\"_blank\" rel=\"noopener noreferrer\"><span>boom<\/span><\/a><span>\u00a0.<\/span><\/p>\n<p align=\"justify\"><span>Un punto diametralmente opuesto al de Donald Trump ser\u00e1 el medio ambiente.\u00a0Biden fomentar\u00e1 los veh\u00edculos el\u00e9ctricos y endurecer\u00e1 los requisitos de eficiencia energ\u00e9tica.\u00a0En cuanto a la\u00a0<\/span><b><span>pol\u00e9mica industria del\u00a0<\/span><\/b><i><b><span>fracking<\/span><\/b><\/i><span>, parece que Biden no presentar\u00e1 batalla contra los industriales del sector a medio plazo. Teniendo en cuenta los actuales precios bajos del barril de petr\u00f3leo, el sector se encuentra sumido en una grave crisis.<\/span><\/p>\n<h3 align=\"justify\"><b><span>Cuestiones identitarias<\/span><br \/>\n<\/b><\/h3>\n<p align=\"justify\"><span>La presidencia de Biden llega en un contexto muy delicado para los Estados Unidos, que han sufrido las protestas raciales m\u00e1s importantes desde finales de los a\u00f1os 60. Biden ha apoyado el movimiento\u00a0<\/span><i><span>Black Lives Matter<\/span><\/i><span>\u00a0pero\u00a0<\/span><b><span>su agenda en materia racial es difusa<\/span><\/b><span>.<\/span><\/p>\n<p align=\"justify\"><span>Se prev\u00e9 que el presidente electo\u00a0<\/span><b><span>suprima en buena medida las restricciones impuestas por Trump a la inmigraci\u00f3n<\/span><\/b><span>, incluyendo la espec\u00edficamente musulmana, y que ampl\u00ede las cuotas de refugiados que el pa\u00eds acepta.<\/span><\/p>\n<p align=\"justify\"><b><span>E<\/span><\/b><b><span>l dem\u00f3crata se opone a las proposiciones m\u00e1s radicales de sectores progresistas, como reducir los fondos de la polic\u00eda. <\/span><\/b><span>Pero, en cualquier caso, el presidente cuenta con pocas competencias en este \u00e1mbito, gestionado por los estados y a nivel local.<\/span><\/p>\n<h3 align=\"justify\"><b><span>Pol\u00edtica exterior<\/span><\/b><\/h3>\n<p align=\"justify\"><span>Uno de los \u00e1mbitos donde m\u00e1s se espera a Biden es en pol\u00edtica exterior. De momento, el presidente electo ya ha hecho una declaraci\u00f3n de principios al afirmar que\u00a0<\/span><b><span>buscar\u00e1\u00a0<\/span><a href=\"https:\/\/translate.googleusercontent.com\/translate_c?dehttps:\/\/fr.reuters.com\/article\/idESKBN2850S4&amp;usg=ALkJrhhNsjS97EI6F56toyRhAKfaCgqy7Q\" target=\"_blank\" rel=\"noopener noreferrer\"><span>recuperar<\/span><\/a><span> el liderazgo mundial de los Estados Unidos<\/span><\/b><span>\u00a0.<\/span><\/p>\n<p align=\"justify\"><span>Se trata de romper con el breve per\u00edodo aislacionista abierto por Donald Trump los \u00faltimos cuatro a\u00f1os y de volver al intervencionismo que caracteriza la pol\u00edtica exterior estadounidense desde la Segunda Guerra Mundial.<\/span><\/p>\n<p align=\"justify\"><span>En concreto, Biden prev\u00e9 el\u00a0<\/span><b>retorno de Estados Unidos al Pacto de Par\u00eds sobre el cambio clim\u00e1tico y a la Organizaci\u00f3n Mundial del Comercio<\/b><span>\u00a0.<\/span><\/p>\n<p align=\"justify\"><span>En otros aspectos, como el\u00a0<\/span><b><span>Acuerdo Nuclear con Ir\u00e1n, la situaci\u00f3n no est\u00e1 tan clara:<\/span><\/b><span> el pacto del que Trump se desdijo cuenta con numerosos detractores incluso entre los dem\u00f3cratas. Sin embargo, es previsible que Biden intente recuperarlo al menos parcialmente: fue durante su mandato como vicepresidente que el acuerdo se negoci\u00f3 y firm\u00f3.<\/span><\/p>\n<p align=\"justify\"><span>Respecto a China, se prev\u00e9 que Biden prosiga la l\u00ednea de confrontaci\u00f3n abierta por Trump. <span class=\"goog-text-highlight\">Pero seguramente\u00a0<\/span><\/span><b><span><span class=\"goog-text-highlight\">la abordar\u00e1 <\/span><\/span><\/b><b><span><span class=\"goog-text-highlight\">de forma diferente<\/span><\/span><\/b><span><span class=\"goog-text-highlight\">, tejiendo m\u00e1s claramente una red de socios y aliados entorno a Beijing.<\/span><\/span><\/p>\n<span class='bctt-click-to-tweet'><span class='bctt-ctt-text'><a href='https:\/\/twitter.com\/intent\/tweet?url=https%3A%2F%2Fconversesacatalunya.cat%2Fes%2Fpresidencia-joe-biden%2F&#038;text=En%20muchos%20sentidos%2C%20la%20presidencia%20de%20Biden%20ser%C3%A1%20parad%C3%B3jicamente%20m%C3%A1s%20conservadora%20que%20la%20de%20Trump&#038;via=conversesacat&#038;related=conversesacat' target='_blank'rel=\"noopener noreferrer\">En muchos sentidos, la presidencia de Biden ser\u00e1 parad\u00f3jicamente m\u00e1s conservadora que la de Trump <\/a><\/span><a href='https:\/\/twitter.com\/intent\/tweet?url=https%3A%2F%2Fconversesacatalunya.cat%2Fes%2Fpresidencia-joe-biden%2F&#038;text=En%20muchos%20sentidos%2C%20la%20presidencia%20de%20Biden%20ser%C3%A1%20parad%C3%B3jicamente%20m%C3%A1s%20conservadora%20que%20la%20de%20Trump&#038;via=conversesacat&#038;related=conversesacat' target='_blank' class='bctt-ctt-btn'rel=\"noopener noreferrer\">Compartir en X<\/a><\/span>\n<p align=\"justify\"><div id=\"polls-83\" class=\"wp-polls\">\n\t<form id=\"polls_form_83\" class=\"wp-polls-form\" action=\"\/index.php\" method=\"post\">\n\t\t<p style=\"display: none;\"><input type=\"hidden\" id=\"poll_83_nonce\" name=\"wp-polls-nonce\" value=\"9cfba39054\" \/><\/p>\n\t\t<p style=\"display: none;\"><input type=\"hidden\" name=\"poll_id\" value=\"83\" \/><\/p>\n\t\t<p style=\"text-align: center\"><strong>Hi ha un parad\u00eds fiscal<\/strong><\/p><div id=\"polls-83-ans\" class=\"wp-polls-ans\"><ul class=\"wp-polls-ul\">\n\t\t<li><input type=\"radio\" id=\"poll-answer-186\" name=\"poll_83\" value=\"186\" \/> <label for=\"poll-answer-186\">A la Comunitat de Madrid<\/label><\/li>\n\t\t<li><input type=\"radio\" id=\"poll-answer-187\" name=\"poll_83\" value=\"187\" \/> <label for=\"poll-answer-187\">Al Pa\u00eds Basc<\/label><\/li>\n\t\t<li><input type=\"radio\" id=\"poll-answer-188\" name=\"poll_83\" value=\"188\" \/> <label for=\"poll-answer-188\">A les dues Comunitats<\/label><\/li>\n\t\t<li><input type=\"radio\" id=\"poll-answer-189\" name=\"poll_83\" value=\"189\" \/> <label for=\"poll-answer-189\">A cap de les dues Comunitats<\/label><\/li>\n\t\t<\/ul><p style=\"text-align: center\"><input type=\"button\" name=\"vote\" value=\"   Vota   \" class=\"Buttons\" onclick=\"poll_vote(83);\" \/><\/p><p style=\"text-align: center\"><a href=\"#ViewPollResults\" onclick=\"poll_result(83); return false;\" title=\"View Results Of This Poll\">Mira els resultats<\/a><\/p><\/div>\n\t<\/form>\n<\/div>\n<div id=\"polls-83-loading\" class=\"wp-polls-loading\"><img decoding=\"async\" data-src=\"https:\/\/conversesacatalunya.cat\/wp-content\/plugins\/wp-polls\/images\/loading.gif\" width=\"16\" height=\"16\" alt=\"Cargando ...\" title=\"Cargando ...\" class=\"wp-polls-image lazyload\" src=\"data:image\/svg+xml;base64,PHN2ZyB3aWR0aD0iMSIgaGVpZ2h0PSIxIiB4bWxucz0iaHR0cDovL3d3dy53My5vcmcvMjAwMC9zdmciPjwvc3ZnPg==\" style=\"--smush-placeholder-width: 16px; --smush-placeholder-aspect-ratio: 16\/16;\" \/>&nbsp;Cargando ...<\/div>\n\n","protected":false},"excerpt":{"rendered":"<p>Con Joe Biden vuelven a la Casa Blanca una serie de viejos conocidos, y conocedores, de la administraci\u00f3n federal estadounidense. Buena parte de los nombramientos que Biden ha hecho hasta ahora se inscriben plenamente dentro de las l\u00edneas de la pol\u00edtica de los Estados Unidos desde el fin de la Segunda Guerra Mundial. En este sentido, la presidencia de Biden ser\u00e1 mucho m\u00e1s cl\u00e1sica que la de Donald Trump.\u00a0Otra forma de presentar las cosas ser\u00eda afirmar que el status quo que la Administraci\u00f3n Trump intent\u00f3 romper volver\u00e1, al menos en parte. Parad\u00f3jicamente, Biden podr\u00eda terminar siendo m\u00e1s conservador que su predecesor republicano. Econom\u00eda y sociedad En materia econ\u00f3mica y social, la presidencia de Biden seguir\u00e1 los pasos de Barack Obama.\u00a0De hecho, varios observadores han destacado la\u00a0dificultad en que se encuentra Biden para deshacerse de la sombra de Obama\u00a0despu\u00e9s de haber sido su vicepresidente durante ocho a\u00f1os. En el campo puramente econ\u00f3mico, Biden seguir\u00e1 una pol\u00edtica t\u00edpicamente dem\u00f3crata, que\u00a0traducida a los est\u00e1ndares europeos ser\u00eda de centro. Intentar\u00e1 regular un poco m\u00e1s el sector financiero, particularmente los cuatro principales bancos estadounidenses, pero\u00a0sin afectar seriamente\u00a0al funcionamiento de Wall Street, actualmente en pleno\u00a0boom\u00a0. Un punto diametralmente opuesto al de Donald Trump ser\u00e1 el medio ambiente.\u00a0Biden fomentar\u00e1 los veh\u00edculos el\u00e9ctricos y endurecer\u00e1 los requisitos de eficiencia energ\u00e9tica.\u00a0En cuanto a la\u00a0pol\u00e9mica industria del\u00a0fracking, parece que Biden no presentar\u00e1 batalla contra los industriales del sector a medio plazo. Teniendo en cuenta los actuales precios bajos del barril de petr\u00f3leo, el sector se encuentra sumido en una grave crisis. Cuestiones identitarias La presidencia de Biden llega en un contexto muy delicado para los Estados Unidos, que han sufrido las protestas raciales m\u00e1s importantes desde finales de los a\u00f1os 60. Biden ha apoyado el movimiento\u00a0Black Lives Matter\u00a0pero\u00a0su agenda en materia racial es difusa. Se prev\u00e9 que el presidente electo\u00a0suprima en buena medida las restricciones impuestas por Trump a la inmigraci\u00f3n, incluyendo la espec\u00edficamente musulmana, y que ampl\u00ede las cuotas de refugiados que el pa\u00eds acepta. El dem\u00f3crata se opone a las proposiciones m\u00e1s radicales de sectores progresistas, como reducir los fondos de la polic\u00eda. Pero, en cualquier caso, el presidente cuenta con pocas competencias en este \u00e1mbito, gestionado por los estados y a nivel local. Pol\u00edtica exterior Uno de los \u00e1mbitos donde m\u00e1s se espera a Biden es en pol\u00edtica exterior. De momento, el presidente electo ya ha hecho una declaraci\u00f3n de principios al afirmar que\u00a0buscar\u00e1\u00a0recuperar el liderazgo mundial de los Estados Unidos\u00a0. Se trata de romper con el breve per\u00edodo aislacionista abierto por Donald Trump los \u00faltimos cuatro a\u00f1os y de volver al intervencionismo que caracteriza la pol\u00edtica exterior estadounidense desde la Segunda Guerra Mundial. En concreto, Biden prev\u00e9 el\u00a0retorno de Estados Unidos al Pacto de Par\u00eds sobre el cambio clim\u00e1tico y a la Organizaci\u00f3n Mundial del Comercio\u00a0. En otros aspectos, como el\u00a0Acuerdo Nuclear con Ir\u00e1n, la situaci\u00f3n no est\u00e1 tan clara: el pacto del que Trump se desdijo cuenta con numerosos detractores incluso entre los dem\u00f3cratas. Sin embargo, es previsible que Biden intente recuperarlo al menos parcialmente: fue durante su mandato como vicepresidente que el acuerdo se negoci\u00f3 y firm\u00f3. Respecto a China, se prev\u00e9 que Biden prosiga la l\u00ednea de confrontaci\u00f3n abierta por Trump. Pero seguramente\u00a0la abordar\u00e1 de forma diferente, tejiendo m\u00e1s claramente una red de socios y aliados entorno a Beijing.<\/p>\n","protected":false},"author":67,"featured_media":42893,"comment_status":"open","ping_status":"open","sticky":false,"template":"","format":"standard","meta":{"_FSMCFIC_featured_image_caption":"","_FSMCFIC_featured_image_nocaption":"","_FSMCFIC_featured_image_hide":"","footnotes":""},"categories":[806],"tags":[963,1756,1388],"class_list":["post-43016","post","type-post","status-publish","format-standard","has-post-thumbnail","hentry","category-punts-claus-del-dia-es","tag-donald-trump-es","tag-eeuu-es","tag-politica-exterior-es"],"yoast_head":"<!-- This site is optimized with the Yoast SEO plugin v26.8 - https:\/\/yoast.com\/product\/yoast-seo-wordpress\/ -->\n<title>\u00bfC\u00f3mo ser\u00e1 la presidencia de Joe Biden? - Converses a Catalunya<\/title>\n<meta name=\"description\" content=\"En muchos sentidos, la presidencia de Joe Biden ser\u00e1 parad\u00f3jicamente m\u00e1s conservadora que la de Trump\" \/>\n<meta name=\"robots\" content=\"index, follow, max-snippet:-1, max-image-preview:large, max-video-preview:-1\" \/>\n<link rel=\"canonical\" href=\"https:\/\/conversesacatalunya.cat\/es\/presidencia-joe-biden\/\" \/>\n<meta property=\"og:locale\" content=\"es_ES\" \/>\n<meta property=\"og:type\" content=\"article\" \/>\n<meta property=\"og:title\" content=\"\u00bfC\u00f3mo ser\u00e1 la presidencia de Joe Biden? - Converses a Catalunya\" \/>\n<meta property=\"og:description\" content=\"En muchos sentidos, la presidencia de Joe Biden ser\u00e1 parad\u00f3jicamente m\u00e1s conservadora que la de Trump\" \/>\n<meta property=\"og:url\" content=\"https:\/\/conversesacatalunya.cat\/es\/presidencia-joe-biden\/\" \/>\n<meta property=\"og:site_name\" content=\"Converses a Catalunya\" \/>\n<meta property=\"article:published_time\" content=\"2020-12-04T11:17:47+00:00\" \/>\n<meta property=\"article:modified_time\" content=\"2020-12-04T11:30:02+00:00\" \/>\n<meta property=\"og:image\" content=\"https:\/\/conversesacatalunya.cat\/wp-content\/uploads\/2020\/12\/biden-estats-units.jpg\" \/>\n\t<meta property=\"og:image:width\" content=\"620\" \/>\n\t<meta property=\"og:image:height\" content=\"413\" \/>\n\t<meta property=\"og:image:type\" content=\"image\/jpeg\" \/>\n<meta name=\"author\" content=\"conversesacatalunya\" \/>\n<meta name=\"twitter:card\" content=\"summary_large_image\" \/>\n<meta name=\"twitter:label1\" content=\"Escrito por\" \/>\n\t<meta name=\"twitter:data1\" content=\"conversesacatalunya\" \/>\n\t<meta name=\"twitter:label2\" content=\"Tiempo de lectura\" \/>\n\t<meta name=\"twitter:data2\" content=\"3 minutos\" \/>\n<script type=\"application\/ld+json\" class=\"yoast-schema-graph\">{\"@context\":\"https:\/\/schema.org\",\"@graph\":[{\"@type\":\"Article\",\"@id\":\"https:\/\/conversesacatalunya.cat\/es\/presidencia-joe-biden\/#article\",\"isPartOf\":{\"@id\":\"https:\/\/conversesacatalunya.cat\/es\/presidencia-joe-biden\/\"},\"author\":{\"name\":\"conversesacatalunya\",\"@id\":\"https:\/\/conversesacatalunya.cat\/#\/schema\/person\/c5a8ffe796b1512764aeb6d6d6fa0fc7\"},\"headline\":\"\u00bfC\u00f3mo ser\u00e1 la presidencia de Joe Biden?\",\"datePublished\":\"2020-12-04T11:17:47+00:00\",\"dateModified\":\"2020-12-04T11:30:02+00:00\",\"mainEntityOfPage\":{\"@id\":\"https:\/\/conversesacatalunya.cat\/es\/presidencia-joe-biden\/\"},\"wordCount\":650,\"commentCount\":0,\"image\":{\"@id\":\"https:\/\/conversesacatalunya.cat\/es\/presidencia-joe-biden\/#primaryimage\"},\"thumbnailUrl\":\"https:\/\/conversesacatalunya.cat\/wp-content\/uploads\/2020\/12\/biden-estats-units.jpg\",\"keywords\":[\"Donald Trump\",\"EEUU\",\"pol\u00edtica exterior\"],\"articleSection\":[\"Punts clau del dia (ES)\"],\"inLanguage\":\"es\",\"potentialAction\":[{\"@type\":\"CommentAction\",\"name\":\"Comment\",\"target\":[\"https:\/\/conversesacatalunya.cat\/es\/presidencia-joe-biden\/#respond\"]}]},{\"@type\":\"WebPage\",\"@id\":\"https:\/\/conversesacatalunya.cat\/es\/presidencia-joe-biden\/\",\"url\":\"https:\/\/conversesacatalunya.cat\/es\/presidencia-joe-biden\/\",\"name\":\"\u00bfC\u00f3mo ser\u00e1 la presidencia de Joe Biden? - Converses a Catalunya\",\"isPartOf\":{\"@id\":\"https:\/\/conversesacatalunya.cat\/#website\"},\"primaryImageOfPage\":{\"@id\":\"https:\/\/conversesacatalunya.cat\/es\/presidencia-joe-biden\/#primaryimage\"},\"image\":{\"@id\":\"https:\/\/conversesacatalunya.cat\/es\/presidencia-joe-biden\/#primaryimage\"},\"thumbnailUrl\":\"https:\/\/conversesacatalunya.cat\/wp-content\/uploads\/2020\/12\/biden-estats-units.jpg\",\"datePublished\":\"2020-12-04T11:17:47+00:00\",\"dateModified\":\"2020-12-04T11:30:02+00:00\",\"author\":{\"@id\":\"https:\/\/conversesacatalunya.cat\/#\/schema\/person\/c5a8ffe796b1512764aeb6d6d6fa0fc7\"},\"description\":\"En muchos sentidos, la presidencia de Joe Biden ser\u00e1 parad\u00f3jicamente m\u00e1s conservadora que la de Trump\",\"breadcrumb\":{\"@id\":\"https:\/\/conversesacatalunya.cat\/es\/presidencia-joe-biden\/#breadcrumb\"},\"inLanguage\":\"es\",\"potentialAction\":[{\"@type\":\"ReadAction\",\"target\":[\"https:\/\/conversesacatalunya.cat\/es\/presidencia-joe-biden\/\"]}]},{\"@type\":\"ImageObject\",\"inLanguage\":\"es\",\"@id\":\"https:\/\/conversesacatalunya.cat\/es\/presidencia-joe-biden\/#primaryimage\",\"url\":\"https:\/\/conversesacatalunya.cat\/wp-content\/uploads\/2020\/12\/biden-estats-units.jpg\",\"contentUrl\":\"https:\/\/conversesacatalunya.cat\/wp-content\/uploads\/2020\/12\/biden-estats-units.jpg\",\"width\":620,\"height\":413},{\"@type\":\"BreadcrumbList\",\"@id\":\"https:\/\/conversesacatalunya.cat\/es\/presidencia-joe-biden\/#breadcrumb\",\"itemListElement\":[{\"@type\":\"ListItem\",\"position\":1,\"name\":\"Inici\",\"item\":\"https:\/\/conversesacatalunya.cat\/es\/\"},{\"@type\":\"ListItem\",\"position\":2,\"name\":\"\u00bfC\u00f3mo ser\u00e1 la presidencia de Joe Biden?\"}]},{\"@type\":\"WebSite\",\"@id\":\"https:\/\/conversesacatalunya.cat\/#website\",\"url\":\"https:\/\/conversesacatalunya.cat\/\",\"name\":\"Converses a Catalunya\",\"description\":\"\",\"potentialAction\":[{\"@type\":\"SearchAction\",\"target\":{\"@type\":\"EntryPoint\",\"urlTemplate\":\"https:\/\/conversesacatalunya.cat\/?s={search_term_string}\"},\"query-input\":{\"@type\":\"PropertyValueSpecification\",\"valueRequired\":true,\"valueName\":\"search_term_string\"}}],\"inLanguage\":\"es\"},{\"@type\":\"Person\",\"@id\":\"https:\/\/conversesacatalunya.cat\/#\/schema\/person\/c5a8ffe796b1512764aeb6d6d6fa0fc7\",\"name\":\"conversesacatalunya\",\"image\":{\"@type\":\"ImageObject\",\"inLanguage\":\"es\",\"@id\":\"https:\/\/conversesacatalunya.cat\/#\/schema\/person\/image\/\",\"url\":\"https:\/\/conversesacatalunya.cat\/wp-content\/litespeed\/avatar\/02659ee938034c59a151ae106ade943e.jpg?ver=1777051754\",\"contentUrl\":\"https:\/\/conversesacatalunya.cat\/wp-content\/litespeed\/avatar\/02659ee938034c59a151ae106ade943e.jpg?ver=1777051754\",\"caption\":\"conversesacatalunya\"},\"url\":\"https:\/\/conversesacatalunya.cat\/es\/author\/carles_lopez\/\"}]}<\/script>\n<!-- \/ Yoast SEO plugin. -->","yoast_head_json":{"title":"\u00bfC\u00f3mo ser\u00e1 la presidencia de Joe Biden? - Converses a Catalunya","description":"En muchos sentidos, la presidencia de Joe Biden ser\u00e1 parad\u00f3jicamente m\u00e1s conservadora que la de Trump","robots":{"index":"index","follow":"follow","max-snippet":"max-snippet:-1","max-image-preview":"max-image-preview:large","max-video-preview":"max-video-preview:-1"},"canonical":"https:\/\/conversesacatalunya.cat\/es\/presidencia-joe-biden\/","og_locale":"es_ES","og_type":"article","og_title":"\u00bfC\u00f3mo ser\u00e1 la presidencia de Joe Biden? - Converses a Catalunya","og_description":"En muchos sentidos, la presidencia de Joe Biden ser\u00e1 parad\u00f3jicamente m\u00e1s conservadora que la de Trump","og_url":"https:\/\/conversesacatalunya.cat\/es\/presidencia-joe-biden\/","og_site_name":"Converses a Catalunya","article_published_time":"2020-12-04T11:17:47+00:00","article_modified_time":"2020-12-04T11:30:02+00:00","og_image":[{"width":620,"height":413,"url":"https:\/\/conversesacatalunya.cat\/wp-content\/uploads\/2020\/12\/biden-estats-units.jpg","type":"image\/jpeg"}],"author":"conversesacatalunya","twitter_card":"summary_large_image","twitter_misc":{"Escrito por":"conversesacatalunya","Tiempo de lectura":"3 minutos"},"schema":{"@context":"https:\/\/schema.org","@graph":[{"@type":"Article","@id":"https:\/\/conversesacatalunya.cat\/es\/presidencia-joe-biden\/#article","isPartOf":{"@id":"https:\/\/conversesacatalunya.cat\/es\/presidencia-joe-biden\/"},"author":{"name":"conversesacatalunya","@id":"https:\/\/conversesacatalunya.cat\/#\/schema\/person\/c5a8ffe796b1512764aeb6d6d6fa0fc7"},"headline":"\u00bfC\u00f3mo ser\u00e1 la presidencia de Joe Biden?","datePublished":"2020-12-04T11:17:47+00:00","dateModified":"2020-12-04T11:30:02+00:00","mainEntityOfPage":{"@id":"https:\/\/conversesacatalunya.cat\/es\/presidencia-joe-biden\/"},"wordCount":650,"commentCount":0,"image":{"@id":"https:\/\/conversesacatalunya.cat\/es\/presidencia-joe-biden\/#primaryimage"},"thumbnailUrl":"https:\/\/conversesacatalunya.cat\/wp-content\/uploads\/2020\/12\/biden-estats-units.jpg","keywords":["Donald Trump","EEUU","pol\u00edtica exterior"],"articleSection":["Punts clau del dia (ES)"],"inLanguage":"es","potentialAction":[{"@type":"CommentAction","name":"Comment","target":["https:\/\/conversesacatalunya.cat\/es\/presidencia-joe-biden\/#respond"]}]},{"@type":"WebPage","@id":"https:\/\/conversesacatalunya.cat\/es\/presidencia-joe-biden\/","url":"https:\/\/conversesacatalunya.cat\/es\/presidencia-joe-biden\/","name":"\u00bfC\u00f3mo ser\u00e1 la presidencia de Joe Biden? - Converses a Catalunya","isPartOf":{"@id":"https:\/\/conversesacatalunya.cat\/#website"},"primaryImageOfPage":{"@id":"https:\/\/conversesacatalunya.cat\/es\/presidencia-joe-biden\/#primaryimage"},"image":{"@id":"https:\/\/conversesacatalunya.cat\/es\/presidencia-joe-biden\/#primaryimage"},"thumbnailUrl":"https:\/\/conversesacatalunya.cat\/wp-content\/uploads\/2020\/12\/biden-estats-units.jpg","datePublished":"2020-12-04T11:17:47+00:00","dateModified":"2020-12-04T11:30:02+00:00","author":{"@id":"https:\/\/conversesacatalunya.cat\/#\/schema\/person\/c5a8ffe796b1512764aeb6d6d6fa0fc7"},"description":"En muchos sentidos, la presidencia de Joe Biden ser\u00e1 parad\u00f3jicamente m\u00e1s conservadora que la de Trump","breadcrumb":{"@id":"https:\/\/conversesacatalunya.cat\/es\/presidencia-joe-biden\/#breadcrumb"},"inLanguage":"es","potentialAction":[{"@type":"ReadAction","target":["https:\/\/conversesacatalunya.cat\/es\/presidencia-joe-biden\/"]}]},{"@type":"ImageObject","inLanguage":"es","@id":"https:\/\/conversesacatalunya.cat\/es\/presidencia-joe-biden\/#primaryimage","url":"https:\/\/conversesacatalunya.cat\/wp-content\/uploads\/2020\/12\/biden-estats-units.jpg","contentUrl":"https:\/\/conversesacatalunya.cat\/wp-content\/uploads\/2020\/12\/biden-estats-units.jpg","width":620,"height":413},{"@type":"BreadcrumbList","@id":"https:\/\/conversesacatalunya.cat\/es\/presidencia-joe-biden\/#breadcrumb","itemListElement":[{"@type":"ListItem","position":1,"name":"Inici","item":"https:\/\/conversesacatalunya.cat\/es\/"},{"@type":"ListItem","position":2,"name":"\u00bfC\u00f3mo ser\u00e1 la presidencia de Joe Biden?"}]},{"@type":"WebSite","@id":"https:\/\/conversesacatalunya.cat\/#website","url":"https:\/\/conversesacatalunya.cat\/","name":"Converses a Catalunya","description":"","potentialAction":[{"@type":"SearchAction","target":{"@type":"EntryPoint","urlTemplate":"https:\/\/conversesacatalunya.cat\/?s={search_term_string}"},"query-input":{"@type":"PropertyValueSpecification","valueRequired":true,"valueName":"search_term_string"}}],"inLanguage":"es"},{"@type":"Person","@id":"https:\/\/conversesacatalunya.cat\/#\/schema\/person\/c5a8ffe796b1512764aeb6d6d6fa0fc7","name":"conversesacatalunya","image":{"@type":"ImageObject","inLanguage":"es","@id":"https:\/\/conversesacatalunya.cat\/#\/schema\/person\/image\/","url":"https:\/\/conversesacatalunya.cat\/wp-content\/litespeed\/avatar\/02659ee938034c59a151ae106ade943e.jpg?ver=1777051754","contentUrl":"https:\/\/conversesacatalunya.cat\/wp-content\/litespeed\/avatar\/02659ee938034c59a151ae106ade943e.jpg?ver=1777051754","caption":"conversesacatalunya"},"url":"https:\/\/conversesacatalunya.cat\/es\/author\/carles_lopez\/"}]}},"wps_subtitle":"En muchos sentidos, la presidencia de Biden ser\u00e1 parad\u00f3jicamente m\u00e1s conservadora que la de Trump","_links":{"self":[{"href":"https:\/\/conversesacatalunya.cat\/es\/wp-json\/wp\/v2\/posts\/43016","targetHints":{"allow":["GET"]}}],"collection":[{"href":"https:\/\/conversesacatalunya.cat\/es\/wp-json\/wp\/v2\/posts"}],"about":[{"href":"https:\/\/conversesacatalunya.cat\/es\/wp-json\/wp\/v2\/types\/post"}],"author":[{"embeddable":true,"href":"https:\/\/conversesacatalunya.cat\/es\/wp-json\/wp\/v2\/users\/67"}],"replies":[{"embeddable":true,"href":"https:\/\/conversesacatalunya.cat\/es\/wp-json\/wp\/v2\/comments?post=43016"}],"version-history":[{"count":2,"href":"https:\/\/conversesacatalunya.cat\/es\/wp-json\/wp\/v2\/posts\/43016\/revisions"}],"predecessor-version":[{"id":43018,"href":"https:\/\/conversesacatalunya.cat\/es\/wp-json\/wp\/v2\/posts\/43016\/revisions\/43018"}],"wp:featuredmedia":[{"embeddable":true,"href":"https:\/\/conversesacatalunya.cat\/es\/wp-json\/wp\/v2\/media\/42893"}],"wp:attachment":[{"href":"https:\/\/conversesacatalunya.cat\/es\/wp-json\/wp\/v2\/media?parent=43016"}],"wp:term":[{"taxonomy":"category","embeddable":true,"href":"https:\/\/conversesacatalunya.cat\/es\/wp-json\/wp\/v2\/categories?post=43016"},{"taxonomy":"post_tag","embeddable":true,"href":"https:\/\/conversesacatalunya.cat\/es\/wp-json\/wp\/v2\/tags?post=43016"}],"curies":[{"name":"wp","href":"https:\/\/api.w.org\/{rel}","templated":true}]}}