{"id":42989,"date":"2020-12-03T13:05:35","date_gmt":"2020-12-03T12:05:35","guid":{"rendered":"https:\/\/conversesacatalunya.cat\/catalunya-madrid-se-nha-anat-pero-el-problema-no-son-els-impostos\/"},"modified":"2020-12-03T15:09:47","modified_gmt":"2020-12-03T14:09:47","slug":"cataluna-madrid-se-ha-ido-pero-el-problema-no-son-los-impuestos","status":"publish","type":"post","link":"https:\/\/conversesacatalunya.cat\/es\/cataluna-madrid-se-ha-ido-pero-el-problema-no-son-los-impuestos\/","title":{"rendered":"Catalu\u00f1a: Madrid se ha ido, pero el problema no son los impuestos"},"content":{"rendered":"<p><span><span class=\"\">La competencia entre Barcelona y Madrid hace algunos a\u00f1os que se ha decantado claramente por la capital espa\u00f1ola, hasta el terremoto que deber\u00eda haber significado que <\/span><\/span><strong><span><span class=\"\">su PIB superase el catal\u00e1n por primera vez en la historia<\/span><\/span><\/strong><span><span class=\"\">.\u00a0<\/span>Pero este hecho, que en otras \u00e9pocas habr\u00eda dado lugar a encendidos debates y profundas reflexiones, ha pasado sin pena ni gloria porque el pa\u00eds est\u00e1 abstra\u00eddo en s\u00ed mismo, sus dirigentes pol\u00edticos son incapaces de reconocer la realidad, y los liderazgos econ\u00f3micos y sociales son de una debilidad extraordinaria.<\/span><\/p>\n<p><a href=\"https:\/\/conversesacatalunya.cat\/es\/erc-descubre-el-pajaro-en-mano\/\" target=\"_blank\" rel=\"noopener noreferrer\"><strong><span>ERC ha ido por la v\u00eda del populismo<\/span><\/strong><\/a><span> simplificando el problema hasta el extremo de la parodia y lo ha reducido todo a los impuestos m\u00e1s bajos de Madrid, que en realidad son poco, porque la autonom\u00eda fiscal que tienen las comunidades de r\u00e9gimen general, todas menos el Pa\u00eds Vasco, Navarra y Canarias, es muy escasa.<\/span><\/p>\n<p><strong><span>La raz\u00f3n es mucho m\u00e1s profunda<\/span><\/strong><span>. Podemos constatarlo por medio de un excelente instrumento que pone a nuestra disposici\u00f3n la Comisi\u00f3n Europea. Se trata de\u00a0<\/span><a href=\"https:\/\/cohesiondata.ec.europa.eu\/stories\/s\/Regional-Competitiveness-Index-2019\/363v-4uq6\/&amp;usg=ALkJrhjRMYjI6AxXUiMkkIUW2-6IoQSa0A\" target=\"_blank\" rel=\"noopener noreferrer\"><span>el \u00cdndice de Competitividad Regional<\/span><\/a><span>\u00a0, el \u00faltimo del 2019, que utiliza datos anteriores a ese a\u00f1o. Este \u00edndice permite comparar con m\u00faltiples niveles la competitividad de todas las regiones de la Uni\u00f3n Europea. Lo hace a trav\u00e9s de tres sub\u00edndices y 11 dimensiones que incluyen 74 indicadores para el conjunto de las 268 regiones a nivel NUTS-2 de los 28 estados miembros.<\/span><\/p>\n<p><span>Estos sub\u00edndices son:\u00a0<\/span><strong><span>el b\u00e1sico<\/span><\/strong><span>, que mide las instituciones, la estabilidad macroecon\u00f3mica (en el caso de Espa\u00f1a no es significativa porque es global para todas las regiones), infraestructura, salud y educaci\u00f3n b\u00e1sica (que tampoco tiene significaci\u00f3n por la misma raz\u00f3n que la estabilidad macroecon\u00f3mica). El segundo sub\u00edndice <\/span><strong><span>es el de eficiencia<\/span><\/strong><span>\u00a0que mide la educaci\u00f3n superior y el aprendizaje permanente, la eficiencia en el mercado laboral y la dimensi\u00f3n del mercado. Y finalmente el tercer sub\u00edndice hace\u00a0<\/span><strong><span>referencia a la innovaci\u00f3n<\/span><\/strong><span>, y mide la preparaci\u00f3n tecnol\u00f3gica, la sofisticaci\u00f3n empresarial y la innovaci\u00f3n.<\/span><\/p>\n<p><span>Aplicados conjuntamente, el \u00edndice de competitividad\u00a0<\/span><strong><span>de Catalu\u00f1a se sit\u00faa en tercer lugar, por detr\u00e1s del Pa\u00eds Vasco y de Madrid<\/span><\/strong><span>, pero a gran distancia de esta \u00faltima. Pr\u00e1cticamente 10 puntos separan a Catalu\u00f1a de la media espa\u00f1ola, que es de 43,6 puntos sobre 100 posibles. Pero es que Madrid est\u00e1 17 puntos por encima de Catalu\u00f1a, con un valor de 70,83. Esto hace que en el mapa de la pen\u00ednsula, que sit\u00faa las regiones en funci\u00f3n de su \u00edndice, s\u00f3lo aparezcan 3 \u00e1reas que tienen un \u00edndice de competitividad superior a <\/span><strong><span>la media europea: Madrid en primer t\u00e9rmino, el Pa\u00eds Vasco y el \u00e1rea metropolitana de Lisboa<\/span><\/strong><span>. Catalu\u00f1a se sit\u00faa por debajo de esta media. En esta expresi\u00f3n resumen tendr\u00edamos la explicaci\u00f3n de lo que nos pasa: sencillamente hemos perdido fuelle.<\/span><\/p>\n<p><span>De acuerdo con las diversas ediciones del \u00edndice, la comparaci\u00f3n entre Barcelona y Madrid permite constatarlo.\u00a0<\/span><strong><span>En el periodo 2010-2019<\/span><\/strong><span> hay en ambos casos un cierto descenso, consecuencia de la crisis, pero con un resultado muy diferente. En 2010 el \u00edndice de competitividad, expresado en relaci\u00f3n a la media europea, era de 0,43 para Madrid y de 0,16 para Catalu\u00f1a.\u00a0<\/span><strong><span>Los dos valores eran positivos<\/span><\/strong><span> y significaba que en ambos casos, Madrid m\u00e1s que Barcelona, se situaban por encima de la competitividad europea. Pero en 2019 Madrid hab\u00eda reducido su magnitud en 0,3 y signo positivo, y se manten\u00eda por tanto por encima del valor medio de Europa, mientras que Catalu\u00f1a hab\u00eda ca\u00eddo hasta el <\/span><strong><span>-0,17, <\/span><\/strong><span>y este valor negativo significa que est\u00e1 por debajo de la competitividad europea.\u00a0Este proceso de ca\u00edda se inici\u00f3 en 2013, se acentu\u00f3 en 2016 y ha continuado cayendo m\u00e1s moderadamente en 2019.<\/span><\/p>\n<p><span>Si en lugar de considerar el agregado total observamos los tres sub\u00edndices, podemos constatar que\u00a0<\/span><strong><span>Catalu\u00f1a ocupa la segunda posici\u00f3n en el b\u00e1sico,<\/span><\/strong><span> con 61,55 puntos sobre 100. Madrid ocupa la primera posici\u00f3n, con 68,32, y a Castilla y Le\u00f3n ( 59,34) y Pa\u00eds Vasco (57,67) les corresponde respectivamente el tercer y cuarto puesto. La distancia entre los dos que nos siguen oscila entre 2 y 4 puntos.\u00a0Pero la magnitud que nos separa de Madrid es de casi 7 puntos.<\/span><\/p>\n<p><span>En cuanto a los otros sub\u00edndices, nuestra posici\u00f3n es peor.\u00a0En el de eficiencia\u00a0<\/span><strong><span>ocupamos la cuarta posici\u00f3n<\/span><\/strong><span>, precedidos por Madrid, Pa\u00eds Vasco y Navarra, y en el\u00a0<\/span><strong><span>de innovaci\u00f3n nos corresponde<\/span><\/strong><span> el tercer lugar, por detr\u00e1s de Madrid y el Pa\u00eds Vasco.<\/span><\/p>\n<p><span>La radiograf\u00eda es clara.\u00a0Madrid ciertamente se ha ido, pero es que Catalu\u00f1a rueda cada vez m\u00e1s deprisa por la pendiente.<\/span><\/p>\n<span class='bctt-click-to-tweet'><span class='bctt-ctt-text'><a href='https:\/\/twitter.com\/intent\/tweet?url=https%3A%2F%2Fconversesacatalunya.cat%2Fes%2Fcataluna-madrid-se-ha-ido-pero-el-problema-no-son-los-impuestos%2F&#038;text=Madrid%20ciertamente%20se%20ha%20ido%2C%20pero%20es%20que%20Catalu%C3%B1a%20rueda%20cada%20vez%20m%C3%A1s%20deprisa%20por%20la%20pendiente.&#038;via=conversesacat&#038;related=conversesacat' target='_blank'rel=\"noopener noreferrer\">Madrid ciertamente se ha ido, pero es que Catalu\u00f1a rueda cada vez m\u00e1s deprisa por la pendiente. <\/a><\/span><a href='https:\/\/twitter.com\/intent\/tweet?url=https%3A%2F%2Fconversesacatalunya.cat%2Fes%2Fcataluna-madrid-se-ha-ido-pero-el-problema-no-son-los-impuestos%2F&#038;text=Madrid%20ciertamente%20se%20ha%20ido%2C%20pero%20es%20que%20Catalu%C3%B1a%20rueda%20cada%20vez%20m%C3%A1s%20deprisa%20por%20la%20pendiente.&#038;via=conversesacat&#038;related=conversesacat' target='_blank' class='bctt-ctt-btn'rel=\"noopener noreferrer\">Compartir en X<\/a><\/span>\n<div id=\"polls-83\" class=\"wp-polls\">\n\t<form id=\"polls_form_83\" class=\"wp-polls-form\" action=\"\/index.php\" method=\"post\">\n\t\t<p style=\"display: none;\"><input type=\"hidden\" id=\"poll_83_nonce\" name=\"wp-polls-nonce\" value=\"9cfba39054\" \/><\/p>\n\t\t<p style=\"display: none;\"><input type=\"hidden\" name=\"poll_id\" value=\"83\" \/><\/p>\n\t\t<p style=\"text-align: center\"><strong>Hi ha un parad\u00eds fiscal<\/strong><\/p><div id=\"polls-83-ans\" class=\"wp-polls-ans\"><ul class=\"wp-polls-ul\">\n\t\t<li><input type=\"radio\" id=\"poll-answer-186\" name=\"poll_83\" value=\"186\" \/> <label for=\"poll-answer-186\">A la Comunitat de Madrid<\/label><\/li>\n\t\t<li><input type=\"radio\" id=\"poll-answer-187\" name=\"poll_83\" value=\"187\" \/> <label for=\"poll-answer-187\">Al Pa\u00eds Basc<\/label><\/li>\n\t\t<li><input type=\"radio\" id=\"poll-answer-188\" name=\"poll_83\" value=\"188\" \/> <label for=\"poll-answer-188\">A les dues Comunitats<\/label><\/li>\n\t\t<li><input type=\"radio\" id=\"poll-answer-189\" name=\"poll_83\" value=\"189\" \/> <label for=\"poll-answer-189\">A cap de les dues Comunitats<\/label><\/li>\n\t\t<\/ul><p style=\"text-align: center\"><input type=\"button\" name=\"vote\" value=\"   Vota   \" class=\"Buttons\" onclick=\"poll_vote(83);\" \/><\/p><p style=\"text-align: center\"><a href=\"#ViewPollResults\" onclick=\"poll_result(83); return false;\" title=\"View Results Of This Poll\">Mira els resultats<\/a><\/p><\/div>\n\t<\/form>\n<\/div>\n<div id=\"polls-83-loading\" class=\"wp-polls-loading\"><img decoding=\"async\" data-src=\"https:\/\/conversesacatalunya.cat\/wp-content\/plugins\/wp-polls\/images\/loading.gif\" width=\"16\" height=\"16\" alt=\"Cargando ...\" title=\"Cargando ...\" class=\"wp-polls-image lazyload\" src=\"data:image\/svg+xml;base64,PHN2ZyB3aWR0aD0iMSIgaGVpZ2h0PSIxIiB4bWxucz0iaHR0cDovL3d3dy53My5vcmcvMjAwMC9zdmciPjwvc3ZnPg==\" style=\"--smush-placeholder-width: 16px; --smush-placeholder-aspect-ratio: 16\/16;\" \/>&nbsp;Cargando ...<\/div>\n\n","protected":false},"excerpt":{"rendered":"<p>La competencia entre Barcelona y Madrid hace algunos a\u00f1os que se ha decantado claramente por la capital espa\u00f1ola, hasta el terremoto que deber\u00eda haber significado que su PIB superase el catal\u00e1n por primera vez en la historia.\u00a0Pero este hecho, que en otras \u00e9pocas habr\u00eda dado lugar a encendidos debates y profundas reflexiones, ha pasado sin pena ni gloria porque el pa\u00eds est\u00e1 abstra\u00eddo en s\u00ed mismo, sus dirigentes pol\u00edticos son incapaces de reconocer la realidad, y los liderazgos econ\u00f3micos y sociales son de una debilidad extraordinaria. ERC ha ido por la v\u00eda del populismo simplificando el problema hasta el extremo de la parodia y lo ha reducido todo a los impuestos m\u00e1s bajos de Madrid, que en realidad son poco, porque la autonom\u00eda fiscal que tienen las comunidades de r\u00e9gimen general, todas menos el Pa\u00eds Vasco, Navarra y Canarias, es muy escasa. La raz\u00f3n es mucho m\u00e1s profunda. Podemos constatarlo por medio de un excelente instrumento que pone a nuestra disposici\u00f3n la Comisi\u00f3n Europea. Se trata de\u00a0el \u00cdndice de Competitividad Regional\u00a0, el \u00faltimo del 2019, que utiliza datos anteriores a ese a\u00f1o. Este \u00edndice permite comparar con m\u00faltiples niveles la competitividad de todas las regiones de la Uni\u00f3n Europea. Lo hace a trav\u00e9s de tres sub\u00edndices y 11 dimensiones que incluyen 74 indicadores para el conjunto de las 268 regiones a nivel NUTS-2 de los 28 estados miembros. Estos sub\u00edndices son:\u00a0el b\u00e1sico, que mide las instituciones, la estabilidad macroecon\u00f3mica (en el caso de Espa\u00f1a no es significativa porque es global para todas las regiones), infraestructura, salud y educaci\u00f3n b\u00e1sica (que tampoco tiene significaci\u00f3n por la misma raz\u00f3n que la estabilidad macroecon\u00f3mica). El segundo sub\u00edndice es el de eficiencia\u00a0que mide la educaci\u00f3n superior y el aprendizaje permanente, la eficiencia en el mercado laboral y la dimensi\u00f3n del mercado. Y finalmente el tercer sub\u00edndice hace\u00a0referencia a la innovaci\u00f3n, y mide la preparaci\u00f3n tecnol\u00f3gica, la sofisticaci\u00f3n empresarial y la innovaci\u00f3n. Aplicados conjuntamente, el \u00edndice de competitividad\u00a0de Catalu\u00f1a se sit\u00faa en tercer lugar, por detr\u00e1s del Pa\u00eds Vasco y de Madrid, pero a gran distancia de esta \u00faltima. Pr\u00e1cticamente 10 puntos separan a Catalu\u00f1a de la media espa\u00f1ola, que es de 43,6 puntos sobre 100 posibles. Pero es que Madrid est\u00e1 17 puntos por encima de Catalu\u00f1a, con un valor de 70,83. Esto hace que en el mapa de la pen\u00ednsula, que sit\u00faa las regiones en funci\u00f3n de su \u00edndice, s\u00f3lo aparezcan 3 \u00e1reas que tienen un \u00edndice de competitividad superior a la media europea: Madrid en primer t\u00e9rmino, el Pa\u00eds Vasco y el \u00e1rea metropolitana de Lisboa. Catalu\u00f1a se sit\u00faa por debajo de esta media. En esta expresi\u00f3n resumen tendr\u00edamos la explicaci\u00f3n de lo que nos pasa: sencillamente hemos perdido fuelle. De acuerdo con las diversas ediciones del \u00edndice, la comparaci\u00f3n entre Barcelona y Madrid permite constatarlo.\u00a0En el periodo 2010-2019 hay en ambos casos un cierto descenso, consecuencia de la crisis, pero con un resultado muy diferente. En 2010 el \u00edndice de competitividad, expresado en relaci\u00f3n a la media europea, era de 0,43 para Madrid y de 0,16 para Catalu\u00f1a.\u00a0Los dos valores eran positivos y significaba que en ambos casos, Madrid m\u00e1s que Barcelona, se situaban por encima de la competitividad europea. Pero en 2019 Madrid hab\u00eda reducido su magnitud en 0,3 y signo positivo, y se manten\u00eda por tanto por encima del valor medio de Europa, mientras que Catalu\u00f1a hab\u00eda ca\u00eddo hasta el -0,17, y este valor negativo significa que est\u00e1 por debajo de la competitividad europea.\u00a0Este proceso de ca\u00edda se inici\u00f3 en 2013, se acentu\u00f3 en 2016 y ha continuado cayendo m\u00e1s moderadamente en 2019. Si en lugar de considerar el agregado total observamos los tres sub\u00edndices, podemos constatar que\u00a0Catalu\u00f1a ocupa la segunda posici\u00f3n en el b\u00e1sico, con 61,55 puntos sobre 100. Madrid ocupa la primera posici\u00f3n, con 68,32, y a Castilla y Le\u00f3n ( 59,34) y Pa\u00eds Vasco (57,67) les corresponde respectivamente el tercer y cuarto puesto. La distancia entre los dos que nos siguen oscila entre 2 y 4 puntos.\u00a0Pero la magnitud que nos separa de Madrid es de casi 7 puntos. En cuanto a los otros sub\u00edndices, nuestra posici\u00f3n es peor.\u00a0En el de eficiencia\u00a0ocupamos la cuarta posici\u00f3n, precedidos por Madrid, Pa\u00eds Vasco y Navarra, y en el\u00a0de innovaci\u00f3n nos corresponde el tercer lugar, por detr\u00e1s de Madrid y el Pa\u00eds Vasco. La radiograf\u00eda es clara.\u00a0Madrid ciertamente se ha ido, pero es que Catalu\u00f1a rueda cada vez m\u00e1s deprisa por la pendiente.<\/p>\n","protected":false},"author":2,"featured_media":42972,"comment_status":"open","ping_status":"open","sticky":false,"template":"","format":"standard","meta":{"_FSMCFIC_featured_image_caption":"","_FSMCFIC_featured_image_nocaption":"","_FSMCFIC_featured_image_hide":"","footnotes":""},"categories":[806],"tags":[3276,960],"class_list":["post-42989","post","type-post","status-publish","format-standard","has-post-thumbnail","hentry","category-punts-claus-del-dia-es","tag-economia-cataluna","tag-pib-es"],"yoast_head":"<!-- This site is optimized with the Yoast SEO plugin v26.8 - https:\/\/yoast.com\/product\/yoast-seo-wordpress\/ -->\n<title>Catalu\u00f1a: Madrid se ha ido, pero el problema no son los impuestos - Converses a Catalunya<\/title>\n<meta name=\"description\" content=\"Madrid ciertamente se ha ido, pero es que Catalu\u00f1a rueda cada vez m\u00e1s deprisa por la pendiente.\" \/>\n<meta name=\"robots\" content=\"index, follow, max-snippet:-1, max-image-preview:large, max-video-preview:-1\" \/>\n<link rel=\"canonical\" href=\"https:\/\/conversesacatalunya.cat\/es\/cataluna-madrid-se-ha-ido-pero-el-problema-no-son-los-impuestos\/\" \/>\n<meta property=\"og:locale\" content=\"es_ES\" \/>\n<meta property=\"og:type\" content=\"article\" \/>\n<meta property=\"og:title\" content=\"Catalu\u00f1a: Madrid se ha ido, pero el problema no son los impuestos - Converses a Catalunya\" \/>\n<meta property=\"og:description\" content=\"Madrid ciertamente se ha ido, pero es que Catalu\u00f1a rueda cada vez m\u00e1s deprisa por la pendiente.\" \/>\n<meta property=\"og:url\" content=\"https:\/\/conversesacatalunya.cat\/es\/cataluna-madrid-se-ha-ido-pero-el-problema-no-son-los-impuestos\/\" \/>\n<meta property=\"og:site_name\" content=\"Converses a Catalunya\" \/>\n<meta property=\"article:published_time\" content=\"2020-12-03T12:05:35+00:00\" \/>\n<meta property=\"article:modified_time\" content=\"2020-12-03T14:09:47+00:00\" \/>\n<meta property=\"og:image\" content=\"https:\/\/conversesacatalunya.cat\/wp-content\/uploads\/2020\/12\/competitividad-regiones-union-europea.png\" \/>\n\t<meta property=\"og:image:width\" content=\"1300\" \/>\n\t<meta property=\"og:image:height\" content=\"921\" \/>\n\t<meta property=\"og:image:type\" content=\"image\/png\" \/>\n<meta name=\"author\" content=\"conversesacatalunya\" \/>\n<meta name=\"twitter:card\" content=\"summary_large_image\" \/>\n<meta name=\"twitter:label1\" content=\"Escrito por\" \/>\n\t<meta name=\"twitter:data1\" content=\"conversesacatalunya\" \/>\n\t<meta name=\"twitter:label2\" content=\"Tiempo de lectura\" \/>\n\t<meta name=\"twitter:data2\" content=\"4 minutos\" \/>\n<script type=\"application\/ld+json\" class=\"yoast-schema-graph\">{\"@context\":\"https:\/\/schema.org\",\"@graph\":[{\"@type\":\"Article\",\"@id\":\"https:\/\/conversesacatalunya.cat\/es\/cataluna-madrid-se-ha-ido-pero-el-problema-no-son-los-impuestos\/#article\",\"isPartOf\":{\"@id\":\"https:\/\/conversesacatalunya.cat\/es\/cataluna-madrid-se-ha-ido-pero-el-problema-no-son-los-impuestos\/\"},\"author\":{\"name\":\"conversesacatalunya\",\"@id\":\"https:\/\/conversesacatalunya.cat\/#\/schema\/person\/7e24d1e54a2785373ddcb275eae5ed99\"},\"headline\":\"Catalu\u00f1a: Madrid se ha ido, pero el problema no son los impuestos\",\"datePublished\":\"2020-12-03T12:05:35+00:00\",\"dateModified\":\"2020-12-03T14:09:47+00:00\",\"mainEntityOfPage\":{\"@id\":\"https:\/\/conversesacatalunya.cat\/es\/cataluna-madrid-se-ha-ido-pero-el-problema-no-son-los-impuestos\/\"},\"wordCount\":846,\"commentCount\":0,\"image\":{\"@id\":\"https:\/\/conversesacatalunya.cat\/es\/cataluna-madrid-se-ha-ido-pero-el-problema-no-son-los-impuestos\/#primaryimage\"},\"thumbnailUrl\":\"https:\/\/conversesacatalunya.cat\/wp-content\/uploads\/2020\/12\/competitividad-regiones-union-europea.png\",\"keywords\":[\"Econom\u00eda Catalu\u00f1a\",\"PIB\"],\"articleSection\":[\"Punts clau del dia (ES)\"],\"inLanguage\":\"es\",\"potentialAction\":[{\"@type\":\"CommentAction\",\"name\":\"Comment\",\"target\":[\"https:\/\/conversesacatalunya.cat\/es\/cataluna-madrid-se-ha-ido-pero-el-problema-no-son-los-impuestos\/#respond\"]}]},{\"@type\":\"WebPage\",\"@id\":\"https:\/\/conversesacatalunya.cat\/es\/cataluna-madrid-se-ha-ido-pero-el-problema-no-son-los-impuestos\/\",\"url\":\"https:\/\/conversesacatalunya.cat\/es\/cataluna-madrid-se-ha-ido-pero-el-problema-no-son-los-impuestos\/\",\"name\":\"Catalu\u00f1a: Madrid se ha ido, pero el problema no son los impuestos - Converses a Catalunya\",\"isPartOf\":{\"@id\":\"https:\/\/conversesacatalunya.cat\/#website\"},\"primaryImageOfPage\":{\"@id\":\"https:\/\/conversesacatalunya.cat\/es\/cataluna-madrid-se-ha-ido-pero-el-problema-no-son-los-impuestos\/#primaryimage\"},\"image\":{\"@id\":\"https:\/\/conversesacatalunya.cat\/es\/cataluna-madrid-se-ha-ido-pero-el-problema-no-son-los-impuestos\/#primaryimage\"},\"thumbnailUrl\":\"https:\/\/conversesacatalunya.cat\/wp-content\/uploads\/2020\/12\/competitividad-regiones-union-europea.png\",\"datePublished\":\"2020-12-03T12:05:35+00:00\",\"dateModified\":\"2020-12-03T14:09:47+00:00\",\"author\":{\"@id\":\"https:\/\/conversesacatalunya.cat\/#\/schema\/person\/7e24d1e54a2785373ddcb275eae5ed99\"},\"description\":\"Madrid ciertamente se ha ido, pero es que Catalu\u00f1a rueda cada vez m\u00e1s deprisa por la pendiente.\",\"breadcrumb\":{\"@id\":\"https:\/\/conversesacatalunya.cat\/es\/cataluna-madrid-se-ha-ido-pero-el-problema-no-son-los-impuestos\/#breadcrumb\"},\"inLanguage\":\"es\",\"potentialAction\":[{\"@type\":\"ReadAction\",\"target\":[\"https:\/\/conversesacatalunya.cat\/es\/cataluna-madrid-se-ha-ido-pero-el-problema-no-son-los-impuestos\/\"]}]},{\"@type\":\"ImageObject\",\"inLanguage\":\"es\",\"@id\":\"https:\/\/conversesacatalunya.cat\/es\/cataluna-madrid-se-ha-ido-pero-el-problema-no-son-los-impuestos\/#primaryimage\",\"url\":\"https:\/\/conversesacatalunya.cat\/wp-content\/uploads\/2020\/12\/competitividad-regiones-union-europea.png\",\"contentUrl\":\"https:\/\/conversesacatalunya.cat\/wp-content\/uploads\/2020\/12\/competitividad-regiones-union-europea.png\",\"width\":1300,\"height\":921,\"caption\":\"competitivitat\"},{\"@type\":\"BreadcrumbList\",\"@id\":\"https:\/\/conversesacatalunya.cat\/es\/cataluna-madrid-se-ha-ido-pero-el-problema-no-son-los-impuestos\/#breadcrumb\",\"itemListElement\":[{\"@type\":\"ListItem\",\"position\":1,\"name\":\"Inici\",\"item\":\"https:\/\/conversesacatalunya.cat\/es\/\"},{\"@type\":\"ListItem\",\"position\":2,\"name\":\"Catalu\u00f1a: Madrid se ha ido, pero el problema no son los impuestos\"}]},{\"@type\":\"WebSite\",\"@id\":\"https:\/\/conversesacatalunya.cat\/#website\",\"url\":\"https:\/\/conversesacatalunya.cat\/\",\"name\":\"Converses a Catalunya\",\"description\":\"\",\"potentialAction\":[{\"@type\":\"SearchAction\",\"target\":{\"@type\":\"EntryPoint\",\"urlTemplate\":\"https:\/\/conversesacatalunya.cat\/?s={search_term_string}\"},\"query-input\":{\"@type\":\"PropertyValueSpecification\",\"valueRequired\":true,\"valueName\":\"search_term_string\"}}],\"inLanguage\":\"es\"},{\"@type\":\"Person\",\"@id\":\"https:\/\/conversesacatalunya.cat\/#\/schema\/person\/7e24d1e54a2785373ddcb275eae5ed99\",\"name\":\"conversesacatalunya\",\"image\":{\"@type\":\"ImageObject\",\"inLanguage\":\"es\",\"@id\":\"https:\/\/conversesacatalunya.cat\/#\/schema\/person\/image\/\",\"url\":\"https:\/\/conversesacatalunya.cat\/wp-content\/litespeed\/avatar\/febdfeeec89d950f01c748045a981dd2.jpg?ver=1777314535\",\"contentUrl\":\"https:\/\/conversesacatalunya.cat\/wp-content\/litespeed\/avatar\/febdfeeec89d950f01c748045a981dd2.jpg?ver=1777314535\",\"caption\":\"conversesacatalunya\"},\"url\":\"https:\/\/conversesacatalunya.cat\/es\/author\/carme_catala\/\"}]}<\/script>\n<!-- \/ Yoast SEO plugin. -->","yoast_head_json":{"title":"Catalu\u00f1a: Madrid se ha ido, pero el problema no son los impuestos - Converses a Catalunya","description":"Madrid ciertamente se ha ido, pero es que Catalu\u00f1a rueda cada vez m\u00e1s deprisa por la pendiente.","robots":{"index":"index","follow":"follow","max-snippet":"max-snippet:-1","max-image-preview":"max-image-preview:large","max-video-preview":"max-video-preview:-1"},"canonical":"https:\/\/conversesacatalunya.cat\/es\/cataluna-madrid-se-ha-ido-pero-el-problema-no-son-los-impuestos\/","og_locale":"es_ES","og_type":"article","og_title":"Catalu\u00f1a: Madrid se ha ido, pero el problema no son los impuestos - Converses a Catalunya","og_description":"Madrid ciertamente se ha ido, pero es que Catalu\u00f1a rueda cada vez m\u00e1s deprisa por la pendiente.","og_url":"https:\/\/conversesacatalunya.cat\/es\/cataluna-madrid-se-ha-ido-pero-el-problema-no-son-los-impuestos\/","og_site_name":"Converses a Catalunya","article_published_time":"2020-12-03T12:05:35+00:00","article_modified_time":"2020-12-03T14:09:47+00:00","og_image":[{"width":1300,"height":921,"url":"https:\/\/conversesacatalunya.cat\/wp-content\/uploads\/2020\/12\/competitividad-regiones-union-europea.png","type":"image\/png"}],"author":"conversesacatalunya","twitter_card":"summary_large_image","twitter_misc":{"Escrito por":"conversesacatalunya","Tiempo de lectura":"4 minutos"},"schema":{"@context":"https:\/\/schema.org","@graph":[{"@type":"Article","@id":"https:\/\/conversesacatalunya.cat\/es\/cataluna-madrid-se-ha-ido-pero-el-problema-no-son-los-impuestos\/#article","isPartOf":{"@id":"https:\/\/conversesacatalunya.cat\/es\/cataluna-madrid-se-ha-ido-pero-el-problema-no-son-los-impuestos\/"},"author":{"name":"conversesacatalunya","@id":"https:\/\/conversesacatalunya.cat\/#\/schema\/person\/7e24d1e54a2785373ddcb275eae5ed99"},"headline":"Catalu\u00f1a: Madrid se ha ido, pero el problema no son los impuestos","datePublished":"2020-12-03T12:05:35+00:00","dateModified":"2020-12-03T14:09:47+00:00","mainEntityOfPage":{"@id":"https:\/\/conversesacatalunya.cat\/es\/cataluna-madrid-se-ha-ido-pero-el-problema-no-son-los-impuestos\/"},"wordCount":846,"commentCount":0,"image":{"@id":"https:\/\/conversesacatalunya.cat\/es\/cataluna-madrid-se-ha-ido-pero-el-problema-no-son-los-impuestos\/#primaryimage"},"thumbnailUrl":"https:\/\/conversesacatalunya.cat\/wp-content\/uploads\/2020\/12\/competitividad-regiones-union-europea.png","keywords":["Econom\u00eda Catalu\u00f1a","PIB"],"articleSection":["Punts clau del dia (ES)"],"inLanguage":"es","potentialAction":[{"@type":"CommentAction","name":"Comment","target":["https:\/\/conversesacatalunya.cat\/es\/cataluna-madrid-se-ha-ido-pero-el-problema-no-son-los-impuestos\/#respond"]}]},{"@type":"WebPage","@id":"https:\/\/conversesacatalunya.cat\/es\/cataluna-madrid-se-ha-ido-pero-el-problema-no-son-los-impuestos\/","url":"https:\/\/conversesacatalunya.cat\/es\/cataluna-madrid-se-ha-ido-pero-el-problema-no-son-los-impuestos\/","name":"Catalu\u00f1a: Madrid se ha ido, pero el problema no son los impuestos - Converses a Catalunya","isPartOf":{"@id":"https:\/\/conversesacatalunya.cat\/#website"},"primaryImageOfPage":{"@id":"https:\/\/conversesacatalunya.cat\/es\/cataluna-madrid-se-ha-ido-pero-el-problema-no-son-los-impuestos\/#primaryimage"},"image":{"@id":"https:\/\/conversesacatalunya.cat\/es\/cataluna-madrid-se-ha-ido-pero-el-problema-no-son-los-impuestos\/#primaryimage"},"thumbnailUrl":"https:\/\/conversesacatalunya.cat\/wp-content\/uploads\/2020\/12\/competitividad-regiones-union-europea.png","datePublished":"2020-12-03T12:05:35+00:00","dateModified":"2020-12-03T14:09:47+00:00","author":{"@id":"https:\/\/conversesacatalunya.cat\/#\/schema\/person\/7e24d1e54a2785373ddcb275eae5ed99"},"description":"Madrid ciertamente se ha ido, pero es que Catalu\u00f1a rueda cada vez m\u00e1s deprisa por la pendiente.","breadcrumb":{"@id":"https:\/\/conversesacatalunya.cat\/es\/cataluna-madrid-se-ha-ido-pero-el-problema-no-son-los-impuestos\/#breadcrumb"},"inLanguage":"es","potentialAction":[{"@type":"ReadAction","target":["https:\/\/conversesacatalunya.cat\/es\/cataluna-madrid-se-ha-ido-pero-el-problema-no-son-los-impuestos\/"]}]},{"@type":"ImageObject","inLanguage":"es","@id":"https:\/\/conversesacatalunya.cat\/es\/cataluna-madrid-se-ha-ido-pero-el-problema-no-son-los-impuestos\/#primaryimage","url":"https:\/\/conversesacatalunya.cat\/wp-content\/uploads\/2020\/12\/competitividad-regiones-union-europea.png","contentUrl":"https:\/\/conversesacatalunya.cat\/wp-content\/uploads\/2020\/12\/competitividad-regiones-union-europea.png","width":1300,"height":921,"caption":"competitivitat"},{"@type":"BreadcrumbList","@id":"https:\/\/conversesacatalunya.cat\/es\/cataluna-madrid-se-ha-ido-pero-el-problema-no-son-los-impuestos\/#breadcrumb","itemListElement":[{"@type":"ListItem","position":1,"name":"Inici","item":"https:\/\/conversesacatalunya.cat\/es\/"},{"@type":"ListItem","position":2,"name":"Catalu\u00f1a: Madrid se ha ido, pero el problema no son los impuestos"}]},{"@type":"WebSite","@id":"https:\/\/conversesacatalunya.cat\/#website","url":"https:\/\/conversesacatalunya.cat\/","name":"Converses a Catalunya","description":"","potentialAction":[{"@type":"SearchAction","target":{"@type":"EntryPoint","urlTemplate":"https:\/\/conversesacatalunya.cat\/?s={search_term_string}"},"query-input":{"@type":"PropertyValueSpecification","valueRequired":true,"valueName":"search_term_string"}}],"inLanguage":"es"},{"@type":"Person","@id":"https:\/\/conversesacatalunya.cat\/#\/schema\/person\/7e24d1e54a2785373ddcb275eae5ed99","name":"conversesacatalunya","image":{"@type":"ImageObject","inLanguage":"es","@id":"https:\/\/conversesacatalunya.cat\/#\/schema\/person\/image\/","url":"https:\/\/conversesacatalunya.cat\/wp-content\/litespeed\/avatar\/febdfeeec89d950f01c748045a981dd2.jpg?ver=1777314535","contentUrl":"https:\/\/conversesacatalunya.cat\/wp-content\/litespeed\/avatar\/febdfeeec89d950f01c748045a981dd2.jpg?ver=1777314535","caption":"conversesacatalunya"},"url":"https:\/\/conversesacatalunya.cat\/es\/author\/carme_catala\/"}]}},"wps_subtitle":"Madrid ciertamente se ha ido, pero es que Catalu\u00f1a rueda cada vez m\u00e1s deprisa por la pendiente.","_links":{"self":[{"href":"https:\/\/conversesacatalunya.cat\/es\/wp-json\/wp\/v2\/posts\/42989","targetHints":{"allow":["GET"]}}],"collection":[{"href":"https:\/\/conversesacatalunya.cat\/es\/wp-json\/wp\/v2\/posts"}],"about":[{"href":"https:\/\/conversesacatalunya.cat\/es\/wp-json\/wp\/v2\/types\/post"}],"author":[{"embeddable":true,"href":"https:\/\/conversesacatalunya.cat\/es\/wp-json\/wp\/v2\/users\/2"}],"replies":[{"embeddable":true,"href":"https:\/\/conversesacatalunya.cat\/es\/wp-json\/wp\/v2\/comments?post=42989"}],"version-history":[{"count":2,"href":"https:\/\/conversesacatalunya.cat\/es\/wp-json\/wp\/v2\/posts\/42989\/revisions"}],"predecessor-version":[{"id":42991,"href":"https:\/\/conversesacatalunya.cat\/es\/wp-json\/wp\/v2\/posts\/42989\/revisions\/42991"}],"wp:featuredmedia":[{"embeddable":true,"href":"https:\/\/conversesacatalunya.cat\/es\/wp-json\/wp\/v2\/media\/42972"}],"wp:attachment":[{"href":"https:\/\/conversesacatalunya.cat\/es\/wp-json\/wp\/v2\/media?parent=42989"}],"wp:term":[{"taxonomy":"category","embeddable":true,"href":"https:\/\/conversesacatalunya.cat\/es\/wp-json\/wp\/v2\/categories?post=42989"},{"taxonomy":"post_tag","embeddable":true,"href":"https:\/\/conversesacatalunya.cat\/es\/wp-json\/wp\/v2\/tags?post=42989"}],"curies":[{"name":"wp","href":"https:\/\/api.w.org\/{rel}","templated":true}]}}