{"id":42955,"date":"2020-12-03T09:36:11","date_gmt":"2020-12-03T08:36:11","guid":{"rendered":"https:\/\/conversesacatalunya.cat\/resultats-de-lenquesta-anterior-aniras-a-votar-a-les-proximes-eleccions-al-parlament-de-catalunya-el-14-de-febrer-de-2021\/"},"modified":"2020-12-03T09:40:45","modified_gmt":"2020-12-03T08:40:45","slug":"resultados-encuesta-14-de-febrer-de-2021","status":"publish","type":"post","link":"https:\/\/conversesacatalunya.cat\/es\/resultados-encuesta-14-de-febrer-de-2021\/","title":{"rendered":"Resultados de la encuesta anterior: \u00bfIr\u00e1s a votar en las pr\u00f3ximas elecciones al Parlamento de Catalu\u00f1a el 14 de febrero de 2021?"},"content":{"rendered":"<p><span>En la encuesta anterior: \u00bfIr\u00e1s a votar en las pr\u00f3ximas elecciones al Parlamento de Catalu\u00f1a el 14 de febrero de 2021? los resultados han sido los siguientes:<\/span><\/p>\n<p><strong><span>S\u00ed un 75%<\/span><\/strong><\/p>\n<p><strong><span>No un 17%<\/span><\/strong><\/p>\n<p><strong><span>No lo s\u00e9 un 8%<\/span><\/strong><\/p>\n<p><span>Parece que a estas alturas, nuestros votantes tienen claro que ir\u00e1n a votar.\u00a0S\u00f3lo un 25% dice que no o que no lo sabe.<\/span><\/p>\n<p><span><span class=\"goog-text-highlight\">Estos resultados se contradicen con lo que se est\u00e1 hablando \u00faltimamente, tanto en las encuestas como en las tertulias pol\u00edticas, sobre el alto nivel de abstenci\u00f3n entre los votantes de todos los partidos pol\u00edticos.<\/span><\/span><\/p>\n<p><span>Habr\u00e1 que ver si de aqu\u00ed al 14 de febrero cambia la tendencia.<\/span><\/p>\n<div id=\"polls-83\" class=\"wp-polls\">\n\t<form id=\"polls_form_83\" class=\"wp-polls-form\" action=\"\/index.php\" method=\"post\">\n\t\t<p style=\"display: none;\"><input type=\"hidden\" id=\"poll_83_nonce\" name=\"wp-polls-nonce\" value=\"ff5bcaf681\" \/><\/p>\n\t\t<p style=\"display: none;\"><input type=\"hidden\" name=\"poll_id\" value=\"83\" \/><\/p>\n\t\t<p style=\"text-align: center\"><strong>Hi ha un parad\u00eds fiscal<\/strong><\/p><div id=\"polls-83-ans\" class=\"wp-polls-ans\"><ul class=\"wp-polls-ul\">\n\t\t<li><input type=\"radio\" id=\"poll-answer-186\" name=\"poll_83\" value=\"186\" \/> <label for=\"poll-answer-186\">A la Comunitat de Madrid<\/label><\/li>\n\t\t<li><input type=\"radio\" id=\"poll-answer-187\" name=\"poll_83\" value=\"187\" \/> <label for=\"poll-answer-187\">Al Pa\u00eds Basc<\/label><\/li>\n\t\t<li><input type=\"radio\" id=\"poll-answer-188\" name=\"poll_83\" value=\"188\" \/> <label for=\"poll-answer-188\">A les dues Comunitats<\/label><\/li>\n\t\t<li><input type=\"radio\" id=\"poll-answer-189\" name=\"poll_83\" value=\"189\" \/> <label for=\"poll-answer-189\">A cap de les dues Comunitats<\/label><\/li>\n\t\t<\/ul><p style=\"text-align: center\"><input type=\"button\" name=\"vote\" value=\"   Vota   \" class=\"Buttons\" onclick=\"poll_vote(83);\" \/><\/p><p style=\"text-align: center\"><a href=\"#ViewPollResults\" onclick=\"poll_result(83); return false;\" title=\"View Results Of This Poll\">Mira els resultats<\/a><\/p><\/div>\n\t<\/form>\n<\/div>\n<div id=\"polls-83-loading\" class=\"wp-polls-loading\"><img decoding=\"async\" data-src=\"https:\/\/conversesacatalunya.cat\/wp-content\/plugins\/wp-polls\/images\/loading.gif\" width=\"16\" height=\"16\" alt=\"Cargando ...\" title=\"Cargando ...\" class=\"wp-polls-image lazyload\" src=\"data:image\/svg+xml;base64,PHN2ZyB3aWR0aD0iMSIgaGVpZ2h0PSIxIiB4bWxucz0iaHR0cDovL3d3dy53My5vcmcvMjAwMC9zdmciPjwvc3ZnPg==\" style=\"--smush-placeholder-width: 16px; --smush-placeholder-aspect-ratio: 16\/16;\" \/>&nbsp;Cargando ...<\/div>\n\n<p>&nbsp;<\/p>\n","protected":false},"excerpt":{"rendered":"<p>En la encuesta anterior: \u00bfIr\u00e1s a votar en las pr\u00f3ximas elecciones al Parlamento de Catalu\u00f1a el 14 de febrero de 2021? los resultados han sido los siguientes: S\u00ed un 75% No un 17% No lo s\u00e9 un 8% Parece que a estas alturas, nuestros votantes tienen claro que ir\u00e1n a votar.\u00a0S\u00f3lo un 25% dice que no o que no lo sabe. Estos resultados se contradicen con lo que se est\u00e1 hablando \u00faltimamente, tanto en las encuestas como en las tertulias pol\u00edticas, sobre el alto nivel de abstenci\u00f3n entre los votantes de todos los partidos pol\u00edticos. Habr\u00e1 que ver si de aqu\u00ed al 14 de febrero cambia la tendencia. &nbsp;<\/p>\n","protected":false},"author":3,"featured_media":42953,"comment_status":"open","ping_status":"open","sticky":false,"template":"","format":"standard","meta":{"_FSMCFIC_featured_image_caption":"","_FSMCFIC_featured_image_nocaption":"","_FSMCFIC_featured_image_hide":"","footnotes":""},"categories":[789],"tags":[],"class_list":["post-42955","post","type-post","status-publish","format-standard","has-post-thumbnail","hentry","category-objectius-especifics-es"],"yoast_head":"<!-- This site is optimized with the Yoast SEO plugin v26.8 - https:\/\/yoast.com\/product\/yoast-seo-wordpress\/ -->\n<title>Resultados de la encuesta anterior: \u00bfIr\u00e1s a votar en las pr\u00f3ximas elecciones al Parlamento de Catalu\u00f1a el 14 de febrero de 2021? - Converses a Catalunya<\/title>\n<meta name=\"robots\" content=\"index, follow, max-snippet:-1, max-image-preview:large, max-video-preview:-1\" \/>\n<link rel=\"canonical\" href=\"https:\/\/conversesacatalunya.cat\/es\/resultados-encuesta-14-de-febrer-de-2021\/\" \/>\n<meta property=\"og:locale\" content=\"es_ES\" \/>\n<meta property=\"og:type\" content=\"article\" \/>\n<meta property=\"og:title\" content=\"Resultados de la encuesta anterior: \u00bfIr\u00e1s a votar en las pr\u00f3ximas elecciones al Parlamento de Catalu\u00f1a el 14 de febrero de 2021? - Converses a Catalunya\" \/>\n<meta property=\"og:description\" content=\"En la encuesta anterior: \u00bfIr\u00e1s a votar en las pr\u00f3ximas elecciones al Parlamento de Catalu\u00f1a el 14 de febrero de 2021? los resultados han sido los siguientes: S\u00ed un 75% No un 17% No lo s\u00e9 un 8% Parece que a estas alturas, nuestros votantes tienen claro que ir\u00e1n a votar.\u00a0S\u00f3lo un 25% dice que no o que no lo sabe. Estos resultados se contradicen con lo que se est\u00e1 hablando \u00faltimamente, tanto en las encuestas como en las tertulias pol\u00edticas, sobre el alto nivel de abstenci\u00f3n entre los votantes de todos los partidos pol\u00edticos. Habr\u00e1 que ver si de aqu\u00ed al 14 de febrero cambia la tendencia. &nbsp;\" \/>\n<meta property=\"og:url\" content=\"https:\/\/conversesacatalunya.cat\/es\/resultados-encuesta-14-de-febrer-de-2021\/\" \/>\n<meta property=\"og:site_name\" content=\"Converses a Catalunya\" \/>\n<meta property=\"article:published_time\" content=\"2020-12-03T08:36:11+00:00\" \/>\n<meta property=\"article:modified_time\" content=\"2020-12-03T08:40:45+00:00\" \/>\n<meta property=\"og:image\" content=\"https:\/\/conversesacatalunya.cat\/wp-content\/uploads\/2020\/12\/14-febrer-eleccions.jpg\" \/>\n\t<meta property=\"og:image:width\" content=\"1280\" \/>\n\t<meta property=\"og:image:height\" content=\"720\" \/>\n\t<meta property=\"og:image:type\" content=\"image\/jpeg\" \/>\n<meta name=\"author\" content=\"conversesacatalunya\" \/>\n<meta name=\"twitter:card\" content=\"summary_large_image\" \/>\n<meta name=\"twitter:label1\" content=\"Escrito por\" \/>\n\t<meta name=\"twitter:data1\" content=\"conversesacatalunya\" \/>\n\t<meta name=\"twitter:label2\" content=\"Tiempo de lectura\" \/>\n\t<meta name=\"twitter:data2\" content=\"1 minuto\" \/>\n<script type=\"application\/ld+json\" class=\"yoast-schema-graph\">{\"@context\":\"https:\/\/schema.org\",\"@graph\":[{\"@type\":\"Article\",\"@id\":\"https:\/\/conversesacatalunya.cat\/es\/resultados-encuesta-14-de-febrer-de-2021\/#article\",\"isPartOf\":{\"@id\":\"https:\/\/conversesacatalunya.cat\/es\/resultados-encuesta-14-de-febrer-de-2021\/\"},\"author\":{\"name\":\"conversesacatalunya\",\"@id\":\"https:\/\/conversesacatalunya.cat\/#\/schema\/person\/982274792508d804a0821b413c9ac076\"},\"headline\":\"Resultados de la encuesta anterior: \u00bfIr\u00e1s a votar en las pr\u00f3ximas elecciones al Parlamento de Catalu\u00f1a el 14 de febrero de 2021?\",\"datePublished\":\"2020-12-03T08:36:11+00:00\",\"dateModified\":\"2020-12-03T08:40:45+00:00\",\"mainEntityOfPage\":{\"@id\":\"https:\/\/conversesacatalunya.cat\/es\/resultados-encuesta-14-de-febrer-de-2021\/\"},\"wordCount\":136,\"commentCount\":0,\"image\":{\"@id\":\"https:\/\/conversesacatalunya.cat\/es\/resultados-encuesta-14-de-febrer-de-2021\/#primaryimage\"},\"thumbnailUrl\":\"https:\/\/conversesacatalunya.cat\/wp-content\/uploads\/2020\/12\/14-febrer-eleccions.jpg\",\"articleSection\":[\"Objectius espec\u00edfics (ES)\"],\"inLanguage\":\"es\",\"potentialAction\":[{\"@type\":\"CommentAction\",\"name\":\"Comment\",\"target\":[\"https:\/\/conversesacatalunya.cat\/es\/resultados-encuesta-14-de-febrer-de-2021\/#respond\"]}]},{\"@type\":\"WebPage\",\"@id\":\"https:\/\/conversesacatalunya.cat\/es\/resultados-encuesta-14-de-febrer-de-2021\/\",\"url\":\"https:\/\/conversesacatalunya.cat\/es\/resultados-encuesta-14-de-febrer-de-2021\/\",\"name\":\"Resultados de la encuesta anterior: \u00bfIr\u00e1s a votar en las pr\u00f3ximas elecciones al Parlamento de Catalu\u00f1a el 14 de febrero de 2021? - Converses a Catalunya\",\"isPartOf\":{\"@id\":\"https:\/\/conversesacatalunya.cat\/#website\"},\"primaryImageOfPage\":{\"@id\":\"https:\/\/conversesacatalunya.cat\/es\/resultados-encuesta-14-de-febrer-de-2021\/#primaryimage\"},\"image\":{\"@id\":\"https:\/\/conversesacatalunya.cat\/es\/resultados-encuesta-14-de-febrer-de-2021\/#primaryimage\"},\"thumbnailUrl\":\"https:\/\/conversesacatalunya.cat\/wp-content\/uploads\/2020\/12\/14-febrer-eleccions.jpg\",\"datePublished\":\"2020-12-03T08:36:11+00:00\",\"dateModified\":\"2020-12-03T08:40:45+00:00\",\"author\":{\"@id\":\"https:\/\/conversesacatalunya.cat\/#\/schema\/person\/982274792508d804a0821b413c9ac076\"},\"breadcrumb\":{\"@id\":\"https:\/\/conversesacatalunya.cat\/es\/resultados-encuesta-14-de-febrer-de-2021\/#breadcrumb\"},\"inLanguage\":\"es\",\"potentialAction\":[{\"@type\":\"ReadAction\",\"target\":[\"https:\/\/conversesacatalunya.cat\/es\/resultados-encuesta-14-de-febrer-de-2021\/\"]}]},{\"@type\":\"ImageObject\",\"inLanguage\":\"es\",\"@id\":\"https:\/\/conversesacatalunya.cat\/es\/resultados-encuesta-14-de-febrer-de-2021\/#primaryimage\",\"url\":\"https:\/\/conversesacatalunya.cat\/wp-content\/uploads\/2020\/12\/14-febrer-eleccions.jpg\",\"contentUrl\":\"https:\/\/conversesacatalunya.cat\/wp-content\/uploads\/2020\/12\/14-febrer-eleccions.jpg\",\"width\":1280,\"height\":720,\"caption\":\"eleccions 14 de febrer\"},{\"@type\":\"BreadcrumbList\",\"@id\":\"https:\/\/conversesacatalunya.cat\/es\/resultados-encuesta-14-de-febrer-de-2021\/#breadcrumb\",\"itemListElement\":[{\"@type\":\"ListItem\",\"position\":1,\"name\":\"Inici\",\"item\":\"https:\/\/conversesacatalunya.cat\/es\/\"},{\"@type\":\"ListItem\",\"position\":2,\"name\":\"Resultados de la encuesta anterior: \u00bfIr\u00e1s a votar en las pr\u00f3ximas elecciones al Parlamento de Catalu\u00f1a el 14 de febrero de 2021?\"}]},{\"@type\":\"WebSite\",\"@id\":\"https:\/\/conversesacatalunya.cat\/#website\",\"url\":\"https:\/\/conversesacatalunya.cat\/\",\"name\":\"Converses a Catalunya\",\"description\":\"\",\"potentialAction\":[{\"@type\":\"SearchAction\",\"target\":{\"@type\":\"EntryPoint\",\"urlTemplate\":\"https:\/\/conversesacatalunya.cat\/?s={search_term_string}\"},\"query-input\":{\"@type\":\"PropertyValueSpecification\",\"valueRequired\":true,\"valueName\":\"search_term_string\"}}],\"inLanguage\":\"es\"},{\"@type\":\"Person\",\"@id\":\"https:\/\/conversesacatalunya.cat\/#\/schema\/person\/982274792508d804a0821b413c9ac076\",\"name\":\"conversesacatalunya\",\"image\":{\"@type\":\"ImageObject\",\"inLanguage\":\"es\",\"@id\":\"https:\/\/conversesacatalunya.cat\/#\/schema\/person\/image\/\",\"url\":\"https:\/\/conversesacatalunya.cat\/wp-content\/litespeed\/avatar\/f04b47eeffd9637c7cf7869e217fb9ec.jpg?ver=1777370077\",\"contentUrl\":\"https:\/\/conversesacatalunya.cat\/wp-content\/litespeed\/avatar\/f04b47eeffd9637c7cf7869e217fb9ec.jpg?ver=1777370077\",\"caption\":\"conversesacatalunya\"},\"url\":\"https:\/\/conversesacatalunya.cat\/es\/author\/muntsa_escola\/\"}]}<\/script>\n<!-- \/ Yoast SEO plugin. -->","yoast_head_json":{"title":"Resultados de la encuesta anterior: \u00bfIr\u00e1s a votar en las pr\u00f3ximas elecciones al Parlamento de Catalu\u00f1a el 14 de febrero de 2021? - Converses a Catalunya","robots":{"index":"index","follow":"follow","max-snippet":"max-snippet:-1","max-image-preview":"max-image-preview:large","max-video-preview":"max-video-preview:-1"},"canonical":"https:\/\/conversesacatalunya.cat\/es\/resultados-encuesta-14-de-febrer-de-2021\/","og_locale":"es_ES","og_type":"article","og_title":"Resultados de la encuesta anterior: \u00bfIr\u00e1s a votar en las pr\u00f3ximas elecciones al Parlamento de Catalu\u00f1a el 14 de febrero de 2021? - Converses a Catalunya","og_description":"En la encuesta anterior: \u00bfIr\u00e1s a votar en las pr\u00f3ximas elecciones al Parlamento de Catalu\u00f1a el 14 de febrero de 2021? los resultados han sido los siguientes: S\u00ed un 75% No un 17% No lo s\u00e9 un 8% Parece que a estas alturas, nuestros votantes tienen claro que ir\u00e1n a votar.\u00a0S\u00f3lo un 25% dice que no o que no lo sabe. Estos resultados se contradicen con lo que se est\u00e1 hablando \u00faltimamente, tanto en las encuestas como en las tertulias pol\u00edticas, sobre el alto nivel de abstenci\u00f3n entre los votantes de todos los partidos pol\u00edticos. Habr\u00e1 que ver si de aqu\u00ed al 14 de febrero cambia la tendencia. &nbsp;","og_url":"https:\/\/conversesacatalunya.cat\/es\/resultados-encuesta-14-de-febrer-de-2021\/","og_site_name":"Converses a Catalunya","article_published_time":"2020-12-03T08:36:11+00:00","article_modified_time":"2020-12-03T08:40:45+00:00","og_image":[{"width":1280,"height":720,"url":"https:\/\/conversesacatalunya.cat\/wp-content\/uploads\/2020\/12\/14-febrer-eleccions.jpg","type":"image\/jpeg"}],"author":"conversesacatalunya","twitter_card":"summary_large_image","twitter_misc":{"Escrito por":"conversesacatalunya","Tiempo de lectura":"1 minuto"},"schema":{"@context":"https:\/\/schema.org","@graph":[{"@type":"Article","@id":"https:\/\/conversesacatalunya.cat\/es\/resultados-encuesta-14-de-febrer-de-2021\/#article","isPartOf":{"@id":"https:\/\/conversesacatalunya.cat\/es\/resultados-encuesta-14-de-febrer-de-2021\/"},"author":{"name":"conversesacatalunya","@id":"https:\/\/conversesacatalunya.cat\/#\/schema\/person\/982274792508d804a0821b413c9ac076"},"headline":"Resultados de la encuesta anterior: \u00bfIr\u00e1s a votar en las pr\u00f3ximas elecciones al Parlamento de Catalu\u00f1a el 14 de febrero de 2021?","datePublished":"2020-12-03T08:36:11+00:00","dateModified":"2020-12-03T08:40:45+00:00","mainEntityOfPage":{"@id":"https:\/\/conversesacatalunya.cat\/es\/resultados-encuesta-14-de-febrer-de-2021\/"},"wordCount":136,"commentCount":0,"image":{"@id":"https:\/\/conversesacatalunya.cat\/es\/resultados-encuesta-14-de-febrer-de-2021\/#primaryimage"},"thumbnailUrl":"https:\/\/conversesacatalunya.cat\/wp-content\/uploads\/2020\/12\/14-febrer-eleccions.jpg","articleSection":["Objectius espec\u00edfics (ES)"],"inLanguage":"es","potentialAction":[{"@type":"CommentAction","name":"Comment","target":["https:\/\/conversesacatalunya.cat\/es\/resultados-encuesta-14-de-febrer-de-2021\/#respond"]}]},{"@type":"WebPage","@id":"https:\/\/conversesacatalunya.cat\/es\/resultados-encuesta-14-de-febrer-de-2021\/","url":"https:\/\/conversesacatalunya.cat\/es\/resultados-encuesta-14-de-febrer-de-2021\/","name":"Resultados de la encuesta anterior: \u00bfIr\u00e1s a votar en las pr\u00f3ximas elecciones al Parlamento de Catalu\u00f1a el 14 de febrero de 2021? - Converses a Catalunya","isPartOf":{"@id":"https:\/\/conversesacatalunya.cat\/#website"},"primaryImageOfPage":{"@id":"https:\/\/conversesacatalunya.cat\/es\/resultados-encuesta-14-de-febrer-de-2021\/#primaryimage"},"image":{"@id":"https:\/\/conversesacatalunya.cat\/es\/resultados-encuesta-14-de-febrer-de-2021\/#primaryimage"},"thumbnailUrl":"https:\/\/conversesacatalunya.cat\/wp-content\/uploads\/2020\/12\/14-febrer-eleccions.jpg","datePublished":"2020-12-03T08:36:11+00:00","dateModified":"2020-12-03T08:40:45+00:00","author":{"@id":"https:\/\/conversesacatalunya.cat\/#\/schema\/person\/982274792508d804a0821b413c9ac076"},"breadcrumb":{"@id":"https:\/\/conversesacatalunya.cat\/es\/resultados-encuesta-14-de-febrer-de-2021\/#breadcrumb"},"inLanguage":"es","potentialAction":[{"@type":"ReadAction","target":["https:\/\/conversesacatalunya.cat\/es\/resultados-encuesta-14-de-febrer-de-2021\/"]}]},{"@type":"ImageObject","inLanguage":"es","@id":"https:\/\/conversesacatalunya.cat\/es\/resultados-encuesta-14-de-febrer-de-2021\/#primaryimage","url":"https:\/\/conversesacatalunya.cat\/wp-content\/uploads\/2020\/12\/14-febrer-eleccions.jpg","contentUrl":"https:\/\/conversesacatalunya.cat\/wp-content\/uploads\/2020\/12\/14-febrer-eleccions.jpg","width":1280,"height":720,"caption":"eleccions 14 de febrer"},{"@type":"BreadcrumbList","@id":"https:\/\/conversesacatalunya.cat\/es\/resultados-encuesta-14-de-febrer-de-2021\/#breadcrumb","itemListElement":[{"@type":"ListItem","position":1,"name":"Inici","item":"https:\/\/conversesacatalunya.cat\/es\/"},{"@type":"ListItem","position":2,"name":"Resultados de la encuesta anterior: \u00bfIr\u00e1s a votar en las pr\u00f3ximas elecciones al Parlamento de Catalu\u00f1a el 14 de febrero de 2021?"}]},{"@type":"WebSite","@id":"https:\/\/conversesacatalunya.cat\/#website","url":"https:\/\/conversesacatalunya.cat\/","name":"Converses a Catalunya","description":"","potentialAction":[{"@type":"SearchAction","target":{"@type":"EntryPoint","urlTemplate":"https:\/\/conversesacatalunya.cat\/?s={search_term_string}"},"query-input":{"@type":"PropertyValueSpecification","valueRequired":true,"valueName":"search_term_string"}}],"inLanguage":"es"},{"@type":"Person","@id":"https:\/\/conversesacatalunya.cat\/#\/schema\/person\/982274792508d804a0821b413c9ac076","name":"conversesacatalunya","image":{"@type":"ImageObject","inLanguage":"es","@id":"https:\/\/conversesacatalunya.cat\/#\/schema\/person\/image\/","url":"https:\/\/conversesacatalunya.cat\/wp-content\/litespeed\/avatar\/f04b47eeffd9637c7cf7869e217fb9ec.jpg?ver=1777370077","contentUrl":"https:\/\/conversesacatalunya.cat\/wp-content\/litespeed\/avatar\/f04b47eeffd9637c7cf7869e217fb9ec.jpg?ver=1777370077","caption":"conversesacatalunya"},"url":"https:\/\/conversesacatalunya.cat\/es\/author\/muntsa_escola\/"}]}},"wps_subtitle":"","_links":{"self":[{"href":"https:\/\/conversesacatalunya.cat\/es\/wp-json\/wp\/v2\/posts\/42955","targetHints":{"allow":["GET"]}}],"collection":[{"href":"https:\/\/conversesacatalunya.cat\/es\/wp-json\/wp\/v2\/posts"}],"about":[{"href":"https:\/\/conversesacatalunya.cat\/es\/wp-json\/wp\/v2\/types\/post"}],"author":[{"embeddable":true,"href":"https:\/\/conversesacatalunya.cat\/es\/wp-json\/wp\/v2\/users\/3"}],"replies":[{"embeddable":true,"href":"https:\/\/conversesacatalunya.cat\/es\/wp-json\/wp\/v2\/comments?post=42955"}],"version-history":[{"count":2,"href":"https:\/\/conversesacatalunya.cat\/es\/wp-json\/wp\/v2\/posts\/42955\/revisions"}],"predecessor-version":[{"id":42957,"href":"https:\/\/conversesacatalunya.cat\/es\/wp-json\/wp\/v2\/posts\/42955\/revisions\/42957"}],"wp:featuredmedia":[{"embeddable":true,"href":"https:\/\/conversesacatalunya.cat\/es\/wp-json\/wp\/v2\/media\/42953"}],"wp:attachment":[{"href":"https:\/\/conversesacatalunya.cat\/es\/wp-json\/wp\/v2\/media?parent=42955"}],"wp:term":[{"taxonomy":"category","embeddable":true,"href":"https:\/\/conversesacatalunya.cat\/es\/wp-json\/wp\/v2\/categories?post=42955"},{"taxonomy":"post_tag","embeddable":true,"href":"https:\/\/conversesacatalunya.cat\/es\/wp-json\/wp\/v2\/tags?post=42955"}],"curies":[{"name":"wp","href":"https:\/\/api.w.org\/{rel}","templated":true}]}}