{"id":42856,"date":"2020-11-30T12:52:02","date_gmt":"2020-11-30T11:52:02","guid":{"rendered":"https:\/\/conversesacatalunya.cat\/les-mesures-de-la-generalitat-han-ensorrat-lhostaleria-a-catalunya-les-xifres-comparatives-amb-madrid\/"},"modified":"2020-11-30T15:10:34","modified_gmt":"2020-11-30T14:10:34","slug":"las-medidas-de-la-generalitat-han-derrumbado-la-hosteleria-en-cataluna-las-cifras-comparativas-con-madrid","status":"publish","type":"post","link":"https:\/\/conversesacatalunya.cat\/es\/las-medidas-de-la-generalitat-han-derrumbado-la-hosteleria-en-cataluna-las-cifras-comparativas-con-madrid\/","title":{"rendered":"Las medidas de la Generalitat han hundido la hosteler\u00eda en Catalu\u00f1a: las cifras comparativas con Madrid"},"content":{"rendered":"<p><span><span class=\"\">Las dos tablas adjuntas dan informaci\u00f3n sobre el grado de apertura de los negocios (en rojo) y la cifra de ventas (en azul), tanto de Madrid como de Catalu\u00f1a. Como se puede observar, el cierre inicial con efectos hasta bien entrado el mes de mayo\u00a0<\/span><\/span><strong><span><span class=\"\">fue demoledor, como es l\u00f3gico,<\/span><\/span><\/strong><span><span class=\"\"> en las dos comunidades, pero <\/span><\/span><strong><span><span class=\"\">mucho m\u00e1s en Madrid que en Barcelona,<\/span><\/span><\/strong><span><span class=\"\"> donde el cierre fue pr\u00e1cticamente total, mientras que en Barcelona se salv\u00f3 alrededor del 7% -10% y \u00e9sta lleg\u00f3 a ser la cifra de ventas. Despu\u00e9s en ambos casos se produce una progresiva y r\u00e1pida mejora, si bien hay que tener en cuenta dos aspectos:<\/span><\/span><\/p>\n<p><span><span class=\"\">El primero es que en\u00a0<\/span><\/span><strong><span><span class=\"\">ning\u00fan caso<\/span><\/span><\/strong><span><span class=\"\"> el n\u00famero de locales abiertos se sit\u00faa en la cifra 100 o su proximidad, que querr\u00eda decir una\u00a0<\/span><\/span><strong><span><span class=\"\">total normalidad<\/span><\/span><\/strong><span><span class=\"\">. La segunda caracter\u00edstica es que\u00a0<\/span><\/span><strong><span><span class=\"\">Catalu\u00f1a alcanza un nivel de apertura m\u00e1s elevado<\/span><\/span><\/strong><span><span class=\"\">\u00a0y m\u00e1s sostenido. En el mes de julio estaban abiertos el 85% de los locales de hosteler\u00eda, decaen un poco entre la segunda parte de julio y principios de agosto a consecuencia de las vacaciones, y logra su primer m\u00e1ximo\u00a0<\/span><\/span><strong><span><span class=\"\">con 88%<\/span><\/span><\/strong><span><span class=\"\"> el 16 de agosto, un m\u00e1ximo que se vuelve a repetir casi igual el\u00a0<\/span><\/span><strong><span><span class=\"\">20 de septiembre<\/span><\/span><\/strong><span><span class=\"\">. En el caso de Catalu\u00f1a comienza un ligero descenso, y\u00a0<\/span><\/span><strong><span><span class=\"\">el 16 de octubre<\/span><\/span><\/strong><span><span class=\"\">\u00a0los locales estaban abiertos en\u00a0<\/span><\/span><strong><span><span class=\"\">un 83,4<\/span><\/span><\/strong><span>%.\u00a0Entonces se producen las medidas espec\u00edficas de restricci\u00f3n y las aperturas caen\u00a0<\/span><strong><span>hasta un 25% que lentamente ascienden hasta el 22 de noviembre a un 32%<\/span><\/strong><span>\u00a0.<\/span><\/p>\n<p><img fetchpriority=\"high\" decoding=\"async\" class=\"aligncenter wp-image-42842 size-full lazyloaded\" src=\"https:\/\/conversesacatalunya.cat\/wp-content\/uploads\/2020\/11\/locals-2.jpg\" sizes=\"(max-width: 872px) 100vw, 872px\" srcset=\"https:\/\/conversesacatalunya.cat\/wp-content\/uploads\/2020\/11\/locals-2.jpg 872w, https:\/\/conversesacatalunya.cat\/wp-content\/uploads\/2020\/11\/locals-2-300x167.jpg 300w\" alt=\"\" width=\"872\" height=\"486\" data-srcset=\"https:\/\/conversesacatalunya.cat\/wp-content\/uploads\/2020\/11\/locals-2.jpg 872w, https:\/\/conversesacatalunya.cat\/wp-content\/uploads\/2020\/11\/locals-2-300x167.jpg 300w\" data-src=\"https:\/\/conversesacatalunya.cat\/wp-content\/uploads\/2020\/11\/locals-2.jpg\" data-sizes=\"(max-width: 872px) 100vw, 872px\" \/><\/p>\n<div class=\"code-block code-block-4\">\n<div class=\"w-actionbox color_light controls_right\">\n<div class=\"w-actionbox-text\"><\/div>\n<\/div>\n<\/div>\n<p><span>Si comparamos la curva de apertura entre Catalu\u00f1a y Madrid, vemos que\u00a0<\/span><strong><span>Madrid mantiene una posici\u00f3n en torno al 70-80<\/span><\/strong><span>\u00a0% sin superar esta \u00faltima cifra hasta mediados de noviembre. Mientras\u00a0<\/span><strong><span>que Catalu\u00f1a se sit\u00faa por encima del 80% desde mediados de julio hasta el 31 de octubre<\/span><\/strong><span>; en otras palabras, la cifra de apertura catalana ha sido superior a la madrile\u00f1a a lo largo de todo el periodo hasta la bajada por el cierre impuesto por la Generalitat. En este sentido, el estrago de la pandemia en el sector de la hosteler\u00eda habr\u00eda sido moderado porque la gran mayor\u00eda de locales habr\u00edan vuelto a funcionar y la reducci\u00f3n, a pesar de ser importante, <\/span><strong><span>se habr\u00eda situado por debajo del 20%. <\/span><\/strong><span>Ahora ya no es as\u00ed y habr\u00e1 que ver cu\u00e1ntos de los locales que se hab\u00edan mantenido abiertos a pesar de la pandemia y que ahora han tenido que cerrar durante muchos d\u00edas se vuelven a recuperar.\u00a0<\/span><strong><span>La ca\u00edda de m\u00e1s de 50 puntos porcentuales en apertura<\/span><\/strong><span>, sin duda se har\u00e1 notar sobre todo si las ventas de Navidad no devienen francamente buenas.<\/span><\/p>\n<p><img decoding=\"async\" class=\"aligncenter size-full wp-image-42840 lazyloaded\" src=\"https:\/\/conversesacatalunya.cat\/wp-content\/uploads\/2020\/11\/locals-1.jpg\" sizes=\"(max-width: 634px) 100vw, 634px\" srcset=\"https:\/\/conversesacatalunya.cat\/wp-content\/uploads\/2020\/11\/locals-1.jpg 634w, https:\/\/conversesacatalunya.cat\/wp-content\/uploads\/2020\/11\/locals-1-300x189.jpg 300w\" alt=\"\" width=\"634\" height=\"400\" data-srcset=\"https:\/\/conversesacatalunya.cat\/wp-content\/uploads\/2020\/11\/locals-1.jpg 634w, https:\/\/conversesacatalunya.cat\/wp-content\/uploads\/2020\/11\/locals-1-300x189.jpg 300w\" data-src=\"https:\/\/conversesacatalunya.cat\/wp-content\/uploads\/2020\/11\/locals-1.jpg\" data-sizes=\"(max-width: 634px) 100vw, 634px\" \/><\/p>\n<p><strong><span>Como es l\u00f3gico, la curva de ventas<\/span><\/strong><span>\u00a0sigue la de la apertura pero en t\u00e9rminos tambi\u00e9n m\u00e1s perjudiciales para Madrid.<\/span><\/p>\n<p><span>Por un lado porque el efecto vacaciones fue m\u00e1s agudo, se not\u00f3 m\u00e1s en el consumo en este sector, y despu\u00e9s porque a partir de finales de septiembre se observa una ca\u00edda debida a las restricciones impuestas que\u00a0<\/span><strong><span>situaron las ventas entre el 50 y el 60%,<\/span><\/strong><span> cuando ven\u00edan de significar el 75%. A partir de primeros de noviembre se produjo una recuperaci\u00f3n y terminaba la \u00faltima semana del mes con una cifra del 68%. En Catalu\u00f1a las <\/span><strong><span>cifras son claramente m\u00e1s altas y se mueven entre el 76% y el 82%,<\/span><\/strong><span> el m\u00e1ximo el 16 de agosto, hasta el descenso que se inicia en el mes de octubre\u00a0<\/span><strong><span>y se hunde en el mes de noviembre.<\/span><\/strong><\/p>\n<p><span>Este diferente comportamiento nos indica dos cosas: a lo largo del tiempo de pandemia en Madrid, en el sector referido, ha quedado m\u00e1s afectada que no Catalu\u00f1a, tanto en apertura como en ventas, <\/span><strong><span>pero las medidas finales de la Generalitat han truncado este relativo mejor comportamiento<\/span><\/strong><span>\u00a0y ahora planea la incertidumbre m\u00e1s absoluta sobre el futuro de este sector.<\/span><\/p>\n<p><span><span class=\"goog-text-highlight\">Hay que ver el doble impacto de las fiestas de Navidad que arrancaron con el\u00a0<\/span><\/span><em><span><span class=\"goog-text-highlight\">Black Friday<\/span><\/span><\/em><span><span class=\"goog-text-highlight\">\u00a0en un doble sentido: el de las ventas y en la generaci\u00f3n de un rebrote de la pandemia y su dimensi\u00f3n.<\/span><\/span><\/p>\n<p><span>En todo caso, es evidente que este sector perder\u00e1 tiempo en recuperar el n\u00famero de establecimientos, lugares de trabajo y ventas que ten\u00eda en el per\u00edodo precovid.<\/span><\/p>\n<p style=\"text-align: center;\">M\u00e9s informaci\u00f3n sobre el coronavirus en <a href=\"https:\/\/conversesacatalunya.cat\/es\/coronavirus\/\" target=\"_blank\" rel=\"noopener noreferrer\"><strong>ESPECIAL CORONAVIRUS<\/strong><\/a><\/p>\n<div id=\"polls-82\" class=\"wp-polls\">\n\t<form id=\"polls_form_82\" class=\"wp-polls-form\" action=\"\/index.php\" method=\"post\">\n\t\t<p style=\"display: none;\"><input type=\"hidden\" id=\"poll_82_nonce\" name=\"wp-polls-nonce\" value=\"71a89ab0b7\" \/><\/p>\n\t\t<p style=\"display: none;\"><input type=\"hidden\" name=\"poll_id\" value=\"82\" \/><\/p>\n\t\t<p style=\"text-align: center\"><strong>Anir\u00e0s a votar a les pr\u00f2ximes eleccions al Parlament de Catalunya el 14 de febrer de 2021?<\/strong><\/p><div id=\"polls-82-ans\" class=\"wp-polls-ans\"><ul class=\"wp-polls-ul\">\n\t\t<li><input type=\"radio\" id=\"poll-answer-183\" name=\"poll_82\" value=\"183\" \/> <label for=\"poll-answer-183\">S\u00ed<\/label><\/li>\n\t\t<li><input type=\"radio\" id=\"poll-answer-184\" name=\"poll_82\" value=\"184\" \/> <label for=\"poll-answer-184\">No<\/label><\/li>\n\t\t<li><input type=\"radio\" id=\"poll-answer-185\" name=\"poll_82\" value=\"185\" \/> <label for=\"poll-answer-185\">No ho s\u00e9<\/label><\/li>\n\t\t<\/ul><p style=\"text-align: center\"><input type=\"button\" name=\"vote\" value=\"   Vota   \" class=\"Buttons\" onclick=\"poll_vote(82);\" \/><\/p><p style=\"text-align: center\"><a href=\"#ViewPollResults\" onclick=\"poll_result(82); return false;\" title=\"View Results Of This Poll\">Mira els resultats<\/a><\/p><\/div>\n\t<\/form>\n<\/div>\n<div id=\"polls-82-loading\" class=\"wp-polls-loading\"><img decoding=\"async\" data-src=\"https:\/\/conversesacatalunya.cat\/wp-content\/plugins\/wp-polls\/images\/loading.gif\" width=\"16\" height=\"16\" alt=\"Cargando ...\" title=\"Cargando ...\" class=\"wp-polls-image lazyload\" src=\"data:image\/svg+xml;base64,PHN2ZyB3aWR0aD0iMSIgaGVpZ2h0PSIxIiB4bWxucz0iaHR0cDovL3d3dy53My5vcmcvMjAwMC9zdmciPjwvc3ZnPg==\" style=\"--smush-placeholder-width: 16px; --smush-placeholder-aspect-ratio: 16\/16;\" \/>&nbsp;Cargando ...<\/div>\n\n","protected":false},"excerpt":{"rendered":"<p>Las dos tablas adjuntas dan informaci\u00f3n sobre el grado de apertura de los negocios (en rojo) y la cifra de ventas (en azul), tanto de Madrid como de Catalu\u00f1a. Como se puede observar, el cierre inicial con efectos hasta bien entrado el mes de mayo\u00a0fue demoledor, como es l\u00f3gico, en las dos comunidades, pero mucho m\u00e1s en Madrid que en Barcelona, donde el cierre fue pr\u00e1cticamente total, mientras que en Barcelona se salv\u00f3 alrededor del 7% -10% y \u00e9sta lleg\u00f3 a ser la cifra de ventas. Despu\u00e9s en ambos casos se produce una progresiva y r\u00e1pida mejora, si bien hay que tener en cuenta dos aspectos: El primero es que en\u00a0ning\u00fan caso el n\u00famero de locales abiertos se sit\u00faa en la cifra 100 o su proximidad, que querr\u00eda decir una\u00a0total normalidad. La segunda caracter\u00edstica es que\u00a0Catalu\u00f1a alcanza un nivel de apertura m\u00e1s elevado\u00a0y m\u00e1s sostenido. En el mes de julio estaban abiertos el 85% de los locales de hosteler\u00eda, decaen un poco entre la segunda parte de julio y principios de agosto a consecuencia de las vacaciones, y logra su primer m\u00e1ximo\u00a0con 88% el 16 de agosto, un m\u00e1ximo que se vuelve a repetir casi igual el\u00a020 de septiembre. En el caso de Catalu\u00f1a comienza un ligero descenso, y\u00a0el 16 de octubre\u00a0los locales estaban abiertos en\u00a0un 83,4%.\u00a0Entonces se producen las medidas espec\u00edficas de restricci\u00f3n y las aperturas caen\u00a0hasta un 25% que lentamente ascienden hasta el 22 de noviembre a un 32%\u00a0. Si comparamos la curva de apertura entre Catalu\u00f1a y Madrid, vemos que\u00a0Madrid mantiene una posici\u00f3n en torno al 70-80\u00a0% sin superar esta \u00faltima cifra hasta mediados de noviembre. Mientras\u00a0que Catalu\u00f1a se sit\u00faa por encima del 80% desde mediados de julio hasta el 31 de octubre; en otras palabras, la cifra de apertura catalana ha sido superior a la madrile\u00f1a a lo largo de todo el periodo hasta la bajada por el cierre impuesto por la Generalitat. En este sentido, el estrago de la pandemia en el sector de la hosteler\u00eda habr\u00eda sido moderado porque la gran mayor\u00eda de locales habr\u00edan vuelto a funcionar y la reducci\u00f3n, a pesar de ser importante, se habr\u00eda situado por debajo del 20%. Ahora ya no es as\u00ed y habr\u00e1 que ver cu\u00e1ntos de los locales que se hab\u00edan mantenido abiertos a pesar de la pandemia y que ahora han tenido que cerrar durante muchos d\u00edas se vuelven a recuperar.\u00a0La ca\u00edda de m\u00e1s de 50 puntos porcentuales en apertura, sin duda se har\u00e1 notar sobre todo si las ventas de Navidad no devienen francamente buenas. Como es l\u00f3gico, la curva de ventas\u00a0sigue la de la apertura pero en t\u00e9rminos tambi\u00e9n m\u00e1s perjudiciales para Madrid. Por un lado porque el efecto vacaciones fue m\u00e1s agudo, se not\u00f3 m\u00e1s en el consumo en este sector, y despu\u00e9s porque a partir de finales de septiembre se observa una ca\u00edda debida a las restricciones impuestas que\u00a0situaron las ventas entre el 50 y el 60%, cuando ven\u00edan de significar el 75%. A partir de primeros de noviembre se produjo una recuperaci\u00f3n y terminaba la \u00faltima semana del mes con una cifra del 68%. En Catalu\u00f1a las cifras son claramente m\u00e1s altas y se mueven entre el 76% y el 82%, el m\u00e1ximo el 16 de agosto, hasta el descenso que se inicia en el mes de octubre\u00a0y se hunde en el mes de noviembre. Este diferente comportamiento nos indica dos cosas: a lo largo del tiempo de pandemia en Madrid, en el sector referido, ha quedado m\u00e1s afectada que no Catalu\u00f1a, tanto en apertura como en ventas, pero las medidas finales de la Generalitat han truncado este relativo mejor comportamiento\u00a0y ahora planea la incertidumbre m\u00e1s absoluta sobre el futuro de este sector. Hay que ver el doble impacto de las fiestas de Navidad que arrancaron con el\u00a0Black Friday\u00a0en un doble sentido: el de las ventas y en la generaci\u00f3n de un rebrote de la pandemia y su dimensi\u00f3n. En todo caso, es evidente que este sector perder\u00e1 tiempo en recuperar el n\u00famero de establecimientos, lugares de trabajo y ventas que ten\u00eda en el per\u00edodo precovid. M\u00e9s informaci\u00f3n sobre el coronavirus en ESPECIAL CORONAVIRUS<\/p>\n","protected":false},"author":2,"featured_media":42845,"comment_status":"open","ping_status":"open","sticky":false,"template":"","format":"standard","meta":{"_FSMCFIC_featured_image_caption":"","_FSMCFIC_featured_image_nocaption":"","_FSMCFIC_featured_image_hide":"","footnotes":""},"categories":[1772,806],"tags":[3006,2049],"class_list":["post-42856","post","type-post","status-publish","format-standard","has-post-thumbnail","hentry","category-especial-coronavirus-es","category-punts-claus-del-dia-es","tag-crisis-coronavirus","tag-medidas-coronavirus"],"yoast_head":"<!-- This site is optimized with the Yoast SEO plugin v26.8 - https:\/\/yoast.com\/product\/yoast-seo-wordpress\/ -->\n<title>Las medidas de la Generalitat han hundido la hosteler\u00eda en Catalu\u00f1a: las cifras comparativas con Madrid - Converses a Catalunya<\/title>\n<meta name=\"robots\" content=\"index, follow, max-snippet:-1, max-image-preview:large, max-video-preview:-1\" \/>\n<link rel=\"canonical\" href=\"https:\/\/conversesacatalunya.cat\/es\/las-medidas-de-la-generalitat-han-derrumbado-la-hosteleria-en-cataluna-las-cifras-comparativas-con-madrid\/\" \/>\n<meta property=\"og:locale\" content=\"es_ES\" \/>\n<meta property=\"og:type\" content=\"article\" \/>\n<meta property=\"og:title\" content=\"Las medidas de la Generalitat han hundido la hosteler\u00eda en Catalu\u00f1a: las cifras comparativas con Madrid - Converses a Catalunya\" \/>\n<meta property=\"og:description\" content=\"Las dos tablas adjuntas dan informaci\u00f3n sobre el grado de apertura de los negocios (en rojo) y la cifra de ventas (en azul), tanto de Madrid como de Catalu\u00f1a. Como se puede observar, el cierre inicial con efectos hasta bien entrado el mes de mayo\u00a0fue demoledor, como es l\u00f3gico, en las dos comunidades, pero mucho m\u00e1s en Madrid que en Barcelona, donde el cierre fue pr\u00e1cticamente total, mientras que en Barcelona se salv\u00f3 alrededor del 7% -10% y \u00e9sta lleg\u00f3 a ser la cifra de ventas. Despu\u00e9s en ambos casos se produce una progresiva y r\u00e1pida mejora, si bien hay que tener en cuenta dos aspectos: El primero es que en\u00a0ning\u00fan caso el n\u00famero de locales abiertos se sit\u00faa en la cifra 100 o su proximidad, que querr\u00eda decir una\u00a0total normalidad. La segunda caracter\u00edstica es que\u00a0Catalu\u00f1a alcanza un nivel de apertura m\u00e1s elevado\u00a0y m\u00e1s sostenido. En el mes de julio estaban abiertos el 85% de los locales de hosteler\u00eda, decaen un poco entre la segunda parte de julio y principios de agosto a consecuencia de las vacaciones, y logra su primer m\u00e1ximo\u00a0con 88% el 16 de agosto, un m\u00e1ximo que se vuelve a repetir casi igual el\u00a020 de septiembre. En el caso de Catalu\u00f1a comienza un ligero descenso, y\u00a0el 16 de octubre\u00a0los locales estaban abiertos en\u00a0un 83,4%.\u00a0Entonces se producen las medidas espec\u00edficas de restricci\u00f3n y las aperturas caen\u00a0hasta un 25% que lentamente ascienden hasta el 22 de noviembre a un 32%\u00a0. Si comparamos la curva de apertura entre Catalu\u00f1a y Madrid, vemos que\u00a0Madrid mantiene una posici\u00f3n en torno al 70-80\u00a0% sin superar esta \u00faltima cifra hasta mediados de noviembre. Mientras\u00a0que Catalu\u00f1a se sit\u00faa por encima del 80% desde mediados de julio hasta el 31 de octubre; en otras palabras, la cifra de apertura catalana ha sido superior a la madrile\u00f1a a lo largo de todo el periodo hasta la bajada por el cierre impuesto por la Generalitat. En este sentido, el estrago de la pandemia en el sector de la hosteler\u00eda habr\u00eda sido moderado porque la gran mayor\u00eda de locales habr\u00edan vuelto a funcionar y la reducci\u00f3n, a pesar de ser importante, se habr\u00eda situado por debajo del 20%. Ahora ya no es as\u00ed y habr\u00e1 que ver cu\u00e1ntos de los locales que se hab\u00edan mantenido abiertos a pesar de la pandemia y que ahora han tenido que cerrar durante muchos d\u00edas se vuelven a recuperar.\u00a0La ca\u00edda de m\u00e1s de 50 puntos porcentuales en apertura, sin duda se har\u00e1 notar sobre todo si las ventas de Navidad no devienen francamente buenas. Como es l\u00f3gico, la curva de ventas\u00a0sigue la de la apertura pero en t\u00e9rminos tambi\u00e9n m\u00e1s perjudiciales para Madrid. Por un lado porque el efecto vacaciones fue m\u00e1s agudo, se not\u00f3 m\u00e1s en el consumo en este sector, y despu\u00e9s porque a partir de finales de septiembre se observa una ca\u00edda debida a las restricciones impuestas que\u00a0situaron las ventas entre el 50 y el 60%, cuando ven\u00edan de significar el 75%. A partir de primeros de noviembre se produjo una recuperaci\u00f3n y terminaba la \u00faltima semana del mes con una cifra del 68%. En Catalu\u00f1a las cifras son claramente m\u00e1s altas y se mueven entre el 76% y el 82%, el m\u00e1ximo el 16 de agosto, hasta el descenso que se inicia en el mes de octubre\u00a0y se hunde en el mes de noviembre. Este diferente comportamiento nos indica dos cosas: a lo largo del tiempo de pandemia en Madrid, en el sector referido, ha quedado m\u00e1s afectada que no Catalu\u00f1a, tanto en apertura como en ventas, pero las medidas finales de la Generalitat han truncado este relativo mejor comportamiento\u00a0y ahora planea la incertidumbre m\u00e1s absoluta sobre el futuro de este sector. Hay que ver el doble impacto de las fiestas de Navidad que arrancaron con el\u00a0Black Friday\u00a0en un doble sentido: el de las ventas y en la generaci\u00f3n de un rebrote de la pandemia y su dimensi\u00f3n. En todo caso, es evidente que este sector perder\u00e1 tiempo en recuperar el n\u00famero de establecimientos, lugares de trabajo y ventas que ten\u00eda en el per\u00edodo precovid. M\u00e9s informaci\u00f3n sobre el coronavirus en ESPECIAL CORONAVIRUS\" \/>\n<meta property=\"og:url\" content=\"https:\/\/conversesacatalunya.cat\/es\/las-medidas-de-la-generalitat-han-derrumbado-la-hosteleria-en-cataluna-las-cifras-comparativas-con-madrid\/\" \/>\n<meta property=\"og:site_name\" content=\"Converses a Catalunya\" \/>\n<meta property=\"article:published_time\" content=\"2020-11-30T11:52:02+00:00\" \/>\n<meta property=\"article:modified_time\" content=\"2020-11-30T14:10:34+00:00\" \/>\n<meta property=\"og:image\" content=\"https:\/\/conversesacatalunya.cat\/wp-content\/uploads\/2020\/11\/restaurants-tancats.jpg\" \/>\n\t<meta property=\"og:image:width\" content=\"800\" \/>\n\t<meta property=\"og:image:height\" content=\"538\" \/>\n\t<meta property=\"og:image:type\" content=\"image\/jpeg\" \/>\n<meta name=\"author\" content=\"conversesacatalunya\" \/>\n<meta name=\"twitter:card\" content=\"summary_large_image\" \/>\n<meta name=\"twitter:label1\" content=\"Escrito por\" \/>\n\t<meta name=\"twitter:data1\" content=\"conversesacatalunya\" \/>\n\t<meta name=\"twitter:label2\" content=\"Tiempo de lectura\" \/>\n\t<meta name=\"twitter:data2\" content=\"4 minutos\" \/>\n<script type=\"application\/ld+json\" class=\"yoast-schema-graph\">{\"@context\":\"https:\/\/schema.org\",\"@graph\":[{\"@type\":\"Article\",\"@id\":\"https:\/\/conversesacatalunya.cat\/es\/las-medidas-de-la-generalitat-han-derrumbado-la-hosteleria-en-cataluna-las-cifras-comparativas-con-madrid\/#article\",\"isPartOf\":{\"@id\":\"https:\/\/conversesacatalunya.cat\/es\/las-medidas-de-la-generalitat-han-derrumbado-la-hosteleria-en-cataluna-las-cifras-comparativas-con-madrid\/\"},\"author\":{\"name\":\"conversesacatalunya\",\"@id\":\"https:\/\/conversesacatalunya.cat\/#\/schema\/person\/7e24d1e54a2785373ddcb275eae5ed99\"},\"headline\":\"Las medidas de la Generalitat han hundido la hosteler\u00eda en Catalu\u00f1a: las cifras comparativas con Madrid\",\"datePublished\":\"2020-11-30T11:52:02+00:00\",\"dateModified\":\"2020-11-30T14:10:34+00:00\",\"mainEntityOfPage\":{\"@id\":\"https:\/\/conversesacatalunya.cat\/es\/las-medidas-de-la-generalitat-han-derrumbado-la-hosteleria-en-cataluna-las-cifras-comparativas-con-madrid\/\"},\"wordCount\":763,\"commentCount\":0,\"image\":{\"@id\":\"https:\/\/conversesacatalunya.cat\/es\/las-medidas-de-la-generalitat-han-derrumbado-la-hosteleria-en-cataluna-las-cifras-comparativas-con-madrid\/#primaryimage\"},\"thumbnailUrl\":\"https:\/\/conversesacatalunya.cat\/wp-content\/uploads\/2020\/11\/restaurants-tancats.jpg\",\"keywords\":[\"crisis coronavirus\",\"medidas coronavirus\"],\"articleSection\":[\"Especial Coronavirus (ES)\",\"Punts clau del dia (ES)\"],\"inLanguage\":\"es\",\"potentialAction\":[{\"@type\":\"CommentAction\",\"name\":\"Comment\",\"target\":[\"https:\/\/conversesacatalunya.cat\/es\/las-medidas-de-la-generalitat-han-derrumbado-la-hosteleria-en-cataluna-las-cifras-comparativas-con-madrid\/#respond\"]}]},{\"@type\":\"WebPage\",\"@id\":\"https:\/\/conversesacatalunya.cat\/es\/las-medidas-de-la-generalitat-han-derrumbado-la-hosteleria-en-cataluna-las-cifras-comparativas-con-madrid\/\",\"url\":\"https:\/\/conversesacatalunya.cat\/es\/las-medidas-de-la-generalitat-han-derrumbado-la-hosteleria-en-cataluna-las-cifras-comparativas-con-madrid\/\",\"name\":\"Las medidas de la Generalitat han hundido la hosteler\u00eda en Catalu\u00f1a: las cifras comparativas con Madrid - Converses a Catalunya\",\"isPartOf\":{\"@id\":\"https:\/\/conversesacatalunya.cat\/#website\"},\"primaryImageOfPage\":{\"@id\":\"https:\/\/conversesacatalunya.cat\/es\/las-medidas-de-la-generalitat-han-derrumbado-la-hosteleria-en-cataluna-las-cifras-comparativas-con-madrid\/#primaryimage\"},\"image\":{\"@id\":\"https:\/\/conversesacatalunya.cat\/es\/las-medidas-de-la-generalitat-han-derrumbado-la-hosteleria-en-cataluna-las-cifras-comparativas-con-madrid\/#primaryimage\"},\"thumbnailUrl\":\"https:\/\/conversesacatalunya.cat\/wp-content\/uploads\/2020\/11\/restaurants-tancats.jpg\",\"datePublished\":\"2020-11-30T11:52:02+00:00\",\"dateModified\":\"2020-11-30T14:10:34+00:00\",\"author\":{\"@id\":\"https:\/\/conversesacatalunya.cat\/#\/schema\/person\/7e24d1e54a2785373ddcb275eae5ed99\"},\"breadcrumb\":{\"@id\":\"https:\/\/conversesacatalunya.cat\/es\/las-medidas-de-la-generalitat-han-derrumbado-la-hosteleria-en-cataluna-las-cifras-comparativas-con-madrid\/#breadcrumb\"},\"inLanguage\":\"es\",\"potentialAction\":[{\"@type\":\"ReadAction\",\"target\":[\"https:\/\/conversesacatalunya.cat\/es\/las-medidas-de-la-generalitat-han-derrumbado-la-hosteleria-en-cataluna-las-cifras-comparativas-con-madrid\/\"]}]},{\"@type\":\"ImageObject\",\"inLanguage\":\"es\",\"@id\":\"https:\/\/conversesacatalunya.cat\/es\/las-medidas-de-la-generalitat-han-derrumbado-la-hosteleria-en-cataluna-las-cifras-comparativas-con-madrid\/#primaryimage\",\"url\":\"https:\/\/conversesacatalunya.cat\/wp-content\/uploads\/2020\/11\/restaurants-tancats.jpg\",\"contentUrl\":\"https:\/\/conversesacatalunya.cat\/wp-content\/uploads\/2020\/11\/restaurants-tancats.jpg\",\"width\":800,\"height\":538,\"caption\":\"Girona. Primer dia de les noves restriccions per la Covid. Parcs tancats, amb controls d'aforament, terrasses menys plenes, botigues tancades i gent fent cua\"},{\"@type\":\"BreadcrumbList\",\"@id\":\"https:\/\/conversesacatalunya.cat\/es\/las-medidas-de-la-generalitat-han-derrumbado-la-hosteleria-en-cataluna-las-cifras-comparativas-con-madrid\/#breadcrumb\",\"itemListElement\":[{\"@type\":\"ListItem\",\"position\":1,\"name\":\"Inici\",\"item\":\"https:\/\/conversesacatalunya.cat\/es\/\"},{\"@type\":\"ListItem\",\"position\":2,\"name\":\"Las medidas de la Generalitat han hundido la hosteler\u00eda en Catalu\u00f1a: las cifras comparativas con Madrid\"}]},{\"@type\":\"WebSite\",\"@id\":\"https:\/\/conversesacatalunya.cat\/#website\",\"url\":\"https:\/\/conversesacatalunya.cat\/\",\"name\":\"Converses a Catalunya\",\"description\":\"\",\"potentialAction\":[{\"@type\":\"SearchAction\",\"target\":{\"@type\":\"EntryPoint\",\"urlTemplate\":\"https:\/\/conversesacatalunya.cat\/?s={search_term_string}\"},\"query-input\":{\"@type\":\"PropertyValueSpecification\",\"valueRequired\":true,\"valueName\":\"search_term_string\"}}],\"inLanguage\":\"es\"},{\"@type\":\"Person\",\"@id\":\"https:\/\/conversesacatalunya.cat\/#\/schema\/person\/7e24d1e54a2785373ddcb275eae5ed99\",\"name\":\"conversesacatalunya\",\"image\":{\"@type\":\"ImageObject\",\"inLanguage\":\"es\",\"@id\":\"https:\/\/conversesacatalunya.cat\/#\/schema\/person\/image\/\",\"url\":\"https:\/\/conversesacatalunya.cat\/wp-content\/litespeed\/avatar\/febdfeeec89d950f01c748045a981dd2.jpg?ver=1777314535\",\"contentUrl\":\"https:\/\/conversesacatalunya.cat\/wp-content\/litespeed\/avatar\/febdfeeec89d950f01c748045a981dd2.jpg?ver=1777314535\",\"caption\":\"conversesacatalunya\"},\"url\":\"https:\/\/conversesacatalunya.cat\/es\/author\/carme_catala\/\"}]}<\/script>\n<!-- \/ Yoast SEO plugin. -->","yoast_head_json":{"title":"Las medidas de la Generalitat han hundido la hosteler\u00eda en Catalu\u00f1a: las cifras comparativas con Madrid - Converses a Catalunya","robots":{"index":"index","follow":"follow","max-snippet":"max-snippet:-1","max-image-preview":"max-image-preview:large","max-video-preview":"max-video-preview:-1"},"canonical":"https:\/\/conversesacatalunya.cat\/es\/las-medidas-de-la-generalitat-han-derrumbado-la-hosteleria-en-cataluna-las-cifras-comparativas-con-madrid\/","og_locale":"es_ES","og_type":"article","og_title":"Las medidas de la Generalitat han hundido la hosteler\u00eda en Catalu\u00f1a: las cifras comparativas con Madrid - Converses a Catalunya","og_description":"Las dos tablas adjuntas dan informaci\u00f3n sobre el grado de apertura de los negocios (en rojo) y la cifra de ventas (en azul), tanto de Madrid como de Catalu\u00f1a. Como se puede observar, el cierre inicial con efectos hasta bien entrado el mes de mayo\u00a0fue demoledor, como es l\u00f3gico, en las dos comunidades, pero mucho m\u00e1s en Madrid que en Barcelona, donde el cierre fue pr\u00e1cticamente total, mientras que en Barcelona se salv\u00f3 alrededor del 7% -10% y \u00e9sta lleg\u00f3 a ser la cifra de ventas. Despu\u00e9s en ambos casos se produce una progresiva y r\u00e1pida mejora, si bien hay que tener en cuenta dos aspectos: El primero es que en\u00a0ning\u00fan caso el n\u00famero de locales abiertos se sit\u00faa en la cifra 100 o su proximidad, que querr\u00eda decir una\u00a0total normalidad. La segunda caracter\u00edstica es que\u00a0Catalu\u00f1a alcanza un nivel de apertura m\u00e1s elevado\u00a0y m\u00e1s sostenido. En el mes de julio estaban abiertos el 85% de los locales de hosteler\u00eda, decaen un poco entre la segunda parte de julio y principios de agosto a consecuencia de las vacaciones, y logra su primer m\u00e1ximo\u00a0con 88% el 16 de agosto, un m\u00e1ximo que se vuelve a repetir casi igual el\u00a020 de septiembre. En el caso de Catalu\u00f1a comienza un ligero descenso, y\u00a0el 16 de octubre\u00a0los locales estaban abiertos en\u00a0un 83,4%.\u00a0Entonces se producen las medidas espec\u00edficas de restricci\u00f3n y las aperturas caen\u00a0hasta un 25% que lentamente ascienden hasta el 22 de noviembre a un 32%\u00a0. Si comparamos la curva de apertura entre Catalu\u00f1a y Madrid, vemos que\u00a0Madrid mantiene una posici\u00f3n en torno al 70-80\u00a0% sin superar esta \u00faltima cifra hasta mediados de noviembre. Mientras\u00a0que Catalu\u00f1a se sit\u00faa por encima del 80% desde mediados de julio hasta el 31 de octubre; en otras palabras, la cifra de apertura catalana ha sido superior a la madrile\u00f1a a lo largo de todo el periodo hasta la bajada por el cierre impuesto por la Generalitat. En este sentido, el estrago de la pandemia en el sector de la hosteler\u00eda habr\u00eda sido moderado porque la gran mayor\u00eda de locales habr\u00edan vuelto a funcionar y la reducci\u00f3n, a pesar de ser importante, se habr\u00eda situado por debajo del 20%. Ahora ya no es as\u00ed y habr\u00e1 que ver cu\u00e1ntos de los locales que se hab\u00edan mantenido abiertos a pesar de la pandemia y que ahora han tenido que cerrar durante muchos d\u00edas se vuelven a recuperar.\u00a0La ca\u00edda de m\u00e1s de 50 puntos porcentuales en apertura, sin duda se har\u00e1 notar sobre todo si las ventas de Navidad no devienen francamente buenas. Como es l\u00f3gico, la curva de ventas\u00a0sigue la de la apertura pero en t\u00e9rminos tambi\u00e9n m\u00e1s perjudiciales para Madrid. Por un lado porque el efecto vacaciones fue m\u00e1s agudo, se not\u00f3 m\u00e1s en el consumo en este sector, y despu\u00e9s porque a partir de finales de septiembre se observa una ca\u00edda debida a las restricciones impuestas que\u00a0situaron las ventas entre el 50 y el 60%, cuando ven\u00edan de significar el 75%. A partir de primeros de noviembre se produjo una recuperaci\u00f3n y terminaba la \u00faltima semana del mes con una cifra del 68%. En Catalu\u00f1a las cifras son claramente m\u00e1s altas y se mueven entre el 76% y el 82%, el m\u00e1ximo el 16 de agosto, hasta el descenso que se inicia en el mes de octubre\u00a0y se hunde en el mes de noviembre. Este diferente comportamiento nos indica dos cosas: a lo largo del tiempo de pandemia en Madrid, en el sector referido, ha quedado m\u00e1s afectada que no Catalu\u00f1a, tanto en apertura como en ventas, pero las medidas finales de la Generalitat han truncado este relativo mejor comportamiento\u00a0y ahora planea la incertidumbre m\u00e1s absoluta sobre el futuro de este sector. Hay que ver el doble impacto de las fiestas de Navidad que arrancaron con el\u00a0Black Friday\u00a0en un doble sentido: el de las ventas y en la generaci\u00f3n de un rebrote de la pandemia y su dimensi\u00f3n. En todo caso, es evidente que este sector perder\u00e1 tiempo en recuperar el n\u00famero de establecimientos, lugares de trabajo y ventas que ten\u00eda en el per\u00edodo precovid. M\u00e9s informaci\u00f3n sobre el coronavirus en ESPECIAL CORONAVIRUS","og_url":"https:\/\/conversesacatalunya.cat\/es\/las-medidas-de-la-generalitat-han-derrumbado-la-hosteleria-en-cataluna-las-cifras-comparativas-con-madrid\/","og_site_name":"Converses a Catalunya","article_published_time":"2020-11-30T11:52:02+00:00","article_modified_time":"2020-11-30T14:10:34+00:00","og_image":[{"width":800,"height":538,"url":"https:\/\/conversesacatalunya.cat\/wp-content\/uploads\/2020\/11\/restaurants-tancats.jpg","type":"image\/jpeg"}],"author":"conversesacatalunya","twitter_card":"summary_large_image","twitter_misc":{"Escrito por":"conversesacatalunya","Tiempo de lectura":"4 minutos"},"schema":{"@context":"https:\/\/schema.org","@graph":[{"@type":"Article","@id":"https:\/\/conversesacatalunya.cat\/es\/las-medidas-de-la-generalitat-han-derrumbado-la-hosteleria-en-cataluna-las-cifras-comparativas-con-madrid\/#article","isPartOf":{"@id":"https:\/\/conversesacatalunya.cat\/es\/las-medidas-de-la-generalitat-han-derrumbado-la-hosteleria-en-cataluna-las-cifras-comparativas-con-madrid\/"},"author":{"name":"conversesacatalunya","@id":"https:\/\/conversesacatalunya.cat\/#\/schema\/person\/7e24d1e54a2785373ddcb275eae5ed99"},"headline":"Las medidas de la Generalitat han hundido la hosteler\u00eda en Catalu\u00f1a: las cifras comparativas con Madrid","datePublished":"2020-11-30T11:52:02+00:00","dateModified":"2020-11-30T14:10:34+00:00","mainEntityOfPage":{"@id":"https:\/\/conversesacatalunya.cat\/es\/las-medidas-de-la-generalitat-han-derrumbado-la-hosteleria-en-cataluna-las-cifras-comparativas-con-madrid\/"},"wordCount":763,"commentCount":0,"image":{"@id":"https:\/\/conversesacatalunya.cat\/es\/las-medidas-de-la-generalitat-han-derrumbado-la-hosteleria-en-cataluna-las-cifras-comparativas-con-madrid\/#primaryimage"},"thumbnailUrl":"https:\/\/conversesacatalunya.cat\/wp-content\/uploads\/2020\/11\/restaurants-tancats.jpg","keywords":["crisis coronavirus","medidas coronavirus"],"articleSection":["Especial Coronavirus (ES)","Punts clau del dia (ES)"],"inLanguage":"es","potentialAction":[{"@type":"CommentAction","name":"Comment","target":["https:\/\/conversesacatalunya.cat\/es\/las-medidas-de-la-generalitat-han-derrumbado-la-hosteleria-en-cataluna-las-cifras-comparativas-con-madrid\/#respond"]}]},{"@type":"WebPage","@id":"https:\/\/conversesacatalunya.cat\/es\/las-medidas-de-la-generalitat-han-derrumbado-la-hosteleria-en-cataluna-las-cifras-comparativas-con-madrid\/","url":"https:\/\/conversesacatalunya.cat\/es\/las-medidas-de-la-generalitat-han-derrumbado-la-hosteleria-en-cataluna-las-cifras-comparativas-con-madrid\/","name":"Las medidas de la Generalitat han hundido la hosteler\u00eda en Catalu\u00f1a: las cifras comparativas con Madrid - Converses a Catalunya","isPartOf":{"@id":"https:\/\/conversesacatalunya.cat\/#website"},"primaryImageOfPage":{"@id":"https:\/\/conversesacatalunya.cat\/es\/las-medidas-de-la-generalitat-han-derrumbado-la-hosteleria-en-cataluna-las-cifras-comparativas-con-madrid\/#primaryimage"},"image":{"@id":"https:\/\/conversesacatalunya.cat\/es\/las-medidas-de-la-generalitat-han-derrumbado-la-hosteleria-en-cataluna-las-cifras-comparativas-con-madrid\/#primaryimage"},"thumbnailUrl":"https:\/\/conversesacatalunya.cat\/wp-content\/uploads\/2020\/11\/restaurants-tancats.jpg","datePublished":"2020-11-30T11:52:02+00:00","dateModified":"2020-11-30T14:10:34+00:00","author":{"@id":"https:\/\/conversesacatalunya.cat\/#\/schema\/person\/7e24d1e54a2785373ddcb275eae5ed99"},"breadcrumb":{"@id":"https:\/\/conversesacatalunya.cat\/es\/las-medidas-de-la-generalitat-han-derrumbado-la-hosteleria-en-cataluna-las-cifras-comparativas-con-madrid\/#breadcrumb"},"inLanguage":"es","potentialAction":[{"@type":"ReadAction","target":["https:\/\/conversesacatalunya.cat\/es\/las-medidas-de-la-generalitat-han-derrumbado-la-hosteleria-en-cataluna-las-cifras-comparativas-con-madrid\/"]}]},{"@type":"ImageObject","inLanguage":"es","@id":"https:\/\/conversesacatalunya.cat\/es\/las-medidas-de-la-generalitat-han-derrumbado-la-hosteleria-en-cataluna-las-cifras-comparativas-con-madrid\/#primaryimage","url":"https:\/\/conversesacatalunya.cat\/wp-content\/uploads\/2020\/11\/restaurants-tancats.jpg","contentUrl":"https:\/\/conversesacatalunya.cat\/wp-content\/uploads\/2020\/11\/restaurants-tancats.jpg","width":800,"height":538,"caption":"Girona. Primer dia de les noves restriccions per la Covid. Parcs tancats, amb controls d'aforament, terrasses menys plenes, botigues tancades i gent fent cua"},{"@type":"BreadcrumbList","@id":"https:\/\/conversesacatalunya.cat\/es\/las-medidas-de-la-generalitat-han-derrumbado-la-hosteleria-en-cataluna-las-cifras-comparativas-con-madrid\/#breadcrumb","itemListElement":[{"@type":"ListItem","position":1,"name":"Inici","item":"https:\/\/conversesacatalunya.cat\/es\/"},{"@type":"ListItem","position":2,"name":"Las medidas de la Generalitat han hundido la hosteler\u00eda en Catalu\u00f1a: las cifras comparativas con Madrid"}]},{"@type":"WebSite","@id":"https:\/\/conversesacatalunya.cat\/#website","url":"https:\/\/conversesacatalunya.cat\/","name":"Converses a Catalunya","description":"","potentialAction":[{"@type":"SearchAction","target":{"@type":"EntryPoint","urlTemplate":"https:\/\/conversesacatalunya.cat\/?s={search_term_string}"},"query-input":{"@type":"PropertyValueSpecification","valueRequired":true,"valueName":"search_term_string"}}],"inLanguage":"es"},{"@type":"Person","@id":"https:\/\/conversesacatalunya.cat\/#\/schema\/person\/7e24d1e54a2785373ddcb275eae5ed99","name":"conversesacatalunya","image":{"@type":"ImageObject","inLanguage":"es","@id":"https:\/\/conversesacatalunya.cat\/#\/schema\/person\/image\/","url":"https:\/\/conversesacatalunya.cat\/wp-content\/litespeed\/avatar\/febdfeeec89d950f01c748045a981dd2.jpg?ver=1777314535","contentUrl":"https:\/\/conversesacatalunya.cat\/wp-content\/litespeed\/avatar\/febdfeeec89d950f01c748045a981dd2.jpg?ver=1777314535","caption":"conversesacatalunya"},"url":"https:\/\/conversesacatalunya.cat\/es\/author\/carme_catala\/"}]}},"wps_subtitle":"","_links":{"self":[{"href":"https:\/\/conversesacatalunya.cat\/es\/wp-json\/wp\/v2\/posts\/42856","targetHints":{"allow":["GET"]}}],"collection":[{"href":"https:\/\/conversesacatalunya.cat\/es\/wp-json\/wp\/v2\/posts"}],"about":[{"href":"https:\/\/conversesacatalunya.cat\/es\/wp-json\/wp\/v2\/types\/post"}],"author":[{"embeddable":true,"href":"https:\/\/conversesacatalunya.cat\/es\/wp-json\/wp\/v2\/users\/2"}],"replies":[{"embeddable":true,"href":"https:\/\/conversesacatalunya.cat\/es\/wp-json\/wp\/v2\/comments?post=42856"}],"version-history":[{"count":2,"href":"https:\/\/conversesacatalunya.cat\/es\/wp-json\/wp\/v2\/posts\/42856\/revisions"}],"predecessor-version":[{"id":42858,"href":"https:\/\/conversesacatalunya.cat\/es\/wp-json\/wp\/v2\/posts\/42856\/revisions\/42858"}],"wp:featuredmedia":[{"embeddable":true,"href":"https:\/\/conversesacatalunya.cat\/es\/wp-json\/wp\/v2\/media\/42845"}],"wp:attachment":[{"href":"https:\/\/conversesacatalunya.cat\/es\/wp-json\/wp\/v2\/media?parent=42856"}],"wp:term":[{"taxonomy":"category","embeddable":true,"href":"https:\/\/conversesacatalunya.cat\/es\/wp-json\/wp\/v2\/categories?post=42856"},{"taxonomy":"post_tag","embeddable":true,"href":"https:\/\/conversesacatalunya.cat\/es\/wp-json\/wp\/v2\/tags?post=42856"}],"curies":[{"name":"wp","href":"https:\/\/api.w.org\/{rel}","templated":true}]}}