{"id":42588,"date":"2020-11-23T12:49:12","date_gmt":"2020-11-23T11:49:12","guid":{"rendered":"https:\/\/conversesacatalunya.cat\/la-incertesa-de-les-eleccions-del-14-f\/"},"modified":"2020-11-23T13:25:21","modified_gmt":"2020-11-23T12:25:21","slug":"la-incertidumbre-de-las-elecciones-del-14-f","status":"publish","type":"post","link":"https:\/\/conversesacatalunya.cat\/es\/la-incertidumbre-de-las-elecciones-del-14-f\/","title":{"rendered":"La incertidumbre de las elecciones del 14-F"},"content":{"rendered":"<p><span>El aviso de la consejera y portavoz del gobierno,\u00a0<\/span><strong><span>Meritxell Bund\u00f3<\/span><\/strong><span>, sobre un posible aplazamiento de las elecciones del 14-F, tiene un especial relieve dada su funci\u00f3n oficial y el vac\u00edo de poder que impera en una Generalitat sin presidente, y en la que para mayor esc\u00e1ndalo, el vicepresidente con funciones de presidente tiene vetado el hecho de disponer de despacho en el Palau de la Generalitat.<\/span><\/p>\n<p><span>La consejera Bud\u00f3 ha advertido de la posibilidad de retrasar las elecciones si la pandemia contin\u00faa generando importantes situaciones de riesgo.\u00a0No es una consideraci\u00f3n menor dado que a partir de enero se puede producir una tercera ola, aunque est\u00e1 por ver su fuerza.\u00a0<span class=\"\">La vacunaci\u00f3n anunciada por el\u00a0<\/span><\/span><strong><span><span class=\"\">presidente S\u00e1nchez<\/span><\/span><\/strong><span><span class=\"\">\u00a0en el mejor de los casos a\u00fan no habr\u00eda tenido capacidad para construir una barrera de inmunidad suficiente, pero es evidente que a estas alturas\u00a0<\/span><\/span><strong><span><span class=\"\">JxCat<\/span><\/span><\/strong><span><span class=\"\">\u00a0no tiene un especial inter\u00e9s en concurrir a las elecciones, y el hecho de que Puigdemont no haya querido encabezar la lista contribuye a agravar el problema de sus incertidumbres electorales.<\/span><\/span><\/p>\n<p><span>De hecho, el\u00a0<\/span><strong><span>paradigma ha cambiado<\/span><\/strong><span>\u00a0y\u00a0<\/span><strong><span>la independencia ya no est\u00e1 en el primer plano de la agenda<\/span><\/strong><span>. Ahora todo el mundo pugna para presentar capacidades de gesti\u00f3n, porque el primer problema de los ciudadanos es sanitario, econ\u00f3mico y social, y lo es a corto plazo. Tanto es as\u00ed que uno de los dos candidatos de JxCat, <\/span><strong><span>Dami\u00e0 Calvet<\/span><\/strong><span>, subraya la prioridad de gestionar las competencias de la Generalidad. ERC conf\u00eda en que las encuestas la dan claramente como fuerza ganadora, pero puede tener un problema porque si de la agenda electoral queda difuminada la cuesti\u00f3n de la independencia y se focaliza en la gesti\u00f3n,\u00a0<\/span><strong><span>ERC lo tiene todo para perder<\/span><\/strong><span>, porque sus departamentos que son los responsables (Sanidad, Servicios Sociales, Familia, Hacienda, Educaci\u00f3n), hacen una gesti\u00f3n realmente muy desastrosa. La \u00faltima cr\u00edtica, que ha dado lugar a un terremoto en el departamento de Chakir Al Homrani ha sido el esc\u00e1ndalo provocado por el <\/span><strong><span>colapso en la petici\u00f3n de las ayudas para los aut\u00f3nomos<\/span><\/strong><span> y su absoluta insuficiencia. Ahora a este hecho se le a\u00f1ade otro: las ayudas de la Generalitat al sector de la hosteler\u00eda son muy insuficientes. En el Pa\u00eds Vasco se est\u00e1n entregando entre <\/span><strong><span>3.000<\/span><\/strong><span> y 4.500 euros por establecimiento. Se puede decir: \u00a1es que tienen el concierto!, pero es que Castilla y Le\u00f3n, que pertenece al r\u00e9gimen com\u00fan de financiaci\u00f3n como <\/span><strong><span>Catalu\u00f1a, entrega 3.500, mientras que en Catalu\u00f1a esta cifra se sit\u00faa entre los 700 y 1.500 euros<\/span><\/strong><span>. Estos recursos no salen del presupuesto de la Generalitat, sino de los recursos extras aportados por el gobierno espa\u00f1ol, sobre los que no hay transparencia en cuanto a su destino, ni de momento control parlamentario. Si a las cifras se le a\u00f1ade\u00a0<\/span><strong><span>un coeficiente relacionado con el coste de la vida<\/span><\/strong><span>, el resultado ser\u00eda a\u00fan peor para las empresas catalanas. Y es que el gobierno catal\u00e1n ha actuado de manera irresponsablemente injusta al decretar el cierre o restricciones en ramos de actividad concretos sin establecer previamente una compensaci\u00f3n proporcionada al lucro cesante. No se puede privatizar el coste social de la pandemia con el agravante de que las ayudas no terminan nunca de llegar.<\/span><\/p>\n<p><span>Por lo tanto y en este sentido,\u00a0<\/span><strong><span>las elecciones son una caja cerrada<\/span><\/strong><span> sujeta a la variable de una poblaci\u00f3n cada vez m\u00e1s indignada con los gobernantes y los pol\u00edticos, y tambi\u00e9n por el factor siempre dif\u00edcil de ponderar a priori la abstenci\u00f3n.<\/span><\/p>\n<p><span>Las encuestas en este momento trabajan sobre un est\u00e1ndar de\u00a0<\/span><strong><span>participaci\u00f3n de 65%<\/span><\/strong><span>\u00a0que es menor que el correspondiente a los anteriores comicios, pero que a\u00fan no cae a niveles escandalosos, lo que suceder\u00eda\u00a0<\/span><strong><span>a partir del 60% para abajo<\/span><\/strong><span>.\u00a0<\/span><a href=\"https:\/\/conversesacatalunya.cat\/es\/atencion-a-erc-y-a-la-abstencion\/\" target=\"_blank\" rel=\"noopener noreferrer\"><span>La abstenci\u00f3n<\/span><\/a><span>\u00a0puede ser sim\u00e9trica, es decir, afectar m\u00e1s o menos por igual a todas las opciones, o ensa\u00f1arse con alguno de los dos grandes campos en conflicto, y entonces los resultados pueden ser muy diferentes.<\/span><\/p>\n<p><span>En esta perspectiva de incertidumbre, m\u00e1s las adversidades que le han surgido a JxCat con la presencia de otros competidores, como es el PDeCAT, hacen que no resulte nada improbable que por poco que pueda el gobierno de Catalu\u00f1a aplace las elecciones a pesar de la dificultad que tiene una decisi\u00f3n de este tipo.<\/span><\/p>\n<span class='bctt-click-to-tweet'><span class='bctt-ctt-text'><a href='https:\/\/twitter.com\/intent\/tweet?url=https%3A%2F%2Fconversesacatalunya.cat%2Fes%2Fla-incertidumbre-de-las-elecciones-del-14-f%2F&#038;text=Las%20elecciones%20son%20una%20caja%20cerrada%20sujeta%20a%20la%20variable%20de%20una%20poblaci%C3%B3n%20cada%20vez%20m%C3%A1s%20indignada%20con%20los%20gobernantes%20y%20los%20pol%C3%ADticos%20&#038;via=conversesacat&#038;related=conversesacat' target='_blank'rel=\"noopener noreferrer\">Las elecciones son una caja cerrada sujeta a la variable de una poblaci\u00f3n cada vez m\u00e1s indignada con los gobernantes y los pol\u00edticos  <\/a><\/span><a href='https:\/\/twitter.com\/intent\/tweet?url=https%3A%2F%2Fconversesacatalunya.cat%2Fes%2Fla-incertidumbre-de-las-elecciones-del-14-f%2F&#038;text=Las%20elecciones%20son%20una%20caja%20cerrada%20sujeta%20a%20la%20variable%20de%20una%20poblaci%C3%B3n%20cada%20vez%20m%C3%A1s%20indignada%20con%20los%20gobernantes%20y%20los%20pol%C3%ADticos%20&#038;via=conversesacat&#038;related=conversesacat' target='_blank' class='bctt-ctt-btn'rel=\"noopener noreferrer\">Compartir en X<\/a><\/span>\n<div id=\"polls-81\" class=\"wp-polls\">\n\t<form id=\"polls_form_81\" class=\"wp-polls-form\" action=\"\/index.php\" method=\"post\">\n\t\t<p style=\"display: none;\"><input type=\"hidden\" id=\"poll_81_nonce\" name=\"wp-polls-nonce\" value=\"c714a315f2\" \/><\/p>\n\t\t<p style=\"display: none;\"><input type=\"hidden\" name=\"poll_id\" value=\"81\" \/><\/p>\n\t\t<p style=\"text-align: center\"><strong>Et vacunar\u00e0s de la Covid-19 quan surti la vacuna i sigui segura?<\/strong><\/p><div id=\"polls-81-ans\" class=\"wp-polls-ans\"><ul class=\"wp-polls-ul\">\n\t\t<li><input type=\"radio\" id=\"poll-answer-180\" name=\"poll_81\" value=\"180\" \/> <label for=\"poll-answer-180\">S\u00ed<\/label><\/li>\n\t\t<li><input type=\"radio\" id=\"poll-answer-181\" name=\"poll_81\" value=\"181\" \/> <label for=\"poll-answer-181\">No<\/label><\/li>\n\t\t<li><input type=\"radio\" id=\"poll-answer-182\" name=\"poll_81\" value=\"182\" \/> <label for=\"poll-answer-182\">No ho s\u00e9<\/label><\/li>\n\t\t<\/ul><p style=\"text-align: center\"><input type=\"button\" name=\"vote\" value=\"   Vota   \" class=\"Buttons\" onclick=\"poll_vote(81);\" \/><\/p><p style=\"text-align: center\"><a href=\"#ViewPollResults\" onclick=\"poll_result(81); return false;\" title=\"View Results Of This Poll\">Mira els resultats<\/a><\/p><\/div>\n\t<\/form>\n<\/div>\n<div id=\"polls-81-loading\" class=\"wp-polls-loading\"><img decoding=\"async\" data-src=\"https:\/\/conversesacatalunya.cat\/wp-content\/plugins\/wp-polls\/images\/loading.gif\" width=\"16\" height=\"16\" alt=\"Cargando ...\" title=\"Cargando ...\" class=\"wp-polls-image lazyload\" src=\"data:image\/svg+xml;base64,PHN2ZyB3aWR0aD0iMSIgaGVpZ2h0PSIxIiB4bWxucz0iaHR0cDovL3d3dy53My5vcmcvMjAwMC9zdmciPjwvc3ZnPg==\" style=\"--smush-placeholder-width: 16px; --smush-placeholder-aspect-ratio: 16\/16;\" \/>&nbsp;Cargando ...<\/div>\n\n","protected":false},"excerpt":{"rendered":"<p>El aviso de la consejera y portavoz del gobierno,\u00a0Meritxell Bund\u00f3, sobre un posible aplazamiento de las elecciones del 14-F, tiene un especial relieve dada su funci\u00f3n oficial y el vac\u00edo de poder que impera en una Generalitat sin presidente, y en la que para mayor esc\u00e1ndalo, el vicepresidente con funciones de presidente tiene vetado el hecho de disponer de despacho en el Palau de la Generalitat. La consejera Bud\u00f3 ha advertido de la posibilidad de retrasar las elecciones si la pandemia contin\u00faa generando importantes situaciones de riesgo.\u00a0No es una consideraci\u00f3n menor dado que a partir de enero se puede producir una tercera ola, aunque est\u00e1 por ver su fuerza.\u00a0La vacunaci\u00f3n anunciada por el\u00a0presidente S\u00e1nchez\u00a0en el mejor de los casos a\u00fan no habr\u00eda tenido capacidad para construir una barrera de inmunidad suficiente, pero es evidente que a estas alturas\u00a0JxCat\u00a0no tiene un especial inter\u00e9s en concurrir a las elecciones, y el hecho de que Puigdemont no haya querido encabezar la lista contribuye a agravar el problema de sus incertidumbres electorales. De hecho, el\u00a0paradigma ha cambiado\u00a0y\u00a0la independencia ya no est\u00e1 en el primer plano de la agenda. Ahora todo el mundo pugna para presentar capacidades de gesti\u00f3n, porque el primer problema de los ciudadanos es sanitario, econ\u00f3mico y social, y lo es a corto plazo. Tanto es as\u00ed que uno de los dos candidatos de JxCat, Dami\u00e0 Calvet, subraya la prioridad de gestionar las competencias de la Generalidad. ERC conf\u00eda en que las encuestas la dan claramente como fuerza ganadora, pero puede tener un problema porque si de la agenda electoral queda difuminada la cuesti\u00f3n de la independencia y se focaliza en la gesti\u00f3n,\u00a0ERC lo tiene todo para perder, porque sus departamentos que son los responsables (Sanidad, Servicios Sociales, Familia, Hacienda, Educaci\u00f3n), hacen una gesti\u00f3n realmente muy desastrosa. La \u00faltima cr\u00edtica, que ha dado lugar a un terremoto en el departamento de Chakir Al Homrani ha sido el esc\u00e1ndalo provocado por el colapso en la petici\u00f3n de las ayudas para los aut\u00f3nomos y su absoluta insuficiencia. Ahora a este hecho se le a\u00f1ade otro: las ayudas de la Generalitat al sector de la hosteler\u00eda son muy insuficientes. En el Pa\u00eds Vasco se est\u00e1n entregando entre 3.000 y 4.500 euros por establecimiento. Se puede decir: \u00a1es que tienen el concierto!, pero es que Castilla y Le\u00f3n, que pertenece al r\u00e9gimen com\u00fan de financiaci\u00f3n como Catalu\u00f1a, entrega 3.500, mientras que en Catalu\u00f1a esta cifra se sit\u00faa entre los 700 y 1.500 euros. Estos recursos no salen del presupuesto de la Generalitat, sino de los recursos extras aportados por el gobierno espa\u00f1ol, sobre los que no hay transparencia en cuanto a su destino, ni de momento control parlamentario. Si a las cifras se le a\u00f1ade\u00a0un coeficiente relacionado con el coste de la vida, el resultado ser\u00eda a\u00fan peor para las empresas catalanas. Y es que el gobierno catal\u00e1n ha actuado de manera irresponsablemente injusta al decretar el cierre o restricciones en ramos de actividad concretos sin establecer previamente una compensaci\u00f3n proporcionada al lucro cesante. No se puede privatizar el coste social de la pandemia con el agravante de que las ayudas no terminan nunca de llegar. Por lo tanto y en este sentido,\u00a0las elecciones son una caja cerrada sujeta a la variable de una poblaci\u00f3n cada vez m\u00e1s indignada con los gobernantes y los pol\u00edticos, y tambi\u00e9n por el factor siempre dif\u00edcil de ponderar a priori la abstenci\u00f3n. Las encuestas en este momento trabajan sobre un est\u00e1ndar de\u00a0participaci\u00f3n de 65%\u00a0que es menor que el correspondiente a los anteriores comicios, pero que a\u00fan no cae a niveles escandalosos, lo que suceder\u00eda\u00a0a partir del 60% para abajo.\u00a0La abstenci\u00f3n\u00a0puede ser sim\u00e9trica, es decir, afectar m\u00e1s o menos por igual a todas las opciones, o ensa\u00f1arse con alguno de los dos grandes campos en conflicto, y entonces los resultados pueden ser muy diferentes. En esta perspectiva de incertidumbre, m\u00e1s las adversidades que le han surgido a JxCat con la presencia de otros competidores, como es el PDeCAT, hacen que no resulte nada improbable que por poco que pueda el gobierno de Catalu\u00f1a aplace las elecciones a pesar de la dificultad que tiene una decisi\u00f3n de este tipo.<\/p>\n","protected":false},"author":2,"featured_media":42585,"comment_status":"open","ping_status":"open","sticky":false,"template":"","format":"standard","meta":{"_FSMCFIC_featured_image_caption":"","_FSMCFIC_featured_image_nocaption":"","_FSMCFIC_featured_image_hide":"","footnotes":""},"categories":[806],"tags":[3245,1525,1524,1065],"class_list":["post-42588","post","type-post","status-publish","format-standard","has-post-thumbnail","hentry","category-punts-claus-del-dia-es","tag-14-f-es","tag-elecciones-anticipadas","tag-eleccions-anticipades-es","tag-encuestas"],"yoast_head":"<!-- This site is optimized with the Yoast SEO plugin v26.8 - https:\/\/yoast.com\/product\/yoast-seo-wordpress\/ -->\n<title>La incertidumbre de las elecciones del 14-F - Converses a Catalunya<\/title>\n<meta name=\"description\" content=\"Las elecciones son una caja cerrada sujeta a la variable de una poblaci\u00f3n cada vez m\u00e1s indignada con los gobernantes y los pol\u00edticos\u00a0\" \/>\n<meta name=\"robots\" content=\"index, follow, max-snippet:-1, max-image-preview:large, max-video-preview:-1\" \/>\n<link rel=\"canonical\" href=\"https:\/\/conversesacatalunya.cat\/es\/la-incertidumbre-de-las-elecciones-del-14-f\/\" \/>\n<meta property=\"og:locale\" content=\"es_ES\" \/>\n<meta property=\"og:type\" content=\"article\" \/>\n<meta property=\"og:title\" content=\"La incertidumbre de las elecciones del 14-F - Converses a Catalunya\" \/>\n<meta property=\"og:description\" content=\"Las elecciones son una caja cerrada sujeta a la variable de una poblaci\u00f3n cada vez m\u00e1s indignada con los gobernantes y los pol\u00edticos\u00a0\" \/>\n<meta property=\"og:url\" content=\"https:\/\/conversesacatalunya.cat\/es\/la-incertidumbre-de-las-elecciones-del-14-f\/\" \/>\n<meta property=\"og:site_name\" content=\"Converses a Catalunya\" \/>\n<meta property=\"article:published_time\" content=\"2020-11-23T11:49:12+00:00\" \/>\n<meta property=\"article:modified_time\" content=\"2020-11-23T12:25:21+00:00\" \/>\n<meta property=\"og:image\" content=\"https:\/\/conversesacatalunya.cat\/wp-content\/uploads\/2020\/11\/consellera-presidencia-meritxell-budo-.jpg\" \/>\n\t<meta property=\"og:image:width\" content=\"1187\" \/>\n\t<meta property=\"og:image:height\" content=\"791\" \/>\n\t<meta property=\"og:image:type\" content=\"image\/jpeg\" \/>\n<meta name=\"author\" content=\"conversesacatalunya\" \/>\n<meta name=\"twitter:card\" content=\"summary_large_image\" \/>\n<meta name=\"twitter:label1\" content=\"Escrito por\" \/>\n\t<meta name=\"twitter:data1\" content=\"conversesacatalunya\" \/>\n\t<meta name=\"twitter:label2\" content=\"Tiempo de lectura\" \/>\n\t<meta name=\"twitter:data2\" content=\"4 minutos\" \/>\n<script type=\"application\/ld+json\" class=\"yoast-schema-graph\">{\"@context\":\"https:\/\/schema.org\",\"@graph\":[{\"@type\":\"Article\",\"@id\":\"https:\/\/conversesacatalunya.cat\/es\/la-incertidumbre-de-las-elecciones-del-14-f\/#article\",\"isPartOf\":{\"@id\":\"https:\/\/conversesacatalunya.cat\/es\/la-incertidumbre-de-las-elecciones-del-14-f\/\"},\"author\":{\"name\":\"conversesacatalunya\",\"@id\":\"https:\/\/conversesacatalunya.cat\/#\/schema\/person\/7e24d1e54a2785373ddcb275eae5ed99\"},\"headline\":\"La incertidumbre de las elecciones del 14-F\",\"datePublished\":\"2020-11-23T11:49:12+00:00\",\"dateModified\":\"2020-11-23T12:25:21+00:00\",\"mainEntityOfPage\":{\"@id\":\"https:\/\/conversesacatalunya.cat\/es\/la-incertidumbre-de-las-elecciones-del-14-f\/\"},\"wordCount\":792,\"commentCount\":0,\"image\":{\"@id\":\"https:\/\/conversesacatalunya.cat\/es\/la-incertidumbre-de-las-elecciones-del-14-f\/#primaryimage\"},\"thumbnailUrl\":\"https:\/\/conversesacatalunya.cat\/wp-content\/uploads\/2020\/11\/consellera-presidencia-meritxell-budo-.jpg\",\"keywords\":[\"14-F\",\"elecciones anticipadas\",\"Eleccions anticipades\",\"Encuestas\"],\"articleSection\":[\"Punts clau del dia (ES)\"],\"inLanguage\":\"es\",\"potentialAction\":[{\"@type\":\"CommentAction\",\"name\":\"Comment\",\"target\":[\"https:\/\/conversesacatalunya.cat\/es\/la-incertidumbre-de-las-elecciones-del-14-f\/#respond\"]}]},{\"@type\":\"WebPage\",\"@id\":\"https:\/\/conversesacatalunya.cat\/es\/la-incertidumbre-de-las-elecciones-del-14-f\/\",\"url\":\"https:\/\/conversesacatalunya.cat\/es\/la-incertidumbre-de-las-elecciones-del-14-f\/\",\"name\":\"La incertidumbre de las elecciones del 14-F - Converses a Catalunya\",\"isPartOf\":{\"@id\":\"https:\/\/conversesacatalunya.cat\/#website\"},\"primaryImageOfPage\":{\"@id\":\"https:\/\/conversesacatalunya.cat\/es\/la-incertidumbre-de-las-elecciones-del-14-f\/#primaryimage\"},\"image\":{\"@id\":\"https:\/\/conversesacatalunya.cat\/es\/la-incertidumbre-de-las-elecciones-del-14-f\/#primaryimage\"},\"thumbnailUrl\":\"https:\/\/conversesacatalunya.cat\/wp-content\/uploads\/2020\/11\/consellera-presidencia-meritxell-budo-.jpg\",\"datePublished\":\"2020-11-23T11:49:12+00:00\",\"dateModified\":\"2020-11-23T12:25:21+00:00\",\"author\":{\"@id\":\"https:\/\/conversesacatalunya.cat\/#\/schema\/person\/7e24d1e54a2785373ddcb275eae5ed99\"},\"description\":\"Las elecciones son una caja cerrada sujeta a la variable de una poblaci\u00f3n cada vez m\u00e1s indignada con los gobernantes y los pol\u00edticos\u00a0\",\"breadcrumb\":{\"@id\":\"https:\/\/conversesacatalunya.cat\/es\/la-incertidumbre-de-las-elecciones-del-14-f\/#breadcrumb\"},\"inLanguage\":\"es\",\"potentialAction\":[{\"@type\":\"ReadAction\",\"target\":[\"https:\/\/conversesacatalunya.cat\/es\/la-incertidumbre-de-las-elecciones-del-14-f\/\"]}]},{\"@type\":\"ImageObject\",\"inLanguage\":\"es\",\"@id\":\"https:\/\/conversesacatalunya.cat\/es\/la-incertidumbre-de-las-elecciones-del-14-f\/#primaryimage\",\"url\":\"https:\/\/conversesacatalunya.cat\/wp-content\/uploads\/2020\/11\/consellera-presidencia-meritxell-budo-.jpg\",\"contentUrl\":\"https:\/\/conversesacatalunya.cat\/wp-content\/uploads\/2020\/11\/consellera-presidencia-meritxell-budo-.jpg\",\"width\":1187,\"height\":791,\"caption\":\"eleccions 14-F\"},{\"@type\":\"BreadcrumbList\",\"@id\":\"https:\/\/conversesacatalunya.cat\/es\/la-incertidumbre-de-las-elecciones-del-14-f\/#breadcrumb\",\"itemListElement\":[{\"@type\":\"ListItem\",\"position\":1,\"name\":\"Inici\",\"item\":\"https:\/\/conversesacatalunya.cat\/es\/\"},{\"@type\":\"ListItem\",\"position\":2,\"name\":\"La incertidumbre de las elecciones del 14-F\"}]},{\"@type\":\"WebSite\",\"@id\":\"https:\/\/conversesacatalunya.cat\/#website\",\"url\":\"https:\/\/conversesacatalunya.cat\/\",\"name\":\"Converses a Catalunya\",\"description\":\"\",\"potentialAction\":[{\"@type\":\"SearchAction\",\"target\":{\"@type\":\"EntryPoint\",\"urlTemplate\":\"https:\/\/conversesacatalunya.cat\/?s={search_term_string}\"},\"query-input\":{\"@type\":\"PropertyValueSpecification\",\"valueRequired\":true,\"valueName\":\"search_term_string\"}}],\"inLanguage\":\"es\"},{\"@type\":\"Person\",\"@id\":\"https:\/\/conversesacatalunya.cat\/#\/schema\/person\/7e24d1e54a2785373ddcb275eae5ed99\",\"name\":\"conversesacatalunya\",\"image\":{\"@type\":\"ImageObject\",\"inLanguage\":\"es\",\"@id\":\"https:\/\/conversesacatalunya.cat\/#\/schema\/person\/image\/\",\"url\":\"https:\/\/conversesacatalunya.cat\/wp-content\/litespeed\/avatar\/febdfeeec89d950f01c748045a981dd2.jpg?ver=1777314535\",\"contentUrl\":\"https:\/\/conversesacatalunya.cat\/wp-content\/litespeed\/avatar\/febdfeeec89d950f01c748045a981dd2.jpg?ver=1777314535\",\"caption\":\"conversesacatalunya\"},\"url\":\"https:\/\/conversesacatalunya.cat\/es\/author\/carme_catala\/\"}]}<\/script>\n<!-- \/ Yoast SEO plugin. -->","yoast_head_json":{"title":"La incertidumbre de las elecciones del 14-F - Converses a Catalunya","description":"Las elecciones son una caja cerrada sujeta a la variable de una poblaci\u00f3n cada vez m\u00e1s indignada con los gobernantes y los pol\u00edticos\u00a0","robots":{"index":"index","follow":"follow","max-snippet":"max-snippet:-1","max-image-preview":"max-image-preview:large","max-video-preview":"max-video-preview:-1"},"canonical":"https:\/\/conversesacatalunya.cat\/es\/la-incertidumbre-de-las-elecciones-del-14-f\/","og_locale":"es_ES","og_type":"article","og_title":"La incertidumbre de las elecciones del 14-F - Converses a Catalunya","og_description":"Las elecciones son una caja cerrada sujeta a la variable de una poblaci\u00f3n cada vez m\u00e1s indignada con los gobernantes y los pol\u00edticos\u00a0","og_url":"https:\/\/conversesacatalunya.cat\/es\/la-incertidumbre-de-las-elecciones-del-14-f\/","og_site_name":"Converses a Catalunya","article_published_time":"2020-11-23T11:49:12+00:00","article_modified_time":"2020-11-23T12:25:21+00:00","og_image":[{"width":1187,"height":791,"url":"https:\/\/conversesacatalunya.cat\/wp-content\/uploads\/2020\/11\/consellera-presidencia-meritxell-budo-.jpg","type":"image\/jpeg"}],"author":"conversesacatalunya","twitter_card":"summary_large_image","twitter_misc":{"Escrito por":"conversesacatalunya","Tiempo de lectura":"4 minutos"},"schema":{"@context":"https:\/\/schema.org","@graph":[{"@type":"Article","@id":"https:\/\/conversesacatalunya.cat\/es\/la-incertidumbre-de-las-elecciones-del-14-f\/#article","isPartOf":{"@id":"https:\/\/conversesacatalunya.cat\/es\/la-incertidumbre-de-las-elecciones-del-14-f\/"},"author":{"name":"conversesacatalunya","@id":"https:\/\/conversesacatalunya.cat\/#\/schema\/person\/7e24d1e54a2785373ddcb275eae5ed99"},"headline":"La incertidumbre de las elecciones del 14-F","datePublished":"2020-11-23T11:49:12+00:00","dateModified":"2020-11-23T12:25:21+00:00","mainEntityOfPage":{"@id":"https:\/\/conversesacatalunya.cat\/es\/la-incertidumbre-de-las-elecciones-del-14-f\/"},"wordCount":792,"commentCount":0,"image":{"@id":"https:\/\/conversesacatalunya.cat\/es\/la-incertidumbre-de-las-elecciones-del-14-f\/#primaryimage"},"thumbnailUrl":"https:\/\/conversesacatalunya.cat\/wp-content\/uploads\/2020\/11\/consellera-presidencia-meritxell-budo-.jpg","keywords":["14-F","elecciones anticipadas","Eleccions anticipades","Encuestas"],"articleSection":["Punts clau del dia (ES)"],"inLanguage":"es","potentialAction":[{"@type":"CommentAction","name":"Comment","target":["https:\/\/conversesacatalunya.cat\/es\/la-incertidumbre-de-las-elecciones-del-14-f\/#respond"]}]},{"@type":"WebPage","@id":"https:\/\/conversesacatalunya.cat\/es\/la-incertidumbre-de-las-elecciones-del-14-f\/","url":"https:\/\/conversesacatalunya.cat\/es\/la-incertidumbre-de-las-elecciones-del-14-f\/","name":"La incertidumbre de las elecciones del 14-F - Converses a Catalunya","isPartOf":{"@id":"https:\/\/conversesacatalunya.cat\/#website"},"primaryImageOfPage":{"@id":"https:\/\/conversesacatalunya.cat\/es\/la-incertidumbre-de-las-elecciones-del-14-f\/#primaryimage"},"image":{"@id":"https:\/\/conversesacatalunya.cat\/es\/la-incertidumbre-de-las-elecciones-del-14-f\/#primaryimage"},"thumbnailUrl":"https:\/\/conversesacatalunya.cat\/wp-content\/uploads\/2020\/11\/consellera-presidencia-meritxell-budo-.jpg","datePublished":"2020-11-23T11:49:12+00:00","dateModified":"2020-11-23T12:25:21+00:00","author":{"@id":"https:\/\/conversesacatalunya.cat\/#\/schema\/person\/7e24d1e54a2785373ddcb275eae5ed99"},"description":"Las elecciones son una caja cerrada sujeta a la variable de una poblaci\u00f3n cada vez m\u00e1s indignada con los gobernantes y los pol\u00edticos\u00a0","breadcrumb":{"@id":"https:\/\/conversesacatalunya.cat\/es\/la-incertidumbre-de-las-elecciones-del-14-f\/#breadcrumb"},"inLanguage":"es","potentialAction":[{"@type":"ReadAction","target":["https:\/\/conversesacatalunya.cat\/es\/la-incertidumbre-de-las-elecciones-del-14-f\/"]}]},{"@type":"ImageObject","inLanguage":"es","@id":"https:\/\/conversesacatalunya.cat\/es\/la-incertidumbre-de-las-elecciones-del-14-f\/#primaryimage","url":"https:\/\/conversesacatalunya.cat\/wp-content\/uploads\/2020\/11\/consellera-presidencia-meritxell-budo-.jpg","contentUrl":"https:\/\/conversesacatalunya.cat\/wp-content\/uploads\/2020\/11\/consellera-presidencia-meritxell-budo-.jpg","width":1187,"height":791,"caption":"eleccions 14-F"},{"@type":"BreadcrumbList","@id":"https:\/\/conversesacatalunya.cat\/es\/la-incertidumbre-de-las-elecciones-del-14-f\/#breadcrumb","itemListElement":[{"@type":"ListItem","position":1,"name":"Inici","item":"https:\/\/conversesacatalunya.cat\/es\/"},{"@type":"ListItem","position":2,"name":"La incertidumbre de las elecciones del 14-F"}]},{"@type":"WebSite","@id":"https:\/\/conversesacatalunya.cat\/#website","url":"https:\/\/conversesacatalunya.cat\/","name":"Converses a Catalunya","description":"","potentialAction":[{"@type":"SearchAction","target":{"@type":"EntryPoint","urlTemplate":"https:\/\/conversesacatalunya.cat\/?s={search_term_string}"},"query-input":{"@type":"PropertyValueSpecification","valueRequired":true,"valueName":"search_term_string"}}],"inLanguage":"es"},{"@type":"Person","@id":"https:\/\/conversesacatalunya.cat\/#\/schema\/person\/7e24d1e54a2785373ddcb275eae5ed99","name":"conversesacatalunya","image":{"@type":"ImageObject","inLanguage":"es","@id":"https:\/\/conversesacatalunya.cat\/#\/schema\/person\/image\/","url":"https:\/\/conversesacatalunya.cat\/wp-content\/litespeed\/avatar\/febdfeeec89d950f01c748045a981dd2.jpg?ver=1777314535","contentUrl":"https:\/\/conversesacatalunya.cat\/wp-content\/litespeed\/avatar\/febdfeeec89d950f01c748045a981dd2.jpg?ver=1777314535","caption":"conversesacatalunya"},"url":"https:\/\/conversesacatalunya.cat\/es\/author\/carme_catala\/"}]}},"wps_subtitle":"Las elecciones son una caja cerrada sujeta a la variable de una poblaci\u00f3n cada vez m\u00e1s indignada con los gobernantes y los pol\u00edticos","_links":{"self":[{"href":"https:\/\/conversesacatalunya.cat\/es\/wp-json\/wp\/v2\/posts\/42588","targetHints":{"allow":["GET"]}}],"collection":[{"href":"https:\/\/conversesacatalunya.cat\/es\/wp-json\/wp\/v2\/posts"}],"about":[{"href":"https:\/\/conversesacatalunya.cat\/es\/wp-json\/wp\/v2\/types\/post"}],"author":[{"embeddable":true,"href":"https:\/\/conversesacatalunya.cat\/es\/wp-json\/wp\/v2\/users\/2"}],"replies":[{"embeddable":true,"href":"https:\/\/conversesacatalunya.cat\/es\/wp-json\/wp\/v2\/comments?post=42588"}],"version-history":[{"count":2,"href":"https:\/\/conversesacatalunya.cat\/es\/wp-json\/wp\/v2\/posts\/42588\/revisions"}],"predecessor-version":[{"id":42590,"href":"https:\/\/conversesacatalunya.cat\/es\/wp-json\/wp\/v2\/posts\/42588\/revisions\/42590"}],"wp:featuredmedia":[{"embeddable":true,"href":"https:\/\/conversesacatalunya.cat\/es\/wp-json\/wp\/v2\/media\/42585"}],"wp:attachment":[{"href":"https:\/\/conversesacatalunya.cat\/es\/wp-json\/wp\/v2\/media?parent=42588"}],"wp:term":[{"taxonomy":"category","embeddable":true,"href":"https:\/\/conversesacatalunya.cat\/es\/wp-json\/wp\/v2\/categories?post=42588"},{"taxonomy":"post_tag","embeddable":true,"href":"https:\/\/conversesacatalunya.cat\/es\/wp-json\/wp\/v2\/tags?post=42588"}],"curies":[{"name":"wp","href":"https:\/\/api.w.org\/{rel}","templated":true}]}}