{"id":42531,"date":"2020-11-20T11:43:31","date_gmt":"2020-11-20T10:43:31","guid":{"rendered":"https:\/\/conversesacatalunya.cat\/?p=42531"},"modified":"2020-11-20T11:43:31","modified_gmt":"2020-11-20T10:43:31","slug":"vacunarse-contra-la-gripe-y-mas-enric-barrull","status":"publish","type":"post","link":"https:\/\/conversesacatalunya.cat\/es\/vacunarse-contra-la-gripe-y-mas-enric-barrull\/","title":{"rendered":"Vacunarse contra la gripe y m\u00e1s (Enric Barrull)"},"content":{"rendered":"<p>Hay que vacunarse contra la gripe, pero tambi\u00e9n<strong> contra el mal humor y las ganas de fastidiar<\/strong>. Tanto una cosa como la otra parecen inscritos a fuego en la mentalidad de mucha gente, particularmente en los pol\u00edticos.<\/p>\n<p>Que los dem\u00e1s nos tiremos los trastos a la cabeza, parece que forma parte de lo m\u00e1s natural entre unos y otros, en cuanto haya alguna discrepancia, como puede verse, por ejemplo, en las discusiones familiares por el reparto de una herencia.<\/p>\n<p>Pero que<strong> los pol\u00edticos<\/strong> tambi\u00e9n lo hagan no deber\u00eda formar parte de su sueldo. Han sido elegidos para servir a los dem\u00e1s del mejor modo posible, y por eso repugna verlos tratando de dividir a unos de otros; y diciendo que los buenos son los m\u00edos y los dem\u00e1s son malos de solemnidad, incapaces de tomarse en serio que yo siempre tengo raz\u00f3n porque para eso me han elegido. Lo acabamos de ver con<strong> la aprobaci\u00f3n de la nueva Ley de Educaci\u00f3n<\/strong>, contraria claramente a los intereses de la mayor parte de los padres, pero no para los intereses de algunos partidos.<\/p>\n<p>\u00a1Hombre, no!\u00a0 T\u00fa no has sido elegido para que siempre te demos la raz\u00f3n, sino para que resuelvas, o por lo menos lo intentes, las cosas de la mejor manera posible, sin costes a\u00f1adidos para una ciudadan\u00eda, muy mermada en la actualidad por la pandemia, que nos est\u00e1 fastidiando y poni\u00e9ndonos de mal humor, por lo inesperado y la falta de recursos para resolverla.<\/p>\n<div id=\"polls-81\" class=\"wp-polls\">\n\t<form id=\"polls_form_81\" class=\"wp-polls-form\" action=\"\/index.php\" method=\"post\">\n\t\t<p style=\"display: none;\"><input type=\"hidden\" id=\"poll_81_nonce\" name=\"wp-polls-nonce\" value=\"dfc198eeb7\" \/><\/p>\n\t\t<p style=\"display: none;\"><input type=\"hidden\" name=\"poll_id\" value=\"81\" \/><\/p>\n\t\t<p style=\"text-align: center\"><strong>Et vacunar\u00e0s de la Covid-19 quan surti la vacuna i sigui segura?<\/strong><\/p><div id=\"polls-81-ans\" class=\"wp-polls-ans\"><ul class=\"wp-polls-ul\">\n\t\t<li><input type=\"radio\" id=\"poll-answer-180\" name=\"poll_81\" value=\"180\" \/> <label for=\"poll-answer-180\">S\u00ed<\/label><\/li>\n\t\t<li><input type=\"radio\" id=\"poll-answer-181\" name=\"poll_81\" value=\"181\" \/> <label for=\"poll-answer-181\">No<\/label><\/li>\n\t\t<li><input type=\"radio\" id=\"poll-answer-182\" name=\"poll_81\" value=\"182\" \/> <label for=\"poll-answer-182\">No ho s\u00e9<\/label><\/li>\n\t\t<\/ul><p style=\"text-align: center\"><input type=\"button\" name=\"vote\" value=\"   Vota   \" class=\"Buttons\" onclick=\"poll_vote(81);\" \/><\/p><p style=\"text-align: center\"><a href=\"#ViewPollResults\" onclick=\"poll_result(81); return false;\" title=\"View Results Of This Poll\">Mira els resultats<\/a><\/p><\/div>\n\t<\/form>\n<\/div>\n<div id=\"polls-81-loading\" class=\"wp-polls-loading\"><img decoding=\"async\" data-src=\"https:\/\/conversesacatalunya.cat\/wp-content\/plugins\/wp-polls\/images\/loading.gif\" width=\"16\" height=\"16\" alt=\"Cargando ...\" title=\"Cargando ...\" class=\"wp-polls-image lazyload\" src=\"data:image\/svg+xml;base64,PHN2ZyB3aWR0aD0iMSIgaGVpZ2h0PSIxIiB4bWxucz0iaHR0cDovL3d3dy53My5vcmcvMjAwMC9zdmciPjwvc3ZnPg==\" style=\"--smush-placeholder-width: 16px; --smush-placeholder-aspect-ratio: 16\/16;\" \/>&nbsp;Cargando ...<\/div>\n\n<p>&nbsp;<\/p>\n","protected":false},"excerpt":{"rendered":"<p>Hay que vacunarse contra la gripe, pero tambi\u00e9n contra el mal humor y las ganas de fastidiar. Tanto una cosa como la otra parecen inscritos a fuego en la mentalidad de mucha gente, particularmente en los pol\u00edticos. Que los dem\u00e1s nos tiremos los trastos a la cabeza, parece que forma parte de lo m\u00e1s natural entre unos y otros, en cuanto haya alguna discrepancia, como puede verse, por ejemplo, en las discusiones familiares por el reparto de una herencia. Pero que los pol\u00edticos tambi\u00e9n lo hagan no deber\u00eda formar parte de su sueldo. Han sido elegidos para servir a los dem\u00e1s del mejor modo posible, y por eso repugna verlos tratando de dividir a unos de otros; y diciendo que los buenos son los m\u00edos y los dem\u00e1s son malos de solemnidad, incapaces de tomarse en serio que yo siempre tengo raz\u00f3n porque para eso me han elegido. Lo acabamos de ver con la aprobaci\u00f3n de la nueva Ley de Educaci\u00f3n, contraria claramente a los intereses de la mayor parte de los padres, pero no para los intereses de algunos partidos. \u00a1Hombre, no!\u00a0 T\u00fa no has sido elegido para que siempre te demos la raz\u00f3n, sino para que resuelvas, o por lo menos lo intentes, las cosas de la mejor manera posible, sin costes a\u00f1adidos para una ciudadan\u00eda, muy mermada en la actualidad por la pandemia, que nos est\u00e1 fastidiando y poni\u00e9ndonos de mal humor, por lo inesperado y la falta de recursos para resolverla. &nbsp;<\/p>\n","protected":false},"author":3,"featured_media":42535,"comment_status":"open","ping_status":"open","sticky":false,"template":"","format":"standard","meta":{"_FSMCFIC_featured_image_caption":"","_FSMCFIC_featured_image_nocaption":"","_FSMCFIC_featured_image_hide":"","footnotes":""},"categories":[802],"tags":[],"class_list":["post-42531","post","type-post","status-publish","format-standard","has-post-thumbnail","hentry","category-els-lectors-participen-es"],"yoast_head":"<!-- This site is optimized with the Yoast SEO plugin v26.8 - https:\/\/yoast.com\/product\/yoast-seo-wordpress\/ -->\n<title>Vacunarse contra la gripe y m\u00e1s (Enric Barrull) - Converses a Catalunya<\/title>\n<meta name=\"robots\" content=\"index, follow, max-snippet:-1, max-image-preview:large, max-video-preview:-1\" \/>\n<link rel=\"canonical\" href=\"https:\/\/conversesacatalunya.cat\/es\/vacunarse-contra-la-gripe-y-mas-enric-barrull\/\" \/>\n<meta property=\"og:locale\" content=\"es_ES\" \/>\n<meta property=\"og:type\" content=\"article\" \/>\n<meta property=\"og:title\" content=\"Vacunarse contra la gripe y m\u00e1s (Enric Barrull) - Converses a Catalunya\" \/>\n<meta property=\"og:description\" content=\"Hay que vacunarse contra la gripe, pero tambi\u00e9n contra el mal humor y las ganas de fastidiar. Tanto una cosa como la otra parecen inscritos a fuego en la mentalidad de mucha gente, particularmente en los pol\u00edticos. Que los dem\u00e1s nos tiremos los trastos a la cabeza, parece que forma parte de lo m\u00e1s natural entre unos y otros, en cuanto haya alguna discrepancia, como puede verse, por ejemplo, en las discusiones familiares por el reparto de una herencia. Pero que los pol\u00edticos tambi\u00e9n lo hagan no deber\u00eda formar parte de su sueldo. Han sido elegidos para servir a los dem\u00e1s del mejor modo posible, y por eso repugna verlos tratando de dividir a unos de otros; y diciendo que los buenos son los m\u00edos y los dem\u00e1s son malos de solemnidad, incapaces de tomarse en serio que yo siempre tengo raz\u00f3n porque para eso me han elegido. Lo acabamos de ver con la aprobaci\u00f3n de la nueva Ley de Educaci\u00f3n, contraria claramente a los intereses de la mayor parte de los padres, pero no para los intereses de algunos partidos. \u00a1Hombre, no!\u00a0 T\u00fa no has sido elegido para que siempre te demos la raz\u00f3n, sino para que resuelvas, o por lo menos lo intentes, las cosas de la mejor manera posible, sin costes a\u00f1adidos para una ciudadan\u00eda, muy mermada en la actualidad por la pandemia, que nos est\u00e1 fastidiando y poni\u00e9ndonos de mal humor, por lo inesperado y la falta de recursos para resolverla. &nbsp;\" \/>\n<meta property=\"og:url\" content=\"https:\/\/conversesacatalunya.cat\/es\/vacunarse-contra-la-gripe-y-mas-enric-barrull\/\" \/>\n<meta property=\"og:site_name\" content=\"Converses a Catalunya\" \/>\n<meta property=\"article:published_time\" content=\"2020-11-20T10:43:31+00:00\" \/>\n<meta property=\"og:image\" content=\"https:\/\/conversesacatalunya.cat\/wp-content\/uploads\/2020\/11\/congreso.jpeg\" \/>\n\t<meta property=\"og:image:width\" content=\"914\" \/>\n\t<meta property=\"og:image:height\" content=\"609\" \/>\n\t<meta property=\"og:image:type\" content=\"image\/jpeg\" \/>\n<meta name=\"author\" content=\"conversesacatalunya\" \/>\n<meta name=\"twitter:card\" content=\"summary_large_image\" \/>\n<meta name=\"twitter:label1\" content=\"Escrito por\" \/>\n\t<meta name=\"twitter:data1\" content=\"conversesacatalunya\" \/>\n\t<meta name=\"twitter:label2\" content=\"Tiempo de lectura\" \/>\n\t<meta name=\"twitter:data2\" content=\"1 minuto\" \/>\n<script type=\"application\/ld+json\" class=\"yoast-schema-graph\">{\"@context\":\"https:\/\/schema.org\",\"@graph\":[{\"@type\":\"Article\",\"@id\":\"https:\/\/conversesacatalunya.cat\/es\/vacunarse-contra-la-gripe-y-mas-enric-barrull\/#article\",\"isPartOf\":{\"@id\":\"https:\/\/conversesacatalunya.cat\/es\/vacunarse-contra-la-gripe-y-mas-enric-barrull\/\"},\"author\":{\"name\":\"conversesacatalunya\",\"@id\":\"https:\/\/conversesacatalunya.cat\/#\/schema\/person\/982274792508d804a0821b413c9ac076\"},\"headline\":\"Vacunarse contra la gripe y m\u00e1s (Enric Barrull)\",\"datePublished\":\"2020-11-20T10:43:31+00:00\",\"mainEntityOfPage\":{\"@id\":\"https:\/\/conversesacatalunya.cat\/es\/vacunarse-contra-la-gripe-y-mas-enric-barrull\/\"},\"wordCount\":274,\"commentCount\":0,\"image\":{\"@id\":\"https:\/\/conversesacatalunya.cat\/es\/vacunarse-contra-la-gripe-y-mas-enric-barrull\/#primaryimage\"},\"thumbnailUrl\":\"https:\/\/conversesacatalunya.cat\/wp-content\/uploads\/2020\/11\/congreso.jpeg\",\"articleSection\":[\"Els lectors participen (ES)\"],\"inLanguage\":\"es\",\"potentialAction\":[{\"@type\":\"CommentAction\",\"name\":\"Comment\",\"target\":[\"https:\/\/conversesacatalunya.cat\/es\/vacunarse-contra-la-gripe-y-mas-enric-barrull\/#respond\"]}]},{\"@type\":\"WebPage\",\"@id\":\"https:\/\/conversesacatalunya.cat\/es\/vacunarse-contra-la-gripe-y-mas-enric-barrull\/\",\"url\":\"https:\/\/conversesacatalunya.cat\/es\/vacunarse-contra-la-gripe-y-mas-enric-barrull\/\",\"name\":\"Vacunarse contra la gripe y m\u00e1s (Enric Barrull) - Converses a Catalunya\",\"isPartOf\":{\"@id\":\"https:\/\/conversesacatalunya.cat\/#website\"},\"primaryImageOfPage\":{\"@id\":\"https:\/\/conversesacatalunya.cat\/es\/vacunarse-contra-la-gripe-y-mas-enric-barrull\/#primaryimage\"},\"image\":{\"@id\":\"https:\/\/conversesacatalunya.cat\/es\/vacunarse-contra-la-gripe-y-mas-enric-barrull\/#primaryimage\"},\"thumbnailUrl\":\"https:\/\/conversesacatalunya.cat\/wp-content\/uploads\/2020\/11\/congreso.jpeg\",\"datePublished\":\"2020-11-20T10:43:31+00:00\",\"author\":{\"@id\":\"https:\/\/conversesacatalunya.cat\/#\/schema\/person\/982274792508d804a0821b413c9ac076\"},\"breadcrumb\":{\"@id\":\"https:\/\/conversesacatalunya.cat\/es\/vacunarse-contra-la-gripe-y-mas-enric-barrull\/#breadcrumb\"},\"inLanguage\":\"es\",\"potentialAction\":[{\"@type\":\"ReadAction\",\"target\":[\"https:\/\/conversesacatalunya.cat\/es\/vacunarse-contra-la-gripe-y-mas-enric-barrull\/\"]}]},{\"@type\":\"ImageObject\",\"inLanguage\":\"es\",\"@id\":\"https:\/\/conversesacatalunya.cat\/es\/vacunarse-contra-la-gripe-y-mas-enric-barrull\/#primaryimage\",\"url\":\"https:\/\/conversesacatalunya.cat\/wp-content\/uploads\/2020\/11\/congreso.jpeg\",\"contentUrl\":\"https:\/\/conversesacatalunya.cat\/wp-content\/uploads\/2020\/11\/congreso.jpeg\",\"width\":914,\"height\":609},{\"@type\":\"BreadcrumbList\",\"@id\":\"https:\/\/conversesacatalunya.cat\/es\/vacunarse-contra-la-gripe-y-mas-enric-barrull\/#breadcrumb\",\"itemListElement\":[{\"@type\":\"ListItem\",\"position\":1,\"name\":\"Inici\",\"item\":\"https:\/\/conversesacatalunya.cat\/es\/\"},{\"@type\":\"ListItem\",\"position\":2,\"name\":\"Vacunarse contra la gripe y m\u00e1s (Enric Barrull)\"}]},{\"@type\":\"WebSite\",\"@id\":\"https:\/\/conversesacatalunya.cat\/#website\",\"url\":\"https:\/\/conversesacatalunya.cat\/\",\"name\":\"Converses a Catalunya\",\"description\":\"\",\"potentialAction\":[{\"@type\":\"SearchAction\",\"target\":{\"@type\":\"EntryPoint\",\"urlTemplate\":\"https:\/\/conversesacatalunya.cat\/?s={search_term_string}\"},\"query-input\":{\"@type\":\"PropertyValueSpecification\",\"valueRequired\":true,\"valueName\":\"search_term_string\"}}],\"inLanguage\":\"es\"},{\"@type\":\"Person\",\"@id\":\"https:\/\/conversesacatalunya.cat\/#\/schema\/person\/982274792508d804a0821b413c9ac076\",\"name\":\"conversesacatalunya\",\"image\":{\"@type\":\"ImageObject\",\"inLanguage\":\"es\",\"@id\":\"https:\/\/conversesacatalunya.cat\/#\/schema\/person\/image\/\",\"url\":\"https:\/\/conversesacatalunya.cat\/wp-content\/litespeed\/avatar\/f04b47eeffd9637c7cf7869e217fb9ec.jpg?ver=1777370077\",\"contentUrl\":\"https:\/\/conversesacatalunya.cat\/wp-content\/litespeed\/avatar\/f04b47eeffd9637c7cf7869e217fb9ec.jpg?ver=1777370077\",\"caption\":\"conversesacatalunya\"},\"url\":\"https:\/\/conversesacatalunya.cat\/es\/author\/muntsa_escola\/\"}]}<\/script>\n<!-- \/ Yoast SEO plugin. -->","yoast_head_json":{"title":"Vacunarse contra la gripe y m\u00e1s (Enric Barrull) - Converses a Catalunya","robots":{"index":"index","follow":"follow","max-snippet":"max-snippet:-1","max-image-preview":"max-image-preview:large","max-video-preview":"max-video-preview:-1"},"canonical":"https:\/\/conversesacatalunya.cat\/es\/vacunarse-contra-la-gripe-y-mas-enric-barrull\/","og_locale":"es_ES","og_type":"article","og_title":"Vacunarse contra la gripe y m\u00e1s (Enric Barrull) - Converses a Catalunya","og_description":"Hay que vacunarse contra la gripe, pero tambi\u00e9n contra el mal humor y las ganas de fastidiar. Tanto una cosa como la otra parecen inscritos a fuego en la mentalidad de mucha gente, particularmente en los pol\u00edticos. Que los dem\u00e1s nos tiremos los trastos a la cabeza, parece que forma parte de lo m\u00e1s natural entre unos y otros, en cuanto haya alguna discrepancia, como puede verse, por ejemplo, en las discusiones familiares por el reparto de una herencia. Pero que los pol\u00edticos tambi\u00e9n lo hagan no deber\u00eda formar parte de su sueldo. Han sido elegidos para servir a los dem\u00e1s del mejor modo posible, y por eso repugna verlos tratando de dividir a unos de otros; y diciendo que los buenos son los m\u00edos y los dem\u00e1s son malos de solemnidad, incapaces de tomarse en serio que yo siempre tengo raz\u00f3n porque para eso me han elegido. Lo acabamos de ver con la aprobaci\u00f3n de la nueva Ley de Educaci\u00f3n, contraria claramente a los intereses de la mayor parte de los padres, pero no para los intereses de algunos partidos. \u00a1Hombre, no!\u00a0 T\u00fa no has sido elegido para que siempre te demos la raz\u00f3n, sino para que resuelvas, o por lo menos lo intentes, las cosas de la mejor manera posible, sin costes a\u00f1adidos para una ciudadan\u00eda, muy mermada en la actualidad por la pandemia, que nos est\u00e1 fastidiando y poni\u00e9ndonos de mal humor, por lo inesperado y la falta de recursos para resolverla. &nbsp;","og_url":"https:\/\/conversesacatalunya.cat\/es\/vacunarse-contra-la-gripe-y-mas-enric-barrull\/","og_site_name":"Converses a Catalunya","article_published_time":"2020-11-20T10:43:31+00:00","og_image":[{"width":914,"height":609,"url":"https:\/\/conversesacatalunya.cat\/wp-content\/uploads\/2020\/11\/congreso.jpeg","type":"image\/jpeg"}],"author":"conversesacatalunya","twitter_card":"summary_large_image","twitter_misc":{"Escrito por":"conversesacatalunya","Tiempo de lectura":"1 minuto"},"schema":{"@context":"https:\/\/schema.org","@graph":[{"@type":"Article","@id":"https:\/\/conversesacatalunya.cat\/es\/vacunarse-contra-la-gripe-y-mas-enric-barrull\/#article","isPartOf":{"@id":"https:\/\/conversesacatalunya.cat\/es\/vacunarse-contra-la-gripe-y-mas-enric-barrull\/"},"author":{"name":"conversesacatalunya","@id":"https:\/\/conversesacatalunya.cat\/#\/schema\/person\/982274792508d804a0821b413c9ac076"},"headline":"Vacunarse contra la gripe y m\u00e1s (Enric Barrull)","datePublished":"2020-11-20T10:43:31+00:00","mainEntityOfPage":{"@id":"https:\/\/conversesacatalunya.cat\/es\/vacunarse-contra-la-gripe-y-mas-enric-barrull\/"},"wordCount":274,"commentCount":0,"image":{"@id":"https:\/\/conversesacatalunya.cat\/es\/vacunarse-contra-la-gripe-y-mas-enric-barrull\/#primaryimage"},"thumbnailUrl":"https:\/\/conversesacatalunya.cat\/wp-content\/uploads\/2020\/11\/congreso.jpeg","articleSection":["Els lectors participen (ES)"],"inLanguage":"es","potentialAction":[{"@type":"CommentAction","name":"Comment","target":["https:\/\/conversesacatalunya.cat\/es\/vacunarse-contra-la-gripe-y-mas-enric-barrull\/#respond"]}]},{"@type":"WebPage","@id":"https:\/\/conversesacatalunya.cat\/es\/vacunarse-contra-la-gripe-y-mas-enric-barrull\/","url":"https:\/\/conversesacatalunya.cat\/es\/vacunarse-contra-la-gripe-y-mas-enric-barrull\/","name":"Vacunarse contra la gripe y m\u00e1s (Enric Barrull) - Converses a Catalunya","isPartOf":{"@id":"https:\/\/conversesacatalunya.cat\/#website"},"primaryImageOfPage":{"@id":"https:\/\/conversesacatalunya.cat\/es\/vacunarse-contra-la-gripe-y-mas-enric-barrull\/#primaryimage"},"image":{"@id":"https:\/\/conversesacatalunya.cat\/es\/vacunarse-contra-la-gripe-y-mas-enric-barrull\/#primaryimage"},"thumbnailUrl":"https:\/\/conversesacatalunya.cat\/wp-content\/uploads\/2020\/11\/congreso.jpeg","datePublished":"2020-11-20T10:43:31+00:00","author":{"@id":"https:\/\/conversesacatalunya.cat\/#\/schema\/person\/982274792508d804a0821b413c9ac076"},"breadcrumb":{"@id":"https:\/\/conversesacatalunya.cat\/es\/vacunarse-contra-la-gripe-y-mas-enric-barrull\/#breadcrumb"},"inLanguage":"es","potentialAction":[{"@type":"ReadAction","target":["https:\/\/conversesacatalunya.cat\/es\/vacunarse-contra-la-gripe-y-mas-enric-barrull\/"]}]},{"@type":"ImageObject","inLanguage":"es","@id":"https:\/\/conversesacatalunya.cat\/es\/vacunarse-contra-la-gripe-y-mas-enric-barrull\/#primaryimage","url":"https:\/\/conversesacatalunya.cat\/wp-content\/uploads\/2020\/11\/congreso.jpeg","contentUrl":"https:\/\/conversesacatalunya.cat\/wp-content\/uploads\/2020\/11\/congreso.jpeg","width":914,"height":609},{"@type":"BreadcrumbList","@id":"https:\/\/conversesacatalunya.cat\/es\/vacunarse-contra-la-gripe-y-mas-enric-barrull\/#breadcrumb","itemListElement":[{"@type":"ListItem","position":1,"name":"Inici","item":"https:\/\/conversesacatalunya.cat\/es\/"},{"@type":"ListItem","position":2,"name":"Vacunarse contra la gripe y m\u00e1s (Enric Barrull)"}]},{"@type":"WebSite","@id":"https:\/\/conversesacatalunya.cat\/#website","url":"https:\/\/conversesacatalunya.cat\/","name":"Converses a Catalunya","description":"","potentialAction":[{"@type":"SearchAction","target":{"@type":"EntryPoint","urlTemplate":"https:\/\/conversesacatalunya.cat\/?s={search_term_string}"},"query-input":{"@type":"PropertyValueSpecification","valueRequired":true,"valueName":"search_term_string"}}],"inLanguage":"es"},{"@type":"Person","@id":"https:\/\/conversesacatalunya.cat\/#\/schema\/person\/982274792508d804a0821b413c9ac076","name":"conversesacatalunya","image":{"@type":"ImageObject","inLanguage":"es","@id":"https:\/\/conversesacatalunya.cat\/#\/schema\/person\/image\/","url":"https:\/\/conversesacatalunya.cat\/wp-content\/litespeed\/avatar\/f04b47eeffd9637c7cf7869e217fb9ec.jpg?ver=1777370077","contentUrl":"https:\/\/conversesacatalunya.cat\/wp-content\/litespeed\/avatar\/f04b47eeffd9637c7cf7869e217fb9ec.jpg?ver=1777370077","caption":"conversesacatalunya"},"url":"https:\/\/conversesacatalunya.cat\/es\/author\/muntsa_escola\/"}]}},"wps_subtitle":"","_links":{"self":[{"href":"https:\/\/conversesacatalunya.cat\/es\/wp-json\/wp\/v2\/posts\/42531","targetHints":{"allow":["GET"]}}],"collection":[{"href":"https:\/\/conversesacatalunya.cat\/es\/wp-json\/wp\/v2\/posts"}],"about":[{"href":"https:\/\/conversesacatalunya.cat\/es\/wp-json\/wp\/v2\/types\/post"}],"author":[{"embeddable":true,"href":"https:\/\/conversesacatalunya.cat\/es\/wp-json\/wp\/v2\/users\/3"}],"replies":[{"embeddable":true,"href":"https:\/\/conversesacatalunya.cat\/es\/wp-json\/wp\/v2\/comments?post=42531"}],"version-history":[{"count":1,"href":"https:\/\/conversesacatalunya.cat\/es\/wp-json\/wp\/v2\/posts\/42531\/revisions"}],"predecessor-version":[{"id":42534,"href":"https:\/\/conversesacatalunya.cat\/es\/wp-json\/wp\/v2\/posts\/42531\/revisions\/42534"}],"wp:featuredmedia":[{"embeddable":true,"href":"https:\/\/conversesacatalunya.cat\/es\/wp-json\/wp\/v2\/media\/42535"}],"wp:attachment":[{"href":"https:\/\/conversesacatalunya.cat\/es\/wp-json\/wp\/v2\/media?parent=42531"}],"wp:term":[{"taxonomy":"category","embeddable":true,"href":"https:\/\/conversesacatalunya.cat\/es\/wp-json\/wp\/v2\/categories?post=42531"},{"taxonomy":"post_tag","embeddable":true,"href":"https:\/\/conversesacatalunya.cat\/es\/wp-json\/wp\/v2\/tags?post=42531"}],"curies":[{"name":"wp","href":"https:\/\/api.w.org\/{rel}","templated":true}]}}