{"id":42505,"date":"2020-11-19T16:00:52","date_gmt":"2020-11-19T15:00:52","guid":{"rendered":"https:\/\/conversesacatalunya.cat\/fundacio-la-caixa-gran-recapte\/"},"modified":"2020-11-19T16:30:14","modified_gmt":"2020-11-19T15:30:14","slug":"fundacio-la-caixa-gran-recapte","status":"publish","type":"post","link":"https:\/\/conversesacatalunya.cat\/es\/fundacio-la-caixa-gran-recapte\/","title":{"rendered":"La Fundaci\u00f3n \u201dla Caixa\u201d impulsa el Gran Recapte con una aportaci\u00f3n de 300.000 euros al Banc dels Aliments"},"content":{"rendered":"<p>La Fundaci\u00f3n \u201dla Caixa\u201d se suma al <strong>Gran Recapte<\/strong> para impulsar la recta final de la campa\u00f1a en Catalu\u00f1a con una aportaci\u00f3n de 300.000 euros para el Banc dels Aliments, con el objetivo de ayudar a las miles de personas en situaci\u00f3n de vulnerabilidad, especialmente afectadas por la emergencia social derivada de la Covid-19. As\u00ed lo han anunciado el director general de la Fundaci\u00f3n \u201dla Caixa\u201d, <strong>Antonio Vila<\/strong>, y el subdirector general de la Fundaci\u00f3n \u201dla Caixa\u201d, <strong>Marc Sim\u00f3n<\/strong>, en un encuentro con la presidenta de la Federaci\u00f3n Catalana del Banc dels Aliments, <strong>Roser Brutau<\/strong>, y el director de la Fundaci\u00f3n del Banc dels Aliments de Barcelona, <strong>Llu\u00eds Fatj\u00f3-Vilas<\/strong>.<\/p>\n<h5><strong><span>\u00abPara muchos, la nueva realidad es una nevera vac\u00eda\u00bb<\/span><\/strong><\/h5>\n<p><span>La 12\u00aa edici\u00f3n del Gran Recapte se adapta al contexto actual de pandemia y apuesta por los donativos bajo el lema <\/span><strong><span>\u00abpara muchos, la nueva realidad es una nevera vac\u00eda\u00bb<\/span><\/strong><span>\u00a0.\u00a0La campa\u00f1a ha suspendido este a\u00f1o la recogida f\u00edsica de alimentos para minimizar el riesgo de contagios.<\/span><\/p>\n<p>El Banc dels Aliments atraviesa el momento m\u00e1s delicado desde su creaci\u00f3n con una cifra r\u00e9cord de 262.000 personas atendidas de media mensual a trav\u00e9s de 636 entidades sociales: la demanda ha aumentado un 40% respecto al mismo per\u00edodo del a\u00f1o pasado, en Catalu\u00f1a. De este modo, para dar respuesta a la acuciante necesidad, el tradicional Gran Recapte tendr\u00eda que recoger <strong>6 millones de kilos de alimentos<\/strong>, en lugar de los habituales 4,5 millones de kilos.<\/p>\n<p><span>\u00abMiles de personas se han visto afectadas por la situaci\u00f3n actual. La vulnerabilidad se ha extendido hasta el punto de que todos conocemos a alguien que est\u00e1 pasando momentos dif\u00edciles. La solidaridad es ahora una responsabilidad. Por eso, m\u00e1s que nunca, <\/span><strong><span>queremos estar al lado de los que m\u00e1s lo necesitan<\/span><\/strong><span> apoyando iniciativas tan imprescindibles como el Gran Recapte\u00bb, ha destacado el director general de la Fundaci\u00f3n \u00abla Caixa\u00bb, <\/span><strong><span>Antoni Vila<\/span><\/strong><span>.<\/span><\/p>\n<figure id=\"attachment_42508\" aria-describedby=\"caption-attachment-42508\" style=\"width: 300px\" class=\"wp-caption alignright\"><img fetchpriority=\"high\" decoding=\"async\" class=\"size-medium wp-image-42508\" src=\"https:\/\/conversesacatalunya.cat\/wp-content\/uploads\/2020\/11\/banc-aliments-300x200.jpg\" alt=\"\" width=\"300\" height=\"200\" srcset=\"https:\/\/conversesacatalunya.cat\/wp-content\/uploads\/2020\/11\/banc-aliments-300x200.jpg 300w, https:\/\/conversesacatalunya.cat\/wp-content\/uploads\/2020\/11\/banc-aliments-1024x683.jpg 1024w, https:\/\/conversesacatalunya.cat\/wp-content\/uploads\/2020\/11\/banc-aliments-1536x1025.jpg 1536w, https:\/\/conversesacatalunya.cat\/wp-content\/uploads\/2020\/11\/banc-aliments-2048x1367.jpg 2048w\" sizes=\"(max-width: 300px) 100vw, 300px\" \/><figcaption id=\"caption-attachment-42508\" class=\"wp-caption-text\">Gran Recapte Fundaci\u00f3 \u201dla Caixa\u201d. La presidenta de la Federaci\u00f3n Catalana del Banc dels Aliments, Roser Brutau, y el director general de la Fundaci\u00f3n \u201dla Caixa\u201d, Antonio Vila.<\/figcaption><\/figure>\n<p><span><span class=\"goog-text-highlight\">Por su parte, la presidenta de la Federaci\u00f3n Catalana del Banc dels Aliments, <\/span><\/span><strong><span><span class=\"goog-text-highlight\">Roser Brutau<\/span><\/span><\/strong><span><span class=\"goog-text-highlight\">, ha resaltado \u00abla importancia de que entidades como <\/span><\/span><strong><span><span class=\"goog-text-highlight\">la Fundaci\u00f3n\u00bb la Caixa \u00ab<\/span><\/span><\/strong><span><span class=\"goog-text-highlight\"> se sumen tambi\u00e9n a esta campa\u00f1a de solidaridad colectiva, porque el momento actual es tan crucial, que requiere una implicaci\u00f3n con determinaci\u00f3n de organizaciones y empresas, para tejer redes que garanticen la atenci\u00f3n de los colectivos m\u00e1s vulnerables\u00bb.<\/span><\/span><\/p>\n<h5><strong><span>M\u00e1s de 6.000 personas voluntarias<\/span><\/strong><\/h5>\n<p><span><span class=\"\">Una vez terminada la campa\u00f1a, se adquirir\u00e1n y se distribuir\u00e1n a las entidades del entorno alimentos b\u00e1sicos, como\u00a0<\/span><\/span><strong><span><span class=\"\">leche, aceite, legumbres o conservas<\/span><\/span><\/strong><span><span class=\"\">, gracias a todas las donaciones conseguidas.\u00a0<\/span>En menos de una semana,\u00a0<\/span><strong><span>m\u00e1s de 6.000 personas ya se han inscrito como voluntarias<\/span><\/strong><span>.<\/span><\/p>\n<p><span>Durante el 2020, el Banco de Alimentos han distribuido m\u00e1s de 15 millones de kilos de alimentos.<\/span><\/p>\n<h5><strong><span>La campa\u00f1a \u00abNing\u00fan hogar sin alimentos\u00bb<\/span><\/strong><\/h5>\n<p><span>Al principio de la pandemia, el pasado 1 de abril, la Fundaci\u00f3n \u00abla Caixa\u00bb, con el apoyo operativo de CaixaBank, impuls\u00f3 la acci\u00f3n solidaria\u00a0<\/span><a href=\"https:\/\/conversesacatalunya.cat\/es\/la-fundacion-la-caixa-recauda-en-donativos-un-millon-de-euros-para-los-bancos-de-alimentos\/\" target=\"_blank\" rel=\"noopener noreferrer\"><span>\u00abNing\u00fan hogar sin alimentos\u00bb<\/span><\/a><span>\u00a0para paliar los primeros efectos de la crisis del coronavirus durante el confinamiento.\u00a0<span class=\"goog-text-highlight\">En Catalu\u00f1a logr\u00f3 recaudar <\/span><\/span><strong><span><span class=\"goog-text-highlight\">m\u00e1s de medio mill\u00f3n de euros, que la Fundaci\u00f3n \u00abla Caixa\u00bb complement\u00f3 hasta llegar a los 710.000 euros.\u00a0<\/span><\/span><\/strong><span>Con esta cantidad se consiguieron un total de\u00a0<\/span><strong><span>m\u00e1s de 800 toneladas de alimentos<\/span><\/strong><span>, que se distribuyeron entre los distintos bancos de alimentos del territorio.<\/span><\/p>\n<p>La campa\u00f1a cerr\u00f3 con 2,3 millones de euros recaudados.\u00a0Como respuesta a la buena acogida de la campa\u00f1a y a la acuciante necesidad, la Fundaci\u00f3n \u00abla Caixa\u00bb decidi\u00f3 aportar un mill\u00f3n de euros adicional a la iniciativa,\u00a0<strong>sumando un total de 3,4 millones de euros<\/strong> para cubrir las necesidades m\u00e1s b\u00e1sicas de miles de personas.<\/p>\n<span class='bctt-click-to-tweet'><span class='bctt-ctt-text'><a href='https:\/\/twitter.com\/intent\/tweet?url=https%3A%2F%2Fconversesacatalunya.cat%2Fes%2Ffundacio-la-caixa-gran-recapte%2F&#038;text=La%20Fundaci%C3%B3n%20%E2%80%9Dla%20Caixa%E2%80%9D%20se%20suma%20al%20Gran%20Recapte%20para%20impulsar%20la%20recta%20final%20de%20la%20campa%C3%B1a%20en%20Catalu%C3%B1a%20con%20una%20aportaci%C3%B3n%20de%20300.000%20euros%20para%20el%20Banc%20dels%20Aliments&#038;via=conversesacat&#038;related=conversesacat' target='_blank'rel=\"noopener noreferrer\">La Fundaci\u00f3n \u201dla Caixa\u201d se suma al Gran Recapte para impulsar la recta final de la campa\u00f1a en Catalu\u00f1a con una aportaci\u00f3n de 300.000 euros para el Banc dels Aliments <\/a><\/span><a href='https:\/\/twitter.com\/intent\/tweet?url=https%3A%2F%2Fconversesacatalunya.cat%2Fes%2Ffundacio-la-caixa-gran-recapte%2F&#038;text=La%20Fundaci%C3%B3n%20%E2%80%9Dla%20Caixa%E2%80%9D%20se%20suma%20al%20Gran%20Recapte%20para%20impulsar%20la%20recta%20final%20de%20la%20campa%C3%B1a%20en%20Catalu%C3%B1a%20con%20una%20aportaci%C3%B3n%20de%20300.000%20euros%20para%20el%20Banc%20dels%20Aliments&#038;via=conversesacat&#038;related=conversesacat' target='_blank' class='bctt-ctt-btn'rel=\"noopener noreferrer\">Compartir en X<\/a><\/span>\n","protected":false},"excerpt":{"rendered":"<p>La Fundaci\u00f3n \u201dla Caixa\u201d se suma al Gran Recapte para impulsar la recta final de la campa\u00f1a en Catalu\u00f1a con una aportaci\u00f3n de 300.000 euros para el Banc dels Aliments, con el objetivo de ayudar a las miles de personas en situaci\u00f3n de vulnerabilidad, especialmente afectadas por la emergencia social derivada de la Covid-19. As\u00ed lo han anunciado el director general de la Fundaci\u00f3n \u201dla Caixa\u201d, Antonio Vila, y el subdirector general de la Fundaci\u00f3n \u201dla Caixa\u201d, Marc Sim\u00f3n, en un encuentro con la presidenta de la Federaci\u00f3n Catalana del Banc dels Aliments, Roser Brutau, y el director de la Fundaci\u00f3n del Banc dels Aliments de Barcelona, Llu\u00eds Fatj\u00f3-Vilas. \u00abPara muchos, la nueva realidad es una nevera vac\u00eda\u00bb La 12\u00aa edici\u00f3n del Gran Recapte se adapta al contexto actual de pandemia y apuesta por los donativos bajo el lema \u00abpara muchos, la nueva realidad es una nevera vac\u00eda\u00bb\u00a0.\u00a0La campa\u00f1a ha suspendido este a\u00f1o la recogida f\u00edsica de alimentos para minimizar el riesgo de contagios. El Banc dels Aliments atraviesa el momento m\u00e1s delicado desde su creaci\u00f3n con una cifra r\u00e9cord de 262.000 personas atendidas de media mensual a trav\u00e9s de 636 entidades sociales: la demanda ha aumentado un 40% respecto al mismo per\u00edodo del a\u00f1o pasado, en Catalu\u00f1a. De este modo, para dar respuesta a la acuciante necesidad, el tradicional Gran Recapte tendr\u00eda que recoger 6 millones de kilos de alimentos, en lugar de los habituales 4,5 millones de kilos. \u00abMiles de personas se han visto afectadas por la situaci\u00f3n actual. La vulnerabilidad se ha extendido hasta el punto de que todos conocemos a alguien que est\u00e1 pasando momentos dif\u00edciles. La solidaridad es ahora una responsabilidad. Por eso, m\u00e1s que nunca, queremos estar al lado de los que m\u00e1s lo necesitan apoyando iniciativas tan imprescindibles como el Gran Recapte\u00bb, ha destacado el director general de la Fundaci\u00f3n \u00abla Caixa\u00bb, Antoni Vila. Por su parte, la presidenta de la Federaci\u00f3n Catalana del Banc dels Aliments, Roser Brutau, ha resaltado \u00abla importancia de que entidades como la Fundaci\u00f3n\u00bb la Caixa \u00ab se sumen tambi\u00e9n a esta campa\u00f1a de solidaridad colectiva, porque el momento actual es tan crucial, que requiere una implicaci\u00f3n con determinaci\u00f3n de organizaciones y empresas, para tejer redes que garanticen la atenci\u00f3n de los colectivos m\u00e1s vulnerables\u00bb. M\u00e1s de 6.000 personas voluntarias Una vez terminada la campa\u00f1a, se adquirir\u00e1n y se distribuir\u00e1n a las entidades del entorno alimentos b\u00e1sicos, como\u00a0leche, aceite, legumbres o conservas, gracias a todas las donaciones conseguidas.\u00a0En menos de una semana,\u00a0m\u00e1s de 6.000 personas ya se han inscrito como voluntarias. Durante el 2020, el Banco de Alimentos han distribuido m\u00e1s de 15 millones de kilos de alimentos. La campa\u00f1a \u00abNing\u00fan hogar sin alimentos\u00bb Al principio de la pandemia, el pasado 1 de abril, la Fundaci\u00f3n \u00abla Caixa\u00bb, con el apoyo operativo de CaixaBank, impuls\u00f3 la acci\u00f3n solidaria\u00a0\u00abNing\u00fan hogar sin alimentos\u00bb\u00a0para paliar los primeros efectos de la crisis del coronavirus durante el confinamiento.\u00a0En Catalu\u00f1a logr\u00f3 recaudar m\u00e1s de medio mill\u00f3n de euros, que la Fundaci\u00f3n \u00abla Caixa\u00bb complement\u00f3 hasta llegar a los 710.000 euros.\u00a0Con esta cantidad se consiguieron un total de\u00a0m\u00e1s de 800 toneladas de alimentos, que se distribuyeron entre los distintos bancos de alimentos del territorio. La campa\u00f1a cerr\u00f3 con 2,3 millones de euros recaudados.\u00a0Como respuesta a la buena acogida de la campa\u00f1a y a la acuciante necesidad, la Fundaci\u00f3n \u00abla Caixa\u00bb decidi\u00f3 aportar un mill\u00f3n de euros adicional a la iniciativa,\u00a0sumando un total de 3,4 millones de euros para cubrir las necesidades m\u00e1s b\u00e1sicas de miles de personas.<\/p>\n","protected":false},"author":3,"featured_media":42503,"comment_status":"open","ping_status":"open","sticky":false,"template":"","format":"standard","meta":{"_FSMCFIC_featured_image_caption":"","_FSMCFIC_featured_image_nocaption":"","_FSMCFIC_featured_image_hide":"","footnotes":""},"categories":[806],"tags":[979,2704],"class_list":["post-42505","post","type-post","status-publish","format-standard","has-post-thumbnail","hentry","category-punts-claus-del-dia-es","tag-banc-daliments-es-2","tag-fundacion-la-caixa"],"yoast_head":"<!-- This site is optimized with the Yoast SEO plugin v26.8 - https:\/\/yoast.com\/product\/yoast-seo-wordpress\/ -->\n<title>La Fundaci\u00f3n \u201dla Caixa\u201d impulsa el Gran Recapte con una aportaci\u00f3n de 300.000 euros al Banc dels Aliments - Converses a Catalunya<\/title>\n<meta name=\"robots\" content=\"index, follow, max-snippet:-1, max-image-preview:large, max-video-preview:-1\" \/>\n<link rel=\"canonical\" href=\"https:\/\/conversesacatalunya.cat\/es\/fundacio-la-caixa-gran-recapte\/\" \/>\n<meta property=\"og:locale\" content=\"es_ES\" \/>\n<meta property=\"og:type\" content=\"article\" \/>\n<meta property=\"og:title\" content=\"La Fundaci\u00f3n \u201dla Caixa\u201d impulsa el Gran Recapte con una aportaci\u00f3n de 300.000 euros al Banc dels Aliments - Converses a Catalunya\" \/>\n<meta property=\"og:description\" content=\"La Fundaci\u00f3n \u201dla Caixa\u201d se suma al Gran Recapte para impulsar la recta final de la campa\u00f1a en Catalu\u00f1a con una aportaci\u00f3n de 300.000 euros para el Banc dels Aliments, con el objetivo de ayudar a las miles de personas en situaci\u00f3n de vulnerabilidad, especialmente afectadas por la emergencia social derivada de la Covid-19. As\u00ed lo han anunciado el director general de la Fundaci\u00f3n \u201dla Caixa\u201d, Antonio Vila, y el subdirector general de la Fundaci\u00f3n \u201dla Caixa\u201d, Marc Sim\u00f3n, en un encuentro con la presidenta de la Federaci\u00f3n Catalana del Banc dels Aliments, Roser Brutau, y el director de la Fundaci\u00f3n del Banc dels Aliments de Barcelona, Llu\u00eds Fatj\u00f3-Vilas. \u00abPara muchos, la nueva realidad es una nevera vac\u00eda\u00bb La 12\u00aa edici\u00f3n del Gran Recapte se adapta al contexto actual de pandemia y apuesta por los donativos bajo el lema \u00abpara muchos, la nueva realidad es una nevera vac\u00eda\u00bb\u00a0.\u00a0La campa\u00f1a ha suspendido este a\u00f1o la recogida f\u00edsica de alimentos para minimizar el riesgo de contagios. El Banc dels Aliments atraviesa el momento m\u00e1s delicado desde su creaci\u00f3n con una cifra r\u00e9cord de 262.000 personas atendidas de media mensual a trav\u00e9s de 636 entidades sociales: la demanda ha aumentado un 40% respecto al mismo per\u00edodo del a\u00f1o pasado, en Catalu\u00f1a. De este modo, para dar respuesta a la acuciante necesidad, el tradicional Gran Recapte tendr\u00eda que recoger 6 millones de kilos de alimentos, en lugar de los habituales 4,5 millones de kilos. \u00abMiles de personas se han visto afectadas por la situaci\u00f3n actual. La vulnerabilidad se ha extendido hasta el punto de que todos conocemos a alguien que est\u00e1 pasando momentos dif\u00edciles. La solidaridad es ahora una responsabilidad. Por eso, m\u00e1s que nunca, queremos estar al lado de los que m\u00e1s lo necesitan apoyando iniciativas tan imprescindibles como el Gran Recapte\u00bb, ha destacado el director general de la Fundaci\u00f3n \u00abla Caixa\u00bb, Antoni Vila. Por su parte, la presidenta de la Federaci\u00f3n Catalana del Banc dels Aliments, Roser Brutau, ha resaltado \u00abla importancia de que entidades como la Fundaci\u00f3n\u00bb la Caixa \u00ab se sumen tambi\u00e9n a esta campa\u00f1a de solidaridad colectiva, porque el momento actual es tan crucial, que requiere una implicaci\u00f3n con determinaci\u00f3n de organizaciones y empresas, para tejer redes que garanticen la atenci\u00f3n de los colectivos m\u00e1s vulnerables\u00bb. M\u00e1s de 6.000 personas voluntarias Una vez terminada la campa\u00f1a, se adquirir\u00e1n y se distribuir\u00e1n a las entidades del entorno alimentos b\u00e1sicos, como\u00a0leche, aceite, legumbres o conservas, gracias a todas las donaciones conseguidas.\u00a0En menos de una semana,\u00a0m\u00e1s de 6.000 personas ya se han inscrito como voluntarias. Durante el 2020, el Banco de Alimentos han distribuido m\u00e1s de 15 millones de kilos de alimentos. La campa\u00f1a \u00abNing\u00fan hogar sin alimentos\u00bb Al principio de la pandemia, el pasado 1 de abril, la Fundaci\u00f3n \u00abla Caixa\u00bb, con el apoyo operativo de CaixaBank, impuls\u00f3 la acci\u00f3n solidaria\u00a0\u00abNing\u00fan hogar sin alimentos\u00bb\u00a0para paliar los primeros efectos de la crisis del coronavirus durante el confinamiento.\u00a0En Catalu\u00f1a logr\u00f3 recaudar m\u00e1s de medio mill\u00f3n de euros, que la Fundaci\u00f3n \u00abla Caixa\u00bb complement\u00f3 hasta llegar a los 710.000 euros.\u00a0Con esta cantidad se consiguieron un total de\u00a0m\u00e1s de 800 toneladas de alimentos, que se distribuyeron entre los distintos bancos de alimentos del territorio. La campa\u00f1a cerr\u00f3 con 2,3 millones de euros recaudados.\u00a0Como respuesta a la buena acogida de la campa\u00f1a y a la acuciante necesidad, la Fundaci\u00f3n \u00abla Caixa\u00bb decidi\u00f3 aportar un mill\u00f3n de euros adicional a la iniciativa,\u00a0sumando un total de 3,4 millones de euros para cubrir las necesidades m\u00e1s b\u00e1sicas de miles de personas.\" \/>\n<meta property=\"og:url\" content=\"https:\/\/conversesacatalunya.cat\/es\/fundacio-la-caixa-gran-recapte\/\" \/>\n<meta property=\"og:site_name\" content=\"Converses a Catalunya\" \/>\n<meta property=\"article:published_time\" content=\"2020-11-19T15:00:52+00:00\" \/>\n<meta property=\"article:modified_time\" content=\"2020-11-19T15:30:14+00:00\" \/>\n<meta property=\"og:image\" content=\"https:\/\/conversesacatalunya.cat\/wp-content\/uploads\/2020\/11\/gran-recapte-scaled.jpg\" \/>\n\t<meta property=\"og:image:width\" content=\"2560\" \/>\n\t<meta property=\"og:image:height\" content=\"1703\" \/>\n\t<meta property=\"og:image:type\" content=\"image\/jpeg\" \/>\n<meta name=\"author\" content=\"conversesacatalunya\" \/>\n<meta name=\"twitter:card\" content=\"summary_large_image\" \/>\n<meta name=\"twitter:label1\" content=\"Escrito por\" \/>\n\t<meta name=\"twitter:data1\" content=\"conversesacatalunya\" \/>\n\t<meta name=\"twitter:label2\" content=\"Tiempo de lectura\" \/>\n\t<meta name=\"twitter:data2\" content=\"4 minutos\" \/>\n<script type=\"application\/ld+json\" class=\"yoast-schema-graph\">{\"@context\":\"https:\/\/schema.org\",\"@graph\":[{\"@type\":\"Article\",\"@id\":\"https:\/\/conversesacatalunya.cat\/es\/fundacio-la-caixa-gran-recapte\/#article\",\"isPartOf\":{\"@id\":\"https:\/\/conversesacatalunya.cat\/es\/fundacio-la-caixa-gran-recapte\/\"},\"author\":{\"name\":\"conversesacatalunya\",\"@id\":\"https:\/\/conversesacatalunya.cat\/#\/schema\/person\/982274792508d804a0821b413c9ac076\"},\"headline\":\"La Fundaci\u00f3n \u201dla Caixa\u201d impulsa el Gran Recapte con una aportaci\u00f3n de 300.000 euros al Banc dels Aliments\",\"datePublished\":\"2020-11-19T15:00:52+00:00\",\"dateModified\":\"2020-11-19T15:30:14+00:00\",\"mainEntityOfPage\":{\"@id\":\"https:\/\/conversesacatalunya.cat\/es\/fundacio-la-caixa-gran-recapte\/\"},\"wordCount\":731,\"commentCount\":0,\"image\":{\"@id\":\"https:\/\/conversesacatalunya.cat\/es\/fundacio-la-caixa-gran-recapte\/#primaryimage\"},\"thumbnailUrl\":\"https:\/\/conversesacatalunya.cat\/wp-content\/uploads\/2020\/11\/gran-recapte-scaled.jpg\",\"keywords\":[\"Banc d'aliments\",\"Fundaci\u00f3n \\\"la Caixa\\\"\"],\"articleSection\":[\"Punts clau del dia (ES)\"],\"inLanguage\":\"es\",\"potentialAction\":[{\"@type\":\"CommentAction\",\"name\":\"Comment\",\"target\":[\"https:\/\/conversesacatalunya.cat\/es\/fundacio-la-caixa-gran-recapte\/#respond\"]}]},{\"@type\":\"WebPage\",\"@id\":\"https:\/\/conversesacatalunya.cat\/es\/fundacio-la-caixa-gran-recapte\/\",\"url\":\"https:\/\/conversesacatalunya.cat\/es\/fundacio-la-caixa-gran-recapte\/\",\"name\":\"La Fundaci\u00f3n \u201dla Caixa\u201d impulsa el Gran Recapte con una aportaci\u00f3n de 300.000 euros al Banc dels Aliments - Converses a Catalunya\",\"isPartOf\":{\"@id\":\"https:\/\/conversesacatalunya.cat\/#website\"},\"primaryImageOfPage\":{\"@id\":\"https:\/\/conversesacatalunya.cat\/es\/fundacio-la-caixa-gran-recapte\/#primaryimage\"},\"image\":{\"@id\":\"https:\/\/conversesacatalunya.cat\/es\/fundacio-la-caixa-gran-recapte\/#primaryimage\"},\"thumbnailUrl\":\"https:\/\/conversesacatalunya.cat\/wp-content\/uploads\/2020\/11\/gran-recapte-scaled.jpg\",\"datePublished\":\"2020-11-19T15:00:52+00:00\",\"dateModified\":\"2020-11-19T15:30:14+00:00\",\"author\":{\"@id\":\"https:\/\/conversesacatalunya.cat\/#\/schema\/person\/982274792508d804a0821b413c9ac076\"},\"breadcrumb\":{\"@id\":\"https:\/\/conversesacatalunya.cat\/es\/fundacio-la-caixa-gran-recapte\/#breadcrumb\"},\"inLanguage\":\"es\",\"potentialAction\":[{\"@type\":\"ReadAction\",\"target\":[\"https:\/\/conversesacatalunya.cat\/es\/fundacio-la-caixa-gran-recapte\/\"]}]},{\"@type\":\"ImageObject\",\"inLanguage\":\"es\",\"@id\":\"https:\/\/conversesacatalunya.cat\/es\/fundacio-la-caixa-gran-recapte\/#primaryimage\",\"url\":\"https:\/\/conversesacatalunya.cat\/wp-content\/uploads\/2020\/11\/gran-recapte-scaled.jpg\",\"contentUrl\":\"https:\/\/conversesacatalunya.cat\/wp-content\/uploads\/2020\/11\/gran-recapte-scaled.jpg\",\"width\":2560,\"height\":1703},{\"@type\":\"BreadcrumbList\",\"@id\":\"https:\/\/conversesacatalunya.cat\/es\/fundacio-la-caixa-gran-recapte\/#breadcrumb\",\"itemListElement\":[{\"@type\":\"ListItem\",\"position\":1,\"name\":\"Inici\",\"item\":\"https:\/\/conversesacatalunya.cat\/es\/\"},{\"@type\":\"ListItem\",\"position\":2,\"name\":\"La Fundaci\u00f3n \u201dla Caixa\u201d impulsa el Gran Recapte con una aportaci\u00f3n de 300.000 euros al Banc dels Aliments\"}]},{\"@type\":\"WebSite\",\"@id\":\"https:\/\/conversesacatalunya.cat\/#website\",\"url\":\"https:\/\/conversesacatalunya.cat\/\",\"name\":\"Converses a Catalunya\",\"description\":\"\",\"potentialAction\":[{\"@type\":\"SearchAction\",\"target\":{\"@type\":\"EntryPoint\",\"urlTemplate\":\"https:\/\/conversesacatalunya.cat\/?s={search_term_string}\"},\"query-input\":{\"@type\":\"PropertyValueSpecification\",\"valueRequired\":true,\"valueName\":\"search_term_string\"}}],\"inLanguage\":\"es\"},{\"@type\":\"Person\",\"@id\":\"https:\/\/conversesacatalunya.cat\/#\/schema\/person\/982274792508d804a0821b413c9ac076\",\"name\":\"conversesacatalunya\",\"image\":{\"@type\":\"ImageObject\",\"inLanguage\":\"es\",\"@id\":\"https:\/\/conversesacatalunya.cat\/#\/schema\/person\/image\/\",\"url\":\"https:\/\/conversesacatalunya.cat\/wp-content\/litespeed\/avatar\/f04b47eeffd9637c7cf7869e217fb9ec.jpg?ver=1777370077\",\"contentUrl\":\"https:\/\/conversesacatalunya.cat\/wp-content\/litespeed\/avatar\/f04b47eeffd9637c7cf7869e217fb9ec.jpg?ver=1777370077\",\"caption\":\"conversesacatalunya\"},\"url\":\"https:\/\/conversesacatalunya.cat\/es\/author\/muntsa_escola\/\"}]}<\/script>\n<!-- \/ Yoast SEO plugin. -->","yoast_head_json":{"title":"La Fundaci\u00f3n \u201dla Caixa\u201d impulsa el Gran Recapte con una aportaci\u00f3n de 300.000 euros al Banc dels Aliments - Converses a Catalunya","robots":{"index":"index","follow":"follow","max-snippet":"max-snippet:-1","max-image-preview":"max-image-preview:large","max-video-preview":"max-video-preview:-1"},"canonical":"https:\/\/conversesacatalunya.cat\/es\/fundacio-la-caixa-gran-recapte\/","og_locale":"es_ES","og_type":"article","og_title":"La Fundaci\u00f3n \u201dla Caixa\u201d impulsa el Gran Recapte con una aportaci\u00f3n de 300.000 euros al Banc dels Aliments - Converses a Catalunya","og_description":"La Fundaci\u00f3n \u201dla Caixa\u201d se suma al Gran Recapte para impulsar la recta final de la campa\u00f1a en Catalu\u00f1a con una aportaci\u00f3n de 300.000 euros para el Banc dels Aliments, con el objetivo de ayudar a las miles de personas en situaci\u00f3n de vulnerabilidad, especialmente afectadas por la emergencia social derivada de la Covid-19. As\u00ed lo han anunciado el director general de la Fundaci\u00f3n \u201dla Caixa\u201d, Antonio Vila, y el subdirector general de la Fundaci\u00f3n \u201dla Caixa\u201d, Marc Sim\u00f3n, en un encuentro con la presidenta de la Federaci\u00f3n Catalana del Banc dels Aliments, Roser Brutau, y el director de la Fundaci\u00f3n del Banc dels Aliments de Barcelona, Llu\u00eds Fatj\u00f3-Vilas. \u00abPara muchos, la nueva realidad es una nevera vac\u00eda\u00bb La 12\u00aa edici\u00f3n del Gran Recapte se adapta al contexto actual de pandemia y apuesta por los donativos bajo el lema \u00abpara muchos, la nueva realidad es una nevera vac\u00eda\u00bb\u00a0.\u00a0La campa\u00f1a ha suspendido este a\u00f1o la recogida f\u00edsica de alimentos para minimizar el riesgo de contagios. El Banc dels Aliments atraviesa el momento m\u00e1s delicado desde su creaci\u00f3n con una cifra r\u00e9cord de 262.000 personas atendidas de media mensual a trav\u00e9s de 636 entidades sociales: la demanda ha aumentado un 40% respecto al mismo per\u00edodo del a\u00f1o pasado, en Catalu\u00f1a. De este modo, para dar respuesta a la acuciante necesidad, el tradicional Gran Recapte tendr\u00eda que recoger 6 millones de kilos de alimentos, en lugar de los habituales 4,5 millones de kilos. \u00abMiles de personas se han visto afectadas por la situaci\u00f3n actual. La vulnerabilidad se ha extendido hasta el punto de que todos conocemos a alguien que est\u00e1 pasando momentos dif\u00edciles. La solidaridad es ahora una responsabilidad. Por eso, m\u00e1s que nunca, queremos estar al lado de los que m\u00e1s lo necesitan apoyando iniciativas tan imprescindibles como el Gran Recapte\u00bb, ha destacado el director general de la Fundaci\u00f3n \u00abla Caixa\u00bb, Antoni Vila. Por su parte, la presidenta de la Federaci\u00f3n Catalana del Banc dels Aliments, Roser Brutau, ha resaltado \u00abla importancia de que entidades como la Fundaci\u00f3n\u00bb la Caixa \u00ab se sumen tambi\u00e9n a esta campa\u00f1a de solidaridad colectiva, porque el momento actual es tan crucial, que requiere una implicaci\u00f3n con determinaci\u00f3n de organizaciones y empresas, para tejer redes que garanticen la atenci\u00f3n de los colectivos m\u00e1s vulnerables\u00bb. M\u00e1s de 6.000 personas voluntarias Una vez terminada la campa\u00f1a, se adquirir\u00e1n y se distribuir\u00e1n a las entidades del entorno alimentos b\u00e1sicos, como\u00a0leche, aceite, legumbres o conservas, gracias a todas las donaciones conseguidas.\u00a0En menos de una semana,\u00a0m\u00e1s de 6.000 personas ya se han inscrito como voluntarias. Durante el 2020, el Banco de Alimentos han distribuido m\u00e1s de 15 millones de kilos de alimentos. La campa\u00f1a \u00abNing\u00fan hogar sin alimentos\u00bb Al principio de la pandemia, el pasado 1 de abril, la Fundaci\u00f3n \u00abla Caixa\u00bb, con el apoyo operativo de CaixaBank, impuls\u00f3 la acci\u00f3n solidaria\u00a0\u00abNing\u00fan hogar sin alimentos\u00bb\u00a0para paliar los primeros efectos de la crisis del coronavirus durante el confinamiento.\u00a0En Catalu\u00f1a logr\u00f3 recaudar m\u00e1s de medio mill\u00f3n de euros, que la Fundaci\u00f3n \u00abla Caixa\u00bb complement\u00f3 hasta llegar a los 710.000 euros.\u00a0Con esta cantidad se consiguieron un total de\u00a0m\u00e1s de 800 toneladas de alimentos, que se distribuyeron entre los distintos bancos de alimentos del territorio. La campa\u00f1a cerr\u00f3 con 2,3 millones de euros recaudados.\u00a0Como respuesta a la buena acogida de la campa\u00f1a y a la acuciante necesidad, la Fundaci\u00f3n \u00abla Caixa\u00bb decidi\u00f3 aportar un mill\u00f3n de euros adicional a la iniciativa,\u00a0sumando un total de 3,4 millones de euros para cubrir las necesidades m\u00e1s b\u00e1sicas de miles de personas.","og_url":"https:\/\/conversesacatalunya.cat\/es\/fundacio-la-caixa-gran-recapte\/","og_site_name":"Converses a Catalunya","article_published_time":"2020-11-19T15:00:52+00:00","article_modified_time":"2020-11-19T15:30:14+00:00","og_image":[{"width":2560,"height":1703,"url":"https:\/\/conversesacatalunya.cat\/wp-content\/uploads\/2020\/11\/gran-recapte-scaled.jpg","type":"image\/jpeg"}],"author":"conversesacatalunya","twitter_card":"summary_large_image","twitter_misc":{"Escrito por":"conversesacatalunya","Tiempo de lectura":"4 minutos"},"schema":{"@context":"https:\/\/schema.org","@graph":[{"@type":"Article","@id":"https:\/\/conversesacatalunya.cat\/es\/fundacio-la-caixa-gran-recapte\/#article","isPartOf":{"@id":"https:\/\/conversesacatalunya.cat\/es\/fundacio-la-caixa-gran-recapte\/"},"author":{"name":"conversesacatalunya","@id":"https:\/\/conversesacatalunya.cat\/#\/schema\/person\/982274792508d804a0821b413c9ac076"},"headline":"La Fundaci\u00f3n \u201dla Caixa\u201d impulsa el Gran Recapte con una aportaci\u00f3n de 300.000 euros al Banc dels Aliments","datePublished":"2020-11-19T15:00:52+00:00","dateModified":"2020-11-19T15:30:14+00:00","mainEntityOfPage":{"@id":"https:\/\/conversesacatalunya.cat\/es\/fundacio-la-caixa-gran-recapte\/"},"wordCount":731,"commentCount":0,"image":{"@id":"https:\/\/conversesacatalunya.cat\/es\/fundacio-la-caixa-gran-recapte\/#primaryimage"},"thumbnailUrl":"https:\/\/conversesacatalunya.cat\/wp-content\/uploads\/2020\/11\/gran-recapte-scaled.jpg","keywords":["Banc d'aliments","Fundaci\u00f3n \"la Caixa\""],"articleSection":["Punts clau del dia (ES)"],"inLanguage":"es","potentialAction":[{"@type":"CommentAction","name":"Comment","target":["https:\/\/conversesacatalunya.cat\/es\/fundacio-la-caixa-gran-recapte\/#respond"]}]},{"@type":"WebPage","@id":"https:\/\/conversesacatalunya.cat\/es\/fundacio-la-caixa-gran-recapte\/","url":"https:\/\/conversesacatalunya.cat\/es\/fundacio-la-caixa-gran-recapte\/","name":"La Fundaci\u00f3n \u201dla Caixa\u201d impulsa el Gran Recapte con una aportaci\u00f3n de 300.000 euros al Banc dels Aliments - Converses a Catalunya","isPartOf":{"@id":"https:\/\/conversesacatalunya.cat\/#website"},"primaryImageOfPage":{"@id":"https:\/\/conversesacatalunya.cat\/es\/fundacio-la-caixa-gran-recapte\/#primaryimage"},"image":{"@id":"https:\/\/conversesacatalunya.cat\/es\/fundacio-la-caixa-gran-recapte\/#primaryimage"},"thumbnailUrl":"https:\/\/conversesacatalunya.cat\/wp-content\/uploads\/2020\/11\/gran-recapte-scaled.jpg","datePublished":"2020-11-19T15:00:52+00:00","dateModified":"2020-11-19T15:30:14+00:00","author":{"@id":"https:\/\/conversesacatalunya.cat\/#\/schema\/person\/982274792508d804a0821b413c9ac076"},"breadcrumb":{"@id":"https:\/\/conversesacatalunya.cat\/es\/fundacio-la-caixa-gran-recapte\/#breadcrumb"},"inLanguage":"es","potentialAction":[{"@type":"ReadAction","target":["https:\/\/conversesacatalunya.cat\/es\/fundacio-la-caixa-gran-recapte\/"]}]},{"@type":"ImageObject","inLanguage":"es","@id":"https:\/\/conversesacatalunya.cat\/es\/fundacio-la-caixa-gran-recapte\/#primaryimage","url":"https:\/\/conversesacatalunya.cat\/wp-content\/uploads\/2020\/11\/gran-recapte-scaled.jpg","contentUrl":"https:\/\/conversesacatalunya.cat\/wp-content\/uploads\/2020\/11\/gran-recapte-scaled.jpg","width":2560,"height":1703},{"@type":"BreadcrumbList","@id":"https:\/\/conversesacatalunya.cat\/es\/fundacio-la-caixa-gran-recapte\/#breadcrumb","itemListElement":[{"@type":"ListItem","position":1,"name":"Inici","item":"https:\/\/conversesacatalunya.cat\/es\/"},{"@type":"ListItem","position":2,"name":"La Fundaci\u00f3n \u201dla Caixa\u201d impulsa el Gran Recapte con una aportaci\u00f3n de 300.000 euros al Banc dels Aliments"}]},{"@type":"WebSite","@id":"https:\/\/conversesacatalunya.cat\/#website","url":"https:\/\/conversesacatalunya.cat\/","name":"Converses a Catalunya","description":"","potentialAction":[{"@type":"SearchAction","target":{"@type":"EntryPoint","urlTemplate":"https:\/\/conversesacatalunya.cat\/?s={search_term_string}"},"query-input":{"@type":"PropertyValueSpecification","valueRequired":true,"valueName":"search_term_string"}}],"inLanguage":"es"},{"@type":"Person","@id":"https:\/\/conversesacatalunya.cat\/#\/schema\/person\/982274792508d804a0821b413c9ac076","name":"conversesacatalunya","image":{"@type":"ImageObject","inLanguage":"es","@id":"https:\/\/conversesacatalunya.cat\/#\/schema\/person\/image\/","url":"https:\/\/conversesacatalunya.cat\/wp-content\/litespeed\/avatar\/f04b47eeffd9637c7cf7869e217fb9ec.jpg?ver=1777370077","contentUrl":"https:\/\/conversesacatalunya.cat\/wp-content\/litespeed\/avatar\/f04b47eeffd9637c7cf7869e217fb9ec.jpg?ver=1777370077","caption":"conversesacatalunya"},"url":"https:\/\/conversesacatalunya.cat\/es\/author\/muntsa_escola\/"}]}},"wps_subtitle":"Antoni Vila: \"La solidaridad es ahora una responsabilidad. Por eso, m\u00e1s que nunca, queremos estar al lado de los que m\u00e1s lo necesitan apoyando iniciativas tan imprescindibles como el Gran Recapte\u201d","_links":{"self":[{"href":"https:\/\/conversesacatalunya.cat\/es\/wp-json\/wp\/v2\/posts\/42505","targetHints":{"allow":["GET"]}}],"collection":[{"href":"https:\/\/conversesacatalunya.cat\/es\/wp-json\/wp\/v2\/posts"}],"about":[{"href":"https:\/\/conversesacatalunya.cat\/es\/wp-json\/wp\/v2\/types\/post"}],"author":[{"embeddable":true,"href":"https:\/\/conversesacatalunya.cat\/es\/wp-json\/wp\/v2\/users\/3"}],"replies":[{"embeddable":true,"href":"https:\/\/conversesacatalunya.cat\/es\/wp-json\/wp\/v2\/comments?post=42505"}],"version-history":[{"count":3,"href":"https:\/\/conversesacatalunya.cat\/es\/wp-json\/wp\/v2\/posts\/42505\/revisions"}],"predecessor-version":[{"id":42512,"href":"https:\/\/conversesacatalunya.cat\/es\/wp-json\/wp\/v2\/posts\/42505\/revisions\/42512"}],"wp:featuredmedia":[{"embeddable":true,"href":"https:\/\/conversesacatalunya.cat\/es\/wp-json\/wp\/v2\/media\/42503"}],"wp:attachment":[{"href":"https:\/\/conversesacatalunya.cat\/es\/wp-json\/wp\/v2\/media?parent=42505"}],"wp:term":[{"taxonomy":"category","embeddable":true,"href":"https:\/\/conversesacatalunya.cat\/es\/wp-json\/wp\/v2\/categories?post=42505"},{"taxonomy":"post_tag","embeddable":true,"href":"https:\/\/conversesacatalunya.cat\/es\/wp-json\/wp\/v2\/tags?post=42505"}],"curies":[{"name":"wp","href":"https:\/\/api.w.org\/{rel}","templated":true}]}}