{"id":42387,"date":"2020-11-17T12:38:52","date_gmt":"2020-11-17T11:38:52","guid":{"rendered":"https:\/\/conversesacatalunya.cat\/els-erto-tornen-a-retardar-se-una-vegada-mes\/"},"modified":"2020-11-17T12:44:33","modified_gmt":"2020-11-17T11:44:33","slug":"los-erte-vuelven-a-retrasarse-una-vez-mas","status":"publish","type":"post","link":"https:\/\/conversesacatalunya.cat\/es\/los-erte-vuelven-a-retrasarse-una-vez-mas\/","title":{"rendered":"Los ERTE vuelven a retrasarse una vez m\u00e1s"},"content":{"rendered":"<p>Seg\u00fan el sindicato Csif el Servicio P\u00fablico de Empleo Estatal (Sepe)<strong>\u00a0vuelve a retrasar los nuevos ERTE que se est\u00e1n solicitando<\/strong>\u00a0por parte de las empresas. Este\u00a0<a href=\"https:\/\/www.forumlibertas.com\/la-economia-se-resiente-con-la-llegada-de-nuevos-erte\/\" target=\"_blank\" rel=\"noopener noreferrer\">colapso<\/a>\u00a0podr\u00eda hacer que el 40% de los perceptores de los Ertes encuentren dificultades para recibir la prestaci\u00f3n a tiempo en los pr\u00f3ximos meses. Lo mismo est\u00e1 ocurriendo con las nuevas prestaciones que se han aprobado, como el subsidio de 430 euros para aquellos desempleados que se quedaron sin ingresos durante el primer estado de alarma.<\/p>\n<p>Desde Csif se\u00f1alan que en las dos primeras semanas de noviembre, se han tramitado casi 150.000 Ertes con m\u00e1s de 720.000 trabajadores. La tramitaci\u00f3n de todos estos nuevos expedientes<strong>\u00a0implicar\u00e1 una nueva sobrecarga<\/strong>\u00a0sobre los casi 8.000 trabajadores del Sepe. Aunque como remarcan desde UGT, el problema se arrastra desde hace meses pues no se ha conseguido dar salida a los errores que se han ido acumulando durante los meses m\u00e1s duros, cuando llegaron a cobrar del Sepe m\u00e1s de 3,5 millones de personas s\u00f3lo de los Ertes.<\/p>\n<p>El proceso exige que se les comunique por escrito para que el afectado pueda presentar las alegaciones oportunas, para lo cual tiene diez d\u00edas. Hasta que el Sepe no tiene constancia de que este paso se ha realizado, no solicita formalmente la devoluci\u00f3n de las cantidades transferidas indebidamente. Algo dif\u00edcil de que se produzca, pues a\u00fan hay muchos afectados que no han recibido la comunicaci\u00f3n del Departamento de Cobros Indebidos del Sepe. Finalmente, hay un plazo de un mes para devolver este dinero.<\/p>\n<p>Durante la primera ola de la pandemia se reconocieron unos cuatro millones de ERTE y algunos empresarios utilizaron esta medida de forma irregular para su beneficio, como obligar a sus trabajadores a acogerse al ERTE y a su vez trabajar a jornada completa. De hecho, la ministra de Trabajo, Yolanda D\u00edaz, avis\u00f3 en julio de este a\u00f1o a las empresas de que el fraude en los ERTE podr\u00eda conllevar \u201cconsecuencias penales\u201d. Aunque la ministra asegur\u00f3 que en la mayor\u00eda de los casos imperaba la honestidad de las empresas, tambi\u00e9n advirti\u00f3 que los fraudes en los ERTE son un \u201cmal uso de los recursos p\u00fablicos\u201d, y no constituyen simplemente \u201cuna sanci\u00f3n administrativa grave\u201d.<\/p>\n<p>Por ese motivo, desde la Inspecci\u00f3n de Trabajo se puso en marcha una campa\u00f1a intensiva espec\u00edfica para evitar estos fraudes. Dicha campa\u00f1a se realiz\u00f3 mediante el env\u00edo masivo de cartas a aquellas empresas que hab\u00edan adoptado estos expedientes y a las que se le hab\u00eda abierto una investigaci\u00f3n para comprobar que todo estaba correcto \u2013unas 70.000 cartas\u2013 y, sobre todo, con la visita de los inspectores de trabajo a las compa\u00f1\u00edas en las hab\u00eda indicio de fraudes.<\/p>\n<p>A finales de octubre, la Inspecci\u00f3n de Trabajo ya hab\u00eda sancionado a 1.755 empresas por infracciones en los ERTE como incluir en los expedientes a intrusos, es decir a empleados ficticios para que cobrasen la prestaci\u00f3n, u obligar a desempe\u00f1ar sus tareas a asalariados con el contrato suspendido o por periodos de tiempo m\u00e1s amplios de los que permit\u00edan sus reducciones de jornada. Con la oleada de los nuevos ERTE, la situaci\u00f3n vuelve a ser similar.<\/p>\n<span class='bctt-click-to-tweet'><span class='bctt-ctt-text'><a href='https:\/\/twitter.com\/intent\/tweet?url=https%3A%2F%2Fconversesacatalunya.cat%2Fes%2Flos-erte-vuelven-a-retrasarse-una-vez-mas%2F&#038;text=La%20tramitaci%C3%B3n%20de%20todos%20estos%20nuevos%20expedientes%20implicar%C3%A1%20una%20nueva%20sobrecarga%20sobre%20los%20casi%208.000%20trabajadores%20del%20Sepe&#038;via=conversesacat&#038;related=conversesacat' target='_blank'rel=\"noopener noreferrer\">La tramitaci\u00f3n de todos estos nuevos expedientes implicar\u00e1 una nueva sobrecarga sobre los casi 8.000 trabajadores del Sepe <\/a><\/span><a href='https:\/\/twitter.com\/intent\/tweet?url=https%3A%2F%2Fconversesacatalunya.cat%2Fes%2Flos-erte-vuelven-a-retrasarse-una-vez-mas%2F&#038;text=La%20tramitaci%C3%B3n%20de%20todos%20estos%20nuevos%20expedientes%20implicar%C3%A1%20una%20nueva%20sobrecarga%20sobre%20los%20casi%208.000%20trabajadores%20del%20Sepe&#038;via=conversesacat&#038;related=conversesacat' target='_blank' class='bctt-ctt-btn'rel=\"noopener noreferrer\">Compartir en X<\/a><\/span>\n<div id=\"polls-81\" class=\"wp-polls\">\n\t<form id=\"polls_form_81\" class=\"wp-polls-form\" action=\"\/index.php\" method=\"post\">\n\t\t<p style=\"display: none;\"><input type=\"hidden\" id=\"poll_81_nonce\" name=\"wp-polls-nonce\" value=\"c714a315f2\" \/><\/p>\n\t\t<p style=\"display: none;\"><input type=\"hidden\" name=\"poll_id\" value=\"81\" \/><\/p>\n\t\t<p style=\"text-align: center\"><strong>Et vacunar\u00e0s de la Covid-19 quan surti la vacuna i sigui segura?<\/strong><\/p><div id=\"polls-81-ans\" class=\"wp-polls-ans\"><ul class=\"wp-polls-ul\">\n\t\t<li><input type=\"radio\" id=\"poll-answer-180\" name=\"poll_81\" value=\"180\" \/> <label for=\"poll-answer-180\">S\u00ed<\/label><\/li>\n\t\t<li><input type=\"radio\" id=\"poll-answer-181\" name=\"poll_81\" value=\"181\" \/> <label for=\"poll-answer-181\">No<\/label><\/li>\n\t\t<li><input type=\"radio\" id=\"poll-answer-182\" name=\"poll_81\" value=\"182\" \/> <label for=\"poll-answer-182\">No ho s\u00e9<\/label><\/li>\n\t\t<\/ul><p style=\"text-align: center\"><input type=\"button\" name=\"vote\" value=\"   Vota   \" class=\"Buttons\" onclick=\"poll_vote(81);\" \/><\/p><p style=\"text-align: center\"><a href=\"#ViewPollResults\" onclick=\"poll_result(81); return false;\" title=\"View Results Of This Poll\">Mira els resultats<\/a><\/p><\/div>\n\t<\/form>\n<\/div>\n<div id=\"polls-81-loading\" class=\"wp-polls-loading\"><img decoding=\"async\" data-src=\"https:\/\/conversesacatalunya.cat\/wp-content\/plugins\/wp-polls\/images\/loading.gif\" width=\"16\" height=\"16\" alt=\"Cargando ...\" title=\"Cargando ...\" class=\"wp-polls-image lazyload\" src=\"data:image\/svg+xml;base64,PHN2ZyB3aWR0aD0iMSIgaGVpZ2h0PSIxIiB4bWxucz0iaHR0cDovL3d3dy53My5vcmcvMjAwMC9zdmciPjwvc3ZnPg==\" style=\"--smush-placeholder-width: 16px; --smush-placeholder-aspect-ratio: 16\/16;\" \/>&nbsp;Cargando ...<\/div>\n\n","protected":false},"excerpt":{"rendered":"<p>Seg\u00fan el sindicato Csif el Servicio P\u00fablico de Empleo Estatal (Sepe)\u00a0vuelve a retrasar los nuevos ERTE que se est\u00e1n solicitando\u00a0por parte de las empresas. Este\u00a0colapso\u00a0podr\u00eda hacer que el 40% de los perceptores de los Ertes encuentren dificultades para recibir la prestaci\u00f3n a tiempo en los pr\u00f3ximos meses. Lo mismo est\u00e1 ocurriendo con las nuevas prestaciones que se han aprobado, como el subsidio de 430 euros para aquellos desempleados que se quedaron sin ingresos durante el primer estado de alarma. Desde Csif se\u00f1alan que en las dos primeras semanas de noviembre, se han tramitado casi 150.000 Ertes con m\u00e1s de 720.000 trabajadores. La tramitaci\u00f3n de todos estos nuevos expedientes\u00a0implicar\u00e1 una nueva sobrecarga\u00a0sobre los casi 8.000 trabajadores del Sepe. Aunque como remarcan desde UGT, el problema se arrastra desde hace meses pues no se ha conseguido dar salida a los errores que se han ido acumulando durante los meses m\u00e1s duros, cuando llegaron a cobrar del Sepe m\u00e1s de 3,5 millones de personas s\u00f3lo de los Ertes. El proceso exige que se les comunique por escrito para que el afectado pueda presentar las alegaciones oportunas, para lo cual tiene diez d\u00edas. Hasta que el Sepe no tiene constancia de que este paso se ha realizado, no solicita formalmente la devoluci\u00f3n de las cantidades transferidas indebidamente. Algo dif\u00edcil de que se produzca, pues a\u00fan hay muchos afectados que no han recibido la comunicaci\u00f3n del Departamento de Cobros Indebidos del Sepe. Finalmente, hay un plazo de un mes para devolver este dinero. Durante la primera ola de la pandemia se reconocieron unos cuatro millones de ERTE y algunos empresarios utilizaron esta medida de forma irregular para su beneficio, como obligar a sus trabajadores a acogerse al ERTE y a su vez trabajar a jornada completa. De hecho, la ministra de Trabajo, Yolanda D\u00edaz, avis\u00f3 en julio de este a\u00f1o a las empresas de que el fraude en los ERTE podr\u00eda conllevar \u201cconsecuencias penales\u201d. Aunque la ministra asegur\u00f3 que en la mayor\u00eda de los casos imperaba la honestidad de las empresas, tambi\u00e9n advirti\u00f3 que los fraudes en los ERTE son un \u201cmal uso de los recursos p\u00fablicos\u201d, y no constituyen simplemente \u201cuna sanci\u00f3n administrativa grave\u201d. Por ese motivo, desde la Inspecci\u00f3n de Trabajo se puso en marcha una campa\u00f1a intensiva espec\u00edfica para evitar estos fraudes. Dicha campa\u00f1a se realiz\u00f3 mediante el env\u00edo masivo de cartas a aquellas empresas que hab\u00edan adoptado estos expedientes y a las que se le hab\u00eda abierto una investigaci\u00f3n para comprobar que todo estaba correcto \u2013unas 70.000 cartas\u2013 y, sobre todo, con la visita de los inspectores de trabajo a las compa\u00f1\u00edas en las hab\u00eda indicio de fraudes. A finales de octubre, la Inspecci\u00f3n de Trabajo ya hab\u00eda sancionado a 1.755 empresas por infracciones en los ERTE como incluir en los expedientes a intrusos, es decir a empleados ficticios para que cobrasen la prestaci\u00f3n, u obligar a desempe\u00f1ar sus tareas a asalariados con el contrato suspendido o por periodos de tiempo m\u00e1s amplios de los que permit\u00edan sus reducciones de jornada. Con la oleada de los nuevos ERTE, la situaci\u00f3n vuelve a ser similar.<\/p>\n","protected":false},"author":20,"featured_media":42335,"comment_status":"open","ping_status":"open","sticky":false,"template":"","format":"standard","meta":{"_FSMCFIC_featured_image_caption":"","_FSMCFIC_featured_image_nocaption":"","_FSMCFIC_featured_image_hide":"","footnotes":""},"categories":[806],"tags":[2258],"class_list":["post-42387","post","type-post","status-publish","format-standard","has-post-thumbnail","hentry","category-punts-claus-del-dia-es","tag-erte"],"yoast_head":"<!-- This site is optimized with the Yoast SEO plugin v26.8 - https:\/\/yoast.com\/product\/yoast-seo-wordpress\/ -->\n<title>Los ERTE vuelven a retrasarse una vez m\u00e1s - Converses a Catalunya<\/title>\n<meta name=\"description\" content=\"En una situaci\u00f3n de recrudecimiento de la econom\u00eda, los ERTE siguen retras\u00e1ndose por parte del Servicio P\u00fablico de Empleo Estatal (Sepe)\" \/>\n<meta name=\"robots\" content=\"index, follow, max-snippet:-1, max-image-preview:large, max-video-preview:-1\" \/>\n<link rel=\"canonical\" href=\"https:\/\/conversesacatalunya.cat\/es\/los-erte-vuelven-a-retrasarse-una-vez-mas\/\" \/>\n<meta property=\"og:locale\" content=\"es_ES\" \/>\n<meta property=\"og:type\" content=\"article\" \/>\n<meta property=\"og:title\" content=\"Los ERTE vuelven a retrasarse una vez m\u00e1s - Converses a Catalunya\" \/>\n<meta property=\"og:description\" content=\"En una situaci\u00f3n de recrudecimiento de la econom\u00eda, los ERTE siguen retras\u00e1ndose por parte del Servicio P\u00fablico de Empleo Estatal (Sepe)\" \/>\n<meta property=\"og:url\" content=\"https:\/\/conversesacatalunya.cat\/es\/los-erte-vuelven-a-retrasarse-una-vez-mas\/\" \/>\n<meta property=\"og:site_name\" content=\"Converses a Catalunya\" \/>\n<meta property=\"article:published_time\" content=\"2020-11-17T11:38:52+00:00\" \/>\n<meta property=\"article:modified_time\" content=\"2020-11-17T11:44:33+00:00\" \/>\n<meta property=\"og:image\" content=\"https:\/\/conversesacatalunya.cat\/wp-content\/uploads\/2020\/11\/Capture-8.png\" \/>\n\t<meta property=\"og:image:width\" content=\"1132\" \/>\n\t<meta property=\"og:image:height\" content=\"630\" \/>\n\t<meta property=\"og:image:type\" content=\"image\/png\" \/>\n<meta name=\"author\" content=\"conversesacatalunya\" \/>\n<meta name=\"twitter:card\" content=\"summary_large_image\" \/>\n<meta name=\"twitter:label1\" content=\"Escrito por\" \/>\n\t<meta name=\"twitter:data1\" content=\"conversesacatalunya\" \/>\n\t<meta name=\"twitter:label2\" content=\"Tiempo de lectura\" \/>\n\t<meta name=\"twitter:data2\" content=\"3 minutos\" \/>\n<script type=\"application\/ld+json\" class=\"yoast-schema-graph\">{\"@context\":\"https:\/\/schema.org\",\"@graph\":[{\"@type\":\"Article\",\"@id\":\"https:\/\/conversesacatalunya.cat\/es\/los-erte-vuelven-a-retrasarse-una-vez-mas\/#article\",\"isPartOf\":{\"@id\":\"https:\/\/conversesacatalunya.cat\/es\/los-erte-vuelven-a-retrasarse-una-vez-mas\/\"},\"author\":{\"name\":\"conversesacatalunya\",\"@id\":\"https:\/\/conversesacatalunya.cat\/#\/schema\/person\/a7a9496a363cd9847daf7cd659d92e64\"},\"headline\":\"Los ERTE vuelven a retrasarse una vez m\u00e1s\",\"datePublished\":\"2020-11-17T11:38:52+00:00\",\"dateModified\":\"2020-11-17T11:44:33+00:00\",\"mainEntityOfPage\":{\"@id\":\"https:\/\/conversesacatalunya.cat\/es\/los-erte-vuelven-a-retrasarse-una-vez-mas\/\"},\"wordCount\":585,\"commentCount\":0,\"image\":{\"@id\":\"https:\/\/conversesacatalunya.cat\/es\/los-erte-vuelven-a-retrasarse-una-vez-mas\/#primaryimage\"},\"thumbnailUrl\":\"https:\/\/conversesacatalunya.cat\/wp-content\/uploads\/2020\/11\/Capture-8.png\",\"keywords\":[\"ERTE\"],\"articleSection\":[\"Punts clau del dia (ES)\"],\"inLanguage\":\"es\",\"potentialAction\":[{\"@type\":\"CommentAction\",\"name\":\"Comment\",\"target\":[\"https:\/\/conversesacatalunya.cat\/es\/los-erte-vuelven-a-retrasarse-una-vez-mas\/#respond\"]}]},{\"@type\":\"WebPage\",\"@id\":\"https:\/\/conversesacatalunya.cat\/es\/los-erte-vuelven-a-retrasarse-una-vez-mas\/\",\"url\":\"https:\/\/conversesacatalunya.cat\/es\/los-erte-vuelven-a-retrasarse-una-vez-mas\/\",\"name\":\"Los ERTE vuelven a retrasarse una vez m\u00e1s - Converses a Catalunya\",\"isPartOf\":{\"@id\":\"https:\/\/conversesacatalunya.cat\/#website\"},\"primaryImageOfPage\":{\"@id\":\"https:\/\/conversesacatalunya.cat\/es\/los-erte-vuelven-a-retrasarse-una-vez-mas\/#primaryimage\"},\"image\":{\"@id\":\"https:\/\/conversesacatalunya.cat\/es\/los-erte-vuelven-a-retrasarse-una-vez-mas\/#primaryimage\"},\"thumbnailUrl\":\"https:\/\/conversesacatalunya.cat\/wp-content\/uploads\/2020\/11\/Capture-8.png\",\"datePublished\":\"2020-11-17T11:38:52+00:00\",\"dateModified\":\"2020-11-17T11:44:33+00:00\",\"author\":{\"@id\":\"https:\/\/conversesacatalunya.cat\/#\/schema\/person\/a7a9496a363cd9847daf7cd659d92e64\"},\"description\":\"En una situaci\u00f3n de recrudecimiento de la econom\u00eda, los ERTE siguen retras\u00e1ndose por parte del Servicio P\u00fablico de Empleo Estatal (Sepe)\",\"breadcrumb\":{\"@id\":\"https:\/\/conversesacatalunya.cat\/es\/los-erte-vuelven-a-retrasarse-una-vez-mas\/#breadcrumb\"},\"inLanguage\":\"es\",\"potentialAction\":[{\"@type\":\"ReadAction\",\"target\":[\"https:\/\/conversesacatalunya.cat\/es\/los-erte-vuelven-a-retrasarse-una-vez-mas\/\"]}]},{\"@type\":\"ImageObject\",\"inLanguage\":\"es\",\"@id\":\"https:\/\/conversesacatalunya.cat\/es\/los-erte-vuelven-a-retrasarse-una-vez-mas\/#primaryimage\",\"url\":\"https:\/\/conversesacatalunya.cat\/wp-content\/uploads\/2020\/11\/Capture-8.png\",\"contentUrl\":\"https:\/\/conversesacatalunya.cat\/wp-content\/uploads\/2020\/11\/Capture-8.png\",\"width\":1132,\"height\":630,\"caption\":\"ERTO\"},{\"@type\":\"BreadcrumbList\",\"@id\":\"https:\/\/conversesacatalunya.cat\/es\/los-erte-vuelven-a-retrasarse-una-vez-mas\/#breadcrumb\",\"itemListElement\":[{\"@type\":\"ListItem\",\"position\":1,\"name\":\"Inici\",\"item\":\"https:\/\/conversesacatalunya.cat\/es\/\"},{\"@type\":\"ListItem\",\"position\":2,\"name\":\"Los ERTE vuelven a retrasarse una vez m\u00e1s\"}]},{\"@type\":\"WebSite\",\"@id\":\"https:\/\/conversesacatalunya.cat\/#website\",\"url\":\"https:\/\/conversesacatalunya.cat\/\",\"name\":\"Converses a Catalunya\",\"description\":\"\",\"potentialAction\":[{\"@type\":\"SearchAction\",\"target\":{\"@type\":\"EntryPoint\",\"urlTemplate\":\"https:\/\/conversesacatalunya.cat\/?s={search_term_string}\"},\"query-input\":{\"@type\":\"PropertyValueSpecification\",\"valueRequired\":true,\"valueName\":\"search_term_string\"}}],\"inLanguage\":\"es\"},{\"@type\":\"Person\",\"@id\":\"https:\/\/conversesacatalunya.cat\/#\/schema\/person\/a7a9496a363cd9847daf7cd659d92e64\",\"name\":\"conversesacatalunya\",\"image\":{\"@type\":\"ImageObject\",\"inLanguage\":\"es\",\"@id\":\"https:\/\/conversesacatalunya.cat\/#\/schema\/person\/image\/\",\"url\":\"https:\/\/conversesacatalunya.cat\/wp-content\/litespeed\/avatar\/ff91582b44ff9c880dc9c5ac2f5c7e89.jpg?ver=1777372947\",\"contentUrl\":\"https:\/\/conversesacatalunya.cat\/wp-content\/litespeed\/avatar\/ff91582b44ff9c880dc9c5ac2f5c7e89.jpg?ver=1777372947\",\"caption\":\"conversesacatalunya\"},\"url\":\"https:\/\/conversesacatalunya.cat\/es\/author\/francisco_garcia\/\"}]}<\/script>\n<!-- \/ Yoast SEO plugin. -->","yoast_head_json":{"title":"Los ERTE vuelven a retrasarse una vez m\u00e1s - Converses a Catalunya","description":"En una situaci\u00f3n de recrudecimiento de la econom\u00eda, los ERTE siguen retras\u00e1ndose por parte del Servicio P\u00fablico de Empleo Estatal (Sepe)","robots":{"index":"index","follow":"follow","max-snippet":"max-snippet:-1","max-image-preview":"max-image-preview:large","max-video-preview":"max-video-preview:-1"},"canonical":"https:\/\/conversesacatalunya.cat\/es\/los-erte-vuelven-a-retrasarse-una-vez-mas\/","og_locale":"es_ES","og_type":"article","og_title":"Los ERTE vuelven a retrasarse una vez m\u00e1s - Converses a Catalunya","og_description":"En una situaci\u00f3n de recrudecimiento de la econom\u00eda, los ERTE siguen retras\u00e1ndose por parte del Servicio P\u00fablico de Empleo Estatal (Sepe)","og_url":"https:\/\/conversesacatalunya.cat\/es\/los-erte-vuelven-a-retrasarse-una-vez-mas\/","og_site_name":"Converses a Catalunya","article_published_time":"2020-11-17T11:38:52+00:00","article_modified_time":"2020-11-17T11:44:33+00:00","og_image":[{"width":1132,"height":630,"url":"https:\/\/conversesacatalunya.cat\/wp-content\/uploads\/2020\/11\/Capture-8.png","type":"image\/png"}],"author":"conversesacatalunya","twitter_card":"summary_large_image","twitter_misc":{"Escrito por":"conversesacatalunya","Tiempo de lectura":"3 minutos"},"schema":{"@context":"https:\/\/schema.org","@graph":[{"@type":"Article","@id":"https:\/\/conversesacatalunya.cat\/es\/los-erte-vuelven-a-retrasarse-una-vez-mas\/#article","isPartOf":{"@id":"https:\/\/conversesacatalunya.cat\/es\/los-erte-vuelven-a-retrasarse-una-vez-mas\/"},"author":{"name":"conversesacatalunya","@id":"https:\/\/conversesacatalunya.cat\/#\/schema\/person\/a7a9496a363cd9847daf7cd659d92e64"},"headline":"Los ERTE vuelven a retrasarse una vez m\u00e1s","datePublished":"2020-11-17T11:38:52+00:00","dateModified":"2020-11-17T11:44:33+00:00","mainEntityOfPage":{"@id":"https:\/\/conversesacatalunya.cat\/es\/los-erte-vuelven-a-retrasarse-una-vez-mas\/"},"wordCount":585,"commentCount":0,"image":{"@id":"https:\/\/conversesacatalunya.cat\/es\/los-erte-vuelven-a-retrasarse-una-vez-mas\/#primaryimage"},"thumbnailUrl":"https:\/\/conversesacatalunya.cat\/wp-content\/uploads\/2020\/11\/Capture-8.png","keywords":["ERTE"],"articleSection":["Punts clau del dia (ES)"],"inLanguage":"es","potentialAction":[{"@type":"CommentAction","name":"Comment","target":["https:\/\/conversesacatalunya.cat\/es\/los-erte-vuelven-a-retrasarse-una-vez-mas\/#respond"]}]},{"@type":"WebPage","@id":"https:\/\/conversesacatalunya.cat\/es\/los-erte-vuelven-a-retrasarse-una-vez-mas\/","url":"https:\/\/conversesacatalunya.cat\/es\/los-erte-vuelven-a-retrasarse-una-vez-mas\/","name":"Los ERTE vuelven a retrasarse una vez m\u00e1s - Converses a Catalunya","isPartOf":{"@id":"https:\/\/conversesacatalunya.cat\/#website"},"primaryImageOfPage":{"@id":"https:\/\/conversesacatalunya.cat\/es\/los-erte-vuelven-a-retrasarse-una-vez-mas\/#primaryimage"},"image":{"@id":"https:\/\/conversesacatalunya.cat\/es\/los-erte-vuelven-a-retrasarse-una-vez-mas\/#primaryimage"},"thumbnailUrl":"https:\/\/conversesacatalunya.cat\/wp-content\/uploads\/2020\/11\/Capture-8.png","datePublished":"2020-11-17T11:38:52+00:00","dateModified":"2020-11-17T11:44:33+00:00","author":{"@id":"https:\/\/conversesacatalunya.cat\/#\/schema\/person\/a7a9496a363cd9847daf7cd659d92e64"},"description":"En una situaci\u00f3n de recrudecimiento de la econom\u00eda, los ERTE siguen retras\u00e1ndose por parte del Servicio P\u00fablico de Empleo Estatal (Sepe)","breadcrumb":{"@id":"https:\/\/conversesacatalunya.cat\/es\/los-erte-vuelven-a-retrasarse-una-vez-mas\/#breadcrumb"},"inLanguage":"es","potentialAction":[{"@type":"ReadAction","target":["https:\/\/conversesacatalunya.cat\/es\/los-erte-vuelven-a-retrasarse-una-vez-mas\/"]}]},{"@type":"ImageObject","inLanguage":"es","@id":"https:\/\/conversesacatalunya.cat\/es\/los-erte-vuelven-a-retrasarse-una-vez-mas\/#primaryimage","url":"https:\/\/conversesacatalunya.cat\/wp-content\/uploads\/2020\/11\/Capture-8.png","contentUrl":"https:\/\/conversesacatalunya.cat\/wp-content\/uploads\/2020\/11\/Capture-8.png","width":1132,"height":630,"caption":"ERTO"},{"@type":"BreadcrumbList","@id":"https:\/\/conversesacatalunya.cat\/es\/los-erte-vuelven-a-retrasarse-una-vez-mas\/#breadcrumb","itemListElement":[{"@type":"ListItem","position":1,"name":"Inici","item":"https:\/\/conversesacatalunya.cat\/es\/"},{"@type":"ListItem","position":2,"name":"Los ERTE vuelven a retrasarse una vez m\u00e1s"}]},{"@type":"WebSite","@id":"https:\/\/conversesacatalunya.cat\/#website","url":"https:\/\/conversesacatalunya.cat\/","name":"Converses a Catalunya","description":"","potentialAction":[{"@type":"SearchAction","target":{"@type":"EntryPoint","urlTemplate":"https:\/\/conversesacatalunya.cat\/?s={search_term_string}"},"query-input":{"@type":"PropertyValueSpecification","valueRequired":true,"valueName":"search_term_string"}}],"inLanguage":"es"},{"@type":"Person","@id":"https:\/\/conversesacatalunya.cat\/#\/schema\/person\/a7a9496a363cd9847daf7cd659d92e64","name":"conversesacatalunya","image":{"@type":"ImageObject","inLanguage":"es","@id":"https:\/\/conversesacatalunya.cat\/#\/schema\/person\/image\/","url":"https:\/\/conversesacatalunya.cat\/wp-content\/litespeed\/avatar\/ff91582b44ff9c880dc9c5ac2f5c7e89.jpg?ver=1777372947","contentUrl":"https:\/\/conversesacatalunya.cat\/wp-content\/litespeed\/avatar\/ff91582b44ff9c880dc9c5ac2f5c7e89.jpg?ver=1777372947","caption":"conversesacatalunya"},"url":"https:\/\/conversesacatalunya.cat\/es\/author\/francisco_garcia\/"}]}},"wps_subtitle":"En una situaci\u00f3n de recrudecimiento de la econom\u00eda, los ERTE siguen retras\u00e1ndose por parte del Servicio P\u00fablico de Empleo Estatal (Sepe). En este sentido, muchos de los trabajadores ven insostenible estar meses sin poder percibir la prestaci\u00f3n","_links":{"self":[{"href":"https:\/\/conversesacatalunya.cat\/es\/wp-json\/wp\/v2\/posts\/42387","targetHints":{"allow":["GET"]}}],"collection":[{"href":"https:\/\/conversesacatalunya.cat\/es\/wp-json\/wp\/v2\/posts"}],"about":[{"href":"https:\/\/conversesacatalunya.cat\/es\/wp-json\/wp\/v2\/types\/post"}],"author":[{"embeddable":true,"href":"https:\/\/conversesacatalunya.cat\/es\/wp-json\/wp\/v2\/users\/20"}],"replies":[{"embeddable":true,"href":"https:\/\/conversesacatalunya.cat\/es\/wp-json\/wp\/v2\/comments?post=42387"}],"version-history":[{"count":2,"href":"https:\/\/conversesacatalunya.cat\/es\/wp-json\/wp\/v2\/posts\/42387\/revisions"}],"predecessor-version":[{"id":42392,"href":"https:\/\/conversesacatalunya.cat\/es\/wp-json\/wp\/v2\/posts\/42387\/revisions\/42392"}],"wp:featuredmedia":[{"embeddable":true,"href":"https:\/\/conversesacatalunya.cat\/es\/wp-json\/wp\/v2\/media\/42335"}],"wp:attachment":[{"href":"https:\/\/conversesacatalunya.cat\/es\/wp-json\/wp\/v2\/media?parent=42387"}],"wp:term":[{"taxonomy":"category","embeddable":true,"href":"https:\/\/conversesacatalunya.cat\/es\/wp-json\/wp\/v2\/categories?post=42387"},{"taxonomy":"post_tag","embeddable":true,"href":"https:\/\/conversesacatalunya.cat\/es\/wp-json\/wp\/v2\/tags?post=42387"}],"curies":[{"name":"wp","href":"https:\/\/api.w.org\/{rel}","templated":true}]}}