{"id":42325,"date":"2020-11-13T12:29:49","date_gmt":"2020-11-13T11:29:49","guid":{"rendered":"https:\/\/conversesacatalunya.cat\/lescandol-del-maltractament-a-bars-i-restaurants\/"},"modified":"2020-11-13T13:26:24","modified_gmt":"2020-11-13T12:26:24","slug":"el-escandalo-del-maltrato-a-bares-y-restaurantes","status":"publish","type":"post","link":"https:\/\/conversesacatalunya.cat\/es\/el-escandalo-del-maltrato-a-bares-y-restaurantes\/","title":{"rendered":"El esc\u00e1ndalo del maltrato a bares y restaurantes"},"content":{"rendered":"<p><span><span class=\"\">La Generalitat sobre todo por iniciativa de ERC, ha decidido prolongar 10 d\u00edas m\u00e1s el cierre de bares y restaurantes. Contrasta fuertemente esta medida con la situaci\u00f3n\u00a0<\/span><\/span><strong><span><span class=\"\">de Madrid <\/span><\/span><\/strong><span><span class=\"\">que, partiendo de niveles mucho m\u00e1s altos de afectaci\u00f3n por la Covid-19 que Catalu\u00f1a, ha conseguido reducirlos r\u00e1pidamente hasta situarse por debajo del nivel catal\u00e1n, por lo que a fecha de ayer jueves 12, ten\u00eda una incidencia acumulada (casos por 100.000 habitantes en los \u00faltimos 14 d\u00edas) <\/span><\/span><strong><span><span class=\"\">de 328.89<\/span><\/span><\/strong><span><span class=\"\">, mientras que en Catalu\u00f1a estaba situada <\/span><\/span><strong><span><span class=\"\">en 589,08<\/span><\/span><\/strong><span><span class=\"\">. Su tasa de positivos en relaci\u00f3n con las pruebas hechas era tambi\u00e9n mucho mejor<\/span><\/span><strong><span><span class=\"\">, 8,17%<\/span><\/span><\/strong><span><span class=\"\">\u00a0contra\u00a0<\/span><\/span><strong><span><span class=\"\">12,05<\/span><\/span><\/strong><span>% de Catalu\u00f1a, considerando adem\u00e1s que Madrid hace el doble de pruebas que nuestro pa\u00eds. El experto Oriol Mitjans, que fue uno de los hombres clave cr\u00edtico con las pol\u00edticas del departamento de Sanidad y independentista confeso, declar\u00f3 este jueves en TV3 que los buenos resultados de Madrid son debidos sobre todo al uso masivo de test de ant\u00edgenos para detectar los contagios y poder actuar r\u00e1pidamente. Precisamente esta es la medida que \u00e9l propone y que la Generalitat no ha atendido.<\/span><\/p>\n<p><span>Un reciente informe publicado en la revista\u00a0<\/span><strong><em><span>Nature<\/span><\/em>\u00a0<\/strong><span>por investigadores de las universidades\u00a0<\/span><strong><span>de Stanford y Northwestern<\/span><\/strong><span> con datos de 98 millones de personas de EE.UU., recogidas entre marzo y mayo, constatan que efectivamente los bares, los hoteles y los gimnasios son lugares de alto riesgo, pero a la vez consideran que esto se puede reducir sustancialmente limitando el aforo de los locales <\/span><strong><span>internos al 20%<\/span><\/strong><span> y de esta manera evitar su cierre. Si a este hecho se le a\u00f1ade que el estudio se refiere a espacios cerrados y no en las terrazas, en las que el riesgo es mucho menor, queda claro que una l\u00ednea de actuaci\u00f3n es la limitaci\u00f3n sustancial del aforo interior y facilitar al m\u00e1ximo que lleven su actividad en la calle en condiciones. El estudio <\/span><strong><span>no tiene en cuenta otros aspectos<\/span><\/strong><span>\u00a0que se han revelado decisivos, como es la renovaci\u00f3n del aire y el tratamiento del mismo para destruir los virus.\u00a0Este segundo enfoque permitir\u00eda mejorar el aforo inferior en condiciones seguras.\u00a0<\/span><strong><span>La medici\u00f3n de los niveles de CO2<\/span><\/strong><span>\u00a0de los espacios cerrados aportar\u00edan un indicador claro de si la renovaci\u00f3n es suficiente o no.\u00a0Pero nada de esto se plantea la Generalitat, que contin\u00faa con el criterio m\u00e1s bien medieval, de muerto el perro se acab\u00f3 la rabia.<\/span><\/p>\n<p><span>A este hecho hay que a\u00f1adir las <\/span><strong><span>rid\u00edculas ayudas<\/span><\/strong><span> que la Generalitat aporta para compensar las p\u00e9rdidas y la p\u00e9sima gesti\u00f3n que ha demostrado una vez m\u00e1s el consejero <\/span><strong><span>Chakir El Homrani<\/span><\/strong><span> con las escasas ayudas disponibles, provocando una indignaci\u00f3n generalizada. Recordemos que es el mismo pol\u00edtico que tambi\u00e9n ha fracasado rotundamente con la aplicaci\u00f3n de la <\/span><strong><span>renta de ciudadan\u00eda<\/span><\/strong><span> y el que era el responsable de las residencias hasta que la elevada mortalidad en ellas hizo que Torra <\/span><strong><span>le retirara la competencia para traspasarla a Sanita<\/span><\/strong><strong><span>t<\/span><\/strong><span>\u00a0. En un gobierno normal este consejero, que tambi\u00e9n es de ERC, habr\u00eda sido destituido por incompetente desde hace meses.<\/span><\/p>\n<p><span>Por si todo esto fuera poco, la informaci\u00f3n facilitada por la Generalitat sobre la ejecuci\u00f3n presupuestaria revela que la Generalitat tiene en estos momentos\u00a0<\/span><strong><span>un superh\u00e0bit de m\u00e1s 300 millones de euros<\/span><\/strong><span> que si se tienen en cuenta adem\u00e1s las empresas p\u00fablicas catalanas,\u00a0<\/span><strong><span>se acerca a los 1.000 millones<\/span><\/strong><span>. La pregunta es \u00bfpor qu\u00e9 est\u00e1 haciendo este ahorro la Generalitat en un momento que desde la UE se reclama hacer gasto y m\u00e1s gasto, y cuando los sectores de la hosteler\u00eda, la cultura, los hoteles, los gimnasios, otros y los aut\u00f3nomos en general, las medidas de la Generalitat los han situado en el pacto del hambre. Es dif\u00edcilmente explicable que en estas condiciones el gobierno dirigido, es un decir, por Aragon\u00e9s <\/span><strong><span>se guarde 1.000 millones de euros<\/span><\/strong><span>\u00a0.<\/span><\/p>\n<p style=\"text-align: center;\">M\u00e1s informaci\u00f3n sobre el coronavirus en <a href=\"https:\/\/conversesacatalunya.cat\/es\/coronavirus\/\" target=\"_blank\" rel=\"noopener noreferrer\"><strong>ESPECIAL CORONAVIRUS<\/strong><\/a><\/p>\n<div id=\"polls-80\" class=\"wp-polls\">\n\t<form id=\"polls_form_80\" class=\"wp-polls-form\" action=\"\/index.php\" method=\"post\">\n\t\t<p style=\"display: none;\"><input type=\"hidden\" id=\"poll_80_nonce\" name=\"wp-polls-nonce\" value=\"e90292ba30\" \/><\/p>\n\t\t<p style=\"display: none;\"><input type=\"hidden\" name=\"poll_id\" value=\"80\" \/><\/p>\n\t\t<p style=\"text-align: center\"><strong>Creus que \u00e9s coherent l'actitud del govern catal\u00e0 d'autoritzar primer i desqualificar despr\u00e9s la celebraci\u00f3 de l'acte de beatificaci\u00f3 de Joan Roig a la Sagrada Fam\u00edlia?<\/strong><\/p><div id=\"polls-80-ans\" class=\"wp-polls-ans\"><ul class=\"wp-polls-ul\">\n\t\t<li><input type=\"radio\" id=\"poll-answer-178\" name=\"poll_80\" value=\"178\" \/> <label for=\"poll-answer-178\">Si<\/label><\/li>\n\t\t<li><input type=\"radio\" id=\"poll-answer-179\" name=\"poll_80\" value=\"179\" \/> <label for=\"poll-answer-179\">No<\/label><\/li>\n\t\t<\/ul><p style=\"text-align: center\"><input type=\"button\" name=\"vote\" value=\"   Vota   \" class=\"Buttons\" onclick=\"poll_vote(80);\" \/><\/p><p style=\"text-align: center\"><a href=\"#ViewPollResults\" onclick=\"poll_result(80); return false;\" title=\"View Results Of This Poll\">Mira els resultats<\/a><\/p><\/div>\n\t<\/form>\n<\/div>\n<div id=\"polls-80-loading\" class=\"wp-polls-loading\"><img decoding=\"async\" data-src=\"https:\/\/conversesacatalunya.cat\/wp-content\/plugins\/wp-polls\/images\/loading.gif\" width=\"16\" height=\"16\" alt=\"Cargando ...\" title=\"Cargando ...\" class=\"wp-polls-image lazyload\" src=\"data:image\/svg+xml;base64,PHN2ZyB3aWR0aD0iMSIgaGVpZ2h0PSIxIiB4bWxucz0iaHR0cDovL3d3dy53My5vcmcvMjAwMC9zdmciPjwvc3ZnPg==\" style=\"--smush-placeholder-width: 16px; --smush-placeholder-aspect-ratio: 16\/16;\" \/>&nbsp;Cargando ...<\/div>\n\n<p>&nbsp;<\/p>\n","protected":false},"excerpt":{"rendered":"<p>La Generalitat sobre todo por iniciativa de ERC, ha decidido prolongar 10 d\u00edas m\u00e1s el cierre de bares y restaurantes. Contrasta fuertemente esta medida con la situaci\u00f3n\u00a0de Madrid que, partiendo de niveles mucho m\u00e1s altos de afectaci\u00f3n por la Covid-19 que Catalu\u00f1a, ha conseguido reducirlos r\u00e1pidamente hasta situarse por debajo del nivel catal\u00e1n, por lo que a fecha de ayer jueves 12, ten\u00eda una incidencia acumulada (casos por 100.000 habitantes en los \u00faltimos 14 d\u00edas) de 328.89, mientras que en Catalu\u00f1a estaba situada en 589,08. Su tasa de positivos en relaci\u00f3n con las pruebas hechas era tambi\u00e9n mucho mejor, 8,17%\u00a0contra\u00a012,05% de Catalu\u00f1a, considerando adem\u00e1s que Madrid hace el doble de pruebas que nuestro pa\u00eds. El experto Oriol Mitjans, que fue uno de los hombres clave cr\u00edtico con las pol\u00edticas del departamento de Sanidad y independentista confeso, declar\u00f3 este jueves en TV3 que los buenos resultados de Madrid son debidos sobre todo al uso masivo de test de ant\u00edgenos para detectar los contagios y poder actuar r\u00e1pidamente. Precisamente esta es la medida que \u00e9l propone y que la Generalitat no ha atendido. Un reciente informe publicado en la revista\u00a0Nature\u00a0por investigadores de las universidades\u00a0de Stanford y Northwestern con datos de 98 millones de personas de EE.UU., recogidas entre marzo y mayo, constatan que efectivamente los bares, los hoteles y los gimnasios son lugares de alto riesgo, pero a la vez consideran que esto se puede reducir sustancialmente limitando el aforo de los locales internos al 20% y de esta manera evitar su cierre. Si a este hecho se le a\u00f1ade que el estudio se refiere a espacios cerrados y no en las terrazas, en las que el riesgo es mucho menor, queda claro que una l\u00ednea de actuaci\u00f3n es la limitaci\u00f3n sustancial del aforo interior y facilitar al m\u00e1ximo que lleven su actividad en la calle en condiciones. El estudio no tiene en cuenta otros aspectos\u00a0que se han revelado decisivos, como es la renovaci\u00f3n del aire y el tratamiento del mismo para destruir los virus.\u00a0Este segundo enfoque permitir\u00eda mejorar el aforo inferior en condiciones seguras.\u00a0La medici\u00f3n de los niveles de CO2\u00a0de los espacios cerrados aportar\u00edan un indicador claro de si la renovaci\u00f3n es suficiente o no.\u00a0Pero nada de esto se plantea la Generalitat, que contin\u00faa con el criterio m\u00e1s bien medieval, de muerto el perro se acab\u00f3 la rabia. A este hecho hay que a\u00f1adir las rid\u00edculas ayudas que la Generalitat aporta para compensar las p\u00e9rdidas y la p\u00e9sima gesti\u00f3n que ha demostrado una vez m\u00e1s el consejero Chakir El Homrani con las escasas ayudas disponibles, provocando una indignaci\u00f3n generalizada. Recordemos que es el mismo pol\u00edtico que tambi\u00e9n ha fracasado rotundamente con la aplicaci\u00f3n de la renta de ciudadan\u00eda y el que era el responsable de las residencias hasta que la elevada mortalidad en ellas hizo que Torra le retirara la competencia para traspasarla a Sanitat\u00a0. En un gobierno normal este consejero, que tambi\u00e9n es de ERC, habr\u00eda sido destituido por incompetente desde hace meses. Por si todo esto fuera poco, la informaci\u00f3n facilitada por la Generalitat sobre la ejecuci\u00f3n presupuestaria revela que la Generalitat tiene en estos momentos\u00a0un superh\u00e0bit de m\u00e1s 300 millones de euros que si se tienen en cuenta adem\u00e1s las empresas p\u00fablicas catalanas,\u00a0se acerca a los 1.000 millones. La pregunta es \u00bfpor qu\u00e9 est\u00e1 haciendo este ahorro la Generalitat en un momento que desde la UE se reclama hacer gasto y m\u00e1s gasto, y cuando los sectores de la hosteler\u00eda, la cultura, los hoteles, los gimnasios, otros y los aut\u00f3nomos en general, las medidas de la Generalitat los han situado en el pacto del hambre. Es dif\u00edcilmente explicable que en estas condiciones el gobierno dirigido, es un decir, por Aragon\u00e9s se guarde 1.000 millones de euros\u00a0. M\u00e1s informaci\u00f3n sobre el coronavirus en ESPECIAL CORONAVIRUS &nbsp;<\/p>\n","protected":false},"author":2,"featured_media":42314,"comment_status":"open","ping_status":"open","sticky":false,"template":"","format":"standard","meta":{"_FSMCFIC_featured_image_caption":"","_FSMCFIC_featured_image_nocaption":"","_FSMCFIC_featured_image_hide":"","footnotes":""},"categories":[1772,806],"tags":[2049],"class_list":["post-42325","post","type-post","status-publish","format-standard","has-post-thumbnail","hentry","category-especial-coronavirus-es","category-punts-claus-del-dia-es","tag-medidas-coronavirus"],"yoast_head":"<!-- This site is optimized with the Yoast SEO plugin v26.8 - https:\/\/yoast.com\/product\/yoast-seo-wordpress\/ -->\n<title>El esc\u00e1ndalo del maltrato a bares y restaurantes - Converses a Catalunya<\/title>\n<meta name=\"robots\" content=\"index, follow, max-snippet:-1, max-image-preview:large, max-video-preview:-1\" \/>\n<link rel=\"canonical\" href=\"https:\/\/conversesacatalunya.cat\/es\/el-escandalo-del-maltrato-a-bares-y-restaurantes\/\" \/>\n<meta property=\"og:locale\" content=\"es_ES\" \/>\n<meta property=\"og:type\" content=\"article\" \/>\n<meta property=\"og:title\" content=\"El esc\u00e1ndalo del maltrato a bares y restaurantes - Converses a Catalunya\" \/>\n<meta property=\"og:description\" content=\"La Generalitat sobre todo por iniciativa de ERC, ha decidido prolongar 10 d\u00edas m\u00e1s el cierre de bares y restaurantes. Contrasta fuertemente esta medida con la situaci\u00f3n\u00a0de Madrid que, partiendo de niveles mucho m\u00e1s altos de afectaci\u00f3n por la Covid-19 que Catalu\u00f1a, ha conseguido reducirlos r\u00e1pidamente hasta situarse por debajo del nivel catal\u00e1n, por lo que a fecha de ayer jueves 12, ten\u00eda una incidencia acumulada (casos por 100.000 habitantes en los \u00faltimos 14 d\u00edas) de 328.89, mientras que en Catalu\u00f1a estaba situada en 589,08. Su tasa de positivos en relaci\u00f3n con las pruebas hechas era tambi\u00e9n mucho mejor, 8,17%\u00a0contra\u00a012,05% de Catalu\u00f1a, considerando adem\u00e1s que Madrid hace el doble de pruebas que nuestro pa\u00eds. El experto Oriol Mitjans, que fue uno de los hombres clave cr\u00edtico con las pol\u00edticas del departamento de Sanidad y independentista confeso, declar\u00f3 este jueves en TV3 que los buenos resultados de Madrid son debidos sobre todo al uso masivo de test de ant\u00edgenos para detectar los contagios y poder actuar r\u00e1pidamente. Precisamente esta es la medida que \u00e9l propone y que la Generalitat no ha atendido. Un reciente informe publicado en la revista\u00a0Nature\u00a0por investigadores de las universidades\u00a0de Stanford y Northwestern con datos de 98 millones de personas de EE.UU., recogidas entre marzo y mayo, constatan que efectivamente los bares, los hoteles y los gimnasios son lugares de alto riesgo, pero a la vez consideran que esto se puede reducir sustancialmente limitando el aforo de los locales internos al 20% y de esta manera evitar su cierre. Si a este hecho se le a\u00f1ade que el estudio se refiere a espacios cerrados y no en las terrazas, en las que el riesgo es mucho menor, queda claro que una l\u00ednea de actuaci\u00f3n es la limitaci\u00f3n sustancial del aforo interior y facilitar al m\u00e1ximo que lleven su actividad en la calle en condiciones. El estudio no tiene en cuenta otros aspectos\u00a0que se han revelado decisivos, como es la renovaci\u00f3n del aire y el tratamiento del mismo para destruir los virus.\u00a0Este segundo enfoque permitir\u00eda mejorar el aforo inferior en condiciones seguras.\u00a0La medici\u00f3n de los niveles de CO2\u00a0de los espacios cerrados aportar\u00edan un indicador claro de si la renovaci\u00f3n es suficiente o no.\u00a0Pero nada de esto se plantea la Generalitat, que contin\u00faa con el criterio m\u00e1s bien medieval, de muerto el perro se acab\u00f3 la rabia. A este hecho hay que a\u00f1adir las rid\u00edculas ayudas que la Generalitat aporta para compensar las p\u00e9rdidas y la p\u00e9sima gesti\u00f3n que ha demostrado una vez m\u00e1s el consejero Chakir El Homrani con las escasas ayudas disponibles, provocando una indignaci\u00f3n generalizada. Recordemos que es el mismo pol\u00edtico que tambi\u00e9n ha fracasado rotundamente con la aplicaci\u00f3n de la renta de ciudadan\u00eda y el que era el responsable de las residencias hasta que la elevada mortalidad en ellas hizo que Torra le retirara la competencia para traspasarla a Sanitat\u00a0. En un gobierno normal este consejero, que tambi\u00e9n es de ERC, habr\u00eda sido destituido por incompetente desde hace meses. Por si todo esto fuera poco, la informaci\u00f3n facilitada por la Generalitat sobre la ejecuci\u00f3n presupuestaria revela que la Generalitat tiene en estos momentos\u00a0un superh\u00e0bit de m\u00e1s 300 millones de euros que si se tienen en cuenta adem\u00e1s las empresas p\u00fablicas catalanas,\u00a0se acerca a los 1.000 millones. La pregunta es \u00bfpor qu\u00e9 est\u00e1 haciendo este ahorro la Generalitat en un momento que desde la UE se reclama hacer gasto y m\u00e1s gasto, y cuando los sectores de la hosteler\u00eda, la cultura, los hoteles, los gimnasios, otros y los aut\u00f3nomos en general, las medidas de la Generalitat los han situado en el pacto del hambre. Es dif\u00edcilmente explicable que en estas condiciones el gobierno dirigido, es un decir, por Aragon\u00e9s se guarde 1.000 millones de euros\u00a0. M\u00e1s informaci\u00f3n sobre el coronavirus en ESPECIAL CORONAVIRUS &nbsp;\" \/>\n<meta property=\"og:url\" content=\"https:\/\/conversesacatalunya.cat\/es\/el-escandalo-del-maltrato-a-bares-y-restaurantes\/\" \/>\n<meta property=\"og:site_name\" content=\"Converses a Catalunya\" \/>\n<meta property=\"article:published_time\" content=\"2020-11-13T11:29:49+00:00\" \/>\n<meta property=\"article:modified_time\" content=\"2020-11-13T12:26:24+00:00\" \/>\n<meta property=\"og:image\" content=\"https:\/\/conversesacatalunya.cat\/wp-content\/uploads\/2020\/11\/bars-i-restaurants.jpg\" \/>\n\t<meta property=\"og:image:width\" content=\"1200\" \/>\n\t<meta property=\"og:image:height\" content=\"538\" \/>\n\t<meta property=\"og:image:type\" content=\"image\/jpeg\" \/>\n<meta name=\"author\" content=\"conversesacatalunya\" \/>\n<meta name=\"twitter:card\" content=\"summary_large_image\" \/>\n<meta name=\"twitter:label1\" content=\"Escrito por\" \/>\n\t<meta name=\"twitter:data1\" content=\"conversesacatalunya\" \/>\n\t<meta name=\"twitter:label2\" content=\"Tiempo de lectura\" \/>\n\t<meta name=\"twitter:data2\" content=\"3 minutos\" \/>\n<script type=\"application\/ld+json\" class=\"yoast-schema-graph\">{\"@context\":\"https:\/\/schema.org\",\"@graph\":[{\"@type\":\"Article\",\"@id\":\"https:\/\/conversesacatalunya.cat\/es\/el-escandalo-del-maltrato-a-bares-y-restaurantes\/#article\",\"isPartOf\":{\"@id\":\"https:\/\/conversesacatalunya.cat\/es\/el-escandalo-del-maltrato-a-bares-y-restaurantes\/\"},\"author\":{\"name\":\"conversesacatalunya\",\"@id\":\"https:\/\/conversesacatalunya.cat\/#\/schema\/person\/7e24d1e54a2785373ddcb275eae5ed99\"},\"headline\":\"El esc\u00e1ndalo del maltrato a bares y restaurantes\",\"datePublished\":\"2020-11-13T11:29:49+00:00\",\"dateModified\":\"2020-11-13T12:26:24+00:00\",\"mainEntityOfPage\":{\"@id\":\"https:\/\/conversesacatalunya.cat\/es\/el-escandalo-del-maltrato-a-bares-y-restaurantes\/\"},\"wordCount\":698,\"commentCount\":0,\"image\":{\"@id\":\"https:\/\/conversesacatalunya.cat\/es\/el-escandalo-del-maltrato-a-bares-y-restaurantes\/#primaryimage\"},\"thumbnailUrl\":\"https:\/\/conversesacatalunya.cat\/wp-content\/uploads\/2020\/11\/bars-i-restaurants.jpg\",\"keywords\":[\"medidas coronavirus\"],\"articleSection\":[\"Especial Coronavirus (ES)\",\"Punts clau del dia (ES)\"],\"inLanguage\":\"es\",\"potentialAction\":[{\"@type\":\"CommentAction\",\"name\":\"Comment\",\"target\":[\"https:\/\/conversesacatalunya.cat\/es\/el-escandalo-del-maltrato-a-bares-y-restaurantes\/#respond\"]}]},{\"@type\":\"WebPage\",\"@id\":\"https:\/\/conversesacatalunya.cat\/es\/el-escandalo-del-maltrato-a-bares-y-restaurantes\/\",\"url\":\"https:\/\/conversesacatalunya.cat\/es\/el-escandalo-del-maltrato-a-bares-y-restaurantes\/\",\"name\":\"El esc\u00e1ndalo del maltrato a bares y restaurantes - Converses a Catalunya\",\"isPartOf\":{\"@id\":\"https:\/\/conversesacatalunya.cat\/#website\"},\"primaryImageOfPage\":{\"@id\":\"https:\/\/conversesacatalunya.cat\/es\/el-escandalo-del-maltrato-a-bares-y-restaurantes\/#primaryimage\"},\"image\":{\"@id\":\"https:\/\/conversesacatalunya.cat\/es\/el-escandalo-del-maltrato-a-bares-y-restaurantes\/#primaryimage\"},\"thumbnailUrl\":\"https:\/\/conversesacatalunya.cat\/wp-content\/uploads\/2020\/11\/bars-i-restaurants.jpg\",\"datePublished\":\"2020-11-13T11:29:49+00:00\",\"dateModified\":\"2020-11-13T12:26:24+00:00\",\"author\":{\"@id\":\"https:\/\/conversesacatalunya.cat\/#\/schema\/person\/7e24d1e54a2785373ddcb275eae5ed99\"},\"breadcrumb\":{\"@id\":\"https:\/\/conversesacatalunya.cat\/es\/el-escandalo-del-maltrato-a-bares-y-restaurantes\/#breadcrumb\"},\"inLanguage\":\"es\",\"potentialAction\":[{\"@type\":\"ReadAction\",\"target\":[\"https:\/\/conversesacatalunya.cat\/es\/el-escandalo-del-maltrato-a-bares-y-restaurantes\/\"]}]},{\"@type\":\"ImageObject\",\"inLanguage\":\"es\",\"@id\":\"https:\/\/conversesacatalunya.cat\/es\/el-escandalo-del-maltrato-a-bares-y-restaurantes\/#primaryimage\",\"url\":\"https:\/\/conversesacatalunya.cat\/wp-content\/uploads\/2020\/11\/bars-i-restaurants.jpg\",\"contentUrl\":\"https:\/\/conversesacatalunya.cat\/wp-content\/uploads\/2020\/11\/bars-i-restaurants.jpg\",\"width\":1200,\"height\":538,\"caption\":\"maltractament a bars i restaurants\"},{\"@type\":\"BreadcrumbList\",\"@id\":\"https:\/\/conversesacatalunya.cat\/es\/el-escandalo-del-maltrato-a-bares-y-restaurantes\/#breadcrumb\",\"itemListElement\":[{\"@type\":\"ListItem\",\"position\":1,\"name\":\"Inici\",\"item\":\"https:\/\/conversesacatalunya.cat\/es\/\"},{\"@type\":\"ListItem\",\"position\":2,\"name\":\"El esc\u00e1ndalo del maltrato a bares y restaurantes\"}]},{\"@type\":\"WebSite\",\"@id\":\"https:\/\/conversesacatalunya.cat\/#website\",\"url\":\"https:\/\/conversesacatalunya.cat\/\",\"name\":\"Converses a Catalunya\",\"description\":\"\",\"potentialAction\":[{\"@type\":\"SearchAction\",\"target\":{\"@type\":\"EntryPoint\",\"urlTemplate\":\"https:\/\/conversesacatalunya.cat\/?s={search_term_string}\"},\"query-input\":{\"@type\":\"PropertyValueSpecification\",\"valueRequired\":true,\"valueName\":\"search_term_string\"}}],\"inLanguage\":\"es\"},{\"@type\":\"Person\",\"@id\":\"https:\/\/conversesacatalunya.cat\/#\/schema\/person\/7e24d1e54a2785373ddcb275eae5ed99\",\"name\":\"conversesacatalunya\",\"image\":{\"@type\":\"ImageObject\",\"inLanguage\":\"es\",\"@id\":\"https:\/\/conversesacatalunya.cat\/#\/schema\/person\/image\/\",\"url\":\"https:\/\/conversesacatalunya.cat\/wp-content\/litespeed\/avatar\/febdfeeec89d950f01c748045a981dd2.jpg?ver=1777314535\",\"contentUrl\":\"https:\/\/conversesacatalunya.cat\/wp-content\/litespeed\/avatar\/febdfeeec89d950f01c748045a981dd2.jpg?ver=1777314535\",\"caption\":\"conversesacatalunya\"},\"url\":\"https:\/\/conversesacatalunya.cat\/es\/author\/carme_catala\/\"}]}<\/script>\n<!-- \/ Yoast SEO plugin. -->","yoast_head_json":{"title":"El esc\u00e1ndalo del maltrato a bares y restaurantes - Converses a Catalunya","robots":{"index":"index","follow":"follow","max-snippet":"max-snippet:-1","max-image-preview":"max-image-preview:large","max-video-preview":"max-video-preview:-1"},"canonical":"https:\/\/conversesacatalunya.cat\/es\/el-escandalo-del-maltrato-a-bares-y-restaurantes\/","og_locale":"es_ES","og_type":"article","og_title":"El esc\u00e1ndalo del maltrato a bares y restaurantes - Converses a Catalunya","og_description":"La Generalitat sobre todo por iniciativa de ERC, ha decidido prolongar 10 d\u00edas m\u00e1s el cierre de bares y restaurantes. Contrasta fuertemente esta medida con la situaci\u00f3n\u00a0de Madrid que, partiendo de niveles mucho m\u00e1s altos de afectaci\u00f3n por la Covid-19 que Catalu\u00f1a, ha conseguido reducirlos r\u00e1pidamente hasta situarse por debajo del nivel catal\u00e1n, por lo que a fecha de ayer jueves 12, ten\u00eda una incidencia acumulada (casos por 100.000 habitantes en los \u00faltimos 14 d\u00edas) de 328.89, mientras que en Catalu\u00f1a estaba situada en 589,08. Su tasa de positivos en relaci\u00f3n con las pruebas hechas era tambi\u00e9n mucho mejor, 8,17%\u00a0contra\u00a012,05% de Catalu\u00f1a, considerando adem\u00e1s que Madrid hace el doble de pruebas que nuestro pa\u00eds. El experto Oriol Mitjans, que fue uno de los hombres clave cr\u00edtico con las pol\u00edticas del departamento de Sanidad y independentista confeso, declar\u00f3 este jueves en TV3 que los buenos resultados de Madrid son debidos sobre todo al uso masivo de test de ant\u00edgenos para detectar los contagios y poder actuar r\u00e1pidamente. Precisamente esta es la medida que \u00e9l propone y que la Generalitat no ha atendido. Un reciente informe publicado en la revista\u00a0Nature\u00a0por investigadores de las universidades\u00a0de Stanford y Northwestern con datos de 98 millones de personas de EE.UU., recogidas entre marzo y mayo, constatan que efectivamente los bares, los hoteles y los gimnasios son lugares de alto riesgo, pero a la vez consideran que esto se puede reducir sustancialmente limitando el aforo de los locales internos al 20% y de esta manera evitar su cierre. Si a este hecho se le a\u00f1ade que el estudio se refiere a espacios cerrados y no en las terrazas, en las que el riesgo es mucho menor, queda claro que una l\u00ednea de actuaci\u00f3n es la limitaci\u00f3n sustancial del aforo interior y facilitar al m\u00e1ximo que lleven su actividad en la calle en condiciones. El estudio no tiene en cuenta otros aspectos\u00a0que se han revelado decisivos, como es la renovaci\u00f3n del aire y el tratamiento del mismo para destruir los virus.\u00a0Este segundo enfoque permitir\u00eda mejorar el aforo inferior en condiciones seguras.\u00a0La medici\u00f3n de los niveles de CO2\u00a0de los espacios cerrados aportar\u00edan un indicador claro de si la renovaci\u00f3n es suficiente o no.\u00a0Pero nada de esto se plantea la Generalitat, que contin\u00faa con el criterio m\u00e1s bien medieval, de muerto el perro se acab\u00f3 la rabia. A este hecho hay que a\u00f1adir las rid\u00edculas ayudas que la Generalitat aporta para compensar las p\u00e9rdidas y la p\u00e9sima gesti\u00f3n que ha demostrado una vez m\u00e1s el consejero Chakir El Homrani con las escasas ayudas disponibles, provocando una indignaci\u00f3n generalizada. Recordemos que es el mismo pol\u00edtico que tambi\u00e9n ha fracasado rotundamente con la aplicaci\u00f3n de la renta de ciudadan\u00eda y el que era el responsable de las residencias hasta que la elevada mortalidad en ellas hizo que Torra le retirara la competencia para traspasarla a Sanitat\u00a0. En un gobierno normal este consejero, que tambi\u00e9n es de ERC, habr\u00eda sido destituido por incompetente desde hace meses. Por si todo esto fuera poco, la informaci\u00f3n facilitada por la Generalitat sobre la ejecuci\u00f3n presupuestaria revela que la Generalitat tiene en estos momentos\u00a0un superh\u00e0bit de m\u00e1s 300 millones de euros que si se tienen en cuenta adem\u00e1s las empresas p\u00fablicas catalanas,\u00a0se acerca a los 1.000 millones. La pregunta es \u00bfpor qu\u00e9 est\u00e1 haciendo este ahorro la Generalitat en un momento que desde la UE se reclama hacer gasto y m\u00e1s gasto, y cuando los sectores de la hosteler\u00eda, la cultura, los hoteles, los gimnasios, otros y los aut\u00f3nomos en general, las medidas de la Generalitat los han situado en el pacto del hambre. Es dif\u00edcilmente explicable que en estas condiciones el gobierno dirigido, es un decir, por Aragon\u00e9s se guarde 1.000 millones de euros\u00a0. M\u00e1s informaci\u00f3n sobre el coronavirus en ESPECIAL CORONAVIRUS &nbsp;","og_url":"https:\/\/conversesacatalunya.cat\/es\/el-escandalo-del-maltrato-a-bares-y-restaurantes\/","og_site_name":"Converses a Catalunya","article_published_time":"2020-11-13T11:29:49+00:00","article_modified_time":"2020-11-13T12:26:24+00:00","og_image":[{"width":1200,"height":538,"url":"https:\/\/conversesacatalunya.cat\/wp-content\/uploads\/2020\/11\/bars-i-restaurants.jpg","type":"image\/jpeg"}],"author":"conversesacatalunya","twitter_card":"summary_large_image","twitter_misc":{"Escrito por":"conversesacatalunya","Tiempo de lectura":"3 minutos"},"schema":{"@context":"https:\/\/schema.org","@graph":[{"@type":"Article","@id":"https:\/\/conversesacatalunya.cat\/es\/el-escandalo-del-maltrato-a-bares-y-restaurantes\/#article","isPartOf":{"@id":"https:\/\/conversesacatalunya.cat\/es\/el-escandalo-del-maltrato-a-bares-y-restaurantes\/"},"author":{"name":"conversesacatalunya","@id":"https:\/\/conversesacatalunya.cat\/#\/schema\/person\/7e24d1e54a2785373ddcb275eae5ed99"},"headline":"El esc\u00e1ndalo del maltrato a bares y restaurantes","datePublished":"2020-11-13T11:29:49+00:00","dateModified":"2020-11-13T12:26:24+00:00","mainEntityOfPage":{"@id":"https:\/\/conversesacatalunya.cat\/es\/el-escandalo-del-maltrato-a-bares-y-restaurantes\/"},"wordCount":698,"commentCount":0,"image":{"@id":"https:\/\/conversesacatalunya.cat\/es\/el-escandalo-del-maltrato-a-bares-y-restaurantes\/#primaryimage"},"thumbnailUrl":"https:\/\/conversesacatalunya.cat\/wp-content\/uploads\/2020\/11\/bars-i-restaurants.jpg","keywords":["medidas coronavirus"],"articleSection":["Especial Coronavirus (ES)","Punts clau del dia (ES)"],"inLanguage":"es","potentialAction":[{"@type":"CommentAction","name":"Comment","target":["https:\/\/conversesacatalunya.cat\/es\/el-escandalo-del-maltrato-a-bares-y-restaurantes\/#respond"]}]},{"@type":"WebPage","@id":"https:\/\/conversesacatalunya.cat\/es\/el-escandalo-del-maltrato-a-bares-y-restaurantes\/","url":"https:\/\/conversesacatalunya.cat\/es\/el-escandalo-del-maltrato-a-bares-y-restaurantes\/","name":"El esc\u00e1ndalo del maltrato a bares y restaurantes - Converses a Catalunya","isPartOf":{"@id":"https:\/\/conversesacatalunya.cat\/#website"},"primaryImageOfPage":{"@id":"https:\/\/conversesacatalunya.cat\/es\/el-escandalo-del-maltrato-a-bares-y-restaurantes\/#primaryimage"},"image":{"@id":"https:\/\/conversesacatalunya.cat\/es\/el-escandalo-del-maltrato-a-bares-y-restaurantes\/#primaryimage"},"thumbnailUrl":"https:\/\/conversesacatalunya.cat\/wp-content\/uploads\/2020\/11\/bars-i-restaurants.jpg","datePublished":"2020-11-13T11:29:49+00:00","dateModified":"2020-11-13T12:26:24+00:00","author":{"@id":"https:\/\/conversesacatalunya.cat\/#\/schema\/person\/7e24d1e54a2785373ddcb275eae5ed99"},"breadcrumb":{"@id":"https:\/\/conversesacatalunya.cat\/es\/el-escandalo-del-maltrato-a-bares-y-restaurantes\/#breadcrumb"},"inLanguage":"es","potentialAction":[{"@type":"ReadAction","target":["https:\/\/conversesacatalunya.cat\/es\/el-escandalo-del-maltrato-a-bares-y-restaurantes\/"]}]},{"@type":"ImageObject","inLanguage":"es","@id":"https:\/\/conversesacatalunya.cat\/es\/el-escandalo-del-maltrato-a-bares-y-restaurantes\/#primaryimage","url":"https:\/\/conversesacatalunya.cat\/wp-content\/uploads\/2020\/11\/bars-i-restaurants.jpg","contentUrl":"https:\/\/conversesacatalunya.cat\/wp-content\/uploads\/2020\/11\/bars-i-restaurants.jpg","width":1200,"height":538,"caption":"maltractament a bars i restaurants"},{"@type":"BreadcrumbList","@id":"https:\/\/conversesacatalunya.cat\/es\/el-escandalo-del-maltrato-a-bares-y-restaurantes\/#breadcrumb","itemListElement":[{"@type":"ListItem","position":1,"name":"Inici","item":"https:\/\/conversesacatalunya.cat\/es\/"},{"@type":"ListItem","position":2,"name":"El esc\u00e1ndalo del maltrato a bares y restaurantes"}]},{"@type":"WebSite","@id":"https:\/\/conversesacatalunya.cat\/#website","url":"https:\/\/conversesacatalunya.cat\/","name":"Converses a Catalunya","description":"","potentialAction":[{"@type":"SearchAction","target":{"@type":"EntryPoint","urlTemplate":"https:\/\/conversesacatalunya.cat\/?s={search_term_string}"},"query-input":{"@type":"PropertyValueSpecification","valueRequired":true,"valueName":"search_term_string"}}],"inLanguage":"es"},{"@type":"Person","@id":"https:\/\/conversesacatalunya.cat\/#\/schema\/person\/7e24d1e54a2785373ddcb275eae5ed99","name":"conversesacatalunya","image":{"@type":"ImageObject","inLanguage":"es","@id":"https:\/\/conversesacatalunya.cat\/#\/schema\/person\/image\/","url":"https:\/\/conversesacatalunya.cat\/wp-content\/litespeed\/avatar\/febdfeeec89d950f01c748045a981dd2.jpg?ver=1777314535","contentUrl":"https:\/\/conversesacatalunya.cat\/wp-content\/litespeed\/avatar\/febdfeeec89d950f01c748045a981dd2.jpg?ver=1777314535","caption":"conversesacatalunya"},"url":"https:\/\/conversesacatalunya.cat\/es\/author\/carme_catala\/"}]}},"wps_subtitle":"","_links":{"self":[{"href":"https:\/\/conversesacatalunya.cat\/es\/wp-json\/wp\/v2\/posts\/42325","targetHints":{"allow":["GET"]}}],"collection":[{"href":"https:\/\/conversesacatalunya.cat\/es\/wp-json\/wp\/v2\/posts"}],"about":[{"href":"https:\/\/conversesacatalunya.cat\/es\/wp-json\/wp\/v2\/types\/post"}],"author":[{"embeddable":true,"href":"https:\/\/conversesacatalunya.cat\/es\/wp-json\/wp\/v2\/users\/2"}],"replies":[{"embeddable":true,"href":"https:\/\/conversesacatalunya.cat\/es\/wp-json\/wp\/v2\/comments?post=42325"}],"version-history":[{"count":2,"href":"https:\/\/conversesacatalunya.cat\/es\/wp-json\/wp\/v2\/posts\/42325\/revisions"}],"predecessor-version":[{"id":42327,"href":"https:\/\/conversesacatalunya.cat\/es\/wp-json\/wp\/v2\/posts\/42325\/revisions\/42327"}],"wp:featuredmedia":[{"embeddable":true,"href":"https:\/\/conversesacatalunya.cat\/es\/wp-json\/wp\/v2\/media\/42314"}],"wp:attachment":[{"href":"https:\/\/conversesacatalunya.cat\/es\/wp-json\/wp\/v2\/media?parent=42325"}],"wp:term":[{"taxonomy":"category","embeddable":true,"href":"https:\/\/conversesacatalunya.cat\/es\/wp-json\/wp\/v2\/categories?post=42325"},{"taxonomy":"post_tag","embeddable":true,"href":"https:\/\/conversesacatalunya.cat\/es\/wp-json\/wp\/v2\/tags?post=42325"}],"curies":[{"name":"wp","href":"https:\/\/api.w.org\/{rel}","templated":true}]}}