{"id":42235,"date":"2020-11-11T12:58:25","date_gmt":"2020-11-11T11:58:25","guid":{"rendered":"https:\/\/conversesacatalunya.cat\/espanya-una-governanca-defectuosa\/"},"modified":"2020-11-11T14:15:55","modified_gmt":"2020-11-11T13:15:55","slug":"espana-una-gobernanza-defectuosa","status":"publish","type":"post","link":"https:\/\/conversesacatalunya.cat\/es\/espana-una-gobernanza-defectuosa\/","title":{"rendered":"Espa\u00f1a, una gobernanza defectuosa"},"content":{"rendered":"<p><span>Evidentemente el problema no viene de ahora, pero s\u00ed se ha multiplicado hasta extremos ins\u00f3litos. Por ejemplo, no es normal que los\u00a0<\/span><strong><span>parados<\/span><\/strong><span>\u00a0con derecho a prestaci\u00f3n desde agosto no hayan ni siquiera podido tramitar la ayuda por el colapso de las oficinas de Trabajo. Un colapso que desgraciadamente no es el primero que se produce, ni es espec\u00edfico de esta \u00e1rea concreta. En el \u00e1mbito judicial, incluido el\u00a0<\/span><strong><span>registro civil<\/span><\/strong><span>\u00a0o las rentas dirigidas a paliar las situaciones m\u00e1s agudas, sufren el mismo problema. Una ley no escrita dice que la actual pandemia estresa lo que est\u00e1 estresado y este hecho pone de relieve el mal estado de la administraci\u00f3n y la acci\u00f3n de gobierno espa\u00f1ola.<\/span><\/p>\n<p><span>El origen principal del problema es que en Espa\u00f1a la acci\u00f3n gubernamental siempre es a destiempo y el caso de la pandemia lo confirma. Por segunda vez y de acuerdo con la opini\u00f3n de los expertos\u00a0<\/span><strong><span>se ha actuado tarde y de manera descoordinada<\/span><\/strong><span>. El retraso viene determinado porque tras el fracaso de la primera ola no se quiso poner en marcha una evaluaci\u00f3n de las pol\u00edticas desplegadas que sirve para ser m\u00e1s eficaz ante la segunda ola. Esta era la reivindicaci\u00f3n de un numeroso grupo de cient\u00edficos en la revista\u00a0<\/span><strong><span>The Lancet<\/span><\/strong><span>. Tambi\u00e9n se a\u00f1ade el problema de que es un estado que tiene una carencia que se revela fundamental: no dispone de una\u00a0<\/span><strong><span>agencia de salud p\u00fablica <\/span><\/strong><span><span class=\"\">dotada de los medios y la independencia necesaria para centralizar toda la informaci\u00f3n, elaborar datos y formular recomendaciones fundamentadas en evidencias cient\u00edficas.\u00a0<\/span>Espa\u00f1a s\u00f3lo dispone de un funcionario, el\u00a0<\/span><strong><span>Dr.\u00a0Sim\u00f3n<\/span><\/strong><span>, convertido en el busto parlante de la pandemia que hace una narrativa similar a la de un locutor de partido de f\u00fatbol.<\/span><\/p>\n<p><strong><span>En junio<\/span><\/strong><span>, seg\u00fan todos los datos, ya hab\u00eda elementos de juicio para aventurar la falta de capacidad para afrontar una segunda ola, y a finales <\/span><strong><span>de julio,<\/span><\/strong><span>\u00a0seg\u00fan los expertos, ya se hab\u00eda detectado el peligro eminente de la aparici\u00f3n del virus. Tanto es as\u00ed que desde el mes de agosto Espa\u00f1a ya estaba muy por encima del que se considera el l\u00edmite razonable de 50 casos por cada 100.000 habitantes. Esta evoluci\u00f3n se fue complicando a lo largo de los meses hasta llegar a la crisis de la\u00a0<\/span><strong><span>segunda mitad de octubre, <\/span><\/strong><span>a partir de la cual se declar\u00f3 el estado de alarma. Desde julio hasta entonces no se hizo nada para desplegar medidas que compensaran las carencias. Por ejemplo, en materia de contrataci\u00f3n de personal m\u00e9dico. Es claro que la peculiar situaci\u00f3n espa\u00f1ola: un gobierno d\u00e9bil pero que consigue agrupar mayor\u00edas parlamentarias amplias a base de hacer concesiones de todo tipo, no ayuda a desplegar pol\u00edticas transparentes y coherentes. La mejor verificaci\u00f3n de lo que es el oportunismo pol\u00edtico lo que marca la ruta. Es haber pasado de un mando \u00fanico muy estricto a una situaci\u00f3n que m\u00e1s que federal se puede considerar como <\/span><strong><span>confusa.<\/span><\/strong><\/p>\n<p><span><span class=\"\">Pero incluso en este caso, las soluciones que experimentan las comunidades aut\u00f3nomas podr\u00edan constituir una especie de costoso\u00a0<\/span><\/span><strong><span><span class=\"\">sistema de prueba y error<\/span><\/span><\/strong><span><span class=\"\">, que permitiera al gobierno identificar qu\u00e9 es lo que est\u00e1 funcionando mejor. Determinar qu\u00e9 se debe a factores estructurales y qu\u00e9 a las pol\u00edticas desplegadas, y qu\u00e9 es lo que no funciona. Pero este trabajo, que al menos sacar\u00eda provecho de la heterogeneidad de las pol\u00edticas que se llevan a cabo, el gobierno no la hace. Entre otras razones porque tampoco ha dotado <\/span><\/span><strong><span><span class=\"\">de muchos m\u00e1s recursos los niveles centrales,<\/span><\/span><\/strong><span><span class=\"\">\u00a0que contin\u00faan sin tener una capacidad m\u00ednimamente a la altura de la crisis; nos estamos refiriendo al\u00a0<\/span><\/span><strong><span><span class=\"\">Ministerio de Sanidad<\/span><\/span><\/strong><span>. Todo ello influye en la falta de transparencia y en la desconfianza que impera en una sociedad que cada vez m\u00e1s\u00a0<\/span><strong><span>tiene la sensaci\u00f3n de que la hacen responsable de resolver el problema de la pandemia.<\/span><\/strong><span>\u00a0Parece m\u00e1s bien que se trata de un ir pasando hasta que llegue la vacuna salvadora.<\/span><\/p>\n<p><span><span class=\"goog-text-highlight\">Claro que, a diferencia de otros pa\u00edses como la vecina Francia, aqu\u00ed el gobierno cuenta con la impunidad ante la justicia por sus responsabilidades en la gesti\u00f3n de la Covid-19, gracias a que la Fiscal\u00eda est\u00e1 dirigida por una ex ministro, Dolores Delgado, de la m\u00e1xima confianza de S\u00e1nchez. <\/span><\/span><strong><span><span class=\"goog-text-highlight\">En Francia con 40.000 muertes<\/span><\/span><\/strong><span><span class=\"goog-text-highlight\">\u00a0por una poblaci\u00f3n que es un 20% mayor que la espa\u00f1ola, la justicia est\u00e1 actuando contra responsables gubernamentales por posibles delitos a causa de actuaciones irregulares y deficientes. En Espa\u00f1a,\u00a0<\/span><\/span><strong><span><span class=\"goog-text-highlight\">con 65.000 muertos<\/span><\/span><\/strong><span><span class=\"goog-text-highlight\">\u00a0seg\u00fan el INE y\u00a0<\/span><\/span><strong><span><span class=\"goog-text-highlight\">39.000<\/span><\/span><\/strong><span><span class=\"goog-text-highlight\">\u00a0seg\u00fan los datos oficiales, la\u00a0<\/span><\/span><strong><span><span class=\"goog-text-highlight\">fiscal\u00eda<\/span><\/span><\/strong><span><span class=\"goog-text-highlight\">\u00a0se dedica a detener todas las numerosas denuncias que se han producido. Esta impunidad tambi\u00e9n ayuda a entender el porqu\u00e9 las cosas no funcionan.<\/span><\/span><\/p>\n<p style=\"text-align: center;\">M\u00e1s informaci\u00f3n sobre el coronavirus en <a href=\"https:\/\/conversesacatalunya.cat\/es\/coronavirus\/\" target=\"_blank\" rel=\"noopener noreferrer\">ESPECIAL CORONAVIRUS<\/a><\/p>\n<div id=\"polls-80\" class=\"wp-polls\">\n\t<form id=\"polls_form_80\" class=\"wp-polls-form\" action=\"\/index.php\" method=\"post\">\n\t\t<p style=\"display: none;\"><input type=\"hidden\" id=\"poll_80_nonce\" name=\"wp-polls-nonce\" value=\"2988bb9891\" \/><\/p>\n\t\t<p style=\"display: none;\"><input type=\"hidden\" name=\"poll_id\" value=\"80\" \/><\/p>\n\t\t<p style=\"text-align: center\"><strong>Creus que \u00e9s coherent l'actitud del govern catal\u00e0 d'autoritzar primer i desqualificar despr\u00e9s la celebraci\u00f3 de l'acte de beatificaci\u00f3 de Joan Roig a la Sagrada Fam\u00edlia?<\/strong><\/p><div id=\"polls-80-ans\" class=\"wp-polls-ans\"><ul class=\"wp-polls-ul\">\n\t\t<li><input type=\"radio\" id=\"poll-answer-178\" name=\"poll_80\" value=\"178\" \/> <label for=\"poll-answer-178\">Si<\/label><\/li>\n\t\t<li><input type=\"radio\" id=\"poll-answer-179\" name=\"poll_80\" value=\"179\" \/> <label for=\"poll-answer-179\">No<\/label><\/li>\n\t\t<\/ul><p style=\"text-align: center\"><input type=\"button\" name=\"vote\" value=\"   Vota   \" class=\"Buttons\" onclick=\"poll_vote(80);\" \/><\/p><p style=\"text-align: center\"><a href=\"#ViewPollResults\" onclick=\"poll_result(80); return false;\" title=\"View Results Of This Poll\">Mira els resultats<\/a><\/p><\/div>\n\t<\/form>\n<\/div>\n<div id=\"polls-80-loading\" class=\"wp-polls-loading\"><img decoding=\"async\" data-src=\"https:\/\/conversesacatalunya.cat\/wp-content\/plugins\/wp-polls\/images\/loading.gif\" width=\"16\" height=\"16\" alt=\"Cargando ...\" title=\"Cargando ...\" class=\"wp-polls-image lazyload\" src=\"data:image\/svg+xml;base64,PHN2ZyB3aWR0aD0iMSIgaGVpZ2h0PSIxIiB4bWxucz0iaHR0cDovL3d3dy53My5vcmcvMjAwMC9zdmciPjwvc3ZnPg==\" style=\"--smush-placeholder-width: 16px; --smush-placeholder-aspect-ratio: 16\/16;\" \/>&nbsp;Cargando ...<\/div>\n\n","protected":false},"excerpt":{"rendered":"<p>Evidentemente el problema no viene de ahora, pero s\u00ed se ha multiplicado hasta extremos ins\u00f3litos. Por ejemplo, no es normal que los\u00a0parados\u00a0con derecho a prestaci\u00f3n desde agosto no hayan ni siquiera podido tramitar la ayuda por el colapso de las oficinas de Trabajo. Un colapso que desgraciadamente no es el primero que se produce, ni es espec\u00edfico de esta \u00e1rea concreta. En el \u00e1mbito judicial, incluido el\u00a0registro civil\u00a0o las rentas dirigidas a paliar las situaciones m\u00e1s agudas, sufren el mismo problema. Una ley no escrita dice que la actual pandemia estresa lo que est\u00e1 estresado y este hecho pone de relieve el mal estado de la administraci\u00f3n y la acci\u00f3n de gobierno espa\u00f1ola. El origen principal del problema es que en Espa\u00f1a la acci\u00f3n gubernamental siempre es a destiempo y el caso de la pandemia lo confirma. Por segunda vez y de acuerdo con la opini\u00f3n de los expertos\u00a0se ha actuado tarde y de manera descoordinada. El retraso viene determinado porque tras el fracaso de la primera ola no se quiso poner en marcha una evaluaci\u00f3n de las pol\u00edticas desplegadas que sirve para ser m\u00e1s eficaz ante la segunda ola. Esta era la reivindicaci\u00f3n de un numeroso grupo de cient\u00edficos en la revista\u00a0The Lancet. Tambi\u00e9n se a\u00f1ade el problema de que es un estado que tiene una carencia que se revela fundamental: no dispone de una\u00a0agencia de salud p\u00fablica dotada de los medios y la independencia necesaria para centralizar toda la informaci\u00f3n, elaborar datos y formular recomendaciones fundamentadas en evidencias cient\u00edficas.\u00a0Espa\u00f1a s\u00f3lo dispone de un funcionario, el\u00a0Dr.\u00a0Sim\u00f3n, convertido en el busto parlante de la pandemia que hace una narrativa similar a la de un locutor de partido de f\u00fatbol. En junio, seg\u00fan todos los datos, ya hab\u00eda elementos de juicio para aventurar la falta de capacidad para afrontar una segunda ola, y a finales de julio,\u00a0seg\u00fan los expertos, ya se hab\u00eda detectado el peligro eminente de la aparici\u00f3n del virus. Tanto es as\u00ed que desde el mes de agosto Espa\u00f1a ya estaba muy por encima del que se considera el l\u00edmite razonable de 50 casos por cada 100.000 habitantes. Esta evoluci\u00f3n se fue complicando a lo largo de los meses hasta llegar a la crisis de la\u00a0segunda mitad de octubre, a partir de la cual se declar\u00f3 el estado de alarma. Desde julio hasta entonces no se hizo nada para desplegar medidas que compensaran las carencias. Por ejemplo, en materia de contrataci\u00f3n de personal m\u00e9dico. Es claro que la peculiar situaci\u00f3n espa\u00f1ola: un gobierno d\u00e9bil pero que consigue agrupar mayor\u00edas parlamentarias amplias a base de hacer concesiones de todo tipo, no ayuda a desplegar pol\u00edticas transparentes y coherentes. La mejor verificaci\u00f3n de lo que es el oportunismo pol\u00edtico lo que marca la ruta. Es haber pasado de un mando \u00fanico muy estricto a una situaci\u00f3n que m\u00e1s que federal se puede considerar como confusa. Pero incluso en este caso, las soluciones que experimentan las comunidades aut\u00f3nomas podr\u00edan constituir una especie de costoso\u00a0sistema de prueba y error, que permitiera al gobierno identificar qu\u00e9 es lo que est\u00e1 funcionando mejor. Determinar qu\u00e9 se debe a factores estructurales y qu\u00e9 a las pol\u00edticas desplegadas, y qu\u00e9 es lo que no funciona. Pero este trabajo, que al menos sacar\u00eda provecho de la heterogeneidad de las pol\u00edticas que se llevan a cabo, el gobierno no la hace. Entre otras razones porque tampoco ha dotado de muchos m\u00e1s recursos los niveles centrales,\u00a0que contin\u00faan sin tener una capacidad m\u00ednimamente a la altura de la crisis; nos estamos refiriendo al\u00a0Ministerio de Sanidad. Todo ello influye en la falta de transparencia y en la desconfianza que impera en una sociedad que cada vez m\u00e1s\u00a0tiene la sensaci\u00f3n de que la hacen responsable de resolver el problema de la pandemia.\u00a0Parece m\u00e1s bien que se trata de un ir pasando hasta que llegue la vacuna salvadora. Claro que, a diferencia de otros pa\u00edses como la vecina Francia, aqu\u00ed el gobierno cuenta con la impunidad ante la justicia por sus responsabilidades en la gesti\u00f3n de la Covid-19, gracias a que la Fiscal\u00eda est\u00e1 dirigida por una ex ministro, Dolores Delgado, de la m\u00e1xima confianza de S\u00e1nchez. En Francia con 40.000 muertes\u00a0por una poblaci\u00f3n que es un 20% mayor que la espa\u00f1ola, la justicia est\u00e1 actuando contra responsables gubernamentales por posibles delitos a causa de actuaciones irregulares y deficientes. En Espa\u00f1a,\u00a0con 65.000 muertos\u00a0seg\u00fan el INE y\u00a039.000\u00a0seg\u00fan los datos oficiales, la\u00a0fiscal\u00eda\u00a0se dedica a detener todas las numerosas denuncias que se han producido. Esta impunidad tambi\u00e9n ayuda a entender el porqu\u00e9 las cosas no funcionan. M\u00e1s informaci\u00f3n sobre el coronavirus en ESPECIAL CORONAVIRUS<\/p>\n","protected":false},"author":2,"featured_media":42215,"comment_status":"open","ping_status":"open","sticky":false,"template":"","format":"standard","meta":{"_FSMCFIC_featured_image_caption":"","_FSMCFIC_featured_image_nocaption":"","_FSMCFIC_featured_image_hide":"","footnotes":""},"categories":[1772,806],"tags":[2049],"class_list":["post-42235","post","type-post","status-publish","format-standard","has-post-thumbnail","hentry","category-especial-coronavirus-es","category-punts-claus-del-dia-es","tag-medidas-coronavirus"],"yoast_head":"<!-- This site is optimized with the Yoast SEO plugin v26.8 - https:\/\/yoast.com\/product\/yoast-seo-wordpress\/ -->\n<title>Espa\u00f1a, una gobernanza defectuosa - Converses a Catalunya<\/title>\n<meta name=\"robots\" content=\"index, follow, max-snippet:-1, max-image-preview:large, max-video-preview:-1\" \/>\n<link rel=\"canonical\" href=\"https:\/\/conversesacatalunya.cat\/es\/espana-una-gobernanza-defectuosa\/\" \/>\n<meta property=\"og:locale\" content=\"es_ES\" \/>\n<meta property=\"og:type\" content=\"article\" \/>\n<meta property=\"og:title\" content=\"Espa\u00f1a, una gobernanza defectuosa - Converses a Catalunya\" \/>\n<meta property=\"og:description\" content=\"Evidentemente el problema no viene de ahora, pero s\u00ed se ha multiplicado hasta extremos ins\u00f3litos. Por ejemplo, no es normal que los\u00a0parados\u00a0con derecho a prestaci\u00f3n desde agosto no hayan ni siquiera podido tramitar la ayuda por el colapso de las oficinas de Trabajo. Un colapso que desgraciadamente no es el primero que se produce, ni es espec\u00edfico de esta \u00e1rea concreta. En el \u00e1mbito judicial, incluido el\u00a0registro civil\u00a0o las rentas dirigidas a paliar las situaciones m\u00e1s agudas, sufren el mismo problema. Una ley no escrita dice que la actual pandemia estresa lo que est\u00e1 estresado y este hecho pone de relieve el mal estado de la administraci\u00f3n y la acci\u00f3n de gobierno espa\u00f1ola. El origen principal del problema es que en Espa\u00f1a la acci\u00f3n gubernamental siempre es a destiempo y el caso de la pandemia lo confirma. Por segunda vez y de acuerdo con la opini\u00f3n de los expertos\u00a0se ha actuado tarde y de manera descoordinada. El retraso viene determinado porque tras el fracaso de la primera ola no se quiso poner en marcha una evaluaci\u00f3n de las pol\u00edticas desplegadas que sirve para ser m\u00e1s eficaz ante la segunda ola. Esta era la reivindicaci\u00f3n de un numeroso grupo de cient\u00edficos en la revista\u00a0The Lancet. Tambi\u00e9n se a\u00f1ade el problema de que es un estado que tiene una carencia que se revela fundamental: no dispone de una\u00a0agencia de salud p\u00fablica dotada de los medios y la independencia necesaria para centralizar toda la informaci\u00f3n, elaborar datos y formular recomendaciones fundamentadas en evidencias cient\u00edficas.\u00a0Espa\u00f1a s\u00f3lo dispone de un funcionario, el\u00a0Dr.\u00a0Sim\u00f3n, convertido en el busto parlante de la pandemia que hace una narrativa similar a la de un locutor de partido de f\u00fatbol. En junio, seg\u00fan todos los datos, ya hab\u00eda elementos de juicio para aventurar la falta de capacidad para afrontar una segunda ola, y a finales de julio,\u00a0seg\u00fan los expertos, ya se hab\u00eda detectado el peligro eminente de la aparici\u00f3n del virus. Tanto es as\u00ed que desde el mes de agosto Espa\u00f1a ya estaba muy por encima del que se considera el l\u00edmite razonable de 50 casos por cada 100.000 habitantes. Esta evoluci\u00f3n se fue complicando a lo largo de los meses hasta llegar a la crisis de la\u00a0segunda mitad de octubre, a partir de la cual se declar\u00f3 el estado de alarma. Desde julio hasta entonces no se hizo nada para desplegar medidas que compensaran las carencias. Por ejemplo, en materia de contrataci\u00f3n de personal m\u00e9dico. Es claro que la peculiar situaci\u00f3n espa\u00f1ola: un gobierno d\u00e9bil pero que consigue agrupar mayor\u00edas parlamentarias amplias a base de hacer concesiones de todo tipo, no ayuda a desplegar pol\u00edticas transparentes y coherentes. La mejor verificaci\u00f3n de lo que es el oportunismo pol\u00edtico lo que marca la ruta. Es haber pasado de un mando \u00fanico muy estricto a una situaci\u00f3n que m\u00e1s que federal se puede considerar como confusa. Pero incluso en este caso, las soluciones que experimentan las comunidades aut\u00f3nomas podr\u00edan constituir una especie de costoso\u00a0sistema de prueba y error, que permitiera al gobierno identificar qu\u00e9 es lo que est\u00e1 funcionando mejor. Determinar qu\u00e9 se debe a factores estructurales y qu\u00e9 a las pol\u00edticas desplegadas, y qu\u00e9 es lo que no funciona. Pero este trabajo, que al menos sacar\u00eda provecho de la heterogeneidad de las pol\u00edticas que se llevan a cabo, el gobierno no la hace. Entre otras razones porque tampoco ha dotado de muchos m\u00e1s recursos los niveles centrales,\u00a0que contin\u00faan sin tener una capacidad m\u00ednimamente a la altura de la crisis; nos estamos refiriendo al\u00a0Ministerio de Sanidad. Todo ello influye en la falta de transparencia y en la desconfianza que impera en una sociedad que cada vez m\u00e1s\u00a0tiene la sensaci\u00f3n de que la hacen responsable de resolver el problema de la pandemia.\u00a0Parece m\u00e1s bien que se trata de un ir pasando hasta que llegue la vacuna salvadora. Claro que, a diferencia de otros pa\u00edses como la vecina Francia, aqu\u00ed el gobierno cuenta con la impunidad ante la justicia por sus responsabilidades en la gesti\u00f3n de la Covid-19, gracias a que la Fiscal\u00eda est\u00e1 dirigida por una ex ministro, Dolores Delgado, de la m\u00e1xima confianza de S\u00e1nchez. En Francia con 40.000 muertes\u00a0por una poblaci\u00f3n que es un 20% mayor que la espa\u00f1ola, la justicia est\u00e1 actuando contra responsables gubernamentales por posibles delitos a causa de actuaciones irregulares y deficientes. En Espa\u00f1a,\u00a0con 65.000 muertos\u00a0seg\u00fan el INE y\u00a039.000\u00a0seg\u00fan los datos oficiales, la\u00a0fiscal\u00eda\u00a0se dedica a detener todas las numerosas denuncias que se han producido. Esta impunidad tambi\u00e9n ayuda a entender el porqu\u00e9 las cosas no funcionan. M\u00e1s informaci\u00f3n sobre el coronavirus en ESPECIAL CORONAVIRUS\" \/>\n<meta property=\"og:url\" content=\"https:\/\/conversesacatalunya.cat\/es\/espana-una-gobernanza-defectuosa\/\" \/>\n<meta property=\"og:site_name\" content=\"Converses a Catalunya\" \/>\n<meta property=\"article:published_time\" content=\"2020-11-11T11:58:25+00:00\" \/>\n<meta property=\"article:modified_time\" content=\"2020-11-11T13:15:55+00:00\" \/>\n<meta property=\"og:image\" content=\"https:\/\/conversesacatalunya.cat\/wp-content\/uploads\/2020\/11\/fernando-simon-plaza-kksD-620x349@abc.jpg\" \/>\n\t<meta property=\"og:image:width\" content=\"620\" \/>\n\t<meta property=\"og:image:height\" content=\"349\" \/>\n\t<meta property=\"og:image:type\" content=\"image\/jpeg\" \/>\n<meta name=\"author\" content=\"conversesacatalunya\" \/>\n<meta name=\"twitter:card\" content=\"summary_large_image\" \/>\n<meta name=\"twitter:label1\" content=\"Escrito por\" \/>\n\t<meta name=\"twitter:data1\" content=\"conversesacatalunya\" \/>\n\t<meta name=\"twitter:label2\" content=\"Tiempo de lectura\" \/>\n\t<meta name=\"twitter:data2\" content=\"4 minutos\" \/>\n<script type=\"application\/ld+json\" class=\"yoast-schema-graph\">{\"@context\":\"https:\/\/schema.org\",\"@graph\":[{\"@type\":\"Article\",\"@id\":\"https:\/\/conversesacatalunya.cat\/es\/espana-una-gobernanza-defectuosa\/#article\",\"isPartOf\":{\"@id\":\"https:\/\/conversesacatalunya.cat\/es\/espana-una-gobernanza-defectuosa\/\"},\"author\":{\"name\":\"conversesacatalunya\",\"@id\":\"https:\/\/conversesacatalunya.cat\/#\/schema\/person\/7e24d1e54a2785373ddcb275eae5ed99\"},\"headline\":\"Espa\u00f1a, una gobernanza defectuosa\",\"datePublished\":\"2020-11-11T11:58:25+00:00\",\"dateModified\":\"2020-11-11T13:15:55+00:00\",\"mainEntityOfPage\":{\"@id\":\"https:\/\/conversesacatalunya.cat\/es\/espana-una-gobernanza-defectuosa\/\"},\"wordCount\":850,\"commentCount\":0,\"image\":{\"@id\":\"https:\/\/conversesacatalunya.cat\/es\/espana-una-gobernanza-defectuosa\/#primaryimage\"},\"thumbnailUrl\":\"https:\/\/conversesacatalunya.cat\/wp-content\/uploads\/2020\/11\/fernando-simon-plaza-kksD-620x349@abc.jpg\",\"keywords\":[\"medidas coronavirus\"],\"articleSection\":[\"Especial Coronavirus (ES)\",\"Punts clau del dia (ES)\"],\"inLanguage\":\"es\",\"potentialAction\":[{\"@type\":\"CommentAction\",\"name\":\"Comment\",\"target\":[\"https:\/\/conversesacatalunya.cat\/es\/espana-una-gobernanza-defectuosa\/#respond\"]}]},{\"@type\":\"WebPage\",\"@id\":\"https:\/\/conversesacatalunya.cat\/es\/espana-una-gobernanza-defectuosa\/\",\"url\":\"https:\/\/conversesacatalunya.cat\/es\/espana-una-gobernanza-defectuosa\/\",\"name\":\"Espa\u00f1a, una gobernanza defectuosa - Converses a Catalunya\",\"isPartOf\":{\"@id\":\"https:\/\/conversesacatalunya.cat\/#website\"},\"primaryImageOfPage\":{\"@id\":\"https:\/\/conversesacatalunya.cat\/es\/espana-una-gobernanza-defectuosa\/#primaryimage\"},\"image\":{\"@id\":\"https:\/\/conversesacatalunya.cat\/es\/espana-una-gobernanza-defectuosa\/#primaryimage\"},\"thumbnailUrl\":\"https:\/\/conversesacatalunya.cat\/wp-content\/uploads\/2020\/11\/fernando-simon-plaza-kksD-620x349@abc.jpg\",\"datePublished\":\"2020-11-11T11:58:25+00:00\",\"dateModified\":\"2020-11-11T13:15:55+00:00\",\"author\":{\"@id\":\"https:\/\/conversesacatalunya.cat\/#\/schema\/person\/7e24d1e54a2785373ddcb275eae5ed99\"},\"breadcrumb\":{\"@id\":\"https:\/\/conversesacatalunya.cat\/es\/espana-una-gobernanza-defectuosa\/#breadcrumb\"},\"inLanguage\":\"es\",\"potentialAction\":[{\"@type\":\"ReadAction\",\"target\":[\"https:\/\/conversesacatalunya.cat\/es\/espana-una-gobernanza-defectuosa\/\"]}]},{\"@type\":\"ImageObject\",\"inLanguage\":\"es\",\"@id\":\"https:\/\/conversesacatalunya.cat\/es\/espana-una-gobernanza-defectuosa\/#primaryimage\",\"url\":\"https:\/\/conversesacatalunya.cat\/wp-content\/uploads\/2020\/11\/fernando-simon-plaza-kksD-620x349@abc.jpg\",\"contentUrl\":\"https:\/\/conversesacatalunya.cat\/wp-content\/uploads\/2020\/11\/fernando-simon-plaza-kksD-620x349@abc.jpg\",\"width\":620,\"height\":349,\"caption\":\"espanya covid\"},{\"@type\":\"BreadcrumbList\",\"@id\":\"https:\/\/conversesacatalunya.cat\/es\/espana-una-gobernanza-defectuosa\/#breadcrumb\",\"itemListElement\":[{\"@type\":\"ListItem\",\"position\":1,\"name\":\"Inici\",\"item\":\"https:\/\/conversesacatalunya.cat\/es\/\"},{\"@type\":\"ListItem\",\"position\":2,\"name\":\"Espa\u00f1a, una gobernanza defectuosa\"}]},{\"@type\":\"WebSite\",\"@id\":\"https:\/\/conversesacatalunya.cat\/#website\",\"url\":\"https:\/\/conversesacatalunya.cat\/\",\"name\":\"Converses a Catalunya\",\"description\":\"\",\"potentialAction\":[{\"@type\":\"SearchAction\",\"target\":{\"@type\":\"EntryPoint\",\"urlTemplate\":\"https:\/\/conversesacatalunya.cat\/?s={search_term_string}\"},\"query-input\":{\"@type\":\"PropertyValueSpecification\",\"valueRequired\":true,\"valueName\":\"search_term_string\"}}],\"inLanguage\":\"es\"},{\"@type\":\"Person\",\"@id\":\"https:\/\/conversesacatalunya.cat\/#\/schema\/person\/7e24d1e54a2785373ddcb275eae5ed99\",\"name\":\"conversesacatalunya\",\"image\":{\"@type\":\"ImageObject\",\"inLanguage\":\"es\",\"@id\":\"https:\/\/conversesacatalunya.cat\/#\/schema\/person\/image\/\",\"url\":\"https:\/\/conversesacatalunya.cat\/wp-content\/litespeed\/avatar\/febdfeeec89d950f01c748045a981dd2.jpg?ver=1777314535\",\"contentUrl\":\"https:\/\/conversesacatalunya.cat\/wp-content\/litespeed\/avatar\/febdfeeec89d950f01c748045a981dd2.jpg?ver=1777314535\",\"caption\":\"conversesacatalunya\"},\"url\":\"https:\/\/conversesacatalunya.cat\/es\/author\/carme_catala\/\"}]}<\/script>\n<!-- \/ Yoast SEO plugin. -->","yoast_head_json":{"title":"Espa\u00f1a, una gobernanza defectuosa - Converses a Catalunya","robots":{"index":"index","follow":"follow","max-snippet":"max-snippet:-1","max-image-preview":"max-image-preview:large","max-video-preview":"max-video-preview:-1"},"canonical":"https:\/\/conversesacatalunya.cat\/es\/espana-una-gobernanza-defectuosa\/","og_locale":"es_ES","og_type":"article","og_title":"Espa\u00f1a, una gobernanza defectuosa - Converses a Catalunya","og_description":"Evidentemente el problema no viene de ahora, pero s\u00ed se ha multiplicado hasta extremos ins\u00f3litos. Por ejemplo, no es normal que los\u00a0parados\u00a0con derecho a prestaci\u00f3n desde agosto no hayan ni siquiera podido tramitar la ayuda por el colapso de las oficinas de Trabajo. Un colapso que desgraciadamente no es el primero que se produce, ni es espec\u00edfico de esta \u00e1rea concreta. En el \u00e1mbito judicial, incluido el\u00a0registro civil\u00a0o las rentas dirigidas a paliar las situaciones m\u00e1s agudas, sufren el mismo problema. Una ley no escrita dice que la actual pandemia estresa lo que est\u00e1 estresado y este hecho pone de relieve el mal estado de la administraci\u00f3n y la acci\u00f3n de gobierno espa\u00f1ola. El origen principal del problema es que en Espa\u00f1a la acci\u00f3n gubernamental siempre es a destiempo y el caso de la pandemia lo confirma. Por segunda vez y de acuerdo con la opini\u00f3n de los expertos\u00a0se ha actuado tarde y de manera descoordinada. El retraso viene determinado porque tras el fracaso de la primera ola no se quiso poner en marcha una evaluaci\u00f3n de las pol\u00edticas desplegadas que sirve para ser m\u00e1s eficaz ante la segunda ola. Esta era la reivindicaci\u00f3n de un numeroso grupo de cient\u00edficos en la revista\u00a0The Lancet. Tambi\u00e9n se a\u00f1ade el problema de que es un estado que tiene una carencia que se revela fundamental: no dispone de una\u00a0agencia de salud p\u00fablica dotada de los medios y la independencia necesaria para centralizar toda la informaci\u00f3n, elaborar datos y formular recomendaciones fundamentadas en evidencias cient\u00edficas.\u00a0Espa\u00f1a s\u00f3lo dispone de un funcionario, el\u00a0Dr.\u00a0Sim\u00f3n, convertido en el busto parlante de la pandemia que hace una narrativa similar a la de un locutor de partido de f\u00fatbol. En junio, seg\u00fan todos los datos, ya hab\u00eda elementos de juicio para aventurar la falta de capacidad para afrontar una segunda ola, y a finales de julio,\u00a0seg\u00fan los expertos, ya se hab\u00eda detectado el peligro eminente de la aparici\u00f3n del virus. Tanto es as\u00ed que desde el mes de agosto Espa\u00f1a ya estaba muy por encima del que se considera el l\u00edmite razonable de 50 casos por cada 100.000 habitantes. Esta evoluci\u00f3n se fue complicando a lo largo de los meses hasta llegar a la crisis de la\u00a0segunda mitad de octubre, a partir de la cual se declar\u00f3 el estado de alarma. Desde julio hasta entonces no se hizo nada para desplegar medidas que compensaran las carencias. Por ejemplo, en materia de contrataci\u00f3n de personal m\u00e9dico. Es claro que la peculiar situaci\u00f3n espa\u00f1ola: un gobierno d\u00e9bil pero que consigue agrupar mayor\u00edas parlamentarias amplias a base de hacer concesiones de todo tipo, no ayuda a desplegar pol\u00edticas transparentes y coherentes. La mejor verificaci\u00f3n de lo que es el oportunismo pol\u00edtico lo que marca la ruta. Es haber pasado de un mando \u00fanico muy estricto a una situaci\u00f3n que m\u00e1s que federal se puede considerar como confusa. Pero incluso en este caso, las soluciones que experimentan las comunidades aut\u00f3nomas podr\u00edan constituir una especie de costoso\u00a0sistema de prueba y error, que permitiera al gobierno identificar qu\u00e9 es lo que est\u00e1 funcionando mejor. Determinar qu\u00e9 se debe a factores estructurales y qu\u00e9 a las pol\u00edticas desplegadas, y qu\u00e9 es lo que no funciona. Pero este trabajo, que al menos sacar\u00eda provecho de la heterogeneidad de las pol\u00edticas que se llevan a cabo, el gobierno no la hace. Entre otras razones porque tampoco ha dotado de muchos m\u00e1s recursos los niveles centrales,\u00a0que contin\u00faan sin tener una capacidad m\u00ednimamente a la altura de la crisis; nos estamos refiriendo al\u00a0Ministerio de Sanidad. Todo ello influye en la falta de transparencia y en la desconfianza que impera en una sociedad que cada vez m\u00e1s\u00a0tiene la sensaci\u00f3n de que la hacen responsable de resolver el problema de la pandemia.\u00a0Parece m\u00e1s bien que se trata de un ir pasando hasta que llegue la vacuna salvadora. Claro que, a diferencia de otros pa\u00edses como la vecina Francia, aqu\u00ed el gobierno cuenta con la impunidad ante la justicia por sus responsabilidades en la gesti\u00f3n de la Covid-19, gracias a que la Fiscal\u00eda est\u00e1 dirigida por una ex ministro, Dolores Delgado, de la m\u00e1xima confianza de S\u00e1nchez. En Francia con 40.000 muertes\u00a0por una poblaci\u00f3n que es un 20% mayor que la espa\u00f1ola, la justicia est\u00e1 actuando contra responsables gubernamentales por posibles delitos a causa de actuaciones irregulares y deficientes. En Espa\u00f1a,\u00a0con 65.000 muertos\u00a0seg\u00fan el INE y\u00a039.000\u00a0seg\u00fan los datos oficiales, la\u00a0fiscal\u00eda\u00a0se dedica a detener todas las numerosas denuncias que se han producido. Esta impunidad tambi\u00e9n ayuda a entender el porqu\u00e9 las cosas no funcionan. M\u00e1s informaci\u00f3n sobre el coronavirus en ESPECIAL CORONAVIRUS","og_url":"https:\/\/conversesacatalunya.cat\/es\/espana-una-gobernanza-defectuosa\/","og_site_name":"Converses a Catalunya","article_published_time":"2020-11-11T11:58:25+00:00","article_modified_time":"2020-11-11T13:15:55+00:00","og_image":[{"width":620,"height":349,"url":"https:\/\/conversesacatalunya.cat\/wp-content\/uploads\/2020\/11\/fernando-simon-plaza-kksD-620x349@abc.jpg","type":"image\/jpeg"}],"author":"conversesacatalunya","twitter_card":"summary_large_image","twitter_misc":{"Escrito por":"conversesacatalunya","Tiempo de lectura":"4 minutos"},"schema":{"@context":"https:\/\/schema.org","@graph":[{"@type":"Article","@id":"https:\/\/conversesacatalunya.cat\/es\/espana-una-gobernanza-defectuosa\/#article","isPartOf":{"@id":"https:\/\/conversesacatalunya.cat\/es\/espana-una-gobernanza-defectuosa\/"},"author":{"name":"conversesacatalunya","@id":"https:\/\/conversesacatalunya.cat\/#\/schema\/person\/7e24d1e54a2785373ddcb275eae5ed99"},"headline":"Espa\u00f1a, una gobernanza defectuosa","datePublished":"2020-11-11T11:58:25+00:00","dateModified":"2020-11-11T13:15:55+00:00","mainEntityOfPage":{"@id":"https:\/\/conversesacatalunya.cat\/es\/espana-una-gobernanza-defectuosa\/"},"wordCount":850,"commentCount":0,"image":{"@id":"https:\/\/conversesacatalunya.cat\/es\/espana-una-gobernanza-defectuosa\/#primaryimage"},"thumbnailUrl":"https:\/\/conversesacatalunya.cat\/wp-content\/uploads\/2020\/11\/fernando-simon-plaza-kksD-620x349@abc.jpg","keywords":["medidas coronavirus"],"articleSection":["Especial Coronavirus (ES)","Punts clau del dia (ES)"],"inLanguage":"es","potentialAction":[{"@type":"CommentAction","name":"Comment","target":["https:\/\/conversesacatalunya.cat\/es\/espana-una-gobernanza-defectuosa\/#respond"]}]},{"@type":"WebPage","@id":"https:\/\/conversesacatalunya.cat\/es\/espana-una-gobernanza-defectuosa\/","url":"https:\/\/conversesacatalunya.cat\/es\/espana-una-gobernanza-defectuosa\/","name":"Espa\u00f1a, una gobernanza defectuosa - Converses a Catalunya","isPartOf":{"@id":"https:\/\/conversesacatalunya.cat\/#website"},"primaryImageOfPage":{"@id":"https:\/\/conversesacatalunya.cat\/es\/espana-una-gobernanza-defectuosa\/#primaryimage"},"image":{"@id":"https:\/\/conversesacatalunya.cat\/es\/espana-una-gobernanza-defectuosa\/#primaryimage"},"thumbnailUrl":"https:\/\/conversesacatalunya.cat\/wp-content\/uploads\/2020\/11\/fernando-simon-plaza-kksD-620x349@abc.jpg","datePublished":"2020-11-11T11:58:25+00:00","dateModified":"2020-11-11T13:15:55+00:00","author":{"@id":"https:\/\/conversesacatalunya.cat\/#\/schema\/person\/7e24d1e54a2785373ddcb275eae5ed99"},"breadcrumb":{"@id":"https:\/\/conversesacatalunya.cat\/es\/espana-una-gobernanza-defectuosa\/#breadcrumb"},"inLanguage":"es","potentialAction":[{"@type":"ReadAction","target":["https:\/\/conversesacatalunya.cat\/es\/espana-una-gobernanza-defectuosa\/"]}]},{"@type":"ImageObject","inLanguage":"es","@id":"https:\/\/conversesacatalunya.cat\/es\/espana-una-gobernanza-defectuosa\/#primaryimage","url":"https:\/\/conversesacatalunya.cat\/wp-content\/uploads\/2020\/11\/fernando-simon-plaza-kksD-620x349@abc.jpg","contentUrl":"https:\/\/conversesacatalunya.cat\/wp-content\/uploads\/2020\/11\/fernando-simon-plaza-kksD-620x349@abc.jpg","width":620,"height":349,"caption":"espanya covid"},{"@type":"BreadcrumbList","@id":"https:\/\/conversesacatalunya.cat\/es\/espana-una-gobernanza-defectuosa\/#breadcrumb","itemListElement":[{"@type":"ListItem","position":1,"name":"Inici","item":"https:\/\/conversesacatalunya.cat\/es\/"},{"@type":"ListItem","position":2,"name":"Espa\u00f1a, una gobernanza defectuosa"}]},{"@type":"WebSite","@id":"https:\/\/conversesacatalunya.cat\/#website","url":"https:\/\/conversesacatalunya.cat\/","name":"Converses a Catalunya","description":"","potentialAction":[{"@type":"SearchAction","target":{"@type":"EntryPoint","urlTemplate":"https:\/\/conversesacatalunya.cat\/?s={search_term_string}"},"query-input":{"@type":"PropertyValueSpecification","valueRequired":true,"valueName":"search_term_string"}}],"inLanguage":"es"},{"@type":"Person","@id":"https:\/\/conversesacatalunya.cat\/#\/schema\/person\/7e24d1e54a2785373ddcb275eae5ed99","name":"conversesacatalunya","image":{"@type":"ImageObject","inLanguage":"es","@id":"https:\/\/conversesacatalunya.cat\/#\/schema\/person\/image\/","url":"https:\/\/conversesacatalunya.cat\/wp-content\/litespeed\/avatar\/febdfeeec89d950f01c748045a981dd2.jpg?ver=1777314535","contentUrl":"https:\/\/conversesacatalunya.cat\/wp-content\/litespeed\/avatar\/febdfeeec89d950f01c748045a981dd2.jpg?ver=1777314535","caption":"conversesacatalunya"},"url":"https:\/\/conversesacatalunya.cat\/es\/author\/carme_catala\/"}]}},"wps_subtitle":"","_links":{"self":[{"href":"https:\/\/conversesacatalunya.cat\/es\/wp-json\/wp\/v2\/posts\/42235","targetHints":{"allow":["GET"]}}],"collection":[{"href":"https:\/\/conversesacatalunya.cat\/es\/wp-json\/wp\/v2\/posts"}],"about":[{"href":"https:\/\/conversesacatalunya.cat\/es\/wp-json\/wp\/v2\/types\/post"}],"author":[{"embeddable":true,"href":"https:\/\/conversesacatalunya.cat\/es\/wp-json\/wp\/v2\/users\/2"}],"replies":[{"embeddable":true,"href":"https:\/\/conversesacatalunya.cat\/es\/wp-json\/wp\/v2\/comments?post=42235"}],"version-history":[{"count":2,"href":"https:\/\/conversesacatalunya.cat\/es\/wp-json\/wp\/v2\/posts\/42235\/revisions"}],"predecessor-version":[{"id":42237,"href":"https:\/\/conversesacatalunya.cat\/es\/wp-json\/wp\/v2\/posts\/42235\/revisions\/42237"}],"wp:featuredmedia":[{"embeddable":true,"href":"https:\/\/conversesacatalunya.cat\/es\/wp-json\/wp\/v2\/media\/42215"}],"wp:attachment":[{"href":"https:\/\/conversesacatalunya.cat\/es\/wp-json\/wp\/v2\/media?parent=42235"}],"wp:term":[{"taxonomy":"category","embeddable":true,"href":"https:\/\/conversesacatalunya.cat\/es\/wp-json\/wp\/v2\/categories?post=42235"},{"taxonomy":"post_tag","embeddable":true,"href":"https:\/\/conversesacatalunya.cat\/es\/wp-json\/wp\/v2\/tags?post=42235"}],"curies":[{"name":"wp","href":"https:\/\/api.w.org\/{rel}","templated":true}]}}