{"id":42209,"date":"2020-11-11T10:43:58","date_gmt":"2020-11-11T09:43:58","guid":{"rendered":"https:\/\/conversesacatalunya.cat\/la-confianca-dels-inversors-alemanys-continua-caient\/"},"modified":"2020-11-11T10:47:20","modified_gmt":"2020-11-11T09:47:20","slug":"la-confianza-de-los-inversores-alemanes-sigue-cayendo","status":"publish","type":"post","link":"https:\/\/conversesacatalunya.cat\/es\/la-confianza-de-los-inversores-alemanes-sigue-cayendo\/","title":{"rendered":"La confianza de los inversores alemanes sigue cayendo"},"content":{"rendered":"<p>Seg\u00fan los datos del Centro para la Investigaci\u00f3n Econ\u00f3mica Europea (ZEW)<strong> la confianza inversora baj\u00f3 de nuevo en Alemania en el mes de noviembre<\/strong>, tras haberse desplomado en octubre, debido a la preocupaci\u00f3n por el efecto econ\u00f3mico de la segunda ola de contagios del nuevo coronavirus. Las encuestas no recogen las noticias sobre los avances de la vacuna de Pfizer, que provoc\u00f3 ayer una fuerte subida en las bolsas.<\/p>\n<p>\u00abLos inversores est\u00e1n preocupados por el impacto econ\u00f3mico de la segunda ola de covid-19 y lo que esto implicar\u00e1. Por lo tanto, el indicador ZEW de confianza econ\u00f3mica ha vuelto a disminuir significativamente en noviembre, lo que indica una desaceleraci\u00f3n de la recuperaci\u00f3n econ\u00f3mica en Alemania. Tambi\u00e9n existe la preocupaci\u00f3n adicional de que la econom\u00eda alemana pueda regresar a la recesi\u00f3n\u00bb, explica el presidente de ZEW, Achim Wambach.<\/p>\n<p>El sentimiento de los expertos del mercado financiero con respecto al desarrollo econ\u00f3mico de la eurozona tambi\u00e9n experiment\u00f3 un descenso considerable por segunda vez consecutiva. El indicador correspondiente a noviembre se sit\u00faa ahora en 32,8 puntos, 19,5 puntos menos que en el mes anterior. Sin embargo, el Consejo Asesor de Economistas del Gobierno alem\u00e1n, los llamados \u00abcinco sabios\u00bb, espera que el PIB germano tenga este a\u00f1o una ca\u00edda del 5,1%, <strong>menos fuerte que la que contemplaban las previsiones m\u00e1s pesimistas<\/strong> del comienzo de la pandemia, que esperaban una contracci\u00f3n por encima del 8%.<\/p>\n<p>Seg\u00fan el pron\u00f3stico de los sabios, la ca\u00edda de la econom\u00eda ser\u00e1 menor que la provocada por la crisis financiera de 2008. El grupo de economistas, habitualmente cr\u00edtico con las decisiones pol\u00edticas, le da en general buenas notas a la gesti\u00f3n del Gobierno durante la pandemia para reducir las repercusiones econ\u00f3micas. \u00abLos responsables pol\u00edticos han reaccionado de manera r\u00e1pida y decidida\u00bb, dice el informe que considera que las medidas del Gobierno le han dado un impulso a la econom\u00eda que puede calcularse en torno al 1,1% del PIB. El informe resalta la importancia que tuvo el instrumento de la jornada reducida subvencionada para evitar la destrucci\u00f3n de empleo.<\/p>\n<span class='bctt-click-to-tweet'><span class='bctt-ctt-text'><a href='https:\/\/twitter.com\/intent\/tweet?url=https%3A%2F%2Fconversesacatalunya.cat%2Fes%2Fla-confianza-de-los-inversores-alemanes-sigue-cayendo%2F&#038;text=Los%20inversores%20est%C3%A1n%20preocupados%20por%20el%20impacto%20econ%C3%B3mico%20de%20la%20segunda%20ola%20de%20covid-19%20y%20lo%20que%20esto%20implicar%C3%A1&#038;via=conversesacat&#038;related=conversesacat' target='_blank'rel=\"noopener noreferrer\">Los inversores est\u00e1n preocupados por el impacto econ\u00f3mico de la segunda ola de covid-19 y lo que esto implicar\u00e1 <\/a><\/span><a href='https:\/\/twitter.com\/intent\/tweet?url=https%3A%2F%2Fconversesacatalunya.cat%2Fes%2Fla-confianza-de-los-inversores-alemanes-sigue-cayendo%2F&#038;text=Los%20inversores%20est%C3%A1n%20preocupados%20por%20el%20impacto%20econ%C3%B3mico%20de%20la%20segunda%20ola%20de%20covid-19%20y%20lo%20que%20esto%20implicar%C3%A1&#038;via=conversesacat&#038;related=conversesacat' target='_blank' class='bctt-ctt-btn'rel=\"noopener noreferrer\">Compartir en X<\/a><\/span>\n<div id=\"polls-80\" class=\"wp-polls\">\n\t<form id=\"polls_form_80\" class=\"wp-polls-form\" action=\"\/index.php\" method=\"post\">\n\t\t<p style=\"display: none;\"><input type=\"hidden\" id=\"poll_80_nonce\" name=\"wp-polls-nonce\" value=\"e90292ba30\" \/><\/p>\n\t\t<p style=\"display: none;\"><input type=\"hidden\" name=\"poll_id\" value=\"80\" \/><\/p>\n\t\t<p style=\"text-align: center\"><strong>Creus que \u00e9s coherent l'actitud del govern catal\u00e0 d'autoritzar primer i desqualificar despr\u00e9s la celebraci\u00f3 de l'acte de beatificaci\u00f3 de Joan Roig a la Sagrada Fam\u00edlia?<\/strong><\/p><div id=\"polls-80-ans\" class=\"wp-polls-ans\"><ul class=\"wp-polls-ul\">\n\t\t<li><input type=\"radio\" id=\"poll-answer-178\" name=\"poll_80\" value=\"178\" \/> <label for=\"poll-answer-178\">Si<\/label><\/li>\n\t\t<li><input type=\"radio\" id=\"poll-answer-179\" name=\"poll_80\" value=\"179\" \/> <label for=\"poll-answer-179\">No<\/label><\/li>\n\t\t<\/ul><p style=\"text-align: center\"><input type=\"button\" name=\"vote\" value=\"   Vota   \" class=\"Buttons\" onclick=\"poll_vote(80);\" \/><\/p><p style=\"text-align: center\"><a href=\"#ViewPollResults\" onclick=\"poll_result(80); return false;\" title=\"View Results Of This Poll\">Mira els resultats<\/a><\/p><\/div>\n\t<\/form>\n<\/div>\n<div id=\"polls-80-loading\" class=\"wp-polls-loading\"><img decoding=\"async\" data-src=\"https:\/\/conversesacatalunya.cat\/wp-content\/plugins\/wp-polls\/images\/loading.gif\" width=\"16\" height=\"16\" alt=\"Cargando ...\" title=\"Cargando ...\" class=\"wp-polls-image lazyload\" src=\"data:image\/svg+xml;base64,PHN2ZyB3aWR0aD0iMSIgaGVpZ2h0PSIxIiB4bWxucz0iaHR0cDovL3d3dy53My5vcmcvMjAwMC9zdmciPjwvc3ZnPg==\" style=\"--smush-placeholder-width: 16px; --smush-placeholder-aspect-ratio: 16\/16;\" \/>&nbsp;Cargando ...<\/div>\n\n","protected":false},"excerpt":{"rendered":"<p>Seg\u00fan los datos del Centro para la Investigaci\u00f3n Econ\u00f3mica Europea (ZEW) la confianza inversora baj\u00f3 de nuevo en Alemania en el mes de noviembre, tras haberse desplomado en octubre, debido a la preocupaci\u00f3n por el efecto econ\u00f3mico de la segunda ola de contagios del nuevo coronavirus. Las encuestas no recogen las noticias sobre los avances de la vacuna de Pfizer, que provoc\u00f3 ayer una fuerte subida en las bolsas. \u00abLos inversores est\u00e1n preocupados por el impacto econ\u00f3mico de la segunda ola de covid-19 y lo que esto implicar\u00e1. Por lo tanto, el indicador ZEW de confianza econ\u00f3mica ha vuelto a disminuir significativamente en noviembre, lo que indica una desaceleraci\u00f3n de la recuperaci\u00f3n econ\u00f3mica en Alemania. Tambi\u00e9n existe la preocupaci\u00f3n adicional de que la econom\u00eda alemana pueda regresar a la recesi\u00f3n\u00bb, explica el presidente de ZEW, Achim Wambach. El sentimiento de los expertos del mercado financiero con respecto al desarrollo econ\u00f3mico de la eurozona tambi\u00e9n experiment\u00f3 un descenso considerable por segunda vez consecutiva. El indicador correspondiente a noviembre se sit\u00faa ahora en 32,8 puntos, 19,5 puntos menos que en el mes anterior. Sin embargo, el Consejo Asesor de Economistas del Gobierno alem\u00e1n, los llamados \u00abcinco sabios\u00bb, espera que el PIB germano tenga este a\u00f1o una ca\u00edda del 5,1%, menos fuerte que la que contemplaban las previsiones m\u00e1s pesimistas del comienzo de la pandemia, que esperaban una contracci\u00f3n por encima del 8%. Seg\u00fan el pron\u00f3stico de los sabios, la ca\u00edda de la econom\u00eda ser\u00e1 menor que la provocada por la crisis financiera de 2008. El grupo de economistas, habitualmente cr\u00edtico con las decisiones pol\u00edticas, le da en general buenas notas a la gesti\u00f3n del Gobierno durante la pandemia para reducir las repercusiones econ\u00f3micas. \u00abLos responsables pol\u00edticos han reaccionado de manera r\u00e1pida y decidida\u00bb, dice el informe que considera que las medidas del Gobierno le han dado un impulso a la econom\u00eda que puede calcularse en torno al 1,1% del PIB. El informe resalta la importancia que tuvo el instrumento de la jornada reducida subvencionada para evitar la destrucci\u00f3n de empleo.<\/p>\n","protected":false},"author":20,"featured_media":42203,"comment_status":"open","ping_status":"open","sticky":false,"template":"","format":"standard","meta":{"_FSMCFIC_featured_image_caption":"","_FSMCFIC_featured_image_nocaption":"","_FSMCFIC_featured_image_hide":"","footnotes":""},"categories":[806],"tags":[1587,3006],"class_list":["post-42209","post","type-post","status-publish","format-standard","has-post-thumbnail","hentry","category-punts-claus-del-dia-es","tag-alemania","tag-crisis-coronavirus"],"yoast_head":"<!-- This site is optimized with the Yoast SEO plugin v26.8 - https:\/\/yoast.com\/product\/yoast-seo-wordpress\/ -->\n<title>La confianza de los inversores alemanes sigue cayendo -<\/title>\n<meta name=\"description\" content=\"Los inversores alemanes est\u00e1n preocupados por el impacto econ\u00f3mico de la segunda ola de covid-19 y lo que esto implicar\u00e1\" \/>\n<meta name=\"robots\" content=\"index, follow, max-snippet:-1, max-image-preview:large, max-video-preview:-1\" \/>\n<link rel=\"canonical\" href=\"https:\/\/conversesacatalunya.cat\/es\/la-confianza-de-los-inversores-alemanes-sigue-cayendo\/\" \/>\n<meta property=\"og:locale\" content=\"es_ES\" \/>\n<meta property=\"og:type\" content=\"article\" \/>\n<meta property=\"og:title\" content=\"La confianza de los inversores alemanes sigue cayendo -\" \/>\n<meta property=\"og:description\" content=\"Los inversores alemanes est\u00e1n preocupados por el impacto econ\u00f3mico de la segunda ola de covid-19 y lo que esto implicar\u00e1\" \/>\n<meta property=\"og:url\" content=\"https:\/\/conversesacatalunya.cat\/es\/la-confianza-de-los-inversores-alemanes-sigue-cayendo\/\" \/>\n<meta property=\"og:site_name\" content=\"Converses a Catalunya\" \/>\n<meta property=\"article:published_time\" content=\"2020-11-11T09:43:58+00:00\" \/>\n<meta property=\"article:modified_time\" content=\"2020-11-11T09:47:20+00:00\" \/>\n<meta property=\"og:image\" content=\"https:\/\/conversesacatalunya.cat\/wp-content\/uploads\/2020\/11\/Capture-6.png\" \/>\n\t<meta property=\"og:image:width\" content=\"991\" \/>\n\t<meta property=\"og:image:height\" content=\"731\" \/>\n\t<meta property=\"og:image:type\" content=\"image\/png\" \/>\n<meta name=\"author\" content=\"conversesacatalunya\" \/>\n<meta name=\"twitter:card\" content=\"summary_large_image\" \/>\n<meta name=\"twitter:label1\" content=\"Escrito por\" \/>\n\t<meta name=\"twitter:data1\" content=\"conversesacatalunya\" \/>\n\t<meta name=\"twitter:label2\" content=\"Tiempo de lectura\" \/>\n\t<meta name=\"twitter:data2\" content=\"2 minutos\" \/>\n<script type=\"application\/ld+json\" class=\"yoast-schema-graph\">{\"@context\":\"https:\/\/schema.org\",\"@graph\":[{\"@type\":\"Article\",\"@id\":\"https:\/\/conversesacatalunya.cat\/es\/la-confianza-de-los-inversores-alemanes-sigue-cayendo\/#article\",\"isPartOf\":{\"@id\":\"https:\/\/conversesacatalunya.cat\/es\/la-confianza-de-los-inversores-alemanes-sigue-cayendo\/\"},\"author\":{\"name\":\"conversesacatalunya\",\"@id\":\"https:\/\/conversesacatalunya.cat\/#\/schema\/person\/a7a9496a363cd9847daf7cd659d92e64\"},\"headline\":\"La confianza de los inversores alemanes sigue cayendo\",\"datePublished\":\"2020-11-11T09:43:58+00:00\",\"dateModified\":\"2020-11-11T09:47:20+00:00\",\"mainEntityOfPage\":{\"@id\":\"https:\/\/conversesacatalunya.cat\/es\/la-confianza-de-los-inversores-alemanes-sigue-cayendo\/\"},\"wordCount\":402,\"commentCount\":0,\"image\":{\"@id\":\"https:\/\/conversesacatalunya.cat\/es\/la-confianza-de-los-inversores-alemanes-sigue-cayendo\/#primaryimage\"},\"thumbnailUrl\":\"https:\/\/conversesacatalunya.cat\/wp-content\/uploads\/2020\/11\/Capture-6.png\",\"keywords\":[\"Alemania\",\"crisis coronavirus\"],\"articleSection\":[\"Punts clau del dia (ES)\"],\"inLanguage\":\"es\",\"potentialAction\":[{\"@type\":\"CommentAction\",\"name\":\"Comment\",\"target\":[\"https:\/\/conversesacatalunya.cat\/es\/la-confianza-de-los-inversores-alemanes-sigue-cayendo\/#respond\"]}]},{\"@type\":\"WebPage\",\"@id\":\"https:\/\/conversesacatalunya.cat\/es\/la-confianza-de-los-inversores-alemanes-sigue-cayendo\/\",\"url\":\"https:\/\/conversesacatalunya.cat\/es\/la-confianza-de-los-inversores-alemanes-sigue-cayendo\/\",\"name\":\"La confianza de los inversores alemanes sigue cayendo -\",\"isPartOf\":{\"@id\":\"https:\/\/conversesacatalunya.cat\/#website\"},\"primaryImageOfPage\":{\"@id\":\"https:\/\/conversesacatalunya.cat\/es\/la-confianza-de-los-inversores-alemanes-sigue-cayendo\/#primaryimage\"},\"image\":{\"@id\":\"https:\/\/conversesacatalunya.cat\/es\/la-confianza-de-los-inversores-alemanes-sigue-cayendo\/#primaryimage\"},\"thumbnailUrl\":\"https:\/\/conversesacatalunya.cat\/wp-content\/uploads\/2020\/11\/Capture-6.png\",\"datePublished\":\"2020-11-11T09:43:58+00:00\",\"dateModified\":\"2020-11-11T09:47:20+00:00\",\"author\":{\"@id\":\"https:\/\/conversesacatalunya.cat\/#\/schema\/person\/a7a9496a363cd9847daf7cd659d92e64\"},\"description\":\"Los inversores alemanes est\u00e1n preocupados por el impacto econ\u00f3mico de la segunda ola de covid-19 y lo que esto implicar\u00e1\",\"breadcrumb\":{\"@id\":\"https:\/\/conversesacatalunya.cat\/es\/la-confianza-de-los-inversores-alemanes-sigue-cayendo\/#breadcrumb\"},\"inLanguage\":\"es\",\"potentialAction\":[{\"@type\":\"ReadAction\",\"target\":[\"https:\/\/conversesacatalunya.cat\/es\/la-confianza-de-los-inversores-alemanes-sigue-cayendo\/\"]}]},{\"@type\":\"ImageObject\",\"inLanguage\":\"es\",\"@id\":\"https:\/\/conversesacatalunya.cat\/es\/la-confianza-de-los-inversores-alemanes-sigue-cayendo\/#primaryimage\",\"url\":\"https:\/\/conversesacatalunya.cat\/wp-content\/uploads\/2020\/11\/Capture-6.png\",\"contentUrl\":\"https:\/\/conversesacatalunya.cat\/wp-content\/uploads\/2020\/11\/Capture-6.png\",\"width\":991,\"height\":731,\"caption\":\"confian\u00e7a\"},{\"@type\":\"BreadcrumbList\",\"@id\":\"https:\/\/conversesacatalunya.cat\/es\/la-confianza-de-los-inversores-alemanes-sigue-cayendo\/#breadcrumb\",\"itemListElement\":[{\"@type\":\"ListItem\",\"position\":1,\"name\":\"Inici\",\"item\":\"https:\/\/conversesacatalunya.cat\/es\/\"},{\"@type\":\"ListItem\",\"position\":2,\"name\":\"La confianza de los inversores alemanes sigue cayendo\"}]},{\"@type\":\"WebSite\",\"@id\":\"https:\/\/conversesacatalunya.cat\/#website\",\"url\":\"https:\/\/conversesacatalunya.cat\/\",\"name\":\"Converses a Catalunya\",\"description\":\"\",\"potentialAction\":[{\"@type\":\"SearchAction\",\"target\":{\"@type\":\"EntryPoint\",\"urlTemplate\":\"https:\/\/conversesacatalunya.cat\/?s={search_term_string}\"},\"query-input\":{\"@type\":\"PropertyValueSpecification\",\"valueRequired\":true,\"valueName\":\"search_term_string\"}}],\"inLanguage\":\"es\"},{\"@type\":\"Person\",\"@id\":\"https:\/\/conversesacatalunya.cat\/#\/schema\/person\/a7a9496a363cd9847daf7cd659d92e64\",\"name\":\"conversesacatalunya\",\"image\":{\"@type\":\"ImageObject\",\"inLanguage\":\"es\",\"@id\":\"https:\/\/conversesacatalunya.cat\/#\/schema\/person\/image\/\",\"url\":\"https:\/\/conversesacatalunya.cat\/wp-content\/litespeed\/avatar\/ff91582b44ff9c880dc9c5ac2f5c7e89.jpg?ver=1777372947\",\"contentUrl\":\"https:\/\/conversesacatalunya.cat\/wp-content\/litespeed\/avatar\/ff91582b44ff9c880dc9c5ac2f5c7e89.jpg?ver=1777372947\",\"caption\":\"conversesacatalunya\"},\"url\":\"https:\/\/conversesacatalunya.cat\/es\/author\/francisco_garcia\/\"}]}<\/script>\n<!-- \/ Yoast SEO plugin. -->","yoast_head_json":{"title":"La confianza de los inversores alemanes sigue cayendo -","description":"Los inversores alemanes est\u00e1n preocupados por el impacto econ\u00f3mico de la segunda ola de covid-19 y lo que esto implicar\u00e1","robots":{"index":"index","follow":"follow","max-snippet":"max-snippet:-1","max-image-preview":"max-image-preview:large","max-video-preview":"max-video-preview:-1"},"canonical":"https:\/\/conversesacatalunya.cat\/es\/la-confianza-de-los-inversores-alemanes-sigue-cayendo\/","og_locale":"es_ES","og_type":"article","og_title":"La confianza de los inversores alemanes sigue cayendo -","og_description":"Los inversores alemanes est\u00e1n preocupados por el impacto econ\u00f3mico de la segunda ola de covid-19 y lo que esto implicar\u00e1","og_url":"https:\/\/conversesacatalunya.cat\/es\/la-confianza-de-los-inversores-alemanes-sigue-cayendo\/","og_site_name":"Converses a Catalunya","article_published_time":"2020-11-11T09:43:58+00:00","article_modified_time":"2020-11-11T09:47:20+00:00","og_image":[{"width":991,"height":731,"url":"https:\/\/conversesacatalunya.cat\/wp-content\/uploads\/2020\/11\/Capture-6.png","type":"image\/png"}],"author":"conversesacatalunya","twitter_card":"summary_large_image","twitter_misc":{"Escrito por":"conversesacatalunya","Tiempo de lectura":"2 minutos"},"schema":{"@context":"https:\/\/schema.org","@graph":[{"@type":"Article","@id":"https:\/\/conversesacatalunya.cat\/es\/la-confianza-de-los-inversores-alemanes-sigue-cayendo\/#article","isPartOf":{"@id":"https:\/\/conversesacatalunya.cat\/es\/la-confianza-de-los-inversores-alemanes-sigue-cayendo\/"},"author":{"name":"conversesacatalunya","@id":"https:\/\/conversesacatalunya.cat\/#\/schema\/person\/a7a9496a363cd9847daf7cd659d92e64"},"headline":"La confianza de los inversores alemanes sigue cayendo","datePublished":"2020-11-11T09:43:58+00:00","dateModified":"2020-11-11T09:47:20+00:00","mainEntityOfPage":{"@id":"https:\/\/conversesacatalunya.cat\/es\/la-confianza-de-los-inversores-alemanes-sigue-cayendo\/"},"wordCount":402,"commentCount":0,"image":{"@id":"https:\/\/conversesacatalunya.cat\/es\/la-confianza-de-los-inversores-alemanes-sigue-cayendo\/#primaryimage"},"thumbnailUrl":"https:\/\/conversesacatalunya.cat\/wp-content\/uploads\/2020\/11\/Capture-6.png","keywords":["Alemania","crisis coronavirus"],"articleSection":["Punts clau del dia (ES)"],"inLanguage":"es","potentialAction":[{"@type":"CommentAction","name":"Comment","target":["https:\/\/conversesacatalunya.cat\/es\/la-confianza-de-los-inversores-alemanes-sigue-cayendo\/#respond"]}]},{"@type":"WebPage","@id":"https:\/\/conversesacatalunya.cat\/es\/la-confianza-de-los-inversores-alemanes-sigue-cayendo\/","url":"https:\/\/conversesacatalunya.cat\/es\/la-confianza-de-los-inversores-alemanes-sigue-cayendo\/","name":"La confianza de los inversores alemanes sigue cayendo -","isPartOf":{"@id":"https:\/\/conversesacatalunya.cat\/#website"},"primaryImageOfPage":{"@id":"https:\/\/conversesacatalunya.cat\/es\/la-confianza-de-los-inversores-alemanes-sigue-cayendo\/#primaryimage"},"image":{"@id":"https:\/\/conversesacatalunya.cat\/es\/la-confianza-de-los-inversores-alemanes-sigue-cayendo\/#primaryimage"},"thumbnailUrl":"https:\/\/conversesacatalunya.cat\/wp-content\/uploads\/2020\/11\/Capture-6.png","datePublished":"2020-11-11T09:43:58+00:00","dateModified":"2020-11-11T09:47:20+00:00","author":{"@id":"https:\/\/conversesacatalunya.cat\/#\/schema\/person\/a7a9496a363cd9847daf7cd659d92e64"},"description":"Los inversores alemanes est\u00e1n preocupados por el impacto econ\u00f3mico de la segunda ola de covid-19 y lo que esto implicar\u00e1","breadcrumb":{"@id":"https:\/\/conversesacatalunya.cat\/es\/la-confianza-de-los-inversores-alemanes-sigue-cayendo\/#breadcrumb"},"inLanguage":"es","potentialAction":[{"@type":"ReadAction","target":["https:\/\/conversesacatalunya.cat\/es\/la-confianza-de-los-inversores-alemanes-sigue-cayendo\/"]}]},{"@type":"ImageObject","inLanguage":"es","@id":"https:\/\/conversesacatalunya.cat\/es\/la-confianza-de-los-inversores-alemanes-sigue-cayendo\/#primaryimage","url":"https:\/\/conversesacatalunya.cat\/wp-content\/uploads\/2020\/11\/Capture-6.png","contentUrl":"https:\/\/conversesacatalunya.cat\/wp-content\/uploads\/2020\/11\/Capture-6.png","width":991,"height":731,"caption":"confian\u00e7a"},{"@type":"BreadcrumbList","@id":"https:\/\/conversesacatalunya.cat\/es\/la-confianza-de-los-inversores-alemanes-sigue-cayendo\/#breadcrumb","itemListElement":[{"@type":"ListItem","position":1,"name":"Inici","item":"https:\/\/conversesacatalunya.cat\/es\/"},{"@type":"ListItem","position":2,"name":"La confianza de los inversores alemanes sigue cayendo"}]},{"@type":"WebSite","@id":"https:\/\/conversesacatalunya.cat\/#website","url":"https:\/\/conversesacatalunya.cat\/","name":"Converses a Catalunya","description":"","potentialAction":[{"@type":"SearchAction","target":{"@type":"EntryPoint","urlTemplate":"https:\/\/conversesacatalunya.cat\/?s={search_term_string}"},"query-input":{"@type":"PropertyValueSpecification","valueRequired":true,"valueName":"search_term_string"}}],"inLanguage":"es"},{"@type":"Person","@id":"https:\/\/conversesacatalunya.cat\/#\/schema\/person\/a7a9496a363cd9847daf7cd659d92e64","name":"conversesacatalunya","image":{"@type":"ImageObject","inLanguage":"es","@id":"https:\/\/conversesacatalunya.cat\/#\/schema\/person\/image\/","url":"https:\/\/conversesacatalunya.cat\/wp-content\/litespeed\/avatar\/ff91582b44ff9c880dc9c5ac2f5c7e89.jpg?ver=1777372947","contentUrl":"https:\/\/conversesacatalunya.cat\/wp-content\/litespeed\/avatar\/ff91582b44ff9c880dc9c5ac2f5c7e89.jpg?ver=1777372947","caption":"conversesacatalunya"},"url":"https:\/\/conversesacatalunya.cat\/es\/author\/francisco_garcia\/"}]}},"wps_subtitle":"La confianza de los inversores en Alemania sigue cayendo tras varios meses consecutivos. La mejora de las previsiones sobre la pandemia con los \u00faltimos avances cient\u00edficos no fueron recogidos en el momento de la encuesta","_links":{"self":[{"href":"https:\/\/conversesacatalunya.cat\/es\/wp-json\/wp\/v2\/posts\/42209","targetHints":{"allow":["GET"]}}],"collection":[{"href":"https:\/\/conversesacatalunya.cat\/es\/wp-json\/wp\/v2\/posts"}],"about":[{"href":"https:\/\/conversesacatalunya.cat\/es\/wp-json\/wp\/v2\/types\/post"}],"author":[{"embeddable":true,"href":"https:\/\/conversesacatalunya.cat\/es\/wp-json\/wp\/v2\/users\/20"}],"replies":[{"embeddable":true,"href":"https:\/\/conversesacatalunya.cat\/es\/wp-json\/wp\/v2\/comments?post=42209"}],"version-history":[{"count":2,"href":"https:\/\/conversesacatalunya.cat\/es\/wp-json\/wp\/v2\/posts\/42209\/revisions"}],"predecessor-version":[{"id":42211,"href":"https:\/\/conversesacatalunya.cat\/es\/wp-json\/wp\/v2\/posts\/42209\/revisions\/42211"}],"wp:featuredmedia":[{"embeddable":true,"href":"https:\/\/conversesacatalunya.cat\/es\/wp-json\/wp\/v2\/media\/42203"}],"wp:attachment":[{"href":"https:\/\/conversesacatalunya.cat\/es\/wp-json\/wp\/v2\/media?parent=42209"}],"wp:term":[{"taxonomy":"category","embeddable":true,"href":"https:\/\/conversesacatalunya.cat\/es\/wp-json\/wp\/v2\/categories?post=42209"},{"taxonomy":"post_tag","embeddable":true,"href":"https:\/\/conversesacatalunya.cat\/es\/wp-json\/wp\/v2\/tags?post=42209"}],"curies":[{"name":"wp","href":"https:\/\/api.w.org\/{rel}","templated":true}]}}