{"id":42198,"date":"2020-11-10T13:49:14","date_gmt":"2020-11-10T12:49:14","guid":{"rendered":"https:\/\/conversesacatalunya.cat\/el-govern-de-la-generalitat-accentua-els-seus-atacs-a-lesglesia\/"},"modified":"2020-11-10T14:11:28","modified_gmt":"2020-11-10T13:11:28","slug":"el-gobierno-de-la-generalitat-acentua-sus-ataques-a-la-iglesia","status":"publish","type":"post","link":"https:\/\/conversesacatalunya.cat\/es\/el-gobierno-de-la-generalitat-acentua-sus-ataques-a-la-iglesia\/","title":{"rendered":"El gobierno de la Generalitat acent\u00faa sus ataques a la Iglesia"},"content":{"rendered":"<p><span><span class=\"\">En el d\u00eda de ayer destacados responsables del gobierno catal\u00e1n continuaron descalificando la ceremonia de\u00a0<\/span><\/span><a href=\"https:\/\/conversesacatalunya.cat\/es\/el-conflicto-con-la-iglesia-de-las-instituciones-catalanas\/\" target=\"_blank\" rel=\"noopener noreferrer\"><span><span class=\"\">beatificaci\u00f3n de Juan Roig y Diggle<\/span><\/span><\/a><span><span class=\"\">\u00a0.\u00a0<\/span><\/span><strong><span>El vicepresidente<\/span><\/strong><span> en funciones de presidente, pero sin despacho a la presidencia, encabez\u00f3 la cr\u00edtica a la que se a\u00f1adi\u00f3 de manera abundante la semidesaparecida Consejera de Salud (es un decir <\/span><strong><span>), Alba Verg\u00e9s,<\/span><\/strong><span>\u00a0y la\u00a0<\/span><strong><span>directora general de Protecci\u00f3n Civil, Isabel Ferrer<\/span><\/strong><span>, que calific\u00f3 de \u00abescandalosa\u00bb la actuaci\u00f3n de la Iglesia, diciendo que no quer\u00eda emitir juicio dado su cargo, en declaraciones a TVE (Sant Cugat) este pasado lunes d\u00eda 9. Puede humanamente ser comprensible que personas de sectores muy afectados por la prohibici\u00f3n de la Generalitat aprovechen toda ocasi\u00f3n para clamar al cielo, como hicieron algunos actores y actrices, criticando el acto de la Sagrada Familia, pero como bien precisaba ayer en un art\u00edculo <\/span><strong><span>Joaquin Luna en la Vanguardia<\/span><\/strong><span> \u00ab<\/span><em><span>los teatros los arruina la Generalitat, no Omella<\/span><\/em><span>\u00a0\u00ab.<\/span><\/p>\n<p><span>Lo m\u00e1s interesante del caso es el tipo de argumento que utiliza la autoridad catalana. Por un lado asume que el acto se llev\u00f3 a cabo con todas las medidas que la Generalitat ha establecido, incluso con creces porque el 30% del aforo de la Sagrada Familia no son las poco\u00a0<\/span><strong><span>menos de 600<\/span><\/strong><span>\u00a0personas que hab\u00eda,\u00a0<\/span><strong><span>sino 900<\/span><\/strong><span>. Pero se quejan de que eran demasiadas y que eso conllevaba desplazamientos. Ahora hablan de limitar los actos religiosos <\/span><strong><span>a 100 personas<\/span><\/strong><span>.\u00a0La primera cuesti\u00f3n que salta a la vista es por qu\u00e9 cuando determinaron los aforos de los locales, adem\u00e1s de fijar una medida relativa, no determinaron una magnitud absoluta.\u00a0Hombre, tan dif\u00edcil de pensarlo no es!\u00a0En todo caso lo que s\u00ed demuestra es que ese nivel de reflexi\u00f3n no se da entre los que establecen nuestras normas de protecci\u00f3n, lo que sin duda nos debe inspirar temor y desconfianza.<\/span><\/p>\n<p><span>Pero es que adem\u00e1s este aspecto de las 600 personas y la relaci\u00f3n con los desplazamientos, porque no pueden decir nada de la distancia f\u00edsica, ni de la mascarilla, ni de la calidad del aire que respiraron, tambi\u00e9n lo deber\u00edan aplicar por ejemplo\u00a0<\/span><strong><span>en El Corte Ingl\u00e9s<\/span><\/strong><span> que recibe a lo largo del d\u00eda, tanto en Diagonal como Plaza Catalu\u00f1a, los dos centros grandes, mucho m\u00e1s que esta cifra. Y que se sepa, ni artistas, ni Generalitat han levantado la voz. O a\u00fan sorprende m\u00e1s que se hayan autorizado de forma\u00a0<\/span><strong><span>permanente los Encants Vells<\/span><\/strong><span>\u00a0de la plaza de las Gl\u00f2ries, que concentran muchos m\u00e1s desplazamientos, pero con una concentraci\u00f3n humana que no guarda las distancias de seguridad. O el\u00a0<\/span><strong><span>mercado del libro de ocasi\u00f3n del mercado de Sant Antoni <\/span><\/strong><span>de cada domingo donde sucede algo parecido, o oratorios musulmanes, en Lleida por ejemplo, que re\u00fanen a unos cientos de fieles en espacios peque\u00f1os y cerrados.\u00a0Todo esto no cuenta.<\/span><\/p>\n<p><span>Si quieren abrir expedientes para concentraciones de m\u00e1s de 100 personas, a pesar de que esto no sea legal porque no est\u00e1 prohibido hasta ahora, tenemos por d\u00f3nde empezar mucho antes que por la Sagrada Familia, porque son m\u00e1s y se producen cada d\u00eda o cada semana.<\/span><\/p>\n<p><span>El tercer hecho sorprendente es que los gobernantes catalanes\u00a0<\/span><strong><span>descubrieran el acto una vez celebrado<\/span><\/strong><span>\u00a0a pesar de la abundante publicidad que la archidi\u00f3cesis de Barcelona hizo durante semanas antes, el hecho de que se cursaron\u00a0<\/span><strong><span>invitaciones oficiales<\/span><\/strong><span> tanto al Ayuntamiento como a la Generalitat y ya para consumar la alucinaci\u00f3n, debido a que asistiera al acto que ahora estudian sancionar una representaci\u00f3n oficial de la Generalidad en la persona del\u00a0<\/span><strong><span>director general de Derecho y de Entidades Jur\u00eddicas, Xavier Bernad\u00ed<\/span><\/strong><span>\u00a0,\u00a0<\/span><strong><span>el teniente de alcalde de Barcelona para la\u00a0<\/span><\/strong><strong><span>Seguridad, Albert Batlle<\/span><\/strong><span>, que hizo declaraciones favorables al buen desarrollo del acto, y el comisionado <\/span><strong><span>de Di\u00e1logo Intercultural y Pluralismo Religioso tambi\u00e9n del Ayuntamiento de Barcelona, Khalid Ghali<\/span><\/strong><span>\u00a0.<\/span><\/p>\n<p><span>Todo ello es un desorden tan grande que hace pensar que la reacci\u00f3n de la Generalitat ha sido provocada por el temor a la cr\u00edtica de un sector del mundo art\u00edstico, que hay que precisar, a pesar de ser importante no ha sido ni de lejos mayoritario, e incluso se han alzado voces que no compart\u00edan esta protesta, como la del escritor <\/span><strong><span>Eduardo Mendoza<\/span><\/strong><span>.\u00a0Una segunda interpretaci\u00f3n es que\u00a0<\/span><strong><span>el asesinato de un joven de 19 a\u00f1os por las patrullas de control <\/span><\/strong><span><span class=\"goog-text-highlight\">de la Catalu\u00f1a de aquel tiempo en las que gobernaba ERC, se\u00f1alan un cap\u00edtulo de la memoria hist\u00f3rica, el de la persecuci\u00f3n sistem\u00e1tica contra los cat\u00f3licos buscando su exterminio literal, que no gusta a los gobernantes actuales.\u00a0<\/span>Sea cual sea la raz\u00f3n, el gobierno de Catalu\u00f1a, lapidado por los problemas que nacen de la realidad, har\u00eda bien no buscando y abriendo nuevos conflictos que en definitiva nos perjudican a todos.<\/span><\/p>\n<div id=\"polls-80\" class=\"wp-polls\">\n\t<form id=\"polls_form_80\" class=\"wp-polls-form\" action=\"\/index.php\" method=\"post\">\n\t\t<p style=\"display: none;\"><input type=\"hidden\" id=\"poll_80_nonce\" name=\"wp-polls-nonce\" value=\"e90292ba30\" \/><\/p>\n\t\t<p style=\"display: none;\"><input type=\"hidden\" name=\"poll_id\" value=\"80\" \/><\/p>\n\t\t<p style=\"text-align: center\"><strong>Creus que \u00e9s coherent l'actitud del govern catal\u00e0 d'autoritzar primer i desqualificar despr\u00e9s la celebraci\u00f3 de l'acte de beatificaci\u00f3 de Joan Roig a la Sagrada Fam\u00edlia?<\/strong><\/p><div id=\"polls-80-ans\" class=\"wp-polls-ans\"><ul class=\"wp-polls-ul\">\n\t\t<li><input type=\"radio\" id=\"poll-answer-178\" name=\"poll_80\" value=\"178\" \/> <label for=\"poll-answer-178\">Si<\/label><\/li>\n\t\t<li><input type=\"radio\" id=\"poll-answer-179\" name=\"poll_80\" value=\"179\" \/> <label for=\"poll-answer-179\">No<\/label><\/li>\n\t\t<\/ul><p style=\"text-align: center\"><input type=\"button\" name=\"vote\" value=\"   Vota   \" class=\"Buttons\" onclick=\"poll_vote(80);\" \/><\/p><p style=\"text-align: center\"><a href=\"#ViewPollResults\" onclick=\"poll_result(80); return false;\" title=\"View Results Of This Poll\">Mira els resultats<\/a><\/p><\/div>\n\t<\/form>\n<\/div>\n<div id=\"polls-80-loading\" class=\"wp-polls-loading\"><img decoding=\"async\" data-src=\"https:\/\/conversesacatalunya.cat\/wp-content\/plugins\/wp-polls\/images\/loading.gif\" width=\"16\" height=\"16\" alt=\"Cargando ...\" title=\"Cargando ...\" class=\"wp-polls-image lazyload\" src=\"data:image\/svg+xml;base64,PHN2ZyB3aWR0aD0iMSIgaGVpZ2h0PSIxIiB4bWxucz0iaHR0cDovL3d3dy53My5vcmcvMjAwMC9zdmciPjwvc3ZnPg==\" style=\"--smush-placeholder-width: 16px; --smush-placeholder-aspect-ratio: 16\/16;\" \/>&nbsp;Cargando ...<\/div>\n\n","protected":false},"excerpt":{"rendered":"<p>En el d\u00eda de ayer destacados responsables del gobierno catal\u00e1n continuaron descalificando la ceremonia de\u00a0beatificaci\u00f3n de Juan Roig y Diggle\u00a0.\u00a0El vicepresidente en funciones de presidente, pero sin despacho a la presidencia, encabez\u00f3 la cr\u00edtica a la que se a\u00f1adi\u00f3 de manera abundante la semidesaparecida Consejera de Salud (es un decir ), Alba Verg\u00e9s,\u00a0y la\u00a0directora general de Protecci\u00f3n Civil, Isabel Ferrer, que calific\u00f3 de \u00abescandalosa\u00bb la actuaci\u00f3n de la Iglesia, diciendo que no quer\u00eda emitir juicio dado su cargo, en declaraciones a TVE (Sant Cugat) este pasado lunes d\u00eda 9. Puede humanamente ser comprensible que personas de sectores muy afectados por la prohibici\u00f3n de la Generalitat aprovechen toda ocasi\u00f3n para clamar al cielo, como hicieron algunos actores y actrices, criticando el acto de la Sagrada Familia, pero como bien precisaba ayer en un art\u00edculo Joaquin Luna en la Vanguardia \u00ablos teatros los arruina la Generalitat, no Omella\u00a0\u00ab. Lo m\u00e1s interesante del caso es el tipo de argumento que utiliza la autoridad catalana. Por un lado asume que el acto se llev\u00f3 a cabo con todas las medidas que la Generalitat ha establecido, incluso con creces porque el 30% del aforo de la Sagrada Familia no son las poco\u00a0menos de 600\u00a0personas que hab\u00eda,\u00a0sino 900. Pero se quejan de que eran demasiadas y que eso conllevaba desplazamientos. Ahora hablan de limitar los actos religiosos a 100 personas.\u00a0La primera cuesti\u00f3n que salta a la vista es por qu\u00e9 cuando determinaron los aforos de los locales, adem\u00e1s de fijar una medida relativa, no determinaron una magnitud absoluta.\u00a0Hombre, tan dif\u00edcil de pensarlo no es!\u00a0En todo caso lo que s\u00ed demuestra es que ese nivel de reflexi\u00f3n no se da entre los que establecen nuestras normas de protecci\u00f3n, lo que sin duda nos debe inspirar temor y desconfianza. Pero es que adem\u00e1s este aspecto de las 600 personas y la relaci\u00f3n con los desplazamientos, porque no pueden decir nada de la distancia f\u00edsica, ni de la mascarilla, ni de la calidad del aire que respiraron, tambi\u00e9n lo deber\u00edan aplicar por ejemplo\u00a0en El Corte Ingl\u00e9s que recibe a lo largo del d\u00eda, tanto en Diagonal como Plaza Catalu\u00f1a, los dos centros grandes, mucho m\u00e1s que esta cifra. Y que se sepa, ni artistas, ni Generalitat han levantado la voz. O a\u00fan sorprende m\u00e1s que se hayan autorizado de forma\u00a0permanente los Encants Vells\u00a0de la plaza de las Gl\u00f2ries, que concentran muchos m\u00e1s desplazamientos, pero con una concentraci\u00f3n humana que no guarda las distancias de seguridad. O el\u00a0mercado del libro de ocasi\u00f3n del mercado de Sant Antoni de cada domingo donde sucede algo parecido, o oratorios musulmanes, en Lleida por ejemplo, que re\u00fanen a unos cientos de fieles en espacios peque\u00f1os y cerrados.\u00a0Todo esto no cuenta. Si quieren abrir expedientes para concentraciones de m\u00e1s de 100 personas, a pesar de que esto no sea legal porque no est\u00e1 prohibido hasta ahora, tenemos por d\u00f3nde empezar mucho antes que por la Sagrada Familia, porque son m\u00e1s y se producen cada d\u00eda o cada semana. El tercer hecho sorprendente es que los gobernantes catalanes\u00a0descubrieran el acto una vez celebrado\u00a0a pesar de la abundante publicidad que la archidi\u00f3cesis de Barcelona hizo durante semanas antes, el hecho de que se cursaron\u00a0invitaciones oficiales tanto al Ayuntamiento como a la Generalitat y ya para consumar la alucinaci\u00f3n, debido a que asistiera al acto que ahora estudian sancionar una representaci\u00f3n oficial de la Generalidad en la persona del\u00a0director general de Derecho y de Entidades Jur\u00eddicas, Xavier Bernad\u00ed\u00a0,\u00a0el teniente de alcalde de Barcelona para la\u00a0Seguridad, Albert Batlle, que hizo declaraciones favorables al buen desarrollo del acto, y el comisionado de Di\u00e1logo Intercultural y Pluralismo Religioso tambi\u00e9n del Ayuntamiento de Barcelona, Khalid Ghali\u00a0. Todo ello es un desorden tan grande que hace pensar que la reacci\u00f3n de la Generalitat ha sido provocada por el temor a la cr\u00edtica de un sector del mundo art\u00edstico, que hay que precisar, a pesar de ser importante no ha sido ni de lejos mayoritario, e incluso se han alzado voces que no compart\u00edan esta protesta, como la del escritor Eduardo Mendoza.\u00a0Una segunda interpretaci\u00f3n es que\u00a0el asesinato de un joven de 19 a\u00f1os por las patrullas de control de la Catalu\u00f1a de aquel tiempo en las que gobernaba ERC, se\u00f1alan un cap\u00edtulo de la memoria hist\u00f3rica, el de la persecuci\u00f3n sistem\u00e1tica contra los cat\u00f3licos buscando su exterminio literal, que no gusta a los gobernantes actuales.\u00a0Sea cual sea la raz\u00f3n, el gobierno de Catalu\u00f1a, lapidado por los problemas que nacen de la realidad, har\u00eda bien no buscando y abriendo nuevos conflictos que en definitiva nos perjudican a todos.<\/p>\n","protected":false},"author":2,"featured_media":42190,"comment_status":"open","ping_status":"open","sticky":false,"template":"","format":"standard","meta":{"_FSMCFIC_featured_image_caption":"","_FSMCFIC_featured_image_nocaption":"","_FSMCFIC_featured_image_hide":"","footnotes":""},"categories":[806],"tags":[1719],"class_list":["post-42198","post","type-post","status-publish","format-standard","has-post-thumbnail","hentry","category-punts-claus-del-dia-es","tag-iglesia-catolica"],"yoast_head":"<!-- This site is optimized with the Yoast SEO plugin v26.8 - https:\/\/yoast.com\/product\/yoast-seo-wordpress\/ -->\n<title>El gobierno de la Generalitat acent\u00faa sus ataques a la Iglesia - Converses a Catalunya<\/title>\n<meta name=\"robots\" content=\"index, follow, max-snippet:-1, max-image-preview:large, max-video-preview:-1\" \/>\n<link rel=\"canonical\" href=\"https:\/\/conversesacatalunya.cat\/es\/el-gobierno-de-la-generalitat-acentua-sus-ataques-a-la-iglesia\/\" \/>\n<meta property=\"og:locale\" content=\"es_ES\" \/>\n<meta property=\"og:type\" content=\"article\" \/>\n<meta property=\"og:title\" content=\"El gobierno de la Generalitat acent\u00faa sus ataques a la Iglesia - Converses a Catalunya\" \/>\n<meta property=\"og:description\" content=\"En el d\u00eda de ayer destacados responsables del gobierno catal\u00e1n continuaron descalificando la ceremonia de\u00a0beatificaci\u00f3n de Juan Roig y Diggle\u00a0.\u00a0El vicepresidente en funciones de presidente, pero sin despacho a la presidencia, encabez\u00f3 la cr\u00edtica a la que se a\u00f1adi\u00f3 de manera abundante la semidesaparecida Consejera de Salud (es un decir ), Alba Verg\u00e9s,\u00a0y la\u00a0directora general de Protecci\u00f3n Civil, Isabel Ferrer, que calific\u00f3 de \u00abescandalosa\u00bb la actuaci\u00f3n de la Iglesia, diciendo que no quer\u00eda emitir juicio dado su cargo, en declaraciones a TVE (Sant Cugat) este pasado lunes d\u00eda 9. Puede humanamente ser comprensible que personas de sectores muy afectados por la prohibici\u00f3n de la Generalitat aprovechen toda ocasi\u00f3n para clamar al cielo, como hicieron algunos actores y actrices, criticando el acto de la Sagrada Familia, pero como bien precisaba ayer en un art\u00edculo Joaquin Luna en la Vanguardia \u00ablos teatros los arruina la Generalitat, no Omella\u00a0\u00ab. Lo m\u00e1s interesante del caso es el tipo de argumento que utiliza la autoridad catalana. Por un lado asume que el acto se llev\u00f3 a cabo con todas las medidas que la Generalitat ha establecido, incluso con creces porque el 30% del aforo de la Sagrada Familia no son las poco\u00a0menos de 600\u00a0personas que hab\u00eda,\u00a0sino 900. Pero se quejan de que eran demasiadas y que eso conllevaba desplazamientos. Ahora hablan de limitar los actos religiosos a 100 personas.\u00a0La primera cuesti\u00f3n que salta a la vista es por qu\u00e9 cuando determinaron los aforos de los locales, adem\u00e1s de fijar una medida relativa, no determinaron una magnitud absoluta.\u00a0Hombre, tan dif\u00edcil de pensarlo no es!\u00a0En todo caso lo que s\u00ed demuestra es que ese nivel de reflexi\u00f3n no se da entre los que establecen nuestras normas de protecci\u00f3n, lo que sin duda nos debe inspirar temor y desconfianza. Pero es que adem\u00e1s este aspecto de las 600 personas y la relaci\u00f3n con los desplazamientos, porque no pueden decir nada de la distancia f\u00edsica, ni de la mascarilla, ni de la calidad del aire que respiraron, tambi\u00e9n lo deber\u00edan aplicar por ejemplo\u00a0en El Corte Ingl\u00e9s que recibe a lo largo del d\u00eda, tanto en Diagonal como Plaza Catalu\u00f1a, los dos centros grandes, mucho m\u00e1s que esta cifra. Y que se sepa, ni artistas, ni Generalitat han levantado la voz. O a\u00fan sorprende m\u00e1s que se hayan autorizado de forma\u00a0permanente los Encants Vells\u00a0de la plaza de las Gl\u00f2ries, que concentran muchos m\u00e1s desplazamientos, pero con una concentraci\u00f3n humana que no guarda las distancias de seguridad. O el\u00a0mercado del libro de ocasi\u00f3n del mercado de Sant Antoni de cada domingo donde sucede algo parecido, o oratorios musulmanes, en Lleida por ejemplo, que re\u00fanen a unos cientos de fieles en espacios peque\u00f1os y cerrados.\u00a0Todo esto no cuenta. Si quieren abrir expedientes para concentraciones de m\u00e1s de 100 personas, a pesar de que esto no sea legal porque no est\u00e1 prohibido hasta ahora, tenemos por d\u00f3nde empezar mucho antes que por la Sagrada Familia, porque son m\u00e1s y se producen cada d\u00eda o cada semana. El tercer hecho sorprendente es que los gobernantes catalanes\u00a0descubrieran el acto una vez celebrado\u00a0a pesar de la abundante publicidad que la archidi\u00f3cesis de Barcelona hizo durante semanas antes, el hecho de que se cursaron\u00a0invitaciones oficiales tanto al Ayuntamiento como a la Generalitat y ya para consumar la alucinaci\u00f3n, debido a que asistiera al acto que ahora estudian sancionar una representaci\u00f3n oficial de la Generalidad en la persona del\u00a0director general de Derecho y de Entidades Jur\u00eddicas, Xavier Bernad\u00ed\u00a0,\u00a0el teniente de alcalde de Barcelona para la\u00a0Seguridad, Albert Batlle, que hizo declaraciones favorables al buen desarrollo del acto, y el comisionado de Di\u00e1logo Intercultural y Pluralismo Religioso tambi\u00e9n del Ayuntamiento de Barcelona, Khalid Ghali\u00a0. Todo ello es un desorden tan grande que hace pensar que la reacci\u00f3n de la Generalitat ha sido provocada por el temor a la cr\u00edtica de un sector del mundo art\u00edstico, que hay que precisar, a pesar de ser importante no ha sido ni de lejos mayoritario, e incluso se han alzado voces que no compart\u00edan esta protesta, como la del escritor Eduardo Mendoza.\u00a0Una segunda interpretaci\u00f3n es que\u00a0el asesinato de un joven de 19 a\u00f1os por las patrullas de control de la Catalu\u00f1a de aquel tiempo en las que gobernaba ERC, se\u00f1alan un cap\u00edtulo de la memoria hist\u00f3rica, el de la persecuci\u00f3n sistem\u00e1tica contra los cat\u00f3licos buscando su exterminio literal, que no gusta a los gobernantes actuales.\u00a0Sea cual sea la raz\u00f3n, el gobierno de Catalu\u00f1a, lapidado por los problemas que nacen de la realidad, har\u00eda bien no buscando y abriendo nuevos conflictos que en definitiva nos perjudican a todos.\" \/>\n<meta property=\"og:url\" content=\"https:\/\/conversesacatalunya.cat\/es\/el-gobierno-de-la-generalitat-acentua-sus-ataques-a-la-iglesia\/\" \/>\n<meta property=\"og:site_name\" content=\"Converses a Catalunya\" \/>\n<meta property=\"article:published_time\" content=\"2020-11-10T12:49:14+00:00\" \/>\n<meta property=\"article:modified_time\" content=\"2020-11-10T13:11:28+00:00\" \/>\n<meta property=\"og:image\" content=\"https:\/\/conversesacatalunya.cat\/wp-content\/uploads\/2020\/11\/Joan-Roig-1.jpeg\" \/>\n\t<meta property=\"og:image:width\" content=\"1600\" \/>\n\t<meta property=\"og:image:height\" content=\"1066\" \/>\n\t<meta property=\"og:image:type\" content=\"image\/jpeg\" \/>\n<meta name=\"author\" content=\"conversesacatalunya\" \/>\n<meta name=\"twitter:card\" content=\"summary_large_image\" \/>\n<meta name=\"twitter:label1\" content=\"Escrito por\" \/>\n\t<meta name=\"twitter:data1\" content=\"conversesacatalunya\" \/>\n\t<meta name=\"twitter:label2\" content=\"Tiempo de lectura\" \/>\n\t<meta name=\"twitter:data2\" content=\"4 minutos\" \/>\n<script type=\"application\/ld+json\" class=\"yoast-schema-graph\">{\"@context\":\"https:\/\/schema.org\",\"@graph\":[{\"@type\":\"Article\",\"@id\":\"https:\/\/conversesacatalunya.cat\/es\/el-gobierno-de-la-generalitat-acentua-sus-ataques-a-la-iglesia\/#article\",\"isPartOf\":{\"@id\":\"https:\/\/conversesacatalunya.cat\/es\/el-gobierno-de-la-generalitat-acentua-sus-ataques-a-la-iglesia\/\"},\"author\":{\"name\":\"conversesacatalunya\",\"@id\":\"https:\/\/conversesacatalunya.cat\/#\/schema\/person\/7e24d1e54a2785373ddcb275eae5ed99\"},\"headline\":\"El gobierno de la Generalitat acent\u00faa sus ataques a la Iglesia\",\"datePublished\":\"2020-11-10T12:49:14+00:00\",\"dateModified\":\"2020-11-10T13:11:28+00:00\",\"mainEntityOfPage\":{\"@id\":\"https:\/\/conversesacatalunya.cat\/es\/el-gobierno-de-la-generalitat-acentua-sus-ataques-a-la-iglesia\/\"},\"wordCount\":845,\"commentCount\":0,\"image\":{\"@id\":\"https:\/\/conversesacatalunya.cat\/es\/el-gobierno-de-la-generalitat-acentua-sus-ataques-a-la-iglesia\/#primaryimage\"},\"thumbnailUrl\":\"https:\/\/conversesacatalunya.cat\/wp-content\/uploads\/2020\/11\/Joan-Roig-1.jpeg\",\"keywords\":[\"iglesia cat\u00f3lica\"],\"articleSection\":[\"Punts clau del dia (ES)\"],\"inLanguage\":\"es\",\"potentialAction\":[{\"@type\":\"CommentAction\",\"name\":\"Comment\",\"target\":[\"https:\/\/conversesacatalunya.cat\/es\/el-gobierno-de-la-generalitat-acentua-sus-ataques-a-la-iglesia\/#respond\"]}]},{\"@type\":\"WebPage\",\"@id\":\"https:\/\/conversesacatalunya.cat\/es\/el-gobierno-de-la-generalitat-acentua-sus-ataques-a-la-iglesia\/\",\"url\":\"https:\/\/conversesacatalunya.cat\/es\/el-gobierno-de-la-generalitat-acentua-sus-ataques-a-la-iglesia\/\",\"name\":\"El gobierno de la Generalitat acent\u00faa sus ataques a la Iglesia - Converses a Catalunya\",\"isPartOf\":{\"@id\":\"https:\/\/conversesacatalunya.cat\/#website\"},\"primaryImageOfPage\":{\"@id\":\"https:\/\/conversesacatalunya.cat\/es\/el-gobierno-de-la-generalitat-acentua-sus-ataques-a-la-iglesia\/#primaryimage\"},\"image\":{\"@id\":\"https:\/\/conversesacatalunya.cat\/es\/el-gobierno-de-la-generalitat-acentua-sus-ataques-a-la-iglesia\/#primaryimage\"},\"thumbnailUrl\":\"https:\/\/conversesacatalunya.cat\/wp-content\/uploads\/2020\/11\/Joan-Roig-1.jpeg\",\"datePublished\":\"2020-11-10T12:49:14+00:00\",\"dateModified\":\"2020-11-10T13:11:28+00:00\",\"author\":{\"@id\":\"https:\/\/conversesacatalunya.cat\/#\/schema\/person\/7e24d1e54a2785373ddcb275eae5ed99\"},\"breadcrumb\":{\"@id\":\"https:\/\/conversesacatalunya.cat\/es\/el-gobierno-de-la-generalitat-acentua-sus-ataques-a-la-iglesia\/#breadcrumb\"},\"inLanguage\":\"es\",\"potentialAction\":[{\"@type\":\"ReadAction\",\"target\":[\"https:\/\/conversesacatalunya.cat\/es\/el-gobierno-de-la-generalitat-acentua-sus-ataques-a-la-iglesia\/\"]}]},{\"@type\":\"ImageObject\",\"inLanguage\":\"es\",\"@id\":\"https:\/\/conversesacatalunya.cat\/es\/el-gobierno-de-la-generalitat-acentua-sus-ataques-a-la-iglesia\/#primaryimage\",\"url\":\"https:\/\/conversesacatalunya.cat\/wp-content\/uploads\/2020\/11\/Joan-Roig-1.jpeg\",\"contentUrl\":\"https:\/\/conversesacatalunya.cat\/wp-content\/uploads\/2020\/11\/Joan-Roig-1.jpeg\",\"width\":1600,\"height\":1066,\"caption\":\"Esgl\u00e8sia\"},{\"@type\":\"BreadcrumbList\",\"@id\":\"https:\/\/conversesacatalunya.cat\/es\/el-gobierno-de-la-generalitat-acentua-sus-ataques-a-la-iglesia\/#breadcrumb\",\"itemListElement\":[{\"@type\":\"ListItem\",\"position\":1,\"name\":\"Inici\",\"item\":\"https:\/\/conversesacatalunya.cat\/es\/\"},{\"@type\":\"ListItem\",\"position\":2,\"name\":\"El gobierno de la Generalitat acent\u00faa sus ataques a la Iglesia\"}]},{\"@type\":\"WebSite\",\"@id\":\"https:\/\/conversesacatalunya.cat\/#website\",\"url\":\"https:\/\/conversesacatalunya.cat\/\",\"name\":\"Converses a Catalunya\",\"description\":\"\",\"potentialAction\":[{\"@type\":\"SearchAction\",\"target\":{\"@type\":\"EntryPoint\",\"urlTemplate\":\"https:\/\/conversesacatalunya.cat\/?s={search_term_string}\"},\"query-input\":{\"@type\":\"PropertyValueSpecification\",\"valueRequired\":true,\"valueName\":\"search_term_string\"}}],\"inLanguage\":\"es\"},{\"@type\":\"Person\",\"@id\":\"https:\/\/conversesacatalunya.cat\/#\/schema\/person\/7e24d1e54a2785373ddcb275eae5ed99\",\"name\":\"conversesacatalunya\",\"image\":{\"@type\":\"ImageObject\",\"inLanguage\":\"es\",\"@id\":\"https:\/\/conversesacatalunya.cat\/#\/schema\/person\/image\/\",\"url\":\"https:\/\/conversesacatalunya.cat\/wp-content\/litespeed\/avatar\/febdfeeec89d950f01c748045a981dd2.jpg?ver=1777314535\",\"contentUrl\":\"https:\/\/conversesacatalunya.cat\/wp-content\/litespeed\/avatar\/febdfeeec89d950f01c748045a981dd2.jpg?ver=1777314535\",\"caption\":\"conversesacatalunya\"},\"url\":\"https:\/\/conversesacatalunya.cat\/es\/author\/carme_catala\/\"}]}<\/script>\n<!-- \/ Yoast SEO plugin. -->","yoast_head_json":{"title":"El gobierno de la Generalitat acent\u00faa sus ataques a la Iglesia - Converses a Catalunya","robots":{"index":"index","follow":"follow","max-snippet":"max-snippet:-1","max-image-preview":"max-image-preview:large","max-video-preview":"max-video-preview:-1"},"canonical":"https:\/\/conversesacatalunya.cat\/es\/el-gobierno-de-la-generalitat-acentua-sus-ataques-a-la-iglesia\/","og_locale":"es_ES","og_type":"article","og_title":"El gobierno de la Generalitat acent\u00faa sus ataques a la Iglesia - Converses a Catalunya","og_description":"En el d\u00eda de ayer destacados responsables del gobierno catal\u00e1n continuaron descalificando la ceremonia de\u00a0beatificaci\u00f3n de Juan Roig y Diggle\u00a0.\u00a0El vicepresidente en funciones de presidente, pero sin despacho a la presidencia, encabez\u00f3 la cr\u00edtica a la que se a\u00f1adi\u00f3 de manera abundante la semidesaparecida Consejera de Salud (es un decir ), Alba Verg\u00e9s,\u00a0y la\u00a0directora general de Protecci\u00f3n Civil, Isabel Ferrer, que calific\u00f3 de \u00abescandalosa\u00bb la actuaci\u00f3n de la Iglesia, diciendo que no quer\u00eda emitir juicio dado su cargo, en declaraciones a TVE (Sant Cugat) este pasado lunes d\u00eda 9. Puede humanamente ser comprensible que personas de sectores muy afectados por la prohibici\u00f3n de la Generalitat aprovechen toda ocasi\u00f3n para clamar al cielo, como hicieron algunos actores y actrices, criticando el acto de la Sagrada Familia, pero como bien precisaba ayer en un art\u00edculo Joaquin Luna en la Vanguardia \u00ablos teatros los arruina la Generalitat, no Omella\u00a0\u00ab. Lo m\u00e1s interesante del caso es el tipo de argumento que utiliza la autoridad catalana. Por un lado asume que el acto se llev\u00f3 a cabo con todas las medidas que la Generalitat ha establecido, incluso con creces porque el 30% del aforo de la Sagrada Familia no son las poco\u00a0menos de 600\u00a0personas que hab\u00eda,\u00a0sino 900. Pero se quejan de que eran demasiadas y que eso conllevaba desplazamientos. Ahora hablan de limitar los actos religiosos a 100 personas.\u00a0La primera cuesti\u00f3n que salta a la vista es por qu\u00e9 cuando determinaron los aforos de los locales, adem\u00e1s de fijar una medida relativa, no determinaron una magnitud absoluta.\u00a0Hombre, tan dif\u00edcil de pensarlo no es!\u00a0En todo caso lo que s\u00ed demuestra es que ese nivel de reflexi\u00f3n no se da entre los que establecen nuestras normas de protecci\u00f3n, lo que sin duda nos debe inspirar temor y desconfianza. Pero es que adem\u00e1s este aspecto de las 600 personas y la relaci\u00f3n con los desplazamientos, porque no pueden decir nada de la distancia f\u00edsica, ni de la mascarilla, ni de la calidad del aire que respiraron, tambi\u00e9n lo deber\u00edan aplicar por ejemplo\u00a0en El Corte Ingl\u00e9s que recibe a lo largo del d\u00eda, tanto en Diagonal como Plaza Catalu\u00f1a, los dos centros grandes, mucho m\u00e1s que esta cifra. Y que se sepa, ni artistas, ni Generalitat han levantado la voz. O a\u00fan sorprende m\u00e1s que se hayan autorizado de forma\u00a0permanente los Encants Vells\u00a0de la plaza de las Gl\u00f2ries, que concentran muchos m\u00e1s desplazamientos, pero con una concentraci\u00f3n humana que no guarda las distancias de seguridad. O el\u00a0mercado del libro de ocasi\u00f3n del mercado de Sant Antoni de cada domingo donde sucede algo parecido, o oratorios musulmanes, en Lleida por ejemplo, que re\u00fanen a unos cientos de fieles en espacios peque\u00f1os y cerrados.\u00a0Todo esto no cuenta. Si quieren abrir expedientes para concentraciones de m\u00e1s de 100 personas, a pesar de que esto no sea legal porque no est\u00e1 prohibido hasta ahora, tenemos por d\u00f3nde empezar mucho antes que por la Sagrada Familia, porque son m\u00e1s y se producen cada d\u00eda o cada semana. El tercer hecho sorprendente es que los gobernantes catalanes\u00a0descubrieran el acto una vez celebrado\u00a0a pesar de la abundante publicidad que la archidi\u00f3cesis de Barcelona hizo durante semanas antes, el hecho de que se cursaron\u00a0invitaciones oficiales tanto al Ayuntamiento como a la Generalitat y ya para consumar la alucinaci\u00f3n, debido a que asistiera al acto que ahora estudian sancionar una representaci\u00f3n oficial de la Generalidad en la persona del\u00a0director general de Derecho y de Entidades Jur\u00eddicas, Xavier Bernad\u00ed\u00a0,\u00a0el teniente de alcalde de Barcelona para la\u00a0Seguridad, Albert Batlle, que hizo declaraciones favorables al buen desarrollo del acto, y el comisionado de Di\u00e1logo Intercultural y Pluralismo Religioso tambi\u00e9n del Ayuntamiento de Barcelona, Khalid Ghali\u00a0. Todo ello es un desorden tan grande que hace pensar que la reacci\u00f3n de la Generalitat ha sido provocada por el temor a la cr\u00edtica de un sector del mundo art\u00edstico, que hay que precisar, a pesar de ser importante no ha sido ni de lejos mayoritario, e incluso se han alzado voces que no compart\u00edan esta protesta, como la del escritor Eduardo Mendoza.\u00a0Una segunda interpretaci\u00f3n es que\u00a0el asesinato de un joven de 19 a\u00f1os por las patrullas de control de la Catalu\u00f1a de aquel tiempo en las que gobernaba ERC, se\u00f1alan un cap\u00edtulo de la memoria hist\u00f3rica, el de la persecuci\u00f3n sistem\u00e1tica contra los cat\u00f3licos buscando su exterminio literal, que no gusta a los gobernantes actuales.\u00a0Sea cual sea la raz\u00f3n, el gobierno de Catalu\u00f1a, lapidado por los problemas que nacen de la realidad, har\u00eda bien no buscando y abriendo nuevos conflictos que en definitiva nos perjudican a todos.","og_url":"https:\/\/conversesacatalunya.cat\/es\/el-gobierno-de-la-generalitat-acentua-sus-ataques-a-la-iglesia\/","og_site_name":"Converses a Catalunya","article_published_time":"2020-11-10T12:49:14+00:00","article_modified_time":"2020-11-10T13:11:28+00:00","og_image":[{"width":1600,"height":1066,"url":"https:\/\/conversesacatalunya.cat\/wp-content\/uploads\/2020\/11\/Joan-Roig-1.jpeg","type":"image\/jpeg"}],"author":"conversesacatalunya","twitter_card":"summary_large_image","twitter_misc":{"Escrito por":"conversesacatalunya","Tiempo de lectura":"4 minutos"},"schema":{"@context":"https:\/\/schema.org","@graph":[{"@type":"Article","@id":"https:\/\/conversesacatalunya.cat\/es\/el-gobierno-de-la-generalitat-acentua-sus-ataques-a-la-iglesia\/#article","isPartOf":{"@id":"https:\/\/conversesacatalunya.cat\/es\/el-gobierno-de-la-generalitat-acentua-sus-ataques-a-la-iglesia\/"},"author":{"name":"conversesacatalunya","@id":"https:\/\/conversesacatalunya.cat\/#\/schema\/person\/7e24d1e54a2785373ddcb275eae5ed99"},"headline":"El gobierno de la Generalitat acent\u00faa sus ataques a la Iglesia","datePublished":"2020-11-10T12:49:14+00:00","dateModified":"2020-11-10T13:11:28+00:00","mainEntityOfPage":{"@id":"https:\/\/conversesacatalunya.cat\/es\/el-gobierno-de-la-generalitat-acentua-sus-ataques-a-la-iglesia\/"},"wordCount":845,"commentCount":0,"image":{"@id":"https:\/\/conversesacatalunya.cat\/es\/el-gobierno-de-la-generalitat-acentua-sus-ataques-a-la-iglesia\/#primaryimage"},"thumbnailUrl":"https:\/\/conversesacatalunya.cat\/wp-content\/uploads\/2020\/11\/Joan-Roig-1.jpeg","keywords":["iglesia cat\u00f3lica"],"articleSection":["Punts clau del dia (ES)"],"inLanguage":"es","potentialAction":[{"@type":"CommentAction","name":"Comment","target":["https:\/\/conversesacatalunya.cat\/es\/el-gobierno-de-la-generalitat-acentua-sus-ataques-a-la-iglesia\/#respond"]}]},{"@type":"WebPage","@id":"https:\/\/conversesacatalunya.cat\/es\/el-gobierno-de-la-generalitat-acentua-sus-ataques-a-la-iglesia\/","url":"https:\/\/conversesacatalunya.cat\/es\/el-gobierno-de-la-generalitat-acentua-sus-ataques-a-la-iglesia\/","name":"El gobierno de la Generalitat acent\u00faa sus ataques a la Iglesia - Converses a Catalunya","isPartOf":{"@id":"https:\/\/conversesacatalunya.cat\/#website"},"primaryImageOfPage":{"@id":"https:\/\/conversesacatalunya.cat\/es\/el-gobierno-de-la-generalitat-acentua-sus-ataques-a-la-iglesia\/#primaryimage"},"image":{"@id":"https:\/\/conversesacatalunya.cat\/es\/el-gobierno-de-la-generalitat-acentua-sus-ataques-a-la-iglesia\/#primaryimage"},"thumbnailUrl":"https:\/\/conversesacatalunya.cat\/wp-content\/uploads\/2020\/11\/Joan-Roig-1.jpeg","datePublished":"2020-11-10T12:49:14+00:00","dateModified":"2020-11-10T13:11:28+00:00","author":{"@id":"https:\/\/conversesacatalunya.cat\/#\/schema\/person\/7e24d1e54a2785373ddcb275eae5ed99"},"breadcrumb":{"@id":"https:\/\/conversesacatalunya.cat\/es\/el-gobierno-de-la-generalitat-acentua-sus-ataques-a-la-iglesia\/#breadcrumb"},"inLanguage":"es","potentialAction":[{"@type":"ReadAction","target":["https:\/\/conversesacatalunya.cat\/es\/el-gobierno-de-la-generalitat-acentua-sus-ataques-a-la-iglesia\/"]}]},{"@type":"ImageObject","inLanguage":"es","@id":"https:\/\/conversesacatalunya.cat\/es\/el-gobierno-de-la-generalitat-acentua-sus-ataques-a-la-iglesia\/#primaryimage","url":"https:\/\/conversesacatalunya.cat\/wp-content\/uploads\/2020\/11\/Joan-Roig-1.jpeg","contentUrl":"https:\/\/conversesacatalunya.cat\/wp-content\/uploads\/2020\/11\/Joan-Roig-1.jpeg","width":1600,"height":1066,"caption":"Esgl\u00e8sia"},{"@type":"BreadcrumbList","@id":"https:\/\/conversesacatalunya.cat\/es\/el-gobierno-de-la-generalitat-acentua-sus-ataques-a-la-iglesia\/#breadcrumb","itemListElement":[{"@type":"ListItem","position":1,"name":"Inici","item":"https:\/\/conversesacatalunya.cat\/es\/"},{"@type":"ListItem","position":2,"name":"El gobierno de la Generalitat acent\u00faa sus ataques a la Iglesia"}]},{"@type":"WebSite","@id":"https:\/\/conversesacatalunya.cat\/#website","url":"https:\/\/conversesacatalunya.cat\/","name":"Converses a Catalunya","description":"","potentialAction":[{"@type":"SearchAction","target":{"@type":"EntryPoint","urlTemplate":"https:\/\/conversesacatalunya.cat\/?s={search_term_string}"},"query-input":{"@type":"PropertyValueSpecification","valueRequired":true,"valueName":"search_term_string"}}],"inLanguage":"es"},{"@type":"Person","@id":"https:\/\/conversesacatalunya.cat\/#\/schema\/person\/7e24d1e54a2785373ddcb275eae5ed99","name":"conversesacatalunya","image":{"@type":"ImageObject","inLanguage":"es","@id":"https:\/\/conversesacatalunya.cat\/#\/schema\/person\/image\/","url":"https:\/\/conversesacatalunya.cat\/wp-content\/litespeed\/avatar\/febdfeeec89d950f01c748045a981dd2.jpg?ver=1777314535","contentUrl":"https:\/\/conversesacatalunya.cat\/wp-content\/litespeed\/avatar\/febdfeeec89d950f01c748045a981dd2.jpg?ver=1777314535","caption":"conversesacatalunya"},"url":"https:\/\/conversesacatalunya.cat\/es\/author\/carme_catala\/"}]}},"wps_subtitle":"","_links":{"self":[{"href":"https:\/\/conversesacatalunya.cat\/es\/wp-json\/wp\/v2\/posts\/42198","targetHints":{"allow":["GET"]}}],"collection":[{"href":"https:\/\/conversesacatalunya.cat\/es\/wp-json\/wp\/v2\/posts"}],"about":[{"href":"https:\/\/conversesacatalunya.cat\/es\/wp-json\/wp\/v2\/types\/post"}],"author":[{"embeddable":true,"href":"https:\/\/conversesacatalunya.cat\/es\/wp-json\/wp\/v2\/users\/2"}],"replies":[{"embeddable":true,"href":"https:\/\/conversesacatalunya.cat\/es\/wp-json\/wp\/v2\/comments?post=42198"}],"version-history":[{"count":2,"href":"https:\/\/conversesacatalunya.cat\/es\/wp-json\/wp\/v2\/posts\/42198\/revisions"}],"predecessor-version":[{"id":42200,"href":"https:\/\/conversesacatalunya.cat\/es\/wp-json\/wp\/v2\/posts\/42198\/revisions\/42200"}],"wp:featuredmedia":[{"embeddable":true,"href":"https:\/\/conversesacatalunya.cat\/es\/wp-json\/wp\/v2\/media\/42190"}],"wp:attachment":[{"href":"https:\/\/conversesacatalunya.cat\/es\/wp-json\/wp\/v2\/media?parent=42198"}],"wp:term":[{"taxonomy":"category","embeddable":true,"href":"https:\/\/conversesacatalunya.cat\/es\/wp-json\/wp\/v2\/categories?post=42198"},{"taxonomy":"post_tag","embeddable":true,"href":"https:\/\/conversesacatalunya.cat\/es\/wp-json\/wp\/v2\/tags?post=42198"}],"curies":[{"name":"wp","href":"https:\/\/api.w.org\/{rel}","templated":true}]}}