{"id":42031,"date":"2020-11-06T08:40:15","date_gmt":"2020-11-06T07:40:15","guid":{"rendered":"https:\/\/conversesacatalunya.cat\/elusio-fiscal-espanya-rep-un-ultimatum\/"},"modified":"2020-11-06T11:03:20","modified_gmt":"2020-11-06T10:03:20","slug":"elusion-fiscal-espana-recibe-un-ultimatum","status":"publish","type":"post","link":"https:\/\/conversesacatalunya.cat\/es\/elusion-fiscal-espana-recibe-un-ultimatum\/","title":{"rendered":"Elusi\u00f3n fiscal: Espa\u00f1a recibe un ultim\u00e1tum"},"content":{"rendered":"<p><span><span class=\"\">La Comisi\u00f3n Europea ha lanzado este viernes un ultim\u00e1tum a Espa\u00f1a para que aplique a nivel nacional las normas comunitarias que\u00a0<\/span><\/span><strong><span><span class=\"\">impiden a las multinacionales reducir su carga fiscal<\/span><\/span><\/strong><span><span class=\"\"> explotando las diferencias entre los sistemas fiscales europeos y los de terceros pa\u00edses. En particular, ha amenazado con llevar a Espa\u00f1a ante la Justicia europea si no traslada a la legislaci\u00f3n nacional la directiva sobre asimetr\u00edas h\u00edbridas del impuesto de sociedades. Esta normativa busca que las multinacionales no puedan reducir \u00abartificialmente\u00bb los impuestos que deber\u00edan pagar a la UE aprovechando las diferencias entre los sistemas fiscales de los Estados miembros y terceros pa\u00edses (denominadas asimetr\u00edas h\u00edbridas).<\/span><\/span><\/p>\n<p><span>Bruselas recuerda a Espa\u00f1a que ya han pasado diez meses desde que se deber\u00eda haber transpuesto esta directiva, antes del pasado 31 de diciembre de 2019. El Ejecutivo comunitario, sin embargo, ofrece otros dos meses de pr\u00f3rroga: \u00bb si Espa\u00f1a no act\u00faa en los pr\u00f3ximos dos meses, la Comisi\u00f3n puede llevar el caso al Tribunal de Justicia y pedirle que imponga sanciones \u00abpor no haber transpuesto la normativa a su legislaci\u00f3n nacional en el momento oportuno\u00bb.<\/span><\/p>\n<p><span>En realidad, el Gobierno ya tiene en marcha el cumplimiento de las exigencias de Bruselas mediante el Proyecto de Ley de medidas de prevenci\u00f3n y lucha contra el fraude fiscal, que incluye la transposici\u00f3n de la Directiva (UE) 2016\/1164, por la que se establecen normas contra las pr\u00e1cticas de elusi\u00f3n fiscal que inciden directamente en el funcionamiento del mercado interior, y en el que se incluye tambi\u00e9n una modificaci\u00f3n de diversas normas tributarias y en materia de regulaci\u00f3n del juego.<\/span><\/p>\n<p><span>El texto fue aprobado por el Consejo de Ministros el pasado 13 de octubre y est\u00e1 ya en manos del Congreso para su tramitaci\u00f3n parlamentaria. La norma incluye otra importante bater\u00eda de medidas, como la rebaja de 2.500 a 1.000 euros en el\u00a0<\/span><strong><span>l\u00edmite de pagos en efectivo entre profesionales<\/span><\/strong><span>\u00a0, la ampliaci\u00f3n de la lista de morosos y de para\u00edsos fiscales, la lucha contra el fraude en las criptodivisas o el control de software que facilita la contabilidad B.<\/span><\/p>\n<p><span>Las normas comunitarias contra la elusi\u00f3n fiscal, adoptadas en 2016 y modificadas posteriormente, nacieron con el objetivo de impulsar los esfuerzos a escala mundial para actuar contra la ingenier\u00eda fiscal abusiva de las grandes multinacionales. Los dict\u00e1menes motivados son, por su parte, una herramienta muy com\u00fan utilizada por el Ejecutivo comunitario para presionar a los socios.<\/span><\/p>\n<p><span>La elusi\u00f3n fiscal o de impuestos consiste en acogerse a f\u00f3rmulas o vac\u00edos legales para poder pagar menos impuestos y reducir as\u00ed la carga fiscal o incluso evitar pagarlos.\u00a0Esta pr\u00e1ctica act\u00faa al l\u00edmite de la legalidad y puede ser perseguida, ya que tambi\u00e9n perjudica el sistema tributario.\u00a0A menudo se utiliza la palabra evasi\u00f3n fiscal para referirse a este tipo de pr\u00e1cticas, aunque sea diferente, ya que este \u00faltimo constituye una actividad il\u00edcita.\u00a0La evasi\u00f3n de impuestos ocurre cuando las empresas o personas f\u00edsicas ocultan ingresos, bienes o beneficios econ\u00f3micos a la agencia tributaria para pagar menos impuestos.<\/span><\/p>\n<span class='bctt-click-to-tweet'><span class='bctt-ctt-text'><a href='https:\/\/twitter.com\/intent\/tweet?url=https%3A%2F%2Fconversesacatalunya.cat%2Fes%2Felusion-fiscal-espana-recibe-un-ultimatum%2F&#038;text=Bruselas%20recuerda%20a%20Espa%C3%B1a%20que%20ya%20han%20pasado%20diez%20meses%20desde%20que%20se%20deber%C3%ADa%20haber%20transpuesto%20esta%20directiva%2C%20antes%20del%20pasado%2031%20de%20diciembre%20de%202019.%20&#038;via=conversesacat&#038;related=conversesacat' target='_blank'rel=\"noopener noreferrer\">Bruselas recuerda a Espa\u00f1a que ya han pasado diez meses desde que se deber\u00eda haber transpuesto esta directiva, antes del pasado 31 de diciembre de 2019.  <\/a><\/span><a href='https:\/\/twitter.com\/intent\/tweet?url=https%3A%2F%2Fconversesacatalunya.cat%2Fes%2Felusion-fiscal-espana-recibe-un-ultimatum%2F&#038;text=Bruselas%20recuerda%20a%20Espa%C3%B1a%20que%20ya%20han%20pasado%20diez%20meses%20desde%20que%20se%20deber%C3%ADa%20haber%20transpuesto%20esta%20directiva%2C%20antes%20del%20pasado%2031%20de%20diciembre%20de%202019.%20&#038;via=conversesacat&#038;related=conversesacat' target='_blank' class='bctt-ctt-btn'rel=\"noopener noreferrer\">Compartir en X<\/a><\/span>\n","protected":false},"excerpt":{"rendered":"<p>La Comisi\u00f3n Europea ha lanzado este viernes un ultim\u00e1tum a Espa\u00f1a para que aplique a nivel nacional las normas comunitarias que\u00a0impiden a las multinacionales reducir su carga fiscal explotando las diferencias entre los sistemas fiscales europeos y los de terceros pa\u00edses. En particular, ha amenazado con llevar a Espa\u00f1a ante la Justicia europea si no traslada a la legislaci\u00f3n nacional la directiva sobre asimetr\u00edas h\u00edbridas del impuesto de sociedades. Esta normativa busca que las multinacionales no puedan reducir \u00abartificialmente\u00bb los impuestos que deber\u00edan pagar a la UE aprovechando las diferencias entre los sistemas fiscales de los Estados miembros y terceros pa\u00edses (denominadas asimetr\u00edas h\u00edbridas). Bruselas recuerda a Espa\u00f1a que ya han pasado diez meses desde que se deber\u00eda haber transpuesto esta directiva, antes del pasado 31 de diciembre de 2019. El Ejecutivo comunitario, sin embargo, ofrece otros dos meses de pr\u00f3rroga: \u00bb si Espa\u00f1a no act\u00faa en los pr\u00f3ximos dos meses, la Comisi\u00f3n puede llevar el caso al Tribunal de Justicia y pedirle que imponga sanciones \u00abpor no haber transpuesto la normativa a su legislaci\u00f3n nacional en el momento oportuno\u00bb. En realidad, el Gobierno ya tiene en marcha el cumplimiento de las exigencias de Bruselas mediante el Proyecto de Ley de medidas de prevenci\u00f3n y lucha contra el fraude fiscal, que incluye la transposici\u00f3n de la Directiva (UE) 2016\/1164, por la que se establecen normas contra las pr\u00e1cticas de elusi\u00f3n fiscal que inciden directamente en el funcionamiento del mercado interior, y en el que se incluye tambi\u00e9n una modificaci\u00f3n de diversas normas tributarias y en materia de regulaci\u00f3n del juego. El texto fue aprobado por el Consejo de Ministros el pasado 13 de octubre y est\u00e1 ya en manos del Congreso para su tramitaci\u00f3n parlamentaria. La norma incluye otra importante bater\u00eda de medidas, como la rebaja de 2.500 a 1.000 euros en el\u00a0l\u00edmite de pagos en efectivo entre profesionales\u00a0, la ampliaci\u00f3n de la lista de morosos y de para\u00edsos fiscales, la lucha contra el fraude en las criptodivisas o el control de software que facilita la contabilidad B. Las normas comunitarias contra la elusi\u00f3n fiscal, adoptadas en 2016 y modificadas posteriormente, nacieron con el objetivo de impulsar los esfuerzos a escala mundial para actuar contra la ingenier\u00eda fiscal abusiva de las grandes multinacionales. Los dict\u00e1menes motivados son, por su parte, una herramienta muy com\u00fan utilizada por el Ejecutivo comunitario para presionar a los socios. La elusi\u00f3n fiscal o de impuestos consiste en acogerse a f\u00f3rmulas o vac\u00edos legales para poder pagar menos impuestos y reducir as\u00ed la carga fiscal o incluso evitar pagarlos.\u00a0Esta pr\u00e1ctica act\u00faa al l\u00edmite de la legalidad y puede ser perseguida, ya que tambi\u00e9n perjudica el sistema tributario.\u00a0A menudo se utiliza la palabra evasi\u00f3n fiscal para referirse a este tipo de pr\u00e1cticas, aunque sea diferente, ya que este \u00faltimo constituye una actividad il\u00edcita.\u00a0La evasi\u00f3n de impuestos ocurre cuando las empresas o personas f\u00edsicas ocultan ingresos, bienes o beneficios econ\u00f3micos a la agencia tributaria para pagar menos impuestos.<\/p>\n","protected":false},"author":20,"featured_media":41939,"comment_status":"open","ping_status":"open","sticky":false,"template":"","format":"standard","meta":{"_FSMCFIC_featured_image_caption":"","_FSMCFIC_featured_image_nocaption":"","_FSMCFIC_featured_image_hide":"","footnotes":""},"categories":[806],"tags":[1199,1334],"class_list":["post-42031","post","type-post","status-publish","format-standard","has-post-thumbnail","hentry","category-punts-claus-del-dia-es","tag-fiscalidad","tag-union-europea"],"yoast_head":"<!-- This site is optimized with the Yoast SEO plugin v26.8 - https:\/\/yoast.com\/product\/yoast-seo-wordpress\/ -->\n<title>Elusi\u00f3n fiscal: Espa\u00f1a recibe un ultim\u00e1tum - Converses a Catalunya<\/title>\n<meta name=\"description\" content=\"Bruselas recuerda a Espa\u00f1a que ya han pasado diez meses desde que se deber\u00eda haber transpuesto esta directiva, antes del pasado 31 de diciembre de 2019.\" \/>\n<meta name=\"robots\" content=\"index, follow, max-snippet:-1, max-image-preview:large, max-video-preview:-1\" \/>\n<link rel=\"canonical\" href=\"https:\/\/conversesacatalunya.cat\/es\/elusion-fiscal-espana-recibe-un-ultimatum\/\" \/>\n<meta property=\"og:locale\" content=\"es_ES\" \/>\n<meta property=\"og:type\" content=\"article\" \/>\n<meta property=\"og:title\" content=\"Elusi\u00f3n fiscal: Espa\u00f1a recibe un ultim\u00e1tum - Converses a Catalunya\" \/>\n<meta property=\"og:description\" content=\"Bruselas recuerda a Espa\u00f1a que ya han pasado diez meses desde que se deber\u00eda haber transpuesto esta directiva, antes del pasado 31 de diciembre de 2019.\" \/>\n<meta property=\"og:url\" content=\"https:\/\/conversesacatalunya.cat\/es\/elusion-fiscal-espana-recibe-un-ultimatum\/\" \/>\n<meta property=\"og:site_name\" content=\"Converses a Catalunya\" \/>\n<meta property=\"article:published_time\" content=\"2020-11-06T07:40:15+00:00\" \/>\n<meta property=\"article:modified_time\" content=\"2020-11-06T10:03:20+00:00\" \/>\n<meta property=\"og:image\" content=\"https:\/\/conversesacatalunya.cat\/wp-content\/uploads\/2020\/11\/Capture-1.png\" \/>\n\t<meta property=\"og:image:width\" content=\"1111\" \/>\n\t<meta property=\"og:image:height\" content=\"735\" \/>\n\t<meta property=\"og:image:type\" content=\"image\/png\" \/>\n<meta name=\"author\" content=\"conversesacatalunya\" \/>\n<meta name=\"twitter:card\" content=\"summary_large_image\" \/>\n<meta name=\"twitter:label1\" content=\"Escrito por\" \/>\n\t<meta name=\"twitter:data1\" content=\"conversesacatalunya\" \/>\n\t<meta name=\"twitter:label2\" content=\"Tiempo de lectura\" \/>\n\t<meta name=\"twitter:data2\" content=\"3 minutos\" \/>\n<script type=\"application\/ld+json\" class=\"yoast-schema-graph\">{\"@context\":\"https:\/\/schema.org\",\"@graph\":[{\"@type\":\"Article\",\"@id\":\"https:\/\/conversesacatalunya.cat\/es\/elusion-fiscal-espana-recibe-un-ultimatum\/#article\",\"isPartOf\":{\"@id\":\"https:\/\/conversesacatalunya.cat\/es\/elusion-fiscal-espana-recibe-un-ultimatum\/\"},\"author\":{\"name\":\"conversesacatalunya\",\"@id\":\"https:\/\/conversesacatalunya.cat\/#\/schema\/person\/a7a9496a363cd9847daf7cd659d92e64\"},\"headline\":\"Elusi\u00f3n fiscal: Espa\u00f1a recibe un ultim\u00e1tum\",\"datePublished\":\"2020-11-06T07:40:15+00:00\",\"dateModified\":\"2020-11-06T10:03:20+00:00\",\"mainEntityOfPage\":{\"@id\":\"https:\/\/conversesacatalunya.cat\/es\/elusion-fiscal-espana-recibe-un-ultimatum\/\"},\"wordCount\":575,\"commentCount\":0,\"image\":{\"@id\":\"https:\/\/conversesacatalunya.cat\/es\/elusion-fiscal-espana-recibe-un-ultimatum\/#primaryimage\"},\"thumbnailUrl\":\"https:\/\/conversesacatalunya.cat\/wp-content\/uploads\/2020\/11\/Capture-1.png\",\"keywords\":[\"Fiscalidad\",\"Uni\u00f3n Europea\"],\"articleSection\":[\"Punts clau del dia (ES)\"],\"inLanguage\":\"es\",\"potentialAction\":[{\"@type\":\"CommentAction\",\"name\":\"Comment\",\"target\":[\"https:\/\/conversesacatalunya.cat\/es\/elusion-fiscal-espana-recibe-un-ultimatum\/#respond\"]}]},{\"@type\":\"WebPage\",\"@id\":\"https:\/\/conversesacatalunya.cat\/es\/elusion-fiscal-espana-recibe-un-ultimatum\/\",\"url\":\"https:\/\/conversesacatalunya.cat\/es\/elusion-fiscal-espana-recibe-un-ultimatum\/\",\"name\":\"Elusi\u00f3n fiscal: Espa\u00f1a recibe un ultim\u00e1tum - Converses a Catalunya\",\"isPartOf\":{\"@id\":\"https:\/\/conversesacatalunya.cat\/#website\"},\"primaryImageOfPage\":{\"@id\":\"https:\/\/conversesacatalunya.cat\/es\/elusion-fiscal-espana-recibe-un-ultimatum\/#primaryimage\"},\"image\":{\"@id\":\"https:\/\/conversesacatalunya.cat\/es\/elusion-fiscal-espana-recibe-un-ultimatum\/#primaryimage\"},\"thumbnailUrl\":\"https:\/\/conversesacatalunya.cat\/wp-content\/uploads\/2020\/11\/Capture-1.png\",\"datePublished\":\"2020-11-06T07:40:15+00:00\",\"dateModified\":\"2020-11-06T10:03:20+00:00\",\"author\":{\"@id\":\"https:\/\/conversesacatalunya.cat\/#\/schema\/person\/a7a9496a363cd9847daf7cd659d92e64\"},\"description\":\"Bruselas recuerda a Espa\u00f1a que ya han pasado diez meses desde que se deber\u00eda haber transpuesto esta directiva, antes del pasado 31 de diciembre de 2019.\",\"breadcrumb\":{\"@id\":\"https:\/\/conversesacatalunya.cat\/es\/elusion-fiscal-espana-recibe-un-ultimatum\/#breadcrumb\"},\"inLanguage\":\"es\",\"potentialAction\":[{\"@type\":\"ReadAction\",\"target\":[\"https:\/\/conversesacatalunya.cat\/es\/elusion-fiscal-espana-recibe-un-ultimatum\/\"]}]},{\"@type\":\"ImageObject\",\"inLanguage\":\"es\",\"@id\":\"https:\/\/conversesacatalunya.cat\/es\/elusion-fiscal-espana-recibe-un-ultimatum\/#primaryimage\",\"url\":\"https:\/\/conversesacatalunya.cat\/wp-content\/uploads\/2020\/11\/Capture-1.png\",\"contentUrl\":\"https:\/\/conversesacatalunya.cat\/wp-content\/uploads\/2020\/11\/Capture-1.png\",\"width\":1111,\"height\":735,\"caption\":\"fiscal\"},{\"@type\":\"BreadcrumbList\",\"@id\":\"https:\/\/conversesacatalunya.cat\/es\/elusion-fiscal-espana-recibe-un-ultimatum\/#breadcrumb\",\"itemListElement\":[{\"@type\":\"ListItem\",\"position\":1,\"name\":\"Inici\",\"item\":\"https:\/\/conversesacatalunya.cat\/es\/\"},{\"@type\":\"ListItem\",\"position\":2,\"name\":\"Elusi\u00f3n fiscal: Espa\u00f1a recibe un ultim\u00e1tum\"}]},{\"@type\":\"WebSite\",\"@id\":\"https:\/\/conversesacatalunya.cat\/#website\",\"url\":\"https:\/\/conversesacatalunya.cat\/\",\"name\":\"Converses a Catalunya\",\"description\":\"\",\"potentialAction\":[{\"@type\":\"SearchAction\",\"target\":{\"@type\":\"EntryPoint\",\"urlTemplate\":\"https:\/\/conversesacatalunya.cat\/?s={search_term_string}\"},\"query-input\":{\"@type\":\"PropertyValueSpecification\",\"valueRequired\":true,\"valueName\":\"search_term_string\"}}],\"inLanguage\":\"es\"},{\"@type\":\"Person\",\"@id\":\"https:\/\/conversesacatalunya.cat\/#\/schema\/person\/a7a9496a363cd9847daf7cd659d92e64\",\"name\":\"conversesacatalunya\",\"image\":{\"@type\":\"ImageObject\",\"inLanguage\":\"es\",\"@id\":\"https:\/\/conversesacatalunya.cat\/#\/schema\/person\/image\/\",\"url\":\"https:\/\/conversesacatalunya.cat\/wp-content\/litespeed\/avatar\/ff91582b44ff9c880dc9c5ac2f5c7e89.jpg?ver=1777372947\",\"contentUrl\":\"https:\/\/conversesacatalunya.cat\/wp-content\/litespeed\/avatar\/ff91582b44ff9c880dc9c5ac2f5c7e89.jpg?ver=1777372947\",\"caption\":\"conversesacatalunya\"},\"url\":\"https:\/\/conversesacatalunya.cat\/es\/author\/francisco_garcia\/\"}]}<\/script>\n<!-- \/ Yoast SEO plugin. -->","yoast_head_json":{"title":"Elusi\u00f3n fiscal: Espa\u00f1a recibe un ultim\u00e1tum - Converses a Catalunya","description":"Bruselas recuerda a Espa\u00f1a que ya han pasado diez meses desde que se deber\u00eda haber transpuesto esta directiva, antes del pasado 31 de diciembre de 2019.","robots":{"index":"index","follow":"follow","max-snippet":"max-snippet:-1","max-image-preview":"max-image-preview:large","max-video-preview":"max-video-preview:-1"},"canonical":"https:\/\/conversesacatalunya.cat\/es\/elusion-fiscal-espana-recibe-un-ultimatum\/","og_locale":"es_ES","og_type":"article","og_title":"Elusi\u00f3n fiscal: Espa\u00f1a recibe un ultim\u00e1tum - Converses a Catalunya","og_description":"Bruselas recuerda a Espa\u00f1a que ya han pasado diez meses desde que se deber\u00eda haber transpuesto esta directiva, antes del pasado 31 de diciembre de 2019.","og_url":"https:\/\/conversesacatalunya.cat\/es\/elusion-fiscal-espana-recibe-un-ultimatum\/","og_site_name":"Converses a Catalunya","article_published_time":"2020-11-06T07:40:15+00:00","article_modified_time":"2020-11-06T10:03:20+00:00","og_image":[{"width":1111,"height":735,"url":"https:\/\/conversesacatalunya.cat\/wp-content\/uploads\/2020\/11\/Capture-1.png","type":"image\/png"}],"author":"conversesacatalunya","twitter_card":"summary_large_image","twitter_misc":{"Escrito por":"conversesacatalunya","Tiempo de lectura":"3 minutos"},"schema":{"@context":"https:\/\/schema.org","@graph":[{"@type":"Article","@id":"https:\/\/conversesacatalunya.cat\/es\/elusion-fiscal-espana-recibe-un-ultimatum\/#article","isPartOf":{"@id":"https:\/\/conversesacatalunya.cat\/es\/elusion-fiscal-espana-recibe-un-ultimatum\/"},"author":{"name":"conversesacatalunya","@id":"https:\/\/conversesacatalunya.cat\/#\/schema\/person\/a7a9496a363cd9847daf7cd659d92e64"},"headline":"Elusi\u00f3n fiscal: Espa\u00f1a recibe un ultim\u00e1tum","datePublished":"2020-11-06T07:40:15+00:00","dateModified":"2020-11-06T10:03:20+00:00","mainEntityOfPage":{"@id":"https:\/\/conversesacatalunya.cat\/es\/elusion-fiscal-espana-recibe-un-ultimatum\/"},"wordCount":575,"commentCount":0,"image":{"@id":"https:\/\/conversesacatalunya.cat\/es\/elusion-fiscal-espana-recibe-un-ultimatum\/#primaryimage"},"thumbnailUrl":"https:\/\/conversesacatalunya.cat\/wp-content\/uploads\/2020\/11\/Capture-1.png","keywords":["Fiscalidad","Uni\u00f3n Europea"],"articleSection":["Punts clau del dia (ES)"],"inLanguage":"es","potentialAction":[{"@type":"CommentAction","name":"Comment","target":["https:\/\/conversesacatalunya.cat\/es\/elusion-fiscal-espana-recibe-un-ultimatum\/#respond"]}]},{"@type":"WebPage","@id":"https:\/\/conversesacatalunya.cat\/es\/elusion-fiscal-espana-recibe-un-ultimatum\/","url":"https:\/\/conversesacatalunya.cat\/es\/elusion-fiscal-espana-recibe-un-ultimatum\/","name":"Elusi\u00f3n fiscal: Espa\u00f1a recibe un ultim\u00e1tum - Converses a Catalunya","isPartOf":{"@id":"https:\/\/conversesacatalunya.cat\/#website"},"primaryImageOfPage":{"@id":"https:\/\/conversesacatalunya.cat\/es\/elusion-fiscal-espana-recibe-un-ultimatum\/#primaryimage"},"image":{"@id":"https:\/\/conversesacatalunya.cat\/es\/elusion-fiscal-espana-recibe-un-ultimatum\/#primaryimage"},"thumbnailUrl":"https:\/\/conversesacatalunya.cat\/wp-content\/uploads\/2020\/11\/Capture-1.png","datePublished":"2020-11-06T07:40:15+00:00","dateModified":"2020-11-06T10:03:20+00:00","author":{"@id":"https:\/\/conversesacatalunya.cat\/#\/schema\/person\/a7a9496a363cd9847daf7cd659d92e64"},"description":"Bruselas recuerda a Espa\u00f1a que ya han pasado diez meses desde que se deber\u00eda haber transpuesto esta directiva, antes del pasado 31 de diciembre de 2019.","breadcrumb":{"@id":"https:\/\/conversesacatalunya.cat\/es\/elusion-fiscal-espana-recibe-un-ultimatum\/#breadcrumb"},"inLanguage":"es","potentialAction":[{"@type":"ReadAction","target":["https:\/\/conversesacatalunya.cat\/es\/elusion-fiscal-espana-recibe-un-ultimatum\/"]}]},{"@type":"ImageObject","inLanguage":"es","@id":"https:\/\/conversesacatalunya.cat\/es\/elusion-fiscal-espana-recibe-un-ultimatum\/#primaryimage","url":"https:\/\/conversesacatalunya.cat\/wp-content\/uploads\/2020\/11\/Capture-1.png","contentUrl":"https:\/\/conversesacatalunya.cat\/wp-content\/uploads\/2020\/11\/Capture-1.png","width":1111,"height":735,"caption":"fiscal"},{"@type":"BreadcrumbList","@id":"https:\/\/conversesacatalunya.cat\/es\/elusion-fiscal-espana-recibe-un-ultimatum\/#breadcrumb","itemListElement":[{"@type":"ListItem","position":1,"name":"Inici","item":"https:\/\/conversesacatalunya.cat\/es\/"},{"@type":"ListItem","position":2,"name":"Elusi\u00f3n fiscal: Espa\u00f1a recibe un ultim\u00e1tum"}]},{"@type":"WebSite","@id":"https:\/\/conversesacatalunya.cat\/#website","url":"https:\/\/conversesacatalunya.cat\/","name":"Converses a Catalunya","description":"","potentialAction":[{"@type":"SearchAction","target":{"@type":"EntryPoint","urlTemplate":"https:\/\/conversesacatalunya.cat\/?s={search_term_string}"},"query-input":{"@type":"PropertyValueSpecification","valueRequired":true,"valueName":"search_term_string"}}],"inLanguage":"es"},{"@type":"Person","@id":"https:\/\/conversesacatalunya.cat\/#\/schema\/person\/a7a9496a363cd9847daf7cd659d92e64","name":"conversesacatalunya","image":{"@type":"ImageObject","inLanguage":"es","@id":"https:\/\/conversesacatalunya.cat\/#\/schema\/person\/image\/","url":"https:\/\/conversesacatalunya.cat\/wp-content\/litespeed\/avatar\/ff91582b44ff9c880dc9c5ac2f5c7e89.jpg?ver=1777372947","contentUrl":"https:\/\/conversesacatalunya.cat\/wp-content\/litespeed\/avatar\/ff91582b44ff9c880dc9c5ac2f5c7e89.jpg?ver=1777372947","caption":"conversesacatalunya"},"url":"https:\/\/conversesacatalunya.cat\/es\/author\/francisco_garcia\/"}]}},"wps_subtitle":"Espa\u00f1a ha recibido un ultim\u00e1tum de la Comisi\u00f3n Europea para que aplique a escala nacional las normas comunitarias que impiden a las multinacionales reducir su carga tributaria explotando las diferencias entre los sistemas fiscales europeos y los de terceros pa\u00edses","_links":{"self":[{"href":"https:\/\/conversesacatalunya.cat\/es\/wp-json\/wp\/v2\/posts\/42031","targetHints":{"allow":["GET"]}}],"collection":[{"href":"https:\/\/conversesacatalunya.cat\/es\/wp-json\/wp\/v2\/posts"}],"about":[{"href":"https:\/\/conversesacatalunya.cat\/es\/wp-json\/wp\/v2\/types\/post"}],"author":[{"embeddable":true,"href":"https:\/\/conversesacatalunya.cat\/es\/wp-json\/wp\/v2\/users\/20"}],"replies":[{"embeddable":true,"href":"https:\/\/conversesacatalunya.cat\/es\/wp-json\/wp\/v2\/comments?post=42031"}],"version-history":[{"count":2,"href":"https:\/\/conversesacatalunya.cat\/es\/wp-json\/wp\/v2\/posts\/42031\/revisions"}],"predecessor-version":[{"id":42033,"href":"https:\/\/conversesacatalunya.cat\/es\/wp-json\/wp\/v2\/posts\/42031\/revisions\/42033"}],"wp:featuredmedia":[{"embeddable":true,"href":"https:\/\/conversesacatalunya.cat\/es\/wp-json\/wp\/v2\/media\/41939"}],"wp:attachment":[{"href":"https:\/\/conversesacatalunya.cat\/es\/wp-json\/wp\/v2\/media?parent=42031"}],"wp:term":[{"taxonomy":"category","embeddable":true,"href":"https:\/\/conversesacatalunya.cat\/es\/wp-json\/wp\/v2\/categories?post=42031"},{"taxonomy":"post_tag","embeddable":true,"href":"https:\/\/conversesacatalunya.cat\/es\/wp-json\/wp\/v2\/tags?post=42031"}],"curies":[{"name":"wp","href":"https:\/\/api.w.org\/{rel}","templated":true}]}}