{"id":42005,"date":"2020-11-05T12:24:42","date_gmt":"2020-11-05T11:24:42","guid":{"rendered":"https:\/\/conversesacatalunya.cat\/colau-pessebre-a-la-placa-de-sant-jaume\/"},"modified":"2020-11-05T13:39:35","modified_gmt":"2020-11-05T12:39:35","slug":"colau-liquida-la-tradicion-del-pesebre-en-la-plaza-de-sant-jaume","status":"publish","type":"post","link":"https:\/\/conversesacatalunya.cat\/es\/colau-liquida-la-tradicion-del-pesebre-en-la-plaza-de-sant-jaume\/","title":{"rendered":"Colau liquida la tradici\u00f3n del pesebre en la Pla\u00e7a de Sant Jaume"},"content":{"rendered":"<p>Mantenido a capa y espada, con independencia de reg\u00edmenes y gobiernos municipales, finalmente ha tenido que ser Ada Colau quien\u00a0<strong>liquide la muy larga tradici\u00f3n de llevar a cabo el pesebre en la Pla\u00e7a de Sant Jaume<\/strong>.\u00a0Hay que decir que con la nueva alcaldesa esta celebraci\u00f3n tan barcelonesa de la Navidad hab\u00eda quedado ya maltrecha por el tipo de pesebres que se organizaban con la excusa de la \u00abcreatividad art\u00edstica\u00bb.\u00a0Pero hasta ahora, al menos el gesto lo hab\u00eda mantenido.<\/p>\n<p>Ahora, con la excusa de la Covid-19, no habr\u00e1 pesebre. Lo ha comunicado el concejal de cultura, <strong>Joan Subirats<\/strong>. La excusa es no provocar aglomeraciones, pero es de mal pagador porque no hay que tener una capacidad imaginativa extraordinaria para poder organizarlo con suficientes garant\u00edas de seguridad. La liquidaci\u00f3n del pesebre es\u00a0<strong>la puntilla<\/strong>\u00a0a la depauperada situaci\u00f3n que vive el\u00a0<strong>casco antiguo de la ciudad<\/strong> con el cierre de tiendas y actividades casi generalizado. Por esta raz\u00f3n, parece una fina iron\u00eda hablar de aglomeraciones en la Pla\u00e7a de Sant Jaume. En todo caso, poco o mucho, <strong>el pesebre habr\u00eda representado un foco de atracci\u00f3n<\/strong> que podr\u00eda animar un poco el comercio del barrio. Ahora, no tendr\u00e1n ni eso.<\/p>\n<p>De este modo Colau contin\u00faa en su l\u00ednea de fobia a todo lo que significan elementos cristianos.\u00a0<span class=\"\">Primero dej\u00f3 de presidir la comitiva, de tradici\u00f3n a\u00fan m\u00e1s larga, que con motivo de las fiestas de la Virgen de la Merc\u00e8 iba del Ayuntamiento a la Bas\u00edlica. <\/span>Despu\u00e9s ha tenido numerosos incidentes con la comunidad cat\u00f3lica por una serie de actos realizados en la sede municipal que han resultado ofensivos para los miembros de esta confesi\u00f3n, como el esc\u00e1ndalo con motivo de la recitaci\u00f3n del <strong><a href=\"https:\/\/www.forumlibertas.com\/hemeroteca\/colau-defiende-el-poema-blasfemo-que-ha-indignado-a-los-cristianos-y-los-acusa-de-patriarcales\/\" target=\"_blank\" rel=\"noopener noreferrer\">poema Madrenuestra<\/a>, una parodia del Padrenuestro<\/strong><strong>,<\/strong> en el acto de entrega de premios de la ciudad.\u00a0Tambi\u00e9n por su facilidad en otorgar\u00a0<a href=\"https:\/\/conversesacatalunya.cat\/es\/colau-otorga-subvenciones-a-las-mezquitas-y-se-las-niega-a-una-parroquia-catolica\/\" target=\"_blank\" rel=\"noopener noreferrer\">ayudas a la comunidad isl\u00e1mica<\/a> y neg\u00e1rselas a las parroquias, y por felicitar al Islam en sus fiestas tradicionales y no hacerlo nunca a los cristianos.<\/p>\n<p>En fin &#8230; la lista de hechos que revelan una mentalidad profundamente anticristiana por parte de Ada Colau son p\u00fablicos y notorios y servir\u00edan para escribir un libro que ahora y de momento se queda completado con la cancelaci\u00f3n del pesebre de la Pla\u00e7a de Sant Jaume .<\/p>\n","protected":false},"excerpt":{"rendered":"<p>Mantenido a capa y espada, con independencia de reg\u00edmenes y gobiernos municipales, finalmente ha tenido que ser Ada Colau quien\u00a0liquide la muy larga tradici\u00f3n de llevar a cabo el pesebre en la Pla\u00e7a de Sant Jaume.\u00a0Hay que decir que con la nueva alcaldesa esta celebraci\u00f3n tan barcelonesa de la Navidad hab\u00eda quedado ya maltrecha por el tipo de pesebres que se organizaban con la excusa de la \u00abcreatividad art\u00edstica\u00bb.\u00a0Pero hasta ahora, al menos el gesto lo hab\u00eda mantenido. Ahora, con la excusa de la Covid-19, no habr\u00e1 pesebre. Lo ha comunicado el concejal de cultura, Joan Subirats. La excusa es no provocar aglomeraciones, pero es de mal pagador porque no hay que tener una capacidad imaginativa extraordinaria para poder organizarlo con suficientes garant\u00edas de seguridad. La liquidaci\u00f3n del pesebre es\u00a0la puntilla\u00a0a la depauperada situaci\u00f3n que vive el\u00a0casco antiguo de la ciudad con el cierre de tiendas y actividades casi generalizado. Por esta raz\u00f3n, parece una fina iron\u00eda hablar de aglomeraciones en la Pla\u00e7a de Sant Jaume. En todo caso, poco o mucho, el pesebre habr\u00eda representado un foco de atracci\u00f3n que podr\u00eda animar un poco el comercio del barrio. Ahora, no tendr\u00e1n ni eso. De este modo Colau contin\u00faa en su l\u00ednea de fobia a todo lo que significan elementos cristianos.\u00a0Primero dej\u00f3 de presidir la comitiva, de tradici\u00f3n a\u00fan m\u00e1s larga, que con motivo de las fiestas de la Virgen de la Merc\u00e8 iba del Ayuntamiento a la Bas\u00edlica. Despu\u00e9s ha tenido numerosos incidentes con la comunidad cat\u00f3lica por una serie de actos realizados en la sede municipal que han resultado ofensivos para los miembros de esta confesi\u00f3n, como el esc\u00e1ndalo con motivo de la recitaci\u00f3n del poema Madrenuestra, una parodia del Padrenuestro, en el acto de entrega de premios de la ciudad.\u00a0Tambi\u00e9n por su facilidad en otorgar\u00a0ayudas a la comunidad isl\u00e1mica y neg\u00e1rselas a las parroquias, y por felicitar al Islam en sus fiestas tradicionales y no hacerlo nunca a los cristianos. En fin &#8230; la lista de hechos que revelan una mentalidad profundamente anticristiana por parte de Ada Colau son p\u00fablicos y notorios y servir\u00edan para escribir un libro que ahora y de momento se queda completado con la cancelaci\u00f3n del pesebre de la Pla\u00e7a de Sant Jaume .<\/p>\n","protected":false},"author":2,"featured_media":42002,"comment_status":"open","ping_status":"open","sticky":false,"template":"","format":"standard","meta":{"_FSMCFIC_featured_image_caption":"","_FSMCFIC_featured_image_nocaption":"","_FSMCFIC_featured_image_hide":"","footnotes":""},"categories":[3787,806],"tags":[833,3194,1044],"class_list":["post-42005","post","type-post","status-publish","format-standard","has-post-thumbnail","hentry","category-expedient-barcelona-es","category-punts-claus-del-dia-es","tag-ada-colau-es","tag-pesebre","tag-pessebre-es"],"yoast_head":"<!-- This site is optimized with the Yoast SEO plugin v26.8 - https:\/\/yoast.com\/product\/yoast-seo-wordpress\/ -->\n<title>Colau liquida la tradici\u00f3n del pesebre en la Pla\u00e7a de Sant Jaume - Converses a Catalunya<\/title>\n<meta name=\"description\" content=\"Ada Colau finalmente, liquida la muy larga tradici\u00f3n de instalar el pessebre en la Pla\u00e7a de Sant Jaume, con la excusa de la covid-19\" \/>\n<meta name=\"robots\" content=\"index, follow, max-snippet:-1, max-image-preview:large, max-video-preview:-1\" \/>\n<link rel=\"canonical\" href=\"https:\/\/conversesacatalunya.cat\/es\/colau-liquida-la-tradicion-del-pesebre-en-la-plaza-de-sant-jaume\/\" \/>\n<meta property=\"og:locale\" content=\"es_ES\" \/>\n<meta property=\"og:type\" content=\"article\" \/>\n<meta property=\"og:title\" content=\"Colau liquida la tradici\u00f3n del pesebre en la Pla\u00e7a de Sant Jaume - Converses a Catalunya\" \/>\n<meta property=\"og:description\" content=\"Ada Colau finalmente, liquida la muy larga tradici\u00f3n de instalar el pessebre en la Pla\u00e7a de Sant Jaume, con la excusa de la covid-19\" \/>\n<meta property=\"og:url\" content=\"https:\/\/conversesacatalunya.cat\/es\/colau-liquida-la-tradicion-del-pesebre-en-la-plaza-de-sant-jaume\/\" \/>\n<meta property=\"og:site_name\" content=\"Converses a Catalunya\" \/>\n<meta property=\"article:published_time\" content=\"2020-11-05T11:24:42+00:00\" \/>\n<meta property=\"article:modified_time\" content=\"2020-11-05T12:39:35+00:00\" \/>\n<meta property=\"og:image\" content=\"https:\/\/conversesacatalunya.cat\/wp-content\/uploads\/2020\/11\/pessebre-sant-jaume.jpg\" \/>\n\t<meta property=\"og:image:width\" content=\"651\" \/>\n\t<meta property=\"og:image:height\" content=\"366\" \/>\n\t<meta property=\"og:image:type\" content=\"image\/jpeg\" \/>\n<meta name=\"author\" content=\"conversesacatalunya\" \/>\n<meta name=\"twitter:card\" content=\"summary_large_image\" \/>\n<meta name=\"twitter:label1\" content=\"Escrito por\" \/>\n\t<meta name=\"twitter:data1\" content=\"conversesacatalunya\" \/>\n\t<meta name=\"twitter:label2\" content=\"Tiempo de lectura\" \/>\n\t<meta name=\"twitter:data2\" content=\"2 minutos\" \/>\n<script type=\"application\/ld+json\" class=\"yoast-schema-graph\">{\"@context\":\"https:\/\/schema.org\",\"@graph\":[{\"@type\":\"Article\",\"@id\":\"https:\/\/conversesacatalunya.cat\/es\/colau-liquida-la-tradicion-del-pesebre-en-la-plaza-de-sant-jaume\/#article\",\"isPartOf\":{\"@id\":\"https:\/\/conversesacatalunya.cat\/es\/colau-liquida-la-tradicion-del-pesebre-en-la-plaza-de-sant-jaume\/\"},\"author\":{\"name\":\"conversesacatalunya\",\"@id\":\"https:\/\/conversesacatalunya.cat\/#\/schema\/person\/7e24d1e54a2785373ddcb275eae5ed99\"},\"headline\":\"Colau liquida la tradici\u00f3n del pesebre en la Pla\u00e7a de Sant Jaume\",\"datePublished\":\"2020-11-05T11:24:42+00:00\",\"dateModified\":\"2020-11-05T12:39:35+00:00\",\"mainEntityOfPage\":{\"@id\":\"https:\/\/conversesacatalunya.cat\/es\/colau-liquida-la-tradicion-del-pesebre-en-la-plaza-de-sant-jaume\/\"},\"wordCount\":427,\"commentCount\":1,\"image\":{\"@id\":\"https:\/\/conversesacatalunya.cat\/es\/colau-liquida-la-tradicion-del-pesebre-en-la-plaza-de-sant-jaume\/#primaryimage\"},\"thumbnailUrl\":\"https:\/\/conversesacatalunya.cat\/wp-content\/uploads\/2020\/11\/pessebre-sant-jaume.jpg\",\"keywords\":[\"Ada Colau\",\"Pesebre\",\"pessebre\"],\"articleSection\":[\"Expedient Barcelona (ES)\",\"Punts clau del dia (ES)\"],\"inLanguage\":\"es\",\"potentialAction\":[{\"@type\":\"CommentAction\",\"name\":\"Comment\",\"target\":[\"https:\/\/conversesacatalunya.cat\/es\/colau-liquida-la-tradicion-del-pesebre-en-la-plaza-de-sant-jaume\/#respond\"]}]},{\"@type\":\"WebPage\",\"@id\":\"https:\/\/conversesacatalunya.cat\/es\/colau-liquida-la-tradicion-del-pesebre-en-la-plaza-de-sant-jaume\/\",\"url\":\"https:\/\/conversesacatalunya.cat\/es\/colau-liquida-la-tradicion-del-pesebre-en-la-plaza-de-sant-jaume\/\",\"name\":\"Colau liquida la tradici\u00f3n del pesebre en la Pla\u00e7a de Sant Jaume - Converses a Catalunya\",\"isPartOf\":{\"@id\":\"https:\/\/conversesacatalunya.cat\/#website\"},\"primaryImageOfPage\":{\"@id\":\"https:\/\/conversesacatalunya.cat\/es\/colau-liquida-la-tradicion-del-pesebre-en-la-plaza-de-sant-jaume\/#primaryimage\"},\"image\":{\"@id\":\"https:\/\/conversesacatalunya.cat\/es\/colau-liquida-la-tradicion-del-pesebre-en-la-plaza-de-sant-jaume\/#primaryimage\"},\"thumbnailUrl\":\"https:\/\/conversesacatalunya.cat\/wp-content\/uploads\/2020\/11\/pessebre-sant-jaume.jpg\",\"datePublished\":\"2020-11-05T11:24:42+00:00\",\"dateModified\":\"2020-11-05T12:39:35+00:00\",\"author\":{\"@id\":\"https:\/\/conversesacatalunya.cat\/#\/schema\/person\/7e24d1e54a2785373ddcb275eae5ed99\"},\"description\":\"Ada Colau finalmente, liquida la muy larga tradici\u00f3n de instalar el pessebre en la Pla\u00e7a de Sant Jaume, con la excusa de la covid-19\",\"breadcrumb\":{\"@id\":\"https:\/\/conversesacatalunya.cat\/es\/colau-liquida-la-tradicion-del-pesebre-en-la-plaza-de-sant-jaume\/#breadcrumb\"},\"inLanguage\":\"es\",\"potentialAction\":[{\"@type\":\"ReadAction\",\"target\":[\"https:\/\/conversesacatalunya.cat\/es\/colau-liquida-la-tradicion-del-pesebre-en-la-plaza-de-sant-jaume\/\"]}]},{\"@type\":\"ImageObject\",\"inLanguage\":\"es\",\"@id\":\"https:\/\/conversesacatalunya.cat\/es\/colau-liquida-la-tradicion-del-pesebre-en-la-plaza-de-sant-jaume\/#primaryimage\",\"url\":\"https:\/\/conversesacatalunya.cat\/wp-content\/uploads\/2020\/11\/pessebre-sant-jaume.jpg\",\"contentUrl\":\"https:\/\/conversesacatalunya.cat\/wp-content\/uploads\/2020\/11\/pessebre-sant-jaume.jpg\",\"width\":651,\"height\":366,\"caption\":\"pessebre a la pla\u00e7a sant jaume\"},{\"@type\":\"BreadcrumbList\",\"@id\":\"https:\/\/conversesacatalunya.cat\/es\/colau-liquida-la-tradicion-del-pesebre-en-la-plaza-de-sant-jaume\/#breadcrumb\",\"itemListElement\":[{\"@type\":\"ListItem\",\"position\":1,\"name\":\"Inici\",\"item\":\"https:\/\/conversesacatalunya.cat\/es\/\"},{\"@type\":\"ListItem\",\"position\":2,\"name\":\"Colau liquida la tradici\u00f3n del pesebre en la Pla\u00e7a de Sant Jaume\"}]},{\"@type\":\"WebSite\",\"@id\":\"https:\/\/conversesacatalunya.cat\/#website\",\"url\":\"https:\/\/conversesacatalunya.cat\/\",\"name\":\"Converses a Catalunya\",\"description\":\"\",\"potentialAction\":[{\"@type\":\"SearchAction\",\"target\":{\"@type\":\"EntryPoint\",\"urlTemplate\":\"https:\/\/conversesacatalunya.cat\/?s={search_term_string}\"},\"query-input\":{\"@type\":\"PropertyValueSpecification\",\"valueRequired\":true,\"valueName\":\"search_term_string\"}}],\"inLanguage\":\"es\"},{\"@type\":\"Person\",\"@id\":\"https:\/\/conversesacatalunya.cat\/#\/schema\/person\/7e24d1e54a2785373ddcb275eae5ed99\",\"name\":\"conversesacatalunya\",\"image\":{\"@type\":\"ImageObject\",\"inLanguage\":\"es\",\"@id\":\"https:\/\/conversesacatalunya.cat\/#\/schema\/person\/image\/\",\"url\":\"https:\/\/conversesacatalunya.cat\/wp-content\/litespeed\/avatar\/febdfeeec89d950f01c748045a981dd2.jpg?ver=1777314535\",\"contentUrl\":\"https:\/\/conversesacatalunya.cat\/wp-content\/litespeed\/avatar\/febdfeeec89d950f01c748045a981dd2.jpg?ver=1777314535\",\"caption\":\"conversesacatalunya\"},\"url\":\"https:\/\/conversesacatalunya.cat\/es\/author\/carme_catala\/\"}]}<\/script>\n<!-- \/ Yoast SEO plugin. -->","yoast_head_json":{"title":"Colau liquida la tradici\u00f3n del pesebre en la Pla\u00e7a de Sant Jaume - Converses a Catalunya","description":"Ada Colau finalmente, liquida la muy larga tradici\u00f3n de instalar el pessebre en la Pla\u00e7a de Sant Jaume, con la excusa de la covid-19","robots":{"index":"index","follow":"follow","max-snippet":"max-snippet:-1","max-image-preview":"max-image-preview:large","max-video-preview":"max-video-preview:-1"},"canonical":"https:\/\/conversesacatalunya.cat\/es\/colau-liquida-la-tradicion-del-pesebre-en-la-plaza-de-sant-jaume\/","og_locale":"es_ES","og_type":"article","og_title":"Colau liquida la tradici\u00f3n del pesebre en la Pla\u00e7a de Sant Jaume - Converses a Catalunya","og_description":"Ada Colau finalmente, liquida la muy larga tradici\u00f3n de instalar el pessebre en la Pla\u00e7a de Sant Jaume, con la excusa de la covid-19","og_url":"https:\/\/conversesacatalunya.cat\/es\/colau-liquida-la-tradicion-del-pesebre-en-la-plaza-de-sant-jaume\/","og_site_name":"Converses a Catalunya","article_published_time":"2020-11-05T11:24:42+00:00","article_modified_time":"2020-11-05T12:39:35+00:00","og_image":[{"width":651,"height":366,"url":"https:\/\/conversesacatalunya.cat\/wp-content\/uploads\/2020\/11\/pessebre-sant-jaume.jpg","type":"image\/jpeg"}],"author":"conversesacatalunya","twitter_card":"summary_large_image","twitter_misc":{"Escrito por":"conversesacatalunya","Tiempo de lectura":"2 minutos"},"schema":{"@context":"https:\/\/schema.org","@graph":[{"@type":"Article","@id":"https:\/\/conversesacatalunya.cat\/es\/colau-liquida-la-tradicion-del-pesebre-en-la-plaza-de-sant-jaume\/#article","isPartOf":{"@id":"https:\/\/conversesacatalunya.cat\/es\/colau-liquida-la-tradicion-del-pesebre-en-la-plaza-de-sant-jaume\/"},"author":{"name":"conversesacatalunya","@id":"https:\/\/conversesacatalunya.cat\/#\/schema\/person\/7e24d1e54a2785373ddcb275eae5ed99"},"headline":"Colau liquida la tradici\u00f3n del pesebre en la Pla\u00e7a de Sant Jaume","datePublished":"2020-11-05T11:24:42+00:00","dateModified":"2020-11-05T12:39:35+00:00","mainEntityOfPage":{"@id":"https:\/\/conversesacatalunya.cat\/es\/colau-liquida-la-tradicion-del-pesebre-en-la-plaza-de-sant-jaume\/"},"wordCount":427,"commentCount":1,"image":{"@id":"https:\/\/conversesacatalunya.cat\/es\/colau-liquida-la-tradicion-del-pesebre-en-la-plaza-de-sant-jaume\/#primaryimage"},"thumbnailUrl":"https:\/\/conversesacatalunya.cat\/wp-content\/uploads\/2020\/11\/pessebre-sant-jaume.jpg","keywords":["Ada Colau","Pesebre","pessebre"],"articleSection":["Expedient Barcelona (ES)","Punts clau del dia (ES)"],"inLanguage":"es","potentialAction":[{"@type":"CommentAction","name":"Comment","target":["https:\/\/conversesacatalunya.cat\/es\/colau-liquida-la-tradicion-del-pesebre-en-la-plaza-de-sant-jaume\/#respond"]}]},{"@type":"WebPage","@id":"https:\/\/conversesacatalunya.cat\/es\/colau-liquida-la-tradicion-del-pesebre-en-la-plaza-de-sant-jaume\/","url":"https:\/\/conversesacatalunya.cat\/es\/colau-liquida-la-tradicion-del-pesebre-en-la-plaza-de-sant-jaume\/","name":"Colau liquida la tradici\u00f3n del pesebre en la Pla\u00e7a de Sant Jaume - Converses a Catalunya","isPartOf":{"@id":"https:\/\/conversesacatalunya.cat\/#website"},"primaryImageOfPage":{"@id":"https:\/\/conversesacatalunya.cat\/es\/colau-liquida-la-tradicion-del-pesebre-en-la-plaza-de-sant-jaume\/#primaryimage"},"image":{"@id":"https:\/\/conversesacatalunya.cat\/es\/colau-liquida-la-tradicion-del-pesebre-en-la-plaza-de-sant-jaume\/#primaryimage"},"thumbnailUrl":"https:\/\/conversesacatalunya.cat\/wp-content\/uploads\/2020\/11\/pessebre-sant-jaume.jpg","datePublished":"2020-11-05T11:24:42+00:00","dateModified":"2020-11-05T12:39:35+00:00","author":{"@id":"https:\/\/conversesacatalunya.cat\/#\/schema\/person\/7e24d1e54a2785373ddcb275eae5ed99"},"description":"Ada Colau finalmente, liquida la muy larga tradici\u00f3n de instalar el pessebre en la Pla\u00e7a de Sant Jaume, con la excusa de la covid-19","breadcrumb":{"@id":"https:\/\/conversesacatalunya.cat\/es\/colau-liquida-la-tradicion-del-pesebre-en-la-plaza-de-sant-jaume\/#breadcrumb"},"inLanguage":"es","potentialAction":[{"@type":"ReadAction","target":["https:\/\/conversesacatalunya.cat\/es\/colau-liquida-la-tradicion-del-pesebre-en-la-plaza-de-sant-jaume\/"]}]},{"@type":"ImageObject","inLanguage":"es","@id":"https:\/\/conversesacatalunya.cat\/es\/colau-liquida-la-tradicion-del-pesebre-en-la-plaza-de-sant-jaume\/#primaryimage","url":"https:\/\/conversesacatalunya.cat\/wp-content\/uploads\/2020\/11\/pessebre-sant-jaume.jpg","contentUrl":"https:\/\/conversesacatalunya.cat\/wp-content\/uploads\/2020\/11\/pessebre-sant-jaume.jpg","width":651,"height":366,"caption":"pessebre a la pla\u00e7a sant jaume"},{"@type":"BreadcrumbList","@id":"https:\/\/conversesacatalunya.cat\/es\/colau-liquida-la-tradicion-del-pesebre-en-la-plaza-de-sant-jaume\/#breadcrumb","itemListElement":[{"@type":"ListItem","position":1,"name":"Inici","item":"https:\/\/conversesacatalunya.cat\/es\/"},{"@type":"ListItem","position":2,"name":"Colau liquida la tradici\u00f3n del pesebre en la Pla\u00e7a de Sant Jaume"}]},{"@type":"WebSite","@id":"https:\/\/conversesacatalunya.cat\/#website","url":"https:\/\/conversesacatalunya.cat\/","name":"Converses a Catalunya","description":"","potentialAction":[{"@type":"SearchAction","target":{"@type":"EntryPoint","urlTemplate":"https:\/\/conversesacatalunya.cat\/?s={search_term_string}"},"query-input":{"@type":"PropertyValueSpecification","valueRequired":true,"valueName":"search_term_string"}}],"inLanguage":"es"},{"@type":"Person","@id":"https:\/\/conversesacatalunya.cat\/#\/schema\/person\/7e24d1e54a2785373ddcb275eae5ed99","name":"conversesacatalunya","image":{"@type":"ImageObject","inLanguage":"es","@id":"https:\/\/conversesacatalunya.cat\/#\/schema\/person\/image\/","url":"https:\/\/conversesacatalunya.cat\/wp-content\/litespeed\/avatar\/febdfeeec89d950f01c748045a981dd2.jpg?ver=1777314535","contentUrl":"https:\/\/conversesacatalunya.cat\/wp-content\/litespeed\/avatar\/febdfeeec89d950f01c748045a981dd2.jpg?ver=1777314535","caption":"conversesacatalunya"},"url":"https:\/\/conversesacatalunya.cat\/es\/author\/carme_catala\/"}]}},"wps_subtitle":"De este modo Colau contin\u00faa en su l\u00ednea de fobia a todo lo que significan elementos cristianos","_links":{"self":[{"href":"https:\/\/conversesacatalunya.cat\/es\/wp-json\/wp\/v2\/posts\/42005","targetHints":{"allow":["GET"]}}],"collection":[{"href":"https:\/\/conversesacatalunya.cat\/es\/wp-json\/wp\/v2\/posts"}],"about":[{"href":"https:\/\/conversesacatalunya.cat\/es\/wp-json\/wp\/v2\/types\/post"}],"author":[{"embeddable":true,"href":"https:\/\/conversesacatalunya.cat\/es\/wp-json\/wp\/v2\/users\/2"}],"replies":[{"embeddable":true,"href":"https:\/\/conversesacatalunya.cat\/es\/wp-json\/wp\/v2\/comments?post=42005"}],"version-history":[{"count":3,"href":"https:\/\/conversesacatalunya.cat\/es\/wp-json\/wp\/v2\/posts\/42005\/revisions"}],"predecessor-version":[{"id":42008,"href":"https:\/\/conversesacatalunya.cat\/es\/wp-json\/wp\/v2\/posts\/42005\/revisions\/42008"}],"wp:featuredmedia":[{"embeddable":true,"href":"https:\/\/conversesacatalunya.cat\/es\/wp-json\/wp\/v2\/media\/42002"}],"wp:attachment":[{"href":"https:\/\/conversesacatalunya.cat\/es\/wp-json\/wp\/v2\/media?parent=42005"}],"wp:term":[{"taxonomy":"category","embeddable":true,"href":"https:\/\/conversesacatalunya.cat\/es\/wp-json\/wp\/v2\/categories?post=42005"},{"taxonomy":"post_tag","embeddable":true,"href":"https:\/\/conversesacatalunya.cat\/es\/wp-json\/wp\/v2\/tags?post=42005"}],"curies":[{"name":"wp","href":"https:\/\/api.w.org\/{rel}","templated":true}]}}