{"id":41985,"date":"2020-11-04T12:45:25","date_gmt":"2020-11-04T11:45:25","guid":{"rendered":"https:\/\/conversesacatalunya.cat\/impostos-baixos-la-meitat-de-lany-per-pagar-los\/"},"modified":"2020-11-04T14:54:49","modified_gmt":"2020-11-04T13:54:49","slug":"impuestos-bajos-la-mitad-del-ano-para-pagarlos","status":"publish","type":"post","link":"https:\/\/conversesacatalunya.cat\/es\/impuestos-bajos-la-mitad-del-ano-para-pagarlos\/","title":{"rendered":"\u00bfImpuestos bajos? La mitad del a\u00f1o para pagarlos"},"content":{"rendered":"<p><span>En un\u00a0<\/span><a href=\"https:\/\/conversesacatalunya.cat\/es\/presion-fiscal-espana\/\" target=\"_blank\" rel=\"noopener noreferrer\"><span>punto clave anterior<\/span><\/a><span> cont\u00e1bamos que la presi\u00f3n fiscal es un indicador muy insuficiente de la fiscalidad de los ciudadanos de un pa\u00eds, y de si estos pagan mucho o pagan poco.\u00a0Y explic\u00e1bamos la necesidad de introducir otros conceptos como el\u00a0<\/span><strong><span>del esfuerzo o sacrificio fiscal<\/span><\/strong><span>\u00a0.<\/span><\/p>\n<p><span>Hay todav\u00eda otra forma de medir la fiscalidad que es m\u00e1s completa y que da una idea mucho m\u00e1s real del esfuerzo que hacen los ciudadanos con los impuestos personales que pagan.\u00a0Se trata de la\u00a0<\/span><strong><span>cu\u00f1a fiscal<\/span><\/strong><span> que de hecho es lo que se paga por IRPF m\u00e1s todo lo que se aporta a la Seguridad Social tanto por parte de la empresa como por parte de los trabajadores.\u00a0En nuestro caso ser\u00eda,\u00a0<\/span><em><span>grosso modo<\/span><\/em><span>, el salario bruto.<\/span><\/p>\n<p><span>A menudo cuando se habla de impuestos se pasa por alto que esta carga de la Seguridad Social es otro impuesto muy importante sobre el trabajo con efectos claros, en el sentido de que cuanto m\u00e1s alto es, m\u00e1s disuasoria resulta la nueva contrataci\u00f3n.<\/span><\/p>\n<p><span><span class=\"goog-text-highlight\">Pues contemplado desde este otro punto de vista, el de la cu\u00f1a fiscal, Espa\u00f1a se sit\u00faa\u00a0<\/span><\/span><strong><span><span class=\"goog-text-highlight\">por encima de la media de los pa\u00edses de la OCDE<\/span><\/span><\/strong><span><span class=\"goog-text-highlight\">\u00a0, por lo que un asalariado sin hijos paga casi el 40% de sus ingresos, 3 puntos m\u00e1s que la media de la OCDE. Una familia con dos hijos paga el 36,3%, mientras que en la OCDE paga el 30,8%. Aqu\u00ed pues, la unidad familiar con descendencia est\u00e1 peor tratada que en el conjunto de los pa\u00edses desarrollados, porque la diferencia con ellos es de\u00a0<\/span><\/span><strong><span><span class=\"goog-text-highlight\">5,5 puntos<\/span><\/span><\/strong><span><span class=\"goog-text-highlight\">\u00a0. Es un factor m\u00e1s que ayuda a entender porque es tan dif\u00edcil\u00a0<\/span><\/span><a href=\"https:\/\/conversesacatalunya.cat\/es\/europa-crisis-natalidad-no-solucion\/\" target=\"_blank\" rel=\"noopener noreferrer\"><span><span class=\"goog-text-highlight\">tener hijos en Espa\u00f1a<\/span><\/span><\/a><span><span class=\"goog-text-highlight\">\u00a0.<\/span><\/span><\/p>\n<p><img fetchpriority=\"high\" decoding=\"async\" class=\"wp-image-41964 size-full aligncenter\" src=\"https:\/\/conversesacatalunya.cat\/wp-content\/uploads\/2020\/11\/impostos.png\" alt=\"impostos\" width=\"960\" height=\"720\" srcset=\"https:\/\/conversesacatalunya.cat\/wp-content\/uploads\/2020\/11\/impostos.png 960w, https:\/\/conversesacatalunya.cat\/wp-content\/uploads\/2020\/11\/impostos-300x225.png 300w\" sizes=\"(max-width: 960px) 100vw, 960px\" \/><\/p>\n<p><span>Si a este hecho se le a\u00f1aden las bajas prestaciones para ayudas a las familias con hijos, el panorama resultante nos sit\u00faa en la <\/span><strong><span>cola de Europa<\/span><\/strong><span>. Una forma bien expresiva de medir si pagamos mucho o poco es saber cu\u00e1ntos d\u00edas trabajamos para pagar al estado. El resultado medio es de casi 6 meses,\u00a0<\/span><strong><span>175 d\u00edas<\/span><\/strong><span>\u00a0. Si aqu\u00ed le a\u00f1adi\u00e9ramos los impuestos auton\u00f3micos espec\u00edficos y municipales, superar\u00edamos claramente el medio a\u00f1o. Las comparaciones tienden a ser horrorosas, pero hay que decir que este grado de fiscalidad es extraordinariamente mayor que la que pagaban los campesinos de la gleba a sus se\u00f1ores. Nadie trabajaba gratis a lo largo de 6 meses.<\/span><\/p>\n<p><span><span class=\"goog-text-highlight\">Se puede decir que esta comparaci\u00f3n es excesiva, y ciertamente en parte lo es, pero menos de lo que parece, porque la idea de que lo que pagamos nos es devuelto es inexacta.\u00a0<\/span>Si descontamos las pensiones que en teor\u00eda deber\u00edan financiar con las cotizaciones, de media un ciudadano de este pa\u00eds paga\u00a0<\/span><strong><span>13.500 euros<\/span><\/strong><span>, pero s\u00f3lo recibe por todas las contrapartidas\u00a0<\/span><strong><span>8.600 euros<\/span><\/strong><span>, 5.000 euros desaparecen por el camino.\u00a0En estas condiciones, hablar de impuestos bajos es una burla.<\/span><\/p>\n<span class='bctt-click-to-tweet'><span class='bctt-ctt-text'><a href='https:\/\/twitter.com\/intent\/tweet?url=https%3A%2F%2Fconversesacatalunya.cat%2Fes%2Fimpuestos-bajos-la-mitad-del-ano-para-pagarlos%2F&#038;text=De%20media%20un%20ciudadano%20de%20este%20pa%C3%ADs%20paga%2013.500%20euros%20en%20impuestos%20al%20Estado&#038;via=conversesacat&#038;related=conversesacat' target='_blank'rel=\"noopener noreferrer\">De media un ciudadano de este pa\u00eds paga 13.500 euros en impuestos al Estado <\/a><\/span><a href='https:\/\/twitter.com\/intent\/tweet?url=https%3A%2F%2Fconversesacatalunya.cat%2Fes%2Fimpuestos-bajos-la-mitad-del-ano-para-pagarlos%2F&#038;text=De%20media%20un%20ciudadano%20de%20este%20pa%C3%ADs%20paga%2013.500%20euros%20en%20impuestos%20al%20Estado&#038;via=conversesacat&#038;related=conversesacat' target='_blank' class='bctt-ctt-btn'rel=\"noopener noreferrer\">Compartir en X<\/a><\/span>\n<div id=\"polls-79\" class=\"wp-polls\">\n\t<form id=\"polls_form_79\" class=\"wp-polls-form\" action=\"\/index.php\" method=\"post\">\n\t\t<p style=\"display: none;\"><input type=\"hidden\" id=\"poll_79_nonce\" name=\"wp-polls-nonce\" value=\"f70ddac2c7\" \/><\/p>\n\t\t<p style=\"display: none;\"><input type=\"hidden\" name=\"poll_id\" value=\"79\" \/><\/p>\n\t\t<p style=\"text-align: center\"><strong>El govern espanyol hauria d'assumir la direcci\u00f3 i planificaci\u00f3 de la lluita contra la pand\u00e8mia, o b\u00e9 ha de deixar-ho en mans de les Comunitats Aut\u00f2nomes?<\/strong><\/p><div id=\"polls-79-ans\" class=\"wp-polls-ans\"><ul class=\"wp-polls-ul\">\n\t\t<li><input type=\"radio\" id=\"poll-answer-175\" name=\"poll_79\" value=\"175\" \/> <label for=\"poll-answer-175\">Si ho ha d'assumir<\/label><\/li>\n\t\t<li><input type=\"radio\" id=\"poll-answer-176\" name=\"poll_79\" value=\"176\" \/> <label for=\"poll-answer-176\">No ho ha d'assumir<\/label><\/li>\n\t\t<li><input type=\"radio\" id=\"poll-answer-177\" name=\"poll_79\" value=\"177\" \/> <label for=\"poll-answer-177\">No ho s\u00e9<\/label><\/li>\n\t\t<\/ul><p style=\"text-align: center\"><input type=\"button\" name=\"vote\" value=\"   Vota   \" class=\"Buttons\" onclick=\"poll_vote(79);\" \/><\/p><p style=\"text-align: center\"><a href=\"#ViewPollResults\" onclick=\"poll_result(79); return false;\" title=\"View Results Of This Poll\">Mira els resultats<\/a><\/p><\/div>\n\t<\/form>\n<\/div>\n<div id=\"polls-79-loading\" class=\"wp-polls-loading\"><img decoding=\"async\" data-src=\"https:\/\/conversesacatalunya.cat\/wp-content\/plugins\/wp-polls\/images\/loading.gif\" width=\"16\" height=\"16\" alt=\"Cargando ...\" title=\"Cargando ...\" class=\"wp-polls-image lazyload\" src=\"data:image\/svg+xml;base64,PHN2ZyB3aWR0aD0iMSIgaGVpZ2h0PSIxIiB4bWxucz0iaHR0cDovL3d3dy53My5vcmcvMjAwMC9zdmciPjwvc3ZnPg==\" style=\"--smush-placeholder-width: 16px; --smush-placeholder-aspect-ratio: 16\/16;\" \/>&nbsp;Cargando ...<\/div>\n\n<p>&nbsp;<\/p>\n","protected":false},"excerpt":{"rendered":"<p>En un\u00a0punto clave anterior cont\u00e1bamos que la presi\u00f3n fiscal es un indicador muy insuficiente de la fiscalidad de los ciudadanos de un pa\u00eds, y de si estos pagan mucho o pagan poco.\u00a0Y explic\u00e1bamos la necesidad de introducir otros conceptos como el\u00a0del esfuerzo o sacrificio fiscal\u00a0. Hay todav\u00eda otra forma de medir la fiscalidad que es m\u00e1s completa y que da una idea mucho m\u00e1s real del esfuerzo que hacen los ciudadanos con los impuestos personales que pagan.\u00a0Se trata de la\u00a0cu\u00f1a fiscal que de hecho es lo que se paga por IRPF m\u00e1s todo lo que se aporta a la Seguridad Social tanto por parte de la empresa como por parte de los trabajadores.\u00a0En nuestro caso ser\u00eda,\u00a0grosso modo, el salario bruto. A menudo cuando se habla de impuestos se pasa por alto que esta carga de la Seguridad Social es otro impuesto muy importante sobre el trabajo con efectos claros, en el sentido de que cuanto m\u00e1s alto es, m\u00e1s disuasoria resulta la nueva contrataci\u00f3n. Pues contemplado desde este otro punto de vista, el de la cu\u00f1a fiscal, Espa\u00f1a se sit\u00faa\u00a0por encima de la media de los pa\u00edses de la OCDE\u00a0, por lo que un asalariado sin hijos paga casi el 40% de sus ingresos, 3 puntos m\u00e1s que la media de la OCDE. Una familia con dos hijos paga el 36,3%, mientras que en la OCDE paga el 30,8%. Aqu\u00ed pues, la unidad familiar con descendencia est\u00e1 peor tratada que en el conjunto de los pa\u00edses desarrollados, porque la diferencia con ellos es de\u00a05,5 puntos\u00a0. Es un factor m\u00e1s que ayuda a entender porque es tan dif\u00edcil\u00a0tener hijos en Espa\u00f1a\u00a0. Si a este hecho se le a\u00f1aden las bajas prestaciones para ayudas a las familias con hijos, el panorama resultante nos sit\u00faa en la cola de Europa. Una forma bien expresiva de medir si pagamos mucho o poco es saber cu\u00e1ntos d\u00edas trabajamos para pagar al estado. El resultado medio es de casi 6 meses,\u00a0175 d\u00edas\u00a0. Si aqu\u00ed le a\u00f1adi\u00e9ramos los impuestos auton\u00f3micos espec\u00edficos y municipales, superar\u00edamos claramente el medio a\u00f1o. Las comparaciones tienden a ser horrorosas, pero hay que decir que este grado de fiscalidad es extraordinariamente mayor que la que pagaban los campesinos de la gleba a sus se\u00f1ores. Nadie trabajaba gratis a lo largo de 6 meses. Se puede decir que esta comparaci\u00f3n es excesiva, y ciertamente en parte lo es, pero menos de lo que parece, porque la idea de que lo que pagamos nos es devuelto es inexacta.\u00a0Si descontamos las pensiones que en teor\u00eda deber\u00edan financiar con las cotizaciones, de media un ciudadano de este pa\u00eds paga\u00a013.500 euros, pero s\u00f3lo recibe por todas las contrapartidas\u00a08.600 euros, 5.000 euros desaparecen por el camino.\u00a0En estas condiciones, hablar de impuestos bajos es una burla. &nbsp;<\/p>\n","protected":false},"author":2,"featured_media":41969,"comment_status":"open","ping_status":"open","sticky":false,"template":"","format":"standard","meta":{"_FSMCFIC_featured_image_caption":"","_FSMCFIC_featured_image_nocaption":"","_FSMCFIC_featured_image_hide":"","footnotes":""},"categories":[806],"tags":[1276,1241],"class_list":["post-41985","post","type-post","status-publish","format-standard","has-post-thumbnail","hentry","category-punts-claus-del-dia-es","tag-impuestos","tag-presion-fiscal"],"yoast_head":"<!-- This site is optimized with the Yoast SEO plugin v26.8 - https:\/\/yoast.com\/product\/yoast-seo-wordpress\/ -->\n<title>\u00bfImpuestos bajos? La mitad del a\u00f1o para pagarlos - Converses a Catalunya<\/title>\n<meta name=\"description\" content=\"De media un ciudadano de este pa\u00eds paga 13.500 euros en impuestos al Estado\" \/>\n<meta name=\"robots\" content=\"index, follow, max-snippet:-1, max-image-preview:large, max-video-preview:-1\" \/>\n<link rel=\"canonical\" href=\"https:\/\/conversesacatalunya.cat\/es\/impuestos-bajos-la-mitad-del-ano-para-pagarlos\/\" \/>\n<meta property=\"og:locale\" content=\"es_ES\" \/>\n<meta property=\"og:type\" content=\"article\" \/>\n<meta property=\"og:title\" content=\"\u00bfImpuestos bajos? La mitad del a\u00f1o para pagarlos - Converses a Catalunya\" \/>\n<meta property=\"og:description\" content=\"De media un ciudadano de este pa\u00eds paga 13.500 euros en impuestos al Estado\" \/>\n<meta property=\"og:url\" content=\"https:\/\/conversesacatalunya.cat\/es\/impuestos-bajos-la-mitad-del-ano-para-pagarlos\/\" \/>\n<meta property=\"og:site_name\" content=\"Converses a Catalunya\" \/>\n<meta property=\"article:published_time\" content=\"2020-11-04T11:45:25+00:00\" \/>\n<meta property=\"article:modified_time\" content=\"2020-11-04T13:54:49+00:00\" \/>\n<meta property=\"og:image\" content=\"https:\/\/conversesacatalunya.cat\/wp-content\/uploads\/2020\/11\/gestion-de-nominas.jpg\" \/>\n\t<meta property=\"og:image:width\" content=\"630\" \/>\n\t<meta property=\"og:image:height\" content=\"370\" \/>\n\t<meta property=\"og:image:type\" content=\"image\/jpeg\" \/>\n<meta name=\"author\" content=\"conversesacatalunya\" \/>\n<meta name=\"twitter:card\" content=\"summary_large_image\" \/>\n<meta name=\"twitter:label1\" content=\"Escrito por\" \/>\n\t<meta name=\"twitter:data1\" content=\"conversesacatalunya\" \/>\n\t<meta name=\"twitter:label2\" content=\"Tiempo de lectura\" \/>\n\t<meta name=\"twitter:data2\" content=\"3 minutos\" \/>\n<script type=\"application\/ld+json\" class=\"yoast-schema-graph\">{\"@context\":\"https:\/\/schema.org\",\"@graph\":[{\"@type\":\"Article\",\"@id\":\"https:\/\/conversesacatalunya.cat\/es\/impuestos-bajos-la-mitad-del-ano-para-pagarlos\/#article\",\"isPartOf\":{\"@id\":\"https:\/\/conversesacatalunya.cat\/es\/impuestos-bajos-la-mitad-del-ano-para-pagarlos\/\"},\"author\":{\"name\":\"conversesacatalunya\",\"@id\":\"https:\/\/conversesacatalunya.cat\/#\/schema\/person\/7e24d1e54a2785373ddcb275eae5ed99\"},\"headline\":\"\u00bfImpuestos bajos? La mitad del a\u00f1o para pagarlos\",\"datePublished\":\"2020-11-04T11:45:25+00:00\",\"dateModified\":\"2020-11-04T13:54:49+00:00\",\"mainEntityOfPage\":{\"@id\":\"https:\/\/conversesacatalunya.cat\/es\/impuestos-bajos-la-mitad-del-ano-para-pagarlos\/\"},\"wordCount\":529,\"commentCount\":0,\"image\":{\"@id\":\"https:\/\/conversesacatalunya.cat\/es\/impuestos-bajos-la-mitad-del-ano-para-pagarlos\/#primaryimage\"},\"thumbnailUrl\":\"https:\/\/conversesacatalunya.cat\/wp-content\/uploads\/2020\/11\/gestion-de-nominas.jpg\",\"keywords\":[\"Impuestos\",\"Presi\u00f3n fiscal\"],\"articleSection\":[\"Punts clau del dia (ES)\"],\"inLanguage\":\"es\",\"potentialAction\":[{\"@type\":\"CommentAction\",\"name\":\"Comment\",\"target\":[\"https:\/\/conversesacatalunya.cat\/es\/impuestos-bajos-la-mitad-del-ano-para-pagarlos\/#respond\"]}]},{\"@type\":\"WebPage\",\"@id\":\"https:\/\/conversesacatalunya.cat\/es\/impuestos-bajos-la-mitad-del-ano-para-pagarlos\/\",\"url\":\"https:\/\/conversesacatalunya.cat\/es\/impuestos-bajos-la-mitad-del-ano-para-pagarlos\/\",\"name\":\"\u00bfImpuestos bajos? La mitad del a\u00f1o para pagarlos - Converses a Catalunya\",\"isPartOf\":{\"@id\":\"https:\/\/conversesacatalunya.cat\/#website\"},\"primaryImageOfPage\":{\"@id\":\"https:\/\/conversesacatalunya.cat\/es\/impuestos-bajos-la-mitad-del-ano-para-pagarlos\/#primaryimage\"},\"image\":{\"@id\":\"https:\/\/conversesacatalunya.cat\/es\/impuestos-bajos-la-mitad-del-ano-para-pagarlos\/#primaryimage\"},\"thumbnailUrl\":\"https:\/\/conversesacatalunya.cat\/wp-content\/uploads\/2020\/11\/gestion-de-nominas.jpg\",\"datePublished\":\"2020-11-04T11:45:25+00:00\",\"dateModified\":\"2020-11-04T13:54:49+00:00\",\"author\":{\"@id\":\"https:\/\/conversesacatalunya.cat\/#\/schema\/person\/7e24d1e54a2785373ddcb275eae5ed99\"},\"description\":\"De media un ciudadano de este pa\u00eds paga 13.500 euros en impuestos al Estado\",\"breadcrumb\":{\"@id\":\"https:\/\/conversesacatalunya.cat\/es\/impuestos-bajos-la-mitad-del-ano-para-pagarlos\/#breadcrumb\"},\"inLanguage\":\"es\",\"potentialAction\":[{\"@type\":\"ReadAction\",\"target\":[\"https:\/\/conversesacatalunya.cat\/es\/impuestos-bajos-la-mitad-del-ano-para-pagarlos\/\"]}]},{\"@type\":\"ImageObject\",\"inLanguage\":\"es\",\"@id\":\"https:\/\/conversesacatalunya.cat\/es\/impuestos-bajos-la-mitad-del-ano-para-pagarlos\/#primaryimage\",\"url\":\"https:\/\/conversesacatalunya.cat\/wp-content\/uploads\/2020\/11\/gestion-de-nominas.jpg\",\"contentUrl\":\"https:\/\/conversesacatalunya.cat\/wp-content\/uploads\/2020\/11\/gestion-de-nominas.jpg\",\"width\":630,\"height\":370,\"caption\":\"56655243 - payroll, invoice sheet flat illustration. payroll template, calculate salary, budget concepts. top view. modern flat design vector illustration\"},{\"@type\":\"BreadcrumbList\",\"@id\":\"https:\/\/conversesacatalunya.cat\/es\/impuestos-bajos-la-mitad-del-ano-para-pagarlos\/#breadcrumb\",\"itemListElement\":[{\"@type\":\"ListItem\",\"position\":1,\"name\":\"Inici\",\"item\":\"https:\/\/conversesacatalunya.cat\/es\/\"},{\"@type\":\"ListItem\",\"position\":2,\"name\":\"\u00bfImpuestos bajos? La mitad del a\u00f1o para pagarlos\"}]},{\"@type\":\"WebSite\",\"@id\":\"https:\/\/conversesacatalunya.cat\/#website\",\"url\":\"https:\/\/conversesacatalunya.cat\/\",\"name\":\"Converses a Catalunya\",\"description\":\"\",\"potentialAction\":[{\"@type\":\"SearchAction\",\"target\":{\"@type\":\"EntryPoint\",\"urlTemplate\":\"https:\/\/conversesacatalunya.cat\/?s={search_term_string}\"},\"query-input\":{\"@type\":\"PropertyValueSpecification\",\"valueRequired\":true,\"valueName\":\"search_term_string\"}}],\"inLanguage\":\"es\"},{\"@type\":\"Person\",\"@id\":\"https:\/\/conversesacatalunya.cat\/#\/schema\/person\/7e24d1e54a2785373ddcb275eae5ed99\",\"name\":\"conversesacatalunya\",\"image\":{\"@type\":\"ImageObject\",\"inLanguage\":\"es\",\"@id\":\"https:\/\/conversesacatalunya.cat\/#\/schema\/person\/image\/\",\"url\":\"https:\/\/conversesacatalunya.cat\/wp-content\/litespeed\/avatar\/febdfeeec89d950f01c748045a981dd2.jpg?ver=1777314535\",\"contentUrl\":\"https:\/\/conversesacatalunya.cat\/wp-content\/litespeed\/avatar\/febdfeeec89d950f01c748045a981dd2.jpg?ver=1777314535\",\"caption\":\"conversesacatalunya\"},\"url\":\"https:\/\/conversesacatalunya.cat\/es\/author\/carme_catala\/\"}]}<\/script>\n<!-- \/ Yoast SEO plugin. -->","yoast_head_json":{"title":"\u00bfImpuestos bajos? La mitad del a\u00f1o para pagarlos - Converses a Catalunya","description":"De media un ciudadano de este pa\u00eds paga 13.500 euros en impuestos al Estado","robots":{"index":"index","follow":"follow","max-snippet":"max-snippet:-1","max-image-preview":"max-image-preview:large","max-video-preview":"max-video-preview:-1"},"canonical":"https:\/\/conversesacatalunya.cat\/es\/impuestos-bajos-la-mitad-del-ano-para-pagarlos\/","og_locale":"es_ES","og_type":"article","og_title":"\u00bfImpuestos bajos? La mitad del a\u00f1o para pagarlos - Converses a Catalunya","og_description":"De media un ciudadano de este pa\u00eds paga 13.500 euros en impuestos al Estado","og_url":"https:\/\/conversesacatalunya.cat\/es\/impuestos-bajos-la-mitad-del-ano-para-pagarlos\/","og_site_name":"Converses a Catalunya","article_published_time":"2020-11-04T11:45:25+00:00","article_modified_time":"2020-11-04T13:54:49+00:00","og_image":[{"width":630,"height":370,"url":"https:\/\/conversesacatalunya.cat\/wp-content\/uploads\/2020\/11\/gestion-de-nominas.jpg","type":"image\/jpeg"}],"author":"conversesacatalunya","twitter_card":"summary_large_image","twitter_misc":{"Escrito por":"conversesacatalunya","Tiempo de lectura":"3 minutos"},"schema":{"@context":"https:\/\/schema.org","@graph":[{"@type":"Article","@id":"https:\/\/conversesacatalunya.cat\/es\/impuestos-bajos-la-mitad-del-ano-para-pagarlos\/#article","isPartOf":{"@id":"https:\/\/conversesacatalunya.cat\/es\/impuestos-bajos-la-mitad-del-ano-para-pagarlos\/"},"author":{"name":"conversesacatalunya","@id":"https:\/\/conversesacatalunya.cat\/#\/schema\/person\/7e24d1e54a2785373ddcb275eae5ed99"},"headline":"\u00bfImpuestos bajos? La mitad del a\u00f1o para pagarlos","datePublished":"2020-11-04T11:45:25+00:00","dateModified":"2020-11-04T13:54:49+00:00","mainEntityOfPage":{"@id":"https:\/\/conversesacatalunya.cat\/es\/impuestos-bajos-la-mitad-del-ano-para-pagarlos\/"},"wordCount":529,"commentCount":0,"image":{"@id":"https:\/\/conversesacatalunya.cat\/es\/impuestos-bajos-la-mitad-del-ano-para-pagarlos\/#primaryimage"},"thumbnailUrl":"https:\/\/conversesacatalunya.cat\/wp-content\/uploads\/2020\/11\/gestion-de-nominas.jpg","keywords":["Impuestos","Presi\u00f3n fiscal"],"articleSection":["Punts clau del dia (ES)"],"inLanguage":"es","potentialAction":[{"@type":"CommentAction","name":"Comment","target":["https:\/\/conversesacatalunya.cat\/es\/impuestos-bajos-la-mitad-del-ano-para-pagarlos\/#respond"]}]},{"@type":"WebPage","@id":"https:\/\/conversesacatalunya.cat\/es\/impuestos-bajos-la-mitad-del-ano-para-pagarlos\/","url":"https:\/\/conversesacatalunya.cat\/es\/impuestos-bajos-la-mitad-del-ano-para-pagarlos\/","name":"\u00bfImpuestos bajos? La mitad del a\u00f1o para pagarlos - Converses a Catalunya","isPartOf":{"@id":"https:\/\/conversesacatalunya.cat\/#website"},"primaryImageOfPage":{"@id":"https:\/\/conversesacatalunya.cat\/es\/impuestos-bajos-la-mitad-del-ano-para-pagarlos\/#primaryimage"},"image":{"@id":"https:\/\/conversesacatalunya.cat\/es\/impuestos-bajos-la-mitad-del-ano-para-pagarlos\/#primaryimage"},"thumbnailUrl":"https:\/\/conversesacatalunya.cat\/wp-content\/uploads\/2020\/11\/gestion-de-nominas.jpg","datePublished":"2020-11-04T11:45:25+00:00","dateModified":"2020-11-04T13:54:49+00:00","author":{"@id":"https:\/\/conversesacatalunya.cat\/#\/schema\/person\/7e24d1e54a2785373ddcb275eae5ed99"},"description":"De media un ciudadano de este pa\u00eds paga 13.500 euros en impuestos al Estado","breadcrumb":{"@id":"https:\/\/conversesacatalunya.cat\/es\/impuestos-bajos-la-mitad-del-ano-para-pagarlos\/#breadcrumb"},"inLanguage":"es","potentialAction":[{"@type":"ReadAction","target":["https:\/\/conversesacatalunya.cat\/es\/impuestos-bajos-la-mitad-del-ano-para-pagarlos\/"]}]},{"@type":"ImageObject","inLanguage":"es","@id":"https:\/\/conversesacatalunya.cat\/es\/impuestos-bajos-la-mitad-del-ano-para-pagarlos\/#primaryimage","url":"https:\/\/conversesacatalunya.cat\/wp-content\/uploads\/2020\/11\/gestion-de-nominas.jpg","contentUrl":"https:\/\/conversesacatalunya.cat\/wp-content\/uploads\/2020\/11\/gestion-de-nominas.jpg","width":630,"height":370,"caption":"56655243 - payroll, invoice sheet flat illustration. payroll template, calculate salary, budget concepts. top view. modern flat design vector illustration"},{"@type":"BreadcrumbList","@id":"https:\/\/conversesacatalunya.cat\/es\/impuestos-bajos-la-mitad-del-ano-para-pagarlos\/#breadcrumb","itemListElement":[{"@type":"ListItem","position":1,"name":"Inici","item":"https:\/\/conversesacatalunya.cat\/es\/"},{"@type":"ListItem","position":2,"name":"\u00bfImpuestos bajos? La mitad del a\u00f1o para pagarlos"}]},{"@type":"WebSite","@id":"https:\/\/conversesacatalunya.cat\/#website","url":"https:\/\/conversesacatalunya.cat\/","name":"Converses a Catalunya","description":"","potentialAction":[{"@type":"SearchAction","target":{"@type":"EntryPoint","urlTemplate":"https:\/\/conversesacatalunya.cat\/?s={search_term_string}"},"query-input":{"@type":"PropertyValueSpecification","valueRequired":true,"valueName":"search_term_string"}}],"inLanguage":"es"},{"@type":"Person","@id":"https:\/\/conversesacatalunya.cat\/#\/schema\/person\/7e24d1e54a2785373ddcb275eae5ed99","name":"conversesacatalunya","image":{"@type":"ImageObject","inLanguage":"es","@id":"https:\/\/conversesacatalunya.cat\/#\/schema\/person\/image\/","url":"https:\/\/conversesacatalunya.cat\/wp-content\/litespeed\/avatar\/febdfeeec89d950f01c748045a981dd2.jpg?ver=1777314535","contentUrl":"https:\/\/conversesacatalunya.cat\/wp-content\/litespeed\/avatar\/febdfeeec89d950f01c748045a981dd2.jpg?ver=1777314535","caption":"conversesacatalunya"},"url":"https:\/\/conversesacatalunya.cat\/es\/author\/carme_catala\/"}]}},"wps_subtitle":"De media un ciudadano de este pa\u00eds paga 13.500 euros en impuestos al Estado","_links":{"self":[{"href":"https:\/\/conversesacatalunya.cat\/es\/wp-json\/wp\/v2\/posts\/41985","targetHints":{"allow":["GET"]}}],"collection":[{"href":"https:\/\/conversesacatalunya.cat\/es\/wp-json\/wp\/v2\/posts"}],"about":[{"href":"https:\/\/conversesacatalunya.cat\/es\/wp-json\/wp\/v2\/types\/post"}],"author":[{"embeddable":true,"href":"https:\/\/conversesacatalunya.cat\/es\/wp-json\/wp\/v2\/users\/2"}],"replies":[{"embeddable":true,"href":"https:\/\/conversesacatalunya.cat\/es\/wp-json\/wp\/v2\/comments?post=41985"}],"version-history":[{"count":2,"href":"https:\/\/conversesacatalunya.cat\/es\/wp-json\/wp\/v2\/posts\/41985\/revisions"}],"predecessor-version":[{"id":41987,"href":"https:\/\/conversesacatalunya.cat\/es\/wp-json\/wp\/v2\/posts\/41985\/revisions\/41987"}],"wp:featuredmedia":[{"embeddable":true,"href":"https:\/\/conversesacatalunya.cat\/es\/wp-json\/wp\/v2\/media\/41969"}],"wp:attachment":[{"href":"https:\/\/conversesacatalunya.cat\/es\/wp-json\/wp\/v2\/media?parent=41985"}],"wp:term":[{"taxonomy":"category","embeddable":true,"href":"https:\/\/conversesacatalunya.cat\/es\/wp-json\/wp\/v2\/categories?post=41985"},{"taxonomy":"post_tag","embeddable":true,"href":"https:\/\/conversesacatalunya.cat\/es\/wp-json\/wp\/v2\/tags?post=41985"}],"curies":[{"name":"wp","href":"https:\/\/api.w.org\/{rel}","templated":true}]}}