{"id":41880,"date":"2020-11-02T09:37:21","date_gmt":"2020-11-02T08:37:21","guid":{"rendered":"https:\/\/conversesacatalunya.cat\/ningu-diu-guerra-azerbaidjan-turquia-armenia\/"},"modified":"2020-11-03T13:19:07","modified_gmt":"2020-11-03T12:19:07","slug":"lo-que-nadie-dice-sobre-la-guerra-de-azerbaiyan-y-turquia-contra-los-armenios","status":"publish","type":"post","link":"https:\/\/conversesacatalunya.cat\/es\/lo-que-nadie-dice-sobre-la-guerra-de-azerbaiyan-y-turquia-contra-los-armenios\/","title":{"rendered":"Lo que nadie dice sobre la guerra de Azerbaiy\u00e1n y Turqu\u00eda contra los armenios"},"content":{"rendered":"<p align=\"justify\">Armenia ha\u00a0solicitado\u00a0urgentemente la ayuda de Rusia para hacer frente a la ofensiva de Azerbaiy\u00e1n sobre la regi\u00f3n disputada de Nagorno-Karabaj, habitada por armenios cristianos.<\/p>\n<p align=\"justify\"><span class=\"\">Es la primera vez que Armenia hace un llamamiento a Rusia en el marco del acuerdo de defensa mutua y de asistencia en materia de seguridad, firmado entre Erev\u00e1n y Mosc\u00fa en 1997.<\/span><\/p>\n<p align=\"justify\">La solicitud del primer ministro armenio Nikol Pashinyan al presidente ruso Vladimir Putin llega en un momento cr\u00edtico, ya que la ofensiva de Azerbaiy\u00e1n amenaza ahora a Shusha, una poblaci\u00f3n cr\u00edtica para las comunicaciones entre la regi\u00f3n de mayor\u00eda armenia y las fronteras internacionalmente reconocidas del pa\u00eds.<\/p>\n<p align=\"justify\">El acuerdo de defensa entre Armenia y Mosc\u00fa no cubre los territorios ocupados fuera de las fronteras internacionalmente reconocidas, como es el caso de Nagorno-Karabaj.\u00a0Adem\u00e1s, de momento, Mosc\u00fa ha evitado posicionarse en favor de uno u otro bando, ya que ambos forman parte de la antigua esfera sovi\u00e9tica y Rusia mantiene intereses.<\/p>\n<p align=\"justify\">A pesar de ello, lo que s\u00ed que podr\u00eda obligar a Putin a mover ficha es la intervenci\u00f3n de Turqu\u00eda, que claramente busca extender su influencia en la regi\u00f3n del C\u00e1ucaso, tradicionalmente bajo el paraguas ruso.<\/p>\n<p align=\"justify\">Gracias principalmente a su tecnolog\u00eda m\u00e1s avanzada y a la ayuda militar enviada por Turqu\u00eda, el ej\u00e9rcito azeri ha ocupado ya parte de la regi\u00f3n de Nagorno-Karabaj desde que la guerra estall\u00f3 a finales de septiembre.<\/p>\n<p align=\"justify\">Las fuerzas azer\u00edes han tomado m\u00e1s de 1.500 kil\u00f3metros cuadrados de territorios habitados por cristianos armenios, causando m\u00e1s de 5.000 muertos y una avalancha de desplazados.<\/p>\n<p align=\"justify\">Seg\u00fan explica el periodista armenio Arthur Ghukasian, la\u00a0<a href=\"https:\/\/translate.googleusercontent.com\/translate_c?depth=1&amp;hl=es&amp;pto=aue&amp;rurl=translate.google.com&amp;sl=ca&amp;sp=nmt4&amp;tl=es&amp;u=https:\/\/latribunadelpaisvasco.com\/art\/13854\/arthur-ghukasian-turquia-tambien-ha-entrado-en-guerra-contra-armenia&amp;usg=ALkJrhiihHKBTEsNcpnQFJtWn-ktAdw44A\" target=\"_blank\" rel=\"noopener noreferrer\">realidad<\/a>\u00a0que muchos medios parecen evitar admitir es que Azerbaiy\u00e1n y Turqu\u00eda buscan ocupar un territorio que ha sido desde siempre habitado por una poblaci\u00f3n de cultura armenia.<\/p>\n<h3 align=\"justify\"><b>En las fronteras entre el mundo cristiano y el musulm\u00e1n<\/b><\/h3>\n<p align=\"justify\">La religi\u00f3n juega un papel crucial en el actual conflicto, ya que el C\u00e1ucaso sur es una de las fronteras entre el mundo cristiano y el mundo musulm\u00e1n.<\/p>\n<p align=\"justify\">Para entender el factor religioso, hay que retroceder hasta el a\u00f1o 301 despu\u00e9s de Jesucristo, cuando Armenia se convirti\u00f3 en la primera entidad soberana del mundo en adoptar el cristianismo como religi\u00f3n oficial.<\/p>\n<p align=\"justify\">Con la expansi\u00f3n del islam, la regi\u00f3n es convirti\u00f3 en una zona de frontera, o \u00abmarca\u00bb como dir\u00edamos en nuestro pa\u00eds, como lo fue Catalu\u00f1a durante la Alta Edad Media.<\/p>\n<p align=\"justify\">En las postrimer\u00edas de la dominaci\u00f3n del Imperio Otomano durante siglos, los armenios sufrieron el primer genocidio del siglo XX por parte de los turcos.<\/p>\n<p align=\"justify\">Las autoridades imperiales bajo la influencia de los J\u00f3venes Turcos hicieron todo lo posible para exterminar toda traza de Armenia -que hay que recordar, es la cultura oficialmente cristiana m\u00e1s antigua del mundo y por lo tanto cargada de simbolismo.<\/p>\n<p align=\"justify\">A pesar de\u00a0<a href=\"https:\/\/translate.googleusercontent.com\/translate_c?depth=1&amp;hl=es&amp;pto=aue&amp;rurl=translate.google.com&amp;sl=ca&amp;sp=nmt4&amp;tl=es&amp;u=https:\/\/es.wikipedia.org\/wiki\/Genocidio_armenio&amp;usg=ALkJrhgs_ZBXz-w26-D5kwhDV8kt1iWWNg\" target=\"_blank\" rel=\"noopener noreferrer\">masacrar<\/a>\u00a0entre un mill\u00f3n y medio y dos millones de personas seg\u00fan las estimaciones m\u00e1s ampliamente aceptadas, la identidad de los armenios sobrevivi\u00f3 a esta terrible prueba.<\/p>\n<p align=\"justify\">La regi\u00f3n de Nagorno-Karabaj actualmente en disputa se convirti\u00f3 en parte de una nueva entidad pol\u00edtica creada por la Uni\u00f3n Sovi\u00e9tica en 1921 y denominada Rep\u00fablica Socialista Sovi\u00e9tica de Azerbaiy\u00e1n. Una decisi\u00f3n que nunca fue aceptada por la poblaci\u00f3n local, compuesta por armenios en su inmensa mayor\u00eda.<\/p>\n<p align=\"justify\">A finales de la Uni\u00f3n Sovi\u00e9tica, las tensiones culturales resurgieron.\u00a0En 1988 se produjeron nuevas masacres de habitantes de Nagorno-Karabaj que quer\u00edan la uni\u00f3n con Armenia.\u00a0Con el fin de la URSS, estall\u00f3 una guerra abierta entre armenios y azer\u00edes, que dur\u00f3 hasta el 1994, cuando los armenios expulsaron definitivamente a las tropas enemigas de la regi\u00f3n en disputa.<\/p>\n<p align=\"justify\">Ghukasian insiste en se\u00f1alar que el gobierno de Azerbaiy\u00e1n inici\u00f3 ya en la d\u00e9cada de los 90 una pol\u00edtica de destrucci\u00f3n sistem\u00e1tica de todos los s\u00edmbolos culturales armenios dentro del territorio legalmente reconocido del pa\u00eds.\u00a0Al igual que Turqu\u00eda hizo a comienzos del siglo XX.<\/p>\n<p align=\"justify\">No hay tampoco que olvidar que Azerbaiy\u00e1n est\u00e1 gobernado desde su independencia de la Uni\u00f3n Sovi\u00e9tica por una dinast\u00eda de dictadores, Aliyev padre y Aliyev hijo, particularmente criticados por los abusos en derechos humanos.\u00a0Sus gobiernos han continuado instigando el odio contra la cultura armenia.<\/p>\n<h3 align=\"justify\"><b>La ayuda indispensable de Erdogan<\/b><\/h3>\n<p align=\"justify\"><span class=\"goog-text-highlight\">Desde que el presidente turco Recep Tayyip Erdogan inici\u00f3 una pol\u00edtica exterior intervencionista, Azerbaiy\u00e1n ha encontrado en Turqu\u00eda un aliado particularmente adecuado para ocupar la regi\u00f3n de Nagorno-Karabaj y proseguir su pol\u00edtica de abolici\u00f3n de la cultura armenia.<\/span><\/p>\n<p align=\"justify\">Erdogan interviene ya en Siria, Libia, contra pa\u00edses europeos como Chipre y Grecia, y ahora contra los armenios.\u00a0El\u00a0<a href=\"https:\/\/translate.googleusercontent.com\/translate_c?depth=1&amp;hl=es&amp;pto=aue&amp;rurl=translate.google.com&amp;sl=ca&amp;sp=nmt4&amp;tl=es&amp;u=https:\/\/www.lavanguardia.com\/internacional\/20200927\/483703223048\/turquia-promete-pleno-apoyo-a-azerbaiyan-en-el-conflicto-con-armenia.html&amp;usg=ALkJrhjTTpCVdihQgO2736L9dO10914X0A\" target=\"_blank\" rel=\"noopener noreferrer\">mandatario<\/a>\u00a0ha llegado a afirmar que Turqu\u00eda y Azerbaiy\u00e1n son dos pa\u00edses &#8230; pero una sola naci\u00f3n.\u00a0Se trata de una afirmaci\u00f3n muy preocupante, ya que parece retornar a las primeras d\u00e9cadas del siglo XX, en el momento del genocidio otomano contra los cristianos armenios.<\/p>\n<p align=\"justify\">Ante una agresi\u00f3n militar sin precedentes que ha causado ya miles de muertos y desplazados, el mundo occidental hace llamadas vac\u00edas al alto al fuego sin tomar partido por aquellos que corren el riesgo de perderlo todo. Una vez m\u00e1s, Europa responde con silencio a las provocaciones de Erdogan y su sue\u00f1o de conquista isl\u00e1mica.<\/p>\n<p align=\"justify\"><div id=\"polls-79\" class=\"wp-polls\">\n\t<form id=\"polls_form_79\" class=\"wp-polls-form\" action=\"\/index.php\" method=\"post\">\n\t\t<p style=\"display: none;\"><input type=\"hidden\" id=\"poll_79_nonce\" name=\"wp-polls-nonce\" value=\"f70ddac2c7\" \/><\/p>\n\t\t<p style=\"display: none;\"><input type=\"hidden\" name=\"poll_id\" value=\"79\" \/><\/p>\n\t\t<p style=\"text-align: center\"><strong>El govern espanyol hauria d'assumir la direcci\u00f3 i planificaci\u00f3 de la lluita contra la pand\u00e8mia, o b\u00e9 ha de deixar-ho en mans de les Comunitats Aut\u00f2nomes?<\/strong><\/p><div id=\"polls-79-ans\" class=\"wp-polls-ans\"><ul class=\"wp-polls-ul\">\n\t\t<li><input type=\"radio\" id=\"poll-answer-175\" name=\"poll_79\" value=\"175\" \/> <label for=\"poll-answer-175\">Si ho ha d'assumir<\/label><\/li>\n\t\t<li><input type=\"radio\" id=\"poll-answer-176\" name=\"poll_79\" value=\"176\" \/> <label for=\"poll-answer-176\">No ho ha d'assumir<\/label><\/li>\n\t\t<li><input type=\"radio\" id=\"poll-answer-177\" name=\"poll_79\" value=\"177\" \/> <label for=\"poll-answer-177\">No ho s\u00e9<\/label><\/li>\n\t\t<\/ul><p style=\"text-align: center\"><input type=\"button\" name=\"vote\" value=\"   Vota   \" class=\"Buttons\" onclick=\"poll_vote(79);\" \/><\/p><p style=\"text-align: center\"><a href=\"#ViewPollResults\" onclick=\"poll_result(79); return false;\" title=\"View Results Of This Poll\">Mira els resultats<\/a><\/p><\/div>\n\t<\/form>\n<\/div>\n<div id=\"polls-79-loading\" class=\"wp-polls-loading\"><img decoding=\"async\" data-src=\"https:\/\/conversesacatalunya.cat\/wp-content\/plugins\/wp-polls\/images\/loading.gif\" width=\"16\" height=\"16\" alt=\"Cargando ...\" title=\"Cargando ...\" class=\"wp-polls-image lazyload\" src=\"data:image\/svg+xml;base64,PHN2ZyB3aWR0aD0iMSIgaGVpZ2h0PSIxIiB4bWxucz0iaHR0cDovL3d3dy53My5vcmcvMjAwMC9zdmciPjwvc3ZnPg==\" style=\"--smush-placeholder-width: 16px; --smush-placeholder-aspect-ratio: 16\/16;\" \/>&nbsp;Cargando ...<\/div>\n\n","protected":false},"excerpt":{"rendered":"<p>Armenia ha\u00a0solicitado\u00a0urgentemente la ayuda de Rusia para hacer frente a la ofensiva de Azerbaiy\u00e1n sobre la regi\u00f3n disputada de Nagorno-Karabaj, habitada por armenios cristianos. Es la primera vez que Armenia hace un llamamiento a Rusia en el marco del acuerdo de defensa mutua y de asistencia en materia de seguridad, firmado entre Erev\u00e1n y Mosc\u00fa en 1997. La solicitud del primer ministro armenio Nikol Pashinyan al presidente ruso Vladimir Putin llega en un momento cr\u00edtico, ya que la ofensiva de Azerbaiy\u00e1n amenaza ahora a Shusha, una poblaci\u00f3n cr\u00edtica para las comunicaciones entre la regi\u00f3n de mayor\u00eda armenia y las fronteras internacionalmente reconocidas del pa\u00eds. El acuerdo de defensa entre Armenia y Mosc\u00fa no cubre los territorios ocupados fuera de las fronteras internacionalmente reconocidas, como es el caso de Nagorno-Karabaj.\u00a0Adem\u00e1s, de momento, Mosc\u00fa ha evitado posicionarse en favor de uno u otro bando, ya que ambos forman parte de la antigua esfera sovi\u00e9tica y Rusia mantiene intereses. A pesar de ello, lo que s\u00ed que podr\u00eda obligar a Putin a mover ficha es la intervenci\u00f3n de Turqu\u00eda, que claramente busca extender su influencia en la regi\u00f3n del C\u00e1ucaso, tradicionalmente bajo el paraguas ruso. Gracias principalmente a su tecnolog\u00eda m\u00e1s avanzada y a la ayuda militar enviada por Turqu\u00eda, el ej\u00e9rcito azeri ha ocupado ya parte de la regi\u00f3n de Nagorno-Karabaj desde que la guerra estall\u00f3 a finales de septiembre. Las fuerzas azer\u00edes han tomado m\u00e1s de 1.500 kil\u00f3metros cuadrados de territorios habitados por cristianos armenios, causando m\u00e1s de 5.000 muertos y una avalancha de desplazados. Seg\u00fan explica el periodista armenio Arthur Ghukasian, la\u00a0realidad\u00a0que muchos medios parecen evitar admitir es que Azerbaiy\u00e1n y Turqu\u00eda buscan ocupar un territorio que ha sido desde siempre habitado por una poblaci\u00f3n de cultura armenia. En las fronteras entre el mundo cristiano y el musulm\u00e1n La religi\u00f3n juega un papel crucial en el actual conflicto, ya que el C\u00e1ucaso sur es una de las fronteras entre el mundo cristiano y el mundo musulm\u00e1n. Para entender el factor religioso, hay que retroceder hasta el a\u00f1o 301 despu\u00e9s de Jesucristo, cuando Armenia se convirti\u00f3 en la primera entidad soberana del mundo en adoptar el cristianismo como religi\u00f3n oficial. Con la expansi\u00f3n del islam, la regi\u00f3n es convirti\u00f3 en una zona de frontera, o \u00abmarca\u00bb como dir\u00edamos en nuestro pa\u00eds, como lo fue Catalu\u00f1a durante la Alta Edad Media. En las postrimer\u00edas de la dominaci\u00f3n del Imperio Otomano durante siglos, los armenios sufrieron el primer genocidio del siglo XX por parte de los turcos. Las autoridades imperiales bajo la influencia de los J\u00f3venes Turcos hicieron todo lo posible para exterminar toda traza de Armenia -que hay que recordar, es la cultura oficialmente cristiana m\u00e1s antigua del mundo y por lo tanto cargada de simbolismo. A pesar de\u00a0masacrar\u00a0entre un mill\u00f3n y medio y dos millones de personas seg\u00fan las estimaciones m\u00e1s ampliamente aceptadas, la identidad de los armenios sobrevivi\u00f3 a esta terrible prueba. La regi\u00f3n de Nagorno-Karabaj actualmente en disputa se convirti\u00f3 en parte de una nueva entidad pol\u00edtica creada por la Uni\u00f3n Sovi\u00e9tica en 1921 y denominada Rep\u00fablica Socialista Sovi\u00e9tica de Azerbaiy\u00e1n. Una decisi\u00f3n que nunca fue aceptada por la poblaci\u00f3n local, compuesta por armenios en su inmensa mayor\u00eda. A finales de la Uni\u00f3n Sovi\u00e9tica, las tensiones culturales resurgieron.\u00a0En 1988 se produjeron nuevas masacres de habitantes de Nagorno-Karabaj que quer\u00edan la uni\u00f3n con Armenia.\u00a0Con el fin de la URSS, estall\u00f3 una guerra abierta entre armenios y azer\u00edes, que dur\u00f3 hasta el 1994, cuando los armenios expulsaron definitivamente a las tropas enemigas de la regi\u00f3n en disputa. Ghukasian insiste en se\u00f1alar que el gobierno de Azerbaiy\u00e1n inici\u00f3 ya en la d\u00e9cada de los 90 una pol\u00edtica de destrucci\u00f3n sistem\u00e1tica de todos los s\u00edmbolos culturales armenios dentro del territorio legalmente reconocido del pa\u00eds.\u00a0Al igual que Turqu\u00eda hizo a comienzos del siglo XX. No hay tampoco que olvidar que Azerbaiy\u00e1n est\u00e1 gobernado desde su independencia de la Uni\u00f3n Sovi\u00e9tica por una dinast\u00eda de dictadores, Aliyev padre y Aliyev hijo, particularmente criticados por los abusos en derechos humanos.\u00a0Sus gobiernos han continuado instigando el odio contra la cultura armenia. La ayuda indispensable de Erdogan Desde que el presidente turco Recep Tayyip Erdogan inici\u00f3 una pol\u00edtica exterior intervencionista, Azerbaiy\u00e1n ha encontrado en Turqu\u00eda un aliado particularmente adecuado para ocupar la regi\u00f3n de Nagorno-Karabaj y proseguir su pol\u00edtica de abolici\u00f3n de la cultura armenia. Erdogan interviene ya en Siria, Libia, contra pa\u00edses europeos como Chipre y Grecia, y ahora contra los armenios.\u00a0El\u00a0mandatario\u00a0ha llegado a afirmar que Turqu\u00eda y Azerbaiy\u00e1n son dos pa\u00edses &#8230; pero una sola naci\u00f3n.\u00a0Se trata de una afirmaci\u00f3n muy preocupante, ya que parece retornar a las primeras d\u00e9cadas del siglo XX, en el momento del genocidio otomano contra los cristianos armenios. Ante una agresi\u00f3n militar sin precedentes que ha causado ya miles de muertos y desplazados, el mundo occidental hace llamadas vac\u00edas al alto al fuego sin tomar partido por aquellos que corren el riesgo de perderlo todo. Una vez m\u00e1s, Europa responde con silencio a las provocaciones de Erdogan y su sue\u00f1o de conquista isl\u00e1mica.<\/p>\n","protected":false},"author":67,"featured_media":41815,"comment_status":"open","ping_status":"open","sticky":false,"template":"","format":"standard","meta":{"_FSMCFIC_featured_image_caption":"","_FSMCFIC_featured_image_nocaption":"","_FSMCFIC_featured_image_hide":"","footnotes":""},"categories":[806],"tags":[3187,3188,1308,1204],"class_list":["post-41880","post","type-post","status-publish","format-standard","has-post-thumbnail","hentry","category-punts-claus-del-dia-es","tag-armenia-es","tag-azerbaidjan-es","tag-conflictos-internacionales","tag-rusia"],"yoast_head":"<!-- This site is optimized with the Yoast SEO plugin v26.8 - https:\/\/yoast.com\/product\/yoast-seo-wordpress\/ -->\n<title>Lo que nadie dice sobre la guerra de Azerbaiy\u00e1n y Turqu\u00eda contra los armenios - Converses a Catalunya<\/title>\n<meta name=\"description\" content=\"El conflicto actual parece un nuevo intento de los herederos del Imperio Otomano de borrar del mapa la cultura armenia, el primer pa\u00eds cristiano de la historia mundial\" \/>\n<meta name=\"robots\" content=\"index, follow, max-snippet:-1, max-image-preview:large, max-video-preview:-1\" \/>\n<link rel=\"canonical\" href=\"https:\/\/conversesacatalunya.cat\/es\/lo-que-nadie-dice-sobre-la-guerra-de-azerbaiyan-y-turquia-contra-los-armenios\/\" \/>\n<meta property=\"og:locale\" content=\"es_ES\" \/>\n<meta property=\"og:type\" content=\"article\" \/>\n<meta property=\"og:title\" content=\"Lo que nadie dice sobre la guerra de Azerbaiy\u00e1n y Turqu\u00eda contra los armenios - Converses a Catalunya\" \/>\n<meta property=\"og:description\" content=\"El conflicto actual parece un nuevo intento de los herederos del Imperio Otomano de borrar del mapa la cultura armenia, el primer pa\u00eds cristiano de la historia mundial\" \/>\n<meta property=\"og:url\" content=\"https:\/\/conversesacatalunya.cat\/es\/lo-que-nadie-dice-sobre-la-guerra-de-azerbaiyan-y-turquia-contra-los-armenios\/\" \/>\n<meta property=\"og:site_name\" content=\"Converses a Catalunya\" \/>\n<meta property=\"article:published_time\" content=\"2020-11-02T08:37:21+00:00\" \/>\n<meta property=\"article:modified_time\" content=\"2020-11-03T12:19:07+00:00\" \/>\n<meta property=\"og:image\" content=\"https:\/\/conversesacatalunya.cat\/wp-content\/uploads\/2020\/10\/armenia.jpg\" \/>\n\t<meta property=\"og:image:width\" content=\"1020\" \/>\n\t<meta property=\"og:image:height\" content=\"574\" \/>\n\t<meta property=\"og:image:type\" content=\"image\/jpeg\" \/>\n<meta name=\"author\" content=\"conversesacatalunya\" \/>\n<meta name=\"twitter:card\" content=\"summary_large_image\" \/>\n<meta name=\"twitter:label1\" content=\"Escrito por\" \/>\n\t<meta name=\"twitter:data1\" content=\"conversesacatalunya\" \/>\n\t<meta name=\"twitter:label2\" content=\"Tiempo de lectura\" \/>\n\t<meta name=\"twitter:data2\" content=\"5 minutos\" \/>\n<script type=\"application\/ld+json\" class=\"yoast-schema-graph\">{\"@context\":\"https:\/\/schema.org\",\"@graph\":[{\"@type\":\"Article\",\"@id\":\"https:\/\/conversesacatalunya.cat\/es\/lo-que-nadie-dice-sobre-la-guerra-de-azerbaiyan-y-turquia-contra-los-armenios\/#article\",\"isPartOf\":{\"@id\":\"https:\/\/conversesacatalunya.cat\/es\/lo-que-nadie-dice-sobre-la-guerra-de-azerbaiyan-y-turquia-contra-los-armenios\/\"},\"author\":{\"name\":\"conversesacatalunya\",\"@id\":\"https:\/\/conversesacatalunya.cat\/#\/schema\/person\/c5a8ffe796b1512764aeb6d6d6fa0fc7\"},\"headline\":\"Lo que nadie dice sobre la guerra de Azerbaiy\u00e1n y Turqu\u00eda contra los armenios\",\"datePublished\":\"2020-11-02T08:37:21+00:00\",\"dateModified\":\"2020-11-03T12:19:07+00:00\",\"mainEntityOfPage\":{\"@id\":\"https:\/\/conversesacatalunya.cat\/es\/lo-que-nadie-dice-sobre-la-guerra-de-azerbaiyan-y-turquia-contra-los-armenios\/\"},\"wordCount\":952,\"commentCount\":0,\"image\":{\"@id\":\"https:\/\/conversesacatalunya.cat\/es\/lo-que-nadie-dice-sobre-la-guerra-de-azerbaiyan-y-turquia-contra-los-armenios\/#primaryimage\"},\"thumbnailUrl\":\"https:\/\/conversesacatalunya.cat\/wp-content\/uploads\/2020\/10\/armenia.jpg\",\"keywords\":[\"Arm\u00e8nia\",\"Azerbaidjan\",\"conflictos internacionales\",\"Rusia\"],\"articleSection\":[\"Punts clau del dia (ES)\"],\"inLanguage\":\"es\",\"potentialAction\":[{\"@type\":\"CommentAction\",\"name\":\"Comment\",\"target\":[\"https:\/\/conversesacatalunya.cat\/es\/lo-que-nadie-dice-sobre-la-guerra-de-azerbaiyan-y-turquia-contra-los-armenios\/#respond\"]}]},{\"@type\":\"WebPage\",\"@id\":\"https:\/\/conversesacatalunya.cat\/es\/lo-que-nadie-dice-sobre-la-guerra-de-azerbaiyan-y-turquia-contra-los-armenios\/\",\"url\":\"https:\/\/conversesacatalunya.cat\/es\/lo-que-nadie-dice-sobre-la-guerra-de-azerbaiyan-y-turquia-contra-los-armenios\/\",\"name\":\"Lo que nadie dice sobre la guerra de Azerbaiy\u00e1n y Turqu\u00eda contra los armenios - Converses a Catalunya\",\"isPartOf\":{\"@id\":\"https:\/\/conversesacatalunya.cat\/#website\"},\"primaryImageOfPage\":{\"@id\":\"https:\/\/conversesacatalunya.cat\/es\/lo-que-nadie-dice-sobre-la-guerra-de-azerbaiyan-y-turquia-contra-los-armenios\/#primaryimage\"},\"image\":{\"@id\":\"https:\/\/conversesacatalunya.cat\/es\/lo-que-nadie-dice-sobre-la-guerra-de-azerbaiyan-y-turquia-contra-los-armenios\/#primaryimage\"},\"thumbnailUrl\":\"https:\/\/conversesacatalunya.cat\/wp-content\/uploads\/2020\/10\/armenia.jpg\",\"datePublished\":\"2020-11-02T08:37:21+00:00\",\"dateModified\":\"2020-11-03T12:19:07+00:00\",\"author\":{\"@id\":\"https:\/\/conversesacatalunya.cat\/#\/schema\/person\/c5a8ffe796b1512764aeb6d6d6fa0fc7\"},\"description\":\"El conflicto actual parece un nuevo intento de los herederos del Imperio Otomano de borrar del mapa la cultura armenia, el primer pa\u00eds cristiano de la historia mundial\",\"breadcrumb\":{\"@id\":\"https:\/\/conversesacatalunya.cat\/es\/lo-que-nadie-dice-sobre-la-guerra-de-azerbaiyan-y-turquia-contra-los-armenios\/#breadcrumb\"},\"inLanguage\":\"es\",\"potentialAction\":[{\"@type\":\"ReadAction\",\"target\":[\"https:\/\/conversesacatalunya.cat\/es\/lo-que-nadie-dice-sobre-la-guerra-de-azerbaiyan-y-turquia-contra-los-armenios\/\"]}]},{\"@type\":\"ImageObject\",\"inLanguage\":\"es\",\"@id\":\"https:\/\/conversesacatalunya.cat\/es\/lo-que-nadie-dice-sobre-la-guerra-de-azerbaiyan-y-turquia-contra-los-armenios\/#primaryimage\",\"url\":\"https:\/\/conversesacatalunya.cat\/wp-content\/uploads\/2020\/10\/armenia.jpg\",\"contentUrl\":\"https:\/\/conversesacatalunya.cat\/wp-content\/uploads\/2020\/10\/armenia.jpg\",\"width\":1020,\"height\":574},{\"@type\":\"BreadcrumbList\",\"@id\":\"https:\/\/conversesacatalunya.cat\/es\/lo-que-nadie-dice-sobre-la-guerra-de-azerbaiyan-y-turquia-contra-los-armenios\/#breadcrumb\",\"itemListElement\":[{\"@type\":\"ListItem\",\"position\":1,\"name\":\"Inici\",\"item\":\"https:\/\/conversesacatalunya.cat\/es\/\"},{\"@type\":\"ListItem\",\"position\":2,\"name\":\"Lo que nadie dice sobre la guerra de Azerbaiy\u00e1n y Turqu\u00eda contra los armenios\"}]},{\"@type\":\"WebSite\",\"@id\":\"https:\/\/conversesacatalunya.cat\/#website\",\"url\":\"https:\/\/conversesacatalunya.cat\/\",\"name\":\"Converses a Catalunya\",\"description\":\"\",\"potentialAction\":[{\"@type\":\"SearchAction\",\"target\":{\"@type\":\"EntryPoint\",\"urlTemplate\":\"https:\/\/conversesacatalunya.cat\/?s={search_term_string}\"},\"query-input\":{\"@type\":\"PropertyValueSpecification\",\"valueRequired\":true,\"valueName\":\"search_term_string\"}}],\"inLanguage\":\"es\"},{\"@type\":\"Person\",\"@id\":\"https:\/\/conversesacatalunya.cat\/#\/schema\/person\/c5a8ffe796b1512764aeb6d6d6fa0fc7\",\"name\":\"conversesacatalunya\",\"image\":{\"@type\":\"ImageObject\",\"inLanguage\":\"es\",\"@id\":\"https:\/\/conversesacatalunya.cat\/#\/schema\/person\/image\/\",\"url\":\"https:\/\/conversesacatalunya.cat\/wp-content\/litespeed\/avatar\/02659ee938034c59a151ae106ade943e.jpg?ver=1777051754\",\"contentUrl\":\"https:\/\/conversesacatalunya.cat\/wp-content\/litespeed\/avatar\/02659ee938034c59a151ae106ade943e.jpg?ver=1777051754\",\"caption\":\"conversesacatalunya\"},\"url\":\"https:\/\/conversesacatalunya.cat\/es\/author\/carles_lopez\/\"}]}<\/script>\n<!-- \/ Yoast SEO plugin. -->","yoast_head_json":{"title":"Lo que nadie dice sobre la guerra de Azerbaiy\u00e1n y Turqu\u00eda contra los armenios - Converses a Catalunya","description":"El conflicto actual parece un nuevo intento de los herederos del Imperio Otomano de borrar del mapa la cultura armenia, el primer pa\u00eds cristiano de la historia mundial","robots":{"index":"index","follow":"follow","max-snippet":"max-snippet:-1","max-image-preview":"max-image-preview:large","max-video-preview":"max-video-preview:-1"},"canonical":"https:\/\/conversesacatalunya.cat\/es\/lo-que-nadie-dice-sobre-la-guerra-de-azerbaiyan-y-turquia-contra-los-armenios\/","og_locale":"es_ES","og_type":"article","og_title":"Lo que nadie dice sobre la guerra de Azerbaiy\u00e1n y Turqu\u00eda contra los armenios - Converses a Catalunya","og_description":"El conflicto actual parece un nuevo intento de los herederos del Imperio Otomano de borrar del mapa la cultura armenia, el primer pa\u00eds cristiano de la historia mundial","og_url":"https:\/\/conversesacatalunya.cat\/es\/lo-que-nadie-dice-sobre-la-guerra-de-azerbaiyan-y-turquia-contra-los-armenios\/","og_site_name":"Converses a Catalunya","article_published_time":"2020-11-02T08:37:21+00:00","article_modified_time":"2020-11-03T12:19:07+00:00","og_image":[{"width":1020,"height":574,"url":"https:\/\/conversesacatalunya.cat\/wp-content\/uploads\/2020\/10\/armenia.jpg","type":"image\/jpeg"}],"author":"conversesacatalunya","twitter_card":"summary_large_image","twitter_misc":{"Escrito por":"conversesacatalunya","Tiempo de lectura":"5 minutos"},"schema":{"@context":"https:\/\/schema.org","@graph":[{"@type":"Article","@id":"https:\/\/conversesacatalunya.cat\/es\/lo-que-nadie-dice-sobre-la-guerra-de-azerbaiyan-y-turquia-contra-los-armenios\/#article","isPartOf":{"@id":"https:\/\/conversesacatalunya.cat\/es\/lo-que-nadie-dice-sobre-la-guerra-de-azerbaiyan-y-turquia-contra-los-armenios\/"},"author":{"name":"conversesacatalunya","@id":"https:\/\/conversesacatalunya.cat\/#\/schema\/person\/c5a8ffe796b1512764aeb6d6d6fa0fc7"},"headline":"Lo que nadie dice sobre la guerra de Azerbaiy\u00e1n y Turqu\u00eda contra los armenios","datePublished":"2020-11-02T08:37:21+00:00","dateModified":"2020-11-03T12:19:07+00:00","mainEntityOfPage":{"@id":"https:\/\/conversesacatalunya.cat\/es\/lo-que-nadie-dice-sobre-la-guerra-de-azerbaiyan-y-turquia-contra-los-armenios\/"},"wordCount":952,"commentCount":0,"image":{"@id":"https:\/\/conversesacatalunya.cat\/es\/lo-que-nadie-dice-sobre-la-guerra-de-azerbaiyan-y-turquia-contra-los-armenios\/#primaryimage"},"thumbnailUrl":"https:\/\/conversesacatalunya.cat\/wp-content\/uploads\/2020\/10\/armenia.jpg","keywords":["Arm\u00e8nia","Azerbaidjan","conflictos internacionales","Rusia"],"articleSection":["Punts clau del dia (ES)"],"inLanguage":"es","potentialAction":[{"@type":"CommentAction","name":"Comment","target":["https:\/\/conversesacatalunya.cat\/es\/lo-que-nadie-dice-sobre-la-guerra-de-azerbaiyan-y-turquia-contra-los-armenios\/#respond"]}]},{"@type":"WebPage","@id":"https:\/\/conversesacatalunya.cat\/es\/lo-que-nadie-dice-sobre-la-guerra-de-azerbaiyan-y-turquia-contra-los-armenios\/","url":"https:\/\/conversesacatalunya.cat\/es\/lo-que-nadie-dice-sobre-la-guerra-de-azerbaiyan-y-turquia-contra-los-armenios\/","name":"Lo que nadie dice sobre la guerra de Azerbaiy\u00e1n y Turqu\u00eda contra los armenios - Converses a Catalunya","isPartOf":{"@id":"https:\/\/conversesacatalunya.cat\/#website"},"primaryImageOfPage":{"@id":"https:\/\/conversesacatalunya.cat\/es\/lo-que-nadie-dice-sobre-la-guerra-de-azerbaiyan-y-turquia-contra-los-armenios\/#primaryimage"},"image":{"@id":"https:\/\/conversesacatalunya.cat\/es\/lo-que-nadie-dice-sobre-la-guerra-de-azerbaiyan-y-turquia-contra-los-armenios\/#primaryimage"},"thumbnailUrl":"https:\/\/conversesacatalunya.cat\/wp-content\/uploads\/2020\/10\/armenia.jpg","datePublished":"2020-11-02T08:37:21+00:00","dateModified":"2020-11-03T12:19:07+00:00","author":{"@id":"https:\/\/conversesacatalunya.cat\/#\/schema\/person\/c5a8ffe796b1512764aeb6d6d6fa0fc7"},"description":"El conflicto actual parece un nuevo intento de los herederos del Imperio Otomano de borrar del mapa la cultura armenia, el primer pa\u00eds cristiano de la historia mundial","breadcrumb":{"@id":"https:\/\/conversesacatalunya.cat\/es\/lo-que-nadie-dice-sobre-la-guerra-de-azerbaiyan-y-turquia-contra-los-armenios\/#breadcrumb"},"inLanguage":"es","potentialAction":[{"@type":"ReadAction","target":["https:\/\/conversesacatalunya.cat\/es\/lo-que-nadie-dice-sobre-la-guerra-de-azerbaiyan-y-turquia-contra-los-armenios\/"]}]},{"@type":"ImageObject","inLanguage":"es","@id":"https:\/\/conversesacatalunya.cat\/es\/lo-que-nadie-dice-sobre-la-guerra-de-azerbaiyan-y-turquia-contra-los-armenios\/#primaryimage","url":"https:\/\/conversesacatalunya.cat\/wp-content\/uploads\/2020\/10\/armenia.jpg","contentUrl":"https:\/\/conversesacatalunya.cat\/wp-content\/uploads\/2020\/10\/armenia.jpg","width":1020,"height":574},{"@type":"BreadcrumbList","@id":"https:\/\/conversesacatalunya.cat\/es\/lo-que-nadie-dice-sobre-la-guerra-de-azerbaiyan-y-turquia-contra-los-armenios\/#breadcrumb","itemListElement":[{"@type":"ListItem","position":1,"name":"Inici","item":"https:\/\/conversesacatalunya.cat\/es\/"},{"@type":"ListItem","position":2,"name":"Lo que nadie dice sobre la guerra de Azerbaiy\u00e1n y Turqu\u00eda contra los armenios"}]},{"@type":"WebSite","@id":"https:\/\/conversesacatalunya.cat\/#website","url":"https:\/\/conversesacatalunya.cat\/","name":"Converses a Catalunya","description":"","potentialAction":[{"@type":"SearchAction","target":{"@type":"EntryPoint","urlTemplate":"https:\/\/conversesacatalunya.cat\/?s={search_term_string}"},"query-input":{"@type":"PropertyValueSpecification","valueRequired":true,"valueName":"search_term_string"}}],"inLanguage":"es"},{"@type":"Person","@id":"https:\/\/conversesacatalunya.cat\/#\/schema\/person\/c5a8ffe796b1512764aeb6d6d6fa0fc7","name":"conversesacatalunya","image":{"@type":"ImageObject","inLanguage":"es","@id":"https:\/\/conversesacatalunya.cat\/#\/schema\/person\/image\/","url":"https:\/\/conversesacatalunya.cat\/wp-content\/litespeed\/avatar\/02659ee938034c59a151ae106ade943e.jpg?ver=1777051754","contentUrl":"https:\/\/conversesacatalunya.cat\/wp-content\/litespeed\/avatar\/02659ee938034c59a151ae106ade943e.jpg?ver=1777051754","caption":"conversesacatalunya"},"url":"https:\/\/conversesacatalunya.cat\/es\/author\/carles_lopez\/"}]}},"wps_subtitle":"El conflicto actual parece un nuevo intento de los herederos del Imperio Otomano de borrar del mapa la cultura armenia, el primer pa\u00eds cristiano de la historia mundial","_links":{"self":[{"href":"https:\/\/conversesacatalunya.cat\/es\/wp-json\/wp\/v2\/posts\/41880","targetHints":{"allow":["GET"]}}],"collection":[{"href":"https:\/\/conversesacatalunya.cat\/es\/wp-json\/wp\/v2\/posts"}],"about":[{"href":"https:\/\/conversesacatalunya.cat\/es\/wp-json\/wp\/v2\/types\/post"}],"author":[{"embeddable":true,"href":"https:\/\/conversesacatalunya.cat\/es\/wp-json\/wp\/v2\/users\/67"}],"replies":[{"embeddable":true,"href":"https:\/\/conversesacatalunya.cat\/es\/wp-json\/wp\/v2\/comments?post=41880"}],"version-history":[{"count":4,"href":"https:\/\/conversesacatalunya.cat\/es\/wp-json\/wp\/v2\/posts\/41880\/revisions"}],"predecessor-version":[{"id":41911,"href":"https:\/\/conversesacatalunya.cat\/es\/wp-json\/wp\/v2\/posts\/41880\/revisions\/41911"}],"wp:featuredmedia":[{"embeddable":true,"href":"https:\/\/conversesacatalunya.cat\/es\/wp-json\/wp\/v2\/media\/41815"}],"wp:attachment":[{"href":"https:\/\/conversesacatalunya.cat\/es\/wp-json\/wp\/v2\/media?parent=41880"}],"wp:term":[{"taxonomy":"category","embeddable":true,"href":"https:\/\/conversesacatalunya.cat\/es\/wp-json\/wp\/v2\/categories?post=41880"},{"taxonomy":"post_tag","embeddable":true,"href":"https:\/\/conversesacatalunya.cat\/es\/wp-json\/wp\/v2\/tags?post=41880"}],"curies":[{"name":"wp","href":"https:\/\/api.w.org\/{rel}","templated":true}]}}