{"id":41847,"date":"2020-11-02T11:30:04","date_gmt":"2020-11-02T10:30:04","guid":{"rendered":"https:\/\/conversesacatalunya.cat\/?p=41847"},"modified":"2020-11-05T14:05:02","modified_gmt":"2020-11-05T13:05:02","slug":"estado-de-alarma-incompetencia-a-la-institucionalidad","status":"publish","type":"post","link":"https:\/\/conversesacatalunya.cat\/es\/estado-de-alarma-incompetencia-a-la-institucionalidad\/","title":{"rendered":"Estado de alarma: De la incompetencia a la institucionalidad por mayor\u00eda abrumadora"},"content":{"rendered":"<p>El nuevo estado de alarma es un <strong>doble fracaso<\/strong>. El de las pol\u00edticas seguidas por el gobierno espa\u00f1ol y de muchos de los gobiernos auton\u00f3micos a su aire, y el del Estado de Derecho<\/p>\n<p>En Alemania, un estado realmente federal con una situaci\u00f3n mucho mejor que la espa\u00f1ola, la primera ministra Merkel ha establecido exigentes medidas federales para todo el pa\u00eds, sin menoscabo de otras de car\u00e1cter estatal, a pesar de la distinta situaci\u00f3n de cada land. En Espa\u00f1a el gobierno se ha puesto de perfil, y establece una nueva situaci\u00f3n de excepcionalidad que deja en manos de las comunidades aut\u00f3nomas, pero sin un plan y estrategia conjunta. Se critica a la Uni\u00f3n Europea porque no tiene capacidad normativa para adoptar una pol\u00edtica com\u00fan en relaci\u00f3n con la pandemia, y en Espa\u00f1a, donde tal cosa es posible, el gobierno S\u00e1nchez es poco m\u00e1s que un espectador.<\/p>\n<p>Por otra parte, vuelve a congelar el Congreso medio a\u00f1o en una decisi\u00f3n que, para muchos juristas, incluidos antiguos miembros del Tribunal Constitucional, es <strong>contrario a la Constituci\u00f3n<\/strong>, que establece un plazo m\u00e1ximo de 15 d\u00edas prorrogables por acuerdo del Congreso. Es un paso m\u00e1s hacia la desvirtualizaci\u00f3n de la democracia y el Estado de Derecho, y por esta raz\u00f3n constituye un precedente peligroso. Habr\u00e1 que ver qu\u00e9 dice otra vez la Uni\u00f3n Europea, quien ya frustr\u00f3 el intento de manipular la elecci\u00f3n de los jueces del Poder Judicial.<\/p>\n<p>Pero antes de llegar a este estado de cosas, era- sigue siendo- necesario contestar a una cuesti\u00f3n b\u00e1sica: \u00bfC\u00f3mo hemos llegado a este nuevo gran fracaso? Si no conocemos lo que ha fallado es imposible que salgamos del c\u00edrculo vicioso que una y otra vez nos llevar\u00e1 a nuevas y calamitosas restricciones.<\/p>\n<p>Un ejemplo claro de los errores que se producen cuando no existe una revisi\u00f3n de los previos se encuentra en Catalu\u00f1a. Esta comunidad estableci\u00f3 el cierre de bares y restaurantes durante 15 d\u00edas, con una indemnizaci\u00f3n total por establecimiento de 1000 a 1500 euros. Es una soluci\u00f3n ruinosa. Pues bien, la propagaci\u00f3n de la epidemia ha continuado aceleradamente. Los efectos del cierre han sido nulos o marginales.<\/p>\n<p>Estos son bajo mi punto de vista los principales errores de la pol\u00edtica seguida contra la Covid-19:<\/p>\n<ul>\n<li>Unas intervenciones contundentes muy tard\u00edas, que llegan, una vez m\u00e1s, cuando el Sar-Cov-2 ha hecho saltar todas las barreras.<\/li>\n<li>El excesivo retraso en conocer los resultados de las PCR, que impide que los contagiados no sigan trasmitiendo la enfermedad.<\/li>\n<li>Pero todav\u00eda m\u00e1s acentuado, el rastreo insuficiente de las cadenas de contagio.<\/li>\n<li>La aplicaci\u00f3n de una gesti\u00f3n y metodolog\u00eda de rastreo que identifica de manera muy parcial los contactos no establece bien los focos; por ejemplo, subvalora la trasmisi\u00f3n en el transporte p\u00fablico.<\/li>\n<li>Los insuficientes recursos de control para garantizar un efectivo cumplimiento de la cuarentena por parte de la personas afectadas.<\/li>\n<li>Una informaci\u00f3n confusa, deficiente e insuficiente. Es el caso, por se\u00f1alar un ejemplo, de la obligaci\u00f3n de guardar cuarentena por parte de quienes hayan estado en contacto con un contagiado, aunque la prueba de PCR de negativa.<\/li>\n<li>Las consecuencias de la confusi\u00f3n en la disciplina de los ciudadanos necesaria para cumplir con las normas.<\/li>\n<li>La ausencia de interlocuci\u00f3n del Ministerio de Sanidad con las Organizaciones de M\u00e9dicos, a quienes simplemente ignora, como ha explicado la Organizaci\u00f3n M\u00e9dica Colegial.<\/li>\n<li>El olvido de toda medida t\u00e9cnica para frenar el coronavirus, especialmente su propagaci\u00f3n mediante aerosoles. Afecta a muchos y distintos planos de la cuesti\u00f3n, a la situaci\u00f3n y medias sobre el transporte p\u00fablico, a la inexistencia de protocolos obligatorios para la aireaci\u00f3n natural, como los que la OMS dispone, la falta de incentivos, incluida la informaci\u00f3n sobre medios eficaces antivirus, como la <a href=\"https:\/\/conversesacatalunya.cat\/es\/es-la-luz-ultravioleta-una-respuesta-eficaz-para-combatir-la-propagacion-del-coronavirus\/\" target=\"_blank\" rel=\"noopener noreferrer\">luz ultravioleta<\/a>, la ventilaci\u00f3n con filtros antiv\u00edricos, la medici\u00f3n de C0<sub>2 <\/sub>en locales cerrados para verificar el estado de la ventilaci\u00f3n. As\u00ed, con datos por debajo de las 700 ppm y ya no digamos si resultan inferiores a 500 ppm la transmisi\u00f3n por el aire es muy improbable si se usa la mascarilla y la distancia es la adecuada. Este tipo de enfoque, y otros m\u00e1s, hubieran facilitado el mantenimiento restringido, pero sin cierre, de muchas actividades econ\u00f3micas. Todo lo que sea conocimiento objetivo de la propagaci\u00f3n permite un mejor control.<\/li>\n<li>El olvido del potencial de la protecci\u00f3n civil, que apenas si se ha utilizado, para prevenir, informar y controlar. Hay aqu\u00ed un inmenso y beneficioso capitulo para explorar.<\/li>\n<li>Finalmente, la manera deficiente como se han abordado las actitudes de grupos de irresponsables que movidos por un irrefrenable impulso jolgorioso han actuado como grandes contagiadores de grupo. No son meras infracciones administrativas, sino verdaderos atentados contra la salud p\u00fablica, y como tal deben ser tratados. Esto y la necesidad de aumentar el capital social en t\u00e9rminos de responsabilidad social. El famoso filosofo de la cotidianidad \u00a0Byung-Chul analizaba en un texto reciente como los buenos resultados de Jap\u00f3n, Corea del Sur, Taiwan, Singapur y Hong Kong, no radicaban solamente- que tambi\u00e9n- en la eficacia de sus pol\u00edticas p\u00fablicas, sino en el comportamiento y responsabilidad colectiva de sus ciudadanos. Este es otro capitulo in\u00e9dito, cuyo abordaje permitir\u00eda avanzar en muchos otros aspectos de la vida com\u00fan.<\/li>\n<\/ul>\n<span class='bctt-click-to-tweet'><span class='bctt-ctt-text'><a href='https:\/\/twitter.com\/intent\/tweet?url=https%3A%2F%2Fconversesacatalunya.cat%2Fes%2Festado-de-alarma-incompetencia-a-la-institucionalidad%2F&#038;text=El%20nuevo%20estado%20de%20alarma%20es%20un%20fracaso%20de%20las%20pol%C3%ADticas%20seguidas%20por%20el%20gobierno%20espa%C3%B1ol%20y%20CCAA%20y%20el%20del%20Estado%20de%20Derecho&#038;via=conversesacat&#038;related=conversesacat' target='_blank'rel=\"noopener noreferrer\">El nuevo estado de alarma es un fracaso de las pol\u00edticas seguidas por el gobierno espa\u00f1ol y CCAA y el del Estado de Derecho <\/a><\/span><a href='https:\/\/twitter.com\/intent\/tweet?url=https%3A%2F%2Fconversesacatalunya.cat%2Fes%2Festado-de-alarma-incompetencia-a-la-institucionalidad%2F&#038;text=El%20nuevo%20estado%20de%20alarma%20es%20un%20fracaso%20de%20las%20pol%C3%ADticas%20seguidas%20por%20el%20gobierno%20espa%C3%B1ol%20y%20CCAA%20y%20el%20del%20Estado%20de%20Derecho&#038;via=conversesacat&#038;related=conversesacat' target='_blank' class='bctt-ctt-btn'rel=\"noopener noreferrer\">Compartir en X<\/a><\/span>\n<p style=\"text-align: center;\">M\u00e1s informaci\u00f3n sobre el coronavirus en <a href=\"https:\/\/conversesacatalunya.cat\/es\/coronavirus\/\" target=\"_blank\" rel=\"noopener noreferrer\"><strong>ESPECIAL CORONAVIRUS<\/strong><\/a><\/p>\n<div id=\"polls-78\" class=\"wp-polls\">\n\t<form id=\"polls_form_78\" class=\"wp-polls-form\" action=\"\/index.php\" method=\"post\">\n\t\t<p style=\"display: none;\"><input type=\"hidden\" id=\"poll_78_nonce\" name=\"wp-polls-nonce\" value=\"f51ea0a7ff\" \/><\/p>\n\t\t<p style=\"display: none;\"><input type=\"hidden\" name=\"poll_id\" value=\"78\" \/><\/p>\n\t\t<p style=\"text-align: center\"><strong>Creus que la visita del president S\u00e1nchez al Papa Francesc li ha estat pol\u00edticament rendible despr\u00e9s del petit discurs del Papa als assistents a l'acte?<\/strong><\/p><div id=\"polls-78-ans\" class=\"wp-polls-ans\"><ul class=\"wp-polls-ul\">\n\t\t<li><input type=\"radio\" id=\"poll-answer-172\" name=\"poll_78\" value=\"172\" \/> <label for=\"poll-answer-172\">Si<\/label><\/li>\n\t\t<li><input type=\"radio\" id=\"poll-answer-173\" name=\"poll_78\" value=\"173\" \/> <label for=\"poll-answer-173\">No<\/label><\/li>\n\t\t<li><input type=\"radio\" id=\"poll-answer-174\" name=\"poll_78\" value=\"174\" \/> <label for=\"poll-answer-174\">No ho s\u00e9<\/label><\/li>\n\t\t<\/ul><p style=\"text-align: center\"><input type=\"button\" name=\"vote\" value=\"   Vota   \" class=\"Buttons\" onclick=\"poll_vote(78);\" \/><\/p><p style=\"text-align: center\"><a href=\"#ViewPollResults\" onclick=\"poll_result(78); return false;\" title=\"View Results Of This Poll\">Mira els resultats<\/a><\/p><\/div>\n\t<\/form>\n<\/div>\n<div id=\"polls-78-loading\" class=\"wp-polls-loading\"><img decoding=\"async\" data-src=\"https:\/\/conversesacatalunya.cat\/wp-content\/plugins\/wp-polls\/images\/loading.gif\" width=\"16\" height=\"16\" alt=\"Cargando ...\" title=\"Cargando ...\" class=\"wp-polls-image lazyload\" src=\"data:image\/svg+xml;base64,PHN2ZyB3aWR0aD0iMSIgaGVpZ2h0PSIxIiB4bWxucz0iaHR0cDovL3d3dy53My5vcmcvMjAwMC9zdmciPjwvc3ZnPg==\" style=\"--smush-placeholder-width: 16px; --smush-placeholder-aspect-ratio: 16\/16;\" \/>&nbsp;Cargando ...<\/div>\n\n","protected":false},"excerpt":{"rendered":"<p>El nuevo estado de alarma es un doble fracaso. El de las pol\u00edticas seguidas por el gobierno espa\u00f1ol y de muchos de los gobiernos auton\u00f3micos a su aire, y el del Estado de Derecho En Alemania, un estado realmente federal con una situaci\u00f3n mucho mejor que la espa\u00f1ola, la primera ministra Merkel ha establecido exigentes medidas federales para todo el pa\u00eds, sin menoscabo de otras de car\u00e1cter estatal, a pesar de la distinta situaci\u00f3n de cada land. En Espa\u00f1a el gobierno se ha puesto de perfil, y establece una nueva situaci\u00f3n de excepcionalidad que deja en manos de las comunidades aut\u00f3nomas, pero sin un plan y estrategia conjunta. Se critica a la Uni\u00f3n Europea porque no tiene capacidad normativa para adoptar una pol\u00edtica com\u00fan en relaci\u00f3n con la pandemia, y en Espa\u00f1a, donde tal cosa es posible, el gobierno S\u00e1nchez es poco m\u00e1s que un espectador. Por otra parte, vuelve a congelar el Congreso medio a\u00f1o en una decisi\u00f3n que, para muchos juristas, incluidos antiguos miembros del Tribunal Constitucional, es contrario a la Constituci\u00f3n, que establece un plazo m\u00e1ximo de 15 d\u00edas prorrogables por acuerdo del Congreso. Es un paso m\u00e1s hacia la desvirtualizaci\u00f3n de la democracia y el Estado de Derecho, y por esta raz\u00f3n constituye un precedente peligroso. Habr\u00e1 que ver qu\u00e9 dice otra vez la Uni\u00f3n Europea, quien ya frustr\u00f3 el intento de manipular la elecci\u00f3n de los jueces del Poder Judicial. Pero antes de llegar a este estado de cosas, era- sigue siendo- necesario contestar a una cuesti\u00f3n b\u00e1sica: \u00bfC\u00f3mo hemos llegado a este nuevo gran fracaso? Si no conocemos lo que ha fallado es imposible que salgamos del c\u00edrculo vicioso que una y otra vez nos llevar\u00e1 a nuevas y calamitosas restricciones. Un ejemplo claro de los errores que se producen cuando no existe una revisi\u00f3n de los previos se encuentra en Catalu\u00f1a. Esta comunidad estableci\u00f3 el cierre de bares y restaurantes durante 15 d\u00edas, con una indemnizaci\u00f3n total por establecimiento de 1000 a 1500 euros. Es una soluci\u00f3n ruinosa. Pues bien, la propagaci\u00f3n de la epidemia ha continuado aceleradamente. Los efectos del cierre han sido nulos o marginales. Estos son bajo mi punto de vista los principales errores de la pol\u00edtica seguida contra la Covid-19: Unas intervenciones contundentes muy tard\u00edas, que llegan, una vez m\u00e1s, cuando el Sar-Cov-2 ha hecho saltar todas las barreras. El excesivo retraso en conocer los resultados de las PCR, que impide que los contagiados no sigan trasmitiendo la enfermedad. Pero todav\u00eda m\u00e1s acentuado, el rastreo insuficiente de las cadenas de contagio. La aplicaci\u00f3n de una gesti\u00f3n y metodolog\u00eda de rastreo que identifica de manera muy parcial los contactos no establece bien los focos; por ejemplo, subvalora la trasmisi\u00f3n en el transporte p\u00fablico. Los insuficientes recursos de control para garantizar un efectivo cumplimiento de la cuarentena por parte de la personas afectadas. Una informaci\u00f3n confusa, deficiente e insuficiente. Es el caso, por se\u00f1alar un ejemplo, de la obligaci\u00f3n de guardar cuarentena por parte de quienes hayan estado en contacto con un contagiado, aunque la prueba de PCR de negativa. Las consecuencias de la confusi\u00f3n en la disciplina de los ciudadanos necesaria para cumplir con las normas. La ausencia de interlocuci\u00f3n del Ministerio de Sanidad con las Organizaciones de M\u00e9dicos, a quienes simplemente ignora, como ha explicado la Organizaci\u00f3n M\u00e9dica Colegial. El olvido de toda medida t\u00e9cnica para frenar el coronavirus, especialmente su propagaci\u00f3n mediante aerosoles. Afecta a muchos y distintos planos de la cuesti\u00f3n, a la situaci\u00f3n y medias sobre el transporte p\u00fablico, a la inexistencia de protocolos obligatorios para la aireaci\u00f3n natural, como los que la OMS dispone, la falta de incentivos, incluida la informaci\u00f3n sobre medios eficaces antivirus, como la luz ultravioleta, la ventilaci\u00f3n con filtros antiv\u00edricos, la medici\u00f3n de C02 en locales cerrados para verificar el estado de la ventilaci\u00f3n. As\u00ed, con datos por debajo de las 700 ppm y ya no digamos si resultan inferiores a 500 ppm la transmisi\u00f3n por el aire es muy improbable si se usa la mascarilla y la distancia es la adecuada. Este tipo de enfoque, y otros m\u00e1s, hubieran facilitado el mantenimiento restringido, pero sin cierre, de muchas actividades econ\u00f3micas. Todo lo que sea conocimiento objetivo de la propagaci\u00f3n permite un mejor control. El olvido del potencial de la protecci\u00f3n civil, que apenas si se ha utilizado, para prevenir, informar y controlar. Hay aqu\u00ed un inmenso y beneficioso capitulo para explorar. Finalmente, la manera deficiente como se han abordado las actitudes de grupos de irresponsables que movidos por un irrefrenable impulso jolgorioso han actuado como grandes contagiadores de grupo. No son meras infracciones administrativas, sino verdaderos atentados contra la salud p\u00fablica, y como tal deben ser tratados. Esto y la necesidad de aumentar el capital social en t\u00e9rminos de responsabilidad social. El famoso filosofo de la cotidianidad \u00a0Byung-Chul analizaba en un texto reciente como los buenos resultados de Jap\u00f3n, Corea del Sur, Taiwan, Singapur y Hong Kong, no radicaban solamente- que tambi\u00e9n- en la eficacia de sus pol\u00edticas p\u00fablicas, sino en el comportamiento y responsabilidad colectiva de sus ciudadanos. Este es otro capitulo in\u00e9dito, cuyo abordaje permitir\u00eda avanzar en muchos otros aspectos de la vida com\u00fan. M\u00e1s informaci\u00f3n sobre el coronavirus en ESPECIAL CORONAVIRUS<\/p>\n","protected":false},"author":19,"featured_media":41849,"comment_status":"open","ping_status":"open","sticky":false,"template":"","format":"standard","meta":{"_FSMCFIC_featured_image_caption":"","_FSMCFIC_featured_image_nocaption":"","_FSMCFIC_featured_image_hide":"","footnotes":""},"categories":[796,1772],"tags":[1504,2049],"class_list":["post-41847","post","type-post","status-publish","format-standard","has-post-thumbnail","hentry","category-el-blog-de-josep-miro-i-ardevol-es","category-especial-coronavirus-es","tag-coronavirus-es","tag-medidas-coronavirus"],"yoast_head":"<!-- This site is optimized with the Yoast SEO plugin v26.8 - https:\/\/yoast.com\/product\/yoast-seo-wordpress\/ -->\n<title>Estado de alarma: De la incompetencia a la institucionalidad por mayor\u00eda abrumadora - Converses a Catalunya<\/title>\n<meta name=\"description\" content=\"El nuevo estado de alarma es un fracaso de las pol\u00edticas seguidas por el gobierno espa\u00f1ol y CCAA y el del Estado de Derecho\" \/>\n<meta name=\"robots\" content=\"index, follow, max-snippet:-1, max-image-preview:large, max-video-preview:-1\" \/>\n<link rel=\"canonical\" href=\"https:\/\/conversesacatalunya.cat\/es\/estado-de-alarma-incompetencia-a-la-institucionalidad\/\" \/>\n<meta property=\"og:locale\" content=\"es_ES\" \/>\n<meta property=\"og:type\" content=\"article\" \/>\n<meta property=\"og:title\" content=\"Estado de alarma: De la incompetencia a la institucionalidad por mayor\u00eda abrumadora - Converses a Catalunya\" \/>\n<meta property=\"og:description\" content=\"El nuevo estado de alarma es un fracaso de las pol\u00edticas seguidas por el gobierno espa\u00f1ol y CCAA y el del Estado de Derecho\" \/>\n<meta property=\"og:url\" content=\"https:\/\/conversesacatalunya.cat\/es\/estado-de-alarma-incompetencia-a-la-institucionalidad\/\" \/>\n<meta property=\"og:site_name\" content=\"Converses a Catalunya\" \/>\n<meta property=\"article:published_time\" content=\"2020-11-02T10:30:04+00:00\" \/>\n<meta property=\"article:modified_time\" content=\"2020-11-05T13:05:02+00:00\" \/>\n<meta property=\"og:image\" content=\"https:\/\/conversesacatalunya.cat\/wp-content\/uploads\/2020\/11\/estat-dalarma.jpg\" \/>\n\t<meta property=\"og:image:width\" content=\"992\" \/>\n\t<meta property=\"og:image:height\" content=\"558\" \/>\n\t<meta property=\"og:image:type\" content=\"image\/jpeg\" \/>\n<meta name=\"author\" content=\"Josep Mir\u00f3 i Ard\u00e8vol\" \/>\n<meta name=\"twitter:card\" content=\"summary_large_image\" \/>\n<meta name=\"twitter:label1\" content=\"Escrito por\" \/>\n\t<meta name=\"twitter:data1\" content=\"Josep Mir\u00f3 i Ard\u00e8vol\" \/>\n\t<meta name=\"twitter:label2\" content=\"Tiempo de lectura\" \/>\n\t<meta name=\"twitter:data2\" content=\"5 minutos\" \/>\n<script type=\"application\/ld+json\" class=\"yoast-schema-graph\">{\"@context\":\"https:\/\/schema.org\",\"@graph\":[{\"@type\":\"Article\",\"@id\":\"https:\/\/conversesacatalunya.cat\/es\/estado-de-alarma-incompetencia-a-la-institucionalidad\/#article\",\"isPartOf\":{\"@id\":\"https:\/\/conversesacatalunya.cat\/es\/estado-de-alarma-incompetencia-a-la-institucionalidad\/\"},\"author\":{\"name\":\"Josep Mir\u00f3 i Ard\u00e8vol\",\"@id\":\"https:\/\/conversesacatalunya.cat\/#\/schema\/person\/a9598a6786ba7d3d1c5e0de477b79370\"},\"headline\":\"Estado de alarma: De la incompetencia a la institucionalidad por mayor\u00eda abrumadora\",\"datePublished\":\"2020-11-02T10:30:04+00:00\",\"dateModified\":\"2020-11-05T13:05:02+00:00\",\"mainEntityOfPage\":{\"@id\":\"https:\/\/conversesacatalunya.cat\/es\/estado-de-alarma-incompetencia-a-la-institucionalidad\/\"},\"wordCount\":986,\"commentCount\":0,\"image\":{\"@id\":\"https:\/\/conversesacatalunya.cat\/es\/estado-de-alarma-incompetencia-a-la-institucionalidad\/#primaryimage\"},\"thumbnailUrl\":\"https:\/\/conversesacatalunya.cat\/wp-content\/uploads\/2020\/11\/estat-dalarma.jpg\",\"keywords\":[\"coronavirus\",\"medidas coronavirus\"],\"articleSection\":[\"El Blog de Josep Mir\u00f3 i Ard\u00e8vol (ES)\",\"Especial Coronavirus (ES)\"],\"inLanguage\":\"es\",\"potentialAction\":[{\"@type\":\"CommentAction\",\"name\":\"Comment\",\"target\":[\"https:\/\/conversesacatalunya.cat\/es\/estado-de-alarma-incompetencia-a-la-institucionalidad\/#respond\"]}]},{\"@type\":\"WebPage\",\"@id\":\"https:\/\/conversesacatalunya.cat\/es\/estado-de-alarma-incompetencia-a-la-institucionalidad\/\",\"url\":\"https:\/\/conversesacatalunya.cat\/es\/estado-de-alarma-incompetencia-a-la-institucionalidad\/\",\"name\":\"Estado de alarma: De la incompetencia a la institucionalidad por mayor\u00eda abrumadora - Converses a Catalunya\",\"isPartOf\":{\"@id\":\"https:\/\/conversesacatalunya.cat\/#website\"},\"primaryImageOfPage\":{\"@id\":\"https:\/\/conversesacatalunya.cat\/es\/estado-de-alarma-incompetencia-a-la-institucionalidad\/#primaryimage\"},\"image\":{\"@id\":\"https:\/\/conversesacatalunya.cat\/es\/estado-de-alarma-incompetencia-a-la-institucionalidad\/#primaryimage\"},\"thumbnailUrl\":\"https:\/\/conversesacatalunya.cat\/wp-content\/uploads\/2020\/11\/estat-dalarma.jpg\",\"datePublished\":\"2020-11-02T10:30:04+00:00\",\"dateModified\":\"2020-11-05T13:05:02+00:00\",\"author\":{\"@id\":\"https:\/\/conversesacatalunya.cat\/#\/schema\/person\/a9598a6786ba7d3d1c5e0de477b79370\"},\"description\":\"El nuevo estado de alarma es un fracaso de las pol\u00edticas seguidas por el gobierno espa\u00f1ol y CCAA y el del Estado de Derecho\",\"breadcrumb\":{\"@id\":\"https:\/\/conversesacatalunya.cat\/es\/estado-de-alarma-incompetencia-a-la-institucionalidad\/#breadcrumb\"},\"inLanguage\":\"es\",\"potentialAction\":[{\"@type\":\"ReadAction\",\"target\":[\"https:\/\/conversesacatalunya.cat\/es\/estado-de-alarma-incompetencia-a-la-institucionalidad\/\"]}]},{\"@type\":\"ImageObject\",\"inLanguage\":\"es\",\"@id\":\"https:\/\/conversesacatalunya.cat\/es\/estado-de-alarma-incompetencia-a-la-institucionalidad\/#primaryimage\",\"url\":\"https:\/\/conversesacatalunya.cat\/wp-content\/uploads\/2020\/11\/estat-dalarma.jpg\",\"contentUrl\":\"https:\/\/conversesacatalunya.cat\/wp-content\/uploads\/2020\/11\/estat-dalarma.jpg\",\"width\":992,\"height\":558,\"caption\":\"estado de alarma\"},{\"@type\":\"BreadcrumbList\",\"@id\":\"https:\/\/conversesacatalunya.cat\/es\/estado-de-alarma-incompetencia-a-la-institucionalidad\/#breadcrumb\",\"itemListElement\":[{\"@type\":\"ListItem\",\"position\":1,\"name\":\"Inici\",\"item\":\"https:\/\/conversesacatalunya.cat\/es\/\"},{\"@type\":\"ListItem\",\"position\":2,\"name\":\"Estado de alarma: De la incompetencia a la institucionalidad por mayor\u00eda abrumadora\"}]},{\"@type\":\"WebSite\",\"@id\":\"https:\/\/conversesacatalunya.cat\/#website\",\"url\":\"https:\/\/conversesacatalunya.cat\/\",\"name\":\"Converses a Catalunya\",\"description\":\"\",\"potentialAction\":[{\"@type\":\"SearchAction\",\"target\":{\"@type\":\"EntryPoint\",\"urlTemplate\":\"https:\/\/conversesacatalunya.cat\/?s={search_term_string}\"},\"query-input\":{\"@type\":\"PropertyValueSpecification\",\"valueRequired\":true,\"valueName\":\"search_term_string\"}}],\"inLanguage\":\"es\"},{\"@type\":\"Person\",\"@id\":\"https:\/\/conversesacatalunya.cat\/#\/schema\/person\/a9598a6786ba7d3d1c5e0de477b79370\",\"name\":\"Josep Mir\u00f3 i Ard\u00e8vol\",\"image\":{\"@type\":\"ImageObject\",\"inLanguage\":\"es\",\"@id\":\"https:\/\/conversesacatalunya.cat\/#\/schema\/person\/image\/\",\"url\":\"https:\/\/conversesacatalunya.cat\/wp-content\/litespeed\/avatar\/c37e3dc881857483d6694cdf98fdedea.jpg?ver=1777270381\",\"contentUrl\":\"https:\/\/conversesacatalunya.cat\/wp-content\/litespeed\/avatar\/c37e3dc881857483d6694cdf98fdedea.jpg?ver=1777270381\",\"caption\":\"Josep Mir\u00f3 i Ard\u00e8vol\"},\"url\":\"https:\/\/conversesacatalunya.cat\/es\/author\/josep-miro-i-ardevol\/\"}]}<\/script>\n<!-- \/ Yoast SEO plugin. -->","yoast_head_json":{"title":"Estado de alarma: De la incompetencia a la institucionalidad por mayor\u00eda abrumadora - Converses a Catalunya","description":"El nuevo estado de alarma es un fracaso de las pol\u00edticas seguidas por el gobierno espa\u00f1ol y CCAA y el del Estado de Derecho","robots":{"index":"index","follow":"follow","max-snippet":"max-snippet:-1","max-image-preview":"max-image-preview:large","max-video-preview":"max-video-preview:-1"},"canonical":"https:\/\/conversesacatalunya.cat\/es\/estado-de-alarma-incompetencia-a-la-institucionalidad\/","og_locale":"es_ES","og_type":"article","og_title":"Estado de alarma: De la incompetencia a la institucionalidad por mayor\u00eda abrumadora - Converses a Catalunya","og_description":"El nuevo estado de alarma es un fracaso de las pol\u00edticas seguidas por el gobierno espa\u00f1ol y CCAA y el del Estado de Derecho","og_url":"https:\/\/conversesacatalunya.cat\/es\/estado-de-alarma-incompetencia-a-la-institucionalidad\/","og_site_name":"Converses a Catalunya","article_published_time":"2020-11-02T10:30:04+00:00","article_modified_time":"2020-11-05T13:05:02+00:00","og_image":[{"width":992,"height":558,"url":"https:\/\/conversesacatalunya.cat\/wp-content\/uploads\/2020\/11\/estat-dalarma.jpg","type":"image\/jpeg"}],"author":"Josep Mir\u00f3 i Ard\u00e8vol","twitter_card":"summary_large_image","twitter_misc":{"Escrito por":"Josep Mir\u00f3 i Ard\u00e8vol","Tiempo de lectura":"5 minutos"},"schema":{"@context":"https:\/\/schema.org","@graph":[{"@type":"Article","@id":"https:\/\/conversesacatalunya.cat\/es\/estado-de-alarma-incompetencia-a-la-institucionalidad\/#article","isPartOf":{"@id":"https:\/\/conversesacatalunya.cat\/es\/estado-de-alarma-incompetencia-a-la-institucionalidad\/"},"author":{"name":"Josep Mir\u00f3 i Ard\u00e8vol","@id":"https:\/\/conversesacatalunya.cat\/#\/schema\/person\/a9598a6786ba7d3d1c5e0de477b79370"},"headline":"Estado de alarma: De la incompetencia a la institucionalidad por mayor\u00eda abrumadora","datePublished":"2020-11-02T10:30:04+00:00","dateModified":"2020-11-05T13:05:02+00:00","mainEntityOfPage":{"@id":"https:\/\/conversesacatalunya.cat\/es\/estado-de-alarma-incompetencia-a-la-institucionalidad\/"},"wordCount":986,"commentCount":0,"image":{"@id":"https:\/\/conversesacatalunya.cat\/es\/estado-de-alarma-incompetencia-a-la-institucionalidad\/#primaryimage"},"thumbnailUrl":"https:\/\/conversesacatalunya.cat\/wp-content\/uploads\/2020\/11\/estat-dalarma.jpg","keywords":["coronavirus","medidas coronavirus"],"articleSection":["El Blog de Josep Mir\u00f3 i Ard\u00e8vol (ES)","Especial Coronavirus (ES)"],"inLanguage":"es","potentialAction":[{"@type":"CommentAction","name":"Comment","target":["https:\/\/conversesacatalunya.cat\/es\/estado-de-alarma-incompetencia-a-la-institucionalidad\/#respond"]}]},{"@type":"WebPage","@id":"https:\/\/conversesacatalunya.cat\/es\/estado-de-alarma-incompetencia-a-la-institucionalidad\/","url":"https:\/\/conversesacatalunya.cat\/es\/estado-de-alarma-incompetencia-a-la-institucionalidad\/","name":"Estado de alarma: De la incompetencia a la institucionalidad por mayor\u00eda abrumadora - Converses a Catalunya","isPartOf":{"@id":"https:\/\/conversesacatalunya.cat\/#website"},"primaryImageOfPage":{"@id":"https:\/\/conversesacatalunya.cat\/es\/estado-de-alarma-incompetencia-a-la-institucionalidad\/#primaryimage"},"image":{"@id":"https:\/\/conversesacatalunya.cat\/es\/estado-de-alarma-incompetencia-a-la-institucionalidad\/#primaryimage"},"thumbnailUrl":"https:\/\/conversesacatalunya.cat\/wp-content\/uploads\/2020\/11\/estat-dalarma.jpg","datePublished":"2020-11-02T10:30:04+00:00","dateModified":"2020-11-05T13:05:02+00:00","author":{"@id":"https:\/\/conversesacatalunya.cat\/#\/schema\/person\/a9598a6786ba7d3d1c5e0de477b79370"},"description":"El nuevo estado de alarma es un fracaso de las pol\u00edticas seguidas por el gobierno espa\u00f1ol y CCAA y el del Estado de Derecho","breadcrumb":{"@id":"https:\/\/conversesacatalunya.cat\/es\/estado-de-alarma-incompetencia-a-la-institucionalidad\/#breadcrumb"},"inLanguage":"es","potentialAction":[{"@type":"ReadAction","target":["https:\/\/conversesacatalunya.cat\/es\/estado-de-alarma-incompetencia-a-la-institucionalidad\/"]}]},{"@type":"ImageObject","inLanguage":"es","@id":"https:\/\/conversesacatalunya.cat\/es\/estado-de-alarma-incompetencia-a-la-institucionalidad\/#primaryimage","url":"https:\/\/conversesacatalunya.cat\/wp-content\/uploads\/2020\/11\/estat-dalarma.jpg","contentUrl":"https:\/\/conversesacatalunya.cat\/wp-content\/uploads\/2020\/11\/estat-dalarma.jpg","width":992,"height":558,"caption":"estado de alarma"},{"@type":"BreadcrumbList","@id":"https:\/\/conversesacatalunya.cat\/es\/estado-de-alarma-incompetencia-a-la-institucionalidad\/#breadcrumb","itemListElement":[{"@type":"ListItem","position":1,"name":"Inici","item":"https:\/\/conversesacatalunya.cat\/es\/"},{"@type":"ListItem","position":2,"name":"Estado de alarma: De la incompetencia a la institucionalidad por mayor\u00eda abrumadora"}]},{"@type":"WebSite","@id":"https:\/\/conversesacatalunya.cat\/#website","url":"https:\/\/conversesacatalunya.cat\/","name":"Converses a Catalunya","description":"","potentialAction":[{"@type":"SearchAction","target":{"@type":"EntryPoint","urlTemplate":"https:\/\/conversesacatalunya.cat\/?s={search_term_string}"},"query-input":{"@type":"PropertyValueSpecification","valueRequired":true,"valueName":"search_term_string"}}],"inLanguage":"es"},{"@type":"Person","@id":"https:\/\/conversesacatalunya.cat\/#\/schema\/person\/a9598a6786ba7d3d1c5e0de477b79370","name":"Josep Mir\u00f3 i Ard\u00e8vol","image":{"@type":"ImageObject","inLanguage":"es","@id":"https:\/\/conversesacatalunya.cat\/#\/schema\/person\/image\/","url":"https:\/\/conversesacatalunya.cat\/wp-content\/litespeed\/avatar\/c37e3dc881857483d6694cdf98fdedea.jpg?ver=1777270381","contentUrl":"https:\/\/conversesacatalunya.cat\/wp-content\/litespeed\/avatar\/c37e3dc881857483d6694cdf98fdedea.jpg?ver=1777270381","caption":"Josep Mir\u00f3 i Ard\u00e8vol"},"url":"https:\/\/conversesacatalunya.cat\/es\/author\/josep-miro-i-ardevol\/"}]}},"wps_subtitle":"","_links":{"self":[{"href":"https:\/\/conversesacatalunya.cat\/es\/wp-json\/wp\/v2\/posts\/41847","targetHints":{"allow":["GET"]}}],"collection":[{"href":"https:\/\/conversesacatalunya.cat\/es\/wp-json\/wp\/v2\/posts"}],"about":[{"href":"https:\/\/conversesacatalunya.cat\/es\/wp-json\/wp\/v2\/types\/post"}],"author":[{"embeddable":true,"href":"https:\/\/conversesacatalunya.cat\/es\/wp-json\/wp\/v2\/users\/19"}],"replies":[{"embeddable":true,"href":"https:\/\/conversesacatalunya.cat\/es\/wp-json\/wp\/v2\/comments?post=41847"}],"version-history":[{"count":1,"href":"https:\/\/conversesacatalunya.cat\/es\/wp-json\/wp\/v2\/posts\/41847\/revisions"}],"predecessor-version":[{"id":41851,"href":"https:\/\/conversesacatalunya.cat\/es\/wp-json\/wp\/v2\/posts\/41847\/revisions\/41851"}],"wp:featuredmedia":[{"embeddable":true,"href":"https:\/\/conversesacatalunya.cat\/es\/wp-json\/wp\/v2\/media\/41849"}],"wp:attachment":[{"href":"https:\/\/conversesacatalunya.cat\/es\/wp-json\/wp\/v2\/media?parent=41847"}],"wp:term":[{"taxonomy":"category","embeddable":true,"href":"https:\/\/conversesacatalunya.cat\/es\/wp-json\/wp\/v2\/categories?post=41847"},{"taxonomy":"post_tag","embeddable":true,"href":"https:\/\/conversesacatalunya.cat\/es\/wp-json\/wp\/v2\/tags?post=41847"}],"curies":[{"name":"wp","href":"https:\/\/api.w.org\/{rel}","templated":true}]}}