{"id":41841,"date":"2020-11-02T10:42:02","date_gmt":"2020-11-02T09:42:02","guid":{"rendered":"https:\/\/conversesacatalunya.cat\/compensacions-covid-19\/"},"modified":"2020-11-02T11:05:47","modified_gmt":"2020-11-02T10:05:47","slug":"compensaciones-covid-19","status":"publish","type":"post","link":"https:\/\/conversesacatalunya.cat\/es\/compensaciones-covid-19\/","title":{"rendered":"Compensaciones a la Covid-19"},"content":{"rendered":"<p><span><span class=\"\">Convivir con la Covid-19 no resulta nada f\u00e1cil. <\/span>Desde hace d\u00edas en\u00a0<\/span><strong><span>Catalu\u00f1a<\/span><\/strong><span>\u00a0han empezado a disponer medidas cada vez m\u00e1s restrictivas al contacto social, los indicadores de la evoluci\u00f3n de la pandemia empeoran continuamente, y todo apunta a medidas mucho m\u00e1s estrictas y generalizadas en la regulaci\u00f3n de la movilidad.<\/span><\/p>\n<p><span>Este importante rebrote, o segunda ola, no nos ha cogido tanto por sorpresa como el mes de marzo: se conocen antes los afectados, se diagnostica mejor, se combate con terapias m\u00e1s efectivas, y est\u00e1 movilizando a escala mundial ingentes recursos y esfuerzos tanto para prevenir como para combatir sus efectos. Pero\u00a0<\/span><strong><span>es tan contagioso que hasta ahora s\u00f3lo se ha podido controlar su progresi\u00f3n restringiendo o eliminando los contactos entre personas<\/span><\/strong><span>.<\/span><\/p>\n<p><span><span class=\"\">Tenemos que reconocer que las decisiones sobre medidas para controlar la pandemia son muy dif\u00edciles de tomar.\u00a0<\/span>Hay equilibrios dif\u00edciles de conseguir.\u00a0<\/span><strong><span>El t\u00f3pico entre optar por la econom\u00eda o la salud<\/span><\/strong><span>\u00a0esconde la dificultad para evaluar el efecto de cada medida concreta sobre algo o sobre la otra y poder as\u00ed aproximarse a un cierto an\u00e1lisis coste-beneficio.<\/span><\/p>\n<h4><strong><span>Fij\u00e9monos en que las protestas serias de los diferentes colectivos afectados por las medidas basan sus argumentos en que los beneficios en el campo de la sanidad son, seg\u00fan su percepci\u00f3n, muy inferiores a los costes que deben soportar.<\/span><\/strong><\/h4>\n<p><span>Es evidente que no se sabe, por poner un ejemplo, el efecto concreto de cerrar bares y restaurantes sobre la curva de contagios. Y lo preocupante del caso es que para saberlo deber\u00edamos poder aislar acciones y reacciones en la conducta de la gente, establecer las correlaciones, observar los tiempos de respuesta &#8230; <\/span><strong><span>La vida colectiva es un devenir constante,es lo que los anglosajones llaman \u00abone shot game\u00bb<\/span><\/strong><span>. La sociolog\u00eda del comportamiento siempre ser\u00e1 una ciencia m\u00e1s imperfecta que la que se puede experimentar en los laboratorios. Justamente por estas dificultades tengo un gran respeto por las personas a quienes hemos delegado que tomen este tipo de decisiones.<\/span><\/p>\n<p><span>Lo que est\u00e1 fuera de cuesti\u00f3n es que a toda la gente que se gana la vida en actividades que conllevan o hacen posible la relaci\u00f3n f\u00edsicamente cercana entre personas les han cortado repentinamente el flujo general de ingresos.\u00a0De un d\u00eda para otro te hacen cerrar la actividad por un per\u00edodo que puede ser largo.\u00a0<\/span><strong><span>Esto es como una expropiaci\u00f3n.\u00a0<\/span><\/strong><span>La expropiaci\u00f3n de un bien f\u00edsico tiene una compensaci\u00f3n buena o mala, los expedientes de regulaci\u00f3n no dejan desamparados repentinamente al personal despedido.\u00a0En el caso de los sectores afectados como bares, restaurantes, peque\u00f1o comercio, servicios culturales, algunos establecimientos tur\u00edsticos y algunos sectores relacionados con la movilidad,\u00a0<\/span><strong><span>se les ha cerrado el grifo en seco.<\/span><\/strong><\/p>\n<h5><strong><span>Paralelamente a las medidas de cierre se deb\u00eda haber preparado medidas econ\u00f3micas de compensaci\u00f3n directa<\/span><\/strong><span>.<\/span><\/h5>\n<p><strong><span>Las compensaciones a la Covid-19<\/span><\/strong><span>\u00a0no son ayudas s\u00f3lo del tipo de las pol\u00edticas dise\u00f1adas para estimular un sector u otro, como cr\u00e9ditos, moratorias fiscales, o promesas de participaci\u00f3n en el reparto de los fondos europeos.\u00a0<\/span><strong><span>Deben ser<a href=\"https:\/\/conversesacatalunya.cat\/es\/es-el-ingreso-minimo-la-solucion\/\" target=\"_blank\" rel=\"noopener noreferrer\">\u00a0<\/a><\/span><span>ayudas directas,<\/span><span> de sostenimiento m\u00ednimo de un flujo de ingresos, de avance de cash<\/span><\/strong><span>. Y ejecutadas de forma r\u00e1pida. Los cr\u00e9ditos y las ayudas fiscales tambi\u00e9n, pero son de tr\u00e1mite lento, de regulaci\u00f3n m\u00e1s compleja. Esto significa agilidad y una Administraci\u00f3n P\u00fablica f\u00e1cil, y ya sabemos por desgracia que esto no ocurre.\u00a0<\/span><strong><span>La experiencia en los retrasos de cobro de los ERTE, que desde mi punto de vista es un gran programa de sostenimiento, minusvalora la bondad de la medida<\/span><\/strong><span>.<\/span><\/p>\n<p><span>Y es que en esta \u00e9poca quien primero se ha blindado contra la pandemia han sido las mismas instituciones administrativas. Quien haya necesidad estos d\u00edas relacionarse con el Ayuntamiento, Hacienda, Generalitat, habr\u00e1 observado, como yo mismo, las extremas medidas de distanciamiento que se utilizan.\u00a0Sin ERTE sobre la plantilla.\u00a0Tambi\u00e9n en este sentido <\/span><strong><span>es notable el desequilibrio entre el sector p\u00fablico y el privado a la hora de soportar los efectos econ\u00f3micos de la lucha anticovid.<\/span><\/strong><\/p>\n<span class='bctt-click-to-tweet'><span class='bctt-ctt-text'><a href='https:\/\/twitter.com\/intent\/tweet?url=https%3A%2F%2Fconversesacatalunya.cat%2Fes%2Fcompensaciones-covid-19%2F&#038;text=Es%20notable%20el%20desequilibrio%20entre%20el%20sector%20p%C3%BAblico%20y%20el%20privado%20a%20la%20hora%20de%20soportar%20los%20efectos%20econ%C3%B3micos%20de%20la%20lucha%20anticovid.&#038;via=conversesacat&#038;related=conversesacat' target='_blank'rel=\"noopener noreferrer\">Es notable el desequilibrio entre el sector p\u00fablico y el privado a la hora de soportar los efectos econ\u00f3micos de la lucha anticovid. <\/a><\/span><a href='https:\/\/twitter.com\/intent\/tweet?url=https%3A%2F%2Fconversesacatalunya.cat%2Fes%2Fcompensaciones-covid-19%2F&#038;text=Es%20notable%20el%20desequilibrio%20entre%20el%20sector%20p%C3%BAblico%20y%20el%20privado%20a%20la%20hora%20de%20soportar%20los%20efectos%20econ%C3%B3micos%20de%20la%20lucha%20anticovid.&#038;via=conversesacat&#038;related=conversesacat' target='_blank' class='bctt-ctt-btn'rel=\"noopener noreferrer\">Compartir en X<\/a><\/span>\n<div id=\"polls-78\" class=\"wp-polls\">\n\t<form id=\"polls_form_78\" class=\"wp-polls-form\" action=\"\/index.php\" method=\"post\">\n\t\t<p style=\"display: none;\"><input type=\"hidden\" id=\"poll_78_nonce\" name=\"wp-polls-nonce\" value=\"fdedcb891b\" \/><\/p>\n\t\t<p style=\"display: none;\"><input type=\"hidden\" name=\"poll_id\" value=\"78\" \/><\/p>\n\t\t<p style=\"text-align: center\"><strong>Creus que la visita del president S\u00e1nchez al Papa Francesc li ha estat pol\u00edticament rendible despr\u00e9s del petit discurs del Papa als assistents a l'acte?<\/strong><\/p><div id=\"polls-78-ans\" class=\"wp-polls-ans\"><ul class=\"wp-polls-ul\">\n\t\t<li><input type=\"radio\" id=\"poll-answer-172\" name=\"poll_78\" value=\"172\" \/> <label for=\"poll-answer-172\">Si<\/label><\/li>\n\t\t<li><input type=\"radio\" id=\"poll-answer-173\" name=\"poll_78\" value=\"173\" \/> <label for=\"poll-answer-173\">No<\/label><\/li>\n\t\t<li><input type=\"radio\" id=\"poll-answer-174\" name=\"poll_78\" value=\"174\" \/> <label for=\"poll-answer-174\">No ho s\u00e9<\/label><\/li>\n\t\t<\/ul><p style=\"text-align: center\"><input type=\"button\" name=\"vote\" value=\"   Vota   \" class=\"Buttons\" onclick=\"poll_vote(78);\" \/><\/p><p style=\"text-align: center\"><a href=\"#ViewPollResults\" onclick=\"poll_result(78); return false;\" title=\"View Results Of This Poll\">Mira els resultats<\/a><\/p><\/div>\n\t<\/form>\n<\/div>\n<div id=\"polls-78-loading\" class=\"wp-polls-loading\"><img decoding=\"async\" data-src=\"https:\/\/conversesacatalunya.cat\/wp-content\/plugins\/wp-polls\/images\/loading.gif\" width=\"16\" height=\"16\" alt=\"Cargando ...\" title=\"Cargando ...\" class=\"wp-polls-image lazyload\" src=\"data:image\/svg+xml;base64,PHN2ZyB3aWR0aD0iMSIgaGVpZ2h0PSIxIiB4bWxucz0iaHR0cDovL3d3dy53My5vcmcvMjAwMC9zdmciPjwvc3ZnPg==\" style=\"--smush-placeholder-width: 16px; --smush-placeholder-aspect-ratio: 16\/16;\" \/>&nbsp;Cargando ...<\/div>\n\n<p>&nbsp;<\/p>\n","protected":false},"excerpt":{"rendered":"<p>Convivir con la Covid-19 no resulta nada f\u00e1cil. Desde hace d\u00edas en\u00a0Catalu\u00f1a\u00a0han empezado a disponer medidas cada vez m\u00e1s restrictivas al contacto social, los indicadores de la evoluci\u00f3n de la pandemia empeoran continuamente, y todo apunta a medidas mucho m\u00e1s estrictas y generalizadas en la regulaci\u00f3n de la movilidad. Este importante rebrote, o segunda ola, no nos ha cogido tanto por sorpresa como el mes de marzo: se conocen antes los afectados, se diagnostica mejor, se combate con terapias m\u00e1s efectivas, y est\u00e1 movilizando a escala mundial ingentes recursos y esfuerzos tanto para prevenir como para combatir sus efectos. Pero\u00a0es tan contagioso que hasta ahora s\u00f3lo se ha podido controlar su progresi\u00f3n restringiendo o eliminando los contactos entre personas. Tenemos que reconocer que las decisiones sobre medidas para controlar la pandemia son muy dif\u00edciles de tomar.\u00a0Hay equilibrios dif\u00edciles de conseguir.\u00a0El t\u00f3pico entre optar por la econom\u00eda o la salud\u00a0esconde la dificultad para evaluar el efecto de cada medida concreta sobre algo o sobre la otra y poder as\u00ed aproximarse a un cierto an\u00e1lisis coste-beneficio. Fij\u00e9monos en que las protestas serias de los diferentes colectivos afectados por las medidas basan sus argumentos en que los beneficios en el campo de la sanidad son, seg\u00fan su percepci\u00f3n, muy inferiores a los costes que deben soportar. Es evidente que no se sabe, por poner un ejemplo, el efecto concreto de cerrar bares y restaurantes sobre la curva de contagios. Y lo preocupante del caso es que para saberlo deber\u00edamos poder aislar acciones y reacciones en la conducta de la gente, establecer las correlaciones, observar los tiempos de respuesta &#8230; La vida colectiva es un devenir constante,es lo que los anglosajones llaman \u00abone shot game\u00bb. La sociolog\u00eda del comportamiento siempre ser\u00e1 una ciencia m\u00e1s imperfecta que la que se puede experimentar en los laboratorios. Justamente por estas dificultades tengo un gran respeto por las personas a quienes hemos delegado que tomen este tipo de decisiones. Lo que est\u00e1 fuera de cuesti\u00f3n es que a toda la gente que se gana la vida en actividades que conllevan o hacen posible la relaci\u00f3n f\u00edsicamente cercana entre personas les han cortado repentinamente el flujo general de ingresos.\u00a0De un d\u00eda para otro te hacen cerrar la actividad por un per\u00edodo que puede ser largo.\u00a0Esto es como una expropiaci\u00f3n.\u00a0La expropiaci\u00f3n de un bien f\u00edsico tiene una compensaci\u00f3n buena o mala, los expedientes de regulaci\u00f3n no dejan desamparados repentinamente al personal despedido.\u00a0En el caso de los sectores afectados como bares, restaurantes, peque\u00f1o comercio, servicios culturales, algunos establecimientos tur\u00edsticos y algunos sectores relacionados con la movilidad,\u00a0se les ha cerrado el grifo en seco. Paralelamente a las medidas de cierre se deb\u00eda haber preparado medidas econ\u00f3micas de compensaci\u00f3n directa. Las compensaciones a la Covid-19\u00a0no son ayudas s\u00f3lo del tipo de las pol\u00edticas dise\u00f1adas para estimular un sector u otro, como cr\u00e9ditos, moratorias fiscales, o promesas de participaci\u00f3n en el reparto de los fondos europeos.\u00a0Deben ser\u00a0ayudas directas, de sostenimiento m\u00ednimo de un flujo de ingresos, de avance de cash. Y ejecutadas de forma r\u00e1pida. Los cr\u00e9ditos y las ayudas fiscales tambi\u00e9n, pero son de tr\u00e1mite lento, de regulaci\u00f3n m\u00e1s compleja. Esto significa agilidad y una Administraci\u00f3n P\u00fablica f\u00e1cil, y ya sabemos por desgracia que esto no ocurre.\u00a0La experiencia en los retrasos de cobro de los ERTE, que desde mi punto de vista es un gran programa de sostenimiento, minusvalora la bondad de la medida. Y es que en esta \u00e9poca quien primero se ha blindado contra la pandemia han sido las mismas instituciones administrativas. Quien haya necesidad estos d\u00edas relacionarse con el Ayuntamiento, Hacienda, Generalitat, habr\u00e1 observado, como yo mismo, las extremas medidas de distanciamiento que se utilizan.\u00a0Sin ERTE sobre la plantilla.\u00a0Tambi\u00e9n en este sentido es notable el desequilibrio entre el sector p\u00fablico y el privado a la hora de soportar los efectos econ\u00f3micos de la lucha anticovid. &nbsp;<\/p>\n","protected":false},"author":8,"featured_media":41838,"comment_status":"open","ping_status":"open","sticky":false,"template":"","format":"standard","meta":{"_FSMCFIC_featured_image_caption":"","_FSMCFIC_featured_image_nocaption":"","_FSMCFIC_featured_image_hide":"","footnotes":""},"categories":[1771],"tags":[3182,2154,3185,2258],"class_list":["post-41841","post","type-post","status-publish","format-standard","has-post-thumbnail","hentry","category-especial-coronavirus","tag-ajudes-directes","tag-ayudas-sociales","tag-compensaciones-covid-19","tag-erte"],"yoast_head":"<!-- This site is optimized with the Yoast SEO plugin v26.8 - https:\/\/yoast.com\/product\/yoast-seo-wordpress\/ -->\n<title>Compensaciones a la Covid-19 - Converses a Catalunya<\/title>\n<meta name=\"description\" content=\"Las compensaciones Covid-19 deben ser\u00a0ayudas directas, de sostenimiento m\u00ednimo de un flujo de ingresos, de avance de cash.\" \/>\n<meta name=\"robots\" content=\"index, follow, max-snippet:-1, max-image-preview:large, max-video-preview:-1\" \/>\n<link rel=\"canonical\" href=\"https:\/\/conversesacatalunya.cat\/es\/compensaciones-covid-19\/\" \/>\n<meta property=\"og:locale\" content=\"es_ES\" \/>\n<meta property=\"og:type\" content=\"article\" \/>\n<meta property=\"og:title\" content=\"Compensaciones a la Covid-19 - Converses a Catalunya\" \/>\n<meta property=\"og:description\" content=\"Las compensaciones Covid-19 deben ser\u00a0ayudas directas, de sostenimiento m\u00ednimo de un flujo de ingresos, de avance de cash.\" \/>\n<meta property=\"og:url\" content=\"https:\/\/conversesacatalunya.cat\/es\/compensaciones-covid-19\/\" \/>\n<meta property=\"og:site_name\" content=\"Converses a Catalunya\" \/>\n<meta property=\"article:published_time\" content=\"2020-11-02T09:42:02+00:00\" \/>\n<meta property=\"article:modified_time\" content=\"2020-11-02T10:05:47+00:00\" \/>\n<meta property=\"og:image\" content=\"https:\/\/conversesacatalunya.cat\/wp-content\/uploads\/2020\/11\/compemsacions-covi-19-scaled.jpg\" \/>\n\t<meta property=\"og:image:width\" content=\"2560\" \/>\n\t<meta property=\"og:image:height\" content=\"1920\" \/>\n\t<meta property=\"og:image:type\" content=\"image\/jpeg\" \/>\n<meta name=\"author\" content=\"Sim\u00f3 Aliana\" \/>\n<meta name=\"twitter:card\" content=\"summary_large_image\" \/>\n<meta name=\"twitter:label1\" content=\"Escrito por\" \/>\n\t<meta name=\"twitter:data1\" content=\"Sim\u00f3 Aliana\" \/>\n\t<meta name=\"twitter:label2\" content=\"Tiempo de lectura\" \/>\n\t<meta name=\"twitter:data2\" content=\"4 minutos\" \/>\n<script type=\"application\/ld+json\" class=\"yoast-schema-graph\">{\"@context\":\"https:\/\/schema.org\",\"@graph\":[{\"@type\":\"Article\",\"@id\":\"https:\/\/conversesacatalunya.cat\/es\/compensaciones-covid-19\/#article\",\"isPartOf\":{\"@id\":\"https:\/\/conversesacatalunya.cat\/es\/compensaciones-covid-19\/\"},\"author\":{\"name\":\"Sim\u00f3 Aliana\",\"@id\":\"https:\/\/conversesacatalunya.cat\/#\/schema\/person\/77790a453e2d07e6aad33cfc1b0be728\"},\"headline\":\"Compensaciones a la Covid-19\",\"datePublished\":\"2020-11-02T09:42:02+00:00\",\"dateModified\":\"2020-11-02T10:05:47+00:00\",\"mainEntityOfPage\":{\"@id\":\"https:\/\/conversesacatalunya.cat\/es\/compensaciones-covid-19\/\"},\"wordCount\":743,\"commentCount\":0,\"image\":{\"@id\":\"https:\/\/conversesacatalunya.cat\/es\/compensaciones-covid-19\/#primaryimage\"},\"thumbnailUrl\":\"https:\/\/conversesacatalunya.cat\/wp-content\/uploads\/2020\/11\/compemsacions-covi-19-scaled.jpg\",\"keywords\":[\"ajudes directes\",\"Ayudas sociales\",\"compensaciones Covid-19\",\"ERTE\"],\"articleSection\":[\"Especial Coronavirus\"],\"inLanguage\":\"es\",\"potentialAction\":[{\"@type\":\"CommentAction\",\"name\":\"Comment\",\"target\":[\"https:\/\/conversesacatalunya.cat\/es\/compensaciones-covid-19\/#respond\"]}]},{\"@type\":\"WebPage\",\"@id\":\"https:\/\/conversesacatalunya.cat\/es\/compensaciones-covid-19\/\",\"url\":\"https:\/\/conversesacatalunya.cat\/es\/compensaciones-covid-19\/\",\"name\":\"Compensaciones a la Covid-19 - Converses a Catalunya\",\"isPartOf\":{\"@id\":\"https:\/\/conversesacatalunya.cat\/#website\"},\"primaryImageOfPage\":{\"@id\":\"https:\/\/conversesacatalunya.cat\/es\/compensaciones-covid-19\/#primaryimage\"},\"image\":{\"@id\":\"https:\/\/conversesacatalunya.cat\/es\/compensaciones-covid-19\/#primaryimage\"},\"thumbnailUrl\":\"https:\/\/conversesacatalunya.cat\/wp-content\/uploads\/2020\/11\/compemsacions-covi-19-scaled.jpg\",\"datePublished\":\"2020-11-02T09:42:02+00:00\",\"dateModified\":\"2020-11-02T10:05:47+00:00\",\"author\":{\"@id\":\"https:\/\/conversesacatalunya.cat\/#\/schema\/person\/77790a453e2d07e6aad33cfc1b0be728\"},\"description\":\"Las compensaciones Covid-19 deben ser\u00a0ayudas directas, de sostenimiento m\u00ednimo de un flujo de ingresos, de avance de cash.\",\"breadcrumb\":{\"@id\":\"https:\/\/conversesacatalunya.cat\/es\/compensaciones-covid-19\/#breadcrumb\"},\"inLanguage\":\"es\",\"potentialAction\":[{\"@type\":\"ReadAction\",\"target\":[\"https:\/\/conversesacatalunya.cat\/es\/compensaciones-covid-19\/\"]}]},{\"@type\":\"ImageObject\",\"inLanguage\":\"es\",\"@id\":\"https:\/\/conversesacatalunya.cat\/es\/compensaciones-covid-19\/#primaryimage\",\"url\":\"https:\/\/conversesacatalunya.cat\/wp-content\/uploads\/2020\/11\/compemsacions-covi-19-scaled.jpg\",\"contentUrl\":\"https:\/\/conversesacatalunya.cat\/wp-content\/uploads\/2020\/11\/compemsacions-covi-19-scaled.jpg\",\"width\":2560,\"height\":1920,\"caption\":\"compensaciones Covid-19\"},{\"@type\":\"BreadcrumbList\",\"@id\":\"https:\/\/conversesacatalunya.cat\/es\/compensaciones-covid-19\/#breadcrumb\",\"itemListElement\":[{\"@type\":\"ListItem\",\"position\":1,\"name\":\"Inici\",\"item\":\"https:\/\/conversesacatalunya.cat\/es\/\"},{\"@type\":\"ListItem\",\"position\":2,\"name\":\"Compensaciones a la Covid-19\"}]},{\"@type\":\"WebSite\",\"@id\":\"https:\/\/conversesacatalunya.cat\/#website\",\"url\":\"https:\/\/conversesacatalunya.cat\/\",\"name\":\"Converses a Catalunya\",\"description\":\"\",\"potentialAction\":[{\"@type\":\"SearchAction\",\"target\":{\"@type\":\"EntryPoint\",\"urlTemplate\":\"https:\/\/conversesacatalunya.cat\/?s={search_term_string}\"},\"query-input\":{\"@type\":\"PropertyValueSpecification\",\"valueRequired\":true,\"valueName\":\"search_term_string\"}}],\"inLanguage\":\"es\"},{\"@type\":\"Person\",\"@id\":\"https:\/\/conversesacatalunya.cat\/#\/schema\/person\/77790a453e2d07e6aad33cfc1b0be728\",\"name\":\"Sim\u00f3 Aliana\",\"image\":{\"@type\":\"ImageObject\",\"inLanguage\":\"es\",\"@id\":\"https:\/\/conversesacatalunya.cat\/#\/schema\/person\/image\/\",\"url\":\"https:\/\/conversesacatalunya.cat\/wp-content\/litespeed\/avatar\/f90a4f00da41d066ca9be5e72cddec48.jpg?ver=1777384733\",\"contentUrl\":\"https:\/\/conversesacatalunya.cat\/wp-content\/litespeed\/avatar\/f90a4f00da41d066ca9be5e72cddec48.jpg?ver=1777384733\",\"caption\":\"Sim\u00f3 Aliana\"},\"url\":\"https:\/\/conversesacatalunya.cat\/es\/author\/simo-aliana\/\"}]}<\/script>\n<!-- \/ Yoast SEO plugin. -->","yoast_head_json":{"title":"Compensaciones a la Covid-19 - Converses a Catalunya","description":"Las compensaciones Covid-19 deben ser\u00a0ayudas directas, de sostenimiento m\u00ednimo de un flujo de ingresos, de avance de cash.","robots":{"index":"index","follow":"follow","max-snippet":"max-snippet:-1","max-image-preview":"max-image-preview:large","max-video-preview":"max-video-preview:-1"},"canonical":"https:\/\/conversesacatalunya.cat\/es\/compensaciones-covid-19\/","og_locale":"es_ES","og_type":"article","og_title":"Compensaciones a la Covid-19 - Converses a Catalunya","og_description":"Las compensaciones Covid-19 deben ser\u00a0ayudas directas, de sostenimiento m\u00ednimo de un flujo de ingresos, de avance de cash.","og_url":"https:\/\/conversesacatalunya.cat\/es\/compensaciones-covid-19\/","og_site_name":"Converses a Catalunya","article_published_time":"2020-11-02T09:42:02+00:00","article_modified_time":"2020-11-02T10:05:47+00:00","og_image":[{"width":2560,"height":1920,"url":"https:\/\/conversesacatalunya.cat\/wp-content\/uploads\/2020\/11\/compemsacions-covi-19-scaled.jpg","type":"image\/jpeg"}],"author":"Sim\u00f3 Aliana","twitter_card":"summary_large_image","twitter_misc":{"Escrito por":"Sim\u00f3 Aliana","Tiempo de lectura":"4 minutos"},"schema":{"@context":"https:\/\/schema.org","@graph":[{"@type":"Article","@id":"https:\/\/conversesacatalunya.cat\/es\/compensaciones-covid-19\/#article","isPartOf":{"@id":"https:\/\/conversesacatalunya.cat\/es\/compensaciones-covid-19\/"},"author":{"name":"Sim\u00f3 Aliana","@id":"https:\/\/conversesacatalunya.cat\/#\/schema\/person\/77790a453e2d07e6aad33cfc1b0be728"},"headline":"Compensaciones a la Covid-19","datePublished":"2020-11-02T09:42:02+00:00","dateModified":"2020-11-02T10:05:47+00:00","mainEntityOfPage":{"@id":"https:\/\/conversesacatalunya.cat\/es\/compensaciones-covid-19\/"},"wordCount":743,"commentCount":0,"image":{"@id":"https:\/\/conversesacatalunya.cat\/es\/compensaciones-covid-19\/#primaryimage"},"thumbnailUrl":"https:\/\/conversesacatalunya.cat\/wp-content\/uploads\/2020\/11\/compemsacions-covi-19-scaled.jpg","keywords":["ajudes directes","Ayudas sociales","compensaciones Covid-19","ERTE"],"articleSection":["Especial Coronavirus"],"inLanguage":"es","potentialAction":[{"@type":"CommentAction","name":"Comment","target":["https:\/\/conversesacatalunya.cat\/es\/compensaciones-covid-19\/#respond"]}]},{"@type":"WebPage","@id":"https:\/\/conversesacatalunya.cat\/es\/compensaciones-covid-19\/","url":"https:\/\/conversesacatalunya.cat\/es\/compensaciones-covid-19\/","name":"Compensaciones a la Covid-19 - Converses a Catalunya","isPartOf":{"@id":"https:\/\/conversesacatalunya.cat\/#website"},"primaryImageOfPage":{"@id":"https:\/\/conversesacatalunya.cat\/es\/compensaciones-covid-19\/#primaryimage"},"image":{"@id":"https:\/\/conversesacatalunya.cat\/es\/compensaciones-covid-19\/#primaryimage"},"thumbnailUrl":"https:\/\/conversesacatalunya.cat\/wp-content\/uploads\/2020\/11\/compemsacions-covi-19-scaled.jpg","datePublished":"2020-11-02T09:42:02+00:00","dateModified":"2020-11-02T10:05:47+00:00","author":{"@id":"https:\/\/conversesacatalunya.cat\/#\/schema\/person\/77790a453e2d07e6aad33cfc1b0be728"},"description":"Las compensaciones Covid-19 deben ser\u00a0ayudas directas, de sostenimiento m\u00ednimo de un flujo de ingresos, de avance de cash.","breadcrumb":{"@id":"https:\/\/conversesacatalunya.cat\/es\/compensaciones-covid-19\/#breadcrumb"},"inLanguage":"es","potentialAction":[{"@type":"ReadAction","target":["https:\/\/conversesacatalunya.cat\/es\/compensaciones-covid-19\/"]}]},{"@type":"ImageObject","inLanguage":"es","@id":"https:\/\/conversesacatalunya.cat\/es\/compensaciones-covid-19\/#primaryimage","url":"https:\/\/conversesacatalunya.cat\/wp-content\/uploads\/2020\/11\/compemsacions-covi-19-scaled.jpg","contentUrl":"https:\/\/conversesacatalunya.cat\/wp-content\/uploads\/2020\/11\/compemsacions-covi-19-scaled.jpg","width":2560,"height":1920,"caption":"compensaciones Covid-19"},{"@type":"BreadcrumbList","@id":"https:\/\/conversesacatalunya.cat\/es\/compensaciones-covid-19\/#breadcrumb","itemListElement":[{"@type":"ListItem","position":1,"name":"Inici","item":"https:\/\/conversesacatalunya.cat\/es\/"},{"@type":"ListItem","position":2,"name":"Compensaciones a la Covid-19"}]},{"@type":"WebSite","@id":"https:\/\/conversesacatalunya.cat\/#website","url":"https:\/\/conversesacatalunya.cat\/","name":"Converses a Catalunya","description":"","potentialAction":[{"@type":"SearchAction","target":{"@type":"EntryPoint","urlTemplate":"https:\/\/conversesacatalunya.cat\/?s={search_term_string}"},"query-input":{"@type":"PropertyValueSpecification","valueRequired":true,"valueName":"search_term_string"}}],"inLanguage":"es"},{"@type":"Person","@id":"https:\/\/conversesacatalunya.cat\/#\/schema\/person\/77790a453e2d07e6aad33cfc1b0be728","name":"Sim\u00f3 Aliana","image":{"@type":"ImageObject","inLanguage":"es","@id":"https:\/\/conversesacatalunya.cat\/#\/schema\/person\/image\/","url":"https:\/\/conversesacatalunya.cat\/wp-content\/litespeed\/avatar\/f90a4f00da41d066ca9be5e72cddec48.jpg?ver=1777384733","contentUrl":"https:\/\/conversesacatalunya.cat\/wp-content\/litespeed\/avatar\/f90a4f00da41d066ca9be5e72cddec48.jpg?ver=1777384733","caption":"Sim\u00f3 Aliana"},"url":"https:\/\/conversesacatalunya.cat\/es\/author\/simo-aliana\/"}]}},"wps_subtitle":"Paralelamente a las medidas de cierre se deb\u00eda haber preparado medidas econ\u00f3micas de compensaci\u00f3n directa","_links":{"self":[{"href":"https:\/\/conversesacatalunya.cat\/es\/wp-json\/wp\/v2\/posts\/41841","targetHints":{"allow":["GET"]}}],"collection":[{"href":"https:\/\/conversesacatalunya.cat\/es\/wp-json\/wp\/v2\/posts"}],"about":[{"href":"https:\/\/conversesacatalunya.cat\/es\/wp-json\/wp\/v2\/types\/post"}],"author":[{"embeddable":true,"href":"https:\/\/conversesacatalunya.cat\/es\/wp-json\/wp\/v2\/users\/8"}],"replies":[{"embeddable":true,"href":"https:\/\/conversesacatalunya.cat\/es\/wp-json\/wp\/v2\/comments?post=41841"}],"version-history":[{"count":4,"href":"https:\/\/conversesacatalunya.cat\/es\/wp-json\/wp\/v2\/posts\/41841\/revisions"}],"predecessor-version":[{"id":41848,"href":"https:\/\/conversesacatalunya.cat\/es\/wp-json\/wp\/v2\/posts\/41841\/revisions\/41848"}],"wp:featuredmedia":[{"embeddable":true,"href":"https:\/\/conversesacatalunya.cat\/es\/wp-json\/wp\/v2\/media\/41838"}],"wp:attachment":[{"href":"https:\/\/conversesacatalunya.cat\/es\/wp-json\/wp\/v2\/media?parent=41841"}],"wp:term":[{"taxonomy":"category","embeddable":true,"href":"https:\/\/conversesacatalunya.cat\/es\/wp-json\/wp\/v2\/categories?post=41841"},{"taxonomy":"post_tag","embeddable":true,"href":"https:\/\/conversesacatalunya.cat\/es\/wp-json\/wp\/v2\/tags?post=41841"}],"curies":[{"name":"wp","href":"https:\/\/api.w.org\/{rel}","templated":true}]}}