{"id":41810,"date":"2020-10-31T09:01:36","date_gmt":"2020-10-31T08:01:36","guid":{"rendered":"https:\/\/conversesacatalunya.cat\/?p=41810"},"modified":"2020-10-30T13:27:56","modified_gmt":"2020-10-30T12:27:56","slug":"elecciones-en-el-barca-un-nuevo-objetivo-para-el-independentismo","status":"publish","type":"post","link":"https:\/\/conversesacatalunya.cat\/es\/elecciones-en-el-barca-un-nuevo-objetivo-para-el-independentismo\/","title":{"rendered":"Elecciones en el Bar\u00e7a: un nuevo objetivo para el independentismo"},"content":{"rendered":"<p>La sorpresa que produjo que <strong>Joan Canadell<\/strong>, una figura destaca y radical del <strong>\u00e1mbito independentista<\/strong>, ganara la presidencia de la C\u00e1mara de Comercio de Barcelona, \u200b\u200bun basti\u00f3n tradicional del empresariado, puede repetirse ahora en el FC Barcelona, seguramente una de las otras grandes instituciones que tiene Catalu\u00f1a. Si as\u00ed fuera, continuar\u00eda el proceso de ocupaci\u00f3n social del independentismo en \u00e1mbitos importantes de poder que, tarde o temprano, podr\u00edan tener una traducci\u00f3n pol\u00edtica. La <strong>dimisi\u00f3n de Bartomeu<\/strong> y su junta, incapaces de afrontar la perspectiva de un voto de censura, ha abierto la carrera hacia la presidencia.<\/p>\n<p>La junta gestora, presidida por <strong>Carlos Tusquets<\/strong>, tiene un plazo comprendido entre 40 y 90 d\u00edas para efectuar las elecciones. Si el plazo fuera el m\u00e1ximo, las elecciones del FCB se situar\u00edan en pleno clima preelectoral de las elecciones al Parlamento de Catalu\u00f1a del 14 de febrero. Claro que tambi\u00e9n podr\u00edan situarse tras estos comicios o bien justo antes, o si utiliza el plazo de m\u00ednimos, a principios de enero. En todo caso ser\u00e1 muy dif\u00edcil desligar los movimientos preelectorales del Bar\u00e7a de la competici\u00f3n electoral de los partidos. Esta es una situaci\u00f3n in\u00e9dita.<\/p>\n<p>Hay un segundo hecho destacado, es el te\u00f3rico y <strong>elevado n\u00famero de candidatos<\/strong>. De momento ya hay cinco confirmados: <strong>V\u00edctor Font, Toni Freixa, Jordi Ferrer, Agust\u00ed Benedito y Llu\u00eds Fern\u00e1ndez Al\u00e1<\/strong>. Pero no son estos los \u00fanicos, porque la lista se puede ver engrosada por otros cuatro nombres candidatos<em> in pectore<\/em> donde precisamente se encuentran algunas de las opciones m\u00e1s destacadas. En concreto la de <strong>Joan Laporta<\/strong>, la del ex vicepresidente de la junta de Bartolom\u00e9, que dimiti\u00f3 con anterioridad, <strong>Emili Rousaud<\/strong>, tambi\u00e9n el ex directivo <strong>Xavier Vilajoana<\/strong> y el ex presidente de la Federaci\u00f3n Catalana de F\u00fatbol, <strong>\u200b\u200bJordi Roig<\/strong>, que tambi\u00e9n hab\u00eda sido presidente del Girona. Este \u00faltimo es seguramente el m\u00e1s alejado de los entornos del Bar\u00e7a. Otro hecho ligado que tampoco tiene unos extraordinarios v\u00ednculos, es <strong>Fern\u00e1ndez Al\u00e1<\/strong>, un empresario de Sant Cugat que s\u00f3lo puede exhibir como pedigr\u00ed su carnet de socio pero ya ha definido su opci\u00f3n bajo la etiqueta de \u00abpasi\u00f3n, cordura y plantel\u00bb. Tambi\u00e9n como hemos visto hay el eterno candidato <strong>Benedio<\/strong> que ya prob\u00f3 en las elecciones del 2010 y 2015. Significativo es el vicepresidente <strong>Emili Rousaud<\/strong>, que adem\u00e1s de la experiencia con la actual junta, tiene el apoyo del ex representante de los jugadores, Josep Maria Minguella, como coordinador y asesor. Su fuerza en el conocimiento del entramado institucional del Bar\u00e7a y de los grupos de presi\u00f3n que se mueven en su entorno, es a la vez su principal debilidad sobre todo para todo aquel grueso de socios que est\u00e1n fatigados, lo que podr\u00edamos llamar el <em>establishment<\/em> barcelonista.<\/p>\n<p>Si <strong>Joan Laporta<\/strong> se presentara, est\u00e1 claro que la bandera independentista ser\u00eda uno de sus puntos fuertes, expl\u00edcita o impl\u00edcitamente. Pero est\u00e1 todav\u00eda por ver que no haya otros candidatos que busquen esta alianza, porque adem\u00e1s de sus posibles identidades pol\u00edticas hay un factor muy importante para aquellos que buscan poder, y que no es otro que, como se ha demostrado en la C\u00e1mara de Comercio, la <strong>organizaci\u00f3n social del independentismo es fuerte<\/strong> y puede aportar un grueso importante de votos.<\/p>\n<p>Hay a medio plazo otros objetivos en el campo nacionalista. Uno de los m\u00e1s destacados es la <strong>presidencia del Colegio de Abogados de Barcelona<\/strong> que tiene una importancia capital. La actual decana, <strong>Eugenia Gay<\/strong>, ha mantenido el Colegio en un \u00e1mbito destacado de profesionalidad, presencia social y cultural, as\u00ed como de buen funcionamiento colegial. Pero para los independentistas tiene el grave inconveniente de no pertenecer a sus filas, y por lo tanto querr\u00edan echarla en las pr\u00f3ximas elecciones para situar un f\u00e9rreo militante de la separaci\u00f3n con Espa\u00f1a.<\/p>\n<p>Sin alternativa social, el independentismo progresa paso a paso en el entramado asociativo.<\/p>\n<div id=\"polls-78\" class=\"wp-polls\">\n\t<form id=\"polls_form_78\" class=\"wp-polls-form\" action=\"\/index.php\" method=\"post\">\n\t\t<p style=\"display: none;\"><input type=\"hidden\" id=\"poll_78_nonce\" name=\"wp-polls-nonce\" value=\"f51ea0a7ff\" \/><\/p>\n\t\t<p style=\"display: none;\"><input type=\"hidden\" name=\"poll_id\" value=\"78\" \/><\/p>\n\t\t<p style=\"text-align: center\"><strong>Creus que la visita del president S\u00e1nchez al Papa Francesc li ha estat pol\u00edticament rendible despr\u00e9s del petit discurs del Papa als assistents a l'acte?<\/strong><\/p><div id=\"polls-78-ans\" class=\"wp-polls-ans\"><ul class=\"wp-polls-ul\">\n\t\t<li><input type=\"radio\" id=\"poll-answer-172\" name=\"poll_78\" value=\"172\" \/> <label for=\"poll-answer-172\">Si<\/label><\/li>\n\t\t<li><input type=\"radio\" id=\"poll-answer-173\" name=\"poll_78\" value=\"173\" \/> <label for=\"poll-answer-173\">No<\/label><\/li>\n\t\t<li><input type=\"radio\" id=\"poll-answer-174\" name=\"poll_78\" value=\"174\" \/> <label for=\"poll-answer-174\">No ho s\u00e9<\/label><\/li>\n\t\t<\/ul><p style=\"text-align: center\"><input type=\"button\" name=\"vote\" value=\"   Vota   \" class=\"Buttons\" onclick=\"poll_vote(78);\" \/><\/p><p style=\"text-align: center\"><a href=\"#ViewPollResults\" onclick=\"poll_result(78); return false;\" title=\"View Results Of This Poll\">Mira els resultats<\/a><\/p><\/div>\n\t<\/form>\n<\/div>\n<div id=\"polls-78-loading\" class=\"wp-polls-loading\"><img decoding=\"async\" data-src=\"https:\/\/conversesacatalunya.cat\/wp-content\/plugins\/wp-polls\/images\/loading.gif\" width=\"16\" height=\"16\" alt=\"Cargando ...\" title=\"Cargando ...\" class=\"wp-polls-image lazyload\" src=\"data:image\/svg+xml;base64,PHN2ZyB3aWR0aD0iMSIgaGVpZ2h0PSIxIiB4bWxucz0iaHR0cDovL3d3dy53My5vcmcvMjAwMC9zdmciPjwvc3ZnPg==\" style=\"--smush-placeholder-width: 16px; --smush-placeholder-aspect-ratio: 16\/16;\" \/>&nbsp;Cargando ...<\/div>\n\n","protected":false},"excerpt":{"rendered":"<p>La sorpresa que produjo que Joan Canadell, una figura destaca y radical del \u00e1mbito independentista, ganara la presidencia de la C\u00e1mara de Comercio de Barcelona, \u200b\u200bun basti\u00f3n tradicional del empresariado, puede repetirse ahora en el FC Barcelona, seguramente una de las otras grandes instituciones que tiene Catalu\u00f1a. Si as\u00ed fuera, continuar\u00eda el proceso de ocupaci\u00f3n social del independentismo en \u00e1mbitos importantes de poder que, tarde o temprano, podr\u00edan tener una traducci\u00f3n pol\u00edtica. La dimisi\u00f3n de Bartomeu y su junta, incapaces de afrontar la perspectiva de un voto de censura, ha abierto la carrera hacia la presidencia. La junta gestora, presidida por Carlos Tusquets, tiene un plazo comprendido entre 40 y 90 d\u00edas para efectuar las elecciones. Si el plazo fuera el m\u00e1ximo, las elecciones del FCB se situar\u00edan en pleno clima preelectoral de las elecciones al Parlamento de Catalu\u00f1a del 14 de febrero. Claro que tambi\u00e9n podr\u00edan situarse tras estos comicios o bien justo antes, o si utiliza el plazo de m\u00ednimos, a principios de enero. En todo caso ser\u00e1 muy dif\u00edcil desligar los movimientos preelectorales del Bar\u00e7a de la competici\u00f3n electoral de los partidos. Esta es una situaci\u00f3n in\u00e9dita. Hay un segundo hecho destacado, es el te\u00f3rico y elevado n\u00famero de candidatos. De momento ya hay cinco confirmados: V\u00edctor Font, Toni Freixa, Jordi Ferrer, Agust\u00ed Benedito y Llu\u00eds Fern\u00e1ndez Al\u00e1. Pero no son estos los \u00fanicos, porque la lista se puede ver engrosada por otros cuatro nombres candidatos in pectore donde precisamente se encuentran algunas de las opciones m\u00e1s destacadas. En concreto la de Joan Laporta, la del ex vicepresidente de la junta de Bartolom\u00e9, que dimiti\u00f3 con anterioridad, Emili Rousaud, tambi\u00e9n el ex directivo Xavier Vilajoana y el ex presidente de la Federaci\u00f3n Catalana de F\u00fatbol, \u200b\u200bJordi Roig, que tambi\u00e9n hab\u00eda sido presidente del Girona. Este \u00faltimo es seguramente el m\u00e1s alejado de los entornos del Bar\u00e7a. Otro hecho ligado que tampoco tiene unos extraordinarios v\u00ednculos, es Fern\u00e1ndez Al\u00e1, un empresario de Sant Cugat que s\u00f3lo puede exhibir como pedigr\u00ed su carnet de socio pero ya ha definido su opci\u00f3n bajo la etiqueta de \u00abpasi\u00f3n, cordura y plantel\u00bb. Tambi\u00e9n como hemos visto hay el eterno candidato Benedio que ya prob\u00f3 en las elecciones del 2010 y 2015. Significativo es el vicepresidente Emili Rousaud, que adem\u00e1s de la experiencia con la actual junta, tiene el apoyo del ex representante de los jugadores, Josep Maria Minguella, como coordinador y asesor. Su fuerza en el conocimiento del entramado institucional del Bar\u00e7a y de los grupos de presi\u00f3n que se mueven en su entorno, es a la vez su principal debilidad sobre todo para todo aquel grueso de socios que est\u00e1n fatigados, lo que podr\u00edamos llamar el establishment barcelonista. Si Joan Laporta se presentara, est\u00e1 claro que la bandera independentista ser\u00eda uno de sus puntos fuertes, expl\u00edcita o impl\u00edcitamente. Pero est\u00e1 todav\u00eda por ver que no haya otros candidatos que busquen esta alianza, porque adem\u00e1s de sus posibles identidades pol\u00edticas hay un factor muy importante para aquellos que buscan poder, y que no es otro que, como se ha demostrado en la C\u00e1mara de Comercio, la organizaci\u00f3n social del independentismo es fuerte y puede aportar un grueso importante de votos. Hay a medio plazo otros objetivos en el campo nacionalista. Uno de los m\u00e1s destacados es la presidencia del Colegio de Abogados de Barcelona que tiene una importancia capital. La actual decana, Eugenia Gay, ha mantenido el Colegio en un \u00e1mbito destacado de profesionalidad, presencia social y cultural, as\u00ed como de buen funcionamiento colegial. Pero para los independentistas tiene el grave inconveniente de no pertenecer a sus filas, y por lo tanto querr\u00edan echarla en las pr\u00f3ximas elecciones para situar un f\u00e9rreo militante de la separaci\u00f3n con Espa\u00f1a. Sin alternativa social, el independentismo progresa paso a paso en el entramado asociativo.<\/p>\n","protected":false},"author":2,"featured_media":41807,"comment_status":"open","ping_status":"open","sticky":false,"template":"","format":"standard","meta":{"_FSMCFIC_featured_image_caption":"","_FSMCFIC_featured_image_nocaption":"","_FSMCFIC_featured_image_hide":"","footnotes":""},"categories":[806],"tags":[],"class_list":["post-41810","post","type-post","status-publish","format-standard","has-post-thumbnail","hentry","category-punts-claus-del-dia-es"],"yoast_head":"<!-- This site is optimized with the Yoast SEO plugin v26.8 - https:\/\/yoast.com\/product\/yoast-seo-wordpress\/ -->\n<title>Elecciones en el Bar\u00e7a: un nuevo objetivo para el independentismo - Converses a Catalunya<\/title>\n<meta name=\"robots\" content=\"index, follow, max-snippet:-1, max-image-preview:large, max-video-preview:-1\" \/>\n<link rel=\"canonical\" href=\"https:\/\/conversesacatalunya.cat\/es\/elecciones-en-el-barca-un-nuevo-objetivo-para-el-independentismo\/\" \/>\n<meta property=\"og:locale\" content=\"es_ES\" \/>\n<meta property=\"og:type\" content=\"article\" \/>\n<meta property=\"og:title\" content=\"Elecciones en el Bar\u00e7a: un nuevo objetivo para el independentismo - Converses a Catalunya\" \/>\n<meta property=\"og:description\" content=\"La sorpresa que produjo que Joan Canadell, una figura destaca y radical del \u00e1mbito independentista, ganara la presidencia de la C\u00e1mara de Comercio de Barcelona, \u200b\u200bun basti\u00f3n tradicional del empresariado, puede repetirse ahora en el FC Barcelona, seguramente una de las otras grandes instituciones que tiene Catalu\u00f1a. Si as\u00ed fuera, continuar\u00eda el proceso de ocupaci\u00f3n social del independentismo en \u00e1mbitos importantes de poder que, tarde o temprano, podr\u00edan tener una traducci\u00f3n pol\u00edtica. La dimisi\u00f3n de Bartomeu y su junta, incapaces de afrontar la perspectiva de un voto de censura, ha abierto la carrera hacia la presidencia. La junta gestora, presidida por Carlos Tusquets, tiene un plazo comprendido entre 40 y 90 d\u00edas para efectuar las elecciones. Si el plazo fuera el m\u00e1ximo, las elecciones del FCB se situar\u00edan en pleno clima preelectoral de las elecciones al Parlamento de Catalu\u00f1a del 14 de febrero. Claro que tambi\u00e9n podr\u00edan situarse tras estos comicios o bien justo antes, o si utiliza el plazo de m\u00ednimos, a principios de enero. En todo caso ser\u00e1 muy dif\u00edcil desligar los movimientos preelectorales del Bar\u00e7a de la competici\u00f3n electoral de los partidos. Esta es una situaci\u00f3n in\u00e9dita. Hay un segundo hecho destacado, es el te\u00f3rico y elevado n\u00famero de candidatos. De momento ya hay cinco confirmados: V\u00edctor Font, Toni Freixa, Jordi Ferrer, Agust\u00ed Benedito y Llu\u00eds Fern\u00e1ndez Al\u00e1. Pero no son estos los \u00fanicos, porque la lista se puede ver engrosada por otros cuatro nombres candidatos in pectore donde precisamente se encuentran algunas de las opciones m\u00e1s destacadas. En concreto la de Joan Laporta, la del ex vicepresidente de la junta de Bartolom\u00e9, que dimiti\u00f3 con anterioridad, Emili Rousaud, tambi\u00e9n el ex directivo Xavier Vilajoana y el ex presidente de la Federaci\u00f3n Catalana de F\u00fatbol, \u200b\u200bJordi Roig, que tambi\u00e9n hab\u00eda sido presidente del Girona. Este \u00faltimo es seguramente el m\u00e1s alejado de los entornos del Bar\u00e7a. Otro hecho ligado que tampoco tiene unos extraordinarios v\u00ednculos, es Fern\u00e1ndez Al\u00e1, un empresario de Sant Cugat que s\u00f3lo puede exhibir como pedigr\u00ed su carnet de socio pero ya ha definido su opci\u00f3n bajo la etiqueta de \u00abpasi\u00f3n, cordura y plantel\u00bb. Tambi\u00e9n como hemos visto hay el eterno candidato Benedio que ya prob\u00f3 en las elecciones del 2010 y 2015. Significativo es el vicepresidente Emili Rousaud, que adem\u00e1s de la experiencia con la actual junta, tiene el apoyo del ex representante de los jugadores, Josep Maria Minguella, como coordinador y asesor. Su fuerza en el conocimiento del entramado institucional del Bar\u00e7a y de los grupos de presi\u00f3n que se mueven en su entorno, es a la vez su principal debilidad sobre todo para todo aquel grueso de socios que est\u00e1n fatigados, lo que podr\u00edamos llamar el establishment barcelonista. Si Joan Laporta se presentara, est\u00e1 claro que la bandera independentista ser\u00eda uno de sus puntos fuertes, expl\u00edcita o impl\u00edcitamente. Pero est\u00e1 todav\u00eda por ver que no haya otros candidatos que busquen esta alianza, porque adem\u00e1s de sus posibles identidades pol\u00edticas hay un factor muy importante para aquellos que buscan poder, y que no es otro que, como se ha demostrado en la C\u00e1mara de Comercio, la organizaci\u00f3n social del independentismo es fuerte y puede aportar un grueso importante de votos. Hay a medio plazo otros objetivos en el campo nacionalista. Uno de los m\u00e1s destacados es la presidencia del Colegio de Abogados de Barcelona que tiene una importancia capital. La actual decana, Eugenia Gay, ha mantenido el Colegio en un \u00e1mbito destacado de profesionalidad, presencia social y cultural, as\u00ed como de buen funcionamiento colegial. Pero para los independentistas tiene el grave inconveniente de no pertenecer a sus filas, y por lo tanto querr\u00edan echarla en las pr\u00f3ximas elecciones para situar un f\u00e9rreo militante de la separaci\u00f3n con Espa\u00f1a. Sin alternativa social, el independentismo progresa paso a paso en el entramado asociativo.\" \/>\n<meta property=\"og:url\" content=\"https:\/\/conversesacatalunya.cat\/es\/elecciones-en-el-barca-un-nuevo-objetivo-para-el-independentismo\/\" \/>\n<meta property=\"og:site_name\" content=\"Converses a Catalunya\" \/>\n<meta property=\"article:published_time\" content=\"2020-10-31T08:01:36+00:00\" \/>\n<meta property=\"og:image\" content=\"https:\/\/conversesacatalunya.cat\/wp-content\/uploads\/2020\/10\/eleccions-al-barca.jpg\" \/>\n\t<meta property=\"og:image:width\" content=\"980\" \/>\n\t<meta property=\"og:image:height\" content=\"561\" \/>\n\t<meta property=\"og:image:type\" content=\"image\/jpeg\" \/>\n<meta name=\"author\" content=\"conversesacatalunya\" \/>\n<meta name=\"twitter:card\" content=\"summary_large_image\" \/>\n<meta name=\"twitter:label1\" content=\"Escrito por\" \/>\n\t<meta name=\"twitter:data1\" content=\"conversesacatalunya\" \/>\n\t<meta name=\"twitter:label2\" content=\"Tiempo de lectura\" \/>\n\t<meta name=\"twitter:data2\" content=\"3 minutos\" \/>\n<script type=\"application\/ld+json\" class=\"yoast-schema-graph\">{\"@context\":\"https:\/\/schema.org\",\"@graph\":[{\"@type\":\"Article\",\"@id\":\"https:\/\/conversesacatalunya.cat\/es\/elecciones-en-el-barca-un-nuevo-objetivo-para-el-independentismo\/#article\",\"isPartOf\":{\"@id\":\"https:\/\/conversesacatalunya.cat\/es\/elecciones-en-el-barca-un-nuevo-objetivo-para-el-independentismo\/\"},\"author\":{\"name\":\"conversesacatalunya\",\"@id\":\"https:\/\/conversesacatalunya.cat\/#\/schema\/person\/7e24d1e54a2785373ddcb275eae5ed99\"},\"headline\":\"Elecciones en el Bar\u00e7a: un nuevo objetivo para el independentismo\",\"datePublished\":\"2020-10-31T08:01:36+00:00\",\"mainEntityOfPage\":{\"@id\":\"https:\/\/conversesacatalunya.cat\/es\/elecciones-en-el-barca-un-nuevo-objetivo-para-el-independentismo\/\"},\"wordCount\":696,\"commentCount\":0,\"image\":{\"@id\":\"https:\/\/conversesacatalunya.cat\/es\/elecciones-en-el-barca-un-nuevo-objetivo-para-el-independentismo\/#primaryimage\"},\"thumbnailUrl\":\"https:\/\/conversesacatalunya.cat\/wp-content\/uploads\/2020\/10\/eleccions-al-barca.jpg\",\"articleSection\":[\"Punts clau del dia (ES)\"],\"inLanguage\":\"es\",\"potentialAction\":[{\"@type\":\"CommentAction\",\"name\":\"Comment\",\"target\":[\"https:\/\/conversesacatalunya.cat\/es\/elecciones-en-el-barca-un-nuevo-objetivo-para-el-independentismo\/#respond\"]}]},{\"@type\":\"WebPage\",\"@id\":\"https:\/\/conversesacatalunya.cat\/es\/elecciones-en-el-barca-un-nuevo-objetivo-para-el-independentismo\/\",\"url\":\"https:\/\/conversesacatalunya.cat\/es\/elecciones-en-el-barca-un-nuevo-objetivo-para-el-independentismo\/\",\"name\":\"Elecciones en el Bar\u00e7a: un nuevo objetivo para el independentismo - Converses a Catalunya\",\"isPartOf\":{\"@id\":\"https:\/\/conversesacatalunya.cat\/#website\"},\"primaryImageOfPage\":{\"@id\":\"https:\/\/conversesacatalunya.cat\/es\/elecciones-en-el-barca-un-nuevo-objetivo-para-el-independentismo\/#primaryimage\"},\"image\":{\"@id\":\"https:\/\/conversesacatalunya.cat\/es\/elecciones-en-el-barca-un-nuevo-objetivo-para-el-independentismo\/#primaryimage\"},\"thumbnailUrl\":\"https:\/\/conversesacatalunya.cat\/wp-content\/uploads\/2020\/10\/eleccions-al-barca.jpg\",\"datePublished\":\"2020-10-31T08:01:36+00:00\",\"author\":{\"@id\":\"https:\/\/conversesacatalunya.cat\/#\/schema\/person\/7e24d1e54a2785373ddcb275eae5ed99\"},\"breadcrumb\":{\"@id\":\"https:\/\/conversesacatalunya.cat\/es\/elecciones-en-el-barca-un-nuevo-objetivo-para-el-independentismo\/#breadcrumb\"},\"inLanguage\":\"es\",\"potentialAction\":[{\"@type\":\"ReadAction\",\"target\":[\"https:\/\/conversesacatalunya.cat\/es\/elecciones-en-el-barca-un-nuevo-objetivo-para-el-independentismo\/\"]}]},{\"@type\":\"ImageObject\",\"inLanguage\":\"es\",\"@id\":\"https:\/\/conversesacatalunya.cat\/es\/elecciones-en-el-barca-un-nuevo-objetivo-para-el-independentismo\/#primaryimage\",\"url\":\"https:\/\/conversesacatalunya.cat\/wp-content\/uploads\/2020\/10\/eleccions-al-barca.jpg\",\"contentUrl\":\"https:\/\/conversesacatalunya.cat\/wp-content\/uploads\/2020\/10\/eleccions-al-barca.jpg\",\"width\":980,\"height\":561,\"caption\":\"eleccions al bar\u00e7a\"},{\"@type\":\"BreadcrumbList\",\"@id\":\"https:\/\/conversesacatalunya.cat\/es\/elecciones-en-el-barca-un-nuevo-objetivo-para-el-independentismo\/#breadcrumb\",\"itemListElement\":[{\"@type\":\"ListItem\",\"position\":1,\"name\":\"Inici\",\"item\":\"https:\/\/conversesacatalunya.cat\/es\/\"},{\"@type\":\"ListItem\",\"position\":2,\"name\":\"Elecciones en el Bar\u00e7a: un nuevo objetivo para el independentismo\"}]},{\"@type\":\"WebSite\",\"@id\":\"https:\/\/conversesacatalunya.cat\/#website\",\"url\":\"https:\/\/conversesacatalunya.cat\/\",\"name\":\"Converses a Catalunya\",\"description\":\"\",\"potentialAction\":[{\"@type\":\"SearchAction\",\"target\":{\"@type\":\"EntryPoint\",\"urlTemplate\":\"https:\/\/conversesacatalunya.cat\/?s={search_term_string}\"},\"query-input\":{\"@type\":\"PropertyValueSpecification\",\"valueRequired\":true,\"valueName\":\"search_term_string\"}}],\"inLanguage\":\"es\"},{\"@type\":\"Person\",\"@id\":\"https:\/\/conversesacatalunya.cat\/#\/schema\/person\/7e24d1e54a2785373ddcb275eae5ed99\",\"name\":\"conversesacatalunya\",\"image\":{\"@type\":\"ImageObject\",\"inLanguage\":\"es\",\"@id\":\"https:\/\/conversesacatalunya.cat\/#\/schema\/person\/image\/\",\"url\":\"https:\/\/conversesacatalunya.cat\/wp-content\/litespeed\/avatar\/febdfeeec89d950f01c748045a981dd2.jpg?ver=1777314535\",\"contentUrl\":\"https:\/\/conversesacatalunya.cat\/wp-content\/litespeed\/avatar\/febdfeeec89d950f01c748045a981dd2.jpg?ver=1777314535\",\"caption\":\"conversesacatalunya\"},\"url\":\"https:\/\/conversesacatalunya.cat\/es\/author\/carme_catala\/\"}]}<\/script>\n<!-- \/ Yoast SEO plugin. -->","yoast_head_json":{"title":"Elecciones en el Bar\u00e7a: un nuevo objetivo para el independentismo - Converses a Catalunya","robots":{"index":"index","follow":"follow","max-snippet":"max-snippet:-1","max-image-preview":"max-image-preview:large","max-video-preview":"max-video-preview:-1"},"canonical":"https:\/\/conversesacatalunya.cat\/es\/elecciones-en-el-barca-un-nuevo-objetivo-para-el-independentismo\/","og_locale":"es_ES","og_type":"article","og_title":"Elecciones en el Bar\u00e7a: un nuevo objetivo para el independentismo - Converses a Catalunya","og_description":"La sorpresa que produjo que Joan Canadell, una figura destaca y radical del \u00e1mbito independentista, ganara la presidencia de la C\u00e1mara de Comercio de Barcelona, \u200b\u200bun basti\u00f3n tradicional del empresariado, puede repetirse ahora en el FC Barcelona, seguramente una de las otras grandes instituciones que tiene Catalu\u00f1a. Si as\u00ed fuera, continuar\u00eda el proceso de ocupaci\u00f3n social del independentismo en \u00e1mbitos importantes de poder que, tarde o temprano, podr\u00edan tener una traducci\u00f3n pol\u00edtica. La dimisi\u00f3n de Bartomeu y su junta, incapaces de afrontar la perspectiva de un voto de censura, ha abierto la carrera hacia la presidencia. La junta gestora, presidida por Carlos Tusquets, tiene un plazo comprendido entre 40 y 90 d\u00edas para efectuar las elecciones. Si el plazo fuera el m\u00e1ximo, las elecciones del FCB se situar\u00edan en pleno clima preelectoral de las elecciones al Parlamento de Catalu\u00f1a del 14 de febrero. Claro que tambi\u00e9n podr\u00edan situarse tras estos comicios o bien justo antes, o si utiliza el plazo de m\u00ednimos, a principios de enero. En todo caso ser\u00e1 muy dif\u00edcil desligar los movimientos preelectorales del Bar\u00e7a de la competici\u00f3n electoral de los partidos. Esta es una situaci\u00f3n in\u00e9dita. Hay un segundo hecho destacado, es el te\u00f3rico y elevado n\u00famero de candidatos. De momento ya hay cinco confirmados: V\u00edctor Font, Toni Freixa, Jordi Ferrer, Agust\u00ed Benedito y Llu\u00eds Fern\u00e1ndez Al\u00e1. Pero no son estos los \u00fanicos, porque la lista se puede ver engrosada por otros cuatro nombres candidatos in pectore donde precisamente se encuentran algunas de las opciones m\u00e1s destacadas. En concreto la de Joan Laporta, la del ex vicepresidente de la junta de Bartolom\u00e9, que dimiti\u00f3 con anterioridad, Emili Rousaud, tambi\u00e9n el ex directivo Xavier Vilajoana y el ex presidente de la Federaci\u00f3n Catalana de F\u00fatbol, \u200b\u200bJordi Roig, que tambi\u00e9n hab\u00eda sido presidente del Girona. Este \u00faltimo es seguramente el m\u00e1s alejado de los entornos del Bar\u00e7a. Otro hecho ligado que tampoco tiene unos extraordinarios v\u00ednculos, es Fern\u00e1ndez Al\u00e1, un empresario de Sant Cugat que s\u00f3lo puede exhibir como pedigr\u00ed su carnet de socio pero ya ha definido su opci\u00f3n bajo la etiqueta de \u00abpasi\u00f3n, cordura y plantel\u00bb. Tambi\u00e9n como hemos visto hay el eterno candidato Benedio que ya prob\u00f3 en las elecciones del 2010 y 2015. Significativo es el vicepresidente Emili Rousaud, que adem\u00e1s de la experiencia con la actual junta, tiene el apoyo del ex representante de los jugadores, Josep Maria Minguella, como coordinador y asesor. Su fuerza en el conocimiento del entramado institucional del Bar\u00e7a y de los grupos de presi\u00f3n que se mueven en su entorno, es a la vez su principal debilidad sobre todo para todo aquel grueso de socios que est\u00e1n fatigados, lo que podr\u00edamos llamar el establishment barcelonista. Si Joan Laporta se presentara, est\u00e1 claro que la bandera independentista ser\u00eda uno de sus puntos fuertes, expl\u00edcita o impl\u00edcitamente. Pero est\u00e1 todav\u00eda por ver que no haya otros candidatos que busquen esta alianza, porque adem\u00e1s de sus posibles identidades pol\u00edticas hay un factor muy importante para aquellos que buscan poder, y que no es otro que, como se ha demostrado en la C\u00e1mara de Comercio, la organizaci\u00f3n social del independentismo es fuerte y puede aportar un grueso importante de votos. Hay a medio plazo otros objetivos en el campo nacionalista. Uno de los m\u00e1s destacados es la presidencia del Colegio de Abogados de Barcelona que tiene una importancia capital. La actual decana, Eugenia Gay, ha mantenido el Colegio en un \u00e1mbito destacado de profesionalidad, presencia social y cultural, as\u00ed como de buen funcionamiento colegial. Pero para los independentistas tiene el grave inconveniente de no pertenecer a sus filas, y por lo tanto querr\u00edan echarla en las pr\u00f3ximas elecciones para situar un f\u00e9rreo militante de la separaci\u00f3n con Espa\u00f1a. Sin alternativa social, el independentismo progresa paso a paso en el entramado asociativo.","og_url":"https:\/\/conversesacatalunya.cat\/es\/elecciones-en-el-barca-un-nuevo-objetivo-para-el-independentismo\/","og_site_name":"Converses a Catalunya","article_published_time":"2020-10-31T08:01:36+00:00","og_image":[{"width":980,"height":561,"url":"https:\/\/conversesacatalunya.cat\/wp-content\/uploads\/2020\/10\/eleccions-al-barca.jpg","type":"image\/jpeg"}],"author":"conversesacatalunya","twitter_card":"summary_large_image","twitter_misc":{"Escrito por":"conversesacatalunya","Tiempo de lectura":"3 minutos"},"schema":{"@context":"https:\/\/schema.org","@graph":[{"@type":"Article","@id":"https:\/\/conversesacatalunya.cat\/es\/elecciones-en-el-barca-un-nuevo-objetivo-para-el-independentismo\/#article","isPartOf":{"@id":"https:\/\/conversesacatalunya.cat\/es\/elecciones-en-el-barca-un-nuevo-objetivo-para-el-independentismo\/"},"author":{"name":"conversesacatalunya","@id":"https:\/\/conversesacatalunya.cat\/#\/schema\/person\/7e24d1e54a2785373ddcb275eae5ed99"},"headline":"Elecciones en el Bar\u00e7a: un nuevo objetivo para el independentismo","datePublished":"2020-10-31T08:01:36+00:00","mainEntityOfPage":{"@id":"https:\/\/conversesacatalunya.cat\/es\/elecciones-en-el-barca-un-nuevo-objetivo-para-el-independentismo\/"},"wordCount":696,"commentCount":0,"image":{"@id":"https:\/\/conversesacatalunya.cat\/es\/elecciones-en-el-barca-un-nuevo-objetivo-para-el-independentismo\/#primaryimage"},"thumbnailUrl":"https:\/\/conversesacatalunya.cat\/wp-content\/uploads\/2020\/10\/eleccions-al-barca.jpg","articleSection":["Punts clau del dia (ES)"],"inLanguage":"es","potentialAction":[{"@type":"CommentAction","name":"Comment","target":["https:\/\/conversesacatalunya.cat\/es\/elecciones-en-el-barca-un-nuevo-objetivo-para-el-independentismo\/#respond"]}]},{"@type":"WebPage","@id":"https:\/\/conversesacatalunya.cat\/es\/elecciones-en-el-barca-un-nuevo-objetivo-para-el-independentismo\/","url":"https:\/\/conversesacatalunya.cat\/es\/elecciones-en-el-barca-un-nuevo-objetivo-para-el-independentismo\/","name":"Elecciones en el Bar\u00e7a: un nuevo objetivo para el independentismo - Converses a Catalunya","isPartOf":{"@id":"https:\/\/conversesacatalunya.cat\/#website"},"primaryImageOfPage":{"@id":"https:\/\/conversesacatalunya.cat\/es\/elecciones-en-el-barca-un-nuevo-objetivo-para-el-independentismo\/#primaryimage"},"image":{"@id":"https:\/\/conversesacatalunya.cat\/es\/elecciones-en-el-barca-un-nuevo-objetivo-para-el-independentismo\/#primaryimage"},"thumbnailUrl":"https:\/\/conversesacatalunya.cat\/wp-content\/uploads\/2020\/10\/eleccions-al-barca.jpg","datePublished":"2020-10-31T08:01:36+00:00","author":{"@id":"https:\/\/conversesacatalunya.cat\/#\/schema\/person\/7e24d1e54a2785373ddcb275eae5ed99"},"breadcrumb":{"@id":"https:\/\/conversesacatalunya.cat\/es\/elecciones-en-el-barca-un-nuevo-objetivo-para-el-independentismo\/#breadcrumb"},"inLanguage":"es","potentialAction":[{"@type":"ReadAction","target":["https:\/\/conversesacatalunya.cat\/es\/elecciones-en-el-barca-un-nuevo-objetivo-para-el-independentismo\/"]}]},{"@type":"ImageObject","inLanguage":"es","@id":"https:\/\/conversesacatalunya.cat\/es\/elecciones-en-el-barca-un-nuevo-objetivo-para-el-independentismo\/#primaryimage","url":"https:\/\/conversesacatalunya.cat\/wp-content\/uploads\/2020\/10\/eleccions-al-barca.jpg","contentUrl":"https:\/\/conversesacatalunya.cat\/wp-content\/uploads\/2020\/10\/eleccions-al-barca.jpg","width":980,"height":561,"caption":"eleccions al bar\u00e7a"},{"@type":"BreadcrumbList","@id":"https:\/\/conversesacatalunya.cat\/es\/elecciones-en-el-barca-un-nuevo-objetivo-para-el-independentismo\/#breadcrumb","itemListElement":[{"@type":"ListItem","position":1,"name":"Inici","item":"https:\/\/conversesacatalunya.cat\/es\/"},{"@type":"ListItem","position":2,"name":"Elecciones en el Bar\u00e7a: un nuevo objetivo para el independentismo"}]},{"@type":"WebSite","@id":"https:\/\/conversesacatalunya.cat\/#website","url":"https:\/\/conversesacatalunya.cat\/","name":"Converses a Catalunya","description":"","potentialAction":[{"@type":"SearchAction","target":{"@type":"EntryPoint","urlTemplate":"https:\/\/conversesacatalunya.cat\/?s={search_term_string}"},"query-input":{"@type":"PropertyValueSpecification","valueRequired":true,"valueName":"search_term_string"}}],"inLanguage":"es"},{"@type":"Person","@id":"https:\/\/conversesacatalunya.cat\/#\/schema\/person\/7e24d1e54a2785373ddcb275eae5ed99","name":"conversesacatalunya","image":{"@type":"ImageObject","inLanguage":"es","@id":"https:\/\/conversesacatalunya.cat\/#\/schema\/person\/image\/","url":"https:\/\/conversesacatalunya.cat\/wp-content\/litespeed\/avatar\/febdfeeec89d950f01c748045a981dd2.jpg?ver=1777314535","contentUrl":"https:\/\/conversesacatalunya.cat\/wp-content\/litespeed\/avatar\/febdfeeec89d950f01c748045a981dd2.jpg?ver=1777314535","caption":"conversesacatalunya"},"url":"https:\/\/conversesacatalunya.cat\/es\/author\/carme_catala\/"}]}},"wps_subtitle":"","_links":{"self":[{"href":"https:\/\/conversesacatalunya.cat\/es\/wp-json\/wp\/v2\/posts\/41810","targetHints":{"allow":["GET"]}}],"collection":[{"href":"https:\/\/conversesacatalunya.cat\/es\/wp-json\/wp\/v2\/posts"}],"about":[{"href":"https:\/\/conversesacatalunya.cat\/es\/wp-json\/wp\/v2\/types\/post"}],"author":[{"embeddable":true,"href":"https:\/\/conversesacatalunya.cat\/es\/wp-json\/wp\/v2\/users\/2"}],"replies":[{"embeddable":true,"href":"https:\/\/conversesacatalunya.cat\/es\/wp-json\/wp\/v2\/comments?post=41810"}],"version-history":[{"count":2,"href":"https:\/\/conversesacatalunya.cat\/es\/wp-json\/wp\/v2\/posts\/41810\/revisions"}],"predecessor-version":[{"id":41812,"href":"https:\/\/conversesacatalunya.cat\/es\/wp-json\/wp\/v2\/posts\/41810\/revisions\/41812"}],"wp:featuredmedia":[{"embeddable":true,"href":"https:\/\/conversesacatalunya.cat\/es\/wp-json\/wp\/v2\/media\/41807"}],"wp:attachment":[{"href":"https:\/\/conversesacatalunya.cat\/es\/wp-json\/wp\/v2\/media?parent=41810"}],"wp:term":[{"taxonomy":"category","embeddable":true,"href":"https:\/\/conversesacatalunya.cat\/es\/wp-json\/wp\/v2\/categories?post=41810"},{"taxonomy":"post_tag","embeddable":true,"href":"https:\/\/conversesacatalunya.cat\/es\/wp-json\/wp\/v2\/tags?post=41810"}],"curies":[{"name":"wp","href":"https:\/\/api.w.org\/{rel}","templated":true}]}}