{"id":41792,"date":"2020-10-30T10:00:38","date_gmt":"2020-10-30T09:00:38","guid":{"rendered":"https:\/\/conversesacatalunya.cat\/estat-dalarma-o-estat-de-pena\/"},"modified":"2020-10-30T11:32:00","modified_gmt":"2020-10-30T10:32:00","slug":"estado-de-alarma-o-estado-de-pena","status":"publish","type":"post","link":"https:\/\/conversesacatalunya.cat\/es\/estado-de-alarma-o-estado-de-pena\/","title":{"rendered":"\u00bfEstado de alarma o estado de pena?"},"content":{"rendered":"<p>Los datos de la encuesta de poblaci\u00f3n activa dan una idea de la destrucci\u00f3n causada por la pol\u00edtica seguida por el gobierno espa\u00f1ol para afrontar la Covid-19. Hay 350.000 parados m\u00e1s y la tasa se sit\u00faa ya en un 16,26%. La mitad del empleo destruido con el confinamiento no se ha recuperado y el <strong>20% de los trabajadores est\u00e1 en paro o en un ERTE<\/strong>.<\/p>\n<p>Este es el fruto de la experiencia pasada, pero a pesar de la devastaci\u00f3n creada, nuestros gobernantes no parecen haber aprendido mucho, porque ahora entra en juego un nuevo estado de alarma al haberse descontrolado la Covid-19. Un estado de alarma que permite confinamientos perimetrales, que ya se aplican, <strong>cierres de sectores completos<\/strong>, como hace Catalu\u00f1a con la hosteler\u00eda, e incluso <strong>confinamientos domiciliarios<\/strong>.<\/p>\n<p>A todo esto se le a\u00f1ade la confusi\u00f3n cotidiana que generan los mismos gobernantes fruto de la heterogeneidad de las medidas que aplican y de la confusi\u00f3n de sus mensajes que distorsionan mucho la actividad econ\u00f3mica. El \u00faltimo ejemplo es tan reciente como el de este martes 27 de octubre en el que por una parte, y a lo largo de bastantes horas, las empresas catalanas se vieron sorprendidas con el anuncio del Consejero de Trabajo, de Asuntos social y Familias de la Generalitat, Chakir el Homrani, que anunci\u00f3 que <strong>decretaba la obligaci\u00f3n de que los trabajadores teletrabajaran<\/strong>. La portavoz del gobierno y el consejero de Empresa lo desmintieron indicando que no se dispon\u00eda de las competencias para tomar esta decisi\u00f3n y que s\u00f3lo se pod\u00eda recomendar. Despu\u00e9s, el secretario general de Trabajo intent\u00f3 recomponer el papel\u00f3n de El Homrani, afirmando que desde el punto de vista sanitario hab\u00eda el deber de <strong>promover el teletrabajo<\/strong>. Y para acabarlo de arreglar el subdirector de programas de Protecci\u00f3n Civil hizo una declaraci\u00f3n leyendo la norma en la que se indica que en todo caso se dar\u00e1 prioridad cuando sea posible al teletrabajo. Como adem\u00e1s intervienen otros factores, como los sindicatos, y no existe ninguna norma reguladora clara porque todo va a golpe de declaraci\u00f3n, la confusi\u00f3n reina entre las empresas. Es un ejemplo de lo que no debe ser, porque adem\u00e1s incide en una poblaci\u00f3n que empieza a estar cansada de las restricciones y de las normas cambiantes que pueden pasar en el espacio de una semana, como tambi\u00e9n ha sucedido en Catalu\u00f1a, que de autorizar nuevamente la apertura de las salas de fiestas y discotecas, ha pasado a mantenerlas cerradas, a\u00f1adiendo bares y restaurantes.<\/p>\n<p>Nadie discute la necesidad de frenar la pandemia, pero a la vez es necesario reclamar una explicaci\u00f3n clara y concreta de c\u00f3mo hemos vuelto a llegar hasta aqu\u00ed. Porque si esto ha sucedido significa que todo lo que se ha estado haciendo por parte de las administraciones desde el verano no funciona. Hay que decirlo en t\u00e9rminos muy concretas. Ni el gobierno espa\u00f1ol ni la Generalitat, a parte de otras comunidades aut\u00f3nomas, muestran tener <strong>la capacidad, los conocimientos, la eficacia para controlar la epidemia, ya no digamos reducir<\/strong>. Y esto es muy grave porque si no lo resuelven, estaremos dentro de un c\u00edrculo vicioso continuo porque la realidad es que el problema va para largo y si tenemos que aprender a convivir con el coronavirus, es necesario que dispongamos de un gobernante que sepan qu\u00e9 hacer en lugar de ir de derrota en derrota hasta la cat\u00e1strofe final.<\/p>\n<p>Un segundo aspecto de la cuesti\u00f3n, y que no es menor, es que todo esto se pretenda hacer en el marco de una declaraci\u00f3n de alarma de <strong>medio a\u00f1o de duraci\u00f3n<\/strong> que es literalmente un abuso de la ley, y significa un deterioro brutal del estado de derecho porque durante este plazo, si es que se acepta, el control sobre lo que hagan los gobiernos ser\u00e1 pr\u00e1cticamente nulo ya que el papel del Parlamento o del Congreso para controlar lo que se haga en esta materia central de lucha contra la pandemia no se ver\u00e1 hasta el mes de mayo del a\u00f1o que viene. No hay ninguna raz\u00f3n cient\u00edfica ni t\u00e9cnica que justifique este periodo. S\u00f3lo por la comodidad de los que gobiernan, que contraria a la exigencia del control democr\u00e1tico. Si se lleva a cabo como lo ha planteado S\u00e1nchez, la democracia quedar\u00e1 fuertemente tocada en este pa\u00eds y se habr\u00e1 generado un precedente extraordinariamente peligroso.<\/p>\n<p>Y a\u00fan quedar\u00eda un tercer aspecto: es imposible salir bien de esta crisis si no crece la conciencia social, el capital social, que hace que la poblaci\u00f3n, la inmensa mayor\u00eda, sea militante y activa para impedir que el coronavirus prospere . Los ejemplos de Jap\u00f3n, Corea y Taiw\u00e1n est\u00e1n a la vista. Sus magn\u00edficos resultados son la combinaci\u00f3n de unos gobiernos que saben gobernar y una poblaci\u00f3n que tiene conciencia plena de sus deberes y los cumple.<\/p>\n<p style=\"text-align: center;\">M\u00e1s informaci\u00f3n sobre el coronavirus en <a href=\"https:\/\/conversesacatalunya.cat\/es\/coronavirus\/\"><strong>ESPECIAL CORONAVIRUS<\/strong><\/a><\/p>\n<div id=\"polls-78\" class=\"wp-polls\">\n\t<form id=\"polls_form_78\" class=\"wp-polls-form\" action=\"\/index.php\" method=\"post\">\n\t\t<p style=\"display: none;\"><input type=\"hidden\" id=\"poll_78_nonce\" name=\"wp-polls-nonce\" value=\"eb0f1a6559\" \/><\/p>\n\t\t<p style=\"display: none;\"><input type=\"hidden\" name=\"poll_id\" value=\"78\" \/><\/p>\n\t\t<p style=\"text-align: center\"><strong>Creus que la visita del president S\u00e1nchez al Papa Francesc li ha estat pol\u00edticament rendible despr\u00e9s del petit discurs del Papa als assistents a l'acte?<\/strong><\/p><div id=\"polls-78-ans\" class=\"wp-polls-ans\"><ul class=\"wp-polls-ul\">\n\t\t<li><input type=\"radio\" id=\"poll-answer-172\" name=\"poll_78\" value=\"172\" \/> <label for=\"poll-answer-172\">Si<\/label><\/li>\n\t\t<li><input type=\"radio\" id=\"poll-answer-173\" name=\"poll_78\" value=\"173\" \/> <label for=\"poll-answer-173\">No<\/label><\/li>\n\t\t<li><input type=\"radio\" id=\"poll-answer-174\" name=\"poll_78\" value=\"174\" \/> <label for=\"poll-answer-174\">No ho s\u00e9<\/label><\/li>\n\t\t<\/ul><p style=\"text-align: center\"><input type=\"button\" name=\"vote\" value=\"   Vota   \" class=\"Buttons\" onclick=\"poll_vote(78);\" \/><\/p><p style=\"text-align: center\"><a href=\"#ViewPollResults\" onclick=\"poll_result(78); return false;\" title=\"View Results Of This Poll\">Mira els resultats<\/a><\/p><\/div>\n\t<\/form>\n<\/div>\n<div id=\"polls-78-loading\" class=\"wp-polls-loading\"><img decoding=\"async\" data-src=\"https:\/\/conversesacatalunya.cat\/wp-content\/plugins\/wp-polls\/images\/loading.gif\" width=\"16\" height=\"16\" alt=\"Cargando ...\" title=\"Cargando ...\" class=\"wp-polls-image lazyload\" src=\"data:image\/svg+xml;base64,PHN2ZyB3aWR0aD0iMSIgaGVpZ2h0PSIxIiB4bWxucz0iaHR0cDovL3d3dy53My5vcmcvMjAwMC9zdmciPjwvc3ZnPg==\" style=\"--smush-placeholder-width: 16px; --smush-placeholder-aspect-ratio: 16\/16;\" \/>&nbsp;Cargando ...<\/div>\n\n","protected":false},"excerpt":{"rendered":"<p>Los datos de la encuesta de poblaci\u00f3n activa dan una idea de la destrucci\u00f3n causada por la pol\u00edtica seguida por el gobierno espa\u00f1ol para afrontar la Covid-19. Hay 350.000 parados m\u00e1s y la tasa se sit\u00faa ya en un 16,26%. La mitad del empleo destruido con el confinamiento no se ha recuperado y el 20% de los trabajadores est\u00e1 en paro o en un ERTE. Este es el fruto de la experiencia pasada, pero a pesar de la devastaci\u00f3n creada, nuestros gobernantes no parecen haber aprendido mucho, porque ahora entra en juego un nuevo estado de alarma al haberse descontrolado la Covid-19. Un estado de alarma que permite confinamientos perimetrales, que ya se aplican, cierres de sectores completos, como hace Catalu\u00f1a con la hosteler\u00eda, e incluso confinamientos domiciliarios. A todo esto se le a\u00f1ade la confusi\u00f3n cotidiana que generan los mismos gobernantes fruto de la heterogeneidad de las medidas que aplican y de la confusi\u00f3n de sus mensajes que distorsionan mucho la actividad econ\u00f3mica. El \u00faltimo ejemplo es tan reciente como el de este martes 27 de octubre en el que por una parte, y a lo largo de bastantes horas, las empresas catalanas se vieron sorprendidas con el anuncio del Consejero de Trabajo, de Asuntos social y Familias de la Generalitat, Chakir el Homrani, que anunci\u00f3 que decretaba la obligaci\u00f3n de que los trabajadores teletrabajaran. La portavoz del gobierno y el consejero de Empresa lo desmintieron indicando que no se dispon\u00eda de las competencias para tomar esta decisi\u00f3n y que s\u00f3lo se pod\u00eda recomendar. Despu\u00e9s, el secretario general de Trabajo intent\u00f3 recomponer el papel\u00f3n de El Homrani, afirmando que desde el punto de vista sanitario hab\u00eda el deber de promover el teletrabajo. Y para acabarlo de arreglar el subdirector de programas de Protecci\u00f3n Civil hizo una declaraci\u00f3n leyendo la norma en la que se indica que en todo caso se dar\u00e1 prioridad cuando sea posible al teletrabajo. Como adem\u00e1s intervienen otros factores, como los sindicatos, y no existe ninguna norma reguladora clara porque todo va a golpe de declaraci\u00f3n, la confusi\u00f3n reina entre las empresas. Es un ejemplo de lo que no debe ser, porque adem\u00e1s incide en una poblaci\u00f3n que empieza a estar cansada de las restricciones y de las normas cambiantes que pueden pasar en el espacio de una semana, como tambi\u00e9n ha sucedido en Catalu\u00f1a, que de autorizar nuevamente la apertura de las salas de fiestas y discotecas, ha pasado a mantenerlas cerradas, a\u00f1adiendo bares y restaurantes. Nadie discute la necesidad de frenar la pandemia, pero a la vez es necesario reclamar una explicaci\u00f3n clara y concreta de c\u00f3mo hemos vuelto a llegar hasta aqu\u00ed. Porque si esto ha sucedido significa que todo lo que se ha estado haciendo por parte de las administraciones desde el verano no funciona. Hay que decirlo en t\u00e9rminos muy concretas. Ni el gobierno espa\u00f1ol ni la Generalitat, a parte de otras comunidades aut\u00f3nomas, muestran tener la capacidad, los conocimientos, la eficacia para controlar la epidemia, ya no digamos reducir. Y esto es muy grave porque si no lo resuelven, estaremos dentro de un c\u00edrculo vicioso continuo porque la realidad es que el problema va para largo y si tenemos que aprender a convivir con el coronavirus, es necesario que dispongamos de un gobernante que sepan qu\u00e9 hacer en lugar de ir de derrota en derrota hasta la cat\u00e1strofe final. Un segundo aspecto de la cuesti\u00f3n, y que no es menor, es que todo esto se pretenda hacer en el marco de una declaraci\u00f3n de alarma de medio a\u00f1o de duraci\u00f3n que es literalmente un abuso de la ley, y significa un deterioro brutal del estado de derecho porque durante este plazo, si es que se acepta, el control sobre lo que hagan los gobiernos ser\u00e1 pr\u00e1cticamente nulo ya que el papel del Parlamento o del Congreso para controlar lo que se haga en esta materia central de lucha contra la pandemia no se ver\u00e1 hasta el mes de mayo del a\u00f1o que viene. No hay ninguna raz\u00f3n cient\u00edfica ni t\u00e9cnica que justifique este periodo. S\u00f3lo por la comodidad de los que gobiernan, que contraria a la exigencia del control democr\u00e1tico. Si se lleva a cabo como lo ha planteado S\u00e1nchez, la democracia quedar\u00e1 fuertemente tocada en este pa\u00eds y se habr\u00e1 generado un precedente extraordinariamente peligroso. Y a\u00fan quedar\u00eda un tercer aspecto: es imposible salir bien de esta crisis si no crece la conciencia social, el capital social, que hace que la poblaci\u00f3n, la inmensa mayor\u00eda, sea militante y activa para impedir que el coronavirus prospere . Los ejemplos de Jap\u00f3n, Corea y Taiw\u00e1n est\u00e1n a la vista. Sus magn\u00edficos resultados son la combinaci\u00f3n de unos gobiernos que saben gobernar y una poblaci\u00f3n que tiene conciencia plena de sus deberes y los cumple. M\u00e1s informaci\u00f3n sobre el coronavirus en ESPECIAL CORONAVIRUS<\/p>\n","protected":false},"author":2,"featured_media":41766,"comment_status":"open","ping_status":"open","sticky":false,"template":"","format":"standard","meta":{"_FSMCFIC_featured_image_caption":"","_FSMCFIC_featured_image_nocaption":"","_FSMCFIC_featured_image_hide":"","footnotes":""},"categories":[1772,806],"tags":[1504,1901,2049],"class_list":["post-41792","post","type-post","status-publish","format-standard","has-post-thumbnail","hentry","category-especial-coronavirus-es","category-punts-claus-del-dia-es","tag-coronavirus-es","tag-estado-de-alarma","tag-medidas-coronavirus"],"yoast_head":"<!-- This site is optimized with the Yoast SEO plugin v26.8 - https:\/\/yoast.com\/product\/yoast-seo-wordpress\/ -->\n<title>\u00bfEstado de alarma o estado de pena? - Converses a Catalunya<\/title>\n<meta name=\"robots\" content=\"index, follow, max-snippet:-1, max-image-preview:large, max-video-preview:-1\" \/>\n<link rel=\"canonical\" href=\"https:\/\/conversesacatalunya.cat\/es\/estado-de-alarma-o-estado-de-pena\/\" \/>\n<meta property=\"og:locale\" content=\"es_ES\" \/>\n<meta property=\"og:type\" content=\"article\" \/>\n<meta property=\"og:title\" content=\"\u00bfEstado de alarma o estado de pena? - Converses a Catalunya\" \/>\n<meta property=\"og:description\" content=\"Los datos de la encuesta de poblaci\u00f3n activa dan una idea de la destrucci\u00f3n causada por la pol\u00edtica seguida por el gobierno espa\u00f1ol para afrontar la Covid-19. Hay 350.000 parados m\u00e1s y la tasa se sit\u00faa ya en un 16,26%. La mitad del empleo destruido con el confinamiento no se ha recuperado y el 20% de los trabajadores est\u00e1 en paro o en un ERTE. Este es el fruto de la experiencia pasada, pero a pesar de la devastaci\u00f3n creada, nuestros gobernantes no parecen haber aprendido mucho, porque ahora entra en juego un nuevo estado de alarma al haberse descontrolado la Covid-19. Un estado de alarma que permite confinamientos perimetrales, que ya se aplican, cierres de sectores completos, como hace Catalu\u00f1a con la hosteler\u00eda, e incluso confinamientos domiciliarios. A todo esto se le a\u00f1ade la confusi\u00f3n cotidiana que generan los mismos gobernantes fruto de la heterogeneidad de las medidas que aplican y de la confusi\u00f3n de sus mensajes que distorsionan mucho la actividad econ\u00f3mica. El \u00faltimo ejemplo es tan reciente como el de este martes 27 de octubre en el que por una parte, y a lo largo de bastantes horas, las empresas catalanas se vieron sorprendidas con el anuncio del Consejero de Trabajo, de Asuntos social y Familias de la Generalitat, Chakir el Homrani, que anunci\u00f3 que decretaba la obligaci\u00f3n de que los trabajadores teletrabajaran. La portavoz del gobierno y el consejero de Empresa lo desmintieron indicando que no se dispon\u00eda de las competencias para tomar esta decisi\u00f3n y que s\u00f3lo se pod\u00eda recomendar. Despu\u00e9s, el secretario general de Trabajo intent\u00f3 recomponer el papel\u00f3n de El Homrani, afirmando que desde el punto de vista sanitario hab\u00eda el deber de promover el teletrabajo. Y para acabarlo de arreglar el subdirector de programas de Protecci\u00f3n Civil hizo una declaraci\u00f3n leyendo la norma en la que se indica que en todo caso se dar\u00e1 prioridad cuando sea posible al teletrabajo. Como adem\u00e1s intervienen otros factores, como los sindicatos, y no existe ninguna norma reguladora clara porque todo va a golpe de declaraci\u00f3n, la confusi\u00f3n reina entre las empresas. Es un ejemplo de lo que no debe ser, porque adem\u00e1s incide en una poblaci\u00f3n que empieza a estar cansada de las restricciones y de las normas cambiantes que pueden pasar en el espacio de una semana, como tambi\u00e9n ha sucedido en Catalu\u00f1a, que de autorizar nuevamente la apertura de las salas de fiestas y discotecas, ha pasado a mantenerlas cerradas, a\u00f1adiendo bares y restaurantes. Nadie discute la necesidad de frenar la pandemia, pero a la vez es necesario reclamar una explicaci\u00f3n clara y concreta de c\u00f3mo hemos vuelto a llegar hasta aqu\u00ed. Porque si esto ha sucedido significa que todo lo que se ha estado haciendo por parte de las administraciones desde el verano no funciona. Hay que decirlo en t\u00e9rminos muy concretas. Ni el gobierno espa\u00f1ol ni la Generalitat, a parte de otras comunidades aut\u00f3nomas, muestran tener la capacidad, los conocimientos, la eficacia para controlar la epidemia, ya no digamos reducir. Y esto es muy grave porque si no lo resuelven, estaremos dentro de un c\u00edrculo vicioso continuo porque la realidad es que el problema va para largo y si tenemos que aprender a convivir con el coronavirus, es necesario que dispongamos de un gobernante que sepan qu\u00e9 hacer en lugar de ir de derrota en derrota hasta la cat\u00e1strofe final. Un segundo aspecto de la cuesti\u00f3n, y que no es menor, es que todo esto se pretenda hacer en el marco de una declaraci\u00f3n de alarma de medio a\u00f1o de duraci\u00f3n que es literalmente un abuso de la ley, y significa un deterioro brutal del estado de derecho porque durante este plazo, si es que se acepta, el control sobre lo que hagan los gobiernos ser\u00e1 pr\u00e1cticamente nulo ya que el papel del Parlamento o del Congreso para controlar lo que se haga en esta materia central de lucha contra la pandemia no se ver\u00e1 hasta el mes de mayo del a\u00f1o que viene. No hay ninguna raz\u00f3n cient\u00edfica ni t\u00e9cnica que justifique este periodo. S\u00f3lo por la comodidad de los que gobiernan, que contraria a la exigencia del control democr\u00e1tico. Si se lleva a cabo como lo ha planteado S\u00e1nchez, la democracia quedar\u00e1 fuertemente tocada en este pa\u00eds y se habr\u00e1 generado un precedente extraordinariamente peligroso. Y a\u00fan quedar\u00eda un tercer aspecto: es imposible salir bien de esta crisis si no crece la conciencia social, el capital social, que hace que la poblaci\u00f3n, la inmensa mayor\u00eda, sea militante y activa para impedir que el coronavirus prospere . Los ejemplos de Jap\u00f3n, Corea y Taiw\u00e1n est\u00e1n a la vista. Sus magn\u00edficos resultados son la combinaci\u00f3n de unos gobiernos que saben gobernar y una poblaci\u00f3n que tiene conciencia plena de sus deberes y los cumple. M\u00e1s informaci\u00f3n sobre el coronavirus en ESPECIAL CORONAVIRUS\" \/>\n<meta property=\"og:url\" content=\"https:\/\/conversesacatalunya.cat\/es\/estado-de-alarma-o-estado-de-pena\/\" \/>\n<meta property=\"og:site_name\" content=\"Converses a Catalunya\" \/>\n<meta property=\"article:published_time\" content=\"2020-10-30T09:00:38+00:00\" \/>\n<meta property=\"article:modified_time\" content=\"2020-10-30T10:32:00+00:00\" \/>\n<meta property=\"og:image\" content=\"https:\/\/conversesacatalunya.cat\/wp-content\/uploads\/2020\/10\/estat-dalarma-1.jpg\" \/>\n\t<meta property=\"og:image:width\" content=\"1200\" \/>\n\t<meta property=\"og:image:height\" content=\"674\" \/>\n\t<meta property=\"og:image:type\" content=\"image\/jpeg\" \/>\n<meta name=\"author\" content=\"conversesacatalunya\" \/>\n<meta name=\"twitter:card\" content=\"summary_large_image\" \/>\n<meta name=\"twitter:label1\" content=\"Escrito por\" \/>\n\t<meta name=\"twitter:data1\" content=\"conversesacatalunya\" \/>\n\t<meta name=\"twitter:label2\" content=\"Tiempo de lectura\" \/>\n\t<meta name=\"twitter:data2\" content=\"4 minutos\" \/>\n<script type=\"application\/ld+json\" class=\"yoast-schema-graph\">{\"@context\":\"https:\/\/schema.org\",\"@graph\":[{\"@type\":\"Article\",\"@id\":\"https:\/\/conversesacatalunya.cat\/es\/estado-de-alarma-o-estado-de-pena\/#article\",\"isPartOf\":{\"@id\":\"https:\/\/conversesacatalunya.cat\/es\/estado-de-alarma-o-estado-de-pena\/\"},\"author\":{\"name\":\"conversesacatalunya\",\"@id\":\"https:\/\/conversesacatalunya.cat\/#\/schema\/person\/7e24d1e54a2785373ddcb275eae5ed99\"},\"headline\":\"\u00bfEstado de alarma o estado de pena?\",\"datePublished\":\"2020-10-30T09:00:38+00:00\",\"dateModified\":\"2020-10-30T10:32:00+00:00\",\"mainEntityOfPage\":{\"@id\":\"https:\/\/conversesacatalunya.cat\/es\/estado-de-alarma-o-estado-de-pena\/\"},\"wordCount\":868,\"commentCount\":0,\"image\":{\"@id\":\"https:\/\/conversesacatalunya.cat\/es\/estado-de-alarma-o-estado-de-pena\/#primaryimage\"},\"thumbnailUrl\":\"https:\/\/conversesacatalunya.cat\/wp-content\/uploads\/2020\/10\/estat-dalarma-1.jpg\",\"keywords\":[\"coronavirus\",\"Estado de Alarma\",\"medidas coronavirus\"],\"articleSection\":[\"Especial Coronavirus (ES)\",\"Punts clau del dia (ES)\"],\"inLanguage\":\"es\",\"potentialAction\":[{\"@type\":\"CommentAction\",\"name\":\"Comment\",\"target\":[\"https:\/\/conversesacatalunya.cat\/es\/estado-de-alarma-o-estado-de-pena\/#respond\"]}]},{\"@type\":\"WebPage\",\"@id\":\"https:\/\/conversesacatalunya.cat\/es\/estado-de-alarma-o-estado-de-pena\/\",\"url\":\"https:\/\/conversesacatalunya.cat\/es\/estado-de-alarma-o-estado-de-pena\/\",\"name\":\"\u00bfEstado de alarma o estado de pena? - Converses a Catalunya\",\"isPartOf\":{\"@id\":\"https:\/\/conversesacatalunya.cat\/#website\"},\"primaryImageOfPage\":{\"@id\":\"https:\/\/conversesacatalunya.cat\/es\/estado-de-alarma-o-estado-de-pena\/#primaryimage\"},\"image\":{\"@id\":\"https:\/\/conversesacatalunya.cat\/es\/estado-de-alarma-o-estado-de-pena\/#primaryimage\"},\"thumbnailUrl\":\"https:\/\/conversesacatalunya.cat\/wp-content\/uploads\/2020\/10\/estat-dalarma-1.jpg\",\"datePublished\":\"2020-10-30T09:00:38+00:00\",\"dateModified\":\"2020-10-30T10:32:00+00:00\",\"author\":{\"@id\":\"https:\/\/conversesacatalunya.cat\/#\/schema\/person\/7e24d1e54a2785373ddcb275eae5ed99\"},\"breadcrumb\":{\"@id\":\"https:\/\/conversesacatalunya.cat\/es\/estado-de-alarma-o-estado-de-pena\/#breadcrumb\"},\"inLanguage\":\"es\",\"potentialAction\":[{\"@type\":\"ReadAction\",\"target\":[\"https:\/\/conversesacatalunya.cat\/es\/estado-de-alarma-o-estado-de-pena\/\"]}]},{\"@type\":\"ImageObject\",\"inLanguage\":\"es\",\"@id\":\"https:\/\/conversesacatalunya.cat\/es\/estado-de-alarma-o-estado-de-pena\/#primaryimage\",\"url\":\"https:\/\/conversesacatalunya.cat\/wp-content\/uploads\/2020\/10\/estat-dalarma-1.jpg\",\"contentUrl\":\"https:\/\/conversesacatalunya.cat\/wp-content\/uploads\/2020\/10\/estat-dalarma-1.jpg\",\"width\":1200,\"height\":674,\"caption\":\"estat d'alarma\"},{\"@type\":\"BreadcrumbList\",\"@id\":\"https:\/\/conversesacatalunya.cat\/es\/estado-de-alarma-o-estado-de-pena\/#breadcrumb\",\"itemListElement\":[{\"@type\":\"ListItem\",\"position\":1,\"name\":\"Inici\",\"item\":\"https:\/\/conversesacatalunya.cat\/es\/\"},{\"@type\":\"ListItem\",\"position\":2,\"name\":\"\u00bfEstado de alarma o estado de pena?\"}]},{\"@type\":\"WebSite\",\"@id\":\"https:\/\/conversesacatalunya.cat\/#website\",\"url\":\"https:\/\/conversesacatalunya.cat\/\",\"name\":\"Converses a Catalunya\",\"description\":\"\",\"potentialAction\":[{\"@type\":\"SearchAction\",\"target\":{\"@type\":\"EntryPoint\",\"urlTemplate\":\"https:\/\/conversesacatalunya.cat\/?s={search_term_string}\"},\"query-input\":{\"@type\":\"PropertyValueSpecification\",\"valueRequired\":true,\"valueName\":\"search_term_string\"}}],\"inLanguage\":\"es\"},{\"@type\":\"Person\",\"@id\":\"https:\/\/conversesacatalunya.cat\/#\/schema\/person\/7e24d1e54a2785373ddcb275eae5ed99\",\"name\":\"conversesacatalunya\",\"image\":{\"@type\":\"ImageObject\",\"inLanguage\":\"es\",\"@id\":\"https:\/\/conversesacatalunya.cat\/#\/schema\/person\/image\/\",\"url\":\"https:\/\/conversesacatalunya.cat\/wp-content\/litespeed\/avatar\/febdfeeec89d950f01c748045a981dd2.jpg?ver=1777314535\",\"contentUrl\":\"https:\/\/conversesacatalunya.cat\/wp-content\/litespeed\/avatar\/febdfeeec89d950f01c748045a981dd2.jpg?ver=1777314535\",\"caption\":\"conversesacatalunya\"},\"url\":\"https:\/\/conversesacatalunya.cat\/es\/author\/carme_catala\/\"}]}<\/script>\n<!-- \/ Yoast SEO plugin. -->","yoast_head_json":{"title":"\u00bfEstado de alarma o estado de pena? - Converses a Catalunya","robots":{"index":"index","follow":"follow","max-snippet":"max-snippet:-1","max-image-preview":"max-image-preview:large","max-video-preview":"max-video-preview:-1"},"canonical":"https:\/\/conversesacatalunya.cat\/es\/estado-de-alarma-o-estado-de-pena\/","og_locale":"es_ES","og_type":"article","og_title":"\u00bfEstado de alarma o estado de pena? - Converses a Catalunya","og_description":"Los datos de la encuesta de poblaci\u00f3n activa dan una idea de la destrucci\u00f3n causada por la pol\u00edtica seguida por el gobierno espa\u00f1ol para afrontar la Covid-19. Hay 350.000 parados m\u00e1s y la tasa se sit\u00faa ya en un 16,26%. La mitad del empleo destruido con el confinamiento no se ha recuperado y el 20% de los trabajadores est\u00e1 en paro o en un ERTE. Este es el fruto de la experiencia pasada, pero a pesar de la devastaci\u00f3n creada, nuestros gobernantes no parecen haber aprendido mucho, porque ahora entra en juego un nuevo estado de alarma al haberse descontrolado la Covid-19. Un estado de alarma que permite confinamientos perimetrales, que ya se aplican, cierres de sectores completos, como hace Catalu\u00f1a con la hosteler\u00eda, e incluso confinamientos domiciliarios. A todo esto se le a\u00f1ade la confusi\u00f3n cotidiana que generan los mismos gobernantes fruto de la heterogeneidad de las medidas que aplican y de la confusi\u00f3n de sus mensajes que distorsionan mucho la actividad econ\u00f3mica. El \u00faltimo ejemplo es tan reciente como el de este martes 27 de octubre en el que por una parte, y a lo largo de bastantes horas, las empresas catalanas se vieron sorprendidas con el anuncio del Consejero de Trabajo, de Asuntos social y Familias de la Generalitat, Chakir el Homrani, que anunci\u00f3 que decretaba la obligaci\u00f3n de que los trabajadores teletrabajaran. La portavoz del gobierno y el consejero de Empresa lo desmintieron indicando que no se dispon\u00eda de las competencias para tomar esta decisi\u00f3n y que s\u00f3lo se pod\u00eda recomendar. Despu\u00e9s, el secretario general de Trabajo intent\u00f3 recomponer el papel\u00f3n de El Homrani, afirmando que desde el punto de vista sanitario hab\u00eda el deber de promover el teletrabajo. Y para acabarlo de arreglar el subdirector de programas de Protecci\u00f3n Civil hizo una declaraci\u00f3n leyendo la norma en la que se indica que en todo caso se dar\u00e1 prioridad cuando sea posible al teletrabajo. Como adem\u00e1s intervienen otros factores, como los sindicatos, y no existe ninguna norma reguladora clara porque todo va a golpe de declaraci\u00f3n, la confusi\u00f3n reina entre las empresas. Es un ejemplo de lo que no debe ser, porque adem\u00e1s incide en una poblaci\u00f3n que empieza a estar cansada de las restricciones y de las normas cambiantes que pueden pasar en el espacio de una semana, como tambi\u00e9n ha sucedido en Catalu\u00f1a, que de autorizar nuevamente la apertura de las salas de fiestas y discotecas, ha pasado a mantenerlas cerradas, a\u00f1adiendo bares y restaurantes. Nadie discute la necesidad de frenar la pandemia, pero a la vez es necesario reclamar una explicaci\u00f3n clara y concreta de c\u00f3mo hemos vuelto a llegar hasta aqu\u00ed. Porque si esto ha sucedido significa que todo lo que se ha estado haciendo por parte de las administraciones desde el verano no funciona. Hay que decirlo en t\u00e9rminos muy concretas. Ni el gobierno espa\u00f1ol ni la Generalitat, a parte de otras comunidades aut\u00f3nomas, muestran tener la capacidad, los conocimientos, la eficacia para controlar la epidemia, ya no digamos reducir. Y esto es muy grave porque si no lo resuelven, estaremos dentro de un c\u00edrculo vicioso continuo porque la realidad es que el problema va para largo y si tenemos que aprender a convivir con el coronavirus, es necesario que dispongamos de un gobernante que sepan qu\u00e9 hacer en lugar de ir de derrota en derrota hasta la cat\u00e1strofe final. Un segundo aspecto de la cuesti\u00f3n, y que no es menor, es que todo esto se pretenda hacer en el marco de una declaraci\u00f3n de alarma de medio a\u00f1o de duraci\u00f3n que es literalmente un abuso de la ley, y significa un deterioro brutal del estado de derecho porque durante este plazo, si es que se acepta, el control sobre lo que hagan los gobiernos ser\u00e1 pr\u00e1cticamente nulo ya que el papel del Parlamento o del Congreso para controlar lo que se haga en esta materia central de lucha contra la pandemia no se ver\u00e1 hasta el mes de mayo del a\u00f1o que viene. No hay ninguna raz\u00f3n cient\u00edfica ni t\u00e9cnica que justifique este periodo. S\u00f3lo por la comodidad de los que gobiernan, que contraria a la exigencia del control democr\u00e1tico. Si se lleva a cabo como lo ha planteado S\u00e1nchez, la democracia quedar\u00e1 fuertemente tocada en este pa\u00eds y se habr\u00e1 generado un precedente extraordinariamente peligroso. Y a\u00fan quedar\u00eda un tercer aspecto: es imposible salir bien de esta crisis si no crece la conciencia social, el capital social, que hace que la poblaci\u00f3n, la inmensa mayor\u00eda, sea militante y activa para impedir que el coronavirus prospere . Los ejemplos de Jap\u00f3n, Corea y Taiw\u00e1n est\u00e1n a la vista. Sus magn\u00edficos resultados son la combinaci\u00f3n de unos gobiernos que saben gobernar y una poblaci\u00f3n que tiene conciencia plena de sus deberes y los cumple. M\u00e1s informaci\u00f3n sobre el coronavirus en ESPECIAL CORONAVIRUS","og_url":"https:\/\/conversesacatalunya.cat\/es\/estado-de-alarma-o-estado-de-pena\/","og_site_name":"Converses a Catalunya","article_published_time":"2020-10-30T09:00:38+00:00","article_modified_time":"2020-10-30T10:32:00+00:00","og_image":[{"width":1200,"height":674,"url":"https:\/\/conversesacatalunya.cat\/wp-content\/uploads\/2020\/10\/estat-dalarma-1.jpg","type":"image\/jpeg"}],"author":"conversesacatalunya","twitter_card":"summary_large_image","twitter_misc":{"Escrito por":"conversesacatalunya","Tiempo de lectura":"4 minutos"},"schema":{"@context":"https:\/\/schema.org","@graph":[{"@type":"Article","@id":"https:\/\/conversesacatalunya.cat\/es\/estado-de-alarma-o-estado-de-pena\/#article","isPartOf":{"@id":"https:\/\/conversesacatalunya.cat\/es\/estado-de-alarma-o-estado-de-pena\/"},"author":{"name":"conversesacatalunya","@id":"https:\/\/conversesacatalunya.cat\/#\/schema\/person\/7e24d1e54a2785373ddcb275eae5ed99"},"headline":"\u00bfEstado de alarma o estado de pena?","datePublished":"2020-10-30T09:00:38+00:00","dateModified":"2020-10-30T10:32:00+00:00","mainEntityOfPage":{"@id":"https:\/\/conversesacatalunya.cat\/es\/estado-de-alarma-o-estado-de-pena\/"},"wordCount":868,"commentCount":0,"image":{"@id":"https:\/\/conversesacatalunya.cat\/es\/estado-de-alarma-o-estado-de-pena\/#primaryimage"},"thumbnailUrl":"https:\/\/conversesacatalunya.cat\/wp-content\/uploads\/2020\/10\/estat-dalarma-1.jpg","keywords":["coronavirus","Estado de Alarma","medidas coronavirus"],"articleSection":["Especial Coronavirus (ES)","Punts clau del dia (ES)"],"inLanguage":"es","potentialAction":[{"@type":"CommentAction","name":"Comment","target":["https:\/\/conversesacatalunya.cat\/es\/estado-de-alarma-o-estado-de-pena\/#respond"]}]},{"@type":"WebPage","@id":"https:\/\/conversesacatalunya.cat\/es\/estado-de-alarma-o-estado-de-pena\/","url":"https:\/\/conversesacatalunya.cat\/es\/estado-de-alarma-o-estado-de-pena\/","name":"\u00bfEstado de alarma o estado de pena? - Converses a Catalunya","isPartOf":{"@id":"https:\/\/conversesacatalunya.cat\/#website"},"primaryImageOfPage":{"@id":"https:\/\/conversesacatalunya.cat\/es\/estado-de-alarma-o-estado-de-pena\/#primaryimage"},"image":{"@id":"https:\/\/conversesacatalunya.cat\/es\/estado-de-alarma-o-estado-de-pena\/#primaryimage"},"thumbnailUrl":"https:\/\/conversesacatalunya.cat\/wp-content\/uploads\/2020\/10\/estat-dalarma-1.jpg","datePublished":"2020-10-30T09:00:38+00:00","dateModified":"2020-10-30T10:32:00+00:00","author":{"@id":"https:\/\/conversesacatalunya.cat\/#\/schema\/person\/7e24d1e54a2785373ddcb275eae5ed99"},"breadcrumb":{"@id":"https:\/\/conversesacatalunya.cat\/es\/estado-de-alarma-o-estado-de-pena\/#breadcrumb"},"inLanguage":"es","potentialAction":[{"@type":"ReadAction","target":["https:\/\/conversesacatalunya.cat\/es\/estado-de-alarma-o-estado-de-pena\/"]}]},{"@type":"ImageObject","inLanguage":"es","@id":"https:\/\/conversesacatalunya.cat\/es\/estado-de-alarma-o-estado-de-pena\/#primaryimage","url":"https:\/\/conversesacatalunya.cat\/wp-content\/uploads\/2020\/10\/estat-dalarma-1.jpg","contentUrl":"https:\/\/conversesacatalunya.cat\/wp-content\/uploads\/2020\/10\/estat-dalarma-1.jpg","width":1200,"height":674,"caption":"estat d'alarma"},{"@type":"BreadcrumbList","@id":"https:\/\/conversesacatalunya.cat\/es\/estado-de-alarma-o-estado-de-pena\/#breadcrumb","itemListElement":[{"@type":"ListItem","position":1,"name":"Inici","item":"https:\/\/conversesacatalunya.cat\/es\/"},{"@type":"ListItem","position":2,"name":"\u00bfEstado de alarma o estado de pena?"}]},{"@type":"WebSite","@id":"https:\/\/conversesacatalunya.cat\/#website","url":"https:\/\/conversesacatalunya.cat\/","name":"Converses a Catalunya","description":"","potentialAction":[{"@type":"SearchAction","target":{"@type":"EntryPoint","urlTemplate":"https:\/\/conversesacatalunya.cat\/?s={search_term_string}"},"query-input":{"@type":"PropertyValueSpecification","valueRequired":true,"valueName":"search_term_string"}}],"inLanguage":"es"},{"@type":"Person","@id":"https:\/\/conversesacatalunya.cat\/#\/schema\/person\/7e24d1e54a2785373ddcb275eae5ed99","name":"conversesacatalunya","image":{"@type":"ImageObject","inLanguage":"es","@id":"https:\/\/conversesacatalunya.cat\/#\/schema\/person\/image\/","url":"https:\/\/conversesacatalunya.cat\/wp-content\/litespeed\/avatar\/febdfeeec89d950f01c748045a981dd2.jpg?ver=1777314535","contentUrl":"https:\/\/conversesacatalunya.cat\/wp-content\/litespeed\/avatar\/febdfeeec89d950f01c748045a981dd2.jpg?ver=1777314535","caption":"conversesacatalunya"},"url":"https:\/\/conversesacatalunya.cat\/es\/author\/carme_catala\/"}]}},"wps_subtitle":"","_links":{"self":[{"href":"https:\/\/conversesacatalunya.cat\/es\/wp-json\/wp\/v2\/posts\/41792","targetHints":{"allow":["GET"]}}],"collection":[{"href":"https:\/\/conversesacatalunya.cat\/es\/wp-json\/wp\/v2\/posts"}],"about":[{"href":"https:\/\/conversesacatalunya.cat\/es\/wp-json\/wp\/v2\/types\/post"}],"author":[{"embeddable":true,"href":"https:\/\/conversesacatalunya.cat\/es\/wp-json\/wp\/v2\/users\/2"}],"replies":[{"embeddable":true,"href":"https:\/\/conversesacatalunya.cat\/es\/wp-json\/wp\/v2\/comments?post=41792"}],"version-history":[{"count":2,"href":"https:\/\/conversesacatalunya.cat\/es\/wp-json\/wp\/v2\/posts\/41792\/revisions"}],"predecessor-version":[{"id":41794,"href":"https:\/\/conversesacatalunya.cat\/es\/wp-json\/wp\/v2\/posts\/41792\/revisions\/41794"}],"wp:featuredmedia":[{"embeddable":true,"href":"https:\/\/conversesacatalunya.cat\/es\/wp-json\/wp\/v2\/media\/41766"}],"wp:attachment":[{"href":"https:\/\/conversesacatalunya.cat\/es\/wp-json\/wp\/v2\/media?parent=41792"}],"wp:term":[{"taxonomy":"category","embeddable":true,"href":"https:\/\/conversesacatalunya.cat\/es\/wp-json\/wp\/v2\/categories?post=41792"},{"taxonomy":"post_tag","embeddable":true,"href":"https:\/\/conversesacatalunya.cat\/es\/wp-json\/wp\/v2\/tags?post=41792"}],"curies":[{"name":"wp","href":"https:\/\/api.w.org\/{rel}","templated":true}]}}