{"id":41779,"date":"2020-10-29T11:41:28","date_gmt":"2020-10-29T10:41:28","guid":{"rendered":"https:\/\/conversesacatalunya.cat\/detencions-a-catalunya-que-venen-els-russos\/"},"modified":"2020-10-29T15:25:20","modified_gmt":"2020-10-29T14:25:20","slug":"detenciones-inesperadas-en-cataluna-que-vienen-los-rusos","status":"publish","type":"post","link":"https:\/\/conversesacatalunya.cat\/es\/detenciones-inesperadas-en-cataluna-que-vienen-los-rusos\/","title":{"rendered":"Detenciones inesperadas en Catalu\u00f1a: \u00a1que vienen los rusos!"},"content":{"rendered":"<p>A lo largo del d\u00eda de ayer, mi\u00e9rcoles 28, se produjo un amplio despliegue de la Guardia Civil con registros y detenciones de personas, en gran manera conocidas por su trayectoria pol\u00edtica y su implicaci\u00f3n en el proceso, tanto procedentes de ERC, como <strong>Xavier Vendrell<\/strong> y <strong>Oriol Soler<\/strong>, como de Convergencia, caso de <strong>David Mad\u00ed<\/strong>, persona estrechamente vinculada a Artur Mas y uno de sus principales asesores en estrategia pol\u00edtica. Tambi\u00e9n fueron detenidos <strong>Xavier Vinyals<\/strong>, empresario impulsor de las selecciones catalanas y con una larga trayectoria en este \u00e1mbito deportivo y del independentismo desde los tiempos del COC en los a\u00f1os 90 en el que particip\u00f3. Tambi\u00e9n ha sido alcalde de Lituania en Barcelona. Otra detenci\u00f3n destacada es la de <strong>Josep Llu\u00eds Alay<\/strong>, el director de la oficina de Puigdemont en Barcelona y que es una persona muy cercana al expresidente.<\/p>\n<p>Las principales acusaciones que parece que se deducen del auto del juez, son las de <strong>financiaci\u00f3n ilegal, irregularidades urban\u00edsticas, tr\u00e1fico de influencia, malversaci\u00f3n, prevaricaci\u00f3n, blanqueo y tambi\u00e9n des\u00f3rdenes p\u00fablicos<\/strong> con una presunta relaci\u00f3n con el Tsunami Democr\u00e1tico. De todos estos hechos heterog\u00e9neos, lo que destaca por su car\u00e1cter pintoresco es la intervenci\u00f3n telef\u00f3nica en la que se habla de la <strong>ayuda de Rusia<\/strong>, que podr\u00eda llegar hasta el extremo de trasladar a 10.000 soldados a Catalu\u00f1a para consolidar la independencia, y tambi\u00e9n asumir sus deudas.<\/p>\n<p>En realidad, todo esto tiene un sentido, pero que es muy diferente del que se le ha dado hasta ahora. Esta grabaci\u00f3n no es ning\u00fan delirio ni tampoco nada que guarde relaci\u00f3n con la realidad. Es una protecci\u00f3n que en su momento ejercieron las personas que hablaban por tel\u00e9fono para defenderse precisamente de la <strong>vigilancia telef\u00f3nica<\/strong>. La t\u00e9cnica es muy simple, se suelta un mont\u00f3n de desprop\u00f3sitos y si despu\u00e9s sucede alg\u00fan problema y hay intervenci\u00f3n judicial, y la instrucci\u00f3n reproduce estos desprop\u00f3sitos, la defensa tiene el terreno libre para <strong>desacreditar todo el sumario<\/strong>.<\/p>\n<p>Esta podr\u00eda ser la explicaci\u00f3n de la famosa \u00abtrama rusa\u00bb y que el juez, al parecer, ha hecho suya. Pero habr\u00e1 que ver como se deshace el proceso. La mayor parte de los detenidos, sobre todo los nombres m\u00e1s importantes, pod\u00eda obtenerlos la Guardia Civil sin necesidad de ninguna investigaci\u00f3n, bastaba con leer el excelente libro de la periodista Lola Garc\u00eda \u00abEl naufragio\u00bb para ver que todas estas personas formaban parte del llamado Estado Mayor que en ning\u00fan momento se vio molestado por la polic\u00eda cuando se procedi\u00f3 a las detenciones de los principales l\u00edderes del proceso. Ahora parece que se quiere recuperar el tiempo perdido. En realidad lo que se intenta averiguar no es tanto el uso fraudulento de subvenciones, sino los supuestos procedimientos de <strong>blanqueo de dinero<\/strong> para financiar a Puigdemont y a toda la organizaci\u00f3n exterior. Se va detr\u00e1s de la red de empresarios que, o bien hicieron aportaciones con comisiones del 3%, o con aportaciones \u00abpatri\u00f3ticas\u00bb.<\/p>\n<p>Puede haber un notable escepticismo sobre los resultados de estas diligencias, vistos los pocos logros alcanzados hasta ahora en todos los procedimientos llevados a cabo por la Guardia Civil en el \u00e1mbito independentista. El caso m\u00e1s espectacular, pero no el \u00fanico, ha sido la absoluci\u00f3n del Mayor Trapero a pesar de haber intervenido a fondo el coronel P\u00e9rez de los Cobos junto con otros mandos de la Guardia Civil, para presentar un escenario delictivo de las decisiones de la anterior jefe de la polic\u00eda catalana. Tambi\u00e9n detenciones sobre supuestos terroristas que han acabado en nada o muy poco.<\/p>\n<p>Lo que es evidente es que estos hechos dificultan las posiciones que desde el independentismo trabajan el acuerdo con S\u00e1nchez, como ERC y ahora de una manera algo forzada el mismo PDeCAT. No hay que olvidar que este operativo ordenado por el juez era conocido y plenamente asumido por el ministro del Interior <strong>Grande Marlaska<\/strong>, y por su naturaleza es de sentido com\u00fan pensar que el mismo S\u00e1nchez era conocedor.<\/p>\n<span class='bctt-click-to-tweet'><span class='bctt-ctt-text'><a href='https:\/\/twitter.com\/intent\/tweet?url=https%3A%2F%2Fconversesacatalunya.cat%2Fes%2Fdetenciones-inesperadas-en-cataluna-que-vienen-los-rusos%2F&#038;text=Esta%20grabaci%C3%B3n%20es%20una%20protecci%C3%B3n%20que%20en%20su%20momento%20ejercieron%20las%20personas%20que%20hablaban%20por%20tel%C3%A9fono%20para%20defenderse%20precisamente%20de%20la%20vigilancia%20telef%C3%B3nica&#038;via=conversesacat&#038;related=conversesacat' target='_blank'rel=\"noopener noreferrer\">Esta grabaci\u00f3n es una protecci\u00f3n que en su momento ejercieron las personas que hablaban por tel\u00e9fono para defenderse precisamente de la vigilancia telef\u00f3nica <\/a><\/span><a href='https:\/\/twitter.com\/intent\/tweet?url=https%3A%2F%2Fconversesacatalunya.cat%2Fes%2Fdetenciones-inesperadas-en-cataluna-que-vienen-los-rusos%2F&#038;text=Esta%20grabaci%C3%B3n%20es%20una%20protecci%C3%B3n%20que%20en%20su%20momento%20ejercieron%20las%20personas%20que%20hablaban%20por%20tel%C3%A9fono%20para%20defenderse%20precisamente%20de%20la%20vigilancia%20telef%C3%B3nica&#038;via=conversesacat&#038;related=conversesacat' target='_blank' class='bctt-ctt-btn'rel=\"noopener noreferrer\">Compartir en X<\/a><\/span>\n<div id=\"polls-78\" class=\"wp-polls\">\n\t<form id=\"polls_form_78\" class=\"wp-polls-form\" action=\"\/index.php\" method=\"post\">\n\t\t<p style=\"display: none;\"><input type=\"hidden\" id=\"poll_78_nonce\" name=\"wp-polls-nonce\" value=\"f51ea0a7ff\" \/><\/p>\n\t\t<p style=\"display: none;\"><input type=\"hidden\" name=\"poll_id\" value=\"78\" \/><\/p>\n\t\t<p style=\"text-align: center\"><strong>Creus que la visita del president S\u00e1nchez al Papa Francesc li ha estat pol\u00edticament rendible despr\u00e9s del petit discurs del Papa als assistents a l'acte?<\/strong><\/p><div id=\"polls-78-ans\" class=\"wp-polls-ans\"><ul class=\"wp-polls-ul\">\n\t\t<li><input type=\"radio\" id=\"poll-answer-172\" name=\"poll_78\" value=\"172\" \/> <label for=\"poll-answer-172\">Si<\/label><\/li>\n\t\t<li><input type=\"radio\" id=\"poll-answer-173\" name=\"poll_78\" value=\"173\" \/> <label for=\"poll-answer-173\">No<\/label><\/li>\n\t\t<li><input type=\"radio\" id=\"poll-answer-174\" name=\"poll_78\" value=\"174\" \/> <label for=\"poll-answer-174\">No ho s\u00e9<\/label><\/li>\n\t\t<\/ul><p style=\"text-align: center\"><input type=\"button\" name=\"vote\" value=\"   Vota   \" class=\"Buttons\" onclick=\"poll_vote(78);\" \/><\/p><p style=\"text-align: center\"><a href=\"#ViewPollResults\" onclick=\"poll_result(78); return false;\" title=\"View Results Of This Poll\">Mira els resultats<\/a><\/p><\/div>\n\t<\/form>\n<\/div>\n<div id=\"polls-78-loading\" class=\"wp-polls-loading\"><img decoding=\"async\" data-src=\"https:\/\/conversesacatalunya.cat\/wp-content\/plugins\/wp-polls\/images\/loading.gif\" width=\"16\" height=\"16\" alt=\"Cargando ...\" title=\"Cargando ...\" class=\"wp-polls-image lazyload\" src=\"data:image\/svg+xml;base64,PHN2ZyB3aWR0aD0iMSIgaGVpZ2h0PSIxIiB4bWxucz0iaHR0cDovL3d3dy53My5vcmcvMjAwMC9zdmciPjwvc3ZnPg==\" style=\"--smush-placeholder-width: 16px; --smush-placeholder-aspect-ratio: 16\/16;\" \/>&nbsp;Cargando ...<\/div>\n\n","protected":false},"excerpt":{"rendered":"<p>A lo largo del d\u00eda de ayer, mi\u00e9rcoles 28, se produjo un amplio despliegue de la Guardia Civil con registros y detenciones de personas, en gran manera conocidas por su trayectoria pol\u00edtica y su implicaci\u00f3n en el proceso, tanto procedentes de ERC, como Xavier Vendrell y Oriol Soler, como de Convergencia, caso de David Mad\u00ed, persona estrechamente vinculada a Artur Mas y uno de sus principales asesores en estrategia pol\u00edtica. Tambi\u00e9n fueron detenidos Xavier Vinyals, empresario impulsor de las selecciones catalanas y con una larga trayectoria en este \u00e1mbito deportivo y del independentismo desde los tiempos del COC en los a\u00f1os 90 en el que particip\u00f3. Tambi\u00e9n ha sido alcalde de Lituania en Barcelona. Otra detenci\u00f3n destacada es la de Josep Llu\u00eds Alay, el director de la oficina de Puigdemont en Barcelona y que es una persona muy cercana al expresidente. Las principales acusaciones que parece que se deducen del auto del juez, son las de financiaci\u00f3n ilegal, irregularidades urban\u00edsticas, tr\u00e1fico de influencia, malversaci\u00f3n, prevaricaci\u00f3n, blanqueo y tambi\u00e9n des\u00f3rdenes p\u00fablicos con una presunta relaci\u00f3n con el Tsunami Democr\u00e1tico. De todos estos hechos heterog\u00e9neos, lo que destaca por su car\u00e1cter pintoresco es la intervenci\u00f3n telef\u00f3nica en la que se habla de la ayuda de Rusia, que podr\u00eda llegar hasta el extremo de trasladar a 10.000 soldados a Catalu\u00f1a para consolidar la independencia, y tambi\u00e9n asumir sus deudas. En realidad, todo esto tiene un sentido, pero que es muy diferente del que se le ha dado hasta ahora. Esta grabaci\u00f3n no es ning\u00fan delirio ni tampoco nada que guarde relaci\u00f3n con la realidad. Es una protecci\u00f3n que en su momento ejercieron las personas que hablaban por tel\u00e9fono para defenderse precisamente de la vigilancia telef\u00f3nica. La t\u00e9cnica es muy simple, se suelta un mont\u00f3n de desprop\u00f3sitos y si despu\u00e9s sucede alg\u00fan problema y hay intervenci\u00f3n judicial, y la instrucci\u00f3n reproduce estos desprop\u00f3sitos, la defensa tiene el terreno libre para desacreditar todo el sumario. Esta podr\u00eda ser la explicaci\u00f3n de la famosa \u00abtrama rusa\u00bb y que el juez, al parecer, ha hecho suya. Pero habr\u00e1 que ver como se deshace el proceso. La mayor parte de los detenidos, sobre todo los nombres m\u00e1s importantes, pod\u00eda obtenerlos la Guardia Civil sin necesidad de ninguna investigaci\u00f3n, bastaba con leer el excelente libro de la periodista Lola Garc\u00eda \u00abEl naufragio\u00bb para ver que todas estas personas formaban parte del llamado Estado Mayor que en ning\u00fan momento se vio molestado por la polic\u00eda cuando se procedi\u00f3 a las detenciones de los principales l\u00edderes del proceso. Ahora parece que se quiere recuperar el tiempo perdido. En realidad lo que se intenta averiguar no es tanto el uso fraudulento de subvenciones, sino los supuestos procedimientos de blanqueo de dinero para financiar a Puigdemont y a toda la organizaci\u00f3n exterior. Se va detr\u00e1s de la red de empresarios que, o bien hicieron aportaciones con comisiones del 3%, o con aportaciones \u00abpatri\u00f3ticas\u00bb. Puede haber un notable escepticismo sobre los resultados de estas diligencias, vistos los pocos logros alcanzados hasta ahora en todos los procedimientos llevados a cabo por la Guardia Civil en el \u00e1mbito independentista. El caso m\u00e1s espectacular, pero no el \u00fanico, ha sido la absoluci\u00f3n del Mayor Trapero a pesar de haber intervenido a fondo el coronel P\u00e9rez de los Cobos junto con otros mandos de la Guardia Civil, para presentar un escenario delictivo de las decisiones de la anterior jefe de la polic\u00eda catalana. Tambi\u00e9n detenciones sobre supuestos terroristas que han acabado en nada o muy poco. Lo que es evidente es que estos hechos dificultan las posiciones que desde el independentismo trabajan el acuerdo con S\u00e1nchez, como ERC y ahora de una manera algo forzada el mismo PDeCAT. No hay que olvidar que este operativo ordenado por el juez era conocido y plenamente asumido por el ministro del Interior Grande Marlaska, y por su naturaleza es de sentido com\u00fan pensar que el mismo S\u00e1nchez era conocedor.<\/p>\n","protected":false},"author":2,"featured_media":41754,"comment_status":"open","ping_status":"open","sticky":false,"template":"","format":"standard","meta":{"_FSMCFIC_featured_image_caption":"","_FSMCFIC_featured_image_nocaption":"","_FSMCFIC_featured_image_hide":"","footnotes":""},"categories":[806],"tags":[986,900],"class_list":["post-41779","post","type-post","status-publish","format-standard","has-post-thumbnail","hentry","category-punts-claus-del-dia-es","tag-independentismo-es","tag-proceso-catalan"],"yoast_head":"<!-- This site is optimized with the Yoast SEO plugin v26.8 - https:\/\/yoast.com\/product\/yoast-seo-wordpress\/ -->\n<title>Detenciones inesperadas en Catalu\u00f1a: \u00a1que vienen los rusos! - Converses a Catalunya<\/title>\n<meta name=\"description\" content=\"Esta grabaci\u00f3n es una protecci\u00f3n para defenderse precisamente de la vigilancia telef\u00f3nica\" \/>\n<meta name=\"robots\" content=\"index, follow, max-snippet:-1, max-image-preview:large, max-video-preview:-1\" \/>\n<link rel=\"canonical\" href=\"https:\/\/conversesacatalunya.cat\/es\/detenciones-inesperadas-en-cataluna-que-vienen-los-rusos\/\" \/>\n<meta property=\"og:locale\" content=\"es_ES\" \/>\n<meta property=\"og:type\" content=\"article\" \/>\n<meta property=\"og:title\" content=\"Detenciones inesperadas en Catalu\u00f1a: \u00a1que vienen los rusos! - Converses a Catalunya\" \/>\n<meta property=\"og:description\" content=\"Esta grabaci\u00f3n es una protecci\u00f3n para defenderse precisamente de la vigilancia telef\u00f3nica\" \/>\n<meta property=\"og:url\" content=\"https:\/\/conversesacatalunya.cat\/es\/detenciones-inesperadas-en-cataluna-que-vienen-los-rusos\/\" \/>\n<meta property=\"og:site_name\" content=\"Converses a Catalunya\" \/>\n<meta property=\"article:published_time\" content=\"2020-10-29T10:41:28+00:00\" \/>\n<meta property=\"article:modified_time\" content=\"2020-10-29T14:25:20+00:00\" \/>\n<meta property=\"og:image\" content=\"https:\/\/conversesacatalunya.cat\/wp-content\/uploads\/2020\/10\/detencions-a-catalunya.jpg\" \/>\n\t<meta property=\"og:image:width\" content=\"1200\" \/>\n\t<meta property=\"og:image:height\" content=\"538\" \/>\n\t<meta property=\"og:image:type\" content=\"image\/jpeg\" \/>\n<meta name=\"author\" content=\"conversesacatalunya\" \/>\n<meta name=\"twitter:card\" content=\"summary_large_image\" \/>\n<meta name=\"twitter:label1\" content=\"Escrito por\" \/>\n\t<meta name=\"twitter:data1\" content=\"conversesacatalunya\" \/>\n\t<meta name=\"twitter:label2\" content=\"Tiempo de lectura\" \/>\n\t<meta name=\"twitter:data2\" content=\"4 minutos\" \/>\n<script type=\"application\/ld+json\" class=\"yoast-schema-graph\">{\"@context\":\"https:\/\/schema.org\",\"@graph\":[{\"@type\":\"Article\",\"@id\":\"https:\/\/conversesacatalunya.cat\/es\/detenciones-inesperadas-en-cataluna-que-vienen-los-rusos\/#article\",\"isPartOf\":{\"@id\":\"https:\/\/conversesacatalunya.cat\/es\/detenciones-inesperadas-en-cataluna-que-vienen-los-rusos\/\"},\"author\":{\"name\":\"conversesacatalunya\",\"@id\":\"https:\/\/conversesacatalunya.cat\/#\/schema\/person\/7e24d1e54a2785373ddcb275eae5ed99\"},\"headline\":\"Detenciones inesperadas en Catalu\u00f1a: \u00a1que vienen los rusos!\",\"datePublished\":\"2020-10-29T10:41:28+00:00\",\"dateModified\":\"2020-10-29T14:25:20+00:00\",\"mainEntityOfPage\":{\"@id\":\"https:\/\/conversesacatalunya.cat\/es\/detenciones-inesperadas-en-cataluna-que-vienen-los-rusos\/\"},\"wordCount\":747,\"commentCount\":0,\"image\":{\"@id\":\"https:\/\/conversesacatalunya.cat\/es\/detenciones-inesperadas-en-cataluna-que-vienen-los-rusos\/#primaryimage\"},\"thumbnailUrl\":\"https:\/\/conversesacatalunya.cat\/wp-content\/uploads\/2020\/10\/detencions-a-catalunya.jpg\",\"keywords\":[\"Independentismo\",\"Proceso catal\u00e1n\"],\"articleSection\":[\"Punts clau del dia (ES)\"],\"inLanguage\":\"es\",\"potentialAction\":[{\"@type\":\"CommentAction\",\"name\":\"Comment\",\"target\":[\"https:\/\/conversesacatalunya.cat\/es\/detenciones-inesperadas-en-cataluna-que-vienen-los-rusos\/#respond\"]}]},{\"@type\":\"WebPage\",\"@id\":\"https:\/\/conversesacatalunya.cat\/es\/detenciones-inesperadas-en-cataluna-que-vienen-los-rusos\/\",\"url\":\"https:\/\/conversesacatalunya.cat\/es\/detenciones-inesperadas-en-cataluna-que-vienen-los-rusos\/\",\"name\":\"Detenciones inesperadas en Catalu\u00f1a: \u00a1que vienen los rusos! - Converses a Catalunya\",\"isPartOf\":{\"@id\":\"https:\/\/conversesacatalunya.cat\/#website\"},\"primaryImageOfPage\":{\"@id\":\"https:\/\/conversesacatalunya.cat\/es\/detenciones-inesperadas-en-cataluna-que-vienen-los-rusos\/#primaryimage\"},\"image\":{\"@id\":\"https:\/\/conversesacatalunya.cat\/es\/detenciones-inesperadas-en-cataluna-que-vienen-los-rusos\/#primaryimage\"},\"thumbnailUrl\":\"https:\/\/conversesacatalunya.cat\/wp-content\/uploads\/2020\/10\/detencions-a-catalunya.jpg\",\"datePublished\":\"2020-10-29T10:41:28+00:00\",\"dateModified\":\"2020-10-29T14:25:20+00:00\",\"author\":{\"@id\":\"https:\/\/conversesacatalunya.cat\/#\/schema\/person\/7e24d1e54a2785373ddcb275eae5ed99\"},\"description\":\"Esta grabaci\u00f3n es una protecci\u00f3n para defenderse precisamente de la vigilancia telef\u00f3nica\",\"breadcrumb\":{\"@id\":\"https:\/\/conversesacatalunya.cat\/es\/detenciones-inesperadas-en-cataluna-que-vienen-los-rusos\/#breadcrumb\"},\"inLanguage\":\"es\",\"potentialAction\":[{\"@type\":\"ReadAction\",\"target\":[\"https:\/\/conversesacatalunya.cat\/es\/detenciones-inesperadas-en-cataluna-que-vienen-los-rusos\/\"]}]},{\"@type\":\"ImageObject\",\"inLanguage\":\"es\",\"@id\":\"https:\/\/conversesacatalunya.cat\/es\/detenciones-inesperadas-en-cataluna-que-vienen-los-rusos\/#primaryimage\",\"url\":\"https:\/\/conversesacatalunya.cat\/wp-content\/uploads\/2020\/10\/detencions-a-catalunya.jpg\",\"contentUrl\":\"https:\/\/conversesacatalunya.cat\/wp-content\/uploads\/2020\/10\/detencions-a-catalunya.jpg\",\"width\":1200,\"height\":538,\"caption\":\"detencions a Catalunya\"},{\"@type\":\"BreadcrumbList\",\"@id\":\"https:\/\/conversesacatalunya.cat\/es\/detenciones-inesperadas-en-cataluna-que-vienen-los-rusos\/#breadcrumb\",\"itemListElement\":[{\"@type\":\"ListItem\",\"position\":1,\"name\":\"Inici\",\"item\":\"https:\/\/conversesacatalunya.cat\/es\/\"},{\"@type\":\"ListItem\",\"position\":2,\"name\":\"Detenciones inesperadas en Catalu\u00f1a: \u00a1que vienen los rusos!\"}]},{\"@type\":\"WebSite\",\"@id\":\"https:\/\/conversesacatalunya.cat\/#website\",\"url\":\"https:\/\/conversesacatalunya.cat\/\",\"name\":\"Converses a Catalunya\",\"description\":\"\",\"potentialAction\":[{\"@type\":\"SearchAction\",\"target\":{\"@type\":\"EntryPoint\",\"urlTemplate\":\"https:\/\/conversesacatalunya.cat\/?s={search_term_string}\"},\"query-input\":{\"@type\":\"PropertyValueSpecification\",\"valueRequired\":true,\"valueName\":\"search_term_string\"}}],\"inLanguage\":\"es\"},{\"@type\":\"Person\",\"@id\":\"https:\/\/conversesacatalunya.cat\/#\/schema\/person\/7e24d1e54a2785373ddcb275eae5ed99\",\"name\":\"conversesacatalunya\",\"image\":{\"@type\":\"ImageObject\",\"inLanguage\":\"es\",\"@id\":\"https:\/\/conversesacatalunya.cat\/#\/schema\/person\/image\/\",\"url\":\"https:\/\/conversesacatalunya.cat\/wp-content\/litespeed\/avatar\/febdfeeec89d950f01c748045a981dd2.jpg?ver=1777314535\",\"contentUrl\":\"https:\/\/conversesacatalunya.cat\/wp-content\/litespeed\/avatar\/febdfeeec89d950f01c748045a981dd2.jpg?ver=1777314535\",\"caption\":\"conversesacatalunya\"},\"url\":\"https:\/\/conversesacatalunya.cat\/es\/author\/carme_catala\/\"}]}<\/script>\n<!-- \/ Yoast SEO plugin. -->","yoast_head_json":{"title":"Detenciones inesperadas en Catalu\u00f1a: \u00a1que vienen los rusos! - Converses a Catalunya","description":"Esta grabaci\u00f3n es una protecci\u00f3n para defenderse precisamente de la vigilancia telef\u00f3nica","robots":{"index":"index","follow":"follow","max-snippet":"max-snippet:-1","max-image-preview":"max-image-preview:large","max-video-preview":"max-video-preview:-1"},"canonical":"https:\/\/conversesacatalunya.cat\/es\/detenciones-inesperadas-en-cataluna-que-vienen-los-rusos\/","og_locale":"es_ES","og_type":"article","og_title":"Detenciones inesperadas en Catalu\u00f1a: \u00a1que vienen los rusos! - Converses a Catalunya","og_description":"Esta grabaci\u00f3n es una protecci\u00f3n para defenderse precisamente de la vigilancia telef\u00f3nica","og_url":"https:\/\/conversesacatalunya.cat\/es\/detenciones-inesperadas-en-cataluna-que-vienen-los-rusos\/","og_site_name":"Converses a Catalunya","article_published_time":"2020-10-29T10:41:28+00:00","article_modified_time":"2020-10-29T14:25:20+00:00","og_image":[{"width":1200,"height":538,"url":"https:\/\/conversesacatalunya.cat\/wp-content\/uploads\/2020\/10\/detencions-a-catalunya.jpg","type":"image\/jpeg"}],"author":"conversesacatalunya","twitter_card":"summary_large_image","twitter_misc":{"Escrito por":"conversesacatalunya","Tiempo de lectura":"4 minutos"},"schema":{"@context":"https:\/\/schema.org","@graph":[{"@type":"Article","@id":"https:\/\/conversesacatalunya.cat\/es\/detenciones-inesperadas-en-cataluna-que-vienen-los-rusos\/#article","isPartOf":{"@id":"https:\/\/conversesacatalunya.cat\/es\/detenciones-inesperadas-en-cataluna-que-vienen-los-rusos\/"},"author":{"name":"conversesacatalunya","@id":"https:\/\/conversesacatalunya.cat\/#\/schema\/person\/7e24d1e54a2785373ddcb275eae5ed99"},"headline":"Detenciones inesperadas en Catalu\u00f1a: \u00a1que vienen los rusos!","datePublished":"2020-10-29T10:41:28+00:00","dateModified":"2020-10-29T14:25:20+00:00","mainEntityOfPage":{"@id":"https:\/\/conversesacatalunya.cat\/es\/detenciones-inesperadas-en-cataluna-que-vienen-los-rusos\/"},"wordCount":747,"commentCount":0,"image":{"@id":"https:\/\/conversesacatalunya.cat\/es\/detenciones-inesperadas-en-cataluna-que-vienen-los-rusos\/#primaryimage"},"thumbnailUrl":"https:\/\/conversesacatalunya.cat\/wp-content\/uploads\/2020\/10\/detencions-a-catalunya.jpg","keywords":["Independentismo","Proceso catal\u00e1n"],"articleSection":["Punts clau del dia (ES)"],"inLanguage":"es","potentialAction":[{"@type":"CommentAction","name":"Comment","target":["https:\/\/conversesacatalunya.cat\/es\/detenciones-inesperadas-en-cataluna-que-vienen-los-rusos\/#respond"]}]},{"@type":"WebPage","@id":"https:\/\/conversesacatalunya.cat\/es\/detenciones-inesperadas-en-cataluna-que-vienen-los-rusos\/","url":"https:\/\/conversesacatalunya.cat\/es\/detenciones-inesperadas-en-cataluna-que-vienen-los-rusos\/","name":"Detenciones inesperadas en Catalu\u00f1a: \u00a1que vienen los rusos! - Converses a Catalunya","isPartOf":{"@id":"https:\/\/conversesacatalunya.cat\/#website"},"primaryImageOfPage":{"@id":"https:\/\/conversesacatalunya.cat\/es\/detenciones-inesperadas-en-cataluna-que-vienen-los-rusos\/#primaryimage"},"image":{"@id":"https:\/\/conversesacatalunya.cat\/es\/detenciones-inesperadas-en-cataluna-que-vienen-los-rusos\/#primaryimage"},"thumbnailUrl":"https:\/\/conversesacatalunya.cat\/wp-content\/uploads\/2020\/10\/detencions-a-catalunya.jpg","datePublished":"2020-10-29T10:41:28+00:00","dateModified":"2020-10-29T14:25:20+00:00","author":{"@id":"https:\/\/conversesacatalunya.cat\/#\/schema\/person\/7e24d1e54a2785373ddcb275eae5ed99"},"description":"Esta grabaci\u00f3n es una protecci\u00f3n para defenderse precisamente de la vigilancia telef\u00f3nica","breadcrumb":{"@id":"https:\/\/conversesacatalunya.cat\/es\/detenciones-inesperadas-en-cataluna-que-vienen-los-rusos\/#breadcrumb"},"inLanguage":"es","potentialAction":[{"@type":"ReadAction","target":["https:\/\/conversesacatalunya.cat\/es\/detenciones-inesperadas-en-cataluna-que-vienen-los-rusos\/"]}]},{"@type":"ImageObject","inLanguage":"es","@id":"https:\/\/conversesacatalunya.cat\/es\/detenciones-inesperadas-en-cataluna-que-vienen-los-rusos\/#primaryimage","url":"https:\/\/conversesacatalunya.cat\/wp-content\/uploads\/2020\/10\/detencions-a-catalunya.jpg","contentUrl":"https:\/\/conversesacatalunya.cat\/wp-content\/uploads\/2020\/10\/detencions-a-catalunya.jpg","width":1200,"height":538,"caption":"detencions a Catalunya"},{"@type":"BreadcrumbList","@id":"https:\/\/conversesacatalunya.cat\/es\/detenciones-inesperadas-en-cataluna-que-vienen-los-rusos\/#breadcrumb","itemListElement":[{"@type":"ListItem","position":1,"name":"Inici","item":"https:\/\/conversesacatalunya.cat\/es\/"},{"@type":"ListItem","position":2,"name":"Detenciones inesperadas en Catalu\u00f1a: \u00a1que vienen los rusos!"}]},{"@type":"WebSite","@id":"https:\/\/conversesacatalunya.cat\/#website","url":"https:\/\/conversesacatalunya.cat\/","name":"Converses a Catalunya","description":"","potentialAction":[{"@type":"SearchAction","target":{"@type":"EntryPoint","urlTemplate":"https:\/\/conversesacatalunya.cat\/?s={search_term_string}"},"query-input":{"@type":"PropertyValueSpecification","valueRequired":true,"valueName":"search_term_string"}}],"inLanguage":"es"},{"@type":"Person","@id":"https:\/\/conversesacatalunya.cat\/#\/schema\/person\/7e24d1e54a2785373ddcb275eae5ed99","name":"conversesacatalunya","image":{"@type":"ImageObject","inLanguage":"es","@id":"https:\/\/conversesacatalunya.cat\/#\/schema\/person\/image\/","url":"https:\/\/conversesacatalunya.cat\/wp-content\/litespeed\/avatar\/febdfeeec89d950f01c748045a981dd2.jpg?ver=1777314535","contentUrl":"https:\/\/conversesacatalunya.cat\/wp-content\/litespeed\/avatar\/febdfeeec89d950f01c748045a981dd2.jpg?ver=1777314535","caption":"conversesacatalunya"},"url":"https:\/\/conversesacatalunya.cat\/es\/author\/carme_catala\/"}]}},"wps_subtitle":"Esta grabaci\u00f3n es una protecci\u00f3n que en su momento ejercieron las personas que hablaban por tel\u00e9fono para defenderse precisamente de la vigilancia telef\u00f3nica","_links":{"self":[{"href":"https:\/\/conversesacatalunya.cat\/es\/wp-json\/wp\/v2\/posts\/41779","targetHints":{"allow":["GET"]}}],"collection":[{"href":"https:\/\/conversesacatalunya.cat\/es\/wp-json\/wp\/v2\/posts"}],"about":[{"href":"https:\/\/conversesacatalunya.cat\/es\/wp-json\/wp\/v2\/types\/post"}],"author":[{"embeddable":true,"href":"https:\/\/conversesacatalunya.cat\/es\/wp-json\/wp\/v2\/users\/2"}],"replies":[{"embeddable":true,"href":"https:\/\/conversesacatalunya.cat\/es\/wp-json\/wp\/v2\/comments?post=41779"}],"version-history":[{"count":2,"href":"https:\/\/conversesacatalunya.cat\/es\/wp-json\/wp\/v2\/posts\/41779\/revisions"}],"predecessor-version":[{"id":41781,"href":"https:\/\/conversesacatalunya.cat\/es\/wp-json\/wp\/v2\/posts\/41779\/revisions\/41781"}],"wp:featuredmedia":[{"embeddable":true,"href":"https:\/\/conversesacatalunya.cat\/es\/wp-json\/wp\/v2\/media\/41754"}],"wp:attachment":[{"href":"https:\/\/conversesacatalunya.cat\/es\/wp-json\/wp\/v2\/media?parent=41779"}],"wp:term":[{"taxonomy":"category","embeddable":true,"href":"https:\/\/conversesacatalunya.cat\/es\/wp-json\/wp\/v2\/categories?post=41779"},{"taxonomy":"post_tag","embeddable":true,"href":"https:\/\/conversesacatalunya.cat\/es\/wp-json\/wp\/v2\/tags?post=41779"}],"curies":[{"name":"wp","href":"https:\/\/api.w.org\/{rel}","templated":true}]}}