{"id":41757,"date":"2020-10-29T12:56:29","date_gmt":"2020-10-29T11:56:29","guid":{"rendered":"https:\/\/conversesacatalunya.cat\/?p=41757"},"modified":"2020-10-29T12:56:29","modified_gmt":"2020-10-29T11:56:29","slug":"ataque-en-una-iglesia-en-niza","status":"publish","type":"post","link":"https:\/\/conversesacatalunya.cat\/es\/ataque-en-una-iglesia-en-niza\/","title":{"rendered":"Tres muertos y varios heridos por un ataque con cuchillo en una iglesia en Niza"},"content":{"rendered":"<p>Esta ma\u00f1ana, en torno a las 9&#8217;00 horas, ha tenido lugar un ataque con cuchillo, en el interior de la iglesia de Notre Dame de Niza. El presunto agresor ha sido detenido con heridas y evacuado a un hospital, seg\u00fan fuentes policiales citadas por la cadena BFMTV.<\/p>\n<p>El resultado de la agresi\u00f3n ha sido de al menos tres personas muertas y varias m\u00e1s han resultado heridas, seg\u00fan el alcalde, Christian Estrosi quien ha comentado en Twitter: \u00abtodo hace suponer\u00bb que se trata de un atentado terrorista; \u00abno hay ninguna duda\u00bb del significado de este ataque, que ha atribuido al \u00abislamofascismo\u00bb. Seg\u00fan ha explicado ante los medios de comunicaci\u00f3n, el detenido \u00abno dejaba de repetir &#8216;Allahu akbar&#8217; (Al\u00e1 es el m\u00e1s grande) cuando estaba siendo atendido por los m\u00e9dicos\u00bb en el lugar de los hechos.<\/p>\n<p>El ministro franc\u00e9s del Interior, G\u00e9rald Darmanin, ha convocado una reuni\u00f3n de urgencia y ha instado a la ciudadan\u00eda a evitar la zona.<\/p>\n<p>Todas las iglesias de Niza han quedado bajo vigilancia por el temor a nuevos ataques.<\/p>\n<p>Est\u00e1 previsto que el presidente Emmanuel Macron viaje a Niza a lo largo del d\u00eda.<\/p>\n<p>Conversesacatalunya, en un art\u00edculo que public\u00f3 el pasado 17 de octubre, titulado <a href=\"https:\/\/conversesacatalunya.cat\/es\/dictadura-terror-islamista-francia\/\" target=\"_blank\" rel=\"noopener noreferrer\">\u00abC\u00f3mo una dictadura de terror islamista se est\u00e1 instalando en Francia\u00bb<\/a>, ya hac\u00eda incapi\u00e9 sobre el hecho de que en Francia, los islamistas se proclaman cada vez m\u00e1s abiertamente en el espacio p\u00fablico.<\/p>\n<div id=\"polls-78\" class=\"wp-polls\">\n\t<form id=\"polls_form_78\" class=\"wp-polls-form\" action=\"\/index.php\" method=\"post\">\n\t\t<p style=\"display: none;\"><input type=\"hidden\" id=\"poll_78_nonce\" name=\"wp-polls-nonce\" value=\"68a740abef\" \/><\/p>\n\t\t<p style=\"display: none;\"><input type=\"hidden\" name=\"poll_id\" value=\"78\" \/><\/p>\n\t\t<p style=\"text-align: center\"><strong>Creus que la visita del president S\u00e1nchez al Papa Francesc li ha estat pol\u00edticament rendible despr\u00e9s del petit discurs del Papa als assistents a l'acte?<\/strong><\/p><div id=\"polls-78-ans\" class=\"wp-polls-ans\"><ul class=\"wp-polls-ul\">\n\t\t<li><input type=\"radio\" id=\"poll-answer-172\" name=\"poll_78\" value=\"172\" \/> <label for=\"poll-answer-172\">Si<\/label><\/li>\n\t\t<li><input type=\"radio\" id=\"poll-answer-173\" name=\"poll_78\" value=\"173\" \/> <label for=\"poll-answer-173\">No<\/label><\/li>\n\t\t<li><input type=\"radio\" id=\"poll-answer-174\" name=\"poll_78\" value=\"174\" \/> <label for=\"poll-answer-174\">No ho s\u00e9<\/label><\/li>\n\t\t<\/ul><p style=\"text-align: center\"><input type=\"button\" name=\"vote\" value=\"   Vota   \" class=\"Buttons\" onclick=\"poll_vote(78);\" \/><\/p><p style=\"text-align: center\"><a href=\"#ViewPollResults\" onclick=\"poll_result(78); return false;\" title=\"View Results Of This Poll\">Mira els resultats<\/a><\/p><\/div>\n\t<\/form>\n<\/div>\n<div id=\"polls-78-loading\" class=\"wp-polls-loading\"><img decoding=\"async\" data-src=\"https:\/\/conversesacatalunya.cat\/wp-content\/plugins\/wp-polls\/images\/loading.gif\" width=\"16\" height=\"16\" alt=\"Cargando ...\" title=\"Cargando ...\" class=\"wp-polls-image lazyload\" src=\"data:image\/svg+xml;base64,PHN2ZyB3aWR0aD0iMSIgaGVpZ2h0PSIxIiB4bWxucz0iaHR0cDovL3d3dy53My5vcmcvMjAwMC9zdmciPjwvc3ZnPg==\" style=\"--smush-placeholder-width: 16px; --smush-placeholder-aspect-ratio: 16\/16;\" \/>&nbsp;Cargando ...<\/div>\n\n","protected":false},"excerpt":{"rendered":"<p>Esta ma\u00f1ana, en torno a las 9&#8217;00 horas, ha tenido lugar un ataque con cuchillo, en el interior de la iglesia de Notre Dame de Niza. El presunto agresor ha sido detenido con heridas y evacuado a un hospital, seg\u00fan fuentes policiales citadas por la cadena BFMTV. El resultado de la agresi\u00f3n ha sido de al menos tres personas muertas y varias m\u00e1s han resultado heridas, seg\u00fan el alcalde, Christian Estrosi quien ha comentado en Twitter: \u00abtodo hace suponer\u00bb que se trata de un atentado terrorista; \u00abno hay ninguna duda\u00bb del significado de este ataque, que ha atribuido al \u00abislamofascismo\u00bb. Seg\u00fan ha explicado ante los medios de comunicaci\u00f3n, el detenido \u00abno dejaba de repetir &#8216;Allahu akbar&#8217; (Al\u00e1 es el m\u00e1s grande) cuando estaba siendo atendido por los m\u00e9dicos\u00bb en el lugar de los hechos. El ministro franc\u00e9s del Interior, G\u00e9rald Darmanin, ha convocado una reuni\u00f3n de urgencia y ha instado a la ciudadan\u00eda a evitar la zona. Todas las iglesias de Niza han quedado bajo vigilancia por el temor a nuevos ataques. Est\u00e1 previsto que el presidente Emmanuel Macron viaje a Niza a lo largo del d\u00eda. Conversesacatalunya, en un art\u00edculo que public\u00f3 el pasado 17 de octubre, titulado \u00abC\u00f3mo una dictadura de terror islamista se est\u00e1 instalando en Francia\u00bb, ya hac\u00eda incapi\u00e9 sobre el hecho de que en Francia, los islamistas se proclaman cada vez m\u00e1s abiertamente en el espacio p\u00fablico.<\/p>\n","protected":false},"author":3,"featured_media":41758,"comment_status":"open","ping_status":"open","sticky":false,"template":"","format":"standard","meta":{"_FSMCFIC_featured_image_caption":"","_FSMCFIC_featured_image_nocaption":"","_FSMCFIC_featured_image_hide":"","footnotes":""},"categories":[806],"tags":[1263,3123,3173],"class_list":["post-41757","post","type-post","status-publish","format-standard","has-post-thumbnail","hentry","category-punts-claus-del-dia-es","tag-francia","tag-islamismo","tag-islamofobia-es"],"yoast_head":"<!-- This site is optimized with the Yoast SEO plugin v26.8 - https:\/\/yoast.com\/product\/yoast-seo-wordpress\/ -->\n<title>Tres muertos y varios heridos por un ataque con cuchillo en una iglesia en Niza - Converses a Catalunya<\/title>\n<meta name=\"robots\" content=\"index, follow, max-snippet:-1, max-image-preview:large, max-video-preview:-1\" \/>\n<link rel=\"canonical\" href=\"https:\/\/conversesacatalunya.cat\/es\/ataque-en-una-iglesia-en-niza\/\" \/>\n<meta property=\"og:locale\" content=\"es_ES\" \/>\n<meta property=\"og:type\" content=\"article\" \/>\n<meta property=\"og:title\" content=\"Tres muertos y varios heridos por un ataque con cuchillo en una iglesia en Niza - Converses a Catalunya\" \/>\n<meta property=\"og:description\" content=\"Esta ma\u00f1ana, en torno a las 9&#8217;00 horas, ha tenido lugar un ataque con cuchillo, en el interior de la iglesia de Notre Dame de Niza. El presunto agresor ha sido detenido con heridas y evacuado a un hospital, seg\u00fan fuentes policiales citadas por la cadena BFMTV. El resultado de la agresi\u00f3n ha sido de al menos tres personas muertas y varias m\u00e1s han resultado heridas, seg\u00fan el alcalde, Christian Estrosi quien ha comentado en Twitter: \u00abtodo hace suponer\u00bb que se trata de un atentado terrorista; \u00abno hay ninguna duda\u00bb del significado de este ataque, que ha atribuido al \u00abislamofascismo\u00bb. Seg\u00fan ha explicado ante los medios de comunicaci\u00f3n, el detenido \u00abno dejaba de repetir &#8216;Allahu akbar&#8217; (Al\u00e1 es el m\u00e1s grande) cuando estaba siendo atendido por los m\u00e9dicos\u00bb en el lugar de los hechos. El ministro franc\u00e9s del Interior, G\u00e9rald Darmanin, ha convocado una reuni\u00f3n de urgencia y ha instado a la ciudadan\u00eda a evitar la zona. Todas las iglesias de Niza han quedado bajo vigilancia por el temor a nuevos ataques. Est\u00e1 previsto que el presidente Emmanuel Macron viaje a Niza a lo largo del d\u00eda. Conversesacatalunya, en un art\u00edculo que public\u00f3 el pasado 17 de octubre, titulado \u00abC\u00f3mo una dictadura de terror islamista se est\u00e1 instalando en Francia\u00bb, ya hac\u00eda incapi\u00e9 sobre el hecho de que en Francia, los islamistas se proclaman cada vez m\u00e1s abiertamente en el espacio p\u00fablico.\" \/>\n<meta property=\"og:url\" content=\"https:\/\/conversesacatalunya.cat\/es\/ataque-en-una-iglesia-en-niza\/\" \/>\n<meta property=\"og:site_name\" content=\"Converses a Catalunya\" \/>\n<meta property=\"article:published_time\" content=\"2020-10-29T11:56:29+00:00\" \/>\n<meta property=\"og:image\" content=\"https:\/\/conversesacatalunya.cat\/wp-content\/uploads\/2020\/10\/atentado-en-Niza.jpg\" \/>\n\t<meta property=\"og:image:width\" content=\"624\" \/>\n\t<meta property=\"og:image:height\" content=\"385\" \/>\n\t<meta property=\"og:image:type\" content=\"image\/jpeg\" \/>\n<meta name=\"author\" content=\"conversesacatalunya\" \/>\n<meta name=\"twitter:card\" content=\"summary_large_image\" \/>\n<meta name=\"twitter:label1\" content=\"Escrito por\" \/>\n\t<meta name=\"twitter:data1\" content=\"conversesacatalunya\" \/>\n\t<meta name=\"twitter:label2\" content=\"Tiempo de lectura\" \/>\n\t<meta name=\"twitter:data2\" content=\"1 minuto\" \/>\n<script type=\"application\/ld+json\" class=\"yoast-schema-graph\">{\"@context\":\"https:\/\/schema.org\",\"@graph\":[{\"@type\":\"Article\",\"@id\":\"https:\/\/conversesacatalunya.cat\/es\/ataque-en-una-iglesia-en-niza\/#article\",\"isPartOf\":{\"@id\":\"https:\/\/conversesacatalunya.cat\/es\/ataque-en-una-iglesia-en-niza\/\"},\"author\":{\"name\":\"conversesacatalunya\",\"@id\":\"https:\/\/conversesacatalunya.cat\/#\/schema\/person\/982274792508d804a0821b413c9ac076\"},\"headline\":\"Tres muertos y varios heridos por un ataque con cuchillo en una iglesia en Niza\",\"datePublished\":\"2020-10-29T11:56:29+00:00\",\"mainEntityOfPage\":{\"@id\":\"https:\/\/conversesacatalunya.cat\/es\/ataque-en-una-iglesia-en-niza\/\"},\"wordCount\":266,\"commentCount\":0,\"image\":{\"@id\":\"https:\/\/conversesacatalunya.cat\/es\/ataque-en-una-iglesia-en-niza\/#primaryimage\"},\"thumbnailUrl\":\"https:\/\/conversesacatalunya.cat\/wp-content\/uploads\/2020\/10\/atentado-en-Niza.jpg\",\"keywords\":[\"Francia\",\"Islamismo\",\"islamofobia\"],\"articleSection\":[\"Punts clau del dia (ES)\"],\"inLanguage\":\"es\",\"potentialAction\":[{\"@type\":\"CommentAction\",\"name\":\"Comment\",\"target\":[\"https:\/\/conversesacatalunya.cat\/es\/ataque-en-una-iglesia-en-niza\/#respond\"]}]},{\"@type\":\"WebPage\",\"@id\":\"https:\/\/conversesacatalunya.cat\/es\/ataque-en-una-iglesia-en-niza\/\",\"url\":\"https:\/\/conversesacatalunya.cat\/es\/ataque-en-una-iglesia-en-niza\/\",\"name\":\"Tres muertos y varios heridos por un ataque con cuchillo en una iglesia en Niza - Converses a Catalunya\",\"isPartOf\":{\"@id\":\"https:\/\/conversesacatalunya.cat\/#website\"},\"primaryImageOfPage\":{\"@id\":\"https:\/\/conversesacatalunya.cat\/es\/ataque-en-una-iglesia-en-niza\/#primaryimage\"},\"image\":{\"@id\":\"https:\/\/conversesacatalunya.cat\/es\/ataque-en-una-iglesia-en-niza\/#primaryimage\"},\"thumbnailUrl\":\"https:\/\/conversesacatalunya.cat\/wp-content\/uploads\/2020\/10\/atentado-en-Niza.jpg\",\"datePublished\":\"2020-10-29T11:56:29+00:00\",\"author\":{\"@id\":\"https:\/\/conversesacatalunya.cat\/#\/schema\/person\/982274792508d804a0821b413c9ac076\"},\"breadcrumb\":{\"@id\":\"https:\/\/conversesacatalunya.cat\/es\/ataque-en-una-iglesia-en-niza\/#breadcrumb\"},\"inLanguage\":\"es\",\"potentialAction\":[{\"@type\":\"ReadAction\",\"target\":[\"https:\/\/conversesacatalunya.cat\/es\/ataque-en-una-iglesia-en-niza\/\"]}]},{\"@type\":\"ImageObject\",\"inLanguage\":\"es\",\"@id\":\"https:\/\/conversesacatalunya.cat\/es\/ataque-en-una-iglesia-en-niza\/#primaryimage\",\"url\":\"https:\/\/conversesacatalunya.cat\/wp-content\/uploads\/2020\/10\/atentado-en-Niza.jpg\",\"contentUrl\":\"https:\/\/conversesacatalunya.cat\/wp-content\/uploads\/2020\/10\/atentado-en-Niza.jpg\",\"width\":624,\"height\":385,\"caption\":\"atentado en Niza\"},{\"@type\":\"BreadcrumbList\",\"@id\":\"https:\/\/conversesacatalunya.cat\/es\/ataque-en-una-iglesia-en-niza\/#breadcrumb\",\"itemListElement\":[{\"@type\":\"ListItem\",\"position\":1,\"name\":\"Inici\",\"item\":\"https:\/\/conversesacatalunya.cat\/es\/\"},{\"@type\":\"ListItem\",\"position\":2,\"name\":\"Tres muertos y varios heridos por un ataque con cuchillo en una iglesia en Niza\"}]},{\"@type\":\"WebSite\",\"@id\":\"https:\/\/conversesacatalunya.cat\/#website\",\"url\":\"https:\/\/conversesacatalunya.cat\/\",\"name\":\"Converses a Catalunya\",\"description\":\"\",\"potentialAction\":[{\"@type\":\"SearchAction\",\"target\":{\"@type\":\"EntryPoint\",\"urlTemplate\":\"https:\/\/conversesacatalunya.cat\/?s={search_term_string}\"},\"query-input\":{\"@type\":\"PropertyValueSpecification\",\"valueRequired\":true,\"valueName\":\"search_term_string\"}}],\"inLanguage\":\"es\"},{\"@type\":\"Person\",\"@id\":\"https:\/\/conversesacatalunya.cat\/#\/schema\/person\/982274792508d804a0821b413c9ac076\",\"name\":\"conversesacatalunya\",\"image\":{\"@type\":\"ImageObject\",\"inLanguage\":\"es\",\"@id\":\"https:\/\/conversesacatalunya.cat\/#\/schema\/person\/image\/\",\"url\":\"https:\/\/conversesacatalunya.cat\/wp-content\/litespeed\/avatar\/f04b47eeffd9637c7cf7869e217fb9ec.jpg?ver=1777370077\",\"contentUrl\":\"https:\/\/conversesacatalunya.cat\/wp-content\/litespeed\/avatar\/f04b47eeffd9637c7cf7869e217fb9ec.jpg?ver=1777370077\",\"caption\":\"conversesacatalunya\"},\"url\":\"https:\/\/conversesacatalunya.cat\/es\/author\/muntsa_escola\/\"}]}<\/script>\n<!-- \/ Yoast SEO plugin. -->","yoast_head_json":{"title":"Tres muertos y varios heridos por un ataque con cuchillo en una iglesia en Niza - Converses a Catalunya","robots":{"index":"index","follow":"follow","max-snippet":"max-snippet:-1","max-image-preview":"max-image-preview:large","max-video-preview":"max-video-preview:-1"},"canonical":"https:\/\/conversesacatalunya.cat\/es\/ataque-en-una-iglesia-en-niza\/","og_locale":"es_ES","og_type":"article","og_title":"Tres muertos y varios heridos por un ataque con cuchillo en una iglesia en Niza - Converses a Catalunya","og_description":"Esta ma\u00f1ana, en torno a las 9&#8217;00 horas, ha tenido lugar un ataque con cuchillo, en el interior de la iglesia de Notre Dame de Niza. El presunto agresor ha sido detenido con heridas y evacuado a un hospital, seg\u00fan fuentes policiales citadas por la cadena BFMTV. El resultado de la agresi\u00f3n ha sido de al menos tres personas muertas y varias m\u00e1s han resultado heridas, seg\u00fan el alcalde, Christian Estrosi quien ha comentado en Twitter: \u00abtodo hace suponer\u00bb que se trata de un atentado terrorista; \u00abno hay ninguna duda\u00bb del significado de este ataque, que ha atribuido al \u00abislamofascismo\u00bb. Seg\u00fan ha explicado ante los medios de comunicaci\u00f3n, el detenido \u00abno dejaba de repetir &#8216;Allahu akbar&#8217; (Al\u00e1 es el m\u00e1s grande) cuando estaba siendo atendido por los m\u00e9dicos\u00bb en el lugar de los hechos. El ministro franc\u00e9s del Interior, G\u00e9rald Darmanin, ha convocado una reuni\u00f3n de urgencia y ha instado a la ciudadan\u00eda a evitar la zona. Todas las iglesias de Niza han quedado bajo vigilancia por el temor a nuevos ataques. Est\u00e1 previsto que el presidente Emmanuel Macron viaje a Niza a lo largo del d\u00eda. Conversesacatalunya, en un art\u00edculo que public\u00f3 el pasado 17 de octubre, titulado \u00abC\u00f3mo una dictadura de terror islamista se est\u00e1 instalando en Francia\u00bb, ya hac\u00eda incapi\u00e9 sobre el hecho de que en Francia, los islamistas se proclaman cada vez m\u00e1s abiertamente en el espacio p\u00fablico.","og_url":"https:\/\/conversesacatalunya.cat\/es\/ataque-en-una-iglesia-en-niza\/","og_site_name":"Converses a Catalunya","article_published_time":"2020-10-29T11:56:29+00:00","og_image":[{"width":624,"height":385,"url":"https:\/\/conversesacatalunya.cat\/wp-content\/uploads\/2020\/10\/atentado-en-Niza.jpg","type":"image\/jpeg"}],"author":"conversesacatalunya","twitter_card":"summary_large_image","twitter_misc":{"Escrito por":"conversesacatalunya","Tiempo de lectura":"1 minuto"},"schema":{"@context":"https:\/\/schema.org","@graph":[{"@type":"Article","@id":"https:\/\/conversesacatalunya.cat\/es\/ataque-en-una-iglesia-en-niza\/#article","isPartOf":{"@id":"https:\/\/conversesacatalunya.cat\/es\/ataque-en-una-iglesia-en-niza\/"},"author":{"name":"conversesacatalunya","@id":"https:\/\/conversesacatalunya.cat\/#\/schema\/person\/982274792508d804a0821b413c9ac076"},"headline":"Tres muertos y varios heridos por un ataque con cuchillo en una iglesia en Niza","datePublished":"2020-10-29T11:56:29+00:00","mainEntityOfPage":{"@id":"https:\/\/conversesacatalunya.cat\/es\/ataque-en-una-iglesia-en-niza\/"},"wordCount":266,"commentCount":0,"image":{"@id":"https:\/\/conversesacatalunya.cat\/es\/ataque-en-una-iglesia-en-niza\/#primaryimage"},"thumbnailUrl":"https:\/\/conversesacatalunya.cat\/wp-content\/uploads\/2020\/10\/atentado-en-Niza.jpg","keywords":["Francia","Islamismo","islamofobia"],"articleSection":["Punts clau del dia (ES)"],"inLanguage":"es","potentialAction":[{"@type":"CommentAction","name":"Comment","target":["https:\/\/conversesacatalunya.cat\/es\/ataque-en-una-iglesia-en-niza\/#respond"]}]},{"@type":"WebPage","@id":"https:\/\/conversesacatalunya.cat\/es\/ataque-en-una-iglesia-en-niza\/","url":"https:\/\/conversesacatalunya.cat\/es\/ataque-en-una-iglesia-en-niza\/","name":"Tres muertos y varios heridos por un ataque con cuchillo en una iglesia en Niza - Converses a Catalunya","isPartOf":{"@id":"https:\/\/conversesacatalunya.cat\/#website"},"primaryImageOfPage":{"@id":"https:\/\/conversesacatalunya.cat\/es\/ataque-en-una-iglesia-en-niza\/#primaryimage"},"image":{"@id":"https:\/\/conversesacatalunya.cat\/es\/ataque-en-una-iglesia-en-niza\/#primaryimage"},"thumbnailUrl":"https:\/\/conversesacatalunya.cat\/wp-content\/uploads\/2020\/10\/atentado-en-Niza.jpg","datePublished":"2020-10-29T11:56:29+00:00","author":{"@id":"https:\/\/conversesacatalunya.cat\/#\/schema\/person\/982274792508d804a0821b413c9ac076"},"breadcrumb":{"@id":"https:\/\/conversesacatalunya.cat\/es\/ataque-en-una-iglesia-en-niza\/#breadcrumb"},"inLanguage":"es","potentialAction":[{"@type":"ReadAction","target":["https:\/\/conversesacatalunya.cat\/es\/ataque-en-una-iglesia-en-niza\/"]}]},{"@type":"ImageObject","inLanguage":"es","@id":"https:\/\/conversesacatalunya.cat\/es\/ataque-en-una-iglesia-en-niza\/#primaryimage","url":"https:\/\/conversesacatalunya.cat\/wp-content\/uploads\/2020\/10\/atentado-en-Niza.jpg","contentUrl":"https:\/\/conversesacatalunya.cat\/wp-content\/uploads\/2020\/10\/atentado-en-Niza.jpg","width":624,"height":385,"caption":"atentado en Niza"},{"@type":"BreadcrumbList","@id":"https:\/\/conversesacatalunya.cat\/es\/ataque-en-una-iglesia-en-niza\/#breadcrumb","itemListElement":[{"@type":"ListItem","position":1,"name":"Inici","item":"https:\/\/conversesacatalunya.cat\/es\/"},{"@type":"ListItem","position":2,"name":"Tres muertos y varios heridos por un ataque con cuchillo en una iglesia en Niza"}]},{"@type":"WebSite","@id":"https:\/\/conversesacatalunya.cat\/#website","url":"https:\/\/conversesacatalunya.cat\/","name":"Converses a Catalunya","description":"","potentialAction":[{"@type":"SearchAction","target":{"@type":"EntryPoint","urlTemplate":"https:\/\/conversesacatalunya.cat\/?s={search_term_string}"},"query-input":{"@type":"PropertyValueSpecification","valueRequired":true,"valueName":"search_term_string"}}],"inLanguage":"es"},{"@type":"Person","@id":"https:\/\/conversesacatalunya.cat\/#\/schema\/person\/982274792508d804a0821b413c9ac076","name":"conversesacatalunya","image":{"@type":"ImageObject","inLanguage":"es","@id":"https:\/\/conversesacatalunya.cat\/#\/schema\/person\/image\/","url":"https:\/\/conversesacatalunya.cat\/wp-content\/litespeed\/avatar\/f04b47eeffd9637c7cf7869e217fb9ec.jpg?ver=1777370077","contentUrl":"https:\/\/conversesacatalunya.cat\/wp-content\/litespeed\/avatar\/f04b47eeffd9637c7cf7869e217fb9ec.jpg?ver=1777370077","caption":"conversesacatalunya"},"url":"https:\/\/conversesacatalunya.cat\/es\/author\/muntsa_escola\/"}]}},"wps_subtitle":"El detenido \"no dejaba de repetir 'Allahu akbar' (Al\u00e1 es el m\u00e1s grande)","_links":{"self":[{"href":"https:\/\/conversesacatalunya.cat\/es\/wp-json\/wp\/v2\/posts\/41757","targetHints":{"allow":["GET"]}}],"collection":[{"href":"https:\/\/conversesacatalunya.cat\/es\/wp-json\/wp\/v2\/posts"}],"about":[{"href":"https:\/\/conversesacatalunya.cat\/es\/wp-json\/wp\/v2\/types\/post"}],"author":[{"embeddable":true,"href":"https:\/\/conversesacatalunya.cat\/es\/wp-json\/wp\/v2\/users\/3"}],"replies":[{"embeddable":true,"href":"https:\/\/conversesacatalunya.cat\/es\/wp-json\/wp\/v2\/comments?post=41757"}],"version-history":[{"count":2,"href":"https:\/\/conversesacatalunya.cat\/es\/wp-json\/wp\/v2\/posts\/41757\/revisions"}],"predecessor-version":[{"id":41761,"href":"https:\/\/conversesacatalunya.cat\/es\/wp-json\/wp\/v2\/posts\/41757\/revisions\/41761"}],"wp:featuredmedia":[{"embeddable":true,"href":"https:\/\/conversesacatalunya.cat\/es\/wp-json\/wp\/v2\/media\/41758"}],"wp:attachment":[{"href":"https:\/\/conversesacatalunya.cat\/es\/wp-json\/wp\/v2\/media?parent=41757"}],"wp:term":[{"taxonomy":"category","embeddable":true,"href":"https:\/\/conversesacatalunya.cat\/es\/wp-json\/wp\/v2\/categories?post=41757"},{"taxonomy":"post_tag","embeddable":true,"href":"https:\/\/conversesacatalunya.cat\/es\/wp-json\/wp\/v2\/tags?post=41757"}],"curies":[{"name":"wp","href":"https:\/\/api.w.org\/{rel}","templated":true}]}}