{"id":41731,"date":"2020-10-28T12:44:19","date_gmt":"2020-10-28T11:44:19","guid":{"rendered":"https:\/\/conversesacatalunya.cat\/alternativa-catalanista-o-subalterns-del-psc\/"},"modified":"2020-10-28T16:53:08","modified_gmt":"2020-10-28T15:53:08","slug":"alternativa-catalanista-o-subalternos-del-socialismo","status":"publish","type":"post","link":"https:\/\/conversesacatalunya.cat\/es\/alternativa-catalanista-o-subalternos-del-socialismo\/","title":{"rendered":"\u00bfAlternativa catalanista o subalternos del socialismo?"},"content":{"rendered":"<p>El diario La Vanguardia publica este mi\u00e9rcoles 28 media p\u00e1gina dirigida a informar que el PSC explora una alianza con Unit, La Lliga y Lliures, y que el viernes se reunir\u00e1n con Iceta y Illa para estudiar las posibilidades del acuerdo. No es un hecho nuevo. Esta posibilidad contrasta con otras informaciones que se\u00f1alan otra cosa. Vayamos por partes.<\/p>\n<p>Por un lado Units ya tiene un acuerdo con el PSC con un diputado en su grupo parlamentario, Ramon Espadaler, que es precisamente el m\u00e1ximo responsable de esta organizaci\u00f3n. Tambi\u00e9n el teniente alcalde de seguridad, Albert Batlle, se incorpor\u00f3 a la lista socialista como independiente, pero es de Units.<\/p>\n<p>Por otra parte, la persona m\u00e1s destacada de Lliures, Fern\u00e1ndez Teixid\u00f3, pocas semanas atr\u00e1s planteaba en un documento que hab\u00eda que considerar al PSC como el eje en el cual deb\u00edan articularse las <strong>fuerzas catalanistas<\/strong>. En este contexto s\u00f3lo La Lliga Democr\u00e0cia parece interesada en presentar una alternativa program\u00e1ticamente diferenciada, claramente de centro. Cabe recordar en este sentido que cuando se produjo la incorporaci\u00f3n de Units en las listas del PSC, el PSOE era un partido de oposici\u00f3n al gobierno de Rajoy. Pero ahora no es as\u00ed y forma parte del gobierno de S\u00e1nchez, no s\u00f3lo como partido, sino con la presencia de un ministro, Isla. Adem\u00e1s este gobierno est\u00e1 coaliado con una organizaci\u00f3n de extrema izquierda como es Unidas Podemos. Este es el panorama en el que <strong>el aliado necesario del gobierno est\u00e1 fuera del gran espacio de los partidos europeos<\/strong>.<\/p>\n<p>Espa\u00f1a es en este sentido una excepci\u00f3n porque en el caso portugu\u00e9s, el acuerdo es s\u00f3lo en el \u00e1mbito parlamentario, sin participaci\u00f3n de la nueva izquierda en el gobierno socialista. El hecho de gobernar significa definir y aplicar opciones. Entonces, resulta dif\u00edcil entender una propuesta catalanista que sea subsidiaria de un partido que en este momento est\u00e1 impulsando en el Congreso una ley sobre ense\u00f1anza que har\u00e1 la vida imposible y puede acabar con la escuela concertada, una ley de la eutanasia y el rechazo expl\u00edcito a mejorar la escasa asignaci\u00f3n para los cuidados paliativos, que ha hecho de Espa\u00f1a uno de los peores pa\u00edses de Europa en este \u00e1mbito, una ley de la memoria hist\u00f3rica absolutamente decantada e ideol\u00f3gica, hasta llegar ahora mismo a la ins\u00f3lita propuesta de un estado de alarma de medio a\u00f1o de duraci\u00f3n, tan contrario a cualquier visi\u00f3n liberal. En otros t\u00e9rminos, <strong>formar parte del bloque electoral socialista tiene hoy una gran carga ideol\u00f3gica<\/strong>, y precisamente sobre la ideolog\u00eda advirti\u00f3 el Papa Francisco en su discurso a la delegaci\u00f3n que acompa\u00f1aba al presidente S\u00e1nchez en su reciente visita<\/p>\n<p>Pero es que adem\u00e1s de estas dificultades, existe el discurso p\u00fablico por parte de la Lliga de buscar una coalici\u00f3n entre todas las fuerzas catalanistas como opci\u00f3n absolutamente diferenciada del PSC. Es evidente que un enfoque y otro poco tienen que ver.<\/p>\n<p>Detr\u00e1s de todo ello hay ciertamente un problema de financiaci\u00f3n y de implantaci\u00f3n. Para los protagonistas pol\u00edticos, <strong>la financiaci\u00f3n<\/strong> es lo que sit\u00faan en primer t\u00e9rmino y es evidente que la candidatura con el PSC elimina esta gran dificultad. Pero en realidad lo que hay detr\u00e1s de la financiaci\u00f3n es una escasa implantaci\u00f3n territorial. Todos estos partidos, incluido Units, durante estos a\u00f1os y meses han picado poca piedra de lo que se llama ir a hacer militantes, asociados. Se han limitado a incorporaciones aisladas pero sin una acci\u00f3n sistem\u00e1tica de extenderse por las ciudades y el territorio catal\u00e1n. Y ahora esta carencia con unas elecciones en la esquina se hace sentir.<\/p>\n<p>De confirmarse la informaci\u00f3n de La Vanguardia si se cerrara una alianza de este tipo, significar\u00eda en realidad que no hay una opci\u00f3n centrista, catalanista, el equivalente del espacio Merkel, para concurrir a las elecciones en Catalu\u00f1a. Si por una de aquellas, y debido al coronavirus, al final las elecciones no se produjeran, estas opciones habr\u00edan perdido credibilidad como caminos de futuro, porque habr\u00edan frustrado su propio desarrollo a favor de convertirse en <strong>subalternos del socialismo<\/strong>.<\/p>\n<p>Pero est\u00e1 por ver que sea as\u00ed. Nada est\u00e1 escrito y por lo tanto la posibilidad de que todos o parte de estos partidos se acaben presentando por su cuenta a las elecciones permanece abierta. La prudencia pide no anticipar conclusiones.<\/p>\n[Bctt tweet = \u00abEl PSC explora una alianza con Unit, La Lliga y Lliures, el viernes se reunir\u00e1n para estudiar las posibilidades del acuerdo\u00bb username = \u00abconversesacat\u00bb]\n<div id=\"polls-78\" class=\"wp-polls\">\n\t<form id=\"polls_form_78\" class=\"wp-polls-form\" action=\"\/index.php\" method=\"post\">\n\t\t<p style=\"display: none;\"><input type=\"hidden\" id=\"poll_78_nonce\" name=\"wp-polls-nonce\" value=\"fdedcb891b\" \/><\/p>\n\t\t<p style=\"display: none;\"><input type=\"hidden\" name=\"poll_id\" value=\"78\" \/><\/p>\n\t\t<p style=\"text-align: center\"><strong>Creus que la visita del president S\u00e1nchez al Papa Francesc li ha estat pol\u00edticament rendible despr\u00e9s del petit discurs del Papa als assistents a l'acte?<\/strong><\/p><div id=\"polls-78-ans\" class=\"wp-polls-ans\"><ul class=\"wp-polls-ul\">\n\t\t<li><input type=\"radio\" id=\"poll-answer-172\" name=\"poll_78\" value=\"172\" \/> <label for=\"poll-answer-172\">Si<\/label><\/li>\n\t\t<li><input type=\"radio\" id=\"poll-answer-173\" name=\"poll_78\" value=\"173\" \/> <label for=\"poll-answer-173\">No<\/label><\/li>\n\t\t<li><input type=\"radio\" id=\"poll-answer-174\" name=\"poll_78\" value=\"174\" \/> <label for=\"poll-answer-174\">No ho s\u00e9<\/label><\/li>\n\t\t<\/ul><p style=\"text-align: center\"><input type=\"button\" name=\"vote\" value=\"   Vota   \" class=\"Buttons\" onclick=\"poll_vote(78);\" \/><\/p><p style=\"text-align: center\"><a href=\"#ViewPollResults\" onclick=\"poll_result(78); return false;\" title=\"View Results Of This Poll\">Mira els resultats<\/a><\/p><\/div>\n\t<\/form>\n<\/div>\n<div id=\"polls-78-loading\" class=\"wp-polls-loading\"><img decoding=\"async\" data-src=\"https:\/\/conversesacatalunya.cat\/wp-content\/plugins\/wp-polls\/images\/loading.gif\" width=\"16\" height=\"16\" alt=\"Cargando ...\" title=\"Cargando ...\" class=\"wp-polls-image lazyload\" src=\"data:image\/svg+xml;base64,PHN2ZyB3aWR0aD0iMSIgaGVpZ2h0PSIxIiB4bWxucz0iaHR0cDovL3d3dy53My5vcmcvMjAwMC9zdmciPjwvc3ZnPg==\" style=\"--smush-placeholder-width: 16px; --smush-placeholder-aspect-ratio: 16\/16;\" \/>&nbsp;Cargando ...<\/div>\n\n","protected":false},"excerpt":{"rendered":"<p>El diario La Vanguardia publica este mi\u00e9rcoles 28 media p\u00e1gina dirigida a informar que el PSC explora una alianza con Unit, La Lliga y Lliures, y que el viernes se reunir\u00e1n con Iceta y Illa para estudiar las posibilidades del acuerdo. No es un hecho nuevo. Esta posibilidad contrasta con otras informaciones que se\u00f1alan otra cosa. Vayamos por partes. Por un lado Units ya tiene un acuerdo con el PSC con un diputado en su grupo parlamentario, Ramon Espadaler, que es precisamente el m\u00e1ximo responsable de esta organizaci\u00f3n. Tambi\u00e9n el teniente alcalde de seguridad, Albert Batlle, se incorpor\u00f3 a la lista socialista como independiente, pero es de Units. Por otra parte, la persona m\u00e1s destacada de Lliures, Fern\u00e1ndez Teixid\u00f3, pocas semanas atr\u00e1s planteaba en un documento que hab\u00eda que considerar al PSC como el eje en el cual deb\u00edan articularse las fuerzas catalanistas. En este contexto s\u00f3lo La Lliga Democr\u00e0cia parece interesada en presentar una alternativa program\u00e1ticamente diferenciada, claramente de centro. Cabe recordar en este sentido que cuando se produjo la incorporaci\u00f3n de Units en las listas del PSC, el PSOE era un partido de oposici\u00f3n al gobierno de Rajoy. Pero ahora no es as\u00ed y forma parte del gobierno de S\u00e1nchez, no s\u00f3lo como partido, sino con la presencia de un ministro, Isla. Adem\u00e1s este gobierno est\u00e1 coaliado con una organizaci\u00f3n de extrema izquierda como es Unidas Podemos. Este es el panorama en el que el aliado necesario del gobierno est\u00e1 fuera del gran espacio de los partidos europeos. Espa\u00f1a es en este sentido una excepci\u00f3n porque en el caso portugu\u00e9s, el acuerdo es s\u00f3lo en el \u00e1mbito parlamentario, sin participaci\u00f3n de la nueva izquierda en el gobierno socialista. El hecho de gobernar significa definir y aplicar opciones. Entonces, resulta dif\u00edcil entender una propuesta catalanista que sea subsidiaria de un partido que en este momento est\u00e1 impulsando en el Congreso una ley sobre ense\u00f1anza que har\u00e1 la vida imposible y puede acabar con la escuela concertada, una ley de la eutanasia y el rechazo expl\u00edcito a mejorar la escasa asignaci\u00f3n para los cuidados paliativos, que ha hecho de Espa\u00f1a uno de los peores pa\u00edses de Europa en este \u00e1mbito, una ley de la memoria hist\u00f3rica absolutamente decantada e ideol\u00f3gica, hasta llegar ahora mismo a la ins\u00f3lita propuesta de un estado de alarma de medio a\u00f1o de duraci\u00f3n, tan contrario a cualquier visi\u00f3n liberal. En otros t\u00e9rminos, formar parte del bloque electoral socialista tiene hoy una gran carga ideol\u00f3gica, y precisamente sobre la ideolog\u00eda advirti\u00f3 el Papa Francisco en su discurso a la delegaci\u00f3n que acompa\u00f1aba al presidente S\u00e1nchez en su reciente visita Pero es que adem\u00e1s de estas dificultades, existe el discurso p\u00fablico por parte de la Lliga de buscar una coalici\u00f3n entre todas las fuerzas catalanistas como opci\u00f3n absolutamente diferenciada del PSC. Es evidente que un enfoque y otro poco tienen que ver. Detr\u00e1s de todo ello hay ciertamente un problema de financiaci\u00f3n y de implantaci\u00f3n. Para los protagonistas pol\u00edticos, la financiaci\u00f3n es lo que sit\u00faan en primer t\u00e9rmino y es evidente que la candidatura con el PSC elimina esta gran dificultad. Pero en realidad lo que hay detr\u00e1s de la financiaci\u00f3n es una escasa implantaci\u00f3n territorial. Todos estos partidos, incluido Units, durante estos a\u00f1os y meses han picado poca piedra de lo que se llama ir a hacer militantes, asociados. Se han limitado a incorporaciones aisladas pero sin una acci\u00f3n sistem\u00e1tica de extenderse por las ciudades y el territorio catal\u00e1n. Y ahora esta carencia con unas elecciones en la esquina se hace sentir. De confirmarse la informaci\u00f3n de La Vanguardia si se cerrara una alianza de este tipo, significar\u00eda en realidad que no hay una opci\u00f3n centrista, catalanista, el equivalente del espacio Merkel, para concurrir a las elecciones en Catalu\u00f1a. Si por una de aquellas, y debido al coronavirus, al final las elecciones no se produjeran, estas opciones habr\u00edan perdido credibilidad como caminos de futuro, porque habr\u00edan frustrado su propio desarrollo a favor de convertirse en subalternos del socialismo. Pero est\u00e1 por ver que sea as\u00ed. Nada est\u00e1 escrito y por lo tanto la posibilidad de que todos o parte de estos partidos se acaben presentando por su cuenta a las elecciones permanece abierta. La prudencia pide no anticipar conclusiones. [Bctt tweet = \u00abEl PSC explora una alianza con Unit, La Lliga y Lliures, el viernes se reunir\u00e1n para estudiar las posibilidades del acuerdo\u00bb username = \u00abconversesacat\u00bb]<\/p>\n","protected":false},"author":2,"featured_media":41723,"comment_status":"open","ping_status":"open","sticky":false,"template":"","format":"standard","meta":{"_FSMCFIC_featured_image_caption":"","_FSMCFIC_featured_image_nocaption":"","_FSMCFIC_featured_image_hide":"","footnotes":""},"categories":[806],"tags":[1172,1525,1034],"class_list":["post-41731","post","type-post","status-publish","format-standard","has-post-thumbnail","hentry","category-punts-claus-del-dia-es","tag-catalanismo","tag-elecciones-anticipadas","tag-psc-es"],"yoast_head":"<!-- This site is optimized with the Yoast SEO plugin v26.8 - https:\/\/yoast.com\/product\/yoast-seo-wordpress\/ -->\n<title>\u00bfAlternativa catalanista o subalternos del socialismo? - Converses a Catalunya<\/title>\n<meta name=\"description\" content=\"El PSC explora una alianza con Unit, La Lliga y Lliures, el viernes se reunir\u00e1n para estudiar las posibilidades del acuerdo\" \/>\n<meta name=\"robots\" content=\"index, follow, max-snippet:-1, max-image-preview:large, max-video-preview:-1\" \/>\n<link rel=\"canonical\" href=\"https:\/\/conversesacatalunya.cat\/es\/alternativa-catalanista-o-subalternos-del-socialismo\/\" \/>\n<meta property=\"og:locale\" content=\"es_ES\" \/>\n<meta property=\"og:type\" content=\"article\" \/>\n<meta property=\"og:title\" content=\"\u00bfAlternativa catalanista o subalternos del socialismo? - Converses a Catalunya\" \/>\n<meta property=\"og:description\" content=\"El PSC explora una alianza con Unit, La Lliga y Lliures, el viernes se reunir\u00e1n para estudiar las posibilidades del acuerdo\" \/>\n<meta property=\"og:url\" content=\"https:\/\/conversesacatalunya.cat\/es\/alternativa-catalanista-o-subalternos-del-socialismo\/\" \/>\n<meta property=\"og:site_name\" content=\"Converses a Catalunya\" \/>\n<meta property=\"article:published_time\" content=\"2020-10-28T11:44:19+00:00\" \/>\n<meta property=\"article:modified_time\" content=\"2020-10-28T15:53:08+00:00\" \/>\n<meta property=\"og:image\" content=\"https:\/\/conversesacatalunya.cat\/wp-content\/uploads\/2020\/10\/ICETA.jpg\" \/>\n\t<meta property=\"og:image:width\" content=\"992\" \/>\n\t<meta property=\"og:image:height\" content=\"557\" \/>\n\t<meta property=\"og:image:type\" content=\"image\/jpeg\" \/>\n<meta name=\"author\" content=\"conversesacatalunya\" \/>\n<meta name=\"twitter:card\" content=\"summary_large_image\" \/>\n<meta name=\"twitter:label1\" content=\"Escrito por\" \/>\n\t<meta name=\"twitter:data1\" content=\"conversesacatalunya\" \/>\n\t<meta name=\"twitter:label2\" content=\"Tiempo de lectura\" \/>\n\t<meta name=\"twitter:data2\" content=\"4 minutos\" \/>\n<script type=\"application\/ld+json\" class=\"yoast-schema-graph\">{\"@context\":\"https:\/\/schema.org\",\"@graph\":[{\"@type\":\"Article\",\"@id\":\"https:\/\/conversesacatalunya.cat\/es\/alternativa-catalanista-o-subalternos-del-socialismo\/#article\",\"isPartOf\":{\"@id\":\"https:\/\/conversesacatalunya.cat\/es\/alternativa-catalanista-o-subalternos-del-socialismo\/\"},\"author\":{\"name\":\"conversesacatalunya\",\"@id\":\"https:\/\/conversesacatalunya.cat\/#\/schema\/person\/7e24d1e54a2785373ddcb275eae5ed99\"},\"headline\":\"\u00bfAlternativa catalanista o subalternos del socialismo?\",\"datePublished\":\"2020-10-28T11:44:19+00:00\",\"dateModified\":\"2020-10-28T15:53:08+00:00\",\"mainEntityOfPage\":{\"@id\":\"https:\/\/conversesacatalunya.cat\/es\/alternativa-catalanista-o-subalternos-del-socialismo\/\"},\"wordCount\":804,\"commentCount\":0,\"image\":{\"@id\":\"https:\/\/conversesacatalunya.cat\/es\/alternativa-catalanista-o-subalternos-del-socialismo\/#primaryimage\"},\"thumbnailUrl\":\"https:\/\/conversesacatalunya.cat\/wp-content\/uploads\/2020\/10\/ICETA.jpg\",\"keywords\":[\"catalanismo\",\"elecciones anticipadas\",\"PSC\"],\"articleSection\":[\"Punts clau del dia (ES)\"],\"inLanguage\":\"es\",\"potentialAction\":[{\"@type\":\"CommentAction\",\"name\":\"Comment\",\"target\":[\"https:\/\/conversesacatalunya.cat\/es\/alternativa-catalanista-o-subalternos-del-socialismo\/#respond\"]}]},{\"@type\":\"WebPage\",\"@id\":\"https:\/\/conversesacatalunya.cat\/es\/alternativa-catalanista-o-subalternos-del-socialismo\/\",\"url\":\"https:\/\/conversesacatalunya.cat\/es\/alternativa-catalanista-o-subalternos-del-socialismo\/\",\"name\":\"\u00bfAlternativa catalanista o subalternos del socialismo? - Converses a Catalunya\",\"isPartOf\":{\"@id\":\"https:\/\/conversesacatalunya.cat\/#website\"},\"primaryImageOfPage\":{\"@id\":\"https:\/\/conversesacatalunya.cat\/es\/alternativa-catalanista-o-subalternos-del-socialismo\/#primaryimage\"},\"image\":{\"@id\":\"https:\/\/conversesacatalunya.cat\/es\/alternativa-catalanista-o-subalternos-del-socialismo\/#primaryimage\"},\"thumbnailUrl\":\"https:\/\/conversesacatalunya.cat\/wp-content\/uploads\/2020\/10\/ICETA.jpg\",\"datePublished\":\"2020-10-28T11:44:19+00:00\",\"dateModified\":\"2020-10-28T15:53:08+00:00\",\"author\":{\"@id\":\"https:\/\/conversesacatalunya.cat\/#\/schema\/person\/7e24d1e54a2785373ddcb275eae5ed99\"},\"description\":\"El PSC explora una alianza con Unit, La Lliga y Lliures, el viernes se reunir\u00e1n para estudiar las posibilidades del acuerdo\",\"breadcrumb\":{\"@id\":\"https:\/\/conversesacatalunya.cat\/es\/alternativa-catalanista-o-subalternos-del-socialismo\/#breadcrumb\"},\"inLanguage\":\"es\",\"potentialAction\":[{\"@type\":\"ReadAction\",\"target\":[\"https:\/\/conversesacatalunya.cat\/es\/alternativa-catalanista-o-subalternos-del-socialismo\/\"]}]},{\"@type\":\"ImageObject\",\"inLanguage\":\"es\",\"@id\":\"https:\/\/conversesacatalunya.cat\/es\/alternativa-catalanista-o-subalternos-del-socialismo\/#primaryimage\",\"url\":\"https:\/\/conversesacatalunya.cat\/wp-content\/uploads\/2020\/10\/ICETA.jpg\",\"contentUrl\":\"https:\/\/conversesacatalunya.cat\/wp-content\/uploads\/2020\/10\/ICETA.jpg\",\"width\":992,\"height\":557,\"caption\":\"PSC\"},{\"@type\":\"BreadcrumbList\",\"@id\":\"https:\/\/conversesacatalunya.cat\/es\/alternativa-catalanista-o-subalternos-del-socialismo\/#breadcrumb\",\"itemListElement\":[{\"@type\":\"ListItem\",\"position\":1,\"name\":\"Inici\",\"item\":\"https:\/\/conversesacatalunya.cat\/es\/\"},{\"@type\":\"ListItem\",\"position\":2,\"name\":\"\u00bfAlternativa catalanista o subalternos del socialismo?\"}]},{\"@type\":\"WebSite\",\"@id\":\"https:\/\/conversesacatalunya.cat\/#website\",\"url\":\"https:\/\/conversesacatalunya.cat\/\",\"name\":\"Converses a Catalunya\",\"description\":\"\",\"potentialAction\":[{\"@type\":\"SearchAction\",\"target\":{\"@type\":\"EntryPoint\",\"urlTemplate\":\"https:\/\/conversesacatalunya.cat\/?s={search_term_string}\"},\"query-input\":{\"@type\":\"PropertyValueSpecification\",\"valueRequired\":true,\"valueName\":\"search_term_string\"}}],\"inLanguage\":\"es\"},{\"@type\":\"Person\",\"@id\":\"https:\/\/conversesacatalunya.cat\/#\/schema\/person\/7e24d1e54a2785373ddcb275eae5ed99\",\"name\":\"conversesacatalunya\",\"image\":{\"@type\":\"ImageObject\",\"inLanguage\":\"es\",\"@id\":\"https:\/\/conversesacatalunya.cat\/#\/schema\/person\/image\/\",\"url\":\"https:\/\/conversesacatalunya.cat\/wp-content\/litespeed\/avatar\/febdfeeec89d950f01c748045a981dd2.jpg?ver=1777314535\",\"contentUrl\":\"https:\/\/conversesacatalunya.cat\/wp-content\/litespeed\/avatar\/febdfeeec89d950f01c748045a981dd2.jpg?ver=1777314535\",\"caption\":\"conversesacatalunya\"},\"url\":\"https:\/\/conversesacatalunya.cat\/es\/author\/carme_catala\/\"}]}<\/script>\n<!-- \/ Yoast SEO plugin. -->","yoast_head_json":{"title":"\u00bfAlternativa catalanista o subalternos del socialismo? - Converses a Catalunya","description":"El PSC explora una alianza con Unit, La Lliga y Lliures, el viernes se reunir\u00e1n para estudiar las posibilidades del acuerdo","robots":{"index":"index","follow":"follow","max-snippet":"max-snippet:-1","max-image-preview":"max-image-preview:large","max-video-preview":"max-video-preview:-1"},"canonical":"https:\/\/conversesacatalunya.cat\/es\/alternativa-catalanista-o-subalternos-del-socialismo\/","og_locale":"es_ES","og_type":"article","og_title":"\u00bfAlternativa catalanista o subalternos del socialismo? - Converses a Catalunya","og_description":"El PSC explora una alianza con Unit, La Lliga y Lliures, el viernes se reunir\u00e1n para estudiar las posibilidades del acuerdo","og_url":"https:\/\/conversesacatalunya.cat\/es\/alternativa-catalanista-o-subalternos-del-socialismo\/","og_site_name":"Converses a Catalunya","article_published_time":"2020-10-28T11:44:19+00:00","article_modified_time":"2020-10-28T15:53:08+00:00","og_image":[{"width":992,"height":557,"url":"https:\/\/conversesacatalunya.cat\/wp-content\/uploads\/2020\/10\/ICETA.jpg","type":"image\/jpeg"}],"author":"conversesacatalunya","twitter_card":"summary_large_image","twitter_misc":{"Escrito por":"conversesacatalunya","Tiempo de lectura":"4 minutos"},"schema":{"@context":"https:\/\/schema.org","@graph":[{"@type":"Article","@id":"https:\/\/conversesacatalunya.cat\/es\/alternativa-catalanista-o-subalternos-del-socialismo\/#article","isPartOf":{"@id":"https:\/\/conversesacatalunya.cat\/es\/alternativa-catalanista-o-subalternos-del-socialismo\/"},"author":{"name":"conversesacatalunya","@id":"https:\/\/conversesacatalunya.cat\/#\/schema\/person\/7e24d1e54a2785373ddcb275eae5ed99"},"headline":"\u00bfAlternativa catalanista o subalternos del socialismo?","datePublished":"2020-10-28T11:44:19+00:00","dateModified":"2020-10-28T15:53:08+00:00","mainEntityOfPage":{"@id":"https:\/\/conversesacatalunya.cat\/es\/alternativa-catalanista-o-subalternos-del-socialismo\/"},"wordCount":804,"commentCount":0,"image":{"@id":"https:\/\/conversesacatalunya.cat\/es\/alternativa-catalanista-o-subalternos-del-socialismo\/#primaryimage"},"thumbnailUrl":"https:\/\/conversesacatalunya.cat\/wp-content\/uploads\/2020\/10\/ICETA.jpg","keywords":["catalanismo","elecciones anticipadas","PSC"],"articleSection":["Punts clau del dia (ES)"],"inLanguage":"es","potentialAction":[{"@type":"CommentAction","name":"Comment","target":["https:\/\/conversesacatalunya.cat\/es\/alternativa-catalanista-o-subalternos-del-socialismo\/#respond"]}]},{"@type":"WebPage","@id":"https:\/\/conversesacatalunya.cat\/es\/alternativa-catalanista-o-subalternos-del-socialismo\/","url":"https:\/\/conversesacatalunya.cat\/es\/alternativa-catalanista-o-subalternos-del-socialismo\/","name":"\u00bfAlternativa catalanista o subalternos del socialismo? - Converses a Catalunya","isPartOf":{"@id":"https:\/\/conversesacatalunya.cat\/#website"},"primaryImageOfPage":{"@id":"https:\/\/conversesacatalunya.cat\/es\/alternativa-catalanista-o-subalternos-del-socialismo\/#primaryimage"},"image":{"@id":"https:\/\/conversesacatalunya.cat\/es\/alternativa-catalanista-o-subalternos-del-socialismo\/#primaryimage"},"thumbnailUrl":"https:\/\/conversesacatalunya.cat\/wp-content\/uploads\/2020\/10\/ICETA.jpg","datePublished":"2020-10-28T11:44:19+00:00","dateModified":"2020-10-28T15:53:08+00:00","author":{"@id":"https:\/\/conversesacatalunya.cat\/#\/schema\/person\/7e24d1e54a2785373ddcb275eae5ed99"},"description":"El PSC explora una alianza con Unit, La Lliga y Lliures, el viernes se reunir\u00e1n para estudiar las posibilidades del acuerdo","breadcrumb":{"@id":"https:\/\/conversesacatalunya.cat\/es\/alternativa-catalanista-o-subalternos-del-socialismo\/#breadcrumb"},"inLanguage":"es","potentialAction":[{"@type":"ReadAction","target":["https:\/\/conversesacatalunya.cat\/es\/alternativa-catalanista-o-subalternos-del-socialismo\/"]}]},{"@type":"ImageObject","inLanguage":"es","@id":"https:\/\/conversesacatalunya.cat\/es\/alternativa-catalanista-o-subalternos-del-socialismo\/#primaryimage","url":"https:\/\/conversesacatalunya.cat\/wp-content\/uploads\/2020\/10\/ICETA.jpg","contentUrl":"https:\/\/conversesacatalunya.cat\/wp-content\/uploads\/2020\/10\/ICETA.jpg","width":992,"height":557,"caption":"PSC"},{"@type":"BreadcrumbList","@id":"https:\/\/conversesacatalunya.cat\/es\/alternativa-catalanista-o-subalternos-del-socialismo\/#breadcrumb","itemListElement":[{"@type":"ListItem","position":1,"name":"Inici","item":"https:\/\/conversesacatalunya.cat\/es\/"},{"@type":"ListItem","position":2,"name":"\u00bfAlternativa catalanista o subalternos del socialismo?"}]},{"@type":"WebSite","@id":"https:\/\/conversesacatalunya.cat\/#website","url":"https:\/\/conversesacatalunya.cat\/","name":"Converses a Catalunya","description":"","potentialAction":[{"@type":"SearchAction","target":{"@type":"EntryPoint","urlTemplate":"https:\/\/conversesacatalunya.cat\/?s={search_term_string}"},"query-input":{"@type":"PropertyValueSpecification","valueRequired":true,"valueName":"search_term_string"}}],"inLanguage":"es"},{"@type":"Person","@id":"https:\/\/conversesacatalunya.cat\/#\/schema\/person\/7e24d1e54a2785373ddcb275eae5ed99","name":"conversesacatalunya","image":{"@type":"ImageObject","inLanguage":"es","@id":"https:\/\/conversesacatalunya.cat\/#\/schema\/person\/image\/","url":"https:\/\/conversesacatalunya.cat\/wp-content\/litespeed\/avatar\/febdfeeec89d950f01c748045a981dd2.jpg?ver=1777314535","contentUrl":"https:\/\/conversesacatalunya.cat\/wp-content\/litespeed\/avatar\/febdfeeec89d950f01c748045a981dd2.jpg?ver=1777314535","caption":"conversesacatalunya"},"url":"https:\/\/conversesacatalunya.cat\/es\/author\/carme_catala\/"}]}},"wps_subtitle":"El PSC explora una alianza con Units, La Lliga y Lliures, el viernes se reunir\u00e1npara estudiar las posibilidades del acuerdo.","_links":{"self":[{"href":"https:\/\/conversesacatalunya.cat\/es\/wp-json\/wp\/v2\/posts\/41731","targetHints":{"allow":["GET"]}}],"collection":[{"href":"https:\/\/conversesacatalunya.cat\/es\/wp-json\/wp\/v2\/posts"}],"about":[{"href":"https:\/\/conversesacatalunya.cat\/es\/wp-json\/wp\/v2\/types\/post"}],"author":[{"embeddable":true,"href":"https:\/\/conversesacatalunya.cat\/es\/wp-json\/wp\/v2\/users\/2"}],"replies":[{"embeddable":true,"href":"https:\/\/conversesacatalunya.cat\/es\/wp-json\/wp\/v2\/comments?post=41731"}],"version-history":[{"count":2,"href":"https:\/\/conversesacatalunya.cat\/es\/wp-json\/wp\/v2\/posts\/41731\/revisions"}],"predecessor-version":[{"id":41733,"href":"https:\/\/conversesacatalunya.cat\/es\/wp-json\/wp\/v2\/posts\/41731\/revisions\/41733"}],"wp:featuredmedia":[{"embeddable":true,"href":"https:\/\/conversesacatalunya.cat\/es\/wp-json\/wp\/v2\/media\/41723"}],"wp:attachment":[{"href":"https:\/\/conversesacatalunya.cat\/es\/wp-json\/wp\/v2\/media?parent=41731"}],"wp:term":[{"taxonomy":"category","embeddable":true,"href":"https:\/\/conversesacatalunya.cat\/es\/wp-json\/wp\/v2\/categories?post=41731"},{"taxonomy":"post_tag","embeddable":true,"href":"https:\/\/conversesacatalunya.cat\/es\/wp-json\/wp\/v2\/tags?post=41731"}],"curies":[{"name":"wp","href":"https:\/\/api.w.org\/{rel}","templated":true}]}}