{"id":41727,"date":"2020-10-28T08:50:30","date_gmt":"2020-10-28T07:50:30","guid":{"rendered":"https:\/\/conversesacatalunya.cat\/protestes-anti-franceses-musulma-doble-mesura\/"},"modified":"2020-10-28T16:42:47","modified_gmt":"2020-10-28T15:42:47","slug":"protestas-anti-francesas-en-el-mundo-musulman","status":"publish","type":"post","link":"https:\/\/conversesacatalunya.cat\/es\/protestas-anti-francesas-en-el-mundo-musulman\/","title":{"rendered":"Protestas anti-francesas en el mundo musulm\u00e1n: un preocupante doble rasero"},"content":{"rendered":"<p>El pasado viernes, el presidente turco Recep Tayyip Erdogan volvi\u00f3 a declarar p\u00fablicamente que su hom\u00f3logo franc\u00e9s, Emmanuel Macron, <strong>deb\u00eda hacerse examinar su salud mental<\/strong>.<\/p>\n<p>Macron reaccion\u00f3 de forma decidida y hizo volver al embajador franc\u00e9s en Turqu\u00eda hacia Par\u00eds. Es la primera vez en la historia de las relaciones entre los dos pa\u00edses que un embajador recibe la orden de volver a su pa\u00eds.<\/p>\n<p>El origen de esta nueva escalada se encuentra en la reacci\u00f3n francesa al <a href=\"https:\/\/conversesacatalunya.cat\/dictadura-terror-islamista-franca\/\">atroz asesinato<\/a> de un profesor cerca de Par\u00eds, Samuel Paty, <strong>por ense\u00f1ar caricaturas de Mahoma<\/strong> durante un curso sobre la libertad de expresi\u00f3n.<\/p>\n<p>Durante el homenaje al profesor, Macron declar\u00f3 que Francia seguir\u00eda defendiendo la publicaci\u00f3n de caricaturas del profeta fundador del Islam.<\/p>\n<h3>Protestas de numerosas entidades y pa\u00edses isl\u00e1micos<\/h3>\n<p>Estas declaraciones sentaron muy mal no s\u00f3lo a Erdogan, sino a numerosos pa\u00edses musulmanes.<\/p>\n<p>Desde entonces, capitaneados por Erdogan, pa\u00edses aliados de Turqu\u00eda, como Qatar o Kuwait, han anunciado un boicot de productos franceses.<\/p>\n<p>En muchos otros lugares, como Jordania, Ir\u00e1n, Irak, Pakist\u00e1n o Bangladesh, se han organizado <strong>manifestaciones antifrancesas<\/strong>. Otros pa\u00edses, como Marruecos o Argelia, han protestado oficialmente por las declaraciones del presidente franc\u00e9s.<\/p>\n<p>La Organizaci\u00f3n de la Cooperaci\u00f3n Isl\u00e1mica tambi\u00e9n se ha volcado en denunciar a Francia, al igual que lo ha hecho la <a href=\"https:\/\/www.franceinter.fr\/emissions\/geopolitique\/geopolitique-20-octobre-2020\" target=\"_blank\" rel=\"noopener noreferrer\">universidad de Al Azhar<\/a> en Egipto, la m\u00e1xima instituci\u00f3n acad\u00e9mica del islam sun\u00ed.<\/p>\n<h3>Como Turqu\u00eda instiga el odio musulm\u00e1n contra Occidente<\/h3>\n<p>En cualquier caso, ha sido el gobierno de Erdogan quien m\u00e1s provocaciones ha lanzado. De hecho, <strong>ya hace a\u00f1os que Turqu\u00eda siembra el odio contra Occidente<\/strong> desde la religi\u00f3n isl\u00e1mica.<\/p>\n<p>Los <a href=\"https:\/\/www.lefigaro.fr\/international\/les-derapages-calcules-d-erdogan-pour-orienter-le-monde-musulman-20201025\" target=\"_blank\" rel=\"noopener noreferrer\">miembros de su gobierno<\/a> no cesan en acusar Europa de querer \u00abintimidar a los musulmanes\u00bb, llegando hace unos d\u00edas a comparar su situaci\u00f3n con la de los jud\u00edos durante la primera mitad del siglo XX.<\/p>\n<p>Turqu\u00eda <a href=\"https:\/\/www.setav.org\/en\/tag\/islamophobia\/\" target=\"_blank\" rel=\"noopener noreferrer\">publica<\/a> tambi\u00e9n estudios sobre la supuesta \u00abislamofobia\u00bb occidental. Entidades gubernamentales turcas han incluso recibido fondos europeos para publicar un informe sobre la \u00abislamofobia\u00bb en Europa.<\/p>\n<span class='bctt-click-to-tweet'><span class='bctt-ctt-text'><a href='https:\/\/twitter.com\/intent\/tweet?url=https%3A%2F%2Fconversesacatalunya.cat%2Fes%2Fprotestas-anti-francesas-en-el-mundo-musulman%2F&#038;text=Entidades%20gubernamentales%20turcas%20han%20incluso%20recibido%20fondos%20europeos%20para%20publicar%20un%20informe%20sobre%20la%20islamofobia%20en%20Europa&#038;via=conversesacat&#038;related=conversesacat' target='_blank'rel=\"noopener noreferrer\">Entidades gubernamentales turcas han incluso recibido fondos europeos para publicar un informe sobre la islamofobia en Europa <\/a><\/span><a href='https:\/\/twitter.com\/intent\/tweet?url=https%3A%2F%2Fconversesacatalunya.cat%2Fes%2Fprotestas-anti-francesas-en-el-mundo-musulman%2F&#038;text=Entidades%20gubernamentales%20turcas%20han%20incluso%20recibido%20fondos%20europeos%20para%20publicar%20un%20informe%20sobre%20la%20islamofobia%20en%20Europa&#038;via=conversesacat&#038;related=conversesacat' target='_blank' class='bctt-ctt-btn'rel=\"noopener noreferrer\">Compartir en X<\/a><\/span>\n<p>Mientras tanto, en su casa, Erdogan ordena la <strong>reconversi\u00f3n de iglesias ortodoxas en mezquitas<\/strong> y supervisa la persecuci\u00f3n religiosa de los pocos cristianos que a\u00fan viven en Turqu\u00eda.<\/p>\n<p>Plenamente alineada con el movimiento islamista de los Hermanos Musulmanes, Turqu\u00eda quiere erigirse como defensora y promotora del islam pol\u00edtico en todo el mundo.<\/p>\n<p>Desafortunadamente, numerosos pa\u00edses y organizaciones isl\u00e1micas le siguen, o juegan, el mismo juego.<\/p>\n<h3>La cuesti\u00f3n del encaje del islam en el mundo occidental<\/h3>\n<p>El asesinato del profesor franc\u00e9s ha puesto en evidencia una <a href=\"https:\/\/conversesacatalunya.cat\/es\/dictadura-terror-islamista-francia\/\" target=\"_blank\" rel=\"noopener noreferrer\">amenaza preocupante<\/a> para la libertad de expresi\u00f3n. Un valor que a pesar de figurar entre los m\u00e1s fundamentales de la Uni\u00f3n Europea, ha valido al presidente franc\u00e9s pocas defensas decididas de parte de sus vecinos.<\/p>\n<p>Mientras en Europa los musulmanes gozan de los mismos derechos que los fieles de la religi\u00f3n troncal de los pa\u00edses que los acogen, el cristianismo, los seguidores de Cristo que viven en pa\u00edses musulmanes sufren en el mejor de los casos la marginalizaci\u00f3n y lo peor, la persecuci\u00f3n activa, como en Pakist\u00e1n.<\/p>\n<p>La doble medida que utilizan numerosas autoridades pol\u00edticas, religiosas y sociales del mundo isl\u00e1mico para defender su religi\u00f3n deber\u00eda hacer pensar a los dirigentes europeos. As\u00ed como la intimidaci\u00f3n que una parte de los musulmanes ejercen en Europa para evitar cualquier cr\u00edtica a su religi\u00f3n, y que cost\u00f3 la vida al profesor franc\u00e9s Samuel Paty.<\/p>\n<p align=\"justify\"><div id=\"polls-78\" class=\"wp-polls\">\n\t<form id=\"polls_form_78\" class=\"wp-polls-form\" action=\"\/index.php\" method=\"post\">\n\t\t<p style=\"display: none;\"><input type=\"hidden\" id=\"poll_78_nonce\" name=\"wp-polls-nonce\" value=\"f51ea0a7ff\" \/><\/p>\n\t\t<p style=\"display: none;\"><input type=\"hidden\" name=\"poll_id\" value=\"78\" \/><\/p>\n\t\t<p style=\"text-align: center\"><strong>Creus que la visita del president S\u00e1nchez al Papa Francesc li ha estat pol\u00edticament rendible despr\u00e9s del petit discurs del Papa als assistents a l'acte?<\/strong><\/p><div id=\"polls-78-ans\" class=\"wp-polls-ans\"><ul class=\"wp-polls-ul\">\n\t\t<li><input type=\"radio\" id=\"poll-answer-172\" name=\"poll_78\" value=\"172\" \/> <label for=\"poll-answer-172\">Si<\/label><\/li>\n\t\t<li><input type=\"radio\" id=\"poll-answer-173\" name=\"poll_78\" value=\"173\" \/> <label for=\"poll-answer-173\">No<\/label><\/li>\n\t\t<li><input type=\"radio\" id=\"poll-answer-174\" name=\"poll_78\" value=\"174\" \/> <label for=\"poll-answer-174\">No ho s\u00e9<\/label><\/li>\n\t\t<\/ul><p style=\"text-align: center\"><input type=\"button\" name=\"vote\" value=\"   Vota   \" class=\"Buttons\" onclick=\"poll_vote(78);\" \/><\/p><p style=\"text-align: center\"><a href=\"#ViewPollResults\" onclick=\"poll_result(78); return false;\" title=\"View Results Of This Poll\">Mira els resultats<\/a><\/p><\/div>\n\t<\/form>\n<\/div>\n<div id=\"polls-78-loading\" class=\"wp-polls-loading\"><img decoding=\"async\" data-src=\"https:\/\/conversesacatalunya.cat\/wp-content\/plugins\/wp-polls\/images\/loading.gif\" width=\"16\" height=\"16\" alt=\"Cargando ...\" title=\"Cargando ...\" class=\"wp-polls-image lazyload\" src=\"data:image\/svg+xml;base64,PHN2ZyB3aWR0aD0iMSIgaGVpZ2h0PSIxIiB4bWxucz0iaHR0cDovL3d3dy53My5vcmcvMjAwMC9zdmciPjwvc3ZnPg==\" style=\"--smush-placeholder-width: 16px; --smush-placeholder-aspect-ratio: 16\/16;\" \/>&nbsp;Cargando ...<\/div>\n\n","protected":false},"excerpt":{"rendered":"<p>El pasado viernes, el presidente turco Recep Tayyip Erdogan volvi\u00f3 a declarar p\u00fablicamente que su hom\u00f3logo franc\u00e9s, Emmanuel Macron, deb\u00eda hacerse examinar su salud mental. Macron reaccion\u00f3 de forma decidida y hizo volver al embajador franc\u00e9s en Turqu\u00eda hacia Par\u00eds. Es la primera vez en la historia de las relaciones entre los dos pa\u00edses que un embajador recibe la orden de volver a su pa\u00eds. El origen de esta nueva escalada se encuentra en la reacci\u00f3n francesa al atroz asesinato de un profesor cerca de Par\u00eds, Samuel Paty, por ense\u00f1ar caricaturas de Mahoma durante un curso sobre la libertad de expresi\u00f3n. Durante el homenaje al profesor, Macron declar\u00f3 que Francia seguir\u00eda defendiendo la publicaci\u00f3n de caricaturas del profeta fundador del Islam. Protestas de numerosas entidades y pa\u00edses isl\u00e1micos Estas declaraciones sentaron muy mal no s\u00f3lo a Erdogan, sino a numerosos pa\u00edses musulmanes. Desde entonces, capitaneados por Erdogan, pa\u00edses aliados de Turqu\u00eda, como Qatar o Kuwait, han anunciado un boicot de productos franceses. En muchos otros lugares, como Jordania, Ir\u00e1n, Irak, Pakist\u00e1n o Bangladesh, se han organizado manifestaciones antifrancesas. Otros pa\u00edses, como Marruecos o Argelia, han protestado oficialmente por las declaraciones del presidente franc\u00e9s. La Organizaci\u00f3n de la Cooperaci\u00f3n Isl\u00e1mica tambi\u00e9n se ha volcado en denunciar a Francia, al igual que lo ha hecho la universidad de Al Azhar en Egipto, la m\u00e1xima instituci\u00f3n acad\u00e9mica del islam sun\u00ed. Como Turqu\u00eda instiga el odio musulm\u00e1n contra Occidente En cualquier caso, ha sido el gobierno de Erdogan quien m\u00e1s provocaciones ha lanzado. De hecho, ya hace a\u00f1os que Turqu\u00eda siembra el odio contra Occidente desde la religi\u00f3n isl\u00e1mica. Los miembros de su gobierno no cesan en acusar Europa de querer \u00abintimidar a los musulmanes\u00bb, llegando hace unos d\u00edas a comparar su situaci\u00f3n con la de los jud\u00edos durante la primera mitad del siglo XX. Turqu\u00eda publica tambi\u00e9n estudios sobre la supuesta \u00abislamofobia\u00bb occidental. Entidades gubernamentales turcas han incluso recibido fondos europeos para publicar un informe sobre la \u00abislamofobia\u00bb en Europa. Mientras tanto, en su casa, Erdogan ordena la reconversi\u00f3n de iglesias ortodoxas en mezquitas y supervisa la persecuci\u00f3n religiosa de los pocos cristianos que a\u00fan viven en Turqu\u00eda. Plenamente alineada con el movimiento islamista de los Hermanos Musulmanes, Turqu\u00eda quiere erigirse como defensora y promotora del islam pol\u00edtico en todo el mundo. Desafortunadamente, numerosos pa\u00edses y organizaciones isl\u00e1micas le siguen, o juegan, el mismo juego. La cuesti\u00f3n del encaje del islam en el mundo occidental El asesinato del profesor franc\u00e9s ha puesto en evidencia una amenaza preocupante para la libertad de expresi\u00f3n. Un valor que a pesar de figurar entre los m\u00e1s fundamentales de la Uni\u00f3n Europea, ha valido al presidente franc\u00e9s pocas defensas decididas de parte de sus vecinos. Mientras en Europa los musulmanes gozan de los mismos derechos que los fieles de la religi\u00f3n troncal de los pa\u00edses que los acogen, el cristianismo, los seguidores de Cristo que viven en pa\u00edses musulmanes sufren en el mejor de los casos la marginalizaci\u00f3n y lo peor, la persecuci\u00f3n activa, como en Pakist\u00e1n. La doble medida que utilizan numerosas autoridades pol\u00edticas, religiosas y sociales del mundo isl\u00e1mico para defender su religi\u00f3n deber\u00eda hacer pensar a los dirigentes europeos. As\u00ed como la intimidaci\u00f3n que una parte de los musulmanes ejercen en Europa para evitar cualquier cr\u00edtica a su religi\u00f3n, y que cost\u00f3 la vida al profesor franc\u00e9s Samuel Paty.<\/p>\n","protected":false},"author":67,"featured_media":41701,"comment_status":"open","ping_status":"open","sticky":false,"template":"","format":"standard","meta":{"_FSMCFIC_featured_image_caption":"","_FSMCFIC_featured_image_nocaption":"","_FSMCFIC_featured_image_hide":"","footnotes":""},"categories":[806],"tags":[1797,875,1873,3173,1091],"class_list":["post-41727","post","type-post","status-publish","format-standard","has-post-thumbnail","hentry","category-punts-claus-del-dia-es","tag-erdogan-es","tag-europa-es","tag-islam-es","tag-islamofobia-es","tag-macron-es"],"yoast_head":"<!-- This site is optimized with the Yoast SEO plugin v26.8 - https:\/\/yoast.com\/product\/yoast-seo-wordpress\/ -->\n<title>Protestas anti-francesas en el mundo musulm\u00e1n: un preocupante doble rasero - Converses a Catalunya<\/title>\n<meta name=\"description\" content=\"El pasado viernes, el presidente turco Recep Tayyip Erdogan volvi\u00f3 a declarar p\u00fablicamente que su hom\u00f3logo franc\u00e9s, Emmanuel Macron, deb\u00eda hacerse examinar su salud mental.\" \/>\n<meta name=\"robots\" content=\"index, follow, max-snippet:-1, max-image-preview:large, max-video-preview:-1\" \/>\n<link rel=\"canonical\" href=\"https:\/\/conversesacatalunya.cat\/es\/protestas-anti-francesas-en-el-mundo-musulman\/\" \/>\n<meta property=\"og:locale\" content=\"es_ES\" \/>\n<meta property=\"og:type\" content=\"article\" \/>\n<meta property=\"og:title\" content=\"Protestas anti-francesas en el mundo musulm\u00e1n: un preocupante doble rasero - Converses a Catalunya\" \/>\n<meta property=\"og:description\" content=\"El pasado viernes, el presidente turco Recep Tayyip Erdogan volvi\u00f3 a declarar p\u00fablicamente que su hom\u00f3logo franc\u00e9s, Emmanuel Macron, deb\u00eda hacerse examinar su salud mental.\" \/>\n<meta property=\"og:url\" content=\"https:\/\/conversesacatalunya.cat\/es\/protestas-anti-francesas-en-el-mundo-musulman\/\" \/>\n<meta property=\"og:site_name\" content=\"Converses a Catalunya\" \/>\n<meta property=\"article:published_time\" content=\"2020-10-28T07:50:30+00:00\" \/>\n<meta property=\"article:modified_time\" content=\"2020-10-28T15:42:47+00:00\" \/>\n<meta property=\"og:image\" content=\"https:\/\/conversesacatalunya.cat\/wp-content\/uploads\/2020\/10\/protestes-anti-franceses.jpg\" \/>\n\t<meta property=\"og:image:width\" content=\"640\" \/>\n\t<meta property=\"og:image:height\" content=\"415\" \/>\n\t<meta property=\"og:image:type\" content=\"image\/jpeg\" \/>\n<meta name=\"author\" content=\"conversesacatalunya\" \/>\n<meta name=\"twitter:card\" content=\"summary_large_image\" \/>\n<meta name=\"twitter:label1\" content=\"Escrito por\" \/>\n\t<meta name=\"twitter:data1\" content=\"conversesacatalunya\" \/>\n\t<meta name=\"twitter:label2\" content=\"Tiempo de lectura\" \/>\n\t<meta name=\"twitter:data2\" content=\"3 minutos\" \/>\n<script type=\"application\/ld+json\" class=\"yoast-schema-graph\">{\"@context\":\"https:\/\/schema.org\",\"@graph\":[{\"@type\":\"Article\",\"@id\":\"https:\/\/conversesacatalunya.cat\/es\/protestas-anti-francesas-en-el-mundo-musulman\/#article\",\"isPartOf\":{\"@id\":\"https:\/\/conversesacatalunya.cat\/es\/protestas-anti-francesas-en-el-mundo-musulman\/\"},\"author\":{\"name\":\"conversesacatalunya\",\"@id\":\"https:\/\/conversesacatalunya.cat\/#\/schema\/person\/c5a8ffe796b1512764aeb6d6d6fa0fc7\"},\"headline\":\"Protestas anti-francesas en el mundo musulm\u00e1n: un preocupante doble rasero\",\"datePublished\":\"2020-10-28T07:50:30+00:00\",\"dateModified\":\"2020-10-28T15:42:47+00:00\",\"mainEntityOfPage\":{\"@id\":\"https:\/\/conversesacatalunya.cat\/es\/protestas-anti-francesas-en-el-mundo-musulman\/\"},\"wordCount\":660,\"commentCount\":0,\"image\":{\"@id\":\"https:\/\/conversesacatalunya.cat\/es\/protestas-anti-francesas-en-el-mundo-musulman\/#primaryimage\"},\"thumbnailUrl\":\"https:\/\/conversesacatalunya.cat\/wp-content\/uploads\/2020\/10\/protestes-anti-franceses.jpg\",\"keywords\":[\"Erdogan\",\"Europa\",\"islam\",\"islamofobia\",\"Macron\"],\"articleSection\":[\"Punts clau del dia (ES)\"],\"inLanguage\":\"es\",\"potentialAction\":[{\"@type\":\"CommentAction\",\"name\":\"Comment\",\"target\":[\"https:\/\/conversesacatalunya.cat\/es\/protestas-anti-francesas-en-el-mundo-musulman\/#respond\"]}]},{\"@type\":\"WebPage\",\"@id\":\"https:\/\/conversesacatalunya.cat\/es\/protestas-anti-francesas-en-el-mundo-musulman\/\",\"url\":\"https:\/\/conversesacatalunya.cat\/es\/protestas-anti-francesas-en-el-mundo-musulman\/\",\"name\":\"Protestas anti-francesas en el mundo musulm\u00e1n: un preocupante doble rasero - Converses a Catalunya\",\"isPartOf\":{\"@id\":\"https:\/\/conversesacatalunya.cat\/#website\"},\"primaryImageOfPage\":{\"@id\":\"https:\/\/conversesacatalunya.cat\/es\/protestas-anti-francesas-en-el-mundo-musulman\/#primaryimage\"},\"image\":{\"@id\":\"https:\/\/conversesacatalunya.cat\/es\/protestas-anti-francesas-en-el-mundo-musulman\/#primaryimage\"},\"thumbnailUrl\":\"https:\/\/conversesacatalunya.cat\/wp-content\/uploads\/2020\/10\/protestes-anti-franceses.jpg\",\"datePublished\":\"2020-10-28T07:50:30+00:00\",\"dateModified\":\"2020-10-28T15:42:47+00:00\",\"author\":{\"@id\":\"https:\/\/conversesacatalunya.cat\/#\/schema\/person\/c5a8ffe796b1512764aeb6d6d6fa0fc7\"},\"description\":\"El pasado viernes, el presidente turco Recep Tayyip Erdogan volvi\u00f3 a declarar p\u00fablicamente que su hom\u00f3logo franc\u00e9s, Emmanuel Macron, deb\u00eda hacerse examinar su salud mental.\",\"breadcrumb\":{\"@id\":\"https:\/\/conversesacatalunya.cat\/es\/protestas-anti-francesas-en-el-mundo-musulman\/#breadcrumb\"},\"inLanguage\":\"es\",\"potentialAction\":[{\"@type\":\"ReadAction\",\"target\":[\"https:\/\/conversesacatalunya.cat\/es\/protestas-anti-francesas-en-el-mundo-musulman\/\"]}]},{\"@type\":\"ImageObject\",\"inLanguage\":\"es\",\"@id\":\"https:\/\/conversesacatalunya.cat\/es\/protestas-anti-francesas-en-el-mundo-musulman\/#primaryimage\",\"url\":\"https:\/\/conversesacatalunya.cat\/wp-content\/uploads\/2020\/10\/protestes-anti-franceses.jpg\",\"contentUrl\":\"https:\/\/conversesacatalunya.cat\/wp-content\/uploads\/2020\/10\/protestes-anti-franceses.jpg\",\"width\":640,\"height\":415},{\"@type\":\"BreadcrumbList\",\"@id\":\"https:\/\/conversesacatalunya.cat\/es\/protestas-anti-francesas-en-el-mundo-musulman\/#breadcrumb\",\"itemListElement\":[{\"@type\":\"ListItem\",\"position\":1,\"name\":\"Inici\",\"item\":\"https:\/\/conversesacatalunya.cat\/es\/\"},{\"@type\":\"ListItem\",\"position\":2,\"name\":\"Protestas anti-francesas en el mundo musulm\u00e1n: un preocupante doble rasero\"}]},{\"@type\":\"WebSite\",\"@id\":\"https:\/\/conversesacatalunya.cat\/#website\",\"url\":\"https:\/\/conversesacatalunya.cat\/\",\"name\":\"Converses a Catalunya\",\"description\":\"\",\"potentialAction\":[{\"@type\":\"SearchAction\",\"target\":{\"@type\":\"EntryPoint\",\"urlTemplate\":\"https:\/\/conversesacatalunya.cat\/?s={search_term_string}\"},\"query-input\":{\"@type\":\"PropertyValueSpecification\",\"valueRequired\":true,\"valueName\":\"search_term_string\"}}],\"inLanguage\":\"es\"},{\"@type\":\"Person\",\"@id\":\"https:\/\/conversesacatalunya.cat\/#\/schema\/person\/c5a8ffe796b1512764aeb6d6d6fa0fc7\",\"name\":\"conversesacatalunya\",\"image\":{\"@type\":\"ImageObject\",\"inLanguage\":\"es\",\"@id\":\"https:\/\/conversesacatalunya.cat\/#\/schema\/person\/image\/\",\"url\":\"https:\/\/conversesacatalunya.cat\/wp-content\/litespeed\/avatar\/02659ee938034c59a151ae106ade943e.jpg?ver=1777051754\",\"contentUrl\":\"https:\/\/conversesacatalunya.cat\/wp-content\/litespeed\/avatar\/02659ee938034c59a151ae106ade943e.jpg?ver=1777051754\",\"caption\":\"conversesacatalunya\"},\"url\":\"https:\/\/conversesacatalunya.cat\/es\/author\/carles_lopez\/\"}]}<\/script>\n<!-- \/ Yoast SEO plugin. -->","yoast_head_json":{"title":"Protestas anti-francesas en el mundo musulm\u00e1n: un preocupante doble rasero - Converses a Catalunya","description":"El pasado viernes, el presidente turco Recep Tayyip Erdogan volvi\u00f3 a declarar p\u00fablicamente que su hom\u00f3logo franc\u00e9s, Emmanuel Macron, deb\u00eda hacerse examinar su salud mental.","robots":{"index":"index","follow":"follow","max-snippet":"max-snippet:-1","max-image-preview":"max-image-preview:large","max-video-preview":"max-video-preview:-1"},"canonical":"https:\/\/conversesacatalunya.cat\/es\/protestas-anti-francesas-en-el-mundo-musulman\/","og_locale":"es_ES","og_type":"article","og_title":"Protestas anti-francesas en el mundo musulm\u00e1n: un preocupante doble rasero - Converses a Catalunya","og_description":"El pasado viernes, el presidente turco Recep Tayyip Erdogan volvi\u00f3 a declarar p\u00fablicamente que su hom\u00f3logo franc\u00e9s, Emmanuel Macron, deb\u00eda hacerse examinar su salud mental.","og_url":"https:\/\/conversesacatalunya.cat\/es\/protestas-anti-francesas-en-el-mundo-musulman\/","og_site_name":"Converses a Catalunya","article_published_time":"2020-10-28T07:50:30+00:00","article_modified_time":"2020-10-28T15:42:47+00:00","og_image":[{"width":640,"height":415,"url":"https:\/\/conversesacatalunya.cat\/wp-content\/uploads\/2020\/10\/protestes-anti-franceses.jpg","type":"image\/jpeg"}],"author":"conversesacatalunya","twitter_card":"summary_large_image","twitter_misc":{"Escrito por":"conversesacatalunya","Tiempo de lectura":"3 minutos"},"schema":{"@context":"https:\/\/schema.org","@graph":[{"@type":"Article","@id":"https:\/\/conversesacatalunya.cat\/es\/protestas-anti-francesas-en-el-mundo-musulman\/#article","isPartOf":{"@id":"https:\/\/conversesacatalunya.cat\/es\/protestas-anti-francesas-en-el-mundo-musulman\/"},"author":{"name":"conversesacatalunya","@id":"https:\/\/conversesacatalunya.cat\/#\/schema\/person\/c5a8ffe796b1512764aeb6d6d6fa0fc7"},"headline":"Protestas anti-francesas en el mundo musulm\u00e1n: un preocupante doble rasero","datePublished":"2020-10-28T07:50:30+00:00","dateModified":"2020-10-28T15:42:47+00:00","mainEntityOfPage":{"@id":"https:\/\/conversesacatalunya.cat\/es\/protestas-anti-francesas-en-el-mundo-musulman\/"},"wordCount":660,"commentCount":0,"image":{"@id":"https:\/\/conversesacatalunya.cat\/es\/protestas-anti-francesas-en-el-mundo-musulman\/#primaryimage"},"thumbnailUrl":"https:\/\/conversesacatalunya.cat\/wp-content\/uploads\/2020\/10\/protestes-anti-franceses.jpg","keywords":["Erdogan","Europa","islam","islamofobia","Macron"],"articleSection":["Punts clau del dia (ES)"],"inLanguage":"es","potentialAction":[{"@type":"CommentAction","name":"Comment","target":["https:\/\/conversesacatalunya.cat\/es\/protestas-anti-francesas-en-el-mundo-musulman\/#respond"]}]},{"@type":"WebPage","@id":"https:\/\/conversesacatalunya.cat\/es\/protestas-anti-francesas-en-el-mundo-musulman\/","url":"https:\/\/conversesacatalunya.cat\/es\/protestas-anti-francesas-en-el-mundo-musulman\/","name":"Protestas anti-francesas en el mundo musulm\u00e1n: un preocupante doble rasero - Converses a Catalunya","isPartOf":{"@id":"https:\/\/conversesacatalunya.cat\/#website"},"primaryImageOfPage":{"@id":"https:\/\/conversesacatalunya.cat\/es\/protestas-anti-francesas-en-el-mundo-musulman\/#primaryimage"},"image":{"@id":"https:\/\/conversesacatalunya.cat\/es\/protestas-anti-francesas-en-el-mundo-musulman\/#primaryimage"},"thumbnailUrl":"https:\/\/conversesacatalunya.cat\/wp-content\/uploads\/2020\/10\/protestes-anti-franceses.jpg","datePublished":"2020-10-28T07:50:30+00:00","dateModified":"2020-10-28T15:42:47+00:00","author":{"@id":"https:\/\/conversesacatalunya.cat\/#\/schema\/person\/c5a8ffe796b1512764aeb6d6d6fa0fc7"},"description":"El pasado viernes, el presidente turco Recep Tayyip Erdogan volvi\u00f3 a declarar p\u00fablicamente que su hom\u00f3logo franc\u00e9s, Emmanuel Macron, deb\u00eda hacerse examinar su salud mental.","breadcrumb":{"@id":"https:\/\/conversesacatalunya.cat\/es\/protestas-anti-francesas-en-el-mundo-musulman\/#breadcrumb"},"inLanguage":"es","potentialAction":[{"@type":"ReadAction","target":["https:\/\/conversesacatalunya.cat\/es\/protestas-anti-francesas-en-el-mundo-musulman\/"]}]},{"@type":"ImageObject","inLanguage":"es","@id":"https:\/\/conversesacatalunya.cat\/es\/protestas-anti-francesas-en-el-mundo-musulman\/#primaryimage","url":"https:\/\/conversesacatalunya.cat\/wp-content\/uploads\/2020\/10\/protestes-anti-franceses.jpg","contentUrl":"https:\/\/conversesacatalunya.cat\/wp-content\/uploads\/2020\/10\/protestes-anti-franceses.jpg","width":640,"height":415},{"@type":"BreadcrumbList","@id":"https:\/\/conversesacatalunya.cat\/es\/protestas-anti-francesas-en-el-mundo-musulman\/#breadcrumb","itemListElement":[{"@type":"ListItem","position":1,"name":"Inici","item":"https:\/\/conversesacatalunya.cat\/es\/"},{"@type":"ListItem","position":2,"name":"Protestas anti-francesas en el mundo musulm\u00e1n: un preocupante doble rasero"}]},{"@type":"WebSite","@id":"https:\/\/conversesacatalunya.cat\/#website","url":"https:\/\/conversesacatalunya.cat\/","name":"Converses a Catalunya","description":"","potentialAction":[{"@type":"SearchAction","target":{"@type":"EntryPoint","urlTemplate":"https:\/\/conversesacatalunya.cat\/?s={search_term_string}"},"query-input":{"@type":"PropertyValueSpecification","valueRequired":true,"valueName":"search_term_string"}}],"inLanguage":"es"},{"@type":"Person","@id":"https:\/\/conversesacatalunya.cat\/#\/schema\/person\/c5a8ffe796b1512764aeb6d6d6fa0fc7","name":"conversesacatalunya","image":{"@type":"ImageObject","inLanguage":"es","@id":"https:\/\/conversesacatalunya.cat\/#\/schema\/person\/image\/","url":"https:\/\/conversesacatalunya.cat\/wp-content\/litespeed\/avatar\/02659ee938034c59a151ae106ade943e.jpg?ver=1777051754","contentUrl":"https:\/\/conversesacatalunya.cat\/wp-content\/litespeed\/avatar\/02659ee938034c59a151ae106ade943e.jpg?ver=1777051754","caption":"conversesacatalunya"},"url":"https:\/\/conversesacatalunya.cat\/es\/author\/carles_lopez\/"}]}},"wps_subtitle":"Numerosos pa\u00edses y organizaciones isl\u00e1micas juegan al juego acusador del presidente turco Recep Tayyip Erdogan, sirvi\u00e9ndose de un doble brasero de medida de la libertad religiosa y de expresi\u00f3n. Exigen en Francia lo que no practican ellos mismos y contribuye a promover el odio contra Occidente","_links":{"self":[{"href":"https:\/\/conversesacatalunya.cat\/es\/wp-json\/wp\/v2\/posts\/41727","targetHints":{"allow":["GET"]}}],"collection":[{"href":"https:\/\/conversesacatalunya.cat\/es\/wp-json\/wp\/v2\/posts"}],"about":[{"href":"https:\/\/conversesacatalunya.cat\/es\/wp-json\/wp\/v2\/types\/post"}],"author":[{"embeddable":true,"href":"https:\/\/conversesacatalunya.cat\/es\/wp-json\/wp\/v2\/users\/67"}],"replies":[{"embeddable":true,"href":"https:\/\/conversesacatalunya.cat\/es\/wp-json\/wp\/v2\/comments?post=41727"}],"version-history":[{"count":2,"href":"https:\/\/conversesacatalunya.cat\/es\/wp-json\/wp\/v2\/posts\/41727\/revisions"}],"predecessor-version":[{"id":41729,"href":"https:\/\/conversesacatalunya.cat\/es\/wp-json\/wp\/v2\/posts\/41727\/revisions\/41729"}],"wp:featuredmedia":[{"embeddable":true,"href":"https:\/\/conversesacatalunya.cat\/es\/wp-json\/wp\/v2\/media\/41701"}],"wp:attachment":[{"href":"https:\/\/conversesacatalunya.cat\/es\/wp-json\/wp\/v2\/media?parent=41727"}],"wp:term":[{"taxonomy":"category","embeddable":true,"href":"https:\/\/conversesacatalunya.cat\/es\/wp-json\/wp\/v2\/categories?post=41727"},{"taxonomy":"post_tag","embeddable":true,"href":"https:\/\/conversesacatalunya.cat\/es\/wp-json\/wp\/v2\/tags?post=41727"}],"curies":[{"name":"wp","href":"https:\/\/api.w.org\/{rel}","templated":true}]}}