{"id":41685,"date":"2020-10-27T14:41:25","date_gmt":"2020-10-27T13:41:25","guid":{"rendered":"https:\/\/conversesacatalunya.cat\/la-visita-de-sanchez-al-papa-una-operacio-frustrada\/"},"modified":"2020-10-27T17:10:42","modified_gmt":"2020-10-27T16:10:42","slug":"la-visita-de-sanchez-al-papa-una-operacion-frustrada","status":"publish","type":"post","link":"https:\/\/conversesacatalunya.cat\/es\/la-visita-de-sanchez-al-papa-una-operacion-frustrada\/","title":{"rendered":"La visita de S\u00e1nchez al Papa, una operaci\u00f3n frustrada"},"content":{"rendered":"<p>El inesperado discurso de casi 10 minutos de duraci\u00f3n sobre los 35 minutos que dur\u00f3 la entrevista de Francisco en la Delegaci\u00f3n espa\u00f1ola encabezada por el presidente S\u00e1nchez, es toda una advertencia a una serie de cuestiones relacionadas con la situaci\u00f3n interna espa\u00f1ola.<\/p>\n<p>El preludio del discurso reiteraba el sentido de la pol\u00edtica como servicio hasta el sacrificio personal, y lo hac\u00eda recordando a P\u00edo XI y Pablo VI, dos Papas que por poca cultura cat\u00f3lica que tenga S\u00e1nchez, seguro que est\u00e1n muy lejos de sus preferencias. El Papa cuestion\u00f3 de una manera indirecta, pero clara, la forma como se aborda la memoria hist\u00f3rica y tambi\u00e9n la \u00abfantas\u00eda tradicionalista\u00bb. Record\u00f3 que la pol\u00edtica es una forma muy alta de la caridad y del amor, q<strong>ue no es una cuesti\u00f3n de maniobras, sino de servicio<\/strong>. Tambi\u00e9n fue cr\u00edtico con la apropiaci\u00f3n de la patria, que no es propiedad de nadie, sino que es un legado del pasado. \u00abConstruir la patria donde no nos es permitido hacer borr\u00f3n, y si en una empresa est\u00e1 permitido, en la patria no porque es algo que hemos recibido. Y tampoco nos es permitido refugiarnos en lo que fue hace 50-100 a\u00f1os \u00ab. Tambi\u00e9n afirma que es \u00abmuy triste cuando las ideolog\u00edas se apoderan de la interpretaci\u00f3n de una naci\u00f3n, de un pa\u00eds y desfiguran la patria\u00bb. Hay que remarcar que entre el texto del discurso oficial que ha sido publicado en la web del Vaticano y la intervenci\u00f3n del Papa que ha sido editada y difundida por los mismos servicios vaticanos, hay sustanciales diferencias fruto de una mayor extensi\u00f3n debido a la improvisaci\u00f3n que sobre la marcha hizo Francisco. Por lo tanto, la visi\u00f3n completa se tiene m\u00e1s en el v\u00eddeo que en el texto.<\/p>\n<p>A pesar de las advertencias, S\u00e1nchez no ha dudado ni un momento en impulsar un estado de alarma, pol\u00e9mico por su duraci\u00f3n de casi medio a\u00f1o que no responde a ning\u00fan criterio t\u00e9cnico porque es imposible, dada la incertidumbre, prever c\u00f3mo ser\u00e1 la situaci\u00f3n a tan largo plazo. Una suspensi\u00f3n de garant\u00edas aunque sean parciales de tan larga duraci\u00f3n <strong>atenta contra el estado de derecho<\/strong>. El mundo jur\u00eddico y empresarial por razones muy diferentes ya se ha manifestado en contra. Hay que decir que en este largu\u00edsimo per\u00edodo, el mensaje que el gobierno env\u00eda al consumo interior, a las perspectivas econ\u00f3micas y la imagen internacional, es t\u00e9trica. Lo que dice es que no habr\u00e1 ninguna posibilidad de recuperaci\u00f3n para Navidad, ni del turismo para Semana Santa.<\/p>\n<p>El PP hace una contraoferta m\u00e1s razonable en el sentido de mantenerlo hasta antes de Navidad y elaborar mientras tanto la famosa legislaci\u00f3n espec\u00edfica, que permita aplicar restricciones sin acudir a instrumentos menos garantistas de los derechos como es la declaraci\u00f3n de estado de alarma.<\/p>\n<p>El di\u00e1logo por el momento y la negociaci\u00f3n para formar la unidad que se desprend\u00eda del mensaje papal brilla por su ausencia.<\/p>\n<p>El independentismo, como no pod\u00eda ser de otra manera, parece que est\u00e1 dividido en cuanto a su aceptaci\u00f3n o rechazo a la iniciativa de S\u00e1nchez. ERC y el PDeCAT votar\u00e1n que s\u00ed. Este \u00faltimo voto parece dif\u00edcil de explicar por una l\u00f3gica de su electorado porque la medida castiga a todo un sector comercial y tur\u00edstico que es votante de la antigua Convergencia. JxCat y la CUP lo har\u00e1n en sentido contrario. Esta \u00faltima organizaci\u00f3n convoc\u00f3 este pasado lunes concentraciones contra el estado de alarma que terminaron con incidentes con la polic\u00eda y contenedores quemados. A pesar de todas estas reacciones, la actitud de S\u00e1nchez, como es habitual, <strong>es la de cerrarse a negociar ning\u00fan cambio en su propuesta<\/strong>.<\/p>\n<p>No es este el \u00fanico punto de conflicto y de divisi\u00f3n que atiza la posici\u00f3n del gobierno. La <strong>ley Cela\u00e1 de educaci\u00f3n<\/strong> est\u00e1 en tramitaci\u00f3n en el Congreso, est\u00e1 generando una reacci\u00f3n negativa creciente en la escuela concertada que ya ha anunciado que convocar\u00e1 manifestaciones y no ser\u00e1n las primeras si bien las anteriores han tenido una repercusi\u00f3n relativa porque se han hecho a trav\u00e9s de la red. Han sido manifestaciones virtuales. La raz\u00f3n fundamental es que si la nueva ley sale adelante tal como est\u00e1 redactada, <strong>la escuela concertada tiene el riesgo de irse extinguiendo<\/strong> porque le recortar\u00edan progresivamente el n\u00famero de plazas, ya que no habr\u00eda la posibilidad de lo que se conoce como \u00abdemanda social\u00bb, es decir otorgar plazas en funci\u00f3n de lo que piden los padres, sino que la prioridad ser\u00eda para la escuela p\u00fablica. La plataforma <a href=\"http:\/\/concertados.edu.es\" target=\"_blank\" rel=\"noopener noreferrer\">concertados<\/a>, que integra a las organizaciones de este tipo de escuela y los sindicatos con FSIE y USO y las organizaciones de padres de la CONCAPA y COFAPA, es quien organiza toda la movilizaci\u00f3n. Tambi\u00e9n el gobierno acelera la tramitaci\u00f3n de otra ley bien conflictiva como es la de la eutanasia, que evidentemente despierta una clara oposici\u00f3n en la Iglesia.<\/p>\n<p>De todo ello, m\u00e1s los comentarios filtrados por la Santa Sede se llega a la conclusi\u00f3n de que la idea de S\u00e1nchez de explotar su visita al Vaticano presentando al Papa como una especie de aliado suyo, de la mano de su \u00faltima enc\u00edclica, Frattelli Tutti , ha salido tan mal como expresa la fotograf\u00eda de Francisco y S\u00e1nchez y su esposa, en la que el Papa mantiene una actitud seria como la del encuentro con Trump, i contrasta con la imagen sonriente de la reuni\u00f3n con Felipe VI.<\/p>\n<p>Una de las consecuencias de la entrevista es que parece que en lugar de favorecer una posible visita del papa a la Cueva de Manresa, m\u00e1s bien la ha dejado en suspenso, porque en la Santa Sede no hay confianza en las actitudes y instrumentalizaciones de S\u00e1nchez.<\/p>\n<div id=\"polls-78\" class=\"wp-polls\">\n\t<form id=\"polls_form_78\" class=\"wp-polls-form\" action=\"\/index.php\" method=\"post\">\n\t\t<p style=\"display: none;\"><input type=\"hidden\" id=\"poll_78_nonce\" name=\"wp-polls-nonce\" value=\"68a740abef\" \/><\/p>\n\t\t<p style=\"display: none;\"><input type=\"hidden\" name=\"poll_id\" value=\"78\" \/><\/p>\n\t\t<p style=\"text-align: center\"><strong>Creus que la visita del president S\u00e1nchez al Papa Francesc li ha estat pol\u00edticament rendible despr\u00e9s del petit discurs del Papa als assistents a l'acte?<\/strong><\/p><div id=\"polls-78-ans\" class=\"wp-polls-ans\"><ul class=\"wp-polls-ul\">\n\t\t<li><input type=\"radio\" id=\"poll-answer-172\" name=\"poll_78\" value=\"172\" \/> <label for=\"poll-answer-172\">Si<\/label><\/li>\n\t\t<li><input type=\"radio\" id=\"poll-answer-173\" name=\"poll_78\" value=\"173\" \/> <label for=\"poll-answer-173\">No<\/label><\/li>\n\t\t<li><input type=\"radio\" id=\"poll-answer-174\" name=\"poll_78\" value=\"174\" \/> <label for=\"poll-answer-174\">No ho s\u00e9<\/label><\/li>\n\t\t<\/ul><p style=\"text-align: center\"><input type=\"button\" name=\"vote\" value=\"   Vota   \" class=\"Buttons\" onclick=\"poll_vote(78);\" \/><\/p><p style=\"text-align: center\"><a href=\"#ViewPollResults\" onclick=\"poll_result(78); return false;\" title=\"View Results Of This Poll\">Mira els resultats<\/a><\/p><\/div>\n\t<\/form>\n<\/div>\n<div id=\"polls-78-loading\" class=\"wp-polls-loading\"><img decoding=\"async\" data-src=\"https:\/\/conversesacatalunya.cat\/wp-content\/plugins\/wp-polls\/images\/loading.gif\" width=\"16\" height=\"16\" alt=\"Cargando ...\" title=\"Cargando ...\" class=\"wp-polls-image lazyload\" src=\"data:image\/svg+xml;base64,PHN2ZyB3aWR0aD0iMSIgaGVpZ2h0PSIxIiB4bWxucz0iaHR0cDovL3d3dy53My5vcmcvMjAwMC9zdmciPjwvc3ZnPg==\" style=\"--smush-placeholder-width: 16px; --smush-placeholder-aspect-ratio: 16\/16;\" \/>&nbsp;Cargando ...<\/div>\n\n","protected":false},"excerpt":{"rendered":"<p>El inesperado discurso de casi 10 minutos de duraci\u00f3n sobre los 35 minutos que dur\u00f3 la entrevista de Francisco en la Delegaci\u00f3n espa\u00f1ola encabezada por el presidente S\u00e1nchez, es toda una advertencia a una serie de cuestiones relacionadas con la situaci\u00f3n interna espa\u00f1ola. El preludio del discurso reiteraba el sentido de la pol\u00edtica como servicio hasta el sacrificio personal, y lo hac\u00eda recordando a P\u00edo XI y Pablo VI, dos Papas que por poca cultura cat\u00f3lica que tenga S\u00e1nchez, seguro que est\u00e1n muy lejos de sus preferencias. El Papa cuestion\u00f3 de una manera indirecta, pero clara, la forma como se aborda la memoria hist\u00f3rica y tambi\u00e9n la \u00abfantas\u00eda tradicionalista\u00bb. Record\u00f3 que la pol\u00edtica es una forma muy alta de la caridad y del amor, que no es una cuesti\u00f3n de maniobras, sino de servicio. Tambi\u00e9n fue cr\u00edtico con la apropiaci\u00f3n de la patria, que no es propiedad de nadie, sino que es un legado del pasado. \u00abConstruir la patria donde no nos es permitido hacer borr\u00f3n, y si en una empresa est\u00e1 permitido, en la patria no porque es algo que hemos recibido. Y tampoco nos es permitido refugiarnos en lo que fue hace 50-100 a\u00f1os \u00ab. Tambi\u00e9n afirma que es \u00abmuy triste cuando las ideolog\u00edas se apoderan de la interpretaci\u00f3n de una naci\u00f3n, de un pa\u00eds y desfiguran la patria\u00bb. Hay que remarcar que entre el texto del discurso oficial que ha sido publicado en la web del Vaticano y la intervenci\u00f3n del Papa que ha sido editada y difundida por los mismos servicios vaticanos, hay sustanciales diferencias fruto de una mayor extensi\u00f3n debido a la improvisaci\u00f3n que sobre la marcha hizo Francisco. Por lo tanto, la visi\u00f3n completa se tiene m\u00e1s en el v\u00eddeo que en el texto. A pesar de las advertencias, S\u00e1nchez no ha dudado ni un momento en impulsar un estado de alarma, pol\u00e9mico por su duraci\u00f3n de casi medio a\u00f1o que no responde a ning\u00fan criterio t\u00e9cnico porque es imposible, dada la incertidumbre, prever c\u00f3mo ser\u00e1 la situaci\u00f3n a tan largo plazo. Una suspensi\u00f3n de garant\u00edas aunque sean parciales de tan larga duraci\u00f3n atenta contra el estado de derecho. El mundo jur\u00eddico y empresarial por razones muy diferentes ya se ha manifestado en contra. Hay que decir que en este largu\u00edsimo per\u00edodo, el mensaje que el gobierno env\u00eda al consumo interior, a las perspectivas econ\u00f3micas y la imagen internacional, es t\u00e9trica. Lo que dice es que no habr\u00e1 ninguna posibilidad de recuperaci\u00f3n para Navidad, ni del turismo para Semana Santa. El PP hace una contraoferta m\u00e1s razonable en el sentido de mantenerlo hasta antes de Navidad y elaborar mientras tanto la famosa legislaci\u00f3n espec\u00edfica, que permita aplicar restricciones sin acudir a instrumentos menos garantistas de los derechos como es la declaraci\u00f3n de estado de alarma. El di\u00e1logo por el momento y la negociaci\u00f3n para formar la unidad que se desprend\u00eda del mensaje papal brilla por su ausencia. El independentismo, como no pod\u00eda ser de otra manera, parece que est\u00e1 dividido en cuanto a su aceptaci\u00f3n o rechazo a la iniciativa de S\u00e1nchez. ERC y el PDeCAT votar\u00e1n que s\u00ed. Este \u00faltimo voto parece dif\u00edcil de explicar por una l\u00f3gica de su electorado porque la medida castiga a todo un sector comercial y tur\u00edstico que es votante de la antigua Convergencia. JxCat y la CUP lo har\u00e1n en sentido contrario. Esta \u00faltima organizaci\u00f3n convoc\u00f3 este pasado lunes concentraciones contra el estado de alarma que terminaron con incidentes con la polic\u00eda y contenedores quemados. A pesar de todas estas reacciones, la actitud de S\u00e1nchez, como es habitual, es la de cerrarse a negociar ning\u00fan cambio en su propuesta. No es este el \u00fanico punto de conflicto y de divisi\u00f3n que atiza la posici\u00f3n del gobierno. La ley Cela\u00e1 de educaci\u00f3n est\u00e1 en tramitaci\u00f3n en el Congreso, est\u00e1 generando una reacci\u00f3n negativa creciente en la escuela concertada que ya ha anunciado que convocar\u00e1 manifestaciones y no ser\u00e1n las primeras si bien las anteriores han tenido una repercusi\u00f3n relativa porque se han hecho a trav\u00e9s de la red. Han sido manifestaciones virtuales. La raz\u00f3n fundamental es que si la nueva ley sale adelante tal como est\u00e1 redactada, la escuela concertada tiene el riesgo de irse extinguiendo porque le recortar\u00edan progresivamente el n\u00famero de plazas, ya que no habr\u00eda la posibilidad de lo que se conoce como \u00abdemanda social\u00bb, es decir otorgar plazas en funci\u00f3n de lo que piden los padres, sino que la prioridad ser\u00eda para la escuela p\u00fablica. La plataforma concertados, que integra a las organizaciones de este tipo de escuela y los sindicatos con FSIE y USO y las organizaciones de padres de la CONCAPA y COFAPA, es quien organiza toda la movilizaci\u00f3n. Tambi\u00e9n el gobierno acelera la tramitaci\u00f3n de otra ley bien conflictiva como es la de la eutanasia, que evidentemente despierta una clara oposici\u00f3n en la Iglesia. De todo ello, m\u00e1s los comentarios filtrados por la Santa Sede se llega a la conclusi\u00f3n de que la idea de S\u00e1nchez de explotar su visita al Vaticano presentando al Papa como una especie de aliado suyo, de la mano de su \u00faltima enc\u00edclica, Frattelli Tutti , ha salido tan mal como expresa la fotograf\u00eda de Francisco y S\u00e1nchez y su esposa, en la que el Papa mantiene una actitud seria como la del encuentro con Trump, i contrasta con la imagen sonriente de la reuni\u00f3n con Felipe VI. Una de las consecuencias de la entrevista es que parece que en lugar de favorecer una posible visita del papa a la Cueva de Manresa, m\u00e1s bien la ha dejado en suspenso, porque en la Santa Sede no hay confianza en las actitudes y instrumentalizaciones de S\u00e1nchez.<\/p>\n","protected":false},"author":2,"featured_media":41671,"comment_status":"open","ping_status":"open","sticky":false,"template":"","format":"standard","meta":{"_FSMCFIC_featured_image_caption":"","_FSMCFIC_featured_image_nocaption":"","_FSMCFIC_featured_image_hide":"","footnotes":""},"categories":[806],"tags":[1807,1157],"class_list":["post-41685","post","type-post","status-publish","format-standard","has-post-thumbnail","hentry","category-punts-claus-del-dia-es","tag-papa-francisco","tag-pedro-sanchez-es"],"yoast_head":"<!-- This site is optimized with the Yoast SEO plugin v26.8 - https:\/\/yoast.com\/product\/yoast-seo-wordpress\/ -->\n<title>La visita de S\u00e1nchez al Papa, una operaci\u00f3n frustrada - Converses a Catalunya<\/title>\n<meta name=\"robots\" content=\"index, follow, max-snippet:-1, max-image-preview:large, max-video-preview:-1\" \/>\n<link rel=\"canonical\" href=\"https:\/\/conversesacatalunya.cat\/es\/la-visita-de-sanchez-al-papa-una-operacion-frustrada\/\" \/>\n<meta property=\"og:locale\" content=\"es_ES\" \/>\n<meta property=\"og:type\" content=\"article\" \/>\n<meta property=\"og:title\" content=\"La visita de S\u00e1nchez al Papa, una operaci\u00f3n frustrada - Converses a Catalunya\" \/>\n<meta property=\"og:description\" content=\"El inesperado discurso de casi 10 minutos de duraci\u00f3n sobre los 35 minutos que dur\u00f3 la entrevista de Francisco en la Delegaci\u00f3n espa\u00f1ola encabezada por el presidente S\u00e1nchez, es toda una advertencia a una serie de cuestiones relacionadas con la situaci\u00f3n interna espa\u00f1ola. El preludio del discurso reiteraba el sentido de la pol\u00edtica como servicio hasta el sacrificio personal, y lo hac\u00eda recordando a P\u00edo XI y Pablo VI, dos Papas que por poca cultura cat\u00f3lica que tenga S\u00e1nchez, seguro que est\u00e1n muy lejos de sus preferencias. El Papa cuestion\u00f3 de una manera indirecta, pero clara, la forma como se aborda la memoria hist\u00f3rica y tambi\u00e9n la \u00abfantas\u00eda tradicionalista\u00bb. Record\u00f3 que la pol\u00edtica es una forma muy alta de la caridad y del amor, que no es una cuesti\u00f3n de maniobras, sino de servicio. Tambi\u00e9n fue cr\u00edtico con la apropiaci\u00f3n de la patria, que no es propiedad de nadie, sino que es un legado del pasado. \u00abConstruir la patria donde no nos es permitido hacer borr\u00f3n, y si en una empresa est\u00e1 permitido, en la patria no porque es algo que hemos recibido. Y tampoco nos es permitido refugiarnos en lo que fue hace 50-100 a\u00f1os \u00ab. Tambi\u00e9n afirma que es \u00abmuy triste cuando las ideolog\u00edas se apoderan de la interpretaci\u00f3n de una naci\u00f3n, de un pa\u00eds y desfiguran la patria\u00bb. Hay que remarcar que entre el texto del discurso oficial que ha sido publicado en la web del Vaticano y la intervenci\u00f3n del Papa que ha sido editada y difundida por los mismos servicios vaticanos, hay sustanciales diferencias fruto de una mayor extensi\u00f3n debido a la improvisaci\u00f3n que sobre la marcha hizo Francisco. Por lo tanto, la visi\u00f3n completa se tiene m\u00e1s en el v\u00eddeo que en el texto. A pesar de las advertencias, S\u00e1nchez no ha dudado ni un momento en impulsar un estado de alarma, pol\u00e9mico por su duraci\u00f3n de casi medio a\u00f1o que no responde a ning\u00fan criterio t\u00e9cnico porque es imposible, dada la incertidumbre, prever c\u00f3mo ser\u00e1 la situaci\u00f3n a tan largo plazo. Una suspensi\u00f3n de garant\u00edas aunque sean parciales de tan larga duraci\u00f3n atenta contra el estado de derecho. El mundo jur\u00eddico y empresarial por razones muy diferentes ya se ha manifestado en contra. Hay que decir que en este largu\u00edsimo per\u00edodo, el mensaje que el gobierno env\u00eda al consumo interior, a las perspectivas econ\u00f3micas y la imagen internacional, es t\u00e9trica. Lo que dice es que no habr\u00e1 ninguna posibilidad de recuperaci\u00f3n para Navidad, ni del turismo para Semana Santa. El PP hace una contraoferta m\u00e1s razonable en el sentido de mantenerlo hasta antes de Navidad y elaborar mientras tanto la famosa legislaci\u00f3n espec\u00edfica, que permita aplicar restricciones sin acudir a instrumentos menos garantistas de los derechos como es la declaraci\u00f3n de estado de alarma. El di\u00e1logo por el momento y la negociaci\u00f3n para formar la unidad que se desprend\u00eda del mensaje papal brilla por su ausencia. El independentismo, como no pod\u00eda ser de otra manera, parece que est\u00e1 dividido en cuanto a su aceptaci\u00f3n o rechazo a la iniciativa de S\u00e1nchez. ERC y el PDeCAT votar\u00e1n que s\u00ed. Este \u00faltimo voto parece dif\u00edcil de explicar por una l\u00f3gica de su electorado porque la medida castiga a todo un sector comercial y tur\u00edstico que es votante de la antigua Convergencia. JxCat y la CUP lo har\u00e1n en sentido contrario. Esta \u00faltima organizaci\u00f3n convoc\u00f3 este pasado lunes concentraciones contra el estado de alarma que terminaron con incidentes con la polic\u00eda y contenedores quemados. A pesar de todas estas reacciones, la actitud de S\u00e1nchez, como es habitual, es la de cerrarse a negociar ning\u00fan cambio en su propuesta. No es este el \u00fanico punto de conflicto y de divisi\u00f3n que atiza la posici\u00f3n del gobierno. La ley Cela\u00e1 de educaci\u00f3n est\u00e1 en tramitaci\u00f3n en el Congreso, est\u00e1 generando una reacci\u00f3n negativa creciente en la escuela concertada que ya ha anunciado que convocar\u00e1 manifestaciones y no ser\u00e1n las primeras si bien las anteriores han tenido una repercusi\u00f3n relativa porque se han hecho a trav\u00e9s de la red. Han sido manifestaciones virtuales. La raz\u00f3n fundamental es que si la nueva ley sale adelante tal como est\u00e1 redactada, la escuela concertada tiene el riesgo de irse extinguiendo porque le recortar\u00edan progresivamente el n\u00famero de plazas, ya que no habr\u00eda la posibilidad de lo que se conoce como \u00abdemanda social\u00bb, es decir otorgar plazas en funci\u00f3n de lo que piden los padres, sino que la prioridad ser\u00eda para la escuela p\u00fablica. La plataforma concertados, que integra a las organizaciones de este tipo de escuela y los sindicatos con FSIE y USO y las organizaciones de padres de la CONCAPA y COFAPA, es quien organiza toda la movilizaci\u00f3n. Tambi\u00e9n el gobierno acelera la tramitaci\u00f3n de otra ley bien conflictiva como es la de la eutanasia, que evidentemente despierta una clara oposici\u00f3n en la Iglesia. De todo ello, m\u00e1s los comentarios filtrados por la Santa Sede se llega a la conclusi\u00f3n de que la idea de S\u00e1nchez de explotar su visita al Vaticano presentando al Papa como una especie de aliado suyo, de la mano de su \u00faltima enc\u00edclica, Frattelli Tutti , ha salido tan mal como expresa la fotograf\u00eda de Francisco y S\u00e1nchez y su esposa, en la que el Papa mantiene una actitud seria como la del encuentro con Trump, i contrasta con la imagen sonriente de la reuni\u00f3n con Felipe VI. Una de las consecuencias de la entrevista es que parece que en lugar de favorecer una posible visita del papa a la Cueva de Manresa, m\u00e1s bien la ha dejado en suspenso, porque en la Santa Sede no hay confianza en las actitudes y instrumentalizaciones de S\u00e1nchez.\" \/>\n<meta property=\"og:url\" content=\"https:\/\/conversesacatalunya.cat\/es\/la-visita-de-sanchez-al-papa-una-operacion-frustrada\/\" \/>\n<meta property=\"og:site_name\" content=\"Converses a Catalunya\" \/>\n<meta property=\"article:published_time\" content=\"2020-10-27T13:41:25+00:00\" \/>\n<meta property=\"article:modified_time\" content=\"2020-10-27T16:10:42+00:00\" \/>\n<meta property=\"og:image\" content=\"https:\/\/conversesacatalunya.cat\/wp-content\/uploads\/2020\/10\/pasted-image-0.png\" \/>\n\t<meta property=\"og:image:width\" content=\"1512\" \/>\n\t<meta property=\"og:image:height\" content=\"567\" \/>\n\t<meta property=\"og:image:type\" content=\"image\/png\" \/>\n<meta name=\"author\" content=\"conversesacatalunya\" \/>\n<meta name=\"twitter:card\" content=\"summary_large_image\" \/>\n<meta name=\"twitter:label1\" content=\"Escrito por\" \/>\n\t<meta name=\"twitter:data1\" content=\"conversesacatalunya\" \/>\n\t<meta name=\"twitter:label2\" content=\"Tiempo de lectura\" \/>\n\t<meta name=\"twitter:data2\" content=\"5 minutos\" \/>\n<script type=\"application\/ld+json\" class=\"yoast-schema-graph\">{\"@context\":\"https:\/\/schema.org\",\"@graph\":[{\"@type\":\"Article\",\"@id\":\"https:\/\/conversesacatalunya.cat\/es\/la-visita-de-sanchez-al-papa-una-operacion-frustrada\/#article\",\"isPartOf\":{\"@id\":\"https:\/\/conversesacatalunya.cat\/es\/la-visita-de-sanchez-al-papa-una-operacion-frustrada\/\"},\"author\":{\"name\":\"conversesacatalunya\",\"@id\":\"https:\/\/conversesacatalunya.cat\/#\/schema\/person\/7e24d1e54a2785373ddcb275eae5ed99\"},\"headline\":\"La visita de S\u00e1nchez al Papa, una operaci\u00f3n frustrada\",\"datePublished\":\"2020-10-27T13:41:25+00:00\",\"dateModified\":\"2020-10-27T16:10:42+00:00\",\"mainEntityOfPage\":{\"@id\":\"https:\/\/conversesacatalunya.cat\/es\/la-visita-de-sanchez-al-papa-una-operacion-frustrada\/\"},\"wordCount\":1046,\"commentCount\":0,\"image\":{\"@id\":\"https:\/\/conversesacatalunya.cat\/es\/la-visita-de-sanchez-al-papa-una-operacion-frustrada\/#primaryimage\"},\"thumbnailUrl\":\"https:\/\/conversesacatalunya.cat\/wp-content\/uploads\/2020\/10\/pasted-image-0.png\",\"keywords\":[\"Papa Francisco\",\"Pedro S\u00e1nchez\"],\"articleSection\":[\"Punts clau del dia (ES)\"],\"inLanguage\":\"es\",\"potentialAction\":[{\"@type\":\"CommentAction\",\"name\":\"Comment\",\"target\":[\"https:\/\/conversesacatalunya.cat\/es\/la-visita-de-sanchez-al-papa-una-operacion-frustrada\/#respond\"]}]},{\"@type\":\"WebPage\",\"@id\":\"https:\/\/conversesacatalunya.cat\/es\/la-visita-de-sanchez-al-papa-una-operacion-frustrada\/\",\"url\":\"https:\/\/conversesacatalunya.cat\/es\/la-visita-de-sanchez-al-papa-una-operacion-frustrada\/\",\"name\":\"La visita de S\u00e1nchez al Papa, una operaci\u00f3n frustrada - Converses a Catalunya\",\"isPartOf\":{\"@id\":\"https:\/\/conversesacatalunya.cat\/#website\"},\"primaryImageOfPage\":{\"@id\":\"https:\/\/conversesacatalunya.cat\/es\/la-visita-de-sanchez-al-papa-una-operacion-frustrada\/#primaryimage\"},\"image\":{\"@id\":\"https:\/\/conversesacatalunya.cat\/es\/la-visita-de-sanchez-al-papa-una-operacion-frustrada\/#primaryimage\"},\"thumbnailUrl\":\"https:\/\/conversesacatalunya.cat\/wp-content\/uploads\/2020\/10\/pasted-image-0.png\",\"datePublished\":\"2020-10-27T13:41:25+00:00\",\"dateModified\":\"2020-10-27T16:10:42+00:00\",\"author\":{\"@id\":\"https:\/\/conversesacatalunya.cat\/#\/schema\/person\/7e24d1e54a2785373ddcb275eae5ed99\"},\"breadcrumb\":{\"@id\":\"https:\/\/conversesacatalunya.cat\/es\/la-visita-de-sanchez-al-papa-una-operacion-frustrada\/#breadcrumb\"},\"inLanguage\":\"es\",\"potentialAction\":[{\"@type\":\"ReadAction\",\"target\":[\"https:\/\/conversesacatalunya.cat\/es\/la-visita-de-sanchez-al-papa-una-operacion-frustrada\/\"]}]},{\"@type\":\"ImageObject\",\"inLanguage\":\"es\",\"@id\":\"https:\/\/conversesacatalunya.cat\/es\/la-visita-de-sanchez-al-papa-una-operacion-frustrada\/#primaryimage\",\"url\":\"https:\/\/conversesacatalunya.cat\/wp-content\/uploads\/2020\/10\/pasted-image-0.png\",\"contentUrl\":\"https:\/\/conversesacatalunya.cat\/wp-content\/uploads\/2020\/10\/pasted-image-0.png\",\"width\":1512,\"height\":567,\"caption\":\"S\u00e1nchez Papa\"},{\"@type\":\"BreadcrumbList\",\"@id\":\"https:\/\/conversesacatalunya.cat\/es\/la-visita-de-sanchez-al-papa-una-operacion-frustrada\/#breadcrumb\",\"itemListElement\":[{\"@type\":\"ListItem\",\"position\":1,\"name\":\"Inici\",\"item\":\"https:\/\/conversesacatalunya.cat\/es\/\"},{\"@type\":\"ListItem\",\"position\":2,\"name\":\"La visita de S\u00e1nchez al Papa, una operaci\u00f3n frustrada\"}]},{\"@type\":\"WebSite\",\"@id\":\"https:\/\/conversesacatalunya.cat\/#website\",\"url\":\"https:\/\/conversesacatalunya.cat\/\",\"name\":\"Converses a Catalunya\",\"description\":\"\",\"potentialAction\":[{\"@type\":\"SearchAction\",\"target\":{\"@type\":\"EntryPoint\",\"urlTemplate\":\"https:\/\/conversesacatalunya.cat\/?s={search_term_string}\"},\"query-input\":{\"@type\":\"PropertyValueSpecification\",\"valueRequired\":true,\"valueName\":\"search_term_string\"}}],\"inLanguage\":\"es\"},{\"@type\":\"Person\",\"@id\":\"https:\/\/conversesacatalunya.cat\/#\/schema\/person\/7e24d1e54a2785373ddcb275eae5ed99\",\"name\":\"conversesacatalunya\",\"image\":{\"@type\":\"ImageObject\",\"inLanguage\":\"es\",\"@id\":\"https:\/\/conversesacatalunya.cat\/#\/schema\/person\/image\/\",\"url\":\"https:\/\/conversesacatalunya.cat\/wp-content\/litespeed\/avatar\/febdfeeec89d950f01c748045a981dd2.jpg?ver=1777314535\",\"contentUrl\":\"https:\/\/conversesacatalunya.cat\/wp-content\/litespeed\/avatar\/febdfeeec89d950f01c748045a981dd2.jpg?ver=1777314535\",\"caption\":\"conversesacatalunya\"},\"url\":\"https:\/\/conversesacatalunya.cat\/es\/author\/carme_catala\/\"}]}<\/script>\n<!-- \/ Yoast SEO plugin. -->","yoast_head_json":{"title":"La visita de S\u00e1nchez al Papa, una operaci\u00f3n frustrada - Converses a Catalunya","robots":{"index":"index","follow":"follow","max-snippet":"max-snippet:-1","max-image-preview":"max-image-preview:large","max-video-preview":"max-video-preview:-1"},"canonical":"https:\/\/conversesacatalunya.cat\/es\/la-visita-de-sanchez-al-papa-una-operacion-frustrada\/","og_locale":"es_ES","og_type":"article","og_title":"La visita de S\u00e1nchez al Papa, una operaci\u00f3n frustrada - Converses a Catalunya","og_description":"El inesperado discurso de casi 10 minutos de duraci\u00f3n sobre los 35 minutos que dur\u00f3 la entrevista de Francisco en la Delegaci\u00f3n espa\u00f1ola encabezada por el presidente S\u00e1nchez, es toda una advertencia a una serie de cuestiones relacionadas con la situaci\u00f3n interna espa\u00f1ola. El preludio del discurso reiteraba el sentido de la pol\u00edtica como servicio hasta el sacrificio personal, y lo hac\u00eda recordando a P\u00edo XI y Pablo VI, dos Papas que por poca cultura cat\u00f3lica que tenga S\u00e1nchez, seguro que est\u00e1n muy lejos de sus preferencias. El Papa cuestion\u00f3 de una manera indirecta, pero clara, la forma como se aborda la memoria hist\u00f3rica y tambi\u00e9n la \u00abfantas\u00eda tradicionalista\u00bb. Record\u00f3 que la pol\u00edtica es una forma muy alta de la caridad y del amor, que no es una cuesti\u00f3n de maniobras, sino de servicio. Tambi\u00e9n fue cr\u00edtico con la apropiaci\u00f3n de la patria, que no es propiedad de nadie, sino que es un legado del pasado. \u00abConstruir la patria donde no nos es permitido hacer borr\u00f3n, y si en una empresa est\u00e1 permitido, en la patria no porque es algo que hemos recibido. Y tampoco nos es permitido refugiarnos en lo que fue hace 50-100 a\u00f1os \u00ab. Tambi\u00e9n afirma que es \u00abmuy triste cuando las ideolog\u00edas se apoderan de la interpretaci\u00f3n de una naci\u00f3n, de un pa\u00eds y desfiguran la patria\u00bb. Hay que remarcar que entre el texto del discurso oficial que ha sido publicado en la web del Vaticano y la intervenci\u00f3n del Papa que ha sido editada y difundida por los mismos servicios vaticanos, hay sustanciales diferencias fruto de una mayor extensi\u00f3n debido a la improvisaci\u00f3n que sobre la marcha hizo Francisco. Por lo tanto, la visi\u00f3n completa se tiene m\u00e1s en el v\u00eddeo que en el texto. A pesar de las advertencias, S\u00e1nchez no ha dudado ni un momento en impulsar un estado de alarma, pol\u00e9mico por su duraci\u00f3n de casi medio a\u00f1o que no responde a ning\u00fan criterio t\u00e9cnico porque es imposible, dada la incertidumbre, prever c\u00f3mo ser\u00e1 la situaci\u00f3n a tan largo plazo. Una suspensi\u00f3n de garant\u00edas aunque sean parciales de tan larga duraci\u00f3n atenta contra el estado de derecho. El mundo jur\u00eddico y empresarial por razones muy diferentes ya se ha manifestado en contra. Hay que decir que en este largu\u00edsimo per\u00edodo, el mensaje que el gobierno env\u00eda al consumo interior, a las perspectivas econ\u00f3micas y la imagen internacional, es t\u00e9trica. Lo que dice es que no habr\u00e1 ninguna posibilidad de recuperaci\u00f3n para Navidad, ni del turismo para Semana Santa. El PP hace una contraoferta m\u00e1s razonable en el sentido de mantenerlo hasta antes de Navidad y elaborar mientras tanto la famosa legislaci\u00f3n espec\u00edfica, que permita aplicar restricciones sin acudir a instrumentos menos garantistas de los derechos como es la declaraci\u00f3n de estado de alarma. El di\u00e1logo por el momento y la negociaci\u00f3n para formar la unidad que se desprend\u00eda del mensaje papal brilla por su ausencia. El independentismo, como no pod\u00eda ser de otra manera, parece que est\u00e1 dividido en cuanto a su aceptaci\u00f3n o rechazo a la iniciativa de S\u00e1nchez. ERC y el PDeCAT votar\u00e1n que s\u00ed. Este \u00faltimo voto parece dif\u00edcil de explicar por una l\u00f3gica de su electorado porque la medida castiga a todo un sector comercial y tur\u00edstico que es votante de la antigua Convergencia. JxCat y la CUP lo har\u00e1n en sentido contrario. Esta \u00faltima organizaci\u00f3n convoc\u00f3 este pasado lunes concentraciones contra el estado de alarma que terminaron con incidentes con la polic\u00eda y contenedores quemados. A pesar de todas estas reacciones, la actitud de S\u00e1nchez, como es habitual, es la de cerrarse a negociar ning\u00fan cambio en su propuesta. No es este el \u00fanico punto de conflicto y de divisi\u00f3n que atiza la posici\u00f3n del gobierno. La ley Cela\u00e1 de educaci\u00f3n est\u00e1 en tramitaci\u00f3n en el Congreso, est\u00e1 generando una reacci\u00f3n negativa creciente en la escuela concertada que ya ha anunciado que convocar\u00e1 manifestaciones y no ser\u00e1n las primeras si bien las anteriores han tenido una repercusi\u00f3n relativa porque se han hecho a trav\u00e9s de la red. Han sido manifestaciones virtuales. La raz\u00f3n fundamental es que si la nueva ley sale adelante tal como est\u00e1 redactada, la escuela concertada tiene el riesgo de irse extinguiendo porque le recortar\u00edan progresivamente el n\u00famero de plazas, ya que no habr\u00eda la posibilidad de lo que se conoce como \u00abdemanda social\u00bb, es decir otorgar plazas en funci\u00f3n de lo que piden los padres, sino que la prioridad ser\u00eda para la escuela p\u00fablica. La plataforma concertados, que integra a las organizaciones de este tipo de escuela y los sindicatos con FSIE y USO y las organizaciones de padres de la CONCAPA y COFAPA, es quien organiza toda la movilizaci\u00f3n. Tambi\u00e9n el gobierno acelera la tramitaci\u00f3n de otra ley bien conflictiva como es la de la eutanasia, que evidentemente despierta una clara oposici\u00f3n en la Iglesia. De todo ello, m\u00e1s los comentarios filtrados por la Santa Sede se llega a la conclusi\u00f3n de que la idea de S\u00e1nchez de explotar su visita al Vaticano presentando al Papa como una especie de aliado suyo, de la mano de su \u00faltima enc\u00edclica, Frattelli Tutti , ha salido tan mal como expresa la fotograf\u00eda de Francisco y S\u00e1nchez y su esposa, en la que el Papa mantiene una actitud seria como la del encuentro con Trump, i contrasta con la imagen sonriente de la reuni\u00f3n con Felipe VI. Una de las consecuencias de la entrevista es que parece que en lugar de favorecer una posible visita del papa a la Cueva de Manresa, m\u00e1s bien la ha dejado en suspenso, porque en la Santa Sede no hay confianza en las actitudes y instrumentalizaciones de S\u00e1nchez.","og_url":"https:\/\/conversesacatalunya.cat\/es\/la-visita-de-sanchez-al-papa-una-operacion-frustrada\/","og_site_name":"Converses a Catalunya","article_published_time":"2020-10-27T13:41:25+00:00","article_modified_time":"2020-10-27T16:10:42+00:00","og_image":[{"width":1512,"height":567,"url":"https:\/\/conversesacatalunya.cat\/wp-content\/uploads\/2020\/10\/pasted-image-0.png","type":"image\/png"}],"author":"conversesacatalunya","twitter_card":"summary_large_image","twitter_misc":{"Escrito por":"conversesacatalunya","Tiempo de lectura":"5 minutos"},"schema":{"@context":"https:\/\/schema.org","@graph":[{"@type":"Article","@id":"https:\/\/conversesacatalunya.cat\/es\/la-visita-de-sanchez-al-papa-una-operacion-frustrada\/#article","isPartOf":{"@id":"https:\/\/conversesacatalunya.cat\/es\/la-visita-de-sanchez-al-papa-una-operacion-frustrada\/"},"author":{"name":"conversesacatalunya","@id":"https:\/\/conversesacatalunya.cat\/#\/schema\/person\/7e24d1e54a2785373ddcb275eae5ed99"},"headline":"La visita de S\u00e1nchez al Papa, una operaci\u00f3n frustrada","datePublished":"2020-10-27T13:41:25+00:00","dateModified":"2020-10-27T16:10:42+00:00","mainEntityOfPage":{"@id":"https:\/\/conversesacatalunya.cat\/es\/la-visita-de-sanchez-al-papa-una-operacion-frustrada\/"},"wordCount":1046,"commentCount":0,"image":{"@id":"https:\/\/conversesacatalunya.cat\/es\/la-visita-de-sanchez-al-papa-una-operacion-frustrada\/#primaryimage"},"thumbnailUrl":"https:\/\/conversesacatalunya.cat\/wp-content\/uploads\/2020\/10\/pasted-image-0.png","keywords":["Papa Francisco","Pedro S\u00e1nchez"],"articleSection":["Punts clau del dia (ES)"],"inLanguage":"es","potentialAction":[{"@type":"CommentAction","name":"Comment","target":["https:\/\/conversesacatalunya.cat\/es\/la-visita-de-sanchez-al-papa-una-operacion-frustrada\/#respond"]}]},{"@type":"WebPage","@id":"https:\/\/conversesacatalunya.cat\/es\/la-visita-de-sanchez-al-papa-una-operacion-frustrada\/","url":"https:\/\/conversesacatalunya.cat\/es\/la-visita-de-sanchez-al-papa-una-operacion-frustrada\/","name":"La visita de S\u00e1nchez al Papa, una operaci\u00f3n frustrada - Converses a Catalunya","isPartOf":{"@id":"https:\/\/conversesacatalunya.cat\/#website"},"primaryImageOfPage":{"@id":"https:\/\/conversesacatalunya.cat\/es\/la-visita-de-sanchez-al-papa-una-operacion-frustrada\/#primaryimage"},"image":{"@id":"https:\/\/conversesacatalunya.cat\/es\/la-visita-de-sanchez-al-papa-una-operacion-frustrada\/#primaryimage"},"thumbnailUrl":"https:\/\/conversesacatalunya.cat\/wp-content\/uploads\/2020\/10\/pasted-image-0.png","datePublished":"2020-10-27T13:41:25+00:00","dateModified":"2020-10-27T16:10:42+00:00","author":{"@id":"https:\/\/conversesacatalunya.cat\/#\/schema\/person\/7e24d1e54a2785373ddcb275eae5ed99"},"breadcrumb":{"@id":"https:\/\/conversesacatalunya.cat\/es\/la-visita-de-sanchez-al-papa-una-operacion-frustrada\/#breadcrumb"},"inLanguage":"es","potentialAction":[{"@type":"ReadAction","target":["https:\/\/conversesacatalunya.cat\/es\/la-visita-de-sanchez-al-papa-una-operacion-frustrada\/"]}]},{"@type":"ImageObject","inLanguage":"es","@id":"https:\/\/conversesacatalunya.cat\/es\/la-visita-de-sanchez-al-papa-una-operacion-frustrada\/#primaryimage","url":"https:\/\/conversesacatalunya.cat\/wp-content\/uploads\/2020\/10\/pasted-image-0.png","contentUrl":"https:\/\/conversesacatalunya.cat\/wp-content\/uploads\/2020\/10\/pasted-image-0.png","width":1512,"height":567,"caption":"S\u00e1nchez Papa"},{"@type":"BreadcrumbList","@id":"https:\/\/conversesacatalunya.cat\/es\/la-visita-de-sanchez-al-papa-una-operacion-frustrada\/#breadcrumb","itemListElement":[{"@type":"ListItem","position":1,"name":"Inici","item":"https:\/\/conversesacatalunya.cat\/es\/"},{"@type":"ListItem","position":2,"name":"La visita de S\u00e1nchez al Papa, una operaci\u00f3n frustrada"}]},{"@type":"WebSite","@id":"https:\/\/conversesacatalunya.cat\/#website","url":"https:\/\/conversesacatalunya.cat\/","name":"Converses a Catalunya","description":"","potentialAction":[{"@type":"SearchAction","target":{"@type":"EntryPoint","urlTemplate":"https:\/\/conversesacatalunya.cat\/?s={search_term_string}"},"query-input":{"@type":"PropertyValueSpecification","valueRequired":true,"valueName":"search_term_string"}}],"inLanguage":"es"},{"@type":"Person","@id":"https:\/\/conversesacatalunya.cat\/#\/schema\/person\/7e24d1e54a2785373ddcb275eae5ed99","name":"conversesacatalunya","image":{"@type":"ImageObject","inLanguage":"es","@id":"https:\/\/conversesacatalunya.cat\/#\/schema\/person\/image\/","url":"https:\/\/conversesacatalunya.cat\/wp-content\/litespeed\/avatar\/febdfeeec89d950f01c748045a981dd2.jpg?ver=1777314535","contentUrl":"https:\/\/conversesacatalunya.cat\/wp-content\/litespeed\/avatar\/febdfeeec89d950f01c748045a981dd2.jpg?ver=1777314535","caption":"conversesacatalunya"},"url":"https:\/\/conversesacatalunya.cat\/es\/author\/carme_catala\/"}]}},"wps_subtitle":"","_links":{"self":[{"href":"https:\/\/conversesacatalunya.cat\/es\/wp-json\/wp\/v2\/posts\/41685","targetHints":{"allow":["GET"]}}],"collection":[{"href":"https:\/\/conversesacatalunya.cat\/es\/wp-json\/wp\/v2\/posts"}],"about":[{"href":"https:\/\/conversesacatalunya.cat\/es\/wp-json\/wp\/v2\/types\/post"}],"author":[{"embeddable":true,"href":"https:\/\/conversesacatalunya.cat\/es\/wp-json\/wp\/v2\/users\/2"}],"replies":[{"embeddable":true,"href":"https:\/\/conversesacatalunya.cat\/es\/wp-json\/wp\/v2\/comments?post=41685"}],"version-history":[{"count":2,"href":"https:\/\/conversesacatalunya.cat\/es\/wp-json\/wp\/v2\/posts\/41685\/revisions"}],"predecessor-version":[{"id":41687,"href":"https:\/\/conversesacatalunya.cat\/es\/wp-json\/wp\/v2\/posts\/41685\/revisions\/41687"}],"wp:featuredmedia":[{"embeddable":true,"href":"https:\/\/conversesacatalunya.cat\/es\/wp-json\/wp\/v2\/media\/41671"}],"wp:attachment":[{"href":"https:\/\/conversesacatalunya.cat\/es\/wp-json\/wp\/v2\/media?parent=41685"}],"wp:term":[{"taxonomy":"category","embeddable":true,"href":"https:\/\/conversesacatalunya.cat\/es\/wp-json\/wp\/v2\/categories?post=41685"},{"taxonomy":"post_tag","embeddable":true,"href":"https:\/\/conversesacatalunya.cat\/es\/wp-json\/wp\/v2\/tags?post=41685"}],"curies":[{"name":"wp","href":"https:\/\/api.w.org\/{rel}","templated":true}]}}