{"id":41681,"date":"2020-10-27T14:53:42","date_gmt":"2020-10-27T13:53:42","guid":{"rendered":"https:\/\/conversesacatalunya.cat\/lultima-enquesta-del-ceo-demostra-que-la-ciutadania-esta-fins-als-nassos\/"},"modified":"2020-10-28T08:41:21","modified_gmt":"2020-10-28T07:41:21","slug":"las-cifras-son-claras-y-contundentes-y-por-lo-tanto-la-radiografia-es-facil-segun-los-datos-de-la-ultima-encuesta-del-ceo-el-75-de-la-poblacion-considera-que-la-situacion-economica-es-mala-o-muy-m","status":"publish","type":"post","link":"https:\/\/conversesacatalunya.cat\/es\/las-cifras-son-claras-y-contundentes-y-por-lo-tanto-la-radiografia-es-facil-segun-los-datos-de-la-ultima-encuesta-del-ceo-el-75-de-la-poblacion-considera-que-la-situacion-economica-es-mala-o-muy-m\/","title":{"rendered":"La \u00faltima encuesta del CEO demuestra que la ciudadan\u00eda est\u00e1 hasta las narices"},"content":{"rendered":"<p>Las cifras son claras y contundentes. Y por lo tanto, la radiograf\u00eda es f\u00e1cil seg\u00fan los datos de la \u00faltima encuesta del CEO.<\/p>\n<p>El 75% de la poblaci\u00f3n considera que la situaci\u00f3n econ\u00f3mica es mala o muy mala. En julio el porcentaje era del 63%. Un aumento contundente, que a\u00fan presenta un nivel mayor si se pregunta por la situaci\u00f3n espa\u00f1ola en la que el 87% le otorga ese mismo calificativo; es decir, <strong>pr\u00e1cticamente todo el mundo<\/strong>.<\/p>\n<p>Como casi todos califican tambi\u00e9n de <strong>mala o muy mala la situaci\u00f3n pol\u00edtica<\/strong>, nada m\u00e1s y nada menos que el 81% de los encuestados, la misma proporci\u00f3n que los que se declaran insatisfechos con la democracia. Y aqu\u00ed deber\u00edan dispararse todas las luces rojas porque quiere decir que tirios y troyanos consideran que <strong>la situaci\u00f3n pol\u00edtica es de derribo<\/strong>. Entonces no puede extra\u00f1ar el suspenso rotundo a la clase pol\u00edtica. Un 3,8 en Catalu\u00f1a, y un 2,7 para la clase estatal. El gobierno catal\u00e1n sigue instalado en el suspenso y cada vez peor. Ahora alcanza un 3,9 y pierde una d\u00e9cima en relaci\u00f3n con la anterior encuesta, mientras que el gobierno de S\u00e1nchez e Iglesias se sit\u00faa en una valoraci\u00f3n de 3,5 sobre 10, perdiendo 3 d\u00e9cimas. Los pol\u00edticos son con diferencia el grupo social peor valorado, un 3,5 y es una caracter\u00edstica que aumenta la sensaci\u00f3n de agrietamiento del sistema pol\u00edtico porque se a\u00f1ade a todas las anteriores, y atenci\u00f3n proque la administraci\u00f3n p\u00fablica suspende con un 3, 9 excepto la Polic\u00eda Nacional, Mossos, Guardia Civil que obtienen notas altas. La poblaci\u00f3n empieza a rechazar la <strong>ineficacia de la administraci\u00f3n<\/strong>.<\/p>\n<h5><strong>Si estos resultados no cambian, es evidente que m\u00e1s tarde o temprano se producir\u00e1n profundas transformaciones pol\u00edticas porque lo que muestra la encuesta es un movimiento de las placas tect\u00f3nicas bajo el suelo de las instituciones. <\/strong><\/h5>\n<p>En esta perspectiva, las elecciones del 14 de febrero pueden conllevar una <strong>gran abstenci\u00f3n<\/strong>, pero ya no s\u00f3lo por el lado de los desencantados no independentistas, sino los tambi\u00e9n ahora desencantados partidarios de la independencia. De momento las estimaciones, siempre muy dif\u00edciles, sobre la participaci\u00f3n se\u00f1alar\u00edan que est\u00e1 en el 64%, una cifra todav\u00eda potable, si bien menor que en los comicios precedentes. Pero hay que tener cuidado que la tendencia es a reducirse si la participaci\u00f3n disminuyera por debajo del 60%, la descalificaci\u00f3n de la pol\u00edtica catalana de blancos, negros y rubios ser\u00eda total.<\/p>\n<div id=\"polls-78\" class=\"wp-polls\">\n\t<form id=\"polls_form_78\" class=\"wp-polls-form\" action=\"\/index.php\" method=\"post\">\n\t\t<p style=\"display: none;\"><input type=\"hidden\" id=\"poll_78_nonce\" name=\"wp-polls-nonce\" value=\"fdedcb891b\" \/><\/p>\n\t\t<p style=\"display: none;\"><input type=\"hidden\" name=\"poll_id\" value=\"78\" \/><\/p>\n\t\t<p style=\"text-align: center\"><strong>Creus que la visita del president S\u00e1nchez al Papa Francesc li ha estat pol\u00edticament rendible despr\u00e9s del petit discurs del Papa als assistents a l'acte?<\/strong><\/p><div id=\"polls-78-ans\" class=\"wp-polls-ans\"><ul class=\"wp-polls-ul\">\n\t\t<li><input type=\"radio\" id=\"poll-answer-172\" name=\"poll_78\" value=\"172\" \/> <label for=\"poll-answer-172\">Si<\/label><\/li>\n\t\t<li><input type=\"radio\" id=\"poll-answer-173\" name=\"poll_78\" value=\"173\" \/> <label for=\"poll-answer-173\">No<\/label><\/li>\n\t\t<li><input type=\"radio\" id=\"poll-answer-174\" name=\"poll_78\" value=\"174\" \/> <label for=\"poll-answer-174\">No ho s\u00e9<\/label><\/li>\n\t\t<\/ul><p style=\"text-align: center\"><input type=\"button\" name=\"vote\" value=\"   Vota   \" class=\"Buttons\" onclick=\"poll_vote(78);\" \/><\/p><p style=\"text-align: center\"><a href=\"#ViewPollResults\" onclick=\"poll_result(78); return false;\" title=\"View Results Of This Poll\">Mira els resultats<\/a><\/p><\/div>\n\t<\/form>\n<\/div>\n<div id=\"polls-78-loading\" class=\"wp-polls-loading\"><img decoding=\"async\" data-src=\"https:\/\/conversesacatalunya.cat\/wp-content\/plugins\/wp-polls\/images\/loading.gif\" width=\"16\" height=\"16\" alt=\"Cargando ...\" title=\"Cargando ...\" class=\"wp-polls-image lazyload\" src=\"data:image\/svg+xml;base64,PHN2ZyB3aWR0aD0iMSIgaGVpZ2h0PSIxIiB4bWxucz0iaHR0cDovL3d3dy53My5vcmcvMjAwMC9zdmciPjwvc3ZnPg==\" style=\"--smush-placeholder-width: 16px; --smush-placeholder-aspect-ratio: 16\/16;\" \/>&nbsp;Cargando ...<\/div>\n\n","protected":false},"excerpt":{"rendered":"<p>Las cifras son claras y contundentes. Y por lo tanto, la radiograf\u00eda es f\u00e1cil seg\u00fan los datos de la \u00faltima encuesta del CEO. El 75% de la poblaci\u00f3n considera que la situaci\u00f3n econ\u00f3mica es mala o muy mala. En julio el porcentaje era del 63%. Un aumento contundente, que a\u00fan presenta un nivel mayor si se pregunta por la situaci\u00f3n espa\u00f1ola en la que el 87% le otorga ese mismo calificativo; es decir, pr\u00e1cticamente todo el mundo. Como casi todos califican tambi\u00e9n de mala o muy mala la situaci\u00f3n pol\u00edtica, nada m\u00e1s y nada menos que el 81% de los encuestados, la misma proporci\u00f3n que los que se declaran insatisfechos con la democracia. Y aqu\u00ed deber\u00edan dispararse todas las luces rojas porque quiere decir que tirios y troyanos consideran que la situaci\u00f3n pol\u00edtica es de derribo. Entonces no puede extra\u00f1ar el suspenso rotundo a la clase pol\u00edtica. Un 3,8 en Catalu\u00f1a, y un 2,7 para la clase estatal. El gobierno catal\u00e1n sigue instalado en el suspenso y cada vez peor. Ahora alcanza un 3,9 y pierde una d\u00e9cima en relaci\u00f3n con la anterior encuesta, mientras que el gobierno de S\u00e1nchez e Iglesias se sit\u00faa en una valoraci\u00f3n de 3,5 sobre 10, perdiendo 3 d\u00e9cimas. Los pol\u00edticos son con diferencia el grupo social peor valorado, un 3,5 y es una caracter\u00edstica que aumenta la sensaci\u00f3n de agrietamiento del sistema pol\u00edtico porque se a\u00f1ade a todas las anteriores, y atenci\u00f3n proque la administraci\u00f3n p\u00fablica suspende con un 3, 9 excepto la Polic\u00eda Nacional, Mossos, Guardia Civil que obtienen notas altas. La poblaci\u00f3n empieza a rechazar la ineficacia de la administraci\u00f3n. Si estos resultados no cambian, es evidente que m\u00e1s tarde o temprano se producir\u00e1n profundas transformaciones pol\u00edticas porque lo que muestra la encuesta es un movimiento de las placas tect\u00f3nicas bajo el suelo de las instituciones. En esta perspectiva, las elecciones del 14 de febrero pueden conllevar una gran abstenci\u00f3n, pero ya no s\u00f3lo por el lado de los desencantados no independentistas, sino los tambi\u00e9n ahora desencantados partidarios de la independencia. De momento las estimaciones, siempre muy dif\u00edciles, sobre la participaci\u00f3n se\u00f1alar\u00edan que est\u00e1 en el 64%, una cifra todav\u00eda potable, si bien menor que en los comicios precedentes. Pero hay que tener cuidado que la tendencia es a reducirse si la participaci\u00f3n disminuyera por debajo del 60%, la descalificaci\u00f3n de la pol\u00edtica catalana de blancos, negros y rubios ser\u00eda total.<\/p>\n","protected":false},"author":2,"featured_media":41675,"comment_status":"open","ping_status":"open","sticky":false,"template":"","format":"standard","meta":{"_FSMCFIC_featured_image_caption":"","_FSMCFIC_featured_image_nocaption":"","_FSMCFIC_featured_image_hide":"","footnotes":""},"categories":[806],"tags":[1524,1063],"class_list":["post-41681","post","type-post","status-publish","format-standard","has-post-thumbnail","hentry","category-punts-claus-del-dia-es","tag-eleccions-anticipades-es","tag-enquestes-es"],"yoast_head":"<!-- This site is optimized with the Yoast SEO plugin v26.8 - https:\/\/yoast.com\/product\/yoast-seo-wordpress\/ -->\n<title>La \u00faltima encuesta del CEO demuestra que la ciudadan\u00eda est\u00e1 hasta las narices - Converses a Catalunya<\/title>\n<meta name=\"robots\" content=\"index, follow, max-snippet:-1, max-image-preview:large, max-video-preview:-1\" \/>\n<link rel=\"canonical\" href=\"https:\/\/conversesacatalunya.cat\/es\/las-cifras-son-claras-y-contundentes-y-por-lo-tanto-la-radiografia-es-facil-segun-los-datos-de-la-ultima-encuesta-del-ceo-el-75-de-la-poblacion-considera-que-la-situacion-economica-es-mala-o-muy-m\/\" \/>\n<meta property=\"og:locale\" content=\"es_ES\" \/>\n<meta property=\"og:type\" content=\"article\" \/>\n<meta property=\"og:title\" content=\"La \u00faltima encuesta del CEO demuestra que la ciudadan\u00eda est\u00e1 hasta las narices - Converses a Catalunya\" \/>\n<meta property=\"og:description\" content=\"Las cifras son claras y contundentes. Y por lo tanto, la radiograf\u00eda es f\u00e1cil seg\u00fan los datos de la \u00faltima encuesta del CEO. El 75% de la poblaci\u00f3n considera que la situaci\u00f3n econ\u00f3mica es mala o muy mala. En julio el porcentaje era del 63%. Un aumento contundente, que a\u00fan presenta un nivel mayor si se pregunta por la situaci\u00f3n espa\u00f1ola en la que el 87% le otorga ese mismo calificativo; es decir, pr\u00e1cticamente todo el mundo. Como casi todos califican tambi\u00e9n de mala o muy mala la situaci\u00f3n pol\u00edtica, nada m\u00e1s y nada menos que el 81% de los encuestados, la misma proporci\u00f3n que los que se declaran insatisfechos con la democracia. Y aqu\u00ed deber\u00edan dispararse todas las luces rojas porque quiere decir que tirios y troyanos consideran que la situaci\u00f3n pol\u00edtica es de derribo. Entonces no puede extra\u00f1ar el suspenso rotundo a la clase pol\u00edtica. Un 3,8 en Catalu\u00f1a, y un 2,7 para la clase estatal. El gobierno catal\u00e1n sigue instalado en el suspenso y cada vez peor. Ahora alcanza un 3,9 y pierde una d\u00e9cima en relaci\u00f3n con la anterior encuesta, mientras que el gobierno de S\u00e1nchez e Iglesias se sit\u00faa en una valoraci\u00f3n de 3,5 sobre 10, perdiendo 3 d\u00e9cimas. Los pol\u00edticos son con diferencia el grupo social peor valorado, un 3,5 y es una caracter\u00edstica que aumenta la sensaci\u00f3n de agrietamiento del sistema pol\u00edtico porque se a\u00f1ade a todas las anteriores, y atenci\u00f3n proque la administraci\u00f3n p\u00fablica suspende con un 3, 9 excepto la Polic\u00eda Nacional, Mossos, Guardia Civil que obtienen notas altas. La poblaci\u00f3n empieza a rechazar la ineficacia de la administraci\u00f3n. Si estos resultados no cambian, es evidente que m\u00e1s tarde o temprano se producir\u00e1n profundas transformaciones pol\u00edticas porque lo que muestra la encuesta es un movimiento de las placas tect\u00f3nicas bajo el suelo de las instituciones. En esta perspectiva, las elecciones del 14 de febrero pueden conllevar una gran abstenci\u00f3n, pero ya no s\u00f3lo por el lado de los desencantados no independentistas, sino los tambi\u00e9n ahora desencantados partidarios de la independencia. De momento las estimaciones, siempre muy dif\u00edciles, sobre la participaci\u00f3n se\u00f1alar\u00edan que est\u00e1 en el 64%, una cifra todav\u00eda potable, si bien menor que en los comicios precedentes. Pero hay que tener cuidado que la tendencia es a reducirse si la participaci\u00f3n disminuyera por debajo del 60%, la descalificaci\u00f3n de la pol\u00edtica catalana de blancos, negros y rubios ser\u00eda total.\" \/>\n<meta property=\"og:url\" content=\"https:\/\/conversesacatalunya.cat\/es\/las-cifras-son-claras-y-contundentes-y-por-lo-tanto-la-radiografia-es-facil-segun-los-datos-de-la-ultima-encuesta-del-ceo-el-75-de-la-poblacion-considera-que-la-situacion-economica-es-mala-o-muy-m\/\" \/>\n<meta property=\"og:site_name\" content=\"Converses a Catalunya\" \/>\n<meta property=\"article:published_time\" content=\"2020-10-27T13:53:42+00:00\" \/>\n<meta property=\"article:modified_time\" content=\"2020-10-28T07:41:21+00:00\" \/>\n<meta property=\"og:image\" content=\"https:\/\/conversesacatalunya.cat\/wp-content\/uploads\/2020\/10\/enquesta.jpg\" \/>\n\t<meta property=\"og:image:width\" content=\"690\" \/>\n\t<meta property=\"og:image:height\" content=\"370\" \/>\n\t<meta property=\"og:image:type\" content=\"image\/jpeg\" \/>\n<meta name=\"author\" content=\"conversesacatalunya\" \/>\n<meta name=\"twitter:card\" content=\"summary_large_image\" \/>\n<meta name=\"twitter:label1\" content=\"Escrito por\" \/>\n\t<meta name=\"twitter:data1\" content=\"conversesacatalunya\" \/>\n\t<meta name=\"twitter:label2\" content=\"Tiempo de lectura\" \/>\n\t<meta name=\"twitter:data2\" content=\"2 minutos\" \/>\n<script type=\"application\/ld+json\" class=\"yoast-schema-graph\">{\"@context\":\"https:\/\/schema.org\",\"@graph\":[{\"@type\":\"Article\",\"@id\":\"https:\/\/conversesacatalunya.cat\/es\/las-cifras-son-claras-y-contundentes-y-por-lo-tanto-la-radiografia-es-facil-segun-los-datos-de-la-ultima-encuesta-del-ceo-el-75-de-la-poblacion-considera-que-la-situacion-economica-es-mala-o-muy-m\/#article\",\"isPartOf\":{\"@id\":\"https:\/\/conversesacatalunya.cat\/es\/las-cifras-son-claras-y-contundentes-y-por-lo-tanto-la-radiografia-es-facil-segun-los-datos-de-la-ultima-encuesta-del-ceo-el-75-de-la-poblacion-considera-que-la-situacion-economica-es-mala-o-muy-m\/\"},\"author\":{\"name\":\"conversesacatalunya\",\"@id\":\"https:\/\/conversesacatalunya.cat\/#\/schema\/person\/7e24d1e54a2785373ddcb275eae5ed99\"},\"headline\":\"La \u00faltima encuesta del CEO demuestra que la ciudadan\u00eda est\u00e1 hasta las narices\",\"datePublished\":\"2020-10-27T13:53:42+00:00\",\"dateModified\":\"2020-10-28T07:41:21+00:00\",\"mainEntityOfPage\":{\"@id\":\"https:\/\/conversesacatalunya.cat\/es\/las-cifras-son-claras-y-contundentes-y-por-lo-tanto-la-radiografia-es-facil-segun-los-datos-de-la-ultima-encuesta-del-ceo-el-75-de-la-poblacion-considera-que-la-situacion-economica-es-mala-o-muy-m\/\"},\"wordCount\":454,\"commentCount\":0,\"image\":{\"@id\":\"https:\/\/conversesacatalunya.cat\/es\/las-cifras-son-claras-y-contundentes-y-por-lo-tanto-la-radiografia-es-facil-segun-los-datos-de-la-ultima-encuesta-del-ceo-el-75-de-la-poblacion-considera-que-la-situacion-economica-es-mala-o-muy-m\/#primaryimage\"},\"thumbnailUrl\":\"https:\/\/conversesacatalunya.cat\/wp-content\/uploads\/2020\/10\/enquesta.jpg\",\"keywords\":[\"Eleccions anticipades\",\"Enquestes\"],\"articleSection\":[\"Punts clau del dia (ES)\"],\"inLanguage\":\"es\",\"potentialAction\":[{\"@type\":\"CommentAction\",\"name\":\"Comment\",\"target\":[\"https:\/\/conversesacatalunya.cat\/es\/las-cifras-son-claras-y-contundentes-y-por-lo-tanto-la-radiografia-es-facil-segun-los-datos-de-la-ultima-encuesta-del-ceo-el-75-de-la-poblacion-considera-que-la-situacion-economica-es-mala-o-muy-m\/#respond\"]}]},{\"@type\":\"WebPage\",\"@id\":\"https:\/\/conversesacatalunya.cat\/es\/las-cifras-son-claras-y-contundentes-y-por-lo-tanto-la-radiografia-es-facil-segun-los-datos-de-la-ultima-encuesta-del-ceo-el-75-de-la-poblacion-considera-que-la-situacion-economica-es-mala-o-muy-m\/\",\"url\":\"https:\/\/conversesacatalunya.cat\/es\/las-cifras-son-claras-y-contundentes-y-por-lo-tanto-la-radiografia-es-facil-segun-los-datos-de-la-ultima-encuesta-del-ceo-el-75-de-la-poblacion-considera-que-la-situacion-economica-es-mala-o-muy-m\/\",\"name\":\"La \u00faltima encuesta del CEO demuestra que la ciudadan\u00eda est\u00e1 hasta las narices - Converses a Catalunya\",\"isPartOf\":{\"@id\":\"https:\/\/conversesacatalunya.cat\/#website\"},\"primaryImageOfPage\":{\"@id\":\"https:\/\/conversesacatalunya.cat\/es\/las-cifras-son-claras-y-contundentes-y-por-lo-tanto-la-radiografia-es-facil-segun-los-datos-de-la-ultima-encuesta-del-ceo-el-75-de-la-poblacion-considera-que-la-situacion-economica-es-mala-o-muy-m\/#primaryimage\"},\"image\":{\"@id\":\"https:\/\/conversesacatalunya.cat\/es\/las-cifras-son-claras-y-contundentes-y-por-lo-tanto-la-radiografia-es-facil-segun-los-datos-de-la-ultima-encuesta-del-ceo-el-75-de-la-poblacion-considera-que-la-situacion-economica-es-mala-o-muy-m\/#primaryimage\"},\"thumbnailUrl\":\"https:\/\/conversesacatalunya.cat\/wp-content\/uploads\/2020\/10\/enquesta.jpg\",\"datePublished\":\"2020-10-27T13:53:42+00:00\",\"dateModified\":\"2020-10-28T07:41:21+00:00\",\"author\":{\"@id\":\"https:\/\/conversesacatalunya.cat\/#\/schema\/person\/7e24d1e54a2785373ddcb275eae5ed99\"},\"breadcrumb\":{\"@id\":\"https:\/\/conversesacatalunya.cat\/es\/las-cifras-son-claras-y-contundentes-y-por-lo-tanto-la-radiografia-es-facil-segun-los-datos-de-la-ultima-encuesta-del-ceo-el-75-de-la-poblacion-considera-que-la-situacion-economica-es-mala-o-muy-m\/#breadcrumb\"},\"inLanguage\":\"es\",\"potentialAction\":[{\"@type\":\"ReadAction\",\"target\":[\"https:\/\/conversesacatalunya.cat\/es\/las-cifras-son-claras-y-contundentes-y-por-lo-tanto-la-radiografia-es-facil-segun-los-datos-de-la-ultima-encuesta-del-ceo-el-75-de-la-poblacion-considera-que-la-situacion-economica-es-mala-o-muy-m\/\"]}]},{\"@type\":\"ImageObject\",\"inLanguage\":\"es\",\"@id\":\"https:\/\/conversesacatalunya.cat\/es\/las-cifras-son-claras-y-contundentes-y-por-lo-tanto-la-radiografia-es-facil-segun-los-datos-de-la-ultima-encuesta-del-ceo-el-75-de-la-poblacion-considera-que-la-situacion-economica-es-mala-o-muy-m\/#primaryimage\",\"url\":\"https:\/\/conversesacatalunya.cat\/wp-content\/uploads\/2020\/10\/enquesta.jpg\",\"contentUrl\":\"https:\/\/conversesacatalunya.cat\/wp-content\/uploads\/2020\/10\/enquesta.jpg\",\"width\":690,\"height\":370},{\"@type\":\"BreadcrumbList\",\"@id\":\"https:\/\/conversesacatalunya.cat\/es\/las-cifras-son-claras-y-contundentes-y-por-lo-tanto-la-radiografia-es-facil-segun-los-datos-de-la-ultima-encuesta-del-ceo-el-75-de-la-poblacion-considera-que-la-situacion-economica-es-mala-o-muy-m\/#breadcrumb\",\"itemListElement\":[{\"@type\":\"ListItem\",\"position\":1,\"name\":\"Inici\",\"item\":\"https:\/\/conversesacatalunya.cat\/es\/\"},{\"@type\":\"ListItem\",\"position\":2,\"name\":\"La \u00faltima encuesta del CEO demuestra que la ciudadan\u00eda est\u00e1 hasta las narices\"}]},{\"@type\":\"WebSite\",\"@id\":\"https:\/\/conversesacatalunya.cat\/#website\",\"url\":\"https:\/\/conversesacatalunya.cat\/\",\"name\":\"Converses a Catalunya\",\"description\":\"\",\"potentialAction\":[{\"@type\":\"SearchAction\",\"target\":{\"@type\":\"EntryPoint\",\"urlTemplate\":\"https:\/\/conversesacatalunya.cat\/?s={search_term_string}\"},\"query-input\":{\"@type\":\"PropertyValueSpecification\",\"valueRequired\":true,\"valueName\":\"search_term_string\"}}],\"inLanguage\":\"es\"},{\"@type\":\"Person\",\"@id\":\"https:\/\/conversesacatalunya.cat\/#\/schema\/person\/7e24d1e54a2785373ddcb275eae5ed99\",\"name\":\"conversesacatalunya\",\"image\":{\"@type\":\"ImageObject\",\"inLanguage\":\"es\",\"@id\":\"https:\/\/conversesacatalunya.cat\/#\/schema\/person\/image\/\",\"url\":\"https:\/\/conversesacatalunya.cat\/wp-content\/litespeed\/avatar\/febdfeeec89d950f01c748045a981dd2.jpg?ver=1777314535\",\"contentUrl\":\"https:\/\/conversesacatalunya.cat\/wp-content\/litespeed\/avatar\/febdfeeec89d950f01c748045a981dd2.jpg?ver=1777314535\",\"caption\":\"conversesacatalunya\"},\"url\":\"https:\/\/conversesacatalunya.cat\/es\/author\/carme_catala\/\"}]}<\/script>\n<!-- \/ Yoast SEO plugin. -->","yoast_head_json":{"title":"La \u00faltima encuesta del CEO demuestra que la ciudadan\u00eda est\u00e1 hasta las narices - Converses a Catalunya","robots":{"index":"index","follow":"follow","max-snippet":"max-snippet:-1","max-image-preview":"max-image-preview:large","max-video-preview":"max-video-preview:-1"},"canonical":"https:\/\/conversesacatalunya.cat\/es\/las-cifras-son-claras-y-contundentes-y-por-lo-tanto-la-radiografia-es-facil-segun-los-datos-de-la-ultima-encuesta-del-ceo-el-75-de-la-poblacion-considera-que-la-situacion-economica-es-mala-o-muy-m\/","og_locale":"es_ES","og_type":"article","og_title":"La \u00faltima encuesta del CEO demuestra que la ciudadan\u00eda est\u00e1 hasta las narices - Converses a Catalunya","og_description":"Las cifras son claras y contundentes. Y por lo tanto, la radiograf\u00eda es f\u00e1cil seg\u00fan los datos de la \u00faltima encuesta del CEO. El 75% de la poblaci\u00f3n considera que la situaci\u00f3n econ\u00f3mica es mala o muy mala. En julio el porcentaje era del 63%. Un aumento contundente, que a\u00fan presenta un nivel mayor si se pregunta por la situaci\u00f3n espa\u00f1ola en la que el 87% le otorga ese mismo calificativo; es decir, pr\u00e1cticamente todo el mundo. Como casi todos califican tambi\u00e9n de mala o muy mala la situaci\u00f3n pol\u00edtica, nada m\u00e1s y nada menos que el 81% de los encuestados, la misma proporci\u00f3n que los que se declaran insatisfechos con la democracia. Y aqu\u00ed deber\u00edan dispararse todas las luces rojas porque quiere decir que tirios y troyanos consideran que la situaci\u00f3n pol\u00edtica es de derribo. Entonces no puede extra\u00f1ar el suspenso rotundo a la clase pol\u00edtica. Un 3,8 en Catalu\u00f1a, y un 2,7 para la clase estatal. El gobierno catal\u00e1n sigue instalado en el suspenso y cada vez peor. Ahora alcanza un 3,9 y pierde una d\u00e9cima en relaci\u00f3n con la anterior encuesta, mientras que el gobierno de S\u00e1nchez e Iglesias se sit\u00faa en una valoraci\u00f3n de 3,5 sobre 10, perdiendo 3 d\u00e9cimas. Los pol\u00edticos son con diferencia el grupo social peor valorado, un 3,5 y es una caracter\u00edstica que aumenta la sensaci\u00f3n de agrietamiento del sistema pol\u00edtico porque se a\u00f1ade a todas las anteriores, y atenci\u00f3n proque la administraci\u00f3n p\u00fablica suspende con un 3, 9 excepto la Polic\u00eda Nacional, Mossos, Guardia Civil que obtienen notas altas. La poblaci\u00f3n empieza a rechazar la ineficacia de la administraci\u00f3n. Si estos resultados no cambian, es evidente que m\u00e1s tarde o temprano se producir\u00e1n profundas transformaciones pol\u00edticas porque lo que muestra la encuesta es un movimiento de las placas tect\u00f3nicas bajo el suelo de las instituciones. En esta perspectiva, las elecciones del 14 de febrero pueden conllevar una gran abstenci\u00f3n, pero ya no s\u00f3lo por el lado de los desencantados no independentistas, sino los tambi\u00e9n ahora desencantados partidarios de la independencia. De momento las estimaciones, siempre muy dif\u00edciles, sobre la participaci\u00f3n se\u00f1alar\u00edan que est\u00e1 en el 64%, una cifra todav\u00eda potable, si bien menor que en los comicios precedentes. Pero hay que tener cuidado que la tendencia es a reducirse si la participaci\u00f3n disminuyera por debajo del 60%, la descalificaci\u00f3n de la pol\u00edtica catalana de blancos, negros y rubios ser\u00eda total.","og_url":"https:\/\/conversesacatalunya.cat\/es\/las-cifras-son-claras-y-contundentes-y-por-lo-tanto-la-radiografia-es-facil-segun-los-datos-de-la-ultima-encuesta-del-ceo-el-75-de-la-poblacion-considera-que-la-situacion-economica-es-mala-o-muy-m\/","og_site_name":"Converses a Catalunya","article_published_time":"2020-10-27T13:53:42+00:00","article_modified_time":"2020-10-28T07:41:21+00:00","og_image":[{"width":690,"height":370,"url":"https:\/\/conversesacatalunya.cat\/wp-content\/uploads\/2020\/10\/enquesta.jpg","type":"image\/jpeg"}],"author":"conversesacatalunya","twitter_card":"summary_large_image","twitter_misc":{"Escrito por":"conversesacatalunya","Tiempo de lectura":"2 minutos"},"schema":{"@context":"https:\/\/schema.org","@graph":[{"@type":"Article","@id":"https:\/\/conversesacatalunya.cat\/es\/las-cifras-son-claras-y-contundentes-y-por-lo-tanto-la-radiografia-es-facil-segun-los-datos-de-la-ultima-encuesta-del-ceo-el-75-de-la-poblacion-considera-que-la-situacion-economica-es-mala-o-muy-m\/#article","isPartOf":{"@id":"https:\/\/conversesacatalunya.cat\/es\/las-cifras-son-claras-y-contundentes-y-por-lo-tanto-la-radiografia-es-facil-segun-los-datos-de-la-ultima-encuesta-del-ceo-el-75-de-la-poblacion-considera-que-la-situacion-economica-es-mala-o-muy-m\/"},"author":{"name":"conversesacatalunya","@id":"https:\/\/conversesacatalunya.cat\/#\/schema\/person\/7e24d1e54a2785373ddcb275eae5ed99"},"headline":"La \u00faltima encuesta del CEO demuestra que la ciudadan\u00eda est\u00e1 hasta las narices","datePublished":"2020-10-27T13:53:42+00:00","dateModified":"2020-10-28T07:41:21+00:00","mainEntityOfPage":{"@id":"https:\/\/conversesacatalunya.cat\/es\/las-cifras-son-claras-y-contundentes-y-por-lo-tanto-la-radiografia-es-facil-segun-los-datos-de-la-ultima-encuesta-del-ceo-el-75-de-la-poblacion-considera-que-la-situacion-economica-es-mala-o-muy-m\/"},"wordCount":454,"commentCount":0,"image":{"@id":"https:\/\/conversesacatalunya.cat\/es\/las-cifras-son-claras-y-contundentes-y-por-lo-tanto-la-radiografia-es-facil-segun-los-datos-de-la-ultima-encuesta-del-ceo-el-75-de-la-poblacion-considera-que-la-situacion-economica-es-mala-o-muy-m\/#primaryimage"},"thumbnailUrl":"https:\/\/conversesacatalunya.cat\/wp-content\/uploads\/2020\/10\/enquesta.jpg","keywords":["Eleccions anticipades","Enquestes"],"articleSection":["Punts clau del dia (ES)"],"inLanguage":"es","potentialAction":[{"@type":"CommentAction","name":"Comment","target":["https:\/\/conversesacatalunya.cat\/es\/las-cifras-son-claras-y-contundentes-y-por-lo-tanto-la-radiografia-es-facil-segun-los-datos-de-la-ultima-encuesta-del-ceo-el-75-de-la-poblacion-considera-que-la-situacion-economica-es-mala-o-muy-m\/#respond"]}]},{"@type":"WebPage","@id":"https:\/\/conversesacatalunya.cat\/es\/las-cifras-son-claras-y-contundentes-y-por-lo-tanto-la-radiografia-es-facil-segun-los-datos-de-la-ultima-encuesta-del-ceo-el-75-de-la-poblacion-considera-que-la-situacion-economica-es-mala-o-muy-m\/","url":"https:\/\/conversesacatalunya.cat\/es\/las-cifras-son-claras-y-contundentes-y-por-lo-tanto-la-radiografia-es-facil-segun-los-datos-de-la-ultima-encuesta-del-ceo-el-75-de-la-poblacion-considera-que-la-situacion-economica-es-mala-o-muy-m\/","name":"La \u00faltima encuesta del CEO demuestra que la ciudadan\u00eda est\u00e1 hasta las narices - Converses a Catalunya","isPartOf":{"@id":"https:\/\/conversesacatalunya.cat\/#website"},"primaryImageOfPage":{"@id":"https:\/\/conversesacatalunya.cat\/es\/las-cifras-son-claras-y-contundentes-y-por-lo-tanto-la-radiografia-es-facil-segun-los-datos-de-la-ultima-encuesta-del-ceo-el-75-de-la-poblacion-considera-que-la-situacion-economica-es-mala-o-muy-m\/#primaryimage"},"image":{"@id":"https:\/\/conversesacatalunya.cat\/es\/las-cifras-son-claras-y-contundentes-y-por-lo-tanto-la-radiografia-es-facil-segun-los-datos-de-la-ultima-encuesta-del-ceo-el-75-de-la-poblacion-considera-que-la-situacion-economica-es-mala-o-muy-m\/#primaryimage"},"thumbnailUrl":"https:\/\/conversesacatalunya.cat\/wp-content\/uploads\/2020\/10\/enquesta.jpg","datePublished":"2020-10-27T13:53:42+00:00","dateModified":"2020-10-28T07:41:21+00:00","author":{"@id":"https:\/\/conversesacatalunya.cat\/#\/schema\/person\/7e24d1e54a2785373ddcb275eae5ed99"},"breadcrumb":{"@id":"https:\/\/conversesacatalunya.cat\/es\/las-cifras-son-claras-y-contundentes-y-por-lo-tanto-la-radiografia-es-facil-segun-los-datos-de-la-ultima-encuesta-del-ceo-el-75-de-la-poblacion-considera-que-la-situacion-economica-es-mala-o-muy-m\/#breadcrumb"},"inLanguage":"es","potentialAction":[{"@type":"ReadAction","target":["https:\/\/conversesacatalunya.cat\/es\/las-cifras-son-claras-y-contundentes-y-por-lo-tanto-la-radiografia-es-facil-segun-los-datos-de-la-ultima-encuesta-del-ceo-el-75-de-la-poblacion-considera-que-la-situacion-economica-es-mala-o-muy-m\/"]}]},{"@type":"ImageObject","inLanguage":"es","@id":"https:\/\/conversesacatalunya.cat\/es\/las-cifras-son-claras-y-contundentes-y-por-lo-tanto-la-radiografia-es-facil-segun-los-datos-de-la-ultima-encuesta-del-ceo-el-75-de-la-poblacion-considera-que-la-situacion-economica-es-mala-o-muy-m\/#primaryimage","url":"https:\/\/conversesacatalunya.cat\/wp-content\/uploads\/2020\/10\/enquesta.jpg","contentUrl":"https:\/\/conversesacatalunya.cat\/wp-content\/uploads\/2020\/10\/enquesta.jpg","width":690,"height":370},{"@type":"BreadcrumbList","@id":"https:\/\/conversesacatalunya.cat\/es\/las-cifras-son-claras-y-contundentes-y-por-lo-tanto-la-radiografia-es-facil-segun-los-datos-de-la-ultima-encuesta-del-ceo-el-75-de-la-poblacion-considera-que-la-situacion-economica-es-mala-o-muy-m\/#breadcrumb","itemListElement":[{"@type":"ListItem","position":1,"name":"Inici","item":"https:\/\/conversesacatalunya.cat\/es\/"},{"@type":"ListItem","position":2,"name":"La \u00faltima encuesta del CEO demuestra que la ciudadan\u00eda est\u00e1 hasta las narices"}]},{"@type":"WebSite","@id":"https:\/\/conversesacatalunya.cat\/#website","url":"https:\/\/conversesacatalunya.cat\/","name":"Converses a Catalunya","description":"","potentialAction":[{"@type":"SearchAction","target":{"@type":"EntryPoint","urlTemplate":"https:\/\/conversesacatalunya.cat\/?s={search_term_string}"},"query-input":{"@type":"PropertyValueSpecification","valueRequired":true,"valueName":"search_term_string"}}],"inLanguage":"es"},{"@type":"Person","@id":"https:\/\/conversesacatalunya.cat\/#\/schema\/person\/7e24d1e54a2785373ddcb275eae5ed99","name":"conversesacatalunya","image":{"@type":"ImageObject","inLanguage":"es","@id":"https:\/\/conversesacatalunya.cat\/#\/schema\/person\/image\/","url":"https:\/\/conversesacatalunya.cat\/wp-content\/litespeed\/avatar\/febdfeeec89d950f01c748045a981dd2.jpg?ver=1777314535","contentUrl":"https:\/\/conversesacatalunya.cat\/wp-content\/litespeed\/avatar\/febdfeeec89d950f01c748045a981dd2.jpg?ver=1777314535","caption":"conversesacatalunya"},"url":"https:\/\/conversesacatalunya.cat\/es\/author\/carme_catala\/"}]}},"wps_subtitle":"","_links":{"self":[{"href":"https:\/\/conversesacatalunya.cat\/es\/wp-json\/wp\/v2\/posts\/41681","targetHints":{"allow":["GET"]}}],"collection":[{"href":"https:\/\/conversesacatalunya.cat\/es\/wp-json\/wp\/v2\/posts"}],"about":[{"href":"https:\/\/conversesacatalunya.cat\/es\/wp-json\/wp\/v2\/types\/post"}],"author":[{"embeddable":true,"href":"https:\/\/conversesacatalunya.cat\/es\/wp-json\/wp\/v2\/users\/2"}],"replies":[{"embeddable":true,"href":"https:\/\/conversesacatalunya.cat\/es\/wp-json\/wp\/v2\/comments?post=41681"}],"version-history":[{"count":4,"href":"https:\/\/conversesacatalunya.cat\/es\/wp-json\/wp\/v2\/posts\/41681\/revisions"}],"predecessor-version":[{"id":41707,"href":"https:\/\/conversesacatalunya.cat\/es\/wp-json\/wp\/v2\/posts\/41681\/revisions\/41707"}],"wp:featuredmedia":[{"embeddable":true,"href":"https:\/\/conversesacatalunya.cat\/es\/wp-json\/wp\/v2\/media\/41675"}],"wp:attachment":[{"href":"https:\/\/conversesacatalunya.cat\/es\/wp-json\/wp\/v2\/media?parent=41681"}],"wp:term":[{"taxonomy":"category","embeddable":true,"href":"https:\/\/conversesacatalunya.cat\/es\/wp-json\/wp\/v2\/categories?post=41681"},{"taxonomy":"post_tag","embeddable":true,"href":"https:\/\/conversesacatalunya.cat\/es\/wp-json\/wp\/v2\/tags?post=41681"}],"curies":[{"name":"wp","href":"https:\/\/api.w.org\/{rel}","templated":true}]}}