{"id":41576,"date":"2020-10-23T16:42:55","date_gmt":"2020-10-23T14:42:55","guid":{"rendered":"https:\/\/conversesacatalunya.cat\/?p=41576"},"modified":"2020-10-23T16:42:55","modified_gmt":"2020-10-23T14:42:55","slug":"absolucion-de-trapero","status":"publish","type":"post","link":"https:\/\/conversesacatalunya.cat\/es\/absolucion-de-trapero\/","title":{"rendered":"La absoluci\u00f3n de Trapero, una patata caliente para el independentismo"},"content":{"rendered":"<p>La absoluci\u00f3n de Trapero, formalmente bienvenida, como no pod\u00eda ser de otra manera, es en t\u00e9rminos pol\u00edticos una patata caliente para el independentismo por varias razones.<\/p>\n<p>Cuestiona el discurso de la falta de independencia de la justicia espa\u00f1ola, que muestra que es suficientemente independiente para presentar contradicciones tan importantes como las que puede haber entre la exposici\u00f3n motivada de esta sentencia de la Audiencia Nacional y la del Tribunal Supremo, que conden\u00f3 a a\u00f1os de prisi\u00f3n a varios responsables del 1 de octubre. Tambi\u00e9n pone de relieve la debilidad del esquema de interpretaci\u00f3n de una parte de los jueces y las fuerzas pol\u00edticas espa\u00f1olas en la consideraci\u00f3n de lo que fue el 1-O. Sin embargo, hay que subrayar que es muy diferente considerar si Trapero tuvo responsabilidades o no en ese asunto al juzgar <strong>si el asunto era en s\u00ed mismo un delito o no lo era<\/strong>. Son dos cosas muy diferentes.<\/p>\n<p>El escenario <strong>que ahora queda dibujado<\/strong> es que Trapero actu\u00f3 correctamente, pero los hechos producidos desde la perspectiva de la legalidad espa\u00f1ola fueron graves, si bien su gravedad no guarda relaci\u00f3n con el mando del Mayor de los Mossos. Ahora Trapero es el Mosso d&#8217;Esquadra que ostenta el grado m\u00e1ximo, el de Mayor y por tanto no es que le abran la puerta a volver, es que dif\u00edcilmente podr\u00edan hacer otra cosa m\u00e1s que aceptar que se reincorpore al mando, lo que est\u00e1 por ver que el interesado est\u00e9 dispuesto a aceptar. La realidad es que el que era jefe y actual Mayor de los Mossos ten\u00eda decidido y acreditado que estaba <strong>dispuesto a detener a todo el gobierno de la Generalitat<\/strong> si as\u00ed le hubiera indicado la justicia. La reflexi\u00f3n es muy clara si ni siquiera el n\u00famero 1 de la polic\u00eda catalana est\u00e1 dispuesto a jugar la carta de la independencia, no digamos ya la mayor\u00eda del cuerpo. \u00bfC\u00f3mo alguien puede pensar que esta independencia es un objetivo pol\u00edtico a un plazo razonable? Obviamente no lo es, y en este sentido hay que recordar la reciente advertencia de <strong>Mas Colell<\/strong> en el sentido de que Europa nunca jugar\u00e1 esta carta. Por lo tanto, este escenario perjudica sobre todo a <strong>JxCat y favorece a ERC<\/strong>, muy necesitada de circunstancias favorables, dado que su aproximaci\u00f3n y voluntad negociadora con el gobierno S\u00e1nchez a estas alturas todav\u00eda no ha comportado ning\u00fan fruto, no ya en el terreno pol\u00edtico, sino ni siquiera en el econ\u00f3mico.<\/p>\n<p>Lo ocurrido con Trapero no es otra cosa que el <strong>corolario<\/strong> que nos dice: las pr\u00f3ximas elecciones deber\u00edan <strong>centrarse<\/strong> en lo que realmente nos afecta m\u00e1s durante los pr\u00f3ximos 3 o 4 a\u00f1os: la lucha contra la pandemia y la seguridad sanitaria, la recuperaci\u00f3n econ\u00f3mica y el acceso y uso de los fondos de reconstrucci\u00f3n, as\u00ed como la forma m\u00e1s eficaz de superar los estragos sociales producidos. Hacia donde se decante el eje de los debates se\u00f1alar\u00e1 <strong>la madurez<\/strong> de los partidos pol\u00edticos catalanes y de la misma sociedad, porque hoy la \u00fanica mentalidad ganadora posible es la que caracteriz\u00f3 a los alemanes en 1946, y a Catalu\u00f1a en 1940 y el 12 de septiembre de 1714: San Pancracio, salud y trabajo.<\/p>\n<p>De paso, la absoluci\u00f3n de Trapero deja totalmente maltrecho el informe de la Guardia Civil y del coronel De los Cobos, que la sentencia descalifica considerando <strong>que desorganiz\u00f3 el dispositivo policial<\/strong>. Hay tambi\u00e9n en esta derivada un efecto colateral nada menor que no beneficia en nada la profesionalidad de la benem\u00e9rita.<\/p>\n<span class='bctt-click-to-tweet'><span class='bctt-ctt-text'><a href='https:\/\/twitter.com\/intent\/tweet?url=https%3A%2F%2Fconversesacatalunya.cat%2Fes%2Fabsolucion-de-trapero%2F&#038;text=La%20absoluci%C3%B3n%20de%20Trapero%20es%20en%20t%C3%A9rminos%20pol%C3%ADticos%20una%20patata%20caliente%20para%20el%20independentismo%20por%20varias%20razones.&#038;via=conversesacat&#038;related=conversesacat' target='_blank'rel=\"noopener noreferrer\">La absoluci\u00f3n de Trapero es en t\u00e9rminos pol\u00edticos una patata caliente para el independentismo por varias razones. <\/a><\/span><a href='https:\/\/twitter.com\/intent\/tweet?url=https%3A%2F%2Fconversesacatalunya.cat%2Fes%2Fabsolucion-de-trapero%2F&#038;text=La%20absoluci%C3%B3n%20de%20Trapero%20es%20en%20t%C3%A9rminos%20pol%C3%ADticos%20una%20patata%20caliente%20para%20el%20independentismo%20por%20varias%20razones.&#038;via=conversesacat&#038;related=conversesacat' target='_blank' class='bctt-ctt-btn'rel=\"noopener noreferrer\">Compartir en X<\/a><\/span>\n<div id=\"polls-77\" class=\"wp-polls\">\n\t<form id=\"polls_form_77\" class=\"wp-polls-form\" action=\"\/index.php\" method=\"post\">\n\t\t<p style=\"display: none;\"><input type=\"hidden\" id=\"poll_77_nonce\" name=\"wp-polls-nonce\" value=\"c51f9ee3d0\" \/><\/p>\n\t\t<p style=\"display: none;\"><input type=\"hidden\" name=\"poll_id\" value=\"77\" \/><\/p>\n\t\t<p style=\"text-align: center\"><strong>Est\u00e0s d'acord que el CGPJ pugui ser escollit per majoria simple en lloc de majoria qualificada com fins ara?<\/strong><\/p><div id=\"polls-77-ans\" class=\"wp-polls-ans\"><ul class=\"wp-polls-ul\">\n\t\t<li><input type=\"radio\" id=\"poll-answer-169\" name=\"poll_77\" value=\"169\" \/> <label for=\"poll-answer-169\">Si<\/label><\/li>\n\t\t<li><input type=\"radio\" id=\"poll-answer-170\" name=\"poll_77\" value=\"170\" \/> <label for=\"poll-answer-170\">No<\/label><\/li>\n\t\t<li><input type=\"radio\" id=\"poll-answer-171\" name=\"poll_77\" value=\"171\" \/> <label for=\"poll-answer-171\">No ho s\u00e9<\/label><\/li>\n\t\t<\/ul><p style=\"text-align: center\"><input type=\"button\" name=\"vote\" value=\"   Vota   \" class=\"Buttons\" onclick=\"poll_vote(77);\" \/><\/p><p style=\"text-align: center\"><a href=\"#ViewPollResults\" onclick=\"poll_result(77); return false;\" title=\"View Results Of This Poll\">Mira els resultats<\/a><\/p><\/div>\n\t<\/form>\n<\/div>\n<div id=\"polls-77-loading\" class=\"wp-polls-loading\"><img decoding=\"async\" data-src=\"https:\/\/conversesacatalunya.cat\/wp-content\/plugins\/wp-polls\/images\/loading.gif\" width=\"16\" height=\"16\" alt=\"Cargando ...\" title=\"Cargando ...\" class=\"wp-polls-image lazyload\" src=\"data:image\/svg+xml;base64,PHN2ZyB3aWR0aD0iMSIgaGVpZ2h0PSIxIiB4bWxucz0iaHR0cDovL3d3dy53My5vcmcvMjAwMC9zdmciPjwvc3ZnPg==\" style=\"--smush-placeholder-width: 16px; --smush-placeholder-aspect-ratio: 16\/16;\" \/>&nbsp;Cargando ...<\/div>\n\n","protected":false},"excerpt":{"rendered":"<p>La absoluci\u00f3n de Trapero, formalmente bienvenida, como no pod\u00eda ser de otra manera, es en t\u00e9rminos pol\u00edticos una patata caliente para el independentismo por varias razones. Cuestiona el discurso de la falta de independencia de la justicia espa\u00f1ola, que muestra que es suficientemente independiente para presentar contradicciones tan importantes como las que puede haber entre la exposici\u00f3n motivada de esta sentencia de la Audiencia Nacional y la del Tribunal Supremo, que conden\u00f3 a a\u00f1os de prisi\u00f3n a varios responsables del 1 de octubre. Tambi\u00e9n pone de relieve la debilidad del esquema de interpretaci\u00f3n de una parte de los jueces y las fuerzas pol\u00edticas espa\u00f1olas en la consideraci\u00f3n de lo que fue el 1-O. Sin embargo, hay que subrayar que es muy diferente considerar si Trapero tuvo responsabilidades o no en ese asunto al juzgar si el asunto era en s\u00ed mismo un delito o no lo era. Son dos cosas muy diferentes. El escenario que ahora queda dibujado es que Trapero actu\u00f3 correctamente, pero los hechos producidos desde la perspectiva de la legalidad espa\u00f1ola fueron graves, si bien su gravedad no guarda relaci\u00f3n con el mando del Mayor de los Mossos. Ahora Trapero es el Mosso d&#8217;Esquadra que ostenta el grado m\u00e1ximo, el de Mayor y por tanto no es que le abran la puerta a volver, es que dif\u00edcilmente podr\u00edan hacer otra cosa m\u00e1s que aceptar que se reincorpore al mando, lo que est\u00e1 por ver que el interesado est\u00e9 dispuesto a aceptar. La realidad es que el que era jefe y actual Mayor de los Mossos ten\u00eda decidido y acreditado que estaba dispuesto a detener a todo el gobierno de la Generalitat si as\u00ed le hubiera indicado la justicia. La reflexi\u00f3n es muy clara si ni siquiera el n\u00famero 1 de la polic\u00eda catalana est\u00e1 dispuesto a jugar la carta de la independencia, no digamos ya la mayor\u00eda del cuerpo. \u00bfC\u00f3mo alguien puede pensar que esta independencia es un objetivo pol\u00edtico a un plazo razonable? Obviamente no lo es, y en este sentido hay que recordar la reciente advertencia de Mas Colell en el sentido de que Europa nunca jugar\u00e1 esta carta. Por lo tanto, este escenario perjudica sobre todo a JxCat y favorece a ERC, muy necesitada de circunstancias favorables, dado que su aproximaci\u00f3n y voluntad negociadora con el gobierno S\u00e1nchez a estas alturas todav\u00eda no ha comportado ning\u00fan fruto, no ya en el terreno pol\u00edtico, sino ni siquiera en el econ\u00f3mico. Lo ocurrido con Trapero no es otra cosa que el corolario que nos dice: las pr\u00f3ximas elecciones deber\u00edan centrarse en lo que realmente nos afecta m\u00e1s durante los pr\u00f3ximos 3 o 4 a\u00f1os: la lucha contra la pandemia y la seguridad sanitaria, la recuperaci\u00f3n econ\u00f3mica y el acceso y uso de los fondos de reconstrucci\u00f3n, as\u00ed como la forma m\u00e1s eficaz de superar los estragos sociales producidos. Hacia donde se decante el eje de los debates se\u00f1alar\u00e1 la madurez de los partidos pol\u00edticos catalanes y de la misma sociedad, porque hoy la \u00fanica mentalidad ganadora posible es la que caracteriz\u00f3 a los alemanes en 1946, y a Catalu\u00f1a en 1940 y el 12 de septiembre de 1714: San Pancracio, salud y trabajo. De paso, la absoluci\u00f3n de Trapero deja totalmente maltrecho el informe de la Guardia Civil y del coronel De los Cobos, que la sentencia descalifica considerando que desorganiz\u00f3 el dispositivo policial. Hay tambi\u00e9n en esta derivada un efecto colateral nada menor que no beneficia en nada la profesionalidad de la benem\u00e9rita.<\/p>\n","protected":false},"author":2,"featured_media":41566,"comment_status":"open","ping_status":"open","sticky":false,"template":"","format":"standard","meta":{"_FSMCFIC_featured_image_caption":"","_FSMCFIC_featured_image_nocaption":"","_FSMCFIC_featured_image_hide":"","footnotes":""},"categories":[806],"tags":[1435],"class_list":["post-41576","post","type-post","status-publish","format-standard","has-post-thumbnail","hentry","category-punts-claus-del-dia-es","tag-juicio-josep-lluis-trapero"],"yoast_head":"<!-- This site is optimized with the Yoast SEO plugin v26.8 - https:\/\/yoast.com\/product\/yoast-seo-wordpress\/ -->\n<title>La absoluci\u00f3n de Trapero, una patata caliente para el independentismo - Converses a Catalunya<\/title>\n<meta name=\"description\" content=\"La absoluci\u00f3n de Trapero es en t\u00e9rminos pol\u00edticos una patata caliente para el independentismo por varias razones.\" \/>\n<meta name=\"robots\" content=\"index, follow, max-snippet:-1, max-image-preview:large, max-video-preview:-1\" \/>\n<link rel=\"canonical\" href=\"https:\/\/conversesacatalunya.cat\/es\/absolucion-de-trapero\/\" \/>\n<meta property=\"og:locale\" content=\"es_ES\" \/>\n<meta property=\"og:type\" content=\"article\" \/>\n<meta property=\"og:title\" content=\"La absoluci\u00f3n de Trapero, una patata caliente para el independentismo - Converses a Catalunya\" \/>\n<meta property=\"og:description\" content=\"La absoluci\u00f3n de Trapero es en t\u00e9rminos pol\u00edticos una patata caliente para el independentismo por varias razones.\" \/>\n<meta property=\"og:url\" content=\"https:\/\/conversesacatalunya.cat\/es\/absolucion-de-trapero\/\" \/>\n<meta property=\"og:site_name\" content=\"Converses a Catalunya\" \/>\n<meta property=\"article:published_time\" content=\"2020-10-23T14:42:55+00:00\" \/>\n<meta property=\"og:image\" content=\"https:\/\/conversesacatalunya.cat\/wp-content\/uploads\/2020\/10\/absolucio-de-trapero.jpg\" \/>\n\t<meta property=\"og:image:width\" content=\"1199\" \/>\n\t<meta property=\"og:image:height\" content=\"538\" \/>\n\t<meta property=\"og:image:type\" content=\"image\/jpeg\" \/>\n<meta name=\"author\" content=\"conversesacatalunya\" \/>\n<meta name=\"twitter:card\" content=\"summary_large_image\" \/>\n<meta name=\"twitter:label1\" content=\"Escrito por\" \/>\n\t<meta name=\"twitter:data1\" content=\"conversesacatalunya\" \/>\n\t<meta name=\"twitter:label2\" content=\"Tiempo de lectura\" \/>\n\t<meta name=\"twitter:data2\" content=\"3 minutos\" \/>\n<script type=\"application\/ld+json\" class=\"yoast-schema-graph\">{\"@context\":\"https:\/\/schema.org\",\"@graph\":[{\"@type\":\"Article\",\"@id\":\"https:\/\/conversesacatalunya.cat\/es\/absolucion-de-trapero\/#article\",\"isPartOf\":{\"@id\":\"https:\/\/conversesacatalunya.cat\/es\/absolucion-de-trapero\/\"},\"author\":{\"name\":\"conversesacatalunya\",\"@id\":\"https:\/\/conversesacatalunya.cat\/#\/schema\/person\/7e24d1e54a2785373ddcb275eae5ed99\"},\"headline\":\"La absoluci\u00f3n de Trapero, una patata caliente para el independentismo\",\"datePublished\":\"2020-10-23T14:42:55+00:00\",\"mainEntityOfPage\":{\"@id\":\"https:\/\/conversesacatalunya.cat\/es\/absolucion-de-trapero\/\"},\"wordCount\":655,\"commentCount\":0,\"image\":{\"@id\":\"https:\/\/conversesacatalunya.cat\/es\/absolucion-de-trapero\/#primaryimage\"},\"thumbnailUrl\":\"https:\/\/conversesacatalunya.cat\/wp-content\/uploads\/2020\/10\/absolucio-de-trapero.jpg\",\"keywords\":[\"Juicio Josep Lluis Trapero\"],\"articleSection\":[\"Punts clau del dia (ES)\"],\"inLanguage\":\"es\",\"potentialAction\":[{\"@type\":\"CommentAction\",\"name\":\"Comment\",\"target\":[\"https:\/\/conversesacatalunya.cat\/es\/absolucion-de-trapero\/#respond\"]}]},{\"@type\":\"WebPage\",\"@id\":\"https:\/\/conversesacatalunya.cat\/es\/absolucion-de-trapero\/\",\"url\":\"https:\/\/conversesacatalunya.cat\/es\/absolucion-de-trapero\/\",\"name\":\"La absoluci\u00f3n de Trapero, una patata caliente para el independentismo - Converses a Catalunya\",\"isPartOf\":{\"@id\":\"https:\/\/conversesacatalunya.cat\/#website\"},\"primaryImageOfPage\":{\"@id\":\"https:\/\/conversesacatalunya.cat\/es\/absolucion-de-trapero\/#primaryimage\"},\"image\":{\"@id\":\"https:\/\/conversesacatalunya.cat\/es\/absolucion-de-trapero\/#primaryimage\"},\"thumbnailUrl\":\"https:\/\/conversesacatalunya.cat\/wp-content\/uploads\/2020\/10\/absolucio-de-trapero.jpg\",\"datePublished\":\"2020-10-23T14:42:55+00:00\",\"author\":{\"@id\":\"https:\/\/conversesacatalunya.cat\/#\/schema\/person\/7e24d1e54a2785373ddcb275eae5ed99\"},\"description\":\"La absoluci\u00f3n de Trapero es en t\u00e9rminos pol\u00edticos una patata caliente para el independentismo por varias razones.\",\"breadcrumb\":{\"@id\":\"https:\/\/conversesacatalunya.cat\/es\/absolucion-de-trapero\/#breadcrumb\"},\"inLanguage\":\"es\",\"potentialAction\":[{\"@type\":\"ReadAction\",\"target\":[\"https:\/\/conversesacatalunya.cat\/es\/absolucion-de-trapero\/\"]}]},{\"@type\":\"ImageObject\",\"inLanguage\":\"es\",\"@id\":\"https:\/\/conversesacatalunya.cat\/es\/absolucion-de-trapero\/#primaryimage\",\"url\":\"https:\/\/conversesacatalunya.cat\/wp-content\/uploads\/2020\/10\/absolucio-de-trapero.jpg\",\"contentUrl\":\"https:\/\/conversesacatalunya.cat\/wp-content\/uploads\/2020\/10\/absolucio-de-trapero.jpg\",\"width\":1199,\"height\":538,\"caption\":\"absoluci\u00f3 de trapero\"},{\"@type\":\"BreadcrumbList\",\"@id\":\"https:\/\/conversesacatalunya.cat\/es\/absolucion-de-trapero\/#breadcrumb\",\"itemListElement\":[{\"@type\":\"ListItem\",\"position\":1,\"name\":\"Inici\",\"item\":\"https:\/\/conversesacatalunya.cat\/es\/\"},{\"@type\":\"ListItem\",\"position\":2,\"name\":\"La absoluci\u00f3n de Trapero, una patata caliente para el independentismo\"}]},{\"@type\":\"WebSite\",\"@id\":\"https:\/\/conversesacatalunya.cat\/#website\",\"url\":\"https:\/\/conversesacatalunya.cat\/\",\"name\":\"Converses a Catalunya\",\"description\":\"\",\"potentialAction\":[{\"@type\":\"SearchAction\",\"target\":{\"@type\":\"EntryPoint\",\"urlTemplate\":\"https:\/\/conversesacatalunya.cat\/?s={search_term_string}\"},\"query-input\":{\"@type\":\"PropertyValueSpecification\",\"valueRequired\":true,\"valueName\":\"search_term_string\"}}],\"inLanguage\":\"es\"},{\"@type\":\"Person\",\"@id\":\"https:\/\/conversesacatalunya.cat\/#\/schema\/person\/7e24d1e54a2785373ddcb275eae5ed99\",\"name\":\"conversesacatalunya\",\"image\":{\"@type\":\"ImageObject\",\"inLanguage\":\"es\",\"@id\":\"https:\/\/conversesacatalunya.cat\/#\/schema\/person\/image\/\",\"url\":\"https:\/\/conversesacatalunya.cat\/wp-content\/litespeed\/avatar\/febdfeeec89d950f01c748045a981dd2.jpg?ver=1777314535\",\"contentUrl\":\"https:\/\/conversesacatalunya.cat\/wp-content\/litespeed\/avatar\/febdfeeec89d950f01c748045a981dd2.jpg?ver=1777314535\",\"caption\":\"conversesacatalunya\"},\"url\":\"https:\/\/conversesacatalunya.cat\/es\/author\/carme_catala\/\"}]}<\/script>\n<!-- \/ Yoast SEO plugin. -->","yoast_head_json":{"title":"La absoluci\u00f3n de Trapero, una patata caliente para el independentismo - Converses a Catalunya","description":"La absoluci\u00f3n de Trapero es en t\u00e9rminos pol\u00edticos una patata caliente para el independentismo por varias razones.","robots":{"index":"index","follow":"follow","max-snippet":"max-snippet:-1","max-image-preview":"max-image-preview:large","max-video-preview":"max-video-preview:-1"},"canonical":"https:\/\/conversesacatalunya.cat\/es\/absolucion-de-trapero\/","og_locale":"es_ES","og_type":"article","og_title":"La absoluci\u00f3n de Trapero, una patata caliente para el independentismo - Converses a Catalunya","og_description":"La absoluci\u00f3n de Trapero es en t\u00e9rminos pol\u00edticos una patata caliente para el independentismo por varias razones.","og_url":"https:\/\/conversesacatalunya.cat\/es\/absolucion-de-trapero\/","og_site_name":"Converses a Catalunya","article_published_time":"2020-10-23T14:42:55+00:00","og_image":[{"width":1199,"height":538,"url":"https:\/\/conversesacatalunya.cat\/wp-content\/uploads\/2020\/10\/absolucio-de-trapero.jpg","type":"image\/jpeg"}],"author":"conversesacatalunya","twitter_card":"summary_large_image","twitter_misc":{"Escrito por":"conversesacatalunya","Tiempo de lectura":"3 minutos"},"schema":{"@context":"https:\/\/schema.org","@graph":[{"@type":"Article","@id":"https:\/\/conversesacatalunya.cat\/es\/absolucion-de-trapero\/#article","isPartOf":{"@id":"https:\/\/conversesacatalunya.cat\/es\/absolucion-de-trapero\/"},"author":{"name":"conversesacatalunya","@id":"https:\/\/conversesacatalunya.cat\/#\/schema\/person\/7e24d1e54a2785373ddcb275eae5ed99"},"headline":"La absoluci\u00f3n de Trapero, una patata caliente para el independentismo","datePublished":"2020-10-23T14:42:55+00:00","mainEntityOfPage":{"@id":"https:\/\/conversesacatalunya.cat\/es\/absolucion-de-trapero\/"},"wordCount":655,"commentCount":0,"image":{"@id":"https:\/\/conversesacatalunya.cat\/es\/absolucion-de-trapero\/#primaryimage"},"thumbnailUrl":"https:\/\/conversesacatalunya.cat\/wp-content\/uploads\/2020\/10\/absolucio-de-trapero.jpg","keywords":["Juicio Josep Lluis Trapero"],"articleSection":["Punts clau del dia (ES)"],"inLanguage":"es","potentialAction":[{"@type":"CommentAction","name":"Comment","target":["https:\/\/conversesacatalunya.cat\/es\/absolucion-de-trapero\/#respond"]}]},{"@type":"WebPage","@id":"https:\/\/conversesacatalunya.cat\/es\/absolucion-de-trapero\/","url":"https:\/\/conversesacatalunya.cat\/es\/absolucion-de-trapero\/","name":"La absoluci\u00f3n de Trapero, una patata caliente para el independentismo - Converses a Catalunya","isPartOf":{"@id":"https:\/\/conversesacatalunya.cat\/#website"},"primaryImageOfPage":{"@id":"https:\/\/conversesacatalunya.cat\/es\/absolucion-de-trapero\/#primaryimage"},"image":{"@id":"https:\/\/conversesacatalunya.cat\/es\/absolucion-de-trapero\/#primaryimage"},"thumbnailUrl":"https:\/\/conversesacatalunya.cat\/wp-content\/uploads\/2020\/10\/absolucio-de-trapero.jpg","datePublished":"2020-10-23T14:42:55+00:00","author":{"@id":"https:\/\/conversesacatalunya.cat\/#\/schema\/person\/7e24d1e54a2785373ddcb275eae5ed99"},"description":"La absoluci\u00f3n de Trapero es en t\u00e9rminos pol\u00edticos una patata caliente para el independentismo por varias razones.","breadcrumb":{"@id":"https:\/\/conversesacatalunya.cat\/es\/absolucion-de-trapero\/#breadcrumb"},"inLanguage":"es","potentialAction":[{"@type":"ReadAction","target":["https:\/\/conversesacatalunya.cat\/es\/absolucion-de-trapero\/"]}]},{"@type":"ImageObject","inLanguage":"es","@id":"https:\/\/conversesacatalunya.cat\/es\/absolucion-de-trapero\/#primaryimage","url":"https:\/\/conversesacatalunya.cat\/wp-content\/uploads\/2020\/10\/absolucio-de-trapero.jpg","contentUrl":"https:\/\/conversesacatalunya.cat\/wp-content\/uploads\/2020\/10\/absolucio-de-trapero.jpg","width":1199,"height":538,"caption":"absoluci\u00f3 de trapero"},{"@type":"BreadcrumbList","@id":"https:\/\/conversesacatalunya.cat\/es\/absolucion-de-trapero\/#breadcrumb","itemListElement":[{"@type":"ListItem","position":1,"name":"Inici","item":"https:\/\/conversesacatalunya.cat\/es\/"},{"@type":"ListItem","position":2,"name":"La absoluci\u00f3n de Trapero, una patata caliente para el independentismo"}]},{"@type":"WebSite","@id":"https:\/\/conversesacatalunya.cat\/#website","url":"https:\/\/conversesacatalunya.cat\/","name":"Converses a Catalunya","description":"","potentialAction":[{"@type":"SearchAction","target":{"@type":"EntryPoint","urlTemplate":"https:\/\/conversesacatalunya.cat\/?s={search_term_string}"},"query-input":{"@type":"PropertyValueSpecification","valueRequired":true,"valueName":"search_term_string"}}],"inLanguage":"es"},{"@type":"Person","@id":"https:\/\/conversesacatalunya.cat\/#\/schema\/person\/7e24d1e54a2785373ddcb275eae5ed99","name":"conversesacatalunya","image":{"@type":"ImageObject","inLanguage":"es","@id":"https:\/\/conversesacatalunya.cat\/#\/schema\/person\/image\/","url":"https:\/\/conversesacatalunya.cat\/wp-content\/litespeed\/avatar\/febdfeeec89d950f01c748045a981dd2.jpg?ver=1777314535","contentUrl":"https:\/\/conversesacatalunya.cat\/wp-content\/litespeed\/avatar\/febdfeeec89d950f01c748045a981dd2.jpg?ver=1777314535","caption":"conversesacatalunya"},"url":"https:\/\/conversesacatalunya.cat\/es\/author\/carme_catala\/"}]}},"wps_subtitle":"La absoluci\u00f3n de Trapero, formalmente bienvenida, como no pod\u00eda ser de otra manera, es en t\u00e9rminos pol\u00edticos una patata caliente para el independentismo por varias razones.","_links":{"self":[{"href":"https:\/\/conversesacatalunya.cat\/es\/wp-json\/wp\/v2\/posts\/41576","targetHints":{"allow":["GET"]}}],"collection":[{"href":"https:\/\/conversesacatalunya.cat\/es\/wp-json\/wp\/v2\/posts"}],"about":[{"href":"https:\/\/conversesacatalunya.cat\/es\/wp-json\/wp\/v2\/types\/post"}],"author":[{"embeddable":true,"href":"https:\/\/conversesacatalunya.cat\/es\/wp-json\/wp\/v2\/users\/2"}],"replies":[{"embeddable":true,"href":"https:\/\/conversesacatalunya.cat\/es\/wp-json\/wp\/v2\/comments?post=41576"}],"version-history":[{"count":2,"href":"https:\/\/conversesacatalunya.cat\/es\/wp-json\/wp\/v2\/posts\/41576\/revisions"}],"predecessor-version":[{"id":41578,"href":"https:\/\/conversesacatalunya.cat\/es\/wp-json\/wp\/v2\/posts\/41576\/revisions\/41578"}],"wp:featuredmedia":[{"embeddable":true,"href":"https:\/\/conversesacatalunya.cat\/es\/wp-json\/wp\/v2\/media\/41566"}],"wp:attachment":[{"href":"https:\/\/conversesacatalunya.cat\/es\/wp-json\/wp\/v2\/media?parent=41576"}],"wp:term":[{"taxonomy":"category","embeddable":true,"href":"https:\/\/conversesacatalunya.cat\/es\/wp-json\/wp\/v2\/categories?post=41576"},{"taxonomy":"post_tag","embeddable":true,"href":"https:\/\/conversesacatalunya.cat\/es\/wp-json\/wp\/v2\/tags?post=41576"}],"curies":[{"name":"wp","href":"https:\/\/api.w.org\/{rel}","templated":true}]}}