{"id":41551,"date":"2020-10-22T12:38:09","date_gmt":"2020-10-22T10:38:09","guid":{"rendered":"https:\/\/conversesacatalunya.cat\/eua-ultima-hora-trump-perd-pero\/"},"modified":"2020-10-22T18:12:37","modified_gmt":"2020-10-22T16:12:37","slug":"eeuu-ultima-hora-trump-pierde-pero","status":"publish","type":"post","link":"https:\/\/conversesacatalunya.cat\/es\/eeuu-ultima-hora-trump-pierde-pero\/","title":{"rendered":"EEUU \u00faltima hora: Trump pierde, pero&#8230;"},"content":{"rendered":"<p>Con las cifras que utilizan todos los expertos y las proyecciones que utilizan, a estas alturas <strong>Trump ha perdido la carrera a la Casa Blanca<\/strong> y no ser\u00e1 reelegido.<\/p>\n<p>Los votos electorales, es decir los votos en que se traduce para cada estado la votaci\u00f3n de los ciudadanos, no s\u00f3lo son claramente favorables a Biden, sino que las proyecciones ya le dan un n\u00famero superior al necesario. Es decir por encima de los <strong>270 votos electorales de los 538<\/strong> <strong>totales<\/strong> que se disputan, repartidos en el conjunto de los estados en funci\u00f3n de su poblaci\u00f3n, pero asignando un m\u00ednimo de 3 a todos.<\/p>\n<p>Como se sabe, el voto popular se traduce en voto electoral y el que gana se lleva todos los votos del estado excepto en dos casos poco significativos: Maine y Nebraska, en los que hay una cierta distribuci\u00f3n. En estos momentos Trump estar\u00eda en los 204 votos, lejos por tanto de la cifra necesaria y no s\u00f3lo eso, sino que hay unos estados decisivos en los que pr\u00e1cticamente est\u00e1n empatados: <strong>Florida, Georgia, Iowa, Ohio y Texas<\/strong>, donde las cifras se mueven entre el 48 y 49% a ambos lados. Se dice que quien gana Ohio gana las elecciones, pero est\u00e1 claro en este caso que antes, Trump debe asegurarse que gana en los dos grandes estados de Florida y Texas, porque Nueva York y California, que son los otros dos grandes aportadores de votos electorales , son de siempre en los \u00faltimos tiempos irremisiblemente dem\u00f3cratas.<\/p>\n<p>Pero, si este es el panorama, <strong>\u00bfpor qu\u00e9 todav\u00eda hay un interrogante? <\/strong>Hay una raz\u00f3n hist\u00f3rica: la se\u00f1ora Clinton tambi\u00e9n part\u00eda de una clara ventaja y fue derrotada ocasionando un trauma extraordinario que a\u00fan perdura.<\/p>\n<p>La otra raz\u00f3n es m\u00e1s presente: se est\u00e1n produciendo cambios favorables a los <strong>republicanos en dos estados decisivos, como son Iowa y Ohio<\/strong>, lo que otorgar\u00eda la perspectiva de un <strong>cambio de tendencia<\/strong> en estos \u00faltimos d\u00edas. Este hecho preocupa tambi\u00e9n a la plana mayor dem\u00f3crata que tiene, adem\u00e1s, un candidato que no est\u00e1 por hacer demasiadas carreras de velocidad en la recta final.<\/p>\n<span class='bctt-click-to-tweet'><span class='bctt-ctt-text'><a href='https:\/\/twitter.com\/intent\/tweet?url=https%3A%2F%2Fconversesacatalunya.cat%2Fes%2Feeuu-ultima-hora-trump-pierde-pero%2F&#038;text=Con%20las%20cifras%20que%20utilizan%20todos%20los%20expertos%20y%20las%20proyecciones%20que%20utilizan%2C%20a%20estas%20alturas%20Trump%20ha%20perdido%20la%20carrera%20a%20la%20Casa%20Blanca%20y%20no%20ser%C3%A1%20reelegido&#038;via=conversesacat&#038;related=conversesacat' target='_blank'rel=\"noopener noreferrer\">Con las cifras que utilizan todos los expertos y las proyecciones que utilizan, a estas alturas Trump ha perdido la carrera a la Casa Blanca y no ser\u00e1 reelegido <\/a><\/span><a href='https:\/\/twitter.com\/intent\/tweet?url=https%3A%2F%2Fconversesacatalunya.cat%2Fes%2Feeuu-ultima-hora-trump-pierde-pero%2F&#038;text=Con%20las%20cifras%20que%20utilizan%20todos%20los%20expertos%20y%20las%20proyecciones%20que%20utilizan%2C%20a%20estas%20alturas%20Trump%20ha%20perdido%20la%20carrera%20a%20la%20Casa%20Blanca%20y%20no%20ser%C3%A1%20reelegido&#038;via=conversesacat&#038;related=conversesacat' target='_blank' class='bctt-ctt-btn'rel=\"noopener noreferrer\">Compartir en X<\/a><\/span>\n<div id=\"polls-77\" class=\"wp-polls\">\n\t<form id=\"polls_form_77\" class=\"wp-polls-form\" action=\"\/index.php\" method=\"post\">\n\t\t<p style=\"display: none;\"><input type=\"hidden\" id=\"poll_77_nonce\" name=\"wp-polls-nonce\" value=\"bbee118478\" \/><\/p>\n\t\t<p style=\"display: none;\"><input type=\"hidden\" name=\"poll_id\" value=\"77\" \/><\/p>\n\t\t<p style=\"text-align: center\"><strong>Est\u00e0s d'acord que el CGPJ pugui ser escollit per majoria simple en lloc de majoria qualificada com fins ara?<\/strong><\/p><div id=\"polls-77-ans\" class=\"wp-polls-ans\"><ul class=\"wp-polls-ul\">\n\t\t<li><input type=\"radio\" id=\"poll-answer-169\" name=\"poll_77\" value=\"169\" \/> <label for=\"poll-answer-169\">Si<\/label><\/li>\n\t\t<li><input type=\"radio\" id=\"poll-answer-170\" name=\"poll_77\" value=\"170\" \/> <label for=\"poll-answer-170\">No<\/label><\/li>\n\t\t<li><input type=\"radio\" id=\"poll-answer-171\" name=\"poll_77\" value=\"171\" \/> <label for=\"poll-answer-171\">No ho s\u00e9<\/label><\/li>\n\t\t<\/ul><p style=\"text-align: center\"><input type=\"button\" name=\"vote\" value=\"   Vota   \" class=\"Buttons\" onclick=\"poll_vote(77);\" \/><\/p><p style=\"text-align: center\"><a href=\"#ViewPollResults\" onclick=\"poll_result(77); return false;\" title=\"View Results Of This Poll\">Mira els resultats<\/a><\/p><\/div>\n\t<\/form>\n<\/div>\n<div id=\"polls-77-loading\" class=\"wp-polls-loading\"><img decoding=\"async\" data-src=\"https:\/\/conversesacatalunya.cat\/wp-content\/plugins\/wp-polls\/images\/loading.gif\" width=\"16\" height=\"16\" alt=\"Cargando ...\" title=\"Cargando ...\" class=\"wp-polls-image lazyload\" src=\"data:image\/svg+xml;base64,PHN2ZyB3aWR0aD0iMSIgaGVpZ2h0PSIxIiB4bWxucz0iaHR0cDovL3d3dy53My5vcmcvMjAwMC9zdmciPjwvc3ZnPg==\" style=\"--smush-placeholder-width: 16px; --smush-placeholder-aspect-ratio: 16\/16;\" \/>&nbsp;Cargando ...<\/div>\n\n<p>&nbsp;<\/p>\n","protected":false},"excerpt":{"rendered":"<p>Con las cifras que utilizan todos los expertos y las proyecciones que utilizan, a estas alturas Trump ha perdido la carrera a la Casa Blanca y no ser\u00e1 reelegido. Los votos electorales, es decir los votos en que se traduce para cada estado la votaci\u00f3n de los ciudadanos, no s\u00f3lo son claramente favorables a Biden, sino que las proyecciones ya le dan un n\u00famero superior al necesario. Es decir por encima de los 270 votos electorales de los 538 totales que se disputan, repartidos en el conjunto de los estados en funci\u00f3n de su poblaci\u00f3n, pero asignando un m\u00ednimo de 3 a todos. Como se sabe, el voto popular se traduce en voto electoral y el que gana se lleva todos los votos del estado excepto en dos casos poco significativos: Maine y Nebraska, en los que hay una cierta distribuci\u00f3n. En estos momentos Trump estar\u00eda en los 204 votos, lejos por tanto de la cifra necesaria y no s\u00f3lo eso, sino que hay unos estados decisivos en los que pr\u00e1cticamente est\u00e1n empatados: Florida, Georgia, Iowa, Ohio y Texas, donde las cifras se mueven entre el 48 y 49% a ambos lados. Se dice que quien gana Ohio gana las elecciones, pero est\u00e1 claro en este caso que antes, Trump debe asegurarse que gana en los dos grandes estados de Florida y Texas, porque Nueva York y California, que son los otros dos grandes aportadores de votos electorales , son de siempre en los \u00faltimos tiempos irremisiblemente dem\u00f3cratas. Pero, si este es el panorama, \u00bfpor qu\u00e9 todav\u00eda hay un interrogante? Hay una raz\u00f3n hist\u00f3rica: la se\u00f1ora Clinton tambi\u00e9n part\u00eda de una clara ventaja y fue derrotada ocasionando un trauma extraordinario que a\u00fan perdura. La otra raz\u00f3n es m\u00e1s presente: se est\u00e1n produciendo cambios favorables a los republicanos en dos estados decisivos, como son Iowa y Ohio, lo que otorgar\u00eda la perspectiva de un cambio de tendencia en estos \u00faltimos d\u00edas. Este hecho preocupa tambi\u00e9n a la plana mayor dem\u00f3crata que tiene, adem\u00e1s, un candidato que no est\u00e1 por hacer demasiadas carreras de velocidad en la recta final. &nbsp;<\/p>\n","protected":false},"author":2,"featured_media":41535,"comment_status":"open","ping_status":"open","sticky":false,"template":"","format":"standard","meta":{"_FSMCFIC_featured_image_caption":"","_FSMCFIC_featured_image_nocaption":"","_FSMCFIC_featured_image_hide":"","footnotes":""},"categories":[806],"tags":[963,1758,2033],"class_list":["post-41551","post","type-post","status-publish","format-standard","has-post-thumbnail","hentry","category-punts-claus-del-dia-es","tag-donald-trump-es","tag-elecciones-ee-uu","tag-joe-biden-es"],"yoast_head":"<!-- This site is optimized with the Yoast SEO plugin v26.8 - https:\/\/yoast.com\/product\/yoast-seo-wordpress\/ -->\n<title>EEUU \u00faltima hora: Trump pierde, pero... - Converses a Catalunya<\/title>\n<meta name=\"description\" content=\"Con las cifras que utilizan todos los expertos a estas altura,s Trump ha perdido la carrera a la Casa Blanca y no ser\u00e1 reelegido\" \/>\n<meta name=\"robots\" content=\"index, follow, max-snippet:-1, max-image-preview:large, max-video-preview:-1\" \/>\n<link rel=\"canonical\" href=\"https:\/\/conversesacatalunya.cat\/es\/eeuu-ultima-hora-trump-pierde-pero\/\" \/>\n<meta property=\"og:locale\" content=\"es_ES\" \/>\n<meta property=\"og:type\" content=\"article\" \/>\n<meta property=\"og:title\" content=\"EEUU \u00faltima hora: Trump pierde, pero... - Converses a Catalunya\" \/>\n<meta property=\"og:description\" content=\"Con las cifras que utilizan todos los expertos a estas altura,s Trump ha perdido la carrera a la Casa Blanca y no ser\u00e1 reelegido\" \/>\n<meta property=\"og:url\" content=\"https:\/\/conversesacatalunya.cat\/es\/eeuu-ultima-hora-trump-pierde-pero\/\" \/>\n<meta property=\"og:site_name\" content=\"Converses a Catalunya\" \/>\n<meta property=\"article:published_time\" content=\"2020-10-22T10:38:09+00:00\" \/>\n<meta property=\"article:modified_time\" content=\"2020-10-22T16:12:37+00:00\" \/>\n<meta property=\"og:image\" content=\"https:\/\/conversesacatalunya.cat\/wp-content\/uploads\/2020\/10\/trump-perd.jpg\" \/>\n\t<meta property=\"og:image:width\" content=\"1200\" \/>\n\t<meta property=\"og:image:height\" content=\"674\" \/>\n\t<meta property=\"og:image:type\" content=\"image\/jpeg\" \/>\n<meta name=\"author\" content=\"conversesacatalunya\" \/>\n<meta name=\"twitter:card\" content=\"summary_large_image\" \/>\n<meta name=\"twitter:label1\" content=\"Escrito por\" \/>\n\t<meta name=\"twitter:data1\" content=\"conversesacatalunya\" \/>\n\t<meta name=\"twitter:label2\" content=\"Tiempo de lectura\" \/>\n\t<meta name=\"twitter:data2\" content=\"2 minutos\" \/>\n<script type=\"application\/ld+json\" class=\"yoast-schema-graph\">{\"@context\":\"https:\/\/schema.org\",\"@graph\":[{\"@type\":\"Article\",\"@id\":\"https:\/\/conversesacatalunya.cat\/es\/eeuu-ultima-hora-trump-pierde-pero\/#article\",\"isPartOf\":{\"@id\":\"https:\/\/conversesacatalunya.cat\/es\/eeuu-ultima-hora-trump-pierde-pero\/\"},\"author\":{\"name\":\"conversesacatalunya\",\"@id\":\"https:\/\/conversesacatalunya.cat\/#\/schema\/person\/7e24d1e54a2785373ddcb275eae5ed99\"},\"headline\":\"EEUU \u00faltima hora: Trump pierde, pero&#8230;\",\"datePublished\":\"2020-10-22T10:38:09+00:00\",\"dateModified\":\"2020-10-22T16:12:37+00:00\",\"mainEntityOfPage\":{\"@id\":\"https:\/\/conversesacatalunya.cat\/es\/eeuu-ultima-hora-trump-pierde-pero\/\"},\"wordCount\":409,\"commentCount\":1,\"image\":{\"@id\":\"https:\/\/conversesacatalunya.cat\/es\/eeuu-ultima-hora-trump-pierde-pero\/#primaryimage\"},\"thumbnailUrl\":\"https:\/\/conversesacatalunya.cat\/wp-content\/uploads\/2020\/10\/trump-perd.jpg\",\"keywords\":[\"Donald Trump\",\"elecciones EE. UU.\",\"Joe Biden\"],\"articleSection\":[\"Punts clau del dia (ES)\"],\"inLanguage\":\"es\",\"potentialAction\":[{\"@type\":\"CommentAction\",\"name\":\"Comment\",\"target\":[\"https:\/\/conversesacatalunya.cat\/es\/eeuu-ultima-hora-trump-pierde-pero\/#respond\"]}]},{\"@type\":\"WebPage\",\"@id\":\"https:\/\/conversesacatalunya.cat\/es\/eeuu-ultima-hora-trump-pierde-pero\/\",\"url\":\"https:\/\/conversesacatalunya.cat\/es\/eeuu-ultima-hora-trump-pierde-pero\/\",\"name\":\"EEUU \u00faltima hora: Trump pierde, pero... - Converses a Catalunya\",\"isPartOf\":{\"@id\":\"https:\/\/conversesacatalunya.cat\/#website\"},\"primaryImageOfPage\":{\"@id\":\"https:\/\/conversesacatalunya.cat\/es\/eeuu-ultima-hora-trump-pierde-pero\/#primaryimage\"},\"image\":{\"@id\":\"https:\/\/conversesacatalunya.cat\/es\/eeuu-ultima-hora-trump-pierde-pero\/#primaryimage\"},\"thumbnailUrl\":\"https:\/\/conversesacatalunya.cat\/wp-content\/uploads\/2020\/10\/trump-perd.jpg\",\"datePublished\":\"2020-10-22T10:38:09+00:00\",\"dateModified\":\"2020-10-22T16:12:37+00:00\",\"author\":{\"@id\":\"https:\/\/conversesacatalunya.cat\/#\/schema\/person\/7e24d1e54a2785373ddcb275eae5ed99\"},\"description\":\"Con las cifras que utilizan todos los expertos a estas altura,s Trump ha perdido la carrera a la Casa Blanca y no ser\u00e1 reelegido\",\"breadcrumb\":{\"@id\":\"https:\/\/conversesacatalunya.cat\/es\/eeuu-ultima-hora-trump-pierde-pero\/#breadcrumb\"},\"inLanguage\":\"es\",\"potentialAction\":[{\"@type\":\"ReadAction\",\"target\":[\"https:\/\/conversesacatalunya.cat\/es\/eeuu-ultima-hora-trump-pierde-pero\/\"]}]},{\"@type\":\"ImageObject\",\"inLanguage\":\"es\",\"@id\":\"https:\/\/conversesacatalunya.cat\/es\/eeuu-ultima-hora-trump-pierde-pero\/#primaryimage\",\"url\":\"https:\/\/conversesacatalunya.cat\/wp-content\/uploads\/2020\/10\/trump-perd.jpg\",\"contentUrl\":\"https:\/\/conversesacatalunya.cat\/wp-content\/uploads\/2020\/10\/trump-perd.jpg\",\"width\":1200,\"height\":674,\"caption\":\"trump perd\"},{\"@type\":\"BreadcrumbList\",\"@id\":\"https:\/\/conversesacatalunya.cat\/es\/eeuu-ultima-hora-trump-pierde-pero\/#breadcrumb\",\"itemListElement\":[{\"@type\":\"ListItem\",\"position\":1,\"name\":\"Inici\",\"item\":\"https:\/\/conversesacatalunya.cat\/es\/\"},{\"@type\":\"ListItem\",\"position\":2,\"name\":\"EEUU \u00faltima hora: Trump pierde, pero&#8230;\"}]},{\"@type\":\"WebSite\",\"@id\":\"https:\/\/conversesacatalunya.cat\/#website\",\"url\":\"https:\/\/conversesacatalunya.cat\/\",\"name\":\"Converses a Catalunya\",\"description\":\"\",\"potentialAction\":[{\"@type\":\"SearchAction\",\"target\":{\"@type\":\"EntryPoint\",\"urlTemplate\":\"https:\/\/conversesacatalunya.cat\/?s={search_term_string}\"},\"query-input\":{\"@type\":\"PropertyValueSpecification\",\"valueRequired\":true,\"valueName\":\"search_term_string\"}}],\"inLanguage\":\"es\"},{\"@type\":\"Person\",\"@id\":\"https:\/\/conversesacatalunya.cat\/#\/schema\/person\/7e24d1e54a2785373ddcb275eae5ed99\",\"name\":\"conversesacatalunya\",\"image\":{\"@type\":\"ImageObject\",\"inLanguage\":\"es\",\"@id\":\"https:\/\/conversesacatalunya.cat\/#\/schema\/person\/image\/\",\"url\":\"https:\/\/conversesacatalunya.cat\/wp-content\/litespeed\/avatar\/febdfeeec89d950f01c748045a981dd2.jpg?ver=1777314535\",\"contentUrl\":\"https:\/\/conversesacatalunya.cat\/wp-content\/litespeed\/avatar\/febdfeeec89d950f01c748045a981dd2.jpg?ver=1777314535\",\"caption\":\"conversesacatalunya\"},\"url\":\"https:\/\/conversesacatalunya.cat\/es\/author\/carme_catala\/\"}]}<\/script>\n<!-- \/ Yoast SEO plugin. -->","yoast_head_json":{"title":"EEUU \u00faltima hora: Trump pierde, pero... - Converses a Catalunya","description":"Con las cifras que utilizan todos los expertos a estas altura,s Trump ha perdido la carrera a la Casa Blanca y no ser\u00e1 reelegido","robots":{"index":"index","follow":"follow","max-snippet":"max-snippet:-1","max-image-preview":"max-image-preview:large","max-video-preview":"max-video-preview:-1"},"canonical":"https:\/\/conversesacatalunya.cat\/es\/eeuu-ultima-hora-trump-pierde-pero\/","og_locale":"es_ES","og_type":"article","og_title":"EEUU \u00faltima hora: Trump pierde, pero... - Converses a Catalunya","og_description":"Con las cifras que utilizan todos los expertos a estas altura,s Trump ha perdido la carrera a la Casa Blanca y no ser\u00e1 reelegido","og_url":"https:\/\/conversesacatalunya.cat\/es\/eeuu-ultima-hora-trump-pierde-pero\/","og_site_name":"Converses a Catalunya","article_published_time":"2020-10-22T10:38:09+00:00","article_modified_time":"2020-10-22T16:12:37+00:00","og_image":[{"width":1200,"height":674,"url":"https:\/\/conversesacatalunya.cat\/wp-content\/uploads\/2020\/10\/trump-perd.jpg","type":"image\/jpeg"}],"author":"conversesacatalunya","twitter_card":"summary_large_image","twitter_misc":{"Escrito por":"conversesacatalunya","Tiempo de lectura":"2 minutos"},"schema":{"@context":"https:\/\/schema.org","@graph":[{"@type":"Article","@id":"https:\/\/conversesacatalunya.cat\/es\/eeuu-ultima-hora-trump-pierde-pero\/#article","isPartOf":{"@id":"https:\/\/conversesacatalunya.cat\/es\/eeuu-ultima-hora-trump-pierde-pero\/"},"author":{"name":"conversesacatalunya","@id":"https:\/\/conversesacatalunya.cat\/#\/schema\/person\/7e24d1e54a2785373ddcb275eae5ed99"},"headline":"EEUU \u00faltima hora: Trump pierde, pero&#8230;","datePublished":"2020-10-22T10:38:09+00:00","dateModified":"2020-10-22T16:12:37+00:00","mainEntityOfPage":{"@id":"https:\/\/conversesacatalunya.cat\/es\/eeuu-ultima-hora-trump-pierde-pero\/"},"wordCount":409,"commentCount":1,"image":{"@id":"https:\/\/conversesacatalunya.cat\/es\/eeuu-ultima-hora-trump-pierde-pero\/#primaryimage"},"thumbnailUrl":"https:\/\/conversesacatalunya.cat\/wp-content\/uploads\/2020\/10\/trump-perd.jpg","keywords":["Donald Trump","elecciones EE. UU.","Joe Biden"],"articleSection":["Punts clau del dia (ES)"],"inLanguage":"es","potentialAction":[{"@type":"CommentAction","name":"Comment","target":["https:\/\/conversesacatalunya.cat\/es\/eeuu-ultima-hora-trump-pierde-pero\/#respond"]}]},{"@type":"WebPage","@id":"https:\/\/conversesacatalunya.cat\/es\/eeuu-ultima-hora-trump-pierde-pero\/","url":"https:\/\/conversesacatalunya.cat\/es\/eeuu-ultima-hora-trump-pierde-pero\/","name":"EEUU \u00faltima hora: Trump pierde, pero... - Converses a Catalunya","isPartOf":{"@id":"https:\/\/conversesacatalunya.cat\/#website"},"primaryImageOfPage":{"@id":"https:\/\/conversesacatalunya.cat\/es\/eeuu-ultima-hora-trump-pierde-pero\/#primaryimage"},"image":{"@id":"https:\/\/conversesacatalunya.cat\/es\/eeuu-ultima-hora-trump-pierde-pero\/#primaryimage"},"thumbnailUrl":"https:\/\/conversesacatalunya.cat\/wp-content\/uploads\/2020\/10\/trump-perd.jpg","datePublished":"2020-10-22T10:38:09+00:00","dateModified":"2020-10-22T16:12:37+00:00","author":{"@id":"https:\/\/conversesacatalunya.cat\/#\/schema\/person\/7e24d1e54a2785373ddcb275eae5ed99"},"description":"Con las cifras que utilizan todos los expertos a estas altura,s Trump ha perdido la carrera a la Casa Blanca y no ser\u00e1 reelegido","breadcrumb":{"@id":"https:\/\/conversesacatalunya.cat\/es\/eeuu-ultima-hora-trump-pierde-pero\/#breadcrumb"},"inLanguage":"es","potentialAction":[{"@type":"ReadAction","target":["https:\/\/conversesacatalunya.cat\/es\/eeuu-ultima-hora-trump-pierde-pero\/"]}]},{"@type":"ImageObject","inLanguage":"es","@id":"https:\/\/conversesacatalunya.cat\/es\/eeuu-ultima-hora-trump-pierde-pero\/#primaryimage","url":"https:\/\/conversesacatalunya.cat\/wp-content\/uploads\/2020\/10\/trump-perd.jpg","contentUrl":"https:\/\/conversesacatalunya.cat\/wp-content\/uploads\/2020\/10\/trump-perd.jpg","width":1200,"height":674,"caption":"trump perd"},{"@type":"BreadcrumbList","@id":"https:\/\/conversesacatalunya.cat\/es\/eeuu-ultima-hora-trump-pierde-pero\/#breadcrumb","itemListElement":[{"@type":"ListItem","position":1,"name":"Inici","item":"https:\/\/conversesacatalunya.cat\/es\/"},{"@type":"ListItem","position":2,"name":"EEUU \u00faltima hora: Trump pierde, pero&#8230;"}]},{"@type":"WebSite","@id":"https:\/\/conversesacatalunya.cat\/#website","url":"https:\/\/conversesacatalunya.cat\/","name":"Converses a Catalunya","description":"","potentialAction":[{"@type":"SearchAction","target":{"@type":"EntryPoint","urlTemplate":"https:\/\/conversesacatalunya.cat\/?s={search_term_string}"},"query-input":{"@type":"PropertyValueSpecification","valueRequired":true,"valueName":"search_term_string"}}],"inLanguage":"es"},{"@type":"Person","@id":"https:\/\/conversesacatalunya.cat\/#\/schema\/person\/7e24d1e54a2785373ddcb275eae5ed99","name":"conversesacatalunya","image":{"@type":"ImageObject","inLanguage":"es","@id":"https:\/\/conversesacatalunya.cat\/#\/schema\/person\/image\/","url":"https:\/\/conversesacatalunya.cat\/wp-content\/litespeed\/avatar\/febdfeeec89d950f01c748045a981dd2.jpg?ver=1777314535","contentUrl":"https:\/\/conversesacatalunya.cat\/wp-content\/litespeed\/avatar\/febdfeeec89d950f01c748045a981dd2.jpg?ver=1777314535","caption":"conversesacatalunya"},"url":"https:\/\/conversesacatalunya.cat\/es\/author\/carme_catala\/"}]}},"wps_subtitle":"","_links":{"self":[{"href":"https:\/\/conversesacatalunya.cat\/es\/wp-json\/wp\/v2\/posts\/41551","targetHints":{"allow":["GET"]}}],"collection":[{"href":"https:\/\/conversesacatalunya.cat\/es\/wp-json\/wp\/v2\/posts"}],"about":[{"href":"https:\/\/conversesacatalunya.cat\/es\/wp-json\/wp\/v2\/types\/post"}],"author":[{"embeddable":true,"href":"https:\/\/conversesacatalunya.cat\/es\/wp-json\/wp\/v2\/users\/2"}],"replies":[{"embeddable":true,"href":"https:\/\/conversesacatalunya.cat\/es\/wp-json\/wp\/v2\/comments?post=41551"}],"version-history":[{"count":2,"href":"https:\/\/conversesacatalunya.cat\/es\/wp-json\/wp\/v2\/posts\/41551\/revisions"}],"predecessor-version":[{"id":41553,"href":"https:\/\/conversesacatalunya.cat\/es\/wp-json\/wp\/v2\/posts\/41551\/revisions\/41553"}],"wp:featuredmedia":[{"embeddable":true,"href":"https:\/\/conversesacatalunya.cat\/es\/wp-json\/wp\/v2\/media\/41535"}],"wp:attachment":[{"href":"https:\/\/conversesacatalunya.cat\/es\/wp-json\/wp\/v2\/media?parent=41551"}],"wp:term":[{"taxonomy":"category","embeddable":true,"href":"https:\/\/conversesacatalunya.cat\/es\/wp-json\/wp\/v2\/categories?post=41551"},{"taxonomy":"post_tag","embeddable":true,"href":"https:\/\/conversesacatalunya.cat\/es\/wp-json\/wp\/v2\/tags?post=41551"}],"curies":[{"name":"wp","href":"https:\/\/api.w.org\/{rel}","templated":true}]}}