{"id":41496,"date":"2020-10-20T22:41:10","date_gmt":"2020-10-20T20:41:10","guid":{"rendered":"https:\/\/conversesacatalunya.cat\/europa-dirigeix-segona-recessio\/"},"modified":"2020-10-21T16:44:22","modified_gmt":"2020-10-21T14:44:22","slug":"europa-se-dirige-hacia-una-segunda-recesion-antes-de-final-de-ano","status":"publish","type":"post","link":"https:\/\/conversesacatalunya.cat\/es\/europa-se-dirige-hacia-una-segunda-recesion-antes-de-final-de-ano\/","title":{"rendered":"Europa se dirige hacia una segunda recesi\u00f3n antes de final de a\u00f1o"},"content":{"rendered":"<p><strong>La econom\u00eda europea se podr\u00eda estar dirigiendo hacia una nueva recesi\u00f3n<\/strong> <strong>a finales de a\u00f1o<\/strong>, <a href=\"https:\/\/www.ft.com\/content\/700355e2-362c-4f9f-a24e-ddc9f6ea9cb0\" target=\"_blank\" rel=\"noopener noreferrer\">publica<\/a>\u00a0el <em>Financial Times.<\/em><\/p>\n<p>Seg\u00fan el rotativo brit\u00e1nico, el alza del n\u00famero de casos de Covid-19 y las nuevas restricciones a la movilidad pueden conducir los pa\u00edses europeos a una tasa de crecimiento negativa este \u00faltimo trimestre del a\u00f1o.<\/p>\n<p>La semana pasada, <strong>Alemania, Francia, Reino Unido, Italia, Espa\u00f1a y los Pa\u00edses Bajos<\/strong> anunciaron nuevas restricciones para contener el n\u00famero de infecciones. Otras medidas, como un toque de queda en Espa\u00f1a, parecen estar prepar\u00e1ndose.<\/p>\n<p>Katharina Uterm\u00f6hl, economista senior de Allianz, afirma no poder creer \u00abla velocidad con que la segunda oleada [de Covid-19] ha golpeado\u00bb.<\/p>\n<p>Esta experta admite que las cifras negativas vuelven a aparecer sobre las previsiones de crecimiento para el cuarto trimestre en varios pa\u00edses. Y que por lo tanto otra recesi\u00f3n, la segunda en menos de un a\u00f1o, es \u00abperfectamente posible\u00bb.<\/p>\n<p>Consultada por el <em>Financial Times<\/em>, Lena Komileva, economista jefe del gabinete G + Economics, asegura que \u00ab<strong>el confinamiento de negocios y el choque sobre la confianza hacen que el escenario de una doble recesi\u00f3n sea [ahora] el central<\/strong>\u00ab.<\/p>\n<p>El tercer trimestre del a\u00f1o ha estado marcado en todo el Viejo Continente por una fuerte reanudaci\u00f3n de la actividad econ\u00f3mica, ayudada en buena medida por el per\u00edodo estival y los frutos de muchas semanas de confinamiento y paradas de la producci\u00f3n. Ahora se est\u00e1 dando marcha atr\u00e1s.<\/p>\n<p>Son muy malas noticias <strong>para \u00a0el Banco Central Europeo (BCE),<\/strong> que preve\u00eda hace tan s\u00f3lo unas semanas que el \u00faltimo trimestre del 2020 terminar\u00eda en positivo, con un crecimiento de un 3%.<\/p>\n<p>No solo est\u00e1 en grave peligro esta previsi\u00f3n, sino que de confirmarse, <strong>parece muy dif\u00edcil que la econom\u00eda de la eurozona vuelva a los niveles previos a la epidemia en 2022 como el BCE hab\u00eda previamente anunciado.<\/strong><\/p>\n<p>Otra previsi\u00f3n pesimista que se est\u00e1 cumpliendo es la <u>deflaci\u00f3n<\/u> o ca\u00edda general de precios. El septiembre pasado fue el segundo mes consecutivo en que los precios en la eurozona bajaron, llegando a su nivel m\u00ednimo de los \u00faltimos 4 a\u00f1os.<\/p>\n<p>Todo ello <strong>a pesar de los est\u00edmulos lanzados por el BCE <\/strong>para promover el consumo y as\u00ed hacer remontar los precios. Los economistas consideran que una deflaci\u00f3n prolongada es nociva para la econom\u00eda, porque la expectativa de que los precios sigan bajos en el futuro hace que consumidores y empresas no compren ni inviertan.<\/p>\n<p>Mientras tanto, la medida estrella de la Uni\u00f3n Europea para hacer frente a las consecuencias econ\u00f3micas de la pandemia, el Fondo Europeo de Recuperaci\u00f3n, sigue debati\u00e9ndose. Y no se espera que empiece a distribuir dinero hasta dentro de pr\u00e1cticamente un a\u00f1o<strong>.<\/strong> Durante este periodo de traves\u00eda del desierto, <strong>los gobiernos deber\u00e1n hacer lo posible para limitar el desastre econ\u00f3mico en sus respectivos pa\u00edses<\/strong>. De momento, la mayor parte de los socios europeos parecen contrarios a nuevos confinamientos generalizados por miedo a da\u00f1ar demasiado la econom\u00eda.<\/p>\n<p>De momento, la \u00fanica excepci\u00f3n a esta regla ha sido Irlanda. Pero no es casualidad que sea, junto con Lituania, el pa\u00eds europeo donde menos se contraer\u00e1 el PIB 2020 (tan s\u00f3lo un 3% seg\u00fan las \u00faltimas estimaciones del <a href=\"https:\/\/www.imf.org\/en\/Publications\/WEO\/Issues\/2020\/09\/30\/world-economic-outlook-october-2020\" target=\"_blank\" rel=\"noopener noreferrer\">FMI<\/a>).<\/p>\n<p>Con o sin confinamiento, los economistas est\u00e1n de acuerdo en afirmar que el simple hecho de que los casos de Covid-19 aumenten es en s\u00ed mismo un desincentivo para el consumo y por tanto para la actividad econ\u00f3mica en general.<\/p>\n<p>De hecho, el clima de incertidumbre que se cierne desde el comienzo de la pandemia <strong>ha hecho aumentar de forma hist\u00f3rica el ahorro de los europeos. <\/strong>Pero tener tanto dinero inactivo es otro de los factores que contribuye a la deflaci\u00f3n y las malas previsiones de crecimiento.<\/p>\n<p>Tambi\u00e9n hay que decir que, en caso de producirse, una segunda recesi\u00f3n en el \u00faltimo trimestre del a\u00f1o <strong>no afectar\u00eda igual a todos los sectores<\/strong>. Mientras la <a href=\"https:\/\/www.ft.com\/content\/700355e2-362c-4f9f-a24e-ddc9f6ea9cb0\" target=\"_blank\" rel=\"noopener noreferrer\">producci\u00f3n industrial<\/a> parece aguantar esta vez el ritmo reanudado este verano gracias a la reapertura de los mercados asi\u00e1ticos, los <a href=\"https:\/\/www.ft.com\/content\/1c427f89-f9ad-461b-a445-4b0011dcbc9d\" target=\"_blank\" rel=\"noopener noreferrer\">servicios<\/a> y en particular los vinculados al turismo y la hosteler\u00eda se ver\u00edan a\u00fan m\u00e1s afectados.<\/p>\n<p>Son malas noticias para Espa\u00f1a en general y Catalu\u00f1a en particular.<\/p>\n<p style=\"text-align: center;\">M\u00e1s informaci\u00f3n sobre el coronavirus en <a href=\"https:\/\/conversesacatalunya.cat\/es\/coronavirus\/\" target=\"_blank\" rel=\"noopener noreferrer\">ESPECIAL CORONAVIRUS<\/a><\/p>\n<div id=\"polls-77\" class=\"wp-polls\">\n\t<form id=\"polls_form_77\" class=\"wp-polls-form\" action=\"\/index.php\" method=\"post\">\n\t\t<p style=\"display: none;\"><input type=\"hidden\" id=\"poll_77_nonce\" name=\"wp-polls-nonce\" value=\"c363ac397b\" \/><\/p>\n\t\t<p style=\"display: none;\"><input type=\"hidden\" name=\"poll_id\" value=\"77\" \/><\/p>\n\t\t<p style=\"text-align: center\"><strong>Est\u00e0s d'acord que el CGPJ pugui ser escollit per majoria simple en lloc de majoria qualificada com fins ara?<\/strong><\/p><div id=\"polls-77-ans\" class=\"wp-polls-ans\"><ul class=\"wp-polls-ul\">\n\t\t<li><input type=\"radio\" id=\"poll-answer-169\" name=\"poll_77\" value=\"169\" \/> <label for=\"poll-answer-169\">Si<\/label><\/li>\n\t\t<li><input type=\"radio\" id=\"poll-answer-170\" name=\"poll_77\" value=\"170\" \/> <label for=\"poll-answer-170\">No<\/label><\/li>\n\t\t<li><input type=\"radio\" id=\"poll-answer-171\" name=\"poll_77\" value=\"171\" \/> <label for=\"poll-answer-171\">No ho s\u00e9<\/label><\/li>\n\t\t<\/ul><p style=\"text-align: center\"><input type=\"button\" name=\"vote\" value=\"   Vota   \" class=\"Buttons\" onclick=\"poll_vote(77);\" \/><\/p><p style=\"text-align: center\"><a href=\"#ViewPollResults\" onclick=\"poll_result(77); return false;\" title=\"View Results Of This Poll\">Mira els resultats<\/a><\/p><\/div>\n\t<\/form>\n<\/div>\n<div id=\"polls-77-loading\" class=\"wp-polls-loading\"><img decoding=\"async\" data-src=\"https:\/\/conversesacatalunya.cat\/wp-content\/plugins\/wp-polls\/images\/loading.gif\" width=\"16\" height=\"16\" alt=\"Cargando ...\" title=\"Cargando ...\" class=\"wp-polls-image lazyload\" src=\"data:image\/svg+xml;base64,PHN2ZyB3aWR0aD0iMSIgaGVpZ2h0PSIxIiB4bWxucz0iaHR0cDovL3d3dy53My5vcmcvMjAwMC9zdmciPjwvc3ZnPg==\" style=\"--smush-placeholder-width: 16px; --smush-placeholder-aspect-ratio: 16\/16;\" \/>&nbsp;Cargando ...<\/div>\n\n<p>&nbsp;<\/p>\n","protected":false},"excerpt":{"rendered":"<p>La econom\u00eda europea se podr\u00eda estar dirigiendo hacia una nueva recesi\u00f3n a finales de a\u00f1o, publica\u00a0el Financial Times. Seg\u00fan el rotativo brit\u00e1nico, el alza del n\u00famero de casos de Covid-19 y las nuevas restricciones a la movilidad pueden conducir los pa\u00edses europeos a una tasa de crecimiento negativa este \u00faltimo trimestre del a\u00f1o. La semana pasada, Alemania, Francia, Reino Unido, Italia, Espa\u00f1a y los Pa\u00edses Bajos anunciaron nuevas restricciones para contener el n\u00famero de infecciones. Otras medidas, como un toque de queda en Espa\u00f1a, parecen estar prepar\u00e1ndose. Katharina Uterm\u00f6hl, economista senior de Allianz, afirma no poder creer \u00abla velocidad con que la segunda oleada [de Covid-19] ha golpeado\u00bb. Esta experta admite que las cifras negativas vuelven a aparecer sobre las previsiones de crecimiento para el cuarto trimestre en varios pa\u00edses. Y que por lo tanto otra recesi\u00f3n, la segunda en menos de un a\u00f1o, es \u00abperfectamente posible\u00bb. Consultada por el Financial Times, Lena Komileva, economista jefe del gabinete G + Economics, asegura que \u00abel confinamiento de negocios y el choque sobre la confianza hacen que el escenario de una doble recesi\u00f3n sea [ahora] el central\u00ab. El tercer trimestre del a\u00f1o ha estado marcado en todo el Viejo Continente por una fuerte reanudaci\u00f3n de la actividad econ\u00f3mica, ayudada en buena medida por el per\u00edodo estival y los frutos de muchas semanas de confinamiento y paradas de la producci\u00f3n. Ahora se est\u00e1 dando marcha atr\u00e1s. Son muy malas noticias para \u00a0el Banco Central Europeo (BCE), que preve\u00eda hace tan s\u00f3lo unas semanas que el \u00faltimo trimestre del 2020 terminar\u00eda en positivo, con un crecimiento de un 3%. No solo est\u00e1 en grave peligro esta previsi\u00f3n, sino que de confirmarse, parece muy dif\u00edcil que la econom\u00eda de la eurozona vuelva a los niveles previos a la epidemia en 2022 como el BCE hab\u00eda previamente anunciado. Otra previsi\u00f3n pesimista que se est\u00e1 cumpliendo es la deflaci\u00f3n o ca\u00edda general de precios. El septiembre pasado fue el segundo mes consecutivo en que los precios en la eurozona bajaron, llegando a su nivel m\u00ednimo de los \u00faltimos 4 a\u00f1os. Todo ello a pesar de los est\u00edmulos lanzados por el BCE para promover el consumo y as\u00ed hacer remontar los precios. Los economistas consideran que una deflaci\u00f3n prolongada es nociva para la econom\u00eda, porque la expectativa de que los precios sigan bajos en el futuro hace que consumidores y empresas no compren ni inviertan. Mientras tanto, la medida estrella de la Uni\u00f3n Europea para hacer frente a las consecuencias econ\u00f3micas de la pandemia, el Fondo Europeo de Recuperaci\u00f3n, sigue debati\u00e9ndose. Y no se espera que empiece a distribuir dinero hasta dentro de pr\u00e1cticamente un a\u00f1o. Durante este periodo de traves\u00eda del desierto, los gobiernos deber\u00e1n hacer lo posible para limitar el desastre econ\u00f3mico en sus respectivos pa\u00edses. De momento, la mayor parte de los socios europeos parecen contrarios a nuevos confinamientos generalizados por miedo a da\u00f1ar demasiado la econom\u00eda. De momento, la \u00fanica excepci\u00f3n a esta regla ha sido Irlanda. Pero no es casualidad que sea, junto con Lituania, el pa\u00eds europeo donde menos se contraer\u00e1 el PIB 2020 (tan s\u00f3lo un 3% seg\u00fan las \u00faltimas estimaciones del FMI). Con o sin confinamiento, los economistas est\u00e1n de acuerdo en afirmar que el simple hecho de que los casos de Covid-19 aumenten es en s\u00ed mismo un desincentivo para el consumo y por tanto para la actividad econ\u00f3mica en general. De hecho, el clima de incertidumbre que se cierne desde el comienzo de la pandemia ha hecho aumentar de forma hist\u00f3rica el ahorro de los europeos. Pero tener tanto dinero inactivo es otro de los factores que contribuye a la deflaci\u00f3n y las malas previsiones de crecimiento. Tambi\u00e9n hay que decir que, en caso de producirse, una segunda recesi\u00f3n en el \u00faltimo trimestre del a\u00f1o no afectar\u00eda igual a todos los sectores. Mientras la producci\u00f3n industrial parece aguantar esta vez el ritmo reanudado este verano gracias a la reapertura de los mercados asi\u00e1ticos, los servicios y en particular los vinculados al turismo y la hosteler\u00eda se ver\u00edan a\u00fan m\u00e1s afectados. Son malas noticias para Espa\u00f1a en general y Catalu\u00f1a en particular. M\u00e1s informaci\u00f3n sobre el coronavirus en ESPECIAL CORONAVIRUS &nbsp;<\/p>\n","protected":false},"author":67,"featured_media":41455,"comment_status":"open","ping_status":"open","sticky":false,"template":"","format":"standard","meta":{"_FSMCFIC_featured_image_caption":"","_FSMCFIC_featured_image_nocaption":"","_FSMCFIC_featured_image_hide":"","footnotes":""},"categories":[806],"tags":[2011,3006],"class_list":["post-41496","post","type-post","status-publish","format-standard","has-post-thumbnail","hentry","category-punts-claus-del-dia-es","tag-banco-central-europeo","tag-crisis-coronavirus"],"yoast_head":"<!-- This site is optimized with the Yoast SEO plugin v26.8 - https:\/\/yoast.com\/product\/yoast-seo-wordpress\/ -->\n<title>Europa se dirige hacia una segunda recesi\u00f3n antes de final de a\u00f1o - Converses a Catalunya<\/title>\n<meta name=\"robots\" content=\"index, follow, max-snippet:-1, max-image-preview:large, max-video-preview:-1\" \/>\n<link rel=\"canonical\" href=\"https:\/\/conversesacatalunya.cat\/es\/europa-se-dirige-hacia-una-segunda-recesion-antes-de-final-de-ano\/\" \/>\n<meta property=\"og:locale\" content=\"es_ES\" \/>\n<meta property=\"og:type\" content=\"article\" \/>\n<meta property=\"og:title\" content=\"Europa se dirige hacia una segunda recesi\u00f3n antes de final de a\u00f1o - Converses a Catalunya\" \/>\n<meta property=\"og:description\" content=\"La econom\u00eda europea se podr\u00eda estar dirigiendo hacia una nueva recesi\u00f3n a finales de a\u00f1o, publica\u00a0el Financial Times. Seg\u00fan el rotativo brit\u00e1nico, el alza del n\u00famero de casos de Covid-19 y las nuevas restricciones a la movilidad pueden conducir los pa\u00edses europeos a una tasa de crecimiento negativa este \u00faltimo trimestre del a\u00f1o. La semana pasada, Alemania, Francia, Reino Unido, Italia, Espa\u00f1a y los Pa\u00edses Bajos anunciaron nuevas restricciones para contener el n\u00famero de infecciones. Otras medidas, como un toque de queda en Espa\u00f1a, parecen estar prepar\u00e1ndose. Katharina Uterm\u00f6hl, economista senior de Allianz, afirma no poder creer \u00abla velocidad con que la segunda oleada [de Covid-19] ha golpeado\u00bb. Esta experta admite que las cifras negativas vuelven a aparecer sobre las previsiones de crecimiento para el cuarto trimestre en varios pa\u00edses. Y que por lo tanto otra recesi\u00f3n, la segunda en menos de un a\u00f1o, es \u00abperfectamente posible\u00bb. Consultada por el Financial Times, Lena Komileva, economista jefe del gabinete G + Economics, asegura que \u00abel confinamiento de negocios y el choque sobre la confianza hacen que el escenario de una doble recesi\u00f3n sea [ahora] el central\u00ab. El tercer trimestre del a\u00f1o ha estado marcado en todo el Viejo Continente por una fuerte reanudaci\u00f3n de la actividad econ\u00f3mica, ayudada en buena medida por el per\u00edodo estival y los frutos de muchas semanas de confinamiento y paradas de la producci\u00f3n. Ahora se est\u00e1 dando marcha atr\u00e1s. Son muy malas noticias para \u00a0el Banco Central Europeo (BCE), que preve\u00eda hace tan s\u00f3lo unas semanas que el \u00faltimo trimestre del 2020 terminar\u00eda en positivo, con un crecimiento de un 3%. No solo est\u00e1 en grave peligro esta previsi\u00f3n, sino que de confirmarse, parece muy dif\u00edcil que la econom\u00eda de la eurozona vuelva a los niveles previos a la epidemia en 2022 como el BCE hab\u00eda previamente anunciado. Otra previsi\u00f3n pesimista que se est\u00e1 cumpliendo es la deflaci\u00f3n o ca\u00edda general de precios. El septiembre pasado fue el segundo mes consecutivo en que los precios en la eurozona bajaron, llegando a su nivel m\u00ednimo de los \u00faltimos 4 a\u00f1os. Todo ello a pesar de los est\u00edmulos lanzados por el BCE para promover el consumo y as\u00ed hacer remontar los precios. Los economistas consideran que una deflaci\u00f3n prolongada es nociva para la econom\u00eda, porque la expectativa de que los precios sigan bajos en el futuro hace que consumidores y empresas no compren ni inviertan. Mientras tanto, la medida estrella de la Uni\u00f3n Europea para hacer frente a las consecuencias econ\u00f3micas de la pandemia, el Fondo Europeo de Recuperaci\u00f3n, sigue debati\u00e9ndose. Y no se espera que empiece a distribuir dinero hasta dentro de pr\u00e1cticamente un a\u00f1o. Durante este periodo de traves\u00eda del desierto, los gobiernos deber\u00e1n hacer lo posible para limitar el desastre econ\u00f3mico en sus respectivos pa\u00edses. De momento, la mayor parte de los socios europeos parecen contrarios a nuevos confinamientos generalizados por miedo a da\u00f1ar demasiado la econom\u00eda. De momento, la \u00fanica excepci\u00f3n a esta regla ha sido Irlanda. Pero no es casualidad que sea, junto con Lituania, el pa\u00eds europeo donde menos se contraer\u00e1 el PIB 2020 (tan s\u00f3lo un 3% seg\u00fan las \u00faltimas estimaciones del FMI). Con o sin confinamiento, los economistas est\u00e1n de acuerdo en afirmar que el simple hecho de que los casos de Covid-19 aumenten es en s\u00ed mismo un desincentivo para el consumo y por tanto para la actividad econ\u00f3mica en general. De hecho, el clima de incertidumbre que se cierne desde el comienzo de la pandemia ha hecho aumentar de forma hist\u00f3rica el ahorro de los europeos. Pero tener tanto dinero inactivo es otro de los factores que contribuye a la deflaci\u00f3n y las malas previsiones de crecimiento. Tambi\u00e9n hay que decir que, en caso de producirse, una segunda recesi\u00f3n en el \u00faltimo trimestre del a\u00f1o no afectar\u00eda igual a todos los sectores. Mientras la producci\u00f3n industrial parece aguantar esta vez el ritmo reanudado este verano gracias a la reapertura de los mercados asi\u00e1ticos, los servicios y en particular los vinculados al turismo y la hosteler\u00eda se ver\u00edan a\u00fan m\u00e1s afectados. Son malas noticias para Espa\u00f1a en general y Catalu\u00f1a en particular. M\u00e1s informaci\u00f3n sobre el coronavirus en ESPECIAL CORONAVIRUS &nbsp;\" \/>\n<meta property=\"og:url\" content=\"https:\/\/conversesacatalunya.cat\/es\/europa-se-dirige-hacia-una-segunda-recesion-antes-de-final-de-ano\/\" \/>\n<meta property=\"og:site_name\" content=\"Converses a Catalunya\" \/>\n<meta property=\"article:published_time\" content=\"2020-10-20T20:41:10+00:00\" \/>\n<meta property=\"article:modified_time\" content=\"2020-10-21T14:44:22+00:00\" \/>\n<meta property=\"og:image\" content=\"https:\/\/conversesacatalunya.cat\/wp-content\/uploads\/2020\/10\/barcelona.jpg\" \/>\n\t<meta property=\"og:image:width\" content=\"656\" \/>\n\t<meta property=\"og:image:height\" content=\"437\" \/>\n\t<meta property=\"og:image:type\" content=\"image\/jpeg\" \/>\n<meta name=\"author\" content=\"conversesacatalunya\" \/>\n<meta name=\"twitter:card\" content=\"summary_large_image\" \/>\n<meta name=\"twitter:label1\" content=\"Escrito por\" \/>\n\t<meta name=\"twitter:data1\" content=\"conversesacatalunya\" \/>\n\t<meta name=\"twitter:label2\" content=\"Tiempo de lectura\" \/>\n\t<meta name=\"twitter:data2\" content=\"4 minutos\" \/>\n<script type=\"application\/ld+json\" class=\"yoast-schema-graph\">{\"@context\":\"https:\/\/schema.org\",\"@graph\":[{\"@type\":\"Article\",\"@id\":\"https:\/\/conversesacatalunya.cat\/es\/europa-se-dirige-hacia-una-segunda-recesion-antes-de-final-de-ano\/#article\",\"isPartOf\":{\"@id\":\"https:\/\/conversesacatalunya.cat\/es\/europa-se-dirige-hacia-una-segunda-recesion-antes-de-final-de-ano\/\"},\"author\":{\"name\":\"conversesacatalunya\",\"@id\":\"https:\/\/conversesacatalunya.cat\/#\/schema\/person\/c5a8ffe796b1512764aeb6d6d6fa0fc7\"},\"headline\":\"Europa se dirige hacia una segunda recesi\u00f3n antes de final de a\u00f1o\",\"datePublished\":\"2020-10-20T20:41:10+00:00\",\"dateModified\":\"2020-10-21T14:44:22+00:00\",\"mainEntityOfPage\":{\"@id\":\"https:\/\/conversesacatalunya.cat\/es\/europa-se-dirige-hacia-una-segunda-recesion-antes-de-final-de-ano\/\"},\"wordCount\":776,\"commentCount\":0,\"image\":{\"@id\":\"https:\/\/conversesacatalunya.cat\/es\/europa-se-dirige-hacia-una-segunda-recesion-antes-de-final-de-ano\/#primaryimage\"},\"thumbnailUrl\":\"https:\/\/conversesacatalunya.cat\/wp-content\/uploads\/2020\/10\/barcelona.jpg\",\"keywords\":[\"Banco Central Europeo\",\"crisis coronavirus\"],\"articleSection\":[\"Punts clau del dia (ES)\"],\"inLanguage\":\"es\",\"potentialAction\":[{\"@type\":\"CommentAction\",\"name\":\"Comment\",\"target\":[\"https:\/\/conversesacatalunya.cat\/es\/europa-se-dirige-hacia-una-segunda-recesion-antes-de-final-de-ano\/#respond\"]}]},{\"@type\":\"WebPage\",\"@id\":\"https:\/\/conversesacatalunya.cat\/es\/europa-se-dirige-hacia-una-segunda-recesion-antes-de-final-de-ano\/\",\"url\":\"https:\/\/conversesacatalunya.cat\/es\/europa-se-dirige-hacia-una-segunda-recesion-antes-de-final-de-ano\/\",\"name\":\"Europa se dirige hacia una segunda recesi\u00f3n antes de final de a\u00f1o - Converses a Catalunya\",\"isPartOf\":{\"@id\":\"https:\/\/conversesacatalunya.cat\/#website\"},\"primaryImageOfPage\":{\"@id\":\"https:\/\/conversesacatalunya.cat\/es\/europa-se-dirige-hacia-una-segunda-recesion-antes-de-final-de-ano\/#primaryimage\"},\"image\":{\"@id\":\"https:\/\/conversesacatalunya.cat\/es\/europa-se-dirige-hacia-una-segunda-recesion-antes-de-final-de-ano\/#primaryimage\"},\"thumbnailUrl\":\"https:\/\/conversesacatalunya.cat\/wp-content\/uploads\/2020\/10\/barcelona.jpg\",\"datePublished\":\"2020-10-20T20:41:10+00:00\",\"dateModified\":\"2020-10-21T14:44:22+00:00\",\"author\":{\"@id\":\"https:\/\/conversesacatalunya.cat\/#\/schema\/person\/c5a8ffe796b1512764aeb6d6d6fa0fc7\"},\"breadcrumb\":{\"@id\":\"https:\/\/conversesacatalunya.cat\/es\/europa-se-dirige-hacia-una-segunda-recesion-antes-de-final-de-ano\/#breadcrumb\"},\"inLanguage\":\"es\",\"potentialAction\":[{\"@type\":\"ReadAction\",\"target\":[\"https:\/\/conversesacatalunya.cat\/es\/europa-se-dirige-hacia-una-segunda-recesion-antes-de-final-de-ano\/\"]}]},{\"@type\":\"ImageObject\",\"inLanguage\":\"es\",\"@id\":\"https:\/\/conversesacatalunya.cat\/es\/europa-se-dirige-hacia-una-segunda-recesion-antes-de-final-de-ano\/#primaryimage\",\"url\":\"https:\/\/conversesacatalunya.cat\/wp-content\/uploads\/2020\/10\/barcelona.jpg\",\"contentUrl\":\"https:\/\/conversesacatalunya.cat\/wp-content\/uploads\/2020\/10\/barcelona.jpg\",\"width\":656,\"height\":437},{\"@type\":\"BreadcrumbList\",\"@id\":\"https:\/\/conversesacatalunya.cat\/es\/europa-se-dirige-hacia-una-segunda-recesion-antes-de-final-de-ano\/#breadcrumb\",\"itemListElement\":[{\"@type\":\"ListItem\",\"position\":1,\"name\":\"Inici\",\"item\":\"https:\/\/conversesacatalunya.cat\/es\/\"},{\"@type\":\"ListItem\",\"position\":2,\"name\":\"Europa se dirige hacia una segunda recesi\u00f3n antes de final de a\u00f1o\"}]},{\"@type\":\"WebSite\",\"@id\":\"https:\/\/conversesacatalunya.cat\/#website\",\"url\":\"https:\/\/conversesacatalunya.cat\/\",\"name\":\"Converses a Catalunya\",\"description\":\"\",\"potentialAction\":[{\"@type\":\"SearchAction\",\"target\":{\"@type\":\"EntryPoint\",\"urlTemplate\":\"https:\/\/conversesacatalunya.cat\/?s={search_term_string}\"},\"query-input\":{\"@type\":\"PropertyValueSpecification\",\"valueRequired\":true,\"valueName\":\"search_term_string\"}}],\"inLanguage\":\"es\"},{\"@type\":\"Person\",\"@id\":\"https:\/\/conversesacatalunya.cat\/#\/schema\/person\/c5a8ffe796b1512764aeb6d6d6fa0fc7\",\"name\":\"conversesacatalunya\",\"image\":{\"@type\":\"ImageObject\",\"inLanguage\":\"es\",\"@id\":\"https:\/\/conversesacatalunya.cat\/#\/schema\/person\/image\/\",\"url\":\"https:\/\/conversesacatalunya.cat\/wp-content\/litespeed\/avatar\/02659ee938034c59a151ae106ade943e.jpg?ver=1777656597\",\"contentUrl\":\"https:\/\/conversesacatalunya.cat\/wp-content\/litespeed\/avatar\/02659ee938034c59a151ae106ade943e.jpg?ver=1777656597\",\"caption\":\"conversesacatalunya\"},\"url\":\"https:\/\/conversesacatalunya.cat\/es\/author\/carles_lopez\/\"}]}<\/script>\n<!-- \/ Yoast SEO plugin. -->","yoast_head_json":{"title":"Europa se dirige hacia una segunda recesi\u00f3n antes de final de a\u00f1o - Converses a Catalunya","robots":{"index":"index","follow":"follow","max-snippet":"max-snippet:-1","max-image-preview":"max-image-preview:large","max-video-preview":"max-video-preview:-1"},"canonical":"https:\/\/conversesacatalunya.cat\/es\/europa-se-dirige-hacia-una-segunda-recesion-antes-de-final-de-ano\/","og_locale":"es_ES","og_type":"article","og_title":"Europa se dirige hacia una segunda recesi\u00f3n antes de final de a\u00f1o - Converses a Catalunya","og_description":"La econom\u00eda europea se podr\u00eda estar dirigiendo hacia una nueva recesi\u00f3n a finales de a\u00f1o, publica\u00a0el Financial Times. Seg\u00fan el rotativo brit\u00e1nico, el alza del n\u00famero de casos de Covid-19 y las nuevas restricciones a la movilidad pueden conducir los pa\u00edses europeos a una tasa de crecimiento negativa este \u00faltimo trimestre del a\u00f1o. La semana pasada, Alemania, Francia, Reino Unido, Italia, Espa\u00f1a y los Pa\u00edses Bajos anunciaron nuevas restricciones para contener el n\u00famero de infecciones. Otras medidas, como un toque de queda en Espa\u00f1a, parecen estar prepar\u00e1ndose. Katharina Uterm\u00f6hl, economista senior de Allianz, afirma no poder creer \u00abla velocidad con que la segunda oleada [de Covid-19] ha golpeado\u00bb. Esta experta admite que las cifras negativas vuelven a aparecer sobre las previsiones de crecimiento para el cuarto trimestre en varios pa\u00edses. Y que por lo tanto otra recesi\u00f3n, la segunda en menos de un a\u00f1o, es \u00abperfectamente posible\u00bb. Consultada por el Financial Times, Lena Komileva, economista jefe del gabinete G + Economics, asegura que \u00abel confinamiento de negocios y el choque sobre la confianza hacen que el escenario de una doble recesi\u00f3n sea [ahora] el central\u00ab. El tercer trimestre del a\u00f1o ha estado marcado en todo el Viejo Continente por una fuerte reanudaci\u00f3n de la actividad econ\u00f3mica, ayudada en buena medida por el per\u00edodo estival y los frutos de muchas semanas de confinamiento y paradas de la producci\u00f3n. Ahora se est\u00e1 dando marcha atr\u00e1s. Son muy malas noticias para \u00a0el Banco Central Europeo (BCE), que preve\u00eda hace tan s\u00f3lo unas semanas que el \u00faltimo trimestre del 2020 terminar\u00eda en positivo, con un crecimiento de un 3%. No solo est\u00e1 en grave peligro esta previsi\u00f3n, sino que de confirmarse, parece muy dif\u00edcil que la econom\u00eda de la eurozona vuelva a los niveles previos a la epidemia en 2022 como el BCE hab\u00eda previamente anunciado. Otra previsi\u00f3n pesimista que se est\u00e1 cumpliendo es la deflaci\u00f3n o ca\u00edda general de precios. El septiembre pasado fue el segundo mes consecutivo en que los precios en la eurozona bajaron, llegando a su nivel m\u00ednimo de los \u00faltimos 4 a\u00f1os. Todo ello a pesar de los est\u00edmulos lanzados por el BCE para promover el consumo y as\u00ed hacer remontar los precios. Los economistas consideran que una deflaci\u00f3n prolongada es nociva para la econom\u00eda, porque la expectativa de que los precios sigan bajos en el futuro hace que consumidores y empresas no compren ni inviertan. Mientras tanto, la medida estrella de la Uni\u00f3n Europea para hacer frente a las consecuencias econ\u00f3micas de la pandemia, el Fondo Europeo de Recuperaci\u00f3n, sigue debati\u00e9ndose. Y no se espera que empiece a distribuir dinero hasta dentro de pr\u00e1cticamente un a\u00f1o. Durante este periodo de traves\u00eda del desierto, los gobiernos deber\u00e1n hacer lo posible para limitar el desastre econ\u00f3mico en sus respectivos pa\u00edses. De momento, la mayor parte de los socios europeos parecen contrarios a nuevos confinamientos generalizados por miedo a da\u00f1ar demasiado la econom\u00eda. De momento, la \u00fanica excepci\u00f3n a esta regla ha sido Irlanda. Pero no es casualidad que sea, junto con Lituania, el pa\u00eds europeo donde menos se contraer\u00e1 el PIB 2020 (tan s\u00f3lo un 3% seg\u00fan las \u00faltimas estimaciones del FMI). Con o sin confinamiento, los economistas est\u00e1n de acuerdo en afirmar que el simple hecho de que los casos de Covid-19 aumenten es en s\u00ed mismo un desincentivo para el consumo y por tanto para la actividad econ\u00f3mica en general. De hecho, el clima de incertidumbre que se cierne desde el comienzo de la pandemia ha hecho aumentar de forma hist\u00f3rica el ahorro de los europeos. Pero tener tanto dinero inactivo es otro de los factores que contribuye a la deflaci\u00f3n y las malas previsiones de crecimiento. Tambi\u00e9n hay que decir que, en caso de producirse, una segunda recesi\u00f3n en el \u00faltimo trimestre del a\u00f1o no afectar\u00eda igual a todos los sectores. Mientras la producci\u00f3n industrial parece aguantar esta vez el ritmo reanudado este verano gracias a la reapertura de los mercados asi\u00e1ticos, los servicios y en particular los vinculados al turismo y la hosteler\u00eda se ver\u00edan a\u00fan m\u00e1s afectados. Son malas noticias para Espa\u00f1a en general y Catalu\u00f1a en particular. M\u00e1s informaci\u00f3n sobre el coronavirus en ESPECIAL CORONAVIRUS &nbsp;","og_url":"https:\/\/conversesacatalunya.cat\/es\/europa-se-dirige-hacia-una-segunda-recesion-antes-de-final-de-ano\/","og_site_name":"Converses a Catalunya","article_published_time":"2020-10-20T20:41:10+00:00","article_modified_time":"2020-10-21T14:44:22+00:00","og_image":[{"width":656,"height":437,"url":"https:\/\/conversesacatalunya.cat\/wp-content\/uploads\/2020\/10\/barcelona.jpg","type":"image\/jpeg"}],"author":"conversesacatalunya","twitter_card":"summary_large_image","twitter_misc":{"Escrito por":"conversesacatalunya","Tiempo de lectura":"4 minutos"},"schema":{"@context":"https:\/\/schema.org","@graph":[{"@type":"Article","@id":"https:\/\/conversesacatalunya.cat\/es\/europa-se-dirige-hacia-una-segunda-recesion-antes-de-final-de-ano\/#article","isPartOf":{"@id":"https:\/\/conversesacatalunya.cat\/es\/europa-se-dirige-hacia-una-segunda-recesion-antes-de-final-de-ano\/"},"author":{"name":"conversesacatalunya","@id":"https:\/\/conversesacatalunya.cat\/#\/schema\/person\/c5a8ffe796b1512764aeb6d6d6fa0fc7"},"headline":"Europa se dirige hacia una segunda recesi\u00f3n antes de final de a\u00f1o","datePublished":"2020-10-20T20:41:10+00:00","dateModified":"2020-10-21T14:44:22+00:00","mainEntityOfPage":{"@id":"https:\/\/conversesacatalunya.cat\/es\/europa-se-dirige-hacia-una-segunda-recesion-antes-de-final-de-ano\/"},"wordCount":776,"commentCount":0,"image":{"@id":"https:\/\/conversesacatalunya.cat\/es\/europa-se-dirige-hacia-una-segunda-recesion-antes-de-final-de-ano\/#primaryimage"},"thumbnailUrl":"https:\/\/conversesacatalunya.cat\/wp-content\/uploads\/2020\/10\/barcelona.jpg","keywords":["Banco Central Europeo","crisis coronavirus"],"articleSection":["Punts clau del dia (ES)"],"inLanguage":"es","potentialAction":[{"@type":"CommentAction","name":"Comment","target":["https:\/\/conversesacatalunya.cat\/es\/europa-se-dirige-hacia-una-segunda-recesion-antes-de-final-de-ano\/#respond"]}]},{"@type":"WebPage","@id":"https:\/\/conversesacatalunya.cat\/es\/europa-se-dirige-hacia-una-segunda-recesion-antes-de-final-de-ano\/","url":"https:\/\/conversesacatalunya.cat\/es\/europa-se-dirige-hacia-una-segunda-recesion-antes-de-final-de-ano\/","name":"Europa se dirige hacia una segunda recesi\u00f3n antes de final de a\u00f1o - Converses a Catalunya","isPartOf":{"@id":"https:\/\/conversesacatalunya.cat\/#website"},"primaryImageOfPage":{"@id":"https:\/\/conversesacatalunya.cat\/es\/europa-se-dirige-hacia-una-segunda-recesion-antes-de-final-de-ano\/#primaryimage"},"image":{"@id":"https:\/\/conversesacatalunya.cat\/es\/europa-se-dirige-hacia-una-segunda-recesion-antes-de-final-de-ano\/#primaryimage"},"thumbnailUrl":"https:\/\/conversesacatalunya.cat\/wp-content\/uploads\/2020\/10\/barcelona.jpg","datePublished":"2020-10-20T20:41:10+00:00","dateModified":"2020-10-21T14:44:22+00:00","author":{"@id":"https:\/\/conversesacatalunya.cat\/#\/schema\/person\/c5a8ffe796b1512764aeb6d6d6fa0fc7"},"breadcrumb":{"@id":"https:\/\/conversesacatalunya.cat\/es\/europa-se-dirige-hacia-una-segunda-recesion-antes-de-final-de-ano\/#breadcrumb"},"inLanguage":"es","potentialAction":[{"@type":"ReadAction","target":["https:\/\/conversesacatalunya.cat\/es\/europa-se-dirige-hacia-una-segunda-recesion-antes-de-final-de-ano\/"]}]},{"@type":"ImageObject","inLanguage":"es","@id":"https:\/\/conversesacatalunya.cat\/es\/europa-se-dirige-hacia-una-segunda-recesion-antes-de-final-de-ano\/#primaryimage","url":"https:\/\/conversesacatalunya.cat\/wp-content\/uploads\/2020\/10\/barcelona.jpg","contentUrl":"https:\/\/conversesacatalunya.cat\/wp-content\/uploads\/2020\/10\/barcelona.jpg","width":656,"height":437},{"@type":"BreadcrumbList","@id":"https:\/\/conversesacatalunya.cat\/es\/europa-se-dirige-hacia-una-segunda-recesion-antes-de-final-de-ano\/#breadcrumb","itemListElement":[{"@type":"ListItem","position":1,"name":"Inici","item":"https:\/\/conversesacatalunya.cat\/es\/"},{"@type":"ListItem","position":2,"name":"Europa se dirige hacia una segunda recesi\u00f3n antes de final de a\u00f1o"}]},{"@type":"WebSite","@id":"https:\/\/conversesacatalunya.cat\/#website","url":"https:\/\/conversesacatalunya.cat\/","name":"Converses a Catalunya","description":"","potentialAction":[{"@type":"SearchAction","target":{"@type":"EntryPoint","urlTemplate":"https:\/\/conversesacatalunya.cat\/?s={search_term_string}"},"query-input":{"@type":"PropertyValueSpecification","valueRequired":true,"valueName":"search_term_string"}}],"inLanguage":"es"},{"@type":"Person","@id":"https:\/\/conversesacatalunya.cat\/#\/schema\/person\/c5a8ffe796b1512764aeb6d6d6fa0fc7","name":"conversesacatalunya","image":{"@type":"ImageObject","inLanguage":"es","@id":"https:\/\/conversesacatalunya.cat\/#\/schema\/person\/image\/","url":"https:\/\/conversesacatalunya.cat\/wp-content\/litespeed\/avatar\/02659ee938034c59a151ae106ade943e.jpg?ver=1777656597","contentUrl":"https:\/\/conversesacatalunya.cat\/wp-content\/litespeed\/avatar\/02659ee938034c59a151ae106ade943e.jpg?ver=1777656597","caption":"conversesacatalunya"},"url":"https:\/\/conversesacatalunya.cat\/es\/author\/carles_lopez\/"}]}},"wps_subtitle":"El aumento del n\u00famero de casos de Covid-19 y las nuevas restricciones a la movilidad pueden conducir a los pa\u00edses europeos de nuevo al crecimiento negativo. Son muy malas noticias para el Banco Central Europeo, que preve\u00eda hace tan s\u00f3lo unas semanas que el \u00faltimo trimestre del 2020 terminar\u00eda en positivo","_links":{"self":[{"href":"https:\/\/conversesacatalunya.cat\/es\/wp-json\/wp\/v2\/posts\/41496","targetHints":{"allow":["GET"]}}],"collection":[{"href":"https:\/\/conversesacatalunya.cat\/es\/wp-json\/wp\/v2\/posts"}],"about":[{"href":"https:\/\/conversesacatalunya.cat\/es\/wp-json\/wp\/v2\/types\/post"}],"author":[{"embeddable":true,"href":"https:\/\/conversesacatalunya.cat\/es\/wp-json\/wp\/v2\/users\/67"}],"replies":[{"embeddable":true,"href":"https:\/\/conversesacatalunya.cat\/es\/wp-json\/wp\/v2\/comments?post=41496"}],"version-history":[{"count":2,"href":"https:\/\/conversesacatalunya.cat\/es\/wp-json\/wp\/v2\/posts\/41496\/revisions"}],"predecessor-version":[{"id":41502,"href":"https:\/\/conversesacatalunya.cat\/es\/wp-json\/wp\/v2\/posts\/41496\/revisions\/41502"}],"wp:featuredmedia":[{"embeddable":true,"href":"https:\/\/conversesacatalunya.cat\/es\/wp-json\/wp\/v2\/media\/41455"}],"wp:attachment":[{"href":"https:\/\/conversesacatalunya.cat\/es\/wp-json\/wp\/v2\/media?parent=41496"}],"wp:term":[{"taxonomy":"category","embeddable":true,"href":"https:\/\/conversesacatalunya.cat\/es\/wp-json\/wp\/v2\/categories?post=41496"},{"taxonomy":"post_tag","embeddable":true,"href":"https:\/\/conversesacatalunya.cat\/es\/wp-json\/wp\/v2\/tags?post=41496"}],"curies":[{"name":"wp","href":"https:\/\/api.w.org\/{rel}","templated":true}]}}