{"id":41492,"date":"2020-10-21T06:10:48","date_gmt":"2020-10-21T04:10:48","guid":{"rendered":"https:\/\/conversesacatalunya.cat\/espanya-prepara-una-forta-pujada-dimpostos\/"},"modified":"2020-10-21T14:07:40","modified_gmt":"2020-10-21T12:07:40","slug":"espana-prepara-una-fuerte-subida-de-impuestos","status":"publish","type":"post","link":"https:\/\/conversesacatalunya.cat\/es\/espana-prepara-una-fuerte-subida-de-impuestos\/","title":{"rendered":"Espa\u00f1a prepara una fuerte subida de impuestos"},"content":{"rendered":"<p>A diferencia de los otros estados miembro de la Uni\u00f3n Europea, Espa\u00f1a est\u00e1 organizando <strong>una fuerte subida de los impuestos indirectos<\/strong>. Las grandes potencias europeas -salvo Espa\u00f1a- centran en la bajada de impuestos y la prolongaci\u00f3n de los Ertes sus estrategias para evitar una reca\u00edda econ\u00f3mica en la crisis del coronavirus. Alemania baja impuestos e Italia sigue las recomendaciones de Berl\u00edn de impulsar un est\u00edmulo fiscal.<\/p>\n<p>Pero no es as\u00ed en el caso de Espa\u00f1a. El plan presupuestario que el Ejecutivo envi\u00f3 a Bruselas la semana pasada recoge un fuerte alza de 1.509 millones de euros en impuestos indirectos. Sin embargo, el Gobierno solo ha adelantado una subida en el IVA a las bebidas azucaradas. Con esta medida, Hacienda prev\u00e9 recaudar 340 millones de euros. Pero a esos 340 millones, se a\u00f1adir\u00e1n otros 1.509 millones est\u00e1 a la espera de aprobar el presupuesto.<\/p>\n<p>El plan enviado a la Uni\u00f3n Europea <a href=\"https:\/\/www.forumlibertas.com\/espana-sufrira-la-peor-crisis-de-las-economias-avanzadas\/\" target=\"_blank\" rel=\"noopener noreferrer\">reconoce los problemas de recaudaci\u00f3n<\/a>. A su juicio, la previsi\u00f3n de ingresos por impuestos de 2021 se puede explicar por la combinaci\u00f3n de dos efectos. \u00abEn primer lugar, el efecto rebote sobre los ingresos de compararse con un a\u00f1o 2020 afectado por el confinamiento estricto al menos durante un trimestre y en segundo lugar por la adopci\u00f3n de un conjunto de medidas tributarias que, aparte de sus fines redistributivos, medioambientales y de eficiencia energ\u00e9tica, generan ingresos adicionales con su entrada en vigor\u00bb, destaca el documento.<\/p>\n<p>Esta decisi\u00f3n fiscal choca con las declaraciones del alto representante de la Uni\u00f3n Europea (UE) para la Pol\u00edtica Exterior, Josep Borrell. El mandatario advirti\u00f3 de que <strong>la econom\u00eda europea corre un riesgo que la pandemia<\/strong> ha \u00abagudizado\u00bb y que es el de su \u00ab<a href=\"https:\/\/es.wikipedia.org\/wiki\/Burbuja_financiera_e_inmobiliaria_en_Jap%C3%B3n\" target=\"_blank\" rel=\"noopener noreferrer\">japonizaci\u00f3n<\/a>\u00ab, su estancamiento, en un escenario de bajos crecimientos y bajos tipos de inter\u00e9s, con \u00abexcesivo ahorro\u00bb debido al \u00abmiedo\u00bb y en consecuencia con ca\u00eddas del consumo.<\/p>\n<p>Record\u00f3 las grandes diferencias entre la forma de abordar esta crisis con respecto a la de 2008. Es \u00abcurioso\u00bb por ejemplo ver al FMI animando a los Estados a gastar todo lo que puedan para contener el hundimiento y promover este \u00abcoma inducido\u00bb para evitar mayores da\u00f1os, se\u00f1al\u00f3.<\/p>\n<span class='bctt-click-to-tweet'><span class='bctt-ctt-text'><a href='https:\/\/twitter.com\/intent\/tweet?url=https%3A%2F%2Fconversesacatalunya.cat%2Fes%2Fespana-prepara-una-fuerte-subida-de-impuestos%2F&#038;text=Hacienda%20prev%C3%A9%20recaudar%20340%20millones%20de%20euros.%20Pero%20a%20esos%20340%20millones%2C%20se%20a%C3%B1adir%C3%A1n%20otros%201.509%20millones%20est%C3%A1%20a%20la%20espera%20de%20aprobar%20el%20presupuesto&#038;via=conversesacat&#038;related=conversesacat' target='_blank'rel=\"noopener noreferrer\">Hacienda prev\u00e9 recaudar 340 millones de euros. Pero a esos 340 millones, se a\u00f1adir\u00e1n otros 1.509 millones est\u00e1 a la espera de aprobar el presupuesto <\/a><\/span><a href='https:\/\/twitter.com\/intent\/tweet?url=https%3A%2F%2Fconversesacatalunya.cat%2Fes%2Fespana-prepara-una-fuerte-subida-de-impuestos%2F&#038;text=Hacienda%20prev%C3%A9%20recaudar%20340%20millones%20de%20euros.%20Pero%20a%20esos%20340%20millones%2C%20se%20a%C3%B1adir%C3%A1n%20otros%201.509%20millones%20est%C3%A1%20a%20la%20espera%20de%20aprobar%20el%20presupuesto&#038;via=conversesacat&#038;related=conversesacat' target='_blank' class='bctt-ctt-btn'rel=\"noopener noreferrer\">Compartir en X<\/a><\/span>\n","protected":false},"excerpt":{"rendered":"<p>A diferencia de los otros estados miembro de la Uni\u00f3n Europea, Espa\u00f1a est\u00e1 organizando una fuerte subida de los impuestos indirectos. Las grandes potencias europeas -salvo Espa\u00f1a- centran en la bajada de impuestos y la prolongaci\u00f3n de los Ertes sus estrategias para evitar una reca\u00edda econ\u00f3mica en la crisis del coronavirus. Alemania baja impuestos e Italia sigue las recomendaciones de Berl\u00edn de impulsar un est\u00edmulo fiscal. Pero no es as\u00ed en el caso de Espa\u00f1a. El plan presupuestario que el Ejecutivo envi\u00f3 a Bruselas la semana pasada recoge un fuerte alza de 1.509 millones de euros en impuestos indirectos. Sin embargo, el Gobierno solo ha adelantado una subida en el IVA a las bebidas azucaradas. Con esta medida, Hacienda prev\u00e9 recaudar 340 millones de euros. Pero a esos 340 millones, se a\u00f1adir\u00e1n otros 1.509 millones est\u00e1 a la espera de aprobar el presupuesto. El plan enviado a la Uni\u00f3n Europea reconoce los problemas de recaudaci\u00f3n. A su juicio, la previsi\u00f3n de ingresos por impuestos de 2021 se puede explicar por la combinaci\u00f3n de dos efectos. \u00abEn primer lugar, el efecto rebote sobre los ingresos de compararse con un a\u00f1o 2020 afectado por el confinamiento estricto al menos durante un trimestre y en segundo lugar por la adopci\u00f3n de un conjunto de medidas tributarias que, aparte de sus fines redistributivos, medioambientales y de eficiencia energ\u00e9tica, generan ingresos adicionales con su entrada en vigor\u00bb, destaca el documento. Esta decisi\u00f3n fiscal choca con las declaraciones del alto representante de la Uni\u00f3n Europea (UE) para la Pol\u00edtica Exterior, Josep Borrell. El mandatario advirti\u00f3 de que la econom\u00eda europea corre un riesgo que la pandemia ha \u00abagudizado\u00bb y que es el de su \u00abjaponizaci\u00f3n\u00ab, su estancamiento, en un escenario de bajos crecimientos y bajos tipos de inter\u00e9s, con \u00abexcesivo ahorro\u00bb debido al \u00abmiedo\u00bb y en consecuencia con ca\u00eddas del consumo. Record\u00f3 las grandes diferencias entre la forma de abordar esta crisis con respecto a la de 2008. Es \u00abcurioso\u00bb por ejemplo ver al FMI animando a los Estados a gastar todo lo que puedan para contener el hundimiento y promover este \u00abcoma inducido\u00bb para evitar mayores da\u00f1os, se\u00f1al\u00f3.<\/p>\n","protected":false},"author":20,"featured_media":41450,"comment_status":"open","ping_status":"open","sticky":false,"template":"","format":"standard","meta":{"_FSMCFIC_featured_image_caption":"","_FSMCFIC_featured_image_nocaption":"","_FSMCFIC_featured_image_hide":"","footnotes":""},"categories":[806],"tags":[831,1276],"class_list":["post-41492","post","type-post","status-publish","format-standard","has-post-thumbnail","hentry","category-punts-claus-del-dia-es","tag-economia-es","tag-impuestos"],"yoast_head":"<!-- This site is optimized with the Yoast SEO plugin v26.8 - https:\/\/yoast.com\/product\/yoast-seo-wordpress\/ -->\n<title>Espa\u00f1a prepara una fuerte subida de impuestos - Converses a Catalunya<\/title>\n<meta name=\"description\" content=\"Seg\u00fan el plan presupuestario, el plan del gobierno de Espa\u00f1a es la de incrementar en gran medida los impuestos indirectos\" \/>\n<meta name=\"robots\" content=\"index, follow, max-snippet:-1, max-image-preview:large, max-video-preview:-1\" \/>\n<link rel=\"canonical\" href=\"https:\/\/conversesacatalunya.cat\/es\/espana-prepara-una-fuerte-subida-de-impuestos\/\" \/>\n<meta property=\"og:locale\" content=\"es_ES\" \/>\n<meta property=\"og:type\" content=\"article\" \/>\n<meta property=\"og:title\" content=\"Espa\u00f1a prepara una fuerte subida de impuestos - Converses a Catalunya\" \/>\n<meta property=\"og:description\" content=\"Seg\u00fan el plan presupuestario, el plan del gobierno de Espa\u00f1a es la de incrementar en gran medida los impuestos indirectos\" \/>\n<meta property=\"og:url\" content=\"https:\/\/conversesacatalunya.cat\/es\/espana-prepara-una-fuerte-subida-de-impuestos\/\" \/>\n<meta property=\"og:site_name\" content=\"Converses a Catalunya\" \/>\n<meta property=\"article:published_time\" content=\"2020-10-21T04:10:48+00:00\" \/>\n<meta property=\"article:modified_time\" content=\"2020-10-21T12:07:40+00:00\" \/>\n<meta property=\"og:image\" content=\"https:\/\/conversesacatalunya.cat\/wp-content\/uploads\/2020\/10\/Capture-7.png\" \/>\n\t<meta property=\"og:image:width\" content=\"1119\" \/>\n\t<meta property=\"og:image:height\" content=\"741\" \/>\n\t<meta property=\"og:image:type\" content=\"image\/png\" \/>\n<meta name=\"author\" content=\"conversesacatalunya\" \/>\n<meta name=\"twitter:card\" content=\"summary_large_image\" \/>\n<meta name=\"twitter:label1\" content=\"Escrito por\" \/>\n\t<meta name=\"twitter:data1\" content=\"conversesacatalunya\" \/>\n\t<meta name=\"twitter:label2\" content=\"Tiempo de lectura\" \/>\n\t<meta name=\"twitter:data2\" content=\"2 minutos\" \/>\n<script type=\"application\/ld+json\" class=\"yoast-schema-graph\">{\"@context\":\"https:\/\/schema.org\",\"@graph\":[{\"@type\":\"Article\",\"@id\":\"https:\/\/conversesacatalunya.cat\/es\/espana-prepara-una-fuerte-subida-de-impuestos\/#article\",\"isPartOf\":{\"@id\":\"https:\/\/conversesacatalunya.cat\/es\/espana-prepara-una-fuerte-subida-de-impuestos\/\"},\"author\":{\"name\":\"conversesacatalunya\",\"@id\":\"https:\/\/conversesacatalunya.cat\/#\/schema\/person\/a7a9496a363cd9847daf7cd659d92e64\"},\"headline\":\"Espa\u00f1a prepara una fuerte subida de impuestos\",\"datePublished\":\"2020-10-21T04:10:48+00:00\",\"dateModified\":\"2020-10-21T12:07:40+00:00\",\"mainEntityOfPage\":{\"@id\":\"https:\/\/conversesacatalunya.cat\/es\/espana-prepara-una-fuerte-subida-de-impuestos\/\"},\"wordCount\":409,\"commentCount\":0,\"image\":{\"@id\":\"https:\/\/conversesacatalunya.cat\/es\/espana-prepara-una-fuerte-subida-de-impuestos\/#primaryimage\"},\"thumbnailUrl\":\"https:\/\/conversesacatalunya.cat\/wp-content\/uploads\/2020\/10\/Capture-7.png\",\"keywords\":[\"Economia\",\"Impuestos\"],\"articleSection\":[\"Punts clau del dia (ES)\"],\"inLanguage\":\"es\",\"potentialAction\":[{\"@type\":\"CommentAction\",\"name\":\"Comment\",\"target\":[\"https:\/\/conversesacatalunya.cat\/es\/espana-prepara-una-fuerte-subida-de-impuestos\/#respond\"]}]},{\"@type\":\"WebPage\",\"@id\":\"https:\/\/conversesacatalunya.cat\/es\/espana-prepara-una-fuerte-subida-de-impuestos\/\",\"url\":\"https:\/\/conversesacatalunya.cat\/es\/espana-prepara-una-fuerte-subida-de-impuestos\/\",\"name\":\"Espa\u00f1a prepara una fuerte subida de impuestos - Converses a Catalunya\",\"isPartOf\":{\"@id\":\"https:\/\/conversesacatalunya.cat\/#website\"},\"primaryImageOfPage\":{\"@id\":\"https:\/\/conversesacatalunya.cat\/es\/espana-prepara-una-fuerte-subida-de-impuestos\/#primaryimage\"},\"image\":{\"@id\":\"https:\/\/conversesacatalunya.cat\/es\/espana-prepara-una-fuerte-subida-de-impuestos\/#primaryimage\"},\"thumbnailUrl\":\"https:\/\/conversesacatalunya.cat\/wp-content\/uploads\/2020\/10\/Capture-7.png\",\"datePublished\":\"2020-10-21T04:10:48+00:00\",\"dateModified\":\"2020-10-21T12:07:40+00:00\",\"author\":{\"@id\":\"https:\/\/conversesacatalunya.cat\/#\/schema\/person\/a7a9496a363cd9847daf7cd659d92e64\"},\"description\":\"Seg\u00fan el plan presupuestario, el plan del gobierno de Espa\u00f1a es la de incrementar en gran medida los impuestos indirectos\",\"breadcrumb\":{\"@id\":\"https:\/\/conversesacatalunya.cat\/es\/espana-prepara-una-fuerte-subida-de-impuestos\/#breadcrumb\"},\"inLanguage\":\"es\",\"potentialAction\":[{\"@type\":\"ReadAction\",\"target\":[\"https:\/\/conversesacatalunya.cat\/es\/espana-prepara-una-fuerte-subida-de-impuestos\/\"]}]},{\"@type\":\"ImageObject\",\"inLanguage\":\"es\",\"@id\":\"https:\/\/conversesacatalunya.cat\/es\/espana-prepara-una-fuerte-subida-de-impuestos\/#primaryimage\",\"url\":\"https:\/\/conversesacatalunya.cat\/wp-content\/uploads\/2020\/10\/Capture-7.png\",\"contentUrl\":\"https:\/\/conversesacatalunya.cat\/wp-content\/uploads\/2020\/10\/Capture-7.png\",\"width\":1119,\"height\":741,\"caption\":\"impostos\"},{\"@type\":\"BreadcrumbList\",\"@id\":\"https:\/\/conversesacatalunya.cat\/es\/espana-prepara-una-fuerte-subida-de-impuestos\/#breadcrumb\",\"itemListElement\":[{\"@type\":\"ListItem\",\"position\":1,\"name\":\"Inici\",\"item\":\"https:\/\/conversesacatalunya.cat\/es\/\"},{\"@type\":\"ListItem\",\"position\":2,\"name\":\"Espa\u00f1a prepara una fuerte subida de impuestos\"}]},{\"@type\":\"WebSite\",\"@id\":\"https:\/\/conversesacatalunya.cat\/#website\",\"url\":\"https:\/\/conversesacatalunya.cat\/\",\"name\":\"Converses a Catalunya\",\"description\":\"\",\"potentialAction\":[{\"@type\":\"SearchAction\",\"target\":{\"@type\":\"EntryPoint\",\"urlTemplate\":\"https:\/\/conversesacatalunya.cat\/?s={search_term_string}\"},\"query-input\":{\"@type\":\"PropertyValueSpecification\",\"valueRequired\":true,\"valueName\":\"search_term_string\"}}],\"inLanguage\":\"es\"},{\"@type\":\"Person\",\"@id\":\"https:\/\/conversesacatalunya.cat\/#\/schema\/person\/a7a9496a363cd9847daf7cd659d92e64\",\"name\":\"conversesacatalunya\",\"image\":{\"@type\":\"ImageObject\",\"inLanguage\":\"es\",\"@id\":\"https:\/\/conversesacatalunya.cat\/#\/schema\/person\/image\/\",\"url\":\"https:\/\/conversesacatalunya.cat\/wp-content\/litespeed\/avatar\/ff91582b44ff9c880dc9c5ac2f5c7e89.jpg?ver=1777372947\",\"contentUrl\":\"https:\/\/conversesacatalunya.cat\/wp-content\/litespeed\/avatar\/ff91582b44ff9c880dc9c5ac2f5c7e89.jpg?ver=1777372947\",\"caption\":\"conversesacatalunya\"},\"url\":\"https:\/\/conversesacatalunya.cat\/es\/author\/francisco_garcia\/\"}]}<\/script>\n<!-- \/ Yoast SEO plugin. -->","yoast_head_json":{"title":"Espa\u00f1a prepara una fuerte subida de impuestos - Converses a Catalunya","description":"Seg\u00fan el plan presupuestario, el plan del gobierno de Espa\u00f1a es la de incrementar en gran medida los impuestos indirectos","robots":{"index":"index","follow":"follow","max-snippet":"max-snippet:-1","max-image-preview":"max-image-preview:large","max-video-preview":"max-video-preview:-1"},"canonical":"https:\/\/conversesacatalunya.cat\/es\/espana-prepara-una-fuerte-subida-de-impuestos\/","og_locale":"es_ES","og_type":"article","og_title":"Espa\u00f1a prepara una fuerte subida de impuestos - Converses a Catalunya","og_description":"Seg\u00fan el plan presupuestario, el plan del gobierno de Espa\u00f1a es la de incrementar en gran medida los impuestos indirectos","og_url":"https:\/\/conversesacatalunya.cat\/es\/espana-prepara-una-fuerte-subida-de-impuestos\/","og_site_name":"Converses a Catalunya","article_published_time":"2020-10-21T04:10:48+00:00","article_modified_time":"2020-10-21T12:07:40+00:00","og_image":[{"width":1119,"height":741,"url":"https:\/\/conversesacatalunya.cat\/wp-content\/uploads\/2020\/10\/Capture-7.png","type":"image\/png"}],"author":"conversesacatalunya","twitter_card":"summary_large_image","twitter_misc":{"Escrito por":"conversesacatalunya","Tiempo de lectura":"2 minutos"},"schema":{"@context":"https:\/\/schema.org","@graph":[{"@type":"Article","@id":"https:\/\/conversesacatalunya.cat\/es\/espana-prepara-una-fuerte-subida-de-impuestos\/#article","isPartOf":{"@id":"https:\/\/conversesacatalunya.cat\/es\/espana-prepara-una-fuerte-subida-de-impuestos\/"},"author":{"name":"conversesacatalunya","@id":"https:\/\/conversesacatalunya.cat\/#\/schema\/person\/a7a9496a363cd9847daf7cd659d92e64"},"headline":"Espa\u00f1a prepara una fuerte subida de impuestos","datePublished":"2020-10-21T04:10:48+00:00","dateModified":"2020-10-21T12:07:40+00:00","mainEntityOfPage":{"@id":"https:\/\/conversesacatalunya.cat\/es\/espana-prepara-una-fuerte-subida-de-impuestos\/"},"wordCount":409,"commentCount":0,"image":{"@id":"https:\/\/conversesacatalunya.cat\/es\/espana-prepara-una-fuerte-subida-de-impuestos\/#primaryimage"},"thumbnailUrl":"https:\/\/conversesacatalunya.cat\/wp-content\/uploads\/2020\/10\/Capture-7.png","keywords":["Economia","Impuestos"],"articleSection":["Punts clau del dia (ES)"],"inLanguage":"es","potentialAction":[{"@type":"CommentAction","name":"Comment","target":["https:\/\/conversesacatalunya.cat\/es\/espana-prepara-una-fuerte-subida-de-impuestos\/#respond"]}]},{"@type":"WebPage","@id":"https:\/\/conversesacatalunya.cat\/es\/espana-prepara-una-fuerte-subida-de-impuestos\/","url":"https:\/\/conversesacatalunya.cat\/es\/espana-prepara-una-fuerte-subida-de-impuestos\/","name":"Espa\u00f1a prepara una fuerte subida de impuestos - Converses a Catalunya","isPartOf":{"@id":"https:\/\/conversesacatalunya.cat\/#website"},"primaryImageOfPage":{"@id":"https:\/\/conversesacatalunya.cat\/es\/espana-prepara-una-fuerte-subida-de-impuestos\/#primaryimage"},"image":{"@id":"https:\/\/conversesacatalunya.cat\/es\/espana-prepara-una-fuerte-subida-de-impuestos\/#primaryimage"},"thumbnailUrl":"https:\/\/conversesacatalunya.cat\/wp-content\/uploads\/2020\/10\/Capture-7.png","datePublished":"2020-10-21T04:10:48+00:00","dateModified":"2020-10-21T12:07:40+00:00","author":{"@id":"https:\/\/conversesacatalunya.cat\/#\/schema\/person\/a7a9496a363cd9847daf7cd659d92e64"},"description":"Seg\u00fan el plan presupuestario, el plan del gobierno de Espa\u00f1a es la de incrementar en gran medida los impuestos indirectos","breadcrumb":{"@id":"https:\/\/conversesacatalunya.cat\/es\/espana-prepara-una-fuerte-subida-de-impuestos\/#breadcrumb"},"inLanguage":"es","potentialAction":[{"@type":"ReadAction","target":["https:\/\/conversesacatalunya.cat\/es\/espana-prepara-una-fuerte-subida-de-impuestos\/"]}]},{"@type":"ImageObject","inLanguage":"es","@id":"https:\/\/conversesacatalunya.cat\/es\/espana-prepara-una-fuerte-subida-de-impuestos\/#primaryimage","url":"https:\/\/conversesacatalunya.cat\/wp-content\/uploads\/2020\/10\/Capture-7.png","contentUrl":"https:\/\/conversesacatalunya.cat\/wp-content\/uploads\/2020\/10\/Capture-7.png","width":1119,"height":741,"caption":"impostos"},{"@type":"BreadcrumbList","@id":"https:\/\/conversesacatalunya.cat\/es\/espana-prepara-una-fuerte-subida-de-impuestos\/#breadcrumb","itemListElement":[{"@type":"ListItem","position":1,"name":"Inici","item":"https:\/\/conversesacatalunya.cat\/es\/"},{"@type":"ListItem","position":2,"name":"Espa\u00f1a prepara una fuerte subida de impuestos"}]},{"@type":"WebSite","@id":"https:\/\/conversesacatalunya.cat\/#website","url":"https:\/\/conversesacatalunya.cat\/","name":"Converses a Catalunya","description":"","potentialAction":[{"@type":"SearchAction","target":{"@type":"EntryPoint","urlTemplate":"https:\/\/conversesacatalunya.cat\/?s={search_term_string}"},"query-input":{"@type":"PropertyValueSpecification","valueRequired":true,"valueName":"search_term_string"}}],"inLanguage":"es"},{"@type":"Person","@id":"https:\/\/conversesacatalunya.cat\/#\/schema\/person\/a7a9496a363cd9847daf7cd659d92e64","name":"conversesacatalunya","image":{"@type":"ImageObject","inLanguage":"es","@id":"https:\/\/conversesacatalunya.cat\/#\/schema\/person\/image\/","url":"https:\/\/conversesacatalunya.cat\/wp-content\/litespeed\/avatar\/ff91582b44ff9c880dc9c5ac2f5c7e89.jpg?ver=1777372947","contentUrl":"https:\/\/conversesacatalunya.cat\/wp-content\/litespeed\/avatar\/ff91582b44ff9c880dc9c5ac2f5c7e89.jpg?ver=1777372947","caption":"conversesacatalunya"},"url":"https:\/\/conversesacatalunya.cat\/es\/author\/francisco_garcia\/"}]}},"wps_subtitle":"Seg\u00fan el plan presupuestario, el plan del gobierno de Espa\u00f1a es la de incrementar en gran medida los impuestos indirectos, al contrario que el resto de potencias europeas","_links":{"self":[{"href":"https:\/\/conversesacatalunya.cat\/es\/wp-json\/wp\/v2\/posts\/41492","targetHints":{"allow":["GET"]}}],"collection":[{"href":"https:\/\/conversesacatalunya.cat\/es\/wp-json\/wp\/v2\/posts"}],"about":[{"href":"https:\/\/conversesacatalunya.cat\/es\/wp-json\/wp\/v2\/types\/post"}],"author":[{"embeddable":true,"href":"https:\/\/conversesacatalunya.cat\/es\/wp-json\/wp\/v2\/users\/20"}],"replies":[{"embeddable":true,"href":"https:\/\/conversesacatalunya.cat\/es\/wp-json\/wp\/v2\/comments?post=41492"}],"version-history":[{"count":2,"href":"https:\/\/conversesacatalunya.cat\/es\/wp-json\/wp\/v2\/posts\/41492\/revisions"}],"predecessor-version":[{"id":41494,"href":"https:\/\/conversesacatalunya.cat\/es\/wp-json\/wp\/v2\/posts\/41492\/revisions\/41494"}],"wp:featuredmedia":[{"embeddable":true,"href":"https:\/\/conversesacatalunya.cat\/es\/wp-json\/wp\/v2\/media\/41450"}],"wp:attachment":[{"href":"https:\/\/conversesacatalunya.cat\/es\/wp-json\/wp\/v2\/media?parent=41492"}],"wp:term":[{"taxonomy":"category","embeddable":true,"href":"https:\/\/conversesacatalunya.cat\/es\/wp-json\/wp\/v2\/categories?post=41492"},{"taxonomy":"post_tag","embeddable":true,"href":"https:\/\/conversesacatalunya.cat\/es\/wp-json\/wp\/v2\/tags?post=41492"}],"curies":[{"name":"wp","href":"https:\/\/api.w.org\/{rel}","templated":true}]}}