{"id":41324,"date":"2020-10-19T08:22:03","date_gmt":"2020-10-19T06:22:03","guid":{"rendered":"https:\/\/conversesacatalunya.cat\/?p=41324"},"modified":"2024-01-22T14:14:36","modified_gmt":"2024-01-22T13:14:36","slug":"estocada-mortal-al-poder-judicial","status":"publish","type":"post","link":"https:\/\/conversesacatalunya.cat\/es\/estocada-mortal-al-poder-judicial\/","title":{"rendered":"Estocada mortal al poder judicial"},"content":{"rendered":"<p>El Partido Popular gan\u00f3 las elecciones por mayor\u00eda absoluta en noviembre de 2011. Desde julio de 2011 la Corporaci\u00f3n RTVE se encontraba sin presidente tras la dimisi\u00f3n de Alberto Oliart por motivos personales, y los miembros del Consejo se alternaban cada mes en una presidencia interina esperando la constituci\u00f3n del nuevo Parlamento. Para nombrar un nuevo presidente se requer\u00eda una mayor\u00eda cualificada de dos tercios del Congreso, la misma que para renovar el consejo. Durante las legislaturas anteriores se hab\u00eda hecho por un ampl\u00edsimo consenso, desde la aprobaci\u00f3n de la nueva ley de RTVE de 2006. Tras alg\u00fan intento de negociaci\u00f3n con el PSOE, en abril de 2012, seis meses despu\u00e9s de las elecciones, <strong>el gobierno de Mariano Rajoy anunci\u00f3 una reforma \u201cexpress\u201d por la v\u00eda del decreto ley, y modific\u00f3 la Ley de la Corporaci\u00f3n<\/strong>.<\/p>\n<p>A partir de la entrada en vigor de dicha reforma, bastaba con mayor\u00eda absoluta para nombrar presidente y renovar el Consejo. De paso, fulmin\u00f3 el modelo de consejo de Administraci\u00f3n, despoj\u00e1ndole de hecho de sus funciones de control y gesti\u00f3n de la corporaci\u00f3n de RTVE. Todo el poder quedaba en manos del nuevo presidente, nombrado directamente por el Gobierno, ya que el PP ten\u00eda mayor\u00eda absoluta en las Cortes.<strong> Adi\u00f3s a la pluralidad de los medios p\u00fablicos audiovisuales de titularidad estatal.<\/strong><\/p>\n<h5>RTVE nunca se ha recuperado de aquello. Perdi\u00f3 el liderazgo de audiencia en marzo de 2012 y desde entonces no ha vuelto ocupar el primer lugar, sino el tercero o el cuarto en algunas comunidades aut\u00f3nomas.<\/h5>\n<p>El PSOE de Alfredo Rubalcaba (en paz descanse) calific\u00f3 aquella reforma de \u201cgolpe institucional\u201d totalmente injustificable y un \u201crecorte intolerable a la libertad de expresi\u00f3n\u201d. En mi opini\u00f3n, ten\u00eda toda la raz\u00f3n.<\/p>\n<h5><strong>Pues bien, el gobierno bipartito de PSOE-Podemos pretende hacer ahora lo mismo con el Poder Judicial, y ha sido seriamente advertido por ello desde Bruselas. <\/strong><\/h5>\n<p>Es cierto que el Partido Popular ha bloqueado las negociaciones para renovar el CGPJ, \u00f3rgano de gobierno de los jueces, que recordemos, no forma parte estrictamente del Poder Judicial,<strong> pero tiene en sus manos la capacidad de nombrar o renovar los magistrados del Tribunal Supremo, o de los presidentes de los tribunales superiores de justicia de las comunidades aut\u00f3nomas<\/strong>. El bloqueo es tambi\u00e9n intolerable, y hay que denunciarlo p\u00fablicamente.<\/p>\n<p>Pero la soluci\u00f3n nunca puede ser una reforma de la ley, de dudosa constitucionalidad, consistente en modificar la mayor\u00eda cualificada de 3\/5 para nombrar a una parte del Consejo, y rebajarlo a mayor\u00eda absoluta. Recordemos que <strong>el art\u00edculo 122,3 de la Constituci\u00f3n<\/strong> exige esa mayor\u00eda de 3\/5 para el nombramiento de los 8 miembros designados por el Congreso y Senado entre abogados y juristas de reconocido prestigio. Los 12 miembros restantes, que forzosamente han de ser jueces o magistrados, perder\u00edan toda legitimidad ante esos 8 si fueran nombrados por una mayor\u00eda menos cualificada.\u00a0 Es de sentido com\u00fan.<\/p>\n<p><strong>Entiendo que est\u00e1 en juego el control del Tribunal Supremo, al que los partidos han cedido la soluci\u00f3n de algunos problemas que deber\u00edan haberse solventado por la v\u00eda pol\u00edtica<\/strong>. Y a quien corresponde enjuiciar a los aforados.\u00a0 Esa es la clave de todo. Y tal vez estar\u00eda justificado limitar las competencias de un CGPJ en funciones, como ocurre con todos los gobiernos en funciones. Pero rebajar la mayor\u00eda de 3\/5 es grav\u00edsimo, <strong>supone un ataque en toda regla al Estado de Derecho, a la divisi\u00f3n de poderes y a la ya suficientemente denostada independencia judicial<\/strong>.<\/p>\n<p>Una estocada mortal. Y<strong> un error imperdonable en un gobierno autodenominado progresista.<\/strong> Estas reformas las carga Satan\u00e1s y alg\u00fan d\u00eda se pueden girar en contra del que las promueve. Al final, ser\u00e1 verdad que cuando llegan al poder todos son iguales. Unos y otros. Su \u00fanica obsesi\u00f3n es mantenerse en el gobierno y controlar todas las instituciones, sea la televisi\u00f3n p\u00fablica o el poder judicial.<\/p>\n<span class='bctt-click-to-tweet'><span class='bctt-ctt-text'><a href='https:\/\/twitter.com\/intent\/tweet?url=https%3A%2F%2Fconversesacatalunya.cat%2Fes%2Festocada-mortal-al-poder-judicial%2F&#038;text=Tal%20vez%20estar%C3%ADa%20justificado%20limitar%20las%20competencias%20de%20un%20CGPJ%20en%20funciones%2C%20como%20ocurre%20con%20todos%20los%20gobiernos%20en%20funciones&#038;via=conversesacat&#038;related=conversesacat' target='_blank'rel=\"noopener noreferrer\">Tal vez estar\u00eda justificado limitar las competencias de un CGPJ en funciones, como ocurre con todos los gobiernos en funciones <\/a><\/span><a href='https:\/\/twitter.com\/intent\/tweet?url=https%3A%2F%2Fconversesacatalunya.cat%2Fes%2Festocada-mortal-al-poder-judicial%2F&#038;text=Tal%20vez%20estar%C3%ADa%20justificado%20limitar%20las%20competencias%20de%20un%20CGPJ%20en%20funciones%2C%20como%20ocurre%20con%20todos%20los%20gobiernos%20en%20funciones&#038;via=conversesacat&#038;related=conversesacat' target='_blank' class='bctt-ctt-btn'rel=\"noopener noreferrer\">Compartir en X<\/a><\/span>\n<div id=\"polls-76\" class=\"wp-polls\">\n\t<form id=\"polls_form_76\" class=\"wp-polls-form\" action=\"\/index.php\" method=\"post\">\n\t\t<p style=\"display: none;\"><input type=\"hidden\" id=\"poll_76_nonce\" name=\"wp-polls-nonce\" value=\"6b4cd33166\" \/><\/p>\n\t\t<p style=\"display: none;\"><input type=\"hidden\" name=\"poll_id\" value=\"76\" \/><\/p>\n\t\t<p style=\"text-align: center\"><strong>Qui guanyar\u00e0 les pr\u00f2ximes eleccions americanes?<\/strong><\/p><div id=\"polls-76-ans\" class=\"wp-polls-ans\"><ul class=\"wp-polls-ul\">\n\t\t<li><input type=\"radio\" id=\"poll-answer-166\" name=\"poll_76\" value=\"166\" \/> <label for=\"poll-answer-166\">Joe Biden<\/label><\/li>\n\t\t<li><input type=\"radio\" id=\"poll-answer-167\" name=\"poll_76\" value=\"167\" \/> <label for=\"poll-answer-167\">Donald Trump<\/label><\/li>\n\t\t<li><input type=\"radio\" id=\"poll-answer-168\" name=\"poll_76\" value=\"168\" \/> <label for=\"poll-answer-168\">No ho s\u00e9<\/label><\/li>\n\t\t<\/ul><p style=\"text-align: center\"><input type=\"button\" name=\"vote\" value=\"   Vota   \" class=\"Buttons\" onclick=\"poll_vote(76);\" \/><\/p><p style=\"text-align: center\"><a href=\"#ViewPollResults\" onclick=\"poll_result(76); return false;\" title=\"View Results Of This Poll\">Mira els resultats<\/a><\/p><\/div>\n\t<\/form>\n<\/div>\n<div id=\"polls-76-loading\" class=\"wp-polls-loading\"><img decoding=\"async\" data-src=\"https:\/\/conversesacatalunya.cat\/wp-content\/plugins\/wp-polls\/images\/loading.gif\" width=\"16\" height=\"16\" alt=\"Cargando ...\" title=\"Cargando ...\" class=\"wp-polls-image lazyload\" src=\"data:image\/svg+xml;base64,PHN2ZyB3aWR0aD0iMSIgaGVpZ2h0PSIxIiB4bWxucz0iaHR0cDovL3d3dy53My5vcmcvMjAwMC9zdmciPjwvc3ZnPg==\" style=\"--smush-placeholder-width: 16px; --smush-placeholder-aspect-ratio: 16\/16;\" \/>&nbsp;Cargando ...<\/div>\n\n","protected":false},"excerpt":{"rendered":"<p>El Partido Popular gan\u00f3 las elecciones por mayor\u00eda absoluta en noviembre de 2011. Desde julio de 2011 la Corporaci\u00f3n RTVE se encontraba sin presidente tras la dimisi\u00f3n de Alberto Oliart por motivos personales, y los miembros del Consejo se alternaban cada mes en una presidencia interina esperando la constituci\u00f3n del nuevo Parlamento. Para nombrar un nuevo presidente se requer\u00eda una mayor\u00eda cualificada de dos tercios del Congreso, la misma que para renovar el consejo. Durante las legislaturas anteriores se hab\u00eda hecho por un ampl\u00edsimo consenso, desde la aprobaci\u00f3n de la nueva ley de RTVE de 2006. Tras alg\u00fan intento de negociaci\u00f3n con el PSOE, en abril de 2012, seis meses despu\u00e9s de las elecciones, el gobierno de Mariano Rajoy anunci\u00f3 una reforma \u201cexpress\u201d por la v\u00eda del decreto ley, y modific\u00f3 la Ley de la Corporaci\u00f3n. A partir de la entrada en vigor de dicha reforma, bastaba con mayor\u00eda absoluta para nombrar presidente y renovar el Consejo. De paso, fulmin\u00f3 el modelo de consejo de Administraci\u00f3n, despoj\u00e1ndole de hecho de sus funciones de control y gesti\u00f3n de la corporaci\u00f3n de RTVE. Todo el poder quedaba en manos del nuevo presidente, nombrado directamente por el Gobierno, ya que el PP ten\u00eda mayor\u00eda absoluta en las Cortes. Adi\u00f3s a la pluralidad de los medios p\u00fablicos audiovisuales de titularidad estatal. RTVE nunca se ha recuperado de aquello. Perdi\u00f3 el liderazgo de audiencia en marzo de 2012 y desde entonces no ha vuelto ocupar el primer lugar, sino el tercero o el cuarto en algunas comunidades aut\u00f3nomas. El PSOE de Alfredo Rubalcaba (en paz descanse) calific\u00f3 aquella reforma de \u201cgolpe institucional\u201d totalmente injustificable y un \u201crecorte intolerable a la libertad de expresi\u00f3n\u201d. En mi opini\u00f3n, ten\u00eda toda la raz\u00f3n. Pues bien, el gobierno bipartito de PSOE-Podemos pretende hacer ahora lo mismo con el Poder Judicial, y ha sido seriamente advertido por ello desde Bruselas. Es cierto que el Partido Popular ha bloqueado las negociaciones para renovar el CGPJ, \u00f3rgano de gobierno de los jueces, que recordemos, no forma parte estrictamente del Poder Judicial, pero tiene en sus manos la capacidad de nombrar o renovar los magistrados del Tribunal Supremo, o de los presidentes de los tribunales superiores de justicia de las comunidades aut\u00f3nomas. El bloqueo es tambi\u00e9n intolerable, y hay que denunciarlo p\u00fablicamente. Pero la soluci\u00f3n nunca puede ser una reforma de la ley, de dudosa constitucionalidad, consistente en modificar la mayor\u00eda cualificada de 3\/5 para nombrar a una parte del Consejo, y rebajarlo a mayor\u00eda absoluta. Recordemos que el art\u00edculo 122,3 de la Constituci\u00f3n exige esa mayor\u00eda de 3\/5 para el nombramiento de los 8 miembros designados por el Congreso y Senado entre abogados y juristas de reconocido prestigio. Los 12 miembros restantes, que forzosamente han de ser jueces o magistrados, perder\u00edan toda legitimidad ante esos 8 si fueran nombrados por una mayor\u00eda menos cualificada.\u00a0 Es de sentido com\u00fan. Entiendo que est\u00e1 en juego el control del Tribunal Supremo, al que los partidos han cedido la soluci\u00f3n de algunos problemas que deber\u00edan haberse solventado por la v\u00eda pol\u00edtica. Y a quien corresponde enjuiciar a los aforados.\u00a0 Esa es la clave de todo. Y tal vez estar\u00eda justificado limitar las competencias de un CGPJ en funciones, como ocurre con todos los gobiernos en funciones. Pero rebajar la mayor\u00eda de 3\/5 es grav\u00edsimo, supone un ataque en toda regla al Estado de Derecho, a la divisi\u00f3n de poderes y a la ya suficientemente denostada independencia judicial. Una estocada mortal. Y un error imperdonable en un gobierno autodenominado progresista. Estas reformas las carga Satan\u00e1s y alg\u00fan d\u00eda se pueden girar en contra del que las promueve. Al final, ser\u00e1 verdad que cuando llegan al poder todos son iguales. Unos y otros. Su \u00fanica obsesi\u00f3n es mantenerse en el gobierno y controlar todas las instituciones, sea la televisi\u00f3n p\u00fablica o el poder judicial.<\/p>\n","protected":false},"author":5,"featured_media":41325,"comment_status":"open","ping_status":"open","sticky":false,"template":"","format":"standard","meta":{"_FSMCFIC_featured_image_caption":"","_FSMCFIC_featured_image_nocaption":"","_FSMCFIC_featured_image_hide":"","footnotes":""},"categories":[804],"tags":[3112,3114,3014],"class_list":["post-41324","post","type-post","status-publish","format-standard","has-post-thumbnail","hentry","category-opinem-es","tag-cgpj-es","tag-rtve","tag-tribunal-supremo"],"yoast_head":"<!-- This site is optimized with the Yoast SEO plugin v26.8 - https:\/\/yoast.com\/product\/yoast-seo-wordpress\/ -->\n<title>Estocada mortal al poder judicial - Converses a Catalunya<\/title>\n<meta name=\"description\" content=\"el Partido Popular ha bloqueado las negociaciones para renovar el CGPJ, \u00f3rgano de gobierno de los jueces, que recordemos, no forma parte\" \/>\n<meta name=\"robots\" content=\"index, follow, max-snippet:-1, max-image-preview:large, max-video-preview:-1\" \/>\n<link rel=\"canonical\" href=\"https:\/\/conversesacatalunya.cat\/es\/estocada-mortal-al-poder-judicial\/\" \/>\n<meta property=\"og:locale\" content=\"es_ES\" \/>\n<meta property=\"og:type\" content=\"article\" \/>\n<meta property=\"og:title\" content=\"Estocada mortal al poder judicial - Converses a Catalunya\" \/>\n<meta property=\"og:description\" content=\"el Partido Popular ha bloqueado las negociaciones para renovar el CGPJ, \u00f3rgano de gobierno de los jueces, que recordemos, no forma parte\" \/>\n<meta property=\"og:url\" content=\"https:\/\/conversesacatalunya.cat\/es\/estocada-mortal-al-poder-judicial\/\" \/>\n<meta property=\"og:site_name\" content=\"Converses a Catalunya\" \/>\n<meta property=\"article:published_time\" content=\"2020-10-19T06:22:03+00:00\" \/>\n<meta property=\"article:modified_time\" content=\"2024-01-22T13:14:36+00:00\" \/>\n<meta property=\"og:image\" content=\"https:\/\/conversesacatalunya.cat\/wp-content\/uploads\/2020\/10\/CGPJ-1.jpg\" \/>\n\t<meta property=\"og:image:width\" content=\"700\" \/>\n\t<meta property=\"og:image:height\" content=\"433\" \/>\n\t<meta property=\"og:image:type\" content=\"image\/jpeg\" \/>\n<meta name=\"author\" content=\"Josep Manel Silva\" \/>\n<meta name=\"twitter:card\" content=\"summary_large_image\" \/>\n<meta name=\"twitter:label1\" content=\"Escrito por\" \/>\n\t<meta name=\"twitter:data1\" content=\"Josep Manel Silva\" \/>\n\t<meta name=\"twitter:label2\" content=\"Tiempo de lectura\" \/>\n\t<meta name=\"twitter:data2\" content=\"4 minutos\" \/>\n<script type=\"application\/ld+json\" class=\"yoast-schema-graph\">{\"@context\":\"https:\/\/schema.org\",\"@graph\":[{\"@type\":\"Article\",\"@id\":\"https:\/\/conversesacatalunya.cat\/es\/estocada-mortal-al-poder-judicial\/#article\",\"isPartOf\":{\"@id\":\"https:\/\/conversesacatalunya.cat\/es\/estocada-mortal-al-poder-judicial\/\"},\"author\":{\"name\":\"Josep Manel Silva\",\"@id\":\"https:\/\/conversesacatalunya.cat\/#\/schema\/person\/002600efd43d2fd853533142f835a7d0\"},\"headline\":\"Estocada mortal al poder judicial\",\"datePublished\":\"2020-10-19T06:22:03+00:00\",\"dateModified\":\"2024-01-22T13:14:36+00:00\",\"mainEntityOfPage\":{\"@id\":\"https:\/\/conversesacatalunya.cat\/es\/estocada-mortal-al-poder-judicial\/\"},\"wordCount\":710,\"commentCount\":0,\"image\":{\"@id\":\"https:\/\/conversesacatalunya.cat\/es\/estocada-mortal-al-poder-judicial\/#primaryimage\"},\"thumbnailUrl\":\"https:\/\/conversesacatalunya.cat\/wp-content\/uploads\/2020\/10\/CGPJ-1.jpg\",\"keywords\":[\"CGPJ\",\"RTVE\",\"Tribunal Supremo\"],\"articleSection\":[\"Opinem (ES)\"],\"inLanguage\":\"es\",\"potentialAction\":[{\"@type\":\"CommentAction\",\"name\":\"Comment\",\"target\":[\"https:\/\/conversesacatalunya.cat\/es\/estocada-mortal-al-poder-judicial\/#respond\"]}]},{\"@type\":\"WebPage\",\"@id\":\"https:\/\/conversesacatalunya.cat\/es\/estocada-mortal-al-poder-judicial\/\",\"url\":\"https:\/\/conversesacatalunya.cat\/es\/estocada-mortal-al-poder-judicial\/\",\"name\":\"Estocada mortal al poder judicial - Converses a Catalunya\",\"isPartOf\":{\"@id\":\"https:\/\/conversesacatalunya.cat\/#website\"},\"primaryImageOfPage\":{\"@id\":\"https:\/\/conversesacatalunya.cat\/es\/estocada-mortal-al-poder-judicial\/#primaryimage\"},\"image\":{\"@id\":\"https:\/\/conversesacatalunya.cat\/es\/estocada-mortal-al-poder-judicial\/#primaryimage\"},\"thumbnailUrl\":\"https:\/\/conversesacatalunya.cat\/wp-content\/uploads\/2020\/10\/CGPJ-1.jpg\",\"datePublished\":\"2020-10-19T06:22:03+00:00\",\"dateModified\":\"2024-01-22T13:14:36+00:00\",\"author\":{\"@id\":\"https:\/\/conversesacatalunya.cat\/#\/schema\/person\/002600efd43d2fd853533142f835a7d0\"},\"description\":\"el Partido Popular ha bloqueado las negociaciones para renovar el CGPJ, \u00f3rgano de gobierno de los jueces, que recordemos, no forma parte\",\"breadcrumb\":{\"@id\":\"https:\/\/conversesacatalunya.cat\/es\/estocada-mortal-al-poder-judicial\/#breadcrumb\"},\"inLanguage\":\"es\",\"potentialAction\":[{\"@type\":\"ReadAction\",\"target\":[\"https:\/\/conversesacatalunya.cat\/es\/estocada-mortal-al-poder-judicial\/\"]}]},{\"@type\":\"ImageObject\",\"inLanguage\":\"es\",\"@id\":\"https:\/\/conversesacatalunya.cat\/es\/estocada-mortal-al-poder-judicial\/#primaryimage\",\"url\":\"https:\/\/conversesacatalunya.cat\/wp-content\/uploads\/2020\/10\/CGPJ-1.jpg\",\"contentUrl\":\"https:\/\/conversesacatalunya.cat\/wp-content\/uploads\/2020\/10\/CGPJ-1.jpg\",\"width\":700,\"height\":433,\"caption\":\"CGPJ\"},{\"@type\":\"BreadcrumbList\",\"@id\":\"https:\/\/conversesacatalunya.cat\/es\/estocada-mortal-al-poder-judicial\/#breadcrumb\",\"itemListElement\":[{\"@type\":\"ListItem\",\"position\":1,\"name\":\"Inici\",\"item\":\"https:\/\/conversesacatalunya.cat\/es\/\"},{\"@type\":\"ListItem\",\"position\":2,\"name\":\"Estocada mortal al poder judicial\"}]},{\"@type\":\"WebSite\",\"@id\":\"https:\/\/conversesacatalunya.cat\/#website\",\"url\":\"https:\/\/conversesacatalunya.cat\/\",\"name\":\"Converses a Catalunya\",\"description\":\"\",\"potentialAction\":[{\"@type\":\"SearchAction\",\"target\":{\"@type\":\"EntryPoint\",\"urlTemplate\":\"https:\/\/conversesacatalunya.cat\/?s={search_term_string}\"},\"query-input\":{\"@type\":\"PropertyValueSpecification\",\"valueRequired\":true,\"valueName\":\"search_term_string\"}}],\"inLanguage\":\"es\"},{\"@type\":\"Person\",\"@id\":\"https:\/\/conversesacatalunya.cat\/#\/schema\/person\/002600efd43d2fd853533142f835a7d0\",\"name\":\"Josep Manel Silva\",\"image\":{\"@type\":\"ImageObject\",\"inLanguage\":\"es\",\"@id\":\"https:\/\/conversesacatalunya.cat\/#\/schema\/person\/image\/\",\"url\":\"https:\/\/conversesacatalunya.cat\/wp-content\/litespeed\/avatar\/185e68439f2852088c1bbbab53e0e4c5.jpg?ver=1777384733\",\"contentUrl\":\"https:\/\/conversesacatalunya.cat\/wp-content\/litespeed\/avatar\/185e68439f2852088c1bbbab53e0e4c5.jpg?ver=1777384733\",\"caption\":\"Josep Manel Silva\"},\"url\":\"https:\/\/conversesacatalunya.cat\/es\/author\/josep-manel-silva\/\"}]}<\/script>\n<!-- \/ Yoast SEO plugin. -->","yoast_head_json":{"title":"Estocada mortal al poder judicial - Converses a Catalunya","description":"el Partido Popular ha bloqueado las negociaciones para renovar el CGPJ, \u00f3rgano de gobierno de los jueces, que recordemos, no forma parte","robots":{"index":"index","follow":"follow","max-snippet":"max-snippet:-1","max-image-preview":"max-image-preview:large","max-video-preview":"max-video-preview:-1"},"canonical":"https:\/\/conversesacatalunya.cat\/es\/estocada-mortal-al-poder-judicial\/","og_locale":"es_ES","og_type":"article","og_title":"Estocada mortal al poder judicial - Converses a Catalunya","og_description":"el Partido Popular ha bloqueado las negociaciones para renovar el CGPJ, \u00f3rgano de gobierno de los jueces, que recordemos, no forma parte","og_url":"https:\/\/conversesacatalunya.cat\/es\/estocada-mortal-al-poder-judicial\/","og_site_name":"Converses a Catalunya","article_published_time":"2020-10-19T06:22:03+00:00","article_modified_time":"2024-01-22T13:14:36+00:00","og_image":[{"width":700,"height":433,"url":"https:\/\/conversesacatalunya.cat\/wp-content\/uploads\/2020\/10\/CGPJ-1.jpg","type":"image\/jpeg"}],"author":"Josep Manel Silva","twitter_card":"summary_large_image","twitter_misc":{"Escrito por":"Josep Manel Silva","Tiempo de lectura":"4 minutos"},"schema":{"@context":"https:\/\/schema.org","@graph":[{"@type":"Article","@id":"https:\/\/conversesacatalunya.cat\/es\/estocada-mortal-al-poder-judicial\/#article","isPartOf":{"@id":"https:\/\/conversesacatalunya.cat\/es\/estocada-mortal-al-poder-judicial\/"},"author":{"name":"Josep Manel Silva","@id":"https:\/\/conversesacatalunya.cat\/#\/schema\/person\/002600efd43d2fd853533142f835a7d0"},"headline":"Estocada mortal al poder judicial","datePublished":"2020-10-19T06:22:03+00:00","dateModified":"2024-01-22T13:14:36+00:00","mainEntityOfPage":{"@id":"https:\/\/conversesacatalunya.cat\/es\/estocada-mortal-al-poder-judicial\/"},"wordCount":710,"commentCount":0,"image":{"@id":"https:\/\/conversesacatalunya.cat\/es\/estocada-mortal-al-poder-judicial\/#primaryimage"},"thumbnailUrl":"https:\/\/conversesacatalunya.cat\/wp-content\/uploads\/2020\/10\/CGPJ-1.jpg","keywords":["CGPJ","RTVE","Tribunal Supremo"],"articleSection":["Opinem (ES)"],"inLanguage":"es","potentialAction":[{"@type":"CommentAction","name":"Comment","target":["https:\/\/conversesacatalunya.cat\/es\/estocada-mortal-al-poder-judicial\/#respond"]}]},{"@type":"WebPage","@id":"https:\/\/conversesacatalunya.cat\/es\/estocada-mortal-al-poder-judicial\/","url":"https:\/\/conversesacatalunya.cat\/es\/estocada-mortal-al-poder-judicial\/","name":"Estocada mortal al poder judicial - Converses a Catalunya","isPartOf":{"@id":"https:\/\/conversesacatalunya.cat\/#website"},"primaryImageOfPage":{"@id":"https:\/\/conversesacatalunya.cat\/es\/estocada-mortal-al-poder-judicial\/#primaryimage"},"image":{"@id":"https:\/\/conversesacatalunya.cat\/es\/estocada-mortal-al-poder-judicial\/#primaryimage"},"thumbnailUrl":"https:\/\/conversesacatalunya.cat\/wp-content\/uploads\/2020\/10\/CGPJ-1.jpg","datePublished":"2020-10-19T06:22:03+00:00","dateModified":"2024-01-22T13:14:36+00:00","author":{"@id":"https:\/\/conversesacatalunya.cat\/#\/schema\/person\/002600efd43d2fd853533142f835a7d0"},"description":"el Partido Popular ha bloqueado las negociaciones para renovar el CGPJ, \u00f3rgano de gobierno de los jueces, que recordemos, no forma parte","breadcrumb":{"@id":"https:\/\/conversesacatalunya.cat\/es\/estocada-mortal-al-poder-judicial\/#breadcrumb"},"inLanguage":"es","potentialAction":[{"@type":"ReadAction","target":["https:\/\/conversesacatalunya.cat\/es\/estocada-mortal-al-poder-judicial\/"]}]},{"@type":"ImageObject","inLanguage":"es","@id":"https:\/\/conversesacatalunya.cat\/es\/estocada-mortal-al-poder-judicial\/#primaryimage","url":"https:\/\/conversesacatalunya.cat\/wp-content\/uploads\/2020\/10\/CGPJ-1.jpg","contentUrl":"https:\/\/conversesacatalunya.cat\/wp-content\/uploads\/2020\/10\/CGPJ-1.jpg","width":700,"height":433,"caption":"CGPJ"},{"@type":"BreadcrumbList","@id":"https:\/\/conversesacatalunya.cat\/es\/estocada-mortal-al-poder-judicial\/#breadcrumb","itemListElement":[{"@type":"ListItem","position":1,"name":"Inici","item":"https:\/\/conversesacatalunya.cat\/es\/"},{"@type":"ListItem","position":2,"name":"Estocada mortal al poder judicial"}]},{"@type":"WebSite","@id":"https:\/\/conversesacatalunya.cat\/#website","url":"https:\/\/conversesacatalunya.cat\/","name":"Converses a Catalunya","description":"","potentialAction":[{"@type":"SearchAction","target":{"@type":"EntryPoint","urlTemplate":"https:\/\/conversesacatalunya.cat\/?s={search_term_string}"},"query-input":{"@type":"PropertyValueSpecification","valueRequired":true,"valueName":"search_term_string"}}],"inLanguage":"es"},{"@type":"Person","@id":"https:\/\/conversesacatalunya.cat\/#\/schema\/person\/002600efd43d2fd853533142f835a7d0","name":"Josep Manel Silva","image":{"@type":"ImageObject","inLanguage":"es","@id":"https:\/\/conversesacatalunya.cat\/#\/schema\/person\/image\/","url":"https:\/\/conversesacatalunya.cat\/wp-content\/litespeed\/avatar\/185e68439f2852088c1bbbab53e0e4c5.jpg?ver=1777384733","contentUrl":"https:\/\/conversesacatalunya.cat\/wp-content\/litespeed\/avatar\/185e68439f2852088c1bbbab53e0e4c5.jpg?ver=1777384733","caption":"Josep Manel Silva"},"url":"https:\/\/conversesacatalunya.cat\/es\/author\/josep-manel-silva\/"}]}},"wps_subtitle":"","_links":{"self":[{"href":"https:\/\/conversesacatalunya.cat\/es\/wp-json\/wp\/v2\/posts\/41324","targetHints":{"allow":["GET"]}}],"collection":[{"href":"https:\/\/conversesacatalunya.cat\/es\/wp-json\/wp\/v2\/posts"}],"about":[{"href":"https:\/\/conversesacatalunya.cat\/es\/wp-json\/wp\/v2\/types\/post"}],"author":[{"embeddable":true,"href":"https:\/\/conversesacatalunya.cat\/es\/wp-json\/wp\/v2\/users\/5"}],"replies":[{"embeddable":true,"href":"https:\/\/conversesacatalunya.cat\/es\/wp-json\/wp\/v2\/comments?post=41324"}],"version-history":[{"count":3,"href":"https:\/\/conversesacatalunya.cat\/es\/wp-json\/wp\/v2\/posts\/41324\/revisions"}],"predecessor-version":[{"id":41329,"href":"https:\/\/conversesacatalunya.cat\/es\/wp-json\/wp\/v2\/posts\/41324\/revisions\/41329"}],"wp:featuredmedia":[{"embeddable":true,"href":"https:\/\/conversesacatalunya.cat\/es\/wp-json\/wp\/v2\/media\/41325"}],"wp:attachment":[{"href":"https:\/\/conversesacatalunya.cat\/es\/wp-json\/wp\/v2\/media?parent=41324"}],"wp:term":[{"taxonomy":"category","embeddable":true,"href":"https:\/\/conversesacatalunya.cat\/es\/wp-json\/wp\/v2\/categories?post=41324"},{"taxonomy":"post_tag","embeddable":true,"href":"https:\/\/conversesacatalunya.cat\/es\/wp-json\/wp\/v2\/tags?post=41324"}],"curies":[{"name":"wp","href":"https:\/\/api.w.org\/{rel}","templated":true}]}}