{"id":41290,"date":"2020-10-16T11:55:07","date_gmt":"2020-10-16T09:55:07","guid":{"rendered":"https:\/\/conversesacatalunya.cat\/el-govern-espanyol-sembolica-a-europa-a-causa-del-cgpj\/"},"modified":"2020-10-16T18:04:05","modified_gmt":"2020-10-16T16:04:05","slug":"el-govern-espanyol-sembolica-a-europa-a-causa-del-cgpj","status":"publish","type":"post","link":"https:\/\/conversesacatalunya.cat\/es\/el-govern-espanyol-sembolica-a-europa-a-causa-del-cgpj\/","title":{"rendered":"El gobierno espa\u00f1ol se complica en Europa debido al CGPJ"},"content":{"rendered":"<p>El portavoz de la Comisi\u00f3n para Asuntos de Justicia, Christian Wigand, hizo p\u00fablico ayer un comunicado que constituye una advertencia al gobierno espa\u00f1ol por parte de la Comisi\u00f3n Europea, por lo tanto a un nivel de m\u00e1xima importancia. \u00ab<em>La Comisi\u00f3n est\u00e1 al corriente del anuncio de ese nuevo proyecto de ley (se refiere a la reforma para la elecci\u00f3n de los miembros del Consejo General del Poder Judicial aboliendo la mayor\u00eda de las 3\/5 partes). Seguimos de cerca su evoluci\u00f3n<\/em>\u00ab. En el Informe sobre el Estado de Derecho de 2020, la Comisi\u00f3n subray\u00f3 la importancia de reducir la influencia del poder legislativo o ejecutivo sobre el Poder Judicial a fin de fortalecer la independencia judicial (hay que recordar que en este reciente informe tambi\u00e9n se consideraba inapropiada la politizaci\u00f3n de la fiscal\u00eda del estado al haber escogido una ministra saliente, Dolores Delgado, para ocuparla).<\/p>\n<p>El cap\u00edtulo del Informe sobre el Estado de Derecho 2020 en Espa\u00f1a mencionaba la situaci\u00f3n del Consejo Judicial en Espa\u00f1a como un desaf\u00edo. \u00ab<strong><em>Es importante asegurarse de que el Consejo no sea percibido como vulnerable a la politizaci\u00f3n<\/em><\/strong>. <em>De manera m\u00e1s general, cuando los Estados miembros reforman el Poder Judicial debe hacerse siempre una consulta <strong>con todas las partes interesadas pertinentes, incluida la Comisi\u00f3n de Venecia<\/strong>. Los Estados miembros deben seguir las normas de la UE para garantizar que la independencia judicial no se vea comprometida\u00bb<\/em>. Esta r\u00e1pida reacci\u00f3n de la Comisi\u00f3n Europea, poco habitual en un \u00f3rgano que formula posiciones con notable lentitud, se\u00f1ala la importancia que le da la UE a a la iniciativa de S\u00e1nchez. De hecho, consiste en una advertencia que cierra el camino que el presidente del gobierno quiere seguir, porque le pide que consulte a las partes interesadas y eso significa que el Consejo de Estado, el CGPJ, el Consejo Fiscal y las asociaciones de jueces digan la suya, sabiendo de antemano que todas ellas est\u00e1n fuertemente en contra. Adem\u00e1s, convierte el asunto en una consulta internacional al indicarle que acuda a la Comisi\u00f3n de Venecia.<\/p>\n<p><strong>Naturalmente, S\u00e1nchez puede no hacer caso a las recomendaciones <\/strong>porque \u00e9sta ha sido su reciente actitud con el \u00f3rgano consultivo del gobierno del Consejo de Bio\u00e9tica de Espa\u00f1a en relaci\u00f3n con la ley de la eutanasia. Pero, en un momento de m\u00e1xima fragilidad para Espa\u00f1a en Europa, dada su dependencia de los fondos, ser\u00eda una actitud muy arriesgada. M\u00e1s cuando <strong>Polonia<\/strong> ya ha se\u00f1alado con el dedo a Espa\u00f1a indicando que si ella, por querer reformar el poder de los jueces, est\u00e1 sometida a un expediente, tambi\u00e9n Espa\u00f1a debe pasar por el mismo camino. Cabe recordar que el grupo socialista en el Parlamento Europeo encabezado por el PSOE ha sido implacable con el gobierno polaco, y por tanto, ahora se lo devuelve. Para agravarlo m\u00e1s, los fondos necesitan todav\u00eda la unanimidad de todos los pa\u00edses miembros, y Polonia puede hacer presi\u00f3n en este sentido para contrapesar la otra presi\u00f3n sobre este pa\u00eds que le pide un cumplimiento m\u00e1s exacto de los criterios europeos en su funcionamiento interno, posici\u00f3n que encabeza Holanda, que tambi\u00e9n puede utilizar como arma de bloqueo de los fondos, que nunca ha visto con buenos ojos, porque los considera un gasto excesivo.<\/p>\n<p>Es incomprensible como, viviendo inmersos en problemas grav\u00edsimos, S\u00e1nchez ha tomado una iniciativa que puede complicar a\u00fan m\u00e1s la situaci\u00f3n pol\u00edtica y econ\u00f3mica. Est\u00e1 claro que no es para menos, porque elegir al CGPJ como quiere el gobierno significa entregarlo a manos de la pol\u00edtica del partido que gobierne. Sus consecuencias son extraordinarias, primero porque <strong>el Consejo General nombra y promociona los jueces<\/strong>, y por tanto determina la composici\u00f3n de los grandes tribunales y de las carreras judiciales. Controlar esto dejar\u00eda la justicia en manos del PSOE y Podemos. Y todav\u00eda hay un segundo aspecto muy delicado para la democracia, que tambi\u00e9n es determinante en la configuraci\u00f3n de la junta electoral Central, que es quien controla las normas electorales. De ninguna manera el bloqueo del PP, un hecho circunstancial, puede dar lugar a un cambio estructural tan importante.<\/p>\n<p>Desde el punto de vista exterior, lo que hace S\u00e1nchez es deteriorar la imagen de seguridad jur\u00eddica que todo estado s\u00f3lido tiene que dar, porque es el fundamento de todas las garant\u00edas y de todos los negocios.<\/p>\n<div id=\"polls-76\" class=\"wp-polls\">\n\t<form id=\"polls_form_76\" class=\"wp-polls-form\" action=\"\/index.php\" method=\"post\">\n\t\t<p style=\"display: none;\"><input type=\"hidden\" id=\"poll_76_nonce\" name=\"wp-polls-nonce\" value=\"249ace55f9\" \/><\/p>\n\t\t<p style=\"display: none;\"><input type=\"hidden\" name=\"poll_id\" value=\"76\" \/><\/p>\n\t\t<p style=\"text-align: center\"><strong>Qui guanyar\u00e0 les pr\u00f2ximes eleccions americanes?<\/strong><\/p><div id=\"polls-76-ans\" class=\"wp-polls-ans\"><ul class=\"wp-polls-ul\">\n\t\t<li><input type=\"radio\" id=\"poll-answer-166\" name=\"poll_76\" value=\"166\" \/> <label for=\"poll-answer-166\">Joe Biden<\/label><\/li>\n\t\t<li><input type=\"radio\" id=\"poll-answer-167\" name=\"poll_76\" value=\"167\" \/> <label for=\"poll-answer-167\">Donald Trump<\/label><\/li>\n\t\t<li><input type=\"radio\" id=\"poll-answer-168\" name=\"poll_76\" value=\"168\" \/> <label for=\"poll-answer-168\">No ho s\u00e9<\/label><\/li>\n\t\t<\/ul><p style=\"text-align: center\"><input type=\"button\" name=\"vote\" value=\"   Vota   \" class=\"Buttons\" onclick=\"poll_vote(76);\" \/><\/p><p style=\"text-align: center\"><a href=\"#ViewPollResults\" onclick=\"poll_result(76); return false;\" title=\"View Results Of This Poll\">Mira els resultats<\/a><\/p><\/div>\n\t<\/form>\n<\/div>\n<div id=\"polls-76-loading\" class=\"wp-polls-loading\"><img decoding=\"async\" data-src=\"https:\/\/conversesacatalunya.cat\/wp-content\/plugins\/wp-polls\/images\/loading.gif\" width=\"16\" height=\"16\" alt=\"Cargando ...\" title=\"Cargando ...\" class=\"wp-polls-image lazyload\" src=\"data:image\/svg+xml;base64,PHN2ZyB3aWR0aD0iMSIgaGVpZ2h0PSIxIiB4bWxucz0iaHR0cDovL3d3dy53My5vcmcvMjAwMC9zdmciPjwvc3ZnPg==\" style=\"--smush-placeholder-width: 16px; --smush-placeholder-aspect-ratio: 16\/16;\" \/>&nbsp;Cargando ...<\/div>\n\n","protected":false},"excerpt":{"rendered":"<p>El portavoz de la Comisi\u00f3n para Asuntos de Justicia, Christian Wigand, hizo p\u00fablico ayer un comunicado que constituye una advertencia al gobierno espa\u00f1ol por parte de la Comisi\u00f3n Europea, por lo tanto a un nivel de m\u00e1xima importancia. \u00abLa Comisi\u00f3n est\u00e1 al corriente del anuncio de ese nuevo proyecto de ley (se refiere a la reforma para la elecci\u00f3n de los miembros del Consejo General del Poder Judicial aboliendo la mayor\u00eda de las 3\/5 partes). Seguimos de cerca su evoluci\u00f3n\u00ab. En el Informe sobre el Estado de Derecho de 2020, la Comisi\u00f3n subray\u00f3 la importancia de reducir la influencia del poder legislativo o ejecutivo sobre el Poder Judicial a fin de fortalecer la independencia judicial (hay que recordar que en este reciente informe tambi\u00e9n se consideraba inapropiada la politizaci\u00f3n de la fiscal\u00eda del estado al haber escogido una ministra saliente, Dolores Delgado, para ocuparla). El cap\u00edtulo del Informe sobre el Estado de Derecho 2020 en Espa\u00f1a mencionaba la situaci\u00f3n del Consejo Judicial en Espa\u00f1a como un desaf\u00edo. \u00abEs importante asegurarse de que el Consejo no sea percibido como vulnerable a la politizaci\u00f3n. De manera m\u00e1s general, cuando los Estados miembros reforman el Poder Judicial debe hacerse siempre una consulta con todas las partes interesadas pertinentes, incluida la Comisi\u00f3n de Venecia. Los Estados miembros deben seguir las normas de la UE para garantizar que la independencia judicial no se vea comprometida\u00bb. Esta r\u00e1pida reacci\u00f3n de la Comisi\u00f3n Europea, poco habitual en un \u00f3rgano que formula posiciones con notable lentitud, se\u00f1ala la importancia que le da la UE a a la iniciativa de S\u00e1nchez. De hecho, consiste en una advertencia que cierra el camino que el presidente del gobierno quiere seguir, porque le pide que consulte a las partes interesadas y eso significa que el Consejo de Estado, el CGPJ, el Consejo Fiscal y las asociaciones de jueces digan la suya, sabiendo de antemano que todas ellas est\u00e1n fuertemente en contra. Adem\u00e1s, convierte el asunto en una consulta internacional al indicarle que acuda a la Comisi\u00f3n de Venecia. Naturalmente, S\u00e1nchez puede no hacer caso a las recomendaciones porque \u00e9sta ha sido su reciente actitud con el \u00f3rgano consultivo del gobierno del Consejo de Bio\u00e9tica de Espa\u00f1a en relaci\u00f3n con la ley de la eutanasia. Pero, en un momento de m\u00e1xima fragilidad para Espa\u00f1a en Europa, dada su dependencia de los fondos, ser\u00eda una actitud muy arriesgada. M\u00e1s cuando Polonia ya ha se\u00f1alado con el dedo a Espa\u00f1a indicando que si ella, por querer reformar el poder de los jueces, est\u00e1 sometida a un expediente, tambi\u00e9n Espa\u00f1a debe pasar por el mismo camino. Cabe recordar que el grupo socialista en el Parlamento Europeo encabezado por el PSOE ha sido implacable con el gobierno polaco, y por tanto, ahora se lo devuelve. Para agravarlo m\u00e1s, los fondos necesitan todav\u00eda la unanimidad de todos los pa\u00edses miembros, y Polonia puede hacer presi\u00f3n en este sentido para contrapesar la otra presi\u00f3n sobre este pa\u00eds que le pide un cumplimiento m\u00e1s exacto de los criterios europeos en su funcionamiento interno, posici\u00f3n que encabeza Holanda, que tambi\u00e9n puede utilizar como arma de bloqueo de los fondos, que nunca ha visto con buenos ojos, porque los considera un gasto excesivo. Es incomprensible como, viviendo inmersos en problemas grav\u00edsimos, S\u00e1nchez ha tomado una iniciativa que puede complicar a\u00fan m\u00e1s la situaci\u00f3n pol\u00edtica y econ\u00f3mica. Est\u00e1 claro que no es para menos, porque elegir al CGPJ como quiere el gobierno significa entregarlo a manos de la pol\u00edtica del partido que gobierne. Sus consecuencias son extraordinarias, primero porque el Consejo General nombra y promociona los jueces, y por tanto determina la composici\u00f3n de los grandes tribunales y de las carreras judiciales. Controlar esto dejar\u00eda la justicia en manos del PSOE y Podemos. Y todav\u00eda hay un segundo aspecto muy delicado para la democracia, que tambi\u00e9n es determinante en la configuraci\u00f3n de la junta electoral Central, que es quien controla las normas electorales. De ninguna manera el bloqueo del PP, un hecho circunstancial, puede dar lugar a un cambio estructural tan importante. Desde el punto de vista exterior, lo que hace S\u00e1nchez es deteriorar la imagen de seguridad jur\u00eddica que todo estado s\u00f3lido tiene que dar, porque es el fundamento de todas las garant\u00edas y de todos los negocios.<\/p>\n","protected":false},"author":2,"featured_media":41279,"comment_status":"open","ping_status":"open","sticky":false,"template":"","format":"standard","meta":{"_FSMCFIC_featured_image_caption":"","_FSMCFIC_featured_image_nocaption":"","_FSMCFIC_featured_image_hide":"","footnotes":""},"categories":[806],"tags":[3112,1157],"class_list":["post-41290","post","type-post","status-publish","format-standard","has-post-thumbnail","hentry","category-punts-claus-del-dia-es","tag-cgpj-es","tag-pedro-sanchez-es"],"yoast_head":"<!-- This site is optimized with the Yoast SEO plugin v26.8 - https:\/\/yoast.com\/product\/yoast-seo-wordpress\/ -->\n<title>El gobierno espa\u00f1ol se complica en Europa debido al CGPJ - Converses a Catalunya<\/title>\n<meta name=\"description\" content=\"Es incomprensible como, viviendo inmersos en problemas grav\u00edsimos, S\u00e1nchez ha tomado una iniciativa que puede complicar a\u00fan m\u00e1s la situaci\u00f3n pol\u00edtica y econ\u00f3mica\" \/>\n<meta name=\"robots\" content=\"index, follow, max-snippet:-1, max-image-preview:large, max-video-preview:-1\" \/>\n<link rel=\"canonical\" href=\"https:\/\/conversesacatalunya.cat\/es\/el-govern-espanyol-sembolica-a-europa-a-causa-del-cgpj\/\" \/>\n<meta property=\"og:locale\" content=\"es_ES\" \/>\n<meta property=\"og:type\" content=\"article\" \/>\n<meta property=\"og:title\" content=\"El gobierno espa\u00f1ol se complica en Europa debido al CGPJ - Converses a Catalunya\" \/>\n<meta property=\"og:description\" content=\"Es incomprensible como, viviendo inmersos en problemas grav\u00edsimos, S\u00e1nchez ha tomado una iniciativa que puede complicar a\u00fan m\u00e1s la situaci\u00f3n pol\u00edtica y econ\u00f3mica\" \/>\n<meta property=\"og:url\" content=\"https:\/\/conversesacatalunya.cat\/es\/el-govern-espanyol-sembolica-a-europa-a-causa-del-cgpj\/\" \/>\n<meta property=\"og:site_name\" content=\"Converses a Catalunya\" \/>\n<meta property=\"article:published_time\" content=\"2020-10-16T09:55:07+00:00\" \/>\n<meta property=\"article:modified_time\" content=\"2020-10-16T16:04:05+00:00\" \/>\n<meta property=\"og:image\" content=\"https:\/\/conversesacatalunya.cat\/wp-content\/uploads\/2020\/10\/cgpj.jpg\" \/>\n\t<meta property=\"og:image:width\" content=\"768\" \/>\n\t<meta property=\"og:image:height\" content=\"513\" \/>\n\t<meta property=\"og:image:type\" content=\"image\/jpeg\" \/>\n<meta name=\"author\" content=\"conversesacatalunya\" \/>\n<meta name=\"twitter:card\" content=\"summary_large_image\" \/>\n<meta name=\"twitter:label1\" content=\"Escrito por\" \/>\n\t<meta name=\"twitter:data1\" content=\"conversesacatalunya\" \/>\n\t<meta name=\"twitter:label2\" content=\"Tiempo de lectura\" \/>\n\t<meta name=\"twitter:data2\" content=\"4 minutos\" \/>\n<script type=\"application\/ld+json\" class=\"yoast-schema-graph\">{\"@context\":\"https:\/\/schema.org\",\"@graph\":[{\"@type\":\"Article\",\"@id\":\"https:\/\/conversesacatalunya.cat\/es\/el-govern-espanyol-sembolica-a-europa-a-causa-del-cgpj\/#article\",\"isPartOf\":{\"@id\":\"https:\/\/conversesacatalunya.cat\/es\/el-govern-espanyol-sembolica-a-europa-a-causa-del-cgpj\/\"},\"author\":{\"name\":\"conversesacatalunya\",\"@id\":\"https:\/\/conversesacatalunya.cat\/#\/schema\/person\/7e24d1e54a2785373ddcb275eae5ed99\"},\"headline\":\"El gobierno espa\u00f1ol se complica en Europa debido al CGPJ\",\"datePublished\":\"2020-10-16T09:55:07+00:00\",\"dateModified\":\"2020-10-16T16:04:05+00:00\",\"mainEntityOfPage\":{\"@id\":\"https:\/\/conversesacatalunya.cat\/es\/el-govern-espanyol-sembolica-a-europa-a-causa-del-cgpj\/\"},\"wordCount\":783,\"commentCount\":0,\"image\":{\"@id\":\"https:\/\/conversesacatalunya.cat\/es\/el-govern-espanyol-sembolica-a-europa-a-causa-del-cgpj\/#primaryimage\"},\"thumbnailUrl\":\"https:\/\/conversesacatalunya.cat\/wp-content\/uploads\/2020\/10\/cgpj.jpg\",\"keywords\":[\"CGPJ\",\"Pedro S\u00e1nchez\"],\"articleSection\":[\"Punts clau del dia (ES)\"],\"inLanguage\":\"es\",\"potentialAction\":[{\"@type\":\"CommentAction\",\"name\":\"Comment\",\"target\":[\"https:\/\/conversesacatalunya.cat\/es\/el-govern-espanyol-sembolica-a-europa-a-causa-del-cgpj\/#respond\"]}]},{\"@type\":\"WebPage\",\"@id\":\"https:\/\/conversesacatalunya.cat\/es\/el-govern-espanyol-sembolica-a-europa-a-causa-del-cgpj\/\",\"url\":\"https:\/\/conversesacatalunya.cat\/es\/el-govern-espanyol-sembolica-a-europa-a-causa-del-cgpj\/\",\"name\":\"El gobierno espa\u00f1ol se complica en Europa debido al CGPJ - Converses a Catalunya\",\"isPartOf\":{\"@id\":\"https:\/\/conversesacatalunya.cat\/#website\"},\"primaryImageOfPage\":{\"@id\":\"https:\/\/conversesacatalunya.cat\/es\/el-govern-espanyol-sembolica-a-europa-a-causa-del-cgpj\/#primaryimage\"},\"image\":{\"@id\":\"https:\/\/conversesacatalunya.cat\/es\/el-govern-espanyol-sembolica-a-europa-a-causa-del-cgpj\/#primaryimage\"},\"thumbnailUrl\":\"https:\/\/conversesacatalunya.cat\/wp-content\/uploads\/2020\/10\/cgpj.jpg\",\"datePublished\":\"2020-10-16T09:55:07+00:00\",\"dateModified\":\"2020-10-16T16:04:05+00:00\",\"author\":{\"@id\":\"https:\/\/conversesacatalunya.cat\/#\/schema\/person\/7e24d1e54a2785373ddcb275eae5ed99\"},\"description\":\"Es incomprensible como, viviendo inmersos en problemas grav\u00edsimos, S\u00e1nchez ha tomado una iniciativa que puede complicar a\u00fan m\u00e1s la situaci\u00f3n pol\u00edtica y econ\u00f3mica\",\"breadcrumb\":{\"@id\":\"https:\/\/conversesacatalunya.cat\/es\/el-govern-espanyol-sembolica-a-europa-a-causa-del-cgpj\/#breadcrumb\"},\"inLanguage\":\"es\",\"potentialAction\":[{\"@type\":\"ReadAction\",\"target\":[\"https:\/\/conversesacatalunya.cat\/es\/el-govern-espanyol-sembolica-a-europa-a-causa-del-cgpj\/\"]}]},{\"@type\":\"ImageObject\",\"inLanguage\":\"es\",\"@id\":\"https:\/\/conversesacatalunya.cat\/es\/el-govern-espanyol-sembolica-a-europa-a-causa-del-cgpj\/#primaryimage\",\"url\":\"https:\/\/conversesacatalunya.cat\/wp-content\/uploads\/2020\/10\/cgpj.jpg\",\"contentUrl\":\"https:\/\/conversesacatalunya.cat\/wp-content\/uploads\/2020\/10\/cgpj.jpg\",\"width\":768,\"height\":513,\"caption\":\"Consell General del Poder Judicial\"},{\"@type\":\"BreadcrumbList\",\"@id\":\"https:\/\/conversesacatalunya.cat\/es\/el-govern-espanyol-sembolica-a-europa-a-causa-del-cgpj\/#breadcrumb\",\"itemListElement\":[{\"@type\":\"ListItem\",\"position\":1,\"name\":\"Inici\",\"item\":\"https:\/\/conversesacatalunya.cat\/es\/\"},{\"@type\":\"ListItem\",\"position\":2,\"name\":\"El gobierno espa\u00f1ol se complica en Europa debido al CGPJ\"}]},{\"@type\":\"WebSite\",\"@id\":\"https:\/\/conversesacatalunya.cat\/#website\",\"url\":\"https:\/\/conversesacatalunya.cat\/\",\"name\":\"Converses a Catalunya\",\"description\":\"\",\"potentialAction\":[{\"@type\":\"SearchAction\",\"target\":{\"@type\":\"EntryPoint\",\"urlTemplate\":\"https:\/\/conversesacatalunya.cat\/?s={search_term_string}\"},\"query-input\":{\"@type\":\"PropertyValueSpecification\",\"valueRequired\":true,\"valueName\":\"search_term_string\"}}],\"inLanguage\":\"es\"},{\"@type\":\"Person\",\"@id\":\"https:\/\/conversesacatalunya.cat\/#\/schema\/person\/7e24d1e54a2785373ddcb275eae5ed99\",\"name\":\"conversesacatalunya\",\"image\":{\"@type\":\"ImageObject\",\"inLanguage\":\"es\",\"@id\":\"https:\/\/conversesacatalunya.cat\/#\/schema\/person\/image\/\",\"url\":\"https:\/\/conversesacatalunya.cat\/wp-content\/litespeed\/avatar\/febdfeeec89d950f01c748045a981dd2.jpg?ver=1777314535\",\"contentUrl\":\"https:\/\/conversesacatalunya.cat\/wp-content\/litespeed\/avatar\/febdfeeec89d950f01c748045a981dd2.jpg?ver=1777314535\",\"caption\":\"conversesacatalunya\"},\"url\":\"https:\/\/conversesacatalunya.cat\/es\/author\/carme_catala\/\"}]}<\/script>\n<!-- \/ Yoast SEO plugin. -->","yoast_head_json":{"title":"El gobierno espa\u00f1ol se complica en Europa debido al CGPJ - Converses a Catalunya","description":"Es incomprensible como, viviendo inmersos en problemas grav\u00edsimos, S\u00e1nchez ha tomado una iniciativa que puede complicar a\u00fan m\u00e1s la situaci\u00f3n pol\u00edtica y econ\u00f3mica","robots":{"index":"index","follow":"follow","max-snippet":"max-snippet:-1","max-image-preview":"max-image-preview:large","max-video-preview":"max-video-preview:-1"},"canonical":"https:\/\/conversesacatalunya.cat\/es\/el-govern-espanyol-sembolica-a-europa-a-causa-del-cgpj\/","og_locale":"es_ES","og_type":"article","og_title":"El gobierno espa\u00f1ol se complica en Europa debido al CGPJ - Converses a Catalunya","og_description":"Es incomprensible como, viviendo inmersos en problemas grav\u00edsimos, S\u00e1nchez ha tomado una iniciativa que puede complicar a\u00fan m\u00e1s la situaci\u00f3n pol\u00edtica y econ\u00f3mica","og_url":"https:\/\/conversesacatalunya.cat\/es\/el-govern-espanyol-sembolica-a-europa-a-causa-del-cgpj\/","og_site_name":"Converses a Catalunya","article_published_time":"2020-10-16T09:55:07+00:00","article_modified_time":"2020-10-16T16:04:05+00:00","og_image":[{"width":768,"height":513,"url":"https:\/\/conversesacatalunya.cat\/wp-content\/uploads\/2020\/10\/cgpj.jpg","type":"image\/jpeg"}],"author":"conversesacatalunya","twitter_card":"summary_large_image","twitter_misc":{"Escrito por":"conversesacatalunya","Tiempo de lectura":"4 minutos"},"schema":{"@context":"https:\/\/schema.org","@graph":[{"@type":"Article","@id":"https:\/\/conversesacatalunya.cat\/es\/el-govern-espanyol-sembolica-a-europa-a-causa-del-cgpj\/#article","isPartOf":{"@id":"https:\/\/conversesacatalunya.cat\/es\/el-govern-espanyol-sembolica-a-europa-a-causa-del-cgpj\/"},"author":{"name":"conversesacatalunya","@id":"https:\/\/conversesacatalunya.cat\/#\/schema\/person\/7e24d1e54a2785373ddcb275eae5ed99"},"headline":"El gobierno espa\u00f1ol se complica en Europa debido al CGPJ","datePublished":"2020-10-16T09:55:07+00:00","dateModified":"2020-10-16T16:04:05+00:00","mainEntityOfPage":{"@id":"https:\/\/conversesacatalunya.cat\/es\/el-govern-espanyol-sembolica-a-europa-a-causa-del-cgpj\/"},"wordCount":783,"commentCount":0,"image":{"@id":"https:\/\/conversesacatalunya.cat\/es\/el-govern-espanyol-sembolica-a-europa-a-causa-del-cgpj\/#primaryimage"},"thumbnailUrl":"https:\/\/conversesacatalunya.cat\/wp-content\/uploads\/2020\/10\/cgpj.jpg","keywords":["CGPJ","Pedro S\u00e1nchez"],"articleSection":["Punts clau del dia (ES)"],"inLanguage":"es","potentialAction":[{"@type":"CommentAction","name":"Comment","target":["https:\/\/conversesacatalunya.cat\/es\/el-govern-espanyol-sembolica-a-europa-a-causa-del-cgpj\/#respond"]}]},{"@type":"WebPage","@id":"https:\/\/conversesacatalunya.cat\/es\/el-govern-espanyol-sembolica-a-europa-a-causa-del-cgpj\/","url":"https:\/\/conversesacatalunya.cat\/es\/el-govern-espanyol-sembolica-a-europa-a-causa-del-cgpj\/","name":"El gobierno espa\u00f1ol se complica en Europa debido al CGPJ - Converses a Catalunya","isPartOf":{"@id":"https:\/\/conversesacatalunya.cat\/#website"},"primaryImageOfPage":{"@id":"https:\/\/conversesacatalunya.cat\/es\/el-govern-espanyol-sembolica-a-europa-a-causa-del-cgpj\/#primaryimage"},"image":{"@id":"https:\/\/conversesacatalunya.cat\/es\/el-govern-espanyol-sembolica-a-europa-a-causa-del-cgpj\/#primaryimage"},"thumbnailUrl":"https:\/\/conversesacatalunya.cat\/wp-content\/uploads\/2020\/10\/cgpj.jpg","datePublished":"2020-10-16T09:55:07+00:00","dateModified":"2020-10-16T16:04:05+00:00","author":{"@id":"https:\/\/conversesacatalunya.cat\/#\/schema\/person\/7e24d1e54a2785373ddcb275eae5ed99"},"description":"Es incomprensible como, viviendo inmersos en problemas grav\u00edsimos, S\u00e1nchez ha tomado una iniciativa que puede complicar a\u00fan m\u00e1s la situaci\u00f3n pol\u00edtica y econ\u00f3mica","breadcrumb":{"@id":"https:\/\/conversesacatalunya.cat\/es\/el-govern-espanyol-sembolica-a-europa-a-causa-del-cgpj\/#breadcrumb"},"inLanguage":"es","potentialAction":[{"@type":"ReadAction","target":["https:\/\/conversesacatalunya.cat\/es\/el-govern-espanyol-sembolica-a-europa-a-causa-del-cgpj\/"]}]},{"@type":"ImageObject","inLanguage":"es","@id":"https:\/\/conversesacatalunya.cat\/es\/el-govern-espanyol-sembolica-a-europa-a-causa-del-cgpj\/#primaryimage","url":"https:\/\/conversesacatalunya.cat\/wp-content\/uploads\/2020\/10\/cgpj.jpg","contentUrl":"https:\/\/conversesacatalunya.cat\/wp-content\/uploads\/2020\/10\/cgpj.jpg","width":768,"height":513,"caption":"Consell General del Poder Judicial"},{"@type":"BreadcrumbList","@id":"https:\/\/conversesacatalunya.cat\/es\/el-govern-espanyol-sembolica-a-europa-a-causa-del-cgpj\/#breadcrumb","itemListElement":[{"@type":"ListItem","position":1,"name":"Inici","item":"https:\/\/conversesacatalunya.cat\/es\/"},{"@type":"ListItem","position":2,"name":"El gobierno espa\u00f1ol se complica en Europa debido al CGPJ"}]},{"@type":"WebSite","@id":"https:\/\/conversesacatalunya.cat\/#website","url":"https:\/\/conversesacatalunya.cat\/","name":"Converses a Catalunya","description":"","potentialAction":[{"@type":"SearchAction","target":{"@type":"EntryPoint","urlTemplate":"https:\/\/conversesacatalunya.cat\/?s={search_term_string}"},"query-input":{"@type":"PropertyValueSpecification","valueRequired":true,"valueName":"search_term_string"}}],"inLanguage":"es"},{"@type":"Person","@id":"https:\/\/conversesacatalunya.cat\/#\/schema\/person\/7e24d1e54a2785373ddcb275eae5ed99","name":"conversesacatalunya","image":{"@type":"ImageObject","inLanguage":"es","@id":"https:\/\/conversesacatalunya.cat\/#\/schema\/person\/image\/","url":"https:\/\/conversesacatalunya.cat\/wp-content\/litespeed\/avatar\/febdfeeec89d950f01c748045a981dd2.jpg?ver=1777314535","contentUrl":"https:\/\/conversesacatalunya.cat\/wp-content\/litespeed\/avatar\/febdfeeec89d950f01c748045a981dd2.jpg?ver=1777314535","caption":"conversesacatalunya"},"url":"https:\/\/conversesacatalunya.cat\/es\/author\/carme_catala\/"}]}},"wps_subtitle":"Es incomprensible como, viviendo inmersos en problemas grav\u00edsimos, S\u00e1nchez ha tomado una iniciativa que puede complicar a\u00fan m\u00e1s la situaci\u00f3n pol\u00edtica y econ\u00f3mica","_links":{"self":[{"href":"https:\/\/conversesacatalunya.cat\/es\/wp-json\/wp\/v2\/posts\/41290","targetHints":{"allow":["GET"]}}],"collection":[{"href":"https:\/\/conversesacatalunya.cat\/es\/wp-json\/wp\/v2\/posts"}],"about":[{"href":"https:\/\/conversesacatalunya.cat\/es\/wp-json\/wp\/v2\/types\/post"}],"author":[{"embeddable":true,"href":"https:\/\/conversesacatalunya.cat\/es\/wp-json\/wp\/v2\/users\/2"}],"replies":[{"embeddable":true,"href":"https:\/\/conversesacatalunya.cat\/es\/wp-json\/wp\/v2\/comments?post=41290"}],"version-history":[{"count":2,"href":"https:\/\/conversesacatalunya.cat\/es\/wp-json\/wp\/v2\/posts\/41290\/revisions"}],"predecessor-version":[{"id":41292,"href":"https:\/\/conversesacatalunya.cat\/es\/wp-json\/wp\/v2\/posts\/41290\/revisions\/41292"}],"wp:featuredmedia":[{"embeddable":true,"href":"https:\/\/conversesacatalunya.cat\/es\/wp-json\/wp\/v2\/media\/41279"}],"wp:attachment":[{"href":"https:\/\/conversesacatalunya.cat\/es\/wp-json\/wp\/v2\/media?parent=41290"}],"wp:term":[{"taxonomy":"category","embeddable":true,"href":"https:\/\/conversesacatalunya.cat\/es\/wp-json\/wp\/v2\/categories?post=41290"},{"taxonomy":"post_tag","embeddable":true,"href":"https:\/\/conversesacatalunya.cat\/es\/wp-json\/wp\/v2\/tags?post=41290"}],"curies":[{"name":"wp","href":"https:\/\/api.w.org\/{rel}","templated":true}]}}