{"id":41217,"date":"2020-10-15T12:25:27","date_gmt":"2020-10-15T10:25:27","guid":{"rendered":"https:\/\/conversesacatalunya.cat\/esmenes-a-la-llei-de-leutanasia-una-nova-amenaca-per-a-la-gent-gran\/"},"modified":"2020-10-15T15:43:13","modified_gmt":"2020-10-15T13:43:13","slug":"enmiendas-a-la-ley-de-la-eutanasia-una-nueva-amenaza-para-la-gente-mayor","status":"publish","type":"post","link":"https:\/\/conversesacatalunya.cat\/es\/enmiendas-a-la-ley-de-la-eutanasia-una-nueva-amenaza-para-la-gente-mayor\/","title":{"rendered":"Enmiendas a la ley de la eutanasia: una nueva amenaza para la gente mayor"},"content":{"rendered":"<p>La crisis sanitaria que provoc\u00f3 la Covid-19 puso de relieve la escasa consideraci\u00f3n que merec\u00eda la vida de las personas mayores. A muchos de los que estaban en residencias les fue, por la v\u00eda de los hechos, denegado su ingreso hospitalario. Y aquellos que desde sus hogares acudieron a los hospitales, si ten\u00edan m\u00e1s de 75 a\u00f1os, no ten\u00edan acceso al uso de los respiradores reservados para personas m\u00e1s j\u00f3venes, fuera cual fuera el orden de entrada.<\/p>\n<p>Ahora se ha iniciado el proceso en comisi\u00f3n del <strong>Congreso de los Diputados<\/strong> para debatir <strong>la ley org\u00e1nica sobre la eutanasia<\/strong>, una legislaci\u00f3n que vista la experiencia holandesa, un pa\u00eds mucho m\u00e1s riguroso en la aplicaci\u00f3n de la ley, hace temer por la situaci\u00f3n futura de las personas mayores. Pero es que adem\u00e1s, la coalici\u00f3n de gobierno que promueve la ley ha presentado enmiendas a su propio articulado para hacerla <strong>mucho m\u00e1s laxa y menos garantista<\/strong>. Concretamente, estos son los cambios y las amenazas si logran ser aprobados:<\/p>\n<ol>\n<li><strong> Los plazos para garantizar la conformidad de la v\u00edctima<\/strong> pueden desaparecer a criterio del m\u00e9dico. El plazo de 15 d\u00edas entre la primera y la segunda petici\u00f3n puede desaparecer si as\u00ed lo considera el m\u00e9dico y tambi\u00e9n podr\u00e1 practicarla sin verificaci\u00f3n previa, es decir salt\u00e1ndose el \u00faltimo plazo de 24 horas que se otorga al paciente para que decida si persiste o desiste a recibir la eutanasia.<\/li>\n<li><strong>La decisi\u00f3n de morir podr\u00e1 ser validada por cualquier documento previo<\/strong> que haya establecido la persona si \u00e9sta ya no se encuentra en el pleno uso de sus facultades: un testamento vital o documentos legalmente reconocidos.<\/li>\n<li><strong>Si la situaci\u00f3n personal o las condiciones de salud del paciente no se lo permiten<\/strong>, la solicitud puede ser fechada y firmada por otros medios que le permitan dejar constancia, <strong>o por otra persona<\/strong>. La \u00fanica condici\u00f3n es que el enfermo est\u00e9 presente. Es evidente que este punto junto con los anteriores abre la puerta a la m\u00e1s grande de las arbitrariedades, porque la presencia de una persona disminuida que ya no puede ejercer sus facultades no es garant\u00eda de nada.<\/li>\n<li>Todas estas circunstancias multiplican el riesgo cuando se considera, con la nueva enmienda, que la eutanasia adem\u00e1s de en los <strong>hospitales podr\u00eda ser realizada en el domicilio particular<\/strong>, es decir, sin ning\u00fan tipo de control p\u00fablico ni de otras presencias que no sean las del m\u00e9dico en cuesti\u00f3n y las personas cercanas al enfermo.<\/li>\n<\/ol>\n<ol start=\"5\">\n<li>La nueva ley, adem\u00e1s, deja claro que la eutanasia en ning\u00fan caso ser\u00e1 un delito, lo que dificultar\u00e1 sobremanera perseguir posibles incumplimientos de la ley, manteniendo un nivel de impunidad muy grande. <strong>\u00a1Aunque incumplas la norma no tendr\u00e1n ninguna penalizaci\u00f3n!<\/strong><\/li>\n<li>De manera ins\u00f3lita, adem\u00e1s, la ley <strong>contempla la amnist\u00eda<\/strong> para todas aquellas personas acusadas de haber provocado la muerte a partir de una demanda real o figurada y obligar\u00e1 a los tribunales a revisar de oficio todas las sentencias condenatorias anteriores .<\/li>\n<\/ol>\n<p>En este marco, la tentaci\u00f3n de decidir por la persona afectada, sobre todo cuando \u00e9sta es mayor y tiene las capacidades disminuidas, es inmensa porque la impunidad tambi\u00e9n lo ser\u00e1.<\/p>\n<div id=\"polls-76\" class=\"wp-polls\">\n\t<form id=\"polls_form_76\" class=\"wp-polls-form\" action=\"\/index.php\" method=\"post\">\n\t\t<p style=\"display: none;\"><input type=\"hidden\" id=\"poll_76_nonce\" name=\"wp-polls-nonce\" value=\"249ace55f9\" \/><\/p>\n\t\t<p style=\"display: none;\"><input type=\"hidden\" name=\"poll_id\" value=\"76\" \/><\/p>\n\t\t<p style=\"text-align: center\"><strong>Qui guanyar\u00e0 les pr\u00f2ximes eleccions americanes?<\/strong><\/p><div id=\"polls-76-ans\" class=\"wp-polls-ans\"><ul class=\"wp-polls-ul\">\n\t\t<li><input type=\"radio\" id=\"poll-answer-166\" name=\"poll_76\" value=\"166\" \/> <label for=\"poll-answer-166\">Joe Biden<\/label><\/li>\n\t\t<li><input type=\"radio\" id=\"poll-answer-167\" name=\"poll_76\" value=\"167\" \/> <label for=\"poll-answer-167\">Donald Trump<\/label><\/li>\n\t\t<li><input type=\"radio\" id=\"poll-answer-168\" name=\"poll_76\" value=\"168\" \/> <label for=\"poll-answer-168\">No ho s\u00e9<\/label><\/li>\n\t\t<\/ul><p style=\"text-align: center\"><input type=\"button\" name=\"vote\" value=\"   Vota   \" class=\"Buttons\" onclick=\"poll_vote(76);\" \/><\/p><p style=\"text-align: center\"><a href=\"#ViewPollResults\" onclick=\"poll_result(76); return false;\" title=\"View Results Of This Poll\">Mira els resultats<\/a><\/p><\/div>\n\t<\/form>\n<\/div>\n<div id=\"polls-76-loading\" class=\"wp-polls-loading\"><img decoding=\"async\" data-src=\"https:\/\/conversesacatalunya.cat\/wp-content\/plugins\/wp-polls\/images\/loading.gif\" width=\"16\" height=\"16\" alt=\"Cargando ...\" title=\"Cargando ...\" class=\"wp-polls-image lazyload\" src=\"data:image\/svg+xml;base64,PHN2ZyB3aWR0aD0iMSIgaGVpZ2h0PSIxIiB4bWxucz0iaHR0cDovL3d3dy53My5vcmcvMjAwMC9zdmciPjwvc3ZnPg==\" style=\"--smush-placeholder-width: 16px; --smush-placeholder-aspect-ratio: 16\/16;\" \/>&nbsp;Cargando ...<\/div>\n\n","protected":false},"excerpt":{"rendered":"<p>La crisis sanitaria que provoc\u00f3 la Covid-19 puso de relieve la escasa consideraci\u00f3n que merec\u00eda la vida de las personas mayores. A muchos de los que estaban en residencias les fue, por la v\u00eda de los hechos, denegado su ingreso hospitalario. Y aquellos que desde sus hogares acudieron a los hospitales, si ten\u00edan m\u00e1s de 75 a\u00f1os, no ten\u00edan acceso al uso de los respiradores reservados para personas m\u00e1s j\u00f3venes, fuera cual fuera el orden de entrada. Ahora se ha iniciado el proceso en comisi\u00f3n del Congreso de los Diputados para debatir la ley org\u00e1nica sobre la eutanasia, una legislaci\u00f3n que vista la experiencia holandesa, un pa\u00eds mucho m\u00e1s riguroso en la aplicaci\u00f3n de la ley, hace temer por la situaci\u00f3n futura de las personas mayores. Pero es que adem\u00e1s, la coalici\u00f3n de gobierno que promueve la ley ha presentado enmiendas a su propio articulado para hacerla mucho m\u00e1s laxa y menos garantista. Concretamente, estos son los cambios y las amenazas si logran ser aprobados: Los plazos para garantizar la conformidad de la v\u00edctima pueden desaparecer a criterio del m\u00e9dico. El plazo de 15 d\u00edas entre la primera y la segunda petici\u00f3n puede desaparecer si as\u00ed lo considera el m\u00e9dico y tambi\u00e9n podr\u00e1 practicarla sin verificaci\u00f3n previa, es decir salt\u00e1ndose el \u00faltimo plazo de 24 horas que se otorga al paciente para que decida si persiste o desiste a recibir la eutanasia. La decisi\u00f3n de morir podr\u00e1 ser validada por cualquier documento previo que haya establecido la persona si \u00e9sta ya no se encuentra en el pleno uso de sus facultades: un testamento vital o documentos legalmente reconocidos. Si la situaci\u00f3n personal o las condiciones de salud del paciente no se lo permiten, la solicitud puede ser fechada y firmada por otros medios que le permitan dejar constancia, o por otra persona. La \u00fanica condici\u00f3n es que el enfermo est\u00e9 presente. Es evidente que este punto junto con los anteriores abre la puerta a la m\u00e1s grande de las arbitrariedades, porque la presencia de una persona disminuida que ya no puede ejercer sus facultades no es garant\u00eda de nada. Todas estas circunstancias multiplican el riesgo cuando se considera, con la nueva enmienda, que la eutanasia adem\u00e1s de en los hospitales podr\u00eda ser realizada en el domicilio particular, es decir, sin ning\u00fan tipo de control p\u00fablico ni de otras presencias que no sean las del m\u00e9dico en cuesti\u00f3n y las personas cercanas al enfermo. La nueva ley, adem\u00e1s, deja claro que la eutanasia en ning\u00fan caso ser\u00e1 un delito, lo que dificultar\u00e1 sobremanera perseguir posibles incumplimientos de la ley, manteniendo un nivel de impunidad muy grande. \u00a1Aunque incumplas la norma no tendr\u00e1n ninguna penalizaci\u00f3n! De manera ins\u00f3lita, adem\u00e1s, la ley contempla la amnist\u00eda para todas aquellas personas acusadas de haber provocado la muerte a partir de una demanda real o figurada y obligar\u00e1 a los tribunales a revisar de oficio todas las sentencias condenatorias anteriores . En este marco, la tentaci\u00f3n de decidir por la persona afectada, sobre todo cuando \u00e9sta es mayor y tiene las capacidades disminuidas, es inmensa porque la impunidad tambi\u00e9n lo ser\u00e1.<\/p>\n","protected":false},"author":2,"featured_media":41206,"comment_status":"open","ping_status":"open","sticky":false,"template":"","format":"standard","meta":{"_FSMCFIC_featured_image_caption":"","_FSMCFIC_featured_image_nocaption":"","_FSMCFIC_featured_image_hide":"","footnotes":""},"categories":[806],"tags":[1581],"class_list":["post-41217","post","type-post","status-publish","format-standard","has-post-thumbnail","hentry","category-punts-claus-del-dia-es","tag-eutanasia-es"],"yoast_head":"<!-- This site is optimized with the Yoast SEO plugin v26.8 - https:\/\/yoast.com\/product\/yoast-seo-wordpress\/ -->\n<title>Enmiendas a la ley de la eutanasia: una nueva amenaza para la gente mayor - Converses a Catalunya<\/title>\n<meta name=\"description\" content=\"La coalici\u00f3n de gobierno que promueve la ley ha presentado enmiendas a su propio articulado para hacerla mucho m\u00e1s laxa y menos garantista\" \/>\n<meta name=\"robots\" content=\"index, follow, max-snippet:-1, max-image-preview:large, max-video-preview:-1\" \/>\n<link rel=\"canonical\" href=\"https:\/\/conversesacatalunya.cat\/es\/enmiendas-a-la-ley-de-la-eutanasia-una-nueva-amenaza-para-la-gente-mayor\/\" \/>\n<meta property=\"og:locale\" content=\"es_ES\" \/>\n<meta property=\"og:type\" content=\"article\" \/>\n<meta property=\"og:title\" content=\"Enmiendas a la ley de la eutanasia: una nueva amenaza para la gente mayor - Converses a Catalunya\" \/>\n<meta property=\"og:description\" content=\"La coalici\u00f3n de gobierno que promueve la ley ha presentado enmiendas a su propio articulado para hacerla mucho m\u00e1s laxa y menos garantista\" \/>\n<meta property=\"og:url\" content=\"https:\/\/conversesacatalunya.cat\/es\/enmiendas-a-la-ley-de-la-eutanasia-una-nueva-amenaza-para-la-gente-mayor\/\" \/>\n<meta property=\"og:site_name\" content=\"Converses a Catalunya\" \/>\n<meta property=\"article:published_time\" content=\"2020-10-15T10:25:27+00:00\" \/>\n<meta property=\"article:modified_time\" content=\"2020-10-15T13:43:13+00:00\" \/>\n<meta property=\"og:image\" content=\"https:\/\/conversesacatalunya.cat\/wp-content\/uploads\/2020\/10\/llei-eutanasia.jpg\" \/>\n\t<meta property=\"og:image:width\" content=\"770\" \/>\n\t<meta property=\"og:image:height\" content=\"433\" \/>\n\t<meta property=\"og:image:type\" content=\"image\/jpeg\" \/>\n<meta name=\"author\" content=\"conversesacatalunya\" \/>\n<meta name=\"twitter:card\" content=\"summary_large_image\" \/>\n<meta name=\"twitter:label1\" content=\"Escrito por\" \/>\n\t<meta name=\"twitter:data1\" content=\"conversesacatalunya\" \/>\n\t<meta name=\"twitter:label2\" content=\"Tiempo de lectura\" \/>\n\t<meta name=\"twitter:data2\" content=\"3 minutos\" \/>\n<script type=\"application\/ld+json\" class=\"yoast-schema-graph\">{\"@context\":\"https:\/\/schema.org\",\"@graph\":[{\"@type\":\"Article\",\"@id\":\"https:\/\/conversesacatalunya.cat\/es\/enmiendas-a-la-ley-de-la-eutanasia-una-nueva-amenaza-para-la-gente-mayor\/#article\",\"isPartOf\":{\"@id\":\"https:\/\/conversesacatalunya.cat\/es\/enmiendas-a-la-ley-de-la-eutanasia-una-nueva-amenaza-para-la-gente-mayor\/\"},\"author\":{\"name\":\"conversesacatalunya\",\"@id\":\"https:\/\/conversesacatalunya.cat\/#\/schema\/person\/7e24d1e54a2785373ddcb275eae5ed99\"},\"headline\":\"Enmiendas a la ley de la eutanasia: una nueva amenaza para la gente mayor\",\"datePublished\":\"2020-10-15T10:25:27+00:00\",\"dateModified\":\"2020-10-15T13:43:13+00:00\",\"mainEntityOfPage\":{\"@id\":\"https:\/\/conversesacatalunya.cat\/es\/enmiendas-a-la-ley-de-la-eutanasia-una-nueva-amenaza-para-la-gente-mayor\/\"},\"wordCount\":574,\"commentCount\":0,\"image\":{\"@id\":\"https:\/\/conversesacatalunya.cat\/es\/enmiendas-a-la-ley-de-la-eutanasia-una-nueva-amenaza-para-la-gente-mayor\/#primaryimage\"},\"thumbnailUrl\":\"https:\/\/conversesacatalunya.cat\/wp-content\/uploads\/2020\/10\/llei-eutanasia.jpg\",\"keywords\":[\"Eutan\u00e0sia\"],\"articleSection\":[\"Punts clau del dia (ES)\"],\"inLanguage\":\"es\",\"potentialAction\":[{\"@type\":\"CommentAction\",\"name\":\"Comment\",\"target\":[\"https:\/\/conversesacatalunya.cat\/es\/enmiendas-a-la-ley-de-la-eutanasia-una-nueva-amenaza-para-la-gente-mayor\/#respond\"]}]},{\"@type\":\"WebPage\",\"@id\":\"https:\/\/conversesacatalunya.cat\/es\/enmiendas-a-la-ley-de-la-eutanasia-una-nueva-amenaza-para-la-gente-mayor\/\",\"url\":\"https:\/\/conversesacatalunya.cat\/es\/enmiendas-a-la-ley-de-la-eutanasia-una-nueva-amenaza-para-la-gente-mayor\/\",\"name\":\"Enmiendas a la ley de la eutanasia: una nueva amenaza para la gente mayor - Converses a Catalunya\",\"isPartOf\":{\"@id\":\"https:\/\/conversesacatalunya.cat\/#website\"},\"primaryImageOfPage\":{\"@id\":\"https:\/\/conversesacatalunya.cat\/es\/enmiendas-a-la-ley-de-la-eutanasia-una-nueva-amenaza-para-la-gente-mayor\/#primaryimage\"},\"image\":{\"@id\":\"https:\/\/conversesacatalunya.cat\/es\/enmiendas-a-la-ley-de-la-eutanasia-una-nueva-amenaza-para-la-gente-mayor\/#primaryimage\"},\"thumbnailUrl\":\"https:\/\/conversesacatalunya.cat\/wp-content\/uploads\/2020\/10\/llei-eutanasia.jpg\",\"datePublished\":\"2020-10-15T10:25:27+00:00\",\"dateModified\":\"2020-10-15T13:43:13+00:00\",\"author\":{\"@id\":\"https:\/\/conversesacatalunya.cat\/#\/schema\/person\/7e24d1e54a2785373ddcb275eae5ed99\"},\"description\":\"La coalici\u00f3n de gobierno que promueve la ley ha presentado enmiendas a su propio articulado para hacerla mucho m\u00e1s laxa y menos garantista\",\"breadcrumb\":{\"@id\":\"https:\/\/conversesacatalunya.cat\/es\/enmiendas-a-la-ley-de-la-eutanasia-una-nueva-amenaza-para-la-gente-mayor\/#breadcrumb\"},\"inLanguage\":\"es\",\"potentialAction\":[{\"@type\":\"ReadAction\",\"target\":[\"https:\/\/conversesacatalunya.cat\/es\/enmiendas-a-la-ley-de-la-eutanasia-una-nueva-amenaza-para-la-gente-mayor\/\"]}]},{\"@type\":\"ImageObject\",\"inLanguage\":\"es\",\"@id\":\"https:\/\/conversesacatalunya.cat\/es\/enmiendas-a-la-ley-de-la-eutanasia-una-nueva-amenaza-para-la-gente-mayor\/#primaryimage\",\"url\":\"https:\/\/conversesacatalunya.cat\/wp-content\/uploads\/2020\/10\/llei-eutanasia.jpg\",\"contentUrl\":\"https:\/\/conversesacatalunya.cat\/wp-content\/uploads\/2020\/10\/llei-eutanasia.jpg\",\"width\":770,\"height\":433,\"caption\":\"llei eutan\u00e0sia\"},{\"@type\":\"BreadcrumbList\",\"@id\":\"https:\/\/conversesacatalunya.cat\/es\/enmiendas-a-la-ley-de-la-eutanasia-una-nueva-amenaza-para-la-gente-mayor\/#breadcrumb\",\"itemListElement\":[{\"@type\":\"ListItem\",\"position\":1,\"name\":\"Inici\",\"item\":\"https:\/\/conversesacatalunya.cat\/es\/\"},{\"@type\":\"ListItem\",\"position\":2,\"name\":\"Enmiendas a la ley de la eutanasia: una nueva amenaza para la gente mayor\"}]},{\"@type\":\"WebSite\",\"@id\":\"https:\/\/conversesacatalunya.cat\/#website\",\"url\":\"https:\/\/conversesacatalunya.cat\/\",\"name\":\"Converses a Catalunya\",\"description\":\"\",\"potentialAction\":[{\"@type\":\"SearchAction\",\"target\":{\"@type\":\"EntryPoint\",\"urlTemplate\":\"https:\/\/conversesacatalunya.cat\/?s={search_term_string}\"},\"query-input\":{\"@type\":\"PropertyValueSpecification\",\"valueRequired\":true,\"valueName\":\"search_term_string\"}}],\"inLanguage\":\"es\"},{\"@type\":\"Person\",\"@id\":\"https:\/\/conversesacatalunya.cat\/#\/schema\/person\/7e24d1e54a2785373ddcb275eae5ed99\",\"name\":\"conversesacatalunya\",\"image\":{\"@type\":\"ImageObject\",\"inLanguage\":\"es\",\"@id\":\"https:\/\/conversesacatalunya.cat\/#\/schema\/person\/image\/\",\"url\":\"https:\/\/conversesacatalunya.cat\/wp-content\/litespeed\/avatar\/febdfeeec89d950f01c748045a981dd2.jpg?ver=1777314535\",\"contentUrl\":\"https:\/\/conversesacatalunya.cat\/wp-content\/litespeed\/avatar\/febdfeeec89d950f01c748045a981dd2.jpg?ver=1777314535\",\"caption\":\"conversesacatalunya\"},\"url\":\"https:\/\/conversesacatalunya.cat\/es\/author\/carme_catala\/\"}]}<\/script>\n<!-- \/ Yoast SEO plugin. -->","yoast_head_json":{"title":"Enmiendas a la ley de la eutanasia: una nueva amenaza para la gente mayor - Converses a Catalunya","description":"La coalici\u00f3n de gobierno que promueve la ley ha presentado enmiendas a su propio articulado para hacerla mucho m\u00e1s laxa y menos garantista","robots":{"index":"index","follow":"follow","max-snippet":"max-snippet:-1","max-image-preview":"max-image-preview:large","max-video-preview":"max-video-preview:-1"},"canonical":"https:\/\/conversesacatalunya.cat\/es\/enmiendas-a-la-ley-de-la-eutanasia-una-nueva-amenaza-para-la-gente-mayor\/","og_locale":"es_ES","og_type":"article","og_title":"Enmiendas a la ley de la eutanasia: una nueva amenaza para la gente mayor - Converses a Catalunya","og_description":"La coalici\u00f3n de gobierno que promueve la ley ha presentado enmiendas a su propio articulado para hacerla mucho m\u00e1s laxa y menos garantista","og_url":"https:\/\/conversesacatalunya.cat\/es\/enmiendas-a-la-ley-de-la-eutanasia-una-nueva-amenaza-para-la-gente-mayor\/","og_site_name":"Converses a Catalunya","article_published_time":"2020-10-15T10:25:27+00:00","article_modified_time":"2020-10-15T13:43:13+00:00","og_image":[{"width":770,"height":433,"url":"https:\/\/conversesacatalunya.cat\/wp-content\/uploads\/2020\/10\/llei-eutanasia.jpg","type":"image\/jpeg"}],"author":"conversesacatalunya","twitter_card":"summary_large_image","twitter_misc":{"Escrito por":"conversesacatalunya","Tiempo de lectura":"3 minutos"},"schema":{"@context":"https:\/\/schema.org","@graph":[{"@type":"Article","@id":"https:\/\/conversesacatalunya.cat\/es\/enmiendas-a-la-ley-de-la-eutanasia-una-nueva-amenaza-para-la-gente-mayor\/#article","isPartOf":{"@id":"https:\/\/conversesacatalunya.cat\/es\/enmiendas-a-la-ley-de-la-eutanasia-una-nueva-amenaza-para-la-gente-mayor\/"},"author":{"name":"conversesacatalunya","@id":"https:\/\/conversesacatalunya.cat\/#\/schema\/person\/7e24d1e54a2785373ddcb275eae5ed99"},"headline":"Enmiendas a la ley de la eutanasia: una nueva amenaza para la gente mayor","datePublished":"2020-10-15T10:25:27+00:00","dateModified":"2020-10-15T13:43:13+00:00","mainEntityOfPage":{"@id":"https:\/\/conversesacatalunya.cat\/es\/enmiendas-a-la-ley-de-la-eutanasia-una-nueva-amenaza-para-la-gente-mayor\/"},"wordCount":574,"commentCount":0,"image":{"@id":"https:\/\/conversesacatalunya.cat\/es\/enmiendas-a-la-ley-de-la-eutanasia-una-nueva-amenaza-para-la-gente-mayor\/#primaryimage"},"thumbnailUrl":"https:\/\/conversesacatalunya.cat\/wp-content\/uploads\/2020\/10\/llei-eutanasia.jpg","keywords":["Eutan\u00e0sia"],"articleSection":["Punts clau del dia (ES)"],"inLanguage":"es","potentialAction":[{"@type":"CommentAction","name":"Comment","target":["https:\/\/conversesacatalunya.cat\/es\/enmiendas-a-la-ley-de-la-eutanasia-una-nueva-amenaza-para-la-gente-mayor\/#respond"]}]},{"@type":"WebPage","@id":"https:\/\/conversesacatalunya.cat\/es\/enmiendas-a-la-ley-de-la-eutanasia-una-nueva-amenaza-para-la-gente-mayor\/","url":"https:\/\/conversesacatalunya.cat\/es\/enmiendas-a-la-ley-de-la-eutanasia-una-nueva-amenaza-para-la-gente-mayor\/","name":"Enmiendas a la ley de la eutanasia: una nueva amenaza para la gente mayor - Converses a Catalunya","isPartOf":{"@id":"https:\/\/conversesacatalunya.cat\/#website"},"primaryImageOfPage":{"@id":"https:\/\/conversesacatalunya.cat\/es\/enmiendas-a-la-ley-de-la-eutanasia-una-nueva-amenaza-para-la-gente-mayor\/#primaryimage"},"image":{"@id":"https:\/\/conversesacatalunya.cat\/es\/enmiendas-a-la-ley-de-la-eutanasia-una-nueva-amenaza-para-la-gente-mayor\/#primaryimage"},"thumbnailUrl":"https:\/\/conversesacatalunya.cat\/wp-content\/uploads\/2020\/10\/llei-eutanasia.jpg","datePublished":"2020-10-15T10:25:27+00:00","dateModified":"2020-10-15T13:43:13+00:00","author":{"@id":"https:\/\/conversesacatalunya.cat\/#\/schema\/person\/7e24d1e54a2785373ddcb275eae5ed99"},"description":"La coalici\u00f3n de gobierno que promueve la ley ha presentado enmiendas a su propio articulado para hacerla mucho m\u00e1s laxa y menos garantista","breadcrumb":{"@id":"https:\/\/conversesacatalunya.cat\/es\/enmiendas-a-la-ley-de-la-eutanasia-una-nueva-amenaza-para-la-gente-mayor\/#breadcrumb"},"inLanguage":"es","potentialAction":[{"@type":"ReadAction","target":["https:\/\/conversesacatalunya.cat\/es\/enmiendas-a-la-ley-de-la-eutanasia-una-nueva-amenaza-para-la-gente-mayor\/"]}]},{"@type":"ImageObject","inLanguage":"es","@id":"https:\/\/conversesacatalunya.cat\/es\/enmiendas-a-la-ley-de-la-eutanasia-una-nueva-amenaza-para-la-gente-mayor\/#primaryimage","url":"https:\/\/conversesacatalunya.cat\/wp-content\/uploads\/2020\/10\/llei-eutanasia.jpg","contentUrl":"https:\/\/conversesacatalunya.cat\/wp-content\/uploads\/2020\/10\/llei-eutanasia.jpg","width":770,"height":433,"caption":"llei eutan\u00e0sia"},{"@type":"BreadcrumbList","@id":"https:\/\/conversesacatalunya.cat\/es\/enmiendas-a-la-ley-de-la-eutanasia-una-nueva-amenaza-para-la-gente-mayor\/#breadcrumb","itemListElement":[{"@type":"ListItem","position":1,"name":"Inici","item":"https:\/\/conversesacatalunya.cat\/es\/"},{"@type":"ListItem","position":2,"name":"Enmiendas a la ley de la eutanasia: una nueva amenaza para la gente mayor"}]},{"@type":"WebSite","@id":"https:\/\/conversesacatalunya.cat\/#website","url":"https:\/\/conversesacatalunya.cat\/","name":"Converses a Catalunya","description":"","potentialAction":[{"@type":"SearchAction","target":{"@type":"EntryPoint","urlTemplate":"https:\/\/conversesacatalunya.cat\/?s={search_term_string}"},"query-input":{"@type":"PropertyValueSpecification","valueRequired":true,"valueName":"search_term_string"}}],"inLanguage":"es"},{"@type":"Person","@id":"https:\/\/conversesacatalunya.cat\/#\/schema\/person\/7e24d1e54a2785373ddcb275eae5ed99","name":"conversesacatalunya","image":{"@type":"ImageObject","inLanguage":"es","@id":"https:\/\/conversesacatalunya.cat\/#\/schema\/person\/image\/","url":"https:\/\/conversesacatalunya.cat\/wp-content\/litespeed\/avatar\/febdfeeec89d950f01c748045a981dd2.jpg?ver=1777314535","contentUrl":"https:\/\/conversesacatalunya.cat\/wp-content\/litespeed\/avatar\/febdfeeec89d950f01c748045a981dd2.jpg?ver=1777314535","caption":"conversesacatalunya"},"url":"https:\/\/conversesacatalunya.cat\/es\/author\/carme_catala\/"}]}},"wps_subtitle":"La coalici\u00f3n de gobierno que promueve la ley ha presentado enmiendas a su propio articulado para hacerla mucho m\u00e1s laxa y menos garantista","_links":{"self":[{"href":"https:\/\/conversesacatalunya.cat\/es\/wp-json\/wp\/v2\/posts\/41217","targetHints":{"allow":["GET"]}}],"collection":[{"href":"https:\/\/conversesacatalunya.cat\/es\/wp-json\/wp\/v2\/posts"}],"about":[{"href":"https:\/\/conversesacatalunya.cat\/es\/wp-json\/wp\/v2\/types\/post"}],"author":[{"embeddable":true,"href":"https:\/\/conversesacatalunya.cat\/es\/wp-json\/wp\/v2\/users\/2"}],"replies":[{"embeddable":true,"href":"https:\/\/conversesacatalunya.cat\/es\/wp-json\/wp\/v2\/comments?post=41217"}],"version-history":[{"count":2,"href":"https:\/\/conversesacatalunya.cat\/es\/wp-json\/wp\/v2\/posts\/41217\/revisions"}],"predecessor-version":[{"id":41219,"href":"https:\/\/conversesacatalunya.cat\/es\/wp-json\/wp\/v2\/posts\/41217\/revisions\/41219"}],"wp:featuredmedia":[{"embeddable":true,"href":"https:\/\/conversesacatalunya.cat\/es\/wp-json\/wp\/v2\/media\/41206"}],"wp:attachment":[{"href":"https:\/\/conversesacatalunya.cat\/es\/wp-json\/wp\/v2\/media?parent=41217"}],"wp:term":[{"taxonomy":"category","embeddable":true,"href":"https:\/\/conversesacatalunya.cat\/es\/wp-json\/wp\/v2\/categories?post=41217"},{"taxonomy":"post_tag","embeddable":true,"href":"https:\/\/conversesacatalunya.cat\/es\/wp-json\/wp\/v2\/tags?post=41217"}],"curies":[{"name":"wp","href":"https:\/\/api.w.org\/{rel}","templated":true}]}}