{"id":41157,"date":"2020-10-13T13:18:05","date_gmt":"2020-10-13T11:18:05","guid":{"rendered":"https:\/\/conversesacatalunya.cat\/enquestes-a-espanya-sescurca-la-distancia-entre-els-dos-blocs\/"},"modified":"2020-10-13T15:50:44","modified_gmt":"2020-10-13T13:50:44","slug":"encuestas-en-espana-se-reduce-la-distancia-entre-los-dos-bloques","status":"publish","type":"post","link":"https:\/\/conversesacatalunya.cat\/es\/encuestas-en-espana-se-reduce-la-distancia-entre-los-dos-bloques\/","title":{"rendered":"Encuestas en Espa\u00f1a: se reduce la distancia entre los dos bloques"},"content":{"rendered":"<p>La media de las encuestas publicadas desde el 30 de mayo hasta octubre, se\u00f1ala que la distancia entre el gobierno formado por PSOE y UP con la oposici\u00f3n del PP y Vox tiende a acortarse. Seg\u00fan la traducci\u00f3n en esca\u00f1os que hace el especialista de <strong>La Vanguardia, Carlos Castro<\/strong>, el PSOE obtendr\u00eda ahora 122 esca\u00f1os, 2 m\u00e1s que los logrados en las elecciones de noviembre del 2019, pero UP llegar\u00eda s\u00f3lo a 29 diputados, 6 menos que los que obtuvo entonces, continuando as\u00ed su declive. El resultado reducir\u00eda en 4 esca\u00f1os, hasta 151, la fuerza del Gobierno en el Congreso. El PP, por su parte, pasar\u00eda de 89 a 100 esca\u00f1os, creciendo en 11. Mientras que Vox perder\u00eda 7, ya que ahora s\u00f3lo obtendr\u00eda 45 diputados. El resultado dar\u00eda 145 esca\u00f1os a este bloque por 151 el gobierno. La distancia entre ambos quedar\u00eda por tanto reducida a 6 esca\u00f1os, en lugar de la actual de 14 esca\u00f1os. Como puede observarse hay un desplazamiento de votos hacia el partido m\u00e1s grande dentro de cada bloque, que afecta en t\u00e9rminos proporcionales m\u00e1s a Podemos que a Vox.<\/p>\n<p><strong>La tendencia de los resultados,<\/strong> tomando como referencia la vuelta de vacaciones en el mes de septiembre, indica m\u00e1s bien un retroceso del voto socialista, de Cs, y de Vox, una tendencia modesta al crecimiento del PP y la estabilidad con un ligero decrecimiento de UP. La din\u00e1mica de los pr\u00f3ximos meses con el doble vertiente econ\u00f3mica y epid\u00e9mica, y la forma\u00a0 c\u00f3mo las afronten cada uno de los sujetos ser\u00e1 determinante. El gobierno cuenta con el arma extraordinaria de los fondos europeos, pero debe demostrar que tiene capacidad para utilizarlos bien y en \u00faltimo t\u00e9rmino siempre ser\u00e1 el principal responsable de la evoluci\u00f3n de la Covid-19 ante la que hasta ahora ha fracasado de manera reiterada y que s\u00f3lo la falta de capacidad del PP ha impedido un mayor deterioro pol\u00edtico del gobierno de S\u00e1nchez.<\/p>\n<p>En el caso de Catalu\u00f1a, las encuestas actuales <strong>no definen bien<\/strong> el panorama pol\u00edtico, sobre todo si se configura el mapa actual en el que el PDeCAT acudir\u00e1 separado de JxCat, mientras que el PNC ya ha presentado su candidatura. Evidentemente, cuantos m\u00e1s sujetos, m\u00e1s divisi\u00f3n del voto. Adem\u00e1s, a\u00fan est\u00e1 por ver si la opci\u00f3n del catalanismo constitucional acaba present\u00e1ndose como fuerza independiente, o bien contin\u00faa desaparecida de la pol\u00edtica electoral. La principal limitaci\u00f3n para las nuevas fuerzas es su comparecencia por separado para que unas y otras se repartan mutuamente el electorado, especialmente entre el PDeCAT y el PNC. Estas opciones con todo, pocos o mucho, pueden sacar voto a JxCat por parte de la tradici\u00f3n convergente, pero tambi\u00e9n a nuevos votantes de ERC, que se inclinan por esta formaci\u00f3n porque la encuentran menos radical que JxCat. Las posibilidades electorales de estas nuevas formaciones se juegan todo en Barcelona y Tarragona y en sus respectivas \u00e1reas metropolitanas, que es tambi\u00e9n el territorio en el que el catalanismo constitucionalista, en caso de presentarse, podr\u00eda alcanzar mejores resultados.<\/p>\n<div id=\"polls-76\" class=\"wp-polls\">\n\t<form id=\"polls_form_76\" class=\"wp-polls-form\" action=\"\/index.php\" method=\"post\">\n\t\t<p style=\"display: none;\"><input type=\"hidden\" id=\"poll_76_nonce\" name=\"wp-polls-nonce\" value=\"789b5dd2f7\" \/><\/p>\n\t\t<p style=\"display: none;\"><input type=\"hidden\" name=\"poll_id\" value=\"76\" \/><\/p>\n\t\t<p style=\"text-align: center\"><strong>Qui guanyar\u00e0 les pr\u00f2ximes eleccions americanes?<\/strong><\/p><div id=\"polls-76-ans\" class=\"wp-polls-ans\"><ul class=\"wp-polls-ul\">\n\t\t<li><input type=\"radio\" id=\"poll-answer-166\" name=\"poll_76\" value=\"166\" \/> <label for=\"poll-answer-166\">Joe Biden<\/label><\/li>\n\t\t<li><input type=\"radio\" id=\"poll-answer-167\" name=\"poll_76\" value=\"167\" \/> <label for=\"poll-answer-167\">Donald Trump<\/label><\/li>\n\t\t<li><input type=\"radio\" id=\"poll-answer-168\" name=\"poll_76\" value=\"168\" \/> <label for=\"poll-answer-168\">No ho s\u00e9<\/label><\/li>\n\t\t<\/ul><p style=\"text-align: center\"><input type=\"button\" name=\"vote\" value=\"   Vota   \" class=\"Buttons\" onclick=\"poll_vote(76);\" \/><\/p><p style=\"text-align: center\"><a href=\"#ViewPollResults\" onclick=\"poll_result(76); return false;\" title=\"View Results Of This Poll\">Mira els resultats<\/a><\/p><\/div>\n\t<\/form>\n<\/div>\n<div id=\"polls-76-loading\" class=\"wp-polls-loading\"><img decoding=\"async\" data-src=\"https:\/\/conversesacatalunya.cat\/wp-content\/plugins\/wp-polls\/images\/loading.gif\" width=\"16\" height=\"16\" alt=\"Cargando ...\" title=\"Cargando ...\" class=\"wp-polls-image lazyload\" src=\"data:image\/svg+xml;base64,PHN2ZyB3aWR0aD0iMSIgaGVpZ2h0PSIxIiB4bWxucz0iaHR0cDovL3d3dy53My5vcmcvMjAwMC9zdmciPjwvc3ZnPg==\" style=\"--smush-placeholder-width: 16px; --smush-placeholder-aspect-ratio: 16\/16;\" \/>&nbsp;Cargando ...<\/div>\n\n<p>&nbsp;<\/p>\n","protected":false},"excerpt":{"rendered":"<p>La media de las encuestas publicadas desde el 30 de mayo hasta octubre, se\u00f1ala que la distancia entre el gobierno formado por PSOE y UP con la oposici\u00f3n del PP y Vox tiende a acortarse. Seg\u00fan la traducci\u00f3n en esca\u00f1os que hace el especialista de La Vanguardia, Carlos Castro, el PSOE obtendr\u00eda ahora 122 esca\u00f1os, 2 m\u00e1s que los logrados en las elecciones de noviembre del 2019, pero UP llegar\u00eda s\u00f3lo a 29 diputados, 6 menos que los que obtuvo entonces, continuando as\u00ed su declive. El resultado reducir\u00eda en 4 esca\u00f1os, hasta 151, la fuerza del Gobierno en el Congreso. El PP, por su parte, pasar\u00eda de 89 a 100 esca\u00f1os, creciendo en 11. Mientras que Vox perder\u00eda 7, ya que ahora s\u00f3lo obtendr\u00eda 45 diputados. El resultado dar\u00eda 145 esca\u00f1os a este bloque por 151 el gobierno. La distancia entre ambos quedar\u00eda por tanto reducida a 6 esca\u00f1os, en lugar de la actual de 14 esca\u00f1os. Como puede observarse hay un desplazamiento de votos hacia el partido m\u00e1s grande dentro de cada bloque, que afecta en t\u00e9rminos proporcionales m\u00e1s a Podemos que a Vox. La tendencia de los resultados, tomando como referencia la vuelta de vacaciones en el mes de septiembre, indica m\u00e1s bien un retroceso del voto socialista, de Cs, y de Vox, una tendencia modesta al crecimiento del PP y la estabilidad con un ligero decrecimiento de UP. La din\u00e1mica de los pr\u00f3ximos meses con el doble vertiente econ\u00f3mica y epid\u00e9mica, y la forma\u00a0 c\u00f3mo las afronten cada uno de los sujetos ser\u00e1 determinante. El gobierno cuenta con el arma extraordinaria de los fondos europeos, pero debe demostrar que tiene capacidad para utilizarlos bien y en \u00faltimo t\u00e9rmino siempre ser\u00e1 el principal responsable de la evoluci\u00f3n de la Covid-19 ante la que hasta ahora ha fracasado de manera reiterada y que s\u00f3lo la falta de capacidad del PP ha impedido un mayor deterioro pol\u00edtico del gobierno de S\u00e1nchez. En el caso de Catalu\u00f1a, las encuestas actuales no definen bien el panorama pol\u00edtico, sobre todo si se configura el mapa actual en el que el PDeCAT acudir\u00e1 separado de JxCat, mientras que el PNC ya ha presentado su candidatura. Evidentemente, cuantos m\u00e1s sujetos, m\u00e1s divisi\u00f3n del voto. Adem\u00e1s, a\u00fan est\u00e1 por ver si la opci\u00f3n del catalanismo constitucional acaba present\u00e1ndose como fuerza independiente, o bien contin\u00faa desaparecida de la pol\u00edtica electoral. La principal limitaci\u00f3n para las nuevas fuerzas es su comparecencia por separado para que unas y otras se repartan mutuamente el electorado, especialmente entre el PDeCAT y el PNC. Estas opciones con todo, pocos o mucho, pueden sacar voto a JxCat por parte de la tradici\u00f3n convergente, pero tambi\u00e9n a nuevos votantes de ERC, que se inclinan por esta formaci\u00f3n porque la encuentran menos radical que JxCat. Las posibilidades electorales de estas nuevas formaciones se juegan todo en Barcelona y Tarragona y en sus respectivas \u00e1reas metropolitanas, que es tambi\u00e9n el territorio en el que el catalanismo constitucionalista, en caso de presentarse, podr\u00eda alcanzar mejores resultados. &nbsp;<\/p>\n","protected":false},"author":2,"featured_media":41145,"comment_status":"open","ping_status":"open","sticky":false,"template":"","format":"standard","meta":{"_FSMCFIC_featured_image_caption":"","_FSMCFIC_featured_image_nocaption":"","_FSMCFIC_featured_image_hide":"","footnotes":""},"categories":[806],"tags":[1065],"class_list":["post-41157","post","type-post","status-publish","format-standard","has-post-thumbnail","hentry","category-punts-claus-del-dia-es","tag-encuestas"],"yoast_head":"<!-- This site is optimized with the Yoast SEO plugin v26.8 - https:\/\/yoast.com\/product\/yoast-seo-wordpress\/ -->\n<title>Encuestas en Espa\u00f1a: se reduce la distancia entre los dos bloques - Converses a Catalunya<\/title>\n<meta name=\"robots\" content=\"index, follow, max-snippet:-1, max-image-preview:large, max-video-preview:-1\" \/>\n<link rel=\"canonical\" href=\"https:\/\/conversesacatalunya.cat\/es\/encuestas-en-espana-se-reduce-la-distancia-entre-los-dos-bloques\/\" \/>\n<meta property=\"og:locale\" content=\"es_ES\" \/>\n<meta property=\"og:type\" content=\"article\" \/>\n<meta property=\"og:title\" content=\"Encuestas en Espa\u00f1a: se reduce la distancia entre los dos bloques - Converses a Catalunya\" \/>\n<meta property=\"og:description\" content=\"La media de las encuestas publicadas desde el 30 de mayo hasta octubre, se\u00f1ala que la distancia entre el gobierno formado por PSOE y UP con la oposici\u00f3n del PP y Vox tiende a acortarse. Seg\u00fan la traducci\u00f3n en esca\u00f1os que hace el especialista de La Vanguardia, Carlos Castro, el PSOE obtendr\u00eda ahora 122 esca\u00f1os, 2 m\u00e1s que los logrados en las elecciones de noviembre del 2019, pero UP llegar\u00eda s\u00f3lo a 29 diputados, 6 menos que los que obtuvo entonces, continuando as\u00ed su declive. El resultado reducir\u00eda en 4 esca\u00f1os, hasta 151, la fuerza del Gobierno en el Congreso. El PP, por su parte, pasar\u00eda de 89 a 100 esca\u00f1os, creciendo en 11. Mientras que Vox perder\u00eda 7, ya que ahora s\u00f3lo obtendr\u00eda 45 diputados. El resultado dar\u00eda 145 esca\u00f1os a este bloque por 151 el gobierno. La distancia entre ambos quedar\u00eda por tanto reducida a 6 esca\u00f1os, en lugar de la actual de 14 esca\u00f1os. Como puede observarse hay un desplazamiento de votos hacia el partido m\u00e1s grande dentro de cada bloque, que afecta en t\u00e9rminos proporcionales m\u00e1s a Podemos que a Vox. La tendencia de los resultados, tomando como referencia la vuelta de vacaciones en el mes de septiembre, indica m\u00e1s bien un retroceso del voto socialista, de Cs, y de Vox, una tendencia modesta al crecimiento del PP y la estabilidad con un ligero decrecimiento de UP. La din\u00e1mica de los pr\u00f3ximos meses con el doble vertiente econ\u00f3mica y epid\u00e9mica, y la forma\u00a0 c\u00f3mo las afronten cada uno de los sujetos ser\u00e1 determinante. El gobierno cuenta con el arma extraordinaria de los fondos europeos, pero debe demostrar que tiene capacidad para utilizarlos bien y en \u00faltimo t\u00e9rmino siempre ser\u00e1 el principal responsable de la evoluci\u00f3n de la Covid-19 ante la que hasta ahora ha fracasado de manera reiterada y que s\u00f3lo la falta de capacidad del PP ha impedido un mayor deterioro pol\u00edtico del gobierno de S\u00e1nchez. En el caso de Catalu\u00f1a, las encuestas actuales no definen bien el panorama pol\u00edtico, sobre todo si se configura el mapa actual en el que el PDeCAT acudir\u00e1 separado de JxCat, mientras que el PNC ya ha presentado su candidatura. Evidentemente, cuantos m\u00e1s sujetos, m\u00e1s divisi\u00f3n del voto. Adem\u00e1s, a\u00fan est\u00e1 por ver si la opci\u00f3n del catalanismo constitucional acaba present\u00e1ndose como fuerza independiente, o bien contin\u00faa desaparecida de la pol\u00edtica electoral. La principal limitaci\u00f3n para las nuevas fuerzas es su comparecencia por separado para que unas y otras se repartan mutuamente el electorado, especialmente entre el PDeCAT y el PNC. Estas opciones con todo, pocos o mucho, pueden sacar voto a JxCat por parte de la tradici\u00f3n convergente, pero tambi\u00e9n a nuevos votantes de ERC, que se inclinan por esta formaci\u00f3n porque la encuentran menos radical que JxCat. Las posibilidades electorales de estas nuevas formaciones se juegan todo en Barcelona y Tarragona y en sus respectivas \u00e1reas metropolitanas, que es tambi\u00e9n el territorio en el que el catalanismo constitucionalista, en caso de presentarse, podr\u00eda alcanzar mejores resultados. &nbsp;\" \/>\n<meta property=\"og:url\" content=\"https:\/\/conversesacatalunya.cat\/es\/encuestas-en-espana-se-reduce-la-distancia-entre-los-dos-bloques\/\" \/>\n<meta property=\"og:site_name\" content=\"Converses a Catalunya\" \/>\n<meta property=\"article:published_time\" content=\"2020-10-13T11:18:05+00:00\" \/>\n<meta property=\"article:modified_time\" content=\"2020-10-13T13:50:44+00:00\" \/>\n<meta property=\"og:image\" content=\"https:\/\/conversesacatalunya.cat\/wp-content\/uploads\/2020\/10\/enquestes-espanya.jpg\" \/>\n\t<meta property=\"og:image:width\" content=\"800\" \/>\n\t<meta property=\"og:image:height\" content=\"481\" \/>\n\t<meta property=\"og:image:type\" content=\"image\/jpeg\" \/>\n<meta name=\"author\" content=\"conversesacatalunya\" \/>\n<meta name=\"twitter:card\" content=\"summary_large_image\" \/>\n<meta name=\"twitter:label1\" content=\"Escrito por\" \/>\n\t<meta name=\"twitter:data1\" content=\"conversesacatalunya\" \/>\n\t<meta name=\"twitter:label2\" content=\"Tiempo de lectura\" \/>\n\t<meta name=\"twitter:data2\" content=\"3 minutos\" \/>\n<script type=\"application\/ld+json\" class=\"yoast-schema-graph\">{\"@context\":\"https:\/\/schema.org\",\"@graph\":[{\"@type\":\"Article\",\"@id\":\"https:\/\/conversesacatalunya.cat\/es\/encuestas-en-espana-se-reduce-la-distancia-entre-los-dos-bloques\/#article\",\"isPartOf\":{\"@id\":\"https:\/\/conversesacatalunya.cat\/es\/encuestas-en-espana-se-reduce-la-distancia-entre-los-dos-bloques\/\"},\"author\":{\"name\":\"conversesacatalunya\",\"@id\":\"https:\/\/conversesacatalunya.cat\/#\/schema\/person\/7e24d1e54a2785373ddcb275eae5ed99\"},\"headline\":\"Encuestas en Espa\u00f1a: se reduce la distancia entre los dos bloques\",\"datePublished\":\"2020-10-13T11:18:05+00:00\",\"dateModified\":\"2020-10-13T13:50:44+00:00\",\"mainEntityOfPage\":{\"@id\":\"https:\/\/conversesacatalunya.cat\/es\/encuestas-en-espana-se-reduce-la-distancia-entre-los-dos-bloques\/\"},\"wordCount\":550,\"commentCount\":0,\"image\":{\"@id\":\"https:\/\/conversesacatalunya.cat\/es\/encuestas-en-espana-se-reduce-la-distancia-entre-los-dos-bloques\/#primaryimage\"},\"thumbnailUrl\":\"https:\/\/conversesacatalunya.cat\/wp-content\/uploads\/2020\/10\/enquestes-espanya.jpg\",\"keywords\":[\"Encuestas\"],\"articleSection\":[\"Punts clau del dia (ES)\"],\"inLanguage\":\"es\",\"potentialAction\":[{\"@type\":\"CommentAction\",\"name\":\"Comment\",\"target\":[\"https:\/\/conversesacatalunya.cat\/es\/encuestas-en-espana-se-reduce-la-distancia-entre-los-dos-bloques\/#respond\"]}]},{\"@type\":\"WebPage\",\"@id\":\"https:\/\/conversesacatalunya.cat\/es\/encuestas-en-espana-se-reduce-la-distancia-entre-los-dos-bloques\/\",\"url\":\"https:\/\/conversesacatalunya.cat\/es\/encuestas-en-espana-se-reduce-la-distancia-entre-los-dos-bloques\/\",\"name\":\"Encuestas en Espa\u00f1a: se reduce la distancia entre los dos bloques - Converses a Catalunya\",\"isPartOf\":{\"@id\":\"https:\/\/conversesacatalunya.cat\/#website\"},\"primaryImageOfPage\":{\"@id\":\"https:\/\/conversesacatalunya.cat\/es\/encuestas-en-espana-se-reduce-la-distancia-entre-los-dos-bloques\/#primaryimage\"},\"image\":{\"@id\":\"https:\/\/conversesacatalunya.cat\/es\/encuestas-en-espana-se-reduce-la-distancia-entre-los-dos-bloques\/#primaryimage\"},\"thumbnailUrl\":\"https:\/\/conversesacatalunya.cat\/wp-content\/uploads\/2020\/10\/enquestes-espanya.jpg\",\"datePublished\":\"2020-10-13T11:18:05+00:00\",\"dateModified\":\"2020-10-13T13:50:44+00:00\",\"author\":{\"@id\":\"https:\/\/conversesacatalunya.cat\/#\/schema\/person\/7e24d1e54a2785373ddcb275eae5ed99\"},\"breadcrumb\":{\"@id\":\"https:\/\/conversesacatalunya.cat\/es\/encuestas-en-espana-se-reduce-la-distancia-entre-los-dos-bloques\/#breadcrumb\"},\"inLanguage\":\"es\",\"potentialAction\":[{\"@type\":\"ReadAction\",\"target\":[\"https:\/\/conversesacatalunya.cat\/es\/encuestas-en-espana-se-reduce-la-distancia-entre-los-dos-bloques\/\"]}]},{\"@type\":\"ImageObject\",\"inLanguage\":\"es\",\"@id\":\"https:\/\/conversesacatalunya.cat\/es\/encuestas-en-espana-se-reduce-la-distancia-entre-los-dos-bloques\/#primaryimage\",\"url\":\"https:\/\/conversesacatalunya.cat\/wp-content\/uploads\/2020\/10\/enquestes-espanya.jpg\",\"contentUrl\":\"https:\/\/conversesacatalunya.cat\/wp-content\/uploads\/2020\/10\/enquestes-espanya.jpg\",\"width\":800,\"height\":481,\"caption\":\"Enquestes espanya\"},{\"@type\":\"BreadcrumbList\",\"@id\":\"https:\/\/conversesacatalunya.cat\/es\/encuestas-en-espana-se-reduce-la-distancia-entre-los-dos-bloques\/#breadcrumb\",\"itemListElement\":[{\"@type\":\"ListItem\",\"position\":1,\"name\":\"Inici\",\"item\":\"https:\/\/conversesacatalunya.cat\/es\/\"},{\"@type\":\"ListItem\",\"position\":2,\"name\":\"Encuestas en Espa\u00f1a: se reduce la distancia entre los dos bloques\"}]},{\"@type\":\"WebSite\",\"@id\":\"https:\/\/conversesacatalunya.cat\/#website\",\"url\":\"https:\/\/conversesacatalunya.cat\/\",\"name\":\"Converses a Catalunya\",\"description\":\"\",\"potentialAction\":[{\"@type\":\"SearchAction\",\"target\":{\"@type\":\"EntryPoint\",\"urlTemplate\":\"https:\/\/conversesacatalunya.cat\/?s={search_term_string}\"},\"query-input\":{\"@type\":\"PropertyValueSpecification\",\"valueRequired\":true,\"valueName\":\"search_term_string\"}}],\"inLanguage\":\"es\"},{\"@type\":\"Person\",\"@id\":\"https:\/\/conversesacatalunya.cat\/#\/schema\/person\/7e24d1e54a2785373ddcb275eae5ed99\",\"name\":\"conversesacatalunya\",\"image\":{\"@type\":\"ImageObject\",\"inLanguage\":\"es\",\"@id\":\"https:\/\/conversesacatalunya.cat\/#\/schema\/person\/image\/\",\"url\":\"https:\/\/conversesacatalunya.cat\/wp-content\/litespeed\/avatar\/febdfeeec89d950f01c748045a981dd2.jpg?ver=1777314535\",\"contentUrl\":\"https:\/\/conversesacatalunya.cat\/wp-content\/litespeed\/avatar\/febdfeeec89d950f01c748045a981dd2.jpg?ver=1777314535\",\"caption\":\"conversesacatalunya\"},\"url\":\"https:\/\/conversesacatalunya.cat\/es\/author\/carme_catala\/\"}]}<\/script>\n<!-- \/ Yoast SEO plugin. -->","yoast_head_json":{"title":"Encuestas en Espa\u00f1a: se reduce la distancia entre los dos bloques - Converses a Catalunya","robots":{"index":"index","follow":"follow","max-snippet":"max-snippet:-1","max-image-preview":"max-image-preview:large","max-video-preview":"max-video-preview:-1"},"canonical":"https:\/\/conversesacatalunya.cat\/es\/encuestas-en-espana-se-reduce-la-distancia-entre-los-dos-bloques\/","og_locale":"es_ES","og_type":"article","og_title":"Encuestas en Espa\u00f1a: se reduce la distancia entre los dos bloques - Converses a Catalunya","og_description":"La media de las encuestas publicadas desde el 30 de mayo hasta octubre, se\u00f1ala que la distancia entre el gobierno formado por PSOE y UP con la oposici\u00f3n del PP y Vox tiende a acortarse. Seg\u00fan la traducci\u00f3n en esca\u00f1os que hace el especialista de La Vanguardia, Carlos Castro, el PSOE obtendr\u00eda ahora 122 esca\u00f1os, 2 m\u00e1s que los logrados en las elecciones de noviembre del 2019, pero UP llegar\u00eda s\u00f3lo a 29 diputados, 6 menos que los que obtuvo entonces, continuando as\u00ed su declive. El resultado reducir\u00eda en 4 esca\u00f1os, hasta 151, la fuerza del Gobierno en el Congreso. El PP, por su parte, pasar\u00eda de 89 a 100 esca\u00f1os, creciendo en 11. Mientras que Vox perder\u00eda 7, ya que ahora s\u00f3lo obtendr\u00eda 45 diputados. El resultado dar\u00eda 145 esca\u00f1os a este bloque por 151 el gobierno. La distancia entre ambos quedar\u00eda por tanto reducida a 6 esca\u00f1os, en lugar de la actual de 14 esca\u00f1os. Como puede observarse hay un desplazamiento de votos hacia el partido m\u00e1s grande dentro de cada bloque, que afecta en t\u00e9rminos proporcionales m\u00e1s a Podemos que a Vox. La tendencia de los resultados, tomando como referencia la vuelta de vacaciones en el mes de septiembre, indica m\u00e1s bien un retroceso del voto socialista, de Cs, y de Vox, una tendencia modesta al crecimiento del PP y la estabilidad con un ligero decrecimiento de UP. La din\u00e1mica de los pr\u00f3ximos meses con el doble vertiente econ\u00f3mica y epid\u00e9mica, y la forma\u00a0 c\u00f3mo las afronten cada uno de los sujetos ser\u00e1 determinante. El gobierno cuenta con el arma extraordinaria de los fondos europeos, pero debe demostrar que tiene capacidad para utilizarlos bien y en \u00faltimo t\u00e9rmino siempre ser\u00e1 el principal responsable de la evoluci\u00f3n de la Covid-19 ante la que hasta ahora ha fracasado de manera reiterada y que s\u00f3lo la falta de capacidad del PP ha impedido un mayor deterioro pol\u00edtico del gobierno de S\u00e1nchez. En el caso de Catalu\u00f1a, las encuestas actuales no definen bien el panorama pol\u00edtico, sobre todo si se configura el mapa actual en el que el PDeCAT acudir\u00e1 separado de JxCat, mientras que el PNC ya ha presentado su candidatura. Evidentemente, cuantos m\u00e1s sujetos, m\u00e1s divisi\u00f3n del voto. Adem\u00e1s, a\u00fan est\u00e1 por ver si la opci\u00f3n del catalanismo constitucional acaba present\u00e1ndose como fuerza independiente, o bien contin\u00faa desaparecida de la pol\u00edtica electoral. La principal limitaci\u00f3n para las nuevas fuerzas es su comparecencia por separado para que unas y otras se repartan mutuamente el electorado, especialmente entre el PDeCAT y el PNC. Estas opciones con todo, pocos o mucho, pueden sacar voto a JxCat por parte de la tradici\u00f3n convergente, pero tambi\u00e9n a nuevos votantes de ERC, que se inclinan por esta formaci\u00f3n porque la encuentran menos radical que JxCat. Las posibilidades electorales de estas nuevas formaciones se juegan todo en Barcelona y Tarragona y en sus respectivas \u00e1reas metropolitanas, que es tambi\u00e9n el territorio en el que el catalanismo constitucionalista, en caso de presentarse, podr\u00eda alcanzar mejores resultados. &nbsp;","og_url":"https:\/\/conversesacatalunya.cat\/es\/encuestas-en-espana-se-reduce-la-distancia-entre-los-dos-bloques\/","og_site_name":"Converses a Catalunya","article_published_time":"2020-10-13T11:18:05+00:00","article_modified_time":"2020-10-13T13:50:44+00:00","og_image":[{"width":800,"height":481,"url":"https:\/\/conversesacatalunya.cat\/wp-content\/uploads\/2020\/10\/enquestes-espanya.jpg","type":"image\/jpeg"}],"author":"conversesacatalunya","twitter_card":"summary_large_image","twitter_misc":{"Escrito por":"conversesacatalunya","Tiempo de lectura":"3 minutos"},"schema":{"@context":"https:\/\/schema.org","@graph":[{"@type":"Article","@id":"https:\/\/conversesacatalunya.cat\/es\/encuestas-en-espana-se-reduce-la-distancia-entre-los-dos-bloques\/#article","isPartOf":{"@id":"https:\/\/conversesacatalunya.cat\/es\/encuestas-en-espana-se-reduce-la-distancia-entre-los-dos-bloques\/"},"author":{"name":"conversesacatalunya","@id":"https:\/\/conversesacatalunya.cat\/#\/schema\/person\/7e24d1e54a2785373ddcb275eae5ed99"},"headline":"Encuestas en Espa\u00f1a: se reduce la distancia entre los dos bloques","datePublished":"2020-10-13T11:18:05+00:00","dateModified":"2020-10-13T13:50:44+00:00","mainEntityOfPage":{"@id":"https:\/\/conversesacatalunya.cat\/es\/encuestas-en-espana-se-reduce-la-distancia-entre-los-dos-bloques\/"},"wordCount":550,"commentCount":0,"image":{"@id":"https:\/\/conversesacatalunya.cat\/es\/encuestas-en-espana-se-reduce-la-distancia-entre-los-dos-bloques\/#primaryimage"},"thumbnailUrl":"https:\/\/conversesacatalunya.cat\/wp-content\/uploads\/2020\/10\/enquestes-espanya.jpg","keywords":["Encuestas"],"articleSection":["Punts clau del dia (ES)"],"inLanguage":"es","potentialAction":[{"@type":"CommentAction","name":"Comment","target":["https:\/\/conversesacatalunya.cat\/es\/encuestas-en-espana-se-reduce-la-distancia-entre-los-dos-bloques\/#respond"]}]},{"@type":"WebPage","@id":"https:\/\/conversesacatalunya.cat\/es\/encuestas-en-espana-se-reduce-la-distancia-entre-los-dos-bloques\/","url":"https:\/\/conversesacatalunya.cat\/es\/encuestas-en-espana-se-reduce-la-distancia-entre-los-dos-bloques\/","name":"Encuestas en Espa\u00f1a: se reduce la distancia entre los dos bloques - Converses a Catalunya","isPartOf":{"@id":"https:\/\/conversesacatalunya.cat\/#website"},"primaryImageOfPage":{"@id":"https:\/\/conversesacatalunya.cat\/es\/encuestas-en-espana-se-reduce-la-distancia-entre-los-dos-bloques\/#primaryimage"},"image":{"@id":"https:\/\/conversesacatalunya.cat\/es\/encuestas-en-espana-se-reduce-la-distancia-entre-los-dos-bloques\/#primaryimage"},"thumbnailUrl":"https:\/\/conversesacatalunya.cat\/wp-content\/uploads\/2020\/10\/enquestes-espanya.jpg","datePublished":"2020-10-13T11:18:05+00:00","dateModified":"2020-10-13T13:50:44+00:00","author":{"@id":"https:\/\/conversesacatalunya.cat\/#\/schema\/person\/7e24d1e54a2785373ddcb275eae5ed99"},"breadcrumb":{"@id":"https:\/\/conversesacatalunya.cat\/es\/encuestas-en-espana-se-reduce-la-distancia-entre-los-dos-bloques\/#breadcrumb"},"inLanguage":"es","potentialAction":[{"@type":"ReadAction","target":["https:\/\/conversesacatalunya.cat\/es\/encuestas-en-espana-se-reduce-la-distancia-entre-los-dos-bloques\/"]}]},{"@type":"ImageObject","inLanguage":"es","@id":"https:\/\/conversesacatalunya.cat\/es\/encuestas-en-espana-se-reduce-la-distancia-entre-los-dos-bloques\/#primaryimage","url":"https:\/\/conversesacatalunya.cat\/wp-content\/uploads\/2020\/10\/enquestes-espanya.jpg","contentUrl":"https:\/\/conversesacatalunya.cat\/wp-content\/uploads\/2020\/10\/enquestes-espanya.jpg","width":800,"height":481,"caption":"Enquestes espanya"},{"@type":"BreadcrumbList","@id":"https:\/\/conversesacatalunya.cat\/es\/encuestas-en-espana-se-reduce-la-distancia-entre-los-dos-bloques\/#breadcrumb","itemListElement":[{"@type":"ListItem","position":1,"name":"Inici","item":"https:\/\/conversesacatalunya.cat\/es\/"},{"@type":"ListItem","position":2,"name":"Encuestas en Espa\u00f1a: se reduce la distancia entre los dos bloques"}]},{"@type":"WebSite","@id":"https:\/\/conversesacatalunya.cat\/#website","url":"https:\/\/conversesacatalunya.cat\/","name":"Converses a Catalunya","description":"","potentialAction":[{"@type":"SearchAction","target":{"@type":"EntryPoint","urlTemplate":"https:\/\/conversesacatalunya.cat\/?s={search_term_string}"},"query-input":{"@type":"PropertyValueSpecification","valueRequired":true,"valueName":"search_term_string"}}],"inLanguage":"es"},{"@type":"Person","@id":"https:\/\/conversesacatalunya.cat\/#\/schema\/person\/7e24d1e54a2785373ddcb275eae5ed99","name":"conversesacatalunya","image":{"@type":"ImageObject","inLanguage":"es","@id":"https:\/\/conversesacatalunya.cat\/#\/schema\/person\/image\/","url":"https:\/\/conversesacatalunya.cat\/wp-content\/litespeed\/avatar\/febdfeeec89d950f01c748045a981dd2.jpg?ver=1777314535","contentUrl":"https:\/\/conversesacatalunya.cat\/wp-content\/litespeed\/avatar\/febdfeeec89d950f01c748045a981dd2.jpg?ver=1777314535","caption":"conversesacatalunya"},"url":"https:\/\/conversesacatalunya.cat\/es\/author\/carme_catala\/"}]}},"wps_subtitle":"","_links":{"self":[{"href":"https:\/\/conversesacatalunya.cat\/es\/wp-json\/wp\/v2\/posts\/41157","targetHints":{"allow":["GET"]}}],"collection":[{"href":"https:\/\/conversesacatalunya.cat\/es\/wp-json\/wp\/v2\/posts"}],"about":[{"href":"https:\/\/conversesacatalunya.cat\/es\/wp-json\/wp\/v2\/types\/post"}],"author":[{"embeddable":true,"href":"https:\/\/conversesacatalunya.cat\/es\/wp-json\/wp\/v2\/users\/2"}],"replies":[{"embeddable":true,"href":"https:\/\/conversesacatalunya.cat\/es\/wp-json\/wp\/v2\/comments?post=41157"}],"version-history":[{"count":2,"href":"https:\/\/conversesacatalunya.cat\/es\/wp-json\/wp\/v2\/posts\/41157\/revisions"}],"predecessor-version":[{"id":41159,"href":"https:\/\/conversesacatalunya.cat\/es\/wp-json\/wp\/v2\/posts\/41157\/revisions\/41159"}],"wp:featuredmedia":[{"embeddable":true,"href":"https:\/\/conversesacatalunya.cat\/es\/wp-json\/wp\/v2\/media\/41145"}],"wp:attachment":[{"href":"https:\/\/conversesacatalunya.cat\/es\/wp-json\/wp\/v2\/media?parent=41157"}],"wp:term":[{"taxonomy":"category","embeddable":true,"href":"https:\/\/conversesacatalunya.cat\/es\/wp-json\/wp\/v2\/categories?post=41157"},{"taxonomy":"post_tag","embeddable":true,"href":"https:\/\/conversesacatalunya.cat\/es\/wp-json\/wp\/v2\/tags?post=41157"}],"curies":[{"name":"wp","href":"https:\/\/api.w.org\/{rel}","templated":true}]}}