{"id":41131,"date":"2020-10-13T12:35:35","date_gmt":"2020-10-13T10:35:35","guid":{"rendered":"https:\/\/conversesacatalunya.cat\/entrevista-per-a-converses-a-catalunya-al-dr-adolf-tobena-autor-del-llibre-catanoles\/"},"modified":"2020-10-16T10:43:34","modified_gmt":"2020-10-16T08:43:34","slug":"entrevista-dr-adolf-tobena-autor-del-libro-catanoles-de-arrimadas-a-rufian","status":"publish","type":"post","link":"https:\/\/conversesacatalunya.cat\/es\/entrevista-dr-adolf-tobena-autor-del-libro-catanoles-de-arrimadas-a-rufian\/","title":{"rendered":"Adolf Tobe\u00f1a: \u00abEn los cata\u00f1oles est\u00e1n los mejores catalitzadores para una salida de la crisis catalana\u201d"},"content":{"rendered":"<p>Tobe\u00f1a, catedr\u00e1tico de Psiquiatr\u00eda en la Facultad de Medicina del Instituto de Neurociencies de la Universidad Aut\u00f3noma de Barcelona,\u00a0 imprime una perspectiva especial del independentismo en su libro \u00ab<a href=\"https:\/\/conversesacatalunya.cat\/catanoles-de-arrimadas-a-rufian\/\" target=\"_blank\" rel=\"noopener noreferrer\"><strong>Cata\u00f1oles. De Arrimadas a Rufi\u00e1n<\/strong><\/a>\u00ab.<\/p>\n<ol>\n<li><strong> Tobe\u00f1a, usted es un estudioso del independentismo desde una vertiente que podr\u00edamos calificar de acad\u00e9mica o cient\u00edfica. Pero todo inter\u00e9s responde a una motivaci\u00f3n. \u00bfCu\u00e1l es la suya para dedicar atenci\u00f3n a este tema?<\/strong><\/li>\n<\/ol>\n<p>La campa\u00f1a secesionista en Catalu\u00f1a ha sido el movimiento de masas quiz\u00e1s m\u00e1s notorio en Europa durante la \u00faltima d\u00e9cada. Desde un rinc\u00f3n de Espa\u00f1a despert\u00f3 un inter\u00e9s comparable al refer\u00e9ndum de independencia de Escocia y al del Brexit. El \u00abproceso\u00bb puso en marcha un fen\u00f3meno de psicolog\u00eda colectiva de un alcance formidable, una comuni\u00f3n grupal profunda y prolongada que los an\u00e1lisis hist\u00f3ricos, econ\u00f3micos y pol\u00edticos no lograban explicar de manera convincente. De ah\u00ed el inter\u00e9s.<\/p>\n<ol start=\"2\">\n<li><strong>El t\u00edtulo de su libro, muy expresivo, <em>Cata\u00f1oles<\/em>, viene a definir lo que podr\u00edamos llamar una nueva categor\u00eda de ciudadano. \u00bfC\u00f3mo lo caracterizar\u00eda? \u00bfCu\u00e1les son los perfiles que mejor lo definen?<\/strong><\/li>\n<\/ol>\n<p>El libro parte de una cita de Quim Monz\u00f3 en la <em>La Vanguardia<\/em>, que dice: \u201c<em>Aqu\u00ed hablamos tres lenguas: el espa\u00f1ol, el cata\u00f1ol y, muy pocos, el catal\u00e1n\u201d<\/em>.<\/p>\n<p>Pens\u00e9 que esa variante ling\u00fc\u00edstica dual o mestiza, el cata\u00f1ol, podr\u00eda servir para identificar tambi\u00e9n a la mayor\u00eda de ciudadanos que reconocen una doble identidad en su talante, en su manera de ser, en sus costumbres, actitudes, gustos y preferencias: la mezcla de la tradici\u00f3n catalana y la hispana. Cada uno en un c\u00f3ctel de proporciones diferentes, claro.<\/p>\n<p>Los <em>cata\u00f1ols<\/em> son la mayoria en Catalunya. Todos los datos firmes indican que son alrededor del 65% de la ciudadan\u00eda.<\/p>\n<ol start=\"3\">\n<li><strong>\u00bfConsidera que hay una relaci\u00f3n cient\u00edficamente demostrable entre independentismo y nivel de ingresos? Y en este sentido, \u00bfpodr\u00edamos hablar de una especie de \u00ablucha de clases\u00bb?<\/strong><\/li>\n<\/ol>\n<p>No es necesario acudir a la ciencia para ello. Solo en la contabilidad m\u00e1s sencilla. Todos los datos oficiales, los que publican regularmente las agencias estad\u00edsticas de la Generalitat indican que el secesionismo arraig\u00f3 en los estratos acomodados de la sociedad. Ampl\u00edsimas capas de clases medias diseminadas por todo el territorio y muy bien instaladas en todos los gremios y actividades profesionales. Ese es el grosor, el alimento esencial del \u00abproc\u00e9s\u00bb.<\/p>\n<p>Nada de \u00ablucha de clases\u00bb tradicional: ha sido un intento disgregador de los privilegiados, llevado a trav\u00e9s de trampas para-legales, propaganda encapsuladora y un activismo arrollador al servicio de la marginaci\u00f3n de la mayor\u00eda de la poblaci\u00f3n no-secesionista. Todo ello bajo la direcci\u00f3n de una poderosa y desleal Administraci\u00f3n aut\u00f3noma.<\/p>\n<p>\u00abRebeldes privilegiados\u00bb es el t\u00edtulo de un extenso estudio que hicimos, con colegas de la UPF y la UB, que ha tenido un enorme eco, por cierto, en los c\u00edrculos acad\u00e9micos internacionales y que ha servido para que el mundo \u00abilustrado\u00bb empiece a ver la \u00abcrisis catalana\u00bb de otra manera.<\/p>\n<ol start=\"4\">\n<li><strong>En el actual escenario pol\u00edtico, social y cultural, \u00bfqu\u00e9 importancia y papel le otorga a un catalanismo, la concepci\u00f3n que desde finales del siglo XIX ha venido vertebrando mayoritariamente la pol\u00edtica y la cultura catalana?<\/strong><\/li>\n<\/ol>\n<p>Ni idea. No me atrevo a decir nada al respecto.<\/p>\n<p>Ahora bien, todo nacionalismo ambicioso aspira a la concreci\u00f3n estatal. Visto as\u00ed, la secesi\u00f3n es la culminaci\u00f3n natural del proyecto catalanista. No s\u00e9 si el catalanismo \u00abre-formulado\u00bb saldr\u00e1 de volver a centrarse en el cultivo de la vitalidad cultural y en la contribuci\u00f3n decisiva al marco com\u00fan de las Espa\u00f1as acogedoras de diversas concreciones nacionales. Quiz\u00e1s el mundo cata\u00f1ol es capaz de hacerlo todo encontrando rendijas para un discurso nuevo. Hace falta imaginaci\u00f3n pol\u00edtica, tiempo y tener alguna posici\u00f3n de mando relevante, claro.<\/p>\n<ol start=\"5\">\n<li><strong>Hay una parte importante de la poblaci\u00f3n de Catalu\u00f1a que rechaza toda identificaci\u00f3n con Espa\u00f1a y que es particularmente cr\u00edtica con ella. \u00bfA qu\u00e9 causas considera que responde esta visi\u00f3n?<\/strong><\/li>\n<\/ol>\n<p>Son el 25%. Ese segmento no rebasa nunca ese umbral. Son los secesionistas irreductibles. Los inamovibles. Los que no cambiar\u00e1n, vaya como vaya y termine como termine el asunto.<\/p>\n<p>Consiguieron convencer y arrastrar un 20% m\u00e1s de la ciudadan\u00eda, en los momentos m\u00e1s \u00e1lgidos del \u00abproc\u00e9s\u00bb. Pero esos \u00faltimos son secesionistas de conveniencia. \u00abPor si acaso\u00bb: se apuntaron por si pod\u00edan salir ganando, tal como iban las cosas (ellos mismos, los hijos, los nietos &#8230;). Ahora, ese secesionismo \u00aboportunista\u00bb duda.<\/p>\n<p>Las causas del secesionismo \u00abde cantera\u00bb son m\u00faltiples y vienen de lejos. Tampoco entiendo mucho de esto y puedo decir muy poco. Pero los que parece que entienden est\u00e1n bastante de acuerdo en que es un problema de integraci\u00f3n firme de las Espa\u00f1as. De redondeo bien logrado y bien asumido del marco com\u00fan de la ciudadan\u00eda pol\u00edtica. Quiz\u00e1s aciertan.<\/p>\n<ol start=\"6\">\n<li><strong>Durante la transici\u00f3n, y al inicio del modelo auton\u00f3mico, Catalu\u00f1a goz\u00f3 de un gran prestigio en Espa\u00f1a, como lo constatan los primeros viajes de Pujol, no ya a Madrid, sino a Castilla y Le\u00f3n o Murcia. Todo esto se ha perdido. \u00bfCree que hay una animadversi\u00f3n en gran parte de la sociedad espa\u00f1ola contra Catalu\u00f1a o s\u00f3lo contra el independentismo?<\/strong><\/li>\n<\/ol>\n<p>Los espa\u00f1oles en conjunto han tenido una paciencia de santos ante la larga, terca y t\u00f3xica campa\u00f1a secesionista. Descontando los <strong>carcamales<\/strong> bastante minoritarios, el grado de tolerancia, la flexibilidad y la prudencia mostrada ante el odio, el desprecio y las descalificaciones que ven\u00edan a menudo desde las instancias y los sitiales m\u00e1s elevados de Catalu\u00f1a, ha sido sorprendente.<\/p>\n<p>Conviene tenerlo presente, a fin de recuperar el prestigio derrochado. En el libro salen cifras oficiales del CEO y del CIS que indican que la estimaci\u00f3n del resto de las Espa\u00f1as por los catalanes est\u00e1 en la cola, en la banda baja en todos los indicadores. Por lo tanto, hay trabajo largo por hacer.<\/p>\n<ol start=\"7\">\n<li><strong>Una determinada lectura del trasfondo de su texto podr\u00eda hacer pensar que hay un punto de contacto importante entre los \u00abcata\u00f1oles\u00bb que quieren quitarse de encima el gobierno espa\u00f1ol y un espesor no menor de espa\u00f1oles que tambi\u00e9n desean algo parecido. \u00bfEs leg\u00edtima esta interpretaci\u00f3n de su texto?<\/strong><\/li>\n<\/ol>\n<p>El fondo de descontento profundo con el estilo de gobernaci\u00f3n de las Espa\u00f1as se arrastra desde hace dos siglos largos. Toda la modernidad, de hecho. De ah\u00ed la tendencia recurrente a la rotura, cuando las cosas van mal. Pero ahora venimos de un periodo de medio siglo casi de quietud, entendimiento y creaci\u00f3n de enorme riqueza. De consolidaci\u00f3n de una sociedad abierta, din\u00e1mica y avanzada. Quiz\u00e1s se necesitan cincuenta a\u00f1os m\u00e1s: dos o tres generaciones a\u00f1adidas para acabar de sedimentarlo y eliminar as\u00ed aquel fondo disgregador, sectario y cainita que se afana siempre en resucitar en Catalu\u00f1a y toda Espa\u00f1a. En el libro esto, sin embargo, es un s\u00f3lo un peque\u00f1o apunte.<\/p>\n<ol start=\"8\">\n<li><strong>\u00bfPueden los \u00abcata\u00f1oles\u00bb ser el sujeto colectivo que permita salir del actual callej\u00f3n sin salida al conflicto catal\u00e1n?<\/strong><\/li>\n<\/ol>\n<p>Seguro. Sin el sector mayoritario no hay salida viable. Salida amable, quiero decir. Sin el grueso de la ciudadan\u00eda s\u00f3lo hay fracturas y tensiones empobrecedoras o empates atrincherados y corsecadores. Mala vida, en definitiva.<\/p>\n<p>En el dinamismo y la creatividad de los segmentos <em>cata\u00f1oles<\/em> est\u00e1n los mejores catalizadores para una salida fruct\u00edfera de la \u00abcrisis catalana\u00bb que vivimos. Pero conviene que se act\u00fae sin complejos ni inhibiciones de ning\u00fan tipo. No valen para esto \u00abMontillas\u00bb o similares como conductores. Y tampoco unos \u00abAragon\u00e9s\u00bb o \u00abPascal\u00bb reconvertidos, por mencionar nombres del panorama actual. Pero podr\u00edan valer gente como Salvador Illa, Alejandro Fern\u00e1ndez, Nuria Mar\u00edn, Manuel Valls o Miquel Iceta y similares. La cantera es larga y rica en todos los gremios, no \u00fanicamente en el pol\u00edtico. Hay que ponerse.<\/p>\n<span class='bctt-click-to-tweet'><span class='bctt-ctt-text'><a href='https:\/\/twitter.com\/intent\/tweet?url=https%3A%2F%2Fconversesacatalunya.cat%2Fes%2Fentrevista-dr-adolf-tobena-autor-del-libro-catanoles-de-arrimadas-a-rufian%2F&#038;text=La%20campa%C3%B1a%20secesionista%20en%20Catalu%C3%B1a%20ha%20sido%20el%20movimiento%20de%20masas%20quiz%C3%A1s%20m%C3%A1s%20notorio%20en%20Europa%20durante%20la%20%C3%BAltima%20d%C3%A9cada&#038;via=conversesacat&#038;related=conversesacat' target='_blank'rel=\"noopener noreferrer\">La campa\u00f1a secesionista en Catalu\u00f1a ha sido el movimiento de masas quiz\u00e1s m\u00e1s notorio en Europa durante la \u00faltima d\u00e9cada <\/a><\/span><a href='https:\/\/twitter.com\/intent\/tweet?url=https%3A%2F%2Fconversesacatalunya.cat%2Fes%2Fentrevista-dr-adolf-tobena-autor-del-libro-catanoles-de-arrimadas-a-rufian%2F&#038;text=La%20campa%C3%B1a%20secesionista%20en%20Catalu%C3%B1a%20ha%20sido%20el%20movimiento%20de%20masas%20quiz%C3%A1s%20m%C3%A1s%20notorio%20en%20Europa%20durante%20la%20%C3%BAltima%20d%C3%A9cada&#038;via=conversesacat&#038;related=conversesacat' target='_blank' class='bctt-ctt-btn'rel=\"noopener noreferrer\">Compartir en X<\/a><\/span>\n<p>&nbsp;<\/p>\n","protected":false},"excerpt":{"rendered":"<p>Tobe\u00f1a, catedr\u00e1tico de Psiquiatr\u00eda en la Facultad de Medicina del Instituto de Neurociencies de la Universidad Aut\u00f3noma de Barcelona,\u00a0 imprime una perspectiva especial del independentismo en su libro \u00abCata\u00f1oles. De Arrimadas a Rufi\u00e1n\u00ab. Tobe\u00f1a, usted es un estudioso del independentismo desde una vertiente que podr\u00edamos calificar de acad\u00e9mica o cient\u00edfica. Pero todo inter\u00e9s responde a una motivaci\u00f3n. \u00bfCu\u00e1l es la suya para dedicar atenci\u00f3n a este tema? La campa\u00f1a secesionista en Catalu\u00f1a ha sido el movimiento de masas quiz\u00e1s m\u00e1s notorio en Europa durante la \u00faltima d\u00e9cada. Desde un rinc\u00f3n de Espa\u00f1a despert\u00f3 un inter\u00e9s comparable al refer\u00e9ndum de independencia de Escocia y al del Brexit. El \u00abproceso\u00bb puso en marcha un fen\u00f3meno de psicolog\u00eda colectiva de un alcance formidable, una comuni\u00f3n grupal profunda y prolongada que los an\u00e1lisis hist\u00f3ricos, econ\u00f3micos y pol\u00edticos no lograban explicar de manera convincente. De ah\u00ed el inter\u00e9s. El t\u00edtulo de su libro, muy expresivo, Cata\u00f1oles, viene a definir lo que podr\u00edamos llamar una nueva categor\u00eda de ciudadano. \u00bfC\u00f3mo lo caracterizar\u00eda? \u00bfCu\u00e1les son los perfiles que mejor lo definen? El libro parte de una cita de Quim Monz\u00f3 en la La Vanguardia, que dice: \u201cAqu\u00ed hablamos tres lenguas: el espa\u00f1ol, el cata\u00f1ol y, muy pocos, el catal\u00e1n\u201d. Pens\u00e9 que esa variante ling\u00fc\u00edstica dual o mestiza, el cata\u00f1ol, podr\u00eda servir para identificar tambi\u00e9n a la mayor\u00eda de ciudadanos que reconocen una doble identidad en su talante, en su manera de ser, en sus costumbres, actitudes, gustos y preferencias: la mezcla de la tradici\u00f3n catalana y la hispana. Cada uno en un c\u00f3ctel de proporciones diferentes, claro. Los cata\u00f1ols son la mayoria en Catalunya. Todos los datos firmes indican que son alrededor del 65% de la ciudadan\u00eda. \u00bfConsidera que hay una relaci\u00f3n cient\u00edficamente demostrable entre independentismo y nivel de ingresos? Y en este sentido, \u00bfpodr\u00edamos hablar de una especie de \u00ablucha de clases\u00bb? No es necesario acudir a la ciencia para ello. Solo en la contabilidad m\u00e1s sencilla. Todos los datos oficiales, los que publican regularmente las agencias estad\u00edsticas de la Generalitat indican que el secesionismo arraig\u00f3 en los estratos acomodados de la sociedad. Ampl\u00edsimas capas de clases medias diseminadas por todo el territorio y muy bien instaladas en todos los gremios y actividades profesionales. Ese es el grosor, el alimento esencial del \u00abproc\u00e9s\u00bb. Nada de \u00ablucha de clases\u00bb tradicional: ha sido un intento disgregador de los privilegiados, llevado a trav\u00e9s de trampas para-legales, propaganda encapsuladora y un activismo arrollador al servicio de la marginaci\u00f3n de la mayor\u00eda de la poblaci\u00f3n no-secesionista. Todo ello bajo la direcci\u00f3n de una poderosa y desleal Administraci\u00f3n aut\u00f3noma. \u00abRebeldes privilegiados\u00bb es el t\u00edtulo de un extenso estudio que hicimos, con colegas de la UPF y la UB, que ha tenido un enorme eco, por cierto, en los c\u00edrculos acad\u00e9micos internacionales y que ha servido para que el mundo \u00abilustrado\u00bb empiece a ver la \u00abcrisis catalana\u00bb de otra manera. En el actual escenario pol\u00edtico, social y cultural, \u00bfqu\u00e9 importancia y papel le otorga a un catalanismo, la concepci\u00f3n que desde finales del siglo XIX ha venido vertebrando mayoritariamente la pol\u00edtica y la cultura catalana? Ni idea. No me atrevo a decir nada al respecto. Ahora bien, todo nacionalismo ambicioso aspira a la concreci\u00f3n estatal. Visto as\u00ed, la secesi\u00f3n es la culminaci\u00f3n natural del proyecto catalanista. No s\u00e9 si el catalanismo \u00abre-formulado\u00bb saldr\u00e1 de volver a centrarse en el cultivo de la vitalidad cultural y en la contribuci\u00f3n decisiva al marco com\u00fan de las Espa\u00f1as acogedoras de diversas concreciones nacionales. Quiz\u00e1s el mundo cata\u00f1ol es capaz de hacerlo todo encontrando rendijas para un discurso nuevo. Hace falta imaginaci\u00f3n pol\u00edtica, tiempo y tener alguna posici\u00f3n de mando relevante, claro. Hay una parte importante de la poblaci\u00f3n de Catalu\u00f1a que rechaza toda identificaci\u00f3n con Espa\u00f1a y que es particularmente cr\u00edtica con ella. \u00bfA qu\u00e9 causas considera que responde esta visi\u00f3n? Son el 25%. Ese segmento no rebasa nunca ese umbral. Son los secesionistas irreductibles. Los inamovibles. Los que no cambiar\u00e1n, vaya como vaya y termine como termine el asunto. Consiguieron convencer y arrastrar un 20% m\u00e1s de la ciudadan\u00eda, en los momentos m\u00e1s \u00e1lgidos del \u00abproc\u00e9s\u00bb. Pero esos \u00faltimos son secesionistas de conveniencia. \u00abPor si acaso\u00bb: se apuntaron por si pod\u00edan salir ganando, tal como iban las cosas (ellos mismos, los hijos, los nietos &#8230;). Ahora, ese secesionismo \u00aboportunista\u00bb duda. Las causas del secesionismo \u00abde cantera\u00bb son m\u00faltiples y vienen de lejos. Tampoco entiendo mucho de esto y puedo decir muy poco. Pero los que parece que entienden est\u00e1n bastante de acuerdo en que es un problema de integraci\u00f3n firme de las Espa\u00f1as. De redondeo bien logrado y bien asumido del marco com\u00fan de la ciudadan\u00eda pol\u00edtica. Quiz\u00e1s aciertan. Durante la transici\u00f3n, y al inicio del modelo auton\u00f3mico, Catalu\u00f1a goz\u00f3 de un gran prestigio en Espa\u00f1a, como lo constatan los primeros viajes de Pujol, no ya a Madrid, sino a Castilla y Le\u00f3n o Murcia. Todo esto se ha perdido. \u00bfCree que hay una animadversi\u00f3n en gran parte de la sociedad espa\u00f1ola contra Catalu\u00f1a o s\u00f3lo contra el independentismo? Los espa\u00f1oles en conjunto han tenido una paciencia de santos ante la larga, terca y t\u00f3xica campa\u00f1a secesionista. Descontando los carcamales bastante minoritarios, el grado de tolerancia, la flexibilidad y la prudencia mostrada ante el odio, el desprecio y las descalificaciones que ven\u00edan a menudo desde las instancias y los sitiales m\u00e1s elevados de Catalu\u00f1a, ha sido sorprendente. Conviene tenerlo presente, a fin de recuperar el prestigio derrochado. En el libro salen cifras oficiales del CEO y del CIS que indican que la estimaci\u00f3n del resto de las Espa\u00f1as por los catalanes est\u00e1 en la cola, en la banda baja en todos los indicadores. Por lo tanto, hay trabajo largo por hacer. Una determinada lectura del trasfondo de su texto podr\u00eda hacer pensar que hay un punto de contacto importante entre los \u00abcata\u00f1oles\u00bb que quieren quitarse de encima el gobierno espa\u00f1ol y un espesor no menor de espa\u00f1oles que tambi\u00e9n desean algo parecido. \u00bfEs leg\u00edtima esta interpretaci\u00f3n de su texto? El fondo de descontento profundo&#8230;<\/p>\n","protected":false},"author":2,"featured_media":41128,"comment_status":"open","ping_status":"open","sticky":false,"template":"","format":"standard","meta":{"_FSMCFIC_featured_image_caption":"","_FSMCFIC_featured_image_nocaption":"","_FSMCFIC_featured_image_hide":"","footnotes":""},"categories":[806],"tags":[],"class_list":["post-41131","post","type-post","status-publish","format-standard","has-post-thumbnail","hentry","category-punts-claus-del-dia-es"],"yoast_head":"<!-- This site is optimized with the Yoast SEO plugin v26.8 - https:\/\/yoast.com\/product\/yoast-seo-wordpress\/ -->\n<title>Adolf Tobe\u00f1a: &quot;En los cata\u00f1oles est\u00e1n los mejores catalitzadores para una salida de la crisis catalana\u201d - Converses a Catalunya<\/title>\n<meta name=\"description\" content=\"Converses a Catalunya entrevista al catedr\u00e1tico de Psiquiatr\u00eda, que ha publicado el libro &#039;Cata\u00f1oles. De Arrimadas a Rufi\u00e1n&#039;\" \/>\n<meta name=\"robots\" content=\"index, follow, max-snippet:-1, max-image-preview:large, max-video-preview:-1\" \/>\n<link rel=\"canonical\" href=\"https:\/\/conversesacatalunya.cat\/es\/entrevista-dr-adolf-tobena-autor-del-libro-catanoles-de-arrimadas-a-rufian\/\" \/>\n<meta property=\"og:locale\" content=\"es_ES\" \/>\n<meta property=\"og:type\" content=\"article\" \/>\n<meta property=\"og:title\" content=\"Adolf Tobe\u00f1a: &quot;En los cata\u00f1oles est\u00e1n los mejores catalitzadores para una salida de la crisis catalana\u201d - Converses a Catalunya\" \/>\n<meta property=\"og:description\" content=\"Converses a Catalunya entrevista al catedr\u00e1tico de Psiquiatr\u00eda, que ha publicado el libro &#039;Cata\u00f1oles. De Arrimadas a Rufi\u00e1n&#039;\" \/>\n<meta property=\"og:url\" content=\"https:\/\/conversesacatalunya.cat\/es\/entrevista-dr-adolf-tobena-autor-del-libro-catanoles-de-arrimadas-a-rufian\/\" \/>\n<meta property=\"og:site_name\" content=\"Converses a Catalunya\" \/>\n<meta property=\"article:published_time\" content=\"2020-10-13T10:35:35+00:00\" \/>\n<meta property=\"article:modified_time\" content=\"2020-10-16T08:43:34+00:00\" \/>\n<meta property=\"og:image\" content=\"https:\/\/conversesacatalunya.cat\/wp-content\/uploads\/2020\/10\/Tobena.jpg\" \/>\n\t<meta property=\"og:image:width\" content=\"512\" \/>\n\t<meta property=\"og:image:height\" content=\"279\" \/>\n\t<meta property=\"og:image:type\" content=\"image\/jpeg\" \/>\n<meta name=\"author\" content=\"conversesacatalunya\" \/>\n<meta name=\"twitter:card\" content=\"summary_large_image\" \/>\n<meta name=\"twitter:label1\" content=\"Escrito por\" \/>\n\t<meta name=\"twitter:data1\" content=\"conversesacatalunya\" \/>\n\t<meta name=\"twitter:label2\" content=\"Tiempo de lectura\" \/>\n\t<meta name=\"twitter:data2\" content=\"7 minutos\" \/>\n<script type=\"application\/ld+json\" class=\"yoast-schema-graph\">{\"@context\":\"https:\/\/schema.org\",\"@graph\":[{\"@type\":\"Article\",\"@id\":\"https:\/\/conversesacatalunya.cat\/es\/entrevista-dr-adolf-tobena-autor-del-libro-catanoles-de-arrimadas-a-rufian\/#article\",\"isPartOf\":{\"@id\":\"https:\/\/conversesacatalunya.cat\/es\/entrevista-dr-adolf-tobena-autor-del-libro-catanoles-de-arrimadas-a-rufian\/\"},\"author\":{\"name\":\"conversesacatalunya\",\"@id\":\"https:\/\/conversesacatalunya.cat\/#\/schema\/person\/7e24d1e54a2785373ddcb275eae5ed99\"},\"headline\":\"Adolf Tobe\u00f1a: \u00abEn los cata\u00f1oles est\u00e1n los mejores catalitzadores para una salida de la crisis catalana\u201d\",\"datePublished\":\"2020-10-13T10:35:35+00:00\",\"dateModified\":\"2020-10-16T08:43:34+00:00\",\"mainEntityOfPage\":{\"@id\":\"https:\/\/conversesacatalunya.cat\/es\/entrevista-dr-adolf-tobena-autor-del-libro-catanoles-de-arrimadas-a-rufian\/\"},\"wordCount\":1450,\"commentCount\":0,\"image\":{\"@id\":\"https:\/\/conversesacatalunya.cat\/es\/entrevista-dr-adolf-tobena-autor-del-libro-catanoles-de-arrimadas-a-rufian\/#primaryimage\"},\"thumbnailUrl\":\"https:\/\/conversesacatalunya.cat\/wp-content\/uploads\/2020\/10\/Tobena.jpg\",\"articleSection\":[\"Punts clau del dia (ES)\"],\"inLanguage\":\"es\",\"potentialAction\":[{\"@type\":\"CommentAction\",\"name\":\"Comment\",\"target\":[\"https:\/\/conversesacatalunya.cat\/es\/entrevista-dr-adolf-tobena-autor-del-libro-catanoles-de-arrimadas-a-rufian\/#respond\"]}]},{\"@type\":\"WebPage\",\"@id\":\"https:\/\/conversesacatalunya.cat\/es\/entrevista-dr-adolf-tobena-autor-del-libro-catanoles-de-arrimadas-a-rufian\/\",\"url\":\"https:\/\/conversesacatalunya.cat\/es\/entrevista-dr-adolf-tobena-autor-del-libro-catanoles-de-arrimadas-a-rufian\/\",\"name\":\"Adolf Tobe\u00f1a: \\\"En los cata\u00f1oles est\u00e1n los mejores catalitzadores para una salida de la crisis catalana\u201d - Converses a Catalunya\",\"isPartOf\":{\"@id\":\"https:\/\/conversesacatalunya.cat\/#website\"},\"primaryImageOfPage\":{\"@id\":\"https:\/\/conversesacatalunya.cat\/es\/entrevista-dr-adolf-tobena-autor-del-libro-catanoles-de-arrimadas-a-rufian\/#primaryimage\"},\"image\":{\"@id\":\"https:\/\/conversesacatalunya.cat\/es\/entrevista-dr-adolf-tobena-autor-del-libro-catanoles-de-arrimadas-a-rufian\/#primaryimage\"},\"thumbnailUrl\":\"https:\/\/conversesacatalunya.cat\/wp-content\/uploads\/2020\/10\/Tobena.jpg\",\"datePublished\":\"2020-10-13T10:35:35+00:00\",\"dateModified\":\"2020-10-16T08:43:34+00:00\",\"author\":{\"@id\":\"https:\/\/conversesacatalunya.cat\/#\/schema\/person\/7e24d1e54a2785373ddcb275eae5ed99\"},\"description\":\"Converses a Catalunya entrevista al catedr\u00e1tico de Psiquiatr\u00eda, que ha publicado el libro 'Cata\u00f1oles. De Arrimadas a Rufi\u00e1n'\",\"breadcrumb\":{\"@id\":\"https:\/\/conversesacatalunya.cat\/es\/entrevista-dr-adolf-tobena-autor-del-libro-catanoles-de-arrimadas-a-rufian\/#breadcrumb\"},\"inLanguage\":\"es\",\"potentialAction\":[{\"@type\":\"ReadAction\",\"target\":[\"https:\/\/conversesacatalunya.cat\/es\/entrevista-dr-adolf-tobena-autor-del-libro-catanoles-de-arrimadas-a-rufian\/\"]}]},{\"@type\":\"ImageObject\",\"inLanguage\":\"es\",\"@id\":\"https:\/\/conversesacatalunya.cat\/es\/entrevista-dr-adolf-tobena-autor-del-libro-catanoles-de-arrimadas-a-rufian\/#primaryimage\",\"url\":\"https:\/\/conversesacatalunya.cat\/wp-content\/uploads\/2020\/10\/Tobena.jpg\",\"contentUrl\":\"https:\/\/conversesacatalunya.cat\/wp-content\/uploads\/2020\/10\/Tobena.jpg\",\"width\":512,\"height\":279,\"caption\":\"Adolf Tobe\u00f1a\"},{\"@type\":\"BreadcrumbList\",\"@id\":\"https:\/\/conversesacatalunya.cat\/es\/entrevista-dr-adolf-tobena-autor-del-libro-catanoles-de-arrimadas-a-rufian\/#breadcrumb\",\"itemListElement\":[{\"@type\":\"ListItem\",\"position\":1,\"name\":\"Inici\",\"item\":\"https:\/\/conversesacatalunya.cat\/es\/\"},{\"@type\":\"ListItem\",\"position\":2,\"name\":\"Adolf Tobe\u00f1a: &#8220;En los cata\u00f1oles est\u00e1n los mejores catalitzadores para una salida de la crisis catalana\u201d\"}]},{\"@type\":\"WebSite\",\"@id\":\"https:\/\/conversesacatalunya.cat\/#website\",\"url\":\"https:\/\/conversesacatalunya.cat\/\",\"name\":\"Converses a Catalunya\",\"description\":\"\",\"potentialAction\":[{\"@type\":\"SearchAction\",\"target\":{\"@type\":\"EntryPoint\",\"urlTemplate\":\"https:\/\/conversesacatalunya.cat\/?s={search_term_string}\"},\"query-input\":{\"@type\":\"PropertyValueSpecification\",\"valueRequired\":true,\"valueName\":\"search_term_string\"}}],\"inLanguage\":\"es\"},{\"@type\":\"Person\",\"@id\":\"https:\/\/conversesacatalunya.cat\/#\/schema\/person\/7e24d1e54a2785373ddcb275eae5ed99\",\"name\":\"conversesacatalunya\",\"image\":{\"@type\":\"ImageObject\",\"inLanguage\":\"es\",\"@id\":\"https:\/\/conversesacatalunya.cat\/#\/schema\/person\/image\/\",\"url\":\"https:\/\/conversesacatalunya.cat\/wp-content\/litespeed\/avatar\/febdfeeec89d950f01c748045a981dd2.jpg?ver=1777314535\",\"contentUrl\":\"https:\/\/conversesacatalunya.cat\/wp-content\/litespeed\/avatar\/febdfeeec89d950f01c748045a981dd2.jpg?ver=1777314535\",\"caption\":\"conversesacatalunya\"},\"url\":\"https:\/\/conversesacatalunya.cat\/es\/author\/carme_catala\/\"}]}<\/script>\n<!-- \/ Yoast SEO plugin. -->","yoast_head_json":{"title":"Adolf Tobe\u00f1a: \"En los cata\u00f1oles est\u00e1n los mejores catalitzadores para una salida de la crisis catalana\u201d - Converses a Catalunya","description":"Converses a Catalunya entrevista al catedr\u00e1tico de Psiquiatr\u00eda, que ha publicado el libro 'Cata\u00f1oles. De Arrimadas a Rufi\u00e1n'","robots":{"index":"index","follow":"follow","max-snippet":"max-snippet:-1","max-image-preview":"max-image-preview:large","max-video-preview":"max-video-preview:-1"},"canonical":"https:\/\/conversesacatalunya.cat\/es\/entrevista-dr-adolf-tobena-autor-del-libro-catanoles-de-arrimadas-a-rufian\/","og_locale":"es_ES","og_type":"article","og_title":"Adolf Tobe\u00f1a: \"En los cata\u00f1oles est\u00e1n los mejores catalitzadores para una salida de la crisis catalana\u201d - Converses a Catalunya","og_description":"Converses a Catalunya entrevista al catedr\u00e1tico de Psiquiatr\u00eda, que ha publicado el libro 'Cata\u00f1oles. De Arrimadas a Rufi\u00e1n'","og_url":"https:\/\/conversesacatalunya.cat\/es\/entrevista-dr-adolf-tobena-autor-del-libro-catanoles-de-arrimadas-a-rufian\/","og_site_name":"Converses a Catalunya","article_published_time":"2020-10-13T10:35:35+00:00","article_modified_time":"2020-10-16T08:43:34+00:00","og_image":[{"width":512,"height":279,"url":"https:\/\/conversesacatalunya.cat\/wp-content\/uploads\/2020\/10\/Tobena.jpg","type":"image\/jpeg"}],"author":"conversesacatalunya","twitter_card":"summary_large_image","twitter_misc":{"Escrito por":"conversesacatalunya","Tiempo de lectura":"7 minutos"},"schema":{"@context":"https:\/\/schema.org","@graph":[{"@type":"Article","@id":"https:\/\/conversesacatalunya.cat\/es\/entrevista-dr-adolf-tobena-autor-del-libro-catanoles-de-arrimadas-a-rufian\/#article","isPartOf":{"@id":"https:\/\/conversesacatalunya.cat\/es\/entrevista-dr-adolf-tobena-autor-del-libro-catanoles-de-arrimadas-a-rufian\/"},"author":{"name":"conversesacatalunya","@id":"https:\/\/conversesacatalunya.cat\/#\/schema\/person\/7e24d1e54a2785373ddcb275eae5ed99"},"headline":"Adolf Tobe\u00f1a: \u00abEn los cata\u00f1oles est\u00e1n los mejores catalitzadores para una salida de la crisis catalana\u201d","datePublished":"2020-10-13T10:35:35+00:00","dateModified":"2020-10-16T08:43:34+00:00","mainEntityOfPage":{"@id":"https:\/\/conversesacatalunya.cat\/es\/entrevista-dr-adolf-tobena-autor-del-libro-catanoles-de-arrimadas-a-rufian\/"},"wordCount":1450,"commentCount":0,"image":{"@id":"https:\/\/conversesacatalunya.cat\/es\/entrevista-dr-adolf-tobena-autor-del-libro-catanoles-de-arrimadas-a-rufian\/#primaryimage"},"thumbnailUrl":"https:\/\/conversesacatalunya.cat\/wp-content\/uploads\/2020\/10\/Tobena.jpg","articleSection":["Punts clau del dia (ES)"],"inLanguage":"es","potentialAction":[{"@type":"CommentAction","name":"Comment","target":["https:\/\/conversesacatalunya.cat\/es\/entrevista-dr-adolf-tobena-autor-del-libro-catanoles-de-arrimadas-a-rufian\/#respond"]}]},{"@type":"WebPage","@id":"https:\/\/conversesacatalunya.cat\/es\/entrevista-dr-adolf-tobena-autor-del-libro-catanoles-de-arrimadas-a-rufian\/","url":"https:\/\/conversesacatalunya.cat\/es\/entrevista-dr-adolf-tobena-autor-del-libro-catanoles-de-arrimadas-a-rufian\/","name":"Adolf Tobe\u00f1a: \"En los cata\u00f1oles est\u00e1n los mejores catalitzadores para una salida de la crisis catalana\u201d - Converses a Catalunya","isPartOf":{"@id":"https:\/\/conversesacatalunya.cat\/#website"},"primaryImageOfPage":{"@id":"https:\/\/conversesacatalunya.cat\/es\/entrevista-dr-adolf-tobena-autor-del-libro-catanoles-de-arrimadas-a-rufian\/#primaryimage"},"image":{"@id":"https:\/\/conversesacatalunya.cat\/es\/entrevista-dr-adolf-tobena-autor-del-libro-catanoles-de-arrimadas-a-rufian\/#primaryimage"},"thumbnailUrl":"https:\/\/conversesacatalunya.cat\/wp-content\/uploads\/2020\/10\/Tobena.jpg","datePublished":"2020-10-13T10:35:35+00:00","dateModified":"2020-10-16T08:43:34+00:00","author":{"@id":"https:\/\/conversesacatalunya.cat\/#\/schema\/person\/7e24d1e54a2785373ddcb275eae5ed99"},"description":"Converses a Catalunya entrevista al catedr\u00e1tico de Psiquiatr\u00eda, que ha publicado el libro 'Cata\u00f1oles. De Arrimadas a Rufi\u00e1n'","breadcrumb":{"@id":"https:\/\/conversesacatalunya.cat\/es\/entrevista-dr-adolf-tobena-autor-del-libro-catanoles-de-arrimadas-a-rufian\/#breadcrumb"},"inLanguage":"es","potentialAction":[{"@type":"ReadAction","target":["https:\/\/conversesacatalunya.cat\/es\/entrevista-dr-adolf-tobena-autor-del-libro-catanoles-de-arrimadas-a-rufian\/"]}]},{"@type":"ImageObject","inLanguage":"es","@id":"https:\/\/conversesacatalunya.cat\/es\/entrevista-dr-adolf-tobena-autor-del-libro-catanoles-de-arrimadas-a-rufian\/#primaryimage","url":"https:\/\/conversesacatalunya.cat\/wp-content\/uploads\/2020\/10\/Tobena.jpg","contentUrl":"https:\/\/conversesacatalunya.cat\/wp-content\/uploads\/2020\/10\/Tobena.jpg","width":512,"height":279,"caption":"Adolf Tobe\u00f1a"},{"@type":"BreadcrumbList","@id":"https:\/\/conversesacatalunya.cat\/es\/entrevista-dr-adolf-tobena-autor-del-libro-catanoles-de-arrimadas-a-rufian\/#breadcrumb","itemListElement":[{"@type":"ListItem","position":1,"name":"Inici","item":"https:\/\/conversesacatalunya.cat\/es\/"},{"@type":"ListItem","position":2,"name":"Adolf Tobe\u00f1a: &#8220;En los cata\u00f1oles est\u00e1n los mejores catalitzadores para una salida de la crisis catalana\u201d"}]},{"@type":"WebSite","@id":"https:\/\/conversesacatalunya.cat\/#website","url":"https:\/\/conversesacatalunya.cat\/","name":"Converses a Catalunya","description":"","potentialAction":[{"@type":"SearchAction","target":{"@type":"EntryPoint","urlTemplate":"https:\/\/conversesacatalunya.cat\/?s={search_term_string}"},"query-input":{"@type":"PropertyValueSpecification","valueRequired":true,"valueName":"search_term_string"}}],"inLanguage":"es"},{"@type":"Person","@id":"https:\/\/conversesacatalunya.cat\/#\/schema\/person\/7e24d1e54a2785373ddcb275eae5ed99","name":"conversesacatalunya","image":{"@type":"ImageObject","inLanguage":"es","@id":"https:\/\/conversesacatalunya.cat\/#\/schema\/person\/image\/","url":"https:\/\/conversesacatalunya.cat\/wp-content\/litespeed\/avatar\/febdfeeec89d950f01c748045a981dd2.jpg?ver=1777314535","contentUrl":"https:\/\/conversesacatalunya.cat\/wp-content\/litespeed\/avatar\/febdfeeec89d950f01c748045a981dd2.jpg?ver=1777314535","caption":"conversesacatalunya"},"url":"https:\/\/conversesacatalunya.cat\/es\/author\/carme_catala\/"}]}},"wps_subtitle":"Converses a Catalunya entrevista al catedr\u00e1tico de Psiquiatr\u00eda, que ha publicado el libro 'Cata\u00f1oles. De Arrimadas a Rufi\u00e1n'","_links":{"self":[{"href":"https:\/\/conversesacatalunya.cat\/es\/wp-json\/wp\/v2\/posts\/41131","targetHints":{"allow":["GET"]}}],"collection":[{"href":"https:\/\/conversesacatalunya.cat\/es\/wp-json\/wp\/v2\/posts"}],"about":[{"href":"https:\/\/conversesacatalunya.cat\/es\/wp-json\/wp\/v2\/types\/post"}],"author":[{"embeddable":true,"href":"https:\/\/conversesacatalunya.cat\/es\/wp-json\/wp\/v2\/users\/2"}],"replies":[{"embeddable":true,"href":"https:\/\/conversesacatalunya.cat\/es\/wp-json\/wp\/v2\/comments?post=41131"}],"version-history":[{"count":8,"href":"https:\/\/conversesacatalunya.cat\/es\/wp-json\/wp\/v2\/posts\/41131\/revisions"}],"predecessor-version":[{"id":41266,"href":"https:\/\/conversesacatalunya.cat\/es\/wp-json\/wp\/v2\/posts\/41131\/revisions\/41266"}],"wp:featuredmedia":[{"embeddable":true,"href":"https:\/\/conversesacatalunya.cat\/es\/wp-json\/wp\/v2\/media\/41128"}],"wp:attachment":[{"href":"https:\/\/conversesacatalunya.cat\/es\/wp-json\/wp\/v2\/media?parent=41131"}],"wp:term":[{"taxonomy":"category","embeddable":true,"href":"https:\/\/conversesacatalunya.cat\/es\/wp-json\/wp\/v2\/categories?post=41131"},{"taxonomy":"post_tag","embeddable":true,"href":"https:\/\/conversesacatalunya.cat\/es\/wp-json\/wp\/v2\/tags?post=41131"}],"curies":[{"name":"wp","href":"https:\/\/api.w.org\/{rel}","templated":true}]}}