{"id":41094,"date":"2020-10-12T08:38:44","date_gmt":"2020-10-12T06:38:44","guid":{"rendered":"https:\/\/conversesacatalunya.cat\/?p=41094"},"modified":"2020-10-09T13:28:07","modified_gmt":"2020-10-09T11:28:07","slug":"es-sorprendente-que-la-segunda-ciudad-del-estado-que-dispone-ademas-de-una-amplia-autonomia-municipal-y-que-esta-gobernada-por-la-misma-coalicion-que-la-del-gobierno-espanol-no-tenga-una-relacion-y","status":"publish","type":"post","link":"https:\/\/conversesacatalunya.cat\/es\/es-sorprendente-que-la-segunda-ciudad-del-estado-que-dispone-ademas-de-una-amplia-autonomia-municipal-y-que-esta-gobernada-por-la-misma-coalicion-que-la-del-gobierno-espanol-no-tenga-una-relacion-y\/","title":{"rendered":"Los grandes vac\u00edos del gobierno municipal de Barcelona"},"content":{"rendered":"<p>Es sorprendente que la segunda ciudad del estado, que dispone adem\u00e1s de una amplia autonom\u00eda municipal, y <strong>que est\u00e1 gobernada por la misma coalici\u00f3n que la del gobierno espa\u00f1ol<\/strong>, no tenga una relaci\u00f3n y coordinaci\u00f3n m\u00e1s fluida con esta instancia estatal tan decisiva .<\/p>\n<p>Hay una pregunta evidente: \u00bfcu\u00e1ntas veces se ha entrevistado la alcaldesa de Barcelona con el presidente del gobierno; \u00bfcu\u00e1ntas se ha reunido con alg\u00fan ministro con asuntos importantes en Barcelona? La respuesta revelar\u00eda que todo esto es un cap\u00edtulo pr\u00e1cticamente in\u00e9dito.<\/p>\n<p>Este bajo nivel de los jefes del gobierno municipal de Barcelona en su proyecci\u00f3n pol\u00edtica explica que se produzcan hechos tan sorprendentes como que el <strong>Ministerio de Hacienda subaste 25 lotes del frente mar\u00edtimo de Barcelona por 70 millones de euros<\/strong>. Es decir, todo este \u00e1mbito, tan codiciado como importante para la ciudad, resulta que no es de total concesi\u00f3n municipal, y por tanto toda planificaci\u00f3n urban\u00edstica queda colgada de esta dependencia de Madrid, que ahora se concreta con esta licitaci\u00f3n inesperada.<\/p>\n<p>Las asociaciones de vecinos consideran que esta es una gran operaci\u00f3n especulativa que tiene como \u00fanico titular <strong>al Ministerio de Hacienda<\/strong> y reclaman que el Ayuntamiento recupere la gesti\u00f3n completa de este espacio y que la articule con el plan litoral y con los proyectos que estaban trabajados de antemano con acuerdos con los vecinos y las entidades. Esta falta de sinton\u00eda resulta inexplicable y se\u00f1ala una debilidad m\u00e1s del gobierno municipal, en este caso para llevar a cabo pol\u00edticas de vuelo en relaci\u00f3n con el gobierno del estado que es lo que Barcelona necesita. Colau y Collboni no se muestran atentos o capaces de conducir con iniciativa los temas de estado que implican Barcelona.<\/p>\n<div id=\"polls-74\" class=\"wp-polls\">\n\t<form id=\"polls_form_74\" class=\"wp-polls-form\" action=\"\/index.php\" method=\"post\">\n\t\t<p style=\"display: none;\"><input type=\"hidden\" id=\"poll_74_nonce\" name=\"wp-polls-nonce\" value=\"408283aa98\" \/><\/p>\n\t\t<p style=\"display: none;\"><input type=\"hidden\" name=\"poll_id\" value=\"74\" \/><\/p>\n\t\t<p style=\"text-align: center\"><strong>El divendres, 9 d'octubre, el rei Felip VI estar\u00e0 a Barcelona. Est\u00e0s d'acord que el rei vingui a Catalunya?<\/strong><\/p><div id=\"polls-74-ans\" class=\"wp-polls-ans\"><ul class=\"wp-polls-ul\">\n\t\t<li><input type=\"radio\" id=\"poll-answer-162\" name=\"poll_74\" value=\"162\" \/> <label for=\"poll-answer-162\">Si<\/label><\/li>\n\t\t<li><input type=\"radio\" id=\"poll-answer-163\" name=\"poll_74\" value=\"163\" \/> <label for=\"poll-answer-163\">No<\/label><\/li>\n\t\t<\/ul><p style=\"text-align: center\"><input type=\"button\" name=\"vote\" value=\"   Vota   \" class=\"Buttons\" onclick=\"poll_vote(74);\" \/><\/p><p style=\"text-align: center\"><a href=\"#ViewPollResults\" onclick=\"poll_result(74); return false;\" title=\"View Results Of This Poll\">Mira els resultats<\/a><\/p><\/div>\n\t<\/form>\n<\/div>\n<div id=\"polls-74-loading\" class=\"wp-polls-loading\"><img decoding=\"async\" data-src=\"https:\/\/conversesacatalunya.cat\/wp-content\/plugins\/wp-polls\/images\/loading.gif\" width=\"16\" height=\"16\" alt=\"Cargando ...\" title=\"Cargando ...\" class=\"wp-polls-image lazyload\" src=\"data:image\/svg+xml;base64,PHN2ZyB3aWR0aD0iMSIgaGVpZ2h0PSIxIiB4bWxucz0iaHR0cDovL3d3dy53My5vcmcvMjAwMC9zdmciPjwvc3ZnPg==\" style=\"--smush-placeholder-width: 16px; --smush-placeholder-aspect-ratio: 16\/16;\" \/>&nbsp;Cargando ...<\/div>\n\n","protected":false},"excerpt":{"rendered":"<p>Es sorprendente que la segunda ciudad del estado, que dispone adem\u00e1s de una amplia autonom\u00eda municipal, y que est\u00e1 gobernada por la misma coalici\u00f3n que la del gobierno espa\u00f1ol, no tenga una relaci\u00f3n y coordinaci\u00f3n m\u00e1s fluida con esta instancia estatal tan decisiva . Hay una pregunta evidente: \u00bfcu\u00e1ntas veces se ha entrevistado la alcaldesa de Barcelona con el presidente del gobierno; \u00bfcu\u00e1ntas se ha reunido con alg\u00fan ministro con asuntos importantes en Barcelona? La respuesta revelar\u00eda que todo esto es un cap\u00edtulo pr\u00e1cticamente in\u00e9dito. Este bajo nivel de los jefes del gobierno municipal de Barcelona en su proyecci\u00f3n pol\u00edtica explica que se produzcan hechos tan sorprendentes como que el Ministerio de Hacienda subaste 25 lotes del frente mar\u00edtimo de Barcelona por 70 millones de euros. Es decir, todo este \u00e1mbito, tan codiciado como importante para la ciudad, resulta que no es de total concesi\u00f3n municipal, y por tanto toda planificaci\u00f3n urban\u00edstica queda colgada de esta dependencia de Madrid, que ahora se concreta con esta licitaci\u00f3n inesperada. Las asociaciones de vecinos consideran que esta es una gran operaci\u00f3n especulativa que tiene como \u00fanico titular al Ministerio de Hacienda y reclaman que el Ayuntamiento recupere la gesti\u00f3n completa de este espacio y que la articule con el plan litoral y con los proyectos que estaban trabajados de antemano con acuerdos con los vecinos y las entidades. Esta falta de sinton\u00eda resulta inexplicable y se\u00f1ala una debilidad m\u00e1s del gobierno municipal, en este caso para llevar a cabo pol\u00edticas de vuelo en relaci\u00f3n con el gobierno del estado que es lo que Barcelona necesita. Colau y Collboni no se muestran atentos o capaces de conducir con iniciativa los temas de estado que implican Barcelona.<\/p>\n","protected":false},"author":2,"featured_media":41074,"comment_status":"open","ping_status":"open","sticky":false,"template":"","format":"standard","meta":{"_FSMCFIC_featured_image_caption":"","_FSMCFIC_featured_image_nocaption":"","_FSMCFIC_featured_image_hide":"","footnotes":""},"categories":[3787,806],"tags":[948,903],"class_list":["post-41094","post","type-post","status-publish","format-standard","has-post-thumbnail","hentry","category-expedient-barcelona-es","category-punts-claus-del-dia-es","tag-ajuntament-de-barcelona-es","tag-ayuntamiento-de-barcelona"],"yoast_head":"<!-- This site is optimized with the Yoast SEO plugin v26.8 - https:\/\/yoast.com\/product\/yoast-seo-wordpress\/ -->\n<title>Los grandes vac\u00edos del gobierno municipal de Barcelona - Converses a Catalunya<\/title>\n<meta name=\"robots\" content=\"index, follow, max-snippet:-1, max-image-preview:large, max-video-preview:-1\" \/>\n<link rel=\"canonical\" href=\"https:\/\/conversesacatalunya.cat\/es\/es-sorprendente-que-la-segunda-ciudad-del-estado-que-dispone-ademas-de-una-amplia-autonomia-municipal-y-que-esta-gobernada-por-la-misma-coalicion-que-la-del-gobierno-espanol-no-tenga-una-relacion-y\/\" \/>\n<meta property=\"og:locale\" content=\"es_ES\" \/>\n<meta property=\"og:type\" content=\"article\" \/>\n<meta property=\"og:title\" content=\"Los grandes vac\u00edos del gobierno municipal de Barcelona - Converses a Catalunya\" \/>\n<meta property=\"og:description\" content=\"Es sorprendente que la segunda ciudad del estado, que dispone adem\u00e1s de una amplia autonom\u00eda municipal, y que est\u00e1 gobernada por la misma coalici\u00f3n que la del gobierno espa\u00f1ol, no tenga una relaci\u00f3n y coordinaci\u00f3n m\u00e1s fluida con esta instancia estatal tan decisiva . Hay una pregunta evidente: \u00bfcu\u00e1ntas veces se ha entrevistado la alcaldesa de Barcelona con el presidente del gobierno; \u00bfcu\u00e1ntas se ha reunido con alg\u00fan ministro con asuntos importantes en Barcelona? La respuesta revelar\u00eda que todo esto es un cap\u00edtulo pr\u00e1cticamente in\u00e9dito. Este bajo nivel de los jefes del gobierno municipal de Barcelona en su proyecci\u00f3n pol\u00edtica explica que se produzcan hechos tan sorprendentes como que el Ministerio de Hacienda subaste 25 lotes del frente mar\u00edtimo de Barcelona por 70 millones de euros. Es decir, todo este \u00e1mbito, tan codiciado como importante para la ciudad, resulta que no es de total concesi\u00f3n municipal, y por tanto toda planificaci\u00f3n urban\u00edstica queda colgada de esta dependencia de Madrid, que ahora se concreta con esta licitaci\u00f3n inesperada. Las asociaciones de vecinos consideran que esta es una gran operaci\u00f3n especulativa que tiene como \u00fanico titular al Ministerio de Hacienda y reclaman que el Ayuntamiento recupere la gesti\u00f3n completa de este espacio y que la articule con el plan litoral y con los proyectos que estaban trabajados de antemano con acuerdos con los vecinos y las entidades. Esta falta de sinton\u00eda resulta inexplicable y se\u00f1ala una debilidad m\u00e1s del gobierno municipal, en este caso para llevar a cabo pol\u00edticas de vuelo en relaci\u00f3n con el gobierno del estado que es lo que Barcelona necesita. Colau y Collboni no se muestran atentos o capaces de conducir con iniciativa los temas de estado que implican Barcelona.\" \/>\n<meta property=\"og:url\" content=\"https:\/\/conversesacatalunya.cat\/es\/es-sorprendente-que-la-segunda-ciudad-del-estado-que-dispone-ademas-de-una-amplia-autonomia-municipal-y-que-esta-gobernada-por-la-misma-coalicion-que-la-del-gobierno-espanol-no-tenga-una-relacion-y\/\" \/>\n<meta property=\"og:site_name\" content=\"Converses a Catalunya\" \/>\n<meta property=\"article:published_time\" content=\"2020-10-12T06:38:44+00:00\" \/>\n<meta property=\"og:image\" content=\"https:\/\/conversesacatalunya.cat\/wp-content\/uploads\/2020\/10\/front-maritim.jpg\" \/>\n\t<meta property=\"og:image:width\" content=\"975\" \/>\n\t<meta property=\"og:image:height\" content=\"558\" \/>\n\t<meta property=\"og:image:type\" content=\"image\/jpeg\" \/>\n<meta name=\"author\" content=\"conversesacatalunya\" \/>\n<meta name=\"twitter:card\" content=\"summary_large_image\" \/>\n<meta name=\"twitter:label1\" content=\"Escrito por\" \/>\n\t<meta name=\"twitter:data1\" content=\"conversesacatalunya\" \/>\n\t<meta name=\"twitter:label2\" content=\"Tiempo de lectura\" \/>\n\t<meta name=\"twitter:data2\" content=\"2 minutos\" \/>\n<script type=\"application\/ld+json\" class=\"yoast-schema-graph\">{\"@context\":\"https:\/\/schema.org\",\"@graph\":[{\"@type\":\"Article\",\"@id\":\"https:\/\/conversesacatalunya.cat\/es\/es-sorprendente-que-la-segunda-ciudad-del-estado-que-dispone-ademas-de-una-amplia-autonomia-municipal-y-que-esta-gobernada-por-la-misma-coalicion-que-la-del-gobierno-espanol-no-tenga-una-relacion-y\/#article\",\"isPartOf\":{\"@id\":\"https:\/\/conversesacatalunya.cat\/es\/es-sorprendente-que-la-segunda-ciudad-del-estado-que-dispone-ademas-de-una-amplia-autonomia-municipal-y-que-esta-gobernada-por-la-misma-coalicion-que-la-del-gobierno-espanol-no-tenga-una-relacion-y\/\"},\"author\":{\"name\":\"conversesacatalunya\",\"@id\":\"https:\/\/conversesacatalunya.cat\/#\/schema\/person\/7e24d1e54a2785373ddcb275eae5ed99\"},\"headline\":\"Los grandes vac\u00edos del gobierno municipal de Barcelona\",\"datePublished\":\"2020-10-12T06:38:44+00:00\",\"mainEntityOfPage\":{\"@id\":\"https:\/\/conversesacatalunya.cat\/es\/es-sorprendente-que-la-segunda-ciudad-del-estado-que-dispone-ademas-de-una-amplia-autonomia-municipal-y-que-esta-gobernada-por-la-misma-coalicion-que-la-del-gobierno-espanol-no-tenga-una-relacion-y\/\"},\"wordCount\":318,\"commentCount\":0,\"image\":{\"@id\":\"https:\/\/conversesacatalunya.cat\/es\/es-sorprendente-que-la-segunda-ciudad-del-estado-que-dispone-ademas-de-una-amplia-autonomia-municipal-y-que-esta-gobernada-por-la-misma-coalicion-que-la-del-gobierno-espanol-no-tenga-una-relacion-y\/#primaryimage\"},\"thumbnailUrl\":\"https:\/\/conversesacatalunya.cat\/wp-content\/uploads\/2020\/10\/front-maritim.jpg\",\"keywords\":[\"Ajuntament de Barcelona\",\"Ayuntamiento de Barcelona\"],\"articleSection\":[\"Expedient Barcelona (ES)\",\"Punts clau del dia (ES)\"],\"inLanguage\":\"es\",\"potentialAction\":[{\"@type\":\"CommentAction\",\"name\":\"Comment\",\"target\":[\"https:\/\/conversesacatalunya.cat\/es\/es-sorprendente-que-la-segunda-ciudad-del-estado-que-dispone-ademas-de-una-amplia-autonomia-municipal-y-que-esta-gobernada-por-la-misma-coalicion-que-la-del-gobierno-espanol-no-tenga-una-relacion-y\/#respond\"]}]},{\"@type\":\"WebPage\",\"@id\":\"https:\/\/conversesacatalunya.cat\/es\/es-sorprendente-que-la-segunda-ciudad-del-estado-que-dispone-ademas-de-una-amplia-autonomia-municipal-y-que-esta-gobernada-por-la-misma-coalicion-que-la-del-gobierno-espanol-no-tenga-una-relacion-y\/\",\"url\":\"https:\/\/conversesacatalunya.cat\/es\/es-sorprendente-que-la-segunda-ciudad-del-estado-que-dispone-ademas-de-una-amplia-autonomia-municipal-y-que-esta-gobernada-por-la-misma-coalicion-que-la-del-gobierno-espanol-no-tenga-una-relacion-y\/\",\"name\":\"Los grandes vac\u00edos del gobierno municipal de Barcelona - Converses a Catalunya\",\"isPartOf\":{\"@id\":\"https:\/\/conversesacatalunya.cat\/#website\"},\"primaryImageOfPage\":{\"@id\":\"https:\/\/conversesacatalunya.cat\/es\/es-sorprendente-que-la-segunda-ciudad-del-estado-que-dispone-ademas-de-una-amplia-autonomia-municipal-y-que-esta-gobernada-por-la-misma-coalicion-que-la-del-gobierno-espanol-no-tenga-una-relacion-y\/#primaryimage\"},\"image\":{\"@id\":\"https:\/\/conversesacatalunya.cat\/es\/es-sorprendente-que-la-segunda-ciudad-del-estado-que-dispone-ademas-de-una-amplia-autonomia-municipal-y-que-esta-gobernada-por-la-misma-coalicion-que-la-del-gobierno-espanol-no-tenga-una-relacion-y\/#primaryimage\"},\"thumbnailUrl\":\"https:\/\/conversesacatalunya.cat\/wp-content\/uploads\/2020\/10\/front-maritim.jpg\",\"datePublished\":\"2020-10-12T06:38:44+00:00\",\"author\":{\"@id\":\"https:\/\/conversesacatalunya.cat\/#\/schema\/person\/7e24d1e54a2785373ddcb275eae5ed99\"},\"breadcrumb\":{\"@id\":\"https:\/\/conversesacatalunya.cat\/es\/es-sorprendente-que-la-segunda-ciudad-del-estado-que-dispone-ademas-de-una-amplia-autonomia-municipal-y-que-esta-gobernada-por-la-misma-coalicion-que-la-del-gobierno-espanol-no-tenga-una-relacion-y\/#breadcrumb\"},\"inLanguage\":\"es\",\"potentialAction\":[{\"@type\":\"ReadAction\",\"target\":[\"https:\/\/conversesacatalunya.cat\/es\/es-sorprendente-que-la-segunda-ciudad-del-estado-que-dispone-ademas-de-una-amplia-autonomia-municipal-y-que-esta-gobernada-por-la-misma-coalicion-que-la-del-gobierno-espanol-no-tenga-una-relacion-y\/\"]}]},{\"@type\":\"ImageObject\",\"inLanguage\":\"es\",\"@id\":\"https:\/\/conversesacatalunya.cat\/es\/es-sorprendente-que-la-segunda-ciudad-del-estado-que-dispone-ademas-de-una-amplia-autonomia-municipal-y-que-esta-gobernada-por-la-misma-coalicion-que-la-del-gobierno-espanol-no-tenga-una-relacion-y\/#primaryimage\",\"url\":\"https:\/\/conversesacatalunya.cat\/wp-content\/uploads\/2020\/10\/front-maritim.jpg\",\"contentUrl\":\"https:\/\/conversesacatalunya.cat\/wp-content\/uploads\/2020\/10\/front-maritim.jpg\",\"width\":975,\"height\":558,\"caption\":\"govern municipal barcelona\"},{\"@type\":\"BreadcrumbList\",\"@id\":\"https:\/\/conversesacatalunya.cat\/es\/es-sorprendente-que-la-segunda-ciudad-del-estado-que-dispone-ademas-de-una-amplia-autonomia-municipal-y-que-esta-gobernada-por-la-misma-coalicion-que-la-del-gobierno-espanol-no-tenga-una-relacion-y\/#breadcrumb\",\"itemListElement\":[{\"@type\":\"ListItem\",\"position\":1,\"name\":\"Inici\",\"item\":\"https:\/\/conversesacatalunya.cat\/es\/\"},{\"@type\":\"ListItem\",\"position\":2,\"name\":\"Los grandes vac\u00edos del gobierno municipal de Barcelona\"}]},{\"@type\":\"WebSite\",\"@id\":\"https:\/\/conversesacatalunya.cat\/#website\",\"url\":\"https:\/\/conversesacatalunya.cat\/\",\"name\":\"Converses a Catalunya\",\"description\":\"\",\"potentialAction\":[{\"@type\":\"SearchAction\",\"target\":{\"@type\":\"EntryPoint\",\"urlTemplate\":\"https:\/\/conversesacatalunya.cat\/?s={search_term_string}\"},\"query-input\":{\"@type\":\"PropertyValueSpecification\",\"valueRequired\":true,\"valueName\":\"search_term_string\"}}],\"inLanguage\":\"es\"},{\"@type\":\"Person\",\"@id\":\"https:\/\/conversesacatalunya.cat\/#\/schema\/person\/7e24d1e54a2785373ddcb275eae5ed99\",\"name\":\"conversesacatalunya\",\"image\":{\"@type\":\"ImageObject\",\"inLanguage\":\"es\",\"@id\":\"https:\/\/conversesacatalunya.cat\/#\/schema\/person\/image\/\",\"url\":\"https:\/\/conversesacatalunya.cat\/wp-content\/litespeed\/avatar\/febdfeeec89d950f01c748045a981dd2.jpg?ver=1777314535\",\"contentUrl\":\"https:\/\/conversesacatalunya.cat\/wp-content\/litespeed\/avatar\/febdfeeec89d950f01c748045a981dd2.jpg?ver=1777314535\",\"caption\":\"conversesacatalunya\"},\"url\":\"https:\/\/conversesacatalunya.cat\/es\/author\/carme_catala\/\"}]}<\/script>\n<!-- \/ Yoast SEO plugin. -->","yoast_head_json":{"title":"Los grandes vac\u00edos del gobierno municipal de Barcelona - Converses a Catalunya","robots":{"index":"index","follow":"follow","max-snippet":"max-snippet:-1","max-image-preview":"max-image-preview:large","max-video-preview":"max-video-preview:-1"},"canonical":"https:\/\/conversesacatalunya.cat\/es\/es-sorprendente-que-la-segunda-ciudad-del-estado-que-dispone-ademas-de-una-amplia-autonomia-municipal-y-que-esta-gobernada-por-la-misma-coalicion-que-la-del-gobierno-espanol-no-tenga-una-relacion-y\/","og_locale":"es_ES","og_type":"article","og_title":"Los grandes vac\u00edos del gobierno municipal de Barcelona - Converses a Catalunya","og_description":"Es sorprendente que la segunda ciudad del estado, que dispone adem\u00e1s de una amplia autonom\u00eda municipal, y que est\u00e1 gobernada por la misma coalici\u00f3n que la del gobierno espa\u00f1ol, no tenga una relaci\u00f3n y coordinaci\u00f3n m\u00e1s fluida con esta instancia estatal tan decisiva . Hay una pregunta evidente: \u00bfcu\u00e1ntas veces se ha entrevistado la alcaldesa de Barcelona con el presidente del gobierno; \u00bfcu\u00e1ntas se ha reunido con alg\u00fan ministro con asuntos importantes en Barcelona? La respuesta revelar\u00eda que todo esto es un cap\u00edtulo pr\u00e1cticamente in\u00e9dito. Este bajo nivel de los jefes del gobierno municipal de Barcelona en su proyecci\u00f3n pol\u00edtica explica que se produzcan hechos tan sorprendentes como que el Ministerio de Hacienda subaste 25 lotes del frente mar\u00edtimo de Barcelona por 70 millones de euros. Es decir, todo este \u00e1mbito, tan codiciado como importante para la ciudad, resulta que no es de total concesi\u00f3n municipal, y por tanto toda planificaci\u00f3n urban\u00edstica queda colgada de esta dependencia de Madrid, que ahora se concreta con esta licitaci\u00f3n inesperada. Las asociaciones de vecinos consideran que esta es una gran operaci\u00f3n especulativa que tiene como \u00fanico titular al Ministerio de Hacienda y reclaman que el Ayuntamiento recupere la gesti\u00f3n completa de este espacio y que la articule con el plan litoral y con los proyectos que estaban trabajados de antemano con acuerdos con los vecinos y las entidades. Esta falta de sinton\u00eda resulta inexplicable y se\u00f1ala una debilidad m\u00e1s del gobierno municipal, en este caso para llevar a cabo pol\u00edticas de vuelo en relaci\u00f3n con el gobierno del estado que es lo que Barcelona necesita. Colau y Collboni no se muestran atentos o capaces de conducir con iniciativa los temas de estado que implican Barcelona.","og_url":"https:\/\/conversesacatalunya.cat\/es\/es-sorprendente-que-la-segunda-ciudad-del-estado-que-dispone-ademas-de-una-amplia-autonomia-municipal-y-que-esta-gobernada-por-la-misma-coalicion-que-la-del-gobierno-espanol-no-tenga-una-relacion-y\/","og_site_name":"Converses a Catalunya","article_published_time":"2020-10-12T06:38:44+00:00","og_image":[{"width":975,"height":558,"url":"https:\/\/conversesacatalunya.cat\/wp-content\/uploads\/2020\/10\/front-maritim.jpg","type":"image\/jpeg"}],"author":"conversesacatalunya","twitter_card":"summary_large_image","twitter_misc":{"Escrito por":"conversesacatalunya","Tiempo de lectura":"2 minutos"},"schema":{"@context":"https:\/\/schema.org","@graph":[{"@type":"Article","@id":"https:\/\/conversesacatalunya.cat\/es\/es-sorprendente-que-la-segunda-ciudad-del-estado-que-dispone-ademas-de-una-amplia-autonomia-municipal-y-que-esta-gobernada-por-la-misma-coalicion-que-la-del-gobierno-espanol-no-tenga-una-relacion-y\/#article","isPartOf":{"@id":"https:\/\/conversesacatalunya.cat\/es\/es-sorprendente-que-la-segunda-ciudad-del-estado-que-dispone-ademas-de-una-amplia-autonomia-municipal-y-que-esta-gobernada-por-la-misma-coalicion-que-la-del-gobierno-espanol-no-tenga-una-relacion-y\/"},"author":{"name":"conversesacatalunya","@id":"https:\/\/conversesacatalunya.cat\/#\/schema\/person\/7e24d1e54a2785373ddcb275eae5ed99"},"headline":"Los grandes vac\u00edos del gobierno municipal de Barcelona","datePublished":"2020-10-12T06:38:44+00:00","mainEntityOfPage":{"@id":"https:\/\/conversesacatalunya.cat\/es\/es-sorprendente-que-la-segunda-ciudad-del-estado-que-dispone-ademas-de-una-amplia-autonomia-municipal-y-que-esta-gobernada-por-la-misma-coalicion-que-la-del-gobierno-espanol-no-tenga-una-relacion-y\/"},"wordCount":318,"commentCount":0,"image":{"@id":"https:\/\/conversesacatalunya.cat\/es\/es-sorprendente-que-la-segunda-ciudad-del-estado-que-dispone-ademas-de-una-amplia-autonomia-municipal-y-que-esta-gobernada-por-la-misma-coalicion-que-la-del-gobierno-espanol-no-tenga-una-relacion-y\/#primaryimage"},"thumbnailUrl":"https:\/\/conversesacatalunya.cat\/wp-content\/uploads\/2020\/10\/front-maritim.jpg","keywords":["Ajuntament de Barcelona","Ayuntamiento de Barcelona"],"articleSection":["Expedient Barcelona (ES)","Punts clau del dia (ES)"],"inLanguage":"es","potentialAction":[{"@type":"CommentAction","name":"Comment","target":["https:\/\/conversesacatalunya.cat\/es\/es-sorprendente-que-la-segunda-ciudad-del-estado-que-dispone-ademas-de-una-amplia-autonomia-municipal-y-que-esta-gobernada-por-la-misma-coalicion-que-la-del-gobierno-espanol-no-tenga-una-relacion-y\/#respond"]}]},{"@type":"WebPage","@id":"https:\/\/conversesacatalunya.cat\/es\/es-sorprendente-que-la-segunda-ciudad-del-estado-que-dispone-ademas-de-una-amplia-autonomia-municipal-y-que-esta-gobernada-por-la-misma-coalicion-que-la-del-gobierno-espanol-no-tenga-una-relacion-y\/","url":"https:\/\/conversesacatalunya.cat\/es\/es-sorprendente-que-la-segunda-ciudad-del-estado-que-dispone-ademas-de-una-amplia-autonomia-municipal-y-que-esta-gobernada-por-la-misma-coalicion-que-la-del-gobierno-espanol-no-tenga-una-relacion-y\/","name":"Los grandes vac\u00edos del gobierno municipal de Barcelona - Converses a Catalunya","isPartOf":{"@id":"https:\/\/conversesacatalunya.cat\/#website"},"primaryImageOfPage":{"@id":"https:\/\/conversesacatalunya.cat\/es\/es-sorprendente-que-la-segunda-ciudad-del-estado-que-dispone-ademas-de-una-amplia-autonomia-municipal-y-que-esta-gobernada-por-la-misma-coalicion-que-la-del-gobierno-espanol-no-tenga-una-relacion-y\/#primaryimage"},"image":{"@id":"https:\/\/conversesacatalunya.cat\/es\/es-sorprendente-que-la-segunda-ciudad-del-estado-que-dispone-ademas-de-una-amplia-autonomia-municipal-y-que-esta-gobernada-por-la-misma-coalicion-que-la-del-gobierno-espanol-no-tenga-una-relacion-y\/#primaryimage"},"thumbnailUrl":"https:\/\/conversesacatalunya.cat\/wp-content\/uploads\/2020\/10\/front-maritim.jpg","datePublished":"2020-10-12T06:38:44+00:00","author":{"@id":"https:\/\/conversesacatalunya.cat\/#\/schema\/person\/7e24d1e54a2785373ddcb275eae5ed99"},"breadcrumb":{"@id":"https:\/\/conversesacatalunya.cat\/es\/es-sorprendente-que-la-segunda-ciudad-del-estado-que-dispone-ademas-de-una-amplia-autonomia-municipal-y-que-esta-gobernada-por-la-misma-coalicion-que-la-del-gobierno-espanol-no-tenga-una-relacion-y\/#breadcrumb"},"inLanguage":"es","potentialAction":[{"@type":"ReadAction","target":["https:\/\/conversesacatalunya.cat\/es\/es-sorprendente-que-la-segunda-ciudad-del-estado-que-dispone-ademas-de-una-amplia-autonomia-municipal-y-que-esta-gobernada-por-la-misma-coalicion-que-la-del-gobierno-espanol-no-tenga-una-relacion-y\/"]}]},{"@type":"ImageObject","inLanguage":"es","@id":"https:\/\/conversesacatalunya.cat\/es\/es-sorprendente-que-la-segunda-ciudad-del-estado-que-dispone-ademas-de-una-amplia-autonomia-municipal-y-que-esta-gobernada-por-la-misma-coalicion-que-la-del-gobierno-espanol-no-tenga-una-relacion-y\/#primaryimage","url":"https:\/\/conversesacatalunya.cat\/wp-content\/uploads\/2020\/10\/front-maritim.jpg","contentUrl":"https:\/\/conversesacatalunya.cat\/wp-content\/uploads\/2020\/10\/front-maritim.jpg","width":975,"height":558,"caption":"govern municipal barcelona"},{"@type":"BreadcrumbList","@id":"https:\/\/conversesacatalunya.cat\/es\/es-sorprendente-que-la-segunda-ciudad-del-estado-que-dispone-ademas-de-una-amplia-autonomia-municipal-y-que-esta-gobernada-por-la-misma-coalicion-que-la-del-gobierno-espanol-no-tenga-una-relacion-y\/#breadcrumb","itemListElement":[{"@type":"ListItem","position":1,"name":"Inici","item":"https:\/\/conversesacatalunya.cat\/es\/"},{"@type":"ListItem","position":2,"name":"Los grandes vac\u00edos del gobierno municipal de Barcelona"}]},{"@type":"WebSite","@id":"https:\/\/conversesacatalunya.cat\/#website","url":"https:\/\/conversesacatalunya.cat\/","name":"Converses a Catalunya","description":"","potentialAction":[{"@type":"SearchAction","target":{"@type":"EntryPoint","urlTemplate":"https:\/\/conversesacatalunya.cat\/?s={search_term_string}"},"query-input":{"@type":"PropertyValueSpecification","valueRequired":true,"valueName":"search_term_string"}}],"inLanguage":"es"},{"@type":"Person","@id":"https:\/\/conversesacatalunya.cat\/#\/schema\/person\/7e24d1e54a2785373ddcb275eae5ed99","name":"conversesacatalunya","image":{"@type":"ImageObject","inLanguage":"es","@id":"https:\/\/conversesacatalunya.cat\/#\/schema\/person\/image\/","url":"https:\/\/conversesacatalunya.cat\/wp-content\/litespeed\/avatar\/febdfeeec89d950f01c748045a981dd2.jpg?ver=1777314535","contentUrl":"https:\/\/conversesacatalunya.cat\/wp-content\/litespeed\/avatar\/febdfeeec89d950f01c748045a981dd2.jpg?ver=1777314535","caption":"conversesacatalunya"},"url":"https:\/\/conversesacatalunya.cat\/es\/author\/carme_catala\/"}]}},"wps_subtitle":"","_links":{"self":[{"href":"https:\/\/conversesacatalunya.cat\/es\/wp-json\/wp\/v2\/posts\/41094","targetHints":{"allow":["GET"]}}],"collection":[{"href":"https:\/\/conversesacatalunya.cat\/es\/wp-json\/wp\/v2\/posts"}],"about":[{"href":"https:\/\/conversesacatalunya.cat\/es\/wp-json\/wp\/v2\/types\/post"}],"author":[{"embeddable":true,"href":"https:\/\/conversesacatalunya.cat\/es\/wp-json\/wp\/v2\/users\/2"}],"replies":[{"embeddable":true,"href":"https:\/\/conversesacatalunya.cat\/es\/wp-json\/wp\/v2\/comments?post=41094"}],"version-history":[{"count":2,"href":"https:\/\/conversesacatalunya.cat\/es\/wp-json\/wp\/v2\/posts\/41094\/revisions"}],"predecessor-version":[{"id":41096,"href":"https:\/\/conversesacatalunya.cat\/es\/wp-json\/wp\/v2\/posts\/41094\/revisions\/41096"}],"wp:featuredmedia":[{"embeddable":true,"href":"https:\/\/conversesacatalunya.cat\/es\/wp-json\/wp\/v2\/media\/41074"}],"wp:attachment":[{"href":"https:\/\/conversesacatalunya.cat\/es\/wp-json\/wp\/v2\/media?parent=41094"}],"wp:term":[{"taxonomy":"category","embeddable":true,"href":"https:\/\/conversesacatalunya.cat\/es\/wp-json\/wp\/v2\/categories?post=41094"},{"taxonomy":"post_tag","embeddable":true,"href":"https:\/\/conversesacatalunya.cat\/es\/wp-json\/wp\/v2\/tags?post=41094"}],"curies":[{"name":"wp","href":"https:\/\/api.w.org\/{rel}","templated":true}]}}