{"id":41087,"date":"2020-10-09T09:00:43","date_gmt":"2020-10-09T07:00:43","guid":{"rendered":"https:\/\/conversesacatalunya.cat\/recuperacio-economica-sense-ocupacio\/"},"modified":"2020-10-09T13:22:39","modified_gmt":"2020-10-09T11:22:39","slug":"hacia-una-recuperacion-economica-sin-recuperacion-de-empleo","status":"publish","type":"post","link":"https:\/\/conversesacatalunya.cat\/es\/hacia-una-recuperacion-economica-sin-recuperacion-de-empleo\/","title":{"rendered":"\u00bfHac\u00eda una recuperaci\u00f3n econ\u00f3mica sin recuperaci\u00f3n de empleo?"},"content":{"rendered":"<p>Durante los \u00faltimos 20 a\u00f1os se ha producido una aceleraci\u00f3n de una tendencia econ\u00f3mica important\u00edsima: <strong>la transici\u00f3n de una econom\u00eda basada en bienes tangibles o materiales hacia otra principalmente fundamentada en los bienes intangibles o inmateriales.<\/strong><\/p>\n<p>Esto significa que las empresas que han crecido y siguen creciendo m\u00e1s, tambi\u00e9n que aumentan sus beneficios, son aquellas que reposan sobre valores inmateriales, como investigaci\u00f3n y desarrollo, marcas, contenido, datos, patentes y capital humano.<\/p>\n<p>En cambio, aquellas empresas que centran su actividad en los bienes materiales, como f\u00e1bricas, maquinaria o fuerza humana sucia (por decirlo de alguna forma, trabajadores no especializados y por tanto perfectamente canjeables) han conocido en general un crecimiento mucho m\u00e1s modesto .<\/p>\n<p>El auge de los bienes intangibles se acentu\u00f3 particularmente durante y despu\u00e9s de la crisis financiera de 2008. <strong>Entre 2007 y 2009, la inversi\u00f3n en bienes inmateriales aument\u00f3 un 7,5% respecto a las inversiones totales<\/strong> (bienes inmateriales y materiales combinados).<\/p>\n<p>Ahora, un informe del fondo de inversiones estadounidense Carlyle Group prev\u00e9 que el gasto en bienes intangibles aumente un 11% adicional en los pr\u00f3ximos dos a\u00f1os. Principalmente, a ra\u00edz de la crisis del coronavirus y la generalizaci\u00f3n de las medidas de teletrabajo, aunque parciales.<\/p>\n<p>\u00bfQu\u00e9 implica esta tendencia por el mercado de trabajo? Por un lado, que <strong>la recuperaci\u00f3n econ\u00f3mica llegar\u00e1 m\u00e1s r\u00e1pidamente que la recuperaci\u00f3n de los niveles de empleo<\/strong>. Por otro, que dicha recuperaci\u00f3n <strong>favorecer\u00e1 (a\u00fan m\u00e1s) a los trabajadores altamente cualificados<\/strong>, un grupo que no para de reducirse proporcionalmente a la poblaci\u00f3n activa. En efecto, son los trabajadores altamente cualificados los que contribuyen al valor intangible de una empresa.<\/p>\n<p>Seg\u00fan el informe de Carlyle, \u00abel retorno al pleno empleo en Estados Unidos podr\u00eda situarse mucho m\u00e1s all\u00e1 de la recuperaci\u00f3n [del PIB] a finales del 2021 o 2022\u00bb. Es decir, que Estados Unidos tardar\u00e1 unos 12 meses en recuperar el PIB que ten\u00eda antes la pandemia de Covid. Pero no recuperar\u00e1n los niveles de empleo pre-Covid hasta bien despu\u00e9s.<\/p>\n<p>Si esto es lo que se prev\u00e9 en Estados Unidos, <strong>\u00bfqu\u00e9 pasar\u00e1 en Espa\u00f1a, que tiene un paro estructuralmente mucho m\u00e1s elevado que el norteamericano?<\/strong> Con el sector del turismo hundido, as\u00ed como muchos otros relacionados como los comercios o la restauraci\u00f3n, Espa\u00f1a tiene una econom\u00eda desproporcionalmente dependiente de bienes tangibles (hoteles, restaurantes, tiendas, etc.).<\/p>\n<p>Esto significa que <strong>la recuperaci\u00f3n econ\u00f3mica ser\u00e1 mucho m\u00e1s dura y el paro afectar\u00e1 a una masa de trabajadores mucho mayor<\/strong> que en Estados Unidos u otros pa\u00edses que cuentan con una econom\u00eda verdaderamente diversificada.<\/p>\n<p>En este escenario de \u00abrecuperaci\u00f3n por los bienes intangibles\u00bb, el paro no ser\u00e1 el \u00fanico problema para Espa\u00f1a.<\/p>\n<p>Como el articulista del Financial Times Rana Foroohar apunta, <strong>los inversores tender\u00e1n a invertir m\u00e1s en sectores intensivos en el uso de bienes intangibles<\/strong>, como las tecnol\u00f3gicas, que han demostrado una extraordinaria capacidad a aumentar sus beneficios estos \u00faltimos meses. Asimismo, dejar\u00e1n de lado los sectores m\u00e1s dependientes de los bienes tangibles, como el turismo, que se convierten comparativamente en menos y menos interesantes porque generan menos beneficios.<\/p>\n<p><strong>Las empresas intentar\u00e1n maximizar las inversiones en intangibles para hacerse menos dependientes del trabajo humano (esto es, el trabajo poco cualificado que tiene un gran impacto en costes salariales), <\/strong>parad\u00f3jicamente a trav\u00e9s de la contrataci\u00f3n de personal cada vez m\u00e1s altamente cualificado. Y Espa\u00f1a est\u00e1 particularmente mal situada para hacer frente a esta tendencia.<\/p>\n<div id=\"polls-74\" class=\"wp-polls\">\n\t<form id=\"polls_form_74\" class=\"wp-polls-form\" action=\"\/index.php\" method=\"post\">\n\t\t<p style=\"display: none;\"><input type=\"hidden\" id=\"poll_74_nonce\" name=\"wp-polls-nonce\" value=\"1c3b4bc018\" \/><\/p>\n\t\t<p style=\"display: none;\"><input type=\"hidden\" name=\"poll_id\" value=\"74\" \/><\/p>\n\t\t<p style=\"text-align: center\"><strong>El divendres, 9 d'octubre, el rei Felip VI estar\u00e0 a Barcelona. Est\u00e0s d'acord que el rei vingui a Catalunya?<\/strong><\/p><div id=\"polls-74-ans\" class=\"wp-polls-ans\"><ul class=\"wp-polls-ul\">\n\t\t<li><input type=\"radio\" id=\"poll-answer-162\" name=\"poll_74\" value=\"162\" \/> <label for=\"poll-answer-162\">Si<\/label><\/li>\n\t\t<li><input type=\"radio\" id=\"poll-answer-163\" name=\"poll_74\" value=\"163\" \/> <label for=\"poll-answer-163\">No<\/label><\/li>\n\t\t<\/ul><p style=\"text-align: center\"><input type=\"button\" name=\"vote\" value=\"   Vota   \" class=\"Buttons\" onclick=\"poll_vote(74);\" \/><\/p><p style=\"text-align: center\"><a href=\"#ViewPollResults\" onclick=\"poll_result(74); return false;\" title=\"View Results Of This Poll\">Mira els resultats<\/a><\/p><\/div>\n\t<\/form>\n<\/div>\n<div id=\"polls-74-loading\" class=\"wp-polls-loading\"><img decoding=\"async\" data-src=\"https:\/\/conversesacatalunya.cat\/wp-content\/plugins\/wp-polls\/images\/loading.gif\" width=\"16\" height=\"16\" alt=\"Cargando ...\" title=\"Cargando ...\" class=\"wp-polls-image lazyload\" src=\"data:image\/svg+xml;base64,PHN2ZyB3aWR0aD0iMSIgaGVpZ2h0PSIxIiB4bWxucz0iaHR0cDovL3d3dy53My5vcmcvMjAwMC9zdmciPjwvc3ZnPg==\" style=\"--smush-placeholder-width: 16px; --smush-placeholder-aspect-ratio: 16\/16;\" \/>&nbsp;Cargando ...<\/div>\n\n","protected":false},"excerpt":{"rendered":"<p>Durante los \u00faltimos 20 a\u00f1os se ha producido una aceleraci\u00f3n de una tendencia econ\u00f3mica important\u00edsima: la transici\u00f3n de una econom\u00eda basada en bienes tangibles o materiales hacia otra principalmente fundamentada en los bienes intangibles o inmateriales. Esto significa que las empresas que han crecido y siguen creciendo m\u00e1s, tambi\u00e9n que aumentan sus beneficios, son aquellas que reposan sobre valores inmateriales, como investigaci\u00f3n y desarrollo, marcas, contenido, datos, patentes y capital humano. En cambio, aquellas empresas que centran su actividad en los bienes materiales, como f\u00e1bricas, maquinaria o fuerza humana sucia (por decirlo de alguna forma, trabajadores no especializados y por tanto perfectamente canjeables) han conocido en general un crecimiento mucho m\u00e1s modesto . El auge de los bienes intangibles se acentu\u00f3 particularmente durante y despu\u00e9s de la crisis financiera de 2008. Entre 2007 y 2009, la inversi\u00f3n en bienes inmateriales aument\u00f3 un 7,5% respecto a las inversiones totales (bienes inmateriales y materiales combinados). Ahora, un informe del fondo de inversiones estadounidense Carlyle Group prev\u00e9 que el gasto en bienes intangibles aumente un 11% adicional en los pr\u00f3ximos dos a\u00f1os. Principalmente, a ra\u00edz de la crisis del coronavirus y la generalizaci\u00f3n de las medidas de teletrabajo, aunque parciales. \u00bfQu\u00e9 implica esta tendencia por el mercado de trabajo? Por un lado, que la recuperaci\u00f3n econ\u00f3mica llegar\u00e1 m\u00e1s r\u00e1pidamente que la recuperaci\u00f3n de los niveles de empleo. Por otro, que dicha recuperaci\u00f3n favorecer\u00e1 (a\u00fan m\u00e1s) a los trabajadores altamente cualificados, un grupo que no para de reducirse proporcionalmente a la poblaci\u00f3n activa. En efecto, son los trabajadores altamente cualificados los que contribuyen al valor intangible de una empresa. Seg\u00fan el informe de Carlyle, \u00abel retorno al pleno empleo en Estados Unidos podr\u00eda situarse mucho m\u00e1s all\u00e1 de la recuperaci\u00f3n [del PIB] a finales del 2021 o 2022\u00bb. Es decir, que Estados Unidos tardar\u00e1 unos 12 meses en recuperar el PIB que ten\u00eda antes la pandemia de Covid. Pero no recuperar\u00e1n los niveles de empleo pre-Covid hasta bien despu\u00e9s. Si esto es lo que se prev\u00e9 en Estados Unidos, \u00bfqu\u00e9 pasar\u00e1 en Espa\u00f1a, que tiene un paro estructuralmente mucho m\u00e1s elevado que el norteamericano? Con el sector del turismo hundido, as\u00ed como muchos otros relacionados como los comercios o la restauraci\u00f3n, Espa\u00f1a tiene una econom\u00eda desproporcionalmente dependiente de bienes tangibles (hoteles, restaurantes, tiendas, etc.). Esto significa que la recuperaci\u00f3n econ\u00f3mica ser\u00e1 mucho m\u00e1s dura y el paro afectar\u00e1 a una masa de trabajadores mucho mayor que en Estados Unidos u otros pa\u00edses que cuentan con una econom\u00eda verdaderamente diversificada. En este escenario de \u00abrecuperaci\u00f3n por los bienes intangibles\u00bb, el paro no ser\u00e1 el \u00fanico problema para Espa\u00f1a. Como el articulista del Financial Times Rana Foroohar apunta, los inversores tender\u00e1n a invertir m\u00e1s en sectores intensivos en el uso de bienes intangibles, como las tecnol\u00f3gicas, que han demostrado una extraordinaria capacidad a aumentar sus beneficios estos \u00faltimos meses. Asimismo, dejar\u00e1n de lado los sectores m\u00e1s dependientes de los bienes tangibles, como el turismo, que se convierten comparativamente en menos y menos interesantes porque generan menos beneficios. Las empresas intentar\u00e1n maximizar las inversiones en intangibles para hacerse menos dependientes del trabajo humano (esto es, el trabajo poco cualificado que tiene un gran impacto en costes salariales), parad\u00f3jicamente a trav\u00e9s de la contrataci\u00f3n de personal cada vez m\u00e1s altamente cualificado. Y Espa\u00f1a est\u00e1 particularmente mal situada para hacer frente a esta tendencia.<\/p>\n","protected":false},"author":67,"featured_media":41011,"comment_status":"open","ping_status":"open","sticky":false,"template":"","format":"standard","meta":{"_FSMCFIC_featured_image_caption":"","_FSMCFIC_featured_image_nocaption":"","_FSMCFIC_featured_image_hide":"","footnotes":""},"categories":[806],"tags":[3006,831,3100],"class_list":["post-41087","post","type-post","status-publish","format-standard","has-post-thumbnail","hentry","category-punts-claus-del-dia-es","tag-crisis-coronavirus","tag-economia-es","tag-recuperacion-economica"],"yoast_head":"<!-- This site is optimized with the Yoast SEO plugin v26.8 - https:\/\/yoast.com\/product\/yoast-seo-wordpress\/ -->\n<title>\u00bfHac\u00eda una recuperaci\u00f3n econ\u00f3mica sin recuperaci\u00f3n de empleo? - Converses a Catalunya<\/title>\n<meta name=\"description\" content=\"Se prev\u00e9 que la recuperaci\u00f3n econ\u00f3mica llegar\u00e1 mucho m\u00e1s r\u00e1pido que la recuperaci\u00f3n de empleo. \u00bfLa causa?\" \/>\n<meta name=\"robots\" content=\"index, follow, max-snippet:-1, max-image-preview:large, max-video-preview:-1\" \/>\n<link rel=\"canonical\" href=\"https:\/\/conversesacatalunya.cat\/es\/hacia-una-recuperacion-economica-sin-recuperacion-de-empleo\/\" \/>\n<meta property=\"og:locale\" content=\"es_ES\" \/>\n<meta property=\"og:type\" content=\"article\" \/>\n<meta property=\"og:title\" content=\"\u00bfHac\u00eda una recuperaci\u00f3n econ\u00f3mica sin recuperaci\u00f3n de empleo? - Converses a Catalunya\" \/>\n<meta property=\"og:description\" content=\"Se prev\u00e9 que la recuperaci\u00f3n econ\u00f3mica llegar\u00e1 mucho m\u00e1s r\u00e1pido que la recuperaci\u00f3n de empleo. \u00bfLa causa?\" \/>\n<meta property=\"og:url\" content=\"https:\/\/conversesacatalunya.cat\/es\/hacia-una-recuperacion-economica-sin-recuperacion-de-empleo\/\" \/>\n<meta property=\"og:site_name\" content=\"Converses a Catalunya\" \/>\n<meta property=\"article:published_time\" content=\"2020-10-09T07:00:43+00:00\" \/>\n<meta property=\"article:modified_time\" content=\"2020-10-09T11:22:39+00:00\" \/>\n<meta property=\"og:image\" content=\"https:\/\/conversesacatalunya.cat\/wp-content\/uploads\/2020\/10\/work-731198_640.jpg\" \/>\n\t<meta property=\"og:image:width\" content=\"640\" \/>\n\t<meta property=\"og:image:height\" content=\"426\" \/>\n\t<meta property=\"og:image:type\" content=\"image\/jpeg\" \/>\n<meta name=\"author\" content=\"conversesacatalunya\" \/>\n<meta name=\"twitter:card\" content=\"summary_large_image\" \/>\n<meta name=\"twitter:label1\" content=\"Escrito por\" \/>\n\t<meta name=\"twitter:data1\" content=\"conversesacatalunya\" \/>\n\t<meta name=\"twitter:label2\" content=\"Tiempo de lectura\" \/>\n\t<meta name=\"twitter:data2\" content=\"3 minutos\" \/>\n<script type=\"application\/ld+json\" class=\"yoast-schema-graph\">{\"@context\":\"https:\/\/schema.org\",\"@graph\":[{\"@type\":\"Article\",\"@id\":\"https:\/\/conversesacatalunya.cat\/es\/hacia-una-recuperacion-economica-sin-recuperacion-de-empleo\/#article\",\"isPartOf\":{\"@id\":\"https:\/\/conversesacatalunya.cat\/es\/hacia-una-recuperacion-economica-sin-recuperacion-de-empleo\/\"},\"author\":{\"name\":\"conversesacatalunya\",\"@id\":\"https:\/\/conversesacatalunya.cat\/#\/schema\/person\/c5a8ffe796b1512764aeb6d6d6fa0fc7\"},\"headline\":\"\u00bfHac\u00eda una recuperaci\u00f3n econ\u00f3mica sin recuperaci\u00f3n de empleo?\",\"datePublished\":\"2020-10-09T07:00:43+00:00\",\"dateModified\":\"2020-10-09T11:22:39+00:00\",\"mainEntityOfPage\":{\"@id\":\"https:\/\/conversesacatalunya.cat\/es\/hacia-una-recuperacion-economica-sin-recuperacion-de-empleo\/\"},\"wordCount\":615,\"commentCount\":0,\"image\":{\"@id\":\"https:\/\/conversesacatalunya.cat\/es\/hacia-una-recuperacion-economica-sin-recuperacion-de-empleo\/#primaryimage\"},\"thumbnailUrl\":\"https:\/\/conversesacatalunya.cat\/wp-content\/uploads\/2020\/10\/work-731198_640.jpg\",\"keywords\":[\"crisis coronavirus\",\"Economia\",\"recuperaci\u00f3n econ\u00f3mica\"],\"articleSection\":[\"Punts clau del dia (ES)\"],\"inLanguage\":\"es\",\"potentialAction\":[{\"@type\":\"CommentAction\",\"name\":\"Comment\",\"target\":[\"https:\/\/conversesacatalunya.cat\/es\/hacia-una-recuperacion-economica-sin-recuperacion-de-empleo\/#respond\"]}]},{\"@type\":\"WebPage\",\"@id\":\"https:\/\/conversesacatalunya.cat\/es\/hacia-una-recuperacion-economica-sin-recuperacion-de-empleo\/\",\"url\":\"https:\/\/conversesacatalunya.cat\/es\/hacia-una-recuperacion-economica-sin-recuperacion-de-empleo\/\",\"name\":\"\u00bfHac\u00eda una recuperaci\u00f3n econ\u00f3mica sin recuperaci\u00f3n de empleo? - Converses a Catalunya\",\"isPartOf\":{\"@id\":\"https:\/\/conversesacatalunya.cat\/#website\"},\"primaryImageOfPage\":{\"@id\":\"https:\/\/conversesacatalunya.cat\/es\/hacia-una-recuperacion-economica-sin-recuperacion-de-empleo\/#primaryimage\"},\"image\":{\"@id\":\"https:\/\/conversesacatalunya.cat\/es\/hacia-una-recuperacion-economica-sin-recuperacion-de-empleo\/#primaryimage\"},\"thumbnailUrl\":\"https:\/\/conversesacatalunya.cat\/wp-content\/uploads\/2020\/10\/work-731198_640.jpg\",\"datePublished\":\"2020-10-09T07:00:43+00:00\",\"dateModified\":\"2020-10-09T11:22:39+00:00\",\"author\":{\"@id\":\"https:\/\/conversesacatalunya.cat\/#\/schema\/person\/c5a8ffe796b1512764aeb6d6d6fa0fc7\"},\"description\":\"Se prev\u00e9 que la recuperaci\u00f3n econ\u00f3mica llegar\u00e1 mucho m\u00e1s r\u00e1pido que la recuperaci\u00f3n de empleo. \u00bfLa causa?\",\"breadcrumb\":{\"@id\":\"https:\/\/conversesacatalunya.cat\/es\/hacia-una-recuperacion-economica-sin-recuperacion-de-empleo\/#breadcrumb\"},\"inLanguage\":\"es\",\"potentialAction\":[{\"@type\":\"ReadAction\",\"target\":[\"https:\/\/conversesacatalunya.cat\/es\/hacia-una-recuperacion-economica-sin-recuperacion-de-empleo\/\"]}]},{\"@type\":\"ImageObject\",\"inLanguage\":\"es\",\"@id\":\"https:\/\/conversesacatalunya.cat\/es\/hacia-una-recuperacion-economica-sin-recuperacion-de-empleo\/#primaryimage\",\"url\":\"https:\/\/conversesacatalunya.cat\/wp-content\/uploads\/2020\/10\/work-731198_640.jpg\",\"contentUrl\":\"https:\/\/conversesacatalunya.cat\/wp-content\/uploads\/2020\/10\/work-731198_640.jpg\",\"width\":640,\"height\":426},{\"@type\":\"BreadcrumbList\",\"@id\":\"https:\/\/conversesacatalunya.cat\/es\/hacia-una-recuperacion-economica-sin-recuperacion-de-empleo\/#breadcrumb\",\"itemListElement\":[{\"@type\":\"ListItem\",\"position\":1,\"name\":\"Inici\",\"item\":\"https:\/\/conversesacatalunya.cat\/es\/\"},{\"@type\":\"ListItem\",\"position\":2,\"name\":\"\u00bfHac\u00eda una recuperaci\u00f3n econ\u00f3mica sin recuperaci\u00f3n de empleo?\"}]},{\"@type\":\"WebSite\",\"@id\":\"https:\/\/conversesacatalunya.cat\/#website\",\"url\":\"https:\/\/conversesacatalunya.cat\/\",\"name\":\"Converses a Catalunya\",\"description\":\"\",\"potentialAction\":[{\"@type\":\"SearchAction\",\"target\":{\"@type\":\"EntryPoint\",\"urlTemplate\":\"https:\/\/conversesacatalunya.cat\/?s={search_term_string}\"},\"query-input\":{\"@type\":\"PropertyValueSpecification\",\"valueRequired\":true,\"valueName\":\"search_term_string\"}}],\"inLanguage\":\"es\"},{\"@type\":\"Person\",\"@id\":\"https:\/\/conversesacatalunya.cat\/#\/schema\/person\/c5a8ffe796b1512764aeb6d6d6fa0fc7\",\"name\":\"conversesacatalunya\",\"image\":{\"@type\":\"ImageObject\",\"inLanguage\":\"es\",\"@id\":\"https:\/\/conversesacatalunya.cat\/#\/schema\/person\/image\/\",\"url\":\"https:\/\/conversesacatalunya.cat\/wp-content\/litespeed\/avatar\/02659ee938034c59a151ae106ade943e.jpg?ver=1777051754\",\"contentUrl\":\"https:\/\/conversesacatalunya.cat\/wp-content\/litespeed\/avatar\/02659ee938034c59a151ae106ade943e.jpg?ver=1777051754\",\"caption\":\"conversesacatalunya\"},\"url\":\"https:\/\/conversesacatalunya.cat\/es\/author\/carles_lopez\/\"}]}<\/script>\n<!-- \/ Yoast SEO plugin. -->","yoast_head_json":{"title":"\u00bfHac\u00eda una recuperaci\u00f3n econ\u00f3mica sin recuperaci\u00f3n de empleo? - Converses a Catalunya","description":"Se prev\u00e9 que la recuperaci\u00f3n econ\u00f3mica llegar\u00e1 mucho m\u00e1s r\u00e1pido que la recuperaci\u00f3n de empleo. \u00bfLa causa?","robots":{"index":"index","follow":"follow","max-snippet":"max-snippet:-1","max-image-preview":"max-image-preview:large","max-video-preview":"max-video-preview:-1"},"canonical":"https:\/\/conversesacatalunya.cat\/es\/hacia-una-recuperacion-economica-sin-recuperacion-de-empleo\/","og_locale":"es_ES","og_type":"article","og_title":"\u00bfHac\u00eda una recuperaci\u00f3n econ\u00f3mica sin recuperaci\u00f3n de empleo? - Converses a Catalunya","og_description":"Se prev\u00e9 que la recuperaci\u00f3n econ\u00f3mica llegar\u00e1 mucho m\u00e1s r\u00e1pido que la recuperaci\u00f3n de empleo. \u00bfLa causa?","og_url":"https:\/\/conversesacatalunya.cat\/es\/hacia-una-recuperacion-economica-sin-recuperacion-de-empleo\/","og_site_name":"Converses a Catalunya","article_published_time":"2020-10-09T07:00:43+00:00","article_modified_time":"2020-10-09T11:22:39+00:00","og_image":[{"width":640,"height":426,"url":"https:\/\/conversesacatalunya.cat\/wp-content\/uploads\/2020\/10\/work-731198_640.jpg","type":"image\/jpeg"}],"author":"conversesacatalunya","twitter_card":"summary_large_image","twitter_misc":{"Escrito por":"conversesacatalunya","Tiempo de lectura":"3 minutos"},"schema":{"@context":"https:\/\/schema.org","@graph":[{"@type":"Article","@id":"https:\/\/conversesacatalunya.cat\/es\/hacia-una-recuperacion-economica-sin-recuperacion-de-empleo\/#article","isPartOf":{"@id":"https:\/\/conversesacatalunya.cat\/es\/hacia-una-recuperacion-economica-sin-recuperacion-de-empleo\/"},"author":{"name":"conversesacatalunya","@id":"https:\/\/conversesacatalunya.cat\/#\/schema\/person\/c5a8ffe796b1512764aeb6d6d6fa0fc7"},"headline":"\u00bfHac\u00eda una recuperaci\u00f3n econ\u00f3mica sin recuperaci\u00f3n de empleo?","datePublished":"2020-10-09T07:00:43+00:00","dateModified":"2020-10-09T11:22:39+00:00","mainEntityOfPage":{"@id":"https:\/\/conversesacatalunya.cat\/es\/hacia-una-recuperacion-economica-sin-recuperacion-de-empleo\/"},"wordCount":615,"commentCount":0,"image":{"@id":"https:\/\/conversesacatalunya.cat\/es\/hacia-una-recuperacion-economica-sin-recuperacion-de-empleo\/#primaryimage"},"thumbnailUrl":"https:\/\/conversesacatalunya.cat\/wp-content\/uploads\/2020\/10\/work-731198_640.jpg","keywords":["crisis coronavirus","Economia","recuperaci\u00f3n econ\u00f3mica"],"articleSection":["Punts clau del dia (ES)"],"inLanguage":"es","potentialAction":[{"@type":"CommentAction","name":"Comment","target":["https:\/\/conversesacatalunya.cat\/es\/hacia-una-recuperacion-economica-sin-recuperacion-de-empleo\/#respond"]}]},{"@type":"WebPage","@id":"https:\/\/conversesacatalunya.cat\/es\/hacia-una-recuperacion-economica-sin-recuperacion-de-empleo\/","url":"https:\/\/conversesacatalunya.cat\/es\/hacia-una-recuperacion-economica-sin-recuperacion-de-empleo\/","name":"\u00bfHac\u00eda una recuperaci\u00f3n econ\u00f3mica sin recuperaci\u00f3n de empleo? - Converses a Catalunya","isPartOf":{"@id":"https:\/\/conversesacatalunya.cat\/#website"},"primaryImageOfPage":{"@id":"https:\/\/conversesacatalunya.cat\/es\/hacia-una-recuperacion-economica-sin-recuperacion-de-empleo\/#primaryimage"},"image":{"@id":"https:\/\/conversesacatalunya.cat\/es\/hacia-una-recuperacion-economica-sin-recuperacion-de-empleo\/#primaryimage"},"thumbnailUrl":"https:\/\/conversesacatalunya.cat\/wp-content\/uploads\/2020\/10\/work-731198_640.jpg","datePublished":"2020-10-09T07:00:43+00:00","dateModified":"2020-10-09T11:22:39+00:00","author":{"@id":"https:\/\/conversesacatalunya.cat\/#\/schema\/person\/c5a8ffe796b1512764aeb6d6d6fa0fc7"},"description":"Se prev\u00e9 que la recuperaci\u00f3n econ\u00f3mica llegar\u00e1 mucho m\u00e1s r\u00e1pido que la recuperaci\u00f3n de empleo. \u00bfLa causa?","breadcrumb":{"@id":"https:\/\/conversesacatalunya.cat\/es\/hacia-una-recuperacion-economica-sin-recuperacion-de-empleo\/#breadcrumb"},"inLanguage":"es","potentialAction":[{"@type":"ReadAction","target":["https:\/\/conversesacatalunya.cat\/es\/hacia-una-recuperacion-economica-sin-recuperacion-de-empleo\/"]}]},{"@type":"ImageObject","inLanguage":"es","@id":"https:\/\/conversesacatalunya.cat\/es\/hacia-una-recuperacion-economica-sin-recuperacion-de-empleo\/#primaryimage","url":"https:\/\/conversesacatalunya.cat\/wp-content\/uploads\/2020\/10\/work-731198_640.jpg","contentUrl":"https:\/\/conversesacatalunya.cat\/wp-content\/uploads\/2020\/10\/work-731198_640.jpg","width":640,"height":426},{"@type":"BreadcrumbList","@id":"https:\/\/conversesacatalunya.cat\/es\/hacia-una-recuperacion-economica-sin-recuperacion-de-empleo\/#breadcrumb","itemListElement":[{"@type":"ListItem","position":1,"name":"Inici","item":"https:\/\/conversesacatalunya.cat\/es\/"},{"@type":"ListItem","position":2,"name":"\u00bfHac\u00eda una recuperaci\u00f3n econ\u00f3mica sin recuperaci\u00f3n de empleo?"}]},{"@type":"WebSite","@id":"https:\/\/conversesacatalunya.cat\/#website","url":"https:\/\/conversesacatalunya.cat\/","name":"Converses a Catalunya","description":"","potentialAction":[{"@type":"SearchAction","target":{"@type":"EntryPoint","urlTemplate":"https:\/\/conversesacatalunya.cat\/?s={search_term_string}"},"query-input":{"@type":"PropertyValueSpecification","valueRequired":true,"valueName":"search_term_string"}}],"inLanguage":"es"},{"@type":"Person","@id":"https:\/\/conversesacatalunya.cat\/#\/schema\/person\/c5a8ffe796b1512764aeb6d6d6fa0fc7","name":"conversesacatalunya","image":{"@type":"ImageObject","inLanguage":"es","@id":"https:\/\/conversesacatalunya.cat\/#\/schema\/person\/image\/","url":"https:\/\/conversesacatalunya.cat\/wp-content\/litespeed\/avatar\/02659ee938034c59a151ae106ade943e.jpg?ver=1777051754","contentUrl":"https:\/\/conversesacatalunya.cat\/wp-content\/litespeed\/avatar\/02659ee938034c59a151ae106ade943e.jpg?ver=1777051754","caption":"conversesacatalunya"},"url":"https:\/\/conversesacatalunya.cat\/es\/author\/carles_lopez\/"}]}},"wps_subtitle":"Se prev\u00e9 que la recuperaci\u00f3n econ\u00f3mica llegar\u00e1 mucho m\u00e1s r\u00e1pido que la recuperaci\u00f3n de empleo. \u00bfLa causa? EL auge de los bienes inmateriales i su crecimiento en la econom\u00eda. Una tendencia que la crisis sanitaria ha acelerado.","_links":{"self":[{"href":"https:\/\/conversesacatalunya.cat\/es\/wp-json\/wp\/v2\/posts\/41087","targetHints":{"allow":["GET"]}}],"collection":[{"href":"https:\/\/conversesacatalunya.cat\/es\/wp-json\/wp\/v2\/posts"}],"about":[{"href":"https:\/\/conversesacatalunya.cat\/es\/wp-json\/wp\/v2\/types\/post"}],"author":[{"embeddable":true,"href":"https:\/\/conversesacatalunya.cat\/es\/wp-json\/wp\/v2\/users\/67"}],"replies":[{"embeddable":true,"href":"https:\/\/conversesacatalunya.cat\/es\/wp-json\/wp\/v2\/comments?post=41087"}],"version-history":[{"count":2,"href":"https:\/\/conversesacatalunya.cat\/es\/wp-json\/wp\/v2\/posts\/41087\/revisions"}],"predecessor-version":[{"id":41091,"href":"https:\/\/conversesacatalunya.cat\/es\/wp-json\/wp\/v2\/posts\/41087\/revisions\/41091"}],"wp:featuredmedia":[{"embeddable":true,"href":"https:\/\/conversesacatalunya.cat\/es\/wp-json\/wp\/v2\/media\/41011"}],"wp:attachment":[{"href":"https:\/\/conversesacatalunya.cat\/es\/wp-json\/wp\/v2\/media?parent=41087"}],"wp:term":[{"taxonomy":"category","embeddable":true,"href":"https:\/\/conversesacatalunya.cat\/es\/wp-json\/wp\/v2\/categories?post=41087"},{"taxonomy":"post_tag","embeddable":true,"href":"https:\/\/conversesacatalunya.cat\/es\/wp-json\/wp\/v2\/tags?post=41087"}],"curies":[{"name":"wp","href":"https:\/\/api.w.org\/{rel}","templated":true}]}}