{"id":41078,"date":"2020-10-09T12:31:52","date_gmt":"2020-10-09T10:31:52","guid":{"rendered":"https:\/\/conversesacatalunya.cat\/el-comite-de-bioetica-despanya-refusa-la-proposicio-de-llei-eutanasia-que-es-tramita-al-congres\/"},"modified":"2020-10-09T13:10:57","modified_gmt":"2020-10-09T11:10:57","slug":"el-comite-de-bioetica-de-espana-rechaza-la-proposicion-de-ley-sobre-la-eutanasia-que-se-tramita-en-el-congreso","status":"publish","type":"post","link":"https:\/\/conversesacatalunya.cat\/es\/el-comite-de-bioetica-de-espana-rechaza-la-proposicion-de-ley-sobre-la-eutanasia-que-se-tramita-en-el-congreso\/","title":{"rendered":"El Comit\u00e9 de Bio\u00e9tica de Espa\u00f1a rechaza la proposici\u00f3n de ley sobre la eutanasia que se tramita en el Congreso"},"content":{"rendered":"<p>A pesar del poco inter\u00e9s del gobierno espa\u00f1ol en que se haga un debate p\u00fablico, la proposici\u00f3n de ley de la eutanasia impulsada por el PSOE, con el apoyo de Unidas Podemos, aparcada en el Congreso de los diputados, est\u00e1 suscitando fuertes reacciones adversas. La \u00faltima, la del <a href=\"http:\/\/www.comitedebioetica.es\/\" target=\"_blank\" rel=\"noopener noreferrer\">Comit\u00e9 de Bio\u00e9tica de Espa\u00f1a<\/a>, y ya, con anterioridad, la declaraci\u00f3n formulada por <strong>150 catedr\u00e1ticos y profesores de Derecho de toda Espa\u00f1a<\/strong> razonando tambi\u00e9n las causas concretas de su oposici\u00f3n. De hecho, el \u00e1mbito de la cr\u00edtica p\u00fablica se abri\u00f3 hace unas semanas con la declaraci\u00f3n de m\u00e1s de 100 personalidades de la vida universitaria, cultural, social y pol\u00edtica que expon\u00edan las razones de su oposici\u00f3n a esta ley. Detr\u00e1s de esta iniciativa estaba la plataforma <a href=\"https:\/\/plataformalos7000.org\/\" target=\"_blank\" rel=\"noopener noreferrer\">Los 7.000<\/a> coordinada por un grupo formado por la Asociaci\u00f3n Cat\u00f3lica de Propagandistas, Cristianos en Democracia, e-Cristians, Federaci\u00f3n Espa\u00f1ola de Asociaciones Pro Vida, Foro Espa\u00f1ol de la Familia, y One of Us.<\/p>\n<p>Ahora, el Comit\u00e9 de Bio\u00e9tica no s\u00f3lo es rotundo con su rechazo, sino que adem\u00e1s en un texto de 74 p\u00e1ginas lo <strong>rechaza por unanimidad<\/strong>, lo que no hab\u00eda pasado ni con la ley del aborto, ni la reproducci\u00f3n asistida. La proposici\u00f3n de ley, ahora ya proyecto porque pas\u00f3 el primer filtro del Congreso, la toma en consideraci\u00f3n y el rechazo de las enmiendas a la totalidad, se encuentra apartada, en el sentido de que la Mesa del Congreso semana a semana <strong>prorroga el plazo para presentar enmiendas<\/strong>, no para dar lugar a que se produzcan, sino porque de esta manera no comienza la tramitaci\u00f3n en Comisi\u00f3n. El porqu\u00e9 de este aparcamiento tiene mucho que ver con el ambiente general del pa\u00eds muy marcado por los muertos de la Covid-19, que no hacen propicio el hecho de tratar sobre <strong>c\u00f3mo matar a las personas<\/strong>, aunque sea por razones humanitarias y de acuerdo con su voluntad.<\/p>\n<p>El rechazo del Comit\u00e9 de Bio\u00e9tica se puede concretar en los siguientes puntos:<\/p>\n<ol>\n<li>El planteamiento de la ley <strong>no es v\u00e1lido desde un punto de vista \u00e9tico<\/strong>.<\/li>\n<li>No es aceptable que se incorpore <strong>la muerte como un derecho<\/strong> que forma parte del cat\u00e1logo de prestaciones de la sanidad p\u00fablica. Existen razones s\u00f3lidas para rechazar la transformaci\u00f3n de la eutanasia en un derecho subjetivo y en una prestaci\u00f3n p\u00fablica.<\/li>\n<li>El principio de la compasi\u00f3n no es suficiente para justificar la legalizaci\u00f3n de la eutanasia o el suicidio asistido porque supone un camino de desvalorizar la protecci\u00f3n de la vida humana, cuyas fronteras son muy dif\u00edciles de prever como la experiencia de nuestro entorno demuestra. Se refiere a los casos que se han dado en Holanda y B\u00e9lgica y las pol\u00e9micas que se han desatado. <strong>La eutanasia deval\u00faa el valor \u00e9tico y legal de la vida humana.<\/strong><\/li>\n<li>La compasi\u00f3n debe conjugarse con responsabilidad y prudencia, y debe estar unida al deber del <strong>no abandono y de la solidaridad<\/strong>.<\/li>\n<li>Basar nuestro sistema \u00e9tico y legal en la eutanasia es peligroso y jur\u00eddicamente inseguro.<\/li>\n<li>Su legalizaci\u00f3n puede afectar al futuro de las personas m\u00e1s vulnerables.<\/li>\n<li>Los casos que podr\u00edan ser beneficiarios de una eutanasia <strong>son situaciones tan especiales<\/strong> que los hacen dif\u00edcilmente generalizables. En otras palabras, los 12 expertos en bio\u00e9tica nos dicen algo tan evidente como es que no se puede legislar para el conjunto de la poblaci\u00f3n a partir de contemplar casos extremos.<\/li>\n<li>La Sociedad Espa\u00f1ola de Cuidados Paliativos en 2002 ya advirti\u00f3 del riesgo de generalizar esta pr\u00e1ctica, al tiempo que mostraba su oposici\u00f3n a la legalizaci\u00f3n, para evitar repercusiones negativas. Esta posici\u00f3n, como otras de gran calidad m\u00e9dica, no se tienen en cuenta a la hora de efectuar la actual legislaci\u00f3n.<\/li>\n<li>Es criticable totalmente que el gobierno est\u00e9 de acuerdo con tramitar una ley como esta sin tener universalizado previamente los <strong>tratamientos y apoyos sociales que necesitan los enfermos cr\u00f3nicos en situaci\u00f3n terminal<\/strong>. Se propone poner fin a la vida de una persona como \u00fanica soluci\u00f3n ante el sufrimiento. Esta es una cr\u00edtica com\u00fan reiterada en todos los documentos p\u00fablicos hechos hasta ahora. No se puede presentar como una opci\u00f3n, y menos como un derecho, la elecci\u00f3n entre que te mate un m\u00e9dico o sufrir.<\/li>\n<li>El informe pide que los <strong>cuidados paliativos y el apoyo sociosanitario sean accesibles y universales<\/strong> y que este es el camino a emprender y no proclamar el derecho a acabar con la propia vida por medio de una prestaci\u00f3n p\u00fablica.<\/li>\n<li>No es admisible considerar la eutanasia como un <strong>s\u00edmbolo de progreso de pa\u00eds avanzado<\/strong>. No lo es ni la eutanasia, ni el suicidio, sino que son un retroceso de la civilizaci\u00f3n. En un contexto en el que el valor de la vida con frecuencia est\u00e1 condicionado por criterios de utilidad social, inter\u00e9s econ\u00f3mico, responsabilidades familiares y gasto p\u00fablico, la legalizaci\u00f3n de la muerte agregar\u00eda un nuevo conjunto de problemas.<\/li>\n<li>Finalmente, sit\u00faa <strong>los cuidados y tratamientos paliativos<\/strong> como\u00a0alternativa a la legalizaci\u00f3n de la eutanasia\u00a0 tambi\u00e9n en casos de sufrimiento psicol\u00f3gico que no responden a ning\u00fan tratamiento, es decir, lo que se conoce como \u00absufrimiento existencial refractario\u00bb.<\/li>\n<\/ol>\n<p>Y es que todo hace pensar que es incomprensible para una sociedad que se quiere solidaria,<\/p>\n<p>I \u00e9s que tot plegat fa pensar que \u00e9s incomprensible per a una societat que es vol solid\u00e0ria, compasiva y humanista, que el estado pueda asumir como prestaci\u00f3n dar muerte a las personas para que no sufran; es decir, introducir una pr\u00e1ctica com\u00fan a los animales en la veterinaria, en lugar de desplegar los cuidados y la sedaci\u00f3n paliativa que permite que hoy nadie muera sufriendo.<\/p>\n<div id=\"polls-74\" class=\"wp-polls\">\n\t<form id=\"polls_form_74\" class=\"wp-polls-form\" action=\"\/index.php\" method=\"post\">\n\t\t<p style=\"display: none;\"><input type=\"hidden\" id=\"poll_74_nonce\" name=\"wp-polls-nonce\" value=\"408283aa98\" \/><\/p>\n\t\t<p style=\"display: none;\"><input type=\"hidden\" name=\"poll_id\" value=\"74\" \/><\/p>\n\t\t<p style=\"text-align: center\"><strong>El divendres, 9 d'octubre, el rei Felip VI estar\u00e0 a Barcelona. Est\u00e0s d'acord que el rei vingui a Catalunya?<\/strong><\/p><div id=\"polls-74-ans\" class=\"wp-polls-ans\"><ul class=\"wp-polls-ul\">\n\t\t<li><input type=\"radio\" id=\"poll-answer-162\" name=\"poll_74\" value=\"162\" \/> <label for=\"poll-answer-162\">Si<\/label><\/li>\n\t\t<li><input type=\"radio\" id=\"poll-answer-163\" name=\"poll_74\" value=\"163\" \/> <label for=\"poll-answer-163\">No<\/label><\/li>\n\t\t<\/ul><p style=\"text-align: center\"><input type=\"button\" name=\"vote\" value=\"   Vota   \" class=\"Buttons\" onclick=\"poll_vote(74);\" \/><\/p><p style=\"text-align: center\"><a href=\"#ViewPollResults\" onclick=\"poll_result(74); return false;\" title=\"View Results Of This Poll\">Mira els resultats<\/a><\/p><\/div>\n\t<\/form>\n<\/div>\n<div id=\"polls-74-loading\" class=\"wp-polls-loading\"><img decoding=\"async\" data-src=\"https:\/\/conversesacatalunya.cat\/wp-content\/plugins\/wp-polls\/images\/loading.gif\" width=\"16\" height=\"16\" alt=\"Cargando ...\" title=\"Cargando ...\" class=\"wp-polls-image lazyload\" src=\"data:image\/svg+xml;base64,PHN2ZyB3aWR0aD0iMSIgaGVpZ2h0PSIxIiB4bWxucz0iaHR0cDovL3d3dy53My5vcmcvMjAwMC9zdmciPjwvc3ZnPg==\" style=\"--smush-placeholder-width: 16px; --smush-placeholder-aspect-ratio: 16\/16;\" \/>&nbsp;Cargando ...<\/div>\n\n","protected":false},"excerpt":{"rendered":"<p>A pesar del poco inter\u00e9s del gobierno espa\u00f1ol en que se haga un debate p\u00fablico, la proposici\u00f3n de ley de la eutanasia impulsada por el PSOE, con el apoyo de Unidas Podemos, aparcada en el Congreso de los diputados, est\u00e1 suscitando fuertes reacciones adversas. La \u00faltima, la del Comit\u00e9 de Bio\u00e9tica de Espa\u00f1a, y ya, con anterioridad, la declaraci\u00f3n formulada por 150 catedr\u00e1ticos y profesores de Derecho de toda Espa\u00f1a razonando tambi\u00e9n las causas concretas de su oposici\u00f3n. De hecho, el \u00e1mbito de la cr\u00edtica p\u00fablica se abri\u00f3 hace unas semanas con la declaraci\u00f3n de m\u00e1s de 100 personalidades de la vida universitaria, cultural, social y pol\u00edtica que expon\u00edan las razones de su oposici\u00f3n a esta ley. Detr\u00e1s de esta iniciativa estaba la plataforma Los 7.000 coordinada por un grupo formado por la Asociaci\u00f3n Cat\u00f3lica de Propagandistas, Cristianos en Democracia, e-Cristians, Federaci\u00f3n Espa\u00f1ola de Asociaciones Pro Vida, Foro Espa\u00f1ol de la Familia, y One of Us. Ahora, el Comit\u00e9 de Bio\u00e9tica no s\u00f3lo es rotundo con su rechazo, sino que adem\u00e1s en un texto de 74 p\u00e1ginas lo rechaza por unanimidad, lo que no hab\u00eda pasado ni con la ley del aborto, ni la reproducci\u00f3n asistida. La proposici\u00f3n de ley, ahora ya proyecto porque pas\u00f3 el primer filtro del Congreso, la toma en consideraci\u00f3n y el rechazo de las enmiendas a la totalidad, se encuentra apartada, en el sentido de que la Mesa del Congreso semana a semana prorroga el plazo para presentar enmiendas, no para dar lugar a que se produzcan, sino porque de esta manera no comienza la tramitaci\u00f3n en Comisi\u00f3n. El porqu\u00e9 de este aparcamiento tiene mucho que ver con el ambiente general del pa\u00eds muy marcado por los muertos de la Covid-19, que no hacen propicio el hecho de tratar sobre c\u00f3mo matar a las personas, aunque sea por razones humanitarias y de acuerdo con su voluntad. El rechazo del Comit\u00e9 de Bio\u00e9tica se puede concretar en los siguientes puntos: El planteamiento de la ley no es v\u00e1lido desde un punto de vista \u00e9tico. No es aceptable que se incorpore la muerte como un derecho que forma parte del cat\u00e1logo de prestaciones de la sanidad p\u00fablica. Existen razones s\u00f3lidas para rechazar la transformaci\u00f3n de la eutanasia en un derecho subjetivo y en una prestaci\u00f3n p\u00fablica. El principio de la compasi\u00f3n no es suficiente para justificar la legalizaci\u00f3n de la eutanasia o el suicidio asistido porque supone un camino de desvalorizar la protecci\u00f3n de la vida humana, cuyas fronteras son muy dif\u00edciles de prever como la experiencia de nuestro entorno demuestra. Se refiere a los casos que se han dado en Holanda y B\u00e9lgica y las pol\u00e9micas que se han desatado. La eutanasia deval\u00faa el valor \u00e9tico y legal de la vida humana. La compasi\u00f3n debe conjugarse con responsabilidad y prudencia, y debe estar unida al deber del no abandono y de la solidaridad. Basar nuestro sistema \u00e9tico y legal en la eutanasia es peligroso y jur\u00eddicamente inseguro. Su legalizaci\u00f3n puede afectar al futuro de las personas m\u00e1s vulnerables. Los casos que podr\u00edan ser beneficiarios de una eutanasia son situaciones tan especiales que los hacen dif\u00edcilmente generalizables. En otras palabras, los 12 expertos en bio\u00e9tica nos dicen algo tan evidente como es que no se puede legislar para el conjunto de la poblaci\u00f3n a partir de contemplar casos extremos. La Sociedad Espa\u00f1ola de Cuidados Paliativos en 2002 ya advirti\u00f3 del riesgo de generalizar esta pr\u00e1ctica, al tiempo que mostraba su oposici\u00f3n a la legalizaci\u00f3n, para evitar repercusiones negativas. Esta posici\u00f3n, como otras de gran calidad m\u00e9dica, no se tienen en cuenta a la hora de efectuar la actual legislaci\u00f3n. Es criticable totalmente que el gobierno est\u00e9 de acuerdo con tramitar una ley como esta sin tener universalizado previamente los tratamientos y apoyos sociales que necesitan los enfermos cr\u00f3nicos en situaci\u00f3n terminal. Se propone poner fin a la vida de una persona como \u00fanica soluci\u00f3n ante el sufrimiento. Esta es una cr\u00edtica com\u00fan reiterada en todos los documentos p\u00fablicos hechos hasta ahora. No se puede presentar como una opci\u00f3n, y menos como un derecho, la elecci\u00f3n entre que te mate un m\u00e9dico o sufrir. El informe pide que los cuidados paliativos y el apoyo sociosanitario sean accesibles y universales y que este es el camino a emprender y no proclamar el derecho a acabar con la propia vida por medio de una prestaci\u00f3n p\u00fablica. No es admisible considerar la eutanasia como un s\u00edmbolo de progreso de pa\u00eds avanzado. No lo es ni la eutanasia, ni el suicidio, sino que son un retroceso de la civilizaci\u00f3n. En un contexto en el que el valor de la vida con frecuencia est\u00e1 condicionado por criterios de utilidad social, inter\u00e9s econ\u00f3mico, responsabilidades familiares y gasto p\u00fablico, la legalizaci\u00f3n de la muerte agregar\u00eda un nuevo conjunto de problemas. Finalmente, sit\u00faa los cuidados y tratamientos paliativos como\u00a0alternativa a la legalizaci\u00f3n de la eutanasia\u00a0 tambi\u00e9n en casos de sufrimiento psicol\u00f3gico que no responden a ning\u00fan tratamiento, es decir, lo que se conoce como \u00absufrimiento existencial refractario\u00bb. Y es que todo hace pensar que es incomprensible para una sociedad que se quiere solidaria, I \u00e9s que tot plegat fa pensar que \u00e9s incomprensible per a una societat que es vol solid\u00e0ria, compasiva y humanista, que el estado pueda asumir como prestaci\u00f3n dar muerte a las personas para que no sufran; es decir, introducir una pr\u00e1ctica com\u00fan a los animales en la veterinaria, en lugar de desplegar los cuidados y la sedaci\u00f3n paliativa que permite que hoy nadie muera sufriendo.<\/p>\n","protected":false},"author":2,"featured_media":41071,"comment_status":"open","ping_status":"open","sticky":false,"template":"","format":"standard","meta":{"_FSMCFIC_featured_image_caption":"","_FSMCFIC_featured_image_nocaption":"","_FSMCFIC_featured_image_hide":"","footnotes":""},"categories":[806],"tags":[1581],"class_list":["post-41078","post","type-post","status-publish","format-standard","has-post-thumbnail","hentry","category-punts-claus-del-dia-es","tag-eutanasia-es"],"yoast_head":"<!-- This site is optimized with the Yoast SEO plugin v26.8 - https:\/\/yoast.com\/product\/yoast-seo-wordpress\/ -->\n<title>El Comit\u00e9 de Bio\u00e9tica de Espa\u00f1a rechaza la proposici\u00f3n de ley sobre la eutanasia que se tramita en el Congreso - Converses a Catalunya<\/title>\n<meta name=\"robots\" content=\"index, follow, max-snippet:-1, max-image-preview:large, max-video-preview:-1\" \/>\n<link rel=\"canonical\" href=\"https:\/\/conversesacatalunya.cat\/es\/el-comite-de-bioetica-de-espana-rechaza-la-proposicion-de-ley-sobre-la-eutanasia-que-se-tramita-en-el-congreso\/\" \/>\n<meta property=\"og:locale\" content=\"es_ES\" \/>\n<meta property=\"og:type\" content=\"article\" \/>\n<meta property=\"og:title\" content=\"El Comit\u00e9 de Bio\u00e9tica de Espa\u00f1a rechaza la proposici\u00f3n de ley sobre la eutanasia que se tramita en el Congreso - Converses a Catalunya\" \/>\n<meta property=\"og:description\" content=\"A pesar del poco inter\u00e9s del gobierno espa\u00f1ol en que se haga un debate p\u00fablico, la proposici\u00f3n de ley de la eutanasia impulsada por el PSOE, con el apoyo de Unidas Podemos, aparcada en el Congreso de los diputados, est\u00e1 suscitando fuertes reacciones adversas. La \u00faltima, la del Comit\u00e9 de Bio\u00e9tica de Espa\u00f1a, y ya, con anterioridad, la declaraci\u00f3n formulada por 150 catedr\u00e1ticos y profesores de Derecho de toda Espa\u00f1a razonando tambi\u00e9n las causas concretas de su oposici\u00f3n. De hecho, el \u00e1mbito de la cr\u00edtica p\u00fablica se abri\u00f3 hace unas semanas con la declaraci\u00f3n de m\u00e1s de 100 personalidades de la vida universitaria, cultural, social y pol\u00edtica que expon\u00edan las razones de su oposici\u00f3n a esta ley. Detr\u00e1s de esta iniciativa estaba la plataforma Los 7.000 coordinada por un grupo formado por la Asociaci\u00f3n Cat\u00f3lica de Propagandistas, Cristianos en Democracia, e-Cristians, Federaci\u00f3n Espa\u00f1ola de Asociaciones Pro Vida, Foro Espa\u00f1ol de la Familia, y One of Us. Ahora, el Comit\u00e9 de Bio\u00e9tica no s\u00f3lo es rotundo con su rechazo, sino que adem\u00e1s en un texto de 74 p\u00e1ginas lo rechaza por unanimidad, lo que no hab\u00eda pasado ni con la ley del aborto, ni la reproducci\u00f3n asistida. La proposici\u00f3n de ley, ahora ya proyecto porque pas\u00f3 el primer filtro del Congreso, la toma en consideraci\u00f3n y el rechazo de las enmiendas a la totalidad, se encuentra apartada, en el sentido de que la Mesa del Congreso semana a semana prorroga el plazo para presentar enmiendas, no para dar lugar a que se produzcan, sino porque de esta manera no comienza la tramitaci\u00f3n en Comisi\u00f3n. El porqu\u00e9 de este aparcamiento tiene mucho que ver con el ambiente general del pa\u00eds muy marcado por los muertos de la Covid-19, que no hacen propicio el hecho de tratar sobre c\u00f3mo matar a las personas, aunque sea por razones humanitarias y de acuerdo con su voluntad. El rechazo del Comit\u00e9 de Bio\u00e9tica se puede concretar en los siguientes puntos: El planteamiento de la ley no es v\u00e1lido desde un punto de vista \u00e9tico. No es aceptable que se incorpore la muerte como un derecho que forma parte del cat\u00e1logo de prestaciones de la sanidad p\u00fablica. Existen razones s\u00f3lidas para rechazar la transformaci\u00f3n de la eutanasia en un derecho subjetivo y en una prestaci\u00f3n p\u00fablica. El principio de la compasi\u00f3n no es suficiente para justificar la legalizaci\u00f3n de la eutanasia o el suicidio asistido porque supone un camino de desvalorizar la protecci\u00f3n de la vida humana, cuyas fronteras son muy dif\u00edciles de prever como la experiencia de nuestro entorno demuestra. Se refiere a los casos que se han dado en Holanda y B\u00e9lgica y las pol\u00e9micas que se han desatado. La eutanasia deval\u00faa el valor \u00e9tico y legal de la vida humana. La compasi\u00f3n debe conjugarse con responsabilidad y prudencia, y debe estar unida al deber del no abandono y de la solidaridad. Basar nuestro sistema \u00e9tico y legal en la eutanasia es peligroso y jur\u00eddicamente inseguro. Su legalizaci\u00f3n puede afectar al futuro de las personas m\u00e1s vulnerables. Los casos que podr\u00edan ser beneficiarios de una eutanasia son situaciones tan especiales que los hacen dif\u00edcilmente generalizables. En otras palabras, los 12 expertos en bio\u00e9tica nos dicen algo tan evidente como es que no se puede legislar para el conjunto de la poblaci\u00f3n a partir de contemplar casos extremos. La Sociedad Espa\u00f1ola de Cuidados Paliativos en 2002 ya advirti\u00f3 del riesgo de generalizar esta pr\u00e1ctica, al tiempo que mostraba su oposici\u00f3n a la legalizaci\u00f3n, para evitar repercusiones negativas. Esta posici\u00f3n, como otras de gran calidad m\u00e9dica, no se tienen en cuenta a la hora de efectuar la actual legislaci\u00f3n. Es criticable totalmente que el gobierno est\u00e9 de acuerdo con tramitar una ley como esta sin tener universalizado previamente los tratamientos y apoyos sociales que necesitan los enfermos cr\u00f3nicos en situaci\u00f3n terminal. Se propone poner fin a la vida de una persona como \u00fanica soluci\u00f3n ante el sufrimiento. Esta es una cr\u00edtica com\u00fan reiterada en todos los documentos p\u00fablicos hechos hasta ahora. No se puede presentar como una opci\u00f3n, y menos como un derecho, la elecci\u00f3n entre que te mate un m\u00e9dico o sufrir. El informe pide que los cuidados paliativos y el apoyo sociosanitario sean accesibles y universales y que este es el camino a emprender y no proclamar el derecho a acabar con la propia vida por medio de una prestaci\u00f3n p\u00fablica. No es admisible considerar la eutanasia como un s\u00edmbolo de progreso de pa\u00eds avanzado. No lo es ni la eutanasia, ni el suicidio, sino que son un retroceso de la civilizaci\u00f3n. En un contexto en el que el valor de la vida con frecuencia est\u00e1 condicionado por criterios de utilidad social, inter\u00e9s econ\u00f3mico, responsabilidades familiares y gasto p\u00fablico, la legalizaci\u00f3n de la muerte agregar\u00eda un nuevo conjunto de problemas. Finalmente, sit\u00faa los cuidados y tratamientos paliativos como\u00a0alternativa a la legalizaci\u00f3n de la eutanasia\u00a0 tambi\u00e9n en casos de sufrimiento psicol\u00f3gico que no responden a ning\u00fan tratamiento, es decir, lo que se conoce como \u00absufrimiento existencial refractario\u00bb. Y es que todo hace pensar que es incomprensible para una sociedad que se quiere solidaria, I \u00e9s que tot plegat fa pensar que \u00e9s incomprensible per a una societat que es vol solid\u00e0ria, compasiva y humanista, que el estado pueda asumir como prestaci\u00f3n dar muerte a las personas para que no sufran; es decir, introducir una pr\u00e1ctica com\u00fan a los animales en la veterinaria, en lugar de desplegar los cuidados y la sedaci\u00f3n paliativa que permite que hoy nadie muera sufriendo.\" \/>\n<meta property=\"og:url\" content=\"https:\/\/conversesacatalunya.cat\/es\/el-comite-de-bioetica-de-espana-rechaza-la-proposicion-de-ley-sobre-la-eutanasia-que-se-tramita-en-el-congreso\/\" \/>\n<meta property=\"og:site_name\" content=\"Converses a Catalunya\" \/>\n<meta property=\"article:published_time\" content=\"2020-10-09T10:31:52+00:00\" \/>\n<meta property=\"article:modified_time\" content=\"2020-10-09T11:10:57+00:00\" \/>\n<meta property=\"og:image\" content=\"https:\/\/conversesacatalunya.cat\/wp-content\/uploads\/2020\/10\/eutanasia.jpg\" \/>\n\t<meta property=\"og:image:width\" content=\"958\" \/>\n\t<meta property=\"og:image:height\" content=\"596\" \/>\n\t<meta property=\"og:image:type\" content=\"image\/jpeg\" \/>\n<meta name=\"author\" content=\"conversesacatalunya\" \/>\n<meta name=\"twitter:card\" content=\"summary_large_image\" \/>\n<meta name=\"twitter:label1\" content=\"Escrito por\" \/>\n\t<meta name=\"twitter:data1\" content=\"conversesacatalunya\" \/>\n\t<meta name=\"twitter:label2\" content=\"Tiempo de lectura\" \/>\n\t<meta name=\"twitter:data2\" content=\"5 minutos\" \/>\n<script type=\"application\/ld+json\" class=\"yoast-schema-graph\">{\"@context\":\"https:\/\/schema.org\",\"@graph\":[{\"@type\":\"Article\",\"@id\":\"https:\/\/conversesacatalunya.cat\/es\/el-comite-de-bioetica-de-espana-rechaza-la-proposicion-de-ley-sobre-la-eutanasia-que-se-tramita-en-el-congreso\/#article\",\"isPartOf\":{\"@id\":\"https:\/\/conversesacatalunya.cat\/es\/el-comite-de-bioetica-de-espana-rechaza-la-proposicion-de-ley-sobre-la-eutanasia-que-se-tramita-en-el-congreso\/\"},\"author\":{\"name\":\"conversesacatalunya\",\"@id\":\"https:\/\/conversesacatalunya.cat\/#\/schema\/person\/7e24d1e54a2785373ddcb275eae5ed99\"},\"headline\":\"El Comit\u00e9 de Bio\u00e9tica de Espa\u00f1a rechaza la proposici\u00f3n de ley sobre la eutanasia que se tramita en el Congreso\",\"datePublished\":\"2020-10-09T10:31:52+00:00\",\"dateModified\":\"2020-10-09T11:10:57+00:00\",\"mainEntityOfPage\":{\"@id\":\"https:\/\/conversesacatalunya.cat\/es\/el-comite-de-bioetica-de-espana-rechaza-la-proposicion-de-ley-sobre-la-eutanasia-que-se-tramita-en-el-congreso\/\"},\"wordCount\":1028,\"commentCount\":0,\"image\":{\"@id\":\"https:\/\/conversesacatalunya.cat\/es\/el-comite-de-bioetica-de-espana-rechaza-la-proposicion-de-ley-sobre-la-eutanasia-que-se-tramita-en-el-congreso\/#primaryimage\"},\"thumbnailUrl\":\"https:\/\/conversesacatalunya.cat\/wp-content\/uploads\/2020\/10\/eutanasia.jpg\",\"keywords\":[\"Eutan\u00e0sia\"],\"articleSection\":[\"Punts clau del dia (ES)\"],\"inLanguage\":\"es\",\"potentialAction\":[{\"@type\":\"CommentAction\",\"name\":\"Comment\",\"target\":[\"https:\/\/conversesacatalunya.cat\/es\/el-comite-de-bioetica-de-espana-rechaza-la-proposicion-de-ley-sobre-la-eutanasia-que-se-tramita-en-el-congreso\/#respond\"]}]},{\"@type\":\"WebPage\",\"@id\":\"https:\/\/conversesacatalunya.cat\/es\/el-comite-de-bioetica-de-espana-rechaza-la-proposicion-de-ley-sobre-la-eutanasia-que-se-tramita-en-el-congreso\/\",\"url\":\"https:\/\/conversesacatalunya.cat\/es\/el-comite-de-bioetica-de-espana-rechaza-la-proposicion-de-ley-sobre-la-eutanasia-que-se-tramita-en-el-congreso\/\",\"name\":\"El Comit\u00e9 de Bio\u00e9tica de Espa\u00f1a rechaza la proposici\u00f3n de ley sobre la eutanasia que se tramita en el Congreso - Converses a Catalunya\",\"isPartOf\":{\"@id\":\"https:\/\/conversesacatalunya.cat\/#website\"},\"primaryImageOfPage\":{\"@id\":\"https:\/\/conversesacatalunya.cat\/es\/el-comite-de-bioetica-de-espana-rechaza-la-proposicion-de-ley-sobre-la-eutanasia-que-se-tramita-en-el-congreso\/#primaryimage\"},\"image\":{\"@id\":\"https:\/\/conversesacatalunya.cat\/es\/el-comite-de-bioetica-de-espana-rechaza-la-proposicion-de-ley-sobre-la-eutanasia-que-se-tramita-en-el-congreso\/#primaryimage\"},\"thumbnailUrl\":\"https:\/\/conversesacatalunya.cat\/wp-content\/uploads\/2020\/10\/eutanasia.jpg\",\"datePublished\":\"2020-10-09T10:31:52+00:00\",\"dateModified\":\"2020-10-09T11:10:57+00:00\",\"author\":{\"@id\":\"https:\/\/conversesacatalunya.cat\/#\/schema\/person\/7e24d1e54a2785373ddcb275eae5ed99\"},\"breadcrumb\":{\"@id\":\"https:\/\/conversesacatalunya.cat\/es\/el-comite-de-bioetica-de-espana-rechaza-la-proposicion-de-ley-sobre-la-eutanasia-que-se-tramita-en-el-congreso\/#breadcrumb\"},\"inLanguage\":\"es\",\"potentialAction\":[{\"@type\":\"ReadAction\",\"target\":[\"https:\/\/conversesacatalunya.cat\/es\/el-comite-de-bioetica-de-espana-rechaza-la-proposicion-de-ley-sobre-la-eutanasia-que-se-tramita-en-el-congreso\/\"]}]},{\"@type\":\"ImageObject\",\"inLanguage\":\"es\",\"@id\":\"https:\/\/conversesacatalunya.cat\/es\/el-comite-de-bioetica-de-espana-rechaza-la-proposicion-de-ley-sobre-la-eutanasia-que-se-tramita-en-el-congreso\/#primaryimage\",\"url\":\"https:\/\/conversesacatalunya.cat\/wp-content\/uploads\/2020\/10\/eutanasia.jpg\",\"contentUrl\":\"https:\/\/conversesacatalunya.cat\/wp-content\/uploads\/2020\/10\/eutanasia.jpg\",\"width\":958,\"height\":596},{\"@type\":\"BreadcrumbList\",\"@id\":\"https:\/\/conversesacatalunya.cat\/es\/el-comite-de-bioetica-de-espana-rechaza-la-proposicion-de-ley-sobre-la-eutanasia-que-se-tramita-en-el-congreso\/#breadcrumb\",\"itemListElement\":[{\"@type\":\"ListItem\",\"position\":1,\"name\":\"Inici\",\"item\":\"https:\/\/conversesacatalunya.cat\/es\/\"},{\"@type\":\"ListItem\",\"position\":2,\"name\":\"El Comit\u00e9 de Bio\u00e9tica de Espa\u00f1a rechaza la proposici\u00f3n de ley sobre la eutanasia que se tramita en el Congreso\"}]},{\"@type\":\"WebSite\",\"@id\":\"https:\/\/conversesacatalunya.cat\/#website\",\"url\":\"https:\/\/conversesacatalunya.cat\/\",\"name\":\"Converses a Catalunya\",\"description\":\"\",\"potentialAction\":[{\"@type\":\"SearchAction\",\"target\":{\"@type\":\"EntryPoint\",\"urlTemplate\":\"https:\/\/conversesacatalunya.cat\/?s={search_term_string}\"},\"query-input\":{\"@type\":\"PropertyValueSpecification\",\"valueRequired\":true,\"valueName\":\"search_term_string\"}}],\"inLanguage\":\"es\"},{\"@type\":\"Person\",\"@id\":\"https:\/\/conversesacatalunya.cat\/#\/schema\/person\/7e24d1e54a2785373ddcb275eae5ed99\",\"name\":\"conversesacatalunya\",\"image\":{\"@type\":\"ImageObject\",\"inLanguage\":\"es\",\"@id\":\"https:\/\/conversesacatalunya.cat\/#\/schema\/person\/image\/\",\"url\":\"https:\/\/conversesacatalunya.cat\/wp-content\/litespeed\/avatar\/febdfeeec89d950f01c748045a981dd2.jpg?ver=1777314535\",\"contentUrl\":\"https:\/\/conversesacatalunya.cat\/wp-content\/litespeed\/avatar\/febdfeeec89d950f01c748045a981dd2.jpg?ver=1777314535\",\"caption\":\"conversesacatalunya\"},\"url\":\"https:\/\/conversesacatalunya.cat\/es\/author\/carme_catala\/\"}]}<\/script>\n<!-- \/ Yoast SEO plugin. -->","yoast_head_json":{"title":"El Comit\u00e9 de Bio\u00e9tica de Espa\u00f1a rechaza la proposici\u00f3n de ley sobre la eutanasia que se tramita en el Congreso - Converses a Catalunya","robots":{"index":"index","follow":"follow","max-snippet":"max-snippet:-1","max-image-preview":"max-image-preview:large","max-video-preview":"max-video-preview:-1"},"canonical":"https:\/\/conversesacatalunya.cat\/es\/el-comite-de-bioetica-de-espana-rechaza-la-proposicion-de-ley-sobre-la-eutanasia-que-se-tramita-en-el-congreso\/","og_locale":"es_ES","og_type":"article","og_title":"El Comit\u00e9 de Bio\u00e9tica de Espa\u00f1a rechaza la proposici\u00f3n de ley sobre la eutanasia que se tramita en el Congreso - Converses a Catalunya","og_description":"A pesar del poco inter\u00e9s del gobierno espa\u00f1ol en que se haga un debate p\u00fablico, la proposici\u00f3n de ley de la eutanasia impulsada por el PSOE, con el apoyo de Unidas Podemos, aparcada en el Congreso de los diputados, est\u00e1 suscitando fuertes reacciones adversas. La \u00faltima, la del Comit\u00e9 de Bio\u00e9tica de Espa\u00f1a, y ya, con anterioridad, la declaraci\u00f3n formulada por 150 catedr\u00e1ticos y profesores de Derecho de toda Espa\u00f1a razonando tambi\u00e9n las causas concretas de su oposici\u00f3n. De hecho, el \u00e1mbito de la cr\u00edtica p\u00fablica se abri\u00f3 hace unas semanas con la declaraci\u00f3n de m\u00e1s de 100 personalidades de la vida universitaria, cultural, social y pol\u00edtica que expon\u00edan las razones de su oposici\u00f3n a esta ley. Detr\u00e1s de esta iniciativa estaba la plataforma Los 7.000 coordinada por un grupo formado por la Asociaci\u00f3n Cat\u00f3lica de Propagandistas, Cristianos en Democracia, e-Cristians, Federaci\u00f3n Espa\u00f1ola de Asociaciones Pro Vida, Foro Espa\u00f1ol de la Familia, y One of Us. Ahora, el Comit\u00e9 de Bio\u00e9tica no s\u00f3lo es rotundo con su rechazo, sino que adem\u00e1s en un texto de 74 p\u00e1ginas lo rechaza por unanimidad, lo que no hab\u00eda pasado ni con la ley del aborto, ni la reproducci\u00f3n asistida. La proposici\u00f3n de ley, ahora ya proyecto porque pas\u00f3 el primer filtro del Congreso, la toma en consideraci\u00f3n y el rechazo de las enmiendas a la totalidad, se encuentra apartada, en el sentido de que la Mesa del Congreso semana a semana prorroga el plazo para presentar enmiendas, no para dar lugar a que se produzcan, sino porque de esta manera no comienza la tramitaci\u00f3n en Comisi\u00f3n. El porqu\u00e9 de este aparcamiento tiene mucho que ver con el ambiente general del pa\u00eds muy marcado por los muertos de la Covid-19, que no hacen propicio el hecho de tratar sobre c\u00f3mo matar a las personas, aunque sea por razones humanitarias y de acuerdo con su voluntad. El rechazo del Comit\u00e9 de Bio\u00e9tica se puede concretar en los siguientes puntos: El planteamiento de la ley no es v\u00e1lido desde un punto de vista \u00e9tico. No es aceptable que se incorpore la muerte como un derecho que forma parte del cat\u00e1logo de prestaciones de la sanidad p\u00fablica. Existen razones s\u00f3lidas para rechazar la transformaci\u00f3n de la eutanasia en un derecho subjetivo y en una prestaci\u00f3n p\u00fablica. El principio de la compasi\u00f3n no es suficiente para justificar la legalizaci\u00f3n de la eutanasia o el suicidio asistido porque supone un camino de desvalorizar la protecci\u00f3n de la vida humana, cuyas fronteras son muy dif\u00edciles de prever como la experiencia de nuestro entorno demuestra. Se refiere a los casos que se han dado en Holanda y B\u00e9lgica y las pol\u00e9micas que se han desatado. La eutanasia deval\u00faa el valor \u00e9tico y legal de la vida humana. La compasi\u00f3n debe conjugarse con responsabilidad y prudencia, y debe estar unida al deber del no abandono y de la solidaridad. Basar nuestro sistema \u00e9tico y legal en la eutanasia es peligroso y jur\u00eddicamente inseguro. Su legalizaci\u00f3n puede afectar al futuro de las personas m\u00e1s vulnerables. Los casos que podr\u00edan ser beneficiarios de una eutanasia son situaciones tan especiales que los hacen dif\u00edcilmente generalizables. En otras palabras, los 12 expertos en bio\u00e9tica nos dicen algo tan evidente como es que no se puede legislar para el conjunto de la poblaci\u00f3n a partir de contemplar casos extremos. La Sociedad Espa\u00f1ola de Cuidados Paliativos en 2002 ya advirti\u00f3 del riesgo de generalizar esta pr\u00e1ctica, al tiempo que mostraba su oposici\u00f3n a la legalizaci\u00f3n, para evitar repercusiones negativas. Esta posici\u00f3n, como otras de gran calidad m\u00e9dica, no se tienen en cuenta a la hora de efectuar la actual legislaci\u00f3n. Es criticable totalmente que el gobierno est\u00e9 de acuerdo con tramitar una ley como esta sin tener universalizado previamente los tratamientos y apoyos sociales que necesitan los enfermos cr\u00f3nicos en situaci\u00f3n terminal. Se propone poner fin a la vida de una persona como \u00fanica soluci\u00f3n ante el sufrimiento. Esta es una cr\u00edtica com\u00fan reiterada en todos los documentos p\u00fablicos hechos hasta ahora. No se puede presentar como una opci\u00f3n, y menos como un derecho, la elecci\u00f3n entre que te mate un m\u00e9dico o sufrir. El informe pide que los cuidados paliativos y el apoyo sociosanitario sean accesibles y universales y que este es el camino a emprender y no proclamar el derecho a acabar con la propia vida por medio de una prestaci\u00f3n p\u00fablica. No es admisible considerar la eutanasia como un s\u00edmbolo de progreso de pa\u00eds avanzado. No lo es ni la eutanasia, ni el suicidio, sino que son un retroceso de la civilizaci\u00f3n. En un contexto en el que el valor de la vida con frecuencia est\u00e1 condicionado por criterios de utilidad social, inter\u00e9s econ\u00f3mico, responsabilidades familiares y gasto p\u00fablico, la legalizaci\u00f3n de la muerte agregar\u00eda un nuevo conjunto de problemas. Finalmente, sit\u00faa los cuidados y tratamientos paliativos como\u00a0alternativa a la legalizaci\u00f3n de la eutanasia\u00a0 tambi\u00e9n en casos de sufrimiento psicol\u00f3gico que no responden a ning\u00fan tratamiento, es decir, lo que se conoce como \u00absufrimiento existencial refractario\u00bb. Y es que todo hace pensar que es incomprensible para una sociedad que se quiere solidaria, I \u00e9s que tot plegat fa pensar que \u00e9s incomprensible per a una societat que es vol solid\u00e0ria, compasiva y humanista, que el estado pueda asumir como prestaci\u00f3n dar muerte a las personas para que no sufran; es decir, introducir una pr\u00e1ctica com\u00fan a los animales en la veterinaria, en lugar de desplegar los cuidados y la sedaci\u00f3n paliativa que permite que hoy nadie muera sufriendo.","og_url":"https:\/\/conversesacatalunya.cat\/es\/el-comite-de-bioetica-de-espana-rechaza-la-proposicion-de-ley-sobre-la-eutanasia-que-se-tramita-en-el-congreso\/","og_site_name":"Converses a Catalunya","article_published_time":"2020-10-09T10:31:52+00:00","article_modified_time":"2020-10-09T11:10:57+00:00","og_image":[{"width":958,"height":596,"url":"https:\/\/conversesacatalunya.cat\/wp-content\/uploads\/2020\/10\/eutanasia.jpg","type":"image\/jpeg"}],"author":"conversesacatalunya","twitter_card":"summary_large_image","twitter_misc":{"Escrito por":"conversesacatalunya","Tiempo de lectura":"5 minutos"},"schema":{"@context":"https:\/\/schema.org","@graph":[{"@type":"Article","@id":"https:\/\/conversesacatalunya.cat\/es\/el-comite-de-bioetica-de-espana-rechaza-la-proposicion-de-ley-sobre-la-eutanasia-que-se-tramita-en-el-congreso\/#article","isPartOf":{"@id":"https:\/\/conversesacatalunya.cat\/es\/el-comite-de-bioetica-de-espana-rechaza-la-proposicion-de-ley-sobre-la-eutanasia-que-se-tramita-en-el-congreso\/"},"author":{"name":"conversesacatalunya","@id":"https:\/\/conversesacatalunya.cat\/#\/schema\/person\/7e24d1e54a2785373ddcb275eae5ed99"},"headline":"El Comit\u00e9 de Bio\u00e9tica de Espa\u00f1a rechaza la proposici\u00f3n de ley sobre la eutanasia que se tramita en el Congreso","datePublished":"2020-10-09T10:31:52+00:00","dateModified":"2020-10-09T11:10:57+00:00","mainEntityOfPage":{"@id":"https:\/\/conversesacatalunya.cat\/es\/el-comite-de-bioetica-de-espana-rechaza-la-proposicion-de-ley-sobre-la-eutanasia-que-se-tramita-en-el-congreso\/"},"wordCount":1028,"commentCount":0,"image":{"@id":"https:\/\/conversesacatalunya.cat\/es\/el-comite-de-bioetica-de-espana-rechaza-la-proposicion-de-ley-sobre-la-eutanasia-que-se-tramita-en-el-congreso\/#primaryimage"},"thumbnailUrl":"https:\/\/conversesacatalunya.cat\/wp-content\/uploads\/2020\/10\/eutanasia.jpg","keywords":["Eutan\u00e0sia"],"articleSection":["Punts clau del dia (ES)"],"inLanguage":"es","potentialAction":[{"@type":"CommentAction","name":"Comment","target":["https:\/\/conversesacatalunya.cat\/es\/el-comite-de-bioetica-de-espana-rechaza-la-proposicion-de-ley-sobre-la-eutanasia-que-se-tramita-en-el-congreso\/#respond"]}]},{"@type":"WebPage","@id":"https:\/\/conversesacatalunya.cat\/es\/el-comite-de-bioetica-de-espana-rechaza-la-proposicion-de-ley-sobre-la-eutanasia-que-se-tramita-en-el-congreso\/","url":"https:\/\/conversesacatalunya.cat\/es\/el-comite-de-bioetica-de-espana-rechaza-la-proposicion-de-ley-sobre-la-eutanasia-que-se-tramita-en-el-congreso\/","name":"El Comit\u00e9 de Bio\u00e9tica de Espa\u00f1a rechaza la proposici\u00f3n de ley sobre la eutanasia que se tramita en el Congreso - Converses a Catalunya","isPartOf":{"@id":"https:\/\/conversesacatalunya.cat\/#website"},"primaryImageOfPage":{"@id":"https:\/\/conversesacatalunya.cat\/es\/el-comite-de-bioetica-de-espana-rechaza-la-proposicion-de-ley-sobre-la-eutanasia-que-se-tramita-en-el-congreso\/#primaryimage"},"image":{"@id":"https:\/\/conversesacatalunya.cat\/es\/el-comite-de-bioetica-de-espana-rechaza-la-proposicion-de-ley-sobre-la-eutanasia-que-se-tramita-en-el-congreso\/#primaryimage"},"thumbnailUrl":"https:\/\/conversesacatalunya.cat\/wp-content\/uploads\/2020\/10\/eutanasia.jpg","datePublished":"2020-10-09T10:31:52+00:00","dateModified":"2020-10-09T11:10:57+00:00","author":{"@id":"https:\/\/conversesacatalunya.cat\/#\/schema\/person\/7e24d1e54a2785373ddcb275eae5ed99"},"breadcrumb":{"@id":"https:\/\/conversesacatalunya.cat\/es\/el-comite-de-bioetica-de-espana-rechaza-la-proposicion-de-ley-sobre-la-eutanasia-que-se-tramita-en-el-congreso\/#breadcrumb"},"inLanguage":"es","potentialAction":[{"@type":"ReadAction","target":["https:\/\/conversesacatalunya.cat\/es\/el-comite-de-bioetica-de-espana-rechaza-la-proposicion-de-ley-sobre-la-eutanasia-que-se-tramita-en-el-congreso\/"]}]},{"@type":"ImageObject","inLanguage":"es","@id":"https:\/\/conversesacatalunya.cat\/es\/el-comite-de-bioetica-de-espana-rechaza-la-proposicion-de-ley-sobre-la-eutanasia-que-se-tramita-en-el-congreso\/#primaryimage","url":"https:\/\/conversesacatalunya.cat\/wp-content\/uploads\/2020\/10\/eutanasia.jpg","contentUrl":"https:\/\/conversesacatalunya.cat\/wp-content\/uploads\/2020\/10\/eutanasia.jpg","width":958,"height":596},{"@type":"BreadcrumbList","@id":"https:\/\/conversesacatalunya.cat\/es\/el-comite-de-bioetica-de-espana-rechaza-la-proposicion-de-ley-sobre-la-eutanasia-que-se-tramita-en-el-congreso\/#breadcrumb","itemListElement":[{"@type":"ListItem","position":1,"name":"Inici","item":"https:\/\/conversesacatalunya.cat\/es\/"},{"@type":"ListItem","position":2,"name":"El Comit\u00e9 de Bio\u00e9tica de Espa\u00f1a rechaza la proposici\u00f3n de ley sobre la eutanasia que se tramita en el Congreso"}]},{"@type":"WebSite","@id":"https:\/\/conversesacatalunya.cat\/#website","url":"https:\/\/conversesacatalunya.cat\/","name":"Converses a Catalunya","description":"","potentialAction":[{"@type":"SearchAction","target":{"@type":"EntryPoint","urlTemplate":"https:\/\/conversesacatalunya.cat\/?s={search_term_string}"},"query-input":{"@type":"PropertyValueSpecification","valueRequired":true,"valueName":"search_term_string"}}],"inLanguage":"es"},{"@type":"Person","@id":"https:\/\/conversesacatalunya.cat\/#\/schema\/person\/7e24d1e54a2785373ddcb275eae5ed99","name":"conversesacatalunya","image":{"@type":"ImageObject","inLanguage":"es","@id":"https:\/\/conversesacatalunya.cat\/#\/schema\/person\/image\/","url":"https:\/\/conversesacatalunya.cat\/wp-content\/litespeed\/avatar\/febdfeeec89d950f01c748045a981dd2.jpg?ver=1777314535","contentUrl":"https:\/\/conversesacatalunya.cat\/wp-content\/litespeed\/avatar\/febdfeeec89d950f01c748045a981dd2.jpg?ver=1777314535","caption":"conversesacatalunya"},"url":"https:\/\/conversesacatalunya.cat\/es\/author\/carme_catala\/"}]}},"wps_subtitle":"","_links":{"self":[{"href":"https:\/\/conversesacatalunya.cat\/es\/wp-json\/wp\/v2\/posts\/41078","targetHints":{"allow":["GET"]}}],"collection":[{"href":"https:\/\/conversesacatalunya.cat\/es\/wp-json\/wp\/v2\/posts"}],"about":[{"href":"https:\/\/conversesacatalunya.cat\/es\/wp-json\/wp\/v2\/types\/post"}],"author":[{"embeddable":true,"href":"https:\/\/conversesacatalunya.cat\/es\/wp-json\/wp\/v2\/users\/2"}],"replies":[{"embeddable":true,"href":"https:\/\/conversesacatalunya.cat\/es\/wp-json\/wp\/v2\/comments?post=41078"}],"version-history":[{"count":2,"href":"https:\/\/conversesacatalunya.cat\/es\/wp-json\/wp\/v2\/posts\/41078\/revisions"}],"predecessor-version":[{"id":41082,"href":"https:\/\/conversesacatalunya.cat\/es\/wp-json\/wp\/v2\/posts\/41078\/revisions\/41082"}],"wp:featuredmedia":[{"embeddable":true,"href":"https:\/\/conversesacatalunya.cat\/es\/wp-json\/wp\/v2\/media\/41071"}],"wp:attachment":[{"href":"https:\/\/conversesacatalunya.cat\/es\/wp-json\/wp\/v2\/media?parent=41078"}],"wp:term":[{"taxonomy":"category","embeddable":true,"href":"https:\/\/conversesacatalunya.cat\/es\/wp-json\/wp\/v2\/categories?post=41078"},{"taxonomy":"post_tag","embeddable":true,"href":"https:\/\/conversesacatalunya.cat\/es\/wp-json\/wp\/v2\/tags?post=41078"}],"curies":[{"name":"wp","href":"https:\/\/api.w.org\/{rel}","templated":true}]}}