{"id":41060,"date":"2020-10-09T11:32:11","date_gmt":"2020-10-09T09:32:11","guid":{"rendered":"https:\/\/conversesacatalunya.cat\/eleccions-a-catalunya-nomes-se-sentira-la-veu-de-independentisme\/"},"modified":"2020-10-09T11:57:36","modified_gmt":"2020-10-09T09:57:36","slug":"elecciones-en-cataluna-solo-se-oira-la-voz-del-independentismo","status":"publish","type":"post","link":"https:\/\/conversesacatalunya.cat\/es\/elecciones-en-cataluna-solo-se-oira-la-voz-del-independentismo\/","title":{"rendered":"Elecciones en Catalu\u00f1a. \u00bfS\u00f3lo se oir\u00e1 la voz del independentismo?"},"content":{"rendered":"<p>JxCat y el PDeCAT han certificado, de momento, la ruptura, y competir\u00e1n entre ellos para las elecciones del 14 de febrero. De momento<strong> la marca de JxCat contin\u00faa en manos de Puigdemont<\/strong>, y eso le otorga a estas alturas una ventaja clara, ya que el juzgado n\u00famero 3 de Barcelona desestim\u00f3 las medidas cautelares que hab\u00eda pedido el PDeCAT por la causa judicial contra el nuevo partido de Puigdemont, por el uso indebido de las siglas JxCat, que la gente de Bonveh\u00ed considera que son suyas. Naturalmente, desestimar las medidas cautelares no es el juicio y esto debe resolverse, y a\u00fan puede cambiar radicalmente el escenario, pero a estas alturas lo \u00fanico cierto que se puede decir es que la marca est\u00e1 en manos de Puigdemont.<\/p>\n<p>De esta manera se <strong>multiplica el n\u00famero de partidos independentistas<\/strong> que compiten y que ya configuran una galaxia propia. ERC, JxCat, PDeCAT, PNC, CUP e incluso la casi invisible formaci\u00f3n de Dem\u00f3cratas de Catalu\u00f1a. Configuran el escenario pol\u00edtico, que una magn\u00edfica an\u00e1lisis de F\u00e8lix Riera publicado en La Vanguardia \u00abIndependentismo paralizador\u00bb, se\u00f1ala como esta multiplicidad de opciones no es una manifestaci\u00f3n de la debilidad del independentismo, sino que por el contrario, es una expresi\u00f3n de su potencial, que tiene dos efectos favorables a sus intereses. Uno, porque a la hora de la verdad pasadas las elecciones <strong>acabar\u00e1n pactando entre ellos<\/strong>. Dos, porque este hecho y el potencial medi\u00e1tico del independentismo, que dispone adem\u00e1s de los medios de comunicaci\u00f3n p\u00fablicos de Catalu\u00f1a, puede significar que todo el centro de debate electoral gire en torno a sus matices y diferencias y <strong>deje en un segundo plano todas las otras formaciones pol\u00edticas<\/strong>. Este es un riesgo sobre el que Riera sit\u00faa el foco, que es muy importante: <strong>quien marca la agenda electoral gana<\/strong>, y que ha sido muy poco tratado.<\/p>\n<p>De hecho, los partidos de la oposici\u00f3n siguen yendo mentalmente a remolque y acent\u00faan las caracter\u00edsticas del escenario a base de celebrar aquellas divisiones. Naturalmente, el sistema electoral de Catalu\u00f1a, que no es otro que el espa\u00f1ol, porque hemos sido incapaces de ponernos de acuerdo para hacer una ley electoral propia tras 40 a\u00f1os de autogobierno, explica la fragmentaci\u00f3n. Pero dadas las caracter\u00edsticas de las circunscripciones catalanas, las tres m\u00e1s peque\u00f1as (Girona, Lleida y Tarragona) funcionan en la pr\u00e1ctica no como un sistema proporcional, sino m\u00e1s bien como un de mayor\u00edas y minor\u00edas y, por tanto, con mayor o menor divisi\u00f3n. <strong>S\u00f3lo las dos primeras grandes fuerzas independentistas tienen posibilidades reales<\/strong> de obtener un espesor de diputados. El resto obtienen peque\u00f1os residuos. En contrapartida, Barcelona funciona como un sistema muy proporcional, y por tanto las fuerzas m\u00e1s peque\u00f1as pueden verse m\u00e1s representadas. Por otra parte, la amplitud del abanico hace que sea posible captar algunos votos m\u00e1s procedentes de la izquierda, del centro o de la derecha.<\/p>\n<p>Este hecho, ligado al riesgo de la <a href=\"https:\/\/conversesacatalunya.cat\/es\/atencion-a-erc-y-a-la-abstencion\/\" target=\"_blank\" rel=\"noopener noreferrer\"><strong>elevada abstenci\u00f3n<\/strong><\/a>, puede dar un triunfo hist\u00f3rico al independentismo. La \u00fanica manera de evitarlo, y volvemos al art\u00edculo de Riera, es que los partidos no independentistas sean capaces de <strong>construir una agenda propia y atractiva<\/strong> que se sit\u00fae en el centro del debate. Y esto s\u00f3lo es posible presentando un proyectos con capacidad de ilusionar y de gobernar Catalu\u00f1a. De lo contrario, estos partidos pueden \u00abquedar como meros espectadores de las actuaciones del independentismo\u00bb.<\/p>\n<p>Las elecciones ponen a prueba, por tanto, la capacidad de los partidos pol\u00edticos no independentistas de presentar un proyecto de pa\u00eds consistente, cre\u00edble y fuerte. Parece dif\u00edcil que lo que no han hecho hasta ahora Comunes, Cs y PP lo hagan dentro de las elecciones. El interrogante es si el PSC puede constituirse en el freno de esta din\u00e1mica independentista que llena todo el espacio. \u00bfSer\u00e1 capaz de presentar una propuesta que re\u00fana las condiciones indicadas? De momento se puede ser esc\u00e9ptico sin pecar de injusto. <strong>El PSC viaja sobre todo en un movimiento de inercia que no revela la capacidad de presentar nada deslumbrante<\/strong> y alternativo al independentismo. Como mucho puede reiterar su estrategia de incluir algunas personas de los peque\u00f1os partidos no socialistas en sus listas. Pero, el efecto multiplicador que puedan tener estas aportaciones es dudoso, porque el que determina todo el posicionamiento hoy es el gobierno de Madrid y, por tanto, la alianza S\u00e1nchez-Iglesias, que adem\u00e1s tiene una versi\u00f3n local en el gobierno municipal de Barcelona de Colau y Collboni, que no resulta demasiado atractiva para los que no pertenecen a este espacio.<\/p>\n<p>Este escenario pol\u00edtico es claramente disuasorio para que potenciales electores de los partidos de catalanismo de centro y centro derecha apoyen al PSC por el hecho de que en la lista vaya alguna persona de aquellas procedencias, porque se sabe que su influencia pol\u00edtica en el colectivo socialista ser\u00e1 irrelevante, y como mucho significar\u00e1 ser la excepci\u00f3n en alg\u00fan tema determinado y poco m\u00e1s. Ser\u00e1n m\u00e1s la guinda del pastel que ninguna otra cosa.<\/p>\n<p>En este escenario, la previsi\u00f3n es bastante clara: o los que discrepan del independentismo se ponen r\u00e1pidamente las pilas y consiguen un planteamiento positivamente disruptivo, o el \u00e9xito del voto de la independencia, incluido el PNC, ser\u00e1 claro y destacado.<\/p>\n<div id=\"polls-74\" class=\"wp-polls\">\n\t<form id=\"polls_form_74\" class=\"wp-polls-form\" action=\"\/index.php\" method=\"post\">\n\t\t<p style=\"display: none;\"><input type=\"hidden\" id=\"poll_74_nonce\" name=\"wp-polls-nonce\" value=\"1c3b4bc018\" \/><\/p>\n\t\t<p style=\"display: none;\"><input type=\"hidden\" name=\"poll_id\" value=\"74\" \/><\/p>\n\t\t<p style=\"text-align: center\"><strong>El divendres, 9 d'octubre, el rei Felip VI estar\u00e0 a Barcelona. Est\u00e0s d'acord que el rei vingui a Catalunya?<\/strong><\/p><div id=\"polls-74-ans\" class=\"wp-polls-ans\"><ul class=\"wp-polls-ul\">\n\t\t<li><input type=\"radio\" id=\"poll-answer-162\" name=\"poll_74\" value=\"162\" \/> <label for=\"poll-answer-162\">Si<\/label><\/li>\n\t\t<li><input type=\"radio\" id=\"poll-answer-163\" name=\"poll_74\" value=\"163\" \/> <label for=\"poll-answer-163\">No<\/label><\/li>\n\t\t<\/ul><p style=\"text-align: center\"><input type=\"button\" name=\"vote\" value=\"   Vota   \" class=\"Buttons\" onclick=\"poll_vote(74);\" \/><\/p><p style=\"text-align: center\"><a href=\"#ViewPollResults\" onclick=\"poll_result(74); return false;\" title=\"View Results Of This Poll\">Mira els resultats<\/a><\/p><\/div>\n\t<\/form>\n<\/div>\n<div id=\"polls-74-loading\" class=\"wp-polls-loading\"><img decoding=\"async\" data-src=\"https:\/\/conversesacatalunya.cat\/wp-content\/plugins\/wp-polls\/images\/loading.gif\" width=\"16\" height=\"16\" alt=\"Cargando ...\" title=\"Cargando ...\" class=\"wp-polls-image lazyload\" src=\"data:image\/svg+xml;base64,PHN2ZyB3aWR0aD0iMSIgaGVpZ2h0PSIxIiB4bWxucz0iaHR0cDovL3d3dy53My5vcmcvMjAwMC9zdmciPjwvc3ZnPg==\" style=\"--smush-placeholder-width: 16px; --smush-placeholder-aspect-ratio: 16\/16;\" \/>&nbsp;Cargando ...<\/div>\n\n","protected":false},"excerpt":{"rendered":"<p>JxCat y el PDeCAT han certificado, de momento, la ruptura, y competir\u00e1n entre ellos para las elecciones del 14 de febrero. De momento la marca de JxCat contin\u00faa en manos de Puigdemont, y eso le otorga a estas alturas una ventaja clara, ya que el juzgado n\u00famero 3 de Barcelona desestim\u00f3 las medidas cautelares que hab\u00eda pedido el PDeCAT por la causa judicial contra el nuevo partido de Puigdemont, por el uso indebido de las siglas JxCat, que la gente de Bonveh\u00ed considera que son suyas. Naturalmente, desestimar las medidas cautelares no es el juicio y esto debe resolverse, y a\u00fan puede cambiar radicalmente el escenario, pero a estas alturas lo \u00fanico cierto que se puede decir es que la marca est\u00e1 en manos de Puigdemont. De esta manera se multiplica el n\u00famero de partidos independentistas que compiten y que ya configuran una galaxia propia. ERC, JxCat, PDeCAT, PNC, CUP e incluso la casi invisible formaci\u00f3n de Dem\u00f3cratas de Catalu\u00f1a. Configuran el escenario pol\u00edtico, que una magn\u00edfica an\u00e1lisis de F\u00e8lix Riera publicado en La Vanguardia \u00abIndependentismo paralizador\u00bb, se\u00f1ala como esta multiplicidad de opciones no es una manifestaci\u00f3n de la debilidad del independentismo, sino que por el contrario, es una expresi\u00f3n de su potencial, que tiene dos efectos favorables a sus intereses. Uno, porque a la hora de la verdad pasadas las elecciones acabar\u00e1n pactando entre ellos. Dos, porque este hecho y el potencial medi\u00e1tico del independentismo, que dispone adem\u00e1s de los medios de comunicaci\u00f3n p\u00fablicos de Catalu\u00f1a, puede significar que todo el centro de debate electoral gire en torno a sus matices y diferencias y deje en un segundo plano todas las otras formaciones pol\u00edticas. Este es un riesgo sobre el que Riera sit\u00faa el foco, que es muy importante: quien marca la agenda electoral gana, y que ha sido muy poco tratado. De hecho, los partidos de la oposici\u00f3n siguen yendo mentalmente a remolque y acent\u00faan las caracter\u00edsticas del escenario a base de celebrar aquellas divisiones. Naturalmente, el sistema electoral de Catalu\u00f1a, que no es otro que el espa\u00f1ol, porque hemos sido incapaces de ponernos de acuerdo para hacer una ley electoral propia tras 40 a\u00f1os de autogobierno, explica la fragmentaci\u00f3n. Pero dadas las caracter\u00edsticas de las circunscripciones catalanas, las tres m\u00e1s peque\u00f1as (Girona, Lleida y Tarragona) funcionan en la pr\u00e1ctica no como un sistema proporcional, sino m\u00e1s bien como un de mayor\u00edas y minor\u00edas y, por tanto, con mayor o menor divisi\u00f3n. S\u00f3lo las dos primeras grandes fuerzas independentistas tienen posibilidades reales de obtener un espesor de diputados. El resto obtienen peque\u00f1os residuos. En contrapartida, Barcelona funciona como un sistema muy proporcional, y por tanto las fuerzas m\u00e1s peque\u00f1as pueden verse m\u00e1s representadas. Por otra parte, la amplitud del abanico hace que sea posible captar algunos votos m\u00e1s procedentes de la izquierda, del centro o de la derecha. Este hecho, ligado al riesgo de la elevada abstenci\u00f3n, puede dar un triunfo hist\u00f3rico al independentismo. La \u00fanica manera de evitarlo, y volvemos al art\u00edculo de Riera, es que los partidos no independentistas sean capaces de construir una agenda propia y atractiva que se sit\u00fae en el centro del debate. Y esto s\u00f3lo es posible presentando un proyectos con capacidad de ilusionar y de gobernar Catalu\u00f1a. De lo contrario, estos partidos pueden \u00abquedar como meros espectadores de las actuaciones del independentismo\u00bb. Las elecciones ponen a prueba, por tanto, la capacidad de los partidos pol\u00edticos no independentistas de presentar un proyecto de pa\u00eds consistente, cre\u00edble y fuerte. Parece dif\u00edcil que lo que no han hecho hasta ahora Comunes, Cs y PP lo hagan dentro de las elecciones. El interrogante es si el PSC puede constituirse en el freno de esta din\u00e1mica independentista que llena todo el espacio. \u00bfSer\u00e1 capaz de presentar una propuesta que re\u00fana las condiciones indicadas? De momento se puede ser esc\u00e9ptico sin pecar de injusto. El PSC viaja sobre todo en un movimiento de inercia que no revela la capacidad de presentar nada deslumbrante y alternativo al independentismo. Como mucho puede reiterar su estrategia de incluir algunas personas de los peque\u00f1os partidos no socialistas en sus listas. Pero, el efecto multiplicador que puedan tener estas aportaciones es dudoso, porque el que determina todo el posicionamiento hoy es el gobierno de Madrid y, por tanto, la alianza S\u00e1nchez-Iglesias, que adem\u00e1s tiene una versi\u00f3n local en el gobierno municipal de Barcelona de Colau y Collboni, que no resulta demasiado atractiva para los que no pertenecen a este espacio. Este escenario pol\u00edtico es claramente disuasorio para que potenciales electores de los partidos de catalanismo de centro y centro derecha apoyen al PSC por el hecho de que en la lista vaya alguna persona de aquellas procedencias, porque se sabe que su influencia pol\u00edtica en el colectivo socialista ser\u00e1 irrelevante, y como mucho significar\u00e1 ser la excepci\u00f3n en alg\u00fan tema determinado y poco m\u00e1s. Ser\u00e1n m\u00e1s la guinda del pastel que ninguna otra cosa. En este escenario, la previsi\u00f3n es bastante clara: o los que discrepan del independentismo se ponen r\u00e1pidamente las pilas y consiguen un planteamiento positivamente disruptivo, o el \u00e9xito del voto de la independencia, incluido el PNC, ser\u00e1 claro y destacado.<\/p>\n","protected":false},"author":2,"featured_media":41057,"comment_status":"open","ping_status":"open","sticky":false,"template":"","format":"standard","meta":{"_FSMCFIC_featured_image_caption":"","_FSMCFIC_featured_image_nocaption":"","_FSMCFIC_featured_image_hide":"","footnotes":""},"categories":[806],"tags":[1525,986],"class_list":["post-41060","post","type-post","status-publish","format-standard","has-post-thumbnail","hentry","category-punts-claus-del-dia-es","tag-elecciones-anticipadas","tag-independentismo-es"],"yoast_head":"<!-- This site is optimized with the Yoast SEO plugin v26.8 - https:\/\/yoast.com\/product\/yoast-seo-wordpress\/ -->\n<title>Elecciones en Catalu\u00f1a. \u00bfS\u00f3lo se oir\u00e1 la voz del independentismo? - Converses a Catalunya<\/title>\n<meta name=\"description\" content=\"O los que discrepan del independentismo se ponen r\u00e1pidamente las pilas y consiguen un planteamiento positivamente disruptivo\" \/>\n<meta name=\"robots\" content=\"index, follow, max-snippet:-1, max-image-preview:large, max-video-preview:-1\" \/>\n<link rel=\"canonical\" href=\"https:\/\/conversesacatalunya.cat\/es\/elecciones-en-cataluna-solo-se-oira-la-voz-del-independentismo\/\" \/>\n<meta property=\"og:locale\" content=\"es_ES\" \/>\n<meta property=\"og:type\" content=\"article\" \/>\n<meta property=\"og:title\" content=\"Elecciones en Catalu\u00f1a. \u00bfS\u00f3lo se oir\u00e1 la voz del independentismo? - Converses a Catalunya\" \/>\n<meta property=\"og:description\" content=\"O los que discrepan del independentismo se ponen r\u00e1pidamente las pilas y consiguen un planteamiento positivamente disruptivo\" \/>\n<meta property=\"og:url\" content=\"https:\/\/conversesacatalunya.cat\/es\/elecciones-en-cataluna-solo-se-oira-la-voz-del-independentismo\/\" \/>\n<meta property=\"og:site_name\" content=\"Converses a Catalunya\" \/>\n<meta property=\"article:published_time\" content=\"2020-10-09T09:32:11+00:00\" \/>\n<meta property=\"article:modified_time\" content=\"2020-10-09T09:57:36+00:00\" \/>\n<meta property=\"og:image\" content=\"https:\/\/conversesacatalunya.cat\/wp-content\/uploads\/2020\/10\/independentisme.png\" \/>\n\t<meta property=\"og:image:width\" content=\"1240\" \/>\n\t<meta property=\"og:image:height\" content=\"700\" \/>\n\t<meta property=\"og:image:type\" content=\"image\/png\" \/>\n<meta name=\"author\" content=\"conversesacatalunya\" \/>\n<meta name=\"twitter:card\" content=\"summary_large_image\" \/>\n<meta name=\"twitter:label1\" content=\"Escrito por\" \/>\n\t<meta name=\"twitter:data1\" content=\"conversesacatalunya\" \/>\n\t<meta name=\"twitter:label2\" content=\"Tiempo de lectura\" \/>\n\t<meta name=\"twitter:data2\" content=\"5 minutos\" \/>\n<script type=\"application\/ld+json\" class=\"yoast-schema-graph\">{\"@context\":\"https:\/\/schema.org\",\"@graph\":[{\"@type\":\"Article\",\"@id\":\"https:\/\/conversesacatalunya.cat\/es\/elecciones-en-cataluna-solo-se-oira-la-voz-del-independentismo\/#article\",\"isPartOf\":{\"@id\":\"https:\/\/conversesacatalunya.cat\/es\/elecciones-en-cataluna-solo-se-oira-la-voz-del-independentismo\/\"},\"author\":{\"name\":\"conversesacatalunya\",\"@id\":\"https:\/\/conversesacatalunya.cat\/#\/schema\/person\/7e24d1e54a2785373ddcb275eae5ed99\"},\"headline\":\"Elecciones en Catalu\u00f1a. \u00bfS\u00f3lo se oir\u00e1 la voz del independentismo?\",\"datePublished\":\"2020-10-09T09:32:11+00:00\",\"dateModified\":\"2020-10-09T09:57:36+00:00\",\"mainEntityOfPage\":{\"@id\":\"https:\/\/conversesacatalunya.cat\/es\/elecciones-en-cataluna-solo-se-oira-la-voz-del-independentismo\/\"},\"wordCount\":934,\"commentCount\":0,\"image\":{\"@id\":\"https:\/\/conversesacatalunya.cat\/es\/elecciones-en-cataluna-solo-se-oira-la-voz-del-independentismo\/#primaryimage\"},\"thumbnailUrl\":\"https:\/\/conversesacatalunya.cat\/wp-content\/uploads\/2020\/10\/independentisme.png\",\"keywords\":[\"elecciones anticipadas\",\"Independentismo\"],\"articleSection\":[\"Punts clau del dia (ES)\"],\"inLanguage\":\"es\",\"potentialAction\":[{\"@type\":\"CommentAction\",\"name\":\"Comment\",\"target\":[\"https:\/\/conversesacatalunya.cat\/es\/elecciones-en-cataluna-solo-se-oira-la-voz-del-independentismo\/#respond\"]}]},{\"@type\":\"WebPage\",\"@id\":\"https:\/\/conversesacatalunya.cat\/es\/elecciones-en-cataluna-solo-se-oira-la-voz-del-independentismo\/\",\"url\":\"https:\/\/conversesacatalunya.cat\/es\/elecciones-en-cataluna-solo-se-oira-la-voz-del-independentismo\/\",\"name\":\"Elecciones en Catalu\u00f1a. \u00bfS\u00f3lo se oir\u00e1 la voz del independentismo? - Converses a Catalunya\",\"isPartOf\":{\"@id\":\"https:\/\/conversesacatalunya.cat\/#website\"},\"primaryImageOfPage\":{\"@id\":\"https:\/\/conversesacatalunya.cat\/es\/elecciones-en-cataluna-solo-se-oira-la-voz-del-independentismo\/#primaryimage\"},\"image\":{\"@id\":\"https:\/\/conversesacatalunya.cat\/es\/elecciones-en-cataluna-solo-se-oira-la-voz-del-independentismo\/#primaryimage\"},\"thumbnailUrl\":\"https:\/\/conversesacatalunya.cat\/wp-content\/uploads\/2020\/10\/independentisme.png\",\"datePublished\":\"2020-10-09T09:32:11+00:00\",\"dateModified\":\"2020-10-09T09:57:36+00:00\",\"author\":{\"@id\":\"https:\/\/conversesacatalunya.cat\/#\/schema\/person\/7e24d1e54a2785373ddcb275eae5ed99\"},\"description\":\"O los que discrepan del independentismo se ponen r\u00e1pidamente las pilas y consiguen un planteamiento positivamente disruptivo\",\"breadcrumb\":{\"@id\":\"https:\/\/conversesacatalunya.cat\/es\/elecciones-en-cataluna-solo-se-oira-la-voz-del-independentismo\/#breadcrumb\"},\"inLanguage\":\"es\",\"potentialAction\":[{\"@type\":\"ReadAction\",\"target\":[\"https:\/\/conversesacatalunya.cat\/es\/elecciones-en-cataluna-solo-se-oira-la-voz-del-independentismo\/\"]}]},{\"@type\":\"ImageObject\",\"inLanguage\":\"es\",\"@id\":\"https:\/\/conversesacatalunya.cat\/es\/elecciones-en-cataluna-solo-se-oira-la-voz-del-independentismo\/#primaryimage\",\"url\":\"https:\/\/conversesacatalunya.cat\/wp-content\/uploads\/2020\/10\/independentisme.png\",\"contentUrl\":\"https:\/\/conversesacatalunya.cat\/wp-content\/uploads\/2020\/10\/independentisme.png\",\"width\":1240,\"height\":700,\"caption\":\"Independentisme\"},{\"@type\":\"BreadcrumbList\",\"@id\":\"https:\/\/conversesacatalunya.cat\/es\/elecciones-en-cataluna-solo-se-oira-la-voz-del-independentismo\/#breadcrumb\",\"itemListElement\":[{\"@type\":\"ListItem\",\"position\":1,\"name\":\"Inici\",\"item\":\"https:\/\/conversesacatalunya.cat\/es\/\"},{\"@type\":\"ListItem\",\"position\":2,\"name\":\"Elecciones en Catalu\u00f1a. \u00bfS\u00f3lo se oir\u00e1 la voz del independentismo?\"}]},{\"@type\":\"WebSite\",\"@id\":\"https:\/\/conversesacatalunya.cat\/#website\",\"url\":\"https:\/\/conversesacatalunya.cat\/\",\"name\":\"Converses a Catalunya\",\"description\":\"\",\"potentialAction\":[{\"@type\":\"SearchAction\",\"target\":{\"@type\":\"EntryPoint\",\"urlTemplate\":\"https:\/\/conversesacatalunya.cat\/?s={search_term_string}\"},\"query-input\":{\"@type\":\"PropertyValueSpecification\",\"valueRequired\":true,\"valueName\":\"search_term_string\"}}],\"inLanguage\":\"es\"},{\"@type\":\"Person\",\"@id\":\"https:\/\/conversesacatalunya.cat\/#\/schema\/person\/7e24d1e54a2785373ddcb275eae5ed99\",\"name\":\"conversesacatalunya\",\"image\":{\"@type\":\"ImageObject\",\"inLanguage\":\"es\",\"@id\":\"https:\/\/conversesacatalunya.cat\/#\/schema\/person\/image\/\",\"url\":\"https:\/\/conversesacatalunya.cat\/wp-content\/litespeed\/avatar\/febdfeeec89d950f01c748045a981dd2.jpg?ver=1777314535\",\"contentUrl\":\"https:\/\/conversesacatalunya.cat\/wp-content\/litespeed\/avatar\/febdfeeec89d950f01c748045a981dd2.jpg?ver=1777314535\",\"caption\":\"conversesacatalunya\"},\"url\":\"https:\/\/conversesacatalunya.cat\/es\/author\/carme_catala\/\"}]}<\/script>\n<!-- \/ Yoast SEO plugin. -->","yoast_head_json":{"title":"Elecciones en Catalu\u00f1a. \u00bfS\u00f3lo se oir\u00e1 la voz del independentismo? - Converses a Catalunya","description":"O los que discrepan del independentismo se ponen r\u00e1pidamente las pilas y consiguen un planteamiento positivamente disruptivo","robots":{"index":"index","follow":"follow","max-snippet":"max-snippet:-1","max-image-preview":"max-image-preview:large","max-video-preview":"max-video-preview:-1"},"canonical":"https:\/\/conversesacatalunya.cat\/es\/elecciones-en-cataluna-solo-se-oira-la-voz-del-independentismo\/","og_locale":"es_ES","og_type":"article","og_title":"Elecciones en Catalu\u00f1a. \u00bfS\u00f3lo se oir\u00e1 la voz del independentismo? - Converses a Catalunya","og_description":"O los que discrepan del independentismo se ponen r\u00e1pidamente las pilas y consiguen un planteamiento positivamente disruptivo","og_url":"https:\/\/conversesacatalunya.cat\/es\/elecciones-en-cataluna-solo-se-oira-la-voz-del-independentismo\/","og_site_name":"Converses a Catalunya","article_published_time":"2020-10-09T09:32:11+00:00","article_modified_time":"2020-10-09T09:57:36+00:00","og_image":[{"width":1240,"height":700,"url":"https:\/\/conversesacatalunya.cat\/wp-content\/uploads\/2020\/10\/independentisme.png","type":"image\/png"}],"author":"conversesacatalunya","twitter_card":"summary_large_image","twitter_misc":{"Escrito por":"conversesacatalunya","Tiempo de lectura":"5 minutos"},"schema":{"@context":"https:\/\/schema.org","@graph":[{"@type":"Article","@id":"https:\/\/conversesacatalunya.cat\/es\/elecciones-en-cataluna-solo-se-oira-la-voz-del-independentismo\/#article","isPartOf":{"@id":"https:\/\/conversesacatalunya.cat\/es\/elecciones-en-cataluna-solo-se-oira-la-voz-del-independentismo\/"},"author":{"name":"conversesacatalunya","@id":"https:\/\/conversesacatalunya.cat\/#\/schema\/person\/7e24d1e54a2785373ddcb275eae5ed99"},"headline":"Elecciones en Catalu\u00f1a. \u00bfS\u00f3lo se oir\u00e1 la voz del independentismo?","datePublished":"2020-10-09T09:32:11+00:00","dateModified":"2020-10-09T09:57:36+00:00","mainEntityOfPage":{"@id":"https:\/\/conversesacatalunya.cat\/es\/elecciones-en-cataluna-solo-se-oira-la-voz-del-independentismo\/"},"wordCount":934,"commentCount":0,"image":{"@id":"https:\/\/conversesacatalunya.cat\/es\/elecciones-en-cataluna-solo-se-oira-la-voz-del-independentismo\/#primaryimage"},"thumbnailUrl":"https:\/\/conversesacatalunya.cat\/wp-content\/uploads\/2020\/10\/independentisme.png","keywords":["elecciones anticipadas","Independentismo"],"articleSection":["Punts clau del dia (ES)"],"inLanguage":"es","potentialAction":[{"@type":"CommentAction","name":"Comment","target":["https:\/\/conversesacatalunya.cat\/es\/elecciones-en-cataluna-solo-se-oira-la-voz-del-independentismo\/#respond"]}]},{"@type":"WebPage","@id":"https:\/\/conversesacatalunya.cat\/es\/elecciones-en-cataluna-solo-se-oira-la-voz-del-independentismo\/","url":"https:\/\/conversesacatalunya.cat\/es\/elecciones-en-cataluna-solo-se-oira-la-voz-del-independentismo\/","name":"Elecciones en Catalu\u00f1a. \u00bfS\u00f3lo se oir\u00e1 la voz del independentismo? - Converses a Catalunya","isPartOf":{"@id":"https:\/\/conversesacatalunya.cat\/#website"},"primaryImageOfPage":{"@id":"https:\/\/conversesacatalunya.cat\/es\/elecciones-en-cataluna-solo-se-oira-la-voz-del-independentismo\/#primaryimage"},"image":{"@id":"https:\/\/conversesacatalunya.cat\/es\/elecciones-en-cataluna-solo-se-oira-la-voz-del-independentismo\/#primaryimage"},"thumbnailUrl":"https:\/\/conversesacatalunya.cat\/wp-content\/uploads\/2020\/10\/independentisme.png","datePublished":"2020-10-09T09:32:11+00:00","dateModified":"2020-10-09T09:57:36+00:00","author":{"@id":"https:\/\/conversesacatalunya.cat\/#\/schema\/person\/7e24d1e54a2785373ddcb275eae5ed99"},"description":"O los que discrepan del independentismo se ponen r\u00e1pidamente las pilas y consiguen un planteamiento positivamente disruptivo","breadcrumb":{"@id":"https:\/\/conversesacatalunya.cat\/es\/elecciones-en-cataluna-solo-se-oira-la-voz-del-independentismo\/#breadcrumb"},"inLanguage":"es","potentialAction":[{"@type":"ReadAction","target":["https:\/\/conversesacatalunya.cat\/es\/elecciones-en-cataluna-solo-se-oira-la-voz-del-independentismo\/"]}]},{"@type":"ImageObject","inLanguage":"es","@id":"https:\/\/conversesacatalunya.cat\/es\/elecciones-en-cataluna-solo-se-oira-la-voz-del-independentismo\/#primaryimage","url":"https:\/\/conversesacatalunya.cat\/wp-content\/uploads\/2020\/10\/independentisme.png","contentUrl":"https:\/\/conversesacatalunya.cat\/wp-content\/uploads\/2020\/10\/independentisme.png","width":1240,"height":700,"caption":"Independentisme"},{"@type":"BreadcrumbList","@id":"https:\/\/conversesacatalunya.cat\/es\/elecciones-en-cataluna-solo-se-oira-la-voz-del-independentismo\/#breadcrumb","itemListElement":[{"@type":"ListItem","position":1,"name":"Inici","item":"https:\/\/conversesacatalunya.cat\/es\/"},{"@type":"ListItem","position":2,"name":"Elecciones en Catalu\u00f1a. \u00bfS\u00f3lo se oir\u00e1 la voz del independentismo?"}]},{"@type":"WebSite","@id":"https:\/\/conversesacatalunya.cat\/#website","url":"https:\/\/conversesacatalunya.cat\/","name":"Converses a Catalunya","description":"","potentialAction":[{"@type":"SearchAction","target":{"@type":"EntryPoint","urlTemplate":"https:\/\/conversesacatalunya.cat\/?s={search_term_string}"},"query-input":{"@type":"PropertyValueSpecification","valueRequired":true,"valueName":"search_term_string"}}],"inLanguage":"es"},{"@type":"Person","@id":"https:\/\/conversesacatalunya.cat\/#\/schema\/person\/7e24d1e54a2785373ddcb275eae5ed99","name":"conversesacatalunya","image":{"@type":"ImageObject","inLanguage":"es","@id":"https:\/\/conversesacatalunya.cat\/#\/schema\/person\/image\/","url":"https:\/\/conversesacatalunya.cat\/wp-content\/litespeed\/avatar\/febdfeeec89d950f01c748045a981dd2.jpg?ver=1777314535","contentUrl":"https:\/\/conversesacatalunya.cat\/wp-content\/litespeed\/avatar\/febdfeeec89d950f01c748045a981dd2.jpg?ver=1777314535","caption":"conversesacatalunya"},"url":"https:\/\/conversesacatalunya.cat\/es\/author\/carme_catala\/"}]}},"wps_subtitle":"O los que discrepan del independentismo se ponen r\u00e1pidamente las pilas y consiguen un planteamiento positivamente disruptivo, o el \u00e9xito del voto de la independencia, incluido el PNC, ser\u00e1 claro y destacado","_links":{"self":[{"href":"https:\/\/conversesacatalunya.cat\/es\/wp-json\/wp\/v2\/posts\/41060","targetHints":{"allow":["GET"]}}],"collection":[{"href":"https:\/\/conversesacatalunya.cat\/es\/wp-json\/wp\/v2\/posts"}],"about":[{"href":"https:\/\/conversesacatalunya.cat\/es\/wp-json\/wp\/v2\/types\/post"}],"author":[{"embeddable":true,"href":"https:\/\/conversesacatalunya.cat\/es\/wp-json\/wp\/v2\/users\/2"}],"replies":[{"embeddable":true,"href":"https:\/\/conversesacatalunya.cat\/es\/wp-json\/wp\/v2\/comments?post=41060"}],"version-history":[{"count":2,"href":"https:\/\/conversesacatalunya.cat\/es\/wp-json\/wp\/v2\/posts\/41060\/revisions"}],"predecessor-version":[{"id":41062,"href":"https:\/\/conversesacatalunya.cat\/es\/wp-json\/wp\/v2\/posts\/41060\/revisions\/41062"}],"wp:featuredmedia":[{"embeddable":true,"href":"https:\/\/conversesacatalunya.cat\/es\/wp-json\/wp\/v2\/media\/41057"}],"wp:attachment":[{"href":"https:\/\/conversesacatalunya.cat\/es\/wp-json\/wp\/v2\/media?parent=41060"}],"wp:term":[{"taxonomy":"category","embeddable":true,"href":"https:\/\/conversesacatalunya.cat\/es\/wp-json\/wp\/v2\/categories?post=41060"},{"taxonomy":"post_tag","embeddable":true,"href":"https:\/\/conversesacatalunya.cat\/es\/wp-json\/wp\/v2\/tags?post=41060"}],"curies":[{"name":"wp","href":"https:\/\/api.w.org\/{rel}","templated":true}]}}